{"id":299263,"date":"2025-03-18T15:46:53","date_gmt":"2025-03-18T14:46:53","guid":{"rendered":"https:\/\/cinema.video\/?p=299263"},"modified":"2026-04-10T04:08:20","modified_gmt":"2026-04-10T02:08:20","slug":"10-progetti-finanziati-idm-film-commission-sudtirol","status":"publish","type":"post","link":"https:\/\/cinema.video\/it\/10-progetti-finanziati-idm-film-commission-sudtirol","title":{"rendered":"La prima call 2025 IDM finanzia 10 progetti"},"content":{"rendered":"\n<p class=\"wp-block-paragraph\">Sono dieci i progetti sostenuti dalla prima call del bando di <strong>IDM Film Commission S\u00fcdtirol<\/strong>, che porteranno con s\u00e9 53 giornate di riprese sul territorio e il coinvolgimento di <strong> <\/strong>professionisti e aziende di servizi altoatesini sia durante la fase di lavorazione sui set che in post-produzione<strong>.\u00a0<br><\/strong><\/p>\n\n\n\n<p class=\"wp-block-paragraph\">Particolarmente attuale \u00e8 il documentario <strong><em>Tesla Files<\/em>\u00a0<\/strong>(titolo provvisorio) diretto dall\u2019altoatesino\u00a0<strong>Andreas Pichler<\/strong>, che firma il trattamento insieme ad Anne v. Petersdorff, sul funzionamento interno di Tesla e della sua pericolosa scommessa con la nostra sicurezza e i nostri valori pubblici. Il film rivela come le strategie di Elon Musk \u2013 plasmare le narrazioni e mobilitare i seguaci \u2013 si estendano ben oltre Tesla, intrecciandosi con le sue crescenti ambizioni politiche. Un film che solleva inevitabilmente domande sul potere, la responsabilit\u00e0 e i confini del progresso. A produrlo la societ\u00e0 Beetz Brothers film production di Berlino.<\/p>\n\n\n\n<p class=\"wp-block-paragraph\"><strong><em>Bianco\u00a0<\/em><\/strong>(titolo provvisorio) \u00e8\u00a0il nuovo film di\u00a0<strong>Daniele Vicari<\/strong>\u00a0sulla figura di uno dei pi\u00f9 grandi alpinisti di sempre, Walter Bonatti, e racconta una sfida unica: la scalata epica e tragica del \u201861 del Pilastro Centrale del Fr\u00eaney, sul Monte Bianco, dove Bonatti fu protagonista insieme ad alcuni dei migliori alpinisti di quella generazione. Il film \u00e8 una co-produzione internazionale <strong>Be Water Film, Tarantula<\/strong> insieme a<strong> Rai Cinema<\/strong>.\u00a0<\/p>\n\n\n\n<p class=\"wp-block-paragraph\">Altre co-produzioni internazionali con l&#8217;Italia sono <strong><em>Switzerland\u00a0<\/em><\/strong>(titolo provvisorio), il thriller di\u00a0<strong>Anton Corbijn<\/strong>\u00a0con Helen Mirren nei panni della scrittrice di gialli Patricia Highsmith, che vede coinvolta <strong>Lucky Red <\/strong>insieme alla produttrice inglese <strong>Gabrielle<\/strong> ( le riprese sono state realizzare a febbraio scorso e hanno interessato alcune location tra Bolzano e le localit\u00e0 circostanti);\u00a0<strong><em>Woodwalkers 3<\/em>\u00a0<\/strong>(titolo provvisorio): il nuovo capitolo del\u00a0<em>family fantasy<\/em>\u00a0scritto da Gerrit Hermans e diretto da\u00a0<strong>Jan Fehse<\/strong>, con protagonista<strong>\u00a0<\/strong>Carag, il mutaforma met\u00e0 umano e met\u00e0 leone di montagna, cresciuto nelle terre selvagge delle Montagne Rocciose (la Val Senales) con la sua famiglia adottiva umana, alla quale ha sempre nascosto la sua vera identit\u00e0. Prodotto dalle tedesche <strong>blue eyes Fiction <\/strong>e <strong>Studiocanal Film Production<\/strong>, insieme all\u2018austriaca <strong>Dor Film<\/strong>, l\u2019altoatesina <strong>Filmvergnuegen <\/strong>e l\u2019italiana <strong>Adler Entertainment,<\/strong> questo 3\u00b0 capitolo vede al centro del racconto la sfida tra Craig e Andrew Milling, fino all\u2019epica battaglia finale tra i due mutaforma.\u00a0 <strong>tempesta, Amka Film Productions e Rai Cinema<\/strong> producono assieme  il nuovo film di\u00a0<strong>Leonardo Di Costanzo<\/strong>,  <strong><em>Elisa &#8211; Io la volevo uccidere<\/em>\u00a0<\/strong>(titolo provvisorio), un dramma psicologico scritto dallo stesso regista insieme a Bruno Oliviero e Valia Santella.  Nel cast l\u2019attore franco-marocchino Roschdy Zem, Barbara Ronchi e Diego Ribon per raccontare la storia di Elisa, una ragazza di buona famiglia che \u00e8 in carcere da 10 anni per avere ucciso brutalmente la sorella. I suoi ricordi confusi si chiariscono nell\u2019incontro con il criminologo Alaoui, che conduce uno studio sui delitti in famiglia. La verit\u00e0 che emerge per Elisa \u00e8 sconvolgente. Un dolore che forse \u00e8 l\u2019inizio di una redenzione.\u00a0<\/p>\n\n\n\n<p class=\"wp-block-paragraph\">Sar\u00e0 girato  tra  Bolzano e Merano <strong><em>Spaziergang nach Syrakus<\/em>\u00a0<\/strong>(titolo provvisorio): dramma commedia del regista tedesco\u00a0<strong>Lars Jessen<\/strong>, scritto da\u00a0Heide Schwochow e Rainer Schwochow e prodotto dalle tedesche<strong> Pandora Film con Florida Film<\/strong>. Il film narra il personaggio di Paul Gompitz di Rostock che, nell\u2019estate del 1982, decide di recarsi a Siracusa sulle orme del poeta del XIX secolo Johann Gottlieb Seume e del suo famoso libro di viaggio\u00a0<em>Passeggiata a Siracusa<\/em>, ma il suo piano sar\u00e0 impossibile da raggiungere con mezzi legali.<\/p>\n\n\n\n<p class=\"wp-block-paragraph\">La Val Badia, la Val Gardena, Bressanone, Brunico e Chiusa saranno invece le locations di  <strong><em>Die Familie Schuen &#8211; Ladinien, Kleine Heimat, gro\u00dfe Welt<\/em>\u00a0<\/strong>(titolo provvisorio): documentario di\u00a0<strong>Wolfgang Moser<\/strong>, che firma anche il trattamento. La storia racconta di una famiglia di musicisti, originari della regione della Ladinia,\u00a0che si \u00e8 fatta conoscere a livello internazionale, esplorando questioni di identit\u00e0, lingua e cultura centrali per il nostro mondo moderno.<strong>\u00a0<\/strong>Produce la pre tv <strong>Gesellschaft f\u00fcr Film- und Videoproduktion<\/strong> di Vienna.\u00a0<\/p>\n\n\n\n<p class=\"wp-block-paragraph\">Altro documentario, che ha per oggetto la storia vera e incredibile di una delle\u00a0pi\u00f9\u00a0grandi\u00a0frodi\u00a0artistiche\u00a0mai\u00a0commesse\u00a0in\u00a0Germania nel 2009, quando la\u00a0polizia tedesca\u00a0ha\u00a0trovato\u00a0pi\u00f9\u00a0di\u00a01000\u00a0statue\u00a0di\u00a0bronzo\u00a0dell&#8217;artista\u00a0svizzero\u00a0Alberto\u00a0Giacometti\u00a0in\u00a0un\u00a0magazzino\u00a0di\u00a0Magonza, scoprendo cos\u00ec che, per pi\u00f9\u00a0di\u00a0un\u00a0decennio,\u00a0uno\u00a0sconosciuto\u00a0gallerista\u00a0d&#8217;arte,\u00a0uno\u00a0stravagante conte\u00a0tedesco\u00a0e\u00a0un\u00a0misterioso\u00a0falsario\u00a0olandese hanno\u00a0venduto\u00a0i\u00a0loro\u00a0falsi\u00a0a\u00a0case\u00a0d&#8217;asta,\u00a0musei\u00a0e\u00a0istituzioni\u00a0di\u00a0tutta\u00a0Europa. Il titolo provvisorio \u00e8 <strong><em>Master Forger<\/em><\/strong>: \u00e8 scritto e diretto da\u00a0<strong>Stefano Strocchi<\/strong>\u00a0e prodotto dalla tedesca\u00a0<strong>Unknown Media<\/strong>.\u00a0<\/p>\n\n\n\n<p class=\"wp-block-paragraph\">Due documentari sono iprogetti finanziati in fase di pre-produzine: <strong><em>Baumi &#8211; Ein Portr\u00e4t \u00fcber das was bleibt<\/em>\u00a0<\/strong>(titolo provvisorio) scritto e diretto da\u00a0<strong>Martina Valentina Baumgartner<\/strong>, e <strong><em>Limbs of one Body<\/em>\u00a0<\/strong>(titolo provvisorio) di\u00a0<strong>Kaspar Panizza<\/strong>\u00a0prodotto dalle tedesche<strong> Tamtam Film e Postofilm<\/strong>. <\/p>\n\n\n\n<p class=\"wp-block-paragraph\">Il primo \u00e8 un ritratto del padre della regista, il produttore cinematografico altoatesino\u00a0Karl \u201eBaumi\u201c Baumgartner, scomparso nel 2014, per riflettere su ci\u00f2 che rimane quando muore una persona a noi cara. Il docu film affronta il tema della perdita e della ricostruzione di una famiglia e offre uno sguardo intimo sulla storia personale del famoso produttore cinematografico, racconta il suo amore per il cinema, per la vita e le persone che ha incontrato lungo la sua strada.<strong>\u00a0<\/strong>Il progetto \u00e8 prodotto dalla\u00a0societ\u00e0\u00a0tedesca <strong>70 Minutes Film.<\/strong>\u00a0<\/p>\n\n\n\n<p class=\"wp-block-paragraph\"> Al centro della narrazione di <em>Limbs of one Body<\/em>, le\u00a0sorelle\u00a0Fariba\u00a0e\u00a0Yulduz, fuggite in Europa grazie ad\u00a0un&#8217;audace evacuazione orchestrata dall&#8217;Unione ciclistica internazionale (UCI),\u00a0quando i talebani hanno riconquistato l\u2019Afganistan nel 2021. Sotto\u00a0la\u00a0guida\u00a0dell&#8217;icona\u00a0del\u00a0ciclismo Alessandra\u00a0Cappellotto,\u00a0le due sorelle\u00a0da\u00a0rifugiate\u00a0vulnerabili\u00a0sono diventate\u00a0atlete di alto profilo\u00a0e nel 2024 hanno\u00a0rappresentatol&#8217;Afghanistan\u00a0alle\u00a0Olimpiadi\u00a0di\u00a0Parigi, diventando simboli\u00a0di\u00a0resilienza\u00a0e\u00a0speranza.\u00a0Purtroppo, per\u00f2, la loro famiglia\u00a0nel frattempo \u00e8 stata costretta a\u00a0dividersi.\u00a0Il\u00a0padre,\u00a0un\u00a0tempo\u00a0pediatra\u00a0rispettato,\u00a0deve\u00a0affrontare\u00a0un\u00a0lungo\u00a0processo\u00a0di\u00a0asilo\u00a0in\u00a0Germania e la\u00a0madre\u00a0ei\u00a0fratelli,\u00a0ancora\u00a0in\u00a0Afghanistan,\u00a0vivono\u00a0sotto\u00a0costante\u00a0minaccia.<\/p>\n","protected":false},"excerpt":{"rendered":"<p>Fra i 10 progetti finanziati dalla 1\u00b0 call del bando di IDM Film Commission S\u00fcdtirol, il nuovo film di Vicari e di\u00a0Anton Corbijn con Helen Mirren e il terzo capitolo del family fantasy Woodwalkers<\/p>\n","protected":false},"author":26,"featured_media":299264,"comment_status":"closed","ping_status":"closed","sticky":false,"template":"","format":"standard","meta":{"googlesitekit_rrm_CAow3e7fCw:productID":"","_crdt_document":"","footnotes":""},"categories":[215],"tags":[2339,1313,356,2338,478],"class_list":{"0":"post-299263","1":"post","2":"type-post","3":"status-publish","4":"format-standard","5":"has-post-thumbnail","7":"category-film-commissions","8":"tag-film-commissions","9":"tag-filmvergnuegen","10":"tag-focus","11":"tag-locations","12":"tag-lucky-red"},"yoast_head":"<!-- This site is optimized with the Yoast SEO Premium plugin v27.4 (Yoast SEO v27.5) - https:\/\/yoast.com\/product\/yoast-seo-premium-wordpress\/ -->\n<title>La prima call 2025 IDM finanzia 10 progetti - Cinema &amp; Video International<\/title>\n<meta name=\"description\" content=\"La prima call 2025 IDM finanzia 10 progetti \u2013 la prima call 2025 idm finanzia. Sono dieci i progetti sostenuti dalla prima call del bando di IDM Film Comm\" \/>\n<meta name=\"robots\" content=\"index, follow, max-snippet:-1, max-image-preview:large, max-video-preview:-1\" \/>\n<link rel=\"canonical\" href=\"https:\/\/cinema.video\/it\/10-progetti-finanziati-idm-film-commission-sudtirol\" \/>\n<meta property=\"og:locale\" content=\"it_IT\" \/>\n<meta property=\"og:type\" content=\"article\" \/>\n<meta property=\"og:title\" content=\"La prima call 2025 IDM finanzia 10 progetti\" \/>\n<meta property=\"og:description\" content=\"La prima call 2025 IDM finanzia 10 progetti \u2013 la prima call 2025 idm finanzia. Sono dieci i progetti sostenuti dalla prima call del bando di IDM Film Comm\" \/>\n<meta property=\"og:url\" content=\"https:\/\/cinema.video\/it\/10-progetti-finanziati-idm-film-commission-sudtirol\" \/>\n<meta property=\"og:site_name\" content=\"Cinema &amp; Video International\" \/>\n<meta property=\"article:publisher\" content=\"https:\/\/www.facebook.com\/CinemaVideoInternational\/\" \/>\n<meta property=\"article:published_time\" content=\"2025-03-18T14:46:53+00:00\" \/>\n<meta property=\"article:modified_time\" content=\"2026-04-10T02:08:20+00:00\" \/>\n<meta property=\"og:image\" content=\"https:\/\/cinema.video\/wp-content\/uploads\/2025\/03\/FOTO_Woodwalkers-3_Project-Still.jpeg\" \/>\n\t<meta property=\"og:image:width\" content=\"1280\" \/>\n\t<meta property=\"og:image:height\" content=\"853\" \/>\n\t<meta property=\"og:image:type\" content=\"image\/jpeg\" \/>\n<meta name=\"author\" content=\"Redazione\" \/>\n<meta name=\"twitter:card\" content=\"summary_large_image\" \/>\n<meta name=\"twitter:label1\" content=\"Scritto da\" \/>\n\t<meta name=\"twitter:data1\" content=\"Redazione\" \/>\n\t<meta name=\"twitter:label2\" content=\"Tempo di lettura stimato\" \/>\n\t<meta name=\"twitter:data2\" content=\"6 minuti\" \/>\n<script type=\"application\/ld+json\" class=\"yoast-schema-graph\">{\"@context\":\"https:\\\/\\\/schema.org\",\"@graph\":[{\"@type\":\"Article\",\"@id\":\"https:\\\/\\\/cinema.video\\\/it\\\/10-progetti-finanziati-idm-film-commission-sudtirol#article\",\"isPartOf\":{\"@id\":\"https:\\\/\\\/cinema.video\\\/it\\\/10-progetti-finanziati-idm-film-commission-sudtirol\"},\"author\":{\"name\":\"Redazione\",\"@id\":\"https:\\\/\\\/cinema.video\\\/it#\\\/schema\\\/person\\\/aeb01b91d874e8b01e76a1db04c668c6\"},\"headline\":\"La prima call 2025 IDM finanzia 10 progetti\",\"datePublished\":\"2025-03-18T14:46:53+00:00\",\"dateModified\":\"2026-04-10T02:08:20+00:00\",\"mainEntityOfPage\":{\"@id\":\"https:\\\/\\\/cinema.video\\\/it\\\/10-progetti-finanziati-idm-film-commission-sudtirol\"},\"wordCount\":978,\"publisher\":{\"@id\":\"https:\\\/\\\/cinema.video\\\/it#organization\"},\"image\":{\"@id\":\"https:\\\/\\\/cinema.video\\\/it\\\/10-progetti-finanziati-idm-film-commission-sudtirol#primaryimage\"},\"thumbnailUrl\":\"https:\\\/\\\/cinema.video\\\/wp-content\\\/uploads\\\/2025\\\/03\\\/FOTO_Woodwalkers-3_Project-Still.jpeg\",\"keywords\":[\"FILM COMMISSIONS\",\"Filmvergnuegen\",\"focus\",\"LOCATIONS\",\"Lucky Red\"],\"articleSection\":[\"FILM COMMISSIONS\"],\"inLanguage\":\"it-IT\"},{\"@type\":\"WebPage\",\"@id\":\"https:\\\/\\\/cinema.video\\\/it\\\/10-progetti-finanziati-idm-film-commission-sudtirol\",\"url\":\"https:\\\/\\\/cinema.video\\\/it\\\/10-progetti-finanziati-idm-film-commission-sudtirol\",\"name\":\"La prima call 2025 IDM finanzia 10 progetti - Cinema &amp; Video International\",\"isPartOf\":{\"@id\":\"https:\\\/\\\/cinema.video\\\/it#website\"},\"primaryImageOfPage\":{\"@id\":\"https:\\\/\\\/cinema.video\\\/it\\\/10-progetti-finanziati-idm-film-commission-sudtirol#primaryimage\"},\"image\":{\"@id\":\"https:\\\/\\\/cinema.video\\\/it\\\/10-progetti-finanziati-idm-film-commission-sudtirol#primaryimage\"},\"thumbnailUrl\":\"https:\\\/\\\/cinema.video\\\/wp-content\\\/uploads\\\/2025\\\/03\\\/FOTO_Woodwalkers-3_Project-Still.jpeg\",\"datePublished\":\"2025-03-18T14:46:53+00:00\",\"dateModified\":\"2026-04-10T02:08:20+00:00\",\"description\":\"La prima call 2025 IDM finanzia 10 progetti \u2013 la prima call 2025 idm finanzia. Sono dieci i progetti sostenuti dalla prima call del bando di IDM Film Comm\",\"breadcrumb\":{\"@id\":\"https:\\\/\\\/cinema.video\\\/it\\\/10-progetti-finanziati-idm-film-commission-sudtirol#breadcrumb\"},\"inLanguage\":\"it-IT\",\"potentialAction\":[{\"@type\":\"ReadAction\",\"target\":[\"https:\\\/\\\/cinema.video\\\/it\\\/10-progetti-finanziati-idm-film-commission-sudtirol\"]}]},{\"@type\":\"ImageObject\",\"inLanguage\":\"it-IT\",\"@id\":\"https:\\\/\\\/cinema.video\\\/it\\\/10-progetti-finanziati-idm-film-commission-sudtirol#primaryimage\",\"url\":\"https:\\\/\\\/cinema.video\\\/wp-content\\\/uploads\\\/2025\\\/03\\\/FOTO_Woodwalkers-3_Project-Still.jpeg\",\"contentUrl\":\"https:\\\/\\\/cinema.video\\\/wp-content\\\/uploads\\\/2025\\\/03\\\/FOTO_Woodwalkers-3_Project-Still.jpeg\",\"width\":1280,\"height\":853,\"caption\":\"Fra i 10 progetti finanziati dalla 1\u00b0 call del bando di IDM Film Commission S\u00fcdtirol, il nuovo film di Vicari e di\u00a0Anton Corbijn\"},{\"@type\":\"BreadcrumbList\",\"@id\":\"https:\\\/\\\/cinema.video\\\/it\\\/10-progetti-finanziati-idm-film-commission-sudtirol#breadcrumb\",\"itemListElement\":[{\"@type\":\"ListItem\",\"position\":1,\"name\":\"Home\",\"item\":\"https:\\\/\\\/cinema.video\\\/it\\\/home-2\"},{\"@type\":\"ListItem\",\"position\":2,\"name\":\"La prima call 2025 IDM finanzia 10 progetti\"}]},{\"@type\":\"WebSite\",\"@id\":\"https:\\\/\\\/cinema.video\\\/it#website\",\"url\":\"https:\\\/\\\/cinema.video\\\/it\",\"name\":\"Cinema & Video International\",\"description\":\"Film &amp; Audiovisual Industry Trade Magazine\",\"publisher\":{\"@id\":\"https:\\\/\\\/cinema.video\\\/it#organization\"},\"alternateName\":\"Cinema & Video\",\"potentialAction\":[{\"@type\":\"SearchAction\",\"target\":{\"@type\":\"EntryPoint\",\"urlTemplate\":\"https:\\\/\\\/cinema.video\\\/it?s={search_term_string}\"},\"query-input\":{\"@type\":\"PropertyValueSpecification\",\"valueRequired\":true,\"valueName\":\"search_term_string\"}}],\"inLanguage\":\"it-IT\"},{\"@type\":\"Organization\",\"@id\":\"https:\\\/\\\/cinema.video\\\/it#organization\",\"name\":\"Cinema & Video\",\"url\":\"https:\\\/\\\/cinema.video\\\/it\",\"logo\":{\"@type\":\"ImageObject\",\"inLanguage\":\"it-IT\",\"@id\":\"https:\\\/\\\/cinema.video\\\/it#\\\/schema\\\/logo\\\/image\\\/\",\"url\":\"https:\\\/\\\/cinema.video\\\/wp-content\\\/uploads\\\/2026\\\/04\\\/CinemVideo_LogoBlack.png\",\"contentUrl\":\"https:\\\/\\\/cinema.video\\\/wp-content\\\/uploads\\\/2026\\\/04\\\/CinemVideo_LogoBlack.png\",\"width\":1336,\"height\":224,\"caption\":\"Cinema & Video\"},\"image\":{\"@id\":\"https:\\\/\\\/cinema.video\\\/it#\\\/schema\\\/logo\\\/image\\\/\"},\"sameAs\":[\"https:\\\/\\\/www.facebook.com\\\/CinemaVideoInternational\\\/\",\"https:\\\/\\\/www.instagram.com\\\/cinemaevideointernational\\\/\",\"https:\\\/\\\/it.linkedin.com\\\/company\\\/cinema-video-international\"],\"description\":\"Media Consulting & Marketing Agency\",\"email\":\"hello@darostudio.com\",\"legalName\":\"DARO studio LLC\",\"foundingDate\":\"2021-02-16\",\"numberOfEmployees\":{\"@type\":\"QuantitativeValue\",\"minValue\":\"1\",\"maxValue\":\"10\"}},{\"@type\":\"Person\",\"@id\":\"https:\\\/\\\/cinema.video\\\/it#\\\/schema\\\/person\\\/aeb01b91d874e8b01e76a1db04c668c6\",\"name\":\"Redazione\",\"image\":{\"@type\":\"ImageObject\",\"inLanguage\":\"it-IT\",\"@id\":\"https:\\\/\\\/secure.gravatar.com\\\/avatar\\\/06ad6f92eb14745b75fb592cadf8139d33242d81c9c8b085133c450aaf0b9731?s=96&d=mm&r=g\",\"url\":\"https:\\\/\\\/secure.gravatar.com\\\/avatar\\\/06ad6f92eb14745b75fb592cadf8139d33242d81c9c8b085133c450aaf0b9731?s=96&d=mm&r=g\",\"contentUrl\":\"https:\\\/\\\/secure.gravatar.com\\\/avatar\\\/06ad6f92eb14745b75fb592cadf8139d33242d81c9c8b085133c450aaf0b9731?s=96&d=mm&r=g\",\"caption\":\"Redazione\"},\"url\":\"https:\\\/\\\/cinema.video\\\/it\\\/author\\\/redazione\"}]}<\/script>\n<!-- \/ Yoast SEO Premium plugin. -->","yoast_head_json":{"title":"La prima call 2025 IDM finanzia 10 progetti - Cinema &amp; Video International","description":"La prima call 2025 IDM finanzia 10 progetti \u2013 la prima call 2025 idm finanzia. Sono dieci i progetti sostenuti dalla prima call del bando di IDM Film Comm","robots":{"index":"index","follow":"follow","max-snippet":"max-snippet:-1","max-image-preview":"max-image-preview:large","max-video-preview":"max-video-preview:-1"},"canonical":"https:\/\/cinema.video\/it\/10-progetti-finanziati-idm-film-commission-sudtirol","og_locale":"it_IT","og_type":"article","og_title":"La prima call 2025 IDM finanzia 10 progetti","og_description":"La prima call 2025 IDM finanzia 10 progetti \u2013 la prima call 2025 idm finanzia. Sono dieci i progetti sostenuti dalla prima call del bando di IDM Film Comm","og_url":"https:\/\/cinema.video\/it\/10-progetti-finanziati-idm-film-commission-sudtirol","og_site_name":"Cinema &amp; Video International","article_publisher":"https:\/\/www.facebook.com\/CinemaVideoInternational\/","article_published_time":"2025-03-18T14:46:53+00:00","article_modified_time":"2026-04-10T02:08:20+00:00","og_image":[{"width":1280,"height":853,"url":"https:\/\/cinema.video\/wp-content\/uploads\/2025\/03\/FOTO_Woodwalkers-3_Project-Still.jpeg","type":"image\/jpeg"}],"author":"Redazione","twitter_card":"summary_large_image","twitter_misc":{"Scritto da":"Redazione","Tempo di lettura stimato":"6 minuti"},"schema":{"@context":"https:\/\/schema.org","@graph":[{"@type":"Article","@id":"https:\/\/cinema.video\/it\/10-progetti-finanziati-idm-film-commission-sudtirol#article","isPartOf":{"@id":"https:\/\/cinema.video\/it\/10-progetti-finanziati-idm-film-commission-sudtirol"},"author":{"name":"Redazione","@id":"https:\/\/cinema.video\/it#\/schema\/person\/aeb01b91d874e8b01e76a1db04c668c6"},"headline":"La prima call 2025 IDM finanzia 10 progetti","datePublished":"2025-03-18T14:46:53+00:00","dateModified":"2026-04-10T02:08:20+00:00","mainEntityOfPage":{"@id":"https:\/\/cinema.video\/it\/10-progetti-finanziati-idm-film-commission-sudtirol"},"wordCount":978,"publisher":{"@id":"https:\/\/cinema.video\/it#organization"},"image":{"@id":"https:\/\/cinema.video\/it\/10-progetti-finanziati-idm-film-commission-sudtirol#primaryimage"},"thumbnailUrl":"https:\/\/cinema.video\/wp-content\/uploads\/2025\/03\/FOTO_Woodwalkers-3_Project-Still.jpeg","keywords":["FILM COMMISSIONS","Filmvergnuegen","focus","LOCATIONS","Lucky Red"],"articleSection":["FILM COMMISSIONS"],"inLanguage":"it-IT"},{"@type":"WebPage","@id":"https:\/\/cinema.video\/it\/10-progetti-finanziati-idm-film-commission-sudtirol","url":"https:\/\/cinema.video\/it\/10-progetti-finanziati-idm-film-commission-sudtirol","name":"La prima call 2025 IDM finanzia 10 progetti - Cinema &amp; Video International","isPartOf":{"@id":"https:\/\/cinema.video\/it#website"},"primaryImageOfPage":{"@id":"https:\/\/cinema.video\/it\/10-progetti-finanziati-idm-film-commission-sudtirol#primaryimage"},"image":{"@id":"https:\/\/cinema.video\/it\/10-progetti-finanziati-idm-film-commission-sudtirol#primaryimage"},"thumbnailUrl":"https:\/\/cinema.video\/wp-content\/uploads\/2025\/03\/FOTO_Woodwalkers-3_Project-Still.jpeg","datePublished":"2025-03-18T14:46:53+00:00","dateModified":"2026-04-10T02:08:20+00:00","description":"La prima call 2025 IDM finanzia 10 progetti \u2013 la prima call 2025 idm finanzia. Sono dieci i progetti sostenuti dalla prima call del bando di IDM Film Comm","breadcrumb":{"@id":"https:\/\/cinema.video\/it\/10-progetti-finanziati-idm-film-commission-sudtirol#breadcrumb"},"inLanguage":"it-IT","potentialAction":[{"@type":"ReadAction","target":["https:\/\/cinema.video\/it\/10-progetti-finanziati-idm-film-commission-sudtirol"]}]},{"@type":"ImageObject","inLanguage":"it-IT","@id":"https:\/\/cinema.video\/it\/10-progetti-finanziati-idm-film-commission-sudtirol#primaryimage","url":"https:\/\/cinema.video\/wp-content\/uploads\/2025\/03\/FOTO_Woodwalkers-3_Project-Still.jpeg","contentUrl":"https:\/\/cinema.video\/wp-content\/uploads\/2025\/03\/FOTO_Woodwalkers-3_Project-Still.jpeg","width":1280,"height":853,"caption":"Fra i 10 progetti finanziati dalla 1\u00b0 call del bando di IDM Film Commission S\u00fcdtirol, il nuovo film di Vicari e di\u00a0Anton Corbijn"},{"@type":"BreadcrumbList","@id":"https:\/\/cinema.video\/it\/10-progetti-finanziati-idm-film-commission-sudtirol#breadcrumb","itemListElement":[{"@type":"ListItem","position":1,"name":"Home","item":"https:\/\/cinema.video\/it\/home-2"},{"@type":"ListItem","position":2,"name":"La prima call 2025 IDM finanzia 10 progetti"}]},{"@type":"WebSite","@id":"https:\/\/cinema.video\/it#website","url":"https:\/\/cinema.video\/it","name":"Cinema & Video International","description":"Film &amp; Audiovisual Industry Trade Magazine","publisher":{"@id":"https:\/\/cinema.video\/it#organization"},"alternateName":"Cinema & Video","potentialAction":[{"@type":"SearchAction","target":{"@type":"EntryPoint","urlTemplate":"https:\/\/cinema.video\/it?s={search_term_string}"},"query-input":{"@type":"PropertyValueSpecification","valueRequired":true,"valueName":"search_term_string"}}],"inLanguage":"it-IT"},{"@type":"Organization","@id":"https:\/\/cinema.video\/it#organization","name":"Cinema & Video","url":"https:\/\/cinema.video\/it","logo":{"@type":"ImageObject","inLanguage":"it-IT","@id":"https:\/\/cinema.video\/it#\/schema\/logo\/image\/","url":"https:\/\/cinema.video\/wp-content\/uploads\/2026\/04\/CinemVideo_LogoBlack.png","contentUrl":"https:\/\/cinema.video\/wp-content\/uploads\/2026\/04\/CinemVideo_LogoBlack.png","width":1336,"height":224,"caption":"Cinema & Video"},"image":{"@id":"https:\/\/cinema.video\/it#\/schema\/logo\/image\/"},"sameAs":["https:\/\/www.facebook.com\/CinemaVideoInternational\/","https:\/\/www.instagram.com\/cinemaevideointernational\/","https:\/\/it.linkedin.com\/company\/cinema-video-international"],"description":"Media Consulting & Marketing Agency","email":"hello@darostudio.com","legalName":"DARO studio LLC","foundingDate":"2021-02-16","numberOfEmployees":{"@type":"QuantitativeValue","minValue":"1","maxValue":"10"}},{"@type":"Person","@id":"https:\/\/cinema.video\/it#\/schema\/person\/aeb01b91d874e8b01e76a1db04c668c6","name":"Redazione","image":{"@type":"ImageObject","inLanguage":"it-IT","@id":"https:\/\/secure.gravatar.com\/avatar\/06ad6f92eb14745b75fb592cadf8139d33242d81c9c8b085133c450aaf0b9731?s=96&d=mm&r=g","url":"https:\/\/secure.gravatar.com\/avatar\/06ad6f92eb14745b75fb592cadf8139d33242d81c9c8b085133c450aaf0b9731?s=96&d=mm&r=g","contentUrl":"https:\/\/secure.gravatar.com\/avatar\/06ad6f92eb14745b75fb592cadf8139d33242d81c9c8b085133c450aaf0b9731?s=96&d=mm&r=g","caption":"Redazione"},"url":"https:\/\/cinema.video\/it\/author\/redazione"}]}},"jetpack_featured_media_url":"https:\/\/cinema.video\/wp-content\/uploads\/2025\/03\/FOTO_Woodwalkers-3_Project-Still.jpeg","jetpack_shortlink":"https:\/\/wp.me\/ph672m-1fQP","_links":{"self":[{"href":"https:\/\/cinema.video\/it\/wp-json\/wp\/v2\/posts\/299263","targetHints":{"allow":["GET"]}}],"collection":[{"href":"https:\/\/cinema.video\/it\/wp-json\/wp\/v2\/posts"}],"about":[{"href":"https:\/\/cinema.video\/it\/wp-json\/wp\/v2\/types\/post"}],"author":[{"embeddable":true,"href":"https:\/\/cinema.video\/it\/wp-json\/wp\/v2\/users\/26"}],"replies":[{"embeddable":true,"href":"https:\/\/cinema.video\/it\/wp-json\/wp\/v2\/comments?post=299263"}],"version-history":[{"count":1,"href":"https:\/\/cinema.video\/it\/wp-json\/wp\/v2\/posts\/299263\/revisions"}],"predecessor-version":[{"id":302772,"href":"https:\/\/cinema.video\/it\/wp-json\/wp\/v2\/posts\/299263\/revisions\/302772"}],"wp:featuredmedia":[{"embeddable":true,"href":"https:\/\/cinema.video\/it\/wp-json\/wp\/v2\/media\/299264"}],"wp:attachment":[{"href":"https:\/\/cinema.video\/it\/wp-json\/wp\/v2\/media?parent=299263"}],"wp:term":[{"taxonomy":"category","embeddable":true,"href":"https:\/\/cinema.video\/it\/wp-json\/wp\/v2\/categories?post=299263"},{"taxonomy":"post_tag","embeddable":true,"href":"https:\/\/cinema.video\/it\/wp-json\/wp\/v2\/tags?post=299263"}],"curies":[{"name":"wp","href":"https:\/\/api.w.org\/{rel}","templated":true}]}}