{"id":299226,"date":"2025-03-07T13:47:38","date_gmt":"2025-03-07T12:47:38","guid":{"rendered":"https:\/\/cinema.video\/?p=299226"},"modified":"2026-04-10T04:08:16","modified_gmt":"2026-04-10T02:08:16","slug":"corto-che-passione","status":"publish","type":"post","link":"https:\/\/cinema.video\/it\/corto-che-passione","title":{"rendered":"CORTO CHE PASSIONE! ogni mese i corti sul grande schermo"},"content":{"rendered":"\n<p class=\"wp-block-paragraph\">Oltre 100 sale cinematografiche in tutta Italia programmeranno, ogni secondo marted\u00ec del mese, per un anno, una selezione continuamente rinnovata di cortometraggi: \u00e8 <strong>Corto per Passione!<\/strong>, l&#8217;iniziativa che prende il via l&#8217;<strong>11 marzo<\/strong>,  e dar\u00e0  la possibilit\u00e0 di vedere su grande schermo, nella stessa serata, circa 70 minuti di proposte stimolanti e diversificate<strong>.<\/strong><\/p>\n\n\n\n<p class=\"wp-block-paragraph\">A lanciare l&#8217;iniziativa, la <strong>Federazione Italiana Cinema d\u2019Essai<\/strong>, l\u2019<strong>Associazione Nazionale Esercenti Cinema, Rai Cinema<\/strong> ed <strong>Alice nella Citt\u00e0<\/strong>, in collaborazione con l\u2019<strong>Italian Short Film Association,<\/strong> con il sostegno della <strong>Direzione generale Cinema e audiovisivo <\/strong>del <strong>MIC <\/strong>e di <strong>Deluxe Digital<\/strong><\/p>\n\n\n\n<p class=\"wp-block-paragraph\">Questa la prima cinquina di cortometraggi, in programma l&#8217;11marzo: la selezione  mette in evidenza i titoli degli anni recenti che hanno brillato sia per la conquista di premi di prestigio<strong> <\/strong>(2 vincitori del David di Donatello, i Nastri d&#8217;Argento) che per la partecipazione ai festival cinematografici tra i pi\u00f9 importanti.<\/p>\n\n\n\n<p class=\"wp-block-paragraph\">Si spazia dalla commedia, al dramma, all&#8217;animazione, senza trascurare i film brevi con<strong> <\/strong>attori di grande rilievo.<\/p>\n\n\n\n<ol class=\"wp-block-list\">\n<li><strong><em>Bellissima<\/em> <\/strong>di <strong>Alessandro Capitani<\/strong>\u00a0(Vincitore del David di Donatello) con Giusy Lodi, Antonio Orefice, Gennaro Cuomo<\/li>\n<\/ol>\n\n\n\n<p class=\"wp-block-paragraph\"><em>Durante una festa in discoteca Veronica subisce lo scherno di un ragazzo che la prende in giro per il suo aspetto fisico. Disperata, si nasconde nei bagni della discoteca convinta che fra le mura chiuse di quel posto nessuno possa vederla e giudicarla. Il destino per\u00f2 ha in serbo una piacevole sorpresa per lei&#8230;<\/em><\/p>\n\n\n\n<p class=\"wp-block-paragraph\">2. <strong><em>Inverno <\/em><\/strong>di <strong>Giulio Mastromauro<\/strong>\u00a0(Vincitore del David di Donatello) con Christian Petaroscia, Giulio Beranek, Babak Karimi, Elisabetta De Vito<\/p>\n\n\n\n<p class=\"wp-block-paragraph\"><em>Timo, il pi\u00f9\u00a0piccolo\u00a0di una comunit\u00e0 greca di giostrai, si trova ad affrontare insieme ai suoi cari l&#8217;inverno\u00a0pi\u00f9 duro.<\/em><\/p>\n\n\n\n<p class=\"wp-block-paragraph\">3. <b><em>Si Sospetta il Movente Passionale con l&#8217;aggravante dei Futili Motivi <\/em><\/b>di <strong>Cosimo Alem\u00e0<\/strong>\u00a0(Evento speciale &#8211;<em>Settimana della Critica di Venezi<\/em>a) con Irene Ferri, Pilar Fogliati, Anna Ferraioli Ravel, Antonia Fotaras, Marco Giuliani, Marco Giallini<\/p>\n\n\n\n<p class=\"wp-block-paragraph\"><em>Giulia si prepara a trascorrere un week-end con Lucio. Tuttavia, ad aspettarla nella villa in cui si sono dati appuntamento non trova lui, ma tre sconosciute. Sono le altre amanti di Lucio che, come lei, hanno ricevuto lo stesso messaggio due giorni prima<\/em>. \u00a0<\/p>\n\n\n\n<p class=\"wp-block-paragraph\">4. <b><em>The Delay\u00a0<\/em><\/b>di <strong>Mattia Napoli<\/strong>\u00a0 con Vincenzo Nemolato, Federica Sandrini, Riccardo Leto (Vincitore di Cortinametraggio)<\/p>\n\n\n\n<p class=\"wp-block-paragraph\"><em>Arturo \u00e8 un bravo interprete, una persona solitaria, metodica e regolare. Da qualche tempo sta avendo problemi a svolgere il suo lavoro: \u00e8 andato fuori sincrono. I suoni arrivano in ritardo rispetto a ci\u00f2 che vede. La sua malattia \u00e8 degenerativa: il ritardo cresce giorno dopo giorno<\/em>.<\/p>\n\n\n\n<p class=\"wp-block-paragraph\">5.<strong>\u00a0<\/strong><b><em>Caramelle Di<\/em><\/b> <strong>Matteo Panebarco<\/strong>, film d\u2019animazione (Vincitore del Pulcinella Award e dell\u2019European independent film festival di Parigi)<\/p>\n\n\n\n<p class=\"wp-block-paragraph\"><em>Un legame affettivo fortissimo che unisce tre generazioni: padre\/nonno, figlia\/madre, nipote\/figlio. Una relazione talmente forte da superare i confini tra la vita e la morte, il mondo terreno e l\u2019aldil\u00e0, in un\u2019atmosfera di affascinante realismo magico.<\/em><\/p>\n\n\n\n<p class=\"wp-block-paragraph\">L\u2019iniziativa coinvolge i principali player del settore cinematografico e godr\u00e0 della collaborazione dell\u2019<strong>Associazione U.N.I.T.A. <\/strong>(Unione Nazionale Interpreti Teatro e Audiovisivo) e del <strong>Collettivo under 35<\/strong> (100autori, WGI, Anac)\u00a0 che aiuteranno a valorizzare l\u2019iniziativa, partecipando anche con la loro presenza in sala, al fine di sostenere i giovani talenti e far conoscere il \u201cformato breve\u201d al grande pubblico delle sale cinematografiche.<\/p>\n\n\n\n<p class=\"wp-block-paragraph\">\u201cSiamo molto soddisfatti del lavoro creativo e sinergico di tutte le realt\u00e0 coinvolte nel progetto: l\u2019adesione convinta delle sale cinematografiche di tutta Italia, l\u2019impulso determinante di ANEC, Rai Cinema e Alice nella Citt\u00e0; la collaborazione di realt\u00e0 consolidate come Italian Short Film Association nel dare spazio a talenti giovani ed emergenti del nostro cinema, oltre alle realt\u00e0 autoriali che supporteranno le proiezioni nelle sale&#8221;. Ha dichiarato la presidente FICE, <strong>Giuliana Fantoni<\/strong>.<\/p>\n\n\n\n<p class=\"wp-block-paragraph\">&#8220;Dopo aver tracciato un percorso di valorizzazione dei corti, con questa iniziativa rafforziamo ulteriormente il legame tra il pubblico e il cinema breve, portandolo nella sua sede naturale: il grande schermo. &#8211; Aggiunge <strong>Nicola Claudio<\/strong>, Presidente di Rai Cinema. &#8211;  Rai Cinema \u00e8 orgogliosa di essere parte di questo progetto, capace di dar voce a nuovi autori e idee innovative, che si inserisce perfettamente nella mission di servizio pubblico della Rai\u201d.<\/p>\n","protected":false},"excerpt":{"rendered":"<p>Al via l&#8217;11 marzo, Corto per Passione!, l&#8217;iniziativa che porta in oltre 100 sale circa 70 minuti di corti ogni secondo marted\u00ec del mese, lanciata da FICE; ANEC, Rai cinema e Alice nelle Citt\u00e0,  in collaborazione con l\u2019Italian Short Film Association, con il sostegno della DGCA  del MIC e di Deluxe Digital<\/p>\n","protected":false},"author":26,"featured_media":299227,"comment_status":"closed","ping_status":"closed","sticky":false,"template":"","format":"standard","meta":{"googlesitekit_rrm_CAow3e7fCw:productID":"","_crdt_document":"","footnotes":""},"categories":[1],"tags":[591,208,433],"class_list":{"0":"post-299226","1":"post","2":"type-post","3":"status-publish","4":"format-standard","5":"has-post-thumbnail","7":"category-senza-categoria","8":"tag-cortometraggi","9":"tag-fice","10":"tag-rai"},"yoast_head":"<!-- This site is optimized with the Yoast SEO Premium plugin v27.4 (Yoast SEO v27.5) - https:\/\/yoast.com\/product\/yoast-seo-premium-wordpress\/ -->\n<title>CORTO CHE PASSIONE! ogni mese i corti sul grande schermo - Cinema &amp; Video International<\/title>\n<meta name=\"description\" content=\"CORTO CHE PASSIONE! ogni mese i corti sul grande schermo \u2013 corto che passione ogni mese i. Oltre 100 sale cinematografiche in tutta Italia programmeranno,\" \/>\n<meta name=\"robots\" content=\"index, follow, max-snippet:-1, max-image-preview:large, max-video-preview:-1\" \/>\n<link rel=\"canonical\" href=\"https:\/\/cinema.video\/it\/corto-che-passione\" \/>\n<meta property=\"og:locale\" content=\"it_IT\" \/>\n<meta property=\"og:type\" content=\"article\" \/>\n<meta property=\"og:title\" content=\"CORTO CHE PASSIONE! ogni mese i corti sul grande schermo\" \/>\n<meta property=\"og:description\" content=\"CORTO CHE PASSIONE! ogni mese i corti sul grande schermo \u2013 corto che passione ogni mese i. Oltre 100 sale cinematografiche in tutta Italia programmeranno,\" \/>\n<meta property=\"og:url\" content=\"https:\/\/cinema.video\/it\/corto-che-passione\" \/>\n<meta property=\"og:site_name\" content=\"Cinema &amp; Video International\" \/>\n<meta property=\"article:publisher\" content=\"https:\/\/www.facebook.com\/CinemaVideoInternational\/\" \/>\n<meta property=\"article:published_time\" content=\"2025-03-07T12:47:38+00:00\" \/>\n<meta property=\"article:modified_time\" content=\"2026-04-10T02:08:16+00:00\" \/>\n<meta property=\"og:image\" content=\"https:\/\/cinema.video\/wp-content\/uploads\/2025\/03\/Corto-che-passione.jpg\" \/>\n\t<meta property=\"og:image:width\" content=\"1530\" \/>\n\t<meta property=\"og:image:height\" content=\"939\" \/>\n\t<meta property=\"og:image:type\" content=\"image\/jpeg\" \/>\n<meta name=\"author\" content=\"Redazione\" \/>\n<meta name=\"twitter:card\" content=\"summary_large_image\" \/>\n<meta name=\"twitter:label1\" content=\"Scritto da\" \/>\n\t<meta name=\"twitter:data1\" content=\"Redazione\" \/>\n\t<meta name=\"twitter:label2\" content=\"Tempo di lettura stimato\" \/>\n\t<meta name=\"twitter:data2\" content=\"4 minuti\" \/>\n<script type=\"application\/ld+json\" class=\"yoast-schema-graph\">{\"@context\":\"https:\\\/\\\/schema.org\",\"@graph\":[{\"@type\":\"Article\",\"@id\":\"https:\\\/\\\/cinema.video\\\/it\\\/corto-che-passione#article\",\"isPartOf\":{\"@id\":\"https:\\\/\\\/cinema.video\\\/it\\\/corto-che-passione\"},\"author\":{\"name\":\"Redazione\",\"@id\":\"https:\\\/\\\/cinema.video\\\/it#\\\/schema\\\/person\\\/aeb01b91d874e8b01e76a1db04c668c6\"},\"headline\":\"CORTO CHE PASSIONE! ogni mese i corti sul grande schermo\",\"datePublished\":\"2025-03-07T12:47:38+00:00\",\"dateModified\":\"2026-04-10T02:08:16+00:00\",\"mainEntityOfPage\":{\"@id\":\"https:\\\/\\\/cinema.video\\\/it\\\/corto-che-passione\"},\"wordCount\":691,\"publisher\":{\"@id\":\"https:\\\/\\\/cinema.video\\\/it#organization\"},\"image\":{\"@id\":\"https:\\\/\\\/cinema.video\\\/it\\\/corto-che-passione#primaryimage\"},\"thumbnailUrl\":\"https:\\\/\\\/cinema.video\\\/wp-content\\\/uploads\\\/2025\\\/03\\\/Corto-che-passione.jpg\",\"keywords\":[\"Cortometraggi\",\"FICE\",\"RAI\"],\"inLanguage\":\"it-IT\"},{\"@type\":\"WebPage\",\"@id\":\"https:\\\/\\\/cinema.video\\\/it\\\/corto-che-passione\",\"url\":\"https:\\\/\\\/cinema.video\\\/it\\\/corto-che-passione\",\"name\":\"CORTO CHE PASSIONE! ogni mese i corti sul grande schermo - Cinema &amp; Video International\",\"isPartOf\":{\"@id\":\"https:\\\/\\\/cinema.video\\\/it#website\"},\"primaryImageOfPage\":{\"@id\":\"https:\\\/\\\/cinema.video\\\/it\\\/corto-che-passione#primaryimage\"},\"image\":{\"@id\":\"https:\\\/\\\/cinema.video\\\/it\\\/corto-che-passione#primaryimage\"},\"thumbnailUrl\":\"https:\\\/\\\/cinema.video\\\/wp-content\\\/uploads\\\/2025\\\/03\\\/Corto-che-passione.jpg\",\"datePublished\":\"2025-03-07T12:47:38+00:00\",\"dateModified\":\"2026-04-10T02:08:16+00:00\",\"description\":\"CORTO CHE PASSIONE! ogni mese i corti sul grande schermo \u2013 corto che passione ogni mese i. Oltre 100 sale cinematografiche in tutta Italia programmeranno,\",\"breadcrumb\":{\"@id\":\"https:\\\/\\\/cinema.video\\\/it\\\/corto-che-passione#breadcrumb\"},\"inLanguage\":\"it-IT\",\"potentialAction\":[{\"@type\":\"ReadAction\",\"target\":[\"https:\\\/\\\/cinema.video\\\/it\\\/corto-che-passione\"]}]},{\"@type\":\"ImageObject\",\"inLanguage\":\"it-IT\",\"@id\":\"https:\\\/\\\/cinema.video\\\/it\\\/corto-che-passione#primaryimage\",\"url\":\"https:\\\/\\\/cinema.video\\\/wp-content\\\/uploads\\\/2025\\\/03\\\/Corto-che-passione.jpg\",\"contentUrl\":\"https:\\\/\\\/cinema.video\\\/wp-content\\\/uploads\\\/2025\\\/03\\\/Corto-che-passione.jpg\",\"width\":1530,\"height\":939,\"caption\":\"Al via l'11 marzo, Corto per Passione!, l'iniziativa che porta in oltre 100 sale circa 70 minuti di corti ogni secondo marted\u00ec del mese\"},{\"@type\":\"BreadcrumbList\",\"@id\":\"https:\\\/\\\/cinema.video\\\/it\\\/corto-che-passione#breadcrumb\",\"itemListElement\":[{\"@type\":\"ListItem\",\"position\":1,\"name\":\"Home\",\"item\":\"https:\\\/\\\/cinema.video\\\/it\\\/home-2\"},{\"@type\":\"ListItem\",\"position\":2,\"name\":\"CORTO CHE PASSIONE! ogni mese i corti sul grande schermo\"}]},{\"@type\":\"WebSite\",\"@id\":\"https:\\\/\\\/cinema.video\\\/it#website\",\"url\":\"https:\\\/\\\/cinema.video\\\/it\",\"name\":\"Cinema & Video International\",\"description\":\"Film &amp; Audiovisual Industry Trade Magazine\",\"publisher\":{\"@id\":\"https:\\\/\\\/cinema.video\\\/it#organization\"},\"alternateName\":\"Cinema & Video\",\"potentialAction\":[{\"@type\":\"SearchAction\",\"target\":{\"@type\":\"EntryPoint\",\"urlTemplate\":\"https:\\\/\\\/cinema.video\\\/it?s={search_term_string}\"},\"query-input\":{\"@type\":\"PropertyValueSpecification\",\"valueRequired\":true,\"valueName\":\"search_term_string\"}}],\"inLanguage\":\"it-IT\"},{\"@type\":\"Organization\",\"@id\":\"https:\\\/\\\/cinema.video\\\/it#organization\",\"name\":\"Cinema & Video\",\"url\":\"https:\\\/\\\/cinema.video\\\/it\",\"logo\":{\"@type\":\"ImageObject\",\"inLanguage\":\"it-IT\",\"@id\":\"https:\\\/\\\/cinema.video\\\/it#\\\/schema\\\/logo\\\/image\\\/\",\"url\":\"https:\\\/\\\/cinema.video\\\/wp-content\\\/uploads\\\/2026\\\/04\\\/CinemVideo_LogoBlack.png\",\"contentUrl\":\"https:\\\/\\\/cinema.video\\\/wp-content\\\/uploads\\\/2026\\\/04\\\/CinemVideo_LogoBlack.png\",\"width\":1336,\"height\":224,\"caption\":\"Cinema & Video\"},\"image\":{\"@id\":\"https:\\\/\\\/cinema.video\\\/it#\\\/schema\\\/logo\\\/image\\\/\"},\"sameAs\":[\"https:\\\/\\\/www.facebook.com\\\/CinemaVideoInternational\\\/\",\"https:\\\/\\\/www.instagram.com\\\/cinemaevideointernational\\\/\",\"https:\\\/\\\/it.linkedin.com\\\/company\\\/cinema-video-international\"],\"description\":\"Media Consulting & Marketing Agency\",\"email\":\"hello@darostudio.com\",\"legalName\":\"DARO studio LLC\",\"foundingDate\":\"2021-02-16\",\"numberOfEmployees\":{\"@type\":\"QuantitativeValue\",\"minValue\":\"1\",\"maxValue\":\"10\"}},{\"@type\":\"Person\",\"@id\":\"https:\\\/\\\/cinema.video\\\/it#\\\/schema\\\/person\\\/aeb01b91d874e8b01e76a1db04c668c6\",\"name\":\"Redazione\",\"image\":{\"@type\":\"ImageObject\",\"inLanguage\":\"it-IT\",\"@id\":\"https:\\\/\\\/secure.gravatar.com\\\/avatar\\\/06ad6f92eb14745b75fb592cadf8139d33242d81c9c8b085133c450aaf0b9731?s=96&d=mm&r=g\",\"url\":\"https:\\\/\\\/secure.gravatar.com\\\/avatar\\\/06ad6f92eb14745b75fb592cadf8139d33242d81c9c8b085133c450aaf0b9731?s=96&d=mm&r=g\",\"contentUrl\":\"https:\\\/\\\/secure.gravatar.com\\\/avatar\\\/06ad6f92eb14745b75fb592cadf8139d33242d81c9c8b085133c450aaf0b9731?s=96&d=mm&r=g\",\"caption\":\"Redazione\"},\"url\":\"https:\\\/\\\/cinema.video\\\/it\\\/author\\\/redazione\"}]}<\/script>\n<!-- \/ Yoast SEO Premium plugin. -->","yoast_head_json":{"title":"CORTO CHE PASSIONE! ogni mese i corti sul grande schermo - Cinema &amp; Video International","description":"CORTO CHE PASSIONE! ogni mese i corti sul grande schermo \u2013 corto che passione ogni mese i. Oltre 100 sale cinematografiche in tutta Italia programmeranno,","robots":{"index":"index","follow":"follow","max-snippet":"max-snippet:-1","max-image-preview":"max-image-preview:large","max-video-preview":"max-video-preview:-1"},"canonical":"https:\/\/cinema.video\/it\/corto-che-passione","og_locale":"it_IT","og_type":"article","og_title":"CORTO CHE PASSIONE! ogni mese i corti sul grande schermo","og_description":"CORTO CHE PASSIONE! ogni mese i corti sul grande schermo \u2013 corto che passione ogni mese i. Oltre 100 sale cinematografiche in tutta Italia programmeranno,","og_url":"https:\/\/cinema.video\/it\/corto-che-passione","og_site_name":"Cinema &amp; Video International","article_publisher":"https:\/\/www.facebook.com\/CinemaVideoInternational\/","article_published_time":"2025-03-07T12:47:38+00:00","article_modified_time":"2026-04-10T02:08:16+00:00","og_image":[{"width":1530,"height":939,"url":"https:\/\/cinema.video\/wp-content\/uploads\/2025\/03\/Corto-che-passione.jpg","type":"image\/jpeg"}],"author":"Redazione","twitter_card":"summary_large_image","twitter_misc":{"Scritto da":"Redazione","Tempo di lettura stimato":"4 minuti"},"schema":{"@context":"https:\/\/schema.org","@graph":[{"@type":"Article","@id":"https:\/\/cinema.video\/it\/corto-che-passione#article","isPartOf":{"@id":"https:\/\/cinema.video\/it\/corto-che-passione"},"author":{"name":"Redazione","@id":"https:\/\/cinema.video\/it#\/schema\/person\/aeb01b91d874e8b01e76a1db04c668c6"},"headline":"CORTO CHE PASSIONE! ogni mese i corti sul grande schermo","datePublished":"2025-03-07T12:47:38+00:00","dateModified":"2026-04-10T02:08:16+00:00","mainEntityOfPage":{"@id":"https:\/\/cinema.video\/it\/corto-che-passione"},"wordCount":691,"publisher":{"@id":"https:\/\/cinema.video\/it#organization"},"image":{"@id":"https:\/\/cinema.video\/it\/corto-che-passione#primaryimage"},"thumbnailUrl":"https:\/\/cinema.video\/wp-content\/uploads\/2025\/03\/Corto-che-passione.jpg","keywords":["Cortometraggi","FICE","RAI"],"inLanguage":"it-IT"},{"@type":"WebPage","@id":"https:\/\/cinema.video\/it\/corto-che-passione","url":"https:\/\/cinema.video\/it\/corto-che-passione","name":"CORTO CHE PASSIONE! ogni mese i corti sul grande schermo - Cinema &amp; Video International","isPartOf":{"@id":"https:\/\/cinema.video\/it#website"},"primaryImageOfPage":{"@id":"https:\/\/cinema.video\/it\/corto-che-passione#primaryimage"},"image":{"@id":"https:\/\/cinema.video\/it\/corto-che-passione#primaryimage"},"thumbnailUrl":"https:\/\/cinema.video\/wp-content\/uploads\/2025\/03\/Corto-che-passione.jpg","datePublished":"2025-03-07T12:47:38+00:00","dateModified":"2026-04-10T02:08:16+00:00","description":"CORTO CHE PASSIONE! ogni mese i corti sul grande schermo \u2013 corto che passione ogni mese i. Oltre 100 sale cinematografiche in tutta Italia programmeranno,","breadcrumb":{"@id":"https:\/\/cinema.video\/it\/corto-che-passione#breadcrumb"},"inLanguage":"it-IT","potentialAction":[{"@type":"ReadAction","target":["https:\/\/cinema.video\/it\/corto-che-passione"]}]},{"@type":"ImageObject","inLanguage":"it-IT","@id":"https:\/\/cinema.video\/it\/corto-che-passione#primaryimage","url":"https:\/\/cinema.video\/wp-content\/uploads\/2025\/03\/Corto-che-passione.jpg","contentUrl":"https:\/\/cinema.video\/wp-content\/uploads\/2025\/03\/Corto-che-passione.jpg","width":1530,"height":939,"caption":"Al via l'11 marzo, Corto per Passione!, l'iniziativa che porta in oltre 100 sale circa 70 minuti di corti ogni secondo marted\u00ec del mese"},{"@type":"BreadcrumbList","@id":"https:\/\/cinema.video\/it\/corto-che-passione#breadcrumb","itemListElement":[{"@type":"ListItem","position":1,"name":"Home","item":"https:\/\/cinema.video\/it\/home-2"},{"@type":"ListItem","position":2,"name":"CORTO CHE PASSIONE! ogni mese i corti sul grande schermo"}]},{"@type":"WebSite","@id":"https:\/\/cinema.video\/it#website","url":"https:\/\/cinema.video\/it","name":"Cinema & Video International","description":"Film &amp; Audiovisual Industry Trade Magazine","publisher":{"@id":"https:\/\/cinema.video\/it#organization"},"alternateName":"Cinema & Video","potentialAction":[{"@type":"SearchAction","target":{"@type":"EntryPoint","urlTemplate":"https:\/\/cinema.video\/it?s={search_term_string}"},"query-input":{"@type":"PropertyValueSpecification","valueRequired":true,"valueName":"search_term_string"}}],"inLanguage":"it-IT"},{"@type":"Organization","@id":"https:\/\/cinema.video\/it#organization","name":"Cinema & Video","url":"https:\/\/cinema.video\/it","logo":{"@type":"ImageObject","inLanguage":"it-IT","@id":"https:\/\/cinema.video\/it#\/schema\/logo\/image\/","url":"https:\/\/cinema.video\/wp-content\/uploads\/2026\/04\/CinemVideo_LogoBlack.png","contentUrl":"https:\/\/cinema.video\/wp-content\/uploads\/2026\/04\/CinemVideo_LogoBlack.png","width":1336,"height":224,"caption":"Cinema & Video"},"image":{"@id":"https:\/\/cinema.video\/it#\/schema\/logo\/image\/"},"sameAs":["https:\/\/www.facebook.com\/CinemaVideoInternational\/","https:\/\/www.instagram.com\/cinemaevideointernational\/","https:\/\/it.linkedin.com\/company\/cinema-video-international"],"description":"Media Consulting & Marketing Agency","email":"hello@darostudio.com","legalName":"DARO studio LLC","foundingDate":"2021-02-16","numberOfEmployees":{"@type":"QuantitativeValue","minValue":"1","maxValue":"10"}},{"@type":"Person","@id":"https:\/\/cinema.video\/it#\/schema\/person\/aeb01b91d874e8b01e76a1db04c668c6","name":"Redazione","image":{"@type":"ImageObject","inLanguage":"it-IT","@id":"https:\/\/secure.gravatar.com\/avatar\/06ad6f92eb14745b75fb592cadf8139d33242d81c9c8b085133c450aaf0b9731?s=96&d=mm&r=g","url":"https:\/\/secure.gravatar.com\/avatar\/06ad6f92eb14745b75fb592cadf8139d33242d81c9c8b085133c450aaf0b9731?s=96&d=mm&r=g","contentUrl":"https:\/\/secure.gravatar.com\/avatar\/06ad6f92eb14745b75fb592cadf8139d33242d81c9c8b085133c450aaf0b9731?s=96&d=mm&r=g","caption":"Redazione"},"url":"https:\/\/cinema.video\/it\/author\/redazione"}]}},"jetpack_featured_media_url":"https:\/\/cinema.video\/wp-content\/uploads\/2025\/03\/Corto-che-passione.jpg","jetpack_shortlink":"https:\/\/wp.me\/ph672m-1fQe","_links":{"self":[{"href":"https:\/\/cinema.video\/it\/wp-json\/wp\/v2\/posts\/299226","targetHints":{"allow":["GET"]}}],"collection":[{"href":"https:\/\/cinema.video\/it\/wp-json\/wp\/v2\/posts"}],"about":[{"href":"https:\/\/cinema.video\/it\/wp-json\/wp\/v2\/types\/post"}],"author":[{"embeddable":true,"href":"https:\/\/cinema.video\/it\/wp-json\/wp\/v2\/users\/26"}],"replies":[{"embeddable":true,"href":"https:\/\/cinema.video\/it\/wp-json\/wp\/v2\/comments?post=299226"}],"version-history":[{"count":1,"href":"https:\/\/cinema.video\/it\/wp-json\/wp\/v2\/posts\/299226\/revisions"}],"predecessor-version":[{"id":309586,"href":"https:\/\/cinema.video\/it\/wp-json\/wp\/v2\/posts\/299226\/revisions\/309586"}],"wp:featuredmedia":[{"embeddable":true,"href":"https:\/\/cinema.video\/it\/wp-json\/wp\/v2\/media\/299227"}],"wp:attachment":[{"href":"https:\/\/cinema.video\/it\/wp-json\/wp\/v2\/media?parent=299226"}],"wp:term":[{"taxonomy":"category","embeddable":true,"href":"https:\/\/cinema.video\/it\/wp-json\/wp\/v2\/categories?post=299226"},{"taxonomy":"post_tag","embeddable":true,"href":"https:\/\/cinema.video\/it\/wp-json\/wp\/v2\/tags?post=299226"}],"curies":[{"name":"wp","href":"https:\/\/api.w.org\/{rel}","templated":true}]}}