{"id":299045,"date":"2025-02-06T18:04:55","date_gmt":"2025-02-06T17:04:55","guid":{"rendered":"https:\/\/cinema.video\/?p=299045"},"modified":"2026-04-10T04:07:59","modified_gmt":"2026-04-10T02:07:59","slug":"cartoon-movie-la-prima-volta-di-werner-herzog","status":"publish","type":"post","link":"https:\/\/cinema.video\/it\/cartoon-movie-la-prima-volta-di-werner-herzog","title":{"rendered":"CARTOON MOVIE La prima volta di Werner Herzog"},"content":{"rendered":"\n<p class=\"wp-block-paragraph\">57 progetti cinematografici provenienti da 16 paesi sono stati selezionati per <strong>Cartoon Movie<\/strong>, l&#8217;evento di coproduzione e pitching di lungometraggi d&#8217;animazione europei che si terr\u00e0 a Bordeaux, in Nuova Aquitania, dal 4 al 6 marzo prossimi. La selezione comprende principalmente progetti in fase di sviluppo (34) e in concept (17) oltre a tre film in produzione e tre in anteprima mentre 16 sono i paesi rappresentati (produzione principale).<\/p>\n\n\n\n<p class=\"wp-block-paragraph\">Alla tradizionale manifestazione organizzata da Cartoon di Bruxelles con il supporto di Creative Europe Media, CNC, Regione Nouvelle-Aquitaine, Bordeaux M\u00e9tropole, Magelis e France T\u00e9l\u00e9visions, quest\u2019anno riflettori puntati sulla <strong>Lettonia<\/strong>. Il successo di <em>Flow<\/em>, l&#8217;ultima creazione del regista lettone Gints Zilbalodis che ha trionfato ad Annecy e poi ha vinto agli European Film Awards 2024 e ai Golden Globes 2025 nella categoria Miglior film d&#8217;animazione &#8211; <strong>primo film lettone<\/strong>&nbsp;a vincere un premio nella storia del riconoscimento \u2013 selezionato anche per rappresentare la Lettonia agli Oscar del 2025 nella sezione Miglior film internazionale (prima volta assoluta per il paese) e in quella per il miglior film d\u2019animazione, mostra il talento che pu\u00f2 provenire da questo territorio. Tre i progetti lettoni selezionati a Bordeaux: <em>Karmic Knot<\/em>, della regista Signe Baumane (<em>My Love Affair with Marriage), Born in the Jungle<\/em> e <em>La Stella del Nord<\/em>, questi ultimi gi\u00e0 in produzione mentre il primo \u00e8 attualmente in fase di sviluppo.<\/p>\n\n\n\n<p class=\"wp-block-paragraph\">Grande attesa per il progetto del regista di <em>Fitzcarraldo<\/em>. Basato sul romanzo best seller di <strong>Werner Herzog<\/strong>, <em>The Twilight World<\/em> sar\u00e0 il primo film d&#8217;animazione diretto dal cineasta tedesco. Il film racconta la vera storia di Hiroo Onoda, un ufficiale dell&#8217;intelligence giapponese della Seconda Guerra Mondiale che rifiut\u00f2 di arrendersi e continu\u00f2 a combattere una guerra personale e fittizia nelle giungle delle Filippine per trent\u2019anni. In parte storia romanzata, in parte dramma e in parte diario dei sogni, <em>The Twilight World<\/em> \u00e8 una meditazione sulla natura della realt\u00e0, sull&#8217;illusione del tempo e sul conflitto tra il mondo esterno e la nostra vita interiore. Un progetto in concept con la sceneggiatura di Michael Arias e del regista, designer e animatore milanese <strong>Luca Vitale<\/strong>, che per 18 anni ha lavorato e vissuto a New York e ora a Tokyo.<\/p>\n\n\n\n<p class=\"wp-block-paragraph\">Quanto agli altri titoli in selezione, registi esperti presenteranno i loro ultimi progetti, come Vincent Paronnaud \u2013 co-regista di <em>Persepolis<\/em> &#8211; e Alexis Ducord (la coppia di registi di <em>Angelo dans la for\u00eat myst\u00e9rieuse<\/em>) con il nuovo <em>Treasure Island<\/em> o Kajsa N\u00e6ss (regista di <em>Titina<\/em>) con <em>How to deal with Shattering Geist<\/em>. Fra i progetti in sviluppo anche l\u2019ultimo del regista de <em>Il prodigioso<\/em> <em>Maurice<\/em> Toby Genkel, dal titolo <em>Skip<\/em>. Oltre ai due film lettoni saranno poi mostrate le prime immagini del film tedesco in produzione <em>The Last Whale Singer<\/em> dell\u2019iraniano Reza Memari, gi\u00e0 venduto in numerosi paesi. I partecipanti avranno inoltre l&#8217;opportunit\u00e0 di scoprire le sequenze in anteprima di <em>Fleak<\/em> di Jens M\u00f8ller, <em>Le Secret des M\u00e9sanges<\/em> di Antoine Lanciaux e <em>Tales from the Magic Garden<\/em> dei registi Jean-Claude Rozec, Patrik Pass, Leon Vidmar e David Sukup.<\/p>\n\n\n\n<p class=\"wp-block-paragraph\">Unico titolo (parzialmente) italiano, <em><strong>Rosa e le marmotte<\/strong><\/em> di Alain Ughetto, il regista di <em>Manodopera &#8211;<\/em> <em>Vietato ai cani e agli italiani<\/em>, progetto in sviluppo di nuovo con la coproduzione della torinese <strong>Graffiti Film<\/strong>, gi\u00e0 presente a Bordeaux la scorsa edizione in fase di concept. Un\u2019altra storia che affonda le radici nella memoria degli avi del regista, naturalizzati in Francia dalle valli piemontesi. Insomma, ancora una volta l\u2019Italia non brilla nel formato lungo in animazione. <em><strong>Rosa e le marmotte <\/strong><\/em>\u00e8 anche uno dei 13 progetti selezionati da Eurimages per Cartoon Movie 2025. Dal 2018 il Fondo Eurimages del Consiglio d\u2019Europa ha unito le forze con nove mercati di coproduzione di tutto il mondo \u2013 e Cartoon Movie \u00e8 uno di questi anche quest\u2019anno \u2013 per assegnare l\u2019Eurimages Co-production Development Award (CPDA). Il film prodotto da Les Films du Tambour de Soie potrebbe aggiudicarsi dunque il premio in denaro di 20mila euro creato per promuovere il ruolo del Fondo nell\u2019incoraggiare le coproduzioni internazionali di animazione fin dalle fasi iniziali di un progetto.<\/p>\n","protected":false},"excerpt":{"rendered":"<p>57 progetti cinematografici provenienti da 16 paesi sono stati selezionati per Cartoon Movie, l&#8217;evento di coproduzione e pitching di lungometraggi d&#8217;animazione europei che si terr\u00e0 a Bordeaux, in Nuova Aquitania, dal 4 al 6 marzo prossimi. La selezione comprende principalmente progetti in fase di sviluppo (34) e in concept (17) oltre a tre film in [&hellip;]<\/p>\n","protected":false},"author":14,"featured_media":299040,"comment_status":"closed","ping_status":"closed","sticky":false,"template":"","format":"standard","meta":{"googlesitekit_rrm_CAow3e7fCw:productID":"","_crdt_document":"","footnotes":""},"categories":[1],"tags":[813,436],"class_list":{"0":"post-299045","1":"post","2":"type-post","3":"status-publish","4":"format-standard","5":"has-post-thumbnail","7":"category-senza-categoria","8":"tag-animation","9":"tag-animazione"},"yoast_head":"<!-- This site is optimized with the Yoast SEO Premium plugin v27.4 (Yoast SEO v27.5) - https:\/\/yoast.com\/product\/yoast-seo-premium-wordpress\/ -->\n<title>CARTOON MOVIE La prima volta di Werner Herzog - Cinema &amp; Video International<\/title>\n<meta name=\"description\" content=\"CARTOON MOVIE La prima volta di Werner Herzog \u2013 cartoon movie la prima volta di. 57 progetti cinematografici provenienti da 16 paesi sono stati selezionat\" \/>\n<meta name=\"robots\" content=\"index, follow, max-snippet:-1, max-image-preview:large, max-video-preview:-1\" \/>\n<link rel=\"canonical\" href=\"https:\/\/cinema.video\/it\/cartoon-movie-la-prima-volta-di-werner-herzog\" \/>\n<meta property=\"og:locale\" content=\"it_IT\" \/>\n<meta property=\"og:type\" content=\"article\" \/>\n<meta property=\"og:title\" content=\"CARTOON MOVIE La prima volta di Werner Herzog\" \/>\n<meta property=\"og:description\" content=\"CARTOON MOVIE La prima volta di Werner Herzog \u2013 cartoon movie la prima volta di. 57 progetti cinematografici provenienti da 16 paesi sono stati selezionat\" \/>\n<meta property=\"og:url\" content=\"https:\/\/cinema.video\/it\/cartoon-movie-la-prima-volta-di-werner-herzog\" \/>\n<meta property=\"og:site_name\" content=\"Cinema &amp; Video International\" \/>\n<meta property=\"article:publisher\" content=\"https:\/\/www.facebook.com\/CinemaVideoInternational\/\" \/>\n<meta property=\"article:published_time\" content=\"2025-02-06T17:04:55+00:00\" \/>\n<meta property=\"article:modified_time\" content=\"2026-04-10T02:07:59+00:00\" \/>\n<meta property=\"og:image\" content=\"https:\/\/cinema.video\/wp-content\/uploads\/2025\/02\/MOV25-visu-vertical_logos-EN-scaled.jpg\" \/>\n\t<meta property=\"og:image:width\" content=\"1810\" \/>\n\t<meta property=\"og:image:height\" content=\"2560\" \/>\n\t<meta property=\"og:image:type\" content=\"image\/jpeg\" \/>\n<meta name=\"author\" content=\"Monica Tasciotti\" \/>\n<meta name=\"twitter:card\" content=\"summary_large_image\" \/>\n<meta name=\"twitter:label1\" content=\"Scritto da\" \/>\n\t<meta name=\"twitter:data1\" content=\"Monica Tasciotti\" \/>\n\t<meta name=\"twitter:label2\" content=\"Tempo di lettura stimato\" \/>\n\t<meta name=\"twitter:data2\" content=\"4 minuti\" \/>\n<script type=\"application\/ld+json\" class=\"yoast-schema-graph\">{\"@context\":\"https:\\\/\\\/schema.org\",\"@graph\":[{\"@type\":\"Article\",\"@id\":\"https:\\\/\\\/cinema.video\\\/it\\\/cartoon-movie-la-prima-volta-di-werner-herzog#article\",\"isPartOf\":{\"@id\":\"https:\\\/\\\/cinema.video\\\/it\\\/cartoon-movie-la-prima-volta-di-werner-herzog\"},\"author\":{\"name\":\"Monica Tasciotti\",\"@id\":\"https:\\\/\\\/cinema.video\\\/it#\\\/schema\\\/person\\\/1ee8b2699ef9820dce5f2d4deb57c0be\"},\"headline\":\"CARTOON MOVIE La prima volta di Werner Herzog\",\"datePublished\":\"2025-02-06T17:04:55+00:00\",\"dateModified\":\"2026-04-10T02:07:59+00:00\",\"mainEntityOfPage\":{\"@id\":\"https:\\\/\\\/cinema.video\\\/it\\\/cartoon-movie-la-prima-volta-di-werner-herzog\"},\"wordCount\":684,\"publisher\":{\"@id\":\"https:\\\/\\\/cinema.video\\\/it#organization\"},\"image\":{\"@id\":\"https:\\\/\\\/cinema.video\\\/it\\\/cartoon-movie-la-prima-volta-di-werner-herzog#primaryimage\"},\"thumbnailUrl\":\"https:\\\/\\\/cinema.video\\\/wp-content\\\/uploads\\\/2025\\\/02\\\/MOV25-visu-vertical_logos-EN-scaled.jpg\",\"keywords\":[\"ANIMATION\",\"Animazione\"],\"inLanguage\":\"it-IT\"},{\"@type\":\"WebPage\",\"@id\":\"https:\\\/\\\/cinema.video\\\/it\\\/cartoon-movie-la-prima-volta-di-werner-herzog\",\"url\":\"https:\\\/\\\/cinema.video\\\/it\\\/cartoon-movie-la-prima-volta-di-werner-herzog\",\"name\":\"CARTOON MOVIE La prima volta di Werner Herzog - Cinema &amp; Video International\",\"isPartOf\":{\"@id\":\"https:\\\/\\\/cinema.video\\\/it#website\"},\"primaryImageOfPage\":{\"@id\":\"https:\\\/\\\/cinema.video\\\/it\\\/cartoon-movie-la-prima-volta-di-werner-herzog#primaryimage\"},\"image\":{\"@id\":\"https:\\\/\\\/cinema.video\\\/it\\\/cartoon-movie-la-prima-volta-di-werner-herzog#primaryimage\"},\"thumbnailUrl\":\"https:\\\/\\\/cinema.video\\\/wp-content\\\/uploads\\\/2025\\\/02\\\/MOV25-visu-vertical_logos-EN-scaled.jpg\",\"datePublished\":\"2025-02-06T17:04:55+00:00\",\"dateModified\":\"2026-04-10T02:07:59+00:00\",\"description\":\"CARTOON MOVIE La prima volta di Werner Herzog \u2013 cartoon movie la prima volta di. 57 progetti cinematografici provenienti da 16 paesi sono stati selezionat\",\"breadcrumb\":{\"@id\":\"https:\\\/\\\/cinema.video\\\/it\\\/cartoon-movie-la-prima-volta-di-werner-herzog#breadcrumb\"},\"inLanguage\":\"it-IT\",\"potentialAction\":[{\"@type\":\"ReadAction\",\"target\":[\"https:\\\/\\\/cinema.video\\\/it\\\/cartoon-movie-la-prima-volta-di-werner-herzog\"]}]},{\"@type\":\"ImageObject\",\"inLanguage\":\"it-IT\",\"@id\":\"https:\\\/\\\/cinema.video\\\/it\\\/cartoon-movie-la-prima-volta-di-werner-herzog#primaryimage\",\"url\":\"https:\\\/\\\/cinema.video\\\/wp-content\\\/uploads\\\/2025\\\/02\\\/MOV25-visu-vertical_logos-EN-scaled.jpg\",\"contentUrl\":\"https:\\\/\\\/cinema.video\\\/wp-content\\\/uploads\\\/2025\\\/02\\\/MOV25-visu-vertical_logos-EN-scaled.jpg\",\"width\":1810,\"height\":2560},{\"@type\":\"BreadcrumbList\",\"@id\":\"https:\\\/\\\/cinema.video\\\/it\\\/cartoon-movie-la-prima-volta-di-werner-herzog#breadcrumb\",\"itemListElement\":[{\"@type\":\"ListItem\",\"position\":1,\"name\":\"Home\",\"item\":\"https:\\\/\\\/cinema.video\\\/it\\\/home-2\"},{\"@type\":\"ListItem\",\"position\":2,\"name\":\"CARTOON MOVIE La prima volta di Werner Herzog\"}]},{\"@type\":\"WebSite\",\"@id\":\"https:\\\/\\\/cinema.video\\\/it#website\",\"url\":\"https:\\\/\\\/cinema.video\\\/it\",\"name\":\"Cinema & Video International\",\"description\":\"Film &amp; Audiovisual Industry Trade Magazine\",\"publisher\":{\"@id\":\"https:\\\/\\\/cinema.video\\\/it#organization\"},\"alternateName\":\"Cinema & Video\",\"potentialAction\":[{\"@type\":\"SearchAction\",\"target\":{\"@type\":\"EntryPoint\",\"urlTemplate\":\"https:\\\/\\\/cinema.video\\\/it?s={search_term_string}\"},\"query-input\":{\"@type\":\"PropertyValueSpecification\",\"valueRequired\":true,\"valueName\":\"search_term_string\"}}],\"inLanguage\":\"it-IT\"},{\"@type\":\"Organization\",\"@id\":\"https:\\\/\\\/cinema.video\\\/it#organization\",\"name\":\"Cinema & Video\",\"url\":\"https:\\\/\\\/cinema.video\\\/it\",\"logo\":{\"@type\":\"ImageObject\",\"inLanguage\":\"it-IT\",\"@id\":\"https:\\\/\\\/cinema.video\\\/it#\\\/schema\\\/logo\\\/image\\\/\",\"url\":\"https:\\\/\\\/cinema.video\\\/wp-content\\\/uploads\\\/2026\\\/04\\\/CinemVideo_LogoBlack.png\",\"contentUrl\":\"https:\\\/\\\/cinema.video\\\/wp-content\\\/uploads\\\/2026\\\/04\\\/CinemVideo_LogoBlack.png\",\"width\":1336,\"height\":224,\"caption\":\"Cinema & Video\"},\"image\":{\"@id\":\"https:\\\/\\\/cinema.video\\\/it#\\\/schema\\\/logo\\\/image\\\/\"},\"sameAs\":[\"https:\\\/\\\/www.facebook.com\\\/CinemaVideoInternational\\\/\",\"https:\\\/\\\/www.instagram.com\\\/cinemaevideointernational\\\/\",\"https:\\\/\\\/it.linkedin.com\\\/company\\\/cinema-video-international\"],\"description\":\"Media Consulting & Marketing Agency\",\"email\":\"hello@darostudio.com\",\"legalName\":\"DARO studio LLC\",\"foundingDate\":\"2021-02-16\",\"numberOfEmployees\":{\"@type\":\"QuantitativeValue\",\"minValue\":\"1\",\"maxValue\":\"10\"}},{\"@type\":\"Person\",\"@id\":\"https:\\\/\\\/cinema.video\\\/it#\\\/schema\\\/person\\\/1ee8b2699ef9820dce5f2d4deb57c0be\",\"name\":\"Monica Tasciotti\",\"image\":{\"@type\":\"ImageObject\",\"inLanguage\":\"it-IT\",\"@id\":\"https:\\\/\\\/secure.gravatar.com\\\/avatar\\\/b6c16aab817044746bca86a66f5c3d236a2ce9151db90e36a71509f650f31bf9?s=96&d=mm&r=g\",\"url\":\"https:\\\/\\\/secure.gravatar.com\\\/avatar\\\/b6c16aab817044746bca86a66f5c3d236a2ce9151db90e36a71509f650f31bf9?s=96&d=mm&r=g\",\"contentUrl\":\"https:\\\/\\\/secure.gravatar.com\\\/avatar\\\/b6c16aab817044746bca86a66f5c3d236a2ce9151db90e36a71509f650f31bf9?s=96&d=mm&r=g\",\"caption\":\"Monica Tasciotti\"},\"url\":\"https:\\\/\\\/cinema.video\\\/it\\\/author\\\/monica-tasciotti\"}]}<\/script>\n<!-- \/ Yoast SEO Premium plugin. -->","yoast_head_json":{"title":"CARTOON MOVIE La prima volta di Werner Herzog - Cinema &amp; Video International","description":"CARTOON MOVIE La prima volta di Werner Herzog \u2013 cartoon movie la prima volta di. 57 progetti cinematografici provenienti da 16 paesi sono stati selezionat","robots":{"index":"index","follow":"follow","max-snippet":"max-snippet:-1","max-image-preview":"max-image-preview:large","max-video-preview":"max-video-preview:-1"},"canonical":"https:\/\/cinema.video\/it\/cartoon-movie-la-prima-volta-di-werner-herzog","og_locale":"it_IT","og_type":"article","og_title":"CARTOON MOVIE La prima volta di Werner Herzog","og_description":"CARTOON MOVIE La prima volta di Werner Herzog \u2013 cartoon movie la prima volta di. 57 progetti cinematografici provenienti da 16 paesi sono stati selezionat","og_url":"https:\/\/cinema.video\/it\/cartoon-movie-la-prima-volta-di-werner-herzog","og_site_name":"Cinema &amp; Video International","article_publisher":"https:\/\/www.facebook.com\/CinemaVideoInternational\/","article_published_time":"2025-02-06T17:04:55+00:00","article_modified_time":"2026-04-10T02:07:59+00:00","og_image":[{"width":1810,"height":2560,"url":"https:\/\/cinema.video\/wp-content\/uploads\/2025\/02\/MOV25-visu-vertical_logos-EN-scaled.jpg","type":"image\/jpeg"}],"author":"Monica Tasciotti","twitter_card":"summary_large_image","twitter_misc":{"Scritto da":"Monica Tasciotti","Tempo di lettura stimato":"4 minuti"},"schema":{"@context":"https:\/\/schema.org","@graph":[{"@type":"Article","@id":"https:\/\/cinema.video\/it\/cartoon-movie-la-prima-volta-di-werner-herzog#article","isPartOf":{"@id":"https:\/\/cinema.video\/it\/cartoon-movie-la-prima-volta-di-werner-herzog"},"author":{"name":"Monica Tasciotti","@id":"https:\/\/cinema.video\/it#\/schema\/person\/1ee8b2699ef9820dce5f2d4deb57c0be"},"headline":"CARTOON MOVIE La prima volta di Werner Herzog","datePublished":"2025-02-06T17:04:55+00:00","dateModified":"2026-04-10T02:07:59+00:00","mainEntityOfPage":{"@id":"https:\/\/cinema.video\/it\/cartoon-movie-la-prima-volta-di-werner-herzog"},"wordCount":684,"publisher":{"@id":"https:\/\/cinema.video\/it#organization"},"image":{"@id":"https:\/\/cinema.video\/it\/cartoon-movie-la-prima-volta-di-werner-herzog#primaryimage"},"thumbnailUrl":"https:\/\/cinema.video\/wp-content\/uploads\/2025\/02\/MOV25-visu-vertical_logos-EN-scaled.jpg","keywords":["ANIMATION","Animazione"],"inLanguage":"it-IT"},{"@type":"WebPage","@id":"https:\/\/cinema.video\/it\/cartoon-movie-la-prima-volta-di-werner-herzog","url":"https:\/\/cinema.video\/it\/cartoon-movie-la-prima-volta-di-werner-herzog","name":"CARTOON MOVIE La prima volta di Werner Herzog - Cinema &amp; Video International","isPartOf":{"@id":"https:\/\/cinema.video\/it#website"},"primaryImageOfPage":{"@id":"https:\/\/cinema.video\/it\/cartoon-movie-la-prima-volta-di-werner-herzog#primaryimage"},"image":{"@id":"https:\/\/cinema.video\/it\/cartoon-movie-la-prima-volta-di-werner-herzog#primaryimage"},"thumbnailUrl":"https:\/\/cinema.video\/wp-content\/uploads\/2025\/02\/MOV25-visu-vertical_logos-EN-scaled.jpg","datePublished":"2025-02-06T17:04:55+00:00","dateModified":"2026-04-10T02:07:59+00:00","description":"CARTOON MOVIE La prima volta di Werner Herzog \u2013 cartoon movie la prima volta di. 57 progetti cinematografici provenienti da 16 paesi sono stati selezionat","breadcrumb":{"@id":"https:\/\/cinema.video\/it\/cartoon-movie-la-prima-volta-di-werner-herzog#breadcrumb"},"inLanguage":"it-IT","potentialAction":[{"@type":"ReadAction","target":["https:\/\/cinema.video\/it\/cartoon-movie-la-prima-volta-di-werner-herzog"]}]},{"@type":"ImageObject","inLanguage":"it-IT","@id":"https:\/\/cinema.video\/it\/cartoon-movie-la-prima-volta-di-werner-herzog#primaryimage","url":"https:\/\/cinema.video\/wp-content\/uploads\/2025\/02\/MOV25-visu-vertical_logos-EN-scaled.jpg","contentUrl":"https:\/\/cinema.video\/wp-content\/uploads\/2025\/02\/MOV25-visu-vertical_logos-EN-scaled.jpg","width":1810,"height":2560},{"@type":"BreadcrumbList","@id":"https:\/\/cinema.video\/it\/cartoon-movie-la-prima-volta-di-werner-herzog#breadcrumb","itemListElement":[{"@type":"ListItem","position":1,"name":"Home","item":"https:\/\/cinema.video\/it\/home-2"},{"@type":"ListItem","position":2,"name":"CARTOON MOVIE La prima volta di Werner Herzog"}]},{"@type":"WebSite","@id":"https:\/\/cinema.video\/it#website","url":"https:\/\/cinema.video\/it","name":"Cinema & Video International","description":"Film &amp; Audiovisual Industry Trade Magazine","publisher":{"@id":"https:\/\/cinema.video\/it#organization"},"alternateName":"Cinema & Video","potentialAction":[{"@type":"SearchAction","target":{"@type":"EntryPoint","urlTemplate":"https:\/\/cinema.video\/it?s={search_term_string}"},"query-input":{"@type":"PropertyValueSpecification","valueRequired":true,"valueName":"search_term_string"}}],"inLanguage":"it-IT"},{"@type":"Organization","@id":"https:\/\/cinema.video\/it#organization","name":"Cinema & Video","url":"https:\/\/cinema.video\/it","logo":{"@type":"ImageObject","inLanguage":"it-IT","@id":"https:\/\/cinema.video\/it#\/schema\/logo\/image\/","url":"https:\/\/cinema.video\/wp-content\/uploads\/2026\/04\/CinemVideo_LogoBlack.png","contentUrl":"https:\/\/cinema.video\/wp-content\/uploads\/2026\/04\/CinemVideo_LogoBlack.png","width":1336,"height":224,"caption":"Cinema & Video"},"image":{"@id":"https:\/\/cinema.video\/it#\/schema\/logo\/image\/"},"sameAs":["https:\/\/www.facebook.com\/CinemaVideoInternational\/","https:\/\/www.instagram.com\/cinemaevideointernational\/","https:\/\/it.linkedin.com\/company\/cinema-video-international"],"description":"Media Consulting & Marketing Agency","email":"hello@darostudio.com","legalName":"DARO studio LLC","foundingDate":"2021-02-16","numberOfEmployees":{"@type":"QuantitativeValue","minValue":"1","maxValue":"10"}},{"@type":"Person","@id":"https:\/\/cinema.video\/it#\/schema\/person\/1ee8b2699ef9820dce5f2d4deb57c0be","name":"Monica Tasciotti","image":{"@type":"ImageObject","inLanguage":"it-IT","@id":"https:\/\/secure.gravatar.com\/avatar\/b6c16aab817044746bca86a66f5c3d236a2ce9151db90e36a71509f650f31bf9?s=96&d=mm&r=g","url":"https:\/\/secure.gravatar.com\/avatar\/b6c16aab817044746bca86a66f5c3d236a2ce9151db90e36a71509f650f31bf9?s=96&d=mm&r=g","contentUrl":"https:\/\/secure.gravatar.com\/avatar\/b6c16aab817044746bca86a66f5c3d236a2ce9151db90e36a71509f650f31bf9?s=96&d=mm&r=g","caption":"Monica Tasciotti"},"url":"https:\/\/cinema.video\/it\/author\/monica-tasciotti"}]}},"jetpack_featured_media_url":"https:\/\/cinema.video\/wp-content\/uploads\/2025\/02\/MOV25-visu-vertical_logos-EN-scaled.jpg","jetpack_shortlink":"https:\/\/wp.me\/ph672m-1fNj","_links":{"self":[{"href":"https:\/\/cinema.video\/it\/wp-json\/wp\/v2\/posts\/299045","targetHints":{"allow":["GET"]}}],"collection":[{"href":"https:\/\/cinema.video\/it\/wp-json\/wp\/v2\/posts"}],"about":[{"href":"https:\/\/cinema.video\/it\/wp-json\/wp\/v2\/types\/post"}],"author":[{"embeddable":true,"href":"https:\/\/cinema.video\/it\/wp-json\/wp\/v2\/users\/14"}],"replies":[{"embeddable":true,"href":"https:\/\/cinema.video\/it\/wp-json\/wp\/v2\/comments?post=299045"}],"version-history":[{"count":1,"href":"https:\/\/cinema.video\/it\/wp-json\/wp\/v2\/posts\/299045\/revisions"}],"predecessor-version":[{"id":309562,"href":"https:\/\/cinema.video\/it\/wp-json\/wp\/v2\/posts\/299045\/revisions\/309562"}],"wp:featuredmedia":[{"embeddable":true,"href":"https:\/\/cinema.video\/it\/wp-json\/wp\/v2\/media\/299040"}],"wp:attachment":[{"href":"https:\/\/cinema.video\/it\/wp-json\/wp\/v2\/media?parent=299045"}],"wp:term":[{"taxonomy":"category","embeddable":true,"href":"https:\/\/cinema.video\/it\/wp-json\/wp\/v2\/categories?post=299045"},{"taxonomy":"post_tag","embeddable":true,"href":"https:\/\/cinema.video\/it\/wp-json\/wp\/v2\/tags?post=299045"}],"curies":[{"name":"wp","href":"https:\/\/api.w.org\/{rel}","templated":true}]}}