{"id":299012,"date":"2025-01-31T18:01:00","date_gmt":"2025-01-31T17:01:00","guid":{"rendered":"https:\/\/cinema.video\/?p=299012"},"modified":"2026-04-10T04:07:52","modified_gmt":"2026-04-10T02:07:52","slug":"fondo-co-produzione-ibermedia","status":"publish","type":"post","link":"https:\/\/cinema.video\/it\/fondo-co-produzione-ibermedia","title":{"rendered":"In arrivo un fondo per co-produrre con i paesi di ambito Ibermedia"},"content":{"rendered":"\n<p class=\"wp-block-paragraph\">\u00c9 in arrivo un nuovo fondo&nbsp; di circa 1 milione di euro per i produttori italiani intenzionati a produrre con i produttori di ambito Ibermedia. Lo ha annunciato oggi <strong>Roberto Stabile<\/strong>, responsabile dei progetti speciali della DGCA a Madrid, dove \u00e8 intervenuto all\u2019interno di una sessione dedicata alla co-produzione con l\u2019Italia nell\u2019ambito de <strong>La Jornada del La Industria<\/strong>, organizzata dall\u2019associazione di produttori spagnoli <strong>AECine.<\/strong><\/p>\n\n\n\n<p class=\"wp-block-paragraph\">\u201cQuesto strumento, al quale stiamo lavorando, sar\u00e0 molto semplice, rapido e diretto e costituir\u00e0 un\u2019ulteriore possibilit\u00e0 per la co-produzione Italia-Spagna: in questo caso, la co-produzione dovr\u00e0 coinvolgere anche un produttore sudamericano\u201d, ha detto Stabile, spiegando che la misura nasce in seguito all\u2019uscita dell\u2019Italia da Ibermedia, di cui l\u2019Italia ha fatto parte per 8 anni. Secondo i dati Ibermedia, dal 2017 al 2024 sono stati prodotti 53 progetti di lungometraggio fra Italia e i paesi di riferimento del programma, quali Bolivia, Cile, Colombia, Cuba, Ecuador, Spagna, Messico, Panama, Paraguai, Per\u00f9, Portogallo, Repubblica Dominicana e Venezuela.<\/p>\n\n\n\n<p class=\"wp-block-paragraph\">L\u2019annuncio del fondo verr\u00e0 dato con tutta probabilit\u00e0 all\u2019EFM della Berlinale fra due settimane. L\u2019anticipazione a Madrid, che \u00e8 stata preceduta da una panoramica sul sistema di incentivi a cui i produttori stranieri&nbsp; possono accedere in Italia attraverso le co-produzioni, si colloca all\u2019interno di un percorso, spiega Stabile, che nasce dalla \u201cvolont\u00e0 di rafforzare la collaborazione fra i nostri. Per questo ci tenevo a presentare in Spagna il nuovo sistema di incentivi, prima di farlo ufficialmente a Berlino, con la Nuova Legge Cinema. Abbiamo cambiato da poco il nostro sistema, abbiamo avuto un cambio di governo e nel nuovo governo un cambio al ministero della Cultura, per questo \u00e8 stato tutto un work-in progress, che adesso \u00e8 finalmente andato a regime\u201d &nbsp;<\/p>\n\n\n\n<p class=\"wp-block-paragraph\">A partire da questo momento, continua Stabile, \u201cl\u2019Italia sar\u00e0 un partner molto affidabile per le&nbsp; co-produzioni. E le indicazioni che ci arrivano, anche dalla politica, sono quelle di rafforzare la nostra collaborazione con la Spagna. Da sempre abbiamo una relazione molto profonda con la Spagna, un rapporto privilegiato con l\u2019ICAA (l\u2019Istituto della Cinematografia e delle Arti Audiovisive spagnolo), e nonostante ci\u00f2 si fanno molte poche co-produzioni fra i nostri paesi: questo non \u00e8 pi\u00f9 accettabile. Dunque apriamo la porta al cinema spagnolo in Italia e iniziamo un percorso all\u2019interno dei festival spagnoli, dove ci sono pochi film italiani e una scarsa presenza dell\u2019industria. A partire dal prossimo festival, che credo sar\u00e0 quello di Malaga, cercheremo di portare pi\u00f9 film e pi\u00f9 produttori, con la convinzione che si possano fare davvero grandi cosi.\u201d<\/p>\n\n\n\n<p class=\"wp-block-paragraph\">Convinzione e volont\u00e0 totalmente condivisa dal direttore generale dell\u2019ICAA,<strong> Ignasi Camos<\/strong><\/p>\n\n\n\n<p class=\"wp-block-paragraph\">L\u2019incontro \u00e8 proseguito con l\u2019intervento di Giovanni Pompili, che con la sua Kino Produzioni ha all\u2019attivo diverse pluripremiate co-produzioni con la Spagna, quali Alcarr\u00e1s e il recente <em>Polvo Ser\u00e1n.<\/em><\/p>\n\n\n\n<p class=\"wp-block-paragraph\">Realizzato grazie alla collaborazione con Irene Jim\u00e9nez de <a href=\"https:\/\/www.audiovisual451.com\">Audiovisual 451<\/a><\/p>\n","protected":false},"excerpt":{"rendered":"<p>Il fondo, di circa 1 milione di euro, sar\u00e0 presentato con tutta probabilit\u00e0 all&#8217;EFM della Berlinale. Roberto Stabile, responsabile dei progetti speciali della DGCA, lo ha annunciato alla Jornada del La Industria di Madrid<\/p>\n","protected":false},"author":2,"featured_media":299011,"comment_status":"closed","ping_status":"closed","sticky":false,"template":"","format":"standard","meta":{"googlesitekit_rrm_CAow3e7fCw:productID":"","_wpcom_ai_launchpad_first_post":false,"footnotes":"","jetpack_post_was_ever_published":false},"categories":[198,1],"tags":[],"class_list":["post-299012","post","type-post","status-publish","format-standard","has-post-thumbnail","category-industry","category-senza-categoria"],"yoast_head":"<!-- This site is optimized with the Yoast SEO Premium plugin v28.3 (Yoast SEO v28.3) - https:\/\/yoast.com\/product\/yoast-seo-premium-wordpress\/ -->\n<title>In arrivo un fondo per co-produrre con i paesi di ambito Ibermedia - Cinema &amp; Video International<\/title>\n<meta name=\"description\" content=\"In arrivo un fondo per co-produrre con i paesi di ambito Ibermedia \u2013 in arrivo un fondo per coprodurre. \u00c9 in arrivo un nuovo fondo&nbsp; di circa 1 milion\" \/>\n<meta name=\"robots\" content=\"index, follow, max-snippet:-1, max-image-preview:large, max-video-preview:-1\" \/>\n<link rel=\"canonical\" href=\"https:\/\/cinema.video\/it\/fondo-co-produzione-ibermedia\" \/>\n<meta property=\"og:locale\" content=\"it_IT\" \/>\n<meta property=\"og:type\" content=\"article\" \/>\n<meta property=\"og:title\" content=\"In arrivo un fondo per co-produrre con i paesi di ambito Ibermedia\" \/>\n<meta property=\"og:description\" content=\"In arrivo un fondo per co-produrre con i paesi di ambito Ibermedia \u2013 in arrivo un fondo per coprodurre. \u00c9 in arrivo un nuovo fondo&nbsp; di circa 1 milion\" \/>\n<meta property=\"og:url\" content=\"https:\/\/cinema.video\/it\/fondo-co-produzione-ibermedia\" \/>\n<meta property=\"og:site_name\" content=\"Cinema &amp; Video International\" \/>\n<meta property=\"article:publisher\" content=\"https:\/\/www.facebook.com\/CinemaVideoInternational\/\" \/>\n<meta property=\"article:published_time\" content=\"2025-01-31T17:01:00+00:00\" \/>\n<meta property=\"article:modified_time\" content=\"2026-04-10T02:07:52+00:00\" \/>\n<meta property=\"og:image\" content=\"https:\/\/cinema.video\/wp-content\/uploads\/2025\/01\/IMG-20250131-WA0038.jpg\" \/>\n\t<meta property=\"og:image:width\" content=\"1599\" \/>\n\t<meta property=\"og:image:height\" content=\"1066\" \/>\n\t<meta property=\"og:image:type\" content=\"image\/jpeg\" \/>\n<meta name=\"author\" content=\"Carolina Mancini\" \/>\n<meta name=\"twitter:card\" content=\"summary_large_image\" \/>\n<meta name=\"twitter:label1\" content=\"Scritto da\" \/>\n\t<meta name=\"twitter:data1\" content=\"Carolina Mancini\" \/>\n\t<meta name=\"twitter:label2\" content=\"Tempo di lettura stimato\" \/>\n\t<meta name=\"twitter:data2\" content=\"3 minuti\" \/>\n<script type=\"application\/ld+json\" class=\"yoast-schema-graph\">{\"@context\":\"https:\\\/\\\/schema.org\",\"@graph\":[{\"@type\":\"Article\",\"@id\":\"https:\\\/\\\/cinema.video\\\/it\\\/fondo-co-produzione-ibermedia#article\",\"isPartOf\":{\"@id\":\"https:\\\/\\\/cinema.video\\\/it\\\/fondo-co-produzione-ibermedia\"},\"author\":{\"name\":\"Carolina Mancini\",\"@id\":\"https:\\\/\\\/cinema.video\\\/it#\\\/schema\\\/person\\\/d5479fad8d0f2360000eb4aab6bb6e5d\"},\"headline\":\"In arrivo un fondo per co-produrre con i paesi di ambito Ibermedia\",\"datePublished\":\"2025-01-31T17:01:00+00:00\",\"dateModified\":\"2026-04-10T02:07:52+00:00\",\"mainEntityOfPage\":{\"@id\":\"https:\\\/\\\/cinema.video\\\/it\\\/fondo-co-produzione-ibermedia\"},\"wordCount\":488,\"publisher\":{\"@id\":\"https:\\\/\\\/cinema.video\\\/it#organization\"},\"image\":{\"@id\":\"https:\\\/\\\/cinema.video\\\/it\\\/fondo-co-produzione-ibermedia#primaryimage\"},\"thumbnailUrl\":\"https:\\\/\\\/cinema.video\\\/wp-content\\\/uploads\\\/2025\\\/01\\\/IMG-20250131-WA0038.jpg\",\"articleSection\":[\"INDUSTRY\"],\"inLanguage\":\"it-IT\"},{\"@type\":\"WebPage\",\"@id\":\"https:\\\/\\\/cinema.video\\\/it\\\/fondo-co-produzione-ibermedia\",\"url\":\"https:\\\/\\\/cinema.video\\\/it\\\/fondo-co-produzione-ibermedia\",\"name\":\"In arrivo un fondo per co-produrre con i paesi di ambito Ibermedia - Cinema &amp; Video International\",\"isPartOf\":{\"@id\":\"https:\\\/\\\/cinema.video\\\/it#website\"},\"primaryImageOfPage\":{\"@id\":\"https:\\\/\\\/cinema.video\\\/it\\\/fondo-co-produzione-ibermedia#primaryimage\"},\"image\":{\"@id\":\"https:\\\/\\\/cinema.video\\\/it\\\/fondo-co-produzione-ibermedia#primaryimage\"},\"thumbnailUrl\":\"https:\\\/\\\/cinema.video\\\/wp-content\\\/uploads\\\/2025\\\/01\\\/IMG-20250131-WA0038.jpg\",\"datePublished\":\"2025-01-31T17:01:00+00:00\",\"dateModified\":\"2026-04-10T02:07:52+00:00\",\"description\":\"In arrivo un fondo per co-produrre con i paesi di ambito Ibermedia \u2013 in arrivo un fondo per coprodurre. \u00c9 in arrivo un nuovo fondo&nbsp; di circa 1 milion\",\"breadcrumb\":{\"@id\":\"https:\\\/\\\/cinema.video\\\/it\\\/fondo-co-produzione-ibermedia#breadcrumb\"},\"inLanguage\":\"it-IT\",\"potentialAction\":[{\"@type\":\"ReadAction\",\"target\":[\"https:\\\/\\\/cinema.video\\\/it\\\/fondo-co-produzione-ibermedia\"]}]},{\"@type\":\"ImageObject\",\"inLanguage\":\"it-IT\",\"@id\":\"https:\\\/\\\/cinema.video\\\/it\\\/fondo-co-produzione-ibermedia#primaryimage\",\"url\":\"https:\\\/\\\/cinema.video\\\/wp-content\\\/uploads\\\/2025\\\/01\\\/IMG-20250131-WA0038.jpg\",\"contentUrl\":\"https:\\\/\\\/cinema.video\\\/wp-content\\\/uploads\\\/2025\\\/01\\\/IMG-20250131-WA0038.jpg\",\"width\":1599,\"height\":1066,\"caption\":\"foto de Irene Jim\u00e9nez\"},{\"@type\":\"BreadcrumbList\",\"@id\":\"https:\\\/\\\/cinema.video\\\/it\\\/fondo-co-produzione-ibermedia#breadcrumb\",\"itemListElement\":[{\"@type\":\"ListItem\",\"position\":1,\"name\":\"Home\",\"item\":\"https:\\\/\\\/cinema.video\\\/it\"},{\"@type\":\"ListItem\",\"position\":2,\"name\":\"In arrivo un fondo per co-produrre con i paesi di ambito Ibermedia\"}]},{\"@type\":\"WebSite\",\"@id\":\"https:\\\/\\\/cinema.video\\\/it#website\",\"url\":\"https:\\\/\\\/cinema.video\\\/it\",\"name\":\"Cinema & Video International\",\"description\":\"Film &amp; Audiovisual B2B Industry Trade Platform Magazine\",\"publisher\":{\"@id\":\"https:\\\/\\\/cinema.video\\\/it#organization\"},\"alternateName\":\"Cinema & Video\",\"potentialAction\":[{\"@type\":\"SearchAction\",\"target\":{\"@type\":\"EntryPoint\",\"urlTemplate\":\"https:\\\/\\\/cinema.video\\\/it?s={search_term_string}\"},\"query-input\":{\"@type\":\"PropertyValueSpecification\",\"valueRequired\":true,\"valueName\":\"search_term_string\"}}],\"inLanguage\":\"it-IT\"},{\"@type\":\"Organization\",\"@id\":\"https:\\\/\\\/cinema.video\\\/it#organization\",\"name\":\"Cinema & Video\",\"url\":\"https:\\\/\\\/cinema.video\\\/it\",\"logo\":{\"@type\":\"ImageObject\",\"inLanguage\":\"it-IT\",\"@id\":\"https:\\\/\\\/cinema.video\\\/it#\\\/schema\\\/logo\\\/image\\\/\",\"url\":\"https:\\\/\\\/cinema.video\\\/wp-content\\\/uploads\\\/2026\\\/04\\\/CinemVideo_LogoBlack.png\",\"contentUrl\":\"https:\\\/\\\/cinema.video\\\/wp-content\\\/uploads\\\/2026\\\/04\\\/CinemVideo_LogoBlack.png\",\"width\":1336,\"height\":224,\"caption\":\"Cinema & Video\"},\"image\":{\"@id\":\"https:\\\/\\\/cinema.video\\\/it#\\\/schema\\\/logo\\\/image\\\/\"},\"sameAs\":[\"https:\\\/\\\/www.facebook.com\\\/CinemaVideoInternational\\\/\",\"https:\\\/\\\/www.instagram.com\\\/cinemaevideointernational\\\/\",\"https:\\\/\\\/it.linkedin.com\\\/company\\\/cinema-video-international\"],\"description\":\"Media Consulting & Marketing Agency\",\"email\":\"hello@darostudio.com\",\"legalName\":\"DARO studio LLC\",\"foundingDate\":\"2021-02-16\",\"numberOfEmployees\":{\"@type\":\"QuantitativeValue\",\"minValue\":\"1\",\"maxValue\":\"10\"},\"publishingPrinciples\":\"https:\\\/\\\/cinema.video\\\/about\"},{\"@type\":\"Person\",\"@id\":\"https:\\\/\\\/cinema.video\\\/it#\\\/schema\\\/person\\\/d5479fad8d0f2360000eb4aab6bb6e5d\",\"name\":\"Carolina Mancini\",\"image\":{\"@type\":\"ImageObject\",\"inLanguage\":\"it-IT\",\"@id\":\"https:\\\/\\\/secure.gravatar.com\\\/avatar\\\/d4758965c5e8730dbaaa7131a628547771a26c1e5bf14fe323d96f8246a62baf?s=96&d=mm&r=g\",\"url\":\"https:\\\/\\\/secure.gravatar.com\\\/avatar\\\/d4758965c5e8730dbaaa7131a628547771a26c1e5bf14fe323d96f8246a62baf?s=96&d=mm&r=g\",\"contentUrl\":\"https:\\\/\\\/secure.gravatar.com\\\/avatar\\\/d4758965c5e8730dbaaa7131a628547771a26c1e5bf14fe323d96f8246a62baf?s=96&d=mm&r=g\",\"caption\":\"Carolina Mancini\"},\"url\":\"https:\\\/\\\/cinema.video\\\/it\\\/author\\\/carolin\"}]}<\/script>\n<!-- \/ Yoast SEO Premium plugin. -->","yoast_head_json":{"title":"In arrivo un fondo per co-produrre con i paesi di ambito Ibermedia - Cinema &amp; Video International","description":"In arrivo un fondo per co-produrre con i paesi di ambito Ibermedia \u2013 in arrivo un fondo per coprodurre. \u00c9 in arrivo un nuovo fondo&nbsp; di circa 1 milion","robots":{"index":"index","follow":"follow","max-snippet":"max-snippet:-1","max-image-preview":"max-image-preview:large","max-video-preview":"max-video-preview:-1"},"canonical":"https:\/\/cinema.video\/it\/fondo-co-produzione-ibermedia","og_locale":"it_IT","og_type":"article","og_title":"In arrivo un fondo per co-produrre con i paesi di ambito Ibermedia","og_description":"In arrivo un fondo per co-produrre con i paesi di ambito Ibermedia \u2013 in arrivo un fondo per coprodurre. \u00c9 in arrivo un nuovo fondo&nbsp; di circa 1 milion","og_url":"https:\/\/cinema.video\/it\/fondo-co-produzione-ibermedia","og_site_name":"Cinema &amp; Video International","article_publisher":"https:\/\/www.facebook.com\/CinemaVideoInternational\/","article_published_time":"2025-01-31T17:01:00+00:00","article_modified_time":"2026-04-10T02:07:52+00:00","og_image":[{"width":1599,"height":1066,"url":"https:\/\/cinema.video\/wp-content\/uploads\/2025\/01\/IMG-20250131-WA0038.jpg","type":"image\/jpeg"}],"author":"Carolina Mancini","twitter_card":"summary_large_image","twitter_misc":{"Scritto da":"Carolina Mancini","Tempo di lettura stimato":"3 minuti"},"schema":{"@context":"https:\/\/schema.org","@graph":[{"@type":"Article","@id":"https:\/\/cinema.video\/it\/fondo-co-produzione-ibermedia#article","isPartOf":{"@id":"https:\/\/cinema.video\/it\/fondo-co-produzione-ibermedia"},"author":{"name":"Carolina Mancini","@id":"https:\/\/cinema.video\/it#\/schema\/person\/d5479fad8d0f2360000eb4aab6bb6e5d"},"headline":"In arrivo un fondo per co-produrre con i paesi di ambito Ibermedia","datePublished":"2025-01-31T17:01:00+00:00","dateModified":"2026-04-10T02:07:52+00:00","mainEntityOfPage":{"@id":"https:\/\/cinema.video\/it\/fondo-co-produzione-ibermedia"},"wordCount":488,"publisher":{"@id":"https:\/\/cinema.video\/it#organization"},"image":{"@id":"https:\/\/cinema.video\/it\/fondo-co-produzione-ibermedia#primaryimage"},"thumbnailUrl":"https:\/\/cinema.video\/wp-content\/uploads\/2025\/01\/IMG-20250131-WA0038.jpg","articleSection":["INDUSTRY"],"inLanguage":"it-IT"},{"@type":"WebPage","@id":"https:\/\/cinema.video\/it\/fondo-co-produzione-ibermedia","url":"https:\/\/cinema.video\/it\/fondo-co-produzione-ibermedia","name":"In arrivo un fondo per co-produrre con i paesi di ambito Ibermedia - Cinema &amp; Video International","isPartOf":{"@id":"https:\/\/cinema.video\/it#website"},"primaryImageOfPage":{"@id":"https:\/\/cinema.video\/it\/fondo-co-produzione-ibermedia#primaryimage"},"image":{"@id":"https:\/\/cinema.video\/it\/fondo-co-produzione-ibermedia#primaryimage"},"thumbnailUrl":"https:\/\/cinema.video\/wp-content\/uploads\/2025\/01\/IMG-20250131-WA0038.jpg","datePublished":"2025-01-31T17:01:00+00:00","dateModified":"2026-04-10T02:07:52+00:00","description":"In arrivo un fondo per co-produrre con i paesi di ambito Ibermedia \u2013 in arrivo un fondo per coprodurre. \u00c9 in arrivo un nuovo fondo&nbsp; di circa 1 milion","breadcrumb":{"@id":"https:\/\/cinema.video\/it\/fondo-co-produzione-ibermedia#breadcrumb"},"inLanguage":"it-IT","potentialAction":[{"@type":"ReadAction","target":["https:\/\/cinema.video\/it\/fondo-co-produzione-ibermedia"]}]},{"@type":"ImageObject","inLanguage":"it-IT","@id":"https:\/\/cinema.video\/it\/fondo-co-produzione-ibermedia#primaryimage","url":"https:\/\/cinema.video\/wp-content\/uploads\/2025\/01\/IMG-20250131-WA0038.jpg","contentUrl":"https:\/\/cinema.video\/wp-content\/uploads\/2025\/01\/IMG-20250131-WA0038.jpg","width":1599,"height":1066,"caption":"foto de Irene Jim\u00e9nez"},{"@type":"BreadcrumbList","@id":"https:\/\/cinema.video\/it\/fondo-co-produzione-ibermedia#breadcrumb","itemListElement":[{"@type":"ListItem","position":1,"name":"Home","item":"https:\/\/cinema.video\/it"},{"@type":"ListItem","position":2,"name":"In arrivo un fondo per co-produrre con i paesi di ambito Ibermedia"}]},{"@type":"WebSite","@id":"https:\/\/cinema.video\/it#website","url":"https:\/\/cinema.video\/it","name":"Cinema & Video International","description":"Film &amp; Audiovisual B2B Industry Trade Platform Magazine","publisher":{"@id":"https:\/\/cinema.video\/it#organization"},"alternateName":"Cinema & Video","potentialAction":[{"@type":"SearchAction","target":{"@type":"EntryPoint","urlTemplate":"https:\/\/cinema.video\/it?s={search_term_string}"},"query-input":{"@type":"PropertyValueSpecification","valueRequired":true,"valueName":"search_term_string"}}],"inLanguage":"it-IT"},{"@type":"Organization","@id":"https:\/\/cinema.video\/it#organization","name":"Cinema & Video","url":"https:\/\/cinema.video\/it","logo":{"@type":"ImageObject","inLanguage":"it-IT","@id":"https:\/\/cinema.video\/it#\/schema\/logo\/image\/","url":"https:\/\/cinema.video\/wp-content\/uploads\/2026\/04\/CinemVideo_LogoBlack.png","contentUrl":"https:\/\/cinema.video\/wp-content\/uploads\/2026\/04\/CinemVideo_LogoBlack.png","width":1336,"height":224,"caption":"Cinema & Video"},"image":{"@id":"https:\/\/cinema.video\/it#\/schema\/logo\/image\/"},"sameAs":["https:\/\/www.facebook.com\/CinemaVideoInternational\/","https:\/\/www.instagram.com\/cinemaevideointernational\/","https:\/\/it.linkedin.com\/company\/cinema-video-international"],"description":"Media Consulting & Marketing Agency","email":"hello@darostudio.com","legalName":"DARO studio LLC","foundingDate":"2021-02-16","numberOfEmployees":{"@type":"QuantitativeValue","minValue":"1","maxValue":"10"},"publishingPrinciples":"https:\/\/cinema.video\/about"},{"@type":"Person","@id":"https:\/\/cinema.video\/it#\/schema\/person\/d5479fad8d0f2360000eb4aab6bb6e5d","name":"Carolina Mancini","image":{"@type":"ImageObject","inLanguage":"it-IT","@id":"https:\/\/secure.gravatar.com\/avatar\/d4758965c5e8730dbaaa7131a628547771a26c1e5bf14fe323d96f8246a62baf?s=96&d=mm&r=g","url":"https:\/\/secure.gravatar.com\/avatar\/d4758965c5e8730dbaaa7131a628547771a26c1e5bf14fe323d96f8246a62baf?s=96&d=mm&r=g","contentUrl":"https:\/\/secure.gravatar.com\/avatar\/d4758965c5e8730dbaaa7131a628547771a26c1e5bf14fe323d96f8246a62baf?s=96&d=mm&r=g","caption":"Carolina Mancini"},"url":"https:\/\/cinema.video\/it\/author\/carolin"}]}},"jetpack_shortlink":"https:\/\/wp.me\/ph672m-1fMM","jetpack_featured_media_url":"https:\/\/cinema.video\/wp-content\/uploads\/2025\/01\/IMG-20250131-WA0038.jpg","_links":{"self":[{"href":"https:\/\/cinema.video\/it\/wp-json\/wp\/v2\/posts\/299012","targetHints":{"allow":["GET"]}}],"collection":[{"href":"https:\/\/cinema.video\/it\/wp-json\/wp\/v2\/posts"}],"about":[{"href":"https:\/\/cinema.video\/it\/wp-json\/wp\/v2\/types\/post"}],"author":[{"embeddable":true,"href":"https:\/\/cinema.video\/it\/wp-json\/wp\/v2\/users\/2"}],"replies":[{"embeddable":true,"href":"https:\/\/cinema.video\/it\/wp-json\/wp\/v2\/comments?post=299012"}],"version-history":[{"count":1,"href":"https:\/\/cinema.video\/it\/wp-json\/wp\/v2\/posts\/299012\/revisions"}],"predecessor-version":[{"id":309557,"href":"https:\/\/cinema.video\/it\/wp-json\/wp\/v2\/posts\/299012\/revisions\/309557"}],"wp:featuredmedia":[{"embeddable":true,"href":"https:\/\/cinema.video\/it\/wp-json\/wp\/v2\/media\/299011"}],"wp:attachment":[{"href":"https:\/\/cinema.video\/it\/wp-json\/wp\/v2\/media?parent=299012"}],"wp:term":[{"taxonomy":"category","embeddable":true,"href":"https:\/\/cinema.video\/it\/wp-json\/wp\/v2\/categories?post=299012"},{"taxonomy":"post_tag","embeddable":true,"href":"https:\/\/cinema.video\/it\/wp-json\/wp\/v2\/tags?post=299012"}],"curies":[{"name":"wp","href":"https:\/\/api.w.org\/{rel}","templated":true}]}}