{"id":299001,"date":"2025-02-01T11:51:14","date_gmt":"2025-02-01T10:51:14","guid":{"rendered":"https:\/\/cinema.video\/?p=299001"},"modified":"2026-04-10T04:07:51","modified_gmt":"2026-04-10T02:07:51","slug":"bilancio-fvg-film-commission-promoturismofvg","status":"publish","type":"post","link":"https:\/\/cinema.video\/it\/bilancio-fvg-film-commission-promoturismofvg","title":{"rendered":"Il bilancio triennale di FVG Film Commission &#8211; PromoturismoFVG"},"content":{"rendered":"\n<p class=\"wp-block-paragraph\">224 produzioni assistite e 76 finanziate, per un indotto totale di quasi<strong> <\/strong>75 milioni di euro in tre anni: il cinema e l&#8217;audiovisivo si confermano un motore strategico per l&#8217;economia regionale del Friuli Venezia Giulia, secondo i dati\u00a0 che sono stati presentati questa mattina, 31 gennaio, all\u2019interno dell\u2019evento &#8220;<strong>Tre anni di set in regione<\/strong>&#8220;, organizzato da <strong>Friuli Venezia Giulia Film Commission &#8211; PromoTurismoFVG.<\/strong><\/p>\n\n\n\n<p class=\"wp-block-paragraph\">A fronte di fondi regionali per il settore raddoppiati, la ricaduta sul territorio supera di dieci volte l\u2019investimento pubblico<em> &#8211;<\/em> ha dichiarato <strong>Sergio Emidio Bini, <\/strong>Assessore alle attivit\u00e0 produttive e al turismo della Regione Autonoma Friuli Venezia Giulia<strong>. <\/strong>Ma l\u2019investimento fatto dalla Regione per attrarre produzioni sul territorio si misura anche in termini di visibilit\u00e0 ottenuta: sono quasi 70 le localit\u00e0 del Friuli Venezia Giulia che sono state oggetto di riprese nell\u2019ultimo triennio con produzioni che hanno raggiunto picchi di 4,8 milioni di spettatori. Per non parlare del ritorno del grande cinema di Hollywood, mai cos\u00ec presente in Regione. Si comprende bene perch\u00e9 per la Regione e per PromoTurismoFVG questo sia un asset strategico: il Friuli Venezia Giulia \u00e8 a tutti gli effetti la terra del cinema e, grazie alla Film Commission FVG, pu\u00f2 offrire alle produzioni in arrivo non soltanto splendide location e supporto logistico, ma anche l\u2019apporto di tante maestranze competenti e formate\u201d.<\/p>\n\n\n\n<h2 class=\"wp-block-heading\"><strong>I dati<\/strong><\/h2>\n\n\n\n<p class=\"wp-block-paragraph\">Nel periodo 2022-2024, la Regione Autonoma Friuli Venezia Giulia attraverso lo strumento del Film Fund ha erogato 6.297.500 euro in contributi, a cui si aggiungono altri 400mila euro provenienti da fondi di Camera di Commercio Venezia Giulia Trieste Gorizia messi a disposizione attraverso il fondo GO Film.<\/p>\n\n\n\n<p class=\"wp-block-paragraph\">Questo investimento ha generato una spesa diretta certificata sul territorio pari a 29,7 milioni di euro (dei quali circa 9 milioni \u00e8 stata la spesa destinata a tecnici e maestranze del Fvg), che sale a 41,6 milioni di euro se si aggiungono anche i circa 12 milioni di euro spesi dalle major.<\/p>\n\n\n\n<p class=\"wp-block-paragraph\">Una spesa che moltiplicata per il coefficiente di 1.8 &#8211; risultanza di una media basata su diversi studi economici, comunemente adottata per stimare la ricaduta economica totale sul sistema locale &#8211; ha generato un indotto pari a 53,3 milioni di euro derivanti dalle produzioni finanziate e 21,6 milioni di euro dalle major non finanziate, per un totale di 75 milioni di euro in tre anni.<\/p>\n\n\n\n<p class=\"wp-block-paragraph\">Le giornate di lavorazione sono 1.520, 60.800 pernottamenti alberghieri e oltre 7.100 comparse impiegate, a testimonianza della crescita occupazionale e delle opportunit\u00e0 per i professionisti locali.<\/p>\n\n\n\n<h2 class=\"wp-block-heading\">Al Cinema e in TV<\/h2>\n\n\n\n<p class=\"wp-block-paragraph\">Tra i successi televisivi: <strong><em>Fiori sopra l\u2019inferno<\/em><\/strong> ha registrato una media del 24,8% di share e 4,8 milioni di spettatori, seguito da <strong><em>Ninfa Dormiente<\/em><\/strong>(22,4% &#8211; 3,7 milioni), <strong><em>La rosa dell&#8217;Istria<\/em><\/strong> (17,8% &#8211; 2,8 milioni) e <strong><em>Libera<\/em><\/strong> (18,8% &#8211; 3,4 milioni).<\/p>\n\n\n\n<div class=\"wp-block-media-text is-stacked-on-mobile\"><figure class=\"wp-block-media-text__media\"><img loading=\"lazy\" decoding=\"async\" width=\"1024\" height=\"768\" src=\"https:\/\/cinema.video\/wp-content\/uploads\/2025\/01\/NA-NY-2023-07-1024x768.jpeg\" alt=\"\" class=\"wp-image-299006 size-full\" srcset=\"https:\/\/cinema.video\/wp-content\/uploads\/2025\/01\/NA-NY-2023-07-scaled.jpeg 1024w, https:\/\/cinema.video\/wp-content\/uploads\/2025\/01\/NA-NY-2023-07-scaled.jpeg 300w, https:\/\/cinema.video\/wp-content\/uploads\/2025\/01\/NA-NY-2023-07-scaled.jpeg 768w, https:\/\/cinema.video\/wp-content\/uploads\/2025\/01\/NA-NY-2023-07-scaled.jpeg 1536w, https:\/\/cinema.video\/wp-content\/uploads\/2025\/01\/NA-NY-2023-07-scaled.jpeg 2048w, https:\/\/cinema.video\/wp-content\/uploads\/2025\/01\/NA-NY-2023-07-scaled.jpeg 560w, https:\/\/cinema.video\/wp-content\/uploads\/2025\/01\/NA-NY-2023-07-scaled.jpeg 80w, https:\/\/cinema.video\/wp-content\/uploads\/2025\/01\/NA-NY-2023-07-scaled.jpeg 150w, https:\/\/cinema.video\/wp-content\/uploads\/2025\/01\/NA-NY-2023-07-scaled.jpeg 696w, https:\/\/cinema.video\/wp-content\/uploads\/2025\/01\/NA-NY-2023-07-scaled.jpeg 1068w, https:\/\/cinema.video\/wp-content\/uploads\/2025\/01\/NA-NY-2023-07-scaled.jpeg 1920w, https:\/\/cinema.video\/wp-content\/uploads\/2025\/01\/NA-NY-2023-07-scaled.jpeg 1392w\" sizes=\"auto, (max-width: 696px) 100vw, 696px\" \/><\/figure><div class=\"wp-block-media-text__content\">\n<p class=\"wp-block-paragraph\">Sul fronte cinematografico, <strong><em>Napoli New York<\/em><\/strong>, girato a Trieste &#8211; trasformata nella New York degli anni \u201840 grazie anche all\u2019utilizzo di effetti speciali &#8211; ha superato 700.000 biglietti venduti, posizionandosi 7\u00b0 nella Top100 dei film italiani pi\u00f9 visti del 2024.<\/p>\n<\/div><\/div>\n\n\n\n<figure class=\"wp-block-image size-large\"><img loading=\"lazy\" decoding=\"async\" width=\"1024\" height=\"768\" src=\"https:\/\/cinema.video\/wp-content\/uploads\/2025\/01\/NA-NY-2023-11-1024x768.jpeg\" alt=\"\" class=\"wp-image-299005\" srcset=\"https:\/\/cinema.video\/wp-content\/uploads\/2025\/01\/NA-NY-2023-11-scaled.jpeg 1024w, https:\/\/cinema.video\/wp-content\/uploads\/2025\/01\/NA-NY-2023-11-scaled.jpeg 300w, https:\/\/cinema.video\/wp-content\/uploads\/2025\/01\/NA-NY-2023-11-scaled.jpeg 768w, https:\/\/cinema.video\/wp-content\/uploads\/2025\/01\/NA-NY-2023-11-scaled.jpeg 1536w, https:\/\/cinema.video\/wp-content\/uploads\/2025\/01\/NA-NY-2023-11-scaled.jpeg 2048w, https:\/\/cinema.video\/wp-content\/uploads\/2025\/01\/NA-NY-2023-11-scaled.jpeg 560w, https:\/\/cinema.video\/wp-content\/uploads\/2025\/01\/NA-NY-2023-11-scaled.jpeg 80w, https:\/\/cinema.video\/wp-content\/uploads\/2025\/01\/NA-NY-2023-11-scaled.jpeg 150w, https:\/\/cinema.video\/wp-content\/uploads\/2025\/01\/NA-NY-2023-11-scaled.jpeg 696w, https:\/\/cinema.video\/wp-content\/uploads\/2025\/01\/NA-NY-2023-11-scaled.jpeg 1068w, https:\/\/cinema.video\/wp-content\/uploads\/2025\/01\/NA-NY-2023-11-scaled.jpeg 1920w, https:\/\/cinema.video\/wp-content\/uploads\/2025\/01\/NA-NY-2023-11-scaled.jpeg 1392w\" sizes=\"auto, (max-width: 696px) 100vw, 696px\" \/><figcaption class=\"wp-element-caption\">Napoli New York<\/figcaption><\/figure>\n\n\n\n<p class=\"wp-block-paragraph\"><\/p>\n\n\n\n<p class=\"wp-block-paragraph\">Il 27 febbraio arriva in sala<strong><em> Amiche Mai<\/em><\/strong>, un film di <strong>Maurizio Nichetti<\/strong> che, dopo 23 anni, torna alla regia e ne firma anche la sceneggiatura. Si tratta di una coproduzione Italo-Slovena, prodotto da Isabella Cocuzza e Arturo Paglia per <strong>Paco Cinematografica<\/strong> e da <strong>Loka Film<\/strong>, e distribuito da <strong>Filmclub Distribuzione by Minerva Pictures<\/strong>. Il film ha visto parte delle sue <strong>r<\/strong>iprese realizzate tra Trieste, Torviscosa, Malborghetto, Duino e Napoleonica, con il contributo della Friuli Venezia Giulia Film Commission \u2013 PromoTurismoFVG.<\/p>\n\n\n\n<figure class=\"wp-block-image size-large\"><img loading=\"lazy\" decoding=\"async\" width=\"1024\" height=\"576\" src=\"https:\/\/cinema.video\/wp-content\/uploads\/2025\/01\/OFF_AmicheMai_03-1024x576.jpg\" alt=\"\" class=\"wp-image-299007\" srcset=\"https:\/\/cinema.video\/wp-content\/uploads\/2025\/01\/OFF_AmicheMai_03.jpg 1024w, https:\/\/cinema.video\/wp-content\/uploads\/2025\/01\/OFF_AmicheMai_03.jpg 300w, https:\/\/cinema.video\/wp-content\/uploads\/2025\/01\/OFF_AmicheMai_03.jpg 768w, https:\/\/cinema.video\/wp-content\/uploads\/2025\/01\/OFF_AmicheMai_03.jpg 1536w, https:\/\/cinema.video\/wp-content\/uploads\/2025\/01\/OFF_AmicheMai_03.jpg 747w, https:\/\/cinema.video\/wp-content\/uploads\/2025\/01\/OFF_AmicheMai_03.jpg 150w, https:\/\/cinema.video\/wp-content\/uploads\/2025\/01\/OFF_AmicheMai_03.jpg 696w, https:\/\/cinema.video\/wp-content\/uploads\/2025\/01\/OFF_AmicheMai_03.jpg 1068w, https:\/\/cinema.video\/wp-content\/uploads\/2025\/01\/OFF_AmicheMai_03.jpg 1920w, https:\/\/cinema.video\/wp-content\/uploads\/2025\/01\/OFF_AmicheMai_03.jpg 2048w, https:\/\/cinema.video\/wp-content\/uploads\/2025\/01\/OFF_AmicheMai_03.jpg 1392w\" sizes=\"auto, (max-width: 696px) 100vw, 696px\" \/><figcaption class=\"wp-element-caption\">Amiche mai<\/figcaption><\/figure>\n\n\n\n<h2 class=\"wp-block-heading\">I Videoclip<\/h2>\n\n\n\n<p class=\"wp-block-paragraph\"><strong><em>Tuta Gold<\/em><\/strong> di <strong>Mahmood<\/strong>, registrato nel quartiere di Rozzol Melara di Trieste, ha raggiunto 93 milioni di visualizzazioni, mentre <strong><em>Ora che non ho pi\u00f9 te<\/em><\/strong> di Cesare Cremonini<strong>,<\/strong> girato nei Magredi del Cellina ne ha totalizzate 21 milioni. Il pi\u00f9 recente in ordine temporale, <strong><em>Montecristo<\/em><\/strong> di <strong>Jovanotti<\/strong>, ambientato al Lido di Staranzano e uscito il 22 novembre scorso, ha superato il milione di visualizzazioni.<\/p>\n\n\n\n<h2 class=\"wp-block-heading\">Nuove produzioni <\/h2>\n\n\n\n<p class=\"wp-block-paragraph\">Il 2025 si apre con un&#8217;agenda ricca di produzioni in arrivo: in corso fino al 27 febbraio <strong><em>Ultimo Schiaffo<\/em><\/strong> di <strong>Matteo Oleotto<\/strong> (con riprese che si snodano tra il Tarvisiano &#8211; Cave del Predil, Val Saisera, Lago del Predil, Rutte Grande, Sella Nevea &#8211; e Gorizia) e <strong><em>La lezione<\/em><\/strong> di <strong>Stefano Mordini<\/strong> da ieri fino al 7 febbraio 2025 a Trieste. Sempre nel capoluogo regionale al via dall\u201911 febbraio le riprese di <strong><em>The Great Chimera<\/em><\/strong> serie TV greca ispirata al romanzo di M. Karagatsis. Nella primavera avanzata sono attese le riprese <strong><em>La madre di Eva<\/em><\/strong> di<strong> Stefania Rocca<\/strong> e<strong><em>Io ti guardo<\/em><\/strong> di <strong>Irene Cao<\/strong>.<\/p>\n\n\n\n<h2 class=\"wp-block-heading\">Product Placement<\/h2>\n\n\n\n<p class=\"wp-block-paragraph\">Il <strong>vino Friulano <\/strong>\u00e8 protagonista di un\u2019azione di product placement,&nbsp; e verbal mention, realizzata grazie alla produzione <strong>Notorious Pictures <\/strong>(in associazione con <strong>Tramp Limited<\/strong>) che ha girato in Friuli Venezia Giulia, con il supporto di FVG Film Commission, ilremake italiano del film <strong><em>Maison de retraite <\/em><\/strong>con<strong> Diego Abatantuono<\/strong> nei panni di anziano vignaiolo del territorio che non perde occasione di nominare il suo vino.<\/p>\n","protected":false},"excerpt":{"rendered":"<p>Secondo i dati presentati all&#8217;interno dell&#8217;evento  &#8220;Tre anni di set in regione&#8221;, sono 224 produzioni assistite e 76 finanziate, per un indotto totale di quasi 75 milioni di euro <\/p>\n","protected":false},"author":26,"featured_media":299008,"comment_status":"closed","ping_status":"closed","sticky":false,"template":"","format":"standard","meta":{"googlesitekit_rrm_CAow3e7fCw:productID":"","_wpcom_ai_launchpad_first_post":false,"footnotes":"","jetpack_post_was_ever_published":false},"categories":[215],"tags":[2339,356,491,2338],"class_list":["post-299001","post","type-post","status-publish","format-standard","has-post-thumbnail","category-film-commissions","tag-film-commissions","tag-focus","tag-friuli-venezia-giulia-film-commission","tag-locations"],"yoast_head":"<!-- This site is optimized with the Yoast SEO Premium plugin v28.3 (Yoast SEO v28.3) - https:\/\/yoast.com\/product\/yoast-seo-premium-wordpress\/ -->\n<title>Il bilancio triennale di FVG Film Commission - PromoturismoFVG - Cinema &amp; Video International<\/title>\n<meta name=\"description\" content=\"Il bilancio triennale di FVG Film Commission - PromoturismoFVG \u2013 il bilancio triennale di fvg film. 224 produzioni assistite e 76 finanziate, per un indot\" \/>\n<meta name=\"robots\" content=\"index, follow, max-snippet:-1, max-image-preview:large, max-video-preview:-1\" \/>\n<link rel=\"canonical\" href=\"https:\/\/cinema.video\/it\/bilancio-fvg-film-commission-promoturismofvg\" \/>\n<meta property=\"og:locale\" content=\"it_IT\" \/>\n<meta property=\"og:type\" content=\"article\" \/>\n<meta property=\"og:title\" content=\"Il bilancio triennale di FVG Film Commission - PromoturismoFVG\" \/>\n<meta property=\"og:description\" content=\"Il bilancio triennale di FVG Film Commission - PromoturismoFVG \u2013 il bilancio triennale di fvg film. 224 produzioni assistite e 76 finanziate, per un indot\" \/>\n<meta property=\"og:url\" content=\"https:\/\/cinema.video\/it\/bilancio-fvg-film-commission-promoturismofvg\" \/>\n<meta property=\"og:site_name\" content=\"Cinema &amp; Video International\" \/>\n<meta property=\"article:publisher\" content=\"https:\/\/www.facebook.com\/CinemaVideoInternational\/\" \/>\n<meta property=\"article:published_time\" content=\"2025-02-01T10:51:14+00:00\" \/>\n<meta property=\"article:modified_time\" content=\"2026-04-10T02:07:51+00:00\" \/>\n<meta property=\"og:image\" content=\"https:\/\/cinema.video\/wp-content\/uploads\/2025\/01\/Libera-2023-09-scaled.jpg\" \/>\n\t<meta property=\"og:image:width\" content=\"2560\" \/>\n\t<meta property=\"og:image:height\" content=\"1707\" \/>\n\t<meta property=\"og:image:type\" content=\"image\/jpeg\" \/>\n<meta name=\"author\" content=\"Editorial\" \/>\n<meta name=\"twitter:card\" content=\"summary_large_image\" \/>\n<meta name=\"twitter:label1\" content=\"Scritto da\" \/>\n\t<meta name=\"twitter:data1\" content=\"Editorial\" \/>\n\t<meta name=\"twitter:label2\" content=\"Tempo di lettura stimato\" \/>\n\t<meta name=\"twitter:data2\" content=\"6 minuti\" \/>\n<script type=\"application\/ld+json\" class=\"yoast-schema-graph\">{\"@context\":\"https:\\\/\\\/schema.org\",\"@graph\":[{\"@type\":\"Article\",\"@id\":\"https:\\\/\\\/cinema.video\\\/it\\\/bilancio-fvg-film-commission-promoturismofvg#article\",\"isPartOf\":{\"@id\":\"https:\\\/\\\/cinema.video\\\/it\\\/bilancio-fvg-film-commission-promoturismofvg\"},\"author\":{\"name\":\"Editorial\",\"@id\":\"https:\\\/\\\/cinema.video\\\/it#\\\/schema\\\/person\\\/aeb01b91d874e8b01e76a1db04c668c6\"},\"headline\":\"Il bilancio triennale di FVG Film Commission &#8211; PromoturismoFVG\",\"datePublished\":\"2025-02-01T10:51:14+00:00\",\"dateModified\":\"2026-04-10T02:07:51+00:00\",\"mainEntityOfPage\":{\"@id\":\"https:\\\/\\\/cinema.video\\\/it\\\/bilancio-fvg-film-commission-promoturismofvg\"},\"wordCount\":801,\"publisher\":{\"@id\":\"https:\\\/\\\/cinema.video\\\/it#organization\"},\"image\":{\"@id\":\"https:\\\/\\\/cinema.video\\\/it\\\/bilancio-fvg-film-commission-promoturismofvg#primaryimage\"},\"thumbnailUrl\":\"https:\\\/\\\/cinema.video\\\/wp-content\\\/uploads\\\/2025\\\/01\\\/Libera-2023-09-scaled.jpg\",\"keywords\":[\"FILM COMMISSIONS\",\"focus\",\"FRIULI VENEZIA GIULIA FILM COMMISSION\",\"LOCATIONS\"],\"articleSection\":[\"FILM COMMISSIONS\"],\"inLanguage\":\"it-IT\"},{\"@type\":\"WebPage\",\"@id\":\"https:\\\/\\\/cinema.video\\\/it\\\/bilancio-fvg-film-commission-promoturismofvg\",\"url\":\"https:\\\/\\\/cinema.video\\\/it\\\/bilancio-fvg-film-commission-promoturismofvg\",\"name\":\"Il bilancio triennale di FVG Film Commission - PromoturismoFVG - Cinema &amp; Video International\",\"isPartOf\":{\"@id\":\"https:\\\/\\\/cinema.video\\\/it#website\"},\"primaryImageOfPage\":{\"@id\":\"https:\\\/\\\/cinema.video\\\/it\\\/bilancio-fvg-film-commission-promoturismofvg#primaryimage\"},\"image\":{\"@id\":\"https:\\\/\\\/cinema.video\\\/it\\\/bilancio-fvg-film-commission-promoturismofvg#primaryimage\"},\"thumbnailUrl\":\"https:\\\/\\\/cinema.video\\\/wp-content\\\/uploads\\\/2025\\\/01\\\/Libera-2023-09-scaled.jpg\",\"datePublished\":\"2025-02-01T10:51:14+00:00\",\"dateModified\":\"2026-04-10T02:07:51+00:00\",\"description\":\"Il bilancio triennale di FVG Film Commission - PromoturismoFVG \u2013 il bilancio triennale di fvg film. 224 produzioni assistite e 76 finanziate, per un indot\",\"breadcrumb\":{\"@id\":\"https:\\\/\\\/cinema.video\\\/it\\\/bilancio-fvg-film-commission-promoturismofvg#breadcrumb\"},\"inLanguage\":\"it-IT\",\"potentialAction\":[{\"@type\":\"ReadAction\",\"target\":[\"https:\\\/\\\/cinema.video\\\/it\\\/bilancio-fvg-film-commission-promoturismofvg\"]}]},{\"@type\":\"ImageObject\",\"inLanguage\":\"it-IT\",\"@id\":\"https:\\\/\\\/cinema.video\\\/it\\\/bilancio-fvg-film-commission-promoturismofvg#primaryimage\",\"url\":\"https:\\\/\\\/cinema.video\\\/wp-content\\\/uploads\\\/2025\\\/01\\\/Libera-2023-09-scaled.jpg\",\"contentUrl\":\"https:\\\/\\\/cinema.video\\\/wp-content\\\/uploads\\\/2025\\\/01\\\/Libera-2023-09-scaled.jpg\",\"width\":2560,\"height\":1707,\"caption\":\"Gaia Nanni e Claudio Bigagli in \\\"Libera\\\"\"},{\"@type\":\"BreadcrumbList\",\"@id\":\"https:\\\/\\\/cinema.video\\\/it\\\/bilancio-fvg-film-commission-promoturismofvg#breadcrumb\",\"itemListElement\":[{\"@type\":\"ListItem\",\"position\":1,\"name\":\"Home\",\"item\":\"https:\\\/\\\/cinema.video\\\/it\"},{\"@type\":\"ListItem\",\"position\":2,\"name\":\"Il bilancio triennale di FVG Film Commission &#8211; PromoturismoFVG\"}]},{\"@type\":\"WebSite\",\"@id\":\"https:\\\/\\\/cinema.video\\\/it#website\",\"url\":\"https:\\\/\\\/cinema.video\\\/it\",\"name\":\"Cinema & Video International\",\"description\":\"Film &amp; Audiovisual B2B Industry Trade Platform Magazine\",\"publisher\":{\"@id\":\"https:\\\/\\\/cinema.video\\\/it#organization\"},\"alternateName\":\"Cinema & Video\",\"potentialAction\":[{\"@type\":\"SearchAction\",\"target\":{\"@type\":\"EntryPoint\",\"urlTemplate\":\"https:\\\/\\\/cinema.video\\\/it?s={search_term_string}\"},\"query-input\":{\"@type\":\"PropertyValueSpecification\",\"valueRequired\":true,\"valueName\":\"search_term_string\"}}],\"inLanguage\":\"it-IT\"},{\"@type\":\"Organization\",\"@id\":\"https:\\\/\\\/cinema.video\\\/it#organization\",\"name\":\"Cinema & Video\",\"url\":\"https:\\\/\\\/cinema.video\\\/it\",\"logo\":{\"@type\":\"ImageObject\",\"inLanguage\":\"it-IT\",\"@id\":\"https:\\\/\\\/cinema.video\\\/it#\\\/schema\\\/logo\\\/image\\\/\",\"url\":\"https:\\\/\\\/cinema.video\\\/wp-content\\\/uploads\\\/2026\\\/04\\\/CinemVideo_LogoBlack.png\",\"contentUrl\":\"https:\\\/\\\/cinema.video\\\/wp-content\\\/uploads\\\/2026\\\/04\\\/CinemVideo_LogoBlack.png\",\"width\":1336,\"height\":224,\"caption\":\"Cinema & Video\"},\"image\":{\"@id\":\"https:\\\/\\\/cinema.video\\\/it#\\\/schema\\\/logo\\\/image\\\/\"},\"sameAs\":[\"https:\\\/\\\/www.facebook.com\\\/CinemaVideoInternational\\\/\",\"https:\\\/\\\/www.instagram.com\\\/cinemaevideointernational\\\/\",\"https:\\\/\\\/it.linkedin.com\\\/company\\\/cinema-video-international\"],\"description\":\"Media Consulting & Marketing Agency\",\"email\":\"hello@darostudio.com\",\"legalName\":\"DARO studio LLC\",\"foundingDate\":\"2021-02-16\",\"numberOfEmployees\":{\"@type\":\"QuantitativeValue\",\"minValue\":\"1\",\"maxValue\":\"10\"},\"publishingPrinciples\":\"https:\\\/\\\/cinema.video\\\/about\"},{\"@type\":\"Person\",\"@id\":\"https:\\\/\\\/cinema.video\\\/it#\\\/schema\\\/person\\\/aeb01b91d874e8b01e76a1db04c668c6\",\"name\":\"Editorial\",\"image\":{\"@type\":\"ImageObject\",\"inLanguage\":\"it-IT\",\"@id\":\"https:\\\/\\\/secure.gravatar.com\\\/avatar\\\/06ad6f92eb14745b75fb592cadf8139d33242d81c9c8b085133c450aaf0b9731?s=96&d=mm&r=g\",\"url\":\"https:\\\/\\\/secure.gravatar.com\\\/avatar\\\/06ad6f92eb14745b75fb592cadf8139d33242d81c9c8b085133c450aaf0b9731?s=96&d=mm&r=g\",\"contentUrl\":\"https:\\\/\\\/secure.gravatar.com\\\/avatar\\\/06ad6f92eb14745b75fb592cadf8139d33242d81c9c8b085133c450aaf0b9731?s=96&d=mm&r=g\",\"caption\":\"Editorial\"},\"url\":\"https:\\\/\\\/cinema.video\\\/it\\\/author\\\/redazione\"}]}<\/script>\n<!-- \/ Yoast SEO Premium plugin. -->","yoast_head_json":{"title":"Il bilancio triennale di FVG Film Commission - PromoturismoFVG - Cinema &amp; Video International","description":"Il bilancio triennale di FVG Film Commission - PromoturismoFVG \u2013 il bilancio triennale di fvg film. 224 produzioni assistite e 76 finanziate, per un indot","robots":{"index":"index","follow":"follow","max-snippet":"max-snippet:-1","max-image-preview":"max-image-preview:large","max-video-preview":"max-video-preview:-1"},"canonical":"https:\/\/cinema.video\/it\/bilancio-fvg-film-commission-promoturismofvg","og_locale":"it_IT","og_type":"article","og_title":"Il bilancio triennale di FVG Film Commission - PromoturismoFVG","og_description":"Il bilancio triennale di FVG Film Commission - PromoturismoFVG \u2013 il bilancio triennale di fvg film. 224 produzioni assistite e 76 finanziate, per un indot","og_url":"https:\/\/cinema.video\/it\/bilancio-fvg-film-commission-promoturismofvg","og_site_name":"Cinema &amp; Video International","article_publisher":"https:\/\/www.facebook.com\/CinemaVideoInternational\/","article_published_time":"2025-02-01T10:51:14+00:00","article_modified_time":"2026-04-10T02:07:51+00:00","og_image":[{"width":2560,"height":1707,"url":"https:\/\/cinema.video\/wp-content\/uploads\/2025\/01\/Libera-2023-09-scaled.jpg","type":"image\/jpeg"}],"author":"Editorial","twitter_card":"summary_large_image","twitter_misc":{"Scritto da":"Editorial","Tempo di lettura stimato":"6 minuti"},"schema":{"@context":"https:\/\/schema.org","@graph":[{"@type":"Article","@id":"https:\/\/cinema.video\/it\/bilancio-fvg-film-commission-promoturismofvg#article","isPartOf":{"@id":"https:\/\/cinema.video\/it\/bilancio-fvg-film-commission-promoturismofvg"},"author":{"name":"Editorial","@id":"https:\/\/cinema.video\/it#\/schema\/person\/aeb01b91d874e8b01e76a1db04c668c6"},"headline":"Il bilancio triennale di FVG Film Commission &#8211; PromoturismoFVG","datePublished":"2025-02-01T10:51:14+00:00","dateModified":"2026-04-10T02:07:51+00:00","mainEntityOfPage":{"@id":"https:\/\/cinema.video\/it\/bilancio-fvg-film-commission-promoturismofvg"},"wordCount":801,"publisher":{"@id":"https:\/\/cinema.video\/it#organization"},"image":{"@id":"https:\/\/cinema.video\/it\/bilancio-fvg-film-commission-promoturismofvg#primaryimage"},"thumbnailUrl":"https:\/\/cinema.video\/wp-content\/uploads\/2025\/01\/Libera-2023-09-scaled.jpg","keywords":["FILM COMMISSIONS","focus","FRIULI VENEZIA GIULIA FILM COMMISSION","LOCATIONS"],"articleSection":["FILM COMMISSIONS"],"inLanguage":"it-IT"},{"@type":"WebPage","@id":"https:\/\/cinema.video\/it\/bilancio-fvg-film-commission-promoturismofvg","url":"https:\/\/cinema.video\/it\/bilancio-fvg-film-commission-promoturismofvg","name":"Il bilancio triennale di FVG Film Commission - PromoturismoFVG - Cinema &amp; Video International","isPartOf":{"@id":"https:\/\/cinema.video\/it#website"},"primaryImageOfPage":{"@id":"https:\/\/cinema.video\/it\/bilancio-fvg-film-commission-promoturismofvg#primaryimage"},"image":{"@id":"https:\/\/cinema.video\/it\/bilancio-fvg-film-commission-promoturismofvg#primaryimage"},"thumbnailUrl":"https:\/\/cinema.video\/wp-content\/uploads\/2025\/01\/Libera-2023-09-scaled.jpg","datePublished":"2025-02-01T10:51:14+00:00","dateModified":"2026-04-10T02:07:51+00:00","description":"Il bilancio triennale di FVG Film Commission - PromoturismoFVG \u2013 il bilancio triennale di fvg film. 224 produzioni assistite e 76 finanziate, per un indot","breadcrumb":{"@id":"https:\/\/cinema.video\/it\/bilancio-fvg-film-commission-promoturismofvg#breadcrumb"},"inLanguage":"it-IT","potentialAction":[{"@type":"ReadAction","target":["https:\/\/cinema.video\/it\/bilancio-fvg-film-commission-promoturismofvg"]}]},{"@type":"ImageObject","inLanguage":"it-IT","@id":"https:\/\/cinema.video\/it\/bilancio-fvg-film-commission-promoturismofvg#primaryimage","url":"https:\/\/cinema.video\/wp-content\/uploads\/2025\/01\/Libera-2023-09-scaled.jpg","contentUrl":"https:\/\/cinema.video\/wp-content\/uploads\/2025\/01\/Libera-2023-09-scaled.jpg","width":2560,"height":1707,"caption":"Gaia Nanni e Claudio Bigagli in \"Libera\""},{"@type":"BreadcrumbList","@id":"https:\/\/cinema.video\/it\/bilancio-fvg-film-commission-promoturismofvg#breadcrumb","itemListElement":[{"@type":"ListItem","position":1,"name":"Home","item":"https:\/\/cinema.video\/it"},{"@type":"ListItem","position":2,"name":"Il bilancio triennale di FVG Film Commission &#8211; PromoturismoFVG"}]},{"@type":"WebSite","@id":"https:\/\/cinema.video\/it#website","url":"https:\/\/cinema.video\/it","name":"Cinema & Video International","description":"Film &amp; Audiovisual B2B Industry Trade Platform Magazine","publisher":{"@id":"https:\/\/cinema.video\/it#organization"},"alternateName":"Cinema & Video","potentialAction":[{"@type":"SearchAction","target":{"@type":"EntryPoint","urlTemplate":"https:\/\/cinema.video\/it?s={search_term_string}"},"query-input":{"@type":"PropertyValueSpecification","valueRequired":true,"valueName":"search_term_string"}}],"inLanguage":"it-IT"},{"@type":"Organization","@id":"https:\/\/cinema.video\/it#organization","name":"Cinema & Video","url":"https:\/\/cinema.video\/it","logo":{"@type":"ImageObject","inLanguage":"it-IT","@id":"https:\/\/cinema.video\/it#\/schema\/logo\/image\/","url":"https:\/\/cinema.video\/wp-content\/uploads\/2026\/04\/CinemVideo_LogoBlack.png","contentUrl":"https:\/\/cinema.video\/wp-content\/uploads\/2026\/04\/CinemVideo_LogoBlack.png","width":1336,"height":224,"caption":"Cinema & Video"},"image":{"@id":"https:\/\/cinema.video\/it#\/schema\/logo\/image\/"},"sameAs":["https:\/\/www.facebook.com\/CinemaVideoInternational\/","https:\/\/www.instagram.com\/cinemaevideointernational\/","https:\/\/it.linkedin.com\/company\/cinema-video-international"],"description":"Media Consulting & Marketing Agency","email":"hello@darostudio.com","legalName":"DARO studio LLC","foundingDate":"2021-02-16","numberOfEmployees":{"@type":"QuantitativeValue","minValue":"1","maxValue":"10"},"publishingPrinciples":"https:\/\/cinema.video\/about"},{"@type":"Person","@id":"https:\/\/cinema.video\/it#\/schema\/person\/aeb01b91d874e8b01e76a1db04c668c6","name":"Editorial","image":{"@type":"ImageObject","inLanguage":"it-IT","@id":"https:\/\/secure.gravatar.com\/avatar\/06ad6f92eb14745b75fb592cadf8139d33242d81c9c8b085133c450aaf0b9731?s=96&d=mm&r=g","url":"https:\/\/secure.gravatar.com\/avatar\/06ad6f92eb14745b75fb592cadf8139d33242d81c9c8b085133c450aaf0b9731?s=96&d=mm&r=g","contentUrl":"https:\/\/secure.gravatar.com\/avatar\/06ad6f92eb14745b75fb592cadf8139d33242d81c9c8b085133c450aaf0b9731?s=96&d=mm&r=g","caption":"Editorial"},"url":"https:\/\/cinema.video\/it\/author\/redazione"}]}},"jetpack_shortlink":"https:\/\/wp.me\/ph672m-1fMB","jetpack_featured_media_url":"https:\/\/cinema.video\/wp-content\/uploads\/2025\/01\/Libera-2023-09-scaled.jpg","_links":{"self":[{"href":"https:\/\/cinema.video\/it\/wp-json\/wp\/v2\/posts\/299001","targetHints":{"allow":["GET"]}}],"collection":[{"href":"https:\/\/cinema.video\/it\/wp-json\/wp\/v2\/posts"}],"about":[{"href":"https:\/\/cinema.video\/it\/wp-json\/wp\/v2\/types\/post"}],"author":[{"embeddable":true,"href":"https:\/\/cinema.video\/it\/wp-json\/wp\/v2\/users\/26"}],"replies":[{"embeddable":true,"href":"https:\/\/cinema.video\/it\/wp-json\/wp\/v2\/comments?post=299001"}],"version-history":[{"count":1,"href":"https:\/\/cinema.video\/it\/wp-json\/wp\/v2\/posts\/299001\/revisions"}],"predecessor-version":[{"id":302776,"href":"https:\/\/cinema.video\/it\/wp-json\/wp\/v2\/posts\/299001\/revisions\/302776"}],"wp:featuredmedia":[{"embeddable":true,"href":"https:\/\/cinema.video\/it\/wp-json\/wp\/v2\/media\/299008"}],"wp:attachment":[{"href":"https:\/\/cinema.video\/it\/wp-json\/wp\/v2\/media?parent=299001"}],"wp:term":[{"taxonomy":"category","embeddable":true,"href":"https:\/\/cinema.video\/it\/wp-json\/wp\/v2\/categories?post=299001"},{"taxonomy":"post_tag","embeddable":true,"href":"https:\/\/cinema.video\/it\/wp-json\/wp\/v2\/tags?post=299001"}],"curies":[{"name":"wp","href":"https:\/\/api.w.org\/{rel}","templated":true}]}}