{"id":298989,"date":"2025-01-29T17:26:08","date_gmt":"2025-01-29T16:26:08","guid":{"rendered":"https:\/\/cinema.video\/?p=298989"},"modified":"2026-04-10T04:07:51","modified_gmt":"2026-04-10T02:07:51","slug":"unindustria-e-roma-lazio-film-commission-emmy-awards","status":"publish","type":"post","link":"https:\/\/cinema.video\/it\/unindustria-e-roma-lazio-film-commission-emmy-awards","title":{"rendered":"Protocollo d&#8217;intesa fra Unindustria e Roma Lazio Film Commission"},"content":{"rendered":"\n<p class=\"wp-block-paragraph\">Una cabina di regia per portare Roma alla prossima edizione degli <strong>Emmy Awards <\/strong>di novembre: \u00e8 questo uno dei principali obiettivi che si pone il protocollo d\u2019intesa sottoscritto oggi, 29 gennaio, fra <strong>Unindustria<\/strong> e <strong>Fondazione Film Commission di Roma e del Lazio<\/strong> e che segna l\u2019avvio di una collaborazione strutturata tra gli enti di riferimento del settore audiovisivo e le imprese di maggior rilievo per tutta la filiera della regione.<br>L\u2019accordo prevede inoltre l\u2019attivazione di percorsi formativi finalizzati allo sviluppo delle imprese, il supporto all\u2019internazionalizzazione e ai bandi specifici per il settore.<\/p>\n\n\n\n<p class=\"wp-block-paragraph\">\u201cIl settore audiovisivo per il Lazio\u201d \u2013 spiega <strong>Giuseppe Biazzo<\/strong>, <strong>Presidente di Unindustria<\/strong> &#8211; \u201cnon \u00e8 soltanto un patrimonio inestimabile che va ovviamente mantenuto e valorizzato, ma \u00e8 anche un importante settore strategico per l\u2019innovazione e la crescita, fatto di storie, idee e talenti che ne fanno un polo internazionale unico di questa regione. Il settore audiovisivo genera oltre 6,7 miliardi di euro di valore aggiunto regionale, cio\u00e8 il 3,5% dell\u2019economia del Lazio. Con questo Protocollo, non vogliamo limitarci a celebrare solo ci\u00f2 che gi\u00e0 esiste, ma collaborare con la Regione Lazio e la Film Commission per rendere la filiera ancora pi\u00f9 forte, articolata, capace di attrarre investimenti, talenti e produzioni e grandi eventi, primo fra tutti, nel prossimo autunno, una tappa degli Emmy awards.\u201d<\/p>\n\n\n\n<p class=\"wp-block-paragraph\">\u201cCome Presidente della Sezione Editoria, Informazione e Audiovisivo di Unindustria, e membro degli Emmy\u201d &#8211; sottolinea<strong> Lidia Cudemo, Presidente della Sezione Editoria, Informazione e Audiovisivo di Unindustria<\/strong> \u2013 \u201csono particolarmente lieta di aver contribuito \u2013 grazie al prezioso supporto di Fondazione Roma Lazio Film Commission \u2013 a questo importante traguardo, nella consapevolezza che il percorso intrapreso segna solo l\u2019avvio di una traiettoria di sviluppo, massimamente inclusiva per tutte le anime della filiera creativa: dalla comunicazione, all\u2019editoria, e a tutte le imprese che operano nel meraviglioso mondo delle narrazioni offerte dal cinema, dalla tv in streaming, dalle serie televisive e dai libri\u201d.<\/p>\n\n\n\n<p class=\"wp-block-paragraph\">\u201cIl presente protocollo \u2013 spiega <strong>Maria Giuseppina Troccoli Commissario Straordinario e Direttore Generale di Roma Lazio Film Commission<\/strong> &#8211; rafforza, in modo ancora pi\u00f9 strutturato, strategico e sinergico, la collaborazione tra Unindustria e la Fondazione Film Commission di Roma e del Lazio, al fine di favorire, attraverso il settore industriale, il supporto alle aziende del cinema e dell\u2019audiovisivo nel Lazio, agevolandone la crescita grazie ad attivit\u00e0 di internazionalizzazione sempre pi\u00f9 mirate e di alto profilo e alla promozione delle opportunit\u00e0 finanziarie che la Regione Lazio offre alle aziende del settore, nell\u2019ottica di una crescita qualitativamente competitiva anche oltre i confini italiani.\u201d<\/p>\n\n\n\n<p class=\"wp-block-paragraph\"><br>&#8220;La sigla del Protocollo tra la Fondazione Film Commission di Roma e del Lazio e Unindustria \u00e8 un ulteriore segnale del costante impegno che la Regione Lazio, prima in Italia per risorse destinate al Cinema e all\u2019Audiovisivo, investe a supporto di tutta la filiera cinematografica come settore culturale e come industria, per sostenere in modo sempre pi\u00f9 strategico ed efficace la messa a sistema dell\u2019intero comparto&#8221; aggiunge <strong>Lorenza Lei, Responsabile Struttura Autonoma Cinema e Audiovisivo della Regione Lazio<\/strong>.<\/p>\n","protected":false},"excerpt":{"rendered":"<p>Una cabina di regia per portare Roma alla prossima edizione degli Emmy Awards di novembre: \u00e8 questo uno dei principali obiettivi che si pone il protocollo d\u2019intesa sottoscritto oggi, 29 gennaio, fra Unindustria e Fondazione Film Commission di Roma e del Lazio <\/p>\n","protected":false},"author":26,"featured_media":298990,"comment_status":"closed","ping_status":"closed","sticky":false,"template":"","format":"standard","meta":{"googlesitekit_rrm_CAow3e7fCw:productID":"","_wpcom_ai_launchpad_first_post":false,"footnotes":"","jetpack_post_was_ever_published":false},"categories":[215,198],"tags":[2339,2338],"class_list":["post-298989","post","type-post","status-publish","format-standard","has-post-thumbnail","category-film-commissions","category-industry","tag-film-commissions","tag-locations"],"yoast_head":"<!-- This site is optimized with the Yoast SEO Premium plugin v28.3 (Yoast SEO v28.3) - https:\/\/yoast.com\/product\/yoast-seo-premium-wordpress\/ -->\n<title>Protocollo d&#039;intesa fra Unindustria e Roma Lazio Film Commission - Cinema &amp; Video International<\/title>\n<meta name=\"description\" content=\"Protocollo d&#039;intesa fra Unindustria e Roma Lazio Film Commission \u2013 protocollo dintesa fra unindustria e roma. Una cabina di regia per portare Roma alla pr\" \/>\n<meta name=\"robots\" content=\"index, follow, max-snippet:-1, max-image-preview:large, max-video-preview:-1\" \/>\n<link rel=\"canonical\" href=\"https:\/\/cinema.video\/it\/unindustria-e-roma-lazio-film-commission-emmy-awards\" \/>\n<meta property=\"og:locale\" content=\"it_IT\" \/>\n<meta property=\"og:type\" content=\"article\" \/>\n<meta property=\"og:title\" content=\"Protocollo d&#039;intesa fra Unindustria e Roma Lazio Film Commission\" \/>\n<meta property=\"og:description\" content=\"Protocollo d&#039;intesa fra Unindustria e Roma Lazio Film Commission \u2013 protocollo dintesa fra unindustria e roma. Una cabina di regia per portare Roma alla pr\" \/>\n<meta property=\"og:url\" content=\"https:\/\/cinema.video\/it\/unindustria-e-roma-lazio-film-commission-emmy-awards\" \/>\n<meta property=\"og:site_name\" content=\"Cinema &amp; Video International\" \/>\n<meta property=\"article:publisher\" content=\"https:\/\/www.facebook.com\/CinemaVideoInternational\/\" \/>\n<meta property=\"article:published_time\" content=\"2025-01-29T16:26:08+00:00\" \/>\n<meta property=\"article:modified_time\" content=\"2026-04-10T02:07:51+00:00\" \/>\n<meta property=\"og:image\" content=\"https:\/\/cinema.video\/wp-content\/uploads\/2025\/01\/unindustria.png\" \/>\n\t<meta property=\"og:image:width\" content=\"1408\" \/>\n\t<meta property=\"og:image:height\" content=\"851\" \/>\n\t<meta property=\"og:image:type\" content=\"image\/png\" \/>\n<meta name=\"author\" content=\"Editorial\" \/>\n<meta name=\"twitter:card\" content=\"summary_large_image\" \/>\n<meta name=\"twitter:label1\" content=\"Scritto da\" \/>\n\t<meta name=\"twitter:data1\" content=\"Editorial\" \/>\n\t<meta name=\"twitter:label2\" content=\"Tempo di lettura stimato\" \/>\n\t<meta name=\"twitter:data2\" content=\"3 minuti\" \/>\n<script type=\"application\/ld+json\" class=\"yoast-schema-graph\">{\"@context\":\"https:\\\/\\\/schema.org\",\"@graph\":[{\"@type\":\"Article\",\"@id\":\"https:\\\/\\\/cinema.video\\\/it\\\/unindustria-e-roma-lazio-film-commission-emmy-awards#article\",\"isPartOf\":{\"@id\":\"https:\\\/\\\/cinema.video\\\/it\\\/unindustria-e-roma-lazio-film-commission-emmy-awards\"},\"author\":{\"name\":\"Editorial\",\"@id\":\"https:\\\/\\\/cinema.video\\\/it#\\\/schema\\\/person\\\/aeb01b91d874e8b01e76a1db04c668c6\"},\"headline\":\"Protocollo d&#8217;intesa fra Unindustria e Roma Lazio Film Commission\",\"datePublished\":\"2025-01-29T16:26:08+00:00\",\"dateModified\":\"2026-04-10T02:07:51+00:00\",\"mainEntityOfPage\":{\"@id\":\"https:\\\/\\\/cinema.video\\\/it\\\/unindustria-e-roma-lazio-film-commission-emmy-awards\"},\"wordCount\":508,\"publisher\":{\"@id\":\"https:\\\/\\\/cinema.video\\\/it#organization\"},\"image\":{\"@id\":\"https:\\\/\\\/cinema.video\\\/it\\\/unindustria-e-roma-lazio-film-commission-emmy-awards#primaryimage\"},\"thumbnailUrl\":\"https:\\\/\\\/cinema.video\\\/wp-content\\\/uploads\\\/2025\\\/01\\\/unindustria.png\",\"keywords\":[\"FILM COMMISSIONS\",\"LOCATIONS\"],\"articleSection\":[\"FILM COMMISSIONS\",\"INDUSTRY\"],\"inLanguage\":\"it-IT\"},{\"@type\":\"WebPage\",\"@id\":\"https:\\\/\\\/cinema.video\\\/it\\\/unindustria-e-roma-lazio-film-commission-emmy-awards\",\"url\":\"https:\\\/\\\/cinema.video\\\/it\\\/unindustria-e-roma-lazio-film-commission-emmy-awards\",\"name\":\"Protocollo d'intesa fra Unindustria e Roma Lazio Film Commission - Cinema &amp; Video International\",\"isPartOf\":{\"@id\":\"https:\\\/\\\/cinema.video\\\/it#website\"},\"primaryImageOfPage\":{\"@id\":\"https:\\\/\\\/cinema.video\\\/it\\\/unindustria-e-roma-lazio-film-commission-emmy-awards#primaryimage\"},\"image\":{\"@id\":\"https:\\\/\\\/cinema.video\\\/it\\\/unindustria-e-roma-lazio-film-commission-emmy-awards#primaryimage\"},\"thumbnailUrl\":\"https:\\\/\\\/cinema.video\\\/wp-content\\\/uploads\\\/2025\\\/01\\\/unindustria.png\",\"datePublished\":\"2025-01-29T16:26:08+00:00\",\"dateModified\":\"2026-04-10T02:07:51+00:00\",\"description\":\"Protocollo d'intesa fra Unindustria e Roma Lazio Film Commission \u2013 protocollo dintesa fra unindustria e roma. Una cabina di regia per portare Roma alla pr\",\"breadcrumb\":{\"@id\":\"https:\\\/\\\/cinema.video\\\/it\\\/unindustria-e-roma-lazio-film-commission-emmy-awards#breadcrumb\"},\"inLanguage\":\"it-IT\",\"potentialAction\":[{\"@type\":\"ReadAction\",\"target\":[\"https:\\\/\\\/cinema.video\\\/it\\\/unindustria-e-roma-lazio-film-commission-emmy-awards\"]}]},{\"@type\":\"ImageObject\",\"inLanguage\":\"it-IT\",\"@id\":\"https:\\\/\\\/cinema.video\\\/it\\\/unindustria-e-roma-lazio-film-commission-emmy-awards#primaryimage\",\"url\":\"https:\\\/\\\/cinema.video\\\/wp-content\\\/uploads\\\/2025\\\/01\\\/unindustria.png\",\"contentUrl\":\"https:\\\/\\\/cinema.video\\\/wp-content\\\/uploads\\\/2025\\\/01\\\/unindustria.png\",\"width\":1408,\"height\":851,\"caption\":\"Una cabina di regia per portare Roma alla prossima edizione degli Emmy Awards di novembre: \u00e8 questo uno dei principali obiettivi che si pone il protocollo d\u2019intesa sottoscritto fra Unindustria e Fondazione Film Commission di Roma e del Lazio\"},{\"@type\":\"BreadcrumbList\",\"@id\":\"https:\\\/\\\/cinema.video\\\/it\\\/unindustria-e-roma-lazio-film-commission-emmy-awards#breadcrumb\",\"itemListElement\":[{\"@type\":\"ListItem\",\"position\":1,\"name\":\"Home\",\"item\":\"https:\\\/\\\/cinema.video\\\/it\"},{\"@type\":\"ListItem\",\"position\":2,\"name\":\"Protocollo d&#8217;intesa fra Unindustria e Roma Lazio Film Commission\"}]},{\"@type\":\"WebSite\",\"@id\":\"https:\\\/\\\/cinema.video\\\/it#website\",\"url\":\"https:\\\/\\\/cinema.video\\\/it\",\"name\":\"Cinema & Video International\",\"description\":\"Film &amp; Audiovisual B2B Industry Trade Platform Magazine\",\"publisher\":{\"@id\":\"https:\\\/\\\/cinema.video\\\/it#organization\"},\"alternateName\":\"Cinema & Video\",\"potentialAction\":[{\"@type\":\"SearchAction\",\"target\":{\"@type\":\"EntryPoint\",\"urlTemplate\":\"https:\\\/\\\/cinema.video\\\/it?s={search_term_string}\"},\"query-input\":{\"@type\":\"PropertyValueSpecification\",\"valueRequired\":true,\"valueName\":\"search_term_string\"}}],\"inLanguage\":\"it-IT\"},{\"@type\":\"Organization\",\"@id\":\"https:\\\/\\\/cinema.video\\\/it#organization\",\"name\":\"Cinema & Video\",\"url\":\"https:\\\/\\\/cinema.video\\\/it\",\"logo\":{\"@type\":\"ImageObject\",\"inLanguage\":\"it-IT\",\"@id\":\"https:\\\/\\\/cinema.video\\\/it#\\\/schema\\\/logo\\\/image\\\/\",\"url\":\"https:\\\/\\\/cinema.video\\\/wp-content\\\/uploads\\\/2026\\\/04\\\/CinemVideo_LogoBlack.png\",\"contentUrl\":\"https:\\\/\\\/cinema.video\\\/wp-content\\\/uploads\\\/2026\\\/04\\\/CinemVideo_LogoBlack.png\",\"width\":1336,\"height\":224,\"caption\":\"Cinema & Video\"},\"image\":{\"@id\":\"https:\\\/\\\/cinema.video\\\/it#\\\/schema\\\/logo\\\/image\\\/\"},\"sameAs\":[\"https:\\\/\\\/www.facebook.com\\\/CinemaVideoInternational\\\/\",\"https:\\\/\\\/www.instagram.com\\\/cinemaevideointernational\\\/\",\"https:\\\/\\\/it.linkedin.com\\\/company\\\/cinema-video-international\"],\"description\":\"Media Consulting & Marketing Agency\",\"email\":\"hello@darostudio.com\",\"legalName\":\"DARO studio LLC\",\"foundingDate\":\"2021-02-16\",\"numberOfEmployees\":{\"@type\":\"QuantitativeValue\",\"minValue\":\"1\",\"maxValue\":\"10\"},\"publishingPrinciples\":\"https:\\\/\\\/cinema.video\\\/about\"},{\"@type\":\"Person\",\"@id\":\"https:\\\/\\\/cinema.video\\\/it#\\\/schema\\\/person\\\/aeb01b91d874e8b01e76a1db04c668c6\",\"name\":\"Editorial\",\"image\":{\"@type\":\"ImageObject\",\"inLanguage\":\"it-IT\",\"@id\":\"https:\\\/\\\/secure.gravatar.com\\\/avatar\\\/06ad6f92eb14745b75fb592cadf8139d33242d81c9c8b085133c450aaf0b9731?s=96&d=mm&r=g\",\"url\":\"https:\\\/\\\/secure.gravatar.com\\\/avatar\\\/06ad6f92eb14745b75fb592cadf8139d33242d81c9c8b085133c450aaf0b9731?s=96&d=mm&r=g\",\"contentUrl\":\"https:\\\/\\\/secure.gravatar.com\\\/avatar\\\/06ad6f92eb14745b75fb592cadf8139d33242d81c9c8b085133c450aaf0b9731?s=96&d=mm&r=g\",\"caption\":\"Editorial\"},\"url\":\"https:\\\/\\\/cinema.video\\\/it\\\/author\\\/redazione\"}]}<\/script>\n<!-- \/ Yoast SEO Premium plugin. -->","yoast_head_json":{"title":"Protocollo d'intesa fra Unindustria e Roma Lazio Film Commission - Cinema &amp; Video International","description":"Protocollo d'intesa fra Unindustria e Roma Lazio Film Commission \u2013 protocollo dintesa fra unindustria e roma. Una cabina di regia per portare Roma alla pr","robots":{"index":"index","follow":"follow","max-snippet":"max-snippet:-1","max-image-preview":"max-image-preview:large","max-video-preview":"max-video-preview:-1"},"canonical":"https:\/\/cinema.video\/it\/unindustria-e-roma-lazio-film-commission-emmy-awards","og_locale":"it_IT","og_type":"article","og_title":"Protocollo d'intesa fra Unindustria e Roma Lazio Film Commission","og_description":"Protocollo d'intesa fra Unindustria e Roma Lazio Film Commission \u2013 protocollo dintesa fra unindustria e roma. Una cabina di regia per portare Roma alla pr","og_url":"https:\/\/cinema.video\/it\/unindustria-e-roma-lazio-film-commission-emmy-awards","og_site_name":"Cinema &amp; Video International","article_publisher":"https:\/\/www.facebook.com\/CinemaVideoInternational\/","article_published_time":"2025-01-29T16:26:08+00:00","article_modified_time":"2026-04-10T02:07:51+00:00","og_image":[{"width":1408,"height":851,"url":"https:\/\/cinema.video\/wp-content\/uploads\/2025\/01\/unindustria.png","type":"image\/png"}],"author":"Editorial","twitter_card":"summary_large_image","twitter_misc":{"Scritto da":"Editorial","Tempo di lettura stimato":"3 minuti"},"schema":{"@context":"https:\/\/schema.org","@graph":[{"@type":"Article","@id":"https:\/\/cinema.video\/it\/unindustria-e-roma-lazio-film-commission-emmy-awards#article","isPartOf":{"@id":"https:\/\/cinema.video\/it\/unindustria-e-roma-lazio-film-commission-emmy-awards"},"author":{"name":"Editorial","@id":"https:\/\/cinema.video\/it#\/schema\/person\/aeb01b91d874e8b01e76a1db04c668c6"},"headline":"Protocollo d&#8217;intesa fra Unindustria e Roma Lazio Film Commission","datePublished":"2025-01-29T16:26:08+00:00","dateModified":"2026-04-10T02:07:51+00:00","mainEntityOfPage":{"@id":"https:\/\/cinema.video\/it\/unindustria-e-roma-lazio-film-commission-emmy-awards"},"wordCount":508,"publisher":{"@id":"https:\/\/cinema.video\/it#organization"},"image":{"@id":"https:\/\/cinema.video\/it\/unindustria-e-roma-lazio-film-commission-emmy-awards#primaryimage"},"thumbnailUrl":"https:\/\/cinema.video\/wp-content\/uploads\/2025\/01\/unindustria.png","keywords":["FILM COMMISSIONS","LOCATIONS"],"articleSection":["FILM COMMISSIONS","INDUSTRY"],"inLanguage":"it-IT"},{"@type":"WebPage","@id":"https:\/\/cinema.video\/it\/unindustria-e-roma-lazio-film-commission-emmy-awards","url":"https:\/\/cinema.video\/it\/unindustria-e-roma-lazio-film-commission-emmy-awards","name":"Protocollo d'intesa fra Unindustria e Roma Lazio Film Commission - Cinema &amp; Video International","isPartOf":{"@id":"https:\/\/cinema.video\/it#website"},"primaryImageOfPage":{"@id":"https:\/\/cinema.video\/it\/unindustria-e-roma-lazio-film-commission-emmy-awards#primaryimage"},"image":{"@id":"https:\/\/cinema.video\/it\/unindustria-e-roma-lazio-film-commission-emmy-awards#primaryimage"},"thumbnailUrl":"https:\/\/cinema.video\/wp-content\/uploads\/2025\/01\/unindustria.png","datePublished":"2025-01-29T16:26:08+00:00","dateModified":"2026-04-10T02:07:51+00:00","description":"Protocollo d'intesa fra Unindustria e Roma Lazio Film Commission \u2013 protocollo dintesa fra unindustria e roma. Una cabina di regia per portare Roma alla pr","breadcrumb":{"@id":"https:\/\/cinema.video\/it\/unindustria-e-roma-lazio-film-commission-emmy-awards#breadcrumb"},"inLanguage":"it-IT","potentialAction":[{"@type":"ReadAction","target":["https:\/\/cinema.video\/it\/unindustria-e-roma-lazio-film-commission-emmy-awards"]}]},{"@type":"ImageObject","inLanguage":"it-IT","@id":"https:\/\/cinema.video\/it\/unindustria-e-roma-lazio-film-commission-emmy-awards#primaryimage","url":"https:\/\/cinema.video\/wp-content\/uploads\/2025\/01\/unindustria.png","contentUrl":"https:\/\/cinema.video\/wp-content\/uploads\/2025\/01\/unindustria.png","width":1408,"height":851,"caption":"Una cabina di regia per portare Roma alla prossima edizione degli Emmy Awards di novembre: \u00e8 questo uno dei principali obiettivi che si pone il protocollo d\u2019intesa sottoscritto fra Unindustria e Fondazione Film Commission di Roma e del Lazio"},{"@type":"BreadcrumbList","@id":"https:\/\/cinema.video\/it\/unindustria-e-roma-lazio-film-commission-emmy-awards#breadcrumb","itemListElement":[{"@type":"ListItem","position":1,"name":"Home","item":"https:\/\/cinema.video\/it"},{"@type":"ListItem","position":2,"name":"Protocollo d&#8217;intesa fra Unindustria e Roma Lazio Film Commission"}]},{"@type":"WebSite","@id":"https:\/\/cinema.video\/it#website","url":"https:\/\/cinema.video\/it","name":"Cinema & Video International","description":"Film &amp; Audiovisual B2B Industry Trade Platform Magazine","publisher":{"@id":"https:\/\/cinema.video\/it#organization"},"alternateName":"Cinema & Video","potentialAction":[{"@type":"SearchAction","target":{"@type":"EntryPoint","urlTemplate":"https:\/\/cinema.video\/it?s={search_term_string}"},"query-input":{"@type":"PropertyValueSpecification","valueRequired":true,"valueName":"search_term_string"}}],"inLanguage":"it-IT"},{"@type":"Organization","@id":"https:\/\/cinema.video\/it#organization","name":"Cinema & Video","url":"https:\/\/cinema.video\/it","logo":{"@type":"ImageObject","inLanguage":"it-IT","@id":"https:\/\/cinema.video\/it#\/schema\/logo\/image\/","url":"https:\/\/cinema.video\/wp-content\/uploads\/2026\/04\/CinemVideo_LogoBlack.png","contentUrl":"https:\/\/cinema.video\/wp-content\/uploads\/2026\/04\/CinemVideo_LogoBlack.png","width":1336,"height":224,"caption":"Cinema & Video"},"image":{"@id":"https:\/\/cinema.video\/it#\/schema\/logo\/image\/"},"sameAs":["https:\/\/www.facebook.com\/CinemaVideoInternational\/","https:\/\/www.instagram.com\/cinemaevideointernational\/","https:\/\/it.linkedin.com\/company\/cinema-video-international"],"description":"Media Consulting & Marketing Agency","email":"hello@darostudio.com","legalName":"DARO studio LLC","foundingDate":"2021-02-16","numberOfEmployees":{"@type":"QuantitativeValue","minValue":"1","maxValue":"10"},"publishingPrinciples":"https:\/\/cinema.video\/about"},{"@type":"Person","@id":"https:\/\/cinema.video\/it#\/schema\/person\/aeb01b91d874e8b01e76a1db04c668c6","name":"Editorial","image":{"@type":"ImageObject","inLanguage":"it-IT","@id":"https:\/\/secure.gravatar.com\/avatar\/06ad6f92eb14745b75fb592cadf8139d33242d81c9c8b085133c450aaf0b9731?s=96&d=mm&r=g","url":"https:\/\/secure.gravatar.com\/avatar\/06ad6f92eb14745b75fb592cadf8139d33242d81c9c8b085133c450aaf0b9731?s=96&d=mm&r=g","contentUrl":"https:\/\/secure.gravatar.com\/avatar\/06ad6f92eb14745b75fb592cadf8139d33242d81c9c8b085133c450aaf0b9731?s=96&d=mm&r=g","caption":"Editorial"},"url":"https:\/\/cinema.video\/it\/author\/redazione"}]}},"jetpack_shortlink":"https:\/\/wp.me\/ph672m-1fMp","jetpack_featured_media_url":"https:\/\/cinema.video\/wp-content\/uploads\/2025\/01\/unindustria.png","_links":{"self":[{"href":"https:\/\/cinema.video\/it\/wp-json\/wp\/v2\/posts\/298989","targetHints":{"allow":["GET"]}}],"collection":[{"href":"https:\/\/cinema.video\/it\/wp-json\/wp\/v2\/posts"}],"about":[{"href":"https:\/\/cinema.video\/it\/wp-json\/wp\/v2\/types\/post"}],"author":[{"embeddable":true,"href":"https:\/\/cinema.video\/it\/wp-json\/wp\/v2\/users\/26"}],"replies":[{"embeddable":true,"href":"https:\/\/cinema.video\/it\/wp-json\/wp\/v2\/comments?post=298989"}],"version-history":[{"count":1,"href":"https:\/\/cinema.video\/it\/wp-json\/wp\/v2\/posts\/298989\/revisions"}],"predecessor-version":[{"id":302777,"href":"https:\/\/cinema.video\/it\/wp-json\/wp\/v2\/posts\/298989\/revisions\/302777"}],"wp:featuredmedia":[{"embeddable":true,"href":"https:\/\/cinema.video\/it\/wp-json\/wp\/v2\/media\/298990"}],"wp:attachment":[{"href":"https:\/\/cinema.video\/it\/wp-json\/wp\/v2\/media?parent=298989"}],"wp:term":[{"taxonomy":"category","embeddable":true,"href":"https:\/\/cinema.video\/it\/wp-json\/wp\/v2\/categories?post=298989"},{"taxonomy":"post_tag","embeddable":true,"href":"https:\/\/cinema.video\/it\/wp-json\/wp\/v2\/tags?post=298989"}],"curies":[{"name":"wp","href":"https:\/\/api.w.org\/{rel}","templated":true}]}}