{"id":298902,"date":"2025-01-09T15:33:54","date_gmt":"2025-01-09T14:33:54","guid":{"rendered":"https:\/\/cinema.video\/?p=298902"},"modified":"2026-04-10T04:07:41","modified_gmt":"2026-04-10T02:07:41","slug":"berlinale-co-production-market-gen-z-audience-award","status":"publish","type":"post","link":"https:\/\/cinema.video\/it\/berlinale-co-production-market-gen-z-audience-award","title":{"rendered":"Co-Production Market nuova location e nuovo Gen Z Audience Award"},"content":{"rendered":"\n<p class=\"wp-block-paragraph\">Non c&#8217;\u00e8 l&#8217;Italia fra i 27 paesi coinvolti nei progetti del <strong>Berlinale Co-Production Market,<\/strong> che si svolger\u00e0 dal 15 al 19 febbraio: ne sono stati selezionati 35 (fra 351 candidature), di cui 19 sono diretti da donne. <br>19 sono anche le opere della selezione ufficiale, con un budget fra gli 800 mila e I 5 milioni di euro, presentate da societ\u00e0 di produzione internazionale affermate, che incontreranno potenziali co-produttori e finanziatori nella nuova location dell&#8217;<strong>Octogon<\/strong>, a Leipziger Platz. Fra i registi di questi film, professionisti gi\u00e0 pluripremiati quali <strong>Ay\u015fe Polat, Tatiana Huezo, Carolina Markowicz, Wissam Charaf, Zarrar Kahn, Kirsten Tan, Radu Muntean, Kaan M\u00fcjdeci, Ainhoa Rodr\u00edguez, Andrea Staka, Miia Tervo <\/strong>e <strong>Maksym Nakonechnyi.<\/strong><\/p>\n\n\n\n<p class=\"wp-block-paragraph\">Gi\u00e0 passati dalla Berlinale, ovviamente, i registi della sezione <em>Berlinale Directors<\/em>, i cui progetti sono nelle prime fasi di finanziamento: fra questi il vincitore del Crystal Globe di Karlovy Vary nel 2023 (con<em> Blaga&#8217;s Lessons<\/em>), il bulgaro <strong>Stephan Komandarev<\/strong>, che torner\u00e0 a Berlino (dove aveva presentato la sua opera prima <em>Pansion za kucheta<\/em>\u00a0 nel 2001) con <em>The Block Universe<\/em>.<\/p>\n\n\n\n<p class=\"wp-block-paragraph\">In <em>Rotterdam-Berlinale Express<\/em> troviamo un&#8217;altra affezionata e pluripremiata della Berlinale, <strong>Kamila Andini<\/strong> con <em>Four Seasons in Java<\/em>, assieme all&#8217;horror storico <em>Meat<\/em>, debutto alla regia di <strong>Rioghnach Ni Ghrioghair<\/strong>.<\/p>\n\n\n\n<p class=\"wp-block-paragraph\">Dal Cameroon arriva \u00a0<em>I&#8217;m Coming For You<\/em>, di<strong> Cyrielle Raingou<\/strong>, presentato in collaborazione con il Berlinale\u00a0<em>World Cinema Fund<\/em>.<\/p>\n\n\n\n<p class=\"wp-block-paragraph\">\u201cIl diritto di ogni persona all&#8217;autodeterminazione e alla ricerca della propria identit\u00e0 \u00e8 un tema centrale con cui gli autori si confrontano in maniere diverse. Storie che riguardano famiglie disfunzionali e famiglie scelte, a cui a volte si guarda seriamente, e in altri progetti con molto humor, hanno un peso consistente. Altri temi che ci aspetteranno al cinema nei prossimi anni, quando questi film saranno realizzati sono: nonne in esaurimento, teorie cospirative, le difficolt\u00e0 delle relazioni virtuali,  capitalismo degenerante cannibalismo e, sopratutto, i sogni di ognuno della gente e il desiderio di appratenenza.&#8221; Cos\u00ec <strong>Martina Bleis<\/strong>, direttrice del Berlinale Co-Production Market, ha commentato la selezione. <\/p>\n\n\n\n<p class=\"wp-block-paragraph\">Altra novit\u00e0 di quest&#8217;anno \u00e8 il <strong>Gen Z Audience Award<\/strong>, voluto da <strong>Tanja Meissner,<\/strong> la nuova direttrice  di Berlinale Pro* che comprende anche il Berlinale Co-Production Market (<a href=\"https:\/\/cinema.video\/tanja-meissner-e-la-nuova-direttrice-del-consorzio-berlinale-pro-formato-dalleuropean-film-market-da-lei-diretto-berlinale-co-production-market-berlinale-talents-e-world-cinema-fun\"><strong>leggi qui<\/strong><\/a>): &#8220;All&#8217;interno dell&#8217;industria si parla molto di sviluppo del pubblico e di come riconnettersi con le generazioni pi\u00f9. giovani. Per me il passo successivo \u00e8 dunque quello di coinvolgere, nel processo di concepimento creativo del film, non solo i (co)produttori, ma anche i rappresentanti di questo target di spettatori. <br>Lo scambio intergenerazionale \u00e8 cruciale per dar valore ai nostri eventi attraverso una prospettiva fresca in modo da mantenere nel futuro il nostro co-production market sempre  vibrante e culturalmente rilevante.&#8221; <\/p>\n","protected":false},"excerpt":{"rendered":"<p>Nessun titolo italiano al Berlinale Co-Production Market, dal 15 al 19 febbraio nella nuova location di Octogon, a Leipziger Platz. Altra novit\u00e0 di quest&#8217;anno \u00e8 il Gen Z Audience Award, voluto da Tanja Meissner, la nuova direttrice  di Berlinale Pro*<\/p>\n","protected":false},"author":2,"featured_media":298903,"comment_status":"closed","ping_status":"closed","sticky":false,"template":"","format":"standard","meta":{"googlesitekit_rrm_CAow3e7fCw:productID":"","_wpcom_ai_launchpad_first_post":false,"footnotes":"","jetpack_post_was_ever_published":false},"categories":[1],"tags":[1695,356],"class_list":["post-298902","post","type-post","status-publish","format-standard","has-post-thumbnail","category-senza-categoria","tag-berlinale-efm","tag-focus"],"yoast_head":"<!-- This site is optimized with the Yoast SEO Premium plugin v28.3 (Yoast SEO v28.3) - https:\/\/yoast.com\/product\/yoast-seo-premium-wordpress\/ -->\n<title>Co-Production Market nuova location e nuovo Gen Z Audience Award - Cinema &amp; Video International<\/title>\n<meta name=\"description\" content=\"Co-Production Market nuova location e nuovo Gen Z Audience Award \u2013 coproduction market nuova location e nuovo. Non c&#039;\u00e8 l&#039;Italia fra i 27 paesi coinvolti n\" \/>\n<meta name=\"robots\" content=\"index, follow, max-snippet:-1, max-image-preview:large, max-video-preview:-1\" \/>\n<link rel=\"canonical\" href=\"https:\/\/cinema.video\/it\/berlinale-co-production-market-gen-z-audience-award\" \/>\n<meta property=\"og:locale\" content=\"it_IT\" \/>\n<meta property=\"og:type\" content=\"article\" \/>\n<meta property=\"og:title\" content=\"Co-Production Market nuova location e nuovo Gen Z Audience Award\" \/>\n<meta property=\"og:description\" content=\"Co-Production Market nuova location e nuovo Gen Z Audience Award \u2013 coproduction market nuova location e nuovo. Non c&#039;\u00e8 l&#039;Italia fra i 27 paesi coinvolti n\" \/>\n<meta property=\"og:url\" content=\"https:\/\/cinema.video\/it\/berlinale-co-production-market-gen-z-audience-award\" \/>\n<meta property=\"og:site_name\" content=\"Cinema &amp; Video International\" \/>\n<meta property=\"article:publisher\" content=\"https:\/\/www.facebook.com\/CinemaVideoInternational\/\" \/>\n<meta property=\"article:published_time\" content=\"2025-01-09T14:33:54+00:00\" \/>\n<meta property=\"article:modified_time\" content=\"2026-04-10T02:07:41+00:00\" \/>\n<meta property=\"og:image\" content=\"https:\/\/cinema.video\/wp-content\/uploads\/2025\/01\/LwjlFXle4EwC-e1736433200977.jpg\" \/>\n\t<meta property=\"og:image:width\" content=\"800\" \/>\n\t<meta property=\"og:image:height\" content=\"533\" \/>\n\t<meta property=\"og:image:type\" content=\"image\/jpeg\" \/>\n<meta name=\"author\" content=\"Carolina Mancini\" \/>\n<meta name=\"twitter:card\" content=\"summary_large_image\" \/>\n<meta name=\"twitter:label1\" content=\"Scritto da\" \/>\n\t<meta name=\"twitter:data1\" content=\"Carolina Mancini\" \/>\n\t<meta name=\"twitter:label2\" content=\"Tempo di lettura stimato\" \/>\n\t<meta name=\"twitter:data2\" content=\"3 minuti\" \/>\n<script type=\"application\/ld+json\" class=\"yoast-schema-graph\">{\"@context\":\"https:\\\/\\\/schema.org\",\"@graph\":[{\"@type\":\"Article\",\"@id\":\"https:\\\/\\\/cinema.video\\\/it\\\/berlinale-co-production-market-gen-z-audience-award#article\",\"isPartOf\":{\"@id\":\"https:\\\/\\\/cinema.video\\\/it\\\/berlinale-co-production-market-gen-z-audience-award\"},\"author\":{\"name\":\"Carolina Mancini\",\"@id\":\"https:\\\/\\\/cinema.video\\\/it#\\\/schema\\\/person\\\/d5479fad8d0f2360000eb4aab6bb6e5d\"},\"headline\":\"Co-Production Market nuova location e nuovo Gen Z Audience Award\",\"datePublished\":\"2025-01-09T14:33:54+00:00\",\"dateModified\":\"2026-04-10T02:07:41+00:00\",\"mainEntityOfPage\":{\"@id\":\"https:\\\/\\\/cinema.video\\\/it\\\/berlinale-co-production-market-gen-z-audience-award\"},\"wordCount\":440,\"publisher\":{\"@id\":\"https:\\\/\\\/cinema.video\\\/it#organization\"},\"image\":{\"@id\":\"https:\\\/\\\/cinema.video\\\/it\\\/berlinale-co-production-market-gen-z-audience-award#primaryimage\"},\"thumbnailUrl\":\"https:\\\/\\\/cinema.video\\\/wp-content\\\/uploads\\\/2025\\\/01\\\/LwjlFXle4EwC-e1736433200977.jpg\",\"keywords\":[\"BERLINALE - EFM\",\"focus\"],\"inLanguage\":\"it-IT\"},{\"@type\":\"WebPage\",\"@id\":\"https:\\\/\\\/cinema.video\\\/it\\\/berlinale-co-production-market-gen-z-audience-award\",\"url\":\"https:\\\/\\\/cinema.video\\\/it\\\/berlinale-co-production-market-gen-z-audience-award\",\"name\":\"Co-Production Market nuova location e nuovo Gen Z Audience Award - Cinema &amp; Video International\",\"isPartOf\":{\"@id\":\"https:\\\/\\\/cinema.video\\\/it#website\"},\"primaryImageOfPage\":{\"@id\":\"https:\\\/\\\/cinema.video\\\/it\\\/berlinale-co-production-market-gen-z-audience-award#primaryimage\"},\"image\":{\"@id\":\"https:\\\/\\\/cinema.video\\\/it\\\/berlinale-co-production-market-gen-z-audience-award#primaryimage\"},\"thumbnailUrl\":\"https:\\\/\\\/cinema.video\\\/wp-content\\\/uploads\\\/2025\\\/01\\\/LwjlFXle4EwC-e1736433200977.jpg\",\"datePublished\":\"2025-01-09T14:33:54+00:00\",\"dateModified\":\"2026-04-10T02:07:41+00:00\",\"description\":\"Co-Production Market nuova location e nuovo Gen Z Audience Award \u2013 coproduction market nuova location e nuovo. Non c'\u00e8 l'Italia fra i 27 paesi coinvolti n\",\"breadcrumb\":{\"@id\":\"https:\\\/\\\/cinema.video\\\/it\\\/berlinale-co-production-market-gen-z-audience-award#breadcrumb\"},\"inLanguage\":\"it-IT\",\"potentialAction\":[{\"@type\":\"ReadAction\",\"target\":[\"https:\\\/\\\/cinema.video\\\/it\\\/berlinale-co-production-market-gen-z-audience-award\"]}]},{\"@type\":\"ImageObject\",\"inLanguage\":\"it-IT\",\"@id\":\"https:\\\/\\\/cinema.video\\\/it\\\/berlinale-co-production-market-gen-z-audience-award#primaryimage\",\"url\":\"https:\\\/\\\/cinema.video\\\/wp-content\\\/uploads\\\/2025\\\/01\\\/LwjlFXle4EwC-e1736433200977.jpg\",\"contentUrl\":\"https:\\\/\\\/cinema.video\\\/wp-content\\\/uploads\\\/2025\\\/01\\\/LwjlFXle4EwC-e1736433200977.jpg\",\"width\":800,\"height\":533,\"caption\":\"Nessun titolo italiano al Berlinale Co-Production Market, dal 15 al 19 febbraio nella nuova location di Octogon, a Leipziger Platz.\"},{\"@type\":\"BreadcrumbList\",\"@id\":\"https:\\\/\\\/cinema.video\\\/it\\\/berlinale-co-production-market-gen-z-audience-award#breadcrumb\",\"itemListElement\":[{\"@type\":\"ListItem\",\"position\":1,\"name\":\"Home\",\"item\":\"https:\\\/\\\/cinema.video\\\/it\"},{\"@type\":\"ListItem\",\"position\":2,\"name\":\"Co-Production Market nuova location e nuovo Gen Z Audience Award\"}]},{\"@type\":\"WebSite\",\"@id\":\"https:\\\/\\\/cinema.video\\\/it#website\",\"url\":\"https:\\\/\\\/cinema.video\\\/it\",\"name\":\"Cinema & Video International\",\"description\":\"Film &amp; Audiovisual B2B Industry Trade Platform Magazine\",\"publisher\":{\"@id\":\"https:\\\/\\\/cinema.video\\\/it#organization\"},\"alternateName\":\"Cinema & Video\",\"potentialAction\":[{\"@type\":\"SearchAction\",\"target\":{\"@type\":\"EntryPoint\",\"urlTemplate\":\"https:\\\/\\\/cinema.video\\\/it?s={search_term_string}\"},\"query-input\":{\"@type\":\"PropertyValueSpecification\",\"valueRequired\":true,\"valueName\":\"search_term_string\"}}],\"inLanguage\":\"it-IT\"},{\"@type\":\"Organization\",\"@id\":\"https:\\\/\\\/cinema.video\\\/it#organization\",\"name\":\"Cinema & Video\",\"url\":\"https:\\\/\\\/cinema.video\\\/it\",\"logo\":{\"@type\":\"ImageObject\",\"inLanguage\":\"it-IT\",\"@id\":\"https:\\\/\\\/cinema.video\\\/it#\\\/schema\\\/logo\\\/image\\\/\",\"url\":\"https:\\\/\\\/cinema.video\\\/wp-content\\\/uploads\\\/2026\\\/04\\\/CinemVideo_LogoBlack.png\",\"contentUrl\":\"https:\\\/\\\/cinema.video\\\/wp-content\\\/uploads\\\/2026\\\/04\\\/CinemVideo_LogoBlack.png\",\"width\":1336,\"height\":224,\"caption\":\"Cinema & Video\"},\"image\":{\"@id\":\"https:\\\/\\\/cinema.video\\\/it#\\\/schema\\\/logo\\\/image\\\/\"},\"sameAs\":[\"https:\\\/\\\/www.facebook.com\\\/CinemaVideoInternational\\\/\",\"https:\\\/\\\/www.instagram.com\\\/cinemaevideointernational\\\/\",\"https:\\\/\\\/it.linkedin.com\\\/company\\\/cinema-video-international\"],\"description\":\"Media Consulting & Marketing Agency\",\"email\":\"hello@darostudio.com\",\"legalName\":\"DARO studio LLC\",\"foundingDate\":\"2021-02-16\",\"numberOfEmployees\":{\"@type\":\"QuantitativeValue\",\"minValue\":\"1\",\"maxValue\":\"10\"},\"publishingPrinciples\":\"https:\\\/\\\/cinema.video\\\/about\"},{\"@type\":\"Person\",\"@id\":\"https:\\\/\\\/cinema.video\\\/it#\\\/schema\\\/person\\\/d5479fad8d0f2360000eb4aab6bb6e5d\",\"name\":\"Carolina Mancini\",\"image\":{\"@type\":\"ImageObject\",\"inLanguage\":\"it-IT\",\"@id\":\"https:\\\/\\\/secure.gravatar.com\\\/avatar\\\/d4758965c5e8730dbaaa7131a628547771a26c1e5bf14fe323d96f8246a62baf?s=96&d=mm&r=g\",\"url\":\"https:\\\/\\\/secure.gravatar.com\\\/avatar\\\/d4758965c5e8730dbaaa7131a628547771a26c1e5bf14fe323d96f8246a62baf?s=96&d=mm&r=g\",\"contentUrl\":\"https:\\\/\\\/secure.gravatar.com\\\/avatar\\\/d4758965c5e8730dbaaa7131a628547771a26c1e5bf14fe323d96f8246a62baf?s=96&d=mm&r=g\",\"caption\":\"Carolina Mancini\"},\"url\":\"https:\\\/\\\/cinema.video\\\/it\\\/author\\\/carolin\"}]}<\/script>\n<!-- \/ Yoast SEO Premium plugin. -->","yoast_head_json":{"title":"Co-Production Market nuova location e nuovo Gen Z Audience Award - Cinema &amp; Video International","description":"Co-Production Market nuova location e nuovo Gen Z Audience Award \u2013 coproduction market nuova location e nuovo. Non c'\u00e8 l'Italia fra i 27 paesi coinvolti n","robots":{"index":"index","follow":"follow","max-snippet":"max-snippet:-1","max-image-preview":"max-image-preview:large","max-video-preview":"max-video-preview:-1"},"canonical":"https:\/\/cinema.video\/it\/berlinale-co-production-market-gen-z-audience-award","og_locale":"it_IT","og_type":"article","og_title":"Co-Production Market nuova location e nuovo Gen Z Audience Award","og_description":"Co-Production Market nuova location e nuovo Gen Z Audience Award \u2013 coproduction market nuova location e nuovo. Non c'\u00e8 l'Italia fra i 27 paesi coinvolti n","og_url":"https:\/\/cinema.video\/it\/berlinale-co-production-market-gen-z-audience-award","og_site_name":"Cinema &amp; Video International","article_publisher":"https:\/\/www.facebook.com\/CinemaVideoInternational\/","article_published_time":"2025-01-09T14:33:54+00:00","article_modified_time":"2026-04-10T02:07:41+00:00","og_image":[{"width":800,"height":533,"url":"https:\/\/cinema.video\/wp-content\/uploads\/2025\/01\/LwjlFXle4EwC-e1736433200977.jpg","type":"image\/jpeg"}],"author":"Carolina Mancini","twitter_card":"summary_large_image","twitter_misc":{"Scritto da":"Carolina Mancini","Tempo di lettura stimato":"3 minuti"},"schema":{"@context":"https:\/\/schema.org","@graph":[{"@type":"Article","@id":"https:\/\/cinema.video\/it\/berlinale-co-production-market-gen-z-audience-award#article","isPartOf":{"@id":"https:\/\/cinema.video\/it\/berlinale-co-production-market-gen-z-audience-award"},"author":{"name":"Carolina Mancini","@id":"https:\/\/cinema.video\/it#\/schema\/person\/d5479fad8d0f2360000eb4aab6bb6e5d"},"headline":"Co-Production Market nuova location e nuovo Gen Z Audience Award","datePublished":"2025-01-09T14:33:54+00:00","dateModified":"2026-04-10T02:07:41+00:00","mainEntityOfPage":{"@id":"https:\/\/cinema.video\/it\/berlinale-co-production-market-gen-z-audience-award"},"wordCount":440,"publisher":{"@id":"https:\/\/cinema.video\/it#organization"},"image":{"@id":"https:\/\/cinema.video\/it\/berlinale-co-production-market-gen-z-audience-award#primaryimage"},"thumbnailUrl":"https:\/\/cinema.video\/wp-content\/uploads\/2025\/01\/LwjlFXle4EwC-e1736433200977.jpg","keywords":["BERLINALE - EFM","focus"],"inLanguage":"it-IT"},{"@type":"WebPage","@id":"https:\/\/cinema.video\/it\/berlinale-co-production-market-gen-z-audience-award","url":"https:\/\/cinema.video\/it\/berlinale-co-production-market-gen-z-audience-award","name":"Co-Production Market nuova location e nuovo Gen Z Audience Award - Cinema &amp; Video International","isPartOf":{"@id":"https:\/\/cinema.video\/it#website"},"primaryImageOfPage":{"@id":"https:\/\/cinema.video\/it\/berlinale-co-production-market-gen-z-audience-award#primaryimage"},"image":{"@id":"https:\/\/cinema.video\/it\/berlinale-co-production-market-gen-z-audience-award#primaryimage"},"thumbnailUrl":"https:\/\/cinema.video\/wp-content\/uploads\/2025\/01\/LwjlFXle4EwC-e1736433200977.jpg","datePublished":"2025-01-09T14:33:54+00:00","dateModified":"2026-04-10T02:07:41+00:00","description":"Co-Production Market nuova location e nuovo Gen Z Audience Award \u2013 coproduction market nuova location e nuovo. Non c'\u00e8 l'Italia fra i 27 paesi coinvolti n","breadcrumb":{"@id":"https:\/\/cinema.video\/it\/berlinale-co-production-market-gen-z-audience-award#breadcrumb"},"inLanguage":"it-IT","potentialAction":[{"@type":"ReadAction","target":["https:\/\/cinema.video\/it\/berlinale-co-production-market-gen-z-audience-award"]}]},{"@type":"ImageObject","inLanguage":"it-IT","@id":"https:\/\/cinema.video\/it\/berlinale-co-production-market-gen-z-audience-award#primaryimage","url":"https:\/\/cinema.video\/wp-content\/uploads\/2025\/01\/LwjlFXle4EwC-e1736433200977.jpg","contentUrl":"https:\/\/cinema.video\/wp-content\/uploads\/2025\/01\/LwjlFXle4EwC-e1736433200977.jpg","width":800,"height":533,"caption":"Nessun titolo italiano al Berlinale Co-Production Market, dal 15 al 19 febbraio nella nuova location di Octogon, a Leipziger Platz."},{"@type":"BreadcrumbList","@id":"https:\/\/cinema.video\/it\/berlinale-co-production-market-gen-z-audience-award#breadcrumb","itemListElement":[{"@type":"ListItem","position":1,"name":"Home","item":"https:\/\/cinema.video\/it"},{"@type":"ListItem","position":2,"name":"Co-Production Market nuova location e nuovo Gen Z Audience Award"}]},{"@type":"WebSite","@id":"https:\/\/cinema.video\/it#website","url":"https:\/\/cinema.video\/it","name":"Cinema & Video International","description":"Film &amp; Audiovisual B2B Industry Trade Platform Magazine","publisher":{"@id":"https:\/\/cinema.video\/it#organization"},"alternateName":"Cinema & Video","potentialAction":[{"@type":"SearchAction","target":{"@type":"EntryPoint","urlTemplate":"https:\/\/cinema.video\/it?s={search_term_string}"},"query-input":{"@type":"PropertyValueSpecification","valueRequired":true,"valueName":"search_term_string"}}],"inLanguage":"it-IT"},{"@type":"Organization","@id":"https:\/\/cinema.video\/it#organization","name":"Cinema & Video","url":"https:\/\/cinema.video\/it","logo":{"@type":"ImageObject","inLanguage":"it-IT","@id":"https:\/\/cinema.video\/it#\/schema\/logo\/image\/","url":"https:\/\/cinema.video\/wp-content\/uploads\/2026\/04\/CinemVideo_LogoBlack.png","contentUrl":"https:\/\/cinema.video\/wp-content\/uploads\/2026\/04\/CinemVideo_LogoBlack.png","width":1336,"height":224,"caption":"Cinema & Video"},"image":{"@id":"https:\/\/cinema.video\/it#\/schema\/logo\/image\/"},"sameAs":["https:\/\/www.facebook.com\/CinemaVideoInternational\/","https:\/\/www.instagram.com\/cinemaevideointernational\/","https:\/\/it.linkedin.com\/company\/cinema-video-international"],"description":"Media Consulting & Marketing Agency","email":"hello@darostudio.com","legalName":"DARO studio LLC","foundingDate":"2021-02-16","numberOfEmployees":{"@type":"QuantitativeValue","minValue":"1","maxValue":"10"},"publishingPrinciples":"https:\/\/cinema.video\/about"},{"@type":"Person","@id":"https:\/\/cinema.video\/it#\/schema\/person\/d5479fad8d0f2360000eb4aab6bb6e5d","name":"Carolina Mancini","image":{"@type":"ImageObject","inLanguage":"it-IT","@id":"https:\/\/secure.gravatar.com\/avatar\/d4758965c5e8730dbaaa7131a628547771a26c1e5bf14fe323d96f8246a62baf?s=96&d=mm&r=g","url":"https:\/\/secure.gravatar.com\/avatar\/d4758965c5e8730dbaaa7131a628547771a26c1e5bf14fe323d96f8246a62baf?s=96&d=mm&r=g","contentUrl":"https:\/\/secure.gravatar.com\/avatar\/d4758965c5e8730dbaaa7131a628547771a26c1e5bf14fe323d96f8246a62baf?s=96&d=mm&r=g","caption":"Carolina Mancini"},"url":"https:\/\/cinema.video\/it\/author\/carolin"}]}},"jetpack_shortlink":"https:\/\/wp.me\/ph672m-1fL0","jetpack_featured_media_url":"https:\/\/cinema.video\/wp-content\/uploads\/2025\/01\/LwjlFXle4EwC-e1736433200977.jpg","_links":{"self":[{"href":"https:\/\/cinema.video\/it\/wp-json\/wp\/v2\/posts\/298902","targetHints":{"allow":["GET"]}}],"collection":[{"href":"https:\/\/cinema.video\/it\/wp-json\/wp\/v2\/posts"}],"about":[{"href":"https:\/\/cinema.video\/it\/wp-json\/wp\/v2\/types\/post"}],"author":[{"embeddable":true,"href":"https:\/\/cinema.video\/it\/wp-json\/wp\/v2\/users\/2"}],"replies":[{"embeddable":true,"href":"https:\/\/cinema.video\/it\/wp-json\/wp\/v2\/comments?post=298902"}],"version-history":[{"count":1,"href":"https:\/\/cinema.video\/it\/wp-json\/wp\/v2\/posts\/298902\/revisions"}],"predecessor-version":[{"id":309543,"href":"https:\/\/cinema.video\/it\/wp-json\/wp\/v2\/posts\/298902\/revisions\/309543"}],"wp:featuredmedia":[{"embeddable":true,"href":"https:\/\/cinema.video\/it\/wp-json\/wp\/v2\/media\/298903"}],"wp:attachment":[{"href":"https:\/\/cinema.video\/it\/wp-json\/wp\/v2\/media?parent=298902"}],"wp:term":[{"taxonomy":"category","embeddable":true,"href":"https:\/\/cinema.video\/it\/wp-json\/wp\/v2\/categories?post=298902"},{"taxonomy":"post_tag","embeddable":true,"href":"https:\/\/cinema.video\/it\/wp-json\/wp\/v2\/tags?post=298902"}],"curies":[{"name":"wp","href":"https:\/\/api.w.org\/{rel}","templated":true}]}}