{"id":298802,"date":"2024-12-09T13:02:33","date_gmt":"2024-12-09T12:02:33","guid":{"rendered":"https:\/\/cinema.video\/?p=298802"},"modified":"2026-04-10T04:07:35","modified_gmt":"2026-04-10T02:07:35","slug":"emilia-perez-efa","status":"publish","type":"post","link":"https:\/\/cinema.video\/it\/emilia-perez-efa","title":{"rendered":"Vince Emilia Perez"},"content":{"rendered":"\n<p class=\"wp-block-paragraph\"><strong><em>Emilia Perez<\/em><\/strong>  \u00e8 il film vincitore della 37\u00b0 edizione degl<strong>i European Film Awards.<\/strong><\/p>\n\n\n\n<p class=\"wp-block-paragraph\">5 i premi che gli sono stati assegnati dall&#8217;<strong>European Film Academy<\/strong> lo scorso 7 dicembre a Lucerna: oltre al gi\u00e0 annunciato <strong>Miglior Montaggio Europeo<\/strong> a <strong>Juliette Welfling <\/strong>(<strong><a href=\"https:\/\/cinema.video\/european-excellence-awards-vincitori\">leggi qui<\/a><\/strong>), <strong>Miglior Film, Miglior Regia<\/strong> e <strong>Miglior Sceneggiatura<\/strong> per <strong>Jacques Audiard<\/strong>, Migliore Attrice a <strong>Karla Sofia Gascon<\/strong>.<br>Quest\u2019ultimo, consegnato dall\u2019attrice <strong>Hiam Abbass,  <\/strong>che dice:<br>&#8220;Sono europea e sono palestinese: il mio pensiero non pu\u00f2 non andare a tutti i bambini di Gaza, e vi esorto a pregare tutti per la pace.\u201d Abbass \u00e8, fra l&#8217;altro, protagonista di <em>Bye Bye Tiberias<\/em>, documentario con due candidature agli EFA, che racconta del  ritorno al villaggio natale in Palestina, lasciato 30 anni prima per seguire il suo sogno di diventare attrice in Europa.<\/p>\n\n\n\n<p class=\"wp-block-paragraph\">Altro appello, decisamente pi\u00f9 incisivo per la Palestina, \u00e8 quello di <strong>Yuval Abraham<\/strong> e<strong> Basel Adra<\/strong>,  registi (assieme a Hamdan Ballal e Rachel Szor) di <strong><em>No Other Land<\/em><\/strong>, premiato come <strong>Miglior Documentario Europeo<\/strong>, che chiedono al governo europeo l&#8217;imposizione immediata del cessate il fuoco \u201cquello che sta accadendo in Palestina \u00e8 pulizia etnica, e non c\u2019\u00e8 pi\u00f9 tempo\u201d.<\/p>\n\n\n\n<p class=\"wp-block-paragraph\">Un richiamo all\u2019Europea della politica, che rimanda, come in uno specchio rovesciato, a quello di <strong>Wim Wenders<\/strong>, che nel ricevere l&#8217; <strong>European Lifetime Achievment<\/strong>, cita la famosa frase di JFK, girandola al mondo del cinema \u201cnon chiediamoci cosa l\u2019Europa&nbsp;pu\u00f2 fare per noi, comunit\u00e0 del cinema, ma cosa noi possiamo fare per l\u2019Europa.\u201d Spiegando che: \u201cdopo anni e anni, sono arrivato a capire che lo scopo ultimo di chi fa il nostro mestiere \u00e8 quello di servire il film, che \u00e8 qualcosa di pi\u00f9 grande della somma di chi lo fa, proprio come l\u2019Accademia \u00e8 qualcosa di pi\u00f9 grande di noi, ma che ognuno di noi pu\u00f2 servire.\u201d<\/p>\n\n\n\n<div class=\"wp-block-media-text is-stacked-on-mobile\" style=\"grid-template-columns:58% auto\"><figure class=\"wp-block-media-text__media\"><img loading=\"lazy\" decoding=\"async\" width=\"1024\" height=\"1024\" src=\"https:\/\/cinema.video\/wp-content\/uploads\/2024\/12\/wendersbinoche-1024x1024.jpeg\" alt=\"\" class=\"wp-image-298813 size-full\" srcset=\"https:\/\/cinema.video\/wp-content\/uploads\/2024\/12\/wendersbinoche.jpeg 1024w, https:\/\/cinema.video\/wp-content\/uploads\/2024\/12\/wendersbinoche.jpeg 300w, https:\/\/cinema.video\/wp-content\/uploads\/2024\/12\/wendersbinoche.jpeg 150w, https:\/\/cinema.video\/wp-content\/uploads\/2024\/12\/wendersbinoche.jpeg 768w, https:\/\/cinema.video\/wp-content\/uploads\/2024\/12\/wendersbinoche.jpeg 1536w, https:\/\/cinema.video\/wp-content\/uploads\/2024\/12\/wendersbinoche.jpeg 420w, https:\/\/cinema.video\/wp-content\/uploads\/2024\/12\/wendersbinoche.jpeg 696w, https:\/\/cinema.video\/wp-content\/uploads\/2024\/12\/wendersbinoche.jpeg 1068w, https:\/\/cinema.video\/wp-content\/uploads\/2024\/12\/wendersbinoche.jpeg 1920w, https:\/\/cinema.video\/wp-content\/uploads\/2024\/12\/wendersbinoche.jpeg 2048w, https:\/\/cinema.video\/wp-content\/uploads\/2024\/12\/wendersbinoche.jpeg 1392w\" sizes=\"auto, (max-width: 696px) 100vw, 696px\" \/><\/figure><div class=\"wp-block-media-text__content\">\n<p class=\"wp-block-paragraph\">Wenders, che \u00e8 stato presidente dell\u2019Accademia per 24 anni, ha ricevuto il premio dalla nuova presidente, <strong>Juliette Binoche<\/strong>. Anche lei, nel suo discorso d\u2019apertura ha ribadito come l\u2019Accademia debba rafforzare sempre di pi\u00f9 il suo essere una comunit\u00e0 e &#8220;una riunione di artisti&nbsp;che include la Palestina, la Russia, Israele, l\u2019Ucraina\u201d.<\/p>\n\n\n\n<p class=\"wp-block-paragraph\">Pi\u00f9 tardi, rivolgendosi a Wenders, ha detto: \u201chai creato un stile cinematografico, proprio come un architetto, e sei diventato un mentore per molti giovani.\u201d <br><\/p>\n<\/div><\/div>\n\n\n\n<p class=\"wp-block-paragraph\">Due temi toccati dal regista nel corso di un\u2019intervista collettiva con i giornalisti poco prima della cerimonia di premiazione, in cui ha accennato al suo nuovo progetto, un film sull\u2019architetto svizzero Peter Zumthor. Inoltre, interrogato sui nuovi formati dell&#8217;immagine, il 4 K, e la riedizione e riproposizione al cinema del suo <em>Paris Texas,<\/em> adesso nelle sale italiane, ha dichiarato che, nonostante&nbsp; la sua avversit\u00e0 ai nuovi formati risalga ai tempi in cui \u201cmi vergognavo quando mi dicevano di aver comprato il VHS dei miei film\u201d, \u00e8 ben felice che la tecnologia dia modo ai giovani di riscoprire i vecchi film che mostrano un mondo diverso da quello che conoscono, dove, ad esempio, \u201cc\u2019\u00e8 bisogno di una cabina telefonica per chiamare e si pu\u00f2 riattaccare, a differenza di oggi che siamo sempre connessi senza, in realt\u00e0, comunicare mai veramente.\u201d<\/p>\n\n\n\n<p class=\"wp-block-paragraph\">Nel 1989 Wenders vinse l\u2019European Film Award come miglior regista per Il Cielo Sopra Berlino. Allora presidente dell\u2019Accademia,  suo predecessore, era Ingamar Bergman: quest&#8217;anno <strong>Halfdan Ullmann T\u00f8ndel<\/strong>, nipote del grande regista e di Liv Ullman, ha vinto  l\u2019<strong>European Discovery (FIPRESCI) Prize<\/strong> \u00e8 andato a per il suo <strong><em>Armand<\/em><\/strong>, che gli aveva valso la Camera d\u2019Or al Festival di Cannes.&nbsp;<\/p>\n\n\n\n<p class=\"wp-block-paragraph\">Fra gli altri premiati sulla Croisette che sono saliti sul palco del <strong>Kultur und Kongresszentrum di Lucerna (KKL) <\/strong>per ricevere anche il maggior riconoscimento del cinema europeo, <strong>Neboj\u0161a Slijep\u010devi\u0107<\/strong>, regista di <strong><em>The Man who could not remain silent,<\/em><\/strong> <strong>Miglior Cortometraggio Europeo<\/strong> e Palma d\u2019Oro 2024; <strong>Abou Sangare <\/strong>protagonista di <strong><em>Souleymane\u2019s Story<\/em><\/strong>, <strong>Migliore Attore Europeo<\/strong> e Migliore Attore in <em>Un Certain Regard<\/em> (il film ha vinto anche il premio speciale della Giuria di UCR). E&nbsp; gi\u00e0 citata in apertura, <strong>Karla Sofia Gascon, <\/strong>che a Cannes aveva \u2018condiviso\u2019 il premio alla miglior interpretazione femminile con tutto il cast del film.&nbsp;<\/p>\n\n\n\n<figure class=\"wp-block-image size-large\"><img loading=\"lazy\" decoding=\"async\" width=\"1024\" height=\"683\" src=\"https:\/\/cinema.video\/wp-content\/uploads\/2024\/12\/karla-sofia-1024x683.jpeg\" alt=\"\" class=\"wp-image-298826\" srcset=\"https:\/\/cinema.video\/wp-content\/uploads\/2024\/12\/karla-sofia.jpeg 1024w, https:\/\/cinema.video\/wp-content\/uploads\/2024\/12\/karla-sofia.jpeg 300w, https:\/\/cinema.video\/wp-content\/uploads\/2024\/12\/karla-sofia.jpeg 768w, https:\/\/cinema.video\/wp-content\/uploads\/2024\/12\/karla-sofia.jpeg 1536w, https:\/\/cinema.video\/wp-content\/uploads\/2024\/12\/karla-sofia.jpeg 2048w, https:\/\/cinema.video\/wp-content\/uploads\/2024\/12\/karla-sofia.jpeg 630w, https:\/\/cinema.video\/wp-content\/uploads\/2024\/12\/karla-sofia.jpeg 150w, https:\/\/cinema.video\/wp-content\/uploads\/2024\/12\/karla-sofia.jpeg 696w, https:\/\/cinema.video\/wp-content\/uploads\/2024\/12\/karla-sofia.jpeg 1068w, https:\/\/cinema.video\/wp-content\/uploads\/2024\/12\/karla-sofia.jpeg 1920w, https:\/\/cinema.video\/wp-content\/uploads\/2024\/12\/karla-sofia.jpeg 1392w\" sizes=\"auto, (max-width: 696px) 100vw, 696px\" \/><figcaption class=\"wp-element-caption\">Karla Sofia Gascon<\/figcaption><\/figure>\n\n\n\n<p class=\"wp-block-paragraph\">Gascon ha riacceso i riflettori sull\u2019Europa con il suo lungo vestito blu elettrico, tributo, ha spiegato, al suo sentirsi europea: \u201cmi riconosco nei valori dell\u2019Europa, che sono quelli, ad esempio, della difesa dei diritti umani, conquistata da paesi che hanno sofferto e superato feroci dittature e credo sono stati pionieri nel promulgare molte leggi che migliorano la vita delle persone.\u201d E ha&nbsp; dedicato il suo premio \u201ca mia madre, e a tutte le madri e al ruolo fondamentale che hanno nella vita dei propri figli.\u201d<\/p>\n\n\n\n<p class=\"wp-block-paragraph\">Altra madre \u2018immancabile\u2019 in una serata come quella di ieri \u00e8 Ingrid Bergman, ricordata da <strong>Isabella Rossellini<\/strong>, premiata da<strong> Ralph Fiennes<\/strong> con l<strong>&#8216;European Achievment in World Cinema Award<\/strong>: <\/p>\n\n\n\n<div class=\"wp-block-media-text is-stacked-on-mobile\" style=\"grid-template-columns:43% auto\"><figure class=\"wp-block-media-text__media\"><img loading=\"lazy\" decoding=\"async\" width=\"1024\" height=\"1024\" src=\"https:\/\/cinema.video\/wp-content\/uploads\/2024\/12\/rossellini-1024x1024.jpeg\" alt=\"\" class=\"wp-image-298817 size-full\" srcset=\"https:\/\/cinema.video\/wp-content\/uploads\/2024\/12\/rossellini.jpeg 1024w, https:\/\/cinema.video\/wp-content\/uploads\/2024\/12\/rossellini.jpeg 300w, https:\/\/cinema.video\/wp-content\/uploads\/2024\/12\/rossellini.jpeg 150w, https:\/\/cinema.video\/wp-content\/uploads\/2024\/12\/rossellini.jpeg 768w, https:\/\/cinema.video\/wp-content\/uploads\/2024\/12\/rossellini.jpeg 420w, https:\/\/cinema.video\/wp-content\/uploads\/2024\/12\/rossellini.jpeg 696w, https:\/\/cinema.video\/wp-content\/uploads\/2024\/12\/rossellini.jpeg 1068w, https:\/\/cinema.video\/wp-content\/uploads\/2024\/12\/rossellini.jpeg 1080w\" sizes=\"auto, (max-width: 696px) 100vw, 696px\" \/><\/figure><div class=\"wp-block-media-text__content\">\n<p class=\"wp-block-paragraph\">\u201cil motore della mia vita \u00e8 sempre stata la curiosit\u00e0. La benzina, l\u2019ironia e il divertimento: tutte cose che ho imparato dai miei genitori. La curiosit\u00e0 spinge a guardare avanti, ma ricevere questo premio mi porta inevitabilmente a volgere lo sguardo indietro, con gratitudine, verso la babysitter dei miei figli, Lina, che mi ha permesso di fare il mio lavoro essendo madre, proprio come mia madre \u00e8 stata per sempre grata alla babysitter mia e dei miei fratelli, Argenide.\u201d<\/p>\n<\/div><\/div>\n\n\n\n<p class=\"wp-block-paragraph\">La difficolt\u00e0 e il diritto di poter conciliare maternit\u00e0 e lavoro nel cinema \u00e8 stata una questione sollevata da <strong>Maura Delpero<\/strong>, quando la Mostra del Cinema di Venezia l\u2019ha premiata quest\u2019anno con il Leone d\u2019Argento, Gran Premio della Giuria per il suo <em><strong>Vermiglio<\/strong><\/em>, che ora punta ad entrare nella cinquina dei migliori film stranieri per l\u2019Oscar. Con <em>Vermiglio<\/em>, Delpero era anche l\u2019unica italiana candidata agli EFA di quest\u2019anno, con doppia nomination (miglior regista&nbsp; e miglior film).<\/p>\n\n\n\n<p class=\"wp-block-paragraph\"><br>Sollecitata ancora una volta sulla questione, rivela, sorridendo: \u201cnon vedo l\u2019ora di non parlare pi\u00f9 di questo, o meglio di non dover rinunciare, nelle interviste, a una parte del discorso sul mio cinema, sul linguaggio, i personaggi, la sceneggiatura, proprio come fanno gli uomini. Lo faccio volentieri, perch\u00e9 \u00e8 una battaglia politicamente rilevante e necessaria, ma spero che le mie nipoti non debbano perdano pi\u00f9 tempo per questo.\u201d (<strong><a href=\"https:\/\/cinema.video\/maura-delpero-oscar\">Leggi qui l\u2019intervista a Maura Delpero<\/a><\/strong>)<\/p>\n\n\n\n<p class=\"wp-block-paragraph\">Il cinema al femminile  non poteva non essere un altro tema forte di una serata dalla decisa impronta politica come questa. Ed \u00e8 interessante notare, per tornare alla questione della comunit\u00e0 europea del cinema, quanto sia legato alla co-produzione, come sottolinea la produttrice macedone <strong>Labina Mitevska<\/strong>, nel suo vibrante discorso di ringraziamento per l\u2019ottenimento dell\u2019 <strong>Eurimages Co-Production Award<\/strong>, che le \u00e8 stato consegnato dall\u2019attrice <strong>Noomi Rapace:<\/strong><\/p>\n\n\n\n<p class=\"wp-block-paragraph\">\u201cGrazie Eurimages per averci mostrato la bellezza e l\u2019importanza della co-produzione. 25 anni fa, quando ho iniziato, ero l\u2019unica donna produttrice, e mia sorella (la regista Teona Mitsevska, n.d.r.) la prima regista, in un bellissimo e piccolo paese balcanico ancora molto machista:&nbsp; volevamo fare co-produzioni europee, coinvolgendo altre donne, fare film senza compromessi. E grazie a ognuno di voi, &#8211; ha concluso rivolgendosi alla platea &#8211; per fare film cos\u00ec belli. Che, cambieranno il mondo!\u201d.<\/p>\n\n\n\n<figure class=\"wp-block-image size-large\"><img loading=\"lazy\" decoding=\"async\" width=\"1024\" height=\"683\" src=\"https:\/\/cinema.video\/wp-content\/uploads\/2024\/12\/labina-1024x683.jpeg\" alt=\"\" class=\"wp-image-298824\" srcset=\"https:\/\/cinema.video\/wp-content\/uploads\/2024\/12\/labina.jpeg 1024w, https:\/\/cinema.video\/wp-content\/uploads\/2024\/12\/labina.jpeg 300w, https:\/\/cinema.video\/wp-content\/uploads\/2024\/12\/labina.jpeg 768w, https:\/\/cinema.video\/wp-content\/uploads\/2024\/12\/labina.jpeg 1536w, https:\/\/cinema.video\/wp-content\/uploads\/2024\/12\/labina.jpeg 2048w, https:\/\/cinema.video\/wp-content\/uploads\/2024\/12\/labina.jpeg 630w, https:\/\/cinema.video\/wp-content\/uploads\/2024\/12\/labina.jpeg 150w, https:\/\/cinema.video\/wp-content\/uploads\/2024\/12\/labina.jpeg 696w, https:\/\/cinema.video\/wp-content\/uploads\/2024\/12\/labina.jpeg 1068w, https:\/\/cinema.video\/wp-content\/uploads\/2024\/12\/labina.jpeg 1920w, https:\/\/cinema.video\/wp-content\/uploads\/2024\/12\/labina.jpeg 1392w\" sizes=\"auto, (max-width: 696px) 100vw, 696px\" \/><\/figure>\n\n\n\n<p class=\"wp-block-paragraph\">Per concludere la lista dei premiati, il <strong>Miglior Film della categoria Animazione,<\/strong> (i cui titoli  da quest&#8217;anno, assieme ai film Documentari, concorrevano anche come Miglior Film) \u00e8 <em><strong>Flow<\/strong><\/em> di  <strong>Gints Zilbalodis<\/strong>. L&#8217;<strong>European Young Audience Award<\/strong> \u00e8 andato a <strong><em>The remarkable Life of Ibelin<\/em><\/strong> di <strong>Benjamin Ree<\/strong>, mentre l&#8217;European University Film Award a <strong><em>Three Kilometres to the End of the World <\/em><\/strong>di <strong>Emanuel P\u00e2rvu<\/strong>.<\/p>\n\n\n\n<p class=\"wp-block-paragraph\">Un\u2019ultima nota, di politica questa, tutta interna (all\u2019Accademia): nulla togliendo alla qualit\u00e0 dei film premiati,&nbsp; \u00e8 impossibile non notare con un p\u00f2 di dispiacere, che, almeno nei tre anni che Cinema&amp;Video International ha seguito la cerimonia degli EFA, c\u2019\u00e8 sempre stato un titolo che ha fatto da \u201casso piglia tutto\u201d: \u00e8 accaduto nel 2022 con<em> Triangle of Sadness<\/em>, nel 2023 con <em>Anatomia di una Caduta<\/em>. Quest\u2019anno con <em>Emilia Perez<\/em>.&nbsp; <br>I motivi possono essere molti. <br>Uno potrebbe ad esempio, che i votanti vadano sul sicuro, sui titoli che conoscono e stimano senza guardare tutte le opere proposte? Se cos\u00ec fosse, ci farebbe piacere vedere pi\u00f9 apertura all\u2019interno di un\u2019istituzione nata per promuovere il cinema europeo nella sua diversit\u00e0.&nbsp;<\/p>\n","protected":false},"excerpt":{"rendered":"<p>Emilia Perez di Jacques Audiard \u00e8 il trionfatore della 37\u00b0 edizione degli EFA di Lucerna. Premi meritati ma poco diversificati. Molti gli appelli all&#8217;Europa unita e pro-Palestina<\/p>\n","protected":false},"author":2,"featured_media":298811,"comment_status":"closed","ping_status":"closed","sticky":false,"template":"","format":"standard","meta":{"googlesitekit_rrm_CAow3e7fCw:productID":"","_crdt_document":"","footnotes":""},"categories":[2331],"tags":[2317,276,2334,356],"class_list":{"0":"post-298802","1":"post","2":"type-post","3":"status-publish","4":"format-standard","5":"has-post-thumbnail","7":"category-awards","8":"tag-awards","9":"tag-efa","10":"tag-events","11":"tag-focus"},"yoast_head":"<!-- This site is optimized with the Yoast SEO Premium plugin v27.4 (Yoast SEO v27.4) - https:\/\/yoast.com\/product\/yoast-seo-premium-wordpress\/ -->\n<title>Vince Emilia Perez - Cinema &amp; Video International<\/title>\n<meta name=\"description\" content=\"Vince Emilia Perez \u2013 vince emilia perez. Emilia Perez \u00e8 il film vincitore della 37\u00b0 edizione degli European Film Awards. 5 i premi che gli sono stati a\" \/>\n<meta name=\"robots\" content=\"index, follow, max-snippet:-1, max-image-preview:large, max-video-preview:-1\" \/>\n<link rel=\"canonical\" href=\"https:\/\/cinema.video\/it\/emilia-perez-efa\" \/>\n<meta property=\"og:locale\" content=\"it_IT\" \/>\n<meta property=\"og:type\" content=\"article\" \/>\n<meta property=\"og:title\" content=\"Vince Emilia Perez\" \/>\n<meta property=\"og:description\" content=\"Vince Emilia Perez \u2013 vince emilia perez. Emilia Perez \u00e8 il film vincitore della 37\u00b0 edizione degli European Film Awards. 5 i premi che gli sono stati a\" \/>\n<meta property=\"og:url\" content=\"https:\/\/cinema.video\/it\/emilia-perez-efa\" \/>\n<meta property=\"og:site_name\" content=\"Cinema &amp; Video International\" \/>\n<meta property=\"article:publisher\" content=\"https:\/\/www.facebook.com\/CinemaVideoInternational\/\" \/>\n<meta property=\"article:published_time\" content=\"2024-12-09T12:02:33+00:00\" \/>\n<meta property=\"article:modified_time\" content=\"2026-04-10T02:07:35+00:00\" \/>\n<meta property=\"og:image\" content=\"https:\/\/cinema.video\/wp-content\/uploads\/2024\/12\/emilia.jpeg\" \/>\n\t<meta property=\"og:image:width\" content=\"1361\" \/>\n\t<meta property=\"og:image:height\" content=\"874\" \/>\n\t<meta property=\"og:image:type\" content=\"image\/jpeg\" \/>\n<meta name=\"author\" content=\"Carolina Mancini\" \/>\n<meta name=\"twitter:card\" content=\"summary_large_image\" \/>\n<meta name=\"twitter:label1\" content=\"Scritto da\" \/>\n\t<meta name=\"twitter:data1\" content=\"Carolina Mancini\" \/>\n\t<meta name=\"twitter:label2\" content=\"Tempo di lettura stimato\" \/>\n\t<meta name=\"twitter:data2\" content=\"9 minuti\" \/>\n<script type=\"application\/ld+json\" class=\"yoast-schema-graph\">{\"@context\":\"https:\\\/\\\/schema.org\",\"@graph\":[{\"@type\":\"Article\",\"@id\":\"https:\\\/\\\/cinema.video\\\/it\\\/emilia-perez-efa#article\",\"isPartOf\":{\"@id\":\"https:\\\/\\\/cinema.video\\\/it\\\/emilia-perez-efa\"},\"author\":{\"name\":\"Carolina Mancini\",\"@id\":\"https:\\\/\\\/cinema.video\\\/it#\\\/schema\\\/person\\\/d5479fad8d0f2360000eb4aab6bb6e5d\"},\"headline\":\"Vince Emilia Perez\",\"datePublished\":\"2024-12-09T12:02:33+00:00\",\"dateModified\":\"2026-04-10T02:07:35+00:00\",\"mainEntityOfPage\":{\"@id\":\"https:\\\/\\\/cinema.video\\\/it\\\/emilia-perez-efa\"},\"wordCount\":1370,\"publisher\":{\"@id\":\"https:\\\/\\\/cinema.video\\\/it#organization\"},\"image\":{\"@id\":\"https:\\\/\\\/cinema.video\\\/it\\\/emilia-perez-efa#primaryimage\"},\"thumbnailUrl\":\"https:\\\/\\\/cinema.video\\\/wp-content\\\/uploads\\\/2024\\\/12\\\/emilia.jpeg\",\"keywords\":[\"AWARDS\",\"EFA\",\"EVENTS\",\"focus\"],\"articleSection\":[\"AWARDS\"],\"inLanguage\":\"it-IT\"},{\"@type\":\"WebPage\",\"@id\":\"https:\\\/\\\/cinema.video\\\/it\\\/emilia-perez-efa\",\"url\":\"https:\\\/\\\/cinema.video\\\/it\\\/emilia-perez-efa\",\"name\":\"Vince Emilia Perez - Cinema &amp; Video International\",\"isPartOf\":{\"@id\":\"https:\\\/\\\/cinema.video\\\/it#website\"},\"primaryImageOfPage\":{\"@id\":\"https:\\\/\\\/cinema.video\\\/it\\\/emilia-perez-efa#primaryimage\"},\"image\":{\"@id\":\"https:\\\/\\\/cinema.video\\\/it\\\/emilia-perez-efa#primaryimage\"},\"thumbnailUrl\":\"https:\\\/\\\/cinema.video\\\/wp-content\\\/uploads\\\/2024\\\/12\\\/emilia.jpeg\",\"datePublished\":\"2024-12-09T12:02:33+00:00\",\"dateModified\":\"2026-04-10T02:07:35+00:00\",\"description\":\"Vince Emilia Perez \u2013 vince emilia perez. Emilia Perez \u00e8 il film vincitore della 37\u00b0 edizione degli European Film Awards. 5 i premi che gli sono stati a\",\"breadcrumb\":{\"@id\":\"https:\\\/\\\/cinema.video\\\/it\\\/emilia-perez-efa#breadcrumb\"},\"inLanguage\":\"it-IT\",\"potentialAction\":[{\"@type\":\"ReadAction\",\"target\":[\"https:\\\/\\\/cinema.video\\\/it\\\/emilia-perez-efa\"]}]},{\"@type\":\"ImageObject\",\"inLanguage\":\"it-IT\",\"@id\":\"https:\\\/\\\/cinema.video\\\/it\\\/emilia-perez-efa#primaryimage\",\"url\":\"https:\\\/\\\/cinema.video\\\/wp-content\\\/uploads\\\/2024\\\/12\\\/emilia.jpeg\",\"contentUrl\":\"https:\\\/\\\/cinema.video\\\/wp-content\\\/uploads\\\/2024\\\/12\\\/emilia.jpeg\",\"width\":1361,\"height\":874,\"caption\":\"Emilia Perez di Jacques Audiard \u00e8 il trionfatore della 37\u00b0 edizione degli EFA di Lucerna. Molti gli appelli all'Europa unita e pro-Palestina\"},{\"@type\":\"BreadcrumbList\",\"@id\":\"https:\\\/\\\/cinema.video\\\/it\\\/emilia-perez-efa#breadcrumb\",\"itemListElement\":[{\"@type\":\"ListItem\",\"position\":1,\"name\":\"Home\",\"item\":\"https:\\\/\\\/cinema.video\\\/it\\\/home-2\"},{\"@type\":\"ListItem\",\"position\":2,\"name\":\"Vince Emilia Perez\"}]},{\"@type\":\"WebSite\",\"@id\":\"https:\\\/\\\/cinema.video\\\/it#website\",\"url\":\"https:\\\/\\\/cinema.video\\\/it\",\"name\":\"Cinema & Video International\",\"description\":\"Film &amp; Audiovisual Industry Trade Magazine\",\"publisher\":{\"@id\":\"https:\\\/\\\/cinema.video\\\/it#organization\"},\"alternateName\":\"Cinema & Video\",\"potentialAction\":[{\"@type\":\"SearchAction\",\"target\":{\"@type\":\"EntryPoint\",\"urlTemplate\":\"https:\\\/\\\/cinema.video\\\/it?s={search_term_string}\"},\"query-input\":{\"@type\":\"PropertyValueSpecification\",\"valueRequired\":true,\"valueName\":\"search_term_string\"}}],\"inLanguage\":\"it-IT\"},{\"@type\":\"Organization\",\"@id\":\"https:\\\/\\\/cinema.video\\\/it#organization\",\"name\":\"Cinema & Video\",\"url\":\"https:\\\/\\\/cinema.video\\\/it\",\"logo\":{\"@type\":\"ImageObject\",\"inLanguage\":\"it-IT\",\"@id\":\"https:\\\/\\\/cinema.video\\\/it#\\\/schema\\\/logo\\\/image\\\/\",\"url\":\"https:\\\/\\\/cinema.video\\\/wp-content\\\/uploads\\\/2026\\\/04\\\/CinemVideo_LogoBlack.png\",\"contentUrl\":\"https:\\\/\\\/cinema.video\\\/wp-content\\\/uploads\\\/2026\\\/04\\\/CinemVideo_LogoBlack.png\",\"width\":1336,\"height\":224,\"caption\":\"Cinema & Video\"},\"image\":{\"@id\":\"https:\\\/\\\/cinema.video\\\/it#\\\/schema\\\/logo\\\/image\\\/\"},\"sameAs\":[\"https:\\\/\\\/www.facebook.com\\\/CinemaVideoInternational\\\/\",\"https:\\\/\\\/www.instagram.com\\\/cinemaevideointernational\\\/\",\"https:\\\/\\\/it.linkedin.com\\\/company\\\/cinema-video-international\"],\"description\":\"Media Consulting & Marketing Agency\",\"email\":\"hello@darostudio.com\",\"legalName\":\"DARO studio LLC\",\"foundingDate\":\"2021-02-16\",\"numberOfEmployees\":{\"@type\":\"QuantitativeValue\",\"minValue\":\"1\",\"maxValue\":\"10\"}},{\"@type\":\"Person\",\"@id\":\"https:\\\/\\\/cinema.video\\\/it#\\\/schema\\\/person\\\/d5479fad8d0f2360000eb4aab6bb6e5d\",\"name\":\"Carolina Mancini\",\"image\":{\"@type\":\"ImageObject\",\"inLanguage\":\"it-IT\",\"@id\":\"https:\\\/\\\/secure.gravatar.com\\\/avatar\\\/d4758965c5e8730dbaaa7131a628547771a26c1e5bf14fe323d96f8246a62baf?s=96&d=mm&r=g\",\"url\":\"https:\\\/\\\/secure.gravatar.com\\\/avatar\\\/d4758965c5e8730dbaaa7131a628547771a26c1e5bf14fe323d96f8246a62baf?s=96&d=mm&r=g\",\"contentUrl\":\"https:\\\/\\\/secure.gravatar.com\\\/avatar\\\/d4758965c5e8730dbaaa7131a628547771a26c1e5bf14fe323d96f8246a62baf?s=96&d=mm&r=g\",\"caption\":\"Carolina Mancini\"},\"url\":\"https:\\\/\\\/cinema.video\\\/it\\\/author\\\/carolin\"}]}<\/script>\n<!-- \/ Yoast SEO Premium plugin. -->","yoast_head_json":{"title":"Vince Emilia Perez - Cinema &amp; Video International","description":"Vince Emilia Perez \u2013 vince emilia perez. Emilia Perez \u00e8 il film vincitore della 37\u00b0 edizione degli European Film Awards. 5 i premi che gli sono stati a","robots":{"index":"index","follow":"follow","max-snippet":"max-snippet:-1","max-image-preview":"max-image-preview:large","max-video-preview":"max-video-preview:-1"},"canonical":"https:\/\/cinema.video\/it\/emilia-perez-efa","og_locale":"it_IT","og_type":"article","og_title":"Vince Emilia Perez","og_description":"Vince Emilia Perez \u2013 vince emilia perez. Emilia Perez \u00e8 il film vincitore della 37\u00b0 edizione degli European Film Awards. 5 i premi che gli sono stati a","og_url":"https:\/\/cinema.video\/it\/emilia-perez-efa","og_site_name":"Cinema &amp; Video International","article_publisher":"https:\/\/www.facebook.com\/CinemaVideoInternational\/","article_published_time":"2024-12-09T12:02:33+00:00","article_modified_time":"2026-04-10T02:07:35+00:00","og_image":[{"width":1361,"height":874,"url":"https:\/\/cinema.video\/wp-content\/uploads\/2024\/12\/emilia.jpeg","type":"image\/jpeg"}],"author":"Carolina Mancini","twitter_card":"summary_large_image","twitter_misc":{"Scritto da":"Carolina Mancini","Tempo di lettura stimato":"9 minuti"},"schema":{"@context":"https:\/\/schema.org","@graph":[{"@type":"Article","@id":"https:\/\/cinema.video\/it\/emilia-perez-efa#article","isPartOf":{"@id":"https:\/\/cinema.video\/it\/emilia-perez-efa"},"author":{"name":"Carolina Mancini","@id":"https:\/\/cinema.video\/it#\/schema\/person\/d5479fad8d0f2360000eb4aab6bb6e5d"},"headline":"Vince Emilia Perez","datePublished":"2024-12-09T12:02:33+00:00","dateModified":"2026-04-10T02:07:35+00:00","mainEntityOfPage":{"@id":"https:\/\/cinema.video\/it\/emilia-perez-efa"},"wordCount":1370,"publisher":{"@id":"https:\/\/cinema.video\/it#organization"},"image":{"@id":"https:\/\/cinema.video\/it\/emilia-perez-efa#primaryimage"},"thumbnailUrl":"https:\/\/cinema.video\/wp-content\/uploads\/2024\/12\/emilia.jpeg","keywords":["AWARDS","EFA","EVENTS","focus"],"articleSection":["AWARDS"],"inLanguage":"it-IT"},{"@type":"WebPage","@id":"https:\/\/cinema.video\/it\/emilia-perez-efa","url":"https:\/\/cinema.video\/it\/emilia-perez-efa","name":"Vince Emilia Perez - Cinema &amp; Video International","isPartOf":{"@id":"https:\/\/cinema.video\/it#website"},"primaryImageOfPage":{"@id":"https:\/\/cinema.video\/it\/emilia-perez-efa#primaryimage"},"image":{"@id":"https:\/\/cinema.video\/it\/emilia-perez-efa#primaryimage"},"thumbnailUrl":"https:\/\/cinema.video\/wp-content\/uploads\/2024\/12\/emilia.jpeg","datePublished":"2024-12-09T12:02:33+00:00","dateModified":"2026-04-10T02:07:35+00:00","description":"Vince Emilia Perez \u2013 vince emilia perez. Emilia Perez \u00e8 il film vincitore della 37\u00b0 edizione degli European Film Awards. 5 i premi che gli sono stati a","breadcrumb":{"@id":"https:\/\/cinema.video\/it\/emilia-perez-efa#breadcrumb"},"inLanguage":"it-IT","potentialAction":[{"@type":"ReadAction","target":["https:\/\/cinema.video\/it\/emilia-perez-efa"]}]},{"@type":"ImageObject","inLanguage":"it-IT","@id":"https:\/\/cinema.video\/it\/emilia-perez-efa#primaryimage","url":"https:\/\/cinema.video\/wp-content\/uploads\/2024\/12\/emilia.jpeg","contentUrl":"https:\/\/cinema.video\/wp-content\/uploads\/2024\/12\/emilia.jpeg","width":1361,"height":874,"caption":"Emilia Perez di Jacques Audiard \u00e8 il trionfatore della 37\u00b0 edizione degli EFA di Lucerna. Molti gli appelli all'Europa unita e pro-Palestina"},{"@type":"BreadcrumbList","@id":"https:\/\/cinema.video\/it\/emilia-perez-efa#breadcrumb","itemListElement":[{"@type":"ListItem","position":1,"name":"Home","item":"https:\/\/cinema.video\/it\/home-2"},{"@type":"ListItem","position":2,"name":"Vince Emilia Perez"}]},{"@type":"WebSite","@id":"https:\/\/cinema.video\/it#website","url":"https:\/\/cinema.video\/it","name":"Cinema & Video International","description":"Film &amp; Audiovisual Industry Trade Magazine","publisher":{"@id":"https:\/\/cinema.video\/it#organization"},"alternateName":"Cinema & Video","potentialAction":[{"@type":"SearchAction","target":{"@type":"EntryPoint","urlTemplate":"https:\/\/cinema.video\/it?s={search_term_string}"},"query-input":{"@type":"PropertyValueSpecification","valueRequired":true,"valueName":"search_term_string"}}],"inLanguage":"it-IT"},{"@type":"Organization","@id":"https:\/\/cinema.video\/it#organization","name":"Cinema & Video","url":"https:\/\/cinema.video\/it","logo":{"@type":"ImageObject","inLanguage":"it-IT","@id":"https:\/\/cinema.video\/it#\/schema\/logo\/image\/","url":"https:\/\/cinema.video\/wp-content\/uploads\/2026\/04\/CinemVideo_LogoBlack.png","contentUrl":"https:\/\/cinema.video\/wp-content\/uploads\/2026\/04\/CinemVideo_LogoBlack.png","width":1336,"height":224,"caption":"Cinema & Video"},"image":{"@id":"https:\/\/cinema.video\/it#\/schema\/logo\/image\/"},"sameAs":["https:\/\/www.facebook.com\/CinemaVideoInternational\/","https:\/\/www.instagram.com\/cinemaevideointernational\/","https:\/\/it.linkedin.com\/company\/cinema-video-international"],"description":"Media Consulting & Marketing Agency","email":"hello@darostudio.com","legalName":"DARO studio LLC","foundingDate":"2021-02-16","numberOfEmployees":{"@type":"QuantitativeValue","minValue":"1","maxValue":"10"}},{"@type":"Person","@id":"https:\/\/cinema.video\/it#\/schema\/person\/d5479fad8d0f2360000eb4aab6bb6e5d","name":"Carolina Mancini","image":{"@type":"ImageObject","inLanguage":"it-IT","@id":"https:\/\/secure.gravatar.com\/avatar\/d4758965c5e8730dbaaa7131a628547771a26c1e5bf14fe323d96f8246a62baf?s=96&d=mm&r=g","url":"https:\/\/secure.gravatar.com\/avatar\/d4758965c5e8730dbaaa7131a628547771a26c1e5bf14fe323d96f8246a62baf?s=96&d=mm&r=g","contentUrl":"https:\/\/secure.gravatar.com\/avatar\/d4758965c5e8730dbaaa7131a628547771a26c1e5bf14fe323d96f8246a62baf?s=96&d=mm&r=g","caption":"Carolina Mancini"},"url":"https:\/\/cinema.video\/it\/author\/carolin"}]}},"jetpack_featured_media_url":"https:\/\/cinema.video\/wp-content\/uploads\/2024\/12\/emilia.jpeg","jetpack_shortlink":"https:\/\/wp.me\/ph672m-1fJo","_links":{"self":[{"href":"https:\/\/cinema.video\/it\/wp-json\/wp\/v2\/posts\/298802","targetHints":{"allow":["GET"]}}],"collection":[{"href":"https:\/\/cinema.video\/it\/wp-json\/wp\/v2\/posts"}],"about":[{"href":"https:\/\/cinema.video\/it\/wp-json\/wp\/v2\/types\/post"}],"author":[{"embeddable":true,"href":"https:\/\/cinema.video\/it\/wp-json\/wp\/v2\/users\/2"}],"replies":[{"embeddable":true,"href":"https:\/\/cinema.video\/it\/wp-json\/wp\/v2\/comments?post=298802"}],"version-history":[{"count":1,"href":"https:\/\/cinema.video\/it\/wp-json\/wp\/v2\/posts\/298802\/revisions"}],"predecessor-version":[{"id":302207,"href":"https:\/\/cinema.video\/it\/wp-json\/wp\/v2\/posts\/298802\/revisions\/302207"}],"wp:featuredmedia":[{"embeddable":true,"href":"https:\/\/cinema.video\/it\/wp-json\/wp\/v2\/media\/298811"}],"wp:attachment":[{"href":"https:\/\/cinema.video\/it\/wp-json\/wp\/v2\/media?parent=298802"}],"wp:term":[{"taxonomy":"category","embeddable":true,"href":"https:\/\/cinema.video\/it\/wp-json\/wp\/v2\/categories?post=298802"},{"taxonomy":"post_tag","embeddable":true,"href":"https:\/\/cinema.video\/it\/wp-json\/wp\/v2\/tags?post=298802"}],"curies":[{"name":"wp","href":"https:\/\/api.w.org\/{rel}","templated":true}]}}