{"id":298594,"date":"2024-11-15T15:56:21","date_gmt":"2024-11-15T14:56:21","guid":{"rendered":"https:\/\/cinema.video\/?p=298594"},"modified":"2026-04-10T04:07:20","modified_gmt":"2026-04-10T02:07:20","slug":"45-festival-cinema-e-donne","status":"publish","type":"post","link":"https:\/\/cinema.video\/it\/45-festival-cinema-e-donne","title":{"rendered":"Dal 20 al 24 novembre Cinema e Donne da 45 anni l&#8217;Altra Storia"},"content":{"rendered":"\n<p class=\"wp-block-paragraph\">Le donne nel cinema: come professioniste che affrontano problematiche vissute in tutti gli ambienti di lavoro, in termini di\u00a0 contratti, condizioni, e tutela diritti, e come creatrici di storie che le riguardano e che possono parlare al pubblico in maniera forte e sensibilizzandolo. Vivr\u00e0 di queste due anime il <strong>45\u00b0 Festival di Cinema e Donne,<\/strong> che si svolger\u00e0 dal <strong>20 <\/strong>al <strong>24 novembre<\/strong> al <strong>Cinema La Compagnia <\/strong>di Firenze, diretto per il secondo anno da <strong>Camilla Toschi<\/strong>, e inserito nel contesto della <strong>Toscana delle Donne<\/strong>, il progetto della Regione Toscana per la valorizzazione del ruolo femminile nei pi\u00f9 diversi ambiti sociali, in programma da 16 al 26 novembre.\u00a0<\/p>\n\n\n\n<p class=\"wp-block-paragraph\">La nuova direzione del festival avviene in continuit\u00e0 con quella storica, guidata da <strong>Paola Paoli <\/strong>e <strong>Maresa Arcangeli <\/strong>di<strong> Laboratorio Immagine Donna<\/strong>, come evidenziato dal focus, nella giornata di apertura, sul progetto europeo<strong> Close,<\/strong> volto a promuovere ambienti di apprendimento inclusivi e l\u2019educazione socio-emotiva attraverso il cinema.&nbsp;<\/p>\n\n\n\n<p class=\"wp-block-paragraph\"><\/p>\n\n\n\n<div class=\"wp-block-media-text is-stacked-on-mobile\"><figure class=\"wp-block-media-text__media\"><img loading=\"lazy\" decoding=\"async\" width=\"1024\" height=\"576\" src=\"https:\/\/cinema.video\/wp-content\/uploads\/2024\/11\/Duse-The-Greatest_Sonia-Bergamasco-1024x576.jpg\" alt=\"\" class=\"wp-image-298596 size-full\" srcset=\"https:\/\/cinema.video\/wp-content\/uploads\/2024\/11\/Duse-The-Greatest_Sonia-Bergamasco.jpg 1024w, https:\/\/cinema.video\/wp-content\/uploads\/2024\/11\/Duse-The-Greatest_Sonia-Bergamasco.jpg 300w, https:\/\/cinema.video\/wp-content\/uploads\/2024\/11\/Duse-The-Greatest_Sonia-Bergamasco.jpg 768w, https:\/\/cinema.video\/wp-content\/uploads\/2024\/11\/Duse-The-Greatest_Sonia-Bergamasco.jpg 1536w, https:\/\/cinema.video\/wp-content\/uploads\/2024\/11\/Duse-The-Greatest_Sonia-Bergamasco.jpg 2048w, https:\/\/cinema.video\/wp-content\/uploads\/2024\/11\/Duse-The-Greatest_Sonia-Bergamasco.jpg 747w, https:\/\/cinema.video\/wp-content\/uploads\/2024\/11\/Duse-The-Greatest_Sonia-Bergamasco.jpg 150w, https:\/\/cinema.video\/wp-content\/uploads\/2024\/11\/Duse-The-Greatest_Sonia-Bergamasco.jpg 696w, https:\/\/cinema.video\/wp-content\/uploads\/2024\/11\/Duse-The-Greatest_Sonia-Bergamasco.jpg 1068w, https:\/\/cinema.video\/wp-content\/uploads\/2024\/11\/Duse-The-Greatest_Sonia-Bergamasco.jpg 1920w, https:\/\/cinema.video\/wp-content\/uploads\/2024\/11\/Duse-The-Greatest_Sonia-Bergamasco.jpg 1392w\" sizes=\"auto, (max-width: 696px) 100vw, 696px\" \/><\/figure><div class=\"wp-block-media-text__content\">\n<p class=\"wp-block-paragraph\">Il <em>Concorso,<\/em> dedicato alle opere prime, vede 9 film competere per il premio di 1000 euro: fra queste, l\u2019esordio alla regia di Sonia Bergamasco <strong><em>Duse the Greatest<\/em><\/strong>, documentario frutto di lavoro di archivio e interviste ad attrici e sceneggiatrici che raccontano quanto\u00a0 il lavoro della Duse sia fondamentale per loro crescita professionale.<\/p>\n<\/div><\/div>\n\n\n\n<p class=\"wp-block-paragraph\">In gara anche <strong><em>The Balconettes<\/em><\/strong>, (che uscir\u00e0 in febbraio in Italia, con Officine UBU), gi\u00e0 passato dal festival di Cannes: opera prima di No\u00e9mie Merlant, co-sceneggiato dalla regista C\u00e9line Sciamma, che lo presenter\u00e0 in sala e che sar\u00e0 una delle ospiti illustri del Festival, che le ha dato Carte Blanche per un suo film del cuore. \u00c9 <strong><em>Not a Pretty Picture<\/em><\/strong> di Martha Coolidge del 1975, di cui si vedr\u00e0 l\u2019anteprima italiana: la regista, anche lei come Sciamma impegnata sui temi della parit\u00e0 di genere e del #meetoo negli USA, porta sulla scena la sua esperienza personale di stupro affidandola ad un\u2019attrice, anche lei vittima di stupro nella vita reale che interpreta se stessa.<\/p>\n\n\n\n<p class=\"wp-block-paragraph\">Sempre dal Festival di Cannes arriva <strong><em>Holy Cow <\/em><\/strong>di Louise Courvoisier, vincitore delpremio Certain Regard-Youth e <strong><em>September Says<\/em><\/strong>, di Ariane Labed altra attrice che si cimenta alla regia, proviene della Weird Wave greca, interprete di Attenberg e The Lobster, \u00e8 moglie di Yorogos Lanthimos. Della Mostra del Cinema di Venezia troviamo <strong><em>Familiar Touch <\/em><\/strong>di Sarah Ema Friedland, Leoncino d\u2019Oro e Coppa Volpi per la Migliore Interpretazione Femminile, che racconta tema Alzheimer in modo del tutto nuovo e divertente. E <strong><em>Mistress Dispeller <\/em><\/strong>di Elizabeth Lo, presentato in Concorso in Orizzonti: film cinese che racconta la figura del mediatore matrimoniale.<\/p>\n\n\n\n<p class=\"wp-block-paragraph\">Dal Sundance arriva in <em>Concorso<\/em> <strong><em>Never Look Away d<\/em><\/strong>i Lucy Lawless, mentre da Locarno (Cineasti del Presente) <strong><em>La Gita Scolastica <\/em><\/strong>di Una Gunjak. Da Locarno, vincitore della sezione Piazza Grande, arriva anche <strong><em>Reinas<\/em><\/strong> di Klaudia Reynicke.<\/p>\n\n\n\n<p class=\"wp-block-paragraph\">Altre ospiti illustri:<strong> Margarethe Von Trotta<\/strong>, a cui l\u2019universit\u00e0 di Firenze conferir\u00e0 la laurea honoris causa, e che porter\u00e0 a Firenze l\u2019ultimo film, presentato alla Berlinale,<strong><em> Ingeborg Bachmann:<\/em><\/strong> Journey into the Desert, introdotto da una conversazione fra la regista e la giornalista e direttrice dell\u2019Accademia del Cinema Italiano <strong>Piera Detassis<\/strong>. La Detassis sar\u00e0 protagonista anche del progetto<strong> Cinema, l\u2019Altra Storia &#8211; Le Registe che hanno cambiato il mondo<\/strong>, che si inaugura con il festival, e con la proiezione speciale di <strong><em>Golden Eighties<\/em><\/strong> di <strong>Chantal Akerman<\/strong>, ma che proseguir\u00e0 con una lezione al mese, a partire da gennaio, mese che sar\u00e0 anche dedicato a una retrospettiva sulla Akerman, programmata nei luned\u00ec de La Compagnia. Lo ha ideato Detassis assieme alla critica cinematografica Raffaella Giancristofaro, che \u00e8 parte della Giuria di questo\u2019anno, assieme a Ilaria Feole, della Settimana Internazionale della Critica, e a Valeria Taglioni, programmatrice, organizzatrice e membro del programma LED- Leader Esercenti Donne (leggi qui)<\/p>\n\n\n\n<p class=\"wp-block-paragraph\"><br>L\u2019attrice e regista <strong>Jasmine Trinca<\/strong> sar\u00e0 invece al centro di una riflessione (<strong>l&#8217;Assemblea<\/strong>) che coinvolger\u00e0 le professioniste impegnate a vari livelli nell\u2019industria del cinema, che si interrogheranno, in un incontro a porte chiuse, sulle buone pratiche da adottare per migliorare le condizioni di lavoro.<\/p>\n\n\n\n<p class=\"wp-block-paragraph\">In programma anche una serie di cortometraggi, selezionati in collaborazione con Sentiero Film Factory: fra questi,<strong><em> Things that my Best Friend Lost<\/em><\/strong> di Marta Innocenti, Miglior Corto alla SIC di quest\u2019anno.<\/p>\n","protected":false},"excerpt":{"rendered":"<p>9 opere prime in Concorso, fra cui Duse the Greatest di Sonia Bergamasco. Carte Blanche a C\u00e9line Sciamma. E una riflessione sulle professioniste dell&#8217;industria con l&#8217;Assemblea, guidata da Jasmine Trinca<\/p>\n","protected":false},"author":26,"featured_media":298595,"comment_status":"closed","ping_status":"closed","sticky":false,"template":"","format":"standard","meta":{"googlesitekit_rrm_CAow3e7fCw:productID":"","_crdt_document":"","footnotes":""},"categories":[189],"tags":[2334,356,610],"class_list":{"0":"post-298594","1":"post","2":"type-post","3":"status-publish","4":"format-standard","5":"has-post-thumbnail","7":"category-events","8":"tag-events","9":"tag-focus","10":"tag-inclusion"},"yoast_head":"<!-- This site is optimized with the Yoast SEO Premium plugin v27.4 (Yoast SEO v27.5) - https:\/\/yoast.com\/product\/yoast-seo-premium-wordpress\/ -->\n<title>Dal 20 al 24 novembre Cinema e Donne da 45 anni l&#039;Altra Storia - Cinema &amp; Video International<\/title>\n<meta name=\"description\" content=\"Dal 20 al 24 novembre Cinema e Donne da 45 anni l&#039;Altra Storia \u2013 dal 20 al 24 novembre cinema. Le donne nel cinema: come professioniste che affrontano pro\" \/>\n<meta name=\"robots\" content=\"index, follow, max-snippet:-1, max-image-preview:large, max-video-preview:-1\" \/>\n<link rel=\"canonical\" href=\"https:\/\/cinema.video\/it\/45-festival-cinema-e-donne\" \/>\n<meta property=\"og:locale\" content=\"it_IT\" \/>\n<meta property=\"og:type\" content=\"article\" \/>\n<meta property=\"og:title\" content=\"Dal 20 al 24 novembre Cinema e Donne da 45 anni l&#039;Altra Storia\" \/>\n<meta property=\"og:description\" content=\"Dal 20 al 24 novembre Cinema e Donne da 45 anni l&#039;Altra Storia \u2013 dal 20 al 24 novembre cinema. Le donne nel cinema: come professioniste che affrontano pro\" \/>\n<meta property=\"og:url\" content=\"https:\/\/cinema.video\/it\/45-festival-cinema-e-donne\" \/>\n<meta property=\"og:site_name\" content=\"Cinema &amp; Video International\" \/>\n<meta property=\"article:publisher\" content=\"https:\/\/www.facebook.com\/CinemaVideoInternational\/\" \/>\n<meta property=\"article:published_time\" content=\"2024-11-15T14:56:21+00:00\" \/>\n<meta property=\"article:modified_time\" content=\"2026-04-10T02:07:20+00:00\" \/>\n<meta property=\"og:image\" content=\"https:\/\/cinema.video\/wp-content\/uploads\/2024\/11\/Golden-Eighties-1986_Chantal-Akerman2-1.jpg\" \/>\n\t<meta property=\"og:image:width\" content=\"1134\" \/>\n\t<meta property=\"og:image:height\" content=\"638\" \/>\n\t<meta property=\"og:image:type\" content=\"image\/jpeg\" \/>\n<meta name=\"author\" content=\"Redazione\" \/>\n<meta name=\"twitter:card\" content=\"summary_large_image\" \/>\n<meta name=\"twitter:label1\" content=\"Scritto da\" \/>\n\t<meta name=\"twitter:data1\" content=\"Redazione\" \/>\n\t<meta name=\"twitter:label2\" content=\"Tempo di lettura stimato\" \/>\n\t<meta name=\"twitter:data2\" content=\"5 minuti\" \/>\n<script type=\"application\/ld+json\" class=\"yoast-schema-graph\">{\"@context\":\"https:\\\/\\\/schema.org\",\"@graph\":[{\"@type\":\"Article\",\"@id\":\"https:\\\/\\\/cinema.video\\\/it\\\/45-festival-cinema-e-donne#article\",\"isPartOf\":{\"@id\":\"https:\\\/\\\/cinema.video\\\/it\\\/45-festival-cinema-e-donne\"},\"author\":{\"name\":\"Redazione\",\"@id\":\"https:\\\/\\\/cinema.video\\\/it#\\\/schema\\\/person\\\/aeb01b91d874e8b01e76a1db04c668c6\"},\"headline\":\"Dal 20 al 24 novembre Cinema e Donne da 45 anni l&#8217;Altra Storia\",\"datePublished\":\"2024-11-15T14:56:21+00:00\",\"dateModified\":\"2026-04-10T02:07:20+00:00\",\"mainEntityOfPage\":{\"@id\":\"https:\\\/\\\/cinema.video\\\/it\\\/45-festival-cinema-e-donne\"},\"wordCount\":703,\"publisher\":{\"@id\":\"https:\\\/\\\/cinema.video\\\/it#organization\"},\"image\":{\"@id\":\"https:\\\/\\\/cinema.video\\\/it\\\/45-festival-cinema-e-donne#primaryimage\"},\"thumbnailUrl\":\"https:\\\/\\\/cinema.video\\\/wp-content\\\/uploads\\\/2024\\\/11\\\/Golden-Eighties-1986_Chantal-Akerman2-1.jpg\",\"keywords\":[\"EVENTS\",\"focus\",\"INCLUSION\"],\"articleSection\":[\"EVENTS\"],\"inLanguage\":\"it-IT\"},{\"@type\":\"WebPage\",\"@id\":\"https:\\\/\\\/cinema.video\\\/it\\\/45-festival-cinema-e-donne\",\"url\":\"https:\\\/\\\/cinema.video\\\/it\\\/45-festival-cinema-e-donne\",\"name\":\"Dal 20 al 24 novembre Cinema e Donne da 45 anni l'Altra Storia - Cinema &amp; Video International\",\"isPartOf\":{\"@id\":\"https:\\\/\\\/cinema.video\\\/it#website\"},\"primaryImageOfPage\":{\"@id\":\"https:\\\/\\\/cinema.video\\\/it\\\/45-festival-cinema-e-donne#primaryimage\"},\"image\":{\"@id\":\"https:\\\/\\\/cinema.video\\\/it\\\/45-festival-cinema-e-donne#primaryimage\"},\"thumbnailUrl\":\"https:\\\/\\\/cinema.video\\\/wp-content\\\/uploads\\\/2024\\\/11\\\/Golden-Eighties-1986_Chantal-Akerman2-1.jpg\",\"datePublished\":\"2024-11-15T14:56:21+00:00\",\"dateModified\":\"2026-04-10T02:07:20+00:00\",\"description\":\"Dal 20 al 24 novembre Cinema e Donne da 45 anni l'Altra Storia \u2013 dal 20 al 24 novembre cinema. Le donne nel cinema: come professioniste che affrontano pro\",\"breadcrumb\":{\"@id\":\"https:\\\/\\\/cinema.video\\\/it\\\/45-festival-cinema-e-donne#breadcrumb\"},\"inLanguage\":\"it-IT\",\"potentialAction\":[{\"@type\":\"ReadAction\",\"target\":[\"https:\\\/\\\/cinema.video\\\/it\\\/45-festival-cinema-e-donne\"]}]},{\"@type\":\"ImageObject\",\"inLanguage\":\"it-IT\",\"@id\":\"https:\\\/\\\/cinema.video\\\/it\\\/45-festival-cinema-e-donne#primaryimage\",\"url\":\"https:\\\/\\\/cinema.video\\\/wp-content\\\/uploads\\\/2024\\\/11\\\/Golden-Eighties-1986_Chantal-Akerman2-1.jpg\",\"contentUrl\":\"https:\\\/\\\/cinema.video\\\/wp-content\\\/uploads\\\/2024\\\/11\\\/Golden-Eighties-1986_Chantal-Akerman2-1.jpg\",\"width\":1134,\"height\":638,\"caption\":\"Dal 20 al 24 novembre a Firenze, la 45\u00b0 edizione di Cinema e Donne. 9 opere prime in Concorso. Carte Blanche a C\u00e9line Sciamma\"},{\"@type\":\"BreadcrumbList\",\"@id\":\"https:\\\/\\\/cinema.video\\\/it\\\/45-festival-cinema-e-donne#breadcrumb\",\"itemListElement\":[{\"@type\":\"ListItem\",\"position\":1,\"name\":\"Home\",\"item\":\"https:\\\/\\\/cinema.video\\\/it\\\/home-2\"},{\"@type\":\"ListItem\",\"position\":2,\"name\":\"Dal 20 al 24 novembre Cinema e Donne da 45 anni l&#8217;Altra Storia\"}]},{\"@type\":\"WebSite\",\"@id\":\"https:\\\/\\\/cinema.video\\\/it#website\",\"url\":\"https:\\\/\\\/cinema.video\\\/it\",\"name\":\"Cinema & Video International\",\"description\":\"Film &amp; Audiovisual Industry Trade Magazine\",\"publisher\":{\"@id\":\"https:\\\/\\\/cinema.video\\\/it#organization\"},\"alternateName\":\"Cinema & Video\",\"potentialAction\":[{\"@type\":\"SearchAction\",\"target\":{\"@type\":\"EntryPoint\",\"urlTemplate\":\"https:\\\/\\\/cinema.video\\\/it?s={search_term_string}\"},\"query-input\":{\"@type\":\"PropertyValueSpecification\",\"valueRequired\":true,\"valueName\":\"search_term_string\"}}],\"inLanguage\":\"it-IT\"},{\"@type\":\"Organization\",\"@id\":\"https:\\\/\\\/cinema.video\\\/it#organization\",\"name\":\"Cinema & Video\",\"url\":\"https:\\\/\\\/cinema.video\\\/it\",\"logo\":{\"@type\":\"ImageObject\",\"inLanguage\":\"it-IT\",\"@id\":\"https:\\\/\\\/cinema.video\\\/it#\\\/schema\\\/logo\\\/image\\\/\",\"url\":\"https:\\\/\\\/cinema.video\\\/wp-content\\\/uploads\\\/2026\\\/04\\\/CinemVideo_LogoBlack.png\",\"contentUrl\":\"https:\\\/\\\/cinema.video\\\/wp-content\\\/uploads\\\/2026\\\/04\\\/CinemVideo_LogoBlack.png\",\"width\":1336,\"height\":224,\"caption\":\"Cinema & Video\"},\"image\":{\"@id\":\"https:\\\/\\\/cinema.video\\\/it#\\\/schema\\\/logo\\\/image\\\/\"},\"sameAs\":[\"https:\\\/\\\/www.facebook.com\\\/CinemaVideoInternational\\\/\",\"https:\\\/\\\/www.instagram.com\\\/cinemaevideointernational\\\/\",\"https:\\\/\\\/it.linkedin.com\\\/company\\\/cinema-video-international\"],\"description\":\"Media Consulting & Marketing Agency\",\"email\":\"hello@darostudio.com\",\"legalName\":\"DARO studio LLC\",\"foundingDate\":\"2021-02-16\",\"numberOfEmployees\":{\"@type\":\"QuantitativeValue\",\"minValue\":\"1\",\"maxValue\":\"10\"}},{\"@type\":\"Person\",\"@id\":\"https:\\\/\\\/cinema.video\\\/it#\\\/schema\\\/person\\\/aeb01b91d874e8b01e76a1db04c668c6\",\"name\":\"Redazione\",\"image\":{\"@type\":\"ImageObject\",\"inLanguage\":\"it-IT\",\"@id\":\"https:\\\/\\\/secure.gravatar.com\\\/avatar\\\/06ad6f92eb14745b75fb592cadf8139d33242d81c9c8b085133c450aaf0b9731?s=96&d=mm&r=g\",\"url\":\"https:\\\/\\\/secure.gravatar.com\\\/avatar\\\/06ad6f92eb14745b75fb592cadf8139d33242d81c9c8b085133c450aaf0b9731?s=96&d=mm&r=g\",\"contentUrl\":\"https:\\\/\\\/secure.gravatar.com\\\/avatar\\\/06ad6f92eb14745b75fb592cadf8139d33242d81c9c8b085133c450aaf0b9731?s=96&d=mm&r=g\",\"caption\":\"Redazione\"},\"url\":\"https:\\\/\\\/cinema.video\\\/it\\\/author\\\/redazione\"}]}<\/script>\n<!-- \/ Yoast SEO Premium plugin. -->","yoast_head_json":{"title":"Dal 20 al 24 novembre Cinema e Donne da 45 anni l'Altra Storia - Cinema &amp; Video International","description":"Dal 20 al 24 novembre Cinema e Donne da 45 anni l'Altra Storia \u2013 dal 20 al 24 novembre cinema. Le donne nel cinema: come professioniste che affrontano pro","robots":{"index":"index","follow":"follow","max-snippet":"max-snippet:-1","max-image-preview":"max-image-preview:large","max-video-preview":"max-video-preview:-1"},"canonical":"https:\/\/cinema.video\/it\/45-festival-cinema-e-donne","og_locale":"it_IT","og_type":"article","og_title":"Dal 20 al 24 novembre Cinema e Donne da 45 anni l'Altra Storia","og_description":"Dal 20 al 24 novembre Cinema e Donne da 45 anni l'Altra Storia \u2013 dal 20 al 24 novembre cinema. Le donne nel cinema: come professioniste che affrontano pro","og_url":"https:\/\/cinema.video\/it\/45-festival-cinema-e-donne","og_site_name":"Cinema &amp; Video International","article_publisher":"https:\/\/www.facebook.com\/CinemaVideoInternational\/","article_published_time":"2024-11-15T14:56:21+00:00","article_modified_time":"2026-04-10T02:07:20+00:00","og_image":[{"width":1134,"height":638,"url":"https:\/\/cinema.video\/wp-content\/uploads\/2024\/11\/Golden-Eighties-1986_Chantal-Akerman2-1.jpg","type":"image\/jpeg"}],"author":"Redazione","twitter_card":"summary_large_image","twitter_misc":{"Scritto da":"Redazione","Tempo di lettura stimato":"5 minuti"},"schema":{"@context":"https:\/\/schema.org","@graph":[{"@type":"Article","@id":"https:\/\/cinema.video\/it\/45-festival-cinema-e-donne#article","isPartOf":{"@id":"https:\/\/cinema.video\/it\/45-festival-cinema-e-donne"},"author":{"name":"Redazione","@id":"https:\/\/cinema.video\/it#\/schema\/person\/aeb01b91d874e8b01e76a1db04c668c6"},"headline":"Dal 20 al 24 novembre Cinema e Donne da 45 anni l&#8217;Altra Storia","datePublished":"2024-11-15T14:56:21+00:00","dateModified":"2026-04-10T02:07:20+00:00","mainEntityOfPage":{"@id":"https:\/\/cinema.video\/it\/45-festival-cinema-e-donne"},"wordCount":703,"publisher":{"@id":"https:\/\/cinema.video\/it#organization"},"image":{"@id":"https:\/\/cinema.video\/it\/45-festival-cinema-e-donne#primaryimage"},"thumbnailUrl":"https:\/\/cinema.video\/wp-content\/uploads\/2024\/11\/Golden-Eighties-1986_Chantal-Akerman2-1.jpg","keywords":["EVENTS","focus","INCLUSION"],"articleSection":["EVENTS"],"inLanguage":"it-IT"},{"@type":"WebPage","@id":"https:\/\/cinema.video\/it\/45-festival-cinema-e-donne","url":"https:\/\/cinema.video\/it\/45-festival-cinema-e-donne","name":"Dal 20 al 24 novembre Cinema e Donne da 45 anni l'Altra Storia - Cinema &amp; Video International","isPartOf":{"@id":"https:\/\/cinema.video\/it#website"},"primaryImageOfPage":{"@id":"https:\/\/cinema.video\/it\/45-festival-cinema-e-donne#primaryimage"},"image":{"@id":"https:\/\/cinema.video\/it\/45-festival-cinema-e-donne#primaryimage"},"thumbnailUrl":"https:\/\/cinema.video\/wp-content\/uploads\/2024\/11\/Golden-Eighties-1986_Chantal-Akerman2-1.jpg","datePublished":"2024-11-15T14:56:21+00:00","dateModified":"2026-04-10T02:07:20+00:00","description":"Dal 20 al 24 novembre Cinema e Donne da 45 anni l'Altra Storia \u2013 dal 20 al 24 novembre cinema. Le donne nel cinema: come professioniste che affrontano pro","breadcrumb":{"@id":"https:\/\/cinema.video\/it\/45-festival-cinema-e-donne#breadcrumb"},"inLanguage":"it-IT","potentialAction":[{"@type":"ReadAction","target":["https:\/\/cinema.video\/it\/45-festival-cinema-e-donne"]}]},{"@type":"ImageObject","inLanguage":"it-IT","@id":"https:\/\/cinema.video\/it\/45-festival-cinema-e-donne#primaryimage","url":"https:\/\/cinema.video\/wp-content\/uploads\/2024\/11\/Golden-Eighties-1986_Chantal-Akerman2-1.jpg","contentUrl":"https:\/\/cinema.video\/wp-content\/uploads\/2024\/11\/Golden-Eighties-1986_Chantal-Akerman2-1.jpg","width":1134,"height":638,"caption":"Dal 20 al 24 novembre a Firenze, la 45\u00b0 edizione di Cinema e Donne. 9 opere prime in Concorso. Carte Blanche a C\u00e9line Sciamma"},{"@type":"BreadcrumbList","@id":"https:\/\/cinema.video\/it\/45-festival-cinema-e-donne#breadcrumb","itemListElement":[{"@type":"ListItem","position":1,"name":"Home","item":"https:\/\/cinema.video\/it\/home-2"},{"@type":"ListItem","position":2,"name":"Dal 20 al 24 novembre Cinema e Donne da 45 anni l&#8217;Altra Storia"}]},{"@type":"WebSite","@id":"https:\/\/cinema.video\/it#website","url":"https:\/\/cinema.video\/it","name":"Cinema & Video International","description":"Film &amp; Audiovisual Industry Trade Magazine","publisher":{"@id":"https:\/\/cinema.video\/it#organization"},"alternateName":"Cinema & Video","potentialAction":[{"@type":"SearchAction","target":{"@type":"EntryPoint","urlTemplate":"https:\/\/cinema.video\/it?s={search_term_string}"},"query-input":{"@type":"PropertyValueSpecification","valueRequired":true,"valueName":"search_term_string"}}],"inLanguage":"it-IT"},{"@type":"Organization","@id":"https:\/\/cinema.video\/it#organization","name":"Cinema & Video","url":"https:\/\/cinema.video\/it","logo":{"@type":"ImageObject","inLanguage":"it-IT","@id":"https:\/\/cinema.video\/it#\/schema\/logo\/image\/","url":"https:\/\/cinema.video\/wp-content\/uploads\/2026\/04\/CinemVideo_LogoBlack.png","contentUrl":"https:\/\/cinema.video\/wp-content\/uploads\/2026\/04\/CinemVideo_LogoBlack.png","width":1336,"height":224,"caption":"Cinema & Video"},"image":{"@id":"https:\/\/cinema.video\/it#\/schema\/logo\/image\/"},"sameAs":["https:\/\/www.facebook.com\/CinemaVideoInternational\/","https:\/\/www.instagram.com\/cinemaevideointernational\/","https:\/\/it.linkedin.com\/company\/cinema-video-international"],"description":"Media Consulting & Marketing Agency","email":"hello@darostudio.com","legalName":"DARO studio LLC","foundingDate":"2021-02-16","numberOfEmployees":{"@type":"QuantitativeValue","minValue":"1","maxValue":"10"}},{"@type":"Person","@id":"https:\/\/cinema.video\/it#\/schema\/person\/aeb01b91d874e8b01e76a1db04c668c6","name":"Redazione","image":{"@type":"ImageObject","inLanguage":"it-IT","@id":"https:\/\/secure.gravatar.com\/avatar\/06ad6f92eb14745b75fb592cadf8139d33242d81c9c8b085133c450aaf0b9731?s=96&d=mm&r=g","url":"https:\/\/secure.gravatar.com\/avatar\/06ad6f92eb14745b75fb592cadf8139d33242d81c9c8b085133c450aaf0b9731?s=96&d=mm&r=g","contentUrl":"https:\/\/secure.gravatar.com\/avatar\/06ad6f92eb14745b75fb592cadf8139d33242d81c9c8b085133c450aaf0b9731?s=96&d=mm&r=g","caption":"Redazione"},"url":"https:\/\/cinema.video\/it\/author\/redazione"}]}},"jetpack_featured_media_url":"https:\/\/cinema.video\/wp-content\/uploads\/2024\/11\/Golden-Eighties-1986_Chantal-Akerman2-1.jpg","jetpack_shortlink":"https:\/\/wp.me\/ph672m-1fG2","_links":{"self":[{"href":"https:\/\/cinema.video\/it\/wp-json\/wp\/v2\/posts\/298594","targetHints":{"allow":["GET"]}}],"collection":[{"href":"https:\/\/cinema.video\/it\/wp-json\/wp\/v2\/posts"}],"about":[{"href":"https:\/\/cinema.video\/it\/wp-json\/wp\/v2\/types\/post"}],"author":[{"embeddable":true,"href":"https:\/\/cinema.video\/it\/wp-json\/wp\/v2\/users\/26"}],"replies":[{"embeddable":true,"href":"https:\/\/cinema.video\/it\/wp-json\/wp\/v2\/comments?post=298594"}],"version-history":[{"count":2,"href":"https:\/\/cinema.video\/it\/wp-json\/wp\/v2\/posts\/298594\/revisions"}],"predecessor-version":[{"id":309513,"href":"https:\/\/cinema.video\/it\/wp-json\/wp\/v2\/posts\/298594\/revisions\/309513"}],"wp:featuredmedia":[{"embeddable":true,"href":"https:\/\/cinema.video\/it\/wp-json\/wp\/v2\/media\/298595"}],"wp:attachment":[{"href":"https:\/\/cinema.video\/it\/wp-json\/wp\/v2\/media?parent=298594"}],"wp:term":[{"taxonomy":"category","embeddable":true,"href":"https:\/\/cinema.video\/it\/wp-json\/wp\/v2\/categories?post=298594"},{"taxonomy":"post_tag","embeddable":true,"href":"https:\/\/cinema.video\/it\/wp-json\/wp\/v2\/tags?post=298594"}],"curies":[{"name":"wp","href":"https:\/\/api.w.org\/{rel}","templated":true}]}}