{"id":298531,"date":"2024-11-08T16:34:56","date_gmt":"2024-11-08T15:34:56","guid":{"rendered":"https:\/\/cinema.video\/?p=298531"},"modified":"2026-04-10T04:07:13","modified_gmt":"2026-04-10T02:07:13","slug":"42-torino-film-festival-eden","status":"publish","type":"post","link":"https:\/\/cinema.video\/it\/42-torino-film-festival-eden","title":{"rendered":"TFF 42 dall&#8217; Eden di Ron Howard all&#8217;ultimo Walzer con Marlon Brando"},"content":{"rendered":"\n<p class=\"wp-block-paragraph\">Si aprir\u00e0 con il thriller <strong><em>Eden<\/em><\/strong>, di <strong>Ron Howard<\/strong>, la  <strong>42\u00b0 edizione<\/strong> del <strong>Torino Film Festival<\/strong>, che sar\u00e0 inaugurata  il <strong>22 novembre al Teatro Regio di Torino <\/strong>dal nuovo direttore, <strong>Giulio Base<\/strong>, affiancato dalla madrina, <strong>Cristiana Capotondi<\/strong>.<br>Una serata piena di &#8216;stelle&#8217;: fra quelle del ricco cast del film, interpretato da Jude Law, Ana De Armas, Vanessa Kirby, Daniel Br\u00fchl e Syndey Sweeney, e dei premi Stella della Mole, che<br>Howard ricever\u00e0 la sera stessa assieme a  <strong>Matthew Broderick, Giancarlo Giannini, Rosario Dawson, Vince Vaugh<\/strong>.<\/p>\n\n\n\n<p class=\"wp-block-paragraph\">La prima volta di Base coincide con la nuova nomina di <strong>Carlo Chatrian<\/strong> alla direzione del <strong>Museo del Cinema<\/strong>, sotto la cui egida si svolge il festival. Il nuovo direttore, affiancato da una squadra di giovani selezionatori, ha presentato ieri il programma fatto di 120 titoli, un numero considerevolmente minore rispetto all&#8217;anno passato, a cui \u00e8 affidata la missione di tener fede al nome con cui la manifestazione nacque 42 anni fa: <em>Cinema Giovani<\/em> fatto dunque di sperimentazione e freschezza, ma anche di cinefilia e autorialit\u00e0.<\/p>\n\n\n\n<p class=\"wp-block-paragraph\">Broderick presenter\u00e0 al Festival il film <strong><em>Il Boss e la Matricola<\/em><\/strong>, di cui fu il giovane co-protagonista e che sar\u00e0 proiettato all\u2019interno della <strong>retrospettiva dedicata a Marlon Brando<\/strong>.\u00a0<\/p>\n\n\n\n<p class=\"wp-block-paragraph\">Due i film italiani del <strong>Concorso Lungometraggi<\/strong>: <strong><em>n-Ego <\/em><\/strong>che affronta temi come l\u2019identit\u00e0, la solitudine e la creativit\u00e0, e vede la regista, <strong>Eleonora Danco<\/strong>, travestita da manichino dechirichiano, intraprendere un viaggio introspettivo fra luoghi diversi e personaggi unici che, con le loro storie, rispecchiano le sue paure e desideri. Il film, con Filippo Timi, vede la partecipazione di Antonio Banno\u2019, Luca Gallone, Federico Majorana, e Elio Germano. \u00c9 prodotto da Nightswim, Tessalit Productions in collaborazione con Rai Cinema e di Lazio Cinema International. <br>Rai Cinema firma anche l\u2019opera prima di <strong>Gianluca Minucci<\/strong>, <strong><em>Europa centrale<\/em><\/strong>, prodotta da Danubio Film, Wildside, M74, <em>kammerspiel <\/em>metafisico sulla lotta politica, il tradimento e la paranoia, ambientato in un viaggio in treno di una coppia di comunisti a cui \u00e8 stata affidata dal Comintern un\u2019importante missione nell\u2019aprile del 1940.<\/p>\n\n\n\n<figure class=\"wp-block-image size-large\"><img loading=\"lazy\" decoding=\"async\" width=\"1024\" height=\"576\" src=\"https:\/\/cinema.video\/wp-content\/uploads\/2024\/11\/OFF_Europa-Centrale_03-1024x576.jpg\" alt=\"\" class=\"wp-image-298537\" srcset=\"https:\/\/cinema.video\/wp-content\/uploads\/2024\/11\/OFF_Europa-Centrale_03-scaled.jpg 1024w, https:\/\/cinema.video\/wp-content\/uploads\/2024\/11\/OFF_Europa-Centrale_03-scaled.jpg 300w, https:\/\/cinema.video\/wp-content\/uploads\/2024\/11\/OFF_Europa-Centrale_03-scaled.jpg 768w, https:\/\/cinema.video\/wp-content\/uploads\/2024\/11\/OFF_Europa-Centrale_03-scaled.jpg 1536w, https:\/\/cinema.video\/wp-content\/uploads\/2024\/11\/OFF_Europa-Centrale_03-scaled.jpg 2048w, https:\/\/cinema.video\/wp-content\/uploads\/2024\/11\/OFF_Europa-Centrale_03-scaled.jpg 746w, https:\/\/cinema.video\/wp-content\/uploads\/2024\/11\/OFF_Europa-Centrale_03-scaled.jpg 150w, https:\/\/cinema.video\/wp-content\/uploads\/2024\/11\/OFF_Europa-Centrale_03-scaled.jpg 696w, https:\/\/cinema.video\/wp-content\/uploads\/2024\/11\/OFF_Europa-Centrale_03-scaled.jpg 1068w, https:\/\/cinema.video\/wp-content\/uploads\/2024\/11\/OFF_Europa-Centrale_03-scaled.jpg 1920w, https:\/\/cinema.video\/wp-content\/uploads\/2024\/11\/OFF_Europa-Centrale_03-scaled.jpg 1392w\" sizes=\"auto, (max-width: 696px) 100vw, 696px\" \/><figcaption class=\"wp-element-caption\">Europa Centrale<\/figcaption><\/figure>\n\n\n\n<p class=\"wp-block-paragraph\">Gi\u00e0 passati da Torino, attraverso il lavoro del<strong> TorinoFilmLab<\/strong>, sono <strong><em>Holy Rosita<\/em><\/strong> con cui il regista belga <strong>Wannes Destoop<\/strong> esplora il desiderio di maternit\u00e0, (sviluppato all\u2019interno del percorso online TFL Next nel 2020), e <strong><em>Nina<\/em><\/strong> della regista spagnola <strong>Andrea Jaurrieta <\/strong>(FeatureLab 2021), un film sul sentimento di vendetta.<\/p>\n\n\n\n<p class=\"wp-block-paragraph\">Nel <strong>Concorso Documentari <\/strong>troviamo la storia di Adolfo Porry-Pastorel, \u00abil fotografo di Mussolini\u00bb, ritratto da <strong>Tony Saccucci<\/strong> in <strong><em>Controluce, e\u00a0<\/em><\/strong> due documentari realizzati con il sostegno di<strong> Film Commission Torino Piemonte<\/strong>: <strong><em>In ultimo<\/em><\/strong> diretto da <strong>Mario Balsamo<\/strong> e prodotto da La Sarraz Pictures di Alessandro Borrelli, \u00e8 una coproduzione Italia-Portogallo finanziata da Piemonte Doc Film Fund: ha per protagonista il medico palliativista Claudio Ritossa che svolge il suo lavoro presso l\u2019Hospice Anemos di Torino.\u00a0<br><strong><em>Il mestiere di vivere<\/em><\/strong>, scritto e diretto da<strong> Giovanna Gagliardo<\/strong>, racconta Cesare Pavese e il suo contributo alla cultura letteraria italiana della seconda met\u00e0 del Novecento, a partire dal suo ultimo giorno di vita: prodotto da Luce Cinecitt\u00e0, \u00e8 realizzato anche con la partecipazione di Ente Turismo Langhe Monferrato Roero.<br>La film commission collabora inoltre con il TFF per la proiezione-evento di un altro documentario: <strong><em>Ragazzi di stadio,\u00a0<\/em><\/strong> copia restaurata dal Museo Nazionale del Cinema dell\u2019intenso documentario diretto da <strong>Daniele Segre<\/strong>.<\/p>\n\n\n\n<p class=\"wp-block-paragraph\"><br>All&#8217;interno del <em>Concorso Documentari<\/em>, anche il nuovo film di <strong>Mark Cousins<\/strong>,<strong><em> A Sudden Glimpse into Deeper Things<\/em><\/strong>, ritratto anticonvenzionale della pittrice Wilhelmina Barns-Graham, partendo dalla scalata al ghiacciaio di Grindelwald in Svizzera, <strong><em>Higher than Acid Clouds<\/em><\/strong>, che raccoglie le riflessioni e i \u2018sogni resistenti\u2019 di <strong>Ali Asgari<\/strong>, impossibilitato a lasciare il suo paese dopo la proiezione a Cannes del suo film <em>Kafka a Teheran &#8211; Terrestrial Verses<\/em>, diretto con Alireza Khatami.<br>E <strong><em>The Brink of Dreams <\/em><\/strong>di <strong>Nada Riyadh e Ayman El Amir<\/strong>: il film, che segue, dall\u2019infanzia all\u2019et\u00e0 adulta, un gruppo di ragazze nel remoto Egitto,\u00a0 ha avuto la sua premiere alla scorsa <em>Semaine de la Critique<\/em>, ed \u00e8 stato supportato dall\u2019Audience Design Fund del TorinoFilmLab.\u00a0<\/p>\n\n\n\n<figure class=\"wp-block-image size-large\"><img loading=\"lazy\" decoding=\"async\" width=\"1024\" height=\"585\" src=\"https:\/\/cinema.video\/wp-content\/uploads\/2024\/11\/OFF_A-Sudden-Glimpse-of-Deeper-Things_01-1024x585.jpg\" alt=\"\" class=\"wp-image-298532\" srcset=\"https:\/\/cinema.video\/wp-content\/uploads\/2024\/11\/OFF_A-Sudden-Glimpse-of-Deeper-Things_01.jpg 1024w, https:\/\/cinema.video\/wp-content\/uploads\/2024\/11\/OFF_A-Sudden-Glimpse-of-Deeper-Things_01.jpg 300w, https:\/\/cinema.video\/wp-content\/uploads\/2024\/11\/OFF_A-Sudden-Glimpse-of-Deeper-Things_01.jpg 768w, https:\/\/cinema.video\/wp-content\/uploads\/2024\/11\/OFF_A-Sudden-Glimpse-of-Deeper-Things_01.jpg 1536w, https:\/\/cinema.video\/wp-content\/uploads\/2024\/11\/OFF_A-Sudden-Glimpse-of-Deeper-Things_01.jpg 736w, https:\/\/cinema.video\/wp-content\/uploads\/2024\/11\/OFF_A-Sudden-Glimpse-of-Deeper-Things_01.jpg 150w, https:\/\/cinema.video\/wp-content\/uploads\/2024\/11\/OFF_A-Sudden-Glimpse-of-Deeper-Things_01.jpg 696w, https:\/\/cinema.video\/wp-content\/uploads\/2024\/11\/OFF_A-Sudden-Glimpse-of-Deeper-Things_01.jpg 1068w, https:\/\/cinema.video\/wp-content\/uploads\/2024\/11\/OFF_A-Sudden-Glimpse-of-Deeper-Things_01.jpg 1920w, https:\/\/cinema.video\/wp-content\/uploads\/2024\/11\/OFF_A-Sudden-Glimpse-of-Deeper-Things_01.jpg 2000w, https:\/\/cinema.video\/wp-content\/uploads\/2024\/11\/OFF_A-Sudden-Glimpse-of-Deeper-Things_01.jpg 1392w\" sizes=\"auto, (max-width: 696px) 100vw, 696px\" \/><figcaption class=\"wp-element-caption\">A Sudden Glimpse of Deeper Things<\/figcaption><\/figure>\n\n\n\n<p class=\"wp-block-paragraph\">Il laboratorio internazionale di sviluppo del Museo del Cinema di Torino vanta altri tre titoli nella sezione non competitiva <strong>Zibaldone:<\/strong>\u00a0 il progetto ScriptLab del 2022 <strong><em>The Village Next to Paradise<\/em><\/strong> del regista somalo-austriaco <strong>Mo Harawe<\/strong>, presentato in <em>Un Certain Regard <\/em>del 2024 e incentrato su una famiglia somala e le sue lotte quotidiane durante un&#8217;estate calda, e i due progetti FeatureLab del 2019 <strong><em>Crocodile Tears<\/em><\/strong>, del regista indonesiano <strong>Tumpal Tampubolon<\/strong>, ambientato proprio in una riserva di coccodrilli e proiettato al Toronto Film Festival e <strong><em>Shambhala<\/em><\/strong>, del nepalese <strong>Min Bahadur Bham<\/strong>, che segue la storia della giovane sposa Peema nel cuore dell\u2019Himalaya pi\u00f9 tradizionalista, e arriva a Torino dopo l\u2019esordio berlinese dello scorso febbraio.<\/p>\n\n\n\n<p class=\"wp-block-paragraph\">E ancora, in questa corpulenta sezione, lettere d\u2019amore per il cinema: con <strong><em>Lumi\u00e8re!-L\u2019Aventure Continue <\/em><\/strong>con cui\u00a0 <strong>Thierry Fr\u00e9maux,<\/strong> prosegue il lavoro iniziato nel 2016 con<strong> <em>Lumi\u00e8re! &#8211; La scoperta del cinema<\/em><\/strong>, rivelando altri cento film realizzati dai fratelli creatori del cinematografo e dai loro operatori, tutti perfettamente restaurati. <\/p>\n\n\n\n<div class=\"wp-block-media-text is-stacked-on-mobile\"><figure class=\"wp-block-media-text__media\"><img loading=\"lazy\" decoding=\"async\" width=\"1024\" height=\"554\" src=\"https:\/\/cinema.video\/wp-content\/uploads\/2024\/11\/OFF_Eight-Postcards-from-Utopia_05-1024x554.jpg\" alt=\"\" class=\"wp-image-298536 size-full\" srcset=\"https:\/\/cinema.video\/wp-content\/uploads\/2024\/11\/OFF_Eight-Postcards-from-Utopia_05.jpg 1024w, https:\/\/cinema.video\/wp-content\/uploads\/2024\/11\/OFF_Eight-Postcards-from-Utopia_05.jpg 300w, https:\/\/cinema.video\/wp-content\/uploads\/2024\/11\/OFF_Eight-Postcards-from-Utopia_05.jpg 768w, https:\/\/cinema.video\/wp-content\/uploads\/2024\/11\/OFF_Eight-Postcards-from-Utopia_05.jpg 1536w, https:\/\/cinema.video\/wp-content\/uploads\/2024\/11\/OFF_Eight-Postcards-from-Utopia_05.jpg 777w, https:\/\/cinema.video\/wp-content\/uploads\/2024\/11\/OFF_Eight-Postcards-from-Utopia_05.jpg 150w, https:\/\/cinema.video\/wp-content\/uploads\/2024\/11\/OFF_Eight-Postcards-from-Utopia_05.jpg 696w, https:\/\/cinema.video\/wp-content\/uploads\/2024\/11\/OFF_Eight-Postcards-from-Utopia_05.jpg 1068w, https:\/\/cinema.video\/wp-content\/uploads\/2024\/11\/OFF_Eight-Postcards-from-Utopia_05.jpg 1920w, https:\/\/cinema.video\/wp-content\/uploads\/2024\/11\/OFF_Eight-Postcards-from-Utopia_05.jpg 1998w, https:\/\/cinema.video\/wp-content\/uploads\/2024\/11\/OFF_Eight-Postcards-from-Utopia_05.jpg 1392w\" sizes=\"auto, (max-width: 696px) 100vw, 696px\" \/><\/figure><div class=\"wp-block-media-text__content\">\n<p class=\"wp-block-paragraph\">E con <strong><em>Eight Postcards from Utopia<\/em><\/strong>, documentario di <strong>Radu Jude, Christian Ferencz-Flatz<\/strong>, che sfrutta il linguaggio del found footage per assemblare materiale d\u2019archivio tratto esclusivamente da pubblicit\u00e0 rumene post-rivoluzione, dopo la fine del socialismo. <\/p>\n<\/div><\/div>\n\n\n\n<p class=\"wp-block-paragraph\">E lettere d&#8217;amore  per i divi, protagonisti di film cult, e omaggiati quest\u2019anno dalle Stelle della Mole: da Rosaria Dawson, in <strong><em>Kids<\/em><\/strong> di Larry Clark; a <strong>Alec Baldwin<\/strong> in <strong><em>Caccia all\u2019Ottobre Rosso<\/em><\/strong>, da Giancarlo Giannini in <strong><em>Pasqualino Settebellezze<\/em><\/strong>, Ornella Muti e Michele Placido in <strong><em>Romanzo Popolare<\/em><\/strong>,\u00a0a <strong>Sharon Stone<\/strong> con il film di Sam Raimi da lei co-prodotto, <strong><em>Pronti a morire<\/em><\/strong>. <\/p>\n\n\n\n<div class=\"wp-block-media-text has-media-on-the-right is-stacked-on-mobile\"><div class=\"wp-block-media-text__content\">\n<p class=\"wp-block-paragraph\">E ancora, <strong>Emmanuele B\u00e9art<\/strong>, regista, insieme ad Anastasia Mikova, del documentario<strong><em> Un Silence si Bruyant<\/em><\/strong>, che d\u00e0 voce alle vittime di violenza sessuale, incoraggiandole a superare la vergogna; Vince Vaughn con<strong><em> Swingers.<\/em><\/strong><\/p>\n<\/div><figure class=\"wp-block-media-text__media\"><img loading=\"lazy\" decoding=\"async\" width=\"1024\" height=\"460\" src=\"https:\/\/cinema.video\/wp-content\/uploads\/2024\/11\/OFF_Un-Silence-si-Bruyant_03-1024x460.png\" alt=\"\" class=\"wp-image-298539 size-full\" srcset=\"https:\/\/cinema.video\/wp-content\/uploads\/2024\/11\/OFF_Un-Silence-si-Bruyant_03.png 1024w, https:\/\/cinema.video\/wp-content\/uploads\/2024\/11\/OFF_Un-Silence-si-Bruyant_03.png 300w, https:\/\/cinema.video\/wp-content\/uploads\/2024\/11\/OFF_Un-Silence-si-Bruyant_03.png 768w, https:\/\/cinema.video\/wp-content\/uploads\/2024\/11\/OFF_Un-Silence-si-Bruyant_03.png 935w, https:\/\/cinema.video\/wp-content\/uploads\/2024\/11\/OFF_Un-Silence-si-Bruyant_03.png 150w, https:\/\/cinema.video\/wp-content\/uploads\/2024\/11\/OFF_Un-Silence-si-Bruyant_03.png 696w, https:\/\/cinema.video\/wp-content\/uploads\/2024\/11\/OFF_Un-Silence-si-Bruyant_03.png 1068w, https:\/\/cinema.video\/wp-content\/uploads\/2024\/11\/OFF_Un-Silence-si-Bruyant_03.png 1280w\" sizes=\"auto, (max-width: 696px) 100vw, 696px\" \/><\/figure><\/div>\n\n\n\n<p class=\"wp-block-paragraph\">La sezione ospita tre documentari italiani: il ritorno alla regia di <strong>Maurizio Nichetti<\/strong>, <strong><em>Amichemai<\/em><\/strong>, con Angela Finocchiaro e Serra Yilmaz, e due lavori sulla musica, <strong><em>L\u2019Amore che ho<\/em><\/strong> di<strong> Paolo Licata<\/strong>, storia della leggenda della canzone popolare Rosa Balistreri, e <strong><em>La Musica negli Occhi<\/em><\/strong> di <strong>Giovanni Ventura<\/strong>, dove le immagini d\u2019archivio raccontano il sodalizio fra Federico Fellini e Nino Rota, e Ettore Scola e Armando Trovajoli. \u00a0<\/p>\n\n\n\n<figure class=\"wp-block-image size-large\"><img loading=\"lazy\" decoding=\"async\" width=\"1024\" height=\"576\" src=\"https:\/\/cinema.video\/wp-content\/uploads\/2024\/11\/OFF_AmicheMai_01-1024x576.jpg\" alt=\"\" class=\"wp-image-298533\" srcset=\"https:\/\/cinema.video\/wp-content\/uploads\/2024\/11\/OFF_AmicheMai_01.jpg 1024w, https:\/\/cinema.video\/wp-content\/uploads\/2024\/11\/OFF_AmicheMai_01.jpg 300w, https:\/\/cinema.video\/wp-content\/uploads\/2024\/11\/OFF_AmicheMai_01.jpg 768w, https:\/\/cinema.video\/wp-content\/uploads\/2024\/11\/OFF_AmicheMai_01.jpg 1536w, https:\/\/cinema.video\/wp-content\/uploads\/2024\/11\/OFF_AmicheMai_01.jpg 747w, https:\/\/cinema.video\/wp-content\/uploads\/2024\/11\/OFF_AmicheMai_01.jpg 150w, https:\/\/cinema.video\/wp-content\/uploads\/2024\/11\/OFF_AmicheMai_01.jpg 696w, https:\/\/cinema.video\/wp-content\/uploads\/2024\/11\/OFF_AmicheMai_01.jpg 1068w, https:\/\/cinema.video\/wp-content\/uploads\/2024\/11\/OFF_AmicheMai_01.jpg 1920w, https:\/\/cinema.video\/wp-content\/uploads\/2024\/11\/OFF_AmicheMai_01.jpg 2048w, https:\/\/cinema.video\/wp-content\/uploads\/2024\/11\/OFF_AmicheMai_01.jpg 1392w\" sizes=\"auto, (max-width: 696px) 100vw, 696px\" \/><figcaption class=\"wp-element-caption\">Amichemai<\/figcaption><\/figure>\n\n\n\n<p class=\"wp-block-paragraph\">Ancora musica in <strong><em>Prova d\u2019Orchestra<\/em><\/strong> di <strong>Federico Fellini<\/strong>, e in <strong><em>Quando dico che ti amo<\/em><\/strong>, in cui un giovane cantante, interpretato da Tony Renis, si destreggia abilmente tra sei fidanzate, tutte convinte di essere l\u2019unica. Dopo vari guai, trover\u00e0 forse il vero amore. Il film \u00e8 ricco di apparizioni di celebri cantanti degli anni \u201860 come Enzo Jannacci, Lucio Dalla, Caterina Caselli e Jimmy Fontana.<\/p>\n\n\n\n<p class=\"wp-block-paragraph\">Altro titolo italiano \u00e8 <strong><em>Nero<\/em><\/strong> di <strong>Giovanni Esposito<\/strong>,una produzione Bartlebyfilm, Run Film, Pepito Produzioni con Rai Cinema, in cui un un piccolo criminale uccide per errore un per errore un benzinaio, scoprendo di possedere\u00a0 il dono straordinario di guarire le persone strappandole alla morte.<\/p>\n\n\n\n<p class=\"wp-block-paragraph\">I cortometraggi italiani in Concorso sono: <strong><em>The Prompt<\/em><\/strong> di Francesco Frisari; <strong><em>T.I.N.A.<\/em><\/strong> di Marco Mazzone; <strong><em>Due Sorelle <\/em><\/strong>di Antonio De Palo; <strong><em>Dieci Secondi <\/em><\/strong>di Roberta Palmieri.<\/p>\n\n\n\n<figure class=\"wp-block-image size-large\"><img loading=\"lazy\" decoding=\"async\" width=\"1024\" height=\"553\" src=\"https:\/\/cinema.video\/wp-content\/uploads\/2024\/11\/OFF_T.I.N.A_01-1024x553.jpg\" alt=\"\" class=\"wp-image-298538\" srcset=\"https:\/\/cinema.video\/wp-content\/uploads\/2024\/11\/OFF_T.I.N.A_01-scaled.jpg 1024w, https:\/\/cinema.video\/wp-content\/uploads\/2024\/11\/OFF_T.I.N.A_01-scaled.jpg 300w, https:\/\/cinema.video\/wp-content\/uploads\/2024\/11\/OFF_T.I.N.A_01-scaled.jpg 768w, https:\/\/cinema.video\/wp-content\/uploads\/2024\/11\/OFF_T.I.N.A_01-scaled.jpg 1536w, https:\/\/cinema.video\/wp-content\/uploads\/2024\/11\/OFF_T.I.N.A_01-scaled.jpg 2048w, https:\/\/cinema.video\/wp-content\/uploads\/2024\/11\/OFF_T.I.N.A_01-scaled.jpg 777w, https:\/\/cinema.video\/wp-content\/uploads\/2024\/11\/OFF_T.I.N.A_01-scaled.jpg 150w, https:\/\/cinema.video\/wp-content\/uploads\/2024\/11\/OFF_T.I.N.A_01-scaled.jpg 696w, https:\/\/cinema.video\/wp-content\/uploads\/2024\/11\/OFF_T.I.N.A_01-scaled.jpg 1068w, https:\/\/cinema.video\/wp-content\/uploads\/2024\/11\/OFF_T.I.N.A_01-scaled.jpg 1920w, https:\/\/cinema.video\/wp-content\/uploads\/2024\/11\/OFF_T.I.N.A_01-scaled.jpg 1392w\" sizes=\"auto, (max-width: 696px) 100vw, 696px\" \/><figcaption class=\"wp-element-caption\"><strong><em>T.I.N.A.<\/em><\/strong><\/figcaption><\/figure>\n\n\n\n<p class=\"wp-block-paragraph\"><em>Fuori Concorso: <\/em><strong><em>Un Natale a Casa Croce<\/em><\/strong>, documentario su Benedetto Croce di <strong>Pupi Avati;<\/strong> <strong><em>Ho visto un Re<\/em><\/strong> di <strong>Giorgia Farina<\/strong> e <strong><em>Il Corpo<\/em><\/strong> di <strong>Vittorio Alfieri<\/strong>. E i nuovi film di <strong>July Deply<\/strong>, <strong><em>Les Barbares<\/em><\/strong>, e <strong>Marjane Satrapi<\/strong>, <strong><em>Paradis, Paris,<\/em><\/strong> in cui Monica Bellucci \u00e8 una cantante d\u2019opera narcisista che si risveglia in obitorio senza essere notata. <strong>Julia Ormond<\/strong>, altra Stella della Mole, \u00e8 invece interprete del film greco Here\u2019s Yann! di Christina Eliopoulos. <\/p>\n\n\n\n<p class=\"wp-block-paragraph\">La serata di Premiazione, nella quale saranno premiati i vincitori delle tre categorie in concorso, Lungometraggi, Documentari e Cortometraggi,\u00a0 decretati dalle rispettive giurie, guidate da <strong>Margaret Mazzantini, Roberta Torre e Michela Cescon<\/strong>, sar\u00e0 seguita dall\u2019 anteprima mondiale di <strong><em>Waltzing with Brando<\/em><\/strong>, film scritto e diretto da Bill Fishman. Il regista sar\u00e0 presente in sala insieme al suo protagonista Billy Zane, volto di pellicole entrate nella storia del cinema come <em>Ritorno al futuro, Ore 10 calma piatta, Titanic <\/em>e che interpreta, con una stupefacente e totale immedesimazione, l\u2019iconica star Marlon Brando.<\/p>\n\n\n\n<figure class=\"wp-block-image size-large\"><img loading=\"lazy\" decoding=\"async\" width=\"1024\" height=\"687\" src=\"https:\/\/cinema.video\/wp-content\/uploads\/2024\/11\/OFF_Waltzing-with-Brando_09-1024x687.jpg\" alt=\"\" class=\"wp-image-298540\" srcset=\"https:\/\/cinema.video\/wp-content\/uploads\/2024\/11\/OFF_Waltzing-with-Brando_09-scaled.jpg 1024w, https:\/\/cinema.video\/wp-content\/uploads\/2024\/11\/OFF_Waltzing-with-Brando_09-scaled.jpg 300w, https:\/\/cinema.video\/wp-content\/uploads\/2024\/11\/OFF_Waltzing-with-Brando_09-scaled.jpg 768w, https:\/\/cinema.video\/wp-content\/uploads\/2024\/11\/OFF_Waltzing-with-Brando_09-scaled.jpg 1536w, https:\/\/cinema.video\/wp-content\/uploads\/2024\/11\/OFF_Waltzing-with-Brando_09-scaled.jpg 2048w, https:\/\/cinema.video\/wp-content\/uploads\/2024\/11\/OFF_Waltzing-with-Brando_09-scaled.jpg 626w, https:\/\/cinema.video\/wp-content\/uploads\/2024\/11\/OFF_Waltzing-with-Brando_09-scaled.jpg 150w, https:\/\/cinema.video\/wp-content\/uploads\/2024\/11\/OFF_Waltzing-with-Brando_09-scaled.jpg 696w, https:\/\/cinema.video\/wp-content\/uploads\/2024\/11\/OFF_Waltzing-with-Brando_09-scaled.jpg 1068w, https:\/\/cinema.video\/wp-content\/uploads\/2024\/11\/OFF_Waltzing-with-Brando_09-scaled.jpg 1920w, https:\/\/cinema.video\/wp-content\/uploads\/2024\/11\/OFF_Waltzing-with-Brando_09-scaled.jpg 1392w\" sizes=\"auto, (max-width: 696px) 100vw, 696px\" \/><\/figure>\n","protected":false},"excerpt":{"rendered":"<p>&#8220;Eden&#8221; di Ron Howard apre il 42\u00b0 Torino Film Festival, la prima edizione guidata da Giulio Base. Madrina, Cristiana Capotondi. La nuova direzione del festival coincide con quella del Museo del Cinema, di cui \u00e8 reponsabile Carlo Chatrian<\/p>\n","protected":false},"author":2,"featured_media":298535,"comment_status":"closed","ping_status":"closed","sticky":false,"template":"","format":"standard","meta":{"googlesitekit_rrm_CAow3e7fCw:productID":"","_crdt_document":"","footnotes":""},"categories":[1],"tags":[],"class_list":{"0":"post-298531","1":"post","2":"type-post","3":"status-publish","4":"format-standard","5":"has-post-thumbnail","7":"category-senza-categoria"},"yoast_head":"<!-- This site is optimized with the Yoast SEO Premium plugin v27.4 (Yoast SEO v27.5) - https:\/\/yoast.com\/product\/yoast-seo-premium-wordpress\/ -->\n<title>TFF 42 dall&#039; Eden di Ron Howard all&#039;ultimo Walzer con Marlon Brando - Cinema &amp; Video International<\/title>\n<meta name=\"description\" content=\"TFF 42 dall&#039; Eden di Ron Howard all&#039;ultimo Walzer con Marlon Brando \u2013 tff 42 dall eden di ron. Si aprir\u00e0 con il thriller Eden, di Ron Howard, la 42\u00b0 edizi\" \/>\n<meta name=\"robots\" content=\"index, follow, max-snippet:-1, max-image-preview:large, max-video-preview:-1\" \/>\n<link rel=\"canonical\" href=\"https:\/\/cinema.video\/it\/42-torino-film-festival-eden\" \/>\n<meta property=\"og:locale\" content=\"it_IT\" \/>\n<meta property=\"og:type\" content=\"article\" \/>\n<meta property=\"og:title\" content=\"TFF 42 dall&#039; Eden di Ron Howard all&#039;ultimo Walzer con Marlon Brando\" \/>\n<meta property=\"og:description\" content=\"TFF 42 dall&#039; Eden di Ron Howard all&#039;ultimo Walzer con Marlon Brando \u2013 tff 42 dall eden di ron. Si aprir\u00e0 con il thriller Eden, di Ron Howard, la 42\u00b0 edizi\" \/>\n<meta property=\"og:url\" content=\"https:\/\/cinema.video\/it\/42-torino-film-festival-eden\" \/>\n<meta property=\"og:site_name\" content=\"Cinema &amp; Video International\" \/>\n<meta property=\"article:publisher\" content=\"https:\/\/www.facebook.com\/CinemaVideoInternational\/\" \/>\n<meta property=\"article:published_time\" content=\"2024-11-08T15:34:56+00:00\" \/>\n<meta property=\"article:modified_time\" content=\"2026-04-10T02:07:13+00:00\" \/>\n<meta property=\"og:image\" content=\"https:\/\/cinema.video\/wp-content\/uploads\/2024\/11\/OFF_Eden_03-1024x683.jpg\" \/>\n\t<meta property=\"og:image:width\" content=\"1024\" \/>\n\t<meta property=\"og:image:height\" content=\"683\" \/>\n\t<meta property=\"og:image:type\" content=\"image\/jpeg\" \/>\n<meta name=\"author\" content=\"Carolina Mancini\" \/>\n<meta name=\"twitter:card\" content=\"summary_large_image\" \/>\n<meta name=\"twitter:label1\" content=\"Scritto da\" \/>\n\t<meta name=\"twitter:data1\" content=\"Carolina Mancini\" \/>\n\t<meta name=\"twitter:label2\" content=\"Tempo di lettura stimato\" \/>\n\t<meta name=\"twitter:data2\" content=\"9 minuti\" \/>\n<script type=\"application\/ld+json\" class=\"yoast-schema-graph\">{\"@context\":\"https:\\\/\\\/schema.org\",\"@graph\":[{\"@type\":\"Article\",\"@id\":\"https:\\\/\\\/cinema.video\\\/it\\\/42-torino-film-festival-eden#article\",\"isPartOf\":{\"@id\":\"https:\\\/\\\/cinema.video\\\/it\\\/42-torino-film-festival-eden\"},\"author\":{\"name\":\"Carolina Mancini\",\"@id\":\"https:\\\/\\\/cinema.video\\\/it#\\\/schema\\\/person\\\/d5479fad8d0f2360000eb4aab6bb6e5d\"},\"headline\":\"TFF 42 dall&#8217; Eden di Ron Howard all&#8217;ultimo Walzer con Marlon Brando\",\"datePublished\":\"2024-11-08T15:34:56+00:00\",\"dateModified\":\"2026-04-10T02:07:13+00:00\",\"mainEntityOfPage\":{\"@id\":\"https:\\\/\\\/cinema.video\\\/it\\\/42-torino-film-festival-eden\"},\"wordCount\":1346,\"publisher\":{\"@id\":\"https:\\\/\\\/cinema.video\\\/it#organization\"},\"image\":{\"@id\":\"https:\\\/\\\/cinema.video\\\/it\\\/42-torino-film-festival-eden#primaryimage\"},\"thumbnailUrl\":\"https:\\\/\\\/cinema.video\\\/wp-content\\\/uploads\\\/2024\\\/11\\\/OFF_Eden_03-e1731069610827.jpg\",\"inLanguage\":\"it-IT\"},{\"@type\":\"WebPage\",\"@id\":\"https:\\\/\\\/cinema.video\\\/it\\\/42-torino-film-festival-eden\",\"url\":\"https:\\\/\\\/cinema.video\\\/it\\\/42-torino-film-festival-eden\",\"name\":\"TFF 42 dall' Eden di Ron Howard all'ultimo Walzer con Marlon Brando - Cinema &amp; Video International\",\"isPartOf\":{\"@id\":\"https:\\\/\\\/cinema.video\\\/it#website\"},\"primaryImageOfPage\":{\"@id\":\"https:\\\/\\\/cinema.video\\\/it\\\/42-torino-film-festival-eden#primaryimage\"},\"image\":{\"@id\":\"https:\\\/\\\/cinema.video\\\/it\\\/42-torino-film-festival-eden#primaryimage\"},\"thumbnailUrl\":\"https:\\\/\\\/cinema.video\\\/wp-content\\\/uploads\\\/2024\\\/11\\\/OFF_Eden_03-e1731069610827.jpg\",\"datePublished\":\"2024-11-08T15:34:56+00:00\",\"dateModified\":\"2026-04-10T02:07:13+00:00\",\"description\":\"TFF 42 dall' Eden di Ron Howard all'ultimo Walzer con Marlon Brando \u2013 tff 42 dall eden di ron. Si aprir\u00e0 con il thriller Eden, di Ron Howard, la 42\u00b0 edizi\",\"breadcrumb\":{\"@id\":\"https:\\\/\\\/cinema.video\\\/it\\\/42-torino-film-festival-eden#breadcrumb\"},\"inLanguage\":\"it-IT\",\"potentialAction\":[{\"@type\":\"ReadAction\",\"target\":[\"https:\\\/\\\/cinema.video\\\/it\\\/42-torino-film-festival-eden\"]}]},{\"@type\":\"ImageObject\",\"inLanguage\":\"it-IT\",\"@id\":\"https:\\\/\\\/cinema.video\\\/it\\\/42-torino-film-festival-eden#primaryimage\",\"url\":\"https:\\\/\\\/cinema.video\\\/wp-content\\\/uploads\\\/2024\\\/11\\\/OFF_Eden_03-e1731069610827.jpg\",\"contentUrl\":\"https:\\\/\\\/cinema.video\\\/wp-content\\\/uploads\\\/2024\\\/11\\\/OFF_Eden_03-e1731069610827.jpg\",\"width\":800,\"height\":533,\"caption\":\"jasinboland@gmail.com\"},{\"@type\":\"BreadcrumbList\",\"@id\":\"https:\\\/\\\/cinema.video\\\/it\\\/42-torino-film-festival-eden#breadcrumb\",\"itemListElement\":[{\"@type\":\"ListItem\",\"position\":1,\"name\":\"Home\",\"item\":\"https:\\\/\\\/cinema.video\\\/it\\\/home-2\"},{\"@type\":\"ListItem\",\"position\":2,\"name\":\"TFF 42 dall&#8217; Eden di Ron Howard all&#8217;ultimo Walzer con Marlon Brando\"}]},{\"@type\":\"WebSite\",\"@id\":\"https:\\\/\\\/cinema.video\\\/it#website\",\"url\":\"https:\\\/\\\/cinema.video\\\/it\",\"name\":\"Cinema & Video International\",\"description\":\"Film &amp; Audiovisual Industry Trade Magazine\",\"publisher\":{\"@id\":\"https:\\\/\\\/cinema.video\\\/it#organization\"},\"alternateName\":\"Cinema & Video\",\"potentialAction\":[{\"@type\":\"SearchAction\",\"target\":{\"@type\":\"EntryPoint\",\"urlTemplate\":\"https:\\\/\\\/cinema.video\\\/it?s={search_term_string}\"},\"query-input\":{\"@type\":\"PropertyValueSpecification\",\"valueRequired\":true,\"valueName\":\"search_term_string\"}}],\"inLanguage\":\"it-IT\"},{\"@type\":\"Organization\",\"@id\":\"https:\\\/\\\/cinema.video\\\/it#organization\",\"name\":\"Cinema & Video\",\"url\":\"https:\\\/\\\/cinema.video\\\/it\",\"logo\":{\"@type\":\"ImageObject\",\"inLanguage\":\"it-IT\",\"@id\":\"https:\\\/\\\/cinema.video\\\/it#\\\/schema\\\/logo\\\/image\\\/\",\"url\":\"https:\\\/\\\/cinema.video\\\/wp-content\\\/uploads\\\/2026\\\/04\\\/CinemVideo_LogoBlack.png\",\"contentUrl\":\"https:\\\/\\\/cinema.video\\\/wp-content\\\/uploads\\\/2026\\\/04\\\/CinemVideo_LogoBlack.png\",\"width\":1336,\"height\":224,\"caption\":\"Cinema & Video\"},\"image\":{\"@id\":\"https:\\\/\\\/cinema.video\\\/it#\\\/schema\\\/logo\\\/image\\\/\"},\"sameAs\":[\"https:\\\/\\\/www.facebook.com\\\/CinemaVideoInternational\\\/\",\"https:\\\/\\\/www.instagram.com\\\/cinemaevideointernational\\\/\",\"https:\\\/\\\/it.linkedin.com\\\/company\\\/cinema-video-international\"],\"description\":\"Media Consulting & Marketing Agency\",\"email\":\"hello@darostudio.com\",\"legalName\":\"DARO studio LLC\",\"foundingDate\":\"2021-02-16\",\"numberOfEmployees\":{\"@type\":\"QuantitativeValue\",\"minValue\":\"1\",\"maxValue\":\"10\"}},{\"@type\":\"Person\",\"@id\":\"https:\\\/\\\/cinema.video\\\/it#\\\/schema\\\/person\\\/d5479fad8d0f2360000eb4aab6bb6e5d\",\"name\":\"Carolina Mancini\",\"image\":{\"@type\":\"ImageObject\",\"inLanguage\":\"it-IT\",\"@id\":\"https:\\\/\\\/secure.gravatar.com\\\/avatar\\\/d4758965c5e8730dbaaa7131a628547771a26c1e5bf14fe323d96f8246a62baf?s=96&d=mm&r=g\",\"url\":\"https:\\\/\\\/secure.gravatar.com\\\/avatar\\\/d4758965c5e8730dbaaa7131a628547771a26c1e5bf14fe323d96f8246a62baf?s=96&d=mm&r=g\",\"contentUrl\":\"https:\\\/\\\/secure.gravatar.com\\\/avatar\\\/d4758965c5e8730dbaaa7131a628547771a26c1e5bf14fe323d96f8246a62baf?s=96&d=mm&r=g\",\"caption\":\"Carolina Mancini\"},\"url\":\"https:\\\/\\\/cinema.video\\\/it\\\/author\\\/carolin\"}]}<\/script>\n<!-- \/ Yoast SEO Premium plugin. -->","yoast_head_json":{"title":"TFF 42 dall' Eden di Ron Howard all'ultimo Walzer con Marlon Brando - Cinema &amp; Video International","description":"TFF 42 dall' Eden di Ron Howard all'ultimo Walzer con Marlon Brando \u2013 tff 42 dall eden di ron. Si aprir\u00e0 con il thriller Eden, di Ron Howard, la 42\u00b0 edizi","robots":{"index":"index","follow":"follow","max-snippet":"max-snippet:-1","max-image-preview":"max-image-preview:large","max-video-preview":"max-video-preview:-1"},"canonical":"https:\/\/cinema.video\/it\/42-torino-film-festival-eden","og_locale":"it_IT","og_type":"article","og_title":"TFF 42 dall' Eden di Ron Howard all'ultimo Walzer con Marlon Brando","og_description":"TFF 42 dall' Eden di Ron Howard all'ultimo Walzer con Marlon Brando \u2013 tff 42 dall eden di ron. Si aprir\u00e0 con il thriller Eden, di Ron Howard, la 42\u00b0 edizi","og_url":"https:\/\/cinema.video\/it\/42-torino-film-festival-eden","og_site_name":"Cinema &amp; Video International","article_publisher":"https:\/\/www.facebook.com\/CinemaVideoInternational\/","article_published_time":"2024-11-08T15:34:56+00:00","article_modified_time":"2026-04-10T02:07:13+00:00","og_image":[{"width":1024,"height":683,"url":"https:\/\/cinema.video\/wp-content\/uploads\/2024\/11\/OFF_Eden_03-1024x683.jpg","type":"image\/jpeg"}],"author":"Carolina Mancini","twitter_card":"summary_large_image","twitter_misc":{"Scritto da":"Carolina Mancini","Tempo di lettura stimato":"9 minuti"},"schema":{"@context":"https:\/\/schema.org","@graph":[{"@type":"Article","@id":"https:\/\/cinema.video\/it\/42-torino-film-festival-eden#article","isPartOf":{"@id":"https:\/\/cinema.video\/it\/42-torino-film-festival-eden"},"author":{"name":"Carolina Mancini","@id":"https:\/\/cinema.video\/it#\/schema\/person\/d5479fad8d0f2360000eb4aab6bb6e5d"},"headline":"TFF 42 dall&#8217; Eden di Ron Howard all&#8217;ultimo Walzer con Marlon Brando","datePublished":"2024-11-08T15:34:56+00:00","dateModified":"2026-04-10T02:07:13+00:00","mainEntityOfPage":{"@id":"https:\/\/cinema.video\/it\/42-torino-film-festival-eden"},"wordCount":1346,"publisher":{"@id":"https:\/\/cinema.video\/it#organization"},"image":{"@id":"https:\/\/cinema.video\/it\/42-torino-film-festival-eden#primaryimage"},"thumbnailUrl":"https:\/\/cinema.video\/wp-content\/uploads\/2024\/11\/OFF_Eden_03-e1731069610827.jpg","inLanguage":"it-IT"},{"@type":"WebPage","@id":"https:\/\/cinema.video\/it\/42-torino-film-festival-eden","url":"https:\/\/cinema.video\/it\/42-torino-film-festival-eden","name":"TFF 42 dall' Eden di Ron Howard all'ultimo Walzer con Marlon Brando - Cinema &amp; Video International","isPartOf":{"@id":"https:\/\/cinema.video\/it#website"},"primaryImageOfPage":{"@id":"https:\/\/cinema.video\/it\/42-torino-film-festival-eden#primaryimage"},"image":{"@id":"https:\/\/cinema.video\/it\/42-torino-film-festival-eden#primaryimage"},"thumbnailUrl":"https:\/\/cinema.video\/wp-content\/uploads\/2024\/11\/OFF_Eden_03-e1731069610827.jpg","datePublished":"2024-11-08T15:34:56+00:00","dateModified":"2026-04-10T02:07:13+00:00","description":"TFF 42 dall' Eden di Ron Howard all'ultimo Walzer con Marlon Brando \u2013 tff 42 dall eden di ron. Si aprir\u00e0 con il thriller Eden, di Ron Howard, la 42\u00b0 edizi","breadcrumb":{"@id":"https:\/\/cinema.video\/it\/42-torino-film-festival-eden#breadcrumb"},"inLanguage":"it-IT","potentialAction":[{"@type":"ReadAction","target":["https:\/\/cinema.video\/it\/42-torino-film-festival-eden"]}]},{"@type":"ImageObject","inLanguage":"it-IT","@id":"https:\/\/cinema.video\/it\/42-torino-film-festival-eden#primaryimage","url":"https:\/\/cinema.video\/wp-content\/uploads\/2024\/11\/OFF_Eden_03-e1731069610827.jpg","contentUrl":"https:\/\/cinema.video\/wp-content\/uploads\/2024\/11\/OFF_Eden_03-e1731069610827.jpg","width":800,"height":533,"caption":"jasinboland@gmail.com"},{"@type":"BreadcrumbList","@id":"https:\/\/cinema.video\/it\/42-torino-film-festival-eden#breadcrumb","itemListElement":[{"@type":"ListItem","position":1,"name":"Home","item":"https:\/\/cinema.video\/it\/home-2"},{"@type":"ListItem","position":2,"name":"TFF 42 dall&#8217; Eden di Ron Howard all&#8217;ultimo Walzer con Marlon Brando"}]},{"@type":"WebSite","@id":"https:\/\/cinema.video\/it#website","url":"https:\/\/cinema.video\/it","name":"Cinema & Video International","description":"Film &amp; Audiovisual Industry Trade Magazine","publisher":{"@id":"https:\/\/cinema.video\/it#organization"},"alternateName":"Cinema & Video","potentialAction":[{"@type":"SearchAction","target":{"@type":"EntryPoint","urlTemplate":"https:\/\/cinema.video\/it?s={search_term_string}"},"query-input":{"@type":"PropertyValueSpecification","valueRequired":true,"valueName":"search_term_string"}}],"inLanguage":"it-IT"},{"@type":"Organization","@id":"https:\/\/cinema.video\/it#organization","name":"Cinema & Video","url":"https:\/\/cinema.video\/it","logo":{"@type":"ImageObject","inLanguage":"it-IT","@id":"https:\/\/cinema.video\/it#\/schema\/logo\/image\/","url":"https:\/\/cinema.video\/wp-content\/uploads\/2026\/04\/CinemVideo_LogoBlack.png","contentUrl":"https:\/\/cinema.video\/wp-content\/uploads\/2026\/04\/CinemVideo_LogoBlack.png","width":1336,"height":224,"caption":"Cinema & Video"},"image":{"@id":"https:\/\/cinema.video\/it#\/schema\/logo\/image\/"},"sameAs":["https:\/\/www.facebook.com\/CinemaVideoInternational\/","https:\/\/www.instagram.com\/cinemaevideointernational\/","https:\/\/it.linkedin.com\/company\/cinema-video-international"],"description":"Media Consulting & Marketing Agency","email":"hello@darostudio.com","legalName":"DARO studio LLC","foundingDate":"2021-02-16","numberOfEmployees":{"@type":"QuantitativeValue","minValue":"1","maxValue":"10"}},{"@type":"Person","@id":"https:\/\/cinema.video\/it#\/schema\/person\/d5479fad8d0f2360000eb4aab6bb6e5d","name":"Carolina Mancini","image":{"@type":"ImageObject","inLanguage":"it-IT","@id":"https:\/\/secure.gravatar.com\/avatar\/d4758965c5e8730dbaaa7131a628547771a26c1e5bf14fe323d96f8246a62baf?s=96&d=mm&r=g","url":"https:\/\/secure.gravatar.com\/avatar\/d4758965c5e8730dbaaa7131a628547771a26c1e5bf14fe323d96f8246a62baf?s=96&d=mm&r=g","contentUrl":"https:\/\/secure.gravatar.com\/avatar\/d4758965c5e8730dbaaa7131a628547771a26c1e5bf14fe323d96f8246a62baf?s=96&d=mm&r=g","caption":"Carolina Mancini"},"url":"https:\/\/cinema.video\/it\/author\/carolin"}]}},"jetpack_featured_media_url":"https:\/\/cinema.video\/wp-content\/uploads\/2024\/11\/OFF_Eden_03-e1731069610827.jpg","jetpack_shortlink":"https:\/\/wp.me\/ph672m-1fF1","_links":{"self":[{"href":"https:\/\/cinema.video\/it\/wp-json\/wp\/v2\/posts\/298531","targetHints":{"allow":["GET"]}}],"collection":[{"href":"https:\/\/cinema.video\/it\/wp-json\/wp\/v2\/posts"}],"about":[{"href":"https:\/\/cinema.video\/it\/wp-json\/wp\/v2\/types\/post"}],"author":[{"embeddable":true,"href":"https:\/\/cinema.video\/it\/wp-json\/wp\/v2\/users\/2"}],"replies":[{"embeddable":true,"href":"https:\/\/cinema.video\/it\/wp-json\/wp\/v2\/comments?post=298531"}],"version-history":[{"count":1,"href":"https:\/\/cinema.video\/it\/wp-json\/wp\/v2\/posts\/298531\/revisions"}],"predecessor-version":[{"id":309507,"href":"https:\/\/cinema.video\/it\/wp-json\/wp\/v2\/posts\/298531\/revisions\/309507"}],"wp:featuredmedia":[{"embeddable":true,"href":"https:\/\/cinema.video\/it\/wp-json\/wp\/v2\/media\/298535"}],"wp:attachment":[{"href":"https:\/\/cinema.video\/it\/wp-json\/wp\/v2\/media?parent=298531"}],"wp:term":[{"taxonomy":"category","embeddable":true,"href":"https:\/\/cinema.video\/it\/wp-json\/wp\/v2\/categories?post=298531"},{"taxonomy":"post_tag","embeddable":true,"href":"https:\/\/cinema.video\/it\/wp-json\/wp\/v2\/tags?post=298531"}],"curies":[{"name":"wp","href":"https:\/\/api.w.org\/{rel}","templated":true}]}}