{"id":298337,"date":"2024-10-13T12:03:00","date_gmt":"2024-10-13T10:03:00","guid":{"rendered":"https:\/\/cinema.video\/?p=298337"},"modified":"2026-04-10T04:06:55","modified_gmt":"2026-04-10T02:06:55","slug":"incinema-festival-del-cinema-inclusivo","status":"publish","type":"post","link":"https:\/\/cinema.video\/it\/incinema-festival-del-cinema-inclusivo","title":{"rendered":"INCinema al via il Festival inclusivo 9 tappe in Italia Londra e New York"},"content":{"rendered":"\n<p class=\"wp-block-paragraph\">Si \u00e8 aperto ieri, sabato 12 ottobre, al <strong>Cinema La Compagnia di Firenze<\/strong> la 2\u00b0 edizione di <strong>INCinema Festival del cinema inclusivo<\/strong>, ideato da <strong>Federico Spoletti<\/strong> e diretto da <strong>Angela Prudenzi<\/strong>.<\/p>\n\n\n\n<p class=\"wp-block-paragraph\">Dopo il successo della prima edizione, che ha toccato 8 citt\u00e0 italiane da ottobre 2023 a gennaio 2024, e della sua versione estiva di cinema all&#8217;aperto <em>INCinema Outside<\/em> che si \u00e8 tenuta a Udine in agosto, INCinema Film Festival mette in calendario 7 nuove tappe  in Italia, e due<strong> <\/strong>all&#8217;estero (Londra e New York).<\/p>\n\n\n\n<p class=\"wp-block-paragraph\">Lo scopo di INCinema \u00e8 di permettere a tutti di vivere l\u2019esperienza unica della partecipazione a un festival cinematografico, e allo stesso tempo di contribuire alla promozione di una cultura dell\u2019accessibilit\u00e0 e dell\u2019inclusione.<\/p>\n\n\n\n<p class=\"wp-block-paragraph\">INCinema Film Festival si svolge sia in presenza al cinema, sia da remoto su piattaforma, offrendo  l\u2019opportunit\u00e0 di vedere dei film in sala in modalit\u00e0 inclusiva anche a chi non pu\u00f2 andare regolarmente al cinema.<\/p>\n\n\n\n<p class=\"wp-block-paragraph\">Si tratta del primo festival in Italia fruibile anche dalle persone con disabilit\u00e0 sensoriali, che solitamente non possono partecipare ai festival cinematografici. La mission di INCinema \u00e8 quella di permettere a tutti di condividere l\u2019esperienza del festival e di vivere l&#8217;emozione e la magia del cinema in una modalit\u00e0 inclusiva. Oltre ai film accessibili, anche le attivit\u00e0 collaterali \u2013 roundtable, incontri con gli autori e Q&amp;A con registi \u2013 hanno la trascrizione in tempo reale, in modo da essere seguite anche dal pubblico con disabilit\u00e0 uditiva.<\/p>\n\n\n\n<figure class=\"wp-block-image size-large\"><img loading=\"lazy\" decoding=\"async\" width=\"1024\" height=\"888\" src=\"https:\/\/cinema.video\/wp-content\/uploads\/2024\/10\/incinema-1024x888.png\" alt=\"\" class=\"wp-image-298358\"\/><\/figure>\n\n\n\n<p class=\"wp-block-paragraph\">Dopo l\u2019apertura a Firenze il 12 ottobre ci saranno proiezioni in diverse citt\u00e0 italiane tra cui Lecce (16 novembre), Roma (19-23 ottobre), Torino (19 novembre), Udine (3-6 dicembre), Trieste e Milano \u2013 ma molti dei film in programma saranno disponibili anche online sulla piattaforma<a href=\"https:\/\/www.mymovies.it\/one\/\"> <strong>MYmovies One<\/strong><\/a>, in modo da raggiungere il maggior numero di spettatori possibile.&nbsp;Il 12 novembre il festival sar\u00e0 a Londra, e in dicembre arriver\u00e0 anche a New York<\/p>\n\n\n\n<p class=\"wp-block-paragraph\">Il programma prevede la selezione di titoli provenienti da cinematografie diverse, gi\u00e0 selezionati e premiati ai principali festival internazionali scelti tra opere di diverso formato. Il festival comprende, inoltre, collaborazioni con le scuole, anche al fine di contribuire alla formazione dei giovani sui temi dell\u2019inclusione.<\/p>\n\n\n\n<p class=\"wp-block-paragraph\">\u201cSiamo felici di offrire ancora una volta l&#8217;esperienza unica di INCinema. Oltre alle proiezioni ci saranno anche quest&#8217;anno incontri, dibattiti e tavole rotonde sul tema dell&#8217;accessibilit\u00e0 all&#8217;audiovisivo. Abbiamo capito che esiste un pubblico che andrebbe volentieri al cinema se ci fossero regolarmente pi\u00f9 proiezioni accessibili &#8211; spiega <strong>Federico Spoletti<\/strong>, ideatore di INCinema &#8211;&nbsp;Anche la nuova edizione prevede varie tappe e la collaborazione fondamentale con MYmovies One. Avremo, inoltre, due tappe all&#8217;estero (Londra e New York) dove porteremo per la prima volta dei film italiani in formato accessibile anche per il pubblico anglosassone.<\/p>\n\n\n\n<p class=\"wp-block-paragraph\">Sono molto contento che tutti i partner della prima edizione abbiano rinnovato il loro impegno. Ringrazio tutti, in particolare le associazioni degli utenti \u2013 l\u2019Associazione Disabili Visivi e FIADDA <em>in primis <\/em>\u2013 ma anche tutti i distributori, i registi e i produttori, oltre ovviamente a tutti gli sponsor e ai media partner\u201d.&nbsp;<\/p>\n\n\n\n<p class=\"wp-block-paragraph\">\u201cSono molto orgogliosa di dirigere un festival come INCinema, un\u2019avventura cominciata in sordina che, tappa dopo tappa, si \u00e8 trasformata in un successo impossibile da raggiungere senza le associazioni, le istituzioni, gli altri festival e i tanti amici del mondo del cinema che hanno condiviso il nostro percorso nella prima edizione. Ci saranno grandi novit\u00e0 nella nuova edizione del festival. La prima, straordinaria, \u00e8 l&#8217;introduzione di un concorso con una giuria composta in buona parte da persone con disabilit\u00e0 sensoriali. Altre novit\u00e0 verranno svelate nelle prossime settimane, per\u00f2 posso anticipare che sono tutte finalizzate a fare in modo che si possa andare al cinema tutti insieme, ogni giorno, a prescindere dalle abilit\u00e0 di ognuno\u201d, dichiara <strong>Angela Prudenzi<\/strong>, direttrice artistica di INCinema.<\/p>\n","protected":false},"excerpt":{"rendered":"<p>Si \u00e8 aperto il 12 ottobre al Cinema La Compagnia di Firenze, INCinema Festival del cinema inclusivo: 9 tappe in Italia, Londra e New York<\/p>\n","protected":false},"author":26,"featured_media":298357,"comment_status":"closed","ping_status":"closed","sticky":false,"template":"","format":"standard","meta":{"googlesitekit_rrm_CAow3e7fCw:productID":"","_crdt_document":"","footnotes":""},"categories":[189],"tags":[2334,356,1299],"class_list":{"0":"post-298337","1":"post","2":"type-post","3":"status-publish","4":"format-standard","5":"has-post-thumbnail","7":"category-events","8":"tag-events","9":"tag-focus","10":"tag-incinema"},"yoast_head":"<!-- This site is optimized with the Yoast SEO Premium plugin v27.4 (Yoast SEO v27.5) - https:\/\/yoast.com\/product\/yoast-seo-premium-wordpress\/ -->\n<title>INCinema al via il Festival inclusivo 9 tappe in Italia Londra e New York - Cinema &amp; Video International<\/title>\n<meta name=\"description\" content=\"INCinema al via il Festival inclusivo 9 tappe in Italia Londra e New York \u2013 incinema al via il festival inclusivo. Si \u00e8 aperto ieri, sabato 12 ottobre, al\" \/>\n<meta name=\"robots\" content=\"index, follow, max-snippet:-1, max-image-preview:large, max-video-preview:-1\" \/>\n<link rel=\"canonical\" href=\"https:\/\/cinema.video\/it\/incinema-festival-del-cinema-inclusivo\" \/>\n<meta property=\"og:locale\" content=\"it_IT\" \/>\n<meta property=\"og:type\" content=\"article\" \/>\n<meta property=\"og:title\" content=\"INCinema al via il Festival inclusivo 9 tappe in Italia Londra e New York\" \/>\n<meta property=\"og:description\" content=\"INCinema al via il Festival inclusivo 9 tappe in Italia Londra e New York \u2013 incinema al via il festival inclusivo. Si \u00e8 aperto ieri, sabato 12 ottobre, al\" \/>\n<meta property=\"og:url\" content=\"https:\/\/cinema.video\/it\/incinema-festival-del-cinema-inclusivo\" \/>\n<meta property=\"og:site_name\" content=\"Cinema &amp; Video International\" \/>\n<meta property=\"article:publisher\" content=\"https:\/\/www.facebook.com\/CinemaVideoInternational\/\" \/>\n<meta property=\"article:published_time\" content=\"2024-10-13T10:03:00+00:00\" \/>\n<meta property=\"article:modified_time\" content=\"2026-04-10T02:06:55+00:00\" \/>\n<meta property=\"og:image\" content=\"https:\/\/cinema.video\/wp-content\/uploads\/2024\/10\/Fede-scaled-e1728839881495.jpg\" \/>\n\t<meta property=\"og:image:width\" content=\"800\" \/>\n\t<meta property=\"og:image:height\" content=\"422\" \/>\n\t<meta property=\"og:image:type\" content=\"image\/jpeg\" \/>\n<meta name=\"author\" content=\"Redazione\" \/>\n<meta name=\"twitter:card\" content=\"summary_large_image\" \/>\n<meta name=\"twitter:label1\" content=\"Scritto da\" \/>\n\t<meta name=\"twitter:data1\" content=\"Redazione\" \/>\n\t<meta name=\"twitter:label2\" content=\"Tempo di lettura stimato\" \/>\n\t<meta name=\"twitter:data2\" content=\"4 minuti\" \/>\n<script type=\"application\/ld+json\" class=\"yoast-schema-graph\">{\"@context\":\"https:\\\/\\\/schema.org\",\"@graph\":[{\"@type\":\"Article\",\"@id\":\"https:\\\/\\\/cinema.video\\\/it\\\/incinema-festival-del-cinema-inclusivo#article\",\"isPartOf\":{\"@id\":\"https:\\\/\\\/cinema.video\\\/it\\\/incinema-festival-del-cinema-inclusivo\"},\"author\":{\"name\":\"Redazione\",\"@id\":\"https:\\\/\\\/cinema.video\\\/it#\\\/schema\\\/person\\\/aeb01b91d874e8b01e76a1db04c668c6\"},\"headline\":\"INCinema al via il Festival inclusivo 9 tappe in Italia Londra e New York\",\"datePublished\":\"2024-10-13T10:03:00+00:00\",\"dateModified\":\"2026-04-10T02:06:55+00:00\",\"mainEntityOfPage\":{\"@id\":\"https:\\\/\\\/cinema.video\\\/it\\\/incinema-festival-del-cinema-inclusivo\"},\"wordCount\":637,\"publisher\":{\"@id\":\"https:\\\/\\\/cinema.video\\\/it#organization\"},\"image\":{\"@id\":\"https:\\\/\\\/cinema.video\\\/it\\\/incinema-festival-del-cinema-inclusivo#primaryimage\"},\"thumbnailUrl\":\"https:\\\/\\\/cinema.video\\\/wp-content\\\/uploads\\\/2024\\\/10\\\/Fede-scaled-e1728839881495.jpg\",\"keywords\":[\"EVENTS\",\"focus\",\"INCinema\"],\"articleSection\":[\"EVENTS\"],\"inLanguage\":\"it-IT\"},{\"@type\":\"WebPage\",\"@id\":\"https:\\\/\\\/cinema.video\\\/it\\\/incinema-festival-del-cinema-inclusivo\",\"url\":\"https:\\\/\\\/cinema.video\\\/it\\\/incinema-festival-del-cinema-inclusivo\",\"name\":\"INCinema al via il Festival inclusivo 9 tappe in Italia Londra e New York - Cinema &amp; Video International\",\"isPartOf\":{\"@id\":\"https:\\\/\\\/cinema.video\\\/it#website\"},\"primaryImageOfPage\":{\"@id\":\"https:\\\/\\\/cinema.video\\\/it\\\/incinema-festival-del-cinema-inclusivo#primaryimage\"},\"image\":{\"@id\":\"https:\\\/\\\/cinema.video\\\/it\\\/incinema-festival-del-cinema-inclusivo#primaryimage\"},\"thumbnailUrl\":\"https:\\\/\\\/cinema.video\\\/wp-content\\\/uploads\\\/2024\\\/10\\\/Fede-scaled-e1728839881495.jpg\",\"datePublished\":\"2024-10-13T10:03:00+00:00\",\"dateModified\":\"2026-04-10T02:06:55+00:00\",\"description\":\"INCinema al via il Festival inclusivo 9 tappe in Italia Londra e New York \u2013 incinema al via il festival inclusivo. Si \u00e8 aperto ieri, sabato 12 ottobre, al\",\"breadcrumb\":{\"@id\":\"https:\\\/\\\/cinema.video\\\/it\\\/incinema-festival-del-cinema-inclusivo#breadcrumb\"},\"inLanguage\":\"it-IT\",\"potentialAction\":[{\"@type\":\"ReadAction\",\"target\":[\"https:\\\/\\\/cinema.video\\\/it\\\/incinema-festival-del-cinema-inclusivo\"]}]},{\"@type\":\"ImageObject\",\"inLanguage\":\"it-IT\",\"@id\":\"https:\\\/\\\/cinema.video\\\/it\\\/incinema-festival-del-cinema-inclusivo#primaryimage\",\"url\":\"https:\\\/\\\/cinema.video\\\/wp-content\\\/uploads\\\/2024\\\/10\\\/Fede-scaled-e1728839881495.jpg\",\"contentUrl\":\"https:\\\/\\\/cinema.video\\\/wp-content\\\/uploads\\\/2024\\\/10\\\/Fede-scaled-e1728839881495.jpg\",\"width\":800,\"height\":422,\"caption\":\"Si \u00e8 aperto il 12 ottobre al Cinema La Compagnia di Firenze, INCinema Festival del cinema inclusivo: 9 tappe in Italia, Londra e New York\"},{\"@type\":\"BreadcrumbList\",\"@id\":\"https:\\\/\\\/cinema.video\\\/it\\\/incinema-festival-del-cinema-inclusivo#breadcrumb\",\"itemListElement\":[{\"@type\":\"ListItem\",\"position\":1,\"name\":\"Home\",\"item\":\"https:\\\/\\\/cinema.video\\\/it\\\/home-2\"},{\"@type\":\"ListItem\",\"position\":2,\"name\":\"INCinema al via il Festival inclusivo 9 tappe in Italia Londra e New York\"}]},{\"@type\":\"WebSite\",\"@id\":\"https:\\\/\\\/cinema.video\\\/it#website\",\"url\":\"https:\\\/\\\/cinema.video\\\/it\",\"name\":\"Cinema & Video International\",\"description\":\"Film &amp; Audiovisual Industry Trade Magazine\",\"publisher\":{\"@id\":\"https:\\\/\\\/cinema.video\\\/it#organization\"},\"alternateName\":\"Cinema & Video\",\"potentialAction\":[{\"@type\":\"SearchAction\",\"target\":{\"@type\":\"EntryPoint\",\"urlTemplate\":\"https:\\\/\\\/cinema.video\\\/it?s={search_term_string}\"},\"query-input\":{\"@type\":\"PropertyValueSpecification\",\"valueRequired\":true,\"valueName\":\"search_term_string\"}}],\"inLanguage\":\"it-IT\"},{\"@type\":\"Organization\",\"@id\":\"https:\\\/\\\/cinema.video\\\/it#organization\",\"name\":\"Cinema & Video\",\"url\":\"https:\\\/\\\/cinema.video\\\/it\",\"logo\":{\"@type\":\"ImageObject\",\"inLanguage\":\"it-IT\",\"@id\":\"https:\\\/\\\/cinema.video\\\/it#\\\/schema\\\/logo\\\/image\\\/\",\"url\":\"https:\\\/\\\/cinema.video\\\/wp-content\\\/uploads\\\/2026\\\/04\\\/CinemVideo_LogoBlack.png\",\"contentUrl\":\"https:\\\/\\\/cinema.video\\\/wp-content\\\/uploads\\\/2026\\\/04\\\/CinemVideo_LogoBlack.png\",\"width\":1336,\"height\":224,\"caption\":\"Cinema & Video\"},\"image\":{\"@id\":\"https:\\\/\\\/cinema.video\\\/it#\\\/schema\\\/logo\\\/image\\\/\"},\"sameAs\":[\"https:\\\/\\\/www.facebook.com\\\/CinemaVideoInternational\\\/\",\"https:\\\/\\\/www.instagram.com\\\/cinemaevideointernational\\\/\",\"https:\\\/\\\/it.linkedin.com\\\/company\\\/cinema-video-international\"],\"description\":\"Media Consulting & Marketing Agency\",\"email\":\"hello@darostudio.com\",\"legalName\":\"DARO studio LLC\",\"foundingDate\":\"2021-02-16\",\"numberOfEmployees\":{\"@type\":\"QuantitativeValue\",\"minValue\":\"1\",\"maxValue\":\"10\"}},{\"@type\":\"Person\",\"@id\":\"https:\\\/\\\/cinema.video\\\/it#\\\/schema\\\/person\\\/aeb01b91d874e8b01e76a1db04c668c6\",\"name\":\"Redazione\",\"image\":{\"@type\":\"ImageObject\",\"inLanguage\":\"it-IT\",\"@id\":\"https:\\\/\\\/secure.gravatar.com\\\/avatar\\\/06ad6f92eb14745b75fb592cadf8139d33242d81c9c8b085133c450aaf0b9731?s=96&d=mm&r=g\",\"url\":\"https:\\\/\\\/secure.gravatar.com\\\/avatar\\\/06ad6f92eb14745b75fb592cadf8139d33242d81c9c8b085133c450aaf0b9731?s=96&d=mm&r=g\",\"contentUrl\":\"https:\\\/\\\/secure.gravatar.com\\\/avatar\\\/06ad6f92eb14745b75fb592cadf8139d33242d81c9c8b085133c450aaf0b9731?s=96&d=mm&r=g\",\"caption\":\"Redazione\"},\"url\":\"https:\\\/\\\/cinema.video\\\/it\\\/author\\\/redazione\"}]}<\/script>\n<!-- \/ Yoast SEO Premium plugin. -->","yoast_head_json":{"title":"INCinema al via il Festival inclusivo 9 tappe in Italia Londra e New York - Cinema &amp; Video International","description":"INCinema al via il Festival inclusivo 9 tappe in Italia Londra e New York \u2013 incinema al via il festival inclusivo. Si \u00e8 aperto ieri, sabato 12 ottobre, al","robots":{"index":"index","follow":"follow","max-snippet":"max-snippet:-1","max-image-preview":"max-image-preview:large","max-video-preview":"max-video-preview:-1"},"canonical":"https:\/\/cinema.video\/it\/incinema-festival-del-cinema-inclusivo","og_locale":"it_IT","og_type":"article","og_title":"INCinema al via il Festival inclusivo 9 tappe in Italia Londra e New York","og_description":"INCinema al via il Festival inclusivo 9 tappe in Italia Londra e New York \u2013 incinema al via il festival inclusivo. Si \u00e8 aperto ieri, sabato 12 ottobre, al","og_url":"https:\/\/cinema.video\/it\/incinema-festival-del-cinema-inclusivo","og_site_name":"Cinema &amp; Video International","article_publisher":"https:\/\/www.facebook.com\/CinemaVideoInternational\/","article_published_time":"2024-10-13T10:03:00+00:00","article_modified_time":"2026-04-10T02:06:55+00:00","og_image":[{"width":800,"height":422,"url":"https:\/\/cinema.video\/wp-content\/uploads\/2024\/10\/Fede-scaled-e1728839881495.jpg","type":"image\/jpeg"}],"author":"Redazione","twitter_card":"summary_large_image","twitter_misc":{"Scritto da":"Redazione","Tempo di lettura stimato":"4 minuti"},"schema":{"@context":"https:\/\/schema.org","@graph":[{"@type":"Article","@id":"https:\/\/cinema.video\/it\/incinema-festival-del-cinema-inclusivo#article","isPartOf":{"@id":"https:\/\/cinema.video\/it\/incinema-festival-del-cinema-inclusivo"},"author":{"name":"Redazione","@id":"https:\/\/cinema.video\/it#\/schema\/person\/aeb01b91d874e8b01e76a1db04c668c6"},"headline":"INCinema al via il Festival inclusivo 9 tappe in Italia Londra e New York","datePublished":"2024-10-13T10:03:00+00:00","dateModified":"2026-04-10T02:06:55+00:00","mainEntityOfPage":{"@id":"https:\/\/cinema.video\/it\/incinema-festival-del-cinema-inclusivo"},"wordCount":637,"publisher":{"@id":"https:\/\/cinema.video\/it#organization"},"image":{"@id":"https:\/\/cinema.video\/it\/incinema-festival-del-cinema-inclusivo#primaryimage"},"thumbnailUrl":"https:\/\/cinema.video\/wp-content\/uploads\/2024\/10\/Fede-scaled-e1728839881495.jpg","keywords":["EVENTS","focus","INCinema"],"articleSection":["EVENTS"],"inLanguage":"it-IT"},{"@type":"WebPage","@id":"https:\/\/cinema.video\/it\/incinema-festival-del-cinema-inclusivo","url":"https:\/\/cinema.video\/it\/incinema-festival-del-cinema-inclusivo","name":"INCinema al via il Festival inclusivo 9 tappe in Italia Londra e New York - Cinema &amp; Video International","isPartOf":{"@id":"https:\/\/cinema.video\/it#website"},"primaryImageOfPage":{"@id":"https:\/\/cinema.video\/it\/incinema-festival-del-cinema-inclusivo#primaryimage"},"image":{"@id":"https:\/\/cinema.video\/it\/incinema-festival-del-cinema-inclusivo#primaryimage"},"thumbnailUrl":"https:\/\/cinema.video\/wp-content\/uploads\/2024\/10\/Fede-scaled-e1728839881495.jpg","datePublished":"2024-10-13T10:03:00+00:00","dateModified":"2026-04-10T02:06:55+00:00","description":"INCinema al via il Festival inclusivo 9 tappe in Italia Londra e New York \u2013 incinema al via il festival inclusivo. Si \u00e8 aperto ieri, sabato 12 ottobre, al","breadcrumb":{"@id":"https:\/\/cinema.video\/it\/incinema-festival-del-cinema-inclusivo#breadcrumb"},"inLanguage":"it-IT","potentialAction":[{"@type":"ReadAction","target":["https:\/\/cinema.video\/it\/incinema-festival-del-cinema-inclusivo"]}]},{"@type":"ImageObject","inLanguage":"it-IT","@id":"https:\/\/cinema.video\/it\/incinema-festival-del-cinema-inclusivo#primaryimage","url":"https:\/\/cinema.video\/wp-content\/uploads\/2024\/10\/Fede-scaled-e1728839881495.jpg","contentUrl":"https:\/\/cinema.video\/wp-content\/uploads\/2024\/10\/Fede-scaled-e1728839881495.jpg","width":800,"height":422,"caption":"Si \u00e8 aperto il 12 ottobre al Cinema La Compagnia di Firenze, INCinema Festival del cinema inclusivo: 9 tappe in Italia, Londra e New York"},{"@type":"BreadcrumbList","@id":"https:\/\/cinema.video\/it\/incinema-festival-del-cinema-inclusivo#breadcrumb","itemListElement":[{"@type":"ListItem","position":1,"name":"Home","item":"https:\/\/cinema.video\/it\/home-2"},{"@type":"ListItem","position":2,"name":"INCinema al via il Festival inclusivo 9 tappe in Italia Londra e New York"}]},{"@type":"WebSite","@id":"https:\/\/cinema.video\/it#website","url":"https:\/\/cinema.video\/it","name":"Cinema & Video International","description":"Film &amp; Audiovisual Industry Trade Magazine","publisher":{"@id":"https:\/\/cinema.video\/it#organization"},"alternateName":"Cinema & Video","potentialAction":[{"@type":"SearchAction","target":{"@type":"EntryPoint","urlTemplate":"https:\/\/cinema.video\/it?s={search_term_string}"},"query-input":{"@type":"PropertyValueSpecification","valueRequired":true,"valueName":"search_term_string"}}],"inLanguage":"it-IT"},{"@type":"Organization","@id":"https:\/\/cinema.video\/it#organization","name":"Cinema & Video","url":"https:\/\/cinema.video\/it","logo":{"@type":"ImageObject","inLanguage":"it-IT","@id":"https:\/\/cinema.video\/it#\/schema\/logo\/image\/","url":"https:\/\/cinema.video\/wp-content\/uploads\/2026\/04\/CinemVideo_LogoBlack.png","contentUrl":"https:\/\/cinema.video\/wp-content\/uploads\/2026\/04\/CinemVideo_LogoBlack.png","width":1336,"height":224,"caption":"Cinema & Video"},"image":{"@id":"https:\/\/cinema.video\/it#\/schema\/logo\/image\/"},"sameAs":["https:\/\/www.facebook.com\/CinemaVideoInternational\/","https:\/\/www.instagram.com\/cinemaevideointernational\/","https:\/\/it.linkedin.com\/company\/cinema-video-international"],"description":"Media Consulting & Marketing Agency","email":"hello@darostudio.com","legalName":"DARO studio LLC","foundingDate":"2021-02-16","numberOfEmployees":{"@type":"QuantitativeValue","minValue":"1","maxValue":"10"}},{"@type":"Person","@id":"https:\/\/cinema.video\/it#\/schema\/person\/aeb01b91d874e8b01e76a1db04c668c6","name":"Redazione","image":{"@type":"ImageObject","inLanguage":"it-IT","@id":"https:\/\/secure.gravatar.com\/avatar\/06ad6f92eb14745b75fb592cadf8139d33242d81c9c8b085133c450aaf0b9731?s=96&d=mm&r=g","url":"https:\/\/secure.gravatar.com\/avatar\/06ad6f92eb14745b75fb592cadf8139d33242d81c9c8b085133c450aaf0b9731?s=96&d=mm&r=g","contentUrl":"https:\/\/secure.gravatar.com\/avatar\/06ad6f92eb14745b75fb592cadf8139d33242d81c9c8b085133c450aaf0b9731?s=96&d=mm&r=g","caption":"Redazione"},"url":"https:\/\/cinema.video\/it\/author\/redazione"}]}},"jetpack_featured_media_url":"https:\/\/cinema.video\/wp-content\/uploads\/2024\/10\/Fede-scaled-e1728839881495.jpg","jetpack_shortlink":"https:\/\/wp.me\/ph672m-1fBT","_links":{"self":[{"href":"https:\/\/cinema.video\/it\/wp-json\/wp\/v2\/posts\/298337","targetHints":{"allow":["GET"]}}],"collection":[{"href":"https:\/\/cinema.video\/it\/wp-json\/wp\/v2\/posts"}],"about":[{"href":"https:\/\/cinema.video\/it\/wp-json\/wp\/v2\/types\/post"}],"author":[{"embeddable":true,"href":"https:\/\/cinema.video\/it\/wp-json\/wp\/v2\/users\/26"}],"replies":[{"embeddable":true,"href":"https:\/\/cinema.video\/it\/wp-json\/wp\/v2\/comments?post=298337"}],"version-history":[{"count":2,"href":"https:\/\/cinema.video\/it\/wp-json\/wp\/v2\/posts\/298337\/revisions"}],"predecessor-version":[{"id":309478,"href":"https:\/\/cinema.video\/it\/wp-json\/wp\/v2\/posts\/298337\/revisions\/309478"}],"wp:featuredmedia":[{"embeddable":true,"href":"https:\/\/cinema.video\/it\/wp-json\/wp\/v2\/media\/298357"}],"wp:attachment":[{"href":"https:\/\/cinema.video\/it\/wp-json\/wp\/v2\/media?parent=298337"}],"wp:term":[{"taxonomy":"category","embeddable":true,"href":"https:\/\/cinema.video\/it\/wp-json\/wp\/v2\/categories?post=298337"},{"taxonomy":"post_tag","embeddable":true,"href":"https:\/\/cinema.video\/it\/wp-json\/wp\/v2\/tags?post=298337"}],"curies":[{"name":"wp","href":"https:\/\/api.w.org\/{rel}","templated":true}]}}