{"id":298190,"date":"2024-10-08T16:34:53","date_gmt":"2024-10-08T14:34:53","guid":{"rendered":"https:\/\/cinema.video\/?p=298190"},"modified":"2026-04-10T04:06:37","modified_gmt":"2026-04-10T02:06:37","slug":"i-racconti-del-mare-alice-nelle-citta","status":"publish","type":"post","link":"https:\/\/cinema.video\/it\/i-racconti-del-mare-alice-nelle-citta","title":{"rendered":"I Racconti del Mare ad Alice nelle citt\u00e0 intervista a Luca Severi"},"content":{"rendered":"\n<p class=\"wp-block-paragraph\">Due adolescenti dispersi in mezzo al mare superano le differenze e le diffidenze che li separano e decidono di far fronte comune per cercare salvezza. La troveranno, anche se sar\u00e0 molto diversa per ognuno di loro: uno \u00e8 Tonino (Luka Zunic), un diciassettenne pugliese che per fare una bravata ha rubato il barchino del nonno; l\u2019altro \u00e8 Ima (Khadim Faye), un ragazzino africano su una zattera di salvataggio, probabile vittima di naufragio. <br>A leggere la trama de <strong><em>I racconti del Mare<\/em><\/strong>, commedia surreale che sar\u00e0 ad <strong>Alice nelle Citt\u00e0<\/strong> (in <em>Panorama Italia<\/em>), viene da pensare a<em> Io Capitano<\/em> di Matteo Garrone, ma \u201c\u00e8 un film molto diverso, anche se quando l\u2019ho visto sono rimasto colpito da alcuni punti in comune\u201d dice <strong>Luca Severi<\/strong>, che del film, girato l\u2019estate scorsa a Taranto e dintorni (ma prevalentemente in mare) \u00e8 regista e produttore con la sua <strong>Luca Severi Production Group<\/strong>, fondata a Los Angeles nel 2010 e poi arrivata anche a Roma nel 2019.<\/p>\n\n\n\n<p class=\"wp-block-paragraph\"><\/p>\n\n\n\n<div class=\"wp-block-media-text is-stacked-on-mobile\"><figure class=\"wp-block-media-text__media\"><img loading=\"lazy\" decoding=\"async\" width=\"601\" height=\"720\" src=\"https:\/\/cinema.video\/wp-content\/uploads\/2024\/10\/Luka-Zunic-e-il-regista-Luca-Severi-sul-set-copia.jpg\" alt=\"\" class=\"wp-image-298282 size-full\" srcset=\"https:\/\/cinema.video\/wp-content\/uploads\/2024\/10\/Luka-Zunic-e-il-regista-Luca-Severi-sul-set-copia.jpg 601w, https:\/\/cinema.video\/wp-content\/uploads\/2024\/10\/Luka-Zunic-e-il-regista-Luca-Severi-sul-set-copia.jpg 250w, https:\/\/cinema.video\/wp-content\/uploads\/2024\/10\/Luka-Zunic-e-il-regista-Luca-Severi-sul-set-copia.jpg 351w, https:\/\/cinema.video\/wp-content\/uploads\/2024\/10\/Luka-Zunic-e-il-regista-Luca-Severi-sul-set-copia.jpg 150w, https:\/\/cinema.video\/wp-content\/uploads\/2024\/10\/Luka-Zunic-e-il-regista-Luca-Severi-sul-set-copia.jpg 300w\" sizes=\"auto, (max-width: 601px) 100vw, 601px\" \/><\/figure><div class=\"wp-block-media-text__content\">\n<p class=\"wp-block-paragraph\">Sicuramente diverso nel budget, circa 600 mila euro totalmente investiti dalla societ\u00e0, e nessun contributo pubblico, seguendo un modello produttivo con cui Severi sta costruendo la sua alternativa, sia alla via italiana ed europea, sia al modello dei grandi studios americani. Il riferimento \u00e8 per l\u2019appunto il nuovo cinema indipendente statunitense, quello di Sean Baker, ad esempio, che \u201c\u00e8 sempre stato considerato il cinema dei poveri \u2026finch\u00e9 ha vinto Cannes\u201d (Palma d\u2019Oro 2024 con <em>Anora<\/em>, n.d.r.).<\/p>\n<\/div><\/div>\n\n\n\n<p class=\"wp-block-paragraph\">\u201cIn USA gli incentivi non esistono, dunque finanziamo i progetti che produciamo grazie alle tre divisioni commerciali della LSPG, che si occupano di produzione esecutiva, publicity di alto livello per tutti i grandi blockbuster americani e post-produzione.\u201d La quarta divisione \u00e8 dedicata alla produzione di storie internazionali forti, incentrate sui personaggi, con un budget al di sotto di un milione di euro. \u201cAncora meglio se non supera i 500 mila euro, &#8211; spiega Severi: \u201cquesto consente di produrre molto, e pi\u00f9 velocemente perch\u00e9 le esigenze di rientro sono decisamente pi\u00f9 contenute, di diversificare e sperimentare raggiungendo tanti pubblici\u201d.<br>Fra i film prodotti, <em>Echo Village <\/em>di Phoebe Mir, che ha avuto la premiere a Rotterdam, ed \u00e8 uscito negli USA e in Inghilterra;<em> Tell that to the Winter Sea<\/em> di Jaclyn Bethany O <em>Calypso<\/em>, diretto da Severi, che \u00e8 stato un grande successo nelle Filippine.<\/p>\n\n\n\n<p class=\"wp-block-paragraph\"><em>I racconti del mare<\/em> \u00e8 il primo film italiano prodotto da LSPG, la sceneggiatura \u00e8 stata scritta dal pugliese (ma basato negli Stati Uniti) <strong>Dino Sardella.<\/strong> \u201cSono molto orgoglioso che ci abbiano invitato ad <em>Alice nelle Citt\u00e0<\/em>. Da Roma partiremo anche con la ricerca dei distributori.\u201d<\/p>\n\n\n\n<figure class=\"wp-block-image size-large\"><img loading=\"lazy\" decoding=\"async\" width=\"1024\" height=\"540\" src=\"https:\/\/cinema.video\/wp-content\/uploads\/2024\/10\/KHADIM-FAYE-e-LUKA-ZUNIC-in-I-RACCONTI-DEL-MARE-5-1024x540.jpg\" alt=\"&quot;I Racconti del Mare&quot; di Luca Severi \u00e8 in Panorama Italia di Alice nelle Citt\u00e0. Intervista con il regista e produttore italiano\" class=\"wp-image-298281\" srcset=\"https:\/\/cinema.video\/wp-content\/uploads\/2024\/10\/KHADIM-FAYE-e-LUKA-ZUNIC-in-I-RACCONTI-DEL-MARE-5-scaled.jpg 1024w, https:\/\/cinema.video\/wp-content\/uploads\/2024\/10\/KHADIM-FAYE-e-LUKA-ZUNIC-in-I-RACCONTI-DEL-MARE-5-scaled.jpg 300w, https:\/\/cinema.video\/wp-content\/uploads\/2024\/10\/KHADIM-FAYE-e-LUKA-ZUNIC-in-I-RACCONTI-DEL-MARE-5-scaled.jpg 768w, https:\/\/cinema.video\/wp-content\/uploads\/2024\/10\/KHADIM-FAYE-e-LUKA-ZUNIC-in-I-RACCONTI-DEL-MARE-5-scaled.jpg 1536w, https:\/\/cinema.video\/wp-content\/uploads\/2024\/10\/KHADIM-FAYE-e-LUKA-ZUNIC-in-I-RACCONTI-DEL-MARE-5-scaled.jpg 2048w, https:\/\/cinema.video\/wp-content\/uploads\/2024\/10\/KHADIM-FAYE-e-LUKA-ZUNIC-in-I-RACCONTI-DEL-MARE-5-scaled.jpg 796w, https:\/\/cinema.video\/wp-content\/uploads\/2024\/10\/KHADIM-FAYE-e-LUKA-ZUNIC-in-I-RACCONTI-DEL-MARE-5-scaled.jpg 150w, https:\/\/cinema.video\/wp-content\/uploads\/2024\/10\/KHADIM-FAYE-e-LUKA-ZUNIC-in-I-RACCONTI-DEL-MARE-5-scaled.jpg 696w, https:\/\/cinema.video\/wp-content\/uploads\/2024\/10\/KHADIM-FAYE-e-LUKA-ZUNIC-in-I-RACCONTI-DEL-MARE-5-scaled.jpg 1068w, https:\/\/cinema.video\/wp-content\/uploads\/2024\/10\/KHADIM-FAYE-e-LUKA-ZUNIC-in-I-RACCONTI-DEL-MARE-5-scaled.jpg 1920w, https:\/\/cinema.video\/wp-content\/uploads\/2024\/10\/KHADIM-FAYE-e-LUKA-ZUNIC-in-I-RACCONTI-DEL-MARE-5-scaled.jpg 1392w\" sizes=\"auto, (max-width: 696px) 100vw, 696px\" \/><\/figure>\n\n\n\n<p class=\"wp-block-paragraph\">Punto centrale, affinch\u00e9 il sistema funzioni, \u00e8 che gli ingranaggi delle tre divisioni girino a pieno ritmo. La svolta per LSPG \u00e8 arrivata dall\u2019Italia e, paradossalmente, dal Covid: \u201cSiamo letteralmente esplosi, realizzando il 500% di fatturato in pi\u00f9, &#8211; prosegue Severi. -Il fatto che fossero bloccati i trasporti ha obbligato le case di produzione estere a cercare dei partner affidabili in loco, e la nostra doppia natura italo-americana (anche se lo staff \u00e8 tutto italiano) ha giocato a nostro favore.\u201d A cambiare le carte in tavola, la produzione esecutiva di <em>The Book of Clearence <\/em>per Legendary Pictures, fra il 2022 e 23: \u201cun investimento di 41 milioni di dollari, con un indotto enorme sulla citt\u00e0 di Matera che abbiamo bloccato per 13 settimane con pi\u00f9 di 400 persone al giorno sul set.\u201d<\/p>\n\n\n\n<p class=\"wp-block-paragraph\">Nel curriculum di LSPG, anche la collaborazione con HBO per la realizzazione dei contenuti publicity di <em>White Lotus 2,<\/em> girato a Taormina, e di e un documentario di produzione stand alone nominato agli Emmy (<em>TWL-Unpacking the Episodes<\/em>), di cui Severi ha curato la regia.&nbsp;<\/p>\n\n\n\n<p class=\"wp-block-paragraph\">Altrettanto ambiziosi i piani per il futuro. Numero uno: proseguire con la produzione indipendente: tre i progetti in cantiere che ci rivela Severi, \u201cun thriller sul cinema che vorrei girare quest\u2019inverno in Italia. La location principale \u00e8 un cinema abbandonato: ne sto cercando uno che abbia una struttura particolare. Un altro thriller notturno che mostri la doppia faccia di Los Angeles, e un coming of age ambientato fra Italia e Croazia, dal titolo Goodnight Elizabeth.\u201d<\/p>\n\n\n\n<p class=\"wp-block-paragraph\">Numero due: aprire un terzo ufficio in Asia, \u201cprevalentemente dedicato alla distribuzione, la divisione che ci manca e che rappresenterebbe l\u2019evoluzione ideale del nostro mini studio\u201d.&nbsp;<\/p>\n\n\n\n<p class=\"wp-block-paragraph\">Numero tre: creare una nuova generazione di cineasti che abbiano voglia di abbracciare questo tipo di modello produttivo, e per cui \u201csto facendo uno scouting forsennato\u201d<\/p>\n","protected":false},"excerpt":{"rendered":"<p>Intervista con il regista e produttore italiano che ha fondato la sua societ\u00e0 a Los Angeles, e oggi sogna di aprire una terza sede in Asia. E che ha trasformato una produzione totalmente indipendente in un modello di business di successo<\/p>\n","protected":false},"author":2,"featured_media":298283,"comment_status":"closed","ping_status":"closed","sticky":false,"template":"","format":"standard","meta":{"googlesitekit_rrm_CAow3e7fCw:productID":"","_wpcom_ai_launchpad_first_post":false,"footnotes":"","jetpack_post_was_ever_published":false},"categories":[1689],"tags":[849,356,2342],"class_list":["post-298190","post","type-post","status-publish","format-standard","has-post-thumbnail","category-production","tag-alice-nella-citta","tag-focus","tag-production"],"yoast_head":"<!-- This site is optimized with the Yoast SEO Premium plugin v28.3 (Yoast SEO v28.3) - https:\/\/yoast.com\/product\/yoast-seo-premium-wordpress\/ -->\n<title>I Racconti del Mare ad Alice nelle citt\u00e0 intervista a Luca Severi - Cinema &amp; Video International<\/title>\n<meta name=\"description\" content=\"I Racconti del Mare ad Alice nelle citt\u00e0 intervista a Luca Severi \u2013 i racconti del mare ad alice. Due adolescenti dispersi in mezzo al mare superano le di\" \/>\n<meta name=\"robots\" content=\"index, follow, max-snippet:-1, max-image-preview:large, max-video-preview:-1\" \/>\n<link rel=\"canonical\" href=\"https:\/\/cinema.video\/it\/i-racconti-del-mare-alice-nelle-citta\" \/>\n<meta property=\"og:locale\" content=\"it_IT\" \/>\n<meta property=\"og:type\" content=\"article\" \/>\n<meta property=\"og:title\" content=\"I Racconti del Mare ad Alice nelle citt\u00e0 intervista a Luca Severi\" \/>\n<meta property=\"og:description\" content=\"I Racconti del Mare ad Alice nelle citt\u00e0 intervista a Luca Severi \u2013 i racconti del mare ad alice. Due adolescenti dispersi in mezzo al mare superano le di\" \/>\n<meta property=\"og:url\" content=\"https:\/\/cinema.video\/it\/i-racconti-del-mare-alice-nelle-citta\" \/>\n<meta property=\"og:site_name\" content=\"Cinema &amp; Video International\" \/>\n<meta property=\"article:publisher\" content=\"https:\/\/www.facebook.com\/CinemaVideoInternational\/\" \/>\n<meta property=\"article:published_time\" content=\"2024-10-08T14:34:53+00:00\" \/>\n<meta property=\"article:modified_time\" content=\"2026-04-10T02:06:37+00:00\" \/>\n<meta property=\"og:image\" content=\"https:\/\/cinema.video\/wp-content\/uploads\/2024\/10\/KHADIM-FAYE-E-LUKA-ZUNIC-in-I-RACCONTI-DEL-MARE_3-scaled-e1728398032704.jpg\" \/>\n\t<meta property=\"og:image:width\" content=\"800\" \/>\n\t<meta property=\"og:image:height\" content=\"422\" \/>\n\t<meta property=\"og:image:type\" content=\"image\/jpeg\" \/>\n<meta name=\"author\" content=\"Carolina Mancini\" \/>\n<meta name=\"twitter:card\" content=\"summary_large_image\" \/>\n<meta name=\"twitter:label1\" content=\"Scritto da\" \/>\n\t<meta name=\"twitter:data1\" content=\"Carolina Mancini\" \/>\n\t<meta name=\"twitter:label2\" content=\"Tempo di lettura stimato\" \/>\n\t<meta name=\"twitter:data2\" content=\"5 minuti\" \/>\n<script type=\"application\/ld+json\" class=\"yoast-schema-graph\">{\"@context\":\"https:\\\/\\\/schema.org\",\"@graph\":[{\"@type\":\"Article\",\"@id\":\"https:\\\/\\\/cinema.video\\\/it\\\/i-racconti-del-mare-alice-nelle-citta#article\",\"isPartOf\":{\"@id\":\"https:\\\/\\\/cinema.video\\\/it\\\/i-racconti-del-mare-alice-nelle-citta\"},\"author\":{\"name\":\"Carolina Mancini\",\"@id\":\"https:\\\/\\\/cinema.video\\\/it#\\\/schema\\\/person\\\/d5479fad8d0f2360000eb4aab6bb6e5d\"},\"headline\":\"I Racconti del Mare ad Alice nelle citt\u00e0 intervista a Luca Severi\",\"datePublished\":\"2024-10-08T14:34:53+00:00\",\"dateModified\":\"2026-04-10T02:06:37+00:00\",\"mainEntityOfPage\":{\"@id\":\"https:\\\/\\\/cinema.video\\\/it\\\/i-racconti-del-mare-alice-nelle-citta\"},\"wordCount\":728,\"publisher\":{\"@id\":\"https:\\\/\\\/cinema.video\\\/it#organization\"},\"image\":{\"@id\":\"https:\\\/\\\/cinema.video\\\/it\\\/i-racconti-del-mare-alice-nelle-citta#primaryimage\"},\"thumbnailUrl\":\"https:\\\/\\\/cinema.video\\\/wp-content\\\/uploads\\\/2024\\\/10\\\/KHADIM-FAYE-E-LUKA-ZUNIC-in-I-RACCONTI-DEL-MARE_3-scaled-e1728398032704.jpg\",\"keywords\":[\"ALICE NELLA CITT\u00c0\",\"focus\",\"PRODUCTION\"],\"articleSection\":[\"PRODUCTION\"],\"inLanguage\":\"it-IT\"},{\"@type\":\"WebPage\",\"@id\":\"https:\\\/\\\/cinema.video\\\/it\\\/i-racconti-del-mare-alice-nelle-citta\",\"url\":\"https:\\\/\\\/cinema.video\\\/it\\\/i-racconti-del-mare-alice-nelle-citta\",\"name\":\"I Racconti del Mare ad Alice nelle citt\u00e0 intervista a Luca Severi - Cinema &amp; Video International\",\"isPartOf\":{\"@id\":\"https:\\\/\\\/cinema.video\\\/it#website\"},\"primaryImageOfPage\":{\"@id\":\"https:\\\/\\\/cinema.video\\\/it\\\/i-racconti-del-mare-alice-nelle-citta#primaryimage\"},\"image\":{\"@id\":\"https:\\\/\\\/cinema.video\\\/it\\\/i-racconti-del-mare-alice-nelle-citta#primaryimage\"},\"thumbnailUrl\":\"https:\\\/\\\/cinema.video\\\/wp-content\\\/uploads\\\/2024\\\/10\\\/KHADIM-FAYE-E-LUKA-ZUNIC-in-I-RACCONTI-DEL-MARE_3-scaled-e1728398032704.jpg\",\"datePublished\":\"2024-10-08T14:34:53+00:00\",\"dateModified\":\"2026-04-10T02:06:37+00:00\",\"description\":\"I Racconti del Mare ad Alice nelle citt\u00e0 intervista a Luca Severi \u2013 i racconti del mare ad alice. Due adolescenti dispersi in mezzo al mare superano le di\",\"breadcrumb\":{\"@id\":\"https:\\\/\\\/cinema.video\\\/it\\\/i-racconti-del-mare-alice-nelle-citta#breadcrumb\"},\"inLanguage\":\"it-IT\",\"potentialAction\":[{\"@type\":\"ReadAction\",\"target\":[\"https:\\\/\\\/cinema.video\\\/it\\\/i-racconti-del-mare-alice-nelle-citta\"]}]},{\"@type\":\"ImageObject\",\"inLanguage\":\"it-IT\",\"@id\":\"https:\\\/\\\/cinema.video\\\/it\\\/i-racconti-del-mare-alice-nelle-citta#primaryimage\",\"url\":\"https:\\\/\\\/cinema.video\\\/wp-content\\\/uploads\\\/2024\\\/10\\\/KHADIM-FAYE-E-LUKA-ZUNIC-in-I-RACCONTI-DEL-MARE_3-scaled-e1728398032704.jpg\",\"contentUrl\":\"https:\\\/\\\/cinema.video\\\/wp-content\\\/uploads\\\/2024\\\/10\\\/KHADIM-FAYE-E-LUKA-ZUNIC-in-I-RACCONTI-DEL-MARE_3-scaled-e1728398032704.jpg\",\"width\":800,\"height\":422,\"caption\":\"\\\"I Racconti del Mare\\\" di Luca Severi \u00e8 in Panorama Italia di Alice nelle Citt\u00e0. Intervista con il regista e produttore italiano\"},{\"@type\":\"BreadcrumbList\",\"@id\":\"https:\\\/\\\/cinema.video\\\/it\\\/i-racconti-del-mare-alice-nelle-citta#breadcrumb\",\"itemListElement\":[{\"@type\":\"ListItem\",\"position\":1,\"name\":\"Home\",\"item\":\"https:\\\/\\\/cinema.video\\\/it\"},{\"@type\":\"ListItem\",\"position\":2,\"name\":\"I Racconti del Mare ad Alice nelle citt\u00e0 intervista a Luca Severi\"}]},{\"@type\":\"WebSite\",\"@id\":\"https:\\\/\\\/cinema.video\\\/it#website\",\"url\":\"https:\\\/\\\/cinema.video\\\/it\",\"name\":\"Cinema & Video International\",\"description\":\"Film &amp; Audiovisual B2B Industry Trade Platform Magazine\",\"publisher\":{\"@id\":\"https:\\\/\\\/cinema.video\\\/it#organization\"},\"alternateName\":\"Cinema & Video\",\"potentialAction\":[{\"@type\":\"SearchAction\",\"target\":{\"@type\":\"EntryPoint\",\"urlTemplate\":\"https:\\\/\\\/cinema.video\\\/it?s={search_term_string}\"},\"query-input\":{\"@type\":\"PropertyValueSpecification\",\"valueRequired\":true,\"valueName\":\"search_term_string\"}}],\"inLanguage\":\"it-IT\"},{\"@type\":\"Organization\",\"@id\":\"https:\\\/\\\/cinema.video\\\/it#organization\",\"name\":\"Cinema & Video\",\"url\":\"https:\\\/\\\/cinema.video\\\/it\",\"logo\":{\"@type\":\"ImageObject\",\"inLanguage\":\"it-IT\",\"@id\":\"https:\\\/\\\/cinema.video\\\/it#\\\/schema\\\/logo\\\/image\\\/\",\"url\":\"https:\\\/\\\/cinema.video\\\/wp-content\\\/uploads\\\/2026\\\/04\\\/CinemVideo_LogoBlack.png\",\"contentUrl\":\"https:\\\/\\\/cinema.video\\\/wp-content\\\/uploads\\\/2026\\\/04\\\/CinemVideo_LogoBlack.png\",\"width\":1336,\"height\":224,\"caption\":\"Cinema & Video\"},\"image\":{\"@id\":\"https:\\\/\\\/cinema.video\\\/it#\\\/schema\\\/logo\\\/image\\\/\"},\"sameAs\":[\"https:\\\/\\\/www.facebook.com\\\/CinemaVideoInternational\\\/\",\"https:\\\/\\\/www.instagram.com\\\/cinemaevideointernational\\\/\",\"https:\\\/\\\/it.linkedin.com\\\/company\\\/cinema-video-international\"],\"description\":\"Media Consulting & Marketing Agency\",\"email\":\"hello@darostudio.com\",\"legalName\":\"DARO studio LLC\",\"foundingDate\":\"2021-02-16\",\"numberOfEmployees\":{\"@type\":\"QuantitativeValue\",\"minValue\":\"1\",\"maxValue\":\"10\"},\"publishingPrinciples\":\"https:\\\/\\\/cinema.video\\\/about\"},{\"@type\":\"Person\",\"@id\":\"https:\\\/\\\/cinema.video\\\/it#\\\/schema\\\/person\\\/d5479fad8d0f2360000eb4aab6bb6e5d\",\"name\":\"Carolina Mancini\",\"image\":{\"@type\":\"ImageObject\",\"inLanguage\":\"it-IT\",\"@id\":\"https:\\\/\\\/secure.gravatar.com\\\/avatar\\\/d4758965c5e8730dbaaa7131a628547771a26c1e5bf14fe323d96f8246a62baf?s=96&d=mm&r=g\",\"url\":\"https:\\\/\\\/secure.gravatar.com\\\/avatar\\\/d4758965c5e8730dbaaa7131a628547771a26c1e5bf14fe323d96f8246a62baf?s=96&d=mm&r=g\",\"contentUrl\":\"https:\\\/\\\/secure.gravatar.com\\\/avatar\\\/d4758965c5e8730dbaaa7131a628547771a26c1e5bf14fe323d96f8246a62baf?s=96&d=mm&r=g\",\"caption\":\"Carolina Mancini\"},\"url\":\"https:\\\/\\\/cinema.video\\\/it\\\/author\\\/carolin\"}]}<\/script>\n<!-- \/ Yoast SEO Premium plugin. -->","yoast_head_json":{"title":"I Racconti del Mare ad Alice nelle citt\u00e0 intervista a Luca Severi - Cinema &amp; Video International","description":"I Racconti del Mare ad Alice nelle citt\u00e0 intervista a Luca Severi \u2013 i racconti del mare ad alice. Due adolescenti dispersi in mezzo al mare superano le di","robots":{"index":"index","follow":"follow","max-snippet":"max-snippet:-1","max-image-preview":"max-image-preview:large","max-video-preview":"max-video-preview:-1"},"canonical":"https:\/\/cinema.video\/it\/i-racconti-del-mare-alice-nelle-citta","og_locale":"it_IT","og_type":"article","og_title":"I Racconti del Mare ad Alice nelle citt\u00e0 intervista a Luca Severi","og_description":"I Racconti del Mare ad Alice nelle citt\u00e0 intervista a Luca Severi \u2013 i racconti del mare ad alice. Due adolescenti dispersi in mezzo al mare superano le di","og_url":"https:\/\/cinema.video\/it\/i-racconti-del-mare-alice-nelle-citta","og_site_name":"Cinema &amp; Video International","article_publisher":"https:\/\/www.facebook.com\/CinemaVideoInternational\/","article_published_time":"2024-10-08T14:34:53+00:00","article_modified_time":"2026-04-10T02:06:37+00:00","og_image":[{"width":800,"height":422,"url":"https:\/\/cinema.video\/wp-content\/uploads\/2024\/10\/KHADIM-FAYE-E-LUKA-ZUNIC-in-I-RACCONTI-DEL-MARE_3-scaled-e1728398032704.jpg","type":"image\/jpeg"}],"author":"Carolina Mancini","twitter_card":"summary_large_image","twitter_misc":{"Scritto da":"Carolina Mancini","Tempo di lettura stimato":"5 minuti"},"schema":{"@context":"https:\/\/schema.org","@graph":[{"@type":"Article","@id":"https:\/\/cinema.video\/it\/i-racconti-del-mare-alice-nelle-citta#article","isPartOf":{"@id":"https:\/\/cinema.video\/it\/i-racconti-del-mare-alice-nelle-citta"},"author":{"name":"Carolina Mancini","@id":"https:\/\/cinema.video\/it#\/schema\/person\/d5479fad8d0f2360000eb4aab6bb6e5d"},"headline":"I Racconti del Mare ad Alice nelle citt\u00e0 intervista a Luca Severi","datePublished":"2024-10-08T14:34:53+00:00","dateModified":"2026-04-10T02:06:37+00:00","mainEntityOfPage":{"@id":"https:\/\/cinema.video\/it\/i-racconti-del-mare-alice-nelle-citta"},"wordCount":728,"publisher":{"@id":"https:\/\/cinema.video\/it#organization"},"image":{"@id":"https:\/\/cinema.video\/it\/i-racconti-del-mare-alice-nelle-citta#primaryimage"},"thumbnailUrl":"https:\/\/cinema.video\/wp-content\/uploads\/2024\/10\/KHADIM-FAYE-E-LUKA-ZUNIC-in-I-RACCONTI-DEL-MARE_3-scaled-e1728398032704.jpg","keywords":["ALICE NELLA CITT\u00c0","focus","PRODUCTION"],"articleSection":["PRODUCTION"],"inLanguage":"it-IT"},{"@type":"WebPage","@id":"https:\/\/cinema.video\/it\/i-racconti-del-mare-alice-nelle-citta","url":"https:\/\/cinema.video\/it\/i-racconti-del-mare-alice-nelle-citta","name":"I Racconti del Mare ad Alice nelle citt\u00e0 intervista a Luca Severi - Cinema &amp; Video International","isPartOf":{"@id":"https:\/\/cinema.video\/it#website"},"primaryImageOfPage":{"@id":"https:\/\/cinema.video\/it\/i-racconti-del-mare-alice-nelle-citta#primaryimage"},"image":{"@id":"https:\/\/cinema.video\/it\/i-racconti-del-mare-alice-nelle-citta#primaryimage"},"thumbnailUrl":"https:\/\/cinema.video\/wp-content\/uploads\/2024\/10\/KHADIM-FAYE-E-LUKA-ZUNIC-in-I-RACCONTI-DEL-MARE_3-scaled-e1728398032704.jpg","datePublished":"2024-10-08T14:34:53+00:00","dateModified":"2026-04-10T02:06:37+00:00","description":"I Racconti del Mare ad Alice nelle citt\u00e0 intervista a Luca Severi \u2013 i racconti del mare ad alice. Due adolescenti dispersi in mezzo al mare superano le di","breadcrumb":{"@id":"https:\/\/cinema.video\/it\/i-racconti-del-mare-alice-nelle-citta#breadcrumb"},"inLanguage":"it-IT","potentialAction":[{"@type":"ReadAction","target":["https:\/\/cinema.video\/it\/i-racconti-del-mare-alice-nelle-citta"]}]},{"@type":"ImageObject","inLanguage":"it-IT","@id":"https:\/\/cinema.video\/it\/i-racconti-del-mare-alice-nelle-citta#primaryimage","url":"https:\/\/cinema.video\/wp-content\/uploads\/2024\/10\/KHADIM-FAYE-E-LUKA-ZUNIC-in-I-RACCONTI-DEL-MARE_3-scaled-e1728398032704.jpg","contentUrl":"https:\/\/cinema.video\/wp-content\/uploads\/2024\/10\/KHADIM-FAYE-E-LUKA-ZUNIC-in-I-RACCONTI-DEL-MARE_3-scaled-e1728398032704.jpg","width":800,"height":422,"caption":"\"I Racconti del Mare\" di Luca Severi \u00e8 in Panorama Italia di Alice nelle Citt\u00e0. Intervista con il regista e produttore italiano"},{"@type":"BreadcrumbList","@id":"https:\/\/cinema.video\/it\/i-racconti-del-mare-alice-nelle-citta#breadcrumb","itemListElement":[{"@type":"ListItem","position":1,"name":"Home","item":"https:\/\/cinema.video\/it"},{"@type":"ListItem","position":2,"name":"I Racconti del Mare ad Alice nelle citt\u00e0 intervista a Luca Severi"}]},{"@type":"WebSite","@id":"https:\/\/cinema.video\/it#website","url":"https:\/\/cinema.video\/it","name":"Cinema & Video International","description":"Film &amp; Audiovisual B2B Industry Trade Platform Magazine","publisher":{"@id":"https:\/\/cinema.video\/it#organization"},"alternateName":"Cinema & Video","potentialAction":[{"@type":"SearchAction","target":{"@type":"EntryPoint","urlTemplate":"https:\/\/cinema.video\/it?s={search_term_string}"},"query-input":{"@type":"PropertyValueSpecification","valueRequired":true,"valueName":"search_term_string"}}],"inLanguage":"it-IT"},{"@type":"Organization","@id":"https:\/\/cinema.video\/it#organization","name":"Cinema & Video","url":"https:\/\/cinema.video\/it","logo":{"@type":"ImageObject","inLanguage":"it-IT","@id":"https:\/\/cinema.video\/it#\/schema\/logo\/image\/","url":"https:\/\/cinema.video\/wp-content\/uploads\/2026\/04\/CinemVideo_LogoBlack.png","contentUrl":"https:\/\/cinema.video\/wp-content\/uploads\/2026\/04\/CinemVideo_LogoBlack.png","width":1336,"height":224,"caption":"Cinema & Video"},"image":{"@id":"https:\/\/cinema.video\/it#\/schema\/logo\/image\/"},"sameAs":["https:\/\/www.facebook.com\/CinemaVideoInternational\/","https:\/\/www.instagram.com\/cinemaevideointernational\/","https:\/\/it.linkedin.com\/company\/cinema-video-international"],"description":"Media Consulting & Marketing Agency","email":"hello@darostudio.com","legalName":"DARO studio LLC","foundingDate":"2021-02-16","numberOfEmployees":{"@type":"QuantitativeValue","minValue":"1","maxValue":"10"},"publishingPrinciples":"https:\/\/cinema.video\/about"},{"@type":"Person","@id":"https:\/\/cinema.video\/it#\/schema\/person\/d5479fad8d0f2360000eb4aab6bb6e5d","name":"Carolina Mancini","image":{"@type":"ImageObject","inLanguage":"it-IT","@id":"https:\/\/secure.gravatar.com\/avatar\/d4758965c5e8730dbaaa7131a628547771a26c1e5bf14fe323d96f8246a62baf?s=96&d=mm&r=g","url":"https:\/\/secure.gravatar.com\/avatar\/d4758965c5e8730dbaaa7131a628547771a26c1e5bf14fe323d96f8246a62baf?s=96&d=mm&r=g","contentUrl":"https:\/\/secure.gravatar.com\/avatar\/d4758965c5e8730dbaaa7131a628547771a26c1e5bf14fe323d96f8246a62baf?s=96&d=mm&r=g","caption":"Carolina Mancini"},"url":"https:\/\/cinema.video\/it\/author\/carolin"}]}},"jetpack_shortlink":"https:\/\/wp.me\/ph672m-1fzw","jetpack_featured_media_url":"https:\/\/cinema.video\/wp-content\/uploads\/2024\/10\/KHADIM-FAYE-E-LUKA-ZUNIC-in-I-RACCONTI-DEL-MARE_3-scaled-e1728398032704.jpg","_links":{"self":[{"href":"https:\/\/cinema.video\/it\/wp-json\/wp\/v2\/posts\/298190","targetHints":{"allow":["GET"]}}],"collection":[{"href":"https:\/\/cinema.video\/it\/wp-json\/wp\/v2\/posts"}],"about":[{"href":"https:\/\/cinema.video\/it\/wp-json\/wp\/v2\/types\/post"}],"author":[{"embeddable":true,"href":"https:\/\/cinema.video\/it\/wp-json\/wp\/v2\/users\/2"}],"replies":[{"embeddable":true,"href":"https:\/\/cinema.video\/it\/wp-json\/wp\/v2\/comments?post=298190"}],"version-history":[{"count":2,"href":"https:\/\/cinema.video\/it\/wp-json\/wp\/v2\/posts\/298190\/revisions"}],"predecessor-version":[{"id":309458,"href":"https:\/\/cinema.video\/it\/wp-json\/wp\/v2\/posts\/298190\/revisions\/309458"}],"wp:featuredmedia":[{"embeddable":true,"href":"https:\/\/cinema.video\/it\/wp-json\/wp\/v2\/media\/298283"}],"wp:attachment":[{"href":"https:\/\/cinema.video\/it\/wp-json\/wp\/v2\/media?parent=298190"}],"wp:term":[{"taxonomy":"category","embeddable":true,"href":"https:\/\/cinema.video\/it\/wp-json\/wp\/v2\/categories?post=298190"},{"taxonomy":"post_tag","embeddable":true,"href":"https:\/\/cinema.video\/it\/wp-json\/wp\/v2\/tags?post=298190"}],"curies":[{"name":"wp","href":"https:\/\/api.w.org\/{rel}","templated":true}]}}