{"id":298179,"date":"2024-09-20T16:27:39","date_gmt":"2024-09-20T14:27:39","guid":{"rendered":"https:\/\/cinema.video\/?p=298179"},"modified":"2026-04-10T04:06:36","modified_gmt":"2026-04-10T02:06:36","slug":"dal-16-ottobre-roma-e-la-megalopolis-del-cinema-per-il-pubblico","status":"publish","type":"post","link":"https:\/\/cinema.video\/it\/dal-16-ottobre-roma-e-la-megalopolis-del-cinema-per-il-pubblico","title":{"rendered":"Dal 16 ottobre Roma \u00e8 la Megalopolis del Cinema per il pubblico"},"content":{"rendered":"\n<p class=\"wp-block-paragraph\">Oggi, 20 settembre, nel giorno del compleanno di Sofia Loren, si \u00e8 svolta la conferenza stampa della <strong>19\u00b0 Festa del Cinema di Roma<\/strong> all\u2019interno del Teatro Olimpico, una delle nuove locations della manifestazione.<\/p>\n\n\n\n<p class=\"wp-block-paragraph\">\u201cUna vera internazionale del pubblico pi\u00f9 che della critica e degli appassionati, che si \u00e8 allargata sempre pi\u00f9 alla citt\u00e0, toccando quasi 100 mila gli spettatori lo scorso anno, &#8211; ha detto <strong>Salvatore Nastasi<\/strong>, presidente della <strong>Fondazione Cinema per Roma<\/strong>, che produce la Festa, promossa da promossa da Roma Capitale, Regione Lazio, Cinecitt\u00e0 (in rappresentanza del Ministero della Cultura), Camera di Commercio Industria Artigianato e Agricoltura di Roma e Fondazione Musica per Roma. &#8211; Un unicum nel mondo perch\u00e9 <strong>Paola Malanga<\/strong> e il mio mio predecessore <strong>Gianluca Farinelli<\/strong> hanno puntato moto sul grande cinema, sulle produzioni indipendenti e sulla trasversalit\u00e0.\u201d<\/p>\n\n\n\n<p class=\"wp-block-paragraph\">Alla direttrice artistica Paola Malanga, il compito di annunciare il programma, imponente come il <em><strong>Megalopolis<\/strong><\/em> di Francis Ford Coppola, a cui \u00e8 affidata la\u00a0 pre-apertura, gi\u00e0 annunciata e realizzata in collaborazione con <strong>Alice nelle Citt\u00e0<\/strong>, in una serata evento a Cinecitt\u00e0.<\/p>\n\n\n\n<p class=\"wp-block-paragraph\">Il <em>Concorso<\/em>, ripristinato due anni fa, schiera 18 film da 29 paesi, fra cui 8 anteprime mondiali. <br>4 di queste sono dei film italiani che gareggiano per i Premi assegnati dalla Giuria e per il Premio del Pubblico: <strong><em>La grande ambizione<\/em><\/strong>, film di apertura della Festa, con cui Andrea Segre firma il primo lungometraggio di finzione su Berlinguer, interpretato da Elio Germano.<\/p>\n\n\n\n<figure class=\"wp-block-image size-large\"><img loading=\"lazy\" decoding=\"async\" width=\"1024\" height=\"576\" src=\"https:\/\/cinema.video\/wp-content\/uploads\/2024\/09\/berlinguer-la-grande-ambizione-still-2-vivo-film-jolefilm-tarantula-agitprop-1024x576.jpg\" alt=\"\" class=\"wp-image-298182\" srcset=\"https:\/\/cinema.video\/wp-content\/uploads\/2024\/09\/berlinguer-la-grande-ambizione-still-2-vivo-film-jolefilm-tarantula-agitprop-scaled.jpg 1024w, https:\/\/cinema.video\/wp-content\/uploads\/2024\/09\/berlinguer-la-grande-ambizione-still-2-vivo-film-jolefilm-tarantula-agitprop-scaled.jpg 300w, https:\/\/cinema.video\/wp-content\/uploads\/2024\/09\/berlinguer-la-grande-ambizione-still-2-vivo-film-jolefilm-tarantula-agitprop-scaled.jpg 768w, https:\/\/cinema.video\/wp-content\/uploads\/2024\/09\/berlinguer-la-grande-ambizione-still-2-vivo-film-jolefilm-tarantula-agitprop-scaled.jpg 1536w, https:\/\/cinema.video\/wp-content\/uploads\/2024\/09\/berlinguer-la-grande-ambizione-still-2-vivo-film-jolefilm-tarantula-agitprop-scaled.jpg 2048w, https:\/\/cinema.video\/wp-content\/uploads\/2024\/09\/berlinguer-la-grande-ambizione-still-2-vivo-film-jolefilm-tarantula-agitprop-scaled.jpg 747w, https:\/\/cinema.video\/wp-content\/uploads\/2024\/09\/berlinguer-la-grande-ambizione-still-2-vivo-film-jolefilm-tarantula-agitprop-scaled.jpg 150w, https:\/\/cinema.video\/wp-content\/uploads\/2024\/09\/berlinguer-la-grande-ambizione-still-2-vivo-film-jolefilm-tarantula-agitprop-scaled.jpg 696w, https:\/\/cinema.video\/wp-content\/uploads\/2024\/09\/berlinguer-la-grande-ambizione-still-2-vivo-film-jolefilm-tarantula-agitprop-scaled.jpg 1068w, https:\/\/cinema.video\/wp-content\/uploads\/2024\/09\/berlinguer-la-grande-ambizione-still-2-vivo-film-jolefilm-tarantula-agitprop-scaled.jpg 1920w, https:\/\/cinema.video\/wp-content\/uploads\/2024\/09\/berlinguer-la-grande-ambizione-still-2-vivo-film-jolefilm-tarantula-agitprop-scaled.jpg 1392w\" sizes=\"auto, (max-width: 696px) 100vw, 696px\" \/><\/figure>\n\n\n\n<div class=\"wp-block-media-text is-stacked-on-mobile\"><figure class=\"wp-block-media-text__media\"><img loading=\"lazy\" decoding=\"async\" width=\"1024\" height=\"683\" src=\"https:\/\/cinema.video\/wp-content\/uploads\/2024\/09\/albero-1024x683.jpeg\" alt=\"\" class=\"wp-image-298185 size-full\" srcset=\"https:\/\/cinema.video\/wp-content\/uploads\/2024\/09\/albero-scaled.jpeg 1024w, https:\/\/cinema.video\/wp-content\/uploads\/2024\/09\/albero-scaled.jpeg 300w, https:\/\/cinema.video\/wp-content\/uploads\/2024\/09\/albero-scaled.jpeg 768w, https:\/\/cinema.video\/wp-content\/uploads\/2024\/09\/albero-scaled.jpeg 1536w, https:\/\/cinema.video\/wp-content\/uploads\/2024\/09\/albero-scaled.jpeg 2048w, https:\/\/cinema.video\/wp-content\/uploads\/2024\/09\/albero-scaled.jpeg 630w, https:\/\/cinema.video\/wp-content\/uploads\/2024\/09\/albero-scaled.jpeg 150w, https:\/\/cinema.video\/wp-content\/uploads\/2024\/09\/albero-scaled.jpeg 696w, https:\/\/cinema.video\/wp-content\/uploads\/2024\/09\/albero-scaled.jpeg 1068w, https:\/\/cinema.video\/wp-content\/uploads\/2024\/09\/albero-scaled.jpeg 1920w, https:\/\/cinema.video\/wp-content\/uploads\/2024\/09\/albero-scaled.jpeg 1392w\" sizes=\"auto, (max-width: 696px) 100vw, 696px\" \/><\/figure><div class=\"wp-block-media-text__content\">\n<p class=\"wp-block-paragraph\"><strong><em>L\u2019Albero<\/em><\/strong>, esordio alla regia di Sara Petraglia, ambientato nel quartiere romano del Pigneto, \u201ccontemporaneo, poetico, graffiante, interpretato da due delle attrici pi\u00f9 talentuose del momento: Tecla Inolia e Carlotta Gamba\u201d;<\/p>\n<\/div><\/div>\n\n\n\n<p class=\"wp-block-paragraph\"> &nbsp;<strong><em>L\u2019Isola degli Idealisti<\/em><\/strong>, con cui Elisabetta Sgarbi traspone dagli anni 40 agli anni \u201960 la vicenda raccontata dal romanzo perduto e poi ritrovato di Scerbanenco, e<\/p>\n\n\n\n<div class=\"wp-block-media-text is-stacked-on-mobile\"><figure class=\"wp-block-media-text__media\"><img loading=\"lazy\" decoding=\"async\" width=\"1024\" height=\"576\" src=\"https:\/\/cinema.video\/wp-content\/uploads\/2024\/09\/paradiso-in-vendita1202-todeschini-ph-f-di-carlo-1024x576.jpg\" alt=\"\" class=\"wp-image-298186 size-full\" srcset=\"https:\/\/cinema.video\/wp-content\/uploads\/2024\/09\/paradiso-in-vendita1202-todeschini-ph-f-di-carlo-scaled.jpg 1024w, https:\/\/cinema.video\/wp-content\/uploads\/2024\/09\/paradiso-in-vendita1202-todeschini-ph-f-di-carlo-scaled.jpg 300w, https:\/\/cinema.video\/wp-content\/uploads\/2024\/09\/paradiso-in-vendita1202-todeschini-ph-f-di-carlo-scaled.jpg 768w, https:\/\/cinema.video\/wp-content\/uploads\/2024\/09\/paradiso-in-vendita1202-todeschini-ph-f-di-carlo-scaled.jpg 1536w, https:\/\/cinema.video\/wp-content\/uploads\/2024\/09\/paradiso-in-vendita1202-todeschini-ph-f-di-carlo-scaled.jpg 2048w, https:\/\/cinema.video\/wp-content\/uploads\/2024\/09\/paradiso-in-vendita1202-todeschini-ph-f-di-carlo-scaled.jpg 747w, https:\/\/cinema.video\/wp-content\/uploads\/2024\/09\/paradiso-in-vendita1202-todeschini-ph-f-di-carlo-scaled.jpg 150w, https:\/\/cinema.video\/wp-content\/uploads\/2024\/09\/paradiso-in-vendita1202-todeschini-ph-f-di-carlo-scaled.jpg 696w, https:\/\/cinema.video\/wp-content\/uploads\/2024\/09\/paradiso-in-vendita1202-todeschini-ph-f-di-carlo-scaled.jpg 1068w, https:\/\/cinema.video\/wp-content\/uploads\/2024\/09\/paradiso-in-vendita1202-todeschini-ph-f-di-carlo-scaled.jpg 1920w, https:\/\/cinema.video\/wp-content\/uploads\/2024\/09\/paradiso-in-vendita1202-todeschini-ph-f-di-carlo-scaled.jpg 1392w\" sizes=\"auto, (max-width: 696px) 100vw, 696px\" \/><\/figure><div class=\"wp-block-media-text__content\">\n<p class=\"wp-block-paragraph\"> <strong><em>Paradiso in vendita<\/em><\/strong>, di Luca Barbareschi su un\u2019altra isola, immaginaria, della Sicilia (nella realt\u00e0 Filicudi dove il film \u00e8 stato girato e interpretato dai suoi veri abitanti) che un immaginario governo italiano in bancarotta decide di vendere ai francesi. La protagonista \u00e8 Donatella Finocchiaro.<\/p>\n<\/div><\/div>\n\n\n\n<p class=\"wp-block-paragraph\">Di regia italiana \u00e8 il film tedesco <strong><em>Es Geht um Luis<\/em><\/strong> ambientato Stoccarda, dove&nbsp; la vita difficile di una coppia in equilibrio precario viene sconvolta dalla scoperta che il figlio viene bullizzato. Lo dirige, all\u2019esordio, la regista genovese Lucia Chiarla.&nbsp;<\/p>\n\n\n\n<p class=\"wp-block-paragraph\"><\/p>\n\n\n\n<div class=\"wp-block-media-text is-stacked-on-mobile\" style=\"grid-template-columns:38% auto\"><figure class=\"wp-block-media-text__media\"><img loading=\"lazy\" decoding=\"async\" width=\"790\" height=\"1024\" src=\"https:\/\/cinema.video\/wp-content\/uploads\/2024\/09\/7.-READING-LOLITA-CAST-by-Eitan-Riklis-790x1024.jpg\" alt=\"\" class=\"wp-image-298183 size-full\" srcset=\"https:\/\/cinema.video\/wp-content\/uploads\/2024\/09\/7.-READING-LOLITA-CAST-by-Eitan-Riklis-scaled.jpg 790w, https:\/\/cinema.video\/wp-content\/uploads\/2024\/09\/7.-READING-LOLITA-CAST-by-Eitan-Riklis-scaled.jpg 232w, https:\/\/cinema.video\/wp-content\/uploads\/2024\/09\/7.-READING-LOLITA-CAST-by-Eitan-Riklis-scaled.jpg 768w, https:\/\/cinema.video\/wp-content\/uploads\/2024\/09\/7.-READING-LOLITA-CAST-by-Eitan-Riklis-scaled.jpg 1186w, https:\/\/cinema.video\/wp-content\/uploads\/2024\/09\/7.-READING-LOLITA-CAST-by-Eitan-Riklis-scaled.jpg 1581w, https:\/\/cinema.video\/wp-content\/uploads\/2024\/09\/7.-READING-LOLITA-CAST-by-Eitan-Riklis-scaled.jpg 324w, https:\/\/cinema.video\/wp-content\/uploads\/2024\/09\/7.-READING-LOLITA-CAST-by-Eitan-Riklis-scaled.jpg 150w, https:\/\/cinema.video\/wp-content\/uploads\/2024\/09\/7.-READING-LOLITA-CAST-by-Eitan-Riklis-scaled.jpg 300w, https:\/\/cinema.video\/wp-content\/uploads\/2024\/09\/7.-READING-LOLITA-CAST-by-Eitan-Riklis-scaled.jpg 696w, https:\/\/cinema.video\/wp-content\/uploads\/2024\/09\/7.-READING-LOLITA-CAST-by-Eitan-Riklis-scaled.jpg 1068w, https:\/\/cinema.video\/wp-content\/uploads\/2024\/09\/7.-READING-LOLITA-CAST-by-Eitan-Riklis-scaled.jpg 1920w, https:\/\/cinema.video\/wp-content\/uploads\/2024\/09\/7.-READING-LOLITA-CAST-by-Eitan-Riklis-scaled.jpg 1976w, https:\/\/cinema.video\/wp-content\/uploads\/2024\/09\/7.-READING-LOLITA-CAST-by-Eitan-Riklis-scaled.jpg 1392w\" sizes=\"auto, (max-width: 696px) 100vw, 696px\" \/><\/figure><div class=\"wp-block-media-text__content\">\n<p class=\"wp-block-paragraph\">L\u2019Italia \u00e8 poi presente in due importanti co-produzioni del <em>Concorso<\/em>: <strong><em>Reading Lolita a Teheran, <\/em><\/strong>tratto dal best seller del 2003 di Azar Nafisi, e diretto dall\u2019israeliano Eran Riklis (<em>Il Giardino dei Limoni <\/em>e <em>La Sposa Siriana<\/em>) \u00e8 prodotto da Gianluca Curti per <strong>Minerva<\/strong> e Marica Stocchi per <strong>Rosemont<\/strong> (con Rai Cinema). <\/p>\n<\/div><\/div>\n\n\n\n<p class=\"wp-block-paragraph\">Arriva poi a Roma da Toronto, dove ha vinto la sezione competitiva Platform, <strong><em>Polvo Ser\u00e1n<\/em><\/strong> di Carlos Marques-Marcet, co-prodotto da <strong>Kino Produzioni <\/strong>(ne parliamo <a href=\"https:\/\/cinema.video\/platform-tiff-vince-polvo-seran-co-prodotta-da-kino\"><strong>qui<\/strong><\/a>).<\/p>\n\n\n\n<p class=\"wp-block-paragraph\">Dopo La Morte \u00e8 un Problema dei Vivi torna in <em>Concorso<\/em> l\u2019amato regista finlandese Teemu Nikki con <strong><em>100 Litres of Gold<\/em><\/strong>, protagoniste due sorelle che producono birra e una terza che ne chiede centro litri per il suo matrimonio.<\/p>\n\n\n\n<figure class=\"wp-block-image size-large\"><img loading=\"lazy\" decoding=\"async\" width=\"1024\" height=\"576\" src=\"https:\/\/cinema.video\/wp-content\/uploads\/2024\/09\/elina-knihtilae_pirjo-lonka-photo-credit-rami-rusinen-1024x576.jpg\" alt=\"\" class=\"wp-image-298187\" srcset=\"https:\/\/cinema.video\/wp-content\/uploads\/2024\/09\/elina-knihtilae_pirjo-lonka-photo-credit-rami-rusinen-scaled.jpg 1024w, https:\/\/cinema.video\/wp-content\/uploads\/2024\/09\/elina-knihtilae_pirjo-lonka-photo-credit-rami-rusinen-scaled.jpg 300w, https:\/\/cinema.video\/wp-content\/uploads\/2024\/09\/elina-knihtilae_pirjo-lonka-photo-credit-rami-rusinen-scaled.jpg 768w, https:\/\/cinema.video\/wp-content\/uploads\/2024\/09\/elina-knihtilae_pirjo-lonka-photo-credit-rami-rusinen-scaled.jpg 1536w, https:\/\/cinema.video\/wp-content\/uploads\/2024\/09\/elina-knihtilae_pirjo-lonka-photo-credit-rami-rusinen-scaled.jpg 2048w, https:\/\/cinema.video\/wp-content\/uploads\/2024\/09\/elina-knihtilae_pirjo-lonka-photo-credit-rami-rusinen-scaled.jpg 747w, https:\/\/cinema.video\/wp-content\/uploads\/2024\/09\/elina-knihtilae_pirjo-lonka-photo-credit-rami-rusinen-scaled.jpg 150w, https:\/\/cinema.video\/wp-content\/uploads\/2024\/09\/elina-knihtilae_pirjo-lonka-photo-credit-rami-rusinen-scaled.jpg 696w, https:\/\/cinema.video\/wp-content\/uploads\/2024\/09\/elina-knihtilae_pirjo-lonka-photo-credit-rami-rusinen-scaled.jpg 1068w, https:\/\/cinema.video\/wp-content\/uploads\/2024\/09\/elina-knihtilae_pirjo-lonka-photo-credit-rami-rusinen-scaled.jpg 1920w, https:\/\/cinema.video\/wp-content\/uploads\/2024\/09\/elina-knihtilae_pirjo-lonka-photo-credit-rami-rusinen-scaled.jpg 1392w\" sizes=\"auto, (max-width: 696px) 100vw, 696px\" \/><\/figure>\n\n\n\n<p class=\"wp-block-paragraph\">Se, nell\u2019anno degli anniversari, sar\u00e0 molto celebrato Marcello Mastroianni, anche alla presenza della figlia Chiara, troviamo Cathrine Deneuve nel film&nbsp;in <em>Concorso<\/em>, <strong><em>Spirit World,<\/em><\/strong> di Eric Khoo, in cui interpreta una cantante francese a Tokyo.<\/p>\n\n\n\n<p class=\"wp-block-paragraph\">In <strong><em>The Trainer <\/em><\/strong>ci sono Tony Key, regista di American History X e di tanti video musicali, e un cast d&#8217;eccezione con il figlio di Julian Schnabel, Vito, oltre a Lenny Kravitz, Paris Hilton, Gus Van Sant.<\/p>\n\n\n\n<p class=\"wp-block-paragraph\">Le altre opere prime in <em>Concorso<\/em> arrivano dall\u2019Irlanda (<strong><em>Bring them Down<\/em><\/strong> di Christopher Andrews), dalla Cina (<strong><em>Kun Bang Shang Tian Tang <\/em>&#8211; <em>Bound in Heaven <\/em><\/strong>di Huo Xin), da Panama (<strong><em>Querido Tr\u00f3pico<\/em><\/strong> opera prima della documentarista Ana Endara con Paulina Garc\u00eda, Orso d\u2019Oro a Berlino per <em>Gloria); dal Belgio (<\/em><strong><em>La Nuit se Tra\u00eene<\/em><\/strong><em>, <\/em>di Michiel Blanchart).<\/p>\n\n\n\n<p class=\"wp-block-paragraph\">Tutte questi esordi si disputeranno il Premio Opera Prima: sono 12 in tutto, alle sopracitate in Concorso si aggiungono, dalla sezione <em><strong>Grand Public<\/strong><\/em>: <strong><em>La casa degli Sguardi <\/em><\/strong>di Luca Zingaretti (tratto dal romanzo di Daniele Mencarelli) , ha per protagonista Marco, ventenne incline all\u2019alcolismo che trova un padre putativo fra gli addetti alle pulizie dell\u2019ospedale Bambin Ges\u00f9. Ambientati a Napoli:&nbsp;<strong><em>Nottefonda <\/em><\/strong>di Giuseppe Miale di Mauro, interpretato da Francesco Di Leva&nbsp; e da suo figlio Mario, e <strong><em>Ciao Bambino<\/em><\/strong> di Edgardo Pistone, una delle ultime produzioni di <strong>Gaetano Di Vaio<\/strong> che Malanga ricorda affettuosamente dicendo \u201cil suo fiuto e la sua impronta restano sul grande schermo anche in questa storia d\u2019amore ostinata e difficile\u201d. <\/p>\n\n\n\n<p class=\"wp-block-paragraph\">E ancora <strong><em>Sunlight <\/em><\/strong>di Nina Conti, comedian e ventriloqua notissima in Gran Bretagna; <strong><em>On Falling <\/em><\/strong>della portoghese Laura Carreira, prodotto dalla 16 Films di Ken Loach; <strong><em>Grand Theft Hamlet<\/em> <\/strong>di Pinny Grylls, Sam Crane, e <strong><em>Pierce<\/em> <\/strong>esordio di Nelicia Low, campionessa di scherma di Singapore su due fratelli uniti da passione per la spada.<\/p>\n\n\n\n<p class=\"wp-block-paragraph\">In <em>Grand Public<\/em> troviamo inoltre: <strong><em>Eterno Visionario <\/em><\/strong>di Michele Placido, <strong><em>Conclave <\/em><\/strong>di Edward Berger; <strong><em>Fino alla Fine<\/em><\/strong> di Gabriele Muccino; <strong><em>Hey Joe<\/em> <\/strong>di Claudio Giovannesi; l\u2019horror sorpresa di questa estate, <strong><em>Longlegs<\/em><\/strong>di Osgood Perkins; il \u2018fight club italiano\u2019&nbsp; <strong><em>Mani Nude <\/em><\/strong>di Mauro Mancini; <strong><em>Il treno dei bambini <\/em><\/strong>di Cristina Comencini, <strong><em>Super Eroi <\/em><\/strong>di Stefano Chiantini; <strong><em>Storia di una Notte<\/em><\/strong> di Paola Costella; <strong><em>We live in Time <\/em><\/strong>di John Crowley con Florence Puigh e Andrew Garfield, e il ritorno pop dei Manetti Bros <strong><em>U.S. Palmese. <\/em><\/strong><\/p>\n\n\n\n<p class=\"wp-block-paragraph\">I Manetti saranno anche in<em> Proiezioni Speciali<\/em> con il cortometraggio <strong><em>La Casa di Tutti. <\/em><\/strong>La sezione ospiter\u00e0 anche <strong><em>100 di questi anni, <\/em><\/strong>l\u2019omaggio ai cento anni di Istituto Luce con otto corti diretti dai protagonisti della commedia italiana contemporanea (coproduzione con Alice nella citt\u00e0), e&nbsp;<strong><em>Le cose in frantumi luccicano<\/em><\/strong>, lo sguardo di giovani registe (Marta Basso, Sara Cecconi, Carlotta Cosmai, Alice Malingri, Lilian Sassanelli) sulla nascita del movimento femminista romano.<\/p>\n\n\n\n<p class=\"wp-block-paragraph\">Fra le serie:<strong><em> Il Conte di Montecristo, Avetrana; L\u2019Amica Geniale 4 e Vita da Carlo 3<\/em><\/strong><\/p>\n\n\n\n<figure class=\"wp-block-image size-large\"><img loading=\"lazy\" decoding=\"async\" width=\"1024\" height=\"683\" src=\"https:\/\/cinema.video\/wp-content\/uploads\/2024\/09\/lamica-geniale-2-1024x683.jpg\" alt=\"\" class=\"wp-image-298188\" srcset=\"https:\/\/cinema.video\/wp-content\/uploads\/2024\/09\/lamica-geniale-2-scaled.jpg 1024w, https:\/\/cinema.video\/wp-content\/uploads\/2024\/09\/lamica-geniale-2-scaled.jpg 300w, https:\/\/cinema.video\/wp-content\/uploads\/2024\/09\/lamica-geniale-2-scaled.jpg 768w, https:\/\/cinema.video\/wp-content\/uploads\/2024\/09\/lamica-geniale-2-scaled.jpg 1536w, https:\/\/cinema.video\/wp-content\/uploads\/2024\/09\/lamica-geniale-2-scaled.jpg 2048w, https:\/\/cinema.video\/wp-content\/uploads\/2024\/09\/lamica-geniale-2-scaled.jpg 630w, https:\/\/cinema.video\/wp-content\/uploads\/2024\/09\/lamica-geniale-2-scaled.jpg 150w, https:\/\/cinema.video\/wp-content\/uploads\/2024\/09\/lamica-geniale-2-scaled.jpg 696w, https:\/\/cinema.video\/wp-content\/uploads\/2024\/09\/lamica-geniale-2-scaled.jpg 1068w, https:\/\/cinema.video\/wp-content\/uploads\/2024\/09\/lamica-geniale-2-scaled.jpg 1920w, https:\/\/cinema.video\/wp-content\/uploads\/2024\/09\/lamica-geniale-2-scaled.jpg 1392w\" sizes=\"auto, (max-width: 696px) 100vw, 696px\" \/><figcaption class=\"wp-element-caption\">L&#8217;Amica Geniale 4<\/figcaption><\/figure>\n\n\n\n<p class=\"wp-block-paragraph\">Due premi alla Carriera a due grandi attori ora registi, che presenteranno a Roma la loro opera seconda: <strong>Viggo Mortensen <\/strong>(<strong><em>The Dead don\u2019t hurt<\/em><\/strong>) e <strong>Johnny Depp<\/strong> (<strong><em>Mod\u00ec<\/em><\/strong>).<\/p>\n\n\n\n<p class=\"wp-block-paragraph\">Mastercalss di <strong>Gael Garcia Bernal <\/strong>e Diego Luna a confronto, e di <strong>Saverio Costanzo<\/strong>, a vent\u2019anni dall\u2019uscita del suo esordio <em><strong>Private<\/strong><\/em>.<\/p>\n","protected":false},"excerpt":{"rendered":"<p>Oggi, 20 settembre, nel giorno del compleanno di Sofia Loren, si \u00e8 svolta la conferenza stampa della 19\u00b0 Festa del Cinema di Roma all\u2019interno del Teatro Olimpico, una delle nuove locations della manifestazione. \u201cUna vera internazionale del pubblico pi\u00f9 che della critica e degli appassionati, che si \u00e8 allargata sempre pi\u00f9 alla citt\u00e0, toccando quasi [&hellip;]<\/p>\n","protected":false},"author":2,"featured_media":298181,"comment_status":"closed","ping_status":"closed","sticky":false,"template":"","format":"standard","meta":{"googlesitekit_rrm_CAow3e7fCw:productID":"","_crdt_document":"","footnotes":""},"categories":[1],"tags":[514,356,842,488],"class_list":{"0":"post-298179","1":"post","2":"type-post","3":"status-publish","4":"format-standard","5":"has-post-thumbnail","7":"category-senza-categoria","8":"tag-cinecitta","9":"tag-focus","10":"tag-fondazione-cinema-per-roma","11":"tag-roma-lazio-film-commission"},"yoast_head":"<!-- This site is optimized with the Yoast SEO Premium plugin v27.4 (Yoast SEO v27.4) - https:\/\/yoast.com\/product\/yoast-seo-premium-wordpress\/ -->\n<title>Dal 16 ottobre Roma \u00e8 la Megalopolis del Cinema per il pubblico - Cinema &amp; Video International<\/title>\n<meta name=\"description\" content=\"Dal 16 ottobre Roma \u00e8 la Megalopolis del Cinema per il pubblico \u2013 dal 16 ottobre roma la megalopolis. Oggi, 20 settembre, nel giorno del compleanno di Sof\" \/>\n<meta name=\"robots\" content=\"index, follow, max-snippet:-1, max-image-preview:large, max-video-preview:-1\" \/>\n<link rel=\"canonical\" href=\"https:\/\/cinema.video\/it\/dal-16-ottobre-roma-e-la-megalopolis-del-cinema-per-il-pubblico\" \/>\n<meta property=\"og:locale\" content=\"it_IT\" \/>\n<meta property=\"og:type\" content=\"article\" \/>\n<meta property=\"og:title\" content=\"Dal 16 ottobre Roma \u00e8 la Megalopolis del Cinema per il pubblico\" \/>\n<meta property=\"og:description\" content=\"Dal 16 ottobre Roma \u00e8 la Megalopolis del Cinema per il pubblico \u2013 dal 16 ottobre roma la megalopolis. Oggi, 20 settembre, nel giorno del compleanno di Sof\" \/>\n<meta property=\"og:url\" content=\"https:\/\/cinema.video\/it\/dal-16-ottobre-roma-e-la-megalopolis-del-cinema-per-il-pubblico\" \/>\n<meta property=\"og:site_name\" content=\"Cinema &amp; Video International\" \/>\n<meta property=\"article:publisher\" content=\"https:\/\/www.facebook.com\/CinemaVideoInternational\/\" \/>\n<meta property=\"article:published_time\" content=\"2024-09-20T14:27:39+00:00\" \/>\n<meta property=\"article:modified_time\" content=\"2026-04-10T02:06:36+00:00\" \/>\n<meta property=\"og:image\" content=\"https:\/\/cinema.video\/wp-content\/uploads\/2024\/09\/\u00a9-2024-CAESAR-FILM-LLC.-ALL-RIGHTS-RESERVED-scaled.jpg\" \/>\n\t<meta property=\"og:image:width\" content=\"2560\" \/>\n\t<meta property=\"og:image:height\" content=\"1280\" \/>\n\t<meta property=\"og:image:type\" content=\"image\/jpeg\" \/>\n<meta name=\"author\" content=\"Carolina Mancini\" \/>\n<meta name=\"twitter:card\" content=\"summary_large_image\" \/>\n<meta name=\"twitter:label1\" content=\"Scritto da\" \/>\n\t<meta name=\"twitter:data1\" content=\"Carolina Mancini\" \/>\n\t<meta name=\"twitter:label2\" content=\"Tempo di lettura stimato\" \/>\n\t<meta name=\"twitter:data2\" content=\"7 minuti\" \/>\n<script type=\"application\/ld+json\" class=\"yoast-schema-graph\">{\"@context\":\"https:\\\/\\\/schema.org\",\"@graph\":[{\"@type\":\"Article\",\"@id\":\"https:\\\/\\\/cinema.video\\\/it\\\/dal-16-ottobre-roma-e-la-megalopolis-del-cinema-per-il-pubblico#article\",\"isPartOf\":{\"@id\":\"https:\\\/\\\/cinema.video\\\/it\\\/dal-16-ottobre-roma-e-la-megalopolis-del-cinema-per-il-pubblico\"},\"author\":{\"name\":\"Carolina Mancini\",\"@id\":\"https:\\\/\\\/cinema.video\\\/it#\\\/schema\\\/person\\\/d5479fad8d0f2360000eb4aab6bb6e5d\"},\"headline\":\"Dal 16 ottobre Roma \u00e8 la Megalopolis del Cinema per il pubblico\",\"datePublished\":\"2024-09-20T14:27:39+00:00\",\"dateModified\":\"2026-04-10T02:06:36+00:00\",\"mainEntityOfPage\":{\"@id\":\"https:\\\/\\\/cinema.video\\\/it\\\/dal-16-ottobre-roma-e-la-megalopolis-del-cinema-per-il-pubblico\"},\"wordCount\":1028,\"publisher\":{\"@id\":\"https:\\\/\\\/cinema.video\\\/it#organization\"},\"image\":{\"@id\":\"https:\\\/\\\/cinema.video\\\/it\\\/dal-16-ottobre-roma-e-la-megalopolis-del-cinema-per-il-pubblico#primaryimage\"},\"thumbnailUrl\":\"https:\\\/\\\/cinema.video\\\/wp-content\\\/uploads\\\/2024\\\/09\\\/\u00a9-2024-CAESAR-FILM-LLC.-ALL-RIGHTS-RESERVED-scaled.jpg\",\"keywords\":[\"CINECITT\u00c0\",\"focus\",\"Fondazione Cinema per Roma\",\"Roma Lazio Film Commission\"],\"inLanguage\":\"it-IT\"},{\"@type\":\"WebPage\",\"@id\":\"https:\\\/\\\/cinema.video\\\/it\\\/dal-16-ottobre-roma-e-la-megalopolis-del-cinema-per-il-pubblico\",\"url\":\"https:\\\/\\\/cinema.video\\\/it\\\/dal-16-ottobre-roma-e-la-megalopolis-del-cinema-per-il-pubblico\",\"name\":\"Dal 16 ottobre Roma \u00e8 la Megalopolis del Cinema per il pubblico - Cinema &amp; Video International\",\"isPartOf\":{\"@id\":\"https:\\\/\\\/cinema.video\\\/it#website\"},\"primaryImageOfPage\":{\"@id\":\"https:\\\/\\\/cinema.video\\\/it\\\/dal-16-ottobre-roma-e-la-megalopolis-del-cinema-per-il-pubblico#primaryimage\"},\"image\":{\"@id\":\"https:\\\/\\\/cinema.video\\\/it\\\/dal-16-ottobre-roma-e-la-megalopolis-del-cinema-per-il-pubblico#primaryimage\"},\"thumbnailUrl\":\"https:\\\/\\\/cinema.video\\\/wp-content\\\/uploads\\\/2024\\\/09\\\/\u00a9-2024-CAESAR-FILM-LLC.-ALL-RIGHTS-RESERVED-scaled.jpg\",\"datePublished\":\"2024-09-20T14:27:39+00:00\",\"dateModified\":\"2026-04-10T02:06:36+00:00\",\"description\":\"Dal 16 ottobre Roma \u00e8 la Megalopolis del Cinema per il pubblico \u2013 dal 16 ottobre roma la megalopolis. Oggi, 20 settembre, nel giorno del compleanno di Sof\",\"breadcrumb\":{\"@id\":\"https:\\\/\\\/cinema.video\\\/it\\\/dal-16-ottobre-roma-e-la-megalopolis-del-cinema-per-il-pubblico#breadcrumb\"},\"inLanguage\":\"it-IT\",\"potentialAction\":[{\"@type\":\"ReadAction\",\"target\":[\"https:\\\/\\\/cinema.video\\\/it\\\/dal-16-ottobre-roma-e-la-megalopolis-del-cinema-per-il-pubblico\"]}]},{\"@type\":\"ImageObject\",\"inLanguage\":\"it-IT\",\"@id\":\"https:\\\/\\\/cinema.video\\\/it\\\/dal-16-ottobre-roma-e-la-megalopolis-del-cinema-per-il-pubblico#primaryimage\",\"url\":\"https:\\\/\\\/cinema.video\\\/wp-content\\\/uploads\\\/2024\\\/09\\\/\u00a9-2024-CAESAR-FILM-LLC.-ALL-RIGHTS-RESERVED-scaled.jpg\",\"contentUrl\":\"https:\\\/\\\/cinema.video\\\/wp-content\\\/uploads\\\/2024\\\/09\\\/\u00a9-2024-CAESAR-FILM-LLC.-ALL-RIGHTS-RESERVED-scaled.jpg\",\"width\":2560,\"height\":1280,\"caption\":\"\u00a9 2024 CAESAR FILM LLC. ALL RIGHTS RESERVED.\"},{\"@type\":\"BreadcrumbList\",\"@id\":\"https:\\\/\\\/cinema.video\\\/it\\\/dal-16-ottobre-roma-e-la-megalopolis-del-cinema-per-il-pubblico#breadcrumb\",\"itemListElement\":[{\"@type\":\"ListItem\",\"position\":1,\"name\":\"Home\",\"item\":\"https:\\\/\\\/cinema.video\\\/it\\\/home-2\"},{\"@type\":\"ListItem\",\"position\":2,\"name\":\"Dal 16 ottobre Roma \u00e8 la Megalopolis del Cinema per il pubblico\"}]},{\"@type\":\"WebSite\",\"@id\":\"https:\\\/\\\/cinema.video\\\/it#website\",\"url\":\"https:\\\/\\\/cinema.video\\\/it\",\"name\":\"Cinema & Video International\",\"description\":\"Film &amp; Audiovisual Industry Trade Magazine\",\"publisher\":{\"@id\":\"https:\\\/\\\/cinema.video\\\/it#organization\"},\"alternateName\":\"Cinema & Video\",\"potentialAction\":[{\"@type\":\"SearchAction\",\"target\":{\"@type\":\"EntryPoint\",\"urlTemplate\":\"https:\\\/\\\/cinema.video\\\/it?s={search_term_string}\"},\"query-input\":{\"@type\":\"PropertyValueSpecification\",\"valueRequired\":true,\"valueName\":\"search_term_string\"}}],\"inLanguage\":\"it-IT\"},{\"@type\":\"Organization\",\"@id\":\"https:\\\/\\\/cinema.video\\\/it#organization\",\"name\":\"Cinema & Video\",\"url\":\"https:\\\/\\\/cinema.video\\\/it\",\"logo\":{\"@type\":\"ImageObject\",\"inLanguage\":\"it-IT\",\"@id\":\"https:\\\/\\\/cinema.video\\\/it#\\\/schema\\\/logo\\\/image\\\/\",\"url\":\"https:\\\/\\\/cinema.video\\\/wp-content\\\/uploads\\\/2026\\\/04\\\/CinemVideo_LogoBlack.png\",\"contentUrl\":\"https:\\\/\\\/cinema.video\\\/wp-content\\\/uploads\\\/2026\\\/04\\\/CinemVideo_LogoBlack.png\",\"width\":1336,\"height\":224,\"caption\":\"Cinema & Video\"},\"image\":{\"@id\":\"https:\\\/\\\/cinema.video\\\/it#\\\/schema\\\/logo\\\/image\\\/\"},\"sameAs\":[\"https:\\\/\\\/www.facebook.com\\\/CinemaVideoInternational\\\/\",\"https:\\\/\\\/www.instagram.com\\\/cinemaevideointernational\\\/\",\"https:\\\/\\\/it.linkedin.com\\\/company\\\/cinema-video-international\"],\"description\":\"Media Consulting & Marketing Agency\",\"email\":\"hello@darostudio.com\",\"legalName\":\"DARO studio LLC\",\"foundingDate\":\"2021-02-16\",\"numberOfEmployees\":{\"@type\":\"QuantitativeValue\",\"minValue\":\"1\",\"maxValue\":\"10\"}},{\"@type\":\"Person\",\"@id\":\"https:\\\/\\\/cinema.video\\\/it#\\\/schema\\\/person\\\/d5479fad8d0f2360000eb4aab6bb6e5d\",\"name\":\"Carolina Mancini\",\"image\":{\"@type\":\"ImageObject\",\"inLanguage\":\"it-IT\",\"@id\":\"https:\\\/\\\/secure.gravatar.com\\\/avatar\\\/d4758965c5e8730dbaaa7131a628547771a26c1e5bf14fe323d96f8246a62baf?s=96&d=mm&r=g\",\"url\":\"https:\\\/\\\/secure.gravatar.com\\\/avatar\\\/d4758965c5e8730dbaaa7131a628547771a26c1e5bf14fe323d96f8246a62baf?s=96&d=mm&r=g\",\"contentUrl\":\"https:\\\/\\\/secure.gravatar.com\\\/avatar\\\/d4758965c5e8730dbaaa7131a628547771a26c1e5bf14fe323d96f8246a62baf?s=96&d=mm&r=g\",\"caption\":\"Carolina Mancini\"},\"url\":\"https:\\\/\\\/cinema.video\\\/it\\\/author\\\/carolin\"}]}<\/script>\n<!-- \/ Yoast SEO Premium plugin. -->","yoast_head_json":{"title":"Dal 16 ottobre Roma \u00e8 la Megalopolis del Cinema per il pubblico - Cinema &amp; Video International","description":"Dal 16 ottobre Roma \u00e8 la Megalopolis del Cinema per il pubblico \u2013 dal 16 ottobre roma la megalopolis. Oggi, 20 settembre, nel giorno del compleanno di Sof","robots":{"index":"index","follow":"follow","max-snippet":"max-snippet:-1","max-image-preview":"max-image-preview:large","max-video-preview":"max-video-preview:-1"},"canonical":"https:\/\/cinema.video\/it\/dal-16-ottobre-roma-e-la-megalopolis-del-cinema-per-il-pubblico","og_locale":"it_IT","og_type":"article","og_title":"Dal 16 ottobre Roma \u00e8 la Megalopolis del Cinema per il pubblico","og_description":"Dal 16 ottobre Roma \u00e8 la Megalopolis del Cinema per il pubblico \u2013 dal 16 ottobre roma la megalopolis. Oggi, 20 settembre, nel giorno del compleanno di Sof","og_url":"https:\/\/cinema.video\/it\/dal-16-ottobre-roma-e-la-megalopolis-del-cinema-per-il-pubblico","og_site_name":"Cinema &amp; Video International","article_publisher":"https:\/\/www.facebook.com\/CinemaVideoInternational\/","article_published_time":"2024-09-20T14:27:39+00:00","article_modified_time":"2026-04-10T02:06:36+00:00","og_image":[{"width":2560,"height":1280,"url":"https:\/\/cinema.video\/wp-content\/uploads\/2024\/09\/\u00a9-2024-CAESAR-FILM-LLC.-ALL-RIGHTS-RESERVED-scaled.jpg","type":"image\/jpeg"}],"author":"Carolina Mancini","twitter_card":"summary_large_image","twitter_misc":{"Scritto da":"Carolina Mancini","Tempo di lettura stimato":"7 minuti"},"schema":{"@context":"https:\/\/schema.org","@graph":[{"@type":"Article","@id":"https:\/\/cinema.video\/it\/dal-16-ottobre-roma-e-la-megalopolis-del-cinema-per-il-pubblico#article","isPartOf":{"@id":"https:\/\/cinema.video\/it\/dal-16-ottobre-roma-e-la-megalopolis-del-cinema-per-il-pubblico"},"author":{"name":"Carolina Mancini","@id":"https:\/\/cinema.video\/it#\/schema\/person\/d5479fad8d0f2360000eb4aab6bb6e5d"},"headline":"Dal 16 ottobre Roma \u00e8 la Megalopolis del Cinema per il pubblico","datePublished":"2024-09-20T14:27:39+00:00","dateModified":"2026-04-10T02:06:36+00:00","mainEntityOfPage":{"@id":"https:\/\/cinema.video\/it\/dal-16-ottobre-roma-e-la-megalopolis-del-cinema-per-il-pubblico"},"wordCount":1028,"publisher":{"@id":"https:\/\/cinema.video\/it#organization"},"image":{"@id":"https:\/\/cinema.video\/it\/dal-16-ottobre-roma-e-la-megalopolis-del-cinema-per-il-pubblico#primaryimage"},"thumbnailUrl":"https:\/\/cinema.video\/wp-content\/uploads\/2024\/09\/\u00a9-2024-CAESAR-FILM-LLC.-ALL-RIGHTS-RESERVED-scaled.jpg","keywords":["CINECITT\u00c0","focus","Fondazione Cinema per Roma","Roma Lazio Film Commission"],"inLanguage":"it-IT"},{"@type":"WebPage","@id":"https:\/\/cinema.video\/it\/dal-16-ottobre-roma-e-la-megalopolis-del-cinema-per-il-pubblico","url":"https:\/\/cinema.video\/it\/dal-16-ottobre-roma-e-la-megalopolis-del-cinema-per-il-pubblico","name":"Dal 16 ottobre Roma \u00e8 la Megalopolis del Cinema per il pubblico - Cinema &amp; Video International","isPartOf":{"@id":"https:\/\/cinema.video\/it#website"},"primaryImageOfPage":{"@id":"https:\/\/cinema.video\/it\/dal-16-ottobre-roma-e-la-megalopolis-del-cinema-per-il-pubblico#primaryimage"},"image":{"@id":"https:\/\/cinema.video\/it\/dal-16-ottobre-roma-e-la-megalopolis-del-cinema-per-il-pubblico#primaryimage"},"thumbnailUrl":"https:\/\/cinema.video\/wp-content\/uploads\/2024\/09\/\u00a9-2024-CAESAR-FILM-LLC.-ALL-RIGHTS-RESERVED-scaled.jpg","datePublished":"2024-09-20T14:27:39+00:00","dateModified":"2026-04-10T02:06:36+00:00","description":"Dal 16 ottobre Roma \u00e8 la Megalopolis del Cinema per il pubblico \u2013 dal 16 ottobre roma la megalopolis. Oggi, 20 settembre, nel giorno del compleanno di Sof","breadcrumb":{"@id":"https:\/\/cinema.video\/it\/dal-16-ottobre-roma-e-la-megalopolis-del-cinema-per-il-pubblico#breadcrumb"},"inLanguage":"it-IT","potentialAction":[{"@type":"ReadAction","target":["https:\/\/cinema.video\/it\/dal-16-ottobre-roma-e-la-megalopolis-del-cinema-per-il-pubblico"]}]},{"@type":"ImageObject","inLanguage":"it-IT","@id":"https:\/\/cinema.video\/it\/dal-16-ottobre-roma-e-la-megalopolis-del-cinema-per-il-pubblico#primaryimage","url":"https:\/\/cinema.video\/wp-content\/uploads\/2024\/09\/\u00a9-2024-CAESAR-FILM-LLC.-ALL-RIGHTS-RESERVED-scaled.jpg","contentUrl":"https:\/\/cinema.video\/wp-content\/uploads\/2024\/09\/\u00a9-2024-CAESAR-FILM-LLC.-ALL-RIGHTS-RESERVED-scaled.jpg","width":2560,"height":1280,"caption":"\u00a9 2024 CAESAR FILM LLC. ALL RIGHTS RESERVED."},{"@type":"BreadcrumbList","@id":"https:\/\/cinema.video\/it\/dal-16-ottobre-roma-e-la-megalopolis-del-cinema-per-il-pubblico#breadcrumb","itemListElement":[{"@type":"ListItem","position":1,"name":"Home","item":"https:\/\/cinema.video\/it\/home-2"},{"@type":"ListItem","position":2,"name":"Dal 16 ottobre Roma \u00e8 la Megalopolis del Cinema per il pubblico"}]},{"@type":"WebSite","@id":"https:\/\/cinema.video\/it#website","url":"https:\/\/cinema.video\/it","name":"Cinema & Video International","description":"Film &amp; Audiovisual Industry Trade Magazine","publisher":{"@id":"https:\/\/cinema.video\/it#organization"},"alternateName":"Cinema & Video","potentialAction":[{"@type":"SearchAction","target":{"@type":"EntryPoint","urlTemplate":"https:\/\/cinema.video\/it?s={search_term_string}"},"query-input":{"@type":"PropertyValueSpecification","valueRequired":true,"valueName":"search_term_string"}}],"inLanguage":"it-IT"},{"@type":"Organization","@id":"https:\/\/cinema.video\/it#organization","name":"Cinema & Video","url":"https:\/\/cinema.video\/it","logo":{"@type":"ImageObject","inLanguage":"it-IT","@id":"https:\/\/cinema.video\/it#\/schema\/logo\/image\/","url":"https:\/\/cinema.video\/wp-content\/uploads\/2026\/04\/CinemVideo_LogoBlack.png","contentUrl":"https:\/\/cinema.video\/wp-content\/uploads\/2026\/04\/CinemVideo_LogoBlack.png","width":1336,"height":224,"caption":"Cinema & Video"},"image":{"@id":"https:\/\/cinema.video\/it#\/schema\/logo\/image\/"},"sameAs":["https:\/\/www.facebook.com\/CinemaVideoInternational\/","https:\/\/www.instagram.com\/cinemaevideointernational\/","https:\/\/it.linkedin.com\/company\/cinema-video-international"],"description":"Media Consulting & Marketing Agency","email":"hello@darostudio.com","legalName":"DARO studio LLC","foundingDate":"2021-02-16","numberOfEmployees":{"@type":"QuantitativeValue","minValue":"1","maxValue":"10"}},{"@type":"Person","@id":"https:\/\/cinema.video\/it#\/schema\/person\/d5479fad8d0f2360000eb4aab6bb6e5d","name":"Carolina Mancini","image":{"@type":"ImageObject","inLanguage":"it-IT","@id":"https:\/\/secure.gravatar.com\/avatar\/d4758965c5e8730dbaaa7131a628547771a26c1e5bf14fe323d96f8246a62baf?s=96&d=mm&r=g","url":"https:\/\/secure.gravatar.com\/avatar\/d4758965c5e8730dbaaa7131a628547771a26c1e5bf14fe323d96f8246a62baf?s=96&d=mm&r=g","contentUrl":"https:\/\/secure.gravatar.com\/avatar\/d4758965c5e8730dbaaa7131a628547771a26c1e5bf14fe323d96f8246a62baf?s=96&d=mm&r=g","caption":"Carolina Mancini"},"url":"https:\/\/cinema.video\/it\/author\/carolin"}]}},"jetpack_featured_media_url":"https:\/\/cinema.video\/wp-content\/uploads\/2024\/09\/\u00a9-2024-CAESAR-FILM-LLC.-ALL-RIGHTS-RESERVED-scaled.jpg","jetpack_shortlink":"https:\/\/wp.me\/ph672m-1fzl","_links":{"self":[{"href":"https:\/\/cinema.video\/it\/wp-json\/wp\/v2\/posts\/298179","targetHints":{"allow":["GET"]}}],"collection":[{"href":"https:\/\/cinema.video\/it\/wp-json\/wp\/v2\/posts"}],"about":[{"href":"https:\/\/cinema.video\/it\/wp-json\/wp\/v2\/types\/post"}],"author":[{"embeddable":true,"href":"https:\/\/cinema.video\/it\/wp-json\/wp\/v2\/users\/2"}],"replies":[{"embeddable":true,"href":"https:\/\/cinema.video\/it\/wp-json\/wp\/v2\/comments?post=298179"}],"version-history":[{"count":1,"href":"https:\/\/cinema.video\/it\/wp-json\/wp\/v2\/posts\/298179\/revisions"}],"predecessor-version":[{"id":309457,"href":"https:\/\/cinema.video\/it\/wp-json\/wp\/v2\/posts\/298179\/revisions\/309457"}],"wp:featuredmedia":[{"embeddable":true,"href":"https:\/\/cinema.video\/it\/wp-json\/wp\/v2\/media\/298181"}],"wp:attachment":[{"href":"https:\/\/cinema.video\/it\/wp-json\/wp\/v2\/media?parent=298179"}],"wp:term":[{"taxonomy":"category","embeddable":true,"href":"https:\/\/cinema.video\/it\/wp-json\/wp\/v2\/categories?post=298179"},{"taxonomy":"post_tag","embeddable":true,"href":"https:\/\/cinema.video\/it\/wp-json\/wp\/v2\/tags?post=298179"}],"curies":[{"name":"wp","href":"https:\/\/api.w.org\/{rel}","templated":true}]}}