{"id":298076,"date":"2024-09-06T10:27:44","date_gmt":"2024-09-06T08:27:44","guid":{"rendered":"https:\/\/cinema.video\/?p=298076"},"modified":"2026-04-10T04:06:30","modified_gmt":"2026-04-10T02:06:30","slug":"gda-a-alpha-il-21-europe-cinemas-label","status":"publish","type":"post","link":"https:\/\/cinema.video\/it\/gda-a-alpha-il-21-europe-cinemas-label","title":{"rendered":"GDA A Alpha il 21\u00b0 Europe Cinemas Label"},"content":{"rendered":"\n<p class=\"wp-block-paragraph\"><strong><em>Alpha.<\/em><\/strong>, il film del regista olandese\u00a0<strong>Jan-Willem van Ewijk<\/strong>, ha vinto il 21\u00b0 <strong>Europa Cinemas Label\u00a0<\/strong>come miglior film europeo nella sezione Giornate degli Autori alla Mostra del Cinema di Venezia.<\/p>\n\n\n\n<p class=\"wp-block-paragraph\">Ad assegnarlo, la giuria composta da quattro esercenti del <strong>Network Europa Cinemas<\/strong> composta da:\u00a0<strong>Daira \u0100boli\u0146a<\/strong>\u00a0(Splendid Palace, Riga, Lettonia),\u00a0<strong>Ant\u00f3nio Costa Valente<\/strong>\u00a0(Teatro Aveirense, Aveiro, Portogallo),\u00a0<strong>Andrea Porta<\/strong>\u00a0(Cinema Teatro Nuovo, Varese, Italia) e\u00a0<strong>Jana Trnkov\u00e1<\/strong>\u00a0(Kino Sv\u011btozor, Praga, Repubblica Ceca). <\/p>\n\n\n\n<p class=\"wp-block-paragraph\">Questa la motivazione: &#8220;Siamo rimasti tutti molto colpiti dalla sceneggiatura, l\u2019editing, la fotografia e dallo sviluppo dei personaggi in questo studio dinamico e credibile della relazione tra padre e figlio. Ci \u00e8 piaciuta anche la scelta della musica e l\u2019assenza di qualunque tipo di sentimentalismo. I loro atteggiamenti e le loro scaramucce a inizio film vengono ridimensionati di fronte alla grandezza e potenza della montagna. Il film \u00e8 girato in maniera meravigliosa ma il regista non permette mai che l\u2019attenzione del pubblico si sposti dall\u2019intensit\u00e0 dell\u2019interazione emotiva e fisica tra padre e figlio intenti a fronteggiare una lotta per la sopravvivenza. Un vero tour de force con cui pensiamo che il pubblico possa immedesimarsi. Congratulazioni!\u201d.<\/p>\n\n\n\n<p class=\"wp-block-paragraph\"> Il protagonista del film \u00e8 Rein, che dopo la morte della madre, si trasferisce in un piccolo villaggio delle Alpi per immergersi nella natura, meditare e lavorare come maestro di snowboard. La tranquillit\u00e0 termina quando l\u2019invadente padre gli fa visita. Gijs \u00e8 l\u2019indiscusso protagonista di un\u2019escursione sugli sci. Sa essere affascinante con tutti e, inoltre, inizia a flirtare con Laura, la nuova fidanzata di Rein, togliendo spazio al figlio. Non passa molto tempo, prima che Rein ne abbia abbastanza. Perci\u00f2, trascina il padre lontano dal gruppo. I due proseguono la loro escursione da soli. La tensione \u00e8 palpabile. Gijs si sente sempre pi\u00f9 a disagio su un terreno cos\u00ec ripido e pericoloso, ma Rein, nonostante le suppliche del padre, lo costringe a salire fino alla cima. Improvvisamente, la natura si scatena violentemente, trasformando la loro meschina lotta per il potere, in una prova di sopravvivenza.\u00a0<\/p>\n\n\n\n<p class=\"wp-block-paragraph\">Il film \u00e8 una produzione <strong>BALDR Film<\/strong>, una co-produzione <strong>Lomotion Stargara<\/strong>, in collaborazione con VPRO, SRF, Blu con il supporto del Netherlands Film Fund, Netherlands Film Production Incentive, CoBO, Slovenian Film Centre, Ministero della Cultura della Slovenia, Federal Office of Culture (FOC), Creative Europe Media e Burgermeinde Bern. Il produttore \u00e8 Frank Hoeve, insieme ai co-produttori Magdalena Welter, Louis Matar\u00e9, Jo\u017eko Rutar, Miha \u010cernec, Martien Vlietman.\u00a0<\/p>\n\n\n\n<p class=\"wp-block-paragraph\">Ha goduto  del supporto logistico e organizzativo della <strong>Friuli Venezia Giulia Film Commission<\/strong>, anche sfruttando alcune piattaforme di servizi di <strong>PromoTurismoFVG<\/strong>, come l\u2019utilizzo degli impianti di risalita (telecabina del Canin e Funifor-Prevala) e di mezzi tecnici. Il film, infatti, ha avuto come ambientazione principale il comprensorio sciistico di Sella Nevea, toccando entrambi i versanti del Monte Canin. Coinvolta anche la localit\u00e0 di Valbruna, in Val Saisera.<\/p>\n\n\n\n<p class=\"wp-block-paragraph\">La sceneggiatura \u00e8 di Jan-Willem van Ewijk, fotografia di Douwe Hennink, NSC, montaggio di Sander Vos NCE e Eline Bakker, musiche di Ella van der Woude, suono di Vincent Sinceretti, scenografia di Miha Knific e costumi di Anne-Sophie Raemy. Gli attori sono Reinout Scholten van Aschat (Rein), Gijs Scholten van Aschat (Gijs), Pia Amofa (Laura), Julien Genoud (Julien), Daria Fuchs (Anna), Pia Nikoli\u0107 (Priska) e Kaija Lederberger (Helicopter Pilot).<\/p>\n","protected":false},"excerpt":{"rendered":"<p>Il film del regista olandese Jan-Willem van Ewijk \u00e8 stato girato in Friuli Venezia Giulia con il supporto logistico e organizzativo della Friuli Venezia Giulia Film Commission<\/p>\n","protected":false},"author":26,"featured_media":298077,"comment_status":"closed","ping_status":"closed","sticky":false,"template":"","format":"standard","meta":{"googlesitekit_rrm_CAow3e7fCw:productID":"","_crdt_document":"","footnotes":""},"categories":[1],"tags":[1694],"class_list":{"0":"post-298076","1":"post","2":"type-post","3":"status-publish","4":"format-standard","5":"has-post-thumbnail","7":"category-senza-categoria","8":"tag-venice-film-festival"},"yoast_head":"<!-- This site is optimized with the Yoast SEO Premium plugin v27.4 (Yoast SEO v27.5) - https:\/\/yoast.com\/product\/yoast-seo-premium-wordpress\/ -->\n<title>GDA A Alpha il 21\u00b0 Europe Cinemas Label - Cinema &amp; Video International<\/title>\n<meta name=\"description\" content=\"GDA A Alpha il 21\u00b0 Europe Cinemas Label \u2013 gda a alpha il 21 europe. Alpha., il film del regista olandese\u00a0Jan-Willem van Ewijk, ha vinto il 21\u00b0 Europa Cine\" \/>\n<meta name=\"robots\" content=\"index, follow, max-snippet:-1, max-image-preview:large, max-video-preview:-1\" \/>\n<link rel=\"canonical\" href=\"https:\/\/cinema.video\/it\/gda-a-alpha-il-21-europe-cinemas-label\" \/>\n<meta property=\"og:locale\" content=\"it_IT\" \/>\n<meta property=\"og:type\" content=\"article\" \/>\n<meta property=\"og:title\" content=\"GDA A Alpha il 21\u00b0 Europe Cinemas Label\" \/>\n<meta property=\"og:description\" content=\"GDA A Alpha il 21\u00b0 Europe Cinemas Label \u2013 gda a alpha il 21 europe. Alpha., il film del regista olandese\u00a0Jan-Willem van Ewijk, ha vinto il 21\u00b0 Europa Cine\" \/>\n<meta property=\"og:url\" content=\"https:\/\/cinema.video\/it\/gda-a-alpha-il-21-europe-cinemas-label\" \/>\n<meta property=\"og:site_name\" content=\"Cinema &amp; Video International\" \/>\n<meta property=\"article:publisher\" content=\"https:\/\/www.facebook.com\/CinemaVideoInternational\/\" \/>\n<meta property=\"article:published_time\" content=\"2024-09-06T08:27:44+00:00\" \/>\n<meta property=\"article:modified_time\" content=\"2026-04-10T02:06:30+00:00\" \/>\n<meta property=\"og:image\" content=\"https:\/\/cinema.video\/wp-content\/uploads\/2024\/09\/Still-1-Alpha-copyright-Douwe-Hennink-Frank-Hoeve-scaled.jpg\" \/>\n\t<meta property=\"og:image:width\" content=\"2560\" \/>\n\t<meta property=\"og:image:height\" content=\"1923\" \/>\n\t<meta property=\"og:image:type\" content=\"image\/jpeg\" \/>\n<meta name=\"author\" content=\"Redazione\" \/>\n<meta name=\"twitter:card\" content=\"summary_large_image\" \/>\n<meta name=\"twitter:label1\" content=\"Scritto da\" \/>\n\t<meta name=\"twitter:data1\" content=\"Redazione\" \/>\n\t<meta name=\"twitter:label2\" content=\"Tempo di lettura stimato\" \/>\n\t<meta name=\"twitter:data2\" content=\"4 minuti\" \/>\n<script type=\"application\/ld+json\" class=\"yoast-schema-graph\">{\"@context\":\"https:\\\/\\\/schema.org\",\"@graph\":[{\"@type\":\"Article\",\"@id\":\"https:\\\/\\\/cinema.video\\\/it\\\/gda-a-alpha-il-21-europe-cinemas-label#article\",\"isPartOf\":{\"@id\":\"https:\\\/\\\/cinema.video\\\/it\\\/gda-a-alpha-il-21-europe-cinemas-label\"},\"author\":{\"name\":\"Redazione\",\"@id\":\"https:\\\/\\\/cinema.video\\\/it#\\\/schema\\\/person\\\/aeb01b91d874e8b01e76a1db04c668c6\"},\"headline\":\"GDA A Alpha il 21\u00b0 Europe Cinemas Label\",\"datePublished\":\"2024-09-06T08:27:44+00:00\",\"dateModified\":\"2026-04-10T02:06:30+00:00\",\"mainEntityOfPage\":{\"@id\":\"https:\\\/\\\/cinema.video\\\/it\\\/gda-a-alpha-il-21-europe-cinemas-label\"},\"wordCount\":545,\"publisher\":{\"@id\":\"https:\\\/\\\/cinema.video\\\/it#organization\"},\"image\":{\"@id\":\"https:\\\/\\\/cinema.video\\\/it\\\/gda-a-alpha-il-21-europe-cinemas-label#primaryimage\"},\"thumbnailUrl\":\"https:\\\/\\\/cinema.video\\\/wp-content\\\/uploads\\\/2024\\\/09\\\/Still-1-Alpha-copyright-Douwe-Hennink-Frank-Hoeve-scaled.jpg\",\"keywords\":[\"VENICE FILM FESTIVAL\"],\"inLanguage\":\"it-IT\"},{\"@type\":\"WebPage\",\"@id\":\"https:\\\/\\\/cinema.video\\\/it\\\/gda-a-alpha-il-21-europe-cinemas-label\",\"url\":\"https:\\\/\\\/cinema.video\\\/it\\\/gda-a-alpha-il-21-europe-cinemas-label\",\"name\":\"GDA A Alpha il 21\u00b0 Europe Cinemas Label - Cinema &amp; Video International\",\"isPartOf\":{\"@id\":\"https:\\\/\\\/cinema.video\\\/it#website\"},\"primaryImageOfPage\":{\"@id\":\"https:\\\/\\\/cinema.video\\\/it\\\/gda-a-alpha-il-21-europe-cinemas-label#primaryimage\"},\"image\":{\"@id\":\"https:\\\/\\\/cinema.video\\\/it\\\/gda-a-alpha-il-21-europe-cinemas-label#primaryimage\"},\"thumbnailUrl\":\"https:\\\/\\\/cinema.video\\\/wp-content\\\/uploads\\\/2024\\\/09\\\/Still-1-Alpha-copyright-Douwe-Hennink-Frank-Hoeve-scaled.jpg\",\"datePublished\":\"2024-09-06T08:27:44+00:00\",\"dateModified\":\"2026-04-10T02:06:30+00:00\",\"description\":\"GDA A Alpha il 21\u00b0 Europe Cinemas Label \u2013 gda a alpha il 21 europe. Alpha., il film del regista olandese\u00a0Jan-Willem van Ewijk, ha vinto il 21\u00b0 Europa Cine\",\"breadcrumb\":{\"@id\":\"https:\\\/\\\/cinema.video\\\/it\\\/gda-a-alpha-il-21-europe-cinemas-label#breadcrumb\"},\"inLanguage\":\"it-IT\",\"potentialAction\":[{\"@type\":\"ReadAction\",\"target\":[\"https:\\\/\\\/cinema.video\\\/it\\\/gda-a-alpha-il-21-europe-cinemas-label\"]}]},{\"@type\":\"ImageObject\",\"inLanguage\":\"it-IT\",\"@id\":\"https:\\\/\\\/cinema.video\\\/it\\\/gda-a-alpha-il-21-europe-cinemas-label#primaryimage\",\"url\":\"https:\\\/\\\/cinema.video\\\/wp-content\\\/uploads\\\/2024\\\/09\\\/Still-1-Alpha-copyright-Douwe-Hennink-Frank-Hoeve-scaled.jpg\",\"contentUrl\":\"https:\\\/\\\/cinema.video\\\/wp-content\\\/uploads\\\/2024\\\/09\\\/Still-1-Alpha-copyright-Douwe-Hennink-Frank-Hoeve-scaled.jpg\",\"width\":2560,\"height\":1923,\"caption\":\"foto di Douwe Hennink Frank Hoeve\"},{\"@type\":\"BreadcrumbList\",\"@id\":\"https:\\\/\\\/cinema.video\\\/it\\\/gda-a-alpha-il-21-europe-cinemas-label#breadcrumb\",\"itemListElement\":[{\"@type\":\"ListItem\",\"position\":1,\"name\":\"Home\",\"item\":\"https:\\\/\\\/cinema.video\\\/it\\\/home-2\"},{\"@type\":\"ListItem\",\"position\":2,\"name\":\"GDA A Alpha il 21\u00b0 Europe Cinemas Label\"}]},{\"@type\":\"WebSite\",\"@id\":\"https:\\\/\\\/cinema.video\\\/it#website\",\"url\":\"https:\\\/\\\/cinema.video\\\/it\",\"name\":\"Cinema & Video International\",\"description\":\"Film &amp; Audiovisual Industry Trade Magazine\",\"publisher\":{\"@id\":\"https:\\\/\\\/cinema.video\\\/it#organization\"},\"alternateName\":\"Cinema & Video\",\"potentialAction\":[{\"@type\":\"SearchAction\",\"target\":{\"@type\":\"EntryPoint\",\"urlTemplate\":\"https:\\\/\\\/cinema.video\\\/it?s={search_term_string}\"},\"query-input\":{\"@type\":\"PropertyValueSpecification\",\"valueRequired\":true,\"valueName\":\"search_term_string\"}}],\"inLanguage\":\"it-IT\"},{\"@type\":\"Organization\",\"@id\":\"https:\\\/\\\/cinema.video\\\/it#organization\",\"name\":\"Cinema & Video\",\"url\":\"https:\\\/\\\/cinema.video\\\/it\",\"logo\":{\"@type\":\"ImageObject\",\"inLanguage\":\"it-IT\",\"@id\":\"https:\\\/\\\/cinema.video\\\/it#\\\/schema\\\/logo\\\/image\\\/\",\"url\":\"https:\\\/\\\/cinema.video\\\/wp-content\\\/uploads\\\/2026\\\/04\\\/CinemVideo_LogoBlack.png\",\"contentUrl\":\"https:\\\/\\\/cinema.video\\\/wp-content\\\/uploads\\\/2026\\\/04\\\/CinemVideo_LogoBlack.png\",\"width\":1336,\"height\":224,\"caption\":\"Cinema & Video\"},\"image\":{\"@id\":\"https:\\\/\\\/cinema.video\\\/it#\\\/schema\\\/logo\\\/image\\\/\"},\"sameAs\":[\"https:\\\/\\\/www.facebook.com\\\/CinemaVideoInternational\\\/\",\"https:\\\/\\\/www.instagram.com\\\/cinemaevideointernational\\\/\",\"https:\\\/\\\/it.linkedin.com\\\/company\\\/cinema-video-international\"],\"description\":\"Media Consulting & Marketing Agency\",\"email\":\"hello@darostudio.com\",\"legalName\":\"DARO studio LLC\",\"foundingDate\":\"2021-02-16\",\"numberOfEmployees\":{\"@type\":\"QuantitativeValue\",\"minValue\":\"1\",\"maxValue\":\"10\"}},{\"@type\":\"Person\",\"@id\":\"https:\\\/\\\/cinema.video\\\/it#\\\/schema\\\/person\\\/aeb01b91d874e8b01e76a1db04c668c6\",\"name\":\"Redazione\",\"image\":{\"@type\":\"ImageObject\",\"inLanguage\":\"it-IT\",\"@id\":\"https:\\\/\\\/secure.gravatar.com\\\/avatar\\\/06ad6f92eb14745b75fb592cadf8139d33242d81c9c8b085133c450aaf0b9731?s=96&d=mm&r=g\",\"url\":\"https:\\\/\\\/secure.gravatar.com\\\/avatar\\\/06ad6f92eb14745b75fb592cadf8139d33242d81c9c8b085133c450aaf0b9731?s=96&d=mm&r=g\",\"contentUrl\":\"https:\\\/\\\/secure.gravatar.com\\\/avatar\\\/06ad6f92eb14745b75fb592cadf8139d33242d81c9c8b085133c450aaf0b9731?s=96&d=mm&r=g\",\"caption\":\"Redazione\"},\"url\":\"https:\\\/\\\/cinema.video\\\/it\\\/author\\\/redazione\"}]}<\/script>\n<!-- \/ Yoast SEO Premium plugin. -->","yoast_head_json":{"title":"GDA A Alpha il 21\u00b0 Europe Cinemas Label - Cinema &amp; Video International","description":"GDA A Alpha il 21\u00b0 Europe Cinemas Label \u2013 gda a alpha il 21 europe. Alpha., il film del regista olandese\u00a0Jan-Willem van Ewijk, ha vinto il 21\u00b0 Europa Cine","robots":{"index":"index","follow":"follow","max-snippet":"max-snippet:-1","max-image-preview":"max-image-preview:large","max-video-preview":"max-video-preview:-1"},"canonical":"https:\/\/cinema.video\/it\/gda-a-alpha-il-21-europe-cinemas-label","og_locale":"it_IT","og_type":"article","og_title":"GDA A Alpha il 21\u00b0 Europe Cinemas Label","og_description":"GDA A Alpha il 21\u00b0 Europe Cinemas Label \u2013 gda a alpha il 21 europe. Alpha., il film del regista olandese\u00a0Jan-Willem van Ewijk, ha vinto il 21\u00b0 Europa Cine","og_url":"https:\/\/cinema.video\/it\/gda-a-alpha-il-21-europe-cinemas-label","og_site_name":"Cinema &amp; Video International","article_publisher":"https:\/\/www.facebook.com\/CinemaVideoInternational\/","article_published_time":"2024-09-06T08:27:44+00:00","article_modified_time":"2026-04-10T02:06:30+00:00","og_image":[{"width":2560,"height":1923,"url":"https:\/\/cinema.video\/wp-content\/uploads\/2024\/09\/Still-1-Alpha-copyright-Douwe-Hennink-Frank-Hoeve-scaled.jpg","type":"image\/jpeg"}],"author":"Redazione","twitter_card":"summary_large_image","twitter_misc":{"Scritto da":"Redazione","Tempo di lettura stimato":"4 minuti"},"schema":{"@context":"https:\/\/schema.org","@graph":[{"@type":"Article","@id":"https:\/\/cinema.video\/it\/gda-a-alpha-il-21-europe-cinemas-label#article","isPartOf":{"@id":"https:\/\/cinema.video\/it\/gda-a-alpha-il-21-europe-cinemas-label"},"author":{"name":"Redazione","@id":"https:\/\/cinema.video\/it#\/schema\/person\/aeb01b91d874e8b01e76a1db04c668c6"},"headline":"GDA A Alpha il 21\u00b0 Europe Cinemas Label","datePublished":"2024-09-06T08:27:44+00:00","dateModified":"2026-04-10T02:06:30+00:00","mainEntityOfPage":{"@id":"https:\/\/cinema.video\/it\/gda-a-alpha-il-21-europe-cinemas-label"},"wordCount":545,"publisher":{"@id":"https:\/\/cinema.video\/it#organization"},"image":{"@id":"https:\/\/cinema.video\/it\/gda-a-alpha-il-21-europe-cinemas-label#primaryimage"},"thumbnailUrl":"https:\/\/cinema.video\/wp-content\/uploads\/2024\/09\/Still-1-Alpha-copyright-Douwe-Hennink-Frank-Hoeve-scaled.jpg","keywords":["VENICE FILM FESTIVAL"],"inLanguage":"it-IT"},{"@type":"WebPage","@id":"https:\/\/cinema.video\/it\/gda-a-alpha-il-21-europe-cinemas-label","url":"https:\/\/cinema.video\/it\/gda-a-alpha-il-21-europe-cinemas-label","name":"GDA A Alpha il 21\u00b0 Europe Cinemas Label - Cinema &amp; Video International","isPartOf":{"@id":"https:\/\/cinema.video\/it#website"},"primaryImageOfPage":{"@id":"https:\/\/cinema.video\/it\/gda-a-alpha-il-21-europe-cinemas-label#primaryimage"},"image":{"@id":"https:\/\/cinema.video\/it\/gda-a-alpha-il-21-europe-cinemas-label#primaryimage"},"thumbnailUrl":"https:\/\/cinema.video\/wp-content\/uploads\/2024\/09\/Still-1-Alpha-copyright-Douwe-Hennink-Frank-Hoeve-scaled.jpg","datePublished":"2024-09-06T08:27:44+00:00","dateModified":"2026-04-10T02:06:30+00:00","description":"GDA A Alpha il 21\u00b0 Europe Cinemas Label \u2013 gda a alpha il 21 europe. Alpha., il film del regista olandese\u00a0Jan-Willem van Ewijk, ha vinto il 21\u00b0 Europa Cine","breadcrumb":{"@id":"https:\/\/cinema.video\/it\/gda-a-alpha-il-21-europe-cinemas-label#breadcrumb"},"inLanguage":"it-IT","potentialAction":[{"@type":"ReadAction","target":["https:\/\/cinema.video\/it\/gda-a-alpha-il-21-europe-cinemas-label"]}]},{"@type":"ImageObject","inLanguage":"it-IT","@id":"https:\/\/cinema.video\/it\/gda-a-alpha-il-21-europe-cinemas-label#primaryimage","url":"https:\/\/cinema.video\/wp-content\/uploads\/2024\/09\/Still-1-Alpha-copyright-Douwe-Hennink-Frank-Hoeve-scaled.jpg","contentUrl":"https:\/\/cinema.video\/wp-content\/uploads\/2024\/09\/Still-1-Alpha-copyright-Douwe-Hennink-Frank-Hoeve-scaled.jpg","width":2560,"height":1923,"caption":"foto di Douwe Hennink Frank Hoeve"},{"@type":"BreadcrumbList","@id":"https:\/\/cinema.video\/it\/gda-a-alpha-il-21-europe-cinemas-label#breadcrumb","itemListElement":[{"@type":"ListItem","position":1,"name":"Home","item":"https:\/\/cinema.video\/it\/home-2"},{"@type":"ListItem","position":2,"name":"GDA A Alpha il 21\u00b0 Europe Cinemas Label"}]},{"@type":"WebSite","@id":"https:\/\/cinema.video\/it#website","url":"https:\/\/cinema.video\/it","name":"Cinema & Video International","description":"Film &amp; Audiovisual Industry Trade Magazine","publisher":{"@id":"https:\/\/cinema.video\/it#organization"},"alternateName":"Cinema & Video","potentialAction":[{"@type":"SearchAction","target":{"@type":"EntryPoint","urlTemplate":"https:\/\/cinema.video\/it?s={search_term_string}"},"query-input":{"@type":"PropertyValueSpecification","valueRequired":true,"valueName":"search_term_string"}}],"inLanguage":"it-IT"},{"@type":"Organization","@id":"https:\/\/cinema.video\/it#organization","name":"Cinema & Video","url":"https:\/\/cinema.video\/it","logo":{"@type":"ImageObject","inLanguage":"it-IT","@id":"https:\/\/cinema.video\/it#\/schema\/logo\/image\/","url":"https:\/\/cinema.video\/wp-content\/uploads\/2026\/04\/CinemVideo_LogoBlack.png","contentUrl":"https:\/\/cinema.video\/wp-content\/uploads\/2026\/04\/CinemVideo_LogoBlack.png","width":1336,"height":224,"caption":"Cinema & Video"},"image":{"@id":"https:\/\/cinema.video\/it#\/schema\/logo\/image\/"},"sameAs":["https:\/\/www.facebook.com\/CinemaVideoInternational\/","https:\/\/www.instagram.com\/cinemaevideointernational\/","https:\/\/it.linkedin.com\/company\/cinema-video-international"],"description":"Media Consulting & Marketing Agency","email":"hello@darostudio.com","legalName":"DARO studio LLC","foundingDate":"2021-02-16","numberOfEmployees":{"@type":"QuantitativeValue","minValue":"1","maxValue":"10"}},{"@type":"Person","@id":"https:\/\/cinema.video\/it#\/schema\/person\/aeb01b91d874e8b01e76a1db04c668c6","name":"Redazione","image":{"@type":"ImageObject","inLanguage":"it-IT","@id":"https:\/\/secure.gravatar.com\/avatar\/06ad6f92eb14745b75fb592cadf8139d33242d81c9c8b085133c450aaf0b9731?s=96&d=mm&r=g","url":"https:\/\/secure.gravatar.com\/avatar\/06ad6f92eb14745b75fb592cadf8139d33242d81c9c8b085133c450aaf0b9731?s=96&d=mm&r=g","contentUrl":"https:\/\/secure.gravatar.com\/avatar\/06ad6f92eb14745b75fb592cadf8139d33242d81c9c8b085133c450aaf0b9731?s=96&d=mm&r=g","caption":"Redazione"},"url":"https:\/\/cinema.video\/it\/author\/redazione"}]}},"jetpack_featured_media_url":"https:\/\/cinema.video\/wp-content\/uploads\/2024\/09\/Still-1-Alpha-copyright-Douwe-Hennink-Frank-Hoeve-scaled.jpg","jetpack_shortlink":"https:\/\/wp.me\/ph672m-1fxG","_links":{"self":[{"href":"https:\/\/cinema.video\/it\/wp-json\/wp\/v2\/posts\/298076","targetHints":{"allow":["GET"]}}],"collection":[{"href":"https:\/\/cinema.video\/it\/wp-json\/wp\/v2\/posts"}],"about":[{"href":"https:\/\/cinema.video\/it\/wp-json\/wp\/v2\/types\/post"}],"author":[{"embeddable":true,"href":"https:\/\/cinema.video\/it\/wp-json\/wp\/v2\/users\/26"}],"replies":[{"embeddable":true,"href":"https:\/\/cinema.video\/it\/wp-json\/wp\/v2\/comments?post=298076"}],"version-history":[{"count":1,"href":"https:\/\/cinema.video\/it\/wp-json\/wp\/v2\/posts\/298076\/revisions"}],"predecessor-version":[{"id":309444,"href":"https:\/\/cinema.video\/it\/wp-json\/wp\/v2\/posts\/298076\/revisions\/309444"}],"wp:featuredmedia":[{"embeddable":true,"href":"https:\/\/cinema.video\/it\/wp-json\/wp\/v2\/media\/298077"}],"wp:attachment":[{"href":"https:\/\/cinema.video\/it\/wp-json\/wp\/v2\/media?parent=298076"}],"wp:term":[{"taxonomy":"category","embeddable":true,"href":"https:\/\/cinema.video\/it\/wp-json\/wp\/v2\/categories?post=298076"},{"taxonomy":"post_tag","embeddable":true,"href":"https:\/\/cinema.video\/it\/wp-json\/wp\/v2\/tags?post=298076"}],"curies":[{"name":"wp","href":"https:\/\/api.w.org\/{rel}","templated":true}]}}