{"id":298049,"date":"2024-09-02T09:45:00","date_gmt":"2024-09-02T07:45:00","guid":{"rendered":"https:\/\/cinema.video\/?p=298049"},"modified":"2026-04-10T04:06:25","modified_gmt":"2026-04-10T02:06:25","slug":"trentino-f-c-il-nuovo-green-film-la-sostenibilita-si-espande","status":"publish","type":"post","link":"https:\/\/cinema.video\/it\/trentino-f-c-il-nuovo-green-film-la-sostenibilita-si-espande","title":{"rendered":"TRENTINO F.C. Il nuovo Green Film la sostenibilit\u00e0 si espande"},"content":{"rendered":"\n<p class=\"wp-block-paragraph\">\u00c8 stata presentata all<strong>&#8217;81\u00b0 Mostra del Cinema di Venezia<\/strong>, negli spazi della <strong>Regione Veneto<\/strong>, la nuova versione del <strong>Green Film<\/strong>: a 7 anni dalla sua nascita e dopo 235 film certificati (di cui 6 alla Mostra del Cinema) il disciplinare di<strong> Trentino Film Commission<\/strong> esce rinnovato dopo un lungo lavoro di consultazioni e conseguente&nbsp;riscrittura intervallata da ulteriori confronti con istituzioni e operatori del settore. (Entrato in vigore lo stesso giorno, il 1\u00b0 settembre \u00e8 consultabile <strong><a href=\"https:\/\/www.green.film\/it\/\">QUI<\/a><\/strong>)<\/p>\n\n\n\n<p class=\"wp-block-paragraph\">Fra le principali novit\u00e0, spiega <strong>Luca Ferrario<\/strong>, direttore della film commission, l&#8217;aumento dei criteri (da 17 a 24), l&#8217;introduzione delle soglie, per cui esiste una gradualit\u00e0 con cui applicare per i singoli criteri:  sufficiente raggiungere il 75% di ogni criterio per prendere il punteggio, e non pi\u00f9 il 100%: un aggiustamento verso la flessibilit\u00e0 necessaria per un ambiente mutevole come quello dei set, che vuole incoraggiare anche chi si approccia per la prima volta al disciplinare e venire incontro a tutte quelle situazioni in cui un imprevisto pu\u00f2 inficiare il raggiungimento del 100% nonostante l\u2019impegno.&nbsp;<\/p>\n\n\n\n<p class=\"wp-block-paragraph\">&#8220;Abbiamo cambiato anche i punteggi ottenibili con i vari criteri, premiando di pi\u00f9 le azioni che producono un maggior risparmio dei costi.&#8221; Dice <strong>Luciano Vogli<\/strong>,esperto di sostenibilit\u00e0 ambientale della societ\u00e0 <strong>Punto 3<\/strong>, e aggiunge: &#8220;in generale, l&#8217;adozione del disciplinare permette sempre un risparmio dei costi, al contrario di quanto si pensa&#8221;<\/p>\n\n\n\n<p class=\"wp-block-paragraph\">E ancora, l&#8217;ampliamento del concetto stesso di sostenibilit\u00e0, a comprendere quello che \u00e8 il benessere psico-fisico sociale&nbsp;dei lavoratori e delle lavoratrici, che va da avere la figura del well-being facilitator (facilitatore di benessere) sul set, alle nursery a disposizione della troupe e del cast. &#8220;Questo concetto non \u00e8 ancora  cos\u00ec sviluppato in Italia e in Europa, mentre in UK esistono figure professionali come i facilitatori di benessere  sul set, per cui speriamo davvero che questo sia il seme di un cambiamento positivo.-  Precisa <strong>Linnea <\/strong> <strong>Merzagora<\/strong>. Diamo anche pi\u00f9 spazio alla creativit\u00e0 del produttore grazie ad un\u2019iniziativa bonus che va a premiare gli sforzi innovativi che possono poi diventare buone pratiche.&#8221; <\/p>\n\n\n\n<p class=\"wp-block-paragraph\">L&#8217;intento \u00e8 anche quello di modificare la percezione del Green Film verso qualcosa di pi\u00f9 leggero e divertente, &#8220;perch\u00e9 la troupe spesso teme i responsabili del green&#8221;, &#8211; rivela la produttrice <strong>Serena Alfieri<\/strong>, convinta sostenitrice del disciplinare, che ha applicato sulle pi\u00f9 recenti produzioni realizzate con<strong> Vivo Film<\/strong>, di cui due a Venezia 81.: <em><strong>Quasi a casa<\/strong><\/em> di Carolina Pavone, co-prodotto con Sacher, e, alla SIC, <strong><em>Anywhere, Anytime<\/em>&nbsp;<\/strong>di Mila Tangshir. Sono certificate Green Film anche <strong><em>La grande Ambizione<\/em> <\/strong>di Andrea Segre, che aprir\u00e0 il festival di Roma, e il nuovo film di Andrea De Sica, <em><strong>Gli occhi degli altri<\/strong><\/em>, che si girer\u00e0 a breve in Toscana.<\/p>\n\n\n\n<p class=\"wp-block-paragraph\">&#8220;Un&#8217;altra cosa interessante \u00e8 che il disciplinare ti da un punto se presenti una carta dei valori della societ\u00e0, che diventa una sorta di curriculum di sostenibilit\u00e0&#8221;. Conclude Alfieri<\/p>\n\n\n\n<p class=\"wp-block-paragraph\">Oltre ai sopracitati <em>Quasi a Casa<\/em> e <em>Anywhere, Anytime<\/em>, gli altri film certificati Green Film della Mostra del Cinema di Venezia sono: <strong><em>Vermiglio<\/em><\/strong> di <strong>Maura Delpero <\/strong>e <strong>Campo di Battaglia <\/strong>di <strong>Gianni Amelio<\/strong> in <em>Concorso<\/em>; <em><strong>Bestiari, erbari, lapidari <\/strong><\/em>di <strong>Massimo D\u2019Adinolfi e Martina Parenti <\/strong>(<em>Fuori Concorso<\/em>); <strong><em>Vittoria <\/em><\/strong>di <strong>Alessandro Cassigoli e Casey Kaufmann<\/strong> (<em>Orizzonti Extra<\/em>).<\/p>\n\n\n\n<p class=\"wp-block-paragraph\"><\/p>\n","protected":false},"excerpt":{"rendered":"<p>Presentata a Venezia 81. la nuova versione del Green Film di Trentino Film Commission in vigore dal 1\u00b0 settembre: 6 i film certificati alla Mostra del Cinema<\/p>\n","protected":false},"author":2,"featured_media":298056,"comment_status":"closed","ping_status":"closed","sticky":false,"template":"","format":"standard","meta":{"googlesitekit_rrm_CAow3e7fCw:productID":"","_crdt_document":"","footnotes":""},"categories":[1],"tags":[356,2318,393,1694],"class_list":{"0":"post-298049","1":"post","2":"type-post","3":"status-publish","4":"format-standard","5":"has-post-thumbnail","7":"category-senza-categoria","8":"tag-focus","9":"tag-green","10":"tag-trentino-film-commission","11":"tag-venice-film-festival"},"yoast_head":"<!-- This site is optimized with the Yoast SEO Premium plugin v27.4 (Yoast SEO v27.5) - https:\/\/yoast.com\/product\/yoast-seo-premium-wordpress\/ -->\n<title>TRENTINO F.C. Il nuovo Green Film la sostenibilit\u00e0 si espande - Cinema &amp; Video International<\/title>\n<meta name=\"description\" content=\"TRENTINO F.C. Il nuovo Green Film la sostenibilit\u00e0 si espande \u2013 trentino fc il nuovo green film. \u00c8 stata presentata all&#039;81\u00b0 Mostra del Cinema di Venezia,\" \/>\n<meta name=\"robots\" content=\"index, follow, max-snippet:-1, max-image-preview:large, max-video-preview:-1\" \/>\n<link rel=\"canonical\" href=\"https:\/\/cinema.video\/it\/trentino-f-c-il-nuovo-green-film-la-sostenibilita-si-espande\" \/>\n<meta property=\"og:locale\" content=\"it_IT\" \/>\n<meta property=\"og:type\" content=\"article\" \/>\n<meta property=\"og:title\" content=\"TRENTINO F.C. Il nuovo Green Film la sostenibilit\u00e0 si espande\" \/>\n<meta property=\"og:description\" content=\"TRENTINO F.C. Il nuovo Green Film la sostenibilit\u00e0 si espande \u2013 trentino fc il nuovo green film. \u00c8 stata presentata all&#039;81\u00b0 Mostra del Cinema di Venezia,\" \/>\n<meta property=\"og:url\" content=\"https:\/\/cinema.video\/it\/trentino-f-c-il-nuovo-green-film-la-sostenibilita-si-espande\" \/>\n<meta property=\"og:site_name\" content=\"Cinema &amp; Video International\" \/>\n<meta property=\"article:publisher\" content=\"https:\/\/www.facebook.com\/CinemaVideoInternational\/\" \/>\n<meta property=\"article:published_time\" content=\"2024-09-02T07:45:00+00:00\" \/>\n<meta property=\"article:modified_time\" content=\"2026-04-10T02:06:25+00:00\" \/>\n<meta property=\"og:image\" content=\"https:\/\/cinema.video\/wp-content\/uploads\/2024\/09\/457396704_26846254918321350_1057986468419500894_n-e1725442217165.jpg\" \/>\n\t<meta property=\"og:image:width\" content=\"800\" \/>\n\t<meta property=\"og:image:height\" content=\"450\" \/>\n\t<meta property=\"og:image:type\" content=\"image\/jpeg\" \/>\n<meta name=\"author\" content=\"Carolina Mancini\" \/>\n<meta name=\"twitter:card\" content=\"summary_large_image\" \/>\n<meta name=\"twitter:label1\" content=\"Scritto da\" \/>\n\t<meta name=\"twitter:data1\" content=\"Carolina Mancini\" \/>\n\t<meta name=\"twitter:label2\" content=\"Tempo di lettura stimato\" \/>\n\t<meta name=\"twitter:data2\" content=\"3 minuti\" \/>\n<script type=\"application\/ld+json\" class=\"yoast-schema-graph\">{\"@context\":\"https:\\\/\\\/schema.org\",\"@graph\":[{\"@type\":\"Article\",\"@id\":\"https:\\\/\\\/cinema.video\\\/it\\\/trentino-f-c-il-nuovo-green-film-la-sostenibilita-si-espande#article\",\"isPartOf\":{\"@id\":\"https:\\\/\\\/cinema.video\\\/it\\\/trentino-f-c-il-nuovo-green-film-la-sostenibilita-si-espande\"},\"author\":{\"name\":\"Carolina Mancini\",\"@id\":\"https:\\\/\\\/cinema.video\\\/it#\\\/schema\\\/person\\\/d5479fad8d0f2360000eb4aab6bb6e5d\"},\"headline\":\"TRENTINO F.C. Il nuovo Green Film la sostenibilit\u00e0 si espande\",\"datePublished\":\"2024-09-02T07:45:00+00:00\",\"dateModified\":\"2026-04-10T02:06:25+00:00\",\"mainEntityOfPage\":{\"@id\":\"https:\\\/\\\/cinema.video\\\/it\\\/trentino-f-c-il-nuovo-green-film-la-sostenibilita-si-espande\"},\"wordCount\":534,\"publisher\":{\"@id\":\"https:\\\/\\\/cinema.video\\\/it#organization\"},\"image\":{\"@id\":\"https:\\\/\\\/cinema.video\\\/it\\\/trentino-f-c-il-nuovo-green-film-la-sostenibilita-si-espande#primaryimage\"},\"thumbnailUrl\":\"https:\\\/\\\/cinema.video\\\/wp-content\\\/uploads\\\/2024\\\/09\\\/457396704_26846254918321350_1057986468419500894_n-e1725442217165.jpg\",\"keywords\":[\"focus\",\"GREEN\",\"TRENTINO FILM COMMISSION\",\"VENICE FILM FESTIVAL\"],\"inLanguage\":\"it-IT\"},{\"@type\":\"WebPage\",\"@id\":\"https:\\\/\\\/cinema.video\\\/it\\\/trentino-f-c-il-nuovo-green-film-la-sostenibilita-si-espande\",\"url\":\"https:\\\/\\\/cinema.video\\\/it\\\/trentino-f-c-il-nuovo-green-film-la-sostenibilita-si-espande\",\"name\":\"TRENTINO F.C. Il nuovo Green Film la sostenibilit\u00e0 si espande - Cinema &amp; Video International\",\"isPartOf\":{\"@id\":\"https:\\\/\\\/cinema.video\\\/it#website\"},\"primaryImageOfPage\":{\"@id\":\"https:\\\/\\\/cinema.video\\\/it\\\/trentino-f-c-il-nuovo-green-film-la-sostenibilita-si-espande#primaryimage\"},\"image\":{\"@id\":\"https:\\\/\\\/cinema.video\\\/it\\\/trentino-f-c-il-nuovo-green-film-la-sostenibilita-si-espande#primaryimage\"},\"thumbnailUrl\":\"https:\\\/\\\/cinema.video\\\/wp-content\\\/uploads\\\/2024\\\/09\\\/457396704_26846254918321350_1057986468419500894_n-e1725442217165.jpg\",\"datePublished\":\"2024-09-02T07:45:00+00:00\",\"dateModified\":\"2026-04-10T02:06:25+00:00\",\"description\":\"TRENTINO F.C. Il nuovo Green Film la sostenibilit\u00e0 si espande \u2013 trentino fc il nuovo green film. \u00c8 stata presentata all'81\u00b0 Mostra del Cinema di Venezia,\",\"breadcrumb\":{\"@id\":\"https:\\\/\\\/cinema.video\\\/it\\\/trentino-f-c-il-nuovo-green-film-la-sostenibilita-si-espande#breadcrumb\"},\"inLanguage\":\"it-IT\",\"potentialAction\":[{\"@type\":\"ReadAction\",\"target\":[\"https:\\\/\\\/cinema.video\\\/it\\\/trentino-f-c-il-nuovo-green-film-la-sostenibilita-si-espande\"]}]},{\"@type\":\"ImageObject\",\"inLanguage\":\"it-IT\",\"@id\":\"https:\\\/\\\/cinema.video\\\/it\\\/trentino-f-c-il-nuovo-green-film-la-sostenibilita-si-espande#primaryimage\",\"url\":\"https:\\\/\\\/cinema.video\\\/wp-content\\\/uploads\\\/2024\\\/09\\\/457396704_26846254918321350_1057986468419500894_n-e1725442217165.jpg\",\"contentUrl\":\"https:\\\/\\\/cinema.video\\\/wp-content\\\/uploads\\\/2024\\\/09\\\/457396704_26846254918321350_1057986468419500894_n-e1725442217165.jpg\",\"width\":800,\"height\":450},{\"@type\":\"BreadcrumbList\",\"@id\":\"https:\\\/\\\/cinema.video\\\/it\\\/trentino-f-c-il-nuovo-green-film-la-sostenibilita-si-espande#breadcrumb\",\"itemListElement\":[{\"@type\":\"ListItem\",\"position\":1,\"name\":\"Home\",\"item\":\"https:\\\/\\\/cinema.video\\\/it\\\/home-2\"},{\"@type\":\"ListItem\",\"position\":2,\"name\":\"TRENTINO F.C. Il nuovo Green Film la sostenibilit\u00e0 si espande\"}]},{\"@type\":\"WebSite\",\"@id\":\"https:\\\/\\\/cinema.video\\\/it#website\",\"url\":\"https:\\\/\\\/cinema.video\\\/it\",\"name\":\"Cinema & Video International\",\"description\":\"Film &amp; Audiovisual Industry Trade Magazine\",\"publisher\":{\"@id\":\"https:\\\/\\\/cinema.video\\\/it#organization\"},\"alternateName\":\"Cinema & Video\",\"potentialAction\":[{\"@type\":\"SearchAction\",\"target\":{\"@type\":\"EntryPoint\",\"urlTemplate\":\"https:\\\/\\\/cinema.video\\\/it?s={search_term_string}\"},\"query-input\":{\"@type\":\"PropertyValueSpecification\",\"valueRequired\":true,\"valueName\":\"search_term_string\"}}],\"inLanguage\":\"it-IT\"},{\"@type\":\"Organization\",\"@id\":\"https:\\\/\\\/cinema.video\\\/it#organization\",\"name\":\"Cinema & Video\",\"url\":\"https:\\\/\\\/cinema.video\\\/it\",\"logo\":{\"@type\":\"ImageObject\",\"inLanguage\":\"it-IT\",\"@id\":\"https:\\\/\\\/cinema.video\\\/it#\\\/schema\\\/logo\\\/image\\\/\",\"url\":\"https:\\\/\\\/cinema.video\\\/wp-content\\\/uploads\\\/2026\\\/04\\\/CinemVideo_LogoBlack.png\",\"contentUrl\":\"https:\\\/\\\/cinema.video\\\/wp-content\\\/uploads\\\/2026\\\/04\\\/CinemVideo_LogoBlack.png\",\"width\":1336,\"height\":224,\"caption\":\"Cinema & Video\"},\"image\":{\"@id\":\"https:\\\/\\\/cinema.video\\\/it#\\\/schema\\\/logo\\\/image\\\/\"},\"sameAs\":[\"https:\\\/\\\/www.facebook.com\\\/CinemaVideoInternational\\\/\",\"https:\\\/\\\/www.instagram.com\\\/cinemaevideointernational\\\/\",\"https:\\\/\\\/it.linkedin.com\\\/company\\\/cinema-video-international\"],\"description\":\"Media Consulting & Marketing Agency\",\"email\":\"hello@darostudio.com\",\"legalName\":\"DARO studio LLC\",\"foundingDate\":\"2021-02-16\",\"numberOfEmployees\":{\"@type\":\"QuantitativeValue\",\"minValue\":\"1\",\"maxValue\":\"10\"}},{\"@type\":\"Person\",\"@id\":\"https:\\\/\\\/cinema.video\\\/it#\\\/schema\\\/person\\\/d5479fad8d0f2360000eb4aab6bb6e5d\",\"name\":\"Carolina Mancini\",\"image\":{\"@type\":\"ImageObject\",\"inLanguage\":\"it-IT\",\"@id\":\"https:\\\/\\\/secure.gravatar.com\\\/avatar\\\/d4758965c5e8730dbaaa7131a628547771a26c1e5bf14fe323d96f8246a62baf?s=96&d=mm&r=g\",\"url\":\"https:\\\/\\\/secure.gravatar.com\\\/avatar\\\/d4758965c5e8730dbaaa7131a628547771a26c1e5bf14fe323d96f8246a62baf?s=96&d=mm&r=g\",\"contentUrl\":\"https:\\\/\\\/secure.gravatar.com\\\/avatar\\\/d4758965c5e8730dbaaa7131a628547771a26c1e5bf14fe323d96f8246a62baf?s=96&d=mm&r=g\",\"caption\":\"Carolina Mancini\"},\"url\":\"https:\\\/\\\/cinema.video\\\/it\\\/author\\\/carolin\"}]}<\/script>\n<!-- \/ Yoast SEO Premium plugin. -->","yoast_head_json":{"title":"TRENTINO F.C. Il nuovo Green Film la sostenibilit\u00e0 si espande - Cinema &amp; Video International","description":"TRENTINO F.C. Il nuovo Green Film la sostenibilit\u00e0 si espande \u2013 trentino fc il nuovo green film. \u00c8 stata presentata all'81\u00b0 Mostra del Cinema di Venezia,","robots":{"index":"index","follow":"follow","max-snippet":"max-snippet:-1","max-image-preview":"max-image-preview:large","max-video-preview":"max-video-preview:-1"},"canonical":"https:\/\/cinema.video\/it\/trentino-f-c-il-nuovo-green-film-la-sostenibilita-si-espande","og_locale":"it_IT","og_type":"article","og_title":"TRENTINO F.C. Il nuovo Green Film la sostenibilit\u00e0 si espande","og_description":"TRENTINO F.C. Il nuovo Green Film la sostenibilit\u00e0 si espande \u2013 trentino fc il nuovo green film. \u00c8 stata presentata all'81\u00b0 Mostra del Cinema di Venezia,","og_url":"https:\/\/cinema.video\/it\/trentino-f-c-il-nuovo-green-film-la-sostenibilita-si-espande","og_site_name":"Cinema &amp; Video International","article_publisher":"https:\/\/www.facebook.com\/CinemaVideoInternational\/","article_published_time":"2024-09-02T07:45:00+00:00","article_modified_time":"2026-04-10T02:06:25+00:00","og_image":[{"width":800,"height":450,"url":"https:\/\/cinema.video\/wp-content\/uploads\/2024\/09\/457396704_26846254918321350_1057986468419500894_n-e1725442217165.jpg","type":"image\/jpeg"}],"author":"Carolina Mancini","twitter_card":"summary_large_image","twitter_misc":{"Scritto da":"Carolina Mancini","Tempo di lettura stimato":"3 minuti"},"schema":{"@context":"https:\/\/schema.org","@graph":[{"@type":"Article","@id":"https:\/\/cinema.video\/it\/trentino-f-c-il-nuovo-green-film-la-sostenibilita-si-espande#article","isPartOf":{"@id":"https:\/\/cinema.video\/it\/trentino-f-c-il-nuovo-green-film-la-sostenibilita-si-espande"},"author":{"name":"Carolina Mancini","@id":"https:\/\/cinema.video\/it#\/schema\/person\/d5479fad8d0f2360000eb4aab6bb6e5d"},"headline":"TRENTINO F.C. Il nuovo Green Film la sostenibilit\u00e0 si espande","datePublished":"2024-09-02T07:45:00+00:00","dateModified":"2026-04-10T02:06:25+00:00","mainEntityOfPage":{"@id":"https:\/\/cinema.video\/it\/trentino-f-c-il-nuovo-green-film-la-sostenibilita-si-espande"},"wordCount":534,"publisher":{"@id":"https:\/\/cinema.video\/it#organization"},"image":{"@id":"https:\/\/cinema.video\/it\/trentino-f-c-il-nuovo-green-film-la-sostenibilita-si-espande#primaryimage"},"thumbnailUrl":"https:\/\/cinema.video\/wp-content\/uploads\/2024\/09\/457396704_26846254918321350_1057986468419500894_n-e1725442217165.jpg","keywords":["focus","GREEN","TRENTINO FILM COMMISSION","VENICE FILM FESTIVAL"],"inLanguage":"it-IT"},{"@type":"WebPage","@id":"https:\/\/cinema.video\/it\/trentino-f-c-il-nuovo-green-film-la-sostenibilita-si-espande","url":"https:\/\/cinema.video\/it\/trentino-f-c-il-nuovo-green-film-la-sostenibilita-si-espande","name":"TRENTINO F.C. Il nuovo Green Film la sostenibilit\u00e0 si espande - Cinema &amp; Video International","isPartOf":{"@id":"https:\/\/cinema.video\/it#website"},"primaryImageOfPage":{"@id":"https:\/\/cinema.video\/it\/trentino-f-c-il-nuovo-green-film-la-sostenibilita-si-espande#primaryimage"},"image":{"@id":"https:\/\/cinema.video\/it\/trentino-f-c-il-nuovo-green-film-la-sostenibilita-si-espande#primaryimage"},"thumbnailUrl":"https:\/\/cinema.video\/wp-content\/uploads\/2024\/09\/457396704_26846254918321350_1057986468419500894_n-e1725442217165.jpg","datePublished":"2024-09-02T07:45:00+00:00","dateModified":"2026-04-10T02:06:25+00:00","description":"TRENTINO F.C. Il nuovo Green Film la sostenibilit\u00e0 si espande \u2013 trentino fc il nuovo green film. \u00c8 stata presentata all'81\u00b0 Mostra del Cinema di Venezia,","breadcrumb":{"@id":"https:\/\/cinema.video\/it\/trentino-f-c-il-nuovo-green-film-la-sostenibilita-si-espande#breadcrumb"},"inLanguage":"it-IT","potentialAction":[{"@type":"ReadAction","target":["https:\/\/cinema.video\/it\/trentino-f-c-il-nuovo-green-film-la-sostenibilita-si-espande"]}]},{"@type":"ImageObject","inLanguage":"it-IT","@id":"https:\/\/cinema.video\/it\/trentino-f-c-il-nuovo-green-film-la-sostenibilita-si-espande#primaryimage","url":"https:\/\/cinema.video\/wp-content\/uploads\/2024\/09\/457396704_26846254918321350_1057986468419500894_n-e1725442217165.jpg","contentUrl":"https:\/\/cinema.video\/wp-content\/uploads\/2024\/09\/457396704_26846254918321350_1057986468419500894_n-e1725442217165.jpg","width":800,"height":450},{"@type":"BreadcrumbList","@id":"https:\/\/cinema.video\/it\/trentino-f-c-il-nuovo-green-film-la-sostenibilita-si-espande#breadcrumb","itemListElement":[{"@type":"ListItem","position":1,"name":"Home","item":"https:\/\/cinema.video\/it\/home-2"},{"@type":"ListItem","position":2,"name":"TRENTINO F.C. Il nuovo Green Film la sostenibilit\u00e0 si espande"}]},{"@type":"WebSite","@id":"https:\/\/cinema.video\/it#website","url":"https:\/\/cinema.video\/it","name":"Cinema & Video International","description":"Film &amp; Audiovisual Industry Trade Magazine","publisher":{"@id":"https:\/\/cinema.video\/it#organization"},"alternateName":"Cinema & Video","potentialAction":[{"@type":"SearchAction","target":{"@type":"EntryPoint","urlTemplate":"https:\/\/cinema.video\/it?s={search_term_string}"},"query-input":{"@type":"PropertyValueSpecification","valueRequired":true,"valueName":"search_term_string"}}],"inLanguage":"it-IT"},{"@type":"Organization","@id":"https:\/\/cinema.video\/it#organization","name":"Cinema & Video","url":"https:\/\/cinema.video\/it","logo":{"@type":"ImageObject","inLanguage":"it-IT","@id":"https:\/\/cinema.video\/it#\/schema\/logo\/image\/","url":"https:\/\/cinema.video\/wp-content\/uploads\/2026\/04\/CinemVideo_LogoBlack.png","contentUrl":"https:\/\/cinema.video\/wp-content\/uploads\/2026\/04\/CinemVideo_LogoBlack.png","width":1336,"height":224,"caption":"Cinema & Video"},"image":{"@id":"https:\/\/cinema.video\/it#\/schema\/logo\/image\/"},"sameAs":["https:\/\/www.facebook.com\/CinemaVideoInternational\/","https:\/\/www.instagram.com\/cinemaevideointernational\/","https:\/\/it.linkedin.com\/company\/cinema-video-international"],"description":"Media Consulting & Marketing Agency","email":"hello@darostudio.com","legalName":"DARO studio LLC","foundingDate":"2021-02-16","numberOfEmployees":{"@type":"QuantitativeValue","minValue":"1","maxValue":"10"}},{"@type":"Person","@id":"https:\/\/cinema.video\/it#\/schema\/person\/d5479fad8d0f2360000eb4aab6bb6e5d","name":"Carolina Mancini","image":{"@type":"ImageObject","inLanguage":"it-IT","@id":"https:\/\/secure.gravatar.com\/avatar\/d4758965c5e8730dbaaa7131a628547771a26c1e5bf14fe323d96f8246a62baf?s=96&d=mm&r=g","url":"https:\/\/secure.gravatar.com\/avatar\/d4758965c5e8730dbaaa7131a628547771a26c1e5bf14fe323d96f8246a62baf?s=96&d=mm&r=g","contentUrl":"https:\/\/secure.gravatar.com\/avatar\/d4758965c5e8730dbaaa7131a628547771a26c1e5bf14fe323d96f8246a62baf?s=96&d=mm&r=g","caption":"Carolina Mancini"},"url":"https:\/\/cinema.video\/it\/author\/carolin"}]}},"jetpack_featured_media_url":"https:\/\/cinema.video\/wp-content\/uploads\/2024\/09\/457396704_26846254918321350_1057986468419500894_n-e1725442217165.jpg","jetpack_shortlink":"https:\/\/wp.me\/ph672m-1fxf","_links":{"self":[{"href":"https:\/\/cinema.video\/it\/wp-json\/wp\/v2\/posts\/298049","targetHints":{"allow":["GET"]}}],"collection":[{"href":"https:\/\/cinema.video\/it\/wp-json\/wp\/v2\/posts"}],"about":[{"href":"https:\/\/cinema.video\/it\/wp-json\/wp\/v2\/types\/post"}],"author":[{"embeddable":true,"href":"https:\/\/cinema.video\/it\/wp-json\/wp\/v2\/users\/2"}],"replies":[{"embeddable":true,"href":"https:\/\/cinema.video\/it\/wp-json\/wp\/v2\/comments?post=298049"}],"version-history":[{"count":1,"href":"https:\/\/cinema.video\/it\/wp-json\/wp\/v2\/posts\/298049\/revisions"}],"predecessor-version":[{"id":309439,"href":"https:\/\/cinema.video\/it\/wp-json\/wp\/v2\/posts\/298049\/revisions\/309439"}],"wp:featuredmedia":[{"embeddable":true,"href":"https:\/\/cinema.video\/it\/wp-json\/wp\/v2\/media\/298056"}],"wp:attachment":[{"href":"https:\/\/cinema.video\/it\/wp-json\/wp\/v2\/media?parent=298049"}],"wp:term":[{"taxonomy":"category","embeddable":true,"href":"https:\/\/cinema.video\/it\/wp-json\/wp\/v2\/categories?post=298049"},{"taxonomy":"post_tag","embeddable":true,"href":"https:\/\/cinema.video\/it\/wp-json\/wp\/v2\/tags?post=298049"}],"curies":[{"name":"wp","href":"https:\/\/api.w.org\/{rel}","templated":true}]}}