{"id":297903,"date":"2024-08-09T15:35:40","date_gmt":"2024-08-09T13:35:40","guid":{"rendered":"https:\/\/cinema.video\/?p=297903"},"modified":"2026-04-10T04:06:12","modified_gmt":"2026-04-10T02:06:12","slug":"oggi-a-locarno-77-il-primo-film-italiano-in-concorso-luce-di-silvia-luzi-e-luca-bellino-con-marianna-fontana","status":"publish","type":"post","link":"https:\/\/cinema.video\/it\/oggi-a-locarno-77-il-primo-film-italiano-in-concorso-luce-di-silvia-luzi-e-luca-bellino-con-marianna-fontana","title":{"rendered":"CONCORSO Oggi l&#8217;anteprima di Luce di Silvia Luzi e Luca Bellino"},"content":{"rendered":"\n<p class=\"wp-block-paragraph\">Sar\u00e0 presentato questa sera al <strong>Festival di Locarno<\/strong>, il primo film italiano in concorso, <strong><em>Luce<\/em><\/strong>, diretto da <strong>Silvia Luzi e Luca Bellino<\/strong>. Interpretato da <strong>Marianna Fontana<\/strong>, il film \u00e8 una produzione <strong>Bokeh Film,<\/strong> <strong>Stemal Entertainment<\/strong> con <strong>Rai Cinema<\/strong>, prodotto da <strong>Donatella Palermo <\/strong>e realizzato con il sostegno di<strong> Film Commission Regione Campania<\/strong><\/p>\n\n\n\n<p class=\"wp-block-paragraph\">Questo \u00e8 il secondo film di finzione dei due registi, che vengono dal documentario e hanno un metodo di lavoro che la produttrice, Donatella Palermo, definisce  magico: \u201csiamo partiti&nbsp; dalla finzione, da una sceneggiatura che raccontava cosa succede quando si forzano i desideri a diventare realt\u00e0 e pian piano \u00e8 diventato un cinema del reale. Questa \u00e8 una sorta di magia che fanno solo Silvia e Luca.\u201d<\/p>\n\n\n\n<p class=\"wp-block-paragraph\"><\/p>\n\n\n\n<div class=\"wp-block-media-text is-stacked-on-mobile\"><figure class=\"wp-block-media-text__media\"><img loading=\"lazy\" decoding=\"async\" width=\"577\" height=\"1024\" src=\"https:\/\/cinema.video\/wp-content\/uploads\/2024\/08\/20240809_114021-577x1024.jpg\" alt=\"\" class=\"wp-image-297912 size-full\" srcset=\"https:\/\/cinema.video\/wp-content\/uploads\/2024\/08\/20240809_114021-scaled.jpg 577w, https:\/\/cinema.video\/wp-content\/uploads\/2024\/08\/20240809_114021-scaled.jpg 169w, https:\/\/cinema.video\/wp-content\/uploads\/2024\/08\/20240809_114021-scaled.jpg 768w, https:\/\/cinema.video\/wp-content\/uploads\/2024\/08\/20240809_114021-scaled.jpg 865w, https:\/\/cinema.video\/wp-content\/uploads\/2024\/08\/20240809_114021-scaled.jpg 1153w, https:\/\/cinema.video\/wp-content\/uploads\/2024\/08\/20240809_114021-scaled.jpg 236w, https:\/\/cinema.video\/wp-content\/uploads\/2024\/08\/20240809_114021-scaled.jpg 150w, https:\/\/cinema.video\/wp-content\/uploads\/2024\/08\/20240809_114021-scaled.jpg 300w, https:\/\/cinema.video\/wp-content\/uploads\/2024\/08\/20240809_114021-scaled.jpg 696w, https:\/\/cinema.video\/wp-content\/uploads\/2024\/08\/20240809_114021-scaled.jpg 1068w, https:\/\/cinema.video\/wp-content\/uploads\/2024\/08\/20240809_114021-scaled.jpg 1920w, https:\/\/cinema.video\/wp-content\/uploads\/2024\/08\/20240809_114021-scaled.jpg 1441w\" sizes=\"auto, (max-width: 577px) 100vw, 577px\" \/><\/figure><div class=\"wp-block-media-text__content\">\n<p class=\"wp-block-paragraph\">Infatti la protagonista, Marianna Fontana, \u201cche avevamo in mente da subito, tanto \u2019\u00e8 che non abbiamo fatto casting- spiegano Luzi e Bellino, -ha lavorato in fabbrica con un contratto di apprendistato, e le altre operaie inizialmente\u00a0 non sapevano che fosse un\u2019attrice, lo hanno scoperto dopo. <strong>Roberta Grimaldi <\/strong>ad esempio, (una delle interpreti, attrici non professioniste n.d.r.), ce l\u2019ha indicata lei, mentre noi stavamo facendo casing di tutte le operaie di questo paese in provincia di Avellino. Dunque c\u2019\u00e8 stata una reale collaborazione da parte sua alla costruzione del film\u201d.<\/p>\n<\/div><\/div>\n\n\n\n<p class=\"wp-block-paragraph\">Racconta Fontana: \u201cMi sono trasferita a Solofra tre mesi prima delle riprese per lavorare davvero le pelli in fabbrica. Passavo tutto il tempo con queste operaie, e ho sentito veramente la fatica di questo lavoro. Grazie a questa esperienza che mi hanno permesso Silvia e Luca ho capito chi fosse questo personaggio e cosa cercasse. Una ragazza che non ha la possibilit\u00e0 di uscire fuori dalla fabbrica, e ha bisogno di avere una luce quando attorno a lei c\u2019\u00e8 solo oscurit\u00e0\u201d.<\/p>\n\n\n\n<p class=\"wp-block-paragraph\">Le vendite estere di Luce sono curate da<strong> Fandango<\/strong><\/p>\n","protected":false},"excerpt":{"rendered":"<p>Oggi a Locarno 77 il primo film italiano in Concorso: &#8220;Luce&#8221; di Silvia  Luzi e Luca Bellino con Marianna Fontana. Prodotto da  Bokeh Film, Stemal Entertainment con Rai Cinema e il sostegno di Film Commission Regione Campania<\/p>\n","protected":false},"author":2,"featured_media":297911,"comment_status":"closed","ping_status":"closed","sticky":false,"template":"","format":"standard","meta":{"googlesitekit_rrm_CAow3e7fCw:productID":"","_wpcom_ai_launchpad_first_post":false,"footnotes":"","jetpack_post_was_ever_published":false},"categories":[1],"tags":[943,356,433],"class_list":["post-297903","post","type-post","status-publish","format-standard","has-post-thumbnail","category-senza-categoria","tag-film-commission-regione-campania","tag-focus","tag-rai"],"yoast_head":"<!-- This site is optimized with the Yoast SEO Premium plugin v28.3 (Yoast SEO v28.3) - https:\/\/yoast.com\/product\/yoast-seo-premium-wordpress\/ -->\n<title>CONCORSO Oggi l&#039;anteprima di Luce di Silvia Luzi e Luca Bellino - Cinema &amp; Video International<\/title>\n<meta name=\"description\" content=\"CONCORSO Oggi l&#039;anteprima di Luce di Silvia Luzi e Luca Bellino \u2013 concorso oggi lanteprima di luce di. Sar\u00e0 presentato questa sera al Festival di Locarno,\" \/>\n<meta name=\"robots\" content=\"index, follow, max-snippet:-1, max-image-preview:large, max-video-preview:-1\" \/>\n<link rel=\"canonical\" href=\"https:\/\/cinema.video\/it\/oggi-a-locarno-77-il-primo-film-italiano-in-concorso-luce-di-silvia-luzi-e-luca-bellino-con-marianna-fontana\" \/>\n<meta property=\"og:locale\" content=\"it_IT\" \/>\n<meta property=\"og:type\" content=\"article\" \/>\n<meta property=\"og:title\" content=\"CONCORSO Oggi l&#039;anteprima di Luce di Silvia Luzi e Luca Bellino\" \/>\n<meta property=\"og:description\" content=\"CONCORSO Oggi l&#039;anteprima di Luce di Silvia Luzi e Luca Bellino \u2013 concorso oggi lanteprima di luce di. Sar\u00e0 presentato questa sera al Festival di Locarno,\" \/>\n<meta property=\"og:url\" content=\"https:\/\/cinema.video\/it\/oggi-a-locarno-77-il-primo-film-italiano-in-concorso-luce-di-silvia-luzi-e-luca-bellino-con-marianna-fontana\" \/>\n<meta property=\"og:site_name\" content=\"Cinema &amp; Video International\" \/>\n<meta property=\"article:publisher\" content=\"https:\/\/www.facebook.com\/CinemaVideoInternational\/\" \/>\n<meta property=\"article:published_time\" content=\"2024-08-09T13:35:40+00:00\" \/>\n<meta property=\"article:modified_time\" content=\"2026-04-10T02:06:12+00:00\" \/>\n<meta property=\"og:image\" content=\"https:\/\/cinema.video\/wp-content\/uploads\/2024\/08\/20240809_114012-scaled.jpg\" \/>\n\t<meta property=\"og:image:width\" content=\"2560\" \/>\n\t<meta property=\"og:image:height\" content=\"1441\" \/>\n\t<meta property=\"og:image:type\" content=\"image\/jpeg\" \/>\n<meta name=\"author\" content=\"Carolina Mancini\" \/>\n<meta name=\"twitter:card\" content=\"summary_large_image\" \/>\n<meta name=\"twitter:label1\" content=\"Scritto da\" \/>\n\t<meta name=\"twitter:data1\" content=\"Carolina Mancini\" \/>\n\t<meta name=\"twitter:label2\" content=\"Tempo di lettura stimato\" \/>\n\t<meta name=\"twitter:data2\" content=\"2 minuti\" \/>\n<script type=\"application\/ld+json\" class=\"yoast-schema-graph\">{\"@context\":\"https:\\\/\\\/schema.org\",\"@graph\":[{\"@type\":\"Article\",\"@id\":\"https:\\\/\\\/cinema.video\\\/it\\\/oggi-a-locarno-77-il-primo-film-italiano-in-concorso-luce-di-silvia-luzi-e-luca-bellino-con-marianna-fontana#article\",\"isPartOf\":{\"@id\":\"https:\\\/\\\/cinema.video\\\/it\\\/oggi-a-locarno-77-il-primo-film-italiano-in-concorso-luce-di-silvia-luzi-e-luca-bellino-con-marianna-fontana\"},\"author\":{\"name\":\"Carolina Mancini\",\"@id\":\"https:\\\/\\\/cinema.video\\\/it#\\\/schema\\\/person\\\/d5479fad8d0f2360000eb4aab6bb6e5d\"},\"headline\":\"CONCORSO Oggi l&#8217;anteprima di Luce di Silvia Luzi e Luca Bellino\",\"datePublished\":\"2024-08-09T13:35:40+00:00\",\"dateModified\":\"2026-04-10T02:06:12+00:00\",\"mainEntityOfPage\":{\"@id\":\"https:\\\/\\\/cinema.video\\\/it\\\/oggi-a-locarno-77-il-primo-film-italiano-in-concorso-luce-di-silvia-luzi-e-luca-bellino-con-marianna-fontana\"},\"wordCount\":310,\"publisher\":{\"@id\":\"https:\\\/\\\/cinema.video\\\/it#organization\"},\"image\":{\"@id\":\"https:\\\/\\\/cinema.video\\\/it\\\/oggi-a-locarno-77-il-primo-film-italiano-in-concorso-luce-di-silvia-luzi-e-luca-bellino-con-marianna-fontana#primaryimage\"},\"thumbnailUrl\":\"https:\\\/\\\/cinema.video\\\/wp-content\\\/uploads\\\/2024\\\/08\\\/20240809_114012-scaled.jpg\",\"keywords\":[\"FILM COMMISSION REGIONE CAMPANIA\",\"focus\",\"RAI\"],\"inLanguage\":\"it-IT\"},{\"@type\":\"WebPage\",\"@id\":\"https:\\\/\\\/cinema.video\\\/it\\\/oggi-a-locarno-77-il-primo-film-italiano-in-concorso-luce-di-silvia-luzi-e-luca-bellino-con-marianna-fontana\",\"url\":\"https:\\\/\\\/cinema.video\\\/it\\\/oggi-a-locarno-77-il-primo-film-italiano-in-concorso-luce-di-silvia-luzi-e-luca-bellino-con-marianna-fontana\",\"name\":\"CONCORSO Oggi l'anteprima di Luce di Silvia Luzi e Luca Bellino - Cinema &amp; Video International\",\"isPartOf\":{\"@id\":\"https:\\\/\\\/cinema.video\\\/it#website\"},\"primaryImageOfPage\":{\"@id\":\"https:\\\/\\\/cinema.video\\\/it\\\/oggi-a-locarno-77-il-primo-film-italiano-in-concorso-luce-di-silvia-luzi-e-luca-bellino-con-marianna-fontana#primaryimage\"},\"image\":{\"@id\":\"https:\\\/\\\/cinema.video\\\/it\\\/oggi-a-locarno-77-il-primo-film-italiano-in-concorso-luce-di-silvia-luzi-e-luca-bellino-con-marianna-fontana#primaryimage\"},\"thumbnailUrl\":\"https:\\\/\\\/cinema.video\\\/wp-content\\\/uploads\\\/2024\\\/08\\\/20240809_114012-scaled.jpg\",\"datePublished\":\"2024-08-09T13:35:40+00:00\",\"dateModified\":\"2026-04-10T02:06:12+00:00\",\"description\":\"CONCORSO Oggi l'anteprima di Luce di Silvia Luzi e Luca Bellino \u2013 concorso oggi lanteprima di luce di. Sar\u00e0 presentato questa sera al Festival di Locarno,\",\"breadcrumb\":{\"@id\":\"https:\\\/\\\/cinema.video\\\/it\\\/oggi-a-locarno-77-il-primo-film-italiano-in-concorso-luce-di-silvia-luzi-e-luca-bellino-con-marianna-fontana#breadcrumb\"},\"inLanguage\":\"it-IT\",\"potentialAction\":[{\"@type\":\"ReadAction\",\"target\":[\"https:\\\/\\\/cinema.video\\\/it\\\/oggi-a-locarno-77-il-primo-film-italiano-in-concorso-luce-di-silvia-luzi-e-luca-bellino-con-marianna-fontana\"]}]},{\"@type\":\"ImageObject\",\"inLanguage\":\"it-IT\",\"@id\":\"https:\\\/\\\/cinema.video\\\/it\\\/oggi-a-locarno-77-il-primo-film-italiano-in-concorso-luce-di-silvia-luzi-e-luca-bellino-con-marianna-fontana#primaryimage\",\"url\":\"https:\\\/\\\/cinema.video\\\/wp-content\\\/uploads\\\/2024\\\/08\\\/20240809_114012-scaled.jpg\",\"contentUrl\":\"https:\\\/\\\/cinema.video\\\/wp-content\\\/uploads\\\/2024\\\/08\\\/20240809_114012-scaled.jpg\",\"width\":2560,\"height\":1441,\"caption\":\"Oggi a Locarno 77 il primo film italiano in Concorso: Luce di Silvia Luzi e Luca Bellino con Marianna Fontana. Prodotto da Bokeh Film, Stemal Entertainment con Rai Cinema e il sostegno di Film Commission Regione Campania\"},{\"@type\":\"BreadcrumbList\",\"@id\":\"https:\\\/\\\/cinema.video\\\/it\\\/oggi-a-locarno-77-il-primo-film-italiano-in-concorso-luce-di-silvia-luzi-e-luca-bellino-con-marianna-fontana#breadcrumb\",\"itemListElement\":[{\"@type\":\"ListItem\",\"position\":1,\"name\":\"Home\",\"item\":\"https:\\\/\\\/cinema.video\\\/it\"},{\"@type\":\"ListItem\",\"position\":2,\"name\":\"CONCORSO Oggi l&#8217;anteprima di Luce di Silvia Luzi e Luca Bellino\"}]},{\"@type\":\"WebSite\",\"@id\":\"https:\\\/\\\/cinema.video\\\/it#website\",\"url\":\"https:\\\/\\\/cinema.video\\\/it\",\"name\":\"Cinema & Video International\",\"description\":\"Film &amp; Audiovisual B2B Industry Trade Platform Magazine\",\"publisher\":{\"@id\":\"https:\\\/\\\/cinema.video\\\/it#organization\"},\"alternateName\":\"Cinema & Video\",\"potentialAction\":[{\"@type\":\"SearchAction\",\"target\":{\"@type\":\"EntryPoint\",\"urlTemplate\":\"https:\\\/\\\/cinema.video\\\/it?s={search_term_string}\"},\"query-input\":{\"@type\":\"PropertyValueSpecification\",\"valueRequired\":true,\"valueName\":\"search_term_string\"}}],\"inLanguage\":\"it-IT\"},{\"@type\":\"Organization\",\"@id\":\"https:\\\/\\\/cinema.video\\\/it#organization\",\"name\":\"Cinema & Video\",\"url\":\"https:\\\/\\\/cinema.video\\\/it\",\"logo\":{\"@type\":\"ImageObject\",\"inLanguage\":\"it-IT\",\"@id\":\"https:\\\/\\\/cinema.video\\\/it#\\\/schema\\\/logo\\\/image\\\/\",\"url\":\"https:\\\/\\\/cinema.video\\\/wp-content\\\/uploads\\\/2026\\\/04\\\/CinemVideo_LogoBlack.png\",\"contentUrl\":\"https:\\\/\\\/cinema.video\\\/wp-content\\\/uploads\\\/2026\\\/04\\\/CinemVideo_LogoBlack.png\",\"width\":1336,\"height\":224,\"caption\":\"Cinema & Video\"},\"image\":{\"@id\":\"https:\\\/\\\/cinema.video\\\/it#\\\/schema\\\/logo\\\/image\\\/\"},\"sameAs\":[\"https:\\\/\\\/www.facebook.com\\\/CinemaVideoInternational\\\/\",\"https:\\\/\\\/www.instagram.com\\\/cinemaevideointernational\\\/\",\"https:\\\/\\\/it.linkedin.com\\\/company\\\/cinema-video-international\"],\"description\":\"Media Consulting & Marketing Agency\",\"email\":\"hello@darostudio.com\",\"legalName\":\"DARO studio LLC\",\"foundingDate\":\"2021-02-16\",\"numberOfEmployees\":{\"@type\":\"QuantitativeValue\",\"minValue\":\"1\",\"maxValue\":\"10\"},\"publishingPrinciples\":\"https:\\\/\\\/cinema.video\\\/about\"},{\"@type\":\"Person\",\"@id\":\"https:\\\/\\\/cinema.video\\\/it#\\\/schema\\\/person\\\/d5479fad8d0f2360000eb4aab6bb6e5d\",\"name\":\"Carolina Mancini\",\"image\":{\"@type\":\"ImageObject\",\"inLanguage\":\"it-IT\",\"@id\":\"https:\\\/\\\/secure.gravatar.com\\\/avatar\\\/d4758965c5e8730dbaaa7131a628547771a26c1e5bf14fe323d96f8246a62baf?s=96&d=mm&r=g\",\"url\":\"https:\\\/\\\/secure.gravatar.com\\\/avatar\\\/d4758965c5e8730dbaaa7131a628547771a26c1e5bf14fe323d96f8246a62baf?s=96&d=mm&r=g\",\"contentUrl\":\"https:\\\/\\\/secure.gravatar.com\\\/avatar\\\/d4758965c5e8730dbaaa7131a628547771a26c1e5bf14fe323d96f8246a62baf?s=96&d=mm&r=g\",\"caption\":\"Carolina Mancini\"},\"url\":\"https:\\\/\\\/cinema.video\\\/it\\\/author\\\/carolin\"}]}<\/script>\n<!-- \/ Yoast SEO Premium plugin. -->","yoast_head_json":{"title":"CONCORSO Oggi l'anteprima di Luce di Silvia Luzi e Luca Bellino - Cinema &amp; Video International","description":"CONCORSO Oggi l'anteprima di Luce di Silvia Luzi e Luca Bellino \u2013 concorso oggi lanteprima di luce di. Sar\u00e0 presentato questa sera al Festival di Locarno,","robots":{"index":"index","follow":"follow","max-snippet":"max-snippet:-1","max-image-preview":"max-image-preview:large","max-video-preview":"max-video-preview:-1"},"canonical":"https:\/\/cinema.video\/it\/oggi-a-locarno-77-il-primo-film-italiano-in-concorso-luce-di-silvia-luzi-e-luca-bellino-con-marianna-fontana","og_locale":"it_IT","og_type":"article","og_title":"CONCORSO Oggi l'anteprima di Luce di Silvia Luzi e Luca Bellino","og_description":"CONCORSO Oggi l'anteprima di Luce di Silvia Luzi e Luca Bellino \u2013 concorso oggi lanteprima di luce di. Sar\u00e0 presentato questa sera al Festival di Locarno,","og_url":"https:\/\/cinema.video\/it\/oggi-a-locarno-77-il-primo-film-italiano-in-concorso-luce-di-silvia-luzi-e-luca-bellino-con-marianna-fontana","og_site_name":"Cinema &amp; Video International","article_publisher":"https:\/\/www.facebook.com\/CinemaVideoInternational\/","article_published_time":"2024-08-09T13:35:40+00:00","article_modified_time":"2026-04-10T02:06:12+00:00","og_image":[{"width":2560,"height":1441,"url":"https:\/\/cinema.video\/wp-content\/uploads\/2024\/08\/20240809_114012-scaled.jpg","type":"image\/jpeg"}],"author":"Carolina Mancini","twitter_card":"summary_large_image","twitter_misc":{"Scritto da":"Carolina Mancini","Tempo di lettura stimato":"2 minuti"},"schema":{"@context":"https:\/\/schema.org","@graph":[{"@type":"Article","@id":"https:\/\/cinema.video\/it\/oggi-a-locarno-77-il-primo-film-italiano-in-concorso-luce-di-silvia-luzi-e-luca-bellino-con-marianna-fontana#article","isPartOf":{"@id":"https:\/\/cinema.video\/it\/oggi-a-locarno-77-il-primo-film-italiano-in-concorso-luce-di-silvia-luzi-e-luca-bellino-con-marianna-fontana"},"author":{"name":"Carolina Mancini","@id":"https:\/\/cinema.video\/it#\/schema\/person\/d5479fad8d0f2360000eb4aab6bb6e5d"},"headline":"CONCORSO Oggi l&#8217;anteprima di Luce di Silvia Luzi e Luca Bellino","datePublished":"2024-08-09T13:35:40+00:00","dateModified":"2026-04-10T02:06:12+00:00","mainEntityOfPage":{"@id":"https:\/\/cinema.video\/it\/oggi-a-locarno-77-il-primo-film-italiano-in-concorso-luce-di-silvia-luzi-e-luca-bellino-con-marianna-fontana"},"wordCount":310,"publisher":{"@id":"https:\/\/cinema.video\/it#organization"},"image":{"@id":"https:\/\/cinema.video\/it\/oggi-a-locarno-77-il-primo-film-italiano-in-concorso-luce-di-silvia-luzi-e-luca-bellino-con-marianna-fontana#primaryimage"},"thumbnailUrl":"https:\/\/cinema.video\/wp-content\/uploads\/2024\/08\/20240809_114012-scaled.jpg","keywords":["FILM COMMISSION REGIONE CAMPANIA","focus","RAI"],"inLanguage":"it-IT"},{"@type":"WebPage","@id":"https:\/\/cinema.video\/it\/oggi-a-locarno-77-il-primo-film-italiano-in-concorso-luce-di-silvia-luzi-e-luca-bellino-con-marianna-fontana","url":"https:\/\/cinema.video\/it\/oggi-a-locarno-77-il-primo-film-italiano-in-concorso-luce-di-silvia-luzi-e-luca-bellino-con-marianna-fontana","name":"CONCORSO Oggi l'anteprima di Luce di Silvia Luzi e Luca Bellino - Cinema &amp; Video International","isPartOf":{"@id":"https:\/\/cinema.video\/it#website"},"primaryImageOfPage":{"@id":"https:\/\/cinema.video\/it\/oggi-a-locarno-77-il-primo-film-italiano-in-concorso-luce-di-silvia-luzi-e-luca-bellino-con-marianna-fontana#primaryimage"},"image":{"@id":"https:\/\/cinema.video\/it\/oggi-a-locarno-77-il-primo-film-italiano-in-concorso-luce-di-silvia-luzi-e-luca-bellino-con-marianna-fontana#primaryimage"},"thumbnailUrl":"https:\/\/cinema.video\/wp-content\/uploads\/2024\/08\/20240809_114012-scaled.jpg","datePublished":"2024-08-09T13:35:40+00:00","dateModified":"2026-04-10T02:06:12+00:00","description":"CONCORSO Oggi l'anteprima di Luce di Silvia Luzi e Luca Bellino \u2013 concorso oggi lanteprima di luce di. Sar\u00e0 presentato questa sera al Festival di Locarno,","breadcrumb":{"@id":"https:\/\/cinema.video\/it\/oggi-a-locarno-77-il-primo-film-italiano-in-concorso-luce-di-silvia-luzi-e-luca-bellino-con-marianna-fontana#breadcrumb"},"inLanguage":"it-IT","potentialAction":[{"@type":"ReadAction","target":["https:\/\/cinema.video\/it\/oggi-a-locarno-77-il-primo-film-italiano-in-concorso-luce-di-silvia-luzi-e-luca-bellino-con-marianna-fontana"]}]},{"@type":"ImageObject","inLanguage":"it-IT","@id":"https:\/\/cinema.video\/it\/oggi-a-locarno-77-il-primo-film-italiano-in-concorso-luce-di-silvia-luzi-e-luca-bellino-con-marianna-fontana#primaryimage","url":"https:\/\/cinema.video\/wp-content\/uploads\/2024\/08\/20240809_114012-scaled.jpg","contentUrl":"https:\/\/cinema.video\/wp-content\/uploads\/2024\/08\/20240809_114012-scaled.jpg","width":2560,"height":1441,"caption":"Oggi a Locarno 77 il primo film italiano in Concorso: Luce di Silvia Luzi e Luca Bellino con Marianna Fontana. Prodotto da Bokeh Film, Stemal Entertainment con Rai Cinema e il sostegno di Film Commission Regione Campania"},{"@type":"BreadcrumbList","@id":"https:\/\/cinema.video\/it\/oggi-a-locarno-77-il-primo-film-italiano-in-concorso-luce-di-silvia-luzi-e-luca-bellino-con-marianna-fontana#breadcrumb","itemListElement":[{"@type":"ListItem","position":1,"name":"Home","item":"https:\/\/cinema.video\/it"},{"@type":"ListItem","position":2,"name":"CONCORSO Oggi l&#8217;anteprima di Luce di Silvia Luzi e Luca Bellino"}]},{"@type":"WebSite","@id":"https:\/\/cinema.video\/it#website","url":"https:\/\/cinema.video\/it","name":"Cinema & Video International","description":"Film &amp; Audiovisual B2B Industry Trade Platform Magazine","publisher":{"@id":"https:\/\/cinema.video\/it#organization"},"alternateName":"Cinema & Video","potentialAction":[{"@type":"SearchAction","target":{"@type":"EntryPoint","urlTemplate":"https:\/\/cinema.video\/it?s={search_term_string}"},"query-input":{"@type":"PropertyValueSpecification","valueRequired":true,"valueName":"search_term_string"}}],"inLanguage":"it-IT"},{"@type":"Organization","@id":"https:\/\/cinema.video\/it#organization","name":"Cinema & Video","url":"https:\/\/cinema.video\/it","logo":{"@type":"ImageObject","inLanguage":"it-IT","@id":"https:\/\/cinema.video\/it#\/schema\/logo\/image\/","url":"https:\/\/cinema.video\/wp-content\/uploads\/2026\/04\/CinemVideo_LogoBlack.png","contentUrl":"https:\/\/cinema.video\/wp-content\/uploads\/2026\/04\/CinemVideo_LogoBlack.png","width":1336,"height":224,"caption":"Cinema & Video"},"image":{"@id":"https:\/\/cinema.video\/it#\/schema\/logo\/image\/"},"sameAs":["https:\/\/www.facebook.com\/CinemaVideoInternational\/","https:\/\/www.instagram.com\/cinemaevideointernational\/","https:\/\/it.linkedin.com\/company\/cinema-video-international"],"description":"Media Consulting & Marketing Agency","email":"hello@darostudio.com","legalName":"DARO studio LLC","foundingDate":"2021-02-16","numberOfEmployees":{"@type":"QuantitativeValue","minValue":"1","maxValue":"10"},"publishingPrinciples":"https:\/\/cinema.video\/about"},{"@type":"Person","@id":"https:\/\/cinema.video\/it#\/schema\/person\/d5479fad8d0f2360000eb4aab6bb6e5d","name":"Carolina Mancini","image":{"@type":"ImageObject","inLanguage":"it-IT","@id":"https:\/\/secure.gravatar.com\/avatar\/d4758965c5e8730dbaaa7131a628547771a26c1e5bf14fe323d96f8246a62baf?s=96&d=mm&r=g","url":"https:\/\/secure.gravatar.com\/avatar\/d4758965c5e8730dbaaa7131a628547771a26c1e5bf14fe323d96f8246a62baf?s=96&d=mm&r=g","contentUrl":"https:\/\/secure.gravatar.com\/avatar\/d4758965c5e8730dbaaa7131a628547771a26c1e5bf14fe323d96f8246a62baf?s=96&d=mm&r=g","caption":"Carolina Mancini"},"url":"https:\/\/cinema.video\/it\/author\/carolin"}]}},"jetpack_shortlink":"https:\/\/wp.me\/ph672m-1fuT","jetpack_featured_media_url":"https:\/\/cinema.video\/wp-content\/uploads\/2024\/08\/20240809_114012-scaled.jpg","_links":{"self":[{"href":"https:\/\/cinema.video\/it\/wp-json\/wp\/v2\/posts\/297903","targetHints":{"allow":["GET"]}}],"collection":[{"href":"https:\/\/cinema.video\/it\/wp-json\/wp\/v2\/posts"}],"about":[{"href":"https:\/\/cinema.video\/it\/wp-json\/wp\/v2\/types\/post"}],"author":[{"embeddable":true,"href":"https:\/\/cinema.video\/it\/wp-json\/wp\/v2\/users\/2"}],"replies":[{"embeddable":true,"href":"https:\/\/cinema.video\/it\/wp-json\/wp\/v2\/comments?post=297903"}],"version-history":[{"count":1,"href":"https:\/\/cinema.video\/it\/wp-json\/wp\/v2\/posts\/297903\/revisions"}],"predecessor-version":[{"id":309419,"href":"https:\/\/cinema.video\/it\/wp-json\/wp\/v2\/posts\/297903\/revisions\/309419"}],"wp:featuredmedia":[{"embeddable":true,"href":"https:\/\/cinema.video\/it\/wp-json\/wp\/v2\/media\/297911"}],"wp:attachment":[{"href":"https:\/\/cinema.video\/it\/wp-json\/wp\/v2\/media?parent=297903"}],"wp:term":[{"taxonomy":"category","embeddable":true,"href":"https:\/\/cinema.video\/it\/wp-json\/wp\/v2\/categories?post=297903"},{"taxonomy":"post_tag","embeddable":true,"href":"https:\/\/cinema.video\/it\/wp-json\/wp\/v2\/tags?post=297903"}],"curies":[{"name":"wp","href":"https:\/\/api.w.org\/{rel}","templated":true}]}}