{"id":297848,"date":"2024-07-25T18:25:00","date_gmt":"2024-07-25T16:25:00","guid":{"rendered":"https:\/\/cinema.video\/?p=297848"},"modified":"2026-04-10T04:06:09","modified_gmt":"2026-04-10T02:06:09","slug":"marche-film-commission-a-venezia-a-serie-tv-su-leopardi-diretta-da-rubini-il-corto-di-animazione-di-catani-e-gli-appuntamenti-di-mercato","status":"publish","type":"post","link":"https:\/\/cinema.video\/it\/marche-film-commission-a-venezia-a-serie-tv-su-leopardi-diretta-da-rubini-il-corto-di-animazione-di-catani-e-gli-appuntamenti-di-mercato","title":{"rendered":"Le MARCHE a Venezia 81"},"content":{"rendered":"\n<p class=\"wp-block-paragraph\">In anteprima assoluta all&#8217;81a edizione della Mostra Internazionale d&#8217;Arte Cinematografica di Venezia, verr\u00e0 presentata la serie <strong><em>Leopardi. Il poeta dell&#8217;Infinito<\/em><\/strong>. &nbsp;La serie, prodotta da <strong>Rai Fiction, IBC Movie e Rai Com<\/strong> e girata lo scorso anno a Recanati, \u00e8 diretta da <strong>Sergio Rubini<\/strong>. Il progetto ha beneficiato del sostegno della Regione Marche tramite il PR FESR Marche 2021-2027 e della <strong>Fondazione Marche Cultura &#8211; Marche Film Commission<\/strong>.<\/p>\n\n\n\n<p class=\"wp-block-paragraph\">Nella sezion<em>e Orizzonti<\/em>, dopo <em>Invelle <\/em>di Simone Massi le Marche tornano in concorso con un progetto autoriale che celebra la tradizione unica dell&#8217;illustrazione e animazione della regione: <strong><em>Il burattino e la balena,<\/em><\/strong> cortometraggio d\u2019animazione di <strong>Roberto Catani.<\/strong> Co-prodotto da <strong>MIYU<\/strong> e <strong>Withstand<\/strong>, il corto \u00e8 stato realizzato con il sostegno della Regione Marche attraverso il Bando di sostegno alla produzione audiovisiva regionale del 2022, della Fondazione Marche Cultura &#8211; Marche Film Commission, del Centre national du cin\u00e9ma et de l&#8217;image anim\u00e9e e di ARTE. L&#8217;anteprima del cortometraggio si terr\u00e0 il 6 settembre alle ore 17.30.<\/p>\n\n\n\n<p class=\"wp-block-paragraph\"><\/p>\n","protected":false},"excerpt":{"rendered":"<p>Marche Film Commission a Venezia: a serie tv su Leopardi diretta da Rubini il corto di animazione di Catani e gli appuntamenti di mercato<\/p>\n","protected":false},"author":26,"featured_media":297867,"comment_status":"closed","ping_status":"closed","sticky":false,"template":"","format":"standard","meta":{"googlesitekit_rrm_CAow3e7fCw:productID":"","_crdt_document":"","footnotes":""},"categories":[215],"tags":[2339,356,2338,509,433],"class_list":{"0":"post-297848","1":"post","2":"type-post","3":"status-publish","4":"format-standard","5":"has-post-thumbnail","7":"category-film-commissions","8":"tag-film-commissions","9":"tag-focus","10":"tag-locations","11":"tag-marche-film-commission","12":"tag-rai"},"yoast_head":"<!-- This site is optimized with the Yoast SEO Premium plugin v27.4 (Yoast SEO v27.4) - https:\/\/yoast.com\/product\/yoast-seo-premium-wordpress\/ -->\n<title>Le MARCHE a Venezia 81 - Cinema &amp; Video International<\/title>\n<meta name=\"description\" content=\"Le MARCHE a Venezia 81 \u2013 le marche a venezia 81. In anteprima assoluta all&#039;81a edizione della Mostra Internazionale d&#039;Arte Cinematografica di Venezia, ver\" \/>\n<meta name=\"robots\" content=\"index, follow, max-snippet:-1, max-image-preview:large, max-video-preview:-1\" \/>\n<link rel=\"canonical\" href=\"https:\/\/cinema.video\/it\/marche-film-commission-a-venezia-a-serie-tv-su-leopardi-diretta-da-rubini-il-corto-di-animazione-di-catani-e-gli-appuntamenti-di-mercato\" \/>\n<meta property=\"og:locale\" content=\"it_IT\" \/>\n<meta property=\"og:type\" content=\"article\" \/>\n<meta property=\"og:title\" content=\"Le MARCHE a Venezia 81\" \/>\n<meta property=\"og:description\" content=\"Le MARCHE a Venezia 81 \u2013 le marche a venezia 81. In anteprima assoluta all&#039;81a edizione della Mostra Internazionale d&#039;Arte Cinematografica di Venezia, ver\" \/>\n<meta property=\"og:url\" content=\"https:\/\/cinema.video\/it\/marche-film-commission-a-venezia-a-serie-tv-su-leopardi-diretta-da-rubini-il-corto-di-animazione-di-catani-e-gli-appuntamenti-di-mercato\" \/>\n<meta property=\"og:site_name\" content=\"Cinema &amp; Video International\" \/>\n<meta property=\"article:publisher\" content=\"https:\/\/www.facebook.com\/CinemaVideoInternational\/\" \/>\n<meta property=\"article:published_time\" content=\"2024-07-25T16:25:00+00:00\" \/>\n<meta property=\"article:modified_time\" content=\"2026-04-10T02:06:09+00:00\" \/>\n<meta property=\"og:image\" content=\"https:\/\/cinema.video\/wp-content\/uploads\/2024\/07\/Leopardi-scaled.jpg\" \/>\n\t<meta property=\"og:image:width\" content=\"2560\" \/>\n\t<meta property=\"og:image:height\" content=\"1707\" \/>\n\t<meta property=\"og:image:type\" content=\"image\/jpeg\" \/>\n<meta name=\"author\" content=\"Redazione\" \/>\n<meta name=\"twitter:card\" content=\"summary_large_image\" \/>\n<meta name=\"twitter:label1\" content=\"Scritto da\" \/>\n\t<meta name=\"twitter:data1\" content=\"Redazione\" \/>\n\t<meta name=\"twitter:label2\" content=\"Tempo di lettura stimato\" \/>\n\t<meta name=\"twitter:data2\" content=\"2 minuti\" \/>\n<script type=\"application\/ld+json\" class=\"yoast-schema-graph\">{\"@context\":\"https:\\\/\\\/schema.org\",\"@graph\":[{\"@type\":\"Article\",\"@id\":\"https:\\\/\\\/cinema.video\\\/it\\\/marche-film-commission-a-venezia-a-serie-tv-su-leopardi-diretta-da-rubini-il-corto-di-animazione-di-catani-e-gli-appuntamenti-di-mercato#article\",\"isPartOf\":{\"@id\":\"https:\\\/\\\/cinema.video\\\/it\\\/marche-film-commission-a-venezia-a-serie-tv-su-leopardi-diretta-da-rubini-il-corto-di-animazione-di-catani-e-gli-appuntamenti-di-mercato\"},\"author\":{\"name\":\"Redazione\",\"@id\":\"https:\\\/\\\/cinema.video\\\/it#\\\/schema\\\/person\\\/aeb01b91d874e8b01e76a1db04c668c6\"},\"headline\":\"Le MARCHE a Venezia 81\",\"datePublished\":\"2024-07-25T16:25:00+00:00\",\"dateModified\":\"2026-04-10T02:06:09+00:00\",\"mainEntityOfPage\":{\"@id\":\"https:\\\/\\\/cinema.video\\\/it\\\/marche-film-commission-a-venezia-a-serie-tv-su-leopardi-diretta-da-rubini-il-corto-di-animazione-di-catani-e-gli-appuntamenti-di-mercato\"},\"wordCount\":171,\"publisher\":{\"@id\":\"https:\\\/\\\/cinema.video\\\/it#organization\"},\"image\":{\"@id\":\"https:\\\/\\\/cinema.video\\\/it\\\/marche-film-commission-a-venezia-a-serie-tv-su-leopardi-diretta-da-rubini-il-corto-di-animazione-di-catani-e-gli-appuntamenti-di-mercato#primaryimage\"},\"thumbnailUrl\":\"https:\\\/\\\/cinema.video\\\/wp-content\\\/uploads\\\/2024\\\/07\\\/Leopardi-scaled.jpg\",\"keywords\":[\"FILM COMMISSIONS\",\"focus\",\"LOCATIONS\",\"Marche Film Commission\",\"RAI\"],\"articleSection\":[\"FILM COMMISSIONS\"],\"inLanguage\":\"it-IT\"},{\"@type\":\"WebPage\",\"@id\":\"https:\\\/\\\/cinema.video\\\/it\\\/marche-film-commission-a-venezia-a-serie-tv-su-leopardi-diretta-da-rubini-il-corto-di-animazione-di-catani-e-gli-appuntamenti-di-mercato\",\"url\":\"https:\\\/\\\/cinema.video\\\/it\\\/marche-film-commission-a-venezia-a-serie-tv-su-leopardi-diretta-da-rubini-il-corto-di-animazione-di-catani-e-gli-appuntamenti-di-mercato\",\"name\":\"Le MARCHE a Venezia 81 - Cinema &amp; Video International\",\"isPartOf\":{\"@id\":\"https:\\\/\\\/cinema.video\\\/it#website\"},\"primaryImageOfPage\":{\"@id\":\"https:\\\/\\\/cinema.video\\\/it\\\/marche-film-commission-a-venezia-a-serie-tv-su-leopardi-diretta-da-rubini-il-corto-di-animazione-di-catani-e-gli-appuntamenti-di-mercato#primaryimage\"},\"image\":{\"@id\":\"https:\\\/\\\/cinema.video\\\/it\\\/marche-film-commission-a-venezia-a-serie-tv-su-leopardi-diretta-da-rubini-il-corto-di-animazione-di-catani-e-gli-appuntamenti-di-mercato#primaryimage\"},\"thumbnailUrl\":\"https:\\\/\\\/cinema.video\\\/wp-content\\\/uploads\\\/2024\\\/07\\\/Leopardi-scaled.jpg\",\"datePublished\":\"2024-07-25T16:25:00+00:00\",\"dateModified\":\"2026-04-10T02:06:09+00:00\",\"description\":\"Le MARCHE a Venezia 81 \u2013 le marche a venezia 81. In anteprima assoluta all'81a edizione della Mostra Internazionale d'Arte Cinematografica di Venezia, ver\",\"breadcrumb\":{\"@id\":\"https:\\\/\\\/cinema.video\\\/it\\\/marche-film-commission-a-venezia-a-serie-tv-su-leopardi-diretta-da-rubini-il-corto-di-animazione-di-catani-e-gli-appuntamenti-di-mercato#breadcrumb\"},\"inLanguage\":\"it-IT\",\"potentialAction\":[{\"@type\":\"ReadAction\",\"target\":[\"https:\\\/\\\/cinema.video\\\/it\\\/marche-film-commission-a-venezia-a-serie-tv-su-leopardi-diretta-da-rubini-il-corto-di-animazione-di-catani-e-gli-appuntamenti-di-mercato\"]}]},{\"@type\":\"ImageObject\",\"inLanguage\":\"it-IT\",\"@id\":\"https:\\\/\\\/cinema.video\\\/it\\\/marche-film-commission-a-venezia-a-serie-tv-su-leopardi-diretta-da-rubini-il-corto-di-animazione-di-catani-e-gli-appuntamenti-di-mercato#primaryimage\",\"url\":\"https:\\\/\\\/cinema.video\\\/wp-content\\\/uploads\\\/2024\\\/07\\\/Leopardi-scaled.jpg\",\"contentUrl\":\"https:\\\/\\\/cinema.video\\\/wp-content\\\/uploads\\\/2024\\\/07\\\/Leopardi-scaled.jpg\",\"width\":2560,\"height\":1707,\"caption\":\"Marche Film Commission a Venezia: a serie tv su Leopardi diretta da Rubini il corto di animazione di Catani e gli appuntamenti di mercato\"},{\"@type\":\"BreadcrumbList\",\"@id\":\"https:\\\/\\\/cinema.video\\\/it\\\/marche-film-commission-a-venezia-a-serie-tv-su-leopardi-diretta-da-rubini-il-corto-di-animazione-di-catani-e-gli-appuntamenti-di-mercato#breadcrumb\",\"itemListElement\":[{\"@type\":\"ListItem\",\"position\":1,\"name\":\"Home\",\"item\":\"https:\\\/\\\/cinema.video\\\/it\\\/home-2\"},{\"@type\":\"ListItem\",\"position\":2,\"name\":\"Le MARCHE a Venezia 81\"}]},{\"@type\":\"WebSite\",\"@id\":\"https:\\\/\\\/cinema.video\\\/it#website\",\"url\":\"https:\\\/\\\/cinema.video\\\/it\",\"name\":\"Cinema & Video International\",\"description\":\"Film &amp; Audiovisual Industry Trade Magazine\",\"publisher\":{\"@id\":\"https:\\\/\\\/cinema.video\\\/it#organization\"},\"alternateName\":\"Cinema & Video\",\"potentialAction\":[{\"@type\":\"SearchAction\",\"target\":{\"@type\":\"EntryPoint\",\"urlTemplate\":\"https:\\\/\\\/cinema.video\\\/it?s={search_term_string}\"},\"query-input\":{\"@type\":\"PropertyValueSpecification\",\"valueRequired\":true,\"valueName\":\"search_term_string\"}}],\"inLanguage\":\"it-IT\"},{\"@type\":\"Organization\",\"@id\":\"https:\\\/\\\/cinema.video\\\/it#organization\",\"name\":\"Cinema & Video\",\"url\":\"https:\\\/\\\/cinema.video\\\/it\",\"logo\":{\"@type\":\"ImageObject\",\"inLanguage\":\"it-IT\",\"@id\":\"https:\\\/\\\/cinema.video\\\/it#\\\/schema\\\/logo\\\/image\\\/\",\"url\":\"https:\\\/\\\/cinema.video\\\/wp-content\\\/uploads\\\/2026\\\/04\\\/CinemVideo_LogoBlack.png\",\"contentUrl\":\"https:\\\/\\\/cinema.video\\\/wp-content\\\/uploads\\\/2026\\\/04\\\/CinemVideo_LogoBlack.png\",\"width\":1336,\"height\":224,\"caption\":\"Cinema & Video\"},\"image\":{\"@id\":\"https:\\\/\\\/cinema.video\\\/it#\\\/schema\\\/logo\\\/image\\\/\"},\"sameAs\":[\"https:\\\/\\\/www.facebook.com\\\/CinemaVideoInternational\\\/\",\"https:\\\/\\\/www.instagram.com\\\/cinemaevideointernational\\\/\",\"https:\\\/\\\/it.linkedin.com\\\/company\\\/cinema-video-international\"],\"description\":\"Media Consulting & Marketing Agency\",\"email\":\"hello@darostudio.com\",\"legalName\":\"DARO studio LLC\",\"foundingDate\":\"2021-02-16\",\"numberOfEmployees\":{\"@type\":\"QuantitativeValue\",\"minValue\":\"1\",\"maxValue\":\"10\"}},{\"@type\":\"Person\",\"@id\":\"https:\\\/\\\/cinema.video\\\/it#\\\/schema\\\/person\\\/aeb01b91d874e8b01e76a1db04c668c6\",\"name\":\"Redazione\",\"image\":{\"@type\":\"ImageObject\",\"inLanguage\":\"it-IT\",\"@id\":\"https:\\\/\\\/secure.gravatar.com\\\/avatar\\\/06ad6f92eb14745b75fb592cadf8139d33242d81c9c8b085133c450aaf0b9731?s=96&d=mm&r=g\",\"url\":\"https:\\\/\\\/secure.gravatar.com\\\/avatar\\\/06ad6f92eb14745b75fb592cadf8139d33242d81c9c8b085133c450aaf0b9731?s=96&d=mm&r=g\",\"contentUrl\":\"https:\\\/\\\/secure.gravatar.com\\\/avatar\\\/06ad6f92eb14745b75fb592cadf8139d33242d81c9c8b085133c450aaf0b9731?s=96&d=mm&r=g\",\"caption\":\"Redazione\"},\"url\":\"https:\\\/\\\/cinema.video\\\/it\\\/author\\\/redazione\"}]}<\/script>\n<!-- \/ Yoast SEO Premium plugin. -->","yoast_head_json":{"title":"Le MARCHE a Venezia 81 - Cinema &amp; Video International","description":"Le MARCHE a Venezia 81 \u2013 le marche a venezia 81. In anteprima assoluta all'81a edizione della Mostra Internazionale d'Arte Cinematografica di Venezia, ver","robots":{"index":"index","follow":"follow","max-snippet":"max-snippet:-1","max-image-preview":"max-image-preview:large","max-video-preview":"max-video-preview:-1"},"canonical":"https:\/\/cinema.video\/it\/marche-film-commission-a-venezia-a-serie-tv-su-leopardi-diretta-da-rubini-il-corto-di-animazione-di-catani-e-gli-appuntamenti-di-mercato","og_locale":"it_IT","og_type":"article","og_title":"Le MARCHE a Venezia 81","og_description":"Le MARCHE a Venezia 81 \u2013 le marche a venezia 81. In anteprima assoluta all'81a edizione della Mostra Internazionale d'Arte Cinematografica di Venezia, ver","og_url":"https:\/\/cinema.video\/it\/marche-film-commission-a-venezia-a-serie-tv-su-leopardi-diretta-da-rubini-il-corto-di-animazione-di-catani-e-gli-appuntamenti-di-mercato","og_site_name":"Cinema &amp; Video International","article_publisher":"https:\/\/www.facebook.com\/CinemaVideoInternational\/","article_published_time":"2024-07-25T16:25:00+00:00","article_modified_time":"2026-04-10T02:06:09+00:00","og_image":[{"width":2560,"height":1707,"url":"https:\/\/cinema.video\/wp-content\/uploads\/2024\/07\/Leopardi-scaled.jpg","type":"image\/jpeg"}],"author":"Redazione","twitter_card":"summary_large_image","twitter_misc":{"Scritto da":"Redazione","Tempo di lettura stimato":"2 minuti"},"schema":{"@context":"https:\/\/schema.org","@graph":[{"@type":"Article","@id":"https:\/\/cinema.video\/it\/marche-film-commission-a-venezia-a-serie-tv-su-leopardi-diretta-da-rubini-il-corto-di-animazione-di-catani-e-gli-appuntamenti-di-mercato#article","isPartOf":{"@id":"https:\/\/cinema.video\/it\/marche-film-commission-a-venezia-a-serie-tv-su-leopardi-diretta-da-rubini-il-corto-di-animazione-di-catani-e-gli-appuntamenti-di-mercato"},"author":{"name":"Redazione","@id":"https:\/\/cinema.video\/it#\/schema\/person\/aeb01b91d874e8b01e76a1db04c668c6"},"headline":"Le MARCHE a Venezia 81","datePublished":"2024-07-25T16:25:00+00:00","dateModified":"2026-04-10T02:06:09+00:00","mainEntityOfPage":{"@id":"https:\/\/cinema.video\/it\/marche-film-commission-a-venezia-a-serie-tv-su-leopardi-diretta-da-rubini-il-corto-di-animazione-di-catani-e-gli-appuntamenti-di-mercato"},"wordCount":171,"publisher":{"@id":"https:\/\/cinema.video\/it#organization"},"image":{"@id":"https:\/\/cinema.video\/it\/marche-film-commission-a-venezia-a-serie-tv-su-leopardi-diretta-da-rubini-il-corto-di-animazione-di-catani-e-gli-appuntamenti-di-mercato#primaryimage"},"thumbnailUrl":"https:\/\/cinema.video\/wp-content\/uploads\/2024\/07\/Leopardi-scaled.jpg","keywords":["FILM COMMISSIONS","focus","LOCATIONS","Marche Film Commission","RAI"],"articleSection":["FILM COMMISSIONS"],"inLanguage":"it-IT"},{"@type":"WebPage","@id":"https:\/\/cinema.video\/it\/marche-film-commission-a-venezia-a-serie-tv-su-leopardi-diretta-da-rubini-il-corto-di-animazione-di-catani-e-gli-appuntamenti-di-mercato","url":"https:\/\/cinema.video\/it\/marche-film-commission-a-venezia-a-serie-tv-su-leopardi-diretta-da-rubini-il-corto-di-animazione-di-catani-e-gli-appuntamenti-di-mercato","name":"Le MARCHE a Venezia 81 - Cinema &amp; Video International","isPartOf":{"@id":"https:\/\/cinema.video\/it#website"},"primaryImageOfPage":{"@id":"https:\/\/cinema.video\/it\/marche-film-commission-a-venezia-a-serie-tv-su-leopardi-diretta-da-rubini-il-corto-di-animazione-di-catani-e-gli-appuntamenti-di-mercato#primaryimage"},"image":{"@id":"https:\/\/cinema.video\/it\/marche-film-commission-a-venezia-a-serie-tv-su-leopardi-diretta-da-rubini-il-corto-di-animazione-di-catani-e-gli-appuntamenti-di-mercato#primaryimage"},"thumbnailUrl":"https:\/\/cinema.video\/wp-content\/uploads\/2024\/07\/Leopardi-scaled.jpg","datePublished":"2024-07-25T16:25:00+00:00","dateModified":"2026-04-10T02:06:09+00:00","description":"Le MARCHE a Venezia 81 \u2013 le marche a venezia 81. In anteprima assoluta all'81a edizione della Mostra Internazionale d'Arte Cinematografica di Venezia, ver","breadcrumb":{"@id":"https:\/\/cinema.video\/it\/marche-film-commission-a-venezia-a-serie-tv-su-leopardi-diretta-da-rubini-il-corto-di-animazione-di-catani-e-gli-appuntamenti-di-mercato#breadcrumb"},"inLanguage":"it-IT","potentialAction":[{"@type":"ReadAction","target":["https:\/\/cinema.video\/it\/marche-film-commission-a-venezia-a-serie-tv-su-leopardi-diretta-da-rubini-il-corto-di-animazione-di-catani-e-gli-appuntamenti-di-mercato"]}]},{"@type":"ImageObject","inLanguage":"it-IT","@id":"https:\/\/cinema.video\/it\/marche-film-commission-a-venezia-a-serie-tv-su-leopardi-diretta-da-rubini-il-corto-di-animazione-di-catani-e-gli-appuntamenti-di-mercato#primaryimage","url":"https:\/\/cinema.video\/wp-content\/uploads\/2024\/07\/Leopardi-scaled.jpg","contentUrl":"https:\/\/cinema.video\/wp-content\/uploads\/2024\/07\/Leopardi-scaled.jpg","width":2560,"height":1707,"caption":"Marche Film Commission a Venezia: a serie tv su Leopardi diretta da Rubini il corto di animazione di Catani e gli appuntamenti di mercato"},{"@type":"BreadcrumbList","@id":"https:\/\/cinema.video\/it\/marche-film-commission-a-venezia-a-serie-tv-su-leopardi-diretta-da-rubini-il-corto-di-animazione-di-catani-e-gli-appuntamenti-di-mercato#breadcrumb","itemListElement":[{"@type":"ListItem","position":1,"name":"Home","item":"https:\/\/cinema.video\/it\/home-2"},{"@type":"ListItem","position":2,"name":"Le MARCHE a Venezia 81"}]},{"@type":"WebSite","@id":"https:\/\/cinema.video\/it#website","url":"https:\/\/cinema.video\/it","name":"Cinema & Video International","description":"Film &amp; Audiovisual Industry Trade Magazine","publisher":{"@id":"https:\/\/cinema.video\/it#organization"},"alternateName":"Cinema & Video","potentialAction":[{"@type":"SearchAction","target":{"@type":"EntryPoint","urlTemplate":"https:\/\/cinema.video\/it?s={search_term_string}"},"query-input":{"@type":"PropertyValueSpecification","valueRequired":true,"valueName":"search_term_string"}}],"inLanguage":"it-IT"},{"@type":"Organization","@id":"https:\/\/cinema.video\/it#organization","name":"Cinema & Video","url":"https:\/\/cinema.video\/it","logo":{"@type":"ImageObject","inLanguage":"it-IT","@id":"https:\/\/cinema.video\/it#\/schema\/logo\/image\/","url":"https:\/\/cinema.video\/wp-content\/uploads\/2026\/04\/CinemVideo_LogoBlack.png","contentUrl":"https:\/\/cinema.video\/wp-content\/uploads\/2026\/04\/CinemVideo_LogoBlack.png","width":1336,"height":224,"caption":"Cinema & Video"},"image":{"@id":"https:\/\/cinema.video\/it#\/schema\/logo\/image\/"},"sameAs":["https:\/\/www.facebook.com\/CinemaVideoInternational\/","https:\/\/www.instagram.com\/cinemaevideointernational\/","https:\/\/it.linkedin.com\/company\/cinema-video-international"],"description":"Media Consulting & Marketing Agency","email":"hello@darostudio.com","legalName":"DARO studio LLC","foundingDate":"2021-02-16","numberOfEmployees":{"@type":"QuantitativeValue","minValue":"1","maxValue":"10"}},{"@type":"Person","@id":"https:\/\/cinema.video\/it#\/schema\/person\/aeb01b91d874e8b01e76a1db04c668c6","name":"Redazione","image":{"@type":"ImageObject","inLanguage":"it-IT","@id":"https:\/\/secure.gravatar.com\/avatar\/06ad6f92eb14745b75fb592cadf8139d33242d81c9c8b085133c450aaf0b9731?s=96&d=mm&r=g","url":"https:\/\/secure.gravatar.com\/avatar\/06ad6f92eb14745b75fb592cadf8139d33242d81c9c8b085133c450aaf0b9731?s=96&d=mm&r=g","contentUrl":"https:\/\/secure.gravatar.com\/avatar\/06ad6f92eb14745b75fb592cadf8139d33242d81c9c8b085133c450aaf0b9731?s=96&d=mm&r=g","caption":"Redazione"},"url":"https:\/\/cinema.video\/it\/author\/redazione"}]}},"jetpack_featured_media_url":"https:\/\/cinema.video\/wp-content\/uploads\/2024\/07\/Leopardi-scaled.jpg","jetpack_shortlink":"https:\/\/wp.me\/ph672m-1fu0","_links":{"self":[{"href":"https:\/\/cinema.video\/it\/wp-json\/wp\/v2\/posts\/297848","targetHints":{"allow":["GET"]}}],"collection":[{"href":"https:\/\/cinema.video\/it\/wp-json\/wp\/v2\/posts"}],"about":[{"href":"https:\/\/cinema.video\/it\/wp-json\/wp\/v2\/types\/post"}],"author":[{"embeddable":true,"href":"https:\/\/cinema.video\/it\/wp-json\/wp\/v2\/users\/26"}],"replies":[{"embeddable":true,"href":"https:\/\/cinema.video\/it\/wp-json\/wp\/v2\/comments?post=297848"}],"version-history":[{"count":1,"href":"https:\/\/cinema.video\/it\/wp-json\/wp\/v2\/posts\/297848\/revisions"}],"predecessor-version":[{"id":302785,"href":"https:\/\/cinema.video\/it\/wp-json\/wp\/v2\/posts\/297848\/revisions\/302785"}],"wp:featuredmedia":[{"embeddable":true,"href":"https:\/\/cinema.video\/it\/wp-json\/wp\/v2\/media\/297867"}],"wp:attachment":[{"href":"https:\/\/cinema.video\/it\/wp-json\/wp\/v2\/media?parent=297848"}],"wp:term":[{"taxonomy":"category","embeddable":true,"href":"https:\/\/cinema.video\/it\/wp-json\/wp\/v2\/categories?post=297848"},{"taxonomy":"post_tag","embeddable":true,"href":"https:\/\/cinema.video\/it\/wp-json\/wp\/v2\/tags?post=297848"}],"curies":[{"name":"wp","href":"https:\/\/api.w.org\/{rel}","templated":true}]}}