{"id":297818,"date":"2024-07-19T09:17:11","date_gmt":"2024-07-19T07:17:11","guid":{"rendered":"https:\/\/cinema.video\/?p=297818"},"modified":"2026-04-10T04:06:08","modified_gmt":"2026-04-10T02:06:08","slug":"locarno-pro-itaca-e-dal-pianeta-terra-a-alliance4development","status":"publish","type":"post","link":"https:\/\/cinema.video\/it\/locarno-pro-itaca-e-dal-pianeta-terra-a-alliance4development","title":{"rendered":"LOCARNO PRO Itaca e Dal Pianeta terra a Alliance4Development"},"content":{"rendered":"\n<p class=\"wp-block-paragraph\">Ci sono due progetti italiani&nbsp; fra gli undici in&nbsp; selezione ad <strong>Alliance4Development<\/strong> (A4D), il programma di co-sviluppo di <strong>Locarno Pro<\/strong>, lo spazio industry del<strong> Festival di Locarno<\/strong>, che si svolger\u00e0 dall\u20198 al 13 agosto.&nbsp;<\/p>\n\n\n\n<p class=\"wp-block-paragraph\"><strong><em>Itaca<\/em> <\/strong>\u00e8 un dramma coming-of-age diretto da regista <strong>Alessandro Grande <\/strong>che ha per protagonista&nbsp; Sebastiano che, rapito da neonato, incontra i suoi genitori biologici solo da adulto e si confronta con la questione dell\u2019identit\u00e0 e delle origini. Il film \u00e8 prodotto da<strong> Alessandro Amato <\/strong>e<strong> Luigi Chimienti <\/strong>per <strong>disp\u00e1rte <\/strong>e dalla<strong> Achtung Panda! d<\/strong>i Berlino, e ha ottenuto il sostegno alla pre-produzione di <strong>IDM Film Commission S\u00fcdtirol.<\/strong><\/p>\n\n\n\n<p class=\"wp-block-paragraph\">L\u2019altro film italiano selezionato \u00e8 <strong><em>Dal Pianeta Terra<\/em> <\/strong>di<strong> Luca Magi, <\/strong>prodotto da<strong> Claudio Giapponesi <\/strong>(<strong>Kin\u00e9 Societ\u00e0 Cooperativa<\/strong>).<\/p>\n\n\n\n<p class=\"wp-block-paragraph\">A4D \u00e8 dedicato a film provenienti da Austria, Francia, Germania, Italia e Svizzera. I progetti selezionati parteciperanno ad un programma di tre giorni concepito per rafforzare il loro potenziale co-produttivo, attraverso incontri one to one, sessioni di pitching, eventi di network, pranzi, workshops e sessioni di di feedback con i professionisti invitati a Locarno Pro. E concorreranno per i seguenti premi:<\/p>\n\n\n\n<ul class=\"wp-block-list\">\n<li>l\u2019<strong>Alphapanda<\/strong> Market Breakout Award, (servizi di consulenza del valore di 3,500 \u20ac); <\/li>\n\n\n\n<li>una residenza per la consulenza alla sceneggiatura a <strong>DreamAgo<\/strong>, offerta dalla <strong>Valais Film Commission<\/strong>, del valore 5,000 CHF; <\/li>\n\n\n\n<li>il\u00a0 <strong>MIDPOINT Consulting Award <\/strong>per una consulenza alla sceneggiatura approfondita online con gli esperti del MIDPOINT Institute; <\/li>\n\n\n\n<li>il <strong>Ticino Film Commission Residence Award<\/strong>, che consiste in due giorni di location-scout (del valore di CHF) e in una Lettera di Intenti per il supporto finanziario alla societ\u00e0 di produzione (per un valore di fino a 12,000 CHF), nel caso in il film, o parte di esso venga girato in Ticino.<\/li>\n<\/ul>\n\n\n\n<p class=\"wp-block-paragraph\">All\u2019interno di <strong>Match Me!<\/strong>, la piattaforma di networking platform per produttori e societ\u00e0 di produzione emergenti che si distinguano per una forte e personale visione, sono stati selezionati i seguenti produttori italiani: <strong>Francesca Vargiu <\/strong>(<strong>Diero<\/strong>); <strong>Michele Cherchi Palmieri <\/strong>(<strong>Matto Film<\/strong>) e <strong>Umberto Maria Angrisani <\/strong>(<strong>Mompracem<\/strong>).<\/p>\n\n\n\n<p class=\"wp-block-paragraph\">La quinta edizione di U30, tre giorni di programma (9-11 agosto) dedicato a professionisti under 30 che abbiano gi\u00e0 preso parte a una delle Locarno Industry Academies, vede la partecipazione di <strong>Carlo Maria Corsetti<\/strong> (per la tedesca Match Factory).<\/p>\n\n\n\n<p class=\"wp-block-paragraph\">Fra i selezionati per la Locarno Industry Academy, il workshop intensivo dedicato a giovani professionisti attivi nelle vendite internazionali, nel marketing, nella distribuzione tradizionale e online, nell\u2019esercizio e nella programmazione, c\u2019\u00e8 <strong>Bianca Giacalone<\/strong> di <strong>Minerva Pictures.<\/strong><\/p>\n\n\n\n<p class=\"wp-block-paragraph\"><\/p>\n","protected":false},"excerpt":{"rendered":"<p>Il programma di co-sviluppo di Locarno Pro, lo spazio industry del Festival di Locarno, si svolger\u00e0 dall\u20198 al 13 agosto. Itaca \u00e8 diretto da Alessandro Grande, prodotto da disp\u00e1rte e sostenuto da IDM Film Commission S\u00fcdtirol. Dal Pianeta Terra \u00e8 diretto  Luca Magi, e prodotto da Kin\u00e9 Societ\u00e0 Cooperativa<\/p>\n","protected":false},"author":2,"featured_media":297837,"comment_status":"closed","ping_status":"closed","sticky":false,"template":"","format":"standard","meta":{"googlesitekit_rrm_CAow3e7fCw:productID":"","_crdt_document":"","footnotes":""},"categories":[1],"tags":[356,1003],"class_list":{"0":"post-297818","1":"post","2":"type-post","3":"status-publish","4":"format-standard","5":"has-post-thumbnail","7":"category-senza-categoria","8":"tag-focus","9":"tag-idm-film-commission-suditirol"},"yoast_head":"<!-- This site is optimized with the Yoast SEO Premium plugin v27.4 (Yoast SEO v27.5) - https:\/\/yoast.com\/product\/yoast-seo-premium-wordpress\/ -->\n<title>LOCARNO PRO Itaca e Dal Pianeta terra a Alliance4Development - Cinema &amp; Video International<\/title>\n<meta name=\"description\" content=\"LOCARNO PRO Itaca e Dal Pianeta terra a Alliance4Development \u2013 locarno pro itaca e dal pianeta. Ci sono due progetti italiani&nbsp; fra gli undici in&amp;nbsp\" \/>\n<meta name=\"robots\" content=\"index, follow, max-snippet:-1, max-image-preview:large, max-video-preview:-1\" \/>\n<link rel=\"canonical\" href=\"https:\/\/cinema.video\/it\/locarno-pro-itaca-e-dal-pianeta-terra-a-alliance4development\" \/>\n<meta property=\"og:locale\" content=\"it_IT\" \/>\n<meta property=\"og:type\" content=\"article\" \/>\n<meta property=\"og:title\" content=\"LOCARNO PRO Itaca e Dal Pianeta terra a Alliance4Development\" \/>\n<meta property=\"og:description\" content=\"LOCARNO PRO Itaca e Dal Pianeta terra a Alliance4Development \u2013 locarno pro itaca e dal pianeta. Ci sono due progetti italiani&nbsp; fra gli undici in&amp;nbsp\" \/>\n<meta property=\"og:url\" content=\"https:\/\/cinema.video\/it\/locarno-pro-itaca-e-dal-pianeta-terra-a-alliance4development\" \/>\n<meta property=\"og:site_name\" content=\"Cinema &amp; Video International\" \/>\n<meta property=\"article:publisher\" content=\"https:\/\/www.facebook.com\/CinemaVideoInternational\/\" \/>\n<meta property=\"article:published_time\" content=\"2024-07-19T07:17:11+00:00\" \/>\n<meta property=\"article:modified_time\" content=\"2026-04-10T02:06:08+00:00\" \/>\n<meta property=\"og:image\" content=\"https:\/\/cinema.video\/wp-content\/uploads\/2024\/07\/WhatsApp-Image-2024-07-23-at-16.57.02.jpeg\" \/>\n\t<meta property=\"og:image:width\" content=\"853\" \/>\n\t<meta property=\"og:image:height\" content=\"595\" \/>\n\t<meta property=\"og:image:type\" content=\"image\/jpeg\" \/>\n<meta name=\"author\" content=\"Carolina Mancini\" \/>\n<meta name=\"twitter:card\" content=\"summary_large_image\" \/>\n<meta name=\"twitter:label1\" content=\"Scritto da\" \/>\n\t<meta name=\"twitter:data1\" content=\"Carolina Mancini\" \/>\n\t<meta name=\"twitter:label2\" content=\"Tempo di lettura stimato\" \/>\n\t<meta name=\"twitter:data2\" content=\"3 minuti\" \/>\n<script type=\"application\/ld+json\" class=\"yoast-schema-graph\">{\"@context\":\"https:\\\/\\\/schema.org\",\"@graph\":[{\"@type\":\"Article\",\"@id\":\"https:\\\/\\\/cinema.video\\\/it\\\/locarno-pro-itaca-e-dal-pianeta-terra-a-alliance4development#article\",\"isPartOf\":{\"@id\":\"https:\\\/\\\/cinema.video\\\/it\\\/locarno-pro-itaca-e-dal-pianeta-terra-a-alliance4development\"},\"author\":{\"name\":\"Carolina Mancini\",\"@id\":\"https:\\\/\\\/cinema.video\\\/it#\\\/schema\\\/person\\\/d5479fad8d0f2360000eb4aab6bb6e5d\"},\"headline\":\"LOCARNO PRO Itaca e Dal Pianeta terra a Alliance4Development\",\"datePublished\":\"2024-07-19T07:17:11+00:00\",\"dateModified\":\"2026-04-10T02:06:08+00:00\",\"mainEntityOfPage\":{\"@id\":\"https:\\\/\\\/cinema.video\\\/it\\\/locarno-pro-itaca-e-dal-pianeta-terra-a-alliance4development\"},\"wordCount\":413,\"publisher\":{\"@id\":\"https:\\\/\\\/cinema.video\\\/it#organization\"},\"image\":{\"@id\":\"https:\\\/\\\/cinema.video\\\/it\\\/locarno-pro-itaca-e-dal-pianeta-terra-a-alliance4development#primaryimage\"},\"thumbnailUrl\":\"https:\\\/\\\/cinema.video\\\/wp-content\\\/uploads\\\/2024\\\/07\\\/WhatsApp-Image-2024-07-23-at-16.57.02.jpeg\",\"keywords\":[\"focus\",\"IDM FILM COMMISSION S\u00dcDTIROL\"],\"inLanguage\":\"it-IT\"},{\"@type\":\"WebPage\",\"@id\":\"https:\\\/\\\/cinema.video\\\/it\\\/locarno-pro-itaca-e-dal-pianeta-terra-a-alliance4development\",\"url\":\"https:\\\/\\\/cinema.video\\\/it\\\/locarno-pro-itaca-e-dal-pianeta-terra-a-alliance4development\",\"name\":\"LOCARNO PRO Itaca e Dal Pianeta terra a Alliance4Development - Cinema &amp; Video International\",\"isPartOf\":{\"@id\":\"https:\\\/\\\/cinema.video\\\/it#website\"},\"primaryImageOfPage\":{\"@id\":\"https:\\\/\\\/cinema.video\\\/it\\\/locarno-pro-itaca-e-dal-pianeta-terra-a-alliance4development#primaryimage\"},\"image\":{\"@id\":\"https:\\\/\\\/cinema.video\\\/it\\\/locarno-pro-itaca-e-dal-pianeta-terra-a-alliance4development#primaryimage\"},\"thumbnailUrl\":\"https:\\\/\\\/cinema.video\\\/wp-content\\\/uploads\\\/2024\\\/07\\\/WhatsApp-Image-2024-07-23-at-16.57.02.jpeg\",\"datePublished\":\"2024-07-19T07:17:11+00:00\",\"dateModified\":\"2026-04-10T02:06:08+00:00\",\"description\":\"LOCARNO PRO Itaca e Dal Pianeta terra a Alliance4Development \u2013 locarno pro itaca e dal pianeta. Ci sono due progetti italiani&nbsp; fra gli undici in&nbsp\",\"breadcrumb\":{\"@id\":\"https:\\\/\\\/cinema.video\\\/it\\\/locarno-pro-itaca-e-dal-pianeta-terra-a-alliance4development#breadcrumb\"},\"inLanguage\":\"it-IT\",\"potentialAction\":[{\"@type\":\"ReadAction\",\"target\":[\"https:\\\/\\\/cinema.video\\\/it\\\/locarno-pro-itaca-e-dal-pianeta-terra-a-alliance4development\"]}]},{\"@type\":\"ImageObject\",\"inLanguage\":\"it-IT\",\"@id\":\"https:\\\/\\\/cinema.video\\\/it\\\/locarno-pro-itaca-e-dal-pianeta-terra-a-alliance4development#primaryimage\",\"url\":\"https:\\\/\\\/cinema.video\\\/wp-content\\\/uploads\\\/2024\\\/07\\\/WhatsApp-Image-2024-07-23-at-16.57.02.jpeg\",\"contentUrl\":\"https:\\\/\\\/cinema.video\\\/wp-content\\\/uploads\\\/2024\\\/07\\\/WhatsApp-Image-2024-07-23-at-16.57.02.jpeg\",\"width\":853,\"height\":595,\"caption\":\"Itaca di Alessandro Grande (disp\u00e1rte) e Dal Pianeta Terra di Luca Magi (Kin\u00e9 Societ\u00e0 Cooperativa) ad Alliance4Development di Locarno Pro\"},{\"@type\":\"BreadcrumbList\",\"@id\":\"https:\\\/\\\/cinema.video\\\/it\\\/locarno-pro-itaca-e-dal-pianeta-terra-a-alliance4development#breadcrumb\",\"itemListElement\":[{\"@type\":\"ListItem\",\"position\":1,\"name\":\"Home\",\"item\":\"https:\\\/\\\/cinema.video\\\/it\\\/home-2\"},{\"@type\":\"ListItem\",\"position\":2,\"name\":\"LOCARNO PRO Itaca e Dal Pianeta terra a Alliance4Development\"}]},{\"@type\":\"WebSite\",\"@id\":\"https:\\\/\\\/cinema.video\\\/it#website\",\"url\":\"https:\\\/\\\/cinema.video\\\/it\",\"name\":\"Cinema & Video International\",\"description\":\"Film &amp; Audiovisual Industry Trade Magazine\",\"publisher\":{\"@id\":\"https:\\\/\\\/cinema.video\\\/it#organization\"},\"alternateName\":\"Cinema & Video\",\"potentialAction\":[{\"@type\":\"SearchAction\",\"target\":{\"@type\":\"EntryPoint\",\"urlTemplate\":\"https:\\\/\\\/cinema.video\\\/it?s={search_term_string}\"},\"query-input\":{\"@type\":\"PropertyValueSpecification\",\"valueRequired\":true,\"valueName\":\"search_term_string\"}}],\"inLanguage\":\"it-IT\"},{\"@type\":\"Organization\",\"@id\":\"https:\\\/\\\/cinema.video\\\/it#organization\",\"name\":\"Cinema & Video\",\"url\":\"https:\\\/\\\/cinema.video\\\/it\",\"logo\":{\"@type\":\"ImageObject\",\"inLanguage\":\"it-IT\",\"@id\":\"https:\\\/\\\/cinema.video\\\/it#\\\/schema\\\/logo\\\/image\\\/\",\"url\":\"https:\\\/\\\/cinema.video\\\/wp-content\\\/uploads\\\/2026\\\/04\\\/CinemVideo_LogoBlack.png\",\"contentUrl\":\"https:\\\/\\\/cinema.video\\\/wp-content\\\/uploads\\\/2026\\\/04\\\/CinemVideo_LogoBlack.png\",\"width\":1336,\"height\":224,\"caption\":\"Cinema & Video\"},\"image\":{\"@id\":\"https:\\\/\\\/cinema.video\\\/it#\\\/schema\\\/logo\\\/image\\\/\"},\"sameAs\":[\"https:\\\/\\\/www.facebook.com\\\/CinemaVideoInternational\\\/\",\"https:\\\/\\\/www.instagram.com\\\/cinemaevideointernational\\\/\",\"https:\\\/\\\/it.linkedin.com\\\/company\\\/cinema-video-international\"],\"description\":\"Media Consulting & Marketing Agency\",\"email\":\"hello@darostudio.com\",\"legalName\":\"DARO studio LLC\",\"foundingDate\":\"2021-02-16\",\"numberOfEmployees\":{\"@type\":\"QuantitativeValue\",\"minValue\":\"1\",\"maxValue\":\"10\"}},{\"@type\":\"Person\",\"@id\":\"https:\\\/\\\/cinema.video\\\/it#\\\/schema\\\/person\\\/d5479fad8d0f2360000eb4aab6bb6e5d\",\"name\":\"Carolina Mancini\",\"image\":{\"@type\":\"ImageObject\",\"inLanguage\":\"it-IT\",\"@id\":\"https:\\\/\\\/secure.gravatar.com\\\/avatar\\\/d4758965c5e8730dbaaa7131a628547771a26c1e5bf14fe323d96f8246a62baf?s=96&d=mm&r=g\",\"url\":\"https:\\\/\\\/secure.gravatar.com\\\/avatar\\\/d4758965c5e8730dbaaa7131a628547771a26c1e5bf14fe323d96f8246a62baf?s=96&d=mm&r=g\",\"contentUrl\":\"https:\\\/\\\/secure.gravatar.com\\\/avatar\\\/d4758965c5e8730dbaaa7131a628547771a26c1e5bf14fe323d96f8246a62baf?s=96&d=mm&r=g\",\"caption\":\"Carolina Mancini\"},\"url\":\"https:\\\/\\\/cinema.video\\\/it\\\/author\\\/carolin\"}]}<\/script>\n<!-- \/ Yoast SEO Premium plugin. -->","yoast_head_json":{"title":"LOCARNO PRO Itaca e Dal Pianeta terra a Alliance4Development - Cinema &amp; Video International","description":"LOCARNO PRO Itaca e Dal Pianeta terra a Alliance4Development \u2013 locarno pro itaca e dal pianeta. Ci sono due progetti italiani&nbsp; fra gli undici in&nbsp","robots":{"index":"index","follow":"follow","max-snippet":"max-snippet:-1","max-image-preview":"max-image-preview:large","max-video-preview":"max-video-preview:-1"},"canonical":"https:\/\/cinema.video\/it\/locarno-pro-itaca-e-dal-pianeta-terra-a-alliance4development","og_locale":"it_IT","og_type":"article","og_title":"LOCARNO PRO Itaca e Dal Pianeta terra a Alliance4Development","og_description":"LOCARNO PRO Itaca e Dal Pianeta terra a Alliance4Development \u2013 locarno pro itaca e dal pianeta. Ci sono due progetti italiani&nbsp; fra gli undici in&nbsp","og_url":"https:\/\/cinema.video\/it\/locarno-pro-itaca-e-dal-pianeta-terra-a-alliance4development","og_site_name":"Cinema &amp; Video International","article_publisher":"https:\/\/www.facebook.com\/CinemaVideoInternational\/","article_published_time":"2024-07-19T07:17:11+00:00","article_modified_time":"2026-04-10T02:06:08+00:00","og_image":[{"width":853,"height":595,"url":"https:\/\/cinema.video\/wp-content\/uploads\/2024\/07\/WhatsApp-Image-2024-07-23-at-16.57.02.jpeg","type":"image\/jpeg"}],"author":"Carolina Mancini","twitter_card":"summary_large_image","twitter_misc":{"Scritto da":"Carolina Mancini","Tempo di lettura stimato":"3 minuti"},"schema":{"@context":"https:\/\/schema.org","@graph":[{"@type":"Article","@id":"https:\/\/cinema.video\/it\/locarno-pro-itaca-e-dal-pianeta-terra-a-alliance4development#article","isPartOf":{"@id":"https:\/\/cinema.video\/it\/locarno-pro-itaca-e-dal-pianeta-terra-a-alliance4development"},"author":{"name":"Carolina Mancini","@id":"https:\/\/cinema.video\/it#\/schema\/person\/d5479fad8d0f2360000eb4aab6bb6e5d"},"headline":"LOCARNO PRO Itaca e Dal Pianeta terra a Alliance4Development","datePublished":"2024-07-19T07:17:11+00:00","dateModified":"2026-04-10T02:06:08+00:00","mainEntityOfPage":{"@id":"https:\/\/cinema.video\/it\/locarno-pro-itaca-e-dal-pianeta-terra-a-alliance4development"},"wordCount":413,"publisher":{"@id":"https:\/\/cinema.video\/it#organization"},"image":{"@id":"https:\/\/cinema.video\/it\/locarno-pro-itaca-e-dal-pianeta-terra-a-alliance4development#primaryimage"},"thumbnailUrl":"https:\/\/cinema.video\/wp-content\/uploads\/2024\/07\/WhatsApp-Image-2024-07-23-at-16.57.02.jpeg","keywords":["focus","IDM FILM COMMISSION S\u00dcDTIROL"],"inLanguage":"it-IT"},{"@type":"WebPage","@id":"https:\/\/cinema.video\/it\/locarno-pro-itaca-e-dal-pianeta-terra-a-alliance4development","url":"https:\/\/cinema.video\/it\/locarno-pro-itaca-e-dal-pianeta-terra-a-alliance4development","name":"LOCARNO PRO Itaca e Dal Pianeta terra a Alliance4Development - Cinema &amp; Video International","isPartOf":{"@id":"https:\/\/cinema.video\/it#website"},"primaryImageOfPage":{"@id":"https:\/\/cinema.video\/it\/locarno-pro-itaca-e-dal-pianeta-terra-a-alliance4development#primaryimage"},"image":{"@id":"https:\/\/cinema.video\/it\/locarno-pro-itaca-e-dal-pianeta-terra-a-alliance4development#primaryimage"},"thumbnailUrl":"https:\/\/cinema.video\/wp-content\/uploads\/2024\/07\/WhatsApp-Image-2024-07-23-at-16.57.02.jpeg","datePublished":"2024-07-19T07:17:11+00:00","dateModified":"2026-04-10T02:06:08+00:00","description":"LOCARNO PRO Itaca e Dal Pianeta terra a Alliance4Development \u2013 locarno pro itaca e dal pianeta. Ci sono due progetti italiani&nbsp; fra gli undici in&nbsp","breadcrumb":{"@id":"https:\/\/cinema.video\/it\/locarno-pro-itaca-e-dal-pianeta-terra-a-alliance4development#breadcrumb"},"inLanguage":"it-IT","potentialAction":[{"@type":"ReadAction","target":["https:\/\/cinema.video\/it\/locarno-pro-itaca-e-dal-pianeta-terra-a-alliance4development"]}]},{"@type":"ImageObject","inLanguage":"it-IT","@id":"https:\/\/cinema.video\/it\/locarno-pro-itaca-e-dal-pianeta-terra-a-alliance4development#primaryimage","url":"https:\/\/cinema.video\/wp-content\/uploads\/2024\/07\/WhatsApp-Image-2024-07-23-at-16.57.02.jpeg","contentUrl":"https:\/\/cinema.video\/wp-content\/uploads\/2024\/07\/WhatsApp-Image-2024-07-23-at-16.57.02.jpeg","width":853,"height":595,"caption":"Itaca di Alessandro Grande (disp\u00e1rte) e Dal Pianeta Terra di Luca Magi (Kin\u00e9 Societ\u00e0 Cooperativa) ad Alliance4Development di Locarno Pro"},{"@type":"BreadcrumbList","@id":"https:\/\/cinema.video\/it\/locarno-pro-itaca-e-dal-pianeta-terra-a-alliance4development#breadcrumb","itemListElement":[{"@type":"ListItem","position":1,"name":"Home","item":"https:\/\/cinema.video\/it\/home-2"},{"@type":"ListItem","position":2,"name":"LOCARNO PRO Itaca e Dal Pianeta terra a Alliance4Development"}]},{"@type":"WebSite","@id":"https:\/\/cinema.video\/it#website","url":"https:\/\/cinema.video\/it","name":"Cinema & Video International","description":"Film &amp; Audiovisual Industry Trade Magazine","publisher":{"@id":"https:\/\/cinema.video\/it#organization"},"alternateName":"Cinema & Video","potentialAction":[{"@type":"SearchAction","target":{"@type":"EntryPoint","urlTemplate":"https:\/\/cinema.video\/it?s={search_term_string}"},"query-input":{"@type":"PropertyValueSpecification","valueRequired":true,"valueName":"search_term_string"}}],"inLanguage":"it-IT"},{"@type":"Organization","@id":"https:\/\/cinema.video\/it#organization","name":"Cinema & Video","url":"https:\/\/cinema.video\/it","logo":{"@type":"ImageObject","inLanguage":"it-IT","@id":"https:\/\/cinema.video\/it#\/schema\/logo\/image\/","url":"https:\/\/cinema.video\/wp-content\/uploads\/2026\/04\/CinemVideo_LogoBlack.png","contentUrl":"https:\/\/cinema.video\/wp-content\/uploads\/2026\/04\/CinemVideo_LogoBlack.png","width":1336,"height":224,"caption":"Cinema & Video"},"image":{"@id":"https:\/\/cinema.video\/it#\/schema\/logo\/image\/"},"sameAs":["https:\/\/www.facebook.com\/CinemaVideoInternational\/","https:\/\/www.instagram.com\/cinemaevideointernational\/","https:\/\/it.linkedin.com\/company\/cinema-video-international"],"description":"Media Consulting & Marketing Agency","email":"hello@darostudio.com","legalName":"DARO studio LLC","foundingDate":"2021-02-16","numberOfEmployees":{"@type":"QuantitativeValue","minValue":"1","maxValue":"10"}},{"@type":"Person","@id":"https:\/\/cinema.video\/it#\/schema\/person\/d5479fad8d0f2360000eb4aab6bb6e5d","name":"Carolina Mancini","image":{"@type":"ImageObject","inLanguage":"it-IT","@id":"https:\/\/secure.gravatar.com\/avatar\/d4758965c5e8730dbaaa7131a628547771a26c1e5bf14fe323d96f8246a62baf?s=96&d=mm&r=g","url":"https:\/\/secure.gravatar.com\/avatar\/d4758965c5e8730dbaaa7131a628547771a26c1e5bf14fe323d96f8246a62baf?s=96&d=mm&r=g","contentUrl":"https:\/\/secure.gravatar.com\/avatar\/d4758965c5e8730dbaaa7131a628547771a26c1e5bf14fe323d96f8246a62baf?s=96&d=mm&r=g","caption":"Carolina Mancini"},"url":"https:\/\/cinema.video\/it\/author\/carolin"}]}},"jetpack_featured_media_url":"https:\/\/cinema.video\/wp-content\/uploads\/2024\/07\/WhatsApp-Image-2024-07-23-at-16.57.02.jpeg","jetpack_shortlink":"https:\/\/wp.me\/ph672m-1ftw","_links":{"self":[{"href":"https:\/\/cinema.video\/it\/wp-json\/wp\/v2\/posts\/297818","targetHints":{"allow":["GET"]}}],"collection":[{"href":"https:\/\/cinema.video\/it\/wp-json\/wp\/v2\/posts"}],"about":[{"href":"https:\/\/cinema.video\/it\/wp-json\/wp\/v2\/types\/post"}],"author":[{"embeddable":true,"href":"https:\/\/cinema.video\/it\/wp-json\/wp\/v2\/users\/2"}],"replies":[{"embeddable":true,"href":"https:\/\/cinema.video\/it\/wp-json\/wp\/v2\/comments?post=297818"}],"version-history":[{"count":1,"href":"https:\/\/cinema.video\/it\/wp-json\/wp\/v2\/posts\/297818\/revisions"}],"predecessor-version":[{"id":309417,"href":"https:\/\/cinema.video\/it\/wp-json\/wp\/v2\/posts\/297818\/revisions\/309417"}],"wp:featuredmedia":[{"embeddable":true,"href":"https:\/\/cinema.video\/it\/wp-json\/wp\/v2\/media\/297837"}],"wp:attachment":[{"href":"https:\/\/cinema.video\/it\/wp-json\/wp\/v2\/media?parent=297818"}],"wp:term":[{"taxonomy":"category","embeddable":true,"href":"https:\/\/cinema.video\/it\/wp-json\/wp\/v2\/categories?post=297818"},{"taxonomy":"post_tag","embeddable":true,"href":"https:\/\/cinema.video\/it\/wp-json\/wp\/v2\/tags?post=297818"}],"curies":[{"name":"wp","href":"https:\/\/api.w.org\/{rel}","templated":true}]}}