{"id":297814,"date":"2024-07-23T13:28:45","date_gmt":"2024-07-23T11:28:45","guid":{"rendered":"https:\/\/cinema.video\/?p=297814"},"modified":"2026-04-10T04:06:07","modified_gmt":"2026-04-10T02:06:07","slug":"scrivere-con-il-cinema","status":"publish","type":"post","link":"https:\/\/cinema.video\/it\/scrivere-con-il-cinema","title":{"rendered":"ANCONA Scrivere con il Cinema tre incontri curati da Mereghetti"},"content":{"rendered":"\n<p class=\"wp-block-paragraph\"><strong>Piazza del Plebiscito <\/strong>ad <strong>Ancona<\/strong> sar\u00e0 protagonista, da gioved\u00ec 25 a sabato 27 luglio, di <strong>Scrivere con il Cinema, \u2013 Incontri di cinema e letteratura a cura di Paolo Mereghetti<\/strong>, dove il celebre critico cinematografico dialogher\u00e0 delle incursioni fra questi due mondi con <strong>Roberto And\u00f2<\/strong>, David di Donatello 2023 per la miglior sceneggiatura del film\u00a0<em>La Stranezza<\/em>; <strong>Maria Sole Tognazzi e Barbara Ronchi<\/strong>, &#8216;reduci&#8217; dalla trasposizione per il grande schermo di &#8220;Per dieci minuti&#8221; di Chiara Gamberale, e Pierfrancesco Diliberto, AKA <strong>Pif<\/strong>, che parler\u00e0 del suo ultimo romanzo \u201cLa disperata ricerca d\u2019amore di un povero idiota\u201d.<\/p>\n\n\n\n<p class=\"wp-block-paragraph\">I rapporti fra letteratura e cinema sono sempre stati prolifici fin dalla nascita della settima Arte, ricorda <strong>Paolo Mereghetti,<\/strong> citando Melies che usava Giulio Verne, i film tratti dalle storie della Bibbia, dai libretti d\u2019opera, dai feuilleton, dai romanzi d\u2019avventura\u2026.\u201dCredo che questi incontri saranno perfetti per smentire alcuni luoghi comuni che circolano nel mondo cinematografico e cio\u00e8 che da\u00a0 un buon libro si fa sempre un brutto film\u00a0 mentre da un brutto romanzo ci si pu\u00f2 aspettare un buon film. Da Ford a Kubrick, da Truffaut a Visconti, l\u2019elenco dei registi che hanno mandato a gambe all\u2019aria questa teoria \u00e8 lunghissimo. E qui ad Ancona vorremmo proseguire proprio lungo questo sentiero, sulle orme dei giganti che l\u2019hanno gi\u00e0 percorso.\u201d<\/p>\n\n\n\n<p class=\"wp-block-paragraph\">Il progetto \u00e8 promosso e sostenuto da <strong>Fondazione Marche Cultura, Marche Film Commission<\/strong>, <strong>ATIM<\/strong> e dal <strong>Comune di Ancona<\/strong>, e organizzato da <strong>Cineventi<\/strong> di <strong>Remigio Truocchio<\/strong>. Una collaborazione, quella con Cineventi, nata l&#8217;anno passato alle Cinegiornate di Riccione, racconta il presidente di Fondazione Marche Cultura, <strong>Andrea Agostini<\/strong>. E c&#8217;\u00e8 un collegamento importante, spiega Truocchio, ribadendo un tema che \u00e8 emerso con forza dalla scorsa edizione di Cin\u00e9 (<strong><mark style=\"background-color:rgba(0, 0, 0, 0)\" class=\"has-inline-color has-vivid-cyan-blue-color\">leggi qui<\/mark><\/strong>): &#8221; quello che funziona in questo momento storico, in cui stiamo cercando di fare di tutto perch\u00e9 la gente vada al cinema, sono proprio gli eventi che  permettono al pubblico di arricchirsi, di incontrare gli attori, i professionisti.&#8221;<\/p>\n\n\n\n<p class=\"wp-block-paragraph\">Un concetto ripreso anche da <strong>Francesco Gesualdi,<\/strong> direttore di Fondazione Marche Cultura e responsabile della Film Commission, che evidenzia subito un parallelo fra questo nuovo evento e l&#8217;Estate Romana: &#8220;trovo che sia un modo efficacissimo di office il piacere -totalmente gratuito- di stare insieme per parlare di cinema e confrontarsi con personaggi di primo livello. La  film commission non pu\u00f2 che sostenere quest\u2019attivit\u00e0: sappiamo che abbiamo messo in campo 16 milioni di fondi europei per sostenere le produzioni, e che questo genera un  indotto sul territorio e uno sviluppo che \u00e8 economico, e non solo culturale, ed \u00e8 anche un modo per valorizzare i nostri paesaggi. E tuttavia, abbiamo bisogno, proprio come film commission di fare qualcosa di pi\u00f9 proprio per gli operatori, e per il pubblico, perch\u00e9 credo che queste operazioni siano un modo per aumentare la voglia di cinema, spingendo a tornare nelle sale, o nelle arene estive.  <br>Parlare di connessioni fra cinema e letteratura \u00e8 anche un modo per rafforzare  le varie professionalit\u00e0 che operano sul territorio marchigiano, invogliando, ad esempio, i potenziali narratori a scrivere pensando anche al grande schermo. Abbiamo bisogno di scrittori che raccontino i grandi personaggi e le epopee delle Marche.&#8221;<\/p>\n\n\n\n<p class=\"wp-block-paragraph\">Andrea Agostini ci tiene a precisare che \u201cquesta edizione la pensiamo come la prima di una lunga serie, ed \u00e8 un lancio che da Ancona facciamo all\u2019Italia, affidandoci alla guida sapiente di Paolo Mereghetti\u201d<\/p>\n\n\n\n<p class=\"wp-block-paragraph\">Anche l\u2019<strong>Assessore alla Cultura<\/strong> del <strong>Comune di Ancona<\/strong> <strong>Anna Maria Bertini<\/strong>, sottolinea \u201cl\u2019importanza per la citt\u00e0 della collaborazione fra enti ed istituzioni nella realizzazione&nbsp; di attivit\u00e0 ad ampia veduta, che avviano un percorso di lunga durata.\u201d Questa manifestazione, inoltre, aggiunge Bettini, \u201cmette in risalto una delle nuove locations verso le quali il Comune ha decentrato la cultura, prima interamente concentrata all\u2019interno della Mole: l\u2019Anfiteatro, il Salotto naturale di Piazza del Plebiscito, l\u2019Arena sul mare e i Laghetti. La citt\u00e0 risponde, ci sono anche parecchi turisti che hanno partecipato agli spettacoli, quindi questa rivisitazione \u00e8 stata colta.\u201d<\/p>\n","protected":false},"excerpt":{"rendered":"<p>Tre serate di cui saranno protagonisti Roberto And\u00f2, Maria Sole Tognazzi e Barbara Ronchi e Pif. Il progetto \u00e8 promosso e sostenuto da Fondazione Marche Cultura, Marche Film Commission, ATIM e dal Comune di Ancona, e organizzato da Cineventi di Remigio Truocchio.<\/p>\n","protected":false},"author":26,"featured_media":297816,"comment_status":"closed","ping_status":"closed","sticky":false,"template":"","format":"standard","meta":{"googlesitekit_rrm_CAow3e7fCw:productID":"","_crdt_document":"","footnotes":""},"categories":[215],"tags":[2339,356,642,2338,509],"class_list":{"0":"post-297814","1":"post","2":"type-post","3":"status-publish","4":"format-standard","5":"has-post-thumbnail","7":"category-film-commissions","8":"tag-film-commissions","9":"tag-focus","10":"tag-fondazione-marche-cultura","11":"tag-locations","12":"tag-marche-film-commission"},"yoast_head":"<!-- This site is optimized with the Yoast SEO Premium plugin v27.4 (Yoast SEO v27.5) - https:\/\/yoast.com\/product\/yoast-seo-premium-wordpress\/ -->\n<title>ANCONA Scrivere con il Cinema tre incontri curati da Mereghetti - Cinema &amp; Video International<\/title>\n<meta name=\"description\" content=\"ANCONA Scrivere con il Cinema tre incontri curati da Mereghetti \u2013 ancona scrivere con il cinema tre. Piazza del Plebiscito ad Ancona sar\u00e0 protagonista, da\" \/>\n<meta name=\"robots\" content=\"index, follow, max-snippet:-1, max-image-preview:large, max-video-preview:-1\" \/>\n<link rel=\"canonical\" href=\"https:\/\/cinema.video\/it\/scrivere-con-il-cinema\" \/>\n<meta property=\"og:locale\" content=\"it_IT\" \/>\n<meta property=\"og:type\" content=\"article\" \/>\n<meta property=\"og:title\" content=\"ANCONA Scrivere con il Cinema tre incontri curati da Mereghetti\" \/>\n<meta property=\"og:description\" content=\"ANCONA Scrivere con il Cinema tre incontri curati da Mereghetti \u2013 ancona scrivere con il cinema tre. Piazza del Plebiscito ad Ancona sar\u00e0 protagonista, da\" \/>\n<meta property=\"og:url\" content=\"https:\/\/cinema.video\/it\/scrivere-con-il-cinema\" \/>\n<meta property=\"og:site_name\" content=\"Cinema &amp; Video International\" \/>\n<meta property=\"article:publisher\" content=\"https:\/\/www.facebook.com\/CinemaVideoInternational\/\" \/>\n<meta property=\"article:published_time\" content=\"2024-07-23T11:28:45+00:00\" \/>\n<meta property=\"article:modified_time\" content=\"2026-04-10T02:06:07+00:00\" \/>\n<meta property=\"og:image\" content=\"https:\/\/cinema.video\/wp-content\/uploads\/2024\/07\/ScrivereColCinema_PiazzaPlebiscito_1-1024x640.png\" \/>\n\t<meta property=\"og:image:width\" content=\"1024\" \/>\n\t<meta property=\"og:image:height\" content=\"640\" \/>\n\t<meta property=\"og:image:type\" content=\"image\/png\" \/>\n<meta name=\"author\" content=\"Redazione\" \/>\n<meta name=\"twitter:card\" content=\"summary_large_image\" \/>\n<meta name=\"twitter:label1\" content=\"Scritto da\" \/>\n\t<meta name=\"twitter:data1\" content=\"Redazione\" \/>\n\t<meta name=\"twitter:label2\" content=\"Tempo di lettura stimato\" \/>\n\t<meta name=\"twitter:data2\" content=\"4 minuti\" \/>\n<script type=\"application\/ld+json\" class=\"yoast-schema-graph\">{\"@context\":\"https:\\\/\\\/schema.org\",\"@graph\":[{\"@type\":\"Article\",\"@id\":\"https:\\\/\\\/cinema.video\\\/it\\\/scrivere-con-il-cinema#article\",\"isPartOf\":{\"@id\":\"https:\\\/\\\/cinema.video\\\/it\\\/scrivere-con-il-cinema\"},\"author\":{\"name\":\"Redazione\",\"@id\":\"https:\\\/\\\/cinema.video\\\/it#\\\/schema\\\/person\\\/aeb01b91d874e8b01e76a1db04c668c6\"},\"headline\":\"ANCONA Scrivere con il Cinema tre incontri curati da Mereghetti\",\"datePublished\":\"2024-07-23T11:28:45+00:00\",\"dateModified\":\"2026-04-10T02:06:07+00:00\",\"mainEntityOfPage\":{\"@id\":\"https:\\\/\\\/cinema.video\\\/it\\\/scrivere-con-il-cinema\"},\"wordCount\":663,\"publisher\":{\"@id\":\"https:\\\/\\\/cinema.video\\\/it#organization\"},\"image\":{\"@id\":\"https:\\\/\\\/cinema.video\\\/it\\\/scrivere-con-il-cinema#primaryimage\"},\"thumbnailUrl\":\"https:\\\/\\\/cinema.video\\\/wp-content\\\/uploads\\\/2024\\\/07\\\/ScrivereColCinema_PiazzaPlebiscito_1.png\",\"keywords\":[\"FILM COMMISSIONS\",\"focus\",\"Fondazione Marche Cultura\",\"LOCATIONS\",\"Marche Film Commission\"],\"articleSection\":[\"FILM COMMISSIONS\"],\"inLanguage\":\"it-IT\"},{\"@type\":\"WebPage\",\"@id\":\"https:\\\/\\\/cinema.video\\\/it\\\/scrivere-con-il-cinema\",\"url\":\"https:\\\/\\\/cinema.video\\\/it\\\/scrivere-con-il-cinema\",\"name\":\"ANCONA Scrivere con il Cinema tre incontri curati da Mereghetti - Cinema &amp; Video International\",\"isPartOf\":{\"@id\":\"https:\\\/\\\/cinema.video\\\/it#website\"},\"primaryImageOfPage\":{\"@id\":\"https:\\\/\\\/cinema.video\\\/it\\\/scrivere-con-il-cinema#primaryimage\"},\"image\":{\"@id\":\"https:\\\/\\\/cinema.video\\\/it\\\/scrivere-con-il-cinema#primaryimage\"},\"thumbnailUrl\":\"https:\\\/\\\/cinema.video\\\/wp-content\\\/uploads\\\/2024\\\/07\\\/ScrivereColCinema_PiazzaPlebiscito_1.png\",\"datePublished\":\"2024-07-23T11:28:45+00:00\",\"dateModified\":\"2026-04-10T02:06:07+00:00\",\"description\":\"ANCONA Scrivere con il Cinema tre incontri curati da Mereghetti \u2013 ancona scrivere con il cinema tre. Piazza del Plebiscito ad Ancona sar\u00e0 protagonista, da\",\"breadcrumb\":{\"@id\":\"https:\\\/\\\/cinema.video\\\/it\\\/scrivere-con-il-cinema#breadcrumb\"},\"inLanguage\":\"it-IT\",\"potentialAction\":[{\"@type\":\"ReadAction\",\"target\":[\"https:\\\/\\\/cinema.video\\\/it\\\/scrivere-con-il-cinema\"]}]},{\"@type\":\"ImageObject\",\"inLanguage\":\"it-IT\",\"@id\":\"https:\\\/\\\/cinema.video\\\/it\\\/scrivere-con-il-cinema#primaryimage\",\"url\":\"https:\\\/\\\/cinema.video\\\/wp-content\\\/uploads\\\/2024\\\/07\\\/ScrivereColCinema_PiazzaPlebiscito_1.png\",\"contentUrl\":\"https:\\\/\\\/cinema.video\\\/wp-content\\\/uploads\\\/2024\\\/07\\\/ScrivereColCinema_PiazzaPlebiscito_1.png\",\"width\":8000,\"height\":5000,\"caption\":\"dal 25 al 27 luglio in Piazza del Plebiscito ad Ancona la 1\u00b0 edizione di Scrivere con il Cinema \u2013 Incontri di cinema e letteratura a cura di Paolo Mereghetti\"},{\"@type\":\"BreadcrumbList\",\"@id\":\"https:\\\/\\\/cinema.video\\\/it\\\/scrivere-con-il-cinema#breadcrumb\",\"itemListElement\":[{\"@type\":\"ListItem\",\"position\":1,\"name\":\"Home\",\"item\":\"https:\\\/\\\/cinema.video\\\/it\\\/home-2\"},{\"@type\":\"ListItem\",\"position\":2,\"name\":\"ANCONA Scrivere con il Cinema tre incontri curati da Mereghetti\"}]},{\"@type\":\"WebSite\",\"@id\":\"https:\\\/\\\/cinema.video\\\/it#website\",\"url\":\"https:\\\/\\\/cinema.video\\\/it\",\"name\":\"Cinema & Video International\",\"description\":\"Film &amp; Audiovisual Industry Trade Magazine\",\"publisher\":{\"@id\":\"https:\\\/\\\/cinema.video\\\/it#organization\"},\"alternateName\":\"Cinema & Video\",\"potentialAction\":[{\"@type\":\"SearchAction\",\"target\":{\"@type\":\"EntryPoint\",\"urlTemplate\":\"https:\\\/\\\/cinema.video\\\/it?s={search_term_string}\"},\"query-input\":{\"@type\":\"PropertyValueSpecification\",\"valueRequired\":true,\"valueName\":\"search_term_string\"}}],\"inLanguage\":\"it-IT\"},{\"@type\":\"Organization\",\"@id\":\"https:\\\/\\\/cinema.video\\\/it#organization\",\"name\":\"Cinema & Video\",\"url\":\"https:\\\/\\\/cinema.video\\\/it\",\"logo\":{\"@type\":\"ImageObject\",\"inLanguage\":\"it-IT\",\"@id\":\"https:\\\/\\\/cinema.video\\\/it#\\\/schema\\\/logo\\\/image\\\/\",\"url\":\"https:\\\/\\\/cinema.video\\\/wp-content\\\/uploads\\\/2026\\\/04\\\/CinemVideo_LogoBlack.png\",\"contentUrl\":\"https:\\\/\\\/cinema.video\\\/wp-content\\\/uploads\\\/2026\\\/04\\\/CinemVideo_LogoBlack.png\",\"width\":1336,\"height\":224,\"caption\":\"Cinema & Video\"},\"image\":{\"@id\":\"https:\\\/\\\/cinema.video\\\/it#\\\/schema\\\/logo\\\/image\\\/\"},\"sameAs\":[\"https:\\\/\\\/www.facebook.com\\\/CinemaVideoInternational\\\/\",\"https:\\\/\\\/www.instagram.com\\\/cinemaevideointernational\\\/\",\"https:\\\/\\\/it.linkedin.com\\\/company\\\/cinema-video-international\"],\"description\":\"Media Consulting & Marketing Agency\",\"email\":\"hello@darostudio.com\",\"legalName\":\"DARO studio LLC\",\"foundingDate\":\"2021-02-16\",\"numberOfEmployees\":{\"@type\":\"QuantitativeValue\",\"minValue\":\"1\",\"maxValue\":\"10\"}},{\"@type\":\"Person\",\"@id\":\"https:\\\/\\\/cinema.video\\\/it#\\\/schema\\\/person\\\/aeb01b91d874e8b01e76a1db04c668c6\",\"name\":\"Redazione\",\"image\":{\"@type\":\"ImageObject\",\"inLanguage\":\"it-IT\",\"@id\":\"https:\\\/\\\/secure.gravatar.com\\\/avatar\\\/06ad6f92eb14745b75fb592cadf8139d33242d81c9c8b085133c450aaf0b9731?s=96&d=mm&r=g\",\"url\":\"https:\\\/\\\/secure.gravatar.com\\\/avatar\\\/06ad6f92eb14745b75fb592cadf8139d33242d81c9c8b085133c450aaf0b9731?s=96&d=mm&r=g\",\"contentUrl\":\"https:\\\/\\\/secure.gravatar.com\\\/avatar\\\/06ad6f92eb14745b75fb592cadf8139d33242d81c9c8b085133c450aaf0b9731?s=96&d=mm&r=g\",\"caption\":\"Redazione\"},\"url\":\"https:\\\/\\\/cinema.video\\\/it\\\/author\\\/redazione\"}]}<\/script>\n<!-- \/ Yoast SEO Premium plugin. -->","yoast_head_json":{"title":"ANCONA Scrivere con il Cinema tre incontri curati da Mereghetti - Cinema &amp; Video International","description":"ANCONA Scrivere con il Cinema tre incontri curati da Mereghetti \u2013 ancona scrivere con il cinema tre. Piazza del Plebiscito ad Ancona sar\u00e0 protagonista, da","robots":{"index":"index","follow":"follow","max-snippet":"max-snippet:-1","max-image-preview":"max-image-preview:large","max-video-preview":"max-video-preview:-1"},"canonical":"https:\/\/cinema.video\/it\/scrivere-con-il-cinema","og_locale":"it_IT","og_type":"article","og_title":"ANCONA Scrivere con il Cinema tre incontri curati da Mereghetti","og_description":"ANCONA Scrivere con il Cinema tre incontri curati da Mereghetti \u2013 ancona scrivere con il cinema tre. Piazza del Plebiscito ad Ancona sar\u00e0 protagonista, da","og_url":"https:\/\/cinema.video\/it\/scrivere-con-il-cinema","og_site_name":"Cinema &amp; Video International","article_publisher":"https:\/\/www.facebook.com\/CinemaVideoInternational\/","article_published_time":"2024-07-23T11:28:45+00:00","article_modified_time":"2026-04-10T02:06:07+00:00","og_image":[{"width":1024,"height":640,"url":"https:\/\/cinema.video\/wp-content\/uploads\/2024\/07\/ScrivereColCinema_PiazzaPlebiscito_1-1024x640.png","type":"image\/png"}],"author":"Redazione","twitter_card":"summary_large_image","twitter_misc":{"Scritto da":"Redazione","Tempo di lettura stimato":"4 minuti"},"schema":{"@context":"https:\/\/schema.org","@graph":[{"@type":"Article","@id":"https:\/\/cinema.video\/it\/scrivere-con-il-cinema#article","isPartOf":{"@id":"https:\/\/cinema.video\/it\/scrivere-con-il-cinema"},"author":{"name":"Redazione","@id":"https:\/\/cinema.video\/it#\/schema\/person\/aeb01b91d874e8b01e76a1db04c668c6"},"headline":"ANCONA Scrivere con il Cinema tre incontri curati da Mereghetti","datePublished":"2024-07-23T11:28:45+00:00","dateModified":"2026-04-10T02:06:07+00:00","mainEntityOfPage":{"@id":"https:\/\/cinema.video\/it\/scrivere-con-il-cinema"},"wordCount":663,"publisher":{"@id":"https:\/\/cinema.video\/it#organization"},"image":{"@id":"https:\/\/cinema.video\/it\/scrivere-con-il-cinema#primaryimage"},"thumbnailUrl":"https:\/\/cinema.video\/wp-content\/uploads\/2024\/07\/ScrivereColCinema_PiazzaPlebiscito_1.png","keywords":["FILM COMMISSIONS","focus","Fondazione Marche Cultura","LOCATIONS","Marche Film Commission"],"articleSection":["FILM COMMISSIONS"],"inLanguage":"it-IT"},{"@type":"WebPage","@id":"https:\/\/cinema.video\/it\/scrivere-con-il-cinema","url":"https:\/\/cinema.video\/it\/scrivere-con-il-cinema","name":"ANCONA Scrivere con il Cinema tre incontri curati da Mereghetti - Cinema &amp; Video International","isPartOf":{"@id":"https:\/\/cinema.video\/it#website"},"primaryImageOfPage":{"@id":"https:\/\/cinema.video\/it\/scrivere-con-il-cinema#primaryimage"},"image":{"@id":"https:\/\/cinema.video\/it\/scrivere-con-il-cinema#primaryimage"},"thumbnailUrl":"https:\/\/cinema.video\/wp-content\/uploads\/2024\/07\/ScrivereColCinema_PiazzaPlebiscito_1.png","datePublished":"2024-07-23T11:28:45+00:00","dateModified":"2026-04-10T02:06:07+00:00","description":"ANCONA Scrivere con il Cinema tre incontri curati da Mereghetti \u2013 ancona scrivere con il cinema tre. Piazza del Plebiscito ad Ancona sar\u00e0 protagonista, da","breadcrumb":{"@id":"https:\/\/cinema.video\/it\/scrivere-con-il-cinema#breadcrumb"},"inLanguage":"it-IT","potentialAction":[{"@type":"ReadAction","target":["https:\/\/cinema.video\/it\/scrivere-con-il-cinema"]}]},{"@type":"ImageObject","inLanguage":"it-IT","@id":"https:\/\/cinema.video\/it\/scrivere-con-il-cinema#primaryimage","url":"https:\/\/cinema.video\/wp-content\/uploads\/2024\/07\/ScrivereColCinema_PiazzaPlebiscito_1.png","contentUrl":"https:\/\/cinema.video\/wp-content\/uploads\/2024\/07\/ScrivereColCinema_PiazzaPlebiscito_1.png","width":8000,"height":5000,"caption":"dal 25 al 27 luglio in Piazza del Plebiscito ad Ancona la 1\u00b0 edizione di Scrivere con il Cinema \u2013 Incontri di cinema e letteratura a cura di Paolo Mereghetti"},{"@type":"BreadcrumbList","@id":"https:\/\/cinema.video\/it\/scrivere-con-il-cinema#breadcrumb","itemListElement":[{"@type":"ListItem","position":1,"name":"Home","item":"https:\/\/cinema.video\/it\/home-2"},{"@type":"ListItem","position":2,"name":"ANCONA Scrivere con il Cinema tre incontri curati da Mereghetti"}]},{"@type":"WebSite","@id":"https:\/\/cinema.video\/it#website","url":"https:\/\/cinema.video\/it","name":"Cinema & Video International","description":"Film &amp; Audiovisual Industry Trade Magazine","publisher":{"@id":"https:\/\/cinema.video\/it#organization"},"alternateName":"Cinema & Video","potentialAction":[{"@type":"SearchAction","target":{"@type":"EntryPoint","urlTemplate":"https:\/\/cinema.video\/it?s={search_term_string}"},"query-input":{"@type":"PropertyValueSpecification","valueRequired":true,"valueName":"search_term_string"}}],"inLanguage":"it-IT"},{"@type":"Organization","@id":"https:\/\/cinema.video\/it#organization","name":"Cinema & Video","url":"https:\/\/cinema.video\/it","logo":{"@type":"ImageObject","inLanguage":"it-IT","@id":"https:\/\/cinema.video\/it#\/schema\/logo\/image\/","url":"https:\/\/cinema.video\/wp-content\/uploads\/2026\/04\/CinemVideo_LogoBlack.png","contentUrl":"https:\/\/cinema.video\/wp-content\/uploads\/2026\/04\/CinemVideo_LogoBlack.png","width":1336,"height":224,"caption":"Cinema & Video"},"image":{"@id":"https:\/\/cinema.video\/it#\/schema\/logo\/image\/"},"sameAs":["https:\/\/www.facebook.com\/CinemaVideoInternational\/","https:\/\/www.instagram.com\/cinemaevideointernational\/","https:\/\/it.linkedin.com\/company\/cinema-video-international"],"description":"Media Consulting & Marketing Agency","email":"hello@darostudio.com","legalName":"DARO studio LLC","foundingDate":"2021-02-16","numberOfEmployees":{"@type":"QuantitativeValue","minValue":"1","maxValue":"10"}},{"@type":"Person","@id":"https:\/\/cinema.video\/it#\/schema\/person\/aeb01b91d874e8b01e76a1db04c668c6","name":"Redazione","image":{"@type":"ImageObject","inLanguage":"it-IT","@id":"https:\/\/secure.gravatar.com\/avatar\/06ad6f92eb14745b75fb592cadf8139d33242d81c9c8b085133c450aaf0b9731?s=96&d=mm&r=g","url":"https:\/\/secure.gravatar.com\/avatar\/06ad6f92eb14745b75fb592cadf8139d33242d81c9c8b085133c450aaf0b9731?s=96&d=mm&r=g","contentUrl":"https:\/\/secure.gravatar.com\/avatar\/06ad6f92eb14745b75fb592cadf8139d33242d81c9c8b085133c450aaf0b9731?s=96&d=mm&r=g","caption":"Redazione"},"url":"https:\/\/cinema.video\/it\/author\/redazione"}]}},"jetpack_featured_media_url":"https:\/\/cinema.video\/wp-content\/uploads\/2024\/07\/ScrivereColCinema_PiazzaPlebiscito_1.png","jetpack_shortlink":"https:\/\/wp.me\/ph672m-1fts","_links":{"self":[{"href":"https:\/\/cinema.video\/it\/wp-json\/wp\/v2\/posts\/297814","targetHints":{"allow":["GET"]}}],"collection":[{"href":"https:\/\/cinema.video\/it\/wp-json\/wp\/v2\/posts"}],"about":[{"href":"https:\/\/cinema.video\/it\/wp-json\/wp\/v2\/types\/post"}],"author":[{"embeddable":true,"href":"https:\/\/cinema.video\/it\/wp-json\/wp\/v2\/users\/26"}],"replies":[{"embeddable":true,"href":"https:\/\/cinema.video\/it\/wp-json\/wp\/v2\/comments?post=297814"}],"version-history":[{"count":2,"href":"https:\/\/cinema.video\/it\/wp-json\/wp\/v2\/posts\/297814\/revisions"}],"predecessor-version":[{"id":309416,"href":"https:\/\/cinema.video\/it\/wp-json\/wp\/v2\/posts\/297814\/revisions\/309416"}],"wp:featuredmedia":[{"embeddable":true,"href":"https:\/\/cinema.video\/it\/wp-json\/wp\/v2\/media\/297816"}],"wp:attachment":[{"href":"https:\/\/cinema.video\/it\/wp-json\/wp\/v2\/media?parent=297814"}],"wp:term":[{"taxonomy":"category","embeddable":true,"href":"https:\/\/cinema.video\/it\/wp-json\/wp\/v2\/categories?post=297814"},{"taxonomy":"post_tag","embeddable":true,"href":"https:\/\/cinema.video\/it\/wp-json\/wp\/v2\/tags?post=297814"}],"curies":[{"name":"wp","href":"https:\/\/api.w.org\/{rel}","templated":true}]}}