{"id":297754,"date":"2024-07-11T17:45:03","date_gmt":"2024-07-11T15:45:03","guid":{"rendered":"https:\/\/cinema.video\/?p=297754"},"modified":"2026-04-10T04:06:00","modified_gmt":"2026-04-10T02:06:00","slug":"face-nasce-la-federazione-delle-accademie-del-cinema-europee","status":"publish","type":"post","link":"https:\/\/cinema.video\/it\/face-nasce-la-federazione-delle-accademie-del-cinema-europee","title":{"rendered":"FACE Nasce la Federazione delle Accademie del Cinema Europee"},"content":{"rendered":"\n<p class=\"wp-block-paragraph\">\u00c9 nata oggi, <strong>11 luglio<\/strong>, <strong>FACE<\/strong>, la <strong>Federazione delle Accademie del Cinema Europee<\/strong>: un organismo paneuropeo, ufficialmente registrato in Lussemburgo, e fondato dalle Accademie del Cinema di 20 paesi e dall&#8217;<strong>European Film Academy.<\/strong><\/p>\n\n\n\n<p class=\"wp-block-paragraph\">La Federazione \u00e8 stata creata per formalizzare le relazioni fra le diverse accademie, che collaborano fin dal 2006, attraverso il Film Academy Network Europe, sotto l&#8217;organizzazione di European Film Academy, per condividere esperienze e idee per iniziative congiunte di promozione del cinema europeo, unire le forze per integrare i valori della diversit\u00e0, dell&#8217;inclusione e della sostenibilit\u00e0 nel loro lavoro, e rafforzare la collaborazione sul fronte dell&#8217;educazione alle immagini e allo sviluppo di nuovo pubblico. <\/p>\n\n\n\n<p class=\"wp-block-paragraph\">Da oggi, il  Film Academy Network cessa di esistere e lascia il posto alla Federazione, che si pone l&#8217;obiettivo di rappresentare gli interessi comuni e di cercare sinergie nelle attivit\u00e0 di<br> lobbying presso i politici nazionali ed europei, volte a assicurare che il cinema continui ad essere considerato  un importante assetto culturale ed economico al tempo stesso.<\/p>\n\n\n\n<p class=\"wp-block-paragraph\">La Federazione, che riunisce circa 20.000 persone, si augura che il lavoro delle accademie sia considerato come parte essenziale di qualunque sviluppo della politica cinematografica europea<\/p>\n\n\n\n<p class=\"wp-block-paragraph\">&#8220;Come network di Accademie Cinematografiche, siamo cresciuti negli ultimi 18 anni. Sempre di pi\u00f9, e specialmente dopo il COVID, abbiamo visto quante cose abbiamo in comune, e quanto \u00e8 di beneficio per tutti noi condividere le esperienze e riunire le forze&#8221; afferma <br><strong>Matthijs Wouter Knol<\/strong>, membro del board, nonch\u00e9  CEO e Direttore dell&#8217;European Film Academy. \u201cE&#8217; entusiasmante imbarcarsi in questo nuovo capitolo creando una Federazione. Rivitalizzare la collaborazione in Europa \u00e8 essenziale in un momento in cui la rilevanza della politica culturale e il supporto al Cinema Europeo \u00e8 apertamente messo in discussione.&#8221; <\/p>\n\n\n\n<p class=\"wp-block-paragraph\"><br><strong>Yann Tonnar<\/strong>, Presidente di <strong>Luxembourg Film Academy <\/strong>e presidente del board della  Federazione, dichiara: \u201cLa Federazione \u00e8 un circolo di solidariet\u00e0 culturale che si estende a tutto il continente, unendo le nostre &#8216;voci cinematografiche&#8217; uniche e diverse  e facendole vedere e sentire laddove \u00e8 necessario. Il Lussemburgo \u00e8 onorato di essere la casa base di questa nuova e promettente Federazione.\u201d<br><br><strong>FOUNDING MEMBERS OF THE FEDERATION<\/strong><\/p>\n\n\n\n<ul class=\"wp-block-list\">\n<li>Austria: Akademie des \u00d6sterreichischen Films (Austrian Film Academy)<\/li>\n\n\n\n<li>Belarus: \u0411\u0435\u043b\u0430\u0440\u0443\u0441\u043a\u0430\u044f \u043d\u0435\u0437\u0430\u043b\u0435\u0436\u043d\u0430\u044f \u043ai\u043d\u0430\u0430\u043a\u0430\u0434\u044d\u043ci\u044f (Belarusian Independent Film Academy)<\/li>\n\n\n\n<li>Belgium: Acad\u00e9mie Andr\u00e9 Delvaux (Andr\u00e9 Delvaux Academy)<\/li>\n\n\n\n<li>Catalonia: Acad\u00e8mia del Cinema Catal\u00e0 (Catalan Film Academy)<\/li>\n\n\n\n<li>Czech Republic: \u010cesk\u00e1 filmov\u00e1 a televizn\u00ed akademie (Czech Film and Television Academy)<\/li>\n\n\n\n<li>Denmark: Danmarks Film Akademi (Danish Film Academy)<\/li>\n\n\n\n<li>European Film Academy<\/li>\n\n\n\n<li>Germany: Deutsche Filmakademie (German Film Academy)<\/li>\n\n\n\n<li>Greece: \u0395\u03bb\u03bb\u03b7\u03bd\u03b9\u03ba\u03ae \u0391\u03ba\u03b1\u03b4\u03b7\u03bc\u03af\u03b1 \u039a\u03b9\u03bd\u03b7\u03bc\u03b1\u03c4\u03bf\u03b3\u03c1\u03ac\u03c6\u03bf\u03c5 (Hellenic Film Academy)<\/li>\n\n\n\n<li>Iceland: \u00cdslenska kvikmynda- og sj\u00f3nvarpsakadem\u00edan (Icelandic Film and Television Academy)<\/li>\n\n\n\n<li>Israel: \u05d4\u05d0\u05e7\u05d3\u05de\u05d9\u05d4 \u05d4\u05d9\u05e9\u05e8\u05d0\u05dc\u05d9\u05ea \u05dc\u05e7\u05d5\u05dc\u05e0\u05d5\u05e2 \u05d5\u05d8\u05dc\u05d5\u05d5\u05d9\u05d6\u05d9\u05d4 (Israel Academy of Film and Television)<\/li>\n\n\n\n<li>Italy: Accademia del Cinema Italiano (Italian Academy of Cinema)<\/li>\n\n\n\n<li>Luxembourg: d&#8217;Filmakademie (Luxembourg Film Academy)<\/li>\n\n\n\n<li>Netherlands: DAFF (Dutch Academy for Film)<\/li>\n\n\n\n<li>Norway: Norsk Filmforbund (Norwegian Film Academy)<\/li>\n\n\n\n<li>Poland: Polska Akademia Filmowa (Polish Film Academy)<\/li>\n\n\n\n<li>Portugal: Academia Portuguesa de Cinema (Portuguese Academy of Cinema)<\/li>\n\n\n\n<li>Slovakia: Slovensk\u00e1 filmov\u00e1 a telev\u00edzna akad\u00e9mia (Slovak Film and Television Academy)<\/li>\n\n\n\n<li>Spain: Academia de las Artes y las Ciencias Cinematogr\u00e1ficas de Espa\u00f1a (Spanish Academy of Cinematic Arts and Sciences)<\/li>\n\n\n\n<li>Switzerland: Schweizer Filmakademie \/ Acad\u00e9mie du Cin\u00e9ma Suisse \/ Accademia del Cinema Svizzero (Swiss Film Academy)<\/li>\n\n\n\n<li>Ukraine: \u0423\u043a\u0440\u0430\u0457\u043d\u0441\u044c\u043a\u0430 \u041a\u0456\u043d\u043e\u0430\u043a\u0430\u0434\u0435\u043c\u0456\u044f (Ukrainian Film Academy)<\/li>\n<\/ul>\n\n\n\n<p class=\"wp-block-paragraph\"><strong>BOARD COMPOSITION<\/strong><\/p>\n\n\n\n<ul class=\"wp-block-list\">\n<li><strong>Katharina Albrecht&nbsp;<\/strong>(deputy chair)<br>CEO, Akademie des \u00d6sterreichischen Films (Austrian Film Academy)<\/li>\n\n\n\n<li><strong>Laia Aubia&nbsp;<\/strong>(secretary)<br>Director, Acad\u00e8mia del Cinema Catal\u00e0 (Catalan Film Academy)<\/li>\n\n\n\n<li><strong>Jenny Booms<\/strong><br>Director, Dutch Academy for Film<\/li>\n\n\n\n<li><strong>Diogo Cam\u00f5es<\/strong><br>Director geral, Academia Portuguesa de Cinema (Portuguese Academy of Cinema)<\/li>\n\n\n\n<li><strong>Jacob Neiiendam&nbsp;<\/strong>(treasurer)<br>Danmarks Film Akademi (Danish Film Academy)<\/li>\n\n\n\n<li><strong>Yann Tonnar&nbsp;<\/strong>(chair)<br>President, d&#8217;Filmakademie (Luxembourg Film Academy)<\/li>\n\n\n\n<li><strong>Matthijs Wouter Knol<\/strong><br>CEO and Director, European Film Academy<\/li>\n<\/ul>\n","protected":false},"excerpt":{"rendered":"<p>FACE: Nasce la Federazione delle Accademie del Cinema Europee, fondata dalle Accademie di 20 paesi e da EFA. Far\u00e0 lobbying per promuovere  per i valori di diversit\u00e0, inclusione e sostenibilit\u00e0, per la film education e il <\/p>\n","protected":false},"author":26,"featured_media":297755,"comment_status":"closed","ping_status":"closed","sticky":false,"template":"","format":"standard","meta":{"googlesitekit_rrm_CAow3e7fCw:productID":"","_crdt_document":"","footnotes":""},"categories":[1],"tags":[1093,986,356],"class_list":{"0":"post-297754","1":"post","2":"type-post","3":"status-publish","4":"format-standard","5":"has-post-thumbnail","7":"category-senza-categoria","8":"tag-efa","9":"tag-european-film-academy","10":"tag-focus"},"yoast_head":"<!-- This site is optimized with the Yoast SEO Premium plugin v27.4 (Yoast SEO v27.4) - https:\/\/yoast.com\/product\/yoast-seo-premium-wordpress\/ -->\n<title>FACE Nasce la Federazione delle Accademie del Cinema Europee - Cinema &amp; Video International<\/title>\n<meta name=\"description\" content=\"FACE Nasce la Federazione delle Accademie del Cinema Europee \u2013 face nasce la federazione delle accademie. \u00c9 nata oggi, 11 luglio, FACE, la Federazione del\" \/>\n<meta name=\"robots\" content=\"index, follow, max-snippet:-1, max-image-preview:large, max-video-preview:-1\" \/>\n<link rel=\"canonical\" href=\"https:\/\/cinema.video\/it\/face-nasce-la-federazione-delle-accademie-del-cinema-europee\" \/>\n<meta property=\"og:locale\" content=\"it_IT\" \/>\n<meta property=\"og:type\" content=\"article\" \/>\n<meta property=\"og:title\" content=\"FACE Nasce la Federazione delle Accademie del Cinema Europee\" \/>\n<meta property=\"og:description\" content=\"FACE Nasce la Federazione delle Accademie del Cinema Europee \u2013 face nasce la federazione delle accademie. \u00c9 nata oggi, 11 luglio, FACE, la Federazione del\" \/>\n<meta property=\"og:url\" content=\"https:\/\/cinema.video\/it\/face-nasce-la-federazione-delle-accademie-del-cinema-europee\" \/>\n<meta property=\"og:site_name\" content=\"Cinema &amp; Video International\" \/>\n<meta property=\"article:publisher\" content=\"https:\/\/www.facebook.com\/CinemaVideoInternational\/\" \/>\n<meta property=\"article:published_time\" content=\"2024-07-11T15:45:03+00:00\" \/>\n<meta property=\"article:modified_time\" content=\"2026-04-10T02:06:00+00:00\" \/>\n<meta property=\"og:image\" content=\"https:\/\/cinema.video\/wp-content\/uploads\/2024\/07\/accademie-europee.jpeg\" \/>\n\t<meta property=\"og:image:width\" content=\"800\" \/>\n\t<meta property=\"og:image:height\" content=\"450\" \/>\n\t<meta property=\"og:image:type\" content=\"image\/jpeg\" \/>\n<meta name=\"author\" content=\"Redazione\" \/>\n<meta name=\"twitter:card\" content=\"summary_large_image\" \/>\n<meta name=\"twitter:label1\" content=\"Scritto da\" \/>\n\t<meta name=\"twitter:data1\" content=\"Redazione\" \/>\n\t<meta name=\"twitter:label2\" content=\"Tempo di lettura stimato\" \/>\n\t<meta name=\"twitter:data2\" content=\"4 minuti\" \/>\n<script type=\"application\/ld+json\" class=\"yoast-schema-graph\">{\"@context\":\"https:\\\/\\\/schema.org\",\"@graph\":[{\"@type\":\"Article\",\"@id\":\"https:\\\/\\\/cinema.video\\\/it\\\/face-nasce-la-federazione-delle-accademie-del-cinema-europee#article\",\"isPartOf\":{\"@id\":\"https:\\\/\\\/cinema.video\\\/it\\\/face-nasce-la-federazione-delle-accademie-del-cinema-europee\"},\"author\":{\"name\":\"Redazione\",\"@id\":\"https:\\\/\\\/cinema.video\\\/it#\\\/schema\\\/person\\\/aeb01b91d874e8b01e76a1db04c668c6\"},\"headline\":\"FACE Nasce la Federazione delle Accademie del Cinema Europee\",\"datePublished\":\"2024-07-11T15:45:03+00:00\",\"dateModified\":\"2026-04-10T02:06:00+00:00\",\"mainEntityOfPage\":{\"@id\":\"https:\\\/\\\/cinema.video\\\/it\\\/face-nasce-la-federazione-delle-accademie-del-cinema-europee\"},\"wordCount\":643,\"publisher\":{\"@id\":\"https:\\\/\\\/cinema.video\\\/it#organization\"},\"image\":{\"@id\":\"https:\\\/\\\/cinema.video\\\/it\\\/face-nasce-la-federazione-delle-accademie-del-cinema-europee#primaryimage\"},\"thumbnailUrl\":\"https:\\\/\\\/cinema.video\\\/wp-content\\\/uploads\\\/2024\\\/07\\\/accademie-europee.jpeg\",\"keywords\":[\"EFA\",\"European Film Academy\",\"focus\"],\"inLanguage\":\"it-IT\"},{\"@type\":\"WebPage\",\"@id\":\"https:\\\/\\\/cinema.video\\\/it\\\/face-nasce-la-federazione-delle-accademie-del-cinema-europee\",\"url\":\"https:\\\/\\\/cinema.video\\\/it\\\/face-nasce-la-federazione-delle-accademie-del-cinema-europee\",\"name\":\"FACE Nasce la Federazione delle Accademie del Cinema Europee - Cinema &amp; Video International\",\"isPartOf\":{\"@id\":\"https:\\\/\\\/cinema.video\\\/it#website\"},\"primaryImageOfPage\":{\"@id\":\"https:\\\/\\\/cinema.video\\\/it\\\/face-nasce-la-federazione-delle-accademie-del-cinema-europee#primaryimage\"},\"image\":{\"@id\":\"https:\\\/\\\/cinema.video\\\/it\\\/face-nasce-la-federazione-delle-accademie-del-cinema-europee#primaryimage\"},\"thumbnailUrl\":\"https:\\\/\\\/cinema.video\\\/wp-content\\\/uploads\\\/2024\\\/07\\\/accademie-europee.jpeg\",\"datePublished\":\"2024-07-11T15:45:03+00:00\",\"dateModified\":\"2026-04-10T02:06:00+00:00\",\"description\":\"FACE Nasce la Federazione delle Accademie del Cinema Europee \u2013 face nasce la federazione delle accademie. \u00c9 nata oggi, 11 luglio, FACE, la Federazione del\",\"breadcrumb\":{\"@id\":\"https:\\\/\\\/cinema.video\\\/it\\\/face-nasce-la-federazione-delle-accademie-del-cinema-europee#breadcrumb\"},\"inLanguage\":\"it-IT\",\"potentialAction\":[{\"@type\":\"ReadAction\",\"target\":[\"https:\\\/\\\/cinema.video\\\/it\\\/face-nasce-la-federazione-delle-accademie-del-cinema-europee\"]}]},{\"@type\":\"ImageObject\",\"inLanguage\":\"it-IT\",\"@id\":\"https:\\\/\\\/cinema.video\\\/it\\\/face-nasce-la-federazione-delle-accademie-del-cinema-europee#primaryimage\",\"url\":\"https:\\\/\\\/cinema.video\\\/wp-content\\\/uploads\\\/2024\\\/07\\\/accademie-europee.jpeg\",\"contentUrl\":\"https:\\\/\\\/cinema.video\\\/wp-content\\\/uploads\\\/2024\\\/07\\\/accademie-europee.jpeg\",\"width\":800,\"height\":450,\"caption\":\"face: Nasce la Federazione delle Accademie del Cinema Europee, fondata dalle Accademie di 20 paesi e da EFA\"},{\"@type\":\"BreadcrumbList\",\"@id\":\"https:\\\/\\\/cinema.video\\\/it\\\/face-nasce-la-federazione-delle-accademie-del-cinema-europee#breadcrumb\",\"itemListElement\":[{\"@type\":\"ListItem\",\"position\":1,\"name\":\"Home\",\"item\":\"https:\\\/\\\/cinema.video\\\/it\\\/home-2\"},{\"@type\":\"ListItem\",\"position\":2,\"name\":\"FACE Nasce la Federazione delle Accademie del Cinema Europee\"}]},{\"@type\":\"WebSite\",\"@id\":\"https:\\\/\\\/cinema.video\\\/it#website\",\"url\":\"https:\\\/\\\/cinema.video\\\/it\",\"name\":\"Cinema & Video International\",\"description\":\"Film &amp; Audiovisual Industry Trade Magazine\",\"publisher\":{\"@id\":\"https:\\\/\\\/cinema.video\\\/it#organization\"},\"alternateName\":\"Cinema & Video\",\"potentialAction\":[{\"@type\":\"SearchAction\",\"target\":{\"@type\":\"EntryPoint\",\"urlTemplate\":\"https:\\\/\\\/cinema.video\\\/it?s={search_term_string}\"},\"query-input\":{\"@type\":\"PropertyValueSpecification\",\"valueRequired\":true,\"valueName\":\"search_term_string\"}}],\"inLanguage\":\"it-IT\"},{\"@type\":\"Organization\",\"@id\":\"https:\\\/\\\/cinema.video\\\/it#organization\",\"name\":\"Cinema & Video\",\"url\":\"https:\\\/\\\/cinema.video\\\/it\",\"logo\":{\"@type\":\"ImageObject\",\"inLanguage\":\"it-IT\",\"@id\":\"https:\\\/\\\/cinema.video\\\/it#\\\/schema\\\/logo\\\/image\\\/\",\"url\":\"https:\\\/\\\/cinema.video\\\/wp-content\\\/uploads\\\/2026\\\/04\\\/CinemVideo_LogoBlack.png\",\"contentUrl\":\"https:\\\/\\\/cinema.video\\\/wp-content\\\/uploads\\\/2026\\\/04\\\/CinemVideo_LogoBlack.png\",\"width\":1336,\"height\":224,\"caption\":\"Cinema & Video\"},\"image\":{\"@id\":\"https:\\\/\\\/cinema.video\\\/it#\\\/schema\\\/logo\\\/image\\\/\"},\"sameAs\":[\"https:\\\/\\\/www.facebook.com\\\/CinemaVideoInternational\\\/\",\"https:\\\/\\\/www.instagram.com\\\/cinemaevideointernational\\\/\",\"https:\\\/\\\/it.linkedin.com\\\/company\\\/cinema-video-international\"],\"description\":\"Media Consulting & Marketing Agency\",\"email\":\"hello@darostudio.com\",\"legalName\":\"DARO studio LLC\",\"foundingDate\":\"2021-02-16\",\"numberOfEmployees\":{\"@type\":\"QuantitativeValue\",\"minValue\":\"1\",\"maxValue\":\"10\"}},{\"@type\":\"Person\",\"@id\":\"https:\\\/\\\/cinema.video\\\/it#\\\/schema\\\/person\\\/aeb01b91d874e8b01e76a1db04c668c6\",\"name\":\"Redazione\",\"image\":{\"@type\":\"ImageObject\",\"inLanguage\":\"it-IT\",\"@id\":\"https:\\\/\\\/secure.gravatar.com\\\/avatar\\\/06ad6f92eb14745b75fb592cadf8139d33242d81c9c8b085133c450aaf0b9731?s=96&d=mm&r=g\",\"url\":\"https:\\\/\\\/secure.gravatar.com\\\/avatar\\\/06ad6f92eb14745b75fb592cadf8139d33242d81c9c8b085133c450aaf0b9731?s=96&d=mm&r=g\",\"contentUrl\":\"https:\\\/\\\/secure.gravatar.com\\\/avatar\\\/06ad6f92eb14745b75fb592cadf8139d33242d81c9c8b085133c450aaf0b9731?s=96&d=mm&r=g\",\"caption\":\"Redazione\"},\"url\":\"https:\\\/\\\/cinema.video\\\/it\\\/author\\\/redazione\"}]}<\/script>\n<!-- \/ Yoast SEO Premium plugin. -->","yoast_head_json":{"title":"FACE Nasce la Federazione delle Accademie del Cinema Europee - Cinema &amp; Video International","description":"FACE Nasce la Federazione delle Accademie del Cinema Europee \u2013 face nasce la federazione delle accademie. \u00c9 nata oggi, 11 luglio, FACE, la Federazione del","robots":{"index":"index","follow":"follow","max-snippet":"max-snippet:-1","max-image-preview":"max-image-preview:large","max-video-preview":"max-video-preview:-1"},"canonical":"https:\/\/cinema.video\/it\/face-nasce-la-federazione-delle-accademie-del-cinema-europee","og_locale":"it_IT","og_type":"article","og_title":"FACE Nasce la Federazione delle Accademie del Cinema Europee","og_description":"FACE Nasce la Federazione delle Accademie del Cinema Europee \u2013 face nasce la federazione delle accademie. \u00c9 nata oggi, 11 luglio, FACE, la Federazione del","og_url":"https:\/\/cinema.video\/it\/face-nasce-la-federazione-delle-accademie-del-cinema-europee","og_site_name":"Cinema &amp; Video International","article_publisher":"https:\/\/www.facebook.com\/CinemaVideoInternational\/","article_published_time":"2024-07-11T15:45:03+00:00","article_modified_time":"2026-04-10T02:06:00+00:00","og_image":[{"width":800,"height":450,"url":"https:\/\/cinema.video\/wp-content\/uploads\/2024\/07\/accademie-europee.jpeg","type":"image\/jpeg"}],"author":"Redazione","twitter_card":"summary_large_image","twitter_misc":{"Scritto da":"Redazione","Tempo di lettura stimato":"4 minuti"},"schema":{"@context":"https:\/\/schema.org","@graph":[{"@type":"Article","@id":"https:\/\/cinema.video\/it\/face-nasce-la-federazione-delle-accademie-del-cinema-europee#article","isPartOf":{"@id":"https:\/\/cinema.video\/it\/face-nasce-la-federazione-delle-accademie-del-cinema-europee"},"author":{"name":"Redazione","@id":"https:\/\/cinema.video\/it#\/schema\/person\/aeb01b91d874e8b01e76a1db04c668c6"},"headline":"FACE Nasce la Federazione delle Accademie del Cinema Europee","datePublished":"2024-07-11T15:45:03+00:00","dateModified":"2026-04-10T02:06:00+00:00","mainEntityOfPage":{"@id":"https:\/\/cinema.video\/it\/face-nasce-la-federazione-delle-accademie-del-cinema-europee"},"wordCount":643,"publisher":{"@id":"https:\/\/cinema.video\/it#organization"},"image":{"@id":"https:\/\/cinema.video\/it\/face-nasce-la-federazione-delle-accademie-del-cinema-europee#primaryimage"},"thumbnailUrl":"https:\/\/cinema.video\/wp-content\/uploads\/2024\/07\/accademie-europee.jpeg","keywords":["EFA","European Film Academy","focus"],"inLanguage":"it-IT"},{"@type":"WebPage","@id":"https:\/\/cinema.video\/it\/face-nasce-la-federazione-delle-accademie-del-cinema-europee","url":"https:\/\/cinema.video\/it\/face-nasce-la-federazione-delle-accademie-del-cinema-europee","name":"FACE Nasce la Federazione delle Accademie del Cinema Europee - Cinema &amp; Video International","isPartOf":{"@id":"https:\/\/cinema.video\/it#website"},"primaryImageOfPage":{"@id":"https:\/\/cinema.video\/it\/face-nasce-la-federazione-delle-accademie-del-cinema-europee#primaryimage"},"image":{"@id":"https:\/\/cinema.video\/it\/face-nasce-la-federazione-delle-accademie-del-cinema-europee#primaryimage"},"thumbnailUrl":"https:\/\/cinema.video\/wp-content\/uploads\/2024\/07\/accademie-europee.jpeg","datePublished":"2024-07-11T15:45:03+00:00","dateModified":"2026-04-10T02:06:00+00:00","description":"FACE Nasce la Federazione delle Accademie del Cinema Europee \u2013 face nasce la federazione delle accademie. \u00c9 nata oggi, 11 luglio, FACE, la Federazione del","breadcrumb":{"@id":"https:\/\/cinema.video\/it\/face-nasce-la-federazione-delle-accademie-del-cinema-europee#breadcrumb"},"inLanguage":"it-IT","potentialAction":[{"@type":"ReadAction","target":["https:\/\/cinema.video\/it\/face-nasce-la-federazione-delle-accademie-del-cinema-europee"]}]},{"@type":"ImageObject","inLanguage":"it-IT","@id":"https:\/\/cinema.video\/it\/face-nasce-la-federazione-delle-accademie-del-cinema-europee#primaryimage","url":"https:\/\/cinema.video\/wp-content\/uploads\/2024\/07\/accademie-europee.jpeg","contentUrl":"https:\/\/cinema.video\/wp-content\/uploads\/2024\/07\/accademie-europee.jpeg","width":800,"height":450,"caption":"face: Nasce la Federazione delle Accademie del Cinema Europee, fondata dalle Accademie di 20 paesi e da EFA"},{"@type":"BreadcrumbList","@id":"https:\/\/cinema.video\/it\/face-nasce-la-federazione-delle-accademie-del-cinema-europee#breadcrumb","itemListElement":[{"@type":"ListItem","position":1,"name":"Home","item":"https:\/\/cinema.video\/it\/home-2"},{"@type":"ListItem","position":2,"name":"FACE Nasce la Federazione delle Accademie del Cinema Europee"}]},{"@type":"WebSite","@id":"https:\/\/cinema.video\/it#website","url":"https:\/\/cinema.video\/it","name":"Cinema & Video International","description":"Film &amp; Audiovisual Industry Trade Magazine","publisher":{"@id":"https:\/\/cinema.video\/it#organization"},"alternateName":"Cinema & Video","potentialAction":[{"@type":"SearchAction","target":{"@type":"EntryPoint","urlTemplate":"https:\/\/cinema.video\/it?s={search_term_string}"},"query-input":{"@type":"PropertyValueSpecification","valueRequired":true,"valueName":"search_term_string"}}],"inLanguage":"it-IT"},{"@type":"Organization","@id":"https:\/\/cinema.video\/it#organization","name":"Cinema & Video","url":"https:\/\/cinema.video\/it","logo":{"@type":"ImageObject","inLanguage":"it-IT","@id":"https:\/\/cinema.video\/it#\/schema\/logo\/image\/","url":"https:\/\/cinema.video\/wp-content\/uploads\/2026\/04\/CinemVideo_LogoBlack.png","contentUrl":"https:\/\/cinema.video\/wp-content\/uploads\/2026\/04\/CinemVideo_LogoBlack.png","width":1336,"height":224,"caption":"Cinema & Video"},"image":{"@id":"https:\/\/cinema.video\/it#\/schema\/logo\/image\/"},"sameAs":["https:\/\/www.facebook.com\/CinemaVideoInternational\/","https:\/\/www.instagram.com\/cinemaevideointernational\/","https:\/\/it.linkedin.com\/company\/cinema-video-international"],"description":"Media Consulting & Marketing Agency","email":"hello@darostudio.com","legalName":"DARO studio LLC","foundingDate":"2021-02-16","numberOfEmployees":{"@type":"QuantitativeValue","minValue":"1","maxValue":"10"}},{"@type":"Person","@id":"https:\/\/cinema.video\/it#\/schema\/person\/aeb01b91d874e8b01e76a1db04c668c6","name":"Redazione","image":{"@type":"ImageObject","inLanguage":"it-IT","@id":"https:\/\/secure.gravatar.com\/avatar\/06ad6f92eb14745b75fb592cadf8139d33242d81c9c8b085133c450aaf0b9731?s=96&d=mm&r=g","url":"https:\/\/secure.gravatar.com\/avatar\/06ad6f92eb14745b75fb592cadf8139d33242d81c9c8b085133c450aaf0b9731?s=96&d=mm&r=g","contentUrl":"https:\/\/secure.gravatar.com\/avatar\/06ad6f92eb14745b75fb592cadf8139d33242d81c9c8b085133c450aaf0b9731?s=96&d=mm&r=g","caption":"Redazione"},"url":"https:\/\/cinema.video\/it\/author\/redazione"}]}},"jetpack_featured_media_url":"https:\/\/cinema.video\/wp-content\/uploads\/2024\/07\/accademie-europee.jpeg","jetpack_shortlink":"https:\/\/wp.me\/ph672m-1fsu","_links":{"self":[{"href":"https:\/\/cinema.video\/it\/wp-json\/wp\/v2\/posts\/297754","targetHints":{"allow":["GET"]}}],"collection":[{"href":"https:\/\/cinema.video\/it\/wp-json\/wp\/v2\/posts"}],"about":[{"href":"https:\/\/cinema.video\/it\/wp-json\/wp\/v2\/types\/post"}],"author":[{"embeddable":true,"href":"https:\/\/cinema.video\/it\/wp-json\/wp\/v2\/users\/26"}],"replies":[{"embeddable":true,"href":"https:\/\/cinema.video\/it\/wp-json\/wp\/v2\/comments?post=297754"}],"version-history":[{"count":1,"href":"https:\/\/cinema.video\/it\/wp-json\/wp\/v2\/posts\/297754\/revisions"}],"predecessor-version":[{"id":309410,"href":"https:\/\/cinema.video\/it\/wp-json\/wp\/v2\/posts\/297754\/revisions\/309410"}],"wp:featuredmedia":[{"embeddable":true,"href":"https:\/\/cinema.video\/it\/wp-json\/wp\/v2\/media\/297755"}],"wp:attachment":[{"href":"https:\/\/cinema.video\/it\/wp-json\/wp\/v2\/media?parent=297754"}],"wp:term":[{"taxonomy":"category","embeddable":true,"href":"https:\/\/cinema.video\/it\/wp-json\/wp\/v2\/categories?post=297754"},{"taxonomy":"post_tag","embeddable":true,"href":"https:\/\/cinema.video\/it\/wp-json\/wp\/v2\/tags?post=297754"}],"curies":[{"name":"wp","href":"https:\/\/api.w.org\/{rel}","templated":true}]}}