{"id":297738,"date":"2024-07-10T19:41:59","date_gmt":"2024-07-10T17:41:59","guid":{"rendered":"https:\/\/cinema.video\/?p=297738"},"modified":"2026-04-10T04:05:59","modified_gmt":"2026-04-10T02:05:59","slug":"piazza-grande-pre-apertura-con-cognetti-apertura-con-jodice","status":"publish","type":"post","link":"https:\/\/cinema.video\/it\/piazza-grande-pre-apertura-con-cognetti-apertura-con-jodice","title":{"rendered":"PIAZZA GRANDE Pre- apertura con Cognetti apertura con Jodice"},"content":{"rendered":"\n<p class=\"wp-block-paragraph\">Apertura e pre-apertura con i film di <strong>Gianluca Jodice<\/strong> e <strong>Paolo Cognetti<\/strong> in <strong>Piazza Grande<\/strong>, e un <strong>Pardo Speciale <\/strong>in omaggio alla carriera di <strong>Marco Tullio Giordana<\/strong>, che proprio a Locarno vinse il Pardo d\u2019Oro con la sua opera prima <em>Maledetti vi amer\u00f2: <\/em>\u00e8 rilevante la presenza italiana alla <strong>77esima edizione del Locarno Film Festival<\/strong>, che si svolger\u00e0 dal 7 al 17 agosto<strong>.\u00a0<\/strong><\/p>\n\n\n\n<p class=\"wp-block-paragraph\"><strong>Il direttore del festival, Giona Nazzaro, <\/strong>si dice \u201cparticolarmente orgoglioso del titolo di apertura <strong><em>Le D\u00e9luge<\/em><\/strong>, opera seconda di Gianluca Jodice che ricostruisce i giorni finali della vita di Maria Antonietta e Luigi XVI. Un film arricchito dalle interpretazioni strepitose di M\u00e9lanie Laurent e Guillaume Canet, due magnifiche star che omaggeremo con l&#8217;ambito Excellence Award Davide Campari.\u201d\u00a0<\/p>\n\n\n\n<figure class=\"wp-block-image size-full\"><img loading=\"lazy\" decoding=\"async\" width=\"1024\" height=\"576\" src=\"https:\/\/cinema.video\/wp-content\/uploads\/2024\/07\/Deluge-2.jpeg\" alt=\"\" class=\"wp-image-297741\" srcset=\"https:\/\/cinema.video\/wp-content\/uploads\/2024\/07\/Deluge-2.jpeg 1024w, https:\/\/cinema.video\/wp-content\/uploads\/2024\/07\/Deluge-2.jpeg 300w, https:\/\/cinema.video\/wp-content\/uploads\/2024\/07\/Deluge-2.jpeg 768w, https:\/\/cinema.video\/wp-content\/uploads\/2024\/07\/Deluge-2.jpeg 150w, https:\/\/cinema.video\/wp-content\/uploads\/2024\/07\/Deluge-2.jpeg 696w, https:\/\/cinema.video\/wp-content\/uploads\/2024\/07\/Deluge-2.jpeg 747w\" sizes=\"auto, (max-width: 696px) 100vw, 696px\" \/><\/figure>\n\n\n\n<p class=\"wp-block-paragraph\"><em>Le D\u00e9luge <\/em>\u00e8 stato presentato nei giorni scorsi a Cin\u00e9 come uno dei titoli di punta del listino BIM: \u00e8 una co-produzione Italia-Francia (fra Ascent Film, Rai Cinema, Adler Entertainment e Quad Films), realizzata in Piemonte per 7 settimane di riprese (tra dicembre 2022 e marzo 2023) con il <strong>sostegno di Film Commission Torino Piemonte<\/strong> nei luoghi delle <strong>Residenze Sabaude<\/strong>, presso il Castello Ducale di Agli\u00e8, la Reggia di Venaria Reale, la Palazzina di Caccia di Stupinigi e il Parco di Stupinigi di Nichelino, location e comuni coinvolti grazie alla Rete regionale della Fondazione.<br><\/p>\n\n\n\n<p class=\"wp-block-paragraph\"><br><\/p>\n\n\n\n<figure class=\"wp-block-image size-large\"><img loading=\"lazy\" decoding=\"async\" width=\"1024\" height=\"576\" src=\"https:\/\/cinema.video\/wp-content\/uploads\/2024\/07\/82_FioreMio_by_PaoloCognetti_DOP_RubenImpens_frame-1024x576.png\" alt=\"\" class=\"wp-image-297740\" srcset=\"https:\/\/cinema.video\/wp-content\/uploads\/2024\/07\/82_FioreMio_by_PaoloCognetti_DOP_RubenImpens_frame.png 1024w, https:\/\/cinema.video\/wp-content\/uploads\/2024\/07\/82_FioreMio_by_PaoloCognetti_DOP_RubenImpens_frame.png 300w, https:\/\/cinema.video\/wp-content\/uploads\/2024\/07\/82_FioreMio_by_PaoloCognetti_DOP_RubenImpens_frame.png 768w, https:\/\/cinema.video\/wp-content\/uploads\/2024\/07\/82_FioreMio_by_PaoloCognetti_DOP_RubenImpens_frame.png 1536w, https:\/\/cinema.video\/wp-content\/uploads\/2024\/07\/82_FioreMio_by_PaoloCognetti_DOP_RubenImpens_frame.png 150w, https:\/\/cinema.video\/wp-content\/uploads\/2024\/07\/82_FioreMio_by_PaoloCognetti_DOP_RubenImpens_frame.png 696w, https:\/\/cinema.video\/wp-content\/uploads\/2024\/07\/82_FioreMio_by_PaoloCognetti_DOP_RubenImpens_frame.png 1068w, https:\/\/cinema.video\/wp-content\/uploads\/2024\/07\/82_FioreMio_by_PaoloCognetti_DOP_RubenImpens_frame.png 747w, https:\/\/cinema.video\/wp-content\/uploads\/2024\/07\/82_FioreMio_by_PaoloCognetti_DOP_RubenImpens_frame.png 1920w, https:\/\/cinema.video\/wp-content\/uploads\/2024\/07\/82_FioreMio_by_PaoloCognetti_DOP_RubenImpens_frame.png 1392w\" sizes=\"auto, (max-width: 696px) 100vw, 696px\" \/><\/figure>\n\n\n\n<p class=\"wp-block-paragraph\">Evento di pre-apertura del festival, il primo film scritto, diretto e interpretato da <strong>Paolo Cognetti<\/strong>,<strong> <em>Fiore Mio, <\/em><\/strong>dove lo scrittore racconta il Monte Rosa<strong>, <\/strong>un luogo geografico ma soprattutto un luogo del sentire e un luogo della comprensione di quanto abbiamo intorno.<\/p>\n\n\n\n<p class=\"wp-block-paragraph\"> Il film, che conta sulla colonna sonora di <strong>Vasco Brondi,<\/strong> amico fraterno di Cognetti e interprete della nuova canzone, \u201cAscoltare gli alberi\u201d, che chiuder\u00e0 il documentario, concorre anche per il <strong>Pardo Verde<\/strong>, premio riservato alle opere che affrontano tematiche legate al rapporto tra l\u2019uomo e l\u2019ecosistema di cui \u00e8 parte,  sostenuto dall\u2019Ente Regionale per lo Sviluppo del Locarnese e Vallemaggia. <\/p>\n\n\n\n<figure class=\"wp-block-image size-large\"><img loading=\"lazy\" decoding=\"async\" width=\"1024\" height=\"681\" src=\"https:\/\/cinema.video\/wp-content\/uploads\/2024\/07\/42_FioreMio_A\u00a9DanieleMantione_N78_1333-1024x681.jpg\" alt=\"\" class=\"wp-image-297739\" srcset=\"https:\/\/cinema.video\/wp-content\/uploads\/2024\/07\/42_FioreMio_A\u00a9DanieleMantione_N78_1333-scaled.jpg 1024w, https:\/\/cinema.video\/wp-content\/uploads\/2024\/07\/42_FioreMio_A\u00a9DanieleMantione_N78_1333-scaled.jpg 300w, https:\/\/cinema.video\/wp-content\/uploads\/2024\/07\/42_FioreMio_A\u00a9DanieleMantione_N78_1333-scaled.jpg 768w, https:\/\/cinema.video\/wp-content\/uploads\/2024\/07\/42_FioreMio_A\u00a9DanieleMantione_N78_1333-scaled.jpg 1536w, https:\/\/cinema.video\/wp-content\/uploads\/2024\/07\/42_FioreMio_A\u00a9DanieleMantione_N78_1333-scaled.jpg 2048w, https:\/\/cinema.video\/wp-content\/uploads\/2024\/07\/42_FioreMio_A\u00a9DanieleMantione_N78_1333-scaled.jpg 150w, https:\/\/cinema.video\/wp-content\/uploads\/2024\/07\/42_FioreMio_A\u00a9DanieleMantione_N78_1333-scaled.jpg 696w, https:\/\/cinema.video\/wp-content\/uploads\/2024\/07\/42_FioreMio_A\u00a9DanieleMantione_N78_1333-scaled.jpg 1068w, https:\/\/cinema.video\/wp-content\/uploads\/2024\/07\/42_FioreMio_A\u00a9DanieleMantione_N78_1333-scaled.jpg 1920w, https:\/\/cinema.video\/wp-content\/uploads\/2024\/07\/42_FioreMio_A\u00a9DanieleMantione_N78_1333-scaled.jpg 631w, https:\/\/cinema.video\/wp-content\/uploads\/2024\/07\/42_FioreMio_A\u00a9DanieleMantione_N78_1333-scaled.jpg 1392w\" sizes=\"auto, (max-width: 696px) 100vw, 696px\" \/><\/figure>\n\n\n\n<p class=\"wp-block-paragraph\">\u00c9 prodotto da <strong>Samarcanda Film, Nexo Studios, Harald House <\/strong>e <strong>EDI Effetti Digitali Italiani <\/strong>con il sostegno della <strong>Film Commission Vall\u00e9e d&#8217;Aoste<\/strong> (service di produzione <strong>L\u2019Eubage).<\/strong> Arriver\u00e0 nei cinema il 25, 26 e 27 novembre, con <strong>Nexo Studios,<\/strong> che dopo l\u2019uscita italiana lo distribuir\u00e0 in tutto il mondo.<\/p>\n\n\n\n<p class=\"wp-block-paragraph\">In <em>Concorso<\/em>, due film italiani, e una co-produzione minoritaria. <\/p>\n\n\n\n<figure class=\"wp-block-image size-large\"><img loading=\"lazy\" decoding=\"async\" width=\"1024\" height=\"576\" src=\"https:\/\/cinema.video\/wp-content\/uploads\/2024\/07\/SULLA-TERRA-LEGGERI-di-Serena-Fgaier-1024x576.jpg\" alt=\"\" class=\"wp-image-297746\" srcset=\"https:\/\/cinema.video\/wp-content\/uploads\/2024\/07\/SULLA-TERRA-LEGGERI-di-Serena-Fgaier.jpg 1024w, https:\/\/cinema.video\/wp-content\/uploads\/2024\/07\/SULLA-TERRA-LEGGERI-di-Serena-Fgaier.jpg 300w, https:\/\/cinema.video\/wp-content\/uploads\/2024\/07\/SULLA-TERRA-LEGGERI-di-Serena-Fgaier.jpg 768w, https:\/\/cinema.video\/wp-content\/uploads\/2024\/07\/SULLA-TERRA-LEGGERI-di-Serena-Fgaier.jpg 1536w, https:\/\/cinema.video\/wp-content\/uploads\/2024\/07\/SULLA-TERRA-LEGGERI-di-Serena-Fgaier.jpg 150w, https:\/\/cinema.video\/wp-content\/uploads\/2024\/07\/SULLA-TERRA-LEGGERI-di-Serena-Fgaier.jpg 696w, https:\/\/cinema.video\/wp-content\/uploads\/2024\/07\/SULLA-TERRA-LEGGERI-di-Serena-Fgaier.jpg 1068w, https:\/\/cinema.video\/wp-content\/uploads\/2024\/07\/SULLA-TERRA-LEGGERI-di-Serena-Fgaier.jpg 747w, https:\/\/cinema.video\/wp-content\/uploads\/2024\/07\/SULLA-TERRA-LEGGERI-di-Serena-Fgaier.jpg 1920w, https:\/\/cinema.video\/wp-content\/uploads\/2024\/07\/SULLA-TERRA-LEGGERI-di-Serena-Fgaier.jpg 1392w\" sizes=\"auto, (max-width: 696px) 100vw, 696px\" \/><figcaption class=\"wp-element-caption\">Sulla Terra Leggeri<\/figcaption><\/figure>\n\n\n\n<p class=\"wp-block-paragraph\"><strong><em>Sulla terra leggeri<\/em><\/strong> \u00e8 l&#8217;esordio al lungometraggio\u00a0di <strong>Sara Fgaier <\/strong>(il cui corto, <em>Gli Anni<\/em>, presentato a Venezia in <em>Orizzonti <\/em>nel 2018, ha vinto sia l&#8217;EFA come miglior cortometraggio europeo che il Nastro d\u2019argento). <br>Il film, che ha per protagonisti <strong>Andrea Renzi, Sara Serraiocco<\/strong>, \u00e8 prodotto da <strong>Limen<\/strong>, Avventurosa, <strong>Dugong films<\/strong>, e <strong>Rai Cinema<\/strong>, ed \u00e8 stato sviluppato e finanziato anche da <strong>Torino Film Lab<\/strong>. <br><strong>Rai Cinema International Distribution<\/strong> ne curer\u00e0 le vendite internazionali, mentre la distribuzione italiana \u00e8 di <strong>Luce Cinecitt\u00e1.<\/strong><\/p>\n\n\n\n<figure class=\"wp-block-image size-large\"><img loading=\"lazy\" decoding=\"async\" width=\"1024\" height=\"683\" src=\"https:\/\/cinema.video\/wp-content\/uploads\/2024\/07\/LUCE_04-1024x683.jpg\" alt=\"\" class=\"wp-image-297744\" srcset=\"https:\/\/cinema.video\/wp-content\/uploads\/2024\/07\/LUCE_04-scaled.jpg 1024w, https:\/\/cinema.video\/wp-content\/uploads\/2024\/07\/LUCE_04-scaled.jpg 300w, https:\/\/cinema.video\/wp-content\/uploads\/2024\/07\/LUCE_04-scaled.jpg 768w, https:\/\/cinema.video\/wp-content\/uploads\/2024\/07\/LUCE_04-scaled.jpg 1536w, https:\/\/cinema.video\/wp-content\/uploads\/2024\/07\/LUCE_04-scaled.jpg 2048w, https:\/\/cinema.video\/wp-content\/uploads\/2024\/07\/LUCE_04-scaled.jpg 150w, https:\/\/cinema.video\/wp-content\/uploads\/2024\/07\/LUCE_04-scaled.jpg 696w, https:\/\/cinema.video\/wp-content\/uploads\/2024\/07\/LUCE_04-scaled.jpg 1068w, https:\/\/cinema.video\/wp-content\/uploads\/2024\/07\/LUCE_04-scaled.jpg 1920w, https:\/\/cinema.video\/wp-content\/uploads\/2024\/07\/LUCE_04-scaled.jpg 630w, https:\/\/cinema.video\/wp-content\/uploads\/2024\/07\/LUCE_04-scaled.jpg 1392w\" sizes=\"auto, (max-width: 696px) 100vw, 696px\" \/><figcaption class=\"wp-element-caption\">Luce<\/figcaption><\/figure>\n\n\n\n<p class=\"wp-block-paragraph\"><strong><br><em>Luce<\/em> <\/strong>\u00e8 invece l\u2019opera seconda di <strong>Silvia Luzi e Luca Bellino<\/strong>. Interpretato da <strong>Marianna Fontana<\/strong>, il film \u00e8 una produzione <strong>Bokeh Film,<\/strong> <strong>Stemal Entertainment<\/strong> con <strong>Rai Cinema<\/strong>, prodotto da <strong>Donatella Palermo <\/strong>e realizzato con il contributo del <strong>MIC<\/strong> e con il sostegno di <strong>Regione Campania<\/strong> e <strong>Fondazione Film Commission Regione Campania.<\/strong><\/p>\n\n\n\n<p class=\"wp-block-paragraph\"><strong><em>Yeni \u015eafak solarken <\/em>(<em>New Dawn Fades<\/em>) <\/strong>\u00e8 scritto e diretto dal regista turco<strong> G\u00fcrcan Keltek, <\/strong>che proprio a Locarno aveva esordito nel 2017 con <em>Meteors <\/em>(vincitore del Swatch Art Peace Hotel First Feature Film Award e del Cinelab Award). <br>\u00c9 una co-produzione fra Turchia (<strong>Vigo Film<\/strong>), Italia (<strong>Slingshot Films di Manuela Buono<\/strong>), Germania (<strong>The Story Bay<\/strong>),\u00a0 Norvegia (<strong>Fidalgo<\/strong>) Paesi Bassi (<strong>29 P FIlms<\/strong>). Il suono \u00e8 formato da <strong>Massimiliano Borghesi. \u00a0<\/strong><\/p>\n\n\n\n<p class=\"wp-block-paragraph\"><em>Fuori Concorso<\/em> troviamo il sopra citato Marco Tullio Giordana con <em><strong>La Vita Accanto<\/strong><\/em>, con Sonia Bergamasco, Paolo Pierobon, Valentina Bell\u00e8, Beatrice Barison, Sara Ciocca. <br>Realizzato con il\u00a0 il contributo della <strong>Regione Veneto<\/strong> e con il sostegno della <strong>Veneto Film Commission, <\/strong>\u00e8 prodotto da <strong>Kavac Film, IBC Movie, One Art Film\u00a0 <\/strong>in co-produzione con Rai Cinema, che firma quasi tutti i titoli italiani presenti al Festival. <strong>01 Distribution<\/strong> ha annunciato a Cin\u00e9 l\u2019uscita italiana, il 22 agosto. <br>Le vendite internazionali sono curate da<strong> Intramovies.<\/strong><\/p>\n\n\n\n<figure class=\"wp-block-gallery has-nested-images columns-default is-cropped wp-block-gallery-1 is-layout-flex wp-block-gallery-is-layout-flex\">\n<figure class=\"wp-block-image size-large\"><img loading=\"lazy\" decoding=\"async\" width=\"1024\" height=\"683\" data-id=\"297743\" src=\"https:\/\/cinema.video\/wp-content\/uploads\/2024\/07\/LA_VITA_ACCANTO_di_MARCO_TULLIO_GIORDANA_BeatriceBarison_PaoloPierobon_SoniaBergamasco_foto_di_AngeloTuretta_IMG_4445_2023_06_22-2-1024x683.jpg\" alt=\"\" class=\"wp-image-297743\" srcset=\"https:\/\/cinema.video\/wp-content\/uploads\/2024\/07\/LA_VITA_ACCANTO_di_MARCO_TULLIO_GIORDANA_BeatriceBarison_PaoloPierobon_SoniaBergamasco_foto_di_AngeloTuretta_IMG_4445_2023_06_22-2-scaled.jpg 1024w, https:\/\/cinema.video\/wp-content\/uploads\/2024\/07\/LA_VITA_ACCANTO_di_MARCO_TULLIO_GIORDANA_BeatriceBarison_PaoloPierobon_SoniaBergamasco_foto_di_AngeloTuretta_IMG_4445_2023_06_22-2-scaled.jpg 300w, https:\/\/cinema.video\/wp-content\/uploads\/2024\/07\/LA_VITA_ACCANTO_di_MARCO_TULLIO_GIORDANA_BeatriceBarison_PaoloPierobon_SoniaBergamasco_foto_di_AngeloTuretta_IMG_4445_2023_06_22-2-scaled.jpg 768w, https:\/\/cinema.video\/wp-content\/uploads\/2024\/07\/LA_VITA_ACCANTO_di_MARCO_TULLIO_GIORDANA_BeatriceBarison_PaoloPierobon_SoniaBergamasco_foto_di_AngeloTuretta_IMG_4445_2023_06_22-2-scaled.jpg 1536w, https:\/\/cinema.video\/wp-content\/uploads\/2024\/07\/LA_VITA_ACCANTO_di_MARCO_TULLIO_GIORDANA_BeatriceBarison_PaoloPierobon_SoniaBergamasco_foto_di_AngeloTuretta_IMG_4445_2023_06_22-2-scaled.jpg 2048w, https:\/\/cinema.video\/wp-content\/uploads\/2024\/07\/LA_VITA_ACCANTO_di_MARCO_TULLIO_GIORDANA_BeatriceBarison_PaoloPierobon_SoniaBergamasco_foto_di_AngeloTuretta_IMG_4445_2023_06_22-2-scaled.jpg 150w, https:\/\/cinema.video\/wp-content\/uploads\/2024\/07\/LA_VITA_ACCANTO_di_MARCO_TULLIO_GIORDANA_BeatriceBarison_PaoloPierobon_SoniaBergamasco_foto_di_AngeloTuretta_IMG_4445_2023_06_22-2-scaled.jpg 696w, https:\/\/cinema.video\/wp-content\/uploads\/2024\/07\/LA_VITA_ACCANTO_di_MARCO_TULLIO_GIORDANA_BeatriceBarison_PaoloPierobon_SoniaBergamasco_foto_di_AngeloTuretta_IMG_4445_2023_06_22-2-scaled.jpg 1068w, https:\/\/cinema.video\/wp-content\/uploads\/2024\/07\/LA_VITA_ACCANTO_di_MARCO_TULLIO_GIORDANA_BeatriceBarison_PaoloPierobon_SoniaBergamasco_foto_di_AngeloTuretta_IMG_4445_2023_06_22-2-scaled.jpg 1920w, https:\/\/cinema.video\/wp-content\/uploads\/2024\/07\/LA_VITA_ACCANTO_di_MARCO_TULLIO_GIORDANA_BeatriceBarison_PaoloPierobon_SoniaBergamasco_foto_di_AngeloTuretta_IMG_4445_2023_06_22-2-scaled.jpg 630w, https:\/\/cinema.video\/wp-content\/uploads\/2024\/07\/LA_VITA_ACCANTO_di_MARCO_TULLIO_GIORDANA_BeatriceBarison_PaoloPierobon_SoniaBergamasco_foto_di_AngeloTuretta_IMG_4445_2023_06_22-2-scaled.jpg 1392w\" sizes=\"auto, (max-width: 696px) 100vw, 696px\" \/><figcaption class=\"wp-element-caption\">La Vita Accanto<\/figcaption><\/figure>\n\n\n\n<figure class=\"wp-block-image size-large\"><img loading=\"lazy\" decoding=\"async\" width=\"1024\" height=\"768\" data-id=\"297745\" src=\"https:\/\/cinema.video\/wp-content\/uploads\/2024\/07\/MARCO_TULLIO_GIORDANA_foto_di_ANGELO-TURETTA_IMG_2896_2023_07_06-copia-1024x768.jpg\" alt=\"\" class=\"wp-image-297745\" srcset=\"https:\/\/cinema.video\/wp-content\/uploads\/2024\/07\/MARCO_TULLIO_GIORDANA_foto_di_ANGELO-TURETTA_IMG_2896_2023_07_06-copia-scaled.jpg 1024w, https:\/\/cinema.video\/wp-content\/uploads\/2024\/07\/MARCO_TULLIO_GIORDANA_foto_di_ANGELO-TURETTA_IMG_2896_2023_07_06-copia-scaled.jpg 300w, https:\/\/cinema.video\/wp-content\/uploads\/2024\/07\/MARCO_TULLIO_GIORDANA_foto_di_ANGELO-TURETTA_IMG_2896_2023_07_06-copia-scaled.jpg 768w, https:\/\/cinema.video\/wp-content\/uploads\/2024\/07\/MARCO_TULLIO_GIORDANA_foto_di_ANGELO-TURETTA_IMG_2896_2023_07_06-copia-scaled.jpg 1536w, https:\/\/cinema.video\/wp-content\/uploads\/2024\/07\/MARCO_TULLIO_GIORDANA_foto_di_ANGELO-TURETTA_IMG_2896_2023_07_06-copia-scaled.jpg 2048w, https:\/\/cinema.video\/wp-content\/uploads\/2024\/07\/MARCO_TULLIO_GIORDANA_foto_di_ANGELO-TURETTA_IMG_2896_2023_07_06-copia-scaled.jpg 150w, https:\/\/cinema.video\/wp-content\/uploads\/2024\/07\/MARCO_TULLIO_GIORDANA_foto_di_ANGELO-TURETTA_IMG_2896_2023_07_06-copia-scaled.jpg 696w, https:\/\/cinema.video\/wp-content\/uploads\/2024\/07\/MARCO_TULLIO_GIORDANA_foto_di_ANGELO-TURETTA_IMG_2896_2023_07_06-copia-scaled.jpg 1068w, https:\/\/cinema.video\/wp-content\/uploads\/2024\/07\/MARCO_TULLIO_GIORDANA_foto_di_ANGELO-TURETTA_IMG_2896_2023_07_06-copia-scaled.jpg 1920w, https:\/\/cinema.video\/wp-content\/uploads\/2024\/07\/MARCO_TULLIO_GIORDANA_foto_di_ANGELO-TURETTA_IMG_2896_2023_07_06-copia-scaled.jpg 560w, https:\/\/cinema.video\/wp-content\/uploads\/2024\/07\/MARCO_TULLIO_GIORDANA_foto_di_ANGELO-TURETTA_IMG_2896_2023_07_06-copia-scaled.jpg 80w, https:\/\/cinema.video\/wp-content\/uploads\/2024\/07\/MARCO_TULLIO_GIORDANA_foto_di_ANGELO-TURETTA_IMG_2896_2023_07_06-copia-scaled.jpg 265w, https:\/\/cinema.video\/wp-content\/uploads\/2024\/07\/MARCO_TULLIO_GIORDANA_foto_di_ANGELO-TURETTA_IMG_2896_2023_07_06-copia-scaled.jpg 1392w\" sizes=\"auto, (max-width: 696px) 100vw, 696px\" \/><figcaption class=\"wp-element-caption\">Marco Tullio Giordana<\/figcaption><\/figure>\n<\/figure>\n\n\n\n<p class=\"wp-block-paragraph\"><strong>Rai Cinema e Intramovies <\/strong>sono anche nella compagine produttivo-distributiva di<strong> <em>Real<\/em> di<\/strong> <strong>Adele Tulli<\/strong>, che sar\u00e0 presentato in <em>Cineasti del Presente<\/em>, co-produzione italo-francese che coinvolge anche <strong>Pepito Produzioni, FilmAffair, Luce Cinecitt\u00e0<\/strong>, e <strong>Les Films d\u2019ici<\/strong>.<\/p>\n\n\n\n<p class=\"wp-block-paragraph\"><br><em>Fuori Concorso<\/em> troviamo un\u2019altra co-produzione con l\u2019Italia: <strong><em>La Prodigiosa Trasformazione della Classe Operaia in Stranieri<\/em><\/strong> diretto da <strong>Samir<\/strong> e prodotto dalla svizzera <strong>Dschoint Ventschr Filmproduktion<\/strong> in co-produzione con <strong>Casa delle Visioni<\/strong> (le musiche sono dell\u2019italiano <strong>Massimo Mariani<\/strong>).<\/p>\n\n\n\n<p class=\"wp-block-paragraph\">E grazie alle co-produzioni c\u2019\u00e8 un po\u2019 d\u2019Italia anche fra i <em>Pardi di Domani<\/em>, dedicata ai corti e ai mediometraggi: nel Concorso Internazionale troviamo <strong><em>Razeh\u2013Del<\/em> <\/strong>di <strong>Maryam Tafakory<\/strong> \u2013 Iran, UK, Italia-  mentre fra i <em>Corti d\u2019Autore<\/em>, <em><strong>Upshot<\/strong><\/em>, di<strong> Maha Haj<\/strong> \u2013 Palestina- Italia- Francia \u2013<\/p>\n","protected":false},"excerpt":{"rendered":"<p>I due film italiani daranno il via alla 77\u00b0 edizione del Festival dal 6 agosto. In Concorso, Sulla Terra Leggeri di Sara Fgaier e Luce di Silvia Luzi e Luca Bellino. Pardo alla Carriera a Marco Tullio Giordana<\/p>\n","protected":false},"author":2,"featured_media":297742,"comment_status":"closed","ping_status":"closed","sticky":false,"template":"","format":"standard","meta":{"googlesitekit_rrm_CAow3e7fCw:productID":"","_crdt_document":"","footnotes":""},"categories":[1],"tags":[943,417,356,278,684],"class_list":{"0":"post-297738","1":"post","2":"type-post","3":"status-publish","4":"format-standard","5":"has-post-thumbnail","7":"category-senza-categoria","8":"tag-film-commission-regione-campania","9":"tag-film-commission-torino-piemonte","10":"tag-focus","11":"tag-fondazione-veneto-film-commission","12":"tag-valle-daosta-film-commission"},"yoast_head":"<!-- This site is optimized with the Yoast SEO Premium plugin v27.4 (Yoast SEO v27.4) - https:\/\/yoast.com\/product\/yoast-seo-premium-wordpress\/ -->\n<title>PIAZZA GRANDE Pre- apertura con Cognetti apertura con Jodice - Cinema &amp; Video International<\/title>\n<meta name=\"description\" content=\"PIAZZA GRANDE Pre- apertura con Cognetti apertura con Jodice \u2013 piazza grande pre apertura con cognetti. Apertura e pre-apertura con i film di Gianluca Jod\" \/>\n<meta name=\"robots\" content=\"index, follow, max-snippet:-1, max-image-preview:large, max-video-preview:-1\" \/>\n<link rel=\"canonical\" href=\"https:\/\/cinema.video\/it\/piazza-grande-pre-apertura-con-cognetti-apertura-con-jodice\" \/>\n<meta property=\"og:locale\" content=\"it_IT\" \/>\n<meta property=\"og:type\" content=\"article\" \/>\n<meta property=\"og:title\" content=\"PIAZZA GRANDE Pre- apertura con Cognetti apertura con Jodice\" \/>\n<meta property=\"og:description\" content=\"PIAZZA GRANDE Pre- apertura con Cognetti apertura con Jodice \u2013 piazza grande pre apertura con cognetti. Apertura e pre-apertura con i film di Gianluca Jod\" \/>\n<meta property=\"og:url\" content=\"https:\/\/cinema.video\/it\/piazza-grande-pre-apertura-con-cognetti-apertura-con-jodice\" \/>\n<meta property=\"og:site_name\" content=\"Cinema &amp; Video International\" \/>\n<meta property=\"article:publisher\" content=\"https:\/\/www.facebook.com\/CinemaVideoInternational\/\" \/>\n<meta property=\"article:published_time\" content=\"2024-07-10T17:41:59+00:00\" \/>\n<meta property=\"article:modified_time\" content=\"2026-04-10T02:05:59+00:00\" \/>\n<meta property=\"og:image\" content=\"https:\/\/cinema.video\/wp-content\/uploads\/2024\/07\/Deluge.jpeg\" \/>\n\t<meta property=\"og:image:width\" content=\"1024\" \/>\n\t<meta property=\"og:image:height\" content=\"576\" \/>\n\t<meta property=\"og:image:type\" content=\"image\/jpeg\" \/>\n<meta name=\"author\" content=\"Carolina Mancini\" \/>\n<meta name=\"twitter:card\" content=\"summary_large_image\" \/>\n<meta name=\"twitter:label1\" content=\"Scritto da\" \/>\n\t<meta name=\"twitter:data1\" content=\"Carolina Mancini\" \/>\n\t<meta name=\"twitter:label2\" content=\"Tempo di lettura stimato\" \/>\n\t<meta name=\"twitter:data2\" content=\"6 minuti\" \/>\n<script type=\"application\/ld+json\" class=\"yoast-schema-graph\">{\"@context\":\"https:\\\/\\\/schema.org\",\"@graph\":[{\"@type\":\"Article\",\"@id\":\"https:\\\/\\\/cinema.video\\\/it\\\/piazza-grande-pre-apertura-con-cognetti-apertura-con-jodice#article\",\"isPartOf\":{\"@id\":\"https:\\\/\\\/cinema.video\\\/it\\\/piazza-grande-pre-apertura-con-cognetti-apertura-con-jodice\"},\"author\":{\"name\":\"Carolina Mancini\",\"@id\":\"https:\\\/\\\/cinema.video\\\/it#\\\/schema\\\/person\\\/d5479fad8d0f2360000eb4aab6bb6e5d\"},\"headline\":\"PIAZZA GRANDE Pre- apertura con Cognetti apertura con Jodice\",\"datePublished\":\"2024-07-10T17:41:59+00:00\",\"dateModified\":\"2026-04-10T02:05:59+00:00\",\"mainEntityOfPage\":{\"@id\":\"https:\\\/\\\/cinema.video\\\/it\\\/piazza-grande-pre-apertura-con-cognetti-apertura-con-jodice\"},\"wordCount\":790,\"publisher\":{\"@id\":\"https:\\\/\\\/cinema.video\\\/it#organization\"},\"image\":{\"@id\":\"https:\\\/\\\/cinema.video\\\/it\\\/piazza-grande-pre-apertura-con-cognetti-apertura-con-jodice#primaryimage\"},\"thumbnailUrl\":\"https:\\\/\\\/cinema.video\\\/wp-content\\\/uploads\\\/2024\\\/07\\\/Deluge.jpeg\",\"keywords\":[\"FILM COMMISSION REGIONE CAMPANIA\",\"FILM COMMISSION TORINO PIEMONTE\",\"focus\",\"FONDAZIONE VENETO FILM COMMISSION\",\"VALLE D'AOSTA FILM COMMISSION\"],\"inLanguage\":\"it-IT\"},{\"@type\":\"WebPage\",\"@id\":\"https:\\\/\\\/cinema.video\\\/it\\\/piazza-grande-pre-apertura-con-cognetti-apertura-con-jodice\",\"url\":\"https:\\\/\\\/cinema.video\\\/it\\\/piazza-grande-pre-apertura-con-cognetti-apertura-con-jodice\",\"name\":\"PIAZZA GRANDE Pre- apertura con Cognetti apertura con Jodice - Cinema &amp; Video International\",\"isPartOf\":{\"@id\":\"https:\\\/\\\/cinema.video\\\/it#website\"},\"primaryImageOfPage\":{\"@id\":\"https:\\\/\\\/cinema.video\\\/it\\\/piazza-grande-pre-apertura-con-cognetti-apertura-con-jodice#primaryimage\"},\"image\":{\"@id\":\"https:\\\/\\\/cinema.video\\\/it\\\/piazza-grande-pre-apertura-con-cognetti-apertura-con-jodice#primaryimage\"},\"thumbnailUrl\":\"https:\\\/\\\/cinema.video\\\/wp-content\\\/uploads\\\/2024\\\/07\\\/Deluge.jpeg\",\"datePublished\":\"2024-07-10T17:41:59+00:00\",\"dateModified\":\"2026-04-10T02:05:59+00:00\",\"description\":\"PIAZZA GRANDE Pre- apertura con Cognetti apertura con Jodice \u2013 piazza grande pre apertura con cognetti. Apertura e pre-apertura con i film di Gianluca Jod\",\"breadcrumb\":{\"@id\":\"https:\\\/\\\/cinema.video\\\/it\\\/piazza-grande-pre-apertura-con-cognetti-apertura-con-jodice#breadcrumb\"},\"inLanguage\":\"it-IT\",\"potentialAction\":[{\"@type\":\"ReadAction\",\"target\":[\"https:\\\/\\\/cinema.video\\\/it\\\/piazza-grande-pre-apertura-con-cognetti-apertura-con-jodice\"]}]},{\"@type\":\"ImageObject\",\"inLanguage\":\"it-IT\",\"@id\":\"https:\\\/\\\/cinema.video\\\/it\\\/piazza-grande-pre-apertura-con-cognetti-apertura-con-jodice#primaryimage\",\"url\":\"https:\\\/\\\/cinema.video\\\/wp-content\\\/uploads\\\/2024\\\/07\\\/Deluge.jpeg\",\"contentUrl\":\"https:\\\/\\\/cinema.video\\\/wp-content\\\/uploads\\\/2024\\\/07\\\/Deluge.jpeg\",\"width\":1024,\"height\":576,\"caption\":\"\\\"Le D\u00e9luge\\\" di Gianluca Jodice aprir\u00e0 il 77\u00b0 Festival di Locarno in Piazza Grande.\"},{\"@type\":\"BreadcrumbList\",\"@id\":\"https:\\\/\\\/cinema.video\\\/it\\\/piazza-grande-pre-apertura-con-cognetti-apertura-con-jodice#breadcrumb\",\"itemListElement\":[{\"@type\":\"ListItem\",\"position\":1,\"name\":\"Home\",\"item\":\"https:\\\/\\\/cinema.video\\\/it\\\/home-2\"},{\"@type\":\"ListItem\",\"position\":2,\"name\":\"PIAZZA GRANDE Pre- apertura con Cognetti apertura con Jodice\"}]},{\"@type\":\"WebSite\",\"@id\":\"https:\\\/\\\/cinema.video\\\/it#website\",\"url\":\"https:\\\/\\\/cinema.video\\\/it\",\"name\":\"Cinema & Video International\",\"description\":\"Film &amp; Audiovisual Industry Trade Magazine\",\"publisher\":{\"@id\":\"https:\\\/\\\/cinema.video\\\/it#organization\"},\"alternateName\":\"Cinema & Video\",\"potentialAction\":[{\"@type\":\"SearchAction\",\"target\":{\"@type\":\"EntryPoint\",\"urlTemplate\":\"https:\\\/\\\/cinema.video\\\/it?s={search_term_string}\"},\"query-input\":{\"@type\":\"PropertyValueSpecification\",\"valueRequired\":true,\"valueName\":\"search_term_string\"}}],\"inLanguage\":\"it-IT\"},{\"@type\":\"Organization\",\"@id\":\"https:\\\/\\\/cinema.video\\\/it#organization\",\"name\":\"Cinema & Video\",\"url\":\"https:\\\/\\\/cinema.video\\\/it\",\"logo\":{\"@type\":\"ImageObject\",\"inLanguage\":\"it-IT\",\"@id\":\"https:\\\/\\\/cinema.video\\\/it#\\\/schema\\\/logo\\\/image\\\/\",\"url\":\"https:\\\/\\\/cinema.video\\\/wp-content\\\/uploads\\\/2026\\\/04\\\/CinemVideo_LogoBlack.png\",\"contentUrl\":\"https:\\\/\\\/cinema.video\\\/wp-content\\\/uploads\\\/2026\\\/04\\\/CinemVideo_LogoBlack.png\",\"width\":1336,\"height\":224,\"caption\":\"Cinema & Video\"},\"image\":{\"@id\":\"https:\\\/\\\/cinema.video\\\/it#\\\/schema\\\/logo\\\/image\\\/\"},\"sameAs\":[\"https:\\\/\\\/www.facebook.com\\\/CinemaVideoInternational\\\/\",\"https:\\\/\\\/www.instagram.com\\\/cinemaevideointernational\\\/\",\"https:\\\/\\\/it.linkedin.com\\\/company\\\/cinema-video-international\"],\"description\":\"Media Consulting & Marketing Agency\",\"email\":\"hello@darostudio.com\",\"legalName\":\"DARO studio LLC\",\"foundingDate\":\"2021-02-16\",\"numberOfEmployees\":{\"@type\":\"QuantitativeValue\",\"minValue\":\"1\",\"maxValue\":\"10\"}},{\"@type\":\"Person\",\"@id\":\"https:\\\/\\\/cinema.video\\\/it#\\\/schema\\\/person\\\/d5479fad8d0f2360000eb4aab6bb6e5d\",\"name\":\"Carolina Mancini\",\"image\":{\"@type\":\"ImageObject\",\"inLanguage\":\"it-IT\",\"@id\":\"https:\\\/\\\/secure.gravatar.com\\\/avatar\\\/d4758965c5e8730dbaaa7131a628547771a26c1e5bf14fe323d96f8246a62baf?s=96&d=mm&r=g\",\"url\":\"https:\\\/\\\/secure.gravatar.com\\\/avatar\\\/d4758965c5e8730dbaaa7131a628547771a26c1e5bf14fe323d96f8246a62baf?s=96&d=mm&r=g\",\"contentUrl\":\"https:\\\/\\\/secure.gravatar.com\\\/avatar\\\/d4758965c5e8730dbaaa7131a628547771a26c1e5bf14fe323d96f8246a62baf?s=96&d=mm&r=g\",\"caption\":\"Carolina Mancini\"},\"url\":\"https:\\\/\\\/cinema.video\\\/it\\\/author\\\/carolin\"}]}<\/script>\n<!-- \/ Yoast SEO Premium plugin. -->","yoast_head_json":{"title":"PIAZZA GRANDE Pre- apertura con Cognetti apertura con Jodice - Cinema &amp; Video International","description":"PIAZZA GRANDE Pre- apertura con Cognetti apertura con Jodice \u2013 piazza grande pre apertura con cognetti. Apertura e pre-apertura con i film di Gianluca Jod","robots":{"index":"index","follow":"follow","max-snippet":"max-snippet:-1","max-image-preview":"max-image-preview:large","max-video-preview":"max-video-preview:-1"},"canonical":"https:\/\/cinema.video\/it\/piazza-grande-pre-apertura-con-cognetti-apertura-con-jodice","og_locale":"it_IT","og_type":"article","og_title":"PIAZZA GRANDE Pre- apertura con Cognetti apertura con Jodice","og_description":"PIAZZA GRANDE Pre- apertura con Cognetti apertura con Jodice \u2013 piazza grande pre apertura con cognetti. Apertura e pre-apertura con i film di Gianluca Jod","og_url":"https:\/\/cinema.video\/it\/piazza-grande-pre-apertura-con-cognetti-apertura-con-jodice","og_site_name":"Cinema &amp; Video International","article_publisher":"https:\/\/www.facebook.com\/CinemaVideoInternational\/","article_published_time":"2024-07-10T17:41:59+00:00","article_modified_time":"2026-04-10T02:05:59+00:00","og_image":[{"width":1024,"height":576,"url":"https:\/\/cinema.video\/wp-content\/uploads\/2024\/07\/Deluge.jpeg","type":"image\/jpeg"}],"author":"Carolina Mancini","twitter_card":"summary_large_image","twitter_misc":{"Scritto da":"Carolina Mancini","Tempo di lettura stimato":"6 minuti"},"schema":{"@context":"https:\/\/schema.org","@graph":[{"@type":"Article","@id":"https:\/\/cinema.video\/it\/piazza-grande-pre-apertura-con-cognetti-apertura-con-jodice#article","isPartOf":{"@id":"https:\/\/cinema.video\/it\/piazza-grande-pre-apertura-con-cognetti-apertura-con-jodice"},"author":{"name":"Carolina Mancini","@id":"https:\/\/cinema.video\/it#\/schema\/person\/d5479fad8d0f2360000eb4aab6bb6e5d"},"headline":"PIAZZA GRANDE Pre- apertura con Cognetti apertura con Jodice","datePublished":"2024-07-10T17:41:59+00:00","dateModified":"2026-04-10T02:05:59+00:00","mainEntityOfPage":{"@id":"https:\/\/cinema.video\/it\/piazza-grande-pre-apertura-con-cognetti-apertura-con-jodice"},"wordCount":790,"publisher":{"@id":"https:\/\/cinema.video\/it#organization"},"image":{"@id":"https:\/\/cinema.video\/it\/piazza-grande-pre-apertura-con-cognetti-apertura-con-jodice#primaryimage"},"thumbnailUrl":"https:\/\/cinema.video\/wp-content\/uploads\/2024\/07\/Deluge.jpeg","keywords":["FILM COMMISSION REGIONE CAMPANIA","FILM COMMISSION TORINO PIEMONTE","focus","FONDAZIONE VENETO FILM COMMISSION","VALLE D'AOSTA FILM COMMISSION"],"inLanguage":"it-IT"},{"@type":"WebPage","@id":"https:\/\/cinema.video\/it\/piazza-grande-pre-apertura-con-cognetti-apertura-con-jodice","url":"https:\/\/cinema.video\/it\/piazza-grande-pre-apertura-con-cognetti-apertura-con-jodice","name":"PIAZZA GRANDE Pre- apertura con Cognetti apertura con Jodice - Cinema &amp; Video International","isPartOf":{"@id":"https:\/\/cinema.video\/it#website"},"primaryImageOfPage":{"@id":"https:\/\/cinema.video\/it\/piazza-grande-pre-apertura-con-cognetti-apertura-con-jodice#primaryimage"},"image":{"@id":"https:\/\/cinema.video\/it\/piazza-grande-pre-apertura-con-cognetti-apertura-con-jodice#primaryimage"},"thumbnailUrl":"https:\/\/cinema.video\/wp-content\/uploads\/2024\/07\/Deluge.jpeg","datePublished":"2024-07-10T17:41:59+00:00","dateModified":"2026-04-10T02:05:59+00:00","description":"PIAZZA GRANDE Pre- apertura con Cognetti apertura con Jodice \u2013 piazza grande pre apertura con cognetti. Apertura e pre-apertura con i film di Gianluca Jod","breadcrumb":{"@id":"https:\/\/cinema.video\/it\/piazza-grande-pre-apertura-con-cognetti-apertura-con-jodice#breadcrumb"},"inLanguage":"it-IT","potentialAction":[{"@type":"ReadAction","target":["https:\/\/cinema.video\/it\/piazza-grande-pre-apertura-con-cognetti-apertura-con-jodice"]}]},{"@type":"ImageObject","inLanguage":"it-IT","@id":"https:\/\/cinema.video\/it\/piazza-grande-pre-apertura-con-cognetti-apertura-con-jodice#primaryimage","url":"https:\/\/cinema.video\/wp-content\/uploads\/2024\/07\/Deluge.jpeg","contentUrl":"https:\/\/cinema.video\/wp-content\/uploads\/2024\/07\/Deluge.jpeg","width":1024,"height":576,"caption":"\"Le D\u00e9luge\" di Gianluca Jodice aprir\u00e0 il 77\u00b0 Festival di Locarno in Piazza Grande."},{"@type":"BreadcrumbList","@id":"https:\/\/cinema.video\/it\/piazza-grande-pre-apertura-con-cognetti-apertura-con-jodice#breadcrumb","itemListElement":[{"@type":"ListItem","position":1,"name":"Home","item":"https:\/\/cinema.video\/it\/home-2"},{"@type":"ListItem","position":2,"name":"PIAZZA GRANDE Pre- apertura con Cognetti apertura con Jodice"}]},{"@type":"WebSite","@id":"https:\/\/cinema.video\/it#website","url":"https:\/\/cinema.video\/it","name":"Cinema & Video International","description":"Film &amp; Audiovisual Industry Trade Magazine","publisher":{"@id":"https:\/\/cinema.video\/it#organization"},"alternateName":"Cinema & Video","potentialAction":[{"@type":"SearchAction","target":{"@type":"EntryPoint","urlTemplate":"https:\/\/cinema.video\/it?s={search_term_string}"},"query-input":{"@type":"PropertyValueSpecification","valueRequired":true,"valueName":"search_term_string"}}],"inLanguage":"it-IT"},{"@type":"Organization","@id":"https:\/\/cinema.video\/it#organization","name":"Cinema & Video","url":"https:\/\/cinema.video\/it","logo":{"@type":"ImageObject","inLanguage":"it-IT","@id":"https:\/\/cinema.video\/it#\/schema\/logo\/image\/","url":"https:\/\/cinema.video\/wp-content\/uploads\/2026\/04\/CinemVideo_LogoBlack.png","contentUrl":"https:\/\/cinema.video\/wp-content\/uploads\/2026\/04\/CinemVideo_LogoBlack.png","width":1336,"height":224,"caption":"Cinema & Video"},"image":{"@id":"https:\/\/cinema.video\/it#\/schema\/logo\/image\/"},"sameAs":["https:\/\/www.facebook.com\/CinemaVideoInternational\/","https:\/\/www.instagram.com\/cinemaevideointernational\/","https:\/\/it.linkedin.com\/company\/cinema-video-international"],"description":"Media Consulting & Marketing Agency","email":"hello@darostudio.com","legalName":"DARO studio LLC","foundingDate":"2021-02-16","numberOfEmployees":{"@type":"QuantitativeValue","minValue":"1","maxValue":"10"}},{"@type":"Person","@id":"https:\/\/cinema.video\/it#\/schema\/person\/d5479fad8d0f2360000eb4aab6bb6e5d","name":"Carolina Mancini","image":{"@type":"ImageObject","inLanguage":"it-IT","@id":"https:\/\/secure.gravatar.com\/avatar\/d4758965c5e8730dbaaa7131a628547771a26c1e5bf14fe323d96f8246a62baf?s=96&d=mm&r=g","url":"https:\/\/secure.gravatar.com\/avatar\/d4758965c5e8730dbaaa7131a628547771a26c1e5bf14fe323d96f8246a62baf?s=96&d=mm&r=g","contentUrl":"https:\/\/secure.gravatar.com\/avatar\/d4758965c5e8730dbaaa7131a628547771a26c1e5bf14fe323d96f8246a62baf?s=96&d=mm&r=g","caption":"Carolina Mancini"},"url":"https:\/\/cinema.video\/it\/author\/carolin"}]}},"jetpack_featured_media_url":"https:\/\/cinema.video\/wp-content\/uploads\/2024\/07\/Deluge.jpeg","jetpack_shortlink":"https:\/\/wp.me\/ph672m-1fse","_links":{"self":[{"href":"https:\/\/cinema.video\/it\/wp-json\/wp\/v2\/posts\/297738","targetHints":{"allow":["GET"]}}],"collection":[{"href":"https:\/\/cinema.video\/it\/wp-json\/wp\/v2\/posts"}],"about":[{"href":"https:\/\/cinema.video\/it\/wp-json\/wp\/v2\/types\/post"}],"author":[{"embeddable":true,"href":"https:\/\/cinema.video\/it\/wp-json\/wp\/v2\/users\/2"}],"replies":[{"embeddable":true,"href":"https:\/\/cinema.video\/it\/wp-json\/wp\/v2\/comments?post=297738"}],"version-history":[{"count":1,"href":"https:\/\/cinema.video\/it\/wp-json\/wp\/v2\/posts\/297738\/revisions"}],"predecessor-version":[{"id":309409,"href":"https:\/\/cinema.video\/it\/wp-json\/wp\/v2\/posts\/297738\/revisions\/309409"}],"wp:featuredmedia":[{"embeddable":true,"href":"https:\/\/cinema.video\/it\/wp-json\/wp\/v2\/media\/297742"}],"wp:attachment":[{"href":"https:\/\/cinema.video\/it\/wp-json\/wp\/v2\/media?parent=297738"}],"wp:term":[{"taxonomy":"category","embeddable":true,"href":"https:\/\/cinema.video\/it\/wp-json\/wp\/v2\/categories?post=297738"},{"taxonomy":"post_tag","embeddable":true,"href":"https:\/\/cinema.video\/it\/wp-json\/wp\/v2\/tags?post=297738"}],"curies":[{"name":"wp","href":"https:\/\/api.w.org\/{rel}","templated":true}]}}