{"id":297644,"date":"2024-07-03T21:10:19","date_gmt":"2024-07-03T19:10:19","guid":{"rendered":"https:\/\/cinema.video\/?p=297644"},"modified":"2026-04-10T04:05:57","modified_gmt":"2026-04-10T02:05:57","slug":"pubblico-in-sala-fantoni-i-giovani-sono-tornati-al-cinema","status":"publish","type":"post","link":"https:\/\/cinema.video\/it\/pubblico-in-sala-fantoni-i-giovani-sono-tornati-al-cinema","title":{"rendered":"PUBBLICO IN SALA Fantoni i giovani sono tornati al cinema"},"content":{"rendered":"\n<p class=\"wp-block-paragraph\">\u201cMai come quest\u2019anno ho avuto la sensazione di aver trovato il canale per rivolgermi ai giovani. I film che normalmente erano rivolti a pubblico maturo hanno parlato ai giovani: adesso gli spettacoli serali, che non sono mai stati forti nel mio cinema, sono pieni di 25-30enni. \u00c9 una tendenza iniziata timidamente nel 2021, e poi si \u00e8 pian piano rafforzata finch\u00e9 quest\u2019anno \u00e8 cambiato decisamente il vento.\u201d<\/p>\n\n\n\n<p class=\"wp-block-paragraph\">Con queste parole, <strong>Giuliana Fantoni<\/strong>, la nuova presidente <strong>FICE<\/strong>, ed Esercente del <strong>Cinema Edera di Treviso<\/strong> ha portato una ventata di ottimismo all\u2019intento del convegno che ha aperto Cin\u00e8, ieri, 2 luglio, organizzato da Box Office, e dedicato proprio al <strong>Pubblico in Sala tra Rivelazioni al Box Office, Case History e Scommesse per il Futuro<\/strong><\/p>\n\n\n\n<p class=\"wp-block-paragraph\">\u201cCi sono state delle sorprese clamorose, a cui, se non fossi stata personalmente\u00a0 in cassa non avrei creduto, come la presenza di oltre 80 ragazzi alla proiezione delle 21.45 del 2 aprile de <strong><em>L\u2019Arpa Birmana<\/em><\/strong><em>. <\/em>Ho notato che molti giovani hanno atteggiamenti da cinefili (chiamano <em>L\u2019Odio<\/em> <em>La Heine<\/em>, chiedono un biglietto per \u2018 Wim Wenders\u2019, o &#8216;Wes Anderson\u2019 al posto di dire i titoli dei film: ci tengono a mostrare che non sono al cinema per caso ma hanno dei gusti precisi che\u00a0 poi raccontano con i social. Un fenomeno c da nutrire, assecondare e cavalcare.\u201d<\/p>\n\n\n\n<p class=\"wp-block-paragraph\">I ragazzi, in particolare il \u2018pericoloso target\u2019 14-25 ha sorpreso molto a casa Sony con i risultati del film<strong><em> Tutti tranne te,<\/em><\/strong> \u201csu un genere altrettanto pericoloso, quello della commedia romantica&nbsp; che una decina d\u2019anni a questa parte funziona poco\u201d dice <strong>Alessia Garulli<\/strong>, VP Marketing &amp; Distribution d<strong>i Sony Pictures <\/strong>Product. Prodotto con un budget di 25 milioni di dollari, ne ha&nbsp; incassati oltre 220 milioni nel mondo. In USA i tiepidi 6 milioni dell\u2019apertura si sono poi trasformati in 88, grazie alle video views su&nbsp; TikTok: fenomeno partito da un contenuto postato dalla protagonista del film, Sydney Sweeney e basato sulla&nbsp; canzone <em>Unwritten<\/em>, del 2004: le visualizzazioni sono cresciute esponenzialmente, assieme al box office.&nbsp;<\/p>\n\n\n\n<p class=\"wp-block-paragraph\">In Italia, i 1,2 milioni in apertura sono diventati\u00a0 6 milioni in chiusura: la migliore commedia romantica dopo <em>To Rome with Love<\/em> del 2012. I giovani hanno amato la leggerezza, l\u2019atmosfera nostalgica (la nostalgia \u00e8 uno degli atteggiamenti tipici della generazione Z, spiega Garulli).<\/p>\n\n\n\n<figure class=\"wp-block-image size-large\"><img loading=\"lazy\" decoding=\"async\" width=\"1024\" height=\"768\" src=\"https:\/\/cinema.video\/wp-content\/uploads\/2024\/07\/Convegno-B.O-1024x768.jpeg\" alt=\"\" class=\"wp-image-297646\"\/><\/figure>\n\n\n\n<p class=\"wp-block-paragraph\">Alla <strong>Eagle Pictures<\/strong> hanno puntato anche su un target di giovani per il biopic su <strong><em>Bob Marley- One Love<\/em><\/strong>, cantante sconosciuto alla maggior parte di loro, attraverso azioni di marketing non convenzionali. Come quella di portare una&nbsp; chitarra gigante in in piazza Duomo a Milano, all\u2019alba, il tutto ricreato con l\u2019intelligenza artificiale: anche grazie al dubbio sulla realt\u00e0 dell\u2019operazione, c\u2019\u00e8 stata un\u2019estesa copertura sui media e un\u2019inaspettata condivisione sui social&nbsp;<\/p>\n\n\n\n<p class=\"wp-block-paragraph\">A questa si \u00e8 aggiunta un\u2019azione che <strong>Federica Diomei<\/strong>, Direttrice Marketing Eagle Pictures, definisce di \u201cdominazione non convenzionale del Festival di Sanremo: abbiamo presidiato la citt\u00e0, in prtnership con RDS, chiedendo alle persone di cantare canzoni e creando contenuti che poi sono diventati virali sulle nostre piattaforme. E presidiando anche Rai Play, il 6 febbraio, giorno di inizio del festival e compleanno di Bob Marley, per ribadire la vicinanza fra i due eventi,&nbsp; con uno spot che ha generato molte visualizzazioni.&nbsp;<\/p>\n\n\n\n<p class=\"wp-block-paragraph\">E poi le anteprime&nbsp; in musica in alcune sale: aperitivi con dj-set, partecipazione di musicisti, cabine karaoke per creators e spettatori\u2026&nbsp; Tutto questo ha contribuito a rendere <em>One Love<\/em> il miglior biopic 2024, la migliore apertura di un biopic dopo <em>Bohemian Rapsody, con un box office totale di 3 milioni di euro.<\/em><\/p>\n\n\n\n<p class=\"wp-block-paragraph\">Sono varie le esperienze di collaborazione con le sale per la costruzione di esperienze che vadano oltre il cinema, sconfinando nel mondo della musica: <strong>Arturo De Simone<\/strong>, direttore marketing e distribuzione digitale per l\u2019Italia e la Spagna di <strong>Warner Bros. Discovery,<\/strong> cita quella <strong><em>Liberato<\/em><\/strong>, esempio di \u201ccome si porta al cinema non un concerto di Liberato ma un\u2019altra cosa che ha a che fare con quel mondo e con quel personaggio\u201d.<\/p>\n\n\n\n<p class=\"wp-block-paragraph\">Altro caso \u00e8 il biopic su Amy Whynhouse, <strong><em>Back to Black<\/em><\/strong>, per il quale alla <strong>Universal Pictures,<\/strong> \u201cguardando anche al lavoro fatto di Federica con <em>Marley<\/em>&#8211; , spiega la direttrice marketing <strong>Giorgia Di Cristo, &#8211;<\/strong>abbiamo&nbsp; puntato decisamente sulle sale, luogo dove il pubblico si sente a casa ma dove anche pu\u00f2 vivere un\u2019esperienza unica.\u201d&nbsp; Che in questo caso \u00e8 stata portare un pianoforte in sala per&nbsp; un concerto organizzato con <strong>Candle Light,<\/strong> azienda specializzata in concerti di musica classica in luoghi speciali come chiese sconsacrate, siti archeologici\u2026Un concerto, al <strong>Cinema 4 Fontane<\/strong>, che apriva l\u2019anteprima del film&nbsp; con migliaia di candele: l\u2019evento ha generato un incredibile passaparola, unito alla creazione di contenuti sull\u2019evento stesso, realizzati da creators che hanno lavorato sul target pi\u00f9 giovane.<\/p>\n\n\n\n<p class=\"wp-block-paragraph\">Altro ambito fertile \u00e8 quello dell\u2019animazione . Giorgia Di Cristo ha parlato anche del lancio di <strong><em>Kung Fu Panda 4<\/em>,<\/strong> dove \u201cabbiamo riprodotto in 3 sale cinematografiche, una piccola parte, dedicata alla franchise, della grande mostra su Dreamworks allestita all\u2019Auditorium Parco della Musica di Roma che ha avuto oltre 20 mila visitatori.\u201d<\/p>\n\n\n\n<p class=\"wp-block-paragraph\">Un titolo di animazione che ha portato grandi sorprese \u00e8<strong><em>Il Ragazzo e l\u2019Airone<\/em><\/strong>, una delle fortunate release <strong>Lucky Red,<\/strong>&nbsp; che all\u2019inizio dell\u2019 anno hanno trainato il mercato portando al cinema oltre 4 milioni di spettatori. Quello di Myazaki \u00e8 uno dei diversi titoli che partivano da un target di appartenenza molto specifico (\u00e8 quasi un anime) e che poi \u00e8 riuscito a allargare la sua base e diventare mainstream, dice <strong>Gabriele D\u2019Andrea<\/strong>, Direttore Theatrical della societ\u00e0: \u201cL\u2019uscita de <em>Il ragazzo e l\u2019Airone<\/em> ha portato anche all\u2019apertura di un Pop Up store a Lucca dove abbiamo venduto merchandising di Studio Ghibli. Un grande successo, e una nuova modalit\u00e0 per Lucky Red, che dal 15 giugno ha attivato uno&nbsp; store Lucky Red Studio Ghibli online.\u201d<\/p>\n\n\n\n<p class=\"wp-block-paragraph\">Altra novit\u00e0 nel rapporto con gli spettatori e le sale sono state le anteprime in diretta streaming: la prima \u00e8 stata quella del film di<strong><em> Coup de Chance<\/em><\/strong> di Woody Allen organizzata dal Cinema 4 Fontane subito dopo la Mostra di Venezia, vari mesi prima dell\u2019uscita. E ancora, aver portato Ken Loach allo <strong>Spin Time<\/strong> a Santa Croce in Gerusalemme, \u201cluogo sicuramente irrituale, che \u00e8 stata un\u2019esperienza fantastica di contatto con il pubblico, dove noi distributori cerchiamo di essere quasi invisibili per favorire il rapporto diretto fra opera e pubblico.- Continua D\u2019Andrea-&nbsp;<\/p>\n\n\n\n<p class=\"wp-block-paragraph\">Uno dei punti pi\u00f9 interessanti emersi a Cineurope di Barcellona \u00e8 stato proprio che il marketing per il cinema deve puntare a far diventare lo spettatore parte dell\u2019esperienza. Altro tema \u00e8 la necessit\u00e0 di avere una&nbsp; coerenza e costanza di offerta per tutte tipologie di pubblico.\u201d<\/p>\n\n\n\n<p class=\"wp-block-paragraph\">Per questo, ricorda Giuliana Fantoni, in chiusura del suo intervento, \u00e8 \u201cfondamentale la multi programmazione: l\u2019 unico modo per alimentare il pubblico in tutte le sue fasce.\u201d<\/p>\n","protected":false},"excerpt":{"rendered":"<p> Con queste parole, Giuliana Fantoni, la nuova presidente FICE, ed Esercente del Cinema Edera di Treviso ha portato una ventata di ottimismo all\u2019intento del convegno che ha aperto Cin\u00e8, ieri, 2 luglio, organizzato da Box Office, e dedicato proprio al Pubblico in Sala tra Rivelazioni al Box Office, Case History e Scommesse per il Futuro<\/p>\n","protected":false},"author":2,"featured_media":297645,"comment_status":"closed","ping_status":"closed","sticky":false,"template":"","format":"standard","meta":{"googlesitekit_rrm_CAow3e7fCw:productID":"","_crdt_document":"","footnotes":""},"categories":[1],"tags":[208,356,478,1203,445,2316],"class_list":{"0":"post-297644","1":"post","2":"type-post","3":"status-publish","4":"format-standard","5":"has-post-thumbnail","7":"category-senza-categoria","8":"tag-fice","9":"tag-focus","10":"tag-lucky-red","11":"tag-sony-pictures-international-productions","12":"tag-universal","13":"tag-wbd"},"yoast_head":"<!-- This site is optimized with the Yoast SEO Premium plugin v27.4 (Yoast SEO v27.4) - https:\/\/yoast.com\/product\/yoast-seo-premium-wordpress\/ -->\n<title>PUBBLICO IN SALA Fantoni i giovani sono tornati al cinema - Cinema &amp; Video International<\/title>\n<meta name=\"description\" content=\"PUBBLICO IN SALA Fantoni i giovani sono tornati al cinema \u2013 pubblico in sala fantoni i giovani. \u201cMai come quest\u2019anno ho avuto la sensazione di aver trovat\" \/>\n<meta name=\"robots\" content=\"index, follow, max-snippet:-1, max-image-preview:large, max-video-preview:-1\" \/>\n<link rel=\"canonical\" href=\"https:\/\/cinema.video\/it\/pubblico-in-sala-fantoni-i-giovani-sono-tornati-al-cinema\" \/>\n<meta property=\"og:locale\" content=\"it_IT\" \/>\n<meta property=\"og:type\" content=\"article\" \/>\n<meta property=\"og:title\" content=\"PUBBLICO IN SALA Fantoni i giovani sono tornati al cinema\" \/>\n<meta property=\"og:description\" content=\"PUBBLICO IN SALA Fantoni i giovani sono tornati al cinema \u2013 pubblico in sala fantoni i giovani. \u201cMai come quest\u2019anno ho avuto la sensazione di aver trovat\" \/>\n<meta property=\"og:url\" content=\"https:\/\/cinema.video\/it\/pubblico-in-sala-fantoni-i-giovani-sono-tornati-al-cinema\" \/>\n<meta property=\"og:site_name\" content=\"Cinema &amp; Video International\" \/>\n<meta property=\"article:publisher\" content=\"https:\/\/www.facebook.com\/CinemaVideoInternational\/\" \/>\n<meta property=\"article:published_time\" content=\"2024-07-03T19:10:19+00:00\" \/>\n<meta property=\"article:modified_time\" content=\"2026-04-10T02:05:57+00:00\" \/>\n<meta property=\"og:image\" content=\"https:\/\/cinema.video\/wp-content\/uploads\/2024\/07\/Fantoni-scaled-e1720033582902.jpg\" \/>\n\t<meta property=\"og:image:width\" content=\"800\" \/>\n\t<meta property=\"og:image:height\" content=\"600\" \/>\n\t<meta property=\"og:image:type\" content=\"image\/jpeg\" \/>\n<meta name=\"author\" content=\"Carolina Mancini\" \/>\n<meta name=\"twitter:card\" content=\"summary_large_image\" \/>\n<meta name=\"twitter:label1\" content=\"Scritto da\" \/>\n\t<meta name=\"twitter:data1\" content=\"Carolina Mancini\" \/>\n\t<meta name=\"twitter:label2\" content=\"Tempo di lettura stimato\" \/>\n\t<meta name=\"twitter:data2\" content=\"7 minuti\" \/>\n<script type=\"application\/ld+json\" class=\"yoast-schema-graph\">{\"@context\":\"https:\\\/\\\/schema.org\",\"@graph\":[{\"@type\":\"Article\",\"@id\":\"https:\\\/\\\/cinema.video\\\/it\\\/pubblico-in-sala-fantoni-i-giovani-sono-tornati-al-cinema#article\",\"isPartOf\":{\"@id\":\"https:\\\/\\\/cinema.video\\\/it\\\/pubblico-in-sala-fantoni-i-giovani-sono-tornati-al-cinema\"},\"author\":{\"name\":\"Carolina Mancini\",\"@id\":\"https:\\\/\\\/cinema.video\\\/it#\\\/schema\\\/person\\\/d5479fad8d0f2360000eb4aab6bb6e5d\"},\"headline\":\"PUBBLICO IN SALA Fantoni i giovani sono tornati al cinema\",\"datePublished\":\"2024-07-03T19:10:19+00:00\",\"dateModified\":\"2026-04-10T02:05:57+00:00\",\"mainEntityOfPage\":{\"@id\":\"https:\\\/\\\/cinema.video\\\/it\\\/pubblico-in-sala-fantoni-i-giovani-sono-tornati-al-cinema\"},\"wordCount\":1137,\"publisher\":{\"@id\":\"https:\\\/\\\/cinema.video\\\/it#organization\"},\"image\":{\"@id\":\"https:\\\/\\\/cinema.video\\\/it\\\/pubblico-in-sala-fantoni-i-giovani-sono-tornati-al-cinema#primaryimage\"},\"thumbnailUrl\":\"https:\\\/\\\/cinema.video\\\/wp-content\\\/uploads\\\/2024\\\/07\\\/Fantoni-scaled-e1720033582902.jpg\",\"keywords\":[\"FICE\",\"focus\",\"Lucky Red\",\"SONY\",\"UNIVERSAL\",\"WBD\"],\"inLanguage\":\"it-IT\"},{\"@type\":\"WebPage\",\"@id\":\"https:\\\/\\\/cinema.video\\\/it\\\/pubblico-in-sala-fantoni-i-giovani-sono-tornati-al-cinema\",\"url\":\"https:\\\/\\\/cinema.video\\\/it\\\/pubblico-in-sala-fantoni-i-giovani-sono-tornati-al-cinema\",\"name\":\"PUBBLICO IN SALA Fantoni i giovani sono tornati al cinema - Cinema &amp; Video International\",\"isPartOf\":{\"@id\":\"https:\\\/\\\/cinema.video\\\/it#website\"},\"primaryImageOfPage\":{\"@id\":\"https:\\\/\\\/cinema.video\\\/it\\\/pubblico-in-sala-fantoni-i-giovani-sono-tornati-al-cinema#primaryimage\"},\"image\":{\"@id\":\"https:\\\/\\\/cinema.video\\\/it\\\/pubblico-in-sala-fantoni-i-giovani-sono-tornati-al-cinema#primaryimage\"},\"thumbnailUrl\":\"https:\\\/\\\/cinema.video\\\/wp-content\\\/uploads\\\/2024\\\/07\\\/Fantoni-scaled-e1720033582902.jpg\",\"datePublished\":\"2024-07-03T19:10:19+00:00\",\"dateModified\":\"2026-04-10T02:05:57+00:00\",\"description\":\"PUBBLICO IN SALA Fantoni i giovani sono tornati al cinema \u2013 pubblico in sala fantoni i giovani. \u201cMai come quest\u2019anno ho avuto la sensazione di aver trovat\",\"breadcrumb\":{\"@id\":\"https:\\\/\\\/cinema.video\\\/it\\\/pubblico-in-sala-fantoni-i-giovani-sono-tornati-al-cinema#breadcrumb\"},\"inLanguage\":\"it-IT\",\"potentialAction\":[{\"@type\":\"ReadAction\",\"target\":[\"https:\\\/\\\/cinema.video\\\/it\\\/pubblico-in-sala-fantoni-i-giovani-sono-tornati-al-cinema\"]}]},{\"@type\":\"ImageObject\",\"inLanguage\":\"it-IT\",\"@id\":\"https:\\\/\\\/cinema.video\\\/it\\\/pubblico-in-sala-fantoni-i-giovani-sono-tornati-al-cinema#primaryimage\",\"url\":\"https:\\\/\\\/cinema.video\\\/wp-content\\\/uploads\\\/2024\\\/07\\\/Fantoni-scaled-e1720033582902.jpg\",\"contentUrl\":\"https:\\\/\\\/cinema.video\\\/wp-content\\\/uploads\\\/2024\\\/07\\\/Fantoni-scaled-e1720033582902.jpg\",\"width\":800,\"height\":600,\"caption\":\"\\\"i giovani sono tornati in sala\\\": lo ha detto Giuliana Fantoni nuova presidente FICE al convegno di apertura di Cin\u00e9\"},{\"@type\":\"BreadcrumbList\",\"@id\":\"https:\\\/\\\/cinema.video\\\/it\\\/pubblico-in-sala-fantoni-i-giovani-sono-tornati-al-cinema#breadcrumb\",\"itemListElement\":[{\"@type\":\"ListItem\",\"position\":1,\"name\":\"Home\",\"item\":\"https:\\\/\\\/cinema.video\\\/it\\\/home-2\"},{\"@type\":\"ListItem\",\"position\":2,\"name\":\"PUBBLICO IN SALA Fantoni i giovani sono tornati al cinema\"}]},{\"@type\":\"WebSite\",\"@id\":\"https:\\\/\\\/cinema.video\\\/it#website\",\"url\":\"https:\\\/\\\/cinema.video\\\/it\",\"name\":\"Cinema & Video International\",\"description\":\"Film &amp; Audiovisual Industry Trade Magazine\",\"publisher\":{\"@id\":\"https:\\\/\\\/cinema.video\\\/it#organization\"},\"alternateName\":\"Cinema & Video\",\"potentialAction\":[{\"@type\":\"SearchAction\",\"target\":{\"@type\":\"EntryPoint\",\"urlTemplate\":\"https:\\\/\\\/cinema.video\\\/it?s={search_term_string}\"},\"query-input\":{\"@type\":\"PropertyValueSpecification\",\"valueRequired\":true,\"valueName\":\"search_term_string\"}}],\"inLanguage\":\"it-IT\"},{\"@type\":\"Organization\",\"@id\":\"https:\\\/\\\/cinema.video\\\/it#organization\",\"name\":\"Cinema & Video\",\"url\":\"https:\\\/\\\/cinema.video\\\/it\",\"logo\":{\"@type\":\"ImageObject\",\"inLanguage\":\"it-IT\",\"@id\":\"https:\\\/\\\/cinema.video\\\/it#\\\/schema\\\/logo\\\/image\\\/\",\"url\":\"https:\\\/\\\/cinema.video\\\/wp-content\\\/uploads\\\/2026\\\/04\\\/CinemVideo_LogoBlack.png\",\"contentUrl\":\"https:\\\/\\\/cinema.video\\\/wp-content\\\/uploads\\\/2026\\\/04\\\/CinemVideo_LogoBlack.png\",\"width\":1336,\"height\":224,\"caption\":\"Cinema & Video\"},\"image\":{\"@id\":\"https:\\\/\\\/cinema.video\\\/it#\\\/schema\\\/logo\\\/image\\\/\"},\"sameAs\":[\"https:\\\/\\\/www.facebook.com\\\/CinemaVideoInternational\\\/\",\"https:\\\/\\\/www.instagram.com\\\/cinemaevideointernational\\\/\",\"https:\\\/\\\/it.linkedin.com\\\/company\\\/cinema-video-international\"],\"description\":\"Media Consulting & Marketing Agency\",\"email\":\"hello@darostudio.com\",\"legalName\":\"DARO studio LLC\",\"foundingDate\":\"2021-02-16\",\"numberOfEmployees\":{\"@type\":\"QuantitativeValue\",\"minValue\":\"1\",\"maxValue\":\"10\"}},{\"@type\":\"Person\",\"@id\":\"https:\\\/\\\/cinema.video\\\/it#\\\/schema\\\/person\\\/d5479fad8d0f2360000eb4aab6bb6e5d\",\"name\":\"Carolina Mancini\",\"image\":{\"@type\":\"ImageObject\",\"inLanguage\":\"it-IT\",\"@id\":\"https:\\\/\\\/secure.gravatar.com\\\/avatar\\\/d4758965c5e8730dbaaa7131a628547771a26c1e5bf14fe323d96f8246a62baf?s=96&d=mm&r=g\",\"url\":\"https:\\\/\\\/secure.gravatar.com\\\/avatar\\\/d4758965c5e8730dbaaa7131a628547771a26c1e5bf14fe323d96f8246a62baf?s=96&d=mm&r=g\",\"contentUrl\":\"https:\\\/\\\/secure.gravatar.com\\\/avatar\\\/d4758965c5e8730dbaaa7131a628547771a26c1e5bf14fe323d96f8246a62baf?s=96&d=mm&r=g\",\"caption\":\"Carolina Mancini\"},\"url\":\"https:\\\/\\\/cinema.video\\\/it\\\/author\\\/carolin\"}]}<\/script>\n<!-- \/ Yoast SEO Premium plugin. -->","yoast_head_json":{"title":"PUBBLICO IN SALA Fantoni i giovani sono tornati al cinema - Cinema &amp; Video International","description":"PUBBLICO IN SALA Fantoni i giovani sono tornati al cinema \u2013 pubblico in sala fantoni i giovani. \u201cMai come quest\u2019anno ho avuto la sensazione di aver trovat","robots":{"index":"index","follow":"follow","max-snippet":"max-snippet:-1","max-image-preview":"max-image-preview:large","max-video-preview":"max-video-preview:-1"},"canonical":"https:\/\/cinema.video\/it\/pubblico-in-sala-fantoni-i-giovani-sono-tornati-al-cinema","og_locale":"it_IT","og_type":"article","og_title":"PUBBLICO IN SALA Fantoni i giovani sono tornati al cinema","og_description":"PUBBLICO IN SALA Fantoni i giovani sono tornati al cinema \u2013 pubblico in sala fantoni i giovani. \u201cMai come quest\u2019anno ho avuto la sensazione di aver trovat","og_url":"https:\/\/cinema.video\/it\/pubblico-in-sala-fantoni-i-giovani-sono-tornati-al-cinema","og_site_name":"Cinema &amp; Video International","article_publisher":"https:\/\/www.facebook.com\/CinemaVideoInternational\/","article_published_time":"2024-07-03T19:10:19+00:00","article_modified_time":"2026-04-10T02:05:57+00:00","og_image":[{"width":800,"height":600,"url":"https:\/\/cinema.video\/wp-content\/uploads\/2024\/07\/Fantoni-scaled-e1720033582902.jpg","type":"image\/jpeg"}],"author":"Carolina Mancini","twitter_card":"summary_large_image","twitter_misc":{"Scritto da":"Carolina Mancini","Tempo di lettura stimato":"7 minuti"},"schema":{"@context":"https:\/\/schema.org","@graph":[{"@type":"Article","@id":"https:\/\/cinema.video\/it\/pubblico-in-sala-fantoni-i-giovani-sono-tornati-al-cinema#article","isPartOf":{"@id":"https:\/\/cinema.video\/it\/pubblico-in-sala-fantoni-i-giovani-sono-tornati-al-cinema"},"author":{"name":"Carolina Mancini","@id":"https:\/\/cinema.video\/it#\/schema\/person\/d5479fad8d0f2360000eb4aab6bb6e5d"},"headline":"PUBBLICO IN SALA Fantoni i giovani sono tornati al cinema","datePublished":"2024-07-03T19:10:19+00:00","dateModified":"2026-04-10T02:05:57+00:00","mainEntityOfPage":{"@id":"https:\/\/cinema.video\/it\/pubblico-in-sala-fantoni-i-giovani-sono-tornati-al-cinema"},"wordCount":1137,"publisher":{"@id":"https:\/\/cinema.video\/it#organization"},"image":{"@id":"https:\/\/cinema.video\/it\/pubblico-in-sala-fantoni-i-giovani-sono-tornati-al-cinema#primaryimage"},"thumbnailUrl":"https:\/\/cinema.video\/wp-content\/uploads\/2024\/07\/Fantoni-scaled-e1720033582902.jpg","keywords":["FICE","focus","Lucky Red","SONY","UNIVERSAL","WBD"],"inLanguage":"it-IT"},{"@type":"WebPage","@id":"https:\/\/cinema.video\/it\/pubblico-in-sala-fantoni-i-giovani-sono-tornati-al-cinema","url":"https:\/\/cinema.video\/it\/pubblico-in-sala-fantoni-i-giovani-sono-tornati-al-cinema","name":"PUBBLICO IN SALA Fantoni i giovani sono tornati al cinema - Cinema &amp; Video International","isPartOf":{"@id":"https:\/\/cinema.video\/it#website"},"primaryImageOfPage":{"@id":"https:\/\/cinema.video\/it\/pubblico-in-sala-fantoni-i-giovani-sono-tornati-al-cinema#primaryimage"},"image":{"@id":"https:\/\/cinema.video\/it\/pubblico-in-sala-fantoni-i-giovani-sono-tornati-al-cinema#primaryimage"},"thumbnailUrl":"https:\/\/cinema.video\/wp-content\/uploads\/2024\/07\/Fantoni-scaled-e1720033582902.jpg","datePublished":"2024-07-03T19:10:19+00:00","dateModified":"2026-04-10T02:05:57+00:00","description":"PUBBLICO IN SALA Fantoni i giovani sono tornati al cinema \u2013 pubblico in sala fantoni i giovani. \u201cMai come quest\u2019anno ho avuto la sensazione di aver trovat","breadcrumb":{"@id":"https:\/\/cinema.video\/it\/pubblico-in-sala-fantoni-i-giovani-sono-tornati-al-cinema#breadcrumb"},"inLanguage":"it-IT","potentialAction":[{"@type":"ReadAction","target":["https:\/\/cinema.video\/it\/pubblico-in-sala-fantoni-i-giovani-sono-tornati-al-cinema"]}]},{"@type":"ImageObject","inLanguage":"it-IT","@id":"https:\/\/cinema.video\/it\/pubblico-in-sala-fantoni-i-giovani-sono-tornati-al-cinema#primaryimage","url":"https:\/\/cinema.video\/wp-content\/uploads\/2024\/07\/Fantoni-scaled-e1720033582902.jpg","contentUrl":"https:\/\/cinema.video\/wp-content\/uploads\/2024\/07\/Fantoni-scaled-e1720033582902.jpg","width":800,"height":600,"caption":"\"i giovani sono tornati in sala\": lo ha detto Giuliana Fantoni nuova presidente FICE al convegno di apertura di Cin\u00e9"},{"@type":"BreadcrumbList","@id":"https:\/\/cinema.video\/it\/pubblico-in-sala-fantoni-i-giovani-sono-tornati-al-cinema#breadcrumb","itemListElement":[{"@type":"ListItem","position":1,"name":"Home","item":"https:\/\/cinema.video\/it\/home-2"},{"@type":"ListItem","position":2,"name":"PUBBLICO IN SALA Fantoni i giovani sono tornati al cinema"}]},{"@type":"WebSite","@id":"https:\/\/cinema.video\/it#website","url":"https:\/\/cinema.video\/it","name":"Cinema & Video International","description":"Film &amp; Audiovisual Industry Trade Magazine","publisher":{"@id":"https:\/\/cinema.video\/it#organization"},"alternateName":"Cinema & Video","potentialAction":[{"@type":"SearchAction","target":{"@type":"EntryPoint","urlTemplate":"https:\/\/cinema.video\/it?s={search_term_string}"},"query-input":{"@type":"PropertyValueSpecification","valueRequired":true,"valueName":"search_term_string"}}],"inLanguage":"it-IT"},{"@type":"Organization","@id":"https:\/\/cinema.video\/it#organization","name":"Cinema & Video","url":"https:\/\/cinema.video\/it","logo":{"@type":"ImageObject","inLanguage":"it-IT","@id":"https:\/\/cinema.video\/it#\/schema\/logo\/image\/","url":"https:\/\/cinema.video\/wp-content\/uploads\/2026\/04\/CinemVideo_LogoBlack.png","contentUrl":"https:\/\/cinema.video\/wp-content\/uploads\/2026\/04\/CinemVideo_LogoBlack.png","width":1336,"height":224,"caption":"Cinema & Video"},"image":{"@id":"https:\/\/cinema.video\/it#\/schema\/logo\/image\/"},"sameAs":["https:\/\/www.facebook.com\/CinemaVideoInternational\/","https:\/\/www.instagram.com\/cinemaevideointernational\/","https:\/\/it.linkedin.com\/company\/cinema-video-international"],"description":"Media Consulting & Marketing Agency","email":"hello@darostudio.com","legalName":"DARO studio LLC","foundingDate":"2021-02-16","numberOfEmployees":{"@type":"QuantitativeValue","minValue":"1","maxValue":"10"}},{"@type":"Person","@id":"https:\/\/cinema.video\/it#\/schema\/person\/d5479fad8d0f2360000eb4aab6bb6e5d","name":"Carolina Mancini","image":{"@type":"ImageObject","inLanguage":"it-IT","@id":"https:\/\/secure.gravatar.com\/avatar\/d4758965c5e8730dbaaa7131a628547771a26c1e5bf14fe323d96f8246a62baf?s=96&d=mm&r=g","url":"https:\/\/secure.gravatar.com\/avatar\/d4758965c5e8730dbaaa7131a628547771a26c1e5bf14fe323d96f8246a62baf?s=96&d=mm&r=g","contentUrl":"https:\/\/secure.gravatar.com\/avatar\/d4758965c5e8730dbaaa7131a628547771a26c1e5bf14fe323d96f8246a62baf?s=96&d=mm&r=g","caption":"Carolina Mancini"},"url":"https:\/\/cinema.video\/it\/author\/carolin"}]}},"jetpack_featured_media_url":"https:\/\/cinema.video\/wp-content\/uploads\/2024\/07\/Fantoni-scaled-e1720033582902.jpg","jetpack_shortlink":"https:\/\/wp.me\/ph672m-1fqI","_links":{"self":[{"href":"https:\/\/cinema.video\/it\/wp-json\/wp\/v2\/posts\/297644","targetHints":{"allow":["GET"]}}],"collection":[{"href":"https:\/\/cinema.video\/it\/wp-json\/wp\/v2\/posts"}],"about":[{"href":"https:\/\/cinema.video\/it\/wp-json\/wp\/v2\/types\/post"}],"author":[{"embeddable":true,"href":"https:\/\/cinema.video\/it\/wp-json\/wp\/v2\/users\/2"}],"replies":[{"embeddable":true,"href":"https:\/\/cinema.video\/it\/wp-json\/wp\/v2\/comments?post=297644"}],"version-history":[{"count":1,"href":"https:\/\/cinema.video\/it\/wp-json\/wp\/v2\/posts\/297644\/revisions"}],"predecessor-version":[{"id":309404,"href":"https:\/\/cinema.video\/it\/wp-json\/wp\/v2\/posts\/297644\/revisions\/309404"}],"wp:featuredmedia":[{"embeddable":true,"href":"https:\/\/cinema.video\/it\/wp-json\/wp\/v2\/media\/297645"}],"wp:attachment":[{"href":"https:\/\/cinema.video\/it\/wp-json\/wp\/v2\/media?parent=297644"}],"wp:term":[{"taxonomy":"category","embeddable":true,"href":"https:\/\/cinema.video\/it\/wp-json\/wp\/v2\/categories?post=297644"},{"taxonomy":"post_tag","embeddable":true,"href":"https:\/\/cinema.video\/it\/wp-json\/wp\/v2\/tags?post=297644"}],"curies":[{"name":"wp","href":"https:\/\/api.w.org\/{rel}","templated":true}]}}