{"id":297549,"date":"2024-06-27T18:58:00","date_gmt":"2024-06-27T16:58:00","guid":{"rendered":"https:\/\/cinema.video\/?p=297549"},"modified":"2026-04-10T04:05:53","modified_gmt":"2026-04-10T02:05:53","slug":"eurimages-un-anno-di-scuola-di-laura-samani-fra-i-progetti-sostenuti","status":"publish","type":"post","link":"https:\/\/cinema.video\/it\/eurimages-un-anno-di-scuola-di-laura-samani-fra-i-progetti-sostenuti","title":{"rendered":"EURIMAGES Un anno di scuola di Laura Samani fra i progetti sostenuti"},"content":{"rendered":"\n<p class=\"wp-block-paragraph\">C&#8217;\u00e8 anche <strong><em>Un anno di scuola<\/em><\/strong>, il nuovo film di <strong>Laura Samani<\/strong> fra i 40 progetti di co-produzioni a cui <strong>Eurimages<\/strong> ha appena annunciato il sostegno economico (parte della  seconda tranche di valutazione del 2024).<\/p>\n\n\n\n<p class=\"wp-block-paragraph\">Si tratta di 31 lungometraggi di finzione, sei documentari e 3 film in animazione, che si spartiranno un totale di  \u20ac8 760 000.<\/p>\n\n\n\n<p class=\"wp-block-paragraph\">L&#8217;opera seconda della Samani, che succede al fortunatissimo e molto premiato esordio, <em>Piccolo Corpo<\/em>, \u00e8 prodotto ancora una volta da <strong>Nadia Trevisan<\/strong> per <strong>Nefertiti Film<\/strong> in co-produzione con <strong>Thomas Lambert<\/strong> di <strong>Tomsa Films<\/strong> (Francia), con il contributo del <strong>MiC<\/strong>, del Fondo per l\u2019<strong>Audiovisivo del Friuli Venezia Giulia<\/strong>. Gode anche del finanziamento del bando <strong>European Slate Development<\/strong> dello <strong>Strand MEDIA del Programma Europa Creativa<\/strong>.<\/p>\n\n\n\n<p class=\"wp-block-paragraph\">Tratto dall&#8217;omonimo romanzo di <strong>Giani Stuparich<\/strong>, da cui la Samani ha scritto la sceneggiatura assieme a<strong> Elisa Dondi<\/strong>, racconta una storia vera ambientata a Trieste agli inizi del Novecento, che inizia quando, alla vigilia del primo conflitto mondiale, una ragazza, rompendo le rigide convenzioni dell\u2019ambiente borghese da cui proviene, si iscrive all\u2019ottavo anno del ginnasio in uno storico istituto solo maschile, il <strong>Liceo Dante<\/strong>, diventando compagna di banco dello stesso Stuparich ma anche di Scipio Slataper ed altri giovani divenuti poi importanti figure della cultura triestina o protagonisti dell\u2019irredentismo.<\/p>\n\n\n\n<p class=\"wp-block-paragraph\"> Unica donna tra venti allievi maschi, che dester\u00e0 scompiglio e forti passioni.<\/p>\n\n\n\n<p class=\"wp-block-paragraph\">Samani \u00e8 una delle 13 registe che rappresentano il 49.54% del totale dei fondi assegnati. Il suo progetto ricever\u00e0 la cifra pi\u00f9 alta assegnata, 500 mila euro.<\/p>\n\n\n\n<p class=\"wp-block-paragraph\">Sono stati annunciati anche i progetti che rientrano nel <strong>Programma pilota del Consiglio d&#8217;Europe per la co-produzione di serie<\/strong> e che sono stati sostenuti con una somma totale di 3. 500 000 euro. Fra queste, c&#8217;\u00e8 anche <strong><em>Detective von Fock<\/em>,<\/strong> a cui vanno 250.000 euro, creata da <strong>Leana Jalukse: <\/strong>una co-produzione fra Estonia<strong> <\/strong>(<strong>360 Media O\u00dc<\/strong>); Lettonia (<strong>SIA Bergmane Production<\/strong>) e Italia, che grazie alla altoatesina <strong>Movie.mento <\/strong>beneficer\u00e0 anche del sostegno di <strong>IDM Film Commission S\u00fcdtirol&nbsp;<\/strong>(\u00e8 fra i progetti finanziati con la prima finestra del bando 2024). Si tratta di una serie crime, diretta da&nbsp;<strong>Aurun Tamm<\/strong>, incentrata sulle vicende del detective Paul von Fock, che si trover\u00e0 a dover risolvere casi legati a misteriosi omicidi, false identit\u00e0, furti di denaro e opere d\u2019arte, assieme alla famigerata femme fatale Maria von Nottbeck.<\/p>\n\n\n\n<p class=\"wp-block-paragraph\"><\/p>\n\n\n\n<p class=\"wp-block-paragraph\">Questi i progetti di lungometraggio sostenuti:<\/p>\n\n\n\n<p class=\"wp-block-paragraph\"><strong>Bells of Kabul<\/strong>&nbsp;&#8211; Chabname Zariab (France) &#8211; \u20ac390 000&nbsp;<br>(France, Germany, Belgium)&nbsp;<br><strong>Blue Flower<\/strong>&nbsp;&#8211; Genevi\u00e8ve Dulude-De Celles (Canada) &#8211; \u20ac420 000&nbsp;<br>(Canada, Bulgaria)<br><strong>Dust<\/strong>&nbsp;&#8211; Anke Blond\u00e9 (Belgium) &#8211; \u20ac400 000&nbsp;<br>(Belgium, Greece, Poland)&nbsp;<br><strong>Fatna, a Woman Named Rachid<\/strong>&nbsp;&#8211; H\u00e9l\u00e8ne Harder (France) &#8211; \u20ac100 000&nbsp;<em>Documentary&nbsp;<\/em><br>(France, Morocco, Belgium)&nbsp;<br><strong>Gabin, a Youth in the Backland<\/strong>&nbsp;&#8211; Maxence Voiseux (France) &#8211; \u20ac200 000&nbsp;<em>Documentary&nbsp;<\/em><br>(France, Germany, Switzerland)&nbsp;<br><strong>Hatixhe and Shaban<\/strong>&nbsp;&#8211; Visar Morina (Germany) &#8211; \u20ac160 000&nbsp;<br>(Germany, Kosovo*, Albania, Slovenia)&nbsp;<br><strong>Imago<\/strong>&nbsp;&#8211; D\u00e9ni Oumar Pitsaev (France) &#8211; \u20ac150 000&nbsp;<em>Documentary&nbsp;<\/em><br>(France, Belgium)&nbsp;<br><strong>In Alaska<\/strong>&nbsp;&#8211; Jaap van Heusden (Netherlands) &#8211; \u20ac468 000&nbsp;<br>(Netherlands, Canada)&nbsp;<br><strong>Jim Queen<\/strong>&nbsp;&#8211; Marco Nguyen (France), Nicolas Athan\u00e9 (France) &#8211; \u20ac223 000&nbsp;<em>Animation&nbsp;<\/em><br>(France, Belgium)&nbsp;<br><strong>Kartli<\/strong>&nbsp;&#8211; Tamar Kalandadze (Georgia), Julien Pebrel (France) &#8211; \u20ac60 000&nbsp;<em>Documentary&nbsp;<\/em><br>(France, Georgia)&nbsp;<br><strong>Kika<\/strong>&nbsp;&#8211; Alexe Poukine (Belgium) &#8211; \u20ac200 000&nbsp;<br>(Belgium, France)&nbsp;<br><strong>La Baleine<\/strong>&nbsp;&#8211; Sylv\u00e8re Petit (France) &#8211; \u20ac200 000&nbsp;<br>(France, Belgium, Spain)&nbsp;<br><strong>Moon Diary<\/strong>&nbsp;&#8211; Vanessa Del Campo (Belgium) &#8211; \u20ac90 000&nbsp;<em>Documentary&nbsp;<\/em><br>(Belgium, Spain, Netherlands)&nbsp;<br><strong>Olivia and the Invisible Earthquake<\/strong>&nbsp;&#8211; Irene Iborra (Spain) &#8211; \u20ac500 000&nbsp;<em>Animation&nbsp;<\/em><br>(Spain, France, Belgium)&nbsp;<br><strong>On Land and Sea<\/strong>&nbsp;&#8211; Hlynur P\u00e1lmason (Iceland) &#8211; \u20ac500 000&nbsp;<br>(Denmark, Iceland, France)&nbsp;<br><strong>On Their Own<\/strong>&nbsp;&#8211; Tudor Cristian Jurgiu (Romania) &#8211; \u20ac155 000&nbsp;<br>(Romania, Italy)&nbsp;<br><strong>One Year of School<\/strong>&nbsp;&#8211; Laura Samani (Italy) &#8211; \u20ac500 000&nbsp;<br>(Italy, France)&nbsp;<br><strong>Our Girls<\/strong>&nbsp;&#8211; Mike van Diem (Netherlands) &#8211; \u20ac400 000&nbsp;<br>(Netherlands, Austria, Belgium)&nbsp;<br><strong>Permanent Being<\/strong>&nbsp;&#8211; Juan Palacios (Spain) &#8211; \u20ac50 000&nbsp;<br>(Netherlands, Spain)&nbsp;<br><strong>Salvation<\/strong>&nbsp;&#8211; Emin Alper (T\u00fcrkiye) &#8211; \u20ac250 000&nbsp;<br>(T\u00fcrkiye, Netherlands, Greece)&nbsp;<br><strong>Save the Dead<\/strong>&nbsp;&#8211; Tamara Stepanyan (France) &#8211; \u20ac450 000&nbsp;<br>(France, Armenia)&nbsp;<br><strong>Sevda&nbsp;<\/strong>&#8211; Ufuk Emiroglu (Switzerland) &#8211; \u20ac360 000&nbsp;<br>(Switzerland, Belgium)&nbsp;<br><strong>Sjap &amp; King<\/strong>&nbsp;&#8211; Mascha Halberstad (Netherlands) &#8211; \u20ac400 000&nbsp;<em>Animation&nbsp;<\/em><br>(Netherlands, Belgium)&nbsp;<br><strong>The Young Mothers&#8217; Home<\/strong>&nbsp;&#8211; Jean-Pierre et Luc Dardenne (Belgium) &#8211; \u20ac400 000&nbsp;<br>(Belgium, France)&nbsp;<br><strong>Three Sisters<\/strong>&nbsp;&#8211; Massoud Bakhshi (France) &#8211; \u20ac97 000&nbsp;<em>Documentary&nbsp;<\/em><br>(Austria, France, Germany)&nbsp;<br><strong>Tiger Martindale&#8217;s Survival Experts<\/strong>&nbsp;&#8211; Pavels Gumennikovs (Latvia) &#8211; \u20ac228 000&nbsp;<br>(Latvia, Lithuania)&nbsp;<br><strong>To the Victory!<\/strong>&nbsp;&#8211; Valentyn Vasyanovych (Ukraine) &#8211; \u20ac70 000&nbsp;<br>(Ukraine, Lithuania)&nbsp;<br><strong>Valeska&nbsp;<\/strong>&#8211; Jakob Moritz Erwa (Austria) &#8211; \u20ac319 000&nbsp;<br>(Germany, Austria, Belgium)&nbsp;<br><strong>Volcano<\/strong>&nbsp;&#8211; Mees Peijnenburg (Netherlands) &#8211; \u20ac150 000&nbsp;<br>(Netherlands, Belgium)&nbsp;<br><strong>Wolf Grrrls!<\/strong>&nbsp;&#8211; Claudia Estrada Tarasc\u00f3 (Spain) &#8211; \u20ac500 000&nbsp;<br>(Spain, Belgium)&nbsp;<br><strong>Yes<\/strong>&nbsp;&#8211; Nadav Lapid (France, Israel) &#8211; \u20ac370 000&nbsp;<br>(France, Germany, Israel)<\/p>\n\n\n\n<p class=\"wp-block-paragraph\">Questi i progetti di serie sostenuti: <\/p>\n\n\n\n<p class=\"wp-block-paragraph\"><strong>BFF,<\/strong> created by<strong> Agn\u0117 Adom\u0117n\u0117 et Urt\u0117 Oettinger 500 000 \u20ac<\/strong><br>Art Shot (LT), Artichoke (SK)<\/p>\n\n\n\n<p class=\"wp-block-paragraph\"><strong>Detective von Fock, <\/strong>created by<strong> Leana Jalukse 250 000 \u20ac&nbsp;<\/strong><br>360 Media O\u00dc (EE), SIA Bergmane Production (LV), Movie.mento (IT)<\/p>\n\n\n\n<p class=\"wp-block-paragraph\"><strong>Droneland, cr\u00e9\u00e9 par Nicolas Steil 500 000 \u20ac&nbsp;<\/strong><br>Iris Productions (LU), Syrreal Entertainment (DE), Topkapi Films (NL),&nbsp;<br>Enter Film (PL), Iris Productions Deutschland (DE)<\/p>\n\n\n\n<p class=\"wp-block-paragraph\"><strong>Hidden Assets (saison 3), <\/strong>created by <strong>Peter McKenna 250 000 \u20ac&nbsp;<\/strong><br>Saffron Moon (IE), Potemkino (BE), Facet 4 Media (CA)<\/p>\n\n\n\n<p class=\"wp-block-paragraph\"><strong>#IBelieveHer, <\/strong>created by<strong> Mary McGuckian 500 000 \u20ac&nbsp;<\/strong><br>Pembridge Film Productions (IE), Iris Productions (LU), Wee Buns (UK)<\/p>\n\n\n\n<p class=\"wp-block-paragraph\"><strong>LUME, <\/strong>created by<strong> Irene Pin 250 000 \u20ac&nbsp;<\/strong><br>Coral \u2013 Vision Europa (PT), Producciones Audiovisuales Sete Media (ES)<\/p>\n\n\n\n<p class=\"wp-block-paragraph\"><strong>Moloch, cr\u00e9\u00e9 par Luk\u00e1\u0161 Hanul\u00e1k, Vratislav \u0160lajer and \u0160tefan Titka 500 000 \u20ac&nbsp;<\/strong><br>Raketa (SK), Bionaut (CZ)<\/p>\n\n\n\n<p class=\"wp-block-paragraph\"><strong>Stories from Backwoods \u2013 <\/strong>created by<strong> Leevi Lemmetty 250 000 \u20ac&nbsp;<\/strong><br>Ink and Light (IE), Muste ja Valo (FI), Backwoods (IE)<\/p>\n\n\n\n<p class=\"wp-block-paragraph\"><strong>The Golden Hour (saison 2) \u2013 <\/strong>created by<strong> Simon de Waal 500 000 \u20ac&nbsp;<\/strong><br>NL Film &amp; TV (NL), Polar Bear Commv (BE)<\/p>\n","protected":false},"excerpt":{"rendered":"<p>Fra i progetti che rientrano nel Programma pilota del Consiglio d&#8217;Europe per la co-produzione di serie, Detective von Flock, co-produzione fra Estonia, Lettonia e Italia sostenuta anche da IDM<\/p>\n","protected":false},"author":26,"featured_media":0,"comment_status":"closed","ping_status":"closed","sticky":false,"template":"","format":"standard","meta":{"googlesitekit_rrm_CAow3e7fCw:productID":"","_crdt_document":"","footnotes":""},"categories":[336],"tags":[368,356,2335,1003],"class_list":{"0":"post-297549","1":"post","2":"type-post","3":"status-publish","4":"format-standard","6":"category-funding","7":"tag-eurimages","8":"tag-focus","9":"tag-funding","10":"tag-idm-film-commission-suditirol"},"yoast_head":"<!-- This site is optimized with the Yoast SEO Premium plugin v27.4 (Yoast SEO v27.4) - https:\/\/yoast.com\/product\/yoast-seo-premium-wordpress\/ -->\n<title>EURIMAGES Un anno di scuola di Laura Samani fra i progetti sostenuti - Cinema &amp; Video International<\/title>\n<meta name=\"description\" content=\"EURIMAGES Un anno di scuola di Laura Samani fra i progetti sostenuti \u2013 eurimages un anno di scuola di. C&#039;\u00e8 anche Un anno di scuola, il nuovo film di Laura\" \/>\n<meta name=\"robots\" content=\"index, follow, max-snippet:-1, max-image-preview:large, max-video-preview:-1\" \/>\n<link rel=\"canonical\" href=\"https:\/\/cinema.video\/it\/eurimages-un-anno-di-scuola-di-laura-samani-fra-i-progetti-sostenuti\" \/>\n<meta property=\"og:locale\" content=\"it_IT\" \/>\n<meta property=\"og:type\" content=\"article\" \/>\n<meta property=\"og:title\" content=\"EURIMAGES Un anno di scuola di Laura Samani fra i progetti sostenuti\" \/>\n<meta property=\"og:description\" content=\"EURIMAGES Un anno di scuola di Laura Samani fra i progetti sostenuti \u2013 eurimages un anno di scuola di. C&#039;\u00e8 anche Un anno di scuola, il nuovo film di Laura\" \/>\n<meta property=\"og:url\" content=\"https:\/\/cinema.video\/it\/eurimages-un-anno-di-scuola-di-laura-samani-fra-i-progetti-sostenuti\" \/>\n<meta property=\"og:site_name\" content=\"Cinema &amp; Video International\" \/>\n<meta property=\"article:publisher\" content=\"https:\/\/www.facebook.com\/CinemaVideoInternational\/\" \/>\n<meta property=\"article:published_time\" content=\"2024-06-27T16:58:00+00:00\" \/>\n<meta property=\"article:modified_time\" content=\"2026-04-10T02:05:53+00:00\" \/>\n<meta property=\"og:image\" content=\"https:\/\/cinema.video\/wp-content\/uploads\/2026\/04\/CinemVideo_LogoBlack.png\" \/>\n\t<meta property=\"og:image:width\" content=\"1336\" \/>\n\t<meta property=\"og:image:height\" content=\"224\" \/>\n\t<meta property=\"og:image:type\" content=\"image\/png\" \/>\n<meta name=\"author\" content=\"Redazione\" \/>\n<meta name=\"twitter:card\" content=\"summary_large_image\" \/>\n<meta name=\"twitter:label1\" content=\"Scritto da\" \/>\n\t<meta name=\"twitter:data1\" content=\"Redazione\" \/>\n\t<meta name=\"twitter:label2\" content=\"Tempo di lettura stimato\" \/>\n\t<meta name=\"twitter:data2\" content=\"5 minuti\" \/>\n<script type=\"application\/ld+json\" class=\"yoast-schema-graph\">{\"@context\":\"https:\\\/\\\/schema.org\",\"@graph\":[{\"@type\":\"Article\",\"@id\":\"https:\\\/\\\/cinema.video\\\/it\\\/eurimages-un-anno-di-scuola-di-laura-samani-fra-i-progetti-sostenuti#article\",\"isPartOf\":{\"@id\":\"https:\\\/\\\/cinema.video\\\/it\\\/eurimages-un-anno-di-scuola-di-laura-samani-fra-i-progetti-sostenuti\"},\"author\":{\"name\":\"Redazione\",\"@id\":\"https:\\\/\\\/cinema.video\\\/it#\\\/schema\\\/person\\\/aeb01b91d874e8b01e76a1db04c668c6\"},\"headline\":\"EURIMAGES Un anno di scuola di Laura Samani fra i progetti sostenuti\",\"datePublished\":\"2024-06-27T16:58:00+00:00\",\"dateModified\":\"2026-04-10T02:05:53+00:00\",\"mainEntityOfPage\":{\"@id\":\"https:\\\/\\\/cinema.video\\\/it\\\/eurimages-un-anno-di-scuola-di-laura-samani-fra-i-progetti-sostenuti\"},\"wordCount\":998,\"publisher\":{\"@id\":\"https:\\\/\\\/cinema.video\\\/it#organization\"},\"keywords\":[\"Eurimages\",\"focus\",\"FUNDING\",\"IDM FILM COMMISSION S\u00dcDTIROL\"],\"articleSection\":[\"FUNDING\"],\"inLanguage\":\"it-IT\"},{\"@type\":\"WebPage\",\"@id\":\"https:\\\/\\\/cinema.video\\\/it\\\/eurimages-un-anno-di-scuola-di-laura-samani-fra-i-progetti-sostenuti\",\"url\":\"https:\\\/\\\/cinema.video\\\/it\\\/eurimages-un-anno-di-scuola-di-laura-samani-fra-i-progetti-sostenuti\",\"name\":\"EURIMAGES Un anno di scuola di Laura Samani fra i progetti sostenuti - Cinema &amp; Video International\",\"isPartOf\":{\"@id\":\"https:\\\/\\\/cinema.video\\\/it#website\"},\"datePublished\":\"2024-06-27T16:58:00+00:00\",\"dateModified\":\"2026-04-10T02:05:53+00:00\",\"description\":\"EURIMAGES Un anno di scuola di Laura Samani fra i progetti sostenuti \u2013 eurimages un anno di scuola di. C'\u00e8 anche Un anno di scuola, il nuovo film di Laura\",\"breadcrumb\":{\"@id\":\"https:\\\/\\\/cinema.video\\\/it\\\/eurimages-un-anno-di-scuola-di-laura-samani-fra-i-progetti-sostenuti#breadcrumb\"},\"inLanguage\":\"it-IT\",\"potentialAction\":[{\"@type\":\"ReadAction\",\"target\":[\"https:\\\/\\\/cinema.video\\\/it\\\/eurimages-un-anno-di-scuola-di-laura-samani-fra-i-progetti-sostenuti\"]}]},{\"@type\":\"BreadcrumbList\",\"@id\":\"https:\\\/\\\/cinema.video\\\/it\\\/eurimages-un-anno-di-scuola-di-laura-samani-fra-i-progetti-sostenuti#breadcrumb\",\"itemListElement\":[{\"@type\":\"ListItem\",\"position\":1,\"name\":\"Home\",\"item\":\"https:\\\/\\\/cinema.video\\\/it\\\/home-2\"},{\"@type\":\"ListItem\",\"position\":2,\"name\":\"EURIMAGES Un anno di scuola di Laura Samani fra i progetti sostenuti\"}]},{\"@type\":\"WebSite\",\"@id\":\"https:\\\/\\\/cinema.video\\\/it#website\",\"url\":\"https:\\\/\\\/cinema.video\\\/it\",\"name\":\"Cinema & Video International\",\"description\":\"Film &amp; Audiovisual Industry Trade Magazine\",\"publisher\":{\"@id\":\"https:\\\/\\\/cinema.video\\\/it#organization\"},\"alternateName\":\"Cinema & Video\",\"potentialAction\":[{\"@type\":\"SearchAction\",\"target\":{\"@type\":\"EntryPoint\",\"urlTemplate\":\"https:\\\/\\\/cinema.video\\\/it?s={search_term_string}\"},\"query-input\":{\"@type\":\"PropertyValueSpecification\",\"valueRequired\":true,\"valueName\":\"search_term_string\"}}],\"inLanguage\":\"it-IT\"},{\"@type\":\"Organization\",\"@id\":\"https:\\\/\\\/cinema.video\\\/it#organization\",\"name\":\"Cinema & Video\",\"url\":\"https:\\\/\\\/cinema.video\\\/it\",\"logo\":{\"@type\":\"ImageObject\",\"inLanguage\":\"it-IT\",\"@id\":\"https:\\\/\\\/cinema.video\\\/it#\\\/schema\\\/logo\\\/image\\\/\",\"url\":\"https:\\\/\\\/cinema.video\\\/wp-content\\\/uploads\\\/2026\\\/04\\\/CinemVideo_LogoBlack.png\",\"contentUrl\":\"https:\\\/\\\/cinema.video\\\/wp-content\\\/uploads\\\/2026\\\/04\\\/CinemVideo_LogoBlack.png\",\"width\":1336,\"height\":224,\"caption\":\"Cinema & Video\"},\"image\":{\"@id\":\"https:\\\/\\\/cinema.video\\\/it#\\\/schema\\\/logo\\\/image\\\/\"},\"sameAs\":[\"https:\\\/\\\/www.facebook.com\\\/CinemaVideoInternational\\\/\",\"https:\\\/\\\/www.instagram.com\\\/cinemaevideointernational\\\/\",\"https:\\\/\\\/it.linkedin.com\\\/company\\\/cinema-video-international\"],\"description\":\"Media Consulting & Marketing Agency\",\"email\":\"hello@darostudio.com\",\"legalName\":\"DARO studio LLC\",\"foundingDate\":\"2021-02-16\",\"numberOfEmployees\":{\"@type\":\"QuantitativeValue\",\"minValue\":\"1\",\"maxValue\":\"10\"}},{\"@type\":\"Person\",\"@id\":\"https:\\\/\\\/cinema.video\\\/it#\\\/schema\\\/person\\\/aeb01b91d874e8b01e76a1db04c668c6\",\"name\":\"Redazione\",\"image\":{\"@type\":\"ImageObject\",\"inLanguage\":\"it-IT\",\"@id\":\"https:\\\/\\\/secure.gravatar.com\\\/avatar\\\/06ad6f92eb14745b75fb592cadf8139d33242d81c9c8b085133c450aaf0b9731?s=96&d=mm&r=g\",\"url\":\"https:\\\/\\\/secure.gravatar.com\\\/avatar\\\/06ad6f92eb14745b75fb592cadf8139d33242d81c9c8b085133c450aaf0b9731?s=96&d=mm&r=g\",\"contentUrl\":\"https:\\\/\\\/secure.gravatar.com\\\/avatar\\\/06ad6f92eb14745b75fb592cadf8139d33242d81c9c8b085133c450aaf0b9731?s=96&d=mm&r=g\",\"caption\":\"Redazione\"},\"url\":\"https:\\\/\\\/cinema.video\\\/it\\\/author\\\/redazione\"}]}<\/script>\n<!-- \/ Yoast SEO Premium plugin. -->","yoast_head_json":{"title":"EURIMAGES Un anno di scuola di Laura Samani fra i progetti sostenuti - Cinema &amp; Video International","description":"EURIMAGES Un anno di scuola di Laura Samani fra i progetti sostenuti \u2013 eurimages un anno di scuola di. C'\u00e8 anche Un anno di scuola, il nuovo film di Laura","robots":{"index":"index","follow":"follow","max-snippet":"max-snippet:-1","max-image-preview":"max-image-preview:large","max-video-preview":"max-video-preview:-1"},"canonical":"https:\/\/cinema.video\/it\/eurimages-un-anno-di-scuola-di-laura-samani-fra-i-progetti-sostenuti","og_locale":"it_IT","og_type":"article","og_title":"EURIMAGES Un anno di scuola di Laura Samani fra i progetti sostenuti","og_description":"EURIMAGES Un anno di scuola di Laura Samani fra i progetti sostenuti \u2013 eurimages un anno di scuola di. C'\u00e8 anche Un anno di scuola, il nuovo film di Laura","og_url":"https:\/\/cinema.video\/it\/eurimages-un-anno-di-scuola-di-laura-samani-fra-i-progetti-sostenuti","og_site_name":"Cinema &amp; Video International","article_publisher":"https:\/\/www.facebook.com\/CinemaVideoInternational\/","article_published_time":"2024-06-27T16:58:00+00:00","article_modified_time":"2026-04-10T02:05:53+00:00","og_image":[{"width":1336,"height":224,"url":"https:\/\/cinema.video\/wp-content\/uploads\/2026\/04\/CinemVideo_LogoBlack.png","type":"image\/png"}],"author":"Redazione","twitter_card":"summary_large_image","twitter_misc":{"Scritto da":"Redazione","Tempo di lettura stimato":"5 minuti"},"schema":{"@context":"https:\/\/schema.org","@graph":[{"@type":"Article","@id":"https:\/\/cinema.video\/it\/eurimages-un-anno-di-scuola-di-laura-samani-fra-i-progetti-sostenuti#article","isPartOf":{"@id":"https:\/\/cinema.video\/it\/eurimages-un-anno-di-scuola-di-laura-samani-fra-i-progetti-sostenuti"},"author":{"name":"Redazione","@id":"https:\/\/cinema.video\/it#\/schema\/person\/aeb01b91d874e8b01e76a1db04c668c6"},"headline":"EURIMAGES Un anno di scuola di Laura Samani fra i progetti sostenuti","datePublished":"2024-06-27T16:58:00+00:00","dateModified":"2026-04-10T02:05:53+00:00","mainEntityOfPage":{"@id":"https:\/\/cinema.video\/it\/eurimages-un-anno-di-scuola-di-laura-samani-fra-i-progetti-sostenuti"},"wordCount":998,"publisher":{"@id":"https:\/\/cinema.video\/it#organization"},"keywords":["Eurimages","focus","FUNDING","IDM FILM COMMISSION S\u00dcDTIROL"],"articleSection":["FUNDING"],"inLanguage":"it-IT"},{"@type":"WebPage","@id":"https:\/\/cinema.video\/it\/eurimages-un-anno-di-scuola-di-laura-samani-fra-i-progetti-sostenuti","url":"https:\/\/cinema.video\/it\/eurimages-un-anno-di-scuola-di-laura-samani-fra-i-progetti-sostenuti","name":"EURIMAGES Un anno di scuola di Laura Samani fra i progetti sostenuti - Cinema &amp; Video International","isPartOf":{"@id":"https:\/\/cinema.video\/it#website"},"datePublished":"2024-06-27T16:58:00+00:00","dateModified":"2026-04-10T02:05:53+00:00","description":"EURIMAGES Un anno di scuola di Laura Samani fra i progetti sostenuti \u2013 eurimages un anno di scuola di. C'\u00e8 anche Un anno di scuola, il nuovo film di Laura","breadcrumb":{"@id":"https:\/\/cinema.video\/it\/eurimages-un-anno-di-scuola-di-laura-samani-fra-i-progetti-sostenuti#breadcrumb"},"inLanguage":"it-IT","potentialAction":[{"@type":"ReadAction","target":["https:\/\/cinema.video\/it\/eurimages-un-anno-di-scuola-di-laura-samani-fra-i-progetti-sostenuti"]}]},{"@type":"BreadcrumbList","@id":"https:\/\/cinema.video\/it\/eurimages-un-anno-di-scuola-di-laura-samani-fra-i-progetti-sostenuti#breadcrumb","itemListElement":[{"@type":"ListItem","position":1,"name":"Home","item":"https:\/\/cinema.video\/it\/home-2"},{"@type":"ListItem","position":2,"name":"EURIMAGES Un anno di scuola di Laura Samani fra i progetti sostenuti"}]},{"@type":"WebSite","@id":"https:\/\/cinema.video\/it#website","url":"https:\/\/cinema.video\/it","name":"Cinema & Video International","description":"Film &amp; Audiovisual Industry Trade Magazine","publisher":{"@id":"https:\/\/cinema.video\/it#organization"},"alternateName":"Cinema & Video","potentialAction":[{"@type":"SearchAction","target":{"@type":"EntryPoint","urlTemplate":"https:\/\/cinema.video\/it?s={search_term_string}"},"query-input":{"@type":"PropertyValueSpecification","valueRequired":true,"valueName":"search_term_string"}}],"inLanguage":"it-IT"},{"@type":"Organization","@id":"https:\/\/cinema.video\/it#organization","name":"Cinema & Video","url":"https:\/\/cinema.video\/it","logo":{"@type":"ImageObject","inLanguage":"it-IT","@id":"https:\/\/cinema.video\/it#\/schema\/logo\/image\/","url":"https:\/\/cinema.video\/wp-content\/uploads\/2026\/04\/CinemVideo_LogoBlack.png","contentUrl":"https:\/\/cinema.video\/wp-content\/uploads\/2026\/04\/CinemVideo_LogoBlack.png","width":1336,"height":224,"caption":"Cinema & Video"},"image":{"@id":"https:\/\/cinema.video\/it#\/schema\/logo\/image\/"},"sameAs":["https:\/\/www.facebook.com\/CinemaVideoInternational\/","https:\/\/www.instagram.com\/cinemaevideointernational\/","https:\/\/it.linkedin.com\/company\/cinema-video-international"],"description":"Media Consulting & Marketing Agency","email":"hello@darostudio.com","legalName":"DARO studio LLC","foundingDate":"2021-02-16","numberOfEmployees":{"@type":"QuantitativeValue","minValue":"1","maxValue":"10"}},{"@type":"Person","@id":"https:\/\/cinema.video\/it#\/schema\/person\/aeb01b91d874e8b01e76a1db04c668c6","name":"Redazione","image":{"@type":"ImageObject","inLanguage":"it-IT","@id":"https:\/\/secure.gravatar.com\/avatar\/06ad6f92eb14745b75fb592cadf8139d33242d81c9c8b085133c450aaf0b9731?s=96&d=mm&r=g","url":"https:\/\/secure.gravatar.com\/avatar\/06ad6f92eb14745b75fb592cadf8139d33242d81c9c8b085133c450aaf0b9731?s=96&d=mm&r=g","contentUrl":"https:\/\/secure.gravatar.com\/avatar\/06ad6f92eb14745b75fb592cadf8139d33242d81c9c8b085133c450aaf0b9731?s=96&d=mm&r=g","caption":"Redazione"},"url":"https:\/\/cinema.video\/it\/author\/redazione"}]}},"jetpack_featured_media_url":"","jetpack_shortlink":"https:\/\/wp.me\/ph672m-1fpb","_links":{"self":[{"href":"https:\/\/cinema.video\/it\/wp-json\/wp\/v2\/posts\/297549","targetHints":{"allow":["GET"]}}],"collection":[{"href":"https:\/\/cinema.video\/it\/wp-json\/wp\/v2\/posts"}],"about":[{"href":"https:\/\/cinema.video\/it\/wp-json\/wp\/v2\/types\/post"}],"author":[{"embeddable":true,"href":"https:\/\/cinema.video\/it\/wp-json\/wp\/v2\/users\/26"}],"replies":[{"embeddable":true,"href":"https:\/\/cinema.video\/it\/wp-json\/wp\/v2\/comments?post=297549"}],"version-history":[{"count":2,"href":"https:\/\/cinema.video\/it\/wp-json\/wp\/v2\/posts\/297549\/revisions"}],"predecessor-version":[{"id":309397,"href":"https:\/\/cinema.video\/it\/wp-json\/wp\/v2\/posts\/297549\/revisions\/309397"}],"wp:attachment":[{"href":"https:\/\/cinema.video\/it\/wp-json\/wp\/v2\/media?parent=297549"}],"wp:term":[{"taxonomy":"category","embeddable":true,"href":"https:\/\/cinema.video\/it\/wp-json\/wp\/v2\/categories?post=297549"},{"taxonomy":"post_tag","embeddable":true,"href":"https:\/\/cinema.video\/it\/wp-json\/wp\/v2\/tags?post=297549"}],"curies":[{"name":"wp","href":"https:\/\/api.w.org\/{rel}","templated":true}]}}