{"id":297415,"date":"2024-06-14T17:07:18","date_gmt":"2024-06-14T15:07:18","guid":{"rendered":"https:\/\/cinema.video\/?p=297415"},"modified":"2026-04-10T04:05:44","modified_gmt":"2026-04-10T02:05:44","slug":"friuli-venezia-giulia-annunciati-i-vincitori-di-corti-senza-confine","status":"publish","type":"post","link":"https:\/\/cinema.video\/it\/friuli-venezia-giulia-annunciati-i-vincitori-di-corti-senza-confine","title":{"rendered":"Friuli Venezia Giulia Annunciati i vincitori di Corti senza Confine"},"content":{"rendered":"\n<p class=\"wp-block-paragraph\">Sono stati resi noti i cinque cortometraggi vincitori del bando \u201cCorti senza Confine\u201d, la call volta a valorizzare <strong>Nova Gorica<\/strong> e <strong>Gorizia<\/strong> attraverso l\u2019audiovisivo in vista di \u201cGO! 2025\u201d: l\u2019annuncio questa mattina, nel corso di una conferenza stampa nel Palazzo della <strong>Regione Autonoma Friuli Venezia Giulia<\/strong>, alla presenza del Vicepresidente e Assessore regionale alla cultura e allo sport&nbsp;<strong>Mario Anzil<\/strong>, dell\u2019Assessore regionale alle attivit\u00e0 produttive e turismo&nbsp;<strong>Sergio Emidio Bini<\/strong>&nbsp;e della coordinatrice della <strong>Friuli Venezia Giulia Film Commission \u2013 PromoTurismoFVG<\/strong>&nbsp; <strong>Chiara Valenti Omero<\/strong>.<\/p>\n\n\n\n<p class=\"wp-block-paragraph\">I titoli: <em><strong>Gorizia<\/strong><\/em> di <strong>Simone Massi<\/strong>( produzione <strong>Rumore srls<\/strong>), <em><strong>L\u2019estate che verr\u00e0<\/strong><\/em> di <strong>Mauro Lodi<\/strong> (<strong>Groenlandia Srl<\/strong>), <em><strong>Dall&#8217;altra parte &#8211; favola di Aulo e Marina<\/strong><\/em> di <strong>Emma Jaay<\/strong> (<strong>Tucker Film srl<\/strong>), <em><strong>La battaglia delle spazzole<\/strong><\/em> di <em><strong>Lorenzo Fabbro<\/strong><\/em> (<strong>Staragara I.T<\/strong>.), <em><strong>Vivere<\/strong><\/em> di <strong>Chiara Cremaschi<\/strong> (<strong>La Scontrosa<\/strong> <strong>srl<\/strong>). Sono, queste, le opere che meglio hanno saputo narrare il territorio goriziano e transfrontaliero, le sue peculiarit\u00e0 legate all\u2019essere \u201cterra di confine\u201d, in un momento storico in cui proprio l\u2019assenza di confini caratterizza l\u2019essere stati nominati Capitale Europea della Cultura per l\u2019anno 2025<\/p>\n\n\n\n<p class=\"wp-block-paragraph\">Le opere, che hanno ottenuto ciascuna un sostegno di 100 mila euro che potr\u00e0 coprire interamente le spese previste, dovranno essere consegnate entro il 30 ottobre 2024. Tutte &#8211; come richiesto dal bando &#8211; hanno una durata minima di 10 minuti e massima di 20, e iniziano e terminano la narrazione in un luogo simbolo, il piazzale della Transalpina\/Trg Evrope, emblema della caduta dei confini.<\/p>\n\n\n\n<p class=\"wp-block-paragraph\">\u201cL\u2019alta qualit\u00e0 dei progetti fa sperare bene per il futuro del cinema, che \u00e8 ci\u00f2 a cui tengo di pi\u00f9\u201d, ha detto il presidente della giuria,<strong> Gabriele Salvatores<\/strong>, collegato in video conferenza.<\/p>\n\n\n\n<p class=\"wp-block-paragraph\">\u201cVoglio ricordare &#8211; ha aggiunto il regista premio Oscar &#8211; il profondo legame che ho con il Friuli Venezia Giulia, che mi ha accolto, tanto che mi spingo a dire che la Cinecitt\u00e0 di Fellini era al Teatro 5, mentre la mia l\u2019ho trovata qui. Non \u00e8 un caso che il mio prossimo film sar\u00e0 nuovamente ambientato in questa regione\u201d. Si tratta di <em>Napoli-New York<\/em>, girato lo scorso anno a Trieste, che potrebbe approdare alla prossima Mostra del Cinema di Venezia.<\/p>\n\n\n\n<p class=\"wp-block-paragraph\">Qualche informazione sulle opere.<\/p>\n\n\n\n<p class=\"wp-block-paragraph\"><em><strong>Gorizia<\/strong><\/em><em> <\/em>&nbsp;\u00e8&nbsp;il primo cortometraggio vincitore prodotto dalla toscana&nbsp;Rumore srls, ed \u00e8 l\u2019unica opera di animazione nel quale, attraverso le tavole del pluripremiato disegnatore italiano&nbsp;Simone Massi, il piazzale della Piazza Transalpina\/Trg Evrope diventa lo scenario simbolico dove si incontrano drammi storici e speranze future.<\/p>\n\n\n\n<p class=\"wp-block-paragraph\">Groenlandia S.r.l. \u2013 che fa base a Roma e che vanta in pochi anni numerosi film di successo prodotti per Sky, Prime Video e Netflix \u2013 \u00e8 la societ\u00e0 di produzione di <em><strong>L\u2019estate che verr\u00e0 <\/strong><\/em>del regista Mauro Lodi, che racconta la storia di una profonda amicizia tra due individui, un italiano e uno sloveno, cresciuti in un contesto di grande coesione culturale come quello dello&nbsp;Staatsgymnasium&nbsp;di Gorizia, ma in un luogo e in un tempo che verr\u00e0 sconvolto dalla guerra.&nbsp;<\/p>\n\n\n\n<p class=\"wp-block-paragraph\"><em><strong>Dall&#8217;altra parte &#8211; favola di Aulo e Marina<\/strong><\/em>, \u00e8 una favola moderna come la definisce&nbsp;&nbsp;Emma Jaay, regista di origine britannico-australiana, e prodotta da&nbsp;Tucker Film srl, casa di produzione e distribuzione indipendente fondata dal CEC di Udine e da Cinemazero di Pordenone; quasi una storia d\u2019amore, con al centro due personaggi che muovendosi dentro a una citt\u00e0 \u00e8 come se si muovessero dentro al mondo intero, liberamente.&nbsp;<\/p>\n\n\n\n<p class=\"wp-block-paragraph\"><em><strong>La battaglia delle spazzole<\/strong><\/em><em> <\/em>&nbsp;di&nbsp;Lorenzo Fabbro, prodotto dalla societ\u00e0 goriziana&nbsp;Staragara I.T., \u00e8 una commedia brillante che trasforma la routine notturna di due operatori di spazzatrici, Mauro e Nadja, in una battaglia di confini invisibili e sentimenti inaspettati a cavallo della Piazza Transalpina \/ Trg Evrope.&nbsp;<\/p>\n\n\n\n<p class=\"wp-block-paragraph\">Infine, <em><strong>Vivere<\/strong><\/em>&nbsp;prodotto dalla societ\u00e0 triestina&nbsp;La Scontrosa srl, scritto da&nbsp;Chiara Cremaschi, \u00e8 un viaggio non solo fisico, ma anche introspettivo, che esplora le complessit\u00e0 della vita e delle emozioni umane mettendo al centro due donne costrette a scoprirsi e prendersi cura una dell\u2019altra; un progetto che nasce da ricerche, interviste e riflessioni di lungo corso dell\u2019autrice insieme alla geografa francese Camille Schmoll e all\u2019artista Martina Melilli.<\/p>\n\n\n\n<p class=\"wp-block-paragraph\">\u201cIl cinema e Gorizia formano ormai un connubio vincente\u201d, ha commentato l\u2019\u2019Assessore <strong>Sergio Emidio Bini: <\/strong>\u201cnell\u2019ultimo quinquennio sono molteplici le produzioni italiane e internazionali che hanno scelto questa \u2018terra di confine\u2019 come scenario per le riprese. Questa riscoperta del goriziano ha portato ad un duplice risultato: una visibilit\u00e0 senza precedenti in termini di spettatori raggiunti e un rilevante impatto economico generato direttamente sul territorio, quantificabile in circa 8,2 milioni di euro di ricadute a vantaggio di maestranze, comparse, esercizi commerciali e ricettivit\u00e0 locale. Con il bando \u201cCorti senza confine\u201d abbiamo inteso sostenere ulteriormente questo trend, in linea con il percorso di avvicinamento al grande appuntamento che vedr\u00e0 coinvolta la citt\u00e0 nel 2025. Infatti, nell\u2019ultimo periodo, forte anche del traino della capitale europea della cultura, Gorizia ha goduto di una visibilit\u00e0 senza precedenti, tanto che le presenze turistiche in citt\u00e0 sono aumentate del 12,8% nel corso del 2023, con un picco di visitatori provenienti dall\u2019estero (+24,7%)\u201d<\/p>\n","protected":false},"excerpt":{"rendered":"<p>Sono stati resi noti i cinque cortometraggi vincitori del bando \u201cCorti senza confine\u201d, la call volta a valorizzare Nova Gorica e Gorizia attraverso l\u2019audiovisivo in vista di \u201cGO! 2025\u201d<\/p>\n","protected":false},"author":26,"featured_media":297420,"comment_status":"closed","ping_status":"closed","sticky":false,"template":"","format":"standard","meta":{"googlesitekit_rrm_CAow3e7fCw:productID":"","_crdt_document":"","footnotes":""},"categories":[1],"tags":[591,2321],"class_list":{"0":"post-297415","1":"post","2":"type-post","3":"status-publish","4":"format-standard","5":"has-post-thumbnail","7":"category-senza-categoria","8":"tag-cortometraggi","9":"tag-select-fvg-film-commission-fvg-film-commission"},"yoast_head":"<!-- This site is optimized with the Yoast SEO Premium plugin v27.4 (Yoast SEO v27.4) - https:\/\/yoast.com\/product\/yoast-seo-premium-wordpress\/ -->\n<title>Friuli Venezia Giulia Annunciati i vincitori di Corti senza Confine - Cinema &amp; Video International<\/title>\n<meta name=\"description\" content=\"Friuli Venezia Giulia Annunciati i vincitori di Corti senza Confine \u2013 friuli venezia giulia annunciati i vincitori. Sono stati resi noti i cinque cortomet\" \/>\n<meta name=\"robots\" content=\"index, follow, max-snippet:-1, max-image-preview:large, max-video-preview:-1\" \/>\n<link rel=\"canonical\" href=\"https:\/\/cinema.video\/it\/friuli-venezia-giulia-annunciati-i-vincitori-di-corti-senza-confine\" \/>\n<meta property=\"og:locale\" content=\"it_IT\" \/>\n<meta property=\"og:type\" content=\"article\" \/>\n<meta property=\"og:title\" content=\"Friuli Venezia Giulia Annunciati i vincitori di Corti senza Confine\" \/>\n<meta property=\"og:description\" content=\"Friuli Venezia Giulia Annunciati i vincitori di Corti senza Confine \u2013 friuli venezia giulia annunciati i vincitori. Sono stati resi noti i cinque cortomet\" \/>\n<meta property=\"og:url\" content=\"https:\/\/cinema.video\/it\/friuli-venezia-giulia-annunciati-i-vincitori-di-corti-senza-confine\" \/>\n<meta property=\"og:site_name\" content=\"Cinema &amp; Video International\" \/>\n<meta property=\"article:publisher\" content=\"https:\/\/www.facebook.com\/CinemaVideoInternational\/\" \/>\n<meta property=\"article:published_time\" content=\"2024-06-14T15:07:18+00:00\" \/>\n<meta property=\"article:modified_time\" content=\"2026-04-10T02:05:44+00:00\" \/>\n<meta property=\"og:image\" content=\"https:\/\/cinema.video\/wp-content\/uploads\/2024\/06\/foto_Cortisenzaconfine_14062024_1-scaled.jpg\" \/>\n\t<meta property=\"og:image:width\" content=\"2560\" \/>\n\t<meta property=\"og:image:height\" content=\"1920\" \/>\n\t<meta property=\"og:image:type\" content=\"image\/jpeg\" \/>\n<meta name=\"author\" content=\"Redazione\" \/>\n<meta name=\"twitter:card\" content=\"summary_large_image\" \/>\n<meta name=\"twitter:label1\" content=\"Scritto da\" \/>\n\t<meta name=\"twitter:data1\" content=\"Redazione\" \/>\n\t<meta name=\"twitter:label2\" content=\"Tempo di lettura stimato\" \/>\n\t<meta name=\"twitter:data2\" content=\"5 minuti\" \/>\n<script type=\"application\/ld+json\" class=\"yoast-schema-graph\">{\"@context\":\"https:\\\/\\\/schema.org\",\"@graph\":[{\"@type\":\"Article\",\"@id\":\"https:\\\/\\\/cinema.video\\\/it\\\/friuli-venezia-giulia-annunciati-i-vincitori-di-corti-senza-confine#article\",\"isPartOf\":{\"@id\":\"https:\\\/\\\/cinema.video\\\/it\\\/friuli-venezia-giulia-annunciati-i-vincitori-di-corti-senza-confine\"},\"author\":{\"name\":\"Redazione\",\"@id\":\"https:\\\/\\\/cinema.video\\\/it#\\\/schema\\\/person\\\/aeb01b91d874e8b01e76a1db04c668c6\"},\"headline\":\"Friuli Venezia Giulia Annunciati i vincitori di Corti senza Confine\",\"datePublished\":\"2024-06-14T15:07:18+00:00\",\"dateModified\":\"2026-04-10T02:05:44+00:00\",\"mainEntityOfPage\":{\"@id\":\"https:\\\/\\\/cinema.video\\\/it\\\/friuli-venezia-giulia-annunciati-i-vincitori-di-corti-senza-confine\"},\"wordCount\":856,\"publisher\":{\"@id\":\"https:\\\/\\\/cinema.video\\\/it#organization\"},\"image\":{\"@id\":\"https:\\\/\\\/cinema.video\\\/it\\\/friuli-venezia-giulia-annunciati-i-vincitori-di-corti-senza-confine#primaryimage\"},\"thumbnailUrl\":\"https:\\\/\\\/cinema.video\\\/wp-content\\\/uploads\\\/2024\\\/06\\\/foto_Cortisenzaconfine_14062024_1-scaled.jpg\",\"keywords\":[\"Cortometraggi\",\"Select FVG FILM COMMISSION FVG FILM COMMISSION\"],\"inLanguage\":\"it-IT\"},{\"@type\":\"WebPage\",\"@id\":\"https:\\\/\\\/cinema.video\\\/it\\\/friuli-venezia-giulia-annunciati-i-vincitori-di-corti-senza-confine\",\"url\":\"https:\\\/\\\/cinema.video\\\/it\\\/friuli-venezia-giulia-annunciati-i-vincitori-di-corti-senza-confine\",\"name\":\"Friuli Venezia Giulia Annunciati i vincitori di Corti senza Confine - Cinema &amp; Video International\",\"isPartOf\":{\"@id\":\"https:\\\/\\\/cinema.video\\\/it#website\"},\"primaryImageOfPage\":{\"@id\":\"https:\\\/\\\/cinema.video\\\/it\\\/friuli-venezia-giulia-annunciati-i-vincitori-di-corti-senza-confine#primaryimage\"},\"image\":{\"@id\":\"https:\\\/\\\/cinema.video\\\/it\\\/friuli-venezia-giulia-annunciati-i-vincitori-di-corti-senza-confine#primaryimage\"},\"thumbnailUrl\":\"https:\\\/\\\/cinema.video\\\/wp-content\\\/uploads\\\/2024\\\/06\\\/foto_Cortisenzaconfine_14062024_1-scaled.jpg\",\"datePublished\":\"2024-06-14T15:07:18+00:00\",\"dateModified\":\"2026-04-10T02:05:44+00:00\",\"description\":\"Friuli Venezia Giulia Annunciati i vincitori di Corti senza Confine \u2013 friuli venezia giulia annunciati i vincitori. Sono stati resi noti i cinque cortomet\",\"breadcrumb\":{\"@id\":\"https:\\\/\\\/cinema.video\\\/it\\\/friuli-venezia-giulia-annunciati-i-vincitori-di-corti-senza-confine#breadcrumb\"},\"inLanguage\":\"it-IT\",\"potentialAction\":[{\"@type\":\"ReadAction\",\"target\":[\"https:\\\/\\\/cinema.video\\\/it\\\/friuli-venezia-giulia-annunciati-i-vincitori-di-corti-senza-confine\"]}]},{\"@type\":\"ImageObject\",\"inLanguage\":\"it-IT\",\"@id\":\"https:\\\/\\\/cinema.video\\\/it\\\/friuli-venezia-giulia-annunciati-i-vincitori-di-corti-senza-confine#primaryimage\",\"url\":\"https:\\\/\\\/cinema.video\\\/wp-content\\\/uploads\\\/2024\\\/06\\\/foto_Cortisenzaconfine_14062024_1-scaled.jpg\",\"contentUrl\":\"https:\\\/\\\/cinema.video\\\/wp-content\\\/uploads\\\/2024\\\/06\\\/foto_Cortisenzaconfine_14062024_1-scaled.jpg\",\"width\":2560,\"height\":1920},{\"@type\":\"BreadcrumbList\",\"@id\":\"https:\\\/\\\/cinema.video\\\/it\\\/friuli-venezia-giulia-annunciati-i-vincitori-di-corti-senza-confine#breadcrumb\",\"itemListElement\":[{\"@type\":\"ListItem\",\"position\":1,\"name\":\"Home\",\"item\":\"https:\\\/\\\/cinema.video\\\/it\\\/home-2\"},{\"@type\":\"ListItem\",\"position\":2,\"name\":\"Friuli Venezia Giulia Annunciati i vincitori di Corti senza Confine\"}]},{\"@type\":\"WebSite\",\"@id\":\"https:\\\/\\\/cinema.video\\\/it#website\",\"url\":\"https:\\\/\\\/cinema.video\\\/it\",\"name\":\"Cinema & Video International\",\"description\":\"Film &amp; Audiovisual Industry Trade Magazine\",\"publisher\":{\"@id\":\"https:\\\/\\\/cinema.video\\\/it#organization\"},\"alternateName\":\"Cinema & Video\",\"potentialAction\":[{\"@type\":\"SearchAction\",\"target\":{\"@type\":\"EntryPoint\",\"urlTemplate\":\"https:\\\/\\\/cinema.video\\\/it?s={search_term_string}\"},\"query-input\":{\"@type\":\"PropertyValueSpecification\",\"valueRequired\":true,\"valueName\":\"search_term_string\"}}],\"inLanguage\":\"it-IT\"},{\"@type\":\"Organization\",\"@id\":\"https:\\\/\\\/cinema.video\\\/it#organization\",\"name\":\"Cinema & Video\",\"url\":\"https:\\\/\\\/cinema.video\\\/it\",\"logo\":{\"@type\":\"ImageObject\",\"inLanguage\":\"it-IT\",\"@id\":\"https:\\\/\\\/cinema.video\\\/it#\\\/schema\\\/logo\\\/image\\\/\",\"url\":\"https:\\\/\\\/cinema.video\\\/wp-content\\\/uploads\\\/2026\\\/04\\\/CinemVideo_LogoBlack.png\",\"contentUrl\":\"https:\\\/\\\/cinema.video\\\/wp-content\\\/uploads\\\/2026\\\/04\\\/CinemVideo_LogoBlack.png\",\"width\":1336,\"height\":224,\"caption\":\"Cinema & Video\"},\"image\":{\"@id\":\"https:\\\/\\\/cinema.video\\\/it#\\\/schema\\\/logo\\\/image\\\/\"},\"sameAs\":[\"https:\\\/\\\/www.facebook.com\\\/CinemaVideoInternational\\\/\",\"https:\\\/\\\/www.instagram.com\\\/cinemaevideointernational\\\/\",\"https:\\\/\\\/it.linkedin.com\\\/company\\\/cinema-video-international\"],\"description\":\"Media Consulting & Marketing Agency\",\"email\":\"hello@darostudio.com\",\"legalName\":\"DARO studio LLC\",\"foundingDate\":\"2021-02-16\",\"numberOfEmployees\":{\"@type\":\"QuantitativeValue\",\"minValue\":\"1\",\"maxValue\":\"10\"}},{\"@type\":\"Person\",\"@id\":\"https:\\\/\\\/cinema.video\\\/it#\\\/schema\\\/person\\\/aeb01b91d874e8b01e76a1db04c668c6\",\"name\":\"Redazione\",\"image\":{\"@type\":\"ImageObject\",\"inLanguage\":\"it-IT\",\"@id\":\"https:\\\/\\\/secure.gravatar.com\\\/avatar\\\/06ad6f92eb14745b75fb592cadf8139d33242d81c9c8b085133c450aaf0b9731?s=96&d=mm&r=g\",\"url\":\"https:\\\/\\\/secure.gravatar.com\\\/avatar\\\/06ad6f92eb14745b75fb592cadf8139d33242d81c9c8b085133c450aaf0b9731?s=96&d=mm&r=g\",\"contentUrl\":\"https:\\\/\\\/secure.gravatar.com\\\/avatar\\\/06ad6f92eb14745b75fb592cadf8139d33242d81c9c8b085133c450aaf0b9731?s=96&d=mm&r=g\",\"caption\":\"Redazione\"},\"url\":\"https:\\\/\\\/cinema.video\\\/it\\\/author\\\/redazione\"}]}<\/script>\n<!-- \/ Yoast SEO Premium plugin. -->","yoast_head_json":{"title":"Friuli Venezia Giulia Annunciati i vincitori di Corti senza Confine - Cinema &amp; Video International","description":"Friuli Venezia Giulia Annunciati i vincitori di Corti senza Confine \u2013 friuli venezia giulia annunciati i vincitori. Sono stati resi noti i cinque cortomet","robots":{"index":"index","follow":"follow","max-snippet":"max-snippet:-1","max-image-preview":"max-image-preview:large","max-video-preview":"max-video-preview:-1"},"canonical":"https:\/\/cinema.video\/it\/friuli-venezia-giulia-annunciati-i-vincitori-di-corti-senza-confine","og_locale":"it_IT","og_type":"article","og_title":"Friuli Venezia Giulia Annunciati i vincitori di Corti senza Confine","og_description":"Friuli Venezia Giulia Annunciati i vincitori di Corti senza Confine \u2013 friuli venezia giulia annunciati i vincitori. Sono stati resi noti i cinque cortomet","og_url":"https:\/\/cinema.video\/it\/friuli-venezia-giulia-annunciati-i-vincitori-di-corti-senza-confine","og_site_name":"Cinema &amp; Video International","article_publisher":"https:\/\/www.facebook.com\/CinemaVideoInternational\/","article_published_time":"2024-06-14T15:07:18+00:00","article_modified_time":"2026-04-10T02:05:44+00:00","og_image":[{"width":2560,"height":1920,"url":"https:\/\/cinema.video\/wp-content\/uploads\/2024\/06\/foto_Cortisenzaconfine_14062024_1-scaled.jpg","type":"image\/jpeg"}],"author":"Redazione","twitter_card":"summary_large_image","twitter_misc":{"Scritto da":"Redazione","Tempo di lettura stimato":"5 minuti"},"schema":{"@context":"https:\/\/schema.org","@graph":[{"@type":"Article","@id":"https:\/\/cinema.video\/it\/friuli-venezia-giulia-annunciati-i-vincitori-di-corti-senza-confine#article","isPartOf":{"@id":"https:\/\/cinema.video\/it\/friuli-venezia-giulia-annunciati-i-vincitori-di-corti-senza-confine"},"author":{"name":"Redazione","@id":"https:\/\/cinema.video\/it#\/schema\/person\/aeb01b91d874e8b01e76a1db04c668c6"},"headline":"Friuli Venezia Giulia Annunciati i vincitori di Corti senza Confine","datePublished":"2024-06-14T15:07:18+00:00","dateModified":"2026-04-10T02:05:44+00:00","mainEntityOfPage":{"@id":"https:\/\/cinema.video\/it\/friuli-venezia-giulia-annunciati-i-vincitori-di-corti-senza-confine"},"wordCount":856,"publisher":{"@id":"https:\/\/cinema.video\/it#organization"},"image":{"@id":"https:\/\/cinema.video\/it\/friuli-venezia-giulia-annunciati-i-vincitori-di-corti-senza-confine#primaryimage"},"thumbnailUrl":"https:\/\/cinema.video\/wp-content\/uploads\/2024\/06\/foto_Cortisenzaconfine_14062024_1-scaled.jpg","keywords":["Cortometraggi","Select FVG FILM COMMISSION FVG FILM COMMISSION"],"inLanguage":"it-IT"},{"@type":"WebPage","@id":"https:\/\/cinema.video\/it\/friuli-venezia-giulia-annunciati-i-vincitori-di-corti-senza-confine","url":"https:\/\/cinema.video\/it\/friuli-venezia-giulia-annunciati-i-vincitori-di-corti-senza-confine","name":"Friuli Venezia Giulia Annunciati i vincitori di Corti senza Confine - Cinema &amp; Video International","isPartOf":{"@id":"https:\/\/cinema.video\/it#website"},"primaryImageOfPage":{"@id":"https:\/\/cinema.video\/it\/friuli-venezia-giulia-annunciati-i-vincitori-di-corti-senza-confine#primaryimage"},"image":{"@id":"https:\/\/cinema.video\/it\/friuli-venezia-giulia-annunciati-i-vincitori-di-corti-senza-confine#primaryimage"},"thumbnailUrl":"https:\/\/cinema.video\/wp-content\/uploads\/2024\/06\/foto_Cortisenzaconfine_14062024_1-scaled.jpg","datePublished":"2024-06-14T15:07:18+00:00","dateModified":"2026-04-10T02:05:44+00:00","description":"Friuli Venezia Giulia Annunciati i vincitori di Corti senza Confine \u2013 friuli venezia giulia annunciati i vincitori. Sono stati resi noti i cinque cortomet","breadcrumb":{"@id":"https:\/\/cinema.video\/it\/friuli-venezia-giulia-annunciati-i-vincitori-di-corti-senza-confine#breadcrumb"},"inLanguage":"it-IT","potentialAction":[{"@type":"ReadAction","target":["https:\/\/cinema.video\/it\/friuli-venezia-giulia-annunciati-i-vincitori-di-corti-senza-confine"]}]},{"@type":"ImageObject","inLanguage":"it-IT","@id":"https:\/\/cinema.video\/it\/friuli-venezia-giulia-annunciati-i-vincitori-di-corti-senza-confine#primaryimage","url":"https:\/\/cinema.video\/wp-content\/uploads\/2024\/06\/foto_Cortisenzaconfine_14062024_1-scaled.jpg","contentUrl":"https:\/\/cinema.video\/wp-content\/uploads\/2024\/06\/foto_Cortisenzaconfine_14062024_1-scaled.jpg","width":2560,"height":1920},{"@type":"BreadcrumbList","@id":"https:\/\/cinema.video\/it\/friuli-venezia-giulia-annunciati-i-vincitori-di-corti-senza-confine#breadcrumb","itemListElement":[{"@type":"ListItem","position":1,"name":"Home","item":"https:\/\/cinema.video\/it\/home-2"},{"@type":"ListItem","position":2,"name":"Friuli Venezia Giulia Annunciati i vincitori di Corti senza Confine"}]},{"@type":"WebSite","@id":"https:\/\/cinema.video\/it#website","url":"https:\/\/cinema.video\/it","name":"Cinema & Video International","description":"Film &amp; Audiovisual Industry Trade Magazine","publisher":{"@id":"https:\/\/cinema.video\/it#organization"},"alternateName":"Cinema & Video","potentialAction":[{"@type":"SearchAction","target":{"@type":"EntryPoint","urlTemplate":"https:\/\/cinema.video\/it?s={search_term_string}"},"query-input":{"@type":"PropertyValueSpecification","valueRequired":true,"valueName":"search_term_string"}}],"inLanguage":"it-IT"},{"@type":"Organization","@id":"https:\/\/cinema.video\/it#organization","name":"Cinema & Video","url":"https:\/\/cinema.video\/it","logo":{"@type":"ImageObject","inLanguage":"it-IT","@id":"https:\/\/cinema.video\/it#\/schema\/logo\/image\/","url":"https:\/\/cinema.video\/wp-content\/uploads\/2026\/04\/CinemVideo_LogoBlack.png","contentUrl":"https:\/\/cinema.video\/wp-content\/uploads\/2026\/04\/CinemVideo_LogoBlack.png","width":1336,"height":224,"caption":"Cinema & Video"},"image":{"@id":"https:\/\/cinema.video\/it#\/schema\/logo\/image\/"},"sameAs":["https:\/\/www.facebook.com\/CinemaVideoInternational\/","https:\/\/www.instagram.com\/cinemaevideointernational\/","https:\/\/it.linkedin.com\/company\/cinema-video-international"],"description":"Media Consulting & Marketing Agency","email":"hello@darostudio.com","legalName":"DARO studio LLC","foundingDate":"2021-02-16","numberOfEmployees":{"@type":"QuantitativeValue","minValue":"1","maxValue":"10"}},{"@type":"Person","@id":"https:\/\/cinema.video\/it#\/schema\/person\/aeb01b91d874e8b01e76a1db04c668c6","name":"Redazione","image":{"@type":"ImageObject","inLanguage":"it-IT","@id":"https:\/\/secure.gravatar.com\/avatar\/06ad6f92eb14745b75fb592cadf8139d33242d81c9c8b085133c450aaf0b9731?s=96&d=mm&r=g","url":"https:\/\/secure.gravatar.com\/avatar\/06ad6f92eb14745b75fb592cadf8139d33242d81c9c8b085133c450aaf0b9731?s=96&d=mm&r=g","contentUrl":"https:\/\/secure.gravatar.com\/avatar\/06ad6f92eb14745b75fb592cadf8139d33242d81c9c8b085133c450aaf0b9731?s=96&d=mm&r=g","caption":"Redazione"},"url":"https:\/\/cinema.video\/it\/author\/redazione"}]}},"jetpack_featured_media_url":"https:\/\/cinema.video\/wp-content\/uploads\/2024\/06\/foto_Cortisenzaconfine_14062024_1-scaled.jpg","jetpack_shortlink":"https:\/\/wp.me\/ph672m-1fn1","_links":{"self":[{"href":"https:\/\/cinema.video\/it\/wp-json\/wp\/v2\/posts\/297415","targetHints":{"allow":["GET"]}}],"collection":[{"href":"https:\/\/cinema.video\/it\/wp-json\/wp\/v2\/posts"}],"about":[{"href":"https:\/\/cinema.video\/it\/wp-json\/wp\/v2\/types\/post"}],"author":[{"embeddable":true,"href":"https:\/\/cinema.video\/it\/wp-json\/wp\/v2\/users\/26"}],"replies":[{"embeddable":true,"href":"https:\/\/cinema.video\/it\/wp-json\/wp\/v2\/comments?post=297415"}],"version-history":[{"count":1,"href":"https:\/\/cinema.video\/it\/wp-json\/wp\/v2\/posts\/297415\/revisions"}],"predecessor-version":[{"id":309387,"href":"https:\/\/cinema.video\/it\/wp-json\/wp\/v2\/posts\/297415\/revisions\/309387"}],"wp:featuredmedia":[{"embeddable":true,"href":"https:\/\/cinema.video\/it\/wp-json\/wp\/v2\/media\/297420"}],"wp:attachment":[{"href":"https:\/\/cinema.video\/it\/wp-json\/wp\/v2\/media?parent=297415"}],"wp:term":[{"taxonomy":"category","embeddable":true,"href":"https:\/\/cinema.video\/it\/wp-json\/wp\/v2\/categories?post=297415"},{"taxonomy":"post_tag","embeddable":true,"href":"https:\/\/cinema.video\/it\/wp-json\/wp\/v2\/tags?post=297415"}],"curies":[{"name":"wp","href":"https:\/\/api.w.org\/{rel}","templated":true}]}}