{"id":297395,"date":"2024-06-12T23:00:00","date_gmt":"2024-06-12T21:00:00","guid":{"rendered":"https:\/\/cinema.video\/?p=297395"},"modified":"2026-04-10T04:05:43","modified_gmt":"2026-04-10T02:05:43","slug":"i-maximo-awards-2024-e-il-futuro-dellaudiovisivo-italiano","status":"publish","type":"post","link":"https:\/\/cinema.video\/it\/i-maximo-awards-2024-e-il-futuro-dellaudiovisivo-italiano","title":{"rendered":"I Maximo Awards 2024 e il futuro dell&#8217;audiovisivo italiano"},"content":{"rendered":"\n<p class=\"wp-block-paragraph\">La seconda giornata dell&#8217;Audio-visual Producers Summit si \u00e8 chiusa ieri con la cerimonia di premiazione dei <strong>Maximo Awards 2024 <\/strong>per celebrare l&#8217;eccellenza in campo audiovisivo e dare risalto ai volti, gli autori e i professionisti impegnati nella creazione di contenuti per la TV e le piattaforme OTT in Italia. I premi sono stati consegnati al seguito di un&#8217;intensa giornata di lavori focalizzata sulla centralit\u00e0 del contenuto e dell&#8217;innovazione tecnologica per il futuro dell&#8217;industria. <\/p>\n\n\n\n<p class=\"wp-block-paragraph\">La preoccupazione dell\u2019Italia, la cui capacit\u00e0 e qualit\u00e0 produttiva \u00e8 indubbiamente cresciuta negli ultimi anni, come dichiarato dai diversi ospiti che si sono avvicendati sul palco, diventa ora il contenuto e la sua potenzialit\u00e0 di viaggiare oltre confine. Il discorso ritorna alla base della produzione: il concept dei progetti e lo storytelling.<\/p>\n\n\n\n<p class=\"wp-block-paragraph\"><strong>Wayne Garvie<\/strong> (President of International Production, Sony Pictures Television) apre le conversazioni della seconda giornata dell\u2019AVPSummit con un keynote brillante: dalla creazione di un\u2019idea, ai successi inaspettati dei franchise americani e la loro forza di multipiattaforma, ma anche i fallimenti dei progetti che non sono in grado di attrarre l\u2019attenzione dei commissioner internazionali, dai broadcaster alle piattaforme.\u00a0&#8220;<em>Curiosity is the main drive<\/em>&#8221; rivela il visionario Garvie. <\/p>\n\n\n\n<p class=\"wp-block-paragraph\">La riflessione quindi coinvolge i produttori audiovisivi che hanno preso parte alla tre giorni di evento e si sono alternati sul palco per condividere case history di successi nazionali e internazionali, cercando di riflettere sulla formula del successo: <strong>Verdiana Bixio <\/strong>(Publispei), <strong>Benedetto Habib<\/strong> (Indiana Production), <strong>Federico Scardamaglia<\/strong> (Compagnia Leone Cinematografica), <strong>Roberto Sessa<\/strong> (Picomedia), <strong>Federica Lucisano<\/strong> (Lucisano Media Group), <strong>Luca Bernabei <\/strong>(Lux Vide) e <strong>Nicola Serra<\/strong> (Palomar). Proprio Nicola Serra di <strong>Palomar<\/strong> si \u00e8 fermato a ragionare con sincerit\u00e0 su quella che poteva essere la formula del successo delle sue produzioni. Con oltre 60 titoli prodotti, qualche insuccesso &#8211; come da lui ammesso &#8211; e una rosa corposa di titoli che hanno saputo oltrepassare i confini nazionali, la linea tracciata dalle sue produzioni non ha seguito un percorso ben preciso ed \u00e8 stata pi\u00f9 indirizzata da progetti interessanti che gli sono capitati tra le mani e la sua capacit\u00e0 intuitiva di fiutarne le potenzialit\u00e0. Tra quelli da lui citati <strong><em>Il nome della Rosa<\/em><\/strong>, il <strong><em>Montalbano<\/em><\/strong> di Camilleri, <strong><em>That Dirty Black Bag<\/em><\/strong>, la teen drama <strong><em>Braccialetti Rossi<\/em><\/strong> (che aveva anche attirato l&#8217;attenzione di Steven Spielberg). Serra ha saputo di certo creare contenuti in grado di rivelare le nostre radici culturali, svelarne il mediterraneo sullo sfondo e al contempo costruire sinergie internazionali di successo. La sfida infatti sembra proprio consistere nel saper attrarre investitori e partner stranieri, ma anche creare contenuti in grado di raggiungere pubblici nuovi, aprendosi al mercato internazionale. <strong>Netflix<\/strong> enfatizza la centralit\u00e0 della qualit\u00e0 artistica e predilige un lavoro di concerto con i produttori, come hanno ripetuto pi\u00f9 volte nel corso del loro panel <strong>Chiara D\u2019Alfonso<\/strong> (Head of Production Italy, Netflix) e <strong>Luisa Cotta Ramosino<\/strong> (Director of Italian language series, Netflix). Di fatto il prodotto, anche degli OTT che ormai guardano al pubblico generalista della televisione lineare, viene creato per incontrare i favori del pubblico locale e il successo internazionale fa fatica ad essere raggiunto dai titoli originali prodotti a livello nazionale, nonostante l\u2019aspetto globale delle piattaforme di streaming. Sono pochi i casi citati dalle due referenti per lo streamer americano: <strong><em>La Casa de Papel <\/em><\/strong>e <strong><em>Squid Games<\/em><\/strong>, prodotti rispettivamente da Spagna e Corea, e le cui ragioni del successo sono ancora incerte e passano per il passaparola reale e virtuale, pi\u00f9 che per un percorso ben preciso. <strong>Federica Lucisano<\/strong>, orgogliosa dei risultati di molte commedie prodotte e portate in sala da Lucisano Media Group come <em>Scusate se esisto?<\/em>, ci racconta che la domanda che si pone \u00e8: &#8220;<em>would I pay a ticket to watch this movie?<\/em>&#8220;. Sicuramente la domanda che dovrebbero porsi tutti i produttori cinematografici oggi. Anche la Lucisano racconta di affidarsi all&#8217;istinto e alla &#8220;pelle d&#8217;oca&#8221; alla prima lettura di una sceneggiatura. <\/p>\n\n\n\n<p class=\"wp-block-paragraph\">Gli speaker internazionali coinvolti nei talk della seconda giornata di evento hanno offerto per\u00f2 spunti di riflessione agli italiani. <strong>DeVon Franklin <\/strong>(Franklin Entertainment), che ha fondato il suo business sul prodotto faith-based\u00a0molto richiesto sul mercato, specialmente americano, suggerisce ai produttori di porsi una mission, che nel suo caso \u00e8 <em>&#8220;to make movies that could bring change to the world, engage people on a deep level, but also being commercial.\u00a0The goal is creating hopes.&#8221;<\/em> Una sfida ambiziosa che sicuramente suggerisce la necessit\u00e0 di tracciare una rotta.<\/p>\n\n\n\n<p class=\"wp-block-paragraph\">Anche la nostra Storia e le storie vere emergono nel corso dei talk come una risorsa alla quale guardare. Ma \u00e8 il coraggio a rivelarsi l&#8217;elemento mancante nella produzione in Italia: il coraggio di raccontare storie diverse, pi\u00f9 ambiziose, che escano dai canoni del gi\u00e0 visto.<\/p>\n\n\n\n<p class=\"wp-block-paragraph\">Il programma ha anche ospitato dei panel a focus tecnologico. Un talk sull&#8217;intelligenza artificiale e gli usi positivi che se ne possono fare, ma gli esempi di applicazioni nei comparti creativi mostrati hanno evidenziato involontariamente anche le implicazioni legali di determinate applicazioni e la necessit\u00e0 di una regolamentazione in Europa. Mentre sul lato puramente tecnologico <strong>Christina Lee Storm<\/strong> (Asher XR) ha fornito un&#8217;overview illuminante sulla produzione di entertainment per il multipiattaforma e la digitalizzazione dei processi produttivi che include anche la rivoluzione portata dalla real-time-animation. <\/p>\n\n\n\n<p class=\"wp-block-paragraph\">La giornata si \u00e8 conclusa con una piacevole serata nella quale sono stati protagonisti i professionisti della produzione audiovisiva seriale in Italia vincitori dei <strong>Maximo Awards 2024<\/strong>.<\/p>\n\n\n\n<h2 class=\"wp-block-heading\">Tutti i premi Maximo Awards 2024<\/h2>\n\n\n\n<figure class=\"wp-block-gallery has-nested-images columns-default is-cropped wp-block-gallery-1 is-layout-flex wp-block-gallery-is-layout-flex\">\n<figure class=\"wp-block-image size-large\"><img loading=\"lazy\" decoding=\"async\" width=\"681\" height=\"1024\" data-id=\"297408\" src=\"https:\/\/cinema.video\/wp-content\/uploads\/2024\/06\/ALESSIO-BONI2-681x1024.jpg\" alt=\"\" class=\"wp-image-297408\" srcset=\"https:\/\/cinema.video\/wp-content\/uploads\/2024\/06\/ALESSIO-BONI2-scaled.jpg 681w, https:\/\/cinema.video\/wp-content\/uploads\/2024\/06\/ALESSIO-BONI2-scaled.jpg 200w, https:\/\/cinema.video\/wp-content\/uploads\/2024\/06\/ALESSIO-BONI2-scaled.jpg 768w, https:\/\/cinema.video\/wp-content\/uploads\/2024\/06\/ALESSIO-BONI2-scaled.jpg 1022w, https:\/\/cinema.video\/wp-content\/uploads\/2024\/06\/ALESSIO-BONI2-scaled.jpg 1363w, https:\/\/cinema.video\/wp-content\/uploads\/2024\/06\/ALESSIO-BONI2-scaled.jpg 150w, https:\/\/cinema.video\/wp-content\/uploads\/2024\/06\/ALESSIO-BONI2-scaled.jpg 300w, https:\/\/cinema.video\/wp-content\/uploads\/2024\/06\/ALESSIO-BONI2-scaled.jpg 696w, https:\/\/cinema.video\/wp-content\/uploads\/2024\/06\/ALESSIO-BONI2-scaled.jpg 1068w, https:\/\/cinema.video\/wp-content\/uploads\/2024\/06\/ALESSIO-BONI2-scaled.jpg 1920w, https:\/\/cinema.video\/wp-content\/uploads\/2024\/06\/ALESSIO-BONI2-scaled.jpg 279w, https:\/\/cinema.video\/wp-content\/uploads\/2024\/06\/ALESSIO-BONI2-scaled.jpg 1703w\" sizes=\"auto, (max-width: 681px) 100vw, 681px\" \/><\/figure>\n\n\n\n<figure class=\"wp-block-image size-large\"><img loading=\"lazy\" decoding=\"async\" width=\"1024\" height=\"682\" data-id=\"297398\" src=\"https:\/\/cinema.video\/wp-content\/uploads\/2024\/06\/Anton-Giulio-Grande-Commissario-Straordinario-Fondazione-Film-Commission-Regione-Calabria-e-Nicola-Serra-1024x682.jpg\" alt=\"\" class=\"wp-image-297398\" srcset=\"https:\/\/cinema.video\/wp-content\/uploads\/2024\/06\/Anton-Giulio-Grande-Commissario-Straordinario-Fondazione-Film-Commission-Regione-Calabria-e-Nicola-Serra.jpg 1024w, https:\/\/cinema.video\/wp-content\/uploads\/2024\/06\/Anton-Giulio-Grande-Commissario-Straordinario-Fondazione-Film-Commission-Regione-Calabria-e-Nicola-Serra.jpg 300w, https:\/\/cinema.video\/wp-content\/uploads\/2024\/06\/Anton-Giulio-Grande-Commissario-Straordinario-Fondazione-Film-Commission-Regione-Calabria-e-Nicola-Serra.jpg 768w, https:\/\/cinema.video\/wp-content\/uploads\/2024\/06\/Anton-Giulio-Grande-Commissario-Straordinario-Fondazione-Film-Commission-Regione-Calabria-e-Nicola-Serra.jpg 1536w, https:\/\/cinema.video\/wp-content\/uploads\/2024\/06\/Anton-Giulio-Grande-Commissario-Straordinario-Fondazione-Film-Commission-Regione-Calabria-e-Nicola-Serra.jpg 150w, https:\/\/cinema.video\/wp-content\/uploads\/2024\/06\/Anton-Giulio-Grande-Commissario-Straordinario-Fondazione-Film-Commission-Regione-Calabria-e-Nicola-Serra.jpg 696w, https:\/\/cinema.video\/wp-content\/uploads\/2024\/06\/Anton-Giulio-Grande-Commissario-Straordinario-Fondazione-Film-Commission-Regione-Calabria-e-Nicola-Serra.jpg 1068w, https:\/\/cinema.video\/wp-content\/uploads\/2024\/06\/Anton-Giulio-Grande-Commissario-Straordinario-Fondazione-Film-Commission-Regione-Calabria-e-Nicola-Serra.jpg 1920w, https:\/\/cinema.video\/wp-content\/uploads\/2024\/06\/Anton-Giulio-Grande-Commissario-Straordinario-Fondazione-Film-Commission-Regione-Calabria-e-Nicola-Serra.jpg 631w, https:\/\/cinema.video\/wp-content\/uploads\/2024\/06\/Anton-Giulio-Grande-Commissario-Straordinario-Fondazione-Film-Commission-Regione-Calabria-e-Nicola-Serra.jpg 2048w, https:\/\/cinema.video\/wp-content\/uploads\/2024\/06\/Anton-Giulio-Grande-Commissario-Straordinario-Fondazione-Film-Commission-Regione-Calabria-e-Nicola-Serra.jpg 1392w\" sizes=\"auto, (max-width: 696px) 100vw, 696px\" \/><\/figure>\n\n\n\n<figure class=\"wp-block-image size-large\"><img loading=\"lazy\" decoding=\"async\" width=\"1024\" height=\"667\" data-id=\"297397\" src=\"https:\/\/cinema.video\/wp-content\/uploads\/2024\/06\/ANTON-GIULIO-GRANDE-commissario-straordinario-Fondazione-FilmCommission-Regione-Calabria-e-LUCIA-BORGONZONI-Sottosegretario-alla-Cultura-1024x667.jpg\" alt=\"\" class=\"wp-image-297397\" srcset=\"https:\/\/cinema.video\/wp-content\/uploads\/2024\/06\/ANTON-GIULIO-GRANDE-commissario-straordinario-Fondazione-FilmCommission-Regione-Calabria-e-LUCIA-BORGONZONI-Sottosegretario-alla-Cultura.jpg 1024w, https:\/\/cinema.video\/wp-content\/uploads\/2024\/06\/ANTON-GIULIO-GRANDE-commissario-straordinario-Fondazione-FilmCommission-Regione-Calabria-e-LUCIA-BORGONZONI-Sottosegretario-alla-Cultura.jpg 300w, https:\/\/cinema.video\/wp-content\/uploads\/2024\/06\/ANTON-GIULIO-GRANDE-commissario-straordinario-Fondazione-FilmCommission-Regione-Calabria-e-LUCIA-BORGONZONI-Sottosegretario-alla-Cultura.jpg 768w, https:\/\/cinema.video\/wp-content\/uploads\/2024\/06\/ANTON-GIULIO-GRANDE-commissario-straordinario-Fondazione-FilmCommission-Regione-Calabria-e-LUCIA-BORGONZONI-Sottosegretario-alla-Cultura.jpg 150w, https:\/\/cinema.video\/wp-content\/uploads\/2024\/06\/ANTON-GIULIO-GRANDE-commissario-straordinario-Fondazione-FilmCommission-Regione-Calabria-e-LUCIA-BORGONZONI-Sottosegretario-alla-Cultura.jpg 696w, https:\/\/cinema.video\/wp-content\/uploads\/2024\/06\/ANTON-GIULIO-GRANDE-commissario-straordinario-Fondazione-FilmCommission-Regione-Calabria-e-LUCIA-BORGONZONI-Sottosegretario-alla-Cultura.jpg 1068w, https:\/\/cinema.video\/wp-content\/uploads\/2024\/06\/ANTON-GIULIO-GRANDE-commissario-straordinario-Fondazione-FilmCommission-Regione-Calabria-e-LUCIA-BORGONZONI-Sottosegretario-alla-Cultura.jpg 645w, https:\/\/cinema.video\/wp-content\/uploads\/2024\/06\/ANTON-GIULIO-GRANDE-commissario-straordinario-Fondazione-FilmCommission-Regione-Calabria-e-LUCIA-BORGONZONI-Sottosegretario-alla-Cultura.jpg 1290w\" sizes=\"auto, (max-width: 696px) 100vw, 696px\" \/><\/figure>\n\n\n\n<figure class=\"wp-block-image size-large\"><img loading=\"lazy\" decoding=\"async\" width=\"1024\" height=\"682\" data-id=\"297399\" src=\"https:\/\/cinema.video\/wp-content\/uploads\/2024\/06\/Luca-Bernabei-e-Roberto-Occhiuto-Presidente-Regione-Calabria-1024x682.jpg\" alt=\"\" class=\"wp-image-297399\" srcset=\"https:\/\/cinema.video\/wp-content\/uploads\/2024\/06\/Luca-Bernabei-e-Roberto-Occhiuto-Presidente-Regione-Calabria.jpg 1024w, https:\/\/cinema.video\/wp-content\/uploads\/2024\/06\/Luca-Bernabei-e-Roberto-Occhiuto-Presidente-Regione-Calabria.jpg 300w, https:\/\/cinema.video\/wp-content\/uploads\/2024\/06\/Luca-Bernabei-e-Roberto-Occhiuto-Presidente-Regione-Calabria.jpg 768w, https:\/\/cinema.video\/wp-content\/uploads\/2024\/06\/Luca-Bernabei-e-Roberto-Occhiuto-Presidente-Regione-Calabria.jpg 1536w, https:\/\/cinema.video\/wp-content\/uploads\/2024\/06\/Luca-Bernabei-e-Roberto-Occhiuto-Presidente-Regione-Calabria.jpg 2048w, https:\/\/cinema.video\/wp-content\/uploads\/2024\/06\/Luca-Bernabei-e-Roberto-Occhiuto-Presidente-Regione-Calabria.jpg 150w, https:\/\/cinema.video\/wp-content\/uploads\/2024\/06\/Luca-Bernabei-e-Roberto-Occhiuto-Presidente-Regione-Calabria.jpg 696w, https:\/\/cinema.video\/wp-content\/uploads\/2024\/06\/Luca-Bernabei-e-Roberto-Occhiuto-Presidente-Regione-Calabria.jpg 1068w, https:\/\/cinema.video\/wp-content\/uploads\/2024\/06\/Luca-Bernabei-e-Roberto-Occhiuto-Presidente-Regione-Calabria.jpg 1920w, https:\/\/cinema.video\/wp-content\/uploads\/2024\/06\/Luca-Bernabei-e-Roberto-Occhiuto-Presidente-Regione-Calabria.jpg 630w, https:\/\/cinema.video\/wp-content\/uploads\/2024\/06\/Luca-Bernabei-e-Roberto-Occhiuto-Presidente-Regione-Calabria.jpg 1392w\" sizes=\"auto, (max-width: 696px) 100vw, 696px\" \/><\/figure>\n\n\n\n<figure class=\"wp-block-image size-large\"><img loading=\"lazy\" decoding=\"async\" width=\"1024\" height=\"681\" data-id=\"297402\" src=\"https:\/\/cinema.video\/wp-content\/uploads\/2024\/06\/MARCO-FOLLINI-E-ROBERTO-SESSA-1024x681.jpg\" alt=\"\" class=\"wp-image-297402\" srcset=\"https:\/\/cinema.video\/wp-content\/uploads\/2024\/06\/MARCO-FOLLINI-E-ROBERTO-SESSA-scaled.jpg 1024w, https:\/\/cinema.video\/wp-content\/uploads\/2024\/06\/MARCO-FOLLINI-E-ROBERTO-SESSA-scaled.jpg 300w, https:\/\/cinema.video\/wp-content\/uploads\/2024\/06\/MARCO-FOLLINI-E-ROBERTO-SESSA-scaled.jpg 768w, https:\/\/cinema.video\/wp-content\/uploads\/2024\/06\/MARCO-FOLLINI-E-ROBERTO-SESSA-scaled.jpg 1536w, https:\/\/cinema.video\/wp-content\/uploads\/2024\/06\/MARCO-FOLLINI-E-ROBERTO-SESSA-scaled.jpg 2048w, https:\/\/cinema.video\/wp-content\/uploads\/2024\/06\/MARCO-FOLLINI-E-ROBERTO-SESSA-scaled.jpg 150w, https:\/\/cinema.video\/wp-content\/uploads\/2024\/06\/MARCO-FOLLINI-E-ROBERTO-SESSA-scaled.jpg 696w, https:\/\/cinema.video\/wp-content\/uploads\/2024\/06\/MARCO-FOLLINI-E-ROBERTO-SESSA-scaled.jpg 1068w, https:\/\/cinema.video\/wp-content\/uploads\/2024\/06\/MARCO-FOLLINI-E-ROBERTO-SESSA-scaled.jpg 1920w, https:\/\/cinema.video\/wp-content\/uploads\/2024\/06\/MARCO-FOLLINI-E-ROBERTO-SESSA-scaled.jpg 631w, https:\/\/cinema.video\/wp-content\/uploads\/2024\/06\/MARCO-FOLLINI-E-ROBERTO-SESSA-scaled.jpg 1392w\" sizes=\"auto, (max-width: 696px) 100vw, 696px\" \/><\/figure>\n\n\n\n<figure class=\"wp-block-image size-large\"><img loading=\"lazy\" decoding=\"async\" width=\"1024\" height=\"681\" data-id=\"297401\" src=\"https:\/\/cinema.video\/wp-content\/uploads\/2024\/06\/MARCO-PONTECORVO-e-GILDO-CLAPS-1024x681.jpg\" alt=\"\" class=\"wp-image-297401\" srcset=\"https:\/\/cinema.video\/wp-content\/uploads\/2024\/06\/MARCO-PONTECORVO-e-GILDO-CLAPS-scaled.jpg 1024w, https:\/\/cinema.video\/wp-content\/uploads\/2024\/06\/MARCO-PONTECORVO-e-GILDO-CLAPS-scaled.jpg 300w, https:\/\/cinema.video\/wp-content\/uploads\/2024\/06\/MARCO-PONTECORVO-e-GILDO-CLAPS-scaled.jpg 768w, https:\/\/cinema.video\/wp-content\/uploads\/2024\/06\/MARCO-PONTECORVO-e-GILDO-CLAPS-scaled.jpg 1536w, https:\/\/cinema.video\/wp-content\/uploads\/2024\/06\/MARCO-PONTECORVO-e-GILDO-CLAPS-scaled.jpg 2048w, https:\/\/cinema.video\/wp-content\/uploads\/2024\/06\/MARCO-PONTECORVO-e-GILDO-CLAPS-scaled.jpg 150w, https:\/\/cinema.video\/wp-content\/uploads\/2024\/06\/MARCO-PONTECORVO-e-GILDO-CLAPS-scaled.jpg 696w, https:\/\/cinema.video\/wp-content\/uploads\/2024\/06\/MARCO-PONTECORVO-e-GILDO-CLAPS-scaled.jpg 1068w, https:\/\/cinema.video\/wp-content\/uploads\/2024\/06\/MARCO-PONTECORVO-e-GILDO-CLAPS-scaled.jpg 1920w, https:\/\/cinema.video\/wp-content\/uploads\/2024\/06\/MARCO-PONTECORVO-e-GILDO-CLAPS-scaled.jpg 631w, https:\/\/cinema.video\/wp-content\/uploads\/2024\/06\/MARCO-PONTECORVO-e-GILDO-CLAPS-scaled.jpg 1392w\" sizes=\"auto, (max-width: 696px) 100vw, 696px\" \/><\/figure>\n\n\n\n<figure class=\"wp-block-image size-large\"><img loading=\"lazy\" decoding=\"async\" width=\"1024\" height=\"681\" data-id=\"297403\" src=\"https:\/\/cinema.video\/wp-content\/uploads\/2024\/06\/MASSIMILIANO-BRUNO-1024x681.jpg\" alt=\"\" class=\"wp-image-297403\" srcset=\"https:\/\/cinema.video\/wp-content\/uploads\/2024\/06\/MASSIMILIANO-BRUNO-scaled.jpg 1024w, https:\/\/cinema.video\/wp-content\/uploads\/2024\/06\/MASSIMILIANO-BRUNO-scaled.jpg 300w, https:\/\/cinema.video\/wp-content\/uploads\/2024\/06\/MASSIMILIANO-BRUNO-scaled.jpg 768w, https:\/\/cinema.video\/wp-content\/uploads\/2024\/06\/MASSIMILIANO-BRUNO-scaled.jpg 1536w, https:\/\/cinema.video\/wp-content\/uploads\/2024\/06\/MASSIMILIANO-BRUNO-scaled.jpg 2048w, https:\/\/cinema.video\/wp-content\/uploads\/2024\/06\/MASSIMILIANO-BRUNO-scaled.jpg 150w, https:\/\/cinema.video\/wp-content\/uploads\/2024\/06\/MASSIMILIANO-BRUNO-scaled.jpg 696w, https:\/\/cinema.video\/wp-content\/uploads\/2024\/06\/MASSIMILIANO-BRUNO-scaled.jpg 1068w, https:\/\/cinema.video\/wp-content\/uploads\/2024\/06\/MASSIMILIANO-BRUNO-scaled.jpg 1920w, https:\/\/cinema.video\/wp-content\/uploads\/2024\/06\/MASSIMILIANO-BRUNO-scaled.jpg 631w, https:\/\/cinema.video\/wp-content\/uploads\/2024\/06\/MASSIMILIANO-BRUNO-scaled.jpg 1392w\" sizes=\"auto, (max-width: 696px) 100vw, 696px\" \/><\/figure>\n\n\n\n<figure class=\"wp-block-image size-large\"><img loading=\"lazy\" decoding=\"async\" width=\"1024\" height=\"681\" data-id=\"297407\" src=\"https:\/\/cinema.video\/wp-content\/uploads\/2024\/06\/MATILDE-E-LUCA-BERNABEI-1024x681.jpg\" alt=\"\" class=\"wp-image-297407\" srcset=\"https:\/\/cinema.video\/wp-content\/uploads\/2024\/06\/MATILDE-E-LUCA-BERNABEI-scaled.jpg 1024w, https:\/\/cinema.video\/wp-content\/uploads\/2024\/06\/MATILDE-E-LUCA-BERNABEI-scaled.jpg 300w, https:\/\/cinema.video\/wp-content\/uploads\/2024\/06\/MATILDE-E-LUCA-BERNABEI-scaled.jpg 768w, https:\/\/cinema.video\/wp-content\/uploads\/2024\/06\/MATILDE-E-LUCA-BERNABEI-scaled.jpg 1536w, https:\/\/cinema.video\/wp-content\/uploads\/2024\/06\/MATILDE-E-LUCA-BERNABEI-scaled.jpg 2048w, https:\/\/cinema.video\/wp-content\/uploads\/2024\/06\/MATILDE-E-LUCA-BERNABEI-scaled.jpg 150w, https:\/\/cinema.video\/wp-content\/uploads\/2024\/06\/MATILDE-E-LUCA-BERNABEI-scaled.jpg 696w, https:\/\/cinema.video\/wp-content\/uploads\/2024\/06\/MATILDE-E-LUCA-BERNABEI-scaled.jpg 1068w, https:\/\/cinema.video\/wp-content\/uploads\/2024\/06\/MATILDE-E-LUCA-BERNABEI-scaled.jpg 1920w, https:\/\/cinema.video\/wp-content\/uploads\/2024\/06\/MATILDE-E-LUCA-BERNABEI-scaled.jpg 631w, https:\/\/cinema.video\/wp-content\/uploads\/2024\/06\/MATILDE-E-LUCA-BERNABEI-scaled.jpg 1392w\" sizes=\"auto, (max-width: 696px) 100vw, 696px\" \/><\/figure>\n\n\n\n<figure class=\"wp-block-image size-large\"><img loading=\"lazy\" decoding=\"async\" width=\"1024\" height=\"681\" data-id=\"297405\" src=\"https:\/\/cinema.video\/wp-content\/uploads\/2024\/06\/PAOLA-LUCISANO-MASSIMILIANO-BRUNO-e-FEDERICA-LUCISANO-1024x681.jpg\" alt=\"\" class=\"wp-image-297405\" srcset=\"https:\/\/cinema.video\/wp-content\/uploads\/2024\/06\/PAOLA-LUCISANO-MASSIMILIANO-BRUNO-e-FEDERICA-LUCISANO-scaled.jpg 1024w, https:\/\/cinema.video\/wp-content\/uploads\/2024\/06\/PAOLA-LUCISANO-MASSIMILIANO-BRUNO-e-FEDERICA-LUCISANO-scaled.jpg 300w, https:\/\/cinema.video\/wp-content\/uploads\/2024\/06\/PAOLA-LUCISANO-MASSIMILIANO-BRUNO-e-FEDERICA-LUCISANO-scaled.jpg 768w, https:\/\/cinema.video\/wp-content\/uploads\/2024\/06\/PAOLA-LUCISANO-MASSIMILIANO-BRUNO-e-FEDERICA-LUCISANO-scaled.jpg 1536w, https:\/\/cinema.video\/wp-content\/uploads\/2024\/06\/PAOLA-LUCISANO-MASSIMILIANO-BRUNO-e-FEDERICA-LUCISANO-scaled.jpg 2048w, https:\/\/cinema.video\/wp-content\/uploads\/2024\/06\/PAOLA-LUCISANO-MASSIMILIANO-BRUNO-e-FEDERICA-LUCISANO-scaled.jpg 150w, https:\/\/cinema.video\/wp-content\/uploads\/2024\/06\/PAOLA-LUCISANO-MASSIMILIANO-BRUNO-e-FEDERICA-LUCISANO-scaled.jpg 696w, https:\/\/cinema.video\/wp-content\/uploads\/2024\/06\/PAOLA-LUCISANO-MASSIMILIANO-BRUNO-e-FEDERICA-LUCISANO-scaled.jpg 1068w, https:\/\/cinema.video\/wp-content\/uploads\/2024\/06\/PAOLA-LUCISANO-MASSIMILIANO-BRUNO-e-FEDERICA-LUCISANO-scaled.jpg 1920w, https:\/\/cinema.video\/wp-content\/uploads\/2024\/06\/PAOLA-LUCISANO-MASSIMILIANO-BRUNO-e-FEDERICA-LUCISANO-scaled.jpg 631w, https:\/\/cinema.video\/wp-content\/uploads\/2024\/06\/PAOLA-LUCISANO-MASSIMILIANO-BRUNO-e-FEDERICA-LUCISANO-scaled.jpg 1392w\" sizes=\"auto, (max-width: 696px) 100vw, 696px\" \/><\/figure>\n\n\n\n<figure class=\"wp-block-image size-large\"><img loading=\"lazy\" decoding=\"async\" width=\"1024\" height=\"682\" data-id=\"297396\" src=\"https:\/\/cinema.video\/wp-content\/uploads\/2024\/06\/Roberto-Occhiuto-Presidente-Regione-Calabria_-Lucia-Borgonzoni-Sottosegretario-alla-Cultura_-Anton-Giulio-Grande-Commissario-Straordinario-Fondazione-FilmCommission-Regione-Calabria-1024x682.jpg\" alt=\"\" class=\"wp-image-297396\" srcset=\"https:\/\/cinema.video\/wp-content\/uploads\/2024\/06\/Roberto-Occhiuto-Presidente-Regione-Calabria_-Lucia-Borgonzoni-Sottosegretario-alla-Cultura_-Anton-Giulio-Grande-Commissario-Straordinario-Fondazione-FilmCommission-Regione-Calabria.jpg 1024w, https:\/\/cinema.video\/wp-content\/uploads\/2024\/06\/Roberto-Occhiuto-Presidente-Regione-Calabria_-Lucia-Borgonzoni-Sottosegretario-alla-Cultura_-Anton-Giulio-Grande-Commissario-Straordinario-Fondazione-FilmCommission-Regione-Calabria.jpg 300w, https:\/\/cinema.video\/wp-content\/uploads\/2024\/06\/Roberto-Occhiuto-Presidente-Regione-Calabria_-Lucia-Borgonzoni-Sottosegretario-alla-Cultura_-Anton-Giulio-Grande-Commissario-Straordinario-Fondazione-FilmCommission-Regione-Calabria.jpg 768w, https:\/\/cinema.video\/wp-content\/uploads\/2024\/06\/Roberto-Occhiuto-Presidente-Regione-Calabria_-Lucia-Borgonzoni-Sottosegretario-alla-Cultura_-Anton-Giulio-Grande-Commissario-Straordinario-Fondazione-FilmCommission-Regione-Calabria.jpg 1536w, https:\/\/cinema.video\/wp-content\/uploads\/2024\/06\/Roberto-Occhiuto-Presidente-Regione-Calabria_-Lucia-Borgonzoni-Sottosegretario-alla-Cultura_-Anton-Giulio-Grande-Commissario-Straordinario-Fondazione-FilmCommission-Regione-Calabria.jpg 150w, https:\/\/cinema.video\/wp-content\/uploads\/2024\/06\/Roberto-Occhiuto-Presidente-Regione-Calabria_-Lucia-Borgonzoni-Sottosegretario-alla-Cultura_-Anton-Giulio-Grande-Commissario-Straordinario-Fondazione-FilmCommission-Regione-Calabria.jpg 696w, https:\/\/cinema.video\/wp-content\/uploads\/2024\/06\/Roberto-Occhiuto-Presidente-Regione-Calabria_-Lucia-Borgonzoni-Sottosegretario-alla-Cultura_-Anton-Giulio-Grande-Commissario-Straordinario-Fondazione-FilmCommission-Regione-Calabria.jpg 1068w, https:\/\/cinema.video\/wp-content\/uploads\/2024\/06\/Roberto-Occhiuto-Presidente-Regione-Calabria_-Lucia-Borgonzoni-Sottosegretario-alla-Cultura_-Anton-Giulio-Grande-Commissario-Straordinario-Fondazione-FilmCommission-Regione-Calabria.jpg 630w, https:\/\/cinema.video\/wp-content\/uploads\/2024\/06\/Roberto-Occhiuto-Presidente-Regione-Calabria_-Lucia-Borgonzoni-Sottosegretario-alla-Cultura_-Anton-Giulio-Grande-Commissario-Straordinario-Fondazione-FilmCommission-Regione-Calabria.jpg 1600w, https:\/\/cinema.video\/wp-content\/uploads\/2024\/06\/Roberto-Occhiuto-Presidente-Regione-Calabria_-Lucia-Borgonzoni-Sottosegretario-alla-Cultura_-Anton-Giulio-Grande-Commissario-Straordinario-Fondazione-FilmCommission-Regione-Calabria.jpg 1392w\" sizes=\"auto, (max-width: 696px) 100vw, 696px\" \/><\/figure>\n\n\n\n<figure class=\"wp-block-image size-large\"><img loading=\"lazy\" decoding=\"async\" width=\"1024\" height=\"681\" data-id=\"297406\" src=\"https:\/\/cinema.video\/wp-content\/uploads\/2024\/06\/ROSA-DILETTA-ROSSI-1024x681.jpg\" alt=\"\" class=\"wp-image-297406\" srcset=\"https:\/\/cinema.video\/wp-content\/uploads\/2024\/06\/ROSA-DILETTA-ROSSI-scaled.jpg 1024w, https:\/\/cinema.video\/wp-content\/uploads\/2024\/06\/ROSA-DILETTA-ROSSI-scaled.jpg 300w, https:\/\/cinema.video\/wp-content\/uploads\/2024\/06\/ROSA-DILETTA-ROSSI-scaled.jpg 768w, https:\/\/cinema.video\/wp-content\/uploads\/2024\/06\/ROSA-DILETTA-ROSSI-scaled.jpg 1536w, https:\/\/cinema.video\/wp-content\/uploads\/2024\/06\/ROSA-DILETTA-ROSSI-scaled.jpg 2048w, https:\/\/cinema.video\/wp-content\/uploads\/2024\/06\/ROSA-DILETTA-ROSSI-scaled.jpg 150w, https:\/\/cinema.video\/wp-content\/uploads\/2024\/06\/ROSA-DILETTA-ROSSI-scaled.jpg 696w, https:\/\/cinema.video\/wp-content\/uploads\/2024\/06\/ROSA-DILETTA-ROSSI-scaled.jpg 1068w, https:\/\/cinema.video\/wp-content\/uploads\/2024\/06\/ROSA-DILETTA-ROSSI-scaled.jpg 1920w, https:\/\/cinema.video\/wp-content\/uploads\/2024\/06\/ROSA-DILETTA-ROSSI-scaled.jpg 631w, https:\/\/cinema.video\/wp-content\/uploads\/2024\/06\/ROSA-DILETTA-ROSSI-scaled.jpg 1392w\" sizes=\"auto, (max-width: 696px) 100vw, 696px\" \/><\/figure>\n<\/figure>\n\n\n\n<p class=\"wp-block-paragraph\"><strong>PREMIO SPECIALE CALABRIA FILM COMMISSION <\/strong>a<strong> Lucia Borgonzoni, Sottosegretario alla Cultura<\/strong><\/p>\n\n\n\n<p class=\"wp-block-paragraph\">per la promozione del Cinema Italiano nel Mondo e il suo impegno nella valorizzazione dei professionisti e maestranze dell\u2019audiovisivo, insieme al racconto dello straordinario patrimonio culturale e paesaggistico dell\u2019Italia.<\/p>\n\n\n\n<p class=\"wp-block-paragraph\">Ha consegnato il premio <strong>Anton Giulio Grande<\/strong>, Commissario Straordinario Fondazione Calabria Film Commission<\/p>\n\n\n\n<p class=\"wp-block-paragraph\"><strong>PREMIO MIGLIOR PRODUTTORE<\/strong> a <strong>Matilde e Luca Bernabei<\/strong> per <strong><em>\u201cDoc-Nelle tue mani 3\u201d, <\/em><\/strong>regia di Jan Maria Michelini, Nicola Abbatangelo, Matteo Oleotto, una produzione Lux Vide, societ\u00e0 del Gruppo Fremantle, in collaborazione con Rai Fiction. Hanno ritirato il premio <strong>Matilde e Luca Bernabei<\/strong>.<\/p>\n\n\n\n<p class=\"wp-block-paragraph\">Una serie che, stagione dopo stagione, ha confermato il suo successo. Nel 2020 al suo debutto su RAI1 si \u00e8 subito classificata come la serie pi\u00f9 seguita dal 2007 e da allora il format \u00e8 stato venduto in ben 12 paesi. Nel 2022 ha vinto un Nastro d\u2019Argento come Miglior Serie\/Dramedy e dopo l\u2019ennesimo boom di ascolti della terza stagione, Doc sbarca ora in America con un remake realizzato da Sony Pictures Television e Fox Entertainment Studios. \u00c8 la storia di un prodotto che racconta come l\u2019industria audiovisiva italiana si stia affermando sempre di pi\u00f9 nel panorama globale.<\/p>\n\n\n\n<p class=\"wp-block-paragraph\">Ha consegnato il premio <strong>Roberto Occhiuto<\/strong>, Presidente della Regione Calabria<\/p>\n\n\n\n<p class=\"wp-block-paragraph\"><strong>PREMIO MIGLIOR SERIE DRAMA <\/strong>a <strong><em>\u201cLa Storia\u201d, <\/em><\/strong>regia di Francesca Archibugi<strong><em>, <\/em><\/strong>una produzione Picomedia, in collaborazione con Rai Fiction e con Thalie Images, ha ritirato il premio il produttore <strong>Roberto Sessa.<\/strong><\/p>\n\n\n\n<p class=\"wp-block-paragraph\">Adattamento dell\u2019omonimo romanzo di Elsa Morante, vincitore del Nastro d\u2019Argento Serie dell\u2019anno, \u00e8 una serie che ha riportato alla memoria una pagina drammatica del nostro passato, senza tralasciarne la brutalit\u00e0, l\u2019efferatezza e il dolore che hanno segnato quegli anni. La magistrale regia di Francesca Archibugi, una sceneggiatura impeccabile, un cast d\u2019eccellenza, a partire dalla protagonista Jasmine Trinca e l\u2019importante sforzo produttivo nella ricostruzione degli ambienti cos\u00ec come dei costumi, hanno dato vita a un\u2019opera dall\u2019alto valore artistico ed etico.<\/p>\n\n\n\n<p class=\"wp-block-paragraph\">Ha consegnato il premio <strong>Marco Follini<\/strong>, Presidente APA Service<\/p>\n\n\n\n<p class=\"wp-block-paragraph\"><strong>PREMIO MIGLIOR SERIE COMEDY <\/strong>a <strong><em>\u201cNon ci resta che il crimine \u2013 La Serie\u201d, <\/em><\/strong>regia di Massimiliano Bruno e Alessio Maria Federici, una produzione Sky Studios e Italian International Film, hanno ritirato il premio le produttrici <strong>Paola e Federica Lucisano<\/strong>.<\/p>\n\n\n\n<p class=\"wp-block-paragraph\">Sequel della trilogia cinematografica, la serie punta su un cast che \u00e8 senza dubbio una garanzia e su una trama avvincente, con momenti esilaranti, capace di costruire un racconto accurato dei personaggi e del periodo storico in cui sono questa volta catapultati. Una serie dal tono leggero, che con l\u2019ironia arriva dritto all\u2019obiettivo: intrattenere il pubblico.<\/p>\n\n\n\n<p class=\"wp-block-paragraph\">Ha consegnato il premio <strong>Massimiliano Bruno<\/strong>, regista, sceneggiatore e interprete.<\/p>\n\n\n\n<p class=\"wp-block-paragraph\"><strong>PREMIO MIGLIOR ATTRICE<\/strong>a <strong>Rosa Diletta Rossi<\/strong> per <strong><em>\u201cMaria Corleone\u201d, <\/em><\/strong>regia di Mauro Mancini,una produzione TaoDue e Clemart. Ha ritirato il premio <strong>Rosa Diletta Rossi<\/strong>.<\/p>\n\n\n\n<p class=\"wp-block-paragraph\">Ha debuttato pi\u00f9 di 13 anni fa nella miniserie di Ricky Tognazzi \u201cMia Madre\u201d. Attrice di \u201cSuburra\u201d, \u201cNero a Met\u00e0\u201d, \u201cSorelle\u201d e molte altre fiction arriva a vestire i panni di protagonista assoluta in \u201cMaria Corleone\u201d. Un personaggio determinato e controverso, una donna giovane e talentuosa, disposta a rimettere in discussione tutti i suoi progetti di vita per vendicare la sua famiglia. Un riconoscimento per aver raccolto la sfida di interpretare una figura femminile dalle molteplici sfaccettature e di averlo saputo fare al meglio.<\/p>\n\n\n\n<p class=\"wp-block-paragraph\">Ha consegnato il premio <strong>Chiara Sbarigia<\/strong>, Presidente Cinecitt\u00e0 e APA<\/p>\n\n\n\n<p class=\"wp-block-paragraph\"><strong>PREMIO MIGLIOR REGISTA <\/strong>a <strong>Marco Pontecorvo<\/strong> per <strong><em>\u201cPer Elisa &#8211; Il caso Claps\u201d, <\/em><\/strong>regia di Marco Pontecorvo, una produzione Fastfilm Srl e Cosmopolitan Pictures Limited, in collaborazione con RAI Fiction, in associazione con ITV Studios. Ha ritirato il premio <strong>Marco Pontecorvo<\/strong>.<\/p>\n\n\n\n<p class=\"wp-block-paragraph\">Ottimi ascolti e un Nastro d\u2019argento speciale. A Marco Pontecorvo ancora un Premio per aver saputo dirigere un progetto dalla tematica delicata, riportando l\u2019attenzione su un caso di cronaca tra i pi\u00f9 controversi e averlo fatto con accuratezza, delicatezza e dedizione restituendo allo spettatore una serie di qualit\u00e0 e un punto di vista della storia che non \u00e8 quello meramente didascalico di chi lo racconta, ma quello umano di chi l\u2019ha vissuto.<\/p>\n\n\n\n<p class=\"wp-block-paragraph\">Ha consegnatoil premio <strong>Gildo Claps, <\/strong>fratello di Elisa e consulente della serie<\/p>\n\n\n\n<p class=\"wp-block-paragraph\"><strong>PREMIO MIGLIOR CREATORE<\/strong> a <strong>Leonardo Marini<\/strong> e <strong>Cristina Cassar Scalia<\/strong> per \u201cVanina \u2013 Un vicequestore a Catania\u201d, regia di Davide Marengo, una produzione Palomar in collaborazione con RTI \u2013 Mediaset. Ha ritirato il premio <strong>Leonardo Marini<\/strong>.<\/p>\n\n\n\n<p class=\"wp-block-paragraph\">Tratta dai romanzi di Cristina Cassar Scalia, che ha collaborato alla sceneggiatura insieme a Leonardo Marini, \u201cVanina\u201d \u00e8 una serie che sin dalla prima puntata \u00e8 stata apprezzata dal pubblico per la sua scrittura chiara e ben costruita, per il cast capitanato dalla celebre attrice siciliana Giusy Buscemi in una Catania che diventa con le sue bellezze la co-protagonista.<\/p>\n\n\n\n<p class=\"wp-block-paragraph\">Ha consegnato il premio <strong>Gabriella Buontempo<\/strong>, Vice Presidente APA<\/p>\n\n\n\n<p class=\"wp-block-paragraph\"><strong>PREMIO MIGLIOR EXCELLENCE INNOVAZIONE <\/strong>a <strong><em>\u201cEverybody Loves Diamonds\u201d<\/em><\/strong> di Gianluca Maria Tavarelli, una serie originale Prime Video, prodotta da Wildside, societ\u00e0 del gruppo Fremantle, e Amazon MGM Studios. Ha ritirato il premio <strong>Gianluca Maria Tavarelli.<\/strong><\/p>\n\n\n\n<p class=\"wp-block-paragraph\">Ispirata al celebre \u201cColpi di Anversa\u201d del 2003, la serie si inserisce ottimamente nel genere heist, con un mix perfetto di ingredienti, che danno vita a un prodotto decisamente innovativo e dal respiro internazionale. Dal ritmo del racconto, capace di tenere lo spettatore sospeso fino alla fine, allo strepitoso cast italiano e internazionale, uno sforzo creativo e produttivo che rende l\u2019opera un unicum nel panorama nazionale.<\/p>\n\n\n\n<p class=\"wp-block-paragraph\">Ha consegnatoil premio <strong>Nicola Serra, <\/strong>Consigliere APA<\/p>\n\n\n\n<p class=\"wp-block-paragraph\"><strong>PREMIO MIGLIOR FILM TEEN DRAMA <\/strong>a <strong><em>\u201cFabbricante di lacrime\u201d, <\/em><\/strong>regiadi Alessandro Genovesi<em>, <\/em>un film Netflix prodotto da Colorado Film (gruppo Rainbow).Ha ritirato il premio il produttore <strong>Alessandro Usai con la protagonista Caterina Ferioli.<\/strong><\/p>\n\n\n\n<p class=\"wp-block-paragraph\">Tratto dall\u2019omonimo best-seller di Erin Doom, \u201cFabbricante di lacrime\u201d si \u00e8 classificato come il film italiano pi\u00f9 visto al mondo su Netflix, raggiungendo cos\u00ec un traguardo mai toccato prima da una produzione nazionale. Dalla regia, alla fotografia, all\u2019aver creduto in un cast di giovani talenti e aver saputo raccontare una storia d\u2019amore nella quale tutti potessero identificarsi. E\u2019 cos\u00ec che \u201cFabbricante di lacrime\u201d ha conquistato il pubblico, anche e soprattutto quello internazionale.<\/p>\n\n\n\n<p class=\"wp-block-paragraph\">Ha consegnato il premio <strong>Monica Tonus, <\/strong>Agenzia ICE<\/p>\n\n\n\n<p class=\"wp-block-paragraph\"><strong>PREMIO MIGLIOR ATTORE<\/strong>a <strong>Alessio Boni<\/strong> per <strong><em>\u201cIl metodo Fenoglio \u2013 L\u2019estate fredda\u201d<\/em><\/strong>, regia di Alessandro Casale, una produzione Clemart in collaborazione con Rai Fiction e Latina Film Commission. Ha ritirato il premio <strong>Alessio Boni<\/strong>.<\/p>\n\n\n\n<p class=\"wp-block-paragraph\">Per aver saputo cucire su di s\u00e9 il personaggio di Pietro Fenoglio, creato dalla penna di Gianrico Carofiglio, mostrandone prima di tutto l\u2019umanit\u00e0, la dedizione al suo lavoro, la capacit\u00e0 di utilizzare come propria arma soltanto la pazienza e l\u2019empatia. Per la capacit\u00e0 con la quale \u00e8 riuscito a calarsi nel ruolo di un uomo apparentemente comune dietro al quale si nasconde invece un raro e prezioso talento.<\/p>\n\n\n\n<p class=\"wp-block-paragraph\">Ha consegnato il premio <strong>Rosaria Succurro<\/strong>, Presidente della Provincia di Cosenza<\/p>\n\n\n\n<p class=\"wp-block-paragraph\"><strong>PREMIO MIGLIOR EXCELLENCE CALABRIA FILM COMMISSION<\/strong> a <strong><em>\u201cMonterossi \u2013 La Serie 2\u201d, <\/em><\/strong>regia di Roan Johnson<strong><em>, <\/em><\/strong>una produzione Palomarin collaborazione con Prime Video. Ha ritirato il premio il produttore <strong>Nicola Serra<\/strong>.<\/p>\n\n\n\n<p class=\"wp-block-paragraph\">Una serie che si \u00e8 rivelata una grandissima opportunit\u00e0 per la Regione Calabria: non&nbsp; semplice scenografia in un prodotto dal respiro internazionale, ma parte integrante del racconto che ne ha cos\u00ec valorizzato i paesaggi, la cultura, il patrimonio storico e rappresentato i suoi aspetti pi\u00f9 autentici, lontano dagli stereotipi.<\/p>\n\n\n\n<p class=\"wp-block-paragraph\">Ha consegnato il premio: <strong>Anton Giulio Grande, <\/strong>Commissario Straordinario Fondazione Calabria Film Commission.<\/p>\n\n\n\n<p class=\"wp-block-paragraph\"><a href=\"https:\/\/www.apaonline.it\/avpsummit\/la-terza-edizione\/\">Scopri il programma completo dell&#8217;Audiovisual Producers Summit 2024<\/a><\/p>\n\n\n\n<p class=\"wp-block-paragraph\"><a href=\"https:\/\/cinema.video\/category\/festival-markets\/audiovisual-producers-summit\">Leggi tutte le notizie sull&#8217;Audiovisual Producers Summit 2024<\/a><\/p>\n\n\n\n<p class=\"wp-block-paragraph\"><\/p>\n","protected":false},"excerpt":{"rendered":"<p>Nella seconda giornata dell&#8217;Audiovisual Producers Summit in Calabria, la consegna dei Maximo Awards 2024 per celebrare l&#8217;eccellenza in campo audiovisivo e dare risalto ai volti, gli autori e i professionisti impegnati nella creazione di contenuti per la TV e le piattaforme OTT in Italia<\/p>\n","protected":false},"author":101038,"featured_media":297397,"comment_status":"closed","ping_status":"closed","sticky":false,"template":"","format":"standard","meta":{"googlesitekit_rrm_CAow3e7fCw:productID":"","_crdt_document":"","footnotes":""},"categories":[189],"tags":[448,2334],"class_list":{"0":"post-297395","1":"post","2":"type-post","3":"status-publish","4":"format-standard","5":"has-post-thumbnail","7":"category-events","8":"tag-calabria-film-commission","9":"tag-events"},"yoast_head":"<!-- This site is optimized with the Yoast SEO Premium plugin v27.4 (Yoast SEO v27.4) - https:\/\/yoast.com\/product\/yoast-seo-premium-wordpress\/ -->\n<title>I Maximo Awards 2024 e il futuro dell&#039;audiovisivo italiano - Cinema &amp; Video International<\/title>\n<meta name=\"description\" content=\"I Maximo Awards 2024 e il futuro dell&#039;audiovisivo italiano \u2013 i maximo awards 2024 e il. La seconda giornata dell&#039;Audio-visual Producers Summit si \u00e8 chiusa\" \/>\n<meta name=\"robots\" content=\"index, follow, max-snippet:-1, max-image-preview:large, max-video-preview:-1\" \/>\n<link rel=\"canonical\" href=\"https:\/\/cinema.video\/it\/i-maximo-awards-2024-e-il-futuro-dellaudiovisivo-italiano\" \/>\n<meta property=\"og:locale\" content=\"it_IT\" \/>\n<meta property=\"og:type\" content=\"article\" \/>\n<meta property=\"og:title\" content=\"I Maximo Awards 2024 e il futuro dell&#039;audiovisivo italiano\" \/>\n<meta property=\"og:description\" content=\"I Maximo Awards 2024 e il futuro dell&#039;audiovisivo italiano \u2013 i maximo awards 2024 e il. La seconda giornata dell&#039;Audio-visual Producers Summit si \u00e8 chiusa\" \/>\n<meta property=\"og:url\" content=\"https:\/\/cinema.video\/it\/i-maximo-awards-2024-e-il-futuro-dellaudiovisivo-italiano\" \/>\n<meta property=\"og:site_name\" content=\"Cinema &amp; Video International\" \/>\n<meta property=\"article:publisher\" content=\"https:\/\/www.facebook.com\/CinemaVideoInternational\/\" \/>\n<meta property=\"article:published_time\" content=\"2024-06-12T21:00:00+00:00\" \/>\n<meta property=\"article:modified_time\" content=\"2026-04-10T02:05:43+00:00\" \/>\n<meta property=\"og:image\" content=\"https:\/\/cinema.video\/wp-content\/uploads\/2024\/06\/ANTON-GIULIO-GRANDE-commissario-straordinario-Fondazione-FilmCommission-Regione-Calabria-e-LUCIA-BORGONZONI-Sottosegretario-alla-Cultura.jpg\" \/>\n\t<meta property=\"og:image:width\" content=\"1290\" \/>\n\t<meta property=\"og:image:height\" content=\"840\" \/>\n\t<meta property=\"og:image:type\" content=\"image\/jpeg\" \/>\n<meta name=\"author\" content=\"Federica Pazzano\" \/>\n<meta name=\"twitter:card\" content=\"summary_large_image\" \/>\n<meta name=\"twitter:label1\" content=\"Scritto da\" \/>\n\t<meta name=\"twitter:data1\" content=\"Federica Pazzano\" \/>\n\t<meta name=\"twitter:label2\" content=\"Tempo di lettura stimato\" \/>\n\t<meta name=\"twitter:data2\" content=\"14 minuti\" \/>\n<script type=\"application\/ld+json\" class=\"yoast-schema-graph\">{\"@context\":\"https:\\\/\\\/schema.org\",\"@graph\":[{\"@type\":\"Article\",\"@id\":\"https:\\\/\\\/cinema.video\\\/it\\\/i-maximo-awards-2024-e-il-futuro-dellaudiovisivo-italiano#article\",\"isPartOf\":{\"@id\":\"https:\\\/\\\/cinema.video\\\/it\\\/i-maximo-awards-2024-e-il-futuro-dellaudiovisivo-italiano\"},\"author\":{\"name\":\"Federica Pazzano\",\"@id\":\"https:\\\/\\\/cinema.video\\\/it#\\\/schema\\\/person\\\/d26f96f8ce9e68ebc3b7b30d73ff690f\"},\"headline\":\"I Maximo Awards 2024 e il futuro dell&#8217;audiovisivo italiano\",\"datePublished\":\"2024-06-12T21:00:00+00:00\",\"dateModified\":\"2026-04-10T02:05:43+00:00\",\"mainEntityOfPage\":{\"@id\":\"https:\\\/\\\/cinema.video\\\/it\\\/i-maximo-awards-2024-e-il-futuro-dellaudiovisivo-italiano\"},\"wordCount\":2125,\"publisher\":{\"@id\":\"https:\\\/\\\/cinema.video\\\/it#organization\"},\"image\":{\"@id\":\"https:\\\/\\\/cinema.video\\\/it\\\/i-maximo-awards-2024-e-il-futuro-dellaudiovisivo-italiano#primaryimage\"},\"thumbnailUrl\":\"https:\\\/\\\/cinema.video\\\/wp-content\\\/uploads\\\/2024\\\/06\\\/ANTON-GIULIO-GRANDE-commissario-straordinario-Fondazione-FilmCommission-Regione-Calabria-e-LUCIA-BORGONZONI-Sottosegretario-alla-Cultura.jpg\",\"keywords\":[\"CALABRIA FILM COMMISSION\",\"EVENTS\"],\"articleSection\":[\"EVENTS\"],\"inLanguage\":\"it-IT\"},{\"@type\":\"WebPage\",\"@id\":\"https:\\\/\\\/cinema.video\\\/it\\\/i-maximo-awards-2024-e-il-futuro-dellaudiovisivo-italiano\",\"url\":\"https:\\\/\\\/cinema.video\\\/it\\\/i-maximo-awards-2024-e-il-futuro-dellaudiovisivo-italiano\",\"name\":\"I Maximo Awards 2024 e il futuro dell'audiovisivo italiano - Cinema &amp; Video International\",\"isPartOf\":{\"@id\":\"https:\\\/\\\/cinema.video\\\/it#website\"},\"primaryImageOfPage\":{\"@id\":\"https:\\\/\\\/cinema.video\\\/it\\\/i-maximo-awards-2024-e-il-futuro-dellaudiovisivo-italiano#primaryimage\"},\"image\":{\"@id\":\"https:\\\/\\\/cinema.video\\\/it\\\/i-maximo-awards-2024-e-il-futuro-dellaudiovisivo-italiano#primaryimage\"},\"thumbnailUrl\":\"https:\\\/\\\/cinema.video\\\/wp-content\\\/uploads\\\/2024\\\/06\\\/ANTON-GIULIO-GRANDE-commissario-straordinario-Fondazione-FilmCommission-Regione-Calabria-e-LUCIA-BORGONZONI-Sottosegretario-alla-Cultura.jpg\",\"datePublished\":\"2024-06-12T21:00:00+00:00\",\"dateModified\":\"2026-04-10T02:05:43+00:00\",\"description\":\"I Maximo Awards 2024 e il futuro dell'audiovisivo italiano \u2013 i maximo awards 2024 e il. La seconda giornata dell'Audio-visual Producers Summit si \u00e8 chiusa\",\"breadcrumb\":{\"@id\":\"https:\\\/\\\/cinema.video\\\/it\\\/i-maximo-awards-2024-e-il-futuro-dellaudiovisivo-italiano#breadcrumb\"},\"inLanguage\":\"it-IT\",\"potentialAction\":[{\"@type\":\"ReadAction\",\"target\":[\"https:\\\/\\\/cinema.video\\\/it\\\/i-maximo-awards-2024-e-il-futuro-dellaudiovisivo-italiano\"]}]},{\"@type\":\"ImageObject\",\"inLanguage\":\"it-IT\",\"@id\":\"https:\\\/\\\/cinema.video\\\/it\\\/i-maximo-awards-2024-e-il-futuro-dellaudiovisivo-italiano#primaryimage\",\"url\":\"https:\\\/\\\/cinema.video\\\/wp-content\\\/uploads\\\/2024\\\/06\\\/ANTON-GIULIO-GRANDE-commissario-straordinario-Fondazione-FilmCommission-Regione-Calabria-e-LUCIA-BORGONZONI-Sottosegretario-alla-Cultura.jpg\",\"contentUrl\":\"https:\\\/\\\/cinema.video\\\/wp-content\\\/uploads\\\/2024\\\/06\\\/ANTON-GIULIO-GRANDE-commissario-straordinario-Fondazione-FilmCommission-Regione-Calabria-e-LUCIA-BORGONZONI-Sottosegretario-alla-Cultura.jpg\",\"width\":1290,\"height\":840,\"caption\":\"maximo awards 2024\"},{\"@type\":\"BreadcrumbList\",\"@id\":\"https:\\\/\\\/cinema.video\\\/it\\\/i-maximo-awards-2024-e-il-futuro-dellaudiovisivo-italiano#breadcrumb\",\"itemListElement\":[{\"@type\":\"ListItem\",\"position\":1,\"name\":\"Home\",\"item\":\"https:\\\/\\\/cinema.video\\\/it\\\/home-2\"},{\"@type\":\"ListItem\",\"position\":2,\"name\":\"I Maximo Awards 2024 e il futuro dell&#8217;audiovisivo italiano\"}]},{\"@type\":\"WebSite\",\"@id\":\"https:\\\/\\\/cinema.video\\\/it#website\",\"url\":\"https:\\\/\\\/cinema.video\\\/it\",\"name\":\"Cinema & Video International\",\"description\":\"Film &amp; Audiovisual Industry Trade Magazine\",\"publisher\":{\"@id\":\"https:\\\/\\\/cinema.video\\\/it#organization\"},\"alternateName\":\"Cinema & Video\",\"potentialAction\":[{\"@type\":\"SearchAction\",\"target\":{\"@type\":\"EntryPoint\",\"urlTemplate\":\"https:\\\/\\\/cinema.video\\\/it?s={search_term_string}\"},\"query-input\":{\"@type\":\"PropertyValueSpecification\",\"valueRequired\":true,\"valueName\":\"search_term_string\"}}],\"inLanguage\":\"it-IT\"},{\"@type\":\"Organization\",\"@id\":\"https:\\\/\\\/cinema.video\\\/it#organization\",\"name\":\"Cinema & Video\",\"url\":\"https:\\\/\\\/cinema.video\\\/it\",\"logo\":{\"@type\":\"ImageObject\",\"inLanguage\":\"it-IT\",\"@id\":\"https:\\\/\\\/cinema.video\\\/it#\\\/schema\\\/logo\\\/image\\\/\",\"url\":\"https:\\\/\\\/cinema.video\\\/wp-content\\\/uploads\\\/2026\\\/04\\\/CinemVideo_LogoBlack.png\",\"contentUrl\":\"https:\\\/\\\/cinema.video\\\/wp-content\\\/uploads\\\/2026\\\/04\\\/CinemVideo_LogoBlack.png\",\"width\":1336,\"height\":224,\"caption\":\"Cinema & Video\"},\"image\":{\"@id\":\"https:\\\/\\\/cinema.video\\\/it#\\\/schema\\\/logo\\\/image\\\/\"},\"sameAs\":[\"https:\\\/\\\/www.facebook.com\\\/CinemaVideoInternational\\\/\",\"https:\\\/\\\/www.instagram.com\\\/cinemaevideointernational\\\/\",\"https:\\\/\\\/it.linkedin.com\\\/company\\\/cinema-video-international\"],\"description\":\"Media Consulting & Marketing Agency\",\"email\":\"hello@darostudio.com\",\"legalName\":\"DARO studio LLC\",\"foundingDate\":\"2021-02-16\",\"numberOfEmployees\":{\"@type\":\"QuantitativeValue\",\"minValue\":\"1\",\"maxValue\":\"10\"}},{\"@type\":\"Person\",\"@id\":\"https:\\\/\\\/cinema.video\\\/it#\\\/schema\\\/person\\\/d26f96f8ce9e68ebc3b7b30d73ff690f\",\"name\":\"Federica Pazzano\",\"image\":{\"@type\":\"ImageObject\",\"inLanguage\":\"it-IT\",\"@id\":\"https:\\\/\\\/secure.gravatar.com\\\/avatar\\\/018a65900271fcc958ace2f52f9235a3bc6c9553ab91e8d2bd5ec048752ac254?s=96&d=mm&r=g\",\"url\":\"https:\\\/\\\/secure.gravatar.com\\\/avatar\\\/018a65900271fcc958ace2f52f9235a3bc6c9553ab91e8d2bd5ec048752ac254?s=96&d=mm&r=g\",\"contentUrl\":\"https:\\\/\\\/secure.gravatar.com\\\/avatar\\\/018a65900271fcc958ace2f52f9235a3bc6c9553ab91e8d2bd5ec048752ac254?s=96&d=mm&r=g\",\"caption\":\"Federica Pazzano\"},\"description\":\"Founder at DARO Studio &amp; Editor-in-Chief of Cinema &amp; Video International.\",\"sameAs\":[\"https:\\\/\\\/www.instagram.com\\\/federica.pazzano\"],\"jobTitle\":\"Editor-in-Chief\",\"url\":\"https:\\\/\\\/cinema.video\\\/it\\\/author\\\/federica\"}]}<\/script>\n<!-- \/ Yoast SEO Premium plugin. -->","yoast_head_json":{"title":"I Maximo Awards 2024 e il futuro dell'audiovisivo italiano - Cinema &amp; Video International","description":"I Maximo Awards 2024 e il futuro dell'audiovisivo italiano \u2013 i maximo awards 2024 e il. La seconda giornata dell'Audio-visual Producers Summit si \u00e8 chiusa","robots":{"index":"index","follow":"follow","max-snippet":"max-snippet:-1","max-image-preview":"max-image-preview:large","max-video-preview":"max-video-preview:-1"},"canonical":"https:\/\/cinema.video\/it\/i-maximo-awards-2024-e-il-futuro-dellaudiovisivo-italiano","og_locale":"it_IT","og_type":"article","og_title":"I Maximo Awards 2024 e il futuro dell'audiovisivo italiano","og_description":"I Maximo Awards 2024 e il futuro dell'audiovisivo italiano \u2013 i maximo awards 2024 e il. La seconda giornata dell'Audio-visual Producers Summit si \u00e8 chiusa","og_url":"https:\/\/cinema.video\/it\/i-maximo-awards-2024-e-il-futuro-dellaudiovisivo-italiano","og_site_name":"Cinema &amp; Video International","article_publisher":"https:\/\/www.facebook.com\/CinemaVideoInternational\/","article_published_time":"2024-06-12T21:00:00+00:00","article_modified_time":"2026-04-10T02:05:43+00:00","og_image":[{"width":1290,"height":840,"url":"https:\/\/cinema.video\/wp-content\/uploads\/2024\/06\/ANTON-GIULIO-GRANDE-commissario-straordinario-Fondazione-FilmCommission-Regione-Calabria-e-LUCIA-BORGONZONI-Sottosegretario-alla-Cultura.jpg","type":"image\/jpeg"}],"author":"Federica Pazzano","twitter_card":"summary_large_image","twitter_misc":{"Scritto da":"Federica Pazzano","Tempo di lettura stimato":"14 minuti"},"schema":{"@context":"https:\/\/schema.org","@graph":[{"@type":"Article","@id":"https:\/\/cinema.video\/it\/i-maximo-awards-2024-e-il-futuro-dellaudiovisivo-italiano#article","isPartOf":{"@id":"https:\/\/cinema.video\/it\/i-maximo-awards-2024-e-il-futuro-dellaudiovisivo-italiano"},"author":{"name":"Federica Pazzano","@id":"https:\/\/cinema.video\/it#\/schema\/person\/d26f96f8ce9e68ebc3b7b30d73ff690f"},"headline":"I Maximo Awards 2024 e il futuro dell&#8217;audiovisivo italiano","datePublished":"2024-06-12T21:00:00+00:00","dateModified":"2026-04-10T02:05:43+00:00","mainEntityOfPage":{"@id":"https:\/\/cinema.video\/it\/i-maximo-awards-2024-e-il-futuro-dellaudiovisivo-italiano"},"wordCount":2125,"publisher":{"@id":"https:\/\/cinema.video\/it#organization"},"image":{"@id":"https:\/\/cinema.video\/it\/i-maximo-awards-2024-e-il-futuro-dellaudiovisivo-italiano#primaryimage"},"thumbnailUrl":"https:\/\/cinema.video\/wp-content\/uploads\/2024\/06\/ANTON-GIULIO-GRANDE-commissario-straordinario-Fondazione-FilmCommission-Regione-Calabria-e-LUCIA-BORGONZONI-Sottosegretario-alla-Cultura.jpg","keywords":["CALABRIA FILM COMMISSION","EVENTS"],"articleSection":["EVENTS"],"inLanguage":"it-IT"},{"@type":"WebPage","@id":"https:\/\/cinema.video\/it\/i-maximo-awards-2024-e-il-futuro-dellaudiovisivo-italiano","url":"https:\/\/cinema.video\/it\/i-maximo-awards-2024-e-il-futuro-dellaudiovisivo-italiano","name":"I Maximo Awards 2024 e il futuro dell'audiovisivo italiano - Cinema &amp; Video International","isPartOf":{"@id":"https:\/\/cinema.video\/it#website"},"primaryImageOfPage":{"@id":"https:\/\/cinema.video\/it\/i-maximo-awards-2024-e-il-futuro-dellaudiovisivo-italiano#primaryimage"},"image":{"@id":"https:\/\/cinema.video\/it\/i-maximo-awards-2024-e-il-futuro-dellaudiovisivo-italiano#primaryimage"},"thumbnailUrl":"https:\/\/cinema.video\/wp-content\/uploads\/2024\/06\/ANTON-GIULIO-GRANDE-commissario-straordinario-Fondazione-FilmCommission-Regione-Calabria-e-LUCIA-BORGONZONI-Sottosegretario-alla-Cultura.jpg","datePublished":"2024-06-12T21:00:00+00:00","dateModified":"2026-04-10T02:05:43+00:00","description":"I Maximo Awards 2024 e il futuro dell'audiovisivo italiano \u2013 i maximo awards 2024 e il. La seconda giornata dell'Audio-visual Producers Summit si \u00e8 chiusa","breadcrumb":{"@id":"https:\/\/cinema.video\/it\/i-maximo-awards-2024-e-il-futuro-dellaudiovisivo-italiano#breadcrumb"},"inLanguage":"it-IT","potentialAction":[{"@type":"ReadAction","target":["https:\/\/cinema.video\/it\/i-maximo-awards-2024-e-il-futuro-dellaudiovisivo-italiano"]}]},{"@type":"ImageObject","inLanguage":"it-IT","@id":"https:\/\/cinema.video\/it\/i-maximo-awards-2024-e-il-futuro-dellaudiovisivo-italiano#primaryimage","url":"https:\/\/cinema.video\/wp-content\/uploads\/2024\/06\/ANTON-GIULIO-GRANDE-commissario-straordinario-Fondazione-FilmCommission-Regione-Calabria-e-LUCIA-BORGONZONI-Sottosegretario-alla-Cultura.jpg","contentUrl":"https:\/\/cinema.video\/wp-content\/uploads\/2024\/06\/ANTON-GIULIO-GRANDE-commissario-straordinario-Fondazione-FilmCommission-Regione-Calabria-e-LUCIA-BORGONZONI-Sottosegretario-alla-Cultura.jpg","width":1290,"height":840,"caption":"maximo awards 2024"},{"@type":"BreadcrumbList","@id":"https:\/\/cinema.video\/it\/i-maximo-awards-2024-e-il-futuro-dellaudiovisivo-italiano#breadcrumb","itemListElement":[{"@type":"ListItem","position":1,"name":"Home","item":"https:\/\/cinema.video\/it\/home-2"},{"@type":"ListItem","position":2,"name":"I Maximo Awards 2024 e il futuro dell&#8217;audiovisivo italiano"}]},{"@type":"WebSite","@id":"https:\/\/cinema.video\/it#website","url":"https:\/\/cinema.video\/it","name":"Cinema & Video International","description":"Film &amp; Audiovisual Industry Trade Magazine","publisher":{"@id":"https:\/\/cinema.video\/it#organization"},"alternateName":"Cinema & Video","potentialAction":[{"@type":"SearchAction","target":{"@type":"EntryPoint","urlTemplate":"https:\/\/cinema.video\/it?s={search_term_string}"},"query-input":{"@type":"PropertyValueSpecification","valueRequired":true,"valueName":"search_term_string"}}],"inLanguage":"it-IT"},{"@type":"Organization","@id":"https:\/\/cinema.video\/it#organization","name":"Cinema & Video","url":"https:\/\/cinema.video\/it","logo":{"@type":"ImageObject","inLanguage":"it-IT","@id":"https:\/\/cinema.video\/it#\/schema\/logo\/image\/","url":"https:\/\/cinema.video\/wp-content\/uploads\/2026\/04\/CinemVideo_LogoBlack.png","contentUrl":"https:\/\/cinema.video\/wp-content\/uploads\/2026\/04\/CinemVideo_LogoBlack.png","width":1336,"height":224,"caption":"Cinema & Video"},"image":{"@id":"https:\/\/cinema.video\/it#\/schema\/logo\/image\/"},"sameAs":["https:\/\/www.facebook.com\/CinemaVideoInternational\/","https:\/\/www.instagram.com\/cinemaevideointernational\/","https:\/\/it.linkedin.com\/company\/cinema-video-international"],"description":"Media Consulting & Marketing Agency","email":"hello@darostudio.com","legalName":"DARO studio LLC","foundingDate":"2021-02-16","numberOfEmployees":{"@type":"QuantitativeValue","minValue":"1","maxValue":"10"}},{"@type":"Person","@id":"https:\/\/cinema.video\/it#\/schema\/person\/d26f96f8ce9e68ebc3b7b30d73ff690f","name":"Federica Pazzano","image":{"@type":"ImageObject","inLanguage":"it-IT","@id":"https:\/\/secure.gravatar.com\/avatar\/018a65900271fcc958ace2f52f9235a3bc6c9553ab91e8d2bd5ec048752ac254?s=96&d=mm&r=g","url":"https:\/\/secure.gravatar.com\/avatar\/018a65900271fcc958ace2f52f9235a3bc6c9553ab91e8d2bd5ec048752ac254?s=96&d=mm&r=g","contentUrl":"https:\/\/secure.gravatar.com\/avatar\/018a65900271fcc958ace2f52f9235a3bc6c9553ab91e8d2bd5ec048752ac254?s=96&d=mm&r=g","caption":"Federica Pazzano"},"description":"Founder at DARO Studio &amp; Editor-in-Chief of Cinema &amp; Video International.","sameAs":["https:\/\/www.instagram.com\/federica.pazzano"],"jobTitle":"Editor-in-Chief","url":"https:\/\/cinema.video\/it\/author\/federica"}]}},"jetpack_featured_media_url":"https:\/\/cinema.video\/wp-content\/uploads\/2024\/06\/ANTON-GIULIO-GRANDE-commissario-straordinario-Fondazione-FilmCommission-Regione-Calabria-e-LUCIA-BORGONZONI-Sottosegretario-alla-Cultura.jpg","jetpack_shortlink":"https:\/\/wp.me\/ph672m-1fmH","_links":{"self":[{"href":"https:\/\/cinema.video\/it\/wp-json\/wp\/v2\/posts\/297395","targetHints":{"allow":["GET"]}}],"collection":[{"href":"https:\/\/cinema.video\/it\/wp-json\/wp\/v2\/posts"}],"about":[{"href":"https:\/\/cinema.video\/it\/wp-json\/wp\/v2\/types\/post"}],"author":[{"embeddable":true,"href":"https:\/\/cinema.video\/it\/wp-json\/wp\/v2\/users\/101038"}],"replies":[{"embeddable":true,"href":"https:\/\/cinema.video\/it\/wp-json\/wp\/v2\/comments?post=297395"}],"version-history":[{"count":1,"href":"https:\/\/cinema.video\/it\/wp-json\/wp\/v2\/posts\/297395\/revisions"}],"predecessor-version":[{"id":302392,"href":"https:\/\/cinema.video\/it\/wp-json\/wp\/v2\/posts\/297395\/revisions\/302392"}],"wp:featuredmedia":[{"embeddable":true,"href":"https:\/\/cinema.video\/it\/wp-json\/wp\/v2\/media\/297397"}],"wp:attachment":[{"href":"https:\/\/cinema.video\/it\/wp-json\/wp\/v2\/media?parent=297395"}],"wp:term":[{"taxonomy":"category","embeddable":true,"href":"https:\/\/cinema.video\/it\/wp-json\/wp\/v2\/categories?post=297395"},{"taxonomy":"post_tag","embeddable":true,"href":"https:\/\/cinema.video\/it\/wp-json\/wp\/v2\/tags?post=297395"}],"curies":[{"name":"wp","href":"https:\/\/api.w.org\/{rel}","templated":true}]}}