{"id":297226,"date":"2024-05-20T19:37:00","date_gmt":"2024-05-20T17:37:00","guid":{"rendered":"https:\/\/cinema.video\/?p=297226"},"modified":"2026-04-10T04:05:29","modified_gmt":"2026-04-10T02:05:29","slug":"al-marche-di-cannes-fondazione-marche-film-commission-mostra-una-clip-inedita-dalla-nuova-miniserie-rai-di-sergio-rubini-giacomo-leopardi-vita-e-amori-del-poeta%cd%8f","status":"publish","type":"post","link":"https:\/\/cinema.video\/it\/al-marche-di-cannes-fondazione-marche-film-commission-mostra-una-clip-inedita-dalla-nuova-miniserie-rai-di-sergio-rubini-giacomo-leopardi-vita-e-amori-del-poeta%cd%8f","title":{"rendered":"MARCHE Infinite Storie Infiniti Luoghi&#8230;e un po&#8217; di Leopardi a Cannes"},"content":{"rendered":"\n<p class=\"wp-block-paragraph\"><em><strong>Marche. Infinite storie, infiniti luoghi<\/strong><\/em>: con questo claim <strong>Fondazione Marche Cultura &#8211; Marche Film Commission<\/strong> ha presentato oggi, 20 maggio, alla platea dell&#8217;<strong>Italian Pavilion del March\u00e9 di Cannes<\/strong>, l&#8217;ultimo anno di attivit\u00e0, gli eventi e le collaborazioni messe in atto, i bandi di sostegno al settore, e i set pi\u00f9 importanti dell&#8217;ultimo periodo che ne hanno beneficiato,  a cominciare dalla miniserie <strong><em>Giacomo Leopardi &#8211; Vita e amori del poeta<\/em><\/strong>, diretta da <strong>Sergio Rubini<\/strong>, prodotta da<strong> Rai Fiction &#8211; IBC Movie \u2013 Rai Com<\/strong> e girata lo scorso anno a <strong>Recanati<\/strong>, di cui \u00e8 stata proiettato un video in anteprima assoluta.<\/p>\n\n\n\n<p class=\"wp-block-paragraph\"><strong>\u201c<\/strong>Il cinema non ci fa solo sognare, ma anche riflettere \u2013 ha dichiarato Sergio Rubini. &#8211; Con il cinema possiamo promuovere un territorio, un\u2019identit\u00e0 culturale e farci conoscere. \u00c8 in questo solco che si inserisce la regione Marche con la consapevolezza che puntando sul cinema potr\u00e0 attrarre turismo e far crescere la propria economia. Complimenti alla sensibilit\u00e0 che la regione Marche sta mostrando in questo senso e grazie per averci portato a Cannes per illustrare il proprio programma che contiene al suo interno una visione\u201d.\u00a0<\/p>\n\n\n\n<p class=\"wp-block-paragraph\">Presente anche <strong>Giuseppe Piccioni<\/strong>, che ha parlato del suo ultimo film <strong><em>L\u2019ombra del giorno<\/em><\/strong> uscito nel 2022 e girato interamente ad Ascoli Piceno, con protagonisti Riccardo Scamarcio e Benedetta Porcaroli. Il film \u00e8 tornato alla ribalta pochi mesi fa riscuotendo un enorme successo su Netflix, piazzandosi in cima alla classifica dei film pi\u00f9 visti in Italia. <br>\u201cNon posso che essere un testimonial pi\u00f9 che favorevole ed entusiasta delle Marche \u2013 afferma  Piccioni \u2013 Mi auguro possano girarsi sempre pi\u00f9 film in una regione in cui ci sono le condizioni per esprimere liberamente il nostro talento, suscitare emozioni e interrogativi che hanno valore anche perch\u00e9 sostenuti dal paesaggio. Un paesaggio che entra nel cuore. Se dovessi mettere nei titoli di testa un altro protagonista, oltre al regista e agli attore, direi che \u00e8 sicuramente la citt\u00e0 di Ascoli Piceno\u201d.\u00a0<\/p>\n\n\n\n<p class=\"wp-block-paragraph\">L&#8217;evento era organizzato assieme ad <strong>ATIM<\/strong> (<strong>Agenzia Turismo e Internazionalizzazione Marche<\/strong>) ha portato al pubblico del Festival di Cannes l\u2019ultima campagna di promozione turistica della Regione Marche e raccontato come nei prossimi mesi si rafforzer\u00e0 sempre pi\u00f9 la collaborazione fra cinema e turismo. Una strategia vincente per raccontare l\u2019infinita variet\u00e0 di location del territorio marchigiano, capace di trasformarsi in pochi chilometri dagli appennini alla costa, dalle dolci colline ai tipici borghi a picco sul mare<em>.<\/em><\/p>\n\n\n\n<p class=\"wp-block-paragraph\">\u201cPromuovere le Marche a 360 gradi \u00e8 l\u2019obiettivo primario di ATIM &#8211; ha sottolineato il direttore generale dell\u2019Agenzia, <strong>Marco Bruschini<\/strong> &#8211; la contaminazione anche nel settore del cinema pu\u00f2 rappresentare il cambio di passo nella promozione del territorio. Il cineturismo \u00e8 lo strumento giusto per la valorizzazione delle Marche. La collaborazione con Fondazione Marche Cultura e Marche Film Commission rappresenta il consolidamento della squadra individuata dalla Regione Marche per giocare in Champions. L\u2019alleanza strategica fra cinema e turismo sotto l\u2019ombrello \u201cLet\u2019s Marche\u201d \u00e8 il passo fondamentale verso una promozione del territorio completa e vincente.<\/p>\n","protected":false},"excerpt":{"rendered":"<p>A Cannes Fondazione Marche Cultura-Marche Film Commission mostra una clip inedita di &#8220;Giacomo Leopardi &#8211; Vita e amori del poeta\u201d\u200c \u034f\u200c di Sergio Rubini, la nuova miniserie Rai, beneficiaria del fondo regionale<\/p>\n","protected":false},"author":26,"featured_media":297228,"comment_status":"closed","ping_status":"closed","sticky":false,"template":"","format":"standard","meta":{"googlesitekit_rrm_CAow3e7fCw:productID":"","_wpcom_ai_launchpad_first_post":false,"footnotes":"","jetpack_post_was_ever_published":false},"categories":[1],"tags":[356,509,433],"class_list":["post-297226","post","type-post","status-publish","format-standard","has-post-thumbnail","category-senza-categoria","tag-focus","tag-marche-film-commission","tag-rai"],"yoast_head":"<!-- This site is optimized with the Yoast SEO Premium plugin v28.3 (Yoast SEO v28.3) - https:\/\/yoast.com\/product\/yoast-seo-premium-wordpress\/ -->\n<title>MARCHE Infinite Storie Infiniti Luoghi...e un po&#039; di Leopardi a Cannes - Cinema &amp; Video International<\/title>\n<meta name=\"description\" content=\"MARCHE Infinite Storie Infiniti Luoghi...e un po&#039; di Leopardi a Cannes \u2013 marche infinite storie infiniti luoghie un. Marche. Infinite storie, infiniti luo\" \/>\n<meta name=\"robots\" content=\"index, follow, max-snippet:-1, max-image-preview:large, max-video-preview:-1\" \/>\n<link rel=\"canonical\" href=\"https:\/\/cinema.video\/it\/al-marche-di-cannes-fondazione-marche-film-commission-mostra-una-clip-inedita-dalla-nuova-miniserie-rai-di-sergio-rubini-giacomo-leopardi-vita-e-amori-del-poeta%cd%8f\" \/>\n<meta property=\"og:locale\" content=\"it_IT\" \/>\n<meta property=\"og:type\" content=\"article\" \/>\n<meta property=\"og:title\" content=\"MARCHE Infinite Storie Infiniti Luoghi...e un po&#039; di Leopardi a Cannes\" \/>\n<meta property=\"og:description\" content=\"MARCHE Infinite Storie Infiniti Luoghi...e un po&#039; di Leopardi a Cannes \u2013 marche infinite storie infiniti luoghie un. Marche. Infinite storie, infiniti luo\" \/>\n<meta property=\"og:url\" content=\"https:\/\/cinema.video\/it\/al-marche-di-cannes-fondazione-marche-film-commission-mostra-una-clip-inedita-dalla-nuova-miniserie-rai-di-sergio-rubini-giacomo-leopardi-vita-e-amori-del-poeta%cd%8f\" \/>\n<meta property=\"og:site_name\" content=\"Cinema &amp; Video International\" \/>\n<meta property=\"article:publisher\" content=\"https:\/\/www.facebook.com\/CinemaVideoInternational\/\" \/>\n<meta property=\"article:published_time\" content=\"2024-05-20T17:37:00+00:00\" \/>\n<meta property=\"article:modified_time\" content=\"2026-04-10T02:05:29+00:00\" \/>\n<meta property=\"og:image\" content=\"https:\/\/cinema.video\/wp-content\/uploads\/2024\/05\/DSC_4838-2-scaled-e1716471214828.jpg\" \/>\n\t<meta property=\"og:image:width\" content=\"800\" \/>\n\t<meta property=\"og:image:height\" content=\"532\" \/>\n\t<meta property=\"og:image:type\" content=\"image\/jpeg\" \/>\n<meta name=\"author\" content=\"Editorial\" \/>\n<meta name=\"twitter:card\" content=\"summary_large_image\" \/>\n<meta name=\"twitter:label1\" content=\"Scritto da\" \/>\n\t<meta name=\"twitter:data1\" content=\"Editorial\" \/>\n\t<meta name=\"twitter:label2\" content=\"Tempo di lettura stimato\" \/>\n\t<meta name=\"twitter:data2\" content=\"3 minuti\" \/>\n<script type=\"application\/ld+json\" class=\"yoast-schema-graph\">{\"@context\":\"https:\\\/\\\/schema.org\",\"@graph\":[{\"@type\":\"Article\",\"@id\":\"https:\\\/\\\/cinema.video\\\/it\\\/al-marche-di-cannes-fondazione-marche-film-commission-mostra-una-clip-inedita-dalla-nuova-miniserie-rai-di-sergio-rubini-giacomo-leopardi-vita-e-amori-del-poeta%cd%8f#article\",\"isPartOf\":{\"@id\":\"https:\\\/\\\/cinema.video\\\/it\\\/al-marche-di-cannes-fondazione-marche-film-commission-mostra-una-clip-inedita-dalla-nuova-miniserie-rai-di-sergio-rubini-giacomo-leopardi-vita-e-amori-del-poeta%cd%8f\"},\"author\":{\"name\":\"Editorial\",\"@id\":\"https:\\\/\\\/cinema.video\\\/it#\\\/schema\\\/person\\\/aeb01b91d874e8b01e76a1db04c668c6\"},\"headline\":\"MARCHE Infinite Storie Infiniti Luoghi&#8230;e un po&#8217; di Leopardi a Cannes\",\"datePublished\":\"2024-05-20T17:37:00+00:00\",\"dateModified\":\"2026-04-10T02:05:29+00:00\",\"mainEntityOfPage\":{\"@id\":\"https:\\\/\\\/cinema.video\\\/it\\\/al-marche-di-cannes-fondazione-marche-film-commission-mostra-una-clip-inedita-dalla-nuova-miniserie-rai-di-sergio-rubini-giacomo-leopardi-vita-e-amori-del-poeta%cd%8f\"},\"wordCount\":503,\"publisher\":{\"@id\":\"https:\\\/\\\/cinema.video\\\/it#organization\"},\"image\":{\"@id\":\"https:\\\/\\\/cinema.video\\\/it\\\/al-marche-di-cannes-fondazione-marche-film-commission-mostra-una-clip-inedita-dalla-nuova-miniserie-rai-di-sergio-rubini-giacomo-leopardi-vita-e-amori-del-poeta%cd%8f#primaryimage\"},\"thumbnailUrl\":\"https:\\\/\\\/cinema.video\\\/wp-content\\\/uploads\\\/2024\\\/05\\\/DSC_4838-2-scaled-e1716471214828.jpg\",\"keywords\":[\"focus\",\"Marche Film Commission\",\"RAI\"],\"inLanguage\":\"it-IT\"},{\"@type\":\"WebPage\",\"@id\":\"https:\\\/\\\/cinema.video\\\/it\\\/al-marche-di-cannes-fondazione-marche-film-commission-mostra-una-clip-inedita-dalla-nuova-miniserie-rai-di-sergio-rubini-giacomo-leopardi-vita-e-amori-del-poeta%cd%8f\",\"url\":\"https:\\\/\\\/cinema.video\\\/it\\\/al-marche-di-cannes-fondazione-marche-film-commission-mostra-una-clip-inedita-dalla-nuova-miniserie-rai-di-sergio-rubini-giacomo-leopardi-vita-e-amori-del-poeta%cd%8f\",\"name\":\"MARCHE Infinite Storie Infiniti Luoghi...e un po' di Leopardi a Cannes - Cinema &amp; Video International\",\"isPartOf\":{\"@id\":\"https:\\\/\\\/cinema.video\\\/it#website\"},\"primaryImageOfPage\":{\"@id\":\"https:\\\/\\\/cinema.video\\\/it\\\/al-marche-di-cannes-fondazione-marche-film-commission-mostra-una-clip-inedita-dalla-nuova-miniserie-rai-di-sergio-rubini-giacomo-leopardi-vita-e-amori-del-poeta%cd%8f#primaryimage\"},\"image\":{\"@id\":\"https:\\\/\\\/cinema.video\\\/it\\\/al-marche-di-cannes-fondazione-marche-film-commission-mostra-una-clip-inedita-dalla-nuova-miniserie-rai-di-sergio-rubini-giacomo-leopardi-vita-e-amori-del-poeta%cd%8f#primaryimage\"},\"thumbnailUrl\":\"https:\\\/\\\/cinema.video\\\/wp-content\\\/uploads\\\/2024\\\/05\\\/DSC_4838-2-scaled-e1716471214828.jpg\",\"datePublished\":\"2024-05-20T17:37:00+00:00\",\"dateModified\":\"2026-04-10T02:05:29+00:00\",\"description\":\"MARCHE Infinite Storie Infiniti Luoghi...e un po' di Leopardi a Cannes \u2013 marche infinite storie infiniti luoghie un. Marche. Infinite storie, infiniti luo\",\"breadcrumb\":{\"@id\":\"https:\\\/\\\/cinema.video\\\/it\\\/al-marche-di-cannes-fondazione-marche-film-commission-mostra-una-clip-inedita-dalla-nuova-miniserie-rai-di-sergio-rubini-giacomo-leopardi-vita-e-amori-del-poeta%cd%8f#breadcrumb\"},\"inLanguage\":\"it-IT\",\"potentialAction\":[{\"@type\":\"ReadAction\",\"target\":[\"https:\\\/\\\/cinema.video\\\/it\\\/al-marche-di-cannes-fondazione-marche-film-commission-mostra-una-clip-inedita-dalla-nuova-miniserie-rai-di-sergio-rubini-giacomo-leopardi-vita-e-amori-del-poeta%cd%8f\"]}]},{\"@type\":\"ImageObject\",\"inLanguage\":\"it-IT\",\"@id\":\"https:\\\/\\\/cinema.video\\\/it\\\/al-marche-di-cannes-fondazione-marche-film-commission-mostra-una-clip-inedita-dalla-nuova-miniserie-rai-di-sergio-rubini-giacomo-leopardi-vita-e-amori-del-poeta%cd%8f#primaryimage\",\"url\":\"https:\\\/\\\/cinema.video\\\/wp-content\\\/uploads\\\/2024\\\/05\\\/DSC_4838-2-scaled-e1716471214828.jpg\",\"contentUrl\":\"https:\\\/\\\/cinema.video\\\/wp-content\\\/uploads\\\/2024\\\/05\\\/DSC_4838-2-scaled-e1716471214828.jpg\",\"width\":800,\"height\":532,\"caption\":\"A Cannes Marche Film Commission mostra una clip inedita di \\\"Giacomo Leopardi - Vita e amori del poeta\u201d\u200c \u034f\u200c di Sergio Rubini\"},{\"@type\":\"BreadcrumbList\",\"@id\":\"https:\\\/\\\/cinema.video\\\/it\\\/al-marche-di-cannes-fondazione-marche-film-commission-mostra-una-clip-inedita-dalla-nuova-miniserie-rai-di-sergio-rubini-giacomo-leopardi-vita-e-amori-del-poeta%cd%8f#breadcrumb\",\"itemListElement\":[{\"@type\":\"ListItem\",\"position\":1,\"name\":\"Home\",\"item\":\"https:\\\/\\\/cinema.video\\\/it\"},{\"@type\":\"ListItem\",\"position\":2,\"name\":\"MARCHE Infinite Storie Infiniti Luoghi&#8230;e un po&#8217; di Leopardi a Cannes\"}]},{\"@type\":\"WebSite\",\"@id\":\"https:\\\/\\\/cinema.video\\\/it#website\",\"url\":\"https:\\\/\\\/cinema.video\\\/it\",\"name\":\"Cinema & Video International\",\"description\":\"Film &amp; Audiovisual B2B Industry Trade Platform Magazine\",\"publisher\":{\"@id\":\"https:\\\/\\\/cinema.video\\\/it#organization\"},\"alternateName\":\"Cinema & Video\",\"potentialAction\":[{\"@type\":\"SearchAction\",\"target\":{\"@type\":\"EntryPoint\",\"urlTemplate\":\"https:\\\/\\\/cinema.video\\\/it?s={search_term_string}\"},\"query-input\":{\"@type\":\"PropertyValueSpecification\",\"valueRequired\":true,\"valueName\":\"search_term_string\"}}],\"inLanguage\":\"it-IT\"},{\"@type\":\"Organization\",\"@id\":\"https:\\\/\\\/cinema.video\\\/it#organization\",\"name\":\"Cinema & Video\",\"url\":\"https:\\\/\\\/cinema.video\\\/it\",\"logo\":{\"@type\":\"ImageObject\",\"inLanguage\":\"it-IT\",\"@id\":\"https:\\\/\\\/cinema.video\\\/it#\\\/schema\\\/logo\\\/image\\\/\",\"url\":\"https:\\\/\\\/cinema.video\\\/wp-content\\\/uploads\\\/2026\\\/04\\\/CinemVideo_LogoBlack.png\",\"contentUrl\":\"https:\\\/\\\/cinema.video\\\/wp-content\\\/uploads\\\/2026\\\/04\\\/CinemVideo_LogoBlack.png\",\"width\":1336,\"height\":224,\"caption\":\"Cinema & Video\"},\"image\":{\"@id\":\"https:\\\/\\\/cinema.video\\\/it#\\\/schema\\\/logo\\\/image\\\/\"},\"sameAs\":[\"https:\\\/\\\/www.facebook.com\\\/CinemaVideoInternational\\\/\",\"https:\\\/\\\/www.instagram.com\\\/cinemaevideointernational\\\/\",\"https:\\\/\\\/it.linkedin.com\\\/company\\\/cinema-video-international\"],\"description\":\"Media Consulting & Marketing Agency\",\"email\":\"hello@darostudio.com\",\"legalName\":\"DARO studio LLC\",\"foundingDate\":\"2021-02-16\",\"numberOfEmployees\":{\"@type\":\"QuantitativeValue\",\"minValue\":\"1\",\"maxValue\":\"10\"},\"publishingPrinciples\":\"https:\\\/\\\/cinema.video\\\/about\"},{\"@type\":\"Person\",\"@id\":\"https:\\\/\\\/cinema.video\\\/it#\\\/schema\\\/person\\\/aeb01b91d874e8b01e76a1db04c668c6\",\"name\":\"Editorial\",\"image\":{\"@type\":\"ImageObject\",\"inLanguage\":\"it-IT\",\"@id\":\"https:\\\/\\\/secure.gravatar.com\\\/avatar\\\/06ad6f92eb14745b75fb592cadf8139d33242d81c9c8b085133c450aaf0b9731?s=96&d=mm&r=g\",\"url\":\"https:\\\/\\\/secure.gravatar.com\\\/avatar\\\/06ad6f92eb14745b75fb592cadf8139d33242d81c9c8b085133c450aaf0b9731?s=96&d=mm&r=g\",\"contentUrl\":\"https:\\\/\\\/secure.gravatar.com\\\/avatar\\\/06ad6f92eb14745b75fb592cadf8139d33242d81c9c8b085133c450aaf0b9731?s=96&d=mm&r=g\",\"caption\":\"Editorial\"},\"url\":\"https:\\\/\\\/cinema.video\\\/it\\\/author\\\/redazione\"}]}<\/script>\n<!-- \/ Yoast SEO Premium plugin. -->","yoast_head_json":{"title":"MARCHE Infinite Storie Infiniti Luoghi...e un po' di Leopardi a Cannes - Cinema &amp; Video International","description":"MARCHE Infinite Storie Infiniti Luoghi...e un po' di Leopardi a Cannes \u2013 marche infinite storie infiniti luoghie un. Marche. Infinite storie, infiniti luo","robots":{"index":"index","follow":"follow","max-snippet":"max-snippet:-1","max-image-preview":"max-image-preview:large","max-video-preview":"max-video-preview:-1"},"canonical":"https:\/\/cinema.video\/it\/al-marche-di-cannes-fondazione-marche-film-commission-mostra-una-clip-inedita-dalla-nuova-miniserie-rai-di-sergio-rubini-giacomo-leopardi-vita-e-amori-del-poeta%cd%8f","og_locale":"it_IT","og_type":"article","og_title":"MARCHE Infinite Storie Infiniti Luoghi...e un po' di Leopardi a Cannes","og_description":"MARCHE Infinite Storie Infiniti Luoghi...e un po' di Leopardi a Cannes \u2013 marche infinite storie infiniti luoghie un. Marche. Infinite storie, infiniti luo","og_url":"https:\/\/cinema.video\/it\/al-marche-di-cannes-fondazione-marche-film-commission-mostra-una-clip-inedita-dalla-nuova-miniserie-rai-di-sergio-rubini-giacomo-leopardi-vita-e-amori-del-poeta%cd%8f","og_site_name":"Cinema &amp; Video International","article_publisher":"https:\/\/www.facebook.com\/CinemaVideoInternational\/","article_published_time":"2024-05-20T17:37:00+00:00","article_modified_time":"2026-04-10T02:05:29+00:00","og_image":[{"width":800,"height":532,"url":"https:\/\/cinema.video\/wp-content\/uploads\/2024\/05\/DSC_4838-2-scaled-e1716471214828.jpg","type":"image\/jpeg"}],"author":"Editorial","twitter_card":"summary_large_image","twitter_misc":{"Scritto da":"Editorial","Tempo di lettura stimato":"3 minuti"},"schema":{"@context":"https:\/\/schema.org","@graph":[{"@type":"Article","@id":"https:\/\/cinema.video\/it\/al-marche-di-cannes-fondazione-marche-film-commission-mostra-una-clip-inedita-dalla-nuova-miniserie-rai-di-sergio-rubini-giacomo-leopardi-vita-e-amori-del-poeta%cd%8f#article","isPartOf":{"@id":"https:\/\/cinema.video\/it\/al-marche-di-cannes-fondazione-marche-film-commission-mostra-una-clip-inedita-dalla-nuova-miniserie-rai-di-sergio-rubini-giacomo-leopardi-vita-e-amori-del-poeta%cd%8f"},"author":{"name":"Editorial","@id":"https:\/\/cinema.video\/it#\/schema\/person\/aeb01b91d874e8b01e76a1db04c668c6"},"headline":"MARCHE Infinite Storie Infiniti Luoghi&#8230;e un po&#8217; di Leopardi a Cannes","datePublished":"2024-05-20T17:37:00+00:00","dateModified":"2026-04-10T02:05:29+00:00","mainEntityOfPage":{"@id":"https:\/\/cinema.video\/it\/al-marche-di-cannes-fondazione-marche-film-commission-mostra-una-clip-inedita-dalla-nuova-miniserie-rai-di-sergio-rubini-giacomo-leopardi-vita-e-amori-del-poeta%cd%8f"},"wordCount":503,"publisher":{"@id":"https:\/\/cinema.video\/it#organization"},"image":{"@id":"https:\/\/cinema.video\/it\/al-marche-di-cannes-fondazione-marche-film-commission-mostra-una-clip-inedita-dalla-nuova-miniserie-rai-di-sergio-rubini-giacomo-leopardi-vita-e-amori-del-poeta%cd%8f#primaryimage"},"thumbnailUrl":"https:\/\/cinema.video\/wp-content\/uploads\/2024\/05\/DSC_4838-2-scaled-e1716471214828.jpg","keywords":["focus","Marche Film Commission","RAI"],"inLanguage":"it-IT"},{"@type":"WebPage","@id":"https:\/\/cinema.video\/it\/al-marche-di-cannes-fondazione-marche-film-commission-mostra-una-clip-inedita-dalla-nuova-miniserie-rai-di-sergio-rubini-giacomo-leopardi-vita-e-amori-del-poeta%cd%8f","url":"https:\/\/cinema.video\/it\/al-marche-di-cannes-fondazione-marche-film-commission-mostra-una-clip-inedita-dalla-nuova-miniserie-rai-di-sergio-rubini-giacomo-leopardi-vita-e-amori-del-poeta%cd%8f","name":"MARCHE Infinite Storie Infiniti Luoghi...e un po' di Leopardi a Cannes - Cinema &amp; Video International","isPartOf":{"@id":"https:\/\/cinema.video\/it#website"},"primaryImageOfPage":{"@id":"https:\/\/cinema.video\/it\/al-marche-di-cannes-fondazione-marche-film-commission-mostra-una-clip-inedita-dalla-nuova-miniserie-rai-di-sergio-rubini-giacomo-leopardi-vita-e-amori-del-poeta%cd%8f#primaryimage"},"image":{"@id":"https:\/\/cinema.video\/it\/al-marche-di-cannes-fondazione-marche-film-commission-mostra-una-clip-inedita-dalla-nuova-miniserie-rai-di-sergio-rubini-giacomo-leopardi-vita-e-amori-del-poeta%cd%8f#primaryimage"},"thumbnailUrl":"https:\/\/cinema.video\/wp-content\/uploads\/2024\/05\/DSC_4838-2-scaled-e1716471214828.jpg","datePublished":"2024-05-20T17:37:00+00:00","dateModified":"2026-04-10T02:05:29+00:00","description":"MARCHE Infinite Storie Infiniti Luoghi...e un po' di Leopardi a Cannes \u2013 marche infinite storie infiniti luoghie un. Marche. Infinite storie, infiniti luo","breadcrumb":{"@id":"https:\/\/cinema.video\/it\/al-marche-di-cannes-fondazione-marche-film-commission-mostra-una-clip-inedita-dalla-nuova-miniserie-rai-di-sergio-rubini-giacomo-leopardi-vita-e-amori-del-poeta%cd%8f#breadcrumb"},"inLanguage":"it-IT","potentialAction":[{"@type":"ReadAction","target":["https:\/\/cinema.video\/it\/al-marche-di-cannes-fondazione-marche-film-commission-mostra-una-clip-inedita-dalla-nuova-miniserie-rai-di-sergio-rubini-giacomo-leopardi-vita-e-amori-del-poeta%cd%8f"]}]},{"@type":"ImageObject","inLanguage":"it-IT","@id":"https:\/\/cinema.video\/it\/al-marche-di-cannes-fondazione-marche-film-commission-mostra-una-clip-inedita-dalla-nuova-miniserie-rai-di-sergio-rubini-giacomo-leopardi-vita-e-amori-del-poeta%cd%8f#primaryimage","url":"https:\/\/cinema.video\/wp-content\/uploads\/2024\/05\/DSC_4838-2-scaled-e1716471214828.jpg","contentUrl":"https:\/\/cinema.video\/wp-content\/uploads\/2024\/05\/DSC_4838-2-scaled-e1716471214828.jpg","width":800,"height":532,"caption":"A Cannes Marche Film Commission mostra una clip inedita di \"Giacomo Leopardi - Vita e amori del poeta\u201d\u200c \u034f\u200c di Sergio Rubini"},{"@type":"BreadcrumbList","@id":"https:\/\/cinema.video\/it\/al-marche-di-cannes-fondazione-marche-film-commission-mostra-una-clip-inedita-dalla-nuova-miniserie-rai-di-sergio-rubini-giacomo-leopardi-vita-e-amori-del-poeta%cd%8f#breadcrumb","itemListElement":[{"@type":"ListItem","position":1,"name":"Home","item":"https:\/\/cinema.video\/it"},{"@type":"ListItem","position":2,"name":"MARCHE Infinite Storie Infiniti Luoghi&#8230;e un po&#8217; di Leopardi a Cannes"}]},{"@type":"WebSite","@id":"https:\/\/cinema.video\/it#website","url":"https:\/\/cinema.video\/it","name":"Cinema & Video International","description":"Film &amp; Audiovisual B2B Industry Trade Platform Magazine","publisher":{"@id":"https:\/\/cinema.video\/it#organization"},"alternateName":"Cinema & Video","potentialAction":[{"@type":"SearchAction","target":{"@type":"EntryPoint","urlTemplate":"https:\/\/cinema.video\/it?s={search_term_string}"},"query-input":{"@type":"PropertyValueSpecification","valueRequired":true,"valueName":"search_term_string"}}],"inLanguage":"it-IT"},{"@type":"Organization","@id":"https:\/\/cinema.video\/it#organization","name":"Cinema & Video","url":"https:\/\/cinema.video\/it","logo":{"@type":"ImageObject","inLanguage":"it-IT","@id":"https:\/\/cinema.video\/it#\/schema\/logo\/image\/","url":"https:\/\/cinema.video\/wp-content\/uploads\/2026\/04\/CinemVideo_LogoBlack.png","contentUrl":"https:\/\/cinema.video\/wp-content\/uploads\/2026\/04\/CinemVideo_LogoBlack.png","width":1336,"height":224,"caption":"Cinema & Video"},"image":{"@id":"https:\/\/cinema.video\/it#\/schema\/logo\/image\/"},"sameAs":["https:\/\/www.facebook.com\/CinemaVideoInternational\/","https:\/\/www.instagram.com\/cinemaevideointernational\/","https:\/\/it.linkedin.com\/company\/cinema-video-international"],"description":"Media Consulting & Marketing Agency","email":"hello@darostudio.com","legalName":"DARO studio LLC","foundingDate":"2021-02-16","numberOfEmployees":{"@type":"QuantitativeValue","minValue":"1","maxValue":"10"},"publishingPrinciples":"https:\/\/cinema.video\/about"},{"@type":"Person","@id":"https:\/\/cinema.video\/it#\/schema\/person\/aeb01b91d874e8b01e76a1db04c668c6","name":"Editorial","image":{"@type":"ImageObject","inLanguage":"it-IT","@id":"https:\/\/secure.gravatar.com\/avatar\/06ad6f92eb14745b75fb592cadf8139d33242d81c9c8b085133c450aaf0b9731?s=96&d=mm&r=g","url":"https:\/\/secure.gravatar.com\/avatar\/06ad6f92eb14745b75fb592cadf8139d33242d81c9c8b085133c450aaf0b9731?s=96&d=mm&r=g","contentUrl":"https:\/\/secure.gravatar.com\/avatar\/06ad6f92eb14745b75fb592cadf8139d33242d81c9c8b085133c450aaf0b9731?s=96&d=mm&r=g","caption":"Editorial"},"url":"https:\/\/cinema.video\/it\/author\/redazione"}]}},"jetpack_shortlink":"https:\/\/wp.me\/ph672m-1fjY","jetpack_featured_media_url":"https:\/\/cinema.video\/wp-content\/uploads\/2024\/05\/DSC_4838-2-scaled-e1716471214828.jpg","_links":{"self":[{"href":"https:\/\/cinema.video\/it\/wp-json\/wp\/v2\/posts\/297226","targetHints":{"allow":["GET"]}}],"collection":[{"href":"https:\/\/cinema.video\/it\/wp-json\/wp\/v2\/posts"}],"about":[{"href":"https:\/\/cinema.video\/it\/wp-json\/wp\/v2\/types\/post"}],"author":[{"embeddable":true,"href":"https:\/\/cinema.video\/it\/wp-json\/wp\/v2\/users\/26"}],"replies":[{"embeddable":true,"href":"https:\/\/cinema.video\/it\/wp-json\/wp\/v2\/comments?post=297226"}],"version-history":[{"count":1,"href":"https:\/\/cinema.video\/it\/wp-json\/wp\/v2\/posts\/297226\/revisions"}],"predecessor-version":[{"id":309365,"href":"https:\/\/cinema.video\/it\/wp-json\/wp\/v2\/posts\/297226\/revisions\/309365"}],"wp:featuredmedia":[{"embeddable":true,"href":"https:\/\/cinema.video\/it\/wp-json\/wp\/v2\/media\/297228"}],"wp:attachment":[{"href":"https:\/\/cinema.video\/it\/wp-json\/wp\/v2\/media?parent=297226"}],"wp:term":[{"taxonomy":"category","embeddable":true,"href":"https:\/\/cinema.video\/it\/wp-json\/wp\/v2\/categories?post=297226"},{"taxonomy":"post_tag","embeddable":true,"href":"https:\/\/cinema.video\/it\/wp-json\/wp\/v2\/tags?post=297226"}],"curies":[{"name":"wp","href":"https:\/\/api.w.org\/{rel}","templated":true}]}}