{"id":297198,"date":"2024-05-21T11:00:34","date_gmt":"2024-05-21T09:00:34","guid":{"rendered":"https:\/\/cinema.video\/?p=297198"},"modified":"2026-04-10T04:05:27","modified_gmt":"2026-04-10T02:05:27","slug":"le-film-commission-della-svizzera-paese-donore-al-festival-di-cannes-sono-state-protagoniste-di-due-panel-al-marche-du-film","status":"publish","type":"post","link":"https:\/\/cinema.video\/it\/le-film-commission-della-svizzera-paese-donore-al-festival-di-cannes-sono-state-protagoniste-di-due-panel-al-marche-du-film","title":{"rendered":"SVIZZERA Oltre le Locations valorizzando gli stereotipi"},"content":{"rendered":"\n<p class=\"wp-block-paragraph\">\u00c9 l\u2019anno della <strong>Svizzera<\/strong> al <strong>Festival di Cannes<\/strong>, e anche le film commission sono state protagoniste di due panel al <strong>March\u00e9 du Film<\/strong>.<\/p>\n\n\n\n<p class=\"wp-block-paragraph\">In <strong><em>Film Commissions beyond Locations<\/em>,<\/strong> dedicato alla co-produzione, le film commission del Ticino, di Zurigo, Valais,  e il Film Fund di Zurigo hanno dialogato <strong>Carlo Cresto Dina <\/strong>di <strong>tempesta film<\/strong>, moderati dalla nuova manager di <strong>EUFCN<\/strong>, <strong>Vania Vergou<\/strong>.<\/p>\n\n\n\n<p class=\"wp-block-paragraph\">Il secondo panel, <strong><em>Dispelling Location Stereotypes: Switzerland,<\/em> <\/strong>ha visto ancora le tre film commission svizzere assieme ai produttori svizzeri <strong>Michela Pini <\/strong>e <strong> Nicolas Burlet<\/strong>, produttore di <strong><em>Sauvages<\/em> <\/strong>di <strong>Claude Barras<\/strong>,<strong> <\/strong>il film di animazione in stop motion che \u00e8 stato presentato sabato 18 maggio  in <em>Special Screenings.<\/em> A moderarlo, la giornalista <strong>Gabriella Geisinger<\/strong> (KFTV | Locations Editor, Screen International).<br>L\u2019incontro era parte del <strong>Global Film Commission Network Summit<\/strong> di <strong>AFCI,<\/strong> che ha fatto il suo \u2018debutto\u2019 al March\u00e9 du Film di Cannes, coordinato da <strong>Jaclyn Philpott<\/strong>, direttrice esecutiva di AFCI: una serie di incontri volti evidenziare il ruolo cruciale della selezione di luoghi strategici e delle diverse modalit\u00e0 di produzione nel panorama audiovisivo attuale.<\/p>\n\n\n\n<p class=\"wp-block-paragraph\">Gli stereotipi possono paradossalmente risultare utili nella promozione di una locations: le film commission svizzere li &#8216;sfruttano&#8217; a loro vantaggio, usandoli come punti di forza.<\/p>\n\n\n\n<p class=\"wp-block-paragraph\">La Svizzera \u00e8 il paese delle montagne innevate, della finanza, degli orologi, \u201cinizialmente&nbsp;le troupe venivano qui a filmare solo gli \u2018establishing shots\u2019 o alcune sequenze, perch\u00e9 non immaginavano che si potesse girare tutto un film da noi, non solo a livello professionale, ma anche di paesaggi, che sono molto pi\u00f9 variati di quanto si pensi\u201d dice<strong> Niccol\u00f2 Castelli,<\/strong> direttore di <strong>Ticino Film Commission<\/strong>, la pi\u00f9 &#8216;anziana&#8217; fra le film commission svizzere.<br>&#8220;Quest&#8217;anno compiremo 10 anni, &#8211; spiega <strong>Lisa Barzaghi<\/strong>, responsabile operativa della struttura. &#8211; Il nostro principale obiettivo, oltre a quello di attrarre le produzioni, \u00e8 quello di promuovere e supportare il settore audiovisivo locale: dal 2017 abbiamo visto una significante crescita di tecnici e professionisti che fanno cinema. Anche se i nostri incentivi finanziari sono contenuti, seguiamo passo passo le produzioni, per i location scouting, ad esempio. Con <em>Gloria!<\/em> prodotto da tempesta e tell film (e da poco passato nelle sale, n.d.r.) abbiamo fatto un grande lavoro.&#8221;<br>Lo conferma il produttore, Carlo Cresto Dina, raccontando come la pre-produzione sia stata in effetti &#8220;un puzzle un po&#8217; complicato, visto che si tratta di una commedia musicale, quasi un musical, ambientato nel 18\u00b0 secolo. Dovevamo mostrare Venezia senza girare l\u00ec, trovare un collegio che potesse corrispondere con un altro che avevamo scovato in Italia&#8230;In Svizzera, poi, abbiamo girato la scena finale, con la protagonista che visita Madame de Sta\u00ebl.&#8221;<\/p>\n\n\n\n<p class=\"wp-block-paragraph\">\u201cSenza le film commission sarebbe stato molto pi\u00f9 complicato convincere i produttori a venire a girare da noi. Tutti pensano che il nostro paese sia piccolo e caro, ma abbiamo il cash rebate e le regole per le spese da effettuare sul territorio non sono cos\u00ec severe come in altri paesi, siamo precisi ma non siamo complicati!- spiega Michela Pini<\/p>\n\n\n\n<p class=\"wp-block-paragraph\">La <strong>Zurich Film Commission<\/strong>, nata 6 anni fa, ha da poco messo a punto un \u2018location scouting package\u2019 che mette a disposizione un contributo (fino a 6000 euro) per i produttori in cerca di locations che ne fanno richiesta. Inoltre, rivela <strong>Dino Malacarne<\/strong>, direttore della film commission, \u201cproprio qui a Cannes abbiamo lanciato un nuovo, piccolo incentivo alla produzione (fino a 30 mila euro a progetto), rivolto ai produttori internazionali (che per\u00f2 devono lavorare con un service producer di Zurigo)\u201d<\/p>\n\n\n\n<p class=\"wp-block-paragraph\">Zurigo conta anche un <strong>Film Fund<\/strong> (<strong>Zurich Film Fund)<\/strong> con cui, ha spiegato la direttrice <strong>Julia Kr\u00e4tti, <\/strong>\u201csupportiamo tutti i formati, dando sostegni per lo sviluppo (un massimo di 100 mila franchi) produzione (fino a 1 milione di franchi) e la promozione (fino a 100, 000 franchi)&#8221;<\/p>\n\n\n\n<p class=\"wp-block-paragraph\">\u201cIl fatto di essere un paese piccolo, -riprende Pini,&nbsp;&#8211; fa si che siamo costretti a fare esperienza all\u2019estero: per questo abbiamo tecnici eccellenti, come, ad esempio, gli ingegneri del suono.\u201d<\/p>\n\n\n\n<p class=\"wp-block-paragraph\">La dimensione contenuta e rilassata \u00e8 una delle ragioni che ha portato la troupe di <em>Sauvages<\/em> (50 persone) a realizzare un film di animazione sul territorio, restandoci 9 mesi anche in assenza di uno studio (che \u00e8 stato allestito in un capannone).<\/p>\n\n\n\n<p class=\"wp-block-paragraph\">\u201cLa vita di un animatore \u00e8 pi\u00f9 regolare rispetto a quella degli altri filmmakers: noi lavoravamo dalle 9 alle 6, e poi, nel tempo libero e nei weekend, uscivamo, andavamo a nuotare, a fare trekking sulle montagne: era tutto a portata di mano, le questo ci ha permesso una qualit\u00e0 della vita molto superiore rispetto a quando lavoriamo nelle grandi citt\u00e0.\u201d Racconta Burlet.<\/p>\n\n\n\n<p class=\"wp-block-paragraph\">Un contesto che sicuramente aiuta la sostenibilit\u00e0 delle produzioni, punto che sta particolarmente a cuore a Carlo Cresto Dina che con la Svizzera ha prodotto quasi tutti i suoi film, iniziando da <em>Corpo Celeste <\/em>di Alice Rohrwacher.<\/p>\n\n\n\n<p class=\"wp-block-paragraph\">\u201cLe film commission sono l\u2019ultimo tassello della filiera attraverso cui una notevole quantit\u00e0 di denaro, e spesso denaro pubblico, arriva sui territori attraverso i produttori, che a loro volta vogliono denaro dalle film commission. Quindi sarebbe opportuno che fra le due parti ci fosse uno scambio equo:a fronte dei fondi di sostegno, le produzioni dovrebbero obbligatoriamente rispettare certe condizioni, riguardanti, ad esempio, le procedure per produrre in maniera sostenibile. E, a questo proposito, sarebbe necessario avere una terza parte che analizzasse i protocolli green e valutasse la loro applicazione. Questo manca, perch\u00e9 molti dei protocolli, come Albert, che \u00e8 considerato lo standard, si auto-certificano: questo non \u00e8 accettabile, anzi a mio avviso \u00e8 puro greenwashing.\u201d<\/p>\n","protected":false},"excerpt":{"rendered":"<p>Le film commission della Svizzera paese d&#8217;onore al Festival di Cannes sono state protagoniste di due panel al March\u00e9 du Film, in collaborazione con EEUFCN e AFCI: &#8220;Film Commissions beyond Locations&#8221; e &#8220;Dispelling Location Stereotypes: Switzerland&#8221;<\/p>\n","protected":false},"author":2,"featured_media":297200,"comment_status":"closed","ping_status":"closed","sticky":false,"template":"","format":"standard","meta":{"googlesitekit_rrm_CAow3e7fCw:productID":"","_crdt_document":"","footnotes":""},"categories":[1],"tags":[356,880,1360],"class_list":{"0":"post-297198","1":"post","2":"type-post","3":"status-publish","4":"format-standard","5":"has-post-thumbnail","7":"category-senza-categoria","8":"tag-focus","9":"tag-ticino-film-commission","10":"tag-valais-film-commission"},"yoast_head":"<!-- This site is optimized with the Yoast SEO Premium plugin v27.4 (Yoast SEO v27.5) - https:\/\/yoast.com\/product\/yoast-seo-premium-wordpress\/ -->\n<title>SVIZZERA Oltre le Locations valorizzando gli stereotipi - Cinema &amp; Video International<\/title>\n<meta name=\"description\" content=\"SVIZZERA Oltre le Locations valorizzando gli stereotipi \u2013 svizzera oltre le locations valorizzando gli. \u00c9 l\u2019anno della Svizzera al Festival di Cannes, e a\" \/>\n<meta name=\"robots\" content=\"index, follow, max-snippet:-1, max-image-preview:large, max-video-preview:-1\" \/>\n<link rel=\"canonical\" href=\"https:\/\/cinema.video\/it\/le-film-commission-della-svizzera-paese-donore-al-festival-di-cannes-sono-state-protagoniste-di-due-panel-al-marche-du-film\" \/>\n<meta property=\"og:locale\" content=\"it_IT\" \/>\n<meta property=\"og:type\" content=\"article\" \/>\n<meta property=\"og:title\" content=\"SVIZZERA Oltre le Locations valorizzando gli stereotipi\" \/>\n<meta property=\"og:description\" content=\"SVIZZERA Oltre le Locations valorizzando gli stereotipi \u2013 svizzera oltre le locations valorizzando gli. \u00c9 l\u2019anno della Svizzera al Festival di Cannes, e a\" \/>\n<meta property=\"og:url\" content=\"https:\/\/cinema.video\/it\/le-film-commission-della-svizzera-paese-donore-al-festival-di-cannes-sono-state-protagoniste-di-due-panel-al-marche-du-film\" \/>\n<meta property=\"og:site_name\" content=\"Cinema &amp; Video International\" \/>\n<meta property=\"article:publisher\" content=\"https:\/\/www.facebook.com\/CinemaVideoInternational\/\" \/>\n<meta property=\"article:published_time\" content=\"2024-05-21T09:00:34+00:00\" \/>\n<meta property=\"article:modified_time\" content=\"2026-04-10T02:05:27+00:00\" \/>\n<meta property=\"og:image\" content=\"https:\/\/cinema.video\/wp-content\/uploads\/2024\/05\/svizzera-EUFCN-scaled-e1716280693726.jpg\" \/>\n\t<meta property=\"og:image:width\" content=\"800\" \/>\n\t<meta property=\"og:image:height\" content=\"359\" \/>\n\t<meta property=\"og:image:type\" content=\"image\/jpeg\" \/>\n<meta name=\"author\" content=\"Carolina Mancini\" \/>\n<meta name=\"twitter:card\" content=\"summary_large_image\" \/>\n<meta name=\"twitter:label1\" content=\"Scritto da\" \/>\n\t<meta name=\"twitter:data1\" content=\"Carolina Mancini\" \/>\n\t<meta name=\"twitter:label2\" content=\"Tempo di lettura stimato\" \/>\n\t<meta name=\"twitter:data2\" content=\"5 minuti\" \/>\n<script type=\"application\/ld+json\" class=\"yoast-schema-graph\">{\"@context\":\"https:\\\/\\\/schema.org\",\"@graph\":[{\"@type\":\"Article\",\"@id\":\"https:\\\/\\\/cinema.video\\\/it\\\/le-film-commission-della-svizzera-paese-donore-al-festival-di-cannes-sono-state-protagoniste-di-due-panel-al-marche-du-film#article\",\"isPartOf\":{\"@id\":\"https:\\\/\\\/cinema.video\\\/it\\\/le-film-commission-della-svizzera-paese-donore-al-festival-di-cannes-sono-state-protagoniste-di-due-panel-al-marche-du-film\"},\"author\":{\"name\":\"Carolina Mancini\",\"@id\":\"https:\\\/\\\/cinema.video\\\/it#\\\/schema\\\/person\\\/d5479fad8d0f2360000eb4aab6bb6e5d\"},\"headline\":\"SVIZZERA Oltre le Locations valorizzando gli stereotipi\",\"datePublished\":\"2024-05-21T09:00:34+00:00\",\"dateModified\":\"2026-04-10T02:05:27+00:00\",\"mainEntityOfPage\":{\"@id\":\"https:\\\/\\\/cinema.video\\\/it\\\/le-film-commission-della-svizzera-paese-donore-al-festival-di-cannes-sono-state-protagoniste-di-due-panel-al-marche-du-film\"},\"wordCount\":899,\"publisher\":{\"@id\":\"https:\\\/\\\/cinema.video\\\/it#organization\"},\"image\":{\"@id\":\"https:\\\/\\\/cinema.video\\\/it\\\/le-film-commission-della-svizzera-paese-donore-al-festival-di-cannes-sono-state-protagoniste-di-due-panel-al-marche-du-film#primaryimage\"},\"thumbnailUrl\":\"https:\\\/\\\/cinema.video\\\/wp-content\\\/uploads\\\/2024\\\/05\\\/svizzera-EUFCN-scaled-e1716280693726.jpg\",\"keywords\":[\"focus\",\"Ticino Film Commission\",\"VALAIS FILM COMMISSION\"],\"inLanguage\":\"it-IT\"},{\"@type\":\"WebPage\",\"@id\":\"https:\\\/\\\/cinema.video\\\/it\\\/le-film-commission-della-svizzera-paese-donore-al-festival-di-cannes-sono-state-protagoniste-di-due-panel-al-marche-du-film\",\"url\":\"https:\\\/\\\/cinema.video\\\/it\\\/le-film-commission-della-svizzera-paese-donore-al-festival-di-cannes-sono-state-protagoniste-di-due-panel-al-marche-du-film\",\"name\":\"SVIZZERA Oltre le Locations valorizzando gli stereotipi - Cinema &amp; Video International\",\"isPartOf\":{\"@id\":\"https:\\\/\\\/cinema.video\\\/it#website\"},\"primaryImageOfPage\":{\"@id\":\"https:\\\/\\\/cinema.video\\\/it\\\/le-film-commission-della-svizzera-paese-donore-al-festival-di-cannes-sono-state-protagoniste-di-due-panel-al-marche-du-film#primaryimage\"},\"image\":{\"@id\":\"https:\\\/\\\/cinema.video\\\/it\\\/le-film-commission-della-svizzera-paese-donore-al-festival-di-cannes-sono-state-protagoniste-di-due-panel-al-marche-du-film#primaryimage\"},\"thumbnailUrl\":\"https:\\\/\\\/cinema.video\\\/wp-content\\\/uploads\\\/2024\\\/05\\\/svizzera-EUFCN-scaled-e1716280693726.jpg\",\"datePublished\":\"2024-05-21T09:00:34+00:00\",\"dateModified\":\"2026-04-10T02:05:27+00:00\",\"description\":\"SVIZZERA Oltre le Locations valorizzando gli stereotipi \u2013 svizzera oltre le locations valorizzando gli. \u00c9 l\u2019anno della Svizzera al Festival di Cannes, e a\",\"breadcrumb\":{\"@id\":\"https:\\\/\\\/cinema.video\\\/it\\\/le-film-commission-della-svizzera-paese-donore-al-festival-di-cannes-sono-state-protagoniste-di-due-panel-al-marche-du-film#breadcrumb\"},\"inLanguage\":\"it-IT\",\"potentialAction\":[{\"@type\":\"ReadAction\",\"target\":[\"https:\\\/\\\/cinema.video\\\/it\\\/le-film-commission-della-svizzera-paese-donore-al-festival-di-cannes-sono-state-protagoniste-di-due-panel-al-marche-du-film\"]}]},{\"@type\":\"ImageObject\",\"inLanguage\":\"it-IT\",\"@id\":\"https:\\\/\\\/cinema.video\\\/it\\\/le-film-commission-della-svizzera-paese-donore-al-festival-di-cannes-sono-state-protagoniste-di-due-panel-al-marche-du-film#primaryimage\",\"url\":\"https:\\\/\\\/cinema.video\\\/wp-content\\\/uploads\\\/2024\\\/05\\\/svizzera-EUFCN-scaled-e1716280693726.jpg\",\"contentUrl\":\"https:\\\/\\\/cinema.video\\\/wp-content\\\/uploads\\\/2024\\\/05\\\/svizzera-EUFCN-scaled-e1716280693726.jpg\",\"width\":800,\"height\":359,\"caption\":\"Le film commission della Svizzera paese d'onore al Festival di Cannes sono state protagoniste di due panel al March\u00e9 du Film\"},{\"@type\":\"BreadcrumbList\",\"@id\":\"https:\\\/\\\/cinema.video\\\/it\\\/le-film-commission-della-svizzera-paese-donore-al-festival-di-cannes-sono-state-protagoniste-di-due-panel-al-marche-du-film#breadcrumb\",\"itemListElement\":[{\"@type\":\"ListItem\",\"position\":1,\"name\":\"Home\",\"item\":\"https:\\\/\\\/cinema.video\\\/it\\\/home-2\"},{\"@type\":\"ListItem\",\"position\":2,\"name\":\"SVIZZERA Oltre le Locations valorizzando gli stereotipi\"}]},{\"@type\":\"WebSite\",\"@id\":\"https:\\\/\\\/cinema.video\\\/it#website\",\"url\":\"https:\\\/\\\/cinema.video\\\/it\",\"name\":\"Cinema & Video International\",\"description\":\"Film &amp; Audiovisual Industry Trade Magazine\",\"publisher\":{\"@id\":\"https:\\\/\\\/cinema.video\\\/it#organization\"},\"alternateName\":\"Cinema & Video\",\"potentialAction\":[{\"@type\":\"SearchAction\",\"target\":{\"@type\":\"EntryPoint\",\"urlTemplate\":\"https:\\\/\\\/cinema.video\\\/it?s={search_term_string}\"},\"query-input\":{\"@type\":\"PropertyValueSpecification\",\"valueRequired\":true,\"valueName\":\"search_term_string\"}}],\"inLanguage\":\"it-IT\"},{\"@type\":\"Organization\",\"@id\":\"https:\\\/\\\/cinema.video\\\/it#organization\",\"name\":\"Cinema & Video\",\"url\":\"https:\\\/\\\/cinema.video\\\/it\",\"logo\":{\"@type\":\"ImageObject\",\"inLanguage\":\"it-IT\",\"@id\":\"https:\\\/\\\/cinema.video\\\/it#\\\/schema\\\/logo\\\/image\\\/\",\"url\":\"https:\\\/\\\/cinema.video\\\/wp-content\\\/uploads\\\/2026\\\/04\\\/CinemVideo_LogoBlack.png\",\"contentUrl\":\"https:\\\/\\\/cinema.video\\\/wp-content\\\/uploads\\\/2026\\\/04\\\/CinemVideo_LogoBlack.png\",\"width\":1336,\"height\":224,\"caption\":\"Cinema & Video\"},\"image\":{\"@id\":\"https:\\\/\\\/cinema.video\\\/it#\\\/schema\\\/logo\\\/image\\\/\"},\"sameAs\":[\"https:\\\/\\\/www.facebook.com\\\/CinemaVideoInternational\\\/\",\"https:\\\/\\\/www.instagram.com\\\/cinemaevideointernational\\\/\",\"https:\\\/\\\/it.linkedin.com\\\/company\\\/cinema-video-international\"],\"description\":\"Media Consulting & Marketing Agency\",\"email\":\"hello@darostudio.com\",\"legalName\":\"DARO studio LLC\",\"foundingDate\":\"2021-02-16\",\"numberOfEmployees\":{\"@type\":\"QuantitativeValue\",\"minValue\":\"1\",\"maxValue\":\"10\"}},{\"@type\":\"Person\",\"@id\":\"https:\\\/\\\/cinema.video\\\/it#\\\/schema\\\/person\\\/d5479fad8d0f2360000eb4aab6bb6e5d\",\"name\":\"Carolina Mancini\",\"image\":{\"@type\":\"ImageObject\",\"inLanguage\":\"it-IT\",\"@id\":\"https:\\\/\\\/secure.gravatar.com\\\/avatar\\\/d4758965c5e8730dbaaa7131a628547771a26c1e5bf14fe323d96f8246a62baf?s=96&d=mm&r=g\",\"url\":\"https:\\\/\\\/secure.gravatar.com\\\/avatar\\\/d4758965c5e8730dbaaa7131a628547771a26c1e5bf14fe323d96f8246a62baf?s=96&d=mm&r=g\",\"contentUrl\":\"https:\\\/\\\/secure.gravatar.com\\\/avatar\\\/d4758965c5e8730dbaaa7131a628547771a26c1e5bf14fe323d96f8246a62baf?s=96&d=mm&r=g\",\"caption\":\"Carolina Mancini\"},\"url\":\"https:\\\/\\\/cinema.video\\\/it\\\/author\\\/carolin\"}]}<\/script>\n<!-- \/ Yoast SEO Premium plugin. -->","yoast_head_json":{"title":"SVIZZERA Oltre le Locations valorizzando gli stereotipi - Cinema &amp; Video International","description":"SVIZZERA Oltre le Locations valorizzando gli stereotipi \u2013 svizzera oltre le locations valorizzando gli. \u00c9 l\u2019anno della Svizzera al Festival di Cannes, e a","robots":{"index":"index","follow":"follow","max-snippet":"max-snippet:-1","max-image-preview":"max-image-preview:large","max-video-preview":"max-video-preview:-1"},"canonical":"https:\/\/cinema.video\/it\/le-film-commission-della-svizzera-paese-donore-al-festival-di-cannes-sono-state-protagoniste-di-due-panel-al-marche-du-film","og_locale":"it_IT","og_type":"article","og_title":"SVIZZERA Oltre le Locations valorizzando gli stereotipi","og_description":"SVIZZERA Oltre le Locations valorizzando gli stereotipi \u2013 svizzera oltre le locations valorizzando gli. \u00c9 l\u2019anno della Svizzera al Festival di Cannes, e a","og_url":"https:\/\/cinema.video\/it\/le-film-commission-della-svizzera-paese-donore-al-festival-di-cannes-sono-state-protagoniste-di-due-panel-al-marche-du-film","og_site_name":"Cinema &amp; Video International","article_publisher":"https:\/\/www.facebook.com\/CinemaVideoInternational\/","article_published_time":"2024-05-21T09:00:34+00:00","article_modified_time":"2026-04-10T02:05:27+00:00","og_image":[{"width":800,"height":359,"url":"https:\/\/cinema.video\/wp-content\/uploads\/2024\/05\/svizzera-EUFCN-scaled-e1716280693726.jpg","type":"image\/jpeg"}],"author":"Carolina Mancini","twitter_card":"summary_large_image","twitter_misc":{"Scritto da":"Carolina Mancini","Tempo di lettura stimato":"5 minuti"},"schema":{"@context":"https:\/\/schema.org","@graph":[{"@type":"Article","@id":"https:\/\/cinema.video\/it\/le-film-commission-della-svizzera-paese-donore-al-festival-di-cannes-sono-state-protagoniste-di-due-panel-al-marche-du-film#article","isPartOf":{"@id":"https:\/\/cinema.video\/it\/le-film-commission-della-svizzera-paese-donore-al-festival-di-cannes-sono-state-protagoniste-di-due-panel-al-marche-du-film"},"author":{"name":"Carolina Mancini","@id":"https:\/\/cinema.video\/it#\/schema\/person\/d5479fad8d0f2360000eb4aab6bb6e5d"},"headline":"SVIZZERA Oltre le Locations valorizzando gli stereotipi","datePublished":"2024-05-21T09:00:34+00:00","dateModified":"2026-04-10T02:05:27+00:00","mainEntityOfPage":{"@id":"https:\/\/cinema.video\/it\/le-film-commission-della-svizzera-paese-donore-al-festival-di-cannes-sono-state-protagoniste-di-due-panel-al-marche-du-film"},"wordCount":899,"publisher":{"@id":"https:\/\/cinema.video\/it#organization"},"image":{"@id":"https:\/\/cinema.video\/it\/le-film-commission-della-svizzera-paese-donore-al-festival-di-cannes-sono-state-protagoniste-di-due-panel-al-marche-du-film#primaryimage"},"thumbnailUrl":"https:\/\/cinema.video\/wp-content\/uploads\/2024\/05\/svizzera-EUFCN-scaled-e1716280693726.jpg","keywords":["focus","Ticino Film Commission","VALAIS FILM COMMISSION"],"inLanguage":"it-IT"},{"@type":"WebPage","@id":"https:\/\/cinema.video\/it\/le-film-commission-della-svizzera-paese-donore-al-festival-di-cannes-sono-state-protagoniste-di-due-panel-al-marche-du-film","url":"https:\/\/cinema.video\/it\/le-film-commission-della-svizzera-paese-donore-al-festival-di-cannes-sono-state-protagoniste-di-due-panel-al-marche-du-film","name":"SVIZZERA Oltre le Locations valorizzando gli stereotipi - Cinema &amp; Video International","isPartOf":{"@id":"https:\/\/cinema.video\/it#website"},"primaryImageOfPage":{"@id":"https:\/\/cinema.video\/it\/le-film-commission-della-svizzera-paese-donore-al-festival-di-cannes-sono-state-protagoniste-di-due-panel-al-marche-du-film#primaryimage"},"image":{"@id":"https:\/\/cinema.video\/it\/le-film-commission-della-svizzera-paese-donore-al-festival-di-cannes-sono-state-protagoniste-di-due-panel-al-marche-du-film#primaryimage"},"thumbnailUrl":"https:\/\/cinema.video\/wp-content\/uploads\/2024\/05\/svizzera-EUFCN-scaled-e1716280693726.jpg","datePublished":"2024-05-21T09:00:34+00:00","dateModified":"2026-04-10T02:05:27+00:00","description":"SVIZZERA Oltre le Locations valorizzando gli stereotipi \u2013 svizzera oltre le locations valorizzando gli. \u00c9 l\u2019anno della Svizzera al Festival di Cannes, e a","breadcrumb":{"@id":"https:\/\/cinema.video\/it\/le-film-commission-della-svizzera-paese-donore-al-festival-di-cannes-sono-state-protagoniste-di-due-panel-al-marche-du-film#breadcrumb"},"inLanguage":"it-IT","potentialAction":[{"@type":"ReadAction","target":["https:\/\/cinema.video\/it\/le-film-commission-della-svizzera-paese-donore-al-festival-di-cannes-sono-state-protagoniste-di-due-panel-al-marche-du-film"]}]},{"@type":"ImageObject","inLanguage":"it-IT","@id":"https:\/\/cinema.video\/it\/le-film-commission-della-svizzera-paese-donore-al-festival-di-cannes-sono-state-protagoniste-di-due-panel-al-marche-du-film#primaryimage","url":"https:\/\/cinema.video\/wp-content\/uploads\/2024\/05\/svizzera-EUFCN-scaled-e1716280693726.jpg","contentUrl":"https:\/\/cinema.video\/wp-content\/uploads\/2024\/05\/svizzera-EUFCN-scaled-e1716280693726.jpg","width":800,"height":359,"caption":"Le film commission della Svizzera paese d'onore al Festival di Cannes sono state protagoniste di due panel al March\u00e9 du Film"},{"@type":"BreadcrumbList","@id":"https:\/\/cinema.video\/it\/le-film-commission-della-svizzera-paese-donore-al-festival-di-cannes-sono-state-protagoniste-di-due-panel-al-marche-du-film#breadcrumb","itemListElement":[{"@type":"ListItem","position":1,"name":"Home","item":"https:\/\/cinema.video\/it\/home-2"},{"@type":"ListItem","position":2,"name":"SVIZZERA Oltre le Locations valorizzando gli stereotipi"}]},{"@type":"WebSite","@id":"https:\/\/cinema.video\/it#website","url":"https:\/\/cinema.video\/it","name":"Cinema & Video International","description":"Film &amp; Audiovisual Industry Trade Magazine","publisher":{"@id":"https:\/\/cinema.video\/it#organization"},"alternateName":"Cinema & Video","potentialAction":[{"@type":"SearchAction","target":{"@type":"EntryPoint","urlTemplate":"https:\/\/cinema.video\/it?s={search_term_string}"},"query-input":{"@type":"PropertyValueSpecification","valueRequired":true,"valueName":"search_term_string"}}],"inLanguage":"it-IT"},{"@type":"Organization","@id":"https:\/\/cinema.video\/it#organization","name":"Cinema & Video","url":"https:\/\/cinema.video\/it","logo":{"@type":"ImageObject","inLanguage":"it-IT","@id":"https:\/\/cinema.video\/it#\/schema\/logo\/image\/","url":"https:\/\/cinema.video\/wp-content\/uploads\/2026\/04\/CinemVideo_LogoBlack.png","contentUrl":"https:\/\/cinema.video\/wp-content\/uploads\/2026\/04\/CinemVideo_LogoBlack.png","width":1336,"height":224,"caption":"Cinema & Video"},"image":{"@id":"https:\/\/cinema.video\/it#\/schema\/logo\/image\/"},"sameAs":["https:\/\/www.facebook.com\/CinemaVideoInternational\/","https:\/\/www.instagram.com\/cinemaevideointernational\/","https:\/\/it.linkedin.com\/company\/cinema-video-international"],"description":"Media Consulting & Marketing Agency","email":"hello@darostudio.com","legalName":"DARO studio LLC","foundingDate":"2021-02-16","numberOfEmployees":{"@type":"QuantitativeValue","minValue":"1","maxValue":"10"}},{"@type":"Person","@id":"https:\/\/cinema.video\/it#\/schema\/person\/d5479fad8d0f2360000eb4aab6bb6e5d","name":"Carolina Mancini","image":{"@type":"ImageObject","inLanguage":"it-IT","@id":"https:\/\/secure.gravatar.com\/avatar\/d4758965c5e8730dbaaa7131a628547771a26c1e5bf14fe323d96f8246a62baf?s=96&d=mm&r=g","url":"https:\/\/secure.gravatar.com\/avatar\/d4758965c5e8730dbaaa7131a628547771a26c1e5bf14fe323d96f8246a62baf?s=96&d=mm&r=g","contentUrl":"https:\/\/secure.gravatar.com\/avatar\/d4758965c5e8730dbaaa7131a628547771a26c1e5bf14fe323d96f8246a62baf?s=96&d=mm&r=g","caption":"Carolina Mancini"},"url":"https:\/\/cinema.video\/it\/author\/carolin"}]}},"jetpack_featured_media_url":"https:\/\/cinema.video\/wp-content\/uploads\/2024\/05\/svizzera-EUFCN-scaled-e1716280693726.jpg","jetpack_shortlink":"https:\/\/wp.me\/ph672m-1fjw","_links":{"self":[{"href":"https:\/\/cinema.video\/it\/wp-json\/wp\/v2\/posts\/297198","targetHints":{"allow":["GET"]}}],"collection":[{"href":"https:\/\/cinema.video\/it\/wp-json\/wp\/v2\/posts"}],"about":[{"href":"https:\/\/cinema.video\/it\/wp-json\/wp\/v2\/types\/post"}],"author":[{"embeddable":true,"href":"https:\/\/cinema.video\/it\/wp-json\/wp\/v2\/users\/2"}],"replies":[{"embeddable":true,"href":"https:\/\/cinema.video\/it\/wp-json\/wp\/v2\/comments?post=297198"}],"version-history":[{"count":1,"href":"https:\/\/cinema.video\/it\/wp-json\/wp\/v2\/posts\/297198\/revisions"}],"predecessor-version":[{"id":309362,"href":"https:\/\/cinema.video\/it\/wp-json\/wp\/v2\/posts\/297198\/revisions\/309362"}],"wp:featuredmedia":[{"embeddable":true,"href":"https:\/\/cinema.video\/it\/wp-json\/wp\/v2\/media\/297200"}],"wp:attachment":[{"href":"https:\/\/cinema.video\/it\/wp-json\/wp\/v2\/media?parent=297198"}],"wp:term":[{"taxonomy":"category","embeddable":true,"href":"https:\/\/cinema.video\/it\/wp-json\/wp\/v2\/categories?post=297198"},{"taxonomy":"post_tag","embeddable":true,"href":"https:\/\/cinema.video\/it\/wp-json\/wp\/v2\/tags?post=297198"}],"curies":[{"name":"wp","href":"https:\/\/api.w.org\/{rel}","templated":true}]}}