{"id":297195,"date":"2024-05-21T09:29:38","date_gmt":"2024-05-21T07:29:38","guid":{"rendered":"https:\/\/cinema.video\/?p=297195"},"modified":"2026-04-10T04:05:27","modified_gmt":"2026-04-10T02:05:27","slug":"parthenope-arriva-sul-red-carpet-e-poi-nelle-sale-italiane-con-piperfilm","status":"publish","type":"post","link":"https:\/\/cinema.video\/it\/parthenope-arriva-sul-red-carpet-e-poi-nelle-sale-italiane-con-piperfilm","title":{"rendered":"Parthenope arriva sul Red Carpet e poi nelle sale italiane con PiperFilm"},"content":{"rendered":"\n<p class=\"wp-block-paragraph\">Oggi, 21 maggio, \u00e8 il giorno di Paolo Sorrentino al Festival di Cannes: sar\u00e0 presentato<br>Parthenope, il suo decimo film, e il settimo che porta sulla Croisette (<strong><a href=\"https:\/\/issuu.com\/cinemaevideo\/docs\/cinema_video_rivista_n_197_alta\/10\">LEGGI QUI<\/a><\/strong>)<\/p>\n\n\n\n<p class=\"wp-block-paragraph\">E alla vigilia dell&#8217;anteprima mondiale sul Red Carpet \u00e8 arrivata la notizia che il film sar\u00e0 distribuito in Italia dalla nuova societ\u00e0 <strong>PiperFilm<\/strong><\/p>\n\n\n\n<p class=\"wp-block-paragraph\">Il titolo sar\u00e0 il primo della nuova media company indipendente di cinema italiano, che sar\u00e0 presieduta da <strong>Massimiliano Orfei<\/strong> con <strong>Luisa Borella<\/strong> come COO insieme ad una squadra che sar\u00e0 annunciata nelle prossime settimane.<\/p>\n\n\n\n<p class=\"wp-block-paragraph\">Una societ\u00e0 che punta ad un nuovo modello di distribuzione su misura. <br>L&#8217;identit\u00e0 di PiperFilm &#8211; \u00e8 scritto nella nota ufficiale &#8211; si basa su un network di partner tra i pi\u00f9 grandi player del mercato nazionale e internazionale, sia di produzione che di diffusione dei contenuti, che le consentiranno di affrontare questa sfida con grande solidit\u00e0 garantendo un immediato posizionamento sul mercato.\u00a0<br><br>I film di PiperFilm seguiranno una filiera distributiva solida e totalmente innovativa: il Dipartimento Sales di <strong>Warner Bros. Entertainment Italia<\/strong> curer\u00e0 la distribuzione operativa nelle sale cinematografiche; <strong>Netflix <\/strong>avr\u00e0 la prima finestra post-theatrical in esclusiva. Questo percorso garantir\u00e0 ai film targati PiperFilm di arrivare a tutto il pubblico cinematografico italiano.\u00a0<br><\/p>\n\n\n\n<p class=\"wp-block-paragraph\">Il listino della distribuzione sar\u00e0 reso pubblico nei prossimi mesi.\u00a0<\/p>\n\n\n\n<p class=\"has-text-align-right wp-block-paragraph\"><em>(fonte Ansa)<\/em><\/p>\n","protected":false},"excerpt":{"rendered":"<p>La  nuova media company presieduta da Massimiliano Orfei con Luisa Borella come COO. Il percorso distributivo sar\u00e0 curato operativamente da Warner Bros. Entertainment Italia nelle sale e Netflix avr\u00e0 la prima finestra post-theatrical in esclusiva<\/p>\n","protected":false},"author":26,"featured_media":297237,"comment_status":"closed","ping_status":"closed","sticky":false,"template":"","format":"standard","meta":{"googlesitekit_rrm_CAow3e7fCw:productID":"","_crdt_document":"","footnotes":""},"categories":[1],"tags":[356],"class_list":{"0":"post-297195","1":"post","2":"type-post","3":"status-publish","4":"format-standard","5":"has-post-thumbnail","7":"category-senza-categoria","8":"tag-focus"},"yoast_head":"<!-- This site is optimized with the Yoast SEO Premium plugin v27.4 (Yoast SEO v27.5) - https:\/\/yoast.com\/product\/yoast-seo-premium-wordpress\/ -->\n<title>Parthenope arriva sul Red Carpet e poi nelle sale italiane con PiperFilm - Cinema &amp; Video International<\/title>\n<meta name=\"description\" content=\"Parthenope arriva sul Red Carpet e poi nelle sale italiane con PiperFilm \u2013 parthenope arriva sul red carpet e. Oggi, 21 maggio, \u00e8 il giorno di Paolo Sorre\" \/>\n<meta name=\"robots\" content=\"index, follow, max-snippet:-1, max-image-preview:large, max-video-preview:-1\" \/>\n<link rel=\"canonical\" href=\"https:\/\/cinema.video\/it\/parthenope-arriva-sul-red-carpet-e-poi-nelle-sale-italiane-con-piperfilm\" \/>\n<meta property=\"og:locale\" content=\"it_IT\" \/>\n<meta property=\"og:type\" content=\"article\" \/>\n<meta property=\"og:title\" content=\"Parthenope arriva sul Red Carpet e poi nelle sale italiane con PiperFilm\" \/>\n<meta property=\"og:description\" content=\"Parthenope arriva sul Red Carpet e poi nelle sale italiane con PiperFilm \u2013 parthenope arriva sul red carpet e. Oggi, 21 maggio, \u00e8 il giorno di Paolo Sorre\" \/>\n<meta property=\"og:url\" content=\"https:\/\/cinema.video\/it\/parthenope-arriva-sul-red-carpet-e-poi-nelle-sale-italiane-con-piperfilm\" \/>\n<meta property=\"og:site_name\" content=\"Cinema &amp; Video International\" \/>\n<meta property=\"article:publisher\" content=\"https:\/\/www.facebook.com\/CinemaVideoInternational\/\" \/>\n<meta property=\"article:published_time\" content=\"2024-05-21T07:29:38+00:00\" \/>\n<meta property=\"article:modified_time\" content=\"2026-04-10T02:05:27+00:00\" \/>\n<meta property=\"og:image\" content=\"https:\/\/cinema.video\/wp-content\/uploads\/2024\/05\/Parthenope-by-Paolo-Sorrentino_from-left-Paolo-Sorrentino-and-Daria-DAntonio_photo-by-Gianni-Fiorito-scaled-e1716558497416.jpg\" \/>\n\t<meta property=\"og:image:width\" content=\"800\" \/>\n\t<meta property=\"og:image:height\" content=\"533\" \/>\n\t<meta property=\"og:image:type\" content=\"image\/jpeg\" \/>\n<meta name=\"author\" content=\"Redazione\" \/>\n<meta name=\"twitter:card\" content=\"summary_large_image\" \/>\n<meta name=\"twitter:label1\" content=\"Scritto da\" \/>\n\t<meta name=\"twitter:data1\" content=\"Redazione\" \/>\n\t<meta name=\"twitter:label2\" content=\"Tempo di lettura stimato\" \/>\n\t<meta name=\"twitter:data2\" content=\"2 minuti\" \/>\n<script type=\"application\/ld+json\" class=\"yoast-schema-graph\">{\"@context\":\"https:\\\/\\\/schema.org\",\"@graph\":[{\"@type\":\"Article\",\"@id\":\"https:\\\/\\\/cinema.video\\\/it\\\/parthenope-arriva-sul-red-carpet-e-poi-nelle-sale-italiane-con-piperfilm#article\",\"isPartOf\":{\"@id\":\"https:\\\/\\\/cinema.video\\\/it\\\/parthenope-arriva-sul-red-carpet-e-poi-nelle-sale-italiane-con-piperfilm\"},\"author\":{\"name\":\"Redazione\",\"@id\":\"https:\\\/\\\/cinema.video\\\/it#\\\/schema\\\/person\\\/aeb01b91d874e8b01e76a1db04c668c6\"},\"headline\":\"Parthenope arriva sul Red Carpet e poi nelle sale italiane con PiperFilm\",\"datePublished\":\"2024-05-21T07:29:38+00:00\",\"dateModified\":\"2026-04-10T02:05:27+00:00\",\"mainEntityOfPage\":{\"@id\":\"https:\\\/\\\/cinema.video\\\/it\\\/parthenope-arriva-sul-red-carpet-e-poi-nelle-sale-italiane-con-piperfilm\"},\"wordCount\":220,\"publisher\":{\"@id\":\"https:\\\/\\\/cinema.video\\\/it#organization\"},\"image\":{\"@id\":\"https:\\\/\\\/cinema.video\\\/it\\\/parthenope-arriva-sul-red-carpet-e-poi-nelle-sale-italiane-con-piperfilm#primaryimage\"},\"thumbnailUrl\":\"https:\\\/\\\/cinema.video\\\/wp-content\\\/uploads\\\/2024\\\/05\\\/Parthenope-by-Paolo-Sorrentino_from-left-Paolo-Sorrentino-and-Daria-DAntonio_photo-by-Gianni-Fiorito-scaled-e1716558497416.jpg\",\"keywords\":[\"focus\"],\"inLanguage\":\"it-IT\"},{\"@type\":\"WebPage\",\"@id\":\"https:\\\/\\\/cinema.video\\\/it\\\/parthenope-arriva-sul-red-carpet-e-poi-nelle-sale-italiane-con-piperfilm\",\"url\":\"https:\\\/\\\/cinema.video\\\/it\\\/parthenope-arriva-sul-red-carpet-e-poi-nelle-sale-italiane-con-piperfilm\",\"name\":\"Parthenope arriva sul Red Carpet e poi nelle sale italiane con PiperFilm - Cinema &amp; Video International\",\"isPartOf\":{\"@id\":\"https:\\\/\\\/cinema.video\\\/it#website\"},\"primaryImageOfPage\":{\"@id\":\"https:\\\/\\\/cinema.video\\\/it\\\/parthenope-arriva-sul-red-carpet-e-poi-nelle-sale-italiane-con-piperfilm#primaryimage\"},\"image\":{\"@id\":\"https:\\\/\\\/cinema.video\\\/it\\\/parthenope-arriva-sul-red-carpet-e-poi-nelle-sale-italiane-con-piperfilm#primaryimage\"},\"thumbnailUrl\":\"https:\\\/\\\/cinema.video\\\/wp-content\\\/uploads\\\/2024\\\/05\\\/Parthenope-by-Paolo-Sorrentino_from-left-Paolo-Sorrentino-and-Daria-DAntonio_photo-by-Gianni-Fiorito-scaled-e1716558497416.jpg\",\"datePublished\":\"2024-05-21T07:29:38+00:00\",\"dateModified\":\"2026-04-10T02:05:27+00:00\",\"description\":\"Parthenope arriva sul Red Carpet e poi nelle sale italiane con PiperFilm \u2013 parthenope arriva sul red carpet e. Oggi, 21 maggio, \u00e8 il giorno di Paolo Sorre\",\"breadcrumb\":{\"@id\":\"https:\\\/\\\/cinema.video\\\/it\\\/parthenope-arriva-sul-red-carpet-e-poi-nelle-sale-italiane-con-piperfilm#breadcrumb\"},\"inLanguage\":\"it-IT\",\"potentialAction\":[{\"@type\":\"ReadAction\",\"target\":[\"https:\\\/\\\/cinema.video\\\/it\\\/parthenope-arriva-sul-red-carpet-e-poi-nelle-sale-italiane-con-piperfilm\"]}]},{\"@type\":\"ImageObject\",\"inLanguage\":\"it-IT\",\"@id\":\"https:\\\/\\\/cinema.video\\\/it\\\/parthenope-arriva-sul-red-carpet-e-poi-nelle-sale-italiane-con-piperfilm#primaryimage\",\"url\":\"https:\\\/\\\/cinema.video\\\/wp-content\\\/uploads\\\/2024\\\/05\\\/Parthenope-by-Paolo-Sorrentino_from-left-Paolo-Sorrentino-and-Daria-DAntonio_photo-by-Gianni-Fiorito-scaled-e1716558497416.jpg\",\"contentUrl\":\"https:\\\/\\\/cinema.video\\\/wp-content\\\/uploads\\\/2024\\\/05\\\/Parthenope-by-Paolo-Sorrentino_from-left-Paolo-Sorrentino-and-Daria-DAntonio_photo-by-Gianni-Fiorito-scaled-e1716558497416.jpg\",\"width\":800,\"height\":533,\"caption\":\"Set del nuovo film di Paolo Sorrentino. Nella foto Paolo Sorrentino e Daria D'Antonio (DOP). Foto di Gianni Fiorito\"},{\"@type\":\"BreadcrumbList\",\"@id\":\"https:\\\/\\\/cinema.video\\\/it\\\/parthenope-arriva-sul-red-carpet-e-poi-nelle-sale-italiane-con-piperfilm#breadcrumb\",\"itemListElement\":[{\"@type\":\"ListItem\",\"position\":1,\"name\":\"Home\",\"item\":\"https:\\\/\\\/cinema.video\\\/it\\\/home-2\"},{\"@type\":\"ListItem\",\"position\":2,\"name\":\"Parthenope arriva sul Red Carpet e poi nelle sale italiane con PiperFilm\"}]},{\"@type\":\"WebSite\",\"@id\":\"https:\\\/\\\/cinema.video\\\/it#website\",\"url\":\"https:\\\/\\\/cinema.video\\\/it\",\"name\":\"Cinema & Video International\",\"description\":\"Film &amp; Audiovisual Industry Trade Magazine\",\"publisher\":{\"@id\":\"https:\\\/\\\/cinema.video\\\/it#organization\"},\"alternateName\":\"Cinema & Video\",\"potentialAction\":[{\"@type\":\"SearchAction\",\"target\":{\"@type\":\"EntryPoint\",\"urlTemplate\":\"https:\\\/\\\/cinema.video\\\/it?s={search_term_string}\"},\"query-input\":{\"@type\":\"PropertyValueSpecification\",\"valueRequired\":true,\"valueName\":\"search_term_string\"}}],\"inLanguage\":\"it-IT\"},{\"@type\":\"Organization\",\"@id\":\"https:\\\/\\\/cinema.video\\\/it#organization\",\"name\":\"Cinema & Video\",\"url\":\"https:\\\/\\\/cinema.video\\\/it\",\"logo\":{\"@type\":\"ImageObject\",\"inLanguage\":\"it-IT\",\"@id\":\"https:\\\/\\\/cinema.video\\\/it#\\\/schema\\\/logo\\\/image\\\/\",\"url\":\"https:\\\/\\\/cinema.video\\\/wp-content\\\/uploads\\\/2026\\\/04\\\/CinemVideo_LogoBlack.png\",\"contentUrl\":\"https:\\\/\\\/cinema.video\\\/wp-content\\\/uploads\\\/2026\\\/04\\\/CinemVideo_LogoBlack.png\",\"width\":1336,\"height\":224,\"caption\":\"Cinema & Video\"},\"image\":{\"@id\":\"https:\\\/\\\/cinema.video\\\/it#\\\/schema\\\/logo\\\/image\\\/\"},\"sameAs\":[\"https:\\\/\\\/www.facebook.com\\\/CinemaVideoInternational\\\/\",\"https:\\\/\\\/www.instagram.com\\\/cinemaevideointernational\\\/\",\"https:\\\/\\\/it.linkedin.com\\\/company\\\/cinema-video-international\"],\"description\":\"Media Consulting & Marketing Agency\",\"email\":\"hello@darostudio.com\",\"legalName\":\"DARO studio LLC\",\"foundingDate\":\"2021-02-16\",\"numberOfEmployees\":{\"@type\":\"QuantitativeValue\",\"minValue\":\"1\",\"maxValue\":\"10\"}},{\"@type\":\"Person\",\"@id\":\"https:\\\/\\\/cinema.video\\\/it#\\\/schema\\\/person\\\/aeb01b91d874e8b01e76a1db04c668c6\",\"name\":\"Redazione\",\"image\":{\"@type\":\"ImageObject\",\"inLanguage\":\"it-IT\",\"@id\":\"https:\\\/\\\/secure.gravatar.com\\\/avatar\\\/06ad6f92eb14745b75fb592cadf8139d33242d81c9c8b085133c450aaf0b9731?s=96&d=mm&r=g\",\"url\":\"https:\\\/\\\/secure.gravatar.com\\\/avatar\\\/06ad6f92eb14745b75fb592cadf8139d33242d81c9c8b085133c450aaf0b9731?s=96&d=mm&r=g\",\"contentUrl\":\"https:\\\/\\\/secure.gravatar.com\\\/avatar\\\/06ad6f92eb14745b75fb592cadf8139d33242d81c9c8b085133c450aaf0b9731?s=96&d=mm&r=g\",\"caption\":\"Redazione\"},\"url\":\"https:\\\/\\\/cinema.video\\\/it\\\/author\\\/redazione\"}]}<\/script>\n<!-- \/ Yoast SEO Premium plugin. -->","yoast_head_json":{"title":"Parthenope arriva sul Red Carpet e poi nelle sale italiane con PiperFilm - Cinema &amp; Video International","description":"Parthenope arriva sul Red Carpet e poi nelle sale italiane con PiperFilm \u2013 parthenope arriva sul red carpet e. Oggi, 21 maggio, \u00e8 il giorno di Paolo Sorre","robots":{"index":"index","follow":"follow","max-snippet":"max-snippet:-1","max-image-preview":"max-image-preview:large","max-video-preview":"max-video-preview:-1"},"canonical":"https:\/\/cinema.video\/it\/parthenope-arriva-sul-red-carpet-e-poi-nelle-sale-italiane-con-piperfilm","og_locale":"it_IT","og_type":"article","og_title":"Parthenope arriva sul Red Carpet e poi nelle sale italiane con PiperFilm","og_description":"Parthenope arriva sul Red Carpet e poi nelle sale italiane con PiperFilm \u2013 parthenope arriva sul red carpet e. Oggi, 21 maggio, \u00e8 il giorno di Paolo Sorre","og_url":"https:\/\/cinema.video\/it\/parthenope-arriva-sul-red-carpet-e-poi-nelle-sale-italiane-con-piperfilm","og_site_name":"Cinema &amp; Video International","article_publisher":"https:\/\/www.facebook.com\/CinemaVideoInternational\/","article_published_time":"2024-05-21T07:29:38+00:00","article_modified_time":"2026-04-10T02:05:27+00:00","og_image":[{"width":800,"height":533,"url":"https:\/\/cinema.video\/wp-content\/uploads\/2024\/05\/Parthenope-by-Paolo-Sorrentino_from-left-Paolo-Sorrentino-and-Daria-DAntonio_photo-by-Gianni-Fiorito-scaled-e1716558497416.jpg","type":"image\/jpeg"}],"author":"Redazione","twitter_card":"summary_large_image","twitter_misc":{"Scritto da":"Redazione","Tempo di lettura stimato":"2 minuti"},"schema":{"@context":"https:\/\/schema.org","@graph":[{"@type":"Article","@id":"https:\/\/cinema.video\/it\/parthenope-arriva-sul-red-carpet-e-poi-nelle-sale-italiane-con-piperfilm#article","isPartOf":{"@id":"https:\/\/cinema.video\/it\/parthenope-arriva-sul-red-carpet-e-poi-nelle-sale-italiane-con-piperfilm"},"author":{"name":"Redazione","@id":"https:\/\/cinema.video\/it#\/schema\/person\/aeb01b91d874e8b01e76a1db04c668c6"},"headline":"Parthenope arriva sul Red Carpet e poi nelle sale italiane con PiperFilm","datePublished":"2024-05-21T07:29:38+00:00","dateModified":"2026-04-10T02:05:27+00:00","mainEntityOfPage":{"@id":"https:\/\/cinema.video\/it\/parthenope-arriva-sul-red-carpet-e-poi-nelle-sale-italiane-con-piperfilm"},"wordCount":220,"publisher":{"@id":"https:\/\/cinema.video\/it#organization"},"image":{"@id":"https:\/\/cinema.video\/it\/parthenope-arriva-sul-red-carpet-e-poi-nelle-sale-italiane-con-piperfilm#primaryimage"},"thumbnailUrl":"https:\/\/cinema.video\/wp-content\/uploads\/2024\/05\/Parthenope-by-Paolo-Sorrentino_from-left-Paolo-Sorrentino-and-Daria-DAntonio_photo-by-Gianni-Fiorito-scaled-e1716558497416.jpg","keywords":["focus"],"inLanguage":"it-IT"},{"@type":"WebPage","@id":"https:\/\/cinema.video\/it\/parthenope-arriva-sul-red-carpet-e-poi-nelle-sale-italiane-con-piperfilm","url":"https:\/\/cinema.video\/it\/parthenope-arriva-sul-red-carpet-e-poi-nelle-sale-italiane-con-piperfilm","name":"Parthenope arriva sul Red Carpet e poi nelle sale italiane con PiperFilm - Cinema &amp; Video International","isPartOf":{"@id":"https:\/\/cinema.video\/it#website"},"primaryImageOfPage":{"@id":"https:\/\/cinema.video\/it\/parthenope-arriva-sul-red-carpet-e-poi-nelle-sale-italiane-con-piperfilm#primaryimage"},"image":{"@id":"https:\/\/cinema.video\/it\/parthenope-arriva-sul-red-carpet-e-poi-nelle-sale-italiane-con-piperfilm#primaryimage"},"thumbnailUrl":"https:\/\/cinema.video\/wp-content\/uploads\/2024\/05\/Parthenope-by-Paolo-Sorrentino_from-left-Paolo-Sorrentino-and-Daria-DAntonio_photo-by-Gianni-Fiorito-scaled-e1716558497416.jpg","datePublished":"2024-05-21T07:29:38+00:00","dateModified":"2026-04-10T02:05:27+00:00","description":"Parthenope arriva sul Red Carpet e poi nelle sale italiane con PiperFilm \u2013 parthenope arriva sul red carpet e. Oggi, 21 maggio, \u00e8 il giorno di Paolo Sorre","breadcrumb":{"@id":"https:\/\/cinema.video\/it\/parthenope-arriva-sul-red-carpet-e-poi-nelle-sale-italiane-con-piperfilm#breadcrumb"},"inLanguage":"it-IT","potentialAction":[{"@type":"ReadAction","target":["https:\/\/cinema.video\/it\/parthenope-arriva-sul-red-carpet-e-poi-nelle-sale-italiane-con-piperfilm"]}]},{"@type":"ImageObject","inLanguage":"it-IT","@id":"https:\/\/cinema.video\/it\/parthenope-arriva-sul-red-carpet-e-poi-nelle-sale-italiane-con-piperfilm#primaryimage","url":"https:\/\/cinema.video\/wp-content\/uploads\/2024\/05\/Parthenope-by-Paolo-Sorrentino_from-left-Paolo-Sorrentino-and-Daria-DAntonio_photo-by-Gianni-Fiorito-scaled-e1716558497416.jpg","contentUrl":"https:\/\/cinema.video\/wp-content\/uploads\/2024\/05\/Parthenope-by-Paolo-Sorrentino_from-left-Paolo-Sorrentino-and-Daria-DAntonio_photo-by-Gianni-Fiorito-scaled-e1716558497416.jpg","width":800,"height":533,"caption":"Set del nuovo film di Paolo Sorrentino. Nella foto Paolo Sorrentino e Daria D'Antonio (DOP). Foto di Gianni Fiorito"},{"@type":"BreadcrumbList","@id":"https:\/\/cinema.video\/it\/parthenope-arriva-sul-red-carpet-e-poi-nelle-sale-italiane-con-piperfilm#breadcrumb","itemListElement":[{"@type":"ListItem","position":1,"name":"Home","item":"https:\/\/cinema.video\/it\/home-2"},{"@type":"ListItem","position":2,"name":"Parthenope arriva sul Red Carpet e poi nelle sale italiane con PiperFilm"}]},{"@type":"WebSite","@id":"https:\/\/cinema.video\/it#website","url":"https:\/\/cinema.video\/it","name":"Cinema & Video International","description":"Film &amp; Audiovisual Industry Trade Magazine","publisher":{"@id":"https:\/\/cinema.video\/it#organization"},"alternateName":"Cinema & Video","potentialAction":[{"@type":"SearchAction","target":{"@type":"EntryPoint","urlTemplate":"https:\/\/cinema.video\/it?s={search_term_string}"},"query-input":{"@type":"PropertyValueSpecification","valueRequired":true,"valueName":"search_term_string"}}],"inLanguage":"it-IT"},{"@type":"Organization","@id":"https:\/\/cinema.video\/it#organization","name":"Cinema & Video","url":"https:\/\/cinema.video\/it","logo":{"@type":"ImageObject","inLanguage":"it-IT","@id":"https:\/\/cinema.video\/it#\/schema\/logo\/image\/","url":"https:\/\/cinema.video\/wp-content\/uploads\/2026\/04\/CinemVideo_LogoBlack.png","contentUrl":"https:\/\/cinema.video\/wp-content\/uploads\/2026\/04\/CinemVideo_LogoBlack.png","width":1336,"height":224,"caption":"Cinema & Video"},"image":{"@id":"https:\/\/cinema.video\/it#\/schema\/logo\/image\/"},"sameAs":["https:\/\/www.facebook.com\/CinemaVideoInternational\/","https:\/\/www.instagram.com\/cinemaevideointernational\/","https:\/\/it.linkedin.com\/company\/cinema-video-international"],"description":"Media Consulting & Marketing Agency","email":"hello@darostudio.com","legalName":"DARO studio LLC","foundingDate":"2021-02-16","numberOfEmployees":{"@type":"QuantitativeValue","minValue":"1","maxValue":"10"}},{"@type":"Person","@id":"https:\/\/cinema.video\/it#\/schema\/person\/aeb01b91d874e8b01e76a1db04c668c6","name":"Redazione","image":{"@type":"ImageObject","inLanguage":"it-IT","@id":"https:\/\/secure.gravatar.com\/avatar\/06ad6f92eb14745b75fb592cadf8139d33242d81c9c8b085133c450aaf0b9731?s=96&d=mm&r=g","url":"https:\/\/secure.gravatar.com\/avatar\/06ad6f92eb14745b75fb592cadf8139d33242d81c9c8b085133c450aaf0b9731?s=96&d=mm&r=g","contentUrl":"https:\/\/secure.gravatar.com\/avatar\/06ad6f92eb14745b75fb592cadf8139d33242d81c9c8b085133c450aaf0b9731?s=96&d=mm&r=g","caption":"Redazione"},"url":"https:\/\/cinema.video\/it\/author\/redazione"}]}},"jetpack_featured_media_url":"https:\/\/cinema.video\/wp-content\/uploads\/2024\/05\/Parthenope-by-Paolo-Sorrentino_from-left-Paolo-Sorrentino-and-Daria-DAntonio_photo-by-Gianni-Fiorito-scaled-e1716558497416.jpg","jetpack_shortlink":"https:\/\/wp.me\/ph672m-1fjt","_links":{"self":[{"href":"https:\/\/cinema.video\/it\/wp-json\/wp\/v2\/posts\/297195","targetHints":{"allow":["GET"]}}],"collection":[{"href":"https:\/\/cinema.video\/it\/wp-json\/wp\/v2\/posts"}],"about":[{"href":"https:\/\/cinema.video\/it\/wp-json\/wp\/v2\/types\/post"}],"author":[{"embeddable":true,"href":"https:\/\/cinema.video\/it\/wp-json\/wp\/v2\/users\/26"}],"replies":[{"embeddable":true,"href":"https:\/\/cinema.video\/it\/wp-json\/wp\/v2\/comments?post=297195"}],"version-history":[{"count":1,"href":"https:\/\/cinema.video\/it\/wp-json\/wp\/v2\/posts\/297195\/revisions"}],"predecessor-version":[{"id":309361,"href":"https:\/\/cinema.video\/it\/wp-json\/wp\/v2\/posts\/297195\/revisions\/309361"}],"wp:featuredmedia":[{"embeddable":true,"href":"https:\/\/cinema.video\/it\/wp-json\/wp\/v2\/media\/297237"}],"wp:attachment":[{"href":"https:\/\/cinema.video\/it\/wp-json\/wp\/v2\/media?parent=297195"}],"wp:term":[{"taxonomy":"category","embeddable":true,"href":"https:\/\/cinema.video\/it\/wp-json\/wp\/v2\/categories?post=297195"},{"taxonomy":"post_tag","embeddable":true,"href":"https:\/\/cinema.video\/it\/wp-json\/wp\/v2\/tags?post=297195"}],"curies":[{"name":"wp","href":"https:\/\/api.w.org\/{rel}","templated":true}]}}