{"id":297164,"date":"2024-05-19T18:15:44","date_gmt":"2024-05-19T16:15:44","guid":{"rendered":"https:\/\/cinema.video\/?p=297164"},"modified":"2026-04-10T04:05:25","modified_gmt":"2026-04-10T02:05:25","slug":"si-aprira-il-prossimo-18-giugno-fino-al-19-luglio-la-nuova-finestra-del-bando-lazio-cinema-international-con-cui-regione-lazio-sostiene-le-co-produzioni-internazionali","status":"publish","type":"post","link":"https:\/\/cinema.video\/it\/si-aprira-il-prossimo-18-giugno-fino-al-19-luglio-la-nuova-finestra-del-bando-lazio-cinema-international-con-cui-regione-lazio-sostiene-le-co-produzioni-internazionali","title":{"rendered":"LAZIO Dal 18 giugno il nuovo Bando Lazio Cinema International"},"content":{"rendered":"\n<p class=\"wp-block-paragraph\">Si aprir\u00e0 il prossimo <strong>18 giugno, fino al 19 luglio<\/strong> la <strong>nuova finestra del Bando Lazio Cinema International<\/strong>, con cui Regione Lazio sostiene le co-produzioni internazionali (60, 6 i milioni investiti dal 2016 al 2022).&nbsp;<\/p>\n\n\n\n<p class=\"wp-block-paragraph\">Lo ha annunciato oggi all\u2019<strong>Italian Pavilion del Festival <\/strong>di Cannes<strong> Lorenza Lei,<\/strong> Responsabile cinema e audiovisivo per la\u00a0 Regione Lazio all&#8217;interno dell&#8217;incontro <strong>Roma e Lazio terre di Cinema<\/strong>, aggiungendo che \u201capriremo anche uno sportello per dare assistenza e delucidazioni ai produttori che vogliono partecipare, nella nostra nuova sede di via Parigi.\u201d Sede del nuovo Polo del cinema e dell\u2019audiovisivo della Regione dove si sta per trasferire anche <strong>Roma Lazio Film Commission<\/strong>, \u201ca rimarcare la sinergia con cui stiamo accompagnando questo percorso della regione, &#8211; dice <strong>Mariella Troccoli,<\/strong> commissario straordinario della Regione\u201d<\/p>\n\n\n\n<p class=\"wp-block-paragraph\">Riferendosi alla volont\u00e0, espressa da Lei, di \u201cmettere a sistema la filiera, sostenere sempre di pi\u00f9 la scrittura intesa anche come ricerca e sviluppo, sostenere la produzione di opere prime, brevi, lungo e medie, che trattino temi che hanno a che fare anche con la salute, l\u2019educazione ai sentimenti, a ci\u00f2 che storicamente \u00e8 stato vissuto nel nostro territorio.<\/p>\n\n\n\n<p class=\"wp-block-paragraph\">\u201cIl futuro sar\u00e0 molto interessante, andremo a rivisitarlo anche assieme a Mariella, perch\u00e9 ci sono delle opportunit\u00e0 che vanno riviste, &#8211; conclude Lorenza Lei, &#8211; e in pi\u00f9 vorrei lavorare su un nuovo bando, che non \u00e8 solo sulla produzione ma anche sulla scrittura di sceneggiature, e sulla distribuzione.\u201d<\/p>\n\n\n\n<p class=\"wp-block-paragraph\">Fra i beneficiari di Lazio Cinema International, due delle tre co-produzioni con l\u2019Italia in Concorso a Cannes: <strong><em>Grand Tour<\/em><\/strong> di Miguel Gomez, e<strong> <em>Marcello Mio<\/em><\/strong> di Christophe Honor\u00e9<\/p>\n\n\n\n<p class=\"wp-block-paragraph\">Due co-produzioni minoritarie, anche se Grand Tour \u201clo \u00e8 poco\u201d dice Marta Donzelli, che ha co-prodotto il film con la sua <strong>Vivo Film,<\/strong> specificando che \u201cl\u2019apporto della quota italiana \u00e8 stato decisivo: \u00e8 stata molto ampia e di gran lunga superiore a quella francese, una cosa che non sarebbe stata non cos\u00ec scontata fino a qualche anno fa\u201d.<\/p>\n\n\n\n<p class=\"wp-block-paragraph\">L\u2019unicit\u00e0 di questa storia d\u2019amore ambientata agli inizi del \u2018900 che vede un ufficiale inglese intraprendere un Grand Tour asiatico, \u00e8, spiega Donzelli, \u201cil fatto di fondere una parte girata in Italia in studio, con ricostruzioni d\u2019epoca, e la parte del viaggio girata in Asia contemporanea, una sorta di fake found footage.&#8221;<\/p>\n\n\n\n<p class=\"wp-block-paragraph\">Uno dei motivi per cui il regista e i produttori si sono rivolti a noi&nbsp; \u00e8 che il Portogallo non ha una tradizione di girare film in studio, quindi il pensiero di girare in Italia \u00e8 stato legato anche al valore delle nostre maestranze, dei nostri artigiani.\u201d E rivela: \u201canche per il suo prossimo film, che Gomez&nbsp;sta scrivendo e che \u00e8 ambientato in Brasile, ha gi\u00e0 in mente di portare gli effetti speciali dal vivo in Italia, proprio per il valore di alcune nostre maestranze. Credo che sia proprio questo il senso delle coproduzioni,&nbsp; che sono uno scambio di saperi e di idee oltre che uno scambio economico.\u201d<\/p>\n\n\n\n<p class=\"wp-block-paragraph\">Il film sar\u00e0 distribuito in Italia da <strong>Lucky Red<\/strong>, che \u00e8 anche il co-produttore minoritario (assieme a Bibi Film, Rai Cinema, il Fondo per le coproduzioni minoritarie del MiC e il supporto di Lazio International) di <em>Marcello Mio. Film che \u00e8 la \u201c<\/em>rappresentazione plastica della lunga collaborazione fra Italia e Francia.-&nbsp; nota il CEO di Lucky Red, <strong>Andrea Occhipint<\/strong>i &#8211; Tutti i personaggi recitano, ma recitano anche se stessi non essendo un documentario: Catherine Deneuve nel ruolo della madre di Chiara (Mastroianni) che, stanca di \u2018portare\u2019 sulle spalle il peso della figura del padre, pian piano si trasforma in lui., e c\u2019\u00e8 un viaggio in Italia, con una mitica scena alla Fontana di Trevi.\u201d Altre scene italiane coinvolgono uno studio TV, altri luoghi di Roma, Gaeta e Fondi dove il film finisce.<\/p>\n\n\n\n<p class=\"wp-block-paragraph\">\u201c\u00c9 importante avere fondi e supporto delle coproduzioni minoritarie, &#8211; conclude Occhipinti. &#8211; Qui a Cannes, il mercato e il festival sono l\u2019amplificatore dell\u2019industria del cinema francese, che \u00e8 fatta non solo di film francesi. Appena c\u2019\u00e8 un nuovo talento, arriva una produzione, o un sales agent francese che si coinvolge. Basta guardare a tutti i film che sono qui: i francesi ci sono dentro in qualche modo, o con una co-produzione&nbsp; o con una societ\u00e0 di vendite estere. La forza di un\u2019industria sta anche nell\u2019attenzione ai talenti che emergono nel mondo, e alla capacit\u00e0 di partecipare, dunque le implicazioni delle co-produzioni sono moltissime, ben oltre il lato economico.\u201d<\/p>\n\n\n\n<p class=\"wp-block-paragraph\">E per favore la nascita di nuova co-produzioni, la Regione Lazio ha organizzato  a Cannes tre incontri che hanno visto protagonisti dieci produttori italiani (di cui cinque under 40 e titolari di societ\u00e0 nate fra il 2021 il 2023): <strong>Alcor, Antropica, Mechanismo, Tadan, Combo International, Eliseo Entertainment, Rodeo Drive, Titanus, Vivo Film, PFA Film<\/strong>.<\/p>\n\n\n\n<p class=\"wp-block-paragraph\">Il primo incontro, organizzato con UK Film London, ha visto il confronto con i produttori britannici (<strong>Blu Horizon Film, Dateless ltd, Paguro Film, Makadan Films, F&amp;Me, Alumni<\/strong>). E proprio in quest&#8217;occasione,  Blue Horizon Film ha annunciato una prossima co-produzione con l&#8217;italiana <strong>Greenbo<\/strong>: il film d&#8217;amore e guerra <em><strong>The Italian Chapel<\/strong><\/em>, che sar\u00e0 diretto da <strong>Francesca Archibugi<\/strong>, gi\u00e0 al lavoro sulla propria versione della sceneggiatura, tratta dalla sceneggiatura originale di John Wrathall.<\/p>\n\n\n\n<figure class=\"wp-block-gallery has-nested-images columns-default is-cropped wp-block-gallery-1 is-layout-flex wp-block-gallery-is-layout-flex\">\n<figure class=\"wp-block-image size-large\"><img loading=\"lazy\" decoding=\"async\" width=\"1024\" height=\"768\" data-id=\"297165\" src=\"https:\/\/cinema.video\/wp-content\/uploads\/2024\/05\/BFI-1024x768.jpeg\" alt=\"\" class=\"wp-image-297165\" srcset=\"https:\/\/cinema.video\/wp-content\/uploads\/2024\/05\/BFI.jpeg 1024w, https:\/\/cinema.video\/wp-content\/uploads\/2024\/05\/BFI.jpeg 300w, https:\/\/cinema.video\/wp-content\/uploads\/2024\/05\/BFI.jpeg 768w, https:\/\/cinema.video\/wp-content\/uploads\/2024\/05\/BFI.jpeg 1536w, https:\/\/cinema.video\/wp-content\/uploads\/2024\/05\/BFI.jpeg 150w, https:\/\/cinema.video\/wp-content\/uploads\/2024\/05\/BFI.jpeg 696w, https:\/\/cinema.video\/wp-content\/uploads\/2024\/05\/BFI.jpeg 1068w, https:\/\/cinema.video\/wp-content\/uploads\/2024\/05\/BFI.jpeg 1920w, https:\/\/cinema.video\/wp-content\/uploads\/2024\/05\/BFI.jpeg 560w, https:\/\/cinema.video\/wp-content\/uploads\/2024\/05\/BFI.jpeg 80w, https:\/\/cinema.video\/wp-content\/uploads\/2024\/05\/BFI.jpeg 265w, https:\/\/cinema.video\/wp-content\/uploads\/2024\/05\/BFI.jpeg 2048w, https:\/\/cinema.video\/wp-content\/uploads\/2024\/05\/BFI.jpeg 1392w\" sizes=\"auto, (max-width: 696px) 100vw, 696px\" \/><\/figure>\n\n\n\n<figure class=\"wp-block-image size-large\"><img loading=\"lazy\" decoding=\"async\" width=\"1024\" height=\"768\" data-id=\"297166\" src=\"https:\/\/cinema.video\/wp-content\/uploads\/2024\/05\/incontri-uruguay-1024x768.jpeg\" alt=\"\" class=\"wp-image-297166\" srcset=\"https:\/\/cinema.video\/wp-content\/uploads\/2024\/05\/incontri-uruguay.jpeg 1024w, https:\/\/cinema.video\/wp-content\/uploads\/2024\/05\/incontri-uruguay.jpeg 300w, https:\/\/cinema.video\/wp-content\/uploads\/2024\/05\/incontri-uruguay.jpeg 768w, https:\/\/cinema.video\/wp-content\/uploads\/2024\/05\/incontri-uruguay.jpeg 1536w, https:\/\/cinema.video\/wp-content\/uploads\/2024\/05\/incontri-uruguay.jpeg 150w, https:\/\/cinema.video\/wp-content\/uploads\/2024\/05\/incontri-uruguay.jpeg 696w, https:\/\/cinema.video\/wp-content\/uploads\/2024\/05\/incontri-uruguay.jpeg 1068w, https:\/\/cinema.video\/wp-content\/uploads\/2024\/05\/incontri-uruguay.jpeg 1920w, https:\/\/cinema.video\/wp-content\/uploads\/2024\/05\/incontri-uruguay.jpeg 560w, https:\/\/cinema.video\/wp-content\/uploads\/2024\/05\/incontri-uruguay.jpeg 80w, https:\/\/cinema.video\/wp-content\/uploads\/2024\/05\/incontri-uruguay.jpeg 265w, https:\/\/cinema.video\/wp-content\/uploads\/2024\/05\/incontri-uruguay.jpeg 2048w, https:\/\/cinema.video\/wp-content\/uploads\/2024\/05\/incontri-uruguay.jpeg 1392w\" sizes=\"auto, (max-width: 696px) 100vw, 696px\" \/><\/figure>\n<\/figure>\n\n\n\n<p class=\"wp-block-paragraph\">Il film, originariamente sviluppato da Working Tile e BFI, racconta lo scontro fra la comunit\u00e0 locale delle isole Orcadi, in Scozia, e i prigionieri di guerra italiana. Su questo sfondo, lo scoppio di una storia d&#8217;amore, tenuta segreta, fra un progioniero e una giovane donna scozzese.<\/p>\n\n\n\n<p class=\"wp-block-paragraph\">Il secondo evento di network ha riguardato invece i produttori sudamericani della rete di <strong>Proimagenes <\/strong>(Bogot\u00e0-Colombia) e di <strong>Acau <\/strong>(Montevideo-Uruguay).<\/p>\n\n\n\n<p class=\"wp-block-paragraph\">L&#8217;ultimo, infine, che si \u00e8 svolto all&#8217;interno del <strong>Fantastic Pavillion<\/strong> in collaborazione con <strong>Andalusia Film Commission<\/strong>, era volto a far incontrare i produttori italiani con i Fantastic 7, ovvero sette progetti in diversi stadi di produzione, provenienti da vari paesi e supportati da differenti festival, che sono stati presentati la mattina del 19 maggio sempre all&#8217;interno del pavilion, su iniziativa del <strong>Sitges Film Festival<\/strong> (il pavilion \u00e8 dedicato al cinema di genere con produttori di Spagna, Messico, Argentina e Brasile). <\/p>\n\n\n\n<p class=\"wp-block-paragraph\">Produttori, progetti e film commissions sono stati coinvolti in uno speed meeting: magari qualcuno potrebbe essere girato in Italia?<\/p>\n\n\n\n<figure class=\"wp-block-image size-large\"><img loading=\"lazy\" decoding=\"async\" width=\"1024\" height=\"768\" src=\"https:\/\/cinema.video\/wp-content\/uploads\/2024\/05\/fantastic-pavillion-1024x768.jpg\" alt=\"\" class=\"wp-image-297173\" srcset=\"https:\/\/cinema.video\/wp-content\/uploads\/2024\/05\/fantastic-pavillion-scaled.jpg 1024w, https:\/\/cinema.video\/wp-content\/uploads\/2024\/05\/fantastic-pavillion-scaled.jpg 300w, https:\/\/cinema.video\/wp-content\/uploads\/2024\/05\/fantastic-pavillion-scaled.jpg 768w, https:\/\/cinema.video\/wp-content\/uploads\/2024\/05\/fantastic-pavillion-scaled.jpg 1536w, https:\/\/cinema.video\/wp-content\/uploads\/2024\/05\/fantastic-pavillion-scaled.jpg 2048w, https:\/\/cinema.video\/wp-content\/uploads\/2024\/05\/fantastic-pavillion-scaled.jpg 150w, https:\/\/cinema.video\/wp-content\/uploads\/2024\/05\/fantastic-pavillion-scaled.jpg 696w, https:\/\/cinema.video\/wp-content\/uploads\/2024\/05\/fantastic-pavillion-scaled.jpg 1068w, https:\/\/cinema.video\/wp-content\/uploads\/2024\/05\/fantastic-pavillion-scaled.jpg 1920w, https:\/\/cinema.video\/wp-content\/uploads\/2024\/05\/fantastic-pavillion-scaled.jpg 560w, https:\/\/cinema.video\/wp-content\/uploads\/2024\/05\/fantastic-pavillion-scaled.jpg 80w, https:\/\/cinema.video\/wp-content\/uploads\/2024\/05\/fantastic-pavillion-scaled.jpg 265w, https:\/\/cinema.video\/wp-content\/uploads\/2024\/05\/fantastic-pavillion-scaled.jpg 1392w\" sizes=\"auto, (max-width: 696px) 100vw, 696px\" \/><figcaption class=\"wp-element-caption\">I produttori italiani prima dello speed dating al Fantastic Pavilion<\/figcaption><\/figure>\n\n\n\n<p class=\"wp-block-paragraph\">All&#8217;interno di \u00a0Roma e Lazio Terre di Cinema sono stati  presentati infine i video dell\u2019iniziativa <strong>Talking Places: i luoghi parlanti del Lazio<\/strong>. Il progetto, ideato da Roma Lazio FilmCommission, \u00e8 un\u2019opera di promozione istituzionale dei Comuni del territorio laziale in chiave artistica e cinematografica che prevede la realizzazioni di video emozionali dove sono i luoghi a raccontare la propria storia. <\/p>\n","protected":false},"excerpt":{"rendered":"<p>Il bando, dedicato alle co-produzioni internazionali, rester\u00e0 aperto fino al 19 luglio. Gli eventi di Roma Lazio Film Commission in supporto delle co-produzioni a Cannes<\/p>\n","protected":false},"author":2,"featured_media":297178,"comment_status":"closed","ping_status":"closed","sticky":false,"template":"","format":"standard","meta":{"googlesitekit_rrm_CAow3e7fCw:productID":"","_crdt_document":"","footnotes":""},"categories":[1],"tags":[356,478,488],"class_list":{"0":"post-297164","1":"post","2":"type-post","3":"status-publish","4":"format-standard","5":"has-post-thumbnail","7":"category-senza-categoria","8":"tag-focus","9":"tag-lucky-red","10":"tag-roma-lazio-film-commission"},"yoast_head":"<!-- This site is optimized with the Yoast SEO Premium plugin v27.4 (Yoast SEO v27.5) - https:\/\/yoast.com\/product\/yoast-seo-premium-wordpress\/ -->\n<title>LAZIO Dal 18 giugno il nuovo Bando Lazio Cinema International - Cinema &amp; Video International<\/title>\n<meta name=\"description\" content=\"LAZIO Dal 18 giugno il nuovo Bando Lazio Cinema International \u2013 lazio dal 18 giugno il nuovo. Si aprir\u00e0 il prossimo 18 giugno, fino al 19 luglio la nuova\" \/>\n<meta name=\"robots\" content=\"index, follow, max-snippet:-1, max-image-preview:large, max-video-preview:-1\" \/>\n<link rel=\"canonical\" href=\"https:\/\/cinema.video\/it\/si-aprira-il-prossimo-18-giugno-fino-al-19-luglio-la-nuova-finestra-del-bando-lazio-cinema-international-con-cui-regione-lazio-sostiene-le-co-produzioni-internazionali\" \/>\n<meta property=\"og:locale\" content=\"it_IT\" \/>\n<meta property=\"og:type\" content=\"article\" \/>\n<meta property=\"og:title\" content=\"LAZIO Dal 18 giugno il nuovo Bando Lazio Cinema International\" \/>\n<meta property=\"og:description\" content=\"LAZIO Dal 18 giugno il nuovo Bando Lazio Cinema International \u2013 lazio dal 18 giugno il nuovo. Si aprir\u00e0 il prossimo 18 giugno, fino al 19 luglio la nuova\" \/>\n<meta property=\"og:url\" content=\"https:\/\/cinema.video\/it\/si-aprira-il-prossimo-18-giugno-fino-al-19-luglio-la-nuova-finestra-del-bando-lazio-cinema-international-con-cui-regione-lazio-sostiene-le-co-produzioni-internazionali\" \/>\n<meta property=\"og:site_name\" content=\"Cinema &amp; Video International\" \/>\n<meta property=\"article:publisher\" content=\"https:\/\/www.facebook.com\/CinemaVideoInternational\/\" \/>\n<meta property=\"article:published_time\" content=\"2024-05-19T16:15:44+00:00\" \/>\n<meta property=\"article:modified_time\" content=\"2026-04-10T02:05:25+00:00\" \/>\n<meta property=\"og:image\" content=\"https:\/\/cinema.video\/wp-content\/uploads\/2024\/05\/lazioyatch-e1716135025424.jpg\" \/>\n\t<meta property=\"og:image:width\" content=\"800\" \/>\n\t<meta property=\"og:image:height\" content=\"600\" \/>\n\t<meta property=\"og:image:type\" content=\"image\/jpeg\" \/>\n<meta name=\"author\" content=\"Carolina Mancini\" \/>\n<meta name=\"twitter:card\" content=\"summary_large_image\" \/>\n<meta name=\"twitter:label1\" content=\"Scritto da\" \/>\n\t<meta name=\"twitter:data1\" content=\"Carolina Mancini\" \/>\n\t<meta name=\"twitter:label2\" content=\"Tempo di lettura stimato\" \/>\n\t<meta name=\"twitter:data2\" content=\"7 minuti\" \/>\n<script type=\"application\/ld+json\" class=\"yoast-schema-graph\">{\"@context\":\"https:\\\/\\\/schema.org\",\"@graph\":[{\"@type\":\"Article\",\"@id\":\"https:\\\/\\\/cinema.video\\\/it\\\/si-aprira-il-prossimo-18-giugno-fino-al-19-luglio-la-nuova-finestra-del-bando-lazio-cinema-international-con-cui-regione-lazio-sostiene-le-co-produzioni-internazionali#article\",\"isPartOf\":{\"@id\":\"https:\\\/\\\/cinema.video\\\/it\\\/si-aprira-il-prossimo-18-giugno-fino-al-19-luglio-la-nuova-finestra-del-bando-lazio-cinema-international-con-cui-regione-lazio-sostiene-le-co-produzioni-internazionali\"},\"author\":{\"name\":\"Carolina Mancini\",\"@id\":\"https:\\\/\\\/cinema.video\\\/it#\\\/schema\\\/person\\\/d5479fad8d0f2360000eb4aab6bb6e5d\"},\"headline\":\"LAZIO Dal 18 giugno il nuovo Bando Lazio Cinema International\",\"datePublished\":\"2024-05-19T16:15:44+00:00\",\"dateModified\":\"2026-04-10T02:05:25+00:00\",\"mainEntityOfPage\":{\"@id\":\"https:\\\/\\\/cinema.video\\\/it\\\/si-aprira-il-prossimo-18-giugno-fino-al-19-luglio-la-nuova-finestra-del-bando-lazio-cinema-international-con-cui-regione-lazio-sostiene-le-co-produzioni-internazionali\"},\"wordCount\":1097,\"publisher\":{\"@id\":\"https:\\\/\\\/cinema.video\\\/it#organization\"},\"image\":{\"@id\":\"https:\\\/\\\/cinema.video\\\/it\\\/si-aprira-il-prossimo-18-giugno-fino-al-19-luglio-la-nuova-finestra-del-bando-lazio-cinema-international-con-cui-regione-lazio-sostiene-le-co-produzioni-internazionali#primaryimage\"},\"thumbnailUrl\":\"https:\\\/\\\/cinema.video\\\/wp-content\\\/uploads\\\/2024\\\/05\\\/lazioyatch-e1716135025424.jpg\",\"keywords\":[\"focus\",\"Lucky Red\",\"Roma Lazio Film Commission\"],\"inLanguage\":\"it-IT\"},{\"@type\":\"WebPage\",\"@id\":\"https:\\\/\\\/cinema.video\\\/it\\\/si-aprira-il-prossimo-18-giugno-fino-al-19-luglio-la-nuova-finestra-del-bando-lazio-cinema-international-con-cui-regione-lazio-sostiene-le-co-produzioni-internazionali\",\"url\":\"https:\\\/\\\/cinema.video\\\/it\\\/si-aprira-il-prossimo-18-giugno-fino-al-19-luglio-la-nuova-finestra-del-bando-lazio-cinema-international-con-cui-regione-lazio-sostiene-le-co-produzioni-internazionali\",\"name\":\"LAZIO Dal 18 giugno il nuovo Bando Lazio Cinema International - Cinema &amp; Video International\",\"isPartOf\":{\"@id\":\"https:\\\/\\\/cinema.video\\\/it#website\"},\"primaryImageOfPage\":{\"@id\":\"https:\\\/\\\/cinema.video\\\/it\\\/si-aprira-il-prossimo-18-giugno-fino-al-19-luglio-la-nuova-finestra-del-bando-lazio-cinema-international-con-cui-regione-lazio-sostiene-le-co-produzioni-internazionali#primaryimage\"},\"image\":{\"@id\":\"https:\\\/\\\/cinema.video\\\/it\\\/si-aprira-il-prossimo-18-giugno-fino-al-19-luglio-la-nuova-finestra-del-bando-lazio-cinema-international-con-cui-regione-lazio-sostiene-le-co-produzioni-internazionali#primaryimage\"},\"thumbnailUrl\":\"https:\\\/\\\/cinema.video\\\/wp-content\\\/uploads\\\/2024\\\/05\\\/lazioyatch-e1716135025424.jpg\",\"datePublished\":\"2024-05-19T16:15:44+00:00\",\"dateModified\":\"2026-04-10T02:05:25+00:00\",\"description\":\"LAZIO Dal 18 giugno il nuovo Bando Lazio Cinema International \u2013 lazio dal 18 giugno il nuovo. Si aprir\u00e0 il prossimo 18 giugno, fino al 19 luglio la nuova\",\"breadcrumb\":{\"@id\":\"https:\\\/\\\/cinema.video\\\/it\\\/si-aprira-il-prossimo-18-giugno-fino-al-19-luglio-la-nuova-finestra-del-bando-lazio-cinema-international-con-cui-regione-lazio-sostiene-le-co-produzioni-internazionali#breadcrumb\"},\"inLanguage\":\"it-IT\",\"potentialAction\":[{\"@type\":\"ReadAction\",\"target\":[\"https:\\\/\\\/cinema.video\\\/it\\\/si-aprira-il-prossimo-18-giugno-fino-al-19-luglio-la-nuova-finestra-del-bando-lazio-cinema-international-con-cui-regione-lazio-sostiene-le-co-produzioni-internazionali\"]}]},{\"@type\":\"ImageObject\",\"inLanguage\":\"it-IT\",\"@id\":\"https:\\\/\\\/cinema.video\\\/it\\\/si-aprira-il-prossimo-18-giugno-fino-al-19-luglio-la-nuova-finestra-del-bando-lazio-cinema-international-con-cui-regione-lazio-sostiene-le-co-produzioni-internazionali#primaryimage\",\"url\":\"https:\\\/\\\/cinema.video\\\/wp-content\\\/uploads\\\/2024\\\/05\\\/lazioyatch-e1716135025424.jpg\",\"contentUrl\":\"https:\\\/\\\/cinema.video\\\/wp-content\\\/uploads\\\/2024\\\/05\\\/lazioyatch-e1716135025424.jpg\",\"width\":800,\"height\":600,\"caption\":\"Dal 18 giugno sar\u00e0 pubblico il nuovo Bando Lazio Cinema International con cui Regione Lazio sostiene le co-produzioni internazionali\"},{\"@type\":\"BreadcrumbList\",\"@id\":\"https:\\\/\\\/cinema.video\\\/it\\\/si-aprira-il-prossimo-18-giugno-fino-al-19-luglio-la-nuova-finestra-del-bando-lazio-cinema-international-con-cui-regione-lazio-sostiene-le-co-produzioni-internazionali#breadcrumb\",\"itemListElement\":[{\"@type\":\"ListItem\",\"position\":1,\"name\":\"Home\",\"item\":\"https:\\\/\\\/cinema.video\\\/it\\\/home-2\"},{\"@type\":\"ListItem\",\"position\":2,\"name\":\"LAZIO Dal 18 giugno il nuovo Bando Lazio Cinema International\"}]},{\"@type\":\"WebSite\",\"@id\":\"https:\\\/\\\/cinema.video\\\/it#website\",\"url\":\"https:\\\/\\\/cinema.video\\\/it\",\"name\":\"Cinema & Video International\",\"description\":\"Film &amp; Audiovisual Industry Trade Magazine\",\"publisher\":{\"@id\":\"https:\\\/\\\/cinema.video\\\/it#organization\"},\"alternateName\":\"Cinema & Video\",\"potentialAction\":[{\"@type\":\"SearchAction\",\"target\":{\"@type\":\"EntryPoint\",\"urlTemplate\":\"https:\\\/\\\/cinema.video\\\/it?s={search_term_string}\"},\"query-input\":{\"@type\":\"PropertyValueSpecification\",\"valueRequired\":true,\"valueName\":\"search_term_string\"}}],\"inLanguage\":\"it-IT\"},{\"@type\":\"Organization\",\"@id\":\"https:\\\/\\\/cinema.video\\\/it#organization\",\"name\":\"Cinema & Video\",\"url\":\"https:\\\/\\\/cinema.video\\\/it\",\"logo\":{\"@type\":\"ImageObject\",\"inLanguage\":\"it-IT\",\"@id\":\"https:\\\/\\\/cinema.video\\\/it#\\\/schema\\\/logo\\\/image\\\/\",\"url\":\"https:\\\/\\\/cinema.video\\\/wp-content\\\/uploads\\\/2026\\\/04\\\/CinemVideo_LogoBlack.png\",\"contentUrl\":\"https:\\\/\\\/cinema.video\\\/wp-content\\\/uploads\\\/2026\\\/04\\\/CinemVideo_LogoBlack.png\",\"width\":1336,\"height\":224,\"caption\":\"Cinema & Video\"},\"image\":{\"@id\":\"https:\\\/\\\/cinema.video\\\/it#\\\/schema\\\/logo\\\/image\\\/\"},\"sameAs\":[\"https:\\\/\\\/www.facebook.com\\\/CinemaVideoInternational\\\/\",\"https:\\\/\\\/www.instagram.com\\\/cinemaevideointernational\\\/\",\"https:\\\/\\\/it.linkedin.com\\\/company\\\/cinema-video-international\"],\"description\":\"Media Consulting & Marketing Agency\",\"email\":\"hello@darostudio.com\",\"legalName\":\"DARO studio LLC\",\"foundingDate\":\"2021-02-16\",\"numberOfEmployees\":{\"@type\":\"QuantitativeValue\",\"minValue\":\"1\",\"maxValue\":\"10\"}},{\"@type\":\"Person\",\"@id\":\"https:\\\/\\\/cinema.video\\\/it#\\\/schema\\\/person\\\/d5479fad8d0f2360000eb4aab6bb6e5d\",\"name\":\"Carolina Mancini\",\"image\":{\"@type\":\"ImageObject\",\"inLanguage\":\"it-IT\",\"@id\":\"https:\\\/\\\/secure.gravatar.com\\\/avatar\\\/d4758965c5e8730dbaaa7131a628547771a26c1e5bf14fe323d96f8246a62baf?s=96&d=mm&r=g\",\"url\":\"https:\\\/\\\/secure.gravatar.com\\\/avatar\\\/d4758965c5e8730dbaaa7131a628547771a26c1e5bf14fe323d96f8246a62baf?s=96&d=mm&r=g\",\"contentUrl\":\"https:\\\/\\\/secure.gravatar.com\\\/avatar\\\/d4758965c5e8730dbaaa7131a628547771a26c1e5bf14fe323d96f8246a62baf?s=96&d=mm&r=g\",\"caption\":\"Carolina Mancini\"},\"url\":\"https:\\\/\\\/cinema.video\\\/it\\\/author\\\/carolin\"}]}<\/script>\n<!-- \/ Yoast SEO Premium plugin. -->","yoast_head_json":{"title":"LAZIO Dal 18 giugno il nuovo Bando Lazio Cinema International - Cinema &amp; Video International","description":"LAZIO Dal 18 giugno il nuovo Bando Lazio Cinema International \u2013 lazio dal 18 giugno il nuovo. Si aprir\u00e0 il prossimo 18 giugno, fino al 19 luglio la nuova","robots":{"index":"index","follow":"follow","max-snippet":"max-snippet:-1","max-image-preview":"max-image-preview:large","max-video-preview":"max-video-preview:-1"},"canonical":"https:\/\/cinema.video\/it\/si-aprira-il-prossimo-18-giugno-fino-al-19-luglio-la-nuova-finestra-del-bando-lazio-cinema-international-con-cui-regione-lazio-sostiene-le-co-produzioni-internazionali","og_locale":"it_IT","og_type":"article","og_title":"LAZIO Dal 18 giugno il nuovo Bando Lazio Cinema International","og_description":"LAZIO Dal 18 giugno il nuovo Bando Lazio Cinema International \u2013 lazio dal 18 giugno il nuovo. Si aprir\u00e0 il prossimo 18 giugno, fino al 19 luglio la nuova","og_url":"https:\/\/cinema.video\/it\/si-aprira-il-prossimo-18-giugno-fino-al-19-luglio-la-nuova-finestra-del-bando-lazio-cinema-international-con-cui-regione-lazio-sostiene-le-co-produzioni-internazionali","og_site_name":"Cinema &amp; Video International","article_publisher":"https:\/\/www.facebook.com\/CinemaVideoInternational\/","article_published_time":"2024-05-19T16:15:44+00:00","article_modified_time":"2026-04-10T02:05:25+00:00","og_image":[{"width":800,"height":600,"url":"https:\/\/cinema.video\/wp-content\/uploads\/2024\/05\/lazioyatch-e1716135025424.jpg","type":"image\/jpeg"}],"author":"Carolina Mancini","twitter_card":"summary_large_image","twitter_misc":{"Scritto da":"Carolina Mancini","Tempo di lettura stimato":"7 minuti"},"schema":{"@context":"https:\/\/schema.org","@graph":[{"@type":"Article","@id":"https:\/\/cinema.video\/it\/si-aprira-il-prossimo-18-giugno-fino-al-19-luglio-la-nuova-finestra-del-bando-lazio-cinema-international-con-cui-regione-lazio-sostiene-le-co-produzioni-internazionali#article","isPartOf":{"@id":"https:\/\/cinema.video\/it\/si-aprira-il-prossimo-18-giugno-fino-al-19-luglio-la-nuova-finestra-del-bando-lazio-cinema-international-con-cui-regione-lazio-sostiene-le-co-produzioni-internazionali"},"author":{"name":"Carolina Mancini","@id":"https:\/\/cinema.video\/it#\/schema\/person\/d5479fad8d0f2360000eb4aab6bb6e5d"},"headline":"LAZIO Dal 18 giugno il nuovo Bando Lazio Cinema International","datePublished":"2024-05-19T16:15:44+00:00","dateModified":"2026-04-10T02:05:25+00:00","mainEntityOfPage":{"@id":"https:\/\/cinema.video\/it\/si-aprira-il-prossimo-18-giugno-fino-al-19-luglio-la-nuova-finestra-del-bando-lazio-cinema-international-con-cui-regione-lazio-sostiene-le-co-produzioni-internazionali"},"wordCount":1097,"publisher":{"@id":"https:\/\/cinema.video\/it#organization"},"image":{"@id":"https:\/\/cinema.video\/it\/si-aprira-il-prossimo-18-giugno-fino-al-19-luglio-la-nuova-finestra-del-bando-lazio-cinema-international-con-cui-regione-lazio-sostiene-le-co-produzioni-internazionali#primaryimage"},"thumbnailUrl":"https:\/\/cinema.video\/wp-content\/uploads\/2024\/05\/lazioyatch-e1716135025424.jpg","keywords":["focus","Lucky Red","Roma Lazio Film Commission"],"inLanguage":"it-IT"},{"@type":"WebPage","@id":"https:\/\/cinema.video\/it\/si-aprira-il-prossimo-18-giugno-fino-al-19-luglio-la-nuova-finestra-del-bando-lazio-cinema-international-con-cui-regione-lazio-sostiene-le-co-produzioni-internazionali","url":"https:\/\/cinema.video\/it\/si-aprira-il-prossimo-18-giugno-fino-al-19-luglio-la-nuova-finestra-del-bando-lazio-cinema-international-con-cui-regione-lazio-sostiene-le-co-produzioni-internazionali","name":"LAZIO Dal 18 giugno il nuovo Bando Lazio Cinema International - Cinema &amp; Video International","isPartOf":{"@id":"https:\/\/cinema.video\/it#website"},"primaryImageOfPage":{"@id":"https:\/\/cinema.video\/it\/si-aprira-il-prossimo-18-giugno-fino-al-19-luglio-la-nuova-finestra-del-bando-lazio-cinema-international-con-cui-regione-lazio-sostiene-le-co-produzioni-internazionali#primaryimage"},"image":{"@id":"https:\/\/cinema.video\/it\/si-aprira-il-prossimo-18-giugno-fino-al-19-luglio-la-nuova-finestra-del-bando-lazio-cinema-international-con-cui-regione-lazio-sostiene-le-co-produzioni-internazionali#primaryimage"},"thumbnailUrl":"https:\/\/cinema.video\/wp-content\/uploads\/2024\/05\/lazioyatch-e1716135025424.jpg","datePublished":"2024-05-19T16:15:44+00:00","dateModified":"2026-04-10T02:05:25+00:00","description":"LAZIO Dal 18 giugno il nuovo Bando Lazio Cinema International \u2013 lazio dal 18 giugno il nuovo. Si aprir\u00e0 il prossimo 18 giugno, fino al 19 luglio la nuova","breadcrumb":{"@id":"https:\/\/cinema.video\/it\/si-aprira-il-prossimo-18-giugno-fino-al-19-luglio-la-nuova-finestra-del-bando-lazio-cinema-international-con-cui-regione-lazio-sostiene-le-co-produzioni-internazionali#breadcrumb"},"inLanguage":"it-IT","potentialAction":[{"@type":"ReadAction","target":["https:\/\/cinema.video\/it\/si-aprira-il-prossimo-18-giugno-fino-al-19-luglio-la-nuova-finestra-del-bando-lazio-cinema-international-con-cui-regione-lazio-sostiene-le-co-produzioni-internazionali"]}]},{"@type":"ImageObject","inLanguage":"it-IT","@id":"https:\/\/cinema.video\/it\/si-aprira-il-prossimo-18-giugno-fino-al-19-luglio-la-nuova-finestra-del-bando-lazio-cinema-international-con-cui-regione-lazio-sostiene-le-co-produzioni-internazionali#primaryimage","url":"https:\/\/cinema.video\/wp-content\/uploads\/2024\/05\/lazioyatch-e1716135025424.jpg","contentUrl":"https:\/\/cinema.video\/wp-content\/uploads\/2024\/05\/lazioyatch-e1716135025424.jpg","width":800,"height":600,"caption":"Dal 18 giugno sar\u00e0 pubblico il nuovo Bando Lazio Cinema International con cui Regione Lazio sostiene le co-produzioni internazionali"},{"@type":"BreadcrumbList","@id":"https:\/\/cinema.video\/it\/si-aprira-il-prossimo-18-giugno-fino-al-19-luglio-la-nuova-finestra-del-bando-lazio-cinema-international-con-cui-regione-lazio-sostiene-le-co-produzioni-internazionali#breadcrumb","itemListElement":[{"@type":"ListItem","position":1,"name":"Home","item":"https:\/\/cinema.video\/it\/home-2"},{"@type":"ListItem","position":2,"name":"LAZIO Dal 18 giugno il nuovo Bando Lazio Cinema International"}]},{"@type":"WebSite","@id":"https:\/\/cinema.video\/it#website","url":"https:\/\/cinema.video\/it","name":"Cinema & Video International","description":"Film &amp; Audiovisual Industry Trade Magazine","publisher":{"@id":"https:\/\/cinema.video\/it#organization"},"alternateName":"Cinema & Video","potentialAction":[{"@type":"SearchAction","target":{"@type":"EntryPoint","urlTemplate":"https:\/\/cinema.video\/it?s={search_term_string}"},"query-input":{"@type":"PropertyValueSpecification","valueRequired":true,"valueName":"search_term_string"}}],"inLanguage":"it-IT"},{"@type":"Organization","@id":"https:\/\/cinema.video\/it#organization","name":"Cinema & Video","url":"https:\/\/cinema.video\/it","logo":{"@type":"ImageObject","inLanguage":"it-IT","@id":"https:\/\/cinema.video\/it#\/schema\/logo\/image\/","url":"https:\/\/cinema.video\/wp-content\/uploads\/2026\/04\/CinemVideo_LogoBlack.png","contentUrl":"https:\/\/cinema.video\/wp-content\/uploads\/2026\/04\/CinemVideo_LogoBlack.png","width":1336,"height":224,"caption":"Cinema & Video"},"image":{"@id":"https:\/\/cinema.video\/it#\/schema\/logo\/image\/"},"sameAs":["https:\/\/www.facebook.com\/CinemaVideoInternational\/","https:\/\/www.instagram.com\/cinemaevideointernational\/","https:\/\/it.linkedin.com\/company\/cinema-video-international"],"description":"Media Consulting & Marketing Agency","email":"hello@darostudio.com","legalName":"DARO studio LLC","foundingDate":"2021-02-16","numberOfEmployees":{"@type":"QuantitativeValue","minValue":"1","maxValue":"10"}},{"@type":"Person","@id":"https:\/\/cinema.video\/it#\/schema\/person\/d5479fad8d0f2360000eb4aab6bb6e5d","name":"Carolina Mancini","image":{"@type":"ImageObject","inLanguage":"it-IT","@id":"https:\/\/secure.gravatar.com\/avatar\/d4758965c5e8730dbaaa7131a628547771a26c1e5bf14fe323d96f8246a62baf?s=96&d=mm&r=g","url":"https:\/\/secure.gravatar.com\/avatar\/d4758965c5e8730dbaaa7131a628547771a26c1e5bf14fe323d96f8246a62baf?s=96&d=mm&r=g","contentUrl":"https:\/\/secure.gravatar.com\/avatar\/d4758965c5e8730dbaaa7131a628547771a26c1e5bf14fe323d96f8246a62baf?s=96&d=mm&r=g","caption":"Carolina Mancini"},"url":"https:\/\/cinema.video\/it\/author\/carolin"}]}},"jetpack_featured_media_url":"https:\/\/cinema.video\/wp-content\/uploads\/2024\/05\/lazioyatch-e1716135025424.jpg","jetpack_shortlink":"https:\/\/wp.me\/ph672m-1fiY","_links":{"self":[{"href":"https:\/\/cinema.video\/it\/wp-json\/wp\/v2\/posts\/297164","targetHints":{"allow":["GET"]}}],"collection":[{"href":"https:\/\/cinema.video\/it\/wp-json\/wp\/v2\/posts"}],"about":[{"href":"https:\/\/cinema.video\/it\/wp-json\/wp\/v2\/types\/post"}],"author":[{"embeddable":true,"href":"https:\/\/cinema.video\/it\/wp-json\/wp\/v2\/users\/2"}],"replies":[{"embeddable":true,"href":"https:\/\/cinema.video\/it\/wp-json\/wp\/v2\/comments?post=297164"}],"version-history":[{"count":1,"href":"https:\/\/cinema.video\/it\/wp-json\/wp\/v2\/posts\/297164\/revisions"}],"predecessor-version":[{"id":309357,"href":"https:\/\/cinema.video\/it\/wp-json\/wp\/v2\/posts\/297164\/revisions\/309357"}],"wp:featuredmedia":[{"embeddable":true,"href":"https:\/\/cinema.video\/it\/wp-json\/wp\/v2\/media\/297178"}],"wp:attachment":[{"href":"https:\/\/cinema.video\/it\/wp-json\/wp\/v2\/media?parent=297164"}],"wp:term":[{"taxonomy":"category","embeddable":true,"href":"https:\/\/cinema.video\/it\/wp-json\/wp\/v2\/categories?post=297164"},{"taxonomy":"post_tag","embeddable":true,"href":"https:\/\/cinema.video\/it\/wp-json\/wp\/v2\/tags?post=297164"}],"curies":[{"name":"wp","href":"https:\/\/api.w.org\/{rel}","templated":true}]}}