{"id":297140,"date":"2024-05-17T18:50:04","date_gmt":"2024-05-17T16:50:04","guid":{"rendered":"https:\/\/cinema.video\/?p=297140"},"modified":"2026-04-10T04:05:21","modified_gmt":"2026-04-10T02:05:21","slug":"italian-screens-passa-in-mano-delle-istituzioni-e-stato-firmato-oggi-allitalian-pavilion-del-festival-di-cannes-laccordo-fra-mic-e-mae","status":"publish","type":"post","link":"https:\/\/cinema.video\/it\/italian-screens-passa-in-mano-delle-istituzioni-e-stato-firmato-oggi-allitalian-pavilion-del-festival-di-cannes-laccordo-fra-mic-e-mae","title":{"rendered":"ITALIAN SCREENS Firmato l\u2019accordo tra MIC e MAECI"},"content":{"rendered":"\n<p class=\"wp-block-paragraph\">\u00c8  stato firmato oggi, 17 maggio, all\u2019<strong>Italian Pavilion del Festival di Cannes<\/strong> il rinnovo dell\u2019accordo <strong>Italian Screens <\/strong> con cui, dopo tre anni di sperimentazione, le istituzioni (il <strong>Ministero della Cultura<\/strong> e il <strong>Ministero degli Affari Esteri e della Cooperazione Internazionale<\/strong>) rafforzano il progetto speciale  volto a promuovere il cinema italiano e la sua circolazione commerciale nel mondo. <\/p>\n\n\n\n<p class=\"wp-block-paragraph\">A siglare l\u2019accordo, <strong>Lucia Borgonzoni,<\/strong> sottosegretario al <strong>Ministero della Cultura,<\/strong> <strong>Maria Tripodi<\/strong>, <strong>sottosegretario al MAECI<\/strong>, introdotte da Roberto Stabile, responsabile di Italian Screens.<\/p>\n\n\n\n<p class=\"wp-block-paragraph\">\u201c\u00c9 un momento storico: per la prima volta questo strumento, messo a punto per promuovere il cinema italiano nel mondo, potr\u00e0 contare su una rete diplomatica, che metter\u00e0 assieme gli aspetti culturali con quelli commerciali del cinema, &#8211; dichiara<strong> Roberto Stabile<\/strong>, e spiega, &#8211; l\u2019insieme delle ambasciate, istituti di cultura e consolati italiani nel mondo presso cui promuoviamo l\u2019iniziativa possono decidere di aderire mettendoci a disposizione un cinema in ogni citt\u00e0, dove si svolgeranno proiezioni alla presenza di pubblico pagante e di addetti ai lavori che potranno testare le reazioni in sala. Successivamente interverremo noi per spiegare ci\u00f2 che offre il governo per chi vuole comprare e distribuire i nostri film.\u201d<\/p>\n\n\n\n<p class=\"wp-block-paragraph\">Altra novit\u00e0 \u00e8 che i film che saranno promossi non saranno pi\u00f9 solo quelli che passano dai David di Donatello.<\/p>\n","protected":false},"excerpt":{"rendered":"<p>E&#8217; stato firmato oggi all\u2019Italian Pavilion del Festival di Cannes l\u2019accordo fra MIC e MAECI che rafforza Italian Screens <\/p>\n","protected":false},"author":26,"featured_media":297155,"comment_status":"closed","ping_status":"closed","sticky":false,"template":"","format":"standard","meta":{"googlesitekit_rrm_CAow3e7fCw:productID":"","_wpcom_ai_launchpad_first_post":false,"footnotes":"","jetpack_post_was_ever_published":false},"categories":[1],"tags":[356,1135],"class_list":["post-297140","post","type-post","status-publish","format-standard","has-post-thumbnail","category-senza-categoria","tag-focus","tag-italian-screens"],"yoast_head":"<!-- This site is optimized with the Yoast SEO Premium plugin v28.3 (Yoast SEO v28.3) - https:\/\/yoast.com\/product\/yoast-seo-premium-wordpress\/ -->\n<title>ITALIAN SCREENS Firmato l\u2019accordo tra MIC e MAECI - Cinema &amp; Video International<\/title>\n<meta name=\"description\" content=\"ITALIAN SCREENS Firmato l\u2019accordo tra MIC e MAECI \u2013 italian screens firmato laccordo tra mic. \u00c8 stato firmato oggi, 17 maggio, all\u2019Italian Pavilion del Fe\" \/>\n<meta name=\"robots\" content=\"index, follow, max-snippet:-1, max-image-preview:large, max-video-preview:-1\" \/>\n<link rel=\"canonical\" href=\"https:\/\/cinema.video\/it\/italian-screens-passa-in-mano-delle-istituzioni-e-stato-firmato-oggi-allitalian-pavilion-del-festival-di-cannes-laccordo-fra-mic-e-mae\" \/>\n<meta property=\"og:locale\" content=\"it_IT\" \/>\n<meta property=\"og:type\" content=\"article\" \/>\n<meta property=\"og:title\" content=\"ITALIAN SCREENS Firmato l\u2019accordo tra MIC e MAECI\" \/>\n<meta property=\"og:description\" content=\"ITALIAN SCREENS Firmato l\u2019accordo tra MIC e MAECI \u2013 italian screens firmato laccordo tra mic. \u00c8 stato firmato oggi, 17 maggio, all\u2019Italian Pavilion del Fe\" \/>\n<meta property=\"og:url\" content=\"https:\/\/cinema.video\/it\/italian-screens-passa-in-mano-delle-istituzioni-e-stato-firmato-oggi-allitalian-pavilion-del-festival-di-cannes-laccordo-fra-mic-e-mae\" \/>\n<meta property=\"og:site_name\" content=\"Cinema &amp; Video International\" \/>\n<meta property=\"article:publisher\" content=\"https:\/\/www.facebook.com\/CinemaVideoInternational\/\" \/>\n<meta property=\"article:published_time\" content=\"2024-05-17T16:50:04+00:00\" \/>\n<meta property=\"article:modified_time\" content=\"2026-04-10T02:05:21+00:00\" \/>\n<meta property=\"og:image\" content=\"https:\/\/cinema.video\/wp-content\/uploads\/2024\/05\/WhatsApp-Image-2024-05-17-at-18.09.34.jpeg\" \/>\n\t<meta property=\"og:image:width\" content=\"1600\" \/>\n\t<meta property=\"og:image:height\" content=\"1200\" \/>\n\t<meta property=\"og:image:type\" content=\"image\/jpeg\" \/>\n<meta name=\"author\" content=\"Editorial\" \/>\n<meta name=\"twitter:card\" content=\"summary_large_image\" \/>\n<meta name=\"twitter:label1\" content=\"Scritto da\" \/>\n\t<meta name=\"twitter:data1\" content=\"Editorial\" \/>\n\t<meta name=\"twitter:label2\" content=\"Tempo di lettura stimato\" \/>\n\t<meta name=\"twitter:data2\" content=\"2 minuti\" \/>\n<script type=\"application\/ld+json\" class=\"yoast-schema-graph\">{\"@context\":\"https:\\\/\\\/schema.org\",\"@graph\":[{\"@type\":\"Article\",\"@id\":\"https:\\\/\\\/cinema.video\\\/it\\\/italian-screens-passa-in-mano-delle-istituzioni-e-stato-firmato-oggi-allitalian-pavilion-del-festival-di-cannes-laccordo-fra-mic-e-mae#article\",\"isPartOf\":{\"@id\":\"https:\\\/\\\/cinema.video\\\/it\\\/italian-screens-passa-in-mano-delle-istituzioni-e-stato-firmato-oggi-allitalian-pavilion-del-festival-di-cannes-laccordo-fra-mic-e-mae\"},\"author\":{\"name\":\"Editorial\",\"@id\":\"https:\\\/\\\/cinema.video\\\/it#\\\/schema\\\/person\\\/aeb01b91d874e8b01e76a1db04c668c6\"},\"headline\":\"ITALIAN SCREENS Firmato l\u2019accordo tra MIC e MAECI\",\"datePublished\":\"2024-05-17T16:50:04+00:00\",\"dateModified\":\"2026-04-10T02:05:21+00:00\",\"mainEntityOfPage\":{\"@id\":\"https:\\\/\\\/cinema.video\\\/it\\\/italian-screens-passa-in-mano-delle-istituzioni-e-stato-firmato-oggi-allitalian-pavilion-del-festival-di-cannes-laccordo-fra-mic-e-mae\"},\"wordCount\":221,\"publisher\":{\"@id\":\"https:\\\/\\\/cinema.video\\\/it#organization\"},\"image\":{\"@id\":\"https:\\\/\\\/cinema.video\\\/it\\\/italian-screens-passa-in-mano-delle-istituzioni-e-stato-firmato-oggi-allitalian-pavilion-del-festival-di-cannes-laccordo-fra-mic-e-mae#primaryimage\"},\"thumbnailUrl\":\"https:\\\/\\\/cinema.video\\\/wp-content\\\/uploads\\\/2024\\\/05\\\/WhatsApp-Image-2024-05-17-at-18.09.34.jpeg\",\"keywords\":[\"focus\",\"Italian Screens\"],\"inLanguage\":\"it-IT\"},{\"@type\":\"WebPage\",\"@id\":\"https:\\\/\\\/cinema.video\\\/it\\\/italian-screens-passa-in-mano-delle-istituzioni-e-stato-firmato-oggi-allitalian-pavilion-del-festival-di-cannes-laccordo-fra-mic-e-mae\",\"url\":\"https:\\\/\\\/cinema.video\\\/it\\\/italian-screens-passa-in-mano-delle-istituzioni-e-stato-firmato-oggi-allitalian-pavilion-del-festival-di-cannes-laccordo-fra-mic-e-mae\",\"name\":\"ITALIAN SCREENS Firmato l\u2019accordo tra MIC e MAECI - Cinema &amp; Video International\",\"isPartOf\":{\"@id\":\"https:\\\/\\\/cinema.video\\\/it#website\"},\"primaryImageOfPage\":{\"@id\":\"https:\\\/\\\/cinema.video\\\/it\\\/italian-screens-passa-in-mano-delle-istituzioni-e-stato-firmato-oggi-allitalian-pavilion-del-festival-di-cannes-laccordo-fra-mic-e-mae#primaryimage\"},\"image\":{\"@id\":\"https:\\\/\\\/cinema.video\\\/it\\\/italian-screens-passa-in-mano-delle-istituzioni-e-stato-firmato-oggi-allitalian-pavilion-del-festival-di-cannes-laccordo-fra-mic-e-mae#primaryimage\"},\"thumbnailUrl\":\"https:\\\/\\\/cinema.video\\\/wp-content\\\/uploads\\\/2024\\\/05\\\/WhatsApp-Image-2024-05-17-at-18.09.34.jpeg\",\"datePublished\":\"2024-05-17T16:50:04+00:00\",\"dateModified\":\"2026-04-10T02:05:21+00:00\",\"description\":\"ITALIAN SCREENS Firmato l\u2019accordo tra MIC e MAECI \u2013 italian screens firmato laccordo tra mic. \u00c8 stato firmato oggi, 17 maggio, all\u2019Italian Pavilion del Fe\",\"breadcrumb\":{\"@id\":\"https:\\\/\\\/cinema.video\\\/it\\\/italian-screens-passa-in-mano-delle-istituzioni-e-stato-firmato-oggi-allitalian-pavilion-del-festival-di-cannes-laccordo-fra-mic-e-mae#breadcrumb\"},\"inLanguage\":\"it-IT\",\"potentialAction\":[{\"@type\":\"ReadAction\",\"target\":[\"https:\\\/\\\/cinema.video\\\/it\\\/italian-screens-passa-in-mano-delle-istituzioni-e-stato-firmato-oggi-allitalian-pavilion-del-festival-di-cannes-laccordo-fra-mic-e-mae\"]}]},{\"@type\":\"ImageObject\",\"inLanguage\":\"it-IT\",\"@id\":\"https:\\\/\\\/cinema.video\\\/it\\\/italian-screens-passa-in-mano-delle-istituzioni-e-stato-firmato-oggi-allitalian-pavilion-del-festival-di-cannes-laccordo-fra-mic-e-mae#primaryimage\",\"url\":\"https:\\\/\\\/cinema.video\\\/wp-content\\\/uploads\\\/2024\\\/05\\\/WhatsApp-Image-2024-05-17-at-18.09.34.jpeg\",\"contentUrl\":\"https:\\\/\\\/cinema.video\\\/wp-content\\\/uploads\\\/2024\\\/05\\\/WhatsApp-Image-2024-05-17-at-18.09.34.jpeg\",\"width\":1600,\"height\":1200},{\"@type\":\"BreadcrumbList\",\"@id\":\"https:\\\/\\\/cinema.video\\\/it\\\/italian-screens-passa-in-mano-delle-istituzioni-e-stato-firmato-oggi-allitalian-pavilion-del-festival-di-cannes-laccordo-fra-mic-e-mae#breadcrumb\",\"itemListElement\":[{\"@type\":\"ListItem\",\"position\":1,\"name\":\"Home\",\"item\":\"https:\\\/\\\/cinema.video\\\/it\"},{\"@type\":\"ListItem\",\"position\":2,\"name\":\"ITALIAN SCREENS Firmato l\u2019accordo tra MIC e MAECI\"}]},{\"@type\":\"WebSite\",\"@id\":\"https:\\\/\\\/cinema.video\\\/it#website\",\"url\":\"https:\\\/\\\/cinema.video\\\/it\",\"name\":\"Cinema & Video International\",\"description\":\"Film &amp; Audiovisual B2B Industry Trade Platform Magazine\",\"publisher\":{\"@id\":\"https:\\\/\\\/cinema.video\\\/it#organization\"},\"alternateName\":\"Cinema & Video\",\"potentialAction\":[{\"@type\":\"SearchAction\",\"target\":{\"@type\":\"EntryPoint\",\"urlTemplate\":\"https:\\\/\\\/cinema.video\\\/it?s={search_term_string}\"},\"query-input\":{\"@type\":\"PropertyValueSpecification\",\"valueRequired\":true,\"valueName\":\"search_term_string\"}}],\"inLanguage\":\"it-IT\"},{\"@type\":\"Organization\",\"@id\":\"https:\\\/\\\/cinema.video\\\/it#organization\",\"name\":\"Cinema & Video\",\"url\":\"https:\\\/\\\/cinema.video\\\/it\",\"logo\":{\"@type\":\"ImageObject\",\"inLanguage\":\"it-IT\",\"@id\":\"https:\\\/\\\/cinema.video\\\/it#\\\/schema\\\/logo\\\/image\\\/\",\"url\":\"https:\\\/\\\/cinema.video\\\/wp-content\\\/uploads\\\/2026\\\/04\\\/CinemVideo_LogoBlack.png\",\"contentUrl\":\"https:\\\/\\\/cinema.video\\\/wp-content\\\/uploads\\\/2026\\\/04\\\/CinemVideo_LogoBlack.png\",\"width\":1336,\"height\":224,\"caption\":\"Cinema & Video\"},\"image\":{\"@id\":\"https:\\\/\\\/cinema.video\\\/it#\\\/schema\\\/logo\\\/image\\\/\"},\"sameAs\":[\"https:\\\/\\\/www.facebook.com\\\/CinemaVideoInternational\\\/\",\"https:\\\/\\\/www.instagram.com\\\/cinemaevideointernational\\\/\",\"https:\\\/\\\/it.linkedin.com\\\/company\\\/cinema-video-international\"],\"description\":\"Media Consulting & Marketing Agency\",\"email\":\"hello@darostudio.com\",\"legalName\":\"DARO studio LLC\",\"foundingDate\":\"2021-02-16\",\"numberOfEmployees\":{\"@type\":\"QuantitativeValue\",\"minValue\":\"1\",\"maxValue\":\"10\"},\"publishingPrinciples\":\"https:\\\/\\\/cinema.video\\\/about\"},{\"@type\":\"Person\",\"@id\":\"https:\\\/\\\/cinema.video\\\/it#\\\/schema\\\/person\\\/aeb01b91d874e8b01e76a1db04c668c6\",\"name\":\"Editorial\",\"image\":{\"@type\":\"ImageObject\",\"inLanguage\":\"it-IT\",\"@id\":\"https:\\\/\\\/secure.gravatar.com\\\/avatar\\\/06ad6f92eb14745b75fb592cadf8139d33242d81c9c8b085133c450aaf0b9731?s=96&d=mm&r=g\",\"url\":\"https:\\\/\\\/secure.gravatar.com\\\/avatar\\\/06ad6f92eb14745b75fb592cadf8139d33242d81c9c8b085133c450aaf0b9731?s=96&d=mm&r=g\",\"contentUrl\":\"https:\\\/\\\/secure.gravatar.com\\\/avatar\\\/06ad6f92eb14745b75fb592cadf8139d33242d81c9c8b085133c450aaf0b9731?s=96&d=mm&r=g\",\"caption\":\"Editorial\"},\"url\":\"https:\\\/\\\/cinema.video\\\/it\\\/author\\\/redazione\"}]}<\/script>\n<!-- \/ Yoast SEO Premium plugin. -->","yoast_head_json":{"title":"ITALIAN SCREENS Firmato l\u2019accordo tra MIC e MAECI - Cinema &amp; Video International","description":"ITALIAN SCREENS Firmato l\u2019accordo tra MIC e MAECI \u2013 italian screens firmato laccordo tra mic. \u00c8 stato firmato oggi, 17 maggio, all\u2019Italian Pavilion del Fe","robots":{"index":"index","follow":"follow","max-snippet":"max-snippet:-1","max-image-preview":"max-image-preview:large","max-video-preview":"max-video-preview:-1"},"canonical":"https:\/\/cinema.video\/it\/italian-screens-passa-in-mano-delle-istituzioni-e-stato-firmato-oggi-allitalian-pavilion-del-festival-di-cannes-laccordo-fra-mic-e-mae","og_locale":"it_IT","og_type":"article","og_title":"ITALIAN SCREENS Firmato l\u2019accordo tra MIC e MAECI","og_description":"ITALIAN SCREENS Firmato l\u2019accordo tra MIC e MAECI \u2013 italian screens firmato laccordo tra mic. \u00c8 stato firmato oggi, 17 maggio, all\u2019Italian Pavilion del Fe","og_url":"https:\/\/cinema.video\/it\/italian-screens-passa-in-mano-delle-istituzioni-e-stato-firmato-oggi-allitalian-pavilion-del-festival-di-cannes-laccordo-fra-mic-e-mae","og_site_name":"Cinema &amp; Video International","article_publisher":"https:\/\/www.facebook.com\/CinemaVideoInternational\/","article_published_time":"2024-05-17T16:50:04+00:00","article_modified_time":"2026-04-10T02:05:21+00:00","og_image":[{"width":1600,"height":1200,"url":"https:\/\/cinema.video\/wp-content\/uploads\/2024\/05\/WhatsApp-Image-2024-05-17-at-18.09.34.jpeg","type":"image\/jpeg"}],"author":"Editorial","twitter_card":"summary_large_image","twitter_misc":{"Scritto da":"Editorial","Tempo di lettura stimato":"2 minuti"},"schema":{"@context":"https:\/\/schema.org","@graph":[{"@type":"Article","@id":"https:\/\/cinema.video\/it\/italian-screens-passa-in-mano-delle-istituzioni-e-stato-firmato-oggi-allitalian-pavilion-del-festival-di-cannes-laccordo-fra-mic-e-mae#article","isPartOf":{"@id":"https:\/\/cinema.video\/it\/italian-screens-passa-in-mano-delle-istituzioni-e-stato-firmato-oggi-allitalian-pavilion-del-festival-di-cannes-laccordo-fra-mic-e-mae"},"author":{"name":"Editorial","@id":"https:\/\/cinema.video\/it#\/schema\/person\/aeb01b91d874e8b01e76a1db04c668c6"},"headline":"ITALIAN SCREENS Firmato l\u2019accordo tra MIC e MAECI","datePublished":"2024-05-17T16:50:04+00:00","dateModified":"2026-04-10T02:05:21+00:00","mainEntityOfPage":{"@id":"https:\/\/cinema.video\/it\/italian-screens-passa-in-mano-delle-istituzioni-e-stato-firmato-oggi-allitalian-pavilion-del-festival-di-cannes-laccordo-fra-mic-e-mae"},"wordCount":221,"publisher":{"@id":"https:\/\/cinema.video\/it#organization"},"image":{"@id":"https:\/\/cinema.video\/it\/italian-screens-passa-in-mano-delle-istituzioni-e-stato-firmato-oggi-allitalian-pavilion-del-festival-di-cannes-laccordo-fra-mic-e-mae#primaryimage"},"thumbnailUrl":"https:\/\/cinema.video\/wp-content\/uploads\/2024\/05\/WhatsApp-Image-2024-05-17-at-18.09.34.jpeg","keywords":["focus","Italian Screens"],"inLanguage":"it-IT"},{"@type":"WebPage","@id":"https:\/\/cinema.video\/it\/italian-screens-passa-in-mano-delle-istituzioni-e-stato-firmato-oggi-allitalian-pavilion-del-festival-di-cannes-laccordo-fra-mic-e-mae","url":"https:\/\/cinema.video\/it\/italian-screens-passa-in-mano-delle-istituzioni-e-stato-firmato-oggi-allitalian-pavilion-del-festival-di-cannes-laccordo-fra-mic-e-mae","name":"ITALIAN SCREENS Firmato l\u2019accordo tra MIC e MAECI - Cinema &amp; Video International","isPartOf":{"@id":"https:\/\/cinema.video\/it#website"},"primaryImageOfPage":{"@id":"https:\/\/cinema.video\/it\/italian-screens-passa-in-mano-delle-istituzioni-e-stato-firmato-oggi-allitalian-pavilion-del-festival-di-cannes-laccordo-fra-mic-e-mae#primaryimage"},"image":{"@id":"https:\/\/cinema.video\/it\/italian-screens-passa-in-mano-delle-istituzioni-e-stato-firmato-oggi-allitalian-pavilion-del-festival-di-cannes-laccordo-fra-mic-e-mae#primaryimage"},"thumbnailUrl":"https:\/\/cinema.video\/wp-content\/uploads\/2024\/05\/WhatsApp-Image-2024-05-17-at-18.09.34.jpeg","datePublished":"2024-05-17T16:50:04+00:00","dateModified":"2026-04-10T02:05:21+00:00","description":"ITALIAN SCREENS Firmato l\u2019accordo tra MIC e MAECI \u2013 italian screens firmato laccordo tra mic. \u00c8 stato firmato oggi, 17 maggio, all\u2019Italian Pavilion del Fe","breadcrumb":{"@id":"https:\/\/cinema.video\/it\/italian-screens-passa-in-mano-delle-istituzioni-e-stato-firmato-oggi-allitalian-pavilion-del-festival-di-cannes-laccordo-fra-mic-e-mae#breadcrumb"},"inLanguage":"it-IT","potentialAction":[{"@type":"ReadAction","target":["https:\/\/cinema.video\/it\/italian-screens-passa-in-mano-delle-istituzioni-e-stato-firmato-oggi-allitalian-pavilion-del-festival-di-cannes-laccordo-fra-mic-e-mae"]}]},{"@type":"ImageObject","inLanguage":"it-IT","@id":"https:\/\/cinema.video\/it\/italian-screens-passa-in-mano-delle-istituzioni-e-stato-firmato-oggi-allitalian-pavilion-del-festival-di-cannes-laccordo-fra-mic-e-mae#primaryimage","url":"https:\/\/cinema.video\/wp-content\/uploads\/2024\/05\/WhatsApp-Image-2024-05-17-at-18.09.34.jpeg","contentUrl":"https:\/\/cinema.video\/wp-content\/uploads\/2024\/05\/WhatsApp-Image-2024-05-17-at-18.09.34.jpeg","width":1600,"height":1200},{"@type":"BreadcrumbList","@id":"https:\/\/cinema.video\/it\/italian-screens-passa-in-mano-delle-istituzioni-e-stato-firmato-oggi-allitalian-pavilion-del-festival-di-cannes-laccordo-fra-mic-e-mae#breadcrumb","itemListElement":[{"@type":"ListItem","position":1,"name":"Home","item":"https:\/\/cinema.video\/it"},{"@type":"ListItem","position":2,"name":"ITALIAN SCREENS Firmato l\u2019accordo tra MIC e MAECI"}]},{"@type":"WebSite","@id":"https:\/\/cinema.video\/it#website","url":"https:\/\/cinema.video\/it","name":"Cinema & Video International","description":"Film &amp; Audiovisual B2B Industry Trade Platform Magazine","publisher":{"@id":"https:\/\/cinema.video\/it#organization"},"alternateName":"Cinema & Video","potentialAction":[{"@type":"SearchAction","target":{"@type":"EntryPoint","urlTemplate":"https:\/\/cinema.video\/it?s={search_term_string}"},"query-input":{"@type":"PropertyValueSpecification","valueRequired":true,"valueName":"search_term_string"}}],"inLanguage":"it-IT"},{"@type":"Organization","@id":"https:\/\/cinema.video\/it#organization","name":"Cinema & Video","url":"https:\/\/cinema.video\/it","logo":{"@type":"ImageObject","inLanguage":"it-IT","@id":"https:\/\/cinema.video\/it#\/schema\/logo\/image\/","url":"https:\/\/cinema.video\/wp-content\/uploads\/2026\/04\/CinemVideo_LogoBlack.png","contentUrl":"https:\/\/cinema.video\/wp-content\/uploads\/2026\/04\/CinemVideo_LogoBlack.png","width":1336,"height":224,"caption":"Cinema & Video"},"image":{"@id":"https:\/\/cinema.video\/it#\/schema\/logo\/image\/"},"sameAs":["https:\/\/www.facebook.com\/CinemaVideoInternational\/","https:\/\/www.instagram.com\/cinemaevideointernational\/","https:\/\/it.linkedin.com\/company\/cinema-video-international"],"description":"Media Consulting & Marketing Agency","email":"hello@darostudio.com","legalName":"DARO studio LLC","foundingDate":"2021-02-16","numberOfEmployees":{"@type":"QuantitativeValue","minValue":"1","maxValue":"10"},"publishingPrinciples":"https:\/\/cinema.video\/about"},{"@type":"Person","@id":"https:\/\/cinema.video\/it#\/schema\/person\/aeb01b91d874e8b01e76a1db04c668c6","name":"Editorial","image":{"@type":"ImageObject","inLanguage":"it-IT","@id":"https:\/\/secure.gravatar.com\/avatar\/06ad6f92eb14745b75fb592cadf8139d33242d81c9c8b085133c450aaf0b9731?s=96&d=mm&r=g","url":"https:\/\/secure.gravatar.com\/avatar\/06ad6f92eb14745b75fb592cadf8139d33242d81c9c8b085133c450aaf0b9731?s=96&d=mm&r=g","contentUrl":"https:\/\/secure.gravatar.com\/avatar\/06ad6f92eb14745b75fb592cadf8139d33242d81c9c8b085133c450aaf0b9731?s=96&d=mm&r=g","caption":"Editorial"},"url":"https:\/\/cinema.video\/it\/author\/redazione"}]}},"jetpack_shortlink":"https:\/\/wp.me\/ph672m-1fiA","jetpack_featured_media_url":"https:\/\/cinema.video\/wp-content\/uploads\/2024\/05\/WhatsApp-Image-2024-05-17-at-18.09.34.jpeg","_links":{"self":[{"href":"https:\/\/cinema.video\/it\/wp-json\/wp\/v2\/posts\/297140","targetHints":{"allow":["GET"]}}],"collection":[{"href":"https:\/\/cinema.video\/it\/wp-json\/wp\/v2\/posts"}],"about":[{"href":"https:\/\/cinema.video\/it\/wp-json\/wp\/v2\/types\/post"}],"author":[{"embeddable":true,"href":"https:\/\/cinema.video\/it\/wp-json\/wp\/v2\/users\/26"}],"replies":[{"embeddable":true,"href":"https:\/\/cinema.video\/it\/wp-json\/wp\/v2\/comments?post=297140"}],"version-history":[{"count":1,"href":"https:\/\/cinema.video\/it\/wp-json\/wp\/v2\/posts\/297140\/revisions"}],"predecessor-version":[{"id":309355,"href":"https:\/\/cinema.video\/it\/wp-json\/wp\/v2\/posts\/297140\/revisions\/309355"}],"wp:featuredmedia":[{"embeddable":true,"href":"https:\/\/cinema.video\/it\/wp-json\/wp\/v2\/media\/297155"}],"wp:attachment":[{"href":"https:\/\/cinema.video\/it\/wp-json\/wp\/v2\/media?parent=297140"}],"wp:term":[{"taxonomy":"category","embeddable":true,"href":"https:\/\/cinema.video\/it\/wp-json\/wp\/v2\/categories?post=297140"},{"taxonomy":"post_tag","embeddable":true,"href":"https:\/\/cinema.video\/it\/wp-json\/wp\/v2\/tags?post=297140"}],"curies":[{"name":"wp","href":"https:\/\/api.w.org\/{rel}","templated":true}]}}