{"id":297136,"date":"2024-05-17T18:49:43","date_gmt":"2024-05-17T16:49:43","guid":{"rendered":"https:\/\/cinema.video\/?p=297136"},"modified":"2026-04-10T04:05:20","modified_gmt":"2026-04-10T02:05:20","slug":"lucia-borgonzoni-una-promozione-integrata","status":"publish","type":"post","link":"https:\/\/cinema.video\/it\/lucia-borgonzoni-una-promozione-integrata","title":{"rendered":"LUCIA BORGONZONI Una promozione integrata"},"content":{"rendered":"\n<p class=\"wp-block-paragraph\"><em>Si pu\u00f2 dire che<strong>\u00a0 <\/strong>la sigla dell\u2019accordo\u00a0 Italian Screens rappresenta il primo esempio di promozione integrata?<\/em><\/p>\n\n\n\n<p class=\"wp-block-paragraph\">Certamente: gli investimenti gi\u00e0 c\u2019erano ma erano frastagliati in tanti progetti e ministeri. Era difficile avere un\u2019idea complessiva di dove orientare la promozione, renderla cio\u00e8 pi\u00f9 efficace. Possiamo avere adesso un quadro chiaro da portare agli operatori, mirare sempre pi\u00f9 gli interventi e proporre a ciascun mercato il prodotto che quel determinato mercato vuole.<\/p>\n\n\n\n<p class=\"wp-block-paragraph\"><em>Nella scelta dei luoghi ove tenere Italian Screens privilegerete i territori dove c\u2019\u00e8 gi\u00e0 una presenza del cinema italiano o territori nuovi?<\/em><\/p>\n\n\n\n<p class=\"wp-block-paragraph\">Le faccio qualche esempio: con la Corea del Sud \u2013 con cui stiamo lavorando per realizzare un accordo\u00a0 &#8211; ci pu\u00f2 essere quella sensibilit\u00e0 in comune per poter realizzare anche film in coproduzione; in Cina ci siamo resi conto che vanno i remake e allora valorizzeremo il nostro patrimonio di library.\u00a0 In sostanza: consolideremo i mercati ove siamo gi\u00e0 presenti, ma ci\u00f2 non toglie che ne cercheremo di nuovi<\/p>\n\n\n\n<p class=\"wp-block-paragraph\"><em>Italian Screens dovrebbe essere la vetrina del lavoro di internazionalizzazione fatta dal Ministero\u2026<\/em><\/p>\n\n\n\n<p class=\"wp-block-paragraph\">Abbiamo una serie di strumenti che sono confermati e metteremo a sistema, come il\u00a0 Film Distribution Fund\u00a0 e i fondi di coproduzione. Di questi ultimi possiamo verificare l\u2019efficacia quest\u2019anno a Cannes, dove abbiamo in concorso ben 3 film di coproduzione, oltre a quello di Sorrentino.<\/p>\n\n\n\n<p class=\"wp-block-paragraph\">Tra un anno faremo un bilancio di Italian Screens e vedremo dove aumentare i finanziamenti in base ai ritorni. E per ritorno non intendo solo quello economico ma anche quello culturale.<\/p>\n\n\n\n<p class=\"wp-block-paragraph\"><em>Promuovere il cinema italiano significa anche promuovere la lingua italiana&#8230;<\/em><\/p>\n\n\n\n<p class=\"wp-block-paragraph\">Indubbiamente &#8211; e in questo il coordinamento con il Ministero degli Affari Esteri \u00e8 essenziale &#8211; diffondere la lingua italiana \u00e8 di primaria importanza.<\/p>\n\n\n\n<p class=\"wp-block-paragraph\">Va in questa direzione il fondo di 52 milioni istituito  quest&#8217;anno per finanziare opere su personaggi e avvenimenti dell&#8217;identit\u00e0 culturale italiana ( nella linea di contributi selettivi, ndr). Perch\u00e8, \u00e8 bene ricordarlo, quello che all\u2019estero si aspettano da noi \u00e8 la nostra creativit\u00e0 , la nostra <em>italianit\u00e0<\/em>. Un esempio virtuoso \u00e8 la recente miniserie su Guglielmo Marconi. Per concludere: va bene fare bei prodotti, ma,  &#8211; \u00e8 questa la ragione della firma di oggi &#8211; bisogna farli circolare.<\/p>\n","protected":false},"excerpt":{"rendered":"<p>Intervista con Lucia Borgonzoni, sottosegretario alla Cultura del MIC sulla firma dell&#8217; accordo Italian Screens<\/p>\n","protected":false},"author":3,"featured_media":297156,"comment_status":"closed","ping_status":"closed","sticky":false,"template":"","format":"standard","meta":{"googlesitekit_rrm_CAow3e7fCw:productID":"","_crdt_document":"","footnotes":""},"categories":[1],"tags":[1135,607],"class_list":{"0":"post-297136","1":"post","2":"type-post","3":"status-publish","4":"format-standard","5":"has-post-thumbnail","7":"category-senza-categoria","8":"tag-italian-screens","9":"tag-mic"},"yoast_head":"<!-- This site is optimized with the Yoast SEO Premium plugin v27.4 (Yoast SEO v27.5) - https:\/\/yoast.com\/product\/yoast-seo-premium-wordpress\/ -->\n<title>LUCIA BORGONZONI Una promozione integrata - Cinema &amp; Video International<\/title>\n<meta name=\"description\" content=\"LUCIA BORGONZONI Una promozione integrata \u2013 lucia borgonzoni una promozione integrata. Si pu\u00f2 dire che\u00a0 la sigla dell\u2019accordo\u00a0 Italian Screens rappresenta\" \/>\n<meta name=\"robots\" content=\"index, follow, max-snippet:-1, max-image-preview:large, max-video-preview:-1\" \/>\n<link rel=\"canonical\" href=\"https:\/\/cinema.video\/it\/lucia-borgonzoni-una-promozione-integrata\" \/>\n<meta property=\"og:locale\" content=\"it_IT\" \/>\n<meta property=\"og:type\" content=\"article\" \/>\n<meta property=\"og:title\" content=\"LUCIA BORGONZONI Una promozione integrata\" \/>\n<meta property=\"og:description\" content=\"LUCIA BORGONZONI Una promozione integrata \u2013 lucia borgonzoni una promozione integrata. Si pu\u00f2 dire che\u00a0 la sigla dell\u2019accordo\u00a0 Italian Screens rappresenta\" \/>\n<meta property=\"og:url\" content=\"https:\/\/cinema.video\/it\/lucia-borgonzoni-una-promozione-integrata\" \/>\n<meta property=\"og:site_name\" content=\"Cinema &amp; Video International\" \/>\n<meta property=\"article:publisher\" content=\"https:\/\/www.facebook.com\/CinemaVideoInternational\/\" \/>\n<meta property=\"article:published_time\" content=\"2024-05-17T16:49:43+00:00\" \/>\n<meta property=\"article:modified_time\" content=\"2026-04-10T02:05:20+00:00\" \/>\n<meta property=\"og:image\" content=\"https:\/\/cinema.video\/wp-content\/uploads\/2024\/05\/borgonz-e1715964550598.jpeg\" \/>\n\t<meta property=\"og:image:width\" content=\"1192\" \/>\n\t<meta property=\"og:image:height\" content=\"866\" \/>\n\t<meta property=\"og:image:type\" content=\"image\/jpeg\" \/>\n<meta name=\"author\" content=\"Paolo di Maira\" \/>\n<meta name=\"twitter:card\" content=\"summary_large_image\" \/>\n<meta name=\"twitter:label1\" content=\"Scritto da\" \/>\n\t<meta name=\"twitter:data1\" content=\"Paolo di Maira\" \/>\n\t<meta name=\"twitter:label2\" content=\"Tempo di lettura stimato\" \/>\n\t<meta name=\"twitter:data2\" content=\"3 minuti\" \/>\n<script type=\"application\/ld+json\" class=\"yoast-schema-graph\">{\"@context\":\"https:\\\/\\\/schema.org\",\"@graph\":[{\"@type\":\"Article\",\"@id\":\"https:\\\/\\\/cinema.video\\\/it\\\/lucia-borgonzoni-una-promozione-integrata#article\",\"isPartOf\":{\"@id\":\"https:\\\/\\\/cinema.video\\\/it\\\/lucia-borgonzoni-una-promozione-integrata\"},\"author\":{\"name\":\"Paolo di Maira\",\"@id\":\"https:\\\/\\\/cinema.video\\\/it#\\\/schema\\\/person\\\/f8104a60677fb10fe493beb104706772\"},\"headline\":\"LUCIA BORGONZONI Una promozione integrata\",\"datePublished\":\"2024-05-17T16:49:43+00:00\",\"dateModified\":\"2026-04-10T02:05:20+00:00\",\"mainEntityOfPage\":{\"@id\":\"https:\\\/\\\/cinema.video\\\/it\\\/lucia-borgonzoni-una-promozione-integrata\"},\"wordCount\":364,\"publisher\":{\"@id\":\"https:\\\/\\\/cinema.video\\\/it#organization\"},\"image\":{\"@id\":\"https:\\\/\\\/cinema.video\\\/it\\\/lucia-borgonzoni-una-promozione-integrata#primaryimage\"},\"thumbnailUrl\":\"https:\\\/\\\/cinema.video\\\/wp-content\\\/uploads\\\/2024\\\/05\\\/borgonz-e1715964550598.jpeg\",\"keywords\":[\"Italian Screens\",\"MIC\"],\"inLanguage\":\"it-IT\"},{\"@type\":\"WebPage\",\"@id\":\"https:\\\/\\\/cinema.video\\\/it\\\/lucia-borgonzoni-una-promozione-integrata\",\"url\":\"https:\\\/\\\/cinema.video\\\/it\\\/lucia-borgonzoni-una-promozione-integrata\",\"name\":\"LUCIA BORGONZONI Una promozione integrata - Cinema &amp; Video International\",\"isPartOf\":{\"@id\":\"https:\\\/\\\/cinema.video\\\/it#website\"},\"primaryImageOfPage\":{\"@id\":\"https:\\\/\\\/cinema.video\\\/it\\\/lucia-borgonzoni-una-promozione-integrata#primaryimage\"},\"image\":{\"@id\":\"https:\\\/\\\/cinema.video\\\/it\\\/lucia-borgonzoni-una-promozione-integrata#primaryimage\"},\"thumbnailUrl\":\"https:\\\/\\\/cinema.video\\\/wp-content\\\/uploads\\\/2024\\\/05\\\/borgonz-e1715964550598.jpeg\",\"datePublished\":\"2024-05-17T16:49:43+00:00\",\"dateModified\":\"2026-04-10T02:05:20+00:00\",\"description\":\"LUCIA BORGONZONI Una promozione integrata \u2013 lucia borgonzoni una promozione integrata. Si pu\u00f2 dire che\u00a0 la sigla dell\u2019accordo\u00a0 Italian Screens rappresenta\",\"breadcrumb\":{\"@id\":\"https:\\\/\\\/cinema.video\\\/it\\\/lucia-borgonzoni-una-promozione-integrata#breadcrumb\"},\"inLanguage\":\"it-IT\",\"potentialAction\":[{\"@type\":\"ReadAction\",\"target\":[\"https:\\\/\\\/cinema.video\\\/it\\\/lucia-borgonzoni-una-promozione-integrata\"]}]},{\"@type\":\"ImageObject\",\"inLanguage\":\"it-IT\",\"@id\":\"https:\\\/\\\/cinema.video\\\/it\\\/lucia-borgonzoni-una-promozione-integrata#primaryimage\",\"url\":\"https:\\\/\\\/cinema.video\\\/wp-content\\\/uploads\\\/2024\\\/05\\\/borgonz-e1715964550598.jpeg\",\"contentUrl\":\"https:\\\/\\\/cinema.video\\\/wp-content\\\/uploads\\\/2024\\\/05\\\/borgonz-e1715964550598.jpeg\",\"width\":1192,\"height\":866,\"caption\":\"Intervista con Lucia Borgonzoni, sottosegretario alla Cultura del MIC sulla firma dell' accordo Italian Screens\"},{\"@type\":\"BreadcrumbList\",\"@id\":\"https:\\\/\\\/cinema.video\\\/it\\\/lucia-borgonzoni-una-promozione-integrata#breadcrumb\",\"itemListElement\":[{\"@type\":\"ListItem\",\"position\":1,\"name\":\"Home\",\"item\":\"https:\\\/\\\/cinema.video\\\/it\\\/home-2\"},{\"@type\":\"ListItem\",\"position\":2,\"name\":\"LUCIA BORGONZONI Una promozione integrata\"}]},{\"@type\":\"WebSite\",\"@id\":\"https:\\\/\\\/cinema.video\\\/it#website\",\"url\":\"https:\\\/\\\/cinema.video\\\/it\",\"name\":\"Cinema & Video International\",\"description\":\"Film &amp; Audiovisual Industry Trade Magazine\",\"publisher\":{\"@id\":\"https:\\\/\\\/cinema.video\\\/it#organization\"},\"alternateName\":\"Cinema & Video\",\"potentialAction\":[{\"@type\":\"SearchAction\",\"target\":{\"@type\":\"EntryPoint\",\"urlTemplate\":\"https:\\\/\\\/cinema.video\\\/it?s={search_term_string}\"},\"query-input\":{\"@type\":\"PropertyValueSpecification\",\"valueRequired\":true,\"valueName\":\"search_term_string\"}}],\"inLanguage\":\"it-IT\"},{\"@type\":\"Organization\",\"@id\":\"https:\\\/\\\/cinema.video\\\/it#organization\",\"name\":\"Cinema & Video\",\"url\":\"https:\\\/\\\/cinema.video\\\/it\",\"logo\":{\"@type\":\"ImageObject\",\"inLanguage\":\"it-IT\",\"@id\":\"https:\\\/\\\/cinema.video\\\/it#\\\/schema\\\/logo\\\/image\\\/\",\"url\":\"https:\\\/\\\/cinema.video\\\/wp-content\\\/uploads\\\/2026\\\/04\\\/CinemVideo_LogoBlack.png\",\"contentUrl\":\"https:\\\/\\\/cinema.video\\\/wp-content\\\/uploads\\\/2026\\\/04\\\/CinemVideo_LogoBlack.png\",\"width\":1336,\"height\":224,\"caption\":\"Cinema & Video\"},\"image\":{\"@id\":\"https:\\\/\\\/cinema.video\\\/it#\\\/schema\\\/logo\\\/image\\\/\"},\"sameAs\":[\"https:\\\/\\\/www.facebook.com\\\/CinemaVideoInternational\\\/\",\"https:\\\/\\\/www.instagram.com\\\/cinemaevideointernational\\\/\",\"https:\\\/\\\/it.linkedin.com\\\/company\\\/cinema-video-international\"],\"description\":\"Media Consulting & Marketing Agency\",\"email\":\"hello@darostudio.com\",\"legalName\":\"DARO studio LLC\",\"foundingDate\":\"2021-02-16\",\"numberOfEmployees\":{\"@type\":\"QuantitativeValue\",\"minValue\":\"1\",\"maxValue\":\"10\"}},{\"@type\":\"Person\",\"@id\":\"https:\\\/\\\/cinema.video\\\/it#\\\/schema\\\/person\\\/f8104a60677fb10fe493beb104706772\",\"name\":\"Paolo di Maira\",\"image\":{\"@type\":\"ImageObject\",\"inLanguage\":\"it-IT\",\"@id\":\"https:\\\/\\\/secure.gravatar.com\\\/avatar\\\/771f2f1ed52288870c094eaf85ff9ee49655ec12aa7e7832c3b3e4b8f5afdf10?s=96&d=mm&r=g\",\"url\":\"https:\\\/\\\/secure.gravatar.com\\\/avatar\\\/771f2f1ed52288870c094eaf85ff9ee49655ec12aa7e7832c3b3e4b8f5afdf10?s=96&d=mm&r=g\",\"contentUrl\":\"https:\\\/\\\/secure.gravatar.com\\\/avatar\\\/771f2f1ed52288870c094eaf85ff9ee49655ec12aa7e7832c3b3e4b8f5afdf10?s=96&d=mm&r=g\",\"caption\":\"Paolo di Maira\"},\"description\":\"Paolo Di Maira, giornalista, ha fondato Cinema&amp;Video International nel 1994, portando nella nuova testata l\u2019esperienza e le risorse accumulate nella direzione di Nuovo Cinema Europeo, rivista storica dei professionisti del settore, pubblicata fino al 1993. Ha svolto attivit\u00e0 di consulenza alla comunicazione per istituzioni culturali e prestigiose aziende audiovisive. (Mifed-Fiera Milano; Rai Trade; Istituto Italiano di Scienze Umane). Le relazioni fra cinema e territorio, che da sempre occupano un posto privilegiato all\u2019interno di Cinema&amp;Video (con rubriche dedicate al cineturismo, alle attivit\u00e0 delle film commission, e ai fondi regionali all\u2019audiovisivo), lo hanno portato a fondare nel 2005, assieme ad Andrea Rocco ed Alessandro Signetto, il \u00a0Centro Studi su Audiovisivo e Territorio Luoghi&amp;Location, e a ideare a realizzare, assieme all\u2019operatore turistico Ville in Italia e a Carolina Mancini, Emotions in Italy, magazine online che si occupa di cultura, territorio ed Italian Lifestyle. Attraverso la IMPACT, azienda di cui \u00e8 titolare, edita Cinema&amp;Video International, e realizza servizi editoriali per conto terzi.\",\"url\":\"https:\\\/\\\/cinema.video\\\/it\\\/author\\\/paolo\"}]}<\/script>\n<!-- \/ Yoast SEO Premium plugin. -->","yoast_head_json":{"title":"LUCIA BORGONZONI Una promozione integrata - Cinema &amp; Video International","description":"LUCIA BORGONZONI Una promozione integrata \u2013 lucia borgonzoni una promozione integrata. Si pu\u00f2 dire che\u00a0 la sigla dell\u2019accordo\u00a0 Italian Screens rappresenta","robots":{"index":"index","follow":"follow","max-snippet":"max-snippet:-1","max-image-preview":"max-image-preview:large","max-video-preview":"max-video-preview:-1"},"canonical":"https:\/\/cinema.video\/it\/lucia-borgonzoni-una-promozione-integrata","og_locale":"it_IT","og_type":"article","og_title":"LUCIA BORGONZONI Una promozione integrata","og_description":"LUCIA BORGONZONI Una promozione integrata \u2013 lucia borgonzoni una promozione integrata. Si pu\u00f2 dire che\u00a0 la sigla dell\u2019accordo\u00a0 Italian Screens rappresenta","og_url":"https:\/\/cinema.video\/it\/lucia-borgonzoni-una-promozione-integrata","og_site_name":"Cinema &amp; Video International","article_publisher":"https:\/\/www.facebook.com\/CinemaVideoInternational\/","article_published_time":"2024-05-17T16:49:43+00:00","article_modified_time":"2026-04-10T02:05:20+00:00","og_image":[{"width":1192,"height":866,"url":"https:\/\/cinema.video\/wp-content\/uploads\/2024\/05\/borgonz-e1715964550598.jpeg","type":"image\/jpeg"}],"author":"Paolo di Maira","twitter_card":"summary_large_image","twitter_misc":{"Scritto da":"Paolo di Maira","Tempo di lettura stimato":"3 minuti"},"schema":{"@context":"https:\/\/schema.org","@graph":[{"@type":"Article","@id":"https:\/\/cinema.video\/it\/lucia-borgonzoni-una-promozione-integrata#article","isPartOf":{"@id":"https:\/\/cinema.video\/it\/lucia-borgonzoni-una-promozione-integrata"},"author":{"name":"Paolo di Maira","@id":"https:\/\/cinema.video\/it#\/schema\/person\/f8104a60677fb10fe493beb104706772"},"headline":"LUCIA BORGONZONI Una promozione integrata","datePublished":"2024-05-17T16:49:43+00:00","dateModified":"2026-04-10T02:05:20+00:00","mainEntityOfPage":{"@id":"https:\/\/cinema.video\/it\/lucia-borgonzoni-una-promozione-integrata"},"wordCount":364,"publisher":{"@id":"https:\/\/cinema.video\/it#organization"},"image":{"@id":"https:\/\/cinema.video\/it\/lucia-borgonzoni-una-promozione-integrata#primaryimage"},"thumbnailUrl":"https:\/\/cinema.video\/wp-content\/uploads\/2024\/05\/borgonz-e1715964550598.jpeg","keywords":["Italian Screens","MIC"],"inLanguage":"it-IT"},{"@type":"WebPage","@id":"https:\/\/cinema.video\/it\/lucia-borgonzoni-una-promozione-integrata","url":"https:\/\/cinema.video\/it\/lucia-borgonzoni-una-promozione-integrata","name":"LUCIA BORGONZONI Una promozione integrata - Cinema &amp; Video International","isPartOf":{"@id":"https:\/\/cinema.video\/it#website"},"primaryImageOfPage":{"@id":"https:\/\/cinema.video\/it\/lucia-borgonzoni-una-promozione-integrata#primaryimage"},"image":{"@id":"https:\/\/cinema.video\/it\/lucia-borgonzoni-una-promozione-integrata#primaryimage"},"thumbnailUrl":"https:\/\/cinema.video\/wp-content\/uploads\/2024\/05\/borgonz-e1715964550598.jpeg","datePublished":"2024-05-17T16:49:43+00:00","dateModified":"2026-04-10T02:05:20+00:00","description":"LUCIA BORGONZONI Una promozione integrata \u2013 lucia borgonzoni una promozione integrata. Si pu\u00f2 dire che\u00a0 la sigla dell\u2019accordo\u00a0 Italian Screens rappresenta","breadcrumb":{"@id":"https:\/\/cinema.video\/it\/lucia-borgonzoni-una-promozione-integrata#breadcrumb"},"inLanguage":"it-IT","potentialAction":[{"@type":"ReadAction","target":["https:\/\/cinema.video\/it\/lucia-borgonzoni-una-promozione-integrata"]}]},{"@type":"ImageObject","inLanguage":"it-IT","@id":"https:\/\/cinema.video\/it\/lucia-borgonzoni-una-promozione-integrata#primaryimage","url":"https:\/\/cinema.video\/wp-content\/uploads\/2024\/05\/borgonz-e1715964550598.jpeg","contentUrl":"https:\/\/cinema.video\/wp-content\/uploads\/2024\/05\/borgonz-e1715964550598.jpeg","width":1192,"height":866,"caption":"Intervista con Lucia Borgonzoni, sottosegretario alla Cultura del MIC sulla firma dell' accordo Italian Screens"},{"@type":"BreadcrumbList","@id":"https:\/\/cinema.video\/it\/lucia-borgonzoni-una-promozione-integrata#breadcrumb","itemListElement":[{"@type":"ListItem","position":1,"name":"Home","item":"https:\/\/cinema.video\/it\/home-2"},{"@type":"ListItem","position":2,"name":"LUCIA BORGONZONI Una promozione integrata"}]},{"@type":"WebSite","@id":"https:\/\/cinema.video\/it#website","url":"https:\/\/cinema.video\/it","name":"Cinema & Video International","description":"Film &amp; Audiovisual Industry Trade Magazine","publisher":{"@id":"https:\/\/cinema.video\/it#organization"},"alternateName":"Cinema & Video","potentialAction":[{"@type":"SearchAction","target":{"@type":"EntryPoint","urlTemplate":"https:\/\/cinema.video\/it?s={search_term_string}"},"query-input":{"@type":"PropertyValueSpecification","valueRequired":true,"valueName":"search_term_string"}}],"inLanguage":"it-IT"},{"@type":"Organization","@id":"https:\/\/cinema.video\/it#organization","name":"Cinema & Video","url":"https:\/\/cinema.video\/it","logo":{"@type":"ImageObject","inLanguage":"it-IT","@id":"https:\/\/cinema.video\/it#\/schema\/logo\/image\/","url":"https:\/\/cinema.video\/wp-content\/uploads\/2026\/04\/CinemVideo_LogoBlack.png","contentUrl":"https:\/\/cinema.video\/wp-content\/uploads\/2026\/04\/CinemVideo_LogoBlack.png","width":1336,"height":224,"caption":"Cinema & Video"},"image":{"@id":"https:\/\/cinema.video\/it#\/schema\/logo\/image\/"},"sameAs":["https:\/\/www.facebook.com\/CinemaVideoInternational\/","https:\/\/www.instagram.com\/cinemaevideointernational\/","https:\/\/it.linkedin.com\/company\/cinema-video-international"],"description":"Media Consulting & Marketing Agency","email":"hello@darostudio.com","legalName":"DARO studio LLC","foundingDate":"2021-02-16","numberOfEmployees":{"@type":"QuantitativeValue","minValue":"1","maxValue":"10"}},{"@type":"Person","@id":"https:\/\/cinema.video\/it#\/schema\/person\/f8104a60677fb10fe493beb104706772","name":"Paolo di Maira","image":{"@type":"ImageObject","inLanguage":"it-IT","@id":"https:\/\/secure.gravatar.com\/avatar\/771f2f1ed52288870c094eaf85ff9ee49655ec12aa7e7832c3b3e4b8f5afdf10?s=96&d=mm&r=g","url":"https:\/\/secure.gravatar.com\/avatar\/771f2f1ed52288870c094eaf85ff9ee49655ec12aa7e7832c3b3e4b8f5afdf10?s=96&d=mm&r=g","contentUrl":"https:\/\/secure.gravatar.com\/avatar\/771f2f1ed52288870c094eaf85ff9ee49655ec12aa7e7832c3b3e4b8f5afdf10?s=96&d=mm&r=g","caption":"Paolo di Maira"},"description":"Paolo Di Maira, giornalista, ha fondato Cinema&amp;Video International nel 1994, portando nella nuova testata l\u2019esperienza e le risorse accumulate nella direzione di Nuovo Cinema Europeo, rivista storica dei professionisti del settore, pubblicata fino al 1993. Ha svolto attivit\u00e0 di consulenza alla comunicazione per istituzioni culturali e prestigiose aziende audiovisive. (Mifed-Fiera Milano; Rai Trade; Istituto Italiano di Scienze Umane). Le relazioni fra cinema e territorio, che da sempre occupano un posto privilegiato all\u2019interno di Cinema&amp;Video (con rubriche dedicate al cineturismo, alle attivit\u00e0 delle film commission, e ai fondi regionali all\u2019audiovisivo), lo hanno portato a fondare nel 2005, assieme ad Andrea Rocco ed Alessandro Signetto, il \u00a0Centro Studi su Audiovisivo e Territorio Luoghi&amp;Location, e a ideare a realizzare, assieme all\u2019operatore turistico Ville in Italia e a Carolina Mancini, Emotions in Italy, magazine online che si occupa di cultura, territorio ed Italian Lifestyle. Attraverso la IMPACT, azienda di cui \u00e8 titolare, edita Cinema&amp;Video International, e realizza servizi editoriali per conto terzi.","url":"https:\/\/cinema.video\/it\/author\/paolo"}]}},"jetpack_featured_media_url":"https:\/\/cinema.video\/wp-content\/uploads\/2024\/05\/borgonz-e1715964550598.jpeg","jetpack_shortlink":"https:\/\/wp.me\/ph672m-1fiw","_links":{"self":[{"href":"https:\/\/cinema.video\/it\/wp-json\/wp\/v2\/posts\/297136","targetHints":{"allow":["GET"]}}],"collection":[{"href":"https:\/\/cinema.video\/it\/wp-json\/wp\/v2\/posts"}],"about":[{"href":"https:\/\/cinema.video\/it\/wp-json\/wp\/v2\/types\/post"}],"author":[{"embeddable":true,"href":"https:\/\/cinema.video\/it\/wp-json\/wp\/v2\/users\/3"}],"replies":[{"embeddable":true,"href":"https:\/\/cinema.video\/it\/wp-json\/wp\/v2\/comments?post=297136"}],"version-history":[{"count":1,"href":"https:\/\/cinema.video\/it\/wp-json\/wp\/v2\/posts\/297136\/revisions"}],"predecessor-version":[{"id":309353,"href":"https:\/\/cinema.video\/it\/wp-json\/wp\/v2\/posts\/297136\/revisions\/309353"}],"wp:featuredmedia":[{"embeddable":true,"href":"https:\/\/cinema.video\/it\/wp-json\/wp\/v2\/media\/297156"}],"wp:attachment":[{"href":"https:\/\/cinema.video\/it\/wp-json\/wp\/v2\/media?parent=297136"}],"wp:term":[{"taxonomy":"category","embeddable":true,"href":"https:\/\/cinema.video\/it\/wp-json\/wp\/v2\/categories?post=297136"},{"taxonomy":"post_tag","embeddable":true,"href":"https:\/\/cinema.video\/it\/wp-json\/wp\/v2\/tags?post=297136"}],"curies":[{"name":"wp","href":"https:\/\/api.w.org\/{rel}","templated":true}]}}