{"id":297078,"date":"2024-05-08T09:59:22","date_gmt":"2024-05-08T07:59:22","guid":{"rendered":"https:\/\/cinema.video\/?p=297078"},"modified":"2026-04-15T03:14:23","modified_gmt":"2026-04-15T08:14:23","slug":"cinemavideo-international-n-197-e-distribuito-al-festival-di-cannes-allinterno-degli-spazi-del-marche-du-film","status":"publish","type":"post","link":"https:\/\/cinema.video\/it\/cinemavideo-international-n-197-e-distribuito-al-festival-di-cannes-allinterno-degli-spazi-del-marche-du-film","title":{"rendered":"Cinema&#038;Video International n.197"},"content":{"rendered":"\n<h3 class=\"wp-block-heading has-text-align-center\">Sommario<\/h3>\n\n\n\n<p class=\"wp-block-paragraph\"><strong>CANNES 2024 \/Immersione nelle vecchie glorie<\/strong><br><em>Sorrentino l&#8217;unico italiano in Concorso al 77\u00b0 Festival di Cannes. In gara anche tre co-produzioni con l&#8217;Italia. Roberto Minervini in Un Certain Regard.<\/em> <em>Debutta la sezione Immersive Competition<\/em><\/p>\n\n\n\n<p class=\"wp-block-paragraph\"><strong>CO-PRODUZIONI\/ La Chiave della Crescita<\/strong><br><em>Grazie alle coproduzioni l&#8217;Italia pu\u00f2 vantare una buona presenza al Festival di Cannes<\/em><\/p>\n\n\n\n<p class=\"wp-block-paragraph\"><strong><em>PRODUZIONE INDIPENDENTE \/ Vocazione Internazionale<\/em><\/strong><br><em>Il percorso della societ\u00e0 indipendente italiana disp\u00e1rte, a Cannes con Los Domingos Mueren M\u00e1s Personas, coproduzione minoritaria con l&#8217;Argentina<\/em><\/p>\n\n\n\n<p class=\"wp-block-paragraph\"><strong>MUSEO NAZIONALE DEL CINEMA \/Avventura nello spazio<\/strong><br><em>Dopo lo straordinario successo de Il mondo di Tim Burton, li Museo Nazionale del Cinema aprir\u00e0, li 29 maggio, gli spazi dela Mole Antoneliana ad un&#8217;altra Mostra: Movie Icons. Intervista con il direttore DomenicoDe Gaetano.<br><\/em><br><strong>ANIMAZIONE \/ L&#8217;Industria italiana in cerca di opportunit\u00e0<\/strong><br><em>I temi di cui si parler\u00e0 a Cartoons on the Bay, che  si terr\u00e0 a Pescara dal 29 Maggio al 2 Giugno, diretta da Roberto Genovesi<\/em><\/p>\n\n\n\n<p class=\"wp-block-paragraph\"><strong>EUROPA \/ I film italiani pi\u00f9 visti e chi li distribuisce<\/strong><br><em>L&#8217;impegno delle distribuzioni specializzate nel cinema di qualit\u00e0 dietro il successo dei film made in Italy nel vecchio continente<\/em><\/p>\n\n\n\n<h3 class=\"wp-block-heading\">Scarica questo numero della rivista in pdf o sfoglialo online su ISSUU<\/h3>\n\n\n\n<div class=\"wp-block-columns is-layout-flex wp-container-core-columns-is-layout-8f761849 wp-block-columns-is-layout-flex\">\n<div class=\"wp-block-column is-layout-flow wp-block-column-is-layout-flow\" style=\"flex-basis:100%\">\n<div class=\"wp-block-group\"><div class=\"wp-block-group__inner-container is-layout-constrained wp-block-group-is-layout-constrained\"><div class='w3eden'><!-- WPDM Link Template: Default Template -->\n\n<div class=\"link-template-default card mb-2\">\n    <div class=\"card-body\">\n        <div class=\"media\">\n            <div class=\"mr-3 img-48\"><img decoding=\"async\" class=\"wpdm_icon\" alt=\"Icona\"   src=\"https:\/\/cinema.video\/wp-content\/plugins\/download-manager\/assets\/file-type-icons\/pdf.svg\" \/><\/div>\n            <div class=\"media-body\">\n                <h3 class=\"package-title\"><a href='https:\/\/cinema.video\/it\/download\/cicinemavideo-international-n-197'>Cinema&Video International n.197<\/a><\/h3>\n                <div class=\"text-muted text-small\"><i class=\"fas fa-copy\"><\/i> 1 file <i class=\"fas fa-hdd ml-3\"><\/i> 21.97 MB<\/div>\n            <\/div>\n            <div class=\"ml-3\">\n                <a class='wpdm-download-link btn btn-primary ' rel='nofollow' href='https:\/\/cinema.video\/it\/download\/cicinemavideo-international-n-197?wpdmdl=297076&refresh=69f3478c6b2481777551244'>Download<\/a>\n            <\/div>\n        <\/div>\n    <\/div>\n<\/div>\n\n<\/div>\n<\/div><\/div>\n<\/div>\n<\/div>\n\n\n\n<div style=\"position:relative;padding-top:max(60%,326px);height:0;width:100%\"><iframe allow=\"clipboard-write\" sandbox=\"allow-top-navigation allow-top-navigation-by-user-activation allow-downloads allow-scripts allow-same-origin allow-popups allow-modals allow-popups-to-escape-sandbox allow-forms\" allowfullscreen=\"true\" style=\"position:absolute;border:none;width:100%;height:100%;left:0;right:0;top:0;bottom:0;\" src=\"https:\/\/e.issuu.com\/embed.html?d=cinema_video_rivista_n_197_alta&#038;u=cinemaevideo\"><\/iframe><\/div>\n","protected":false},"excerpt":{"rendered":"<p>Cinema&#038;Video International n.197 \u00e8 distribuito al Festival di Cannes, all&#8217;interno degli spazi del March\u00e9 du FIlm<\/p>\n","protected":false},"author":26,"featured_media":297079,"comment_status":"closed","ping_status":"closed","sticky":false,"template":"","format":"standard","meta":{"googlesitekit_rrm_CAow3e7fCw:productID":"","_crdt_document":"","footnotes":""},"categories":[2484],"tags":[2341],"class_list":{"0":"post-297078","1":"post","2":"type-post","3":"status-publish","4":"format-standard","5":"has-post-thumbnail","7":"category-la-rivista","8":"tag-magazine"},"yoast_head":"<!-- This site is optimized with the Yoast SEO Premium plugin v27.4 (Yoast SEO v27.5) - https:\/\/yoast.com\/product\/yoast-seo-premium-wordpress\/ -->\n<title>Cinema&amp;Video International n.197 - Cinema &amp; Video International<\/title>\n<meta name=\"description\" content=\"Cinema&amp;Video International n.197 \u2013 cinemavideo international n197. Sommario CANNES 2024 \/Immersione nelle vecchie glorieSorrentino l&#039;unico italiano in\" \/>\n<meta name=\"robots\" content=\"index, follow, max-snippet:-1, max-image-preview:large, max-video-preview:-1\" \/>\n<link rel=\"canonical\" href=\"https:\/\/cinema.video\/it\/cinemavideo-international-n-197-e-distribuito-al-festival-di-cannes-allinterno-degli-spazi-del-marche-du-film\" \/>\n<meta property=\"og:locale\" content=\"it_IT\" \/>\n<meta property=\"og:type\" content=\"article\" \/>\n<meta property=\"og:title\" content=\"Cinema&amp;Video International n.197\" \/>\n<meta property=\"og:description\" content=\"Cinema&amp;Video International n.197 \u2013 cinemavideo international n197. Sommario CANNES 2024 \/Immersione nelle vecchie glorieSorrentino l&#039;unico italiano in\" \/>\n<meta property=\"og:url\" content=\"https:\/\/cinema.video\/it\/cinemavideo-international-n-197-e-distribuito-al-festival-di-cannes-allinterno-degli-spazi-del-marche-du-film\" \/>\n<meta property=\"og:site_name\" content=\"Cinema &amp; Video International\" \/>\n<meta property=\"article:publisher\" content=\"https:\/\/www.facebook.com\/CinemaVideoInternational\/\" \/>\n<meta property=\"article:published_time\" content=\"2024-05-08T07:59:22+00:00\" \/>\n<meta property=\"article:modified_time\" content=\"2026-04-15T08:14:23+00:00\" \/>\n<meta property=\"og:image\" content=\"https:\/\/cinema.video\/wp-content\/uploads\/2024\/05\/Rivista-N-197_Alta_Copertina.jpg\" \/>\n\t<meta property=\"og:image:width\" content=\"666\" \/>\n\t<meta property=\"og:image:height\" content=\"946\" \/>\n\t<meta property=\"og:image:type\" content=\"image\/jpeg\" \/>\n<meta name=\"author\" content=\"Redazione\" \/>\n<meta name=\"twitter:card\" content=\"summary_large_image\" \/>\n<meta name=\"twitter:label1\" content=\"Scritto da\" \/>\n\t<meta name=\"twitter:data1\" content=\"Redazione\" \/>\n\t<meta name=\"twitter:label2\" content=\"Tempo di lettura stimato\" \/>\n\t<meta name=\"twitter:data2\" content=\"2 minuti\" \/>\n<script type=\"application\/ld+json\" class=\"yoast-schema-graph\">{\"@context\":\"https:\\\/\\\/schema.org\",\"@graph\":[{\"@type\":\"Article\",\"@id\":\"https:\\\/\\\/cinema.video\\\/it\\\/cinemavideo-international-n-197-e-distribuito-al-festival-di-cannes-allinterno-degli-spazi-del-marche-du-film#article\",\"isPartOf\":{\"@id\":\"https:\\\/\\\/cinema.video\\\/it\\\/cinemavideo-international-n-197-e-distribuito-al-festival-di-cannes-allinterno-degli-spazi-del-marche-du-film\"},\"author\":{\"name\":\"Redazione\",\"@id\":\"https:\\\/\\\/cinema.video\\\/it#\\\/schema\\\/person\\\/aeb01b91d874e8b01e76a1db04c668c6\"},\"headline\":\"Cinema&#038;Video International n.197\",\"datePublished\":\"2024-05-08T07:59:22+00:00\",\"dateModified\":\"2026-04-15T08:14:23+00:00\",\"mainEntityOfPage\":{\"@id\":\"https:\\\/\\\/cinema.video\\\/it\\\/cinemavideo-international-n-197-e-distribuito-al-festival-di-cannes-allinterno-degli-spazi-del-marche-du-film\"},\"wordCount\":203,\"publisher\":{\"@id\":\"https:\\\/\\\/cinema.video\\\/it#organization\"},\"image\":{\"@id\":\"https:\\\/\\\/cinema.video\\\/it\\\/cinemavideo-international-n-197-e-distribuito-al-festival-di-cannes-allinterno-degli-spazi-del-marche-du-film#primaryimage\"},\"thumbnailUrl\":\"https:\\\/\\\/cinema.video\\\/wp-content\\\/uploads\\\/2024\\\/05\\\/Rivista-N-197_Alta_Copertina.jpg\",\"keywords\":[\"MAGAZINE\"],\"articleSection\":[\"MAGAZINE\"],\"inLanguage\":\"it-IT\"},{\"@type\":\"WebPage\",\"@id\":\"https:\\\/\\\/cinema.video\\\/it\\\/cinemavideo-international-n-197-e-distribuito-al-festival-di-cannes-allinterno-degli-spazi-del-marche-du-film\",\"url\":\"https:\\\/\\\/cinema.video\\\/it\\\/cinemavideo-international-n-197-e-distribuito-al-festival-di-cannes-allinterno-degli-spazi-del-marche-du-film\",\"name\":\"Cinema&Video International n.197 - Cinema &amp; Video International\",\"isPartOf\":{\"@id\":\"https:\\\/\\\/cinema.video\\\/it#website\"},\"primaryImageOfPage\":{\"@id\":\"https:\\\/\\\/cinema.video\\\/it\\\/cinemavideo-international-n-197-e-distribuito-al-festival-di-cannes-allinterno-degli-spazi-del-marche-du-film#primaryimage\"},\"image\":{\"@id\":\"https:\\\/\\\/cinema.video\\\/it\\\/cinemavideo-international-n-197-e-distribuito-al-festival-di-cannes-allinterno-degli-spazi-del-marche-du-film#primaryimage\"},\"thumbnailUrl\":\"https:\\\/\\\/cinema.video\\\/wp-content\\\/uploads\\\/2024\\\/05\\\/Rivista-N-197_Alta_Copertina.jpg\",\"datePublished\":\"2024-05-08T07:59:22+00:00\",\"dateModified\":\"2026-04-15T08:14:23+00:00\",\"description\":\"Cinema&Video International n.197 \u2013 cinemavideo international n197. Sommario CANNES 2024 \\\/Immersione nelle vecchie glorieSorrentino l'unico italiano in\",\"breadcrumb\":{\"@id\":\"https:\\\/\\\/cinema.video\\\/it\\\/cinemavideo-international-n-197-e-distribuito-al-festival-di-cannes-allinterno-degli-spazi-del-marche-du-film#breadcrumb\"},\"inLanguage\":\"it-IT\",\"potentialAction\":[{\"@type\":\"ReadAction\",\"target\":[\"https:\\\/\\\/cinema.video\\\/it\\\/cinemavideo-international-n-197-e-distribuito-al-festival-di-cannes-allinterno-degli-spazi-del-marche-du-film\"]}]},{\"@type\":\"ImageObject\",\"inLanguage\":\"it-IT\",\"@id\":\"https:\\\/\\\/cinema.video\\\/it\\\/cinemavideo-international-n-197-e-distribuito-al-festival-di-cannes-allinterno-degli-spazi-del-marche-du-film#primaryimage\",\"url\":\"https:\\\/\\\/cinema.video\\\/wp-content\\\/uploads\\\/2024\\\/05\\\/Rivista-N-197_Alta_Copertina.jpg\",\"contentUrl\":\"https:\\\/\\\/cinema.video\\\/wp-content\\\/uploads\\\/2024\\\/05\\\/Rivista-N-197_Alta_Copertina.jpg\",\"width\":666,\"height\":946},{\"@type\":\"BreadcrumbList\",\"@id\":\"https:\\\/\\\/cinema.video\\\/it\\\/cinemavideo-international-n-197-e-distribuito-al-festival-di-cannes-allinterno-degli-spazi-del-marche-du-film#breadcrumb\",\"itemListElement\":[{\"@type\":\"ListItem\",\"position\":1,\"name\":\"Home\",\"item\":\"https:\\\/\\\/cinema.video\\\/it\\\/home-2\"},{\"@type\":\"ListItem\",\"position\":2,\"name\":\"Cinema&#038;Video International n.197\"}]},{\"@type\":\"WebSite\",\"@id\":\"https:\\\/\\\/cinema.video\\\/it#website\",\"url\":\"https:\\\/\\\/cinema.video\\\/it\",\"name\":\"Cinema & Video International\",\"description\":\"Film &amp; Audiovisual Industry Trade Magazine\",\"publisher\":{\"@id\":\"https:\\\/\\\/cinema.video\\\/it#organization\"},\"alternateName\":\"Cinema & Video\",\"potentialAction\":[{\"@type\":\"SearchAction\",\"target\":{\"@type\":\"EntryPoint\",\"urlTemplate\":\"https:\\\/\\\/cinema.video\\\/it?s={search_term_string}\"},\"query-input\":{\"@type\":\"PropertyValueSpecification\",\"valueRequired\":true,\"valueName\":\"search_term_string\"}}],\"inLanguage\":\"it-IT\"},{\"@type\":\"Organization\",\"@id\":\"https:\\\/\\\/cinema.video\\\/it#organization\",\"name\":\"Cinema & Video\",\"url\":\"https:\\\/\\\/cinema.video\\\/it\",\"logo\":{\"@type\":\"ImageObject\",\"inLanguage\":\"it-IT\",\"@id\":\"https:\\\/\\\/cinema.video\\\/it#\\\/schema\\\/logo\\\/image\\\/\",\"url\":\"https:\\\/\\\/cinema.video\\\/wp-content\\\/uploads\\\/2026\\\/04\\\/CinemVideo_LogoBlack.png\",\"contentUrl\":\"https:\\\/\\\/cinema.video\\\/wp-content\\\/uploads\\\/2026\\\/04\\\/CinemVideo_LogoBlack.png\",\"width\":1336,\"height\":224,\"caption\":\"Cinema & Video\"},\"image\":{\"@id\":\"https:\\\/\\\/cinema.video\\\/it#\\\/schema\\\/logo\\\/image\\\/\"},\"sameAs\":[\"https:\\\/\\\/www.facebook.com\\\/CinemaVideoInternational\\\/\",\"https:\\\/\\\/www.instagram.com\\\/cinemaevideointernational\\\/\",\"https:\\\/\\\/it.linkedin.com\\\/company\\\/cinema-video-international\"],\"description\":\"Media Consulting & Marketing Agency\",\"email\":\"hello@darostudio.com\",\"legalName\":\"DARO studio LLC\",\"foundingDate\":\"2021-02-16\",\"numberOfEmployees\":{\"@type\":\"QuantitativeValue\",\"minValue\":\"1\",\"maxValue\":\"10\"}},{\"@type\":\"Person\",\"@id\":\"https:\\\/\\\/cinema.video\\\/it#\\\/schema\\\/person\\\/aeb01b91d874e8b01e76a1db04c668c6\",\"name\":\"Redazione\",\"image\":{\"@type\":\"ImageObject\",\"inLanguage\":\"it-IT\",\"@id\":\"https:\\\/\\\/secure.gravatar.com\\\/avatar\\\/06ad6f92eb14745b75fb592cadf8139d33242d81c9c8b085133c450aaf0b9731?s=96&d=mm&r=g\",\"url\":\"https:\\\/\\\/secure.gravatar.com\\\/avatar\\\/06ad6f92eb14745b75fb592cadf8139d33242d81c9c8b085133c450aaf0b9731?s=96&d=mm&r=g\",\"contentUrl\":\"https:\\\/\\\/secure.gravatar.com\\\/avatar\\\/06ad6f92eb14745b75fb592cadf8139d33242d81c9c8b085133c450aaf0b9731?s=96&d=mm&r=g\",\"caption\":\"Redazione\"},\"url\":\"https:\\\/\\\/cinema.video\\\/it\\\/author\\\/redazione\"}]}<\/script>\n<!-- \/ Yoast SEO Premium plugin. -->","yoast_head_json":{"title":"Cinema&Video International n.197 - Cinema &amp; Video International","description":"Cinema&Video International n.197 \u2013 cinemavideo international n197. Sommario CANNES 2024 \/Immersione nelle vecchie glorieSorrentino l'unico italiano in","robots":{"index":"index","follow":"follow","max-snippet":"max-snippet:-1","max-image-preview":"max-image-preview:large","max-video-preview":"max-video-preview:-1"},"canonical":"https:\/\/cinema.video\/it\/cinemavideo-international-n-197-e-distribuito-al-festival-di-cannes-allinterno-degli-spazi-del-marche-du-film","og_locale":"it_IT","og_type":"article","og_title":"Cinema&Video International n.197","og_description":"Cinema&Video International n.197 \u2013 cinemavideo international n197. Sommario CANNES 2024 \/Immersione nelle vecchie glorieSorrentino l'unico italiano in","og_url":"https:\/\/cinema.video\/it\/cinemavideo-international-n-197-e-distribuito-al-festival-di-cannes-allinterno-degli-spazi-del-marche-du-film","og_site_name":"Cinema &amp; Video International","article_publisher":"https:\/\/www.facebook.com\/CinemaVideoInternational\/","article_published_time":"2024-05-08T07:59:22+00:00","article_modified_time":"2026-04-15T08:14:23+00:00","og_image":[{"width":666,"height":946,"url":"https:\/\/cinema.video\/wp-content\/uploads\/2024\/05\/Rivista-N-197_Alta_Copertina.jpg","type":"image\/jpeg"}],"author":"Redazione","twitter_card":"summary_large_image","twitter_misc":{"Scritto da":"Redazione","Tempo di lettura stimato":"2 minuti"},"schema":{"@context":"https:\/\/schema.org","@graph":[{"@type":"Article","@id":"https:\/\/cinema.video\/it\/cinemavideo-international-n-197-e-distribuito-al-festival-di-cannes-allinterno-degli-spazi-del-marche-du-film#article","isPartOf":{"@id":"https:\/\/cinema.video\/it\/cinemavideo-international-n-197-e-distribuito-al-festival-di-cannes-allinterno-degli-spazi-del-marche-du-film"},"author":{"name":"Redazione","@id":"https:\/\/cinema.video\/it#\/schema\/person\/aeb01b91d874e8b01e76a1db04c668c6"},"headline":"Cinema&#038;Video International n.197","datePublished":"2024-05-08T07:59:22+00:00","dateModified":"2026-04-15T08:14:23+00:00","mainEntityOfPage":{"@id":"https:\/\/cinema.video\/it\/cinemavideo-international-n-197-e-distribuito-al-festival-di-cannes-allinterno-degli-spazi-del-marche-du-film"},"wordCount":203,"publisher":{"@id":"https:\/\/cinema.video\/it#organization"},"image":{"@id":"https:\/\/cinema.video\/it\/cinemavideo-international-n-197-e-distribuito-al-festival-di-cannes-allinterno-degli-spazi-del-marche-du-film#primaryimage"},"thumbnailUrl":"https:\/\/cinema.video\/wp-content\/uploads\/2024\/05\/Rivista-N-197_Alta_Copertina.jpg","keywords":["MAGAZINE"],"articleSection":["MAGAZINE"],"inLanguage":"it-IT"},{"@type":"WebPage","@id":"https:\/\/cinema.video\/it\/cinemavideo-international-n-197-e-distribuito-al-festival-di-cannes-allinterno-degli-spazi-del-marche-du-film","url":"https:\/\/cinema.video\/it\/cinemavideo-international-n-197-e-distribuito-al-festival-di-cannes-allinterno-degli-spazi-del-marche-du-film","name":"Cinema&Video International n.197 - Cinema &amp; Video International","isPartOf":{"@id":"https:\/\/cinema.video\/it#website"},"primaryImageOfPage":{"@id":"https:\/\/cinema.video\/it\/cinemavideo-international-n-197-e-distribuito-al-festival-di-cannes-allinterno-degli-spazi-del-marche-du-film#primaryimage"},"image":{"@id":"https:\/\/cinema.video\/it\/cinemavideo-international-n-197-e-distribuito-al-festival-di-cannes-allinterno-degli-spazi-del-marche-du-film#primaryimage"},"thumbnailUrl":"https:\/\/cinema.video\/wp-content\/uploads\/2024\/05\/Rivista-N-197_Alta_Copertina.jpg","datePublished":"2024-05-08T07:59:22+00:00","dateModified":"2026-04-15T08:14:23+00:00","description":"Cinema&Video International n.197 \u2013 cinemavideo international n197. Sommario CANNES 2024 \/Immersione nelle vecchie glorieSorrentino l'unico italiano in","breadcrumb":{"@id":"https:\/\/cinema.video\/it\/cinemavideo-international-n-197-e-distribuito-al-festival-di-cannes-allinterno-degli-spazi-del-marche-du-film#breadcrumb"},"inLanguage":"it-IT","potentialAction":[{"@type":"ReadAction","target":["https:\/\/cinema.video\/it\/cinemavideo-international-n-197-e-distribuito-al-festival-di-cannes-allinterno-degli-spazi-del-marche-du-film"]}]},{"@type":"ImageObject","inLanguage":"it-IT","@id":"https:\/\/cinema.video\/it\/cinemavideo-international-n-197-e-distribuito-al-festival-di-cannes-allinterno-degli-spazi-del-marche-du-film#primaryimage","url":"https:\/\/cinema.video\/wp-content\/uploads\/2024\/05\/Rivista-N-197_Alta_Copertina.jpg","contentUrl":"https:\/\/cinema.video\/wp-content\/uploads\/2024\/05\/Rivista-N-197_Alta_Copertina.jpg","width":666,"height":946},{"@type":"BreadcrumbList","@id":"https:\/\/cinema.video\/it\/cinemavideo-international-n-197-e-distribuito-al-festival-di-cannes-allinterno-degli-spazi-del-marche-du-film#breadcrumb","itemListElement":[{"@type":"ListItem","position":1,"name":"Home","item":"https:\/\/cinema.video\/it\/home-2"},{"@type":"ListItem","position":2,"name":"Cinema&#038;Video International n.197"}]},{"@type":"WebSite","@id":"https:\/\/cinema.video\/it#website","url":"https:\/\/cinema.video\/it","name":"Cinema & Video International","description":"Film &amp; Audiovisual Industry Trade Magazine","publisher":{"@id":"https:\/\/cinema.video\/it#organization"},"alternateName":"Cinema & Video","potentialAction":[{"@type":"SearchAction","target":{"@type":"EntryPoint","urlTemplate":"https:\/\/cinema.video\/it?s={search_term_string}"},"query-input":{"@type":"PropertyValueSpecification","valueRequired":true,"valueName":"search_term_string"}}],"inLanguage":"it-IT"},{"@type":"Organization","@id":"https:\/\/cinema.video\/it#organization","name":"Cinema & Video","url":"https:\/\/cinema.video\/it","logo":{"@type":"ImageObject","inLanguage":"it-IT","@id":"https:\/\/cinema.video\/it#\/schema\/logo\/image\/","url":"https:\/\/cinema.video\/wp-content\/uploads\/2026\/04\/CinemVideo_LogoBlack.png","contentUrl":"https:\/\/cinema.video\/wp-content\/uploads\/2026\/04\/CinemVideo_LogoBlack.png","width":1336,"height":224,"caption":"Cinema & Video"},"image":{"@id":"https:\/\/cinema.video\/it#\/schema\/logo\/image\/"},"sameAs":["https:\/\/www.facebook.com\/CinemaVideoInternational\/","https:\/\/www.instagram.com\/cinemaevideointernational\/","https:\/\/it.linkedin.com\/company\/cinema-video-international"],"description":"Media Consulting & Marketing Agency","email":"hello@darostudio.com","legalName":"DARO studio LLC","foundingDate":"2021-02-16","numberOfEmployees":{"@type":"QuantitativeValue","minValue":"1","maxValue":"10"}},{"@type":"Person","@id":"https:\/\/cinema.video\/it#\/schema\/person\/aeb01b91d874e8b01e76a1db04c668c6","name":"Redazione","image":{"@type":"ImageObject","inLanguage":"it-IT","@id":"https:\/\/secure.gravatar.com\/avatar\/06ad6f92eb14745b75fb592cadf8139d33242d81c9c8b085133c450aaf0b9731?s=96&d=mm&r=g","url":"https:\/\/secure.gravatar.com\/avatar\/06ad6f92eb14745b75fb592cadf8139d33242d81c9c8b085133c450aaf0b9731?s=96&d=mm&r=g","contentUrl":"https:\/\/secure.gravatar.com\/avatar\/06ad6f92eb14745b75fb592cadf8139d33242d81c9c8b085133c450aaf0b9731?s=96&d=mm&r=g","caption":"Redazione"},"url":"https:\/\/cinema.video\/it\/author\/redazione"}]}},"jetpack_featured_media_url":"https:\/\/cinema.video\/wp-content\/uploads\/2024\/05\/Rivista-N-197_Alta_Copertina.jpg","jetpack_shortlink":"https:\/\/wp.me\/ph672m-1fhA","_links":{"self":[{"href":"https:\/\/cinema.video\/it\/wp-json\/wp\/v2\/posts\/297078","targetHints":{"allow":["GET"]}}],"collection":[{"href":"https:\/\/cinema.video\/it\/wp-json\/wp\/v2\/posts"}],"about":[{"href":"https:\/\/cinema.video\/it\/wp-json\/wp\/v2\/types\/post"}],"author":[{"embeddable":true,"href":"https:\/\/cinema.video\/it\/wp-json\/wp\/v2\/users\/26"}],"replies":[{"embeddable":true,"href":"https:\/\/cinema.video\/it\/wp-json\/wp\/v2\/comments?post=297078"}],"version-history":[{"count":1,"href":"https:\/\/cinema.video\/it\/wp-json\/wp\/v2\/posts\/297078\/revisions"}],"predecessor-version":[{"id":303033,"href":"https:\/\/cinema.video\/it\/wp-json\/wp\/v2\/posts\/297078\/revisions\/303033"}],"wp:featuredmedia":[{"embeddable":true,"href":"https:\/\/cinema.video\/it\/wp-json\/wp\/v2\/media\/297079"}],"wp:attachment":[{"href":"https:\/\/cinema.video\/it\/wp-json\/wp\/v2\/media?parent=297078"}],"wp:term":[{"taxonomy":"category","embeddable":true,"href":"https:\/\/cinema.video\/it\/wp-json\/wp\/v2\/categories?post=297078"},{"taxonomy":"post_tag","embeddable":true,"href":"https:\/\/cinema.video\/it\/wp-json\/wp\/v2\/tags?post=297078"}],"curies":[{"name":"wp","href":"https:\/\/api.w.org\/{rel}","templated":true}]}}