{"id":297066,"date":"2024-05-07T11:17:51","date_gmt":"2024-05-07T09:17:51","guid":{"rendered":"https:\/\/cinema.video\/?p=297066"},"modified":"2026-04-10T04:05:15","modified_gmt":"2026-04-10T02:05:15","slug":"il-prossimo-28-maggio-a-milano-allanteo-palazzo-del-cinema-gli-stati-generali-del-cinema-indipendente-evento-industry-organizzato-da-air3-associazione-italiana-registi","status":"publish","type":"post","link":"https:\/\/cinema.video\/it\/il-prossimo-28-maggio-a-milano-allanteo-palazzo-del-cinema-gli-stati-generali-del-cinema-indipendente-evento-industry-organizzato-da-air3-associazione-italiana-registi","title":{"rendered":"AIR 3 Il 28 maggio a Milano gli Stati Generali del Cinema Indipendente"},"content":{"rendered":"\n<p class=\"wp-block-paragraph\">Si svolgeranno il prossimo 28 maggio a Milano, all\u2019Anteo Palazzo del Cinema gli <strong>Stati Generali del Cinema Indipendente<\/strong>, un evento industry organizzato da <strong>AIR3 Associazione Italiana Registi<\/strong>.<\/p>\n\n\n\n<p class=\"wp-block-paragraph\">L&#8217;incontro, che mira a facilitare e stimolare il confronto tra autori, produttori, distributori, esercenti e a tutti i protagonisti della filiera indipendente, nasce per creare un movimento di Cinema e Serialit\u00e0 indipendente in Italia, offrire ai professionisti maggiori possibilit\u00e0 produttive e nuovi modi di accedere ad esse; rappresenta anche una delle principali attivit\u00e0\u00a0<strong>AIR3\u00a0<\/strong>del 2024 e ha  il patrocinio del <strong>Comune di Milano<\/strong> e di <strong>Lombardia Film Commission<\/strong>.<\/p>\n\n\n\n<p class=\"wp-block-paragraph\">L\u2019obiettivo \u00e8 creare\u00a0progetti concreti<strong>\u00a0<\/strong>e un movimento che ponga al centro l\u2019espressione artistica e l\u2019umanit\u00e0 nei contenuti cinematografici, con un manifesto che diventi un marchio nel mondo culturale e professionale del futuro. <\/p>\n\n\n\n<p class=\"wp-block-paragraph\">Sono previsti i seguenti panel:<\/p>\n\n\n\n<p class=\"wp-block-paragraph\">&#8211;<strong>Il Cinema necessario. Perch\u00e9 un cinema indipendente oggi in Italia?<\/strong><\/p>\n\n\n\n<p class=\"wp-block-paragraph\"><strong>-Il Cinema \u00e8 delle idee. Perch\u00e9 dobbiamo convogliare pi\u00f9 risorse verso la scrittura.<\/strong><\/p>\n\n\n\n<p class=\"wp-block-paragraph\"><strong>-Le storie contro l&#8217;algoritmo. La variabile umana<\/strong><\/p>\n\n\n\n<p class=\"wp-block-paragraph\"><strong>-Indipendenti e finanziati. Sono possibili nuovi modelli di business per il cinema indipendente?<\/strong><\/p>\n\n\n\n<p class=\"wp-block-paragraph\"><strong>-In chiusura alcune Case history<\/strong><\/p>\n","protected":false},"excerpt":{"rendered":"<p>Il prossimo 28 maggio a Milano all\u2019Anteo Palazzo del Cinema gli Stati Generali del Cinema Indipendente &#8211; evento industry organizzato da AIR3 <\/p>\n","protected":false},"author":26,"featured_media":297067,"comment_status":"closed","ping_status":"closed","sticky":false,"template":"","format":"standard","meta":{"googlesitekit_rrm_CAow3e7fCw:productID":"","_crdt_document":"","footnotes":""},"categories":[198],"tags":[356,530],"class_list":{"0":"post-297066","1":"post","2":"type-post","3":"status-publish","4":"format-standard","5":"has-post-thumbnail","7":"category-industry","8":"tag-focus","9":"tag-lombardia-film-commission"},"yoast_head":"<!-- This site is optimized with the Yoast SEO Premium plugin v27.4 (Yoast SEO v27.5) - https:\/\/yoast.com\/product\/yoast-seo-premium-wordpress\/ -->\n<title>AIR 3 Il 28 maggio a Milano gli Stati Generali del Cinema Indipendente - Cinema &amp; Video International<\/title>\n<meta name=\"description\" content=\"AIR 3 Il 28 maggio a Milano gli Stati Generali del Cinema Indipendente \u2013 air 3 il 28 maggio a. Si svolgeranno il prossimo 28 maggio a Milano, all\u2019Anteo Pa\" \/>\n<meta name=\"robots\" content=\"index, follow, max-snippet:-1, max-image-preview:large, max-video-preview:-1\" \/>\n<link rel=\"canonical\" href=\"https:\/\/cinema.video\/it\/il-prossimo-28-maggio-a-milano-allanteo-palazzo-del-cinema-gli-stati-generali-del-cinema-indipendente-evento-industry-organizzato-da-air3-associazione-italiana-registi\" \/>\n<meta property=\"og:locale\" content=\"it_IT\" \/>\n<meta property=\"og:type\" content=\"article\" \/>\n<meta property=\"og:title\" content=\"AIR 3 Il 28 maggio a Milano gli Stati Generali del Cinema Indipendente\" \/>\n<meta property=\"og:description\" content=\"AIR 3 Il 28 maggio a Milano gli Stati Generali del Cinema Indipendente \u2013 air 3 il 28 maggio a. Si svolgeranno il prossimo 28 maggio a Milano, all\u2019Anteo Pa\" \/>\n<meta property=\"og:url\" content=\"https:\/\/cinema.video\/it\/il-prossimo-28-maggio-a-milano-allanteo-palazzo-del-cinema-gli-stati-generali-del-cinema-indipendente-evento-industry-organizzato-da-air3-associazione-italiana-registi\" \/>\n<meta property=\"og:site_name\" content=\"Cinema &amp; Video International\" \/>\n<meta property=\"article:publisher\" content=\"https:\/\/www.facebook.com\/CinemaVideoInternational\/\" \/>\n<meta property=\"article:published_time\" content=\"2024-05-07T09:17:51+00:00\" \/>\n<meta property=\"article:modified_time\" content=\"2026-04-10T02:05:15+00:00\" \/>\n<meta property=\"og:image\" content=\"https:\/\/cinema.video\/wp-content\/uploads\/2024\/05\/StatiGenerali_Cover_HQ.jpeg\" \/>\n\t<meta property=\"og:image:width\" content=\"321\" \/>\n\t<meta property=\"og:image:height\" content=\"183\" \/>\n\t<meta property=\"og:image:type\" content=\"image\/jpeg\" \/>\n<meta name=\"author\" content=\"Redazione\" \/>\n<meta name=\"twitter:card\" content=\"summary_large_image\" \/>\n<meta name=\"twitter:label1\" content=\"Scritto da\" \/>\n\t<meta name=\"twitter:data1\" content=\"Redazione\" \/>\n\t<meta name=\"twitter:label2\" content=\"Tempo di lettura stimato\" \/>\n\t<meta name=\"twitter:data2\" content=\"2 minuti\" \/>\n<script type=\"application\/ld+json\" class=\"yoast-schema-graph\">{\"@context\":\"https:\\\/\\\/schema.org\",\"@graph\":[{\"@type\":\"Article\",\"@id\":\"https:\\\/\\\/cinema.video\\\/it\\\/il-prossimo-28-maggio-a-milano-allanteo-palazzo-del-cinema-gli-stati-generali-del-cinema-indipendente-evento-industry-organizzato-da-air3-associazione-italiana-registi#article\",\"isPartOf\":{\"@id\":\"https:\\\/\\\/cinema.video\\\/it\\\/il-prossimo-28-maggio-a-milano-allanteo-palazzo-del-cinema-gli-stati-generali-del-cinema-indipendente-evento-industry-organizzato-da-air3-associazione-italiana-registi\"},\"author\":{\"name\":\"Redazione\",\"@id\":\"https:\\\/\\\/cinema.video\\\/it#\\\/schema\\\/person\\\/aeb01b91d874e8b01e76a1db04c668c6\"},\"headline\":\"AIR 3 Il 28 maggio a Milano gli Stati Generali del Cinema Indipendente\",\"datePublished\":\"2024-05-07T09:17:51+00:00\",\"dateModified\":\"2026-04-10T02:05:15+00:00\",\"mainEntityOfPage\":{\"@id\":\"https:\\\/\\\/cinema.video\\\/it\\\/il-prossimo-28-maggio-a-milano-allanteo-palazzo-del-cinema-gli-stati-generali-del-cinema-indipendente-evento-industry-organizzato-da-air3-associazione-italiana-registi\"},\"wordCount\":195,\"publisher\":{\"@id\":\"https:\\\/\\\/cinema.video\\\/it#organization\"},\"image\":{\"@id\":\"https:\\\/\\\/cinema.video\\\/it\\\/il-prossimo-28-maggio-a-milano-allanteo-palazzo-del-cinema-gli-stati-generali-del-cinema-indipendente-evento-industry-organizzato-da-air3-associazione-italiana-registi#primaryimage\"},\"thumbnailUrl\":\"https:\\\/\\\/cinema.video\\\/wp-content\\\/uploads\\\/2024\\\/05\\\/StatiGenerali_Cover_HQ.jpeg\",\"keywords\":[\"focus\",\"LOMBARDIA FILM COMMISSION\"],\"articleSection\":[\"INDUSTRY\"],\"inLanguage\":\"it-IT\"},{\"@type\":\"WebPage\",\"@id\":\"https:\\\/\\\/cinema.video\\\/it\\\/il-prossimo-28-maggio-a-milano-allanteo-palazzo-del-cinema-gli-stati-generali-del-cinema-indipendente-evento-industry-organizzato-da-air3-associazione-italiana-registi\",\"url\":\"https:\\\/\\\/cinema.video\\\/it\\\/il-prossimo-28-maggio-a-milano-allanteo-palazzo-del-cinema-gli-stati-generali-del-cinema-indipendente-evento-industry-organizzato-da-air3-associazione-italiana-registi\",\"name\":\"AIR 3 Il 28 maggio a Milano gli Stati Generali del Cinema Indipendente - Cinema &amp; Video International\",\"isPartOf\":{\"@id\":\"https:\\\/\\\/cinema.video\\\/it#website\"},\"primaryImageOfPage\":{\"@id\":\"https:\\\/\\\/cinema.video\\\/it\\\/il-prossimo-28-maggio-a-milano-allanteo-palazzo-del-cinema-gli-stati-generali-del-cinema-indipendente-evento-industry-organizzato-da-air3-associazione-italiana-registi#primaryimage\"},\"image\":{\"@id\":\"https:\\\/\\\/cinema.video\\\/it\\\/il-prossimo-28-maggio-a-milano-allanteo-palazzo-del-cinema-gli-stati-generali-del-cinema-indipendente-evento-industry-organizzato-da-air3-associazione-italiana-registi#primaryimage\"},\"thumbnailUrl\":\"https:\\\/\\\/cinema.video\\\/wp-content\\\/uploads\\\/2024\\\/05\\\/StatiGenerali_Cover_HQ.jpeg\",\"datePublished\":\"2024-05-07T09:17:51+00:00\",\"dateModified\":\"2026-04-10T02:05:15+00:00\",\"description\":\"AIR 3 Il 28 maggio a Milano gli Stati Generali del Cinema Indipendente \u2013 air 3 il 28 maggio a. Si svolgeranno il prossimo 28 maggio a Milano, all\u2019Anteo Pa\",\"breadcrumb\":{\"@id\":\"https:\\\/\\\/cinema.video\\\/it\\\/il-prossimo-28-maggio-a-milano-allanteo-palazzo-del-cinema-gli-stati-generali-del-cinema-indipendente-evento-industry-organizzato-da-air3-associazione-italiana-registi#breadcrumb\"},\"inLanguage\":\"it-IT\",\"potentialAction\":[{\"@type\":\"ReadAction\",\"target\":[\"https:\\\/\\\/cinema.video\\\/it\\\/il-prossimo-28-maggio-a-milano-allanteo-palazzo-del-cinema-gli-stati-generali-del-cinema-indipendente-evento-industry-organizzato-da-air3-associazione-italiana-registi\"]}]},{\"@type\":\"ImageObject\",\"inLanguage\":\"it-IT\",\"@id\":\"https:\\\/\\\/cinema.video\\\/it\\\/il-prossimo-28-maggio-a-milano-allanteo-palazzo-del-cinema-gli-stati-generali-del-cinema-indipendente-evento-industry-organizzato-da-air3-associazione-italiana-registi#primaryimage\",\"url\":\"https:\\\/\\\/cinema.video\\\/wp-content\\\/uploads\\\/2024\\\/05\\\/StatiGenerali_Cover_HQ.jpeg\",\"contentUrl\":\"https:\\\/\\\/cinema.video\\\/wp-content\\\/uploads\\\/2024\\\/05\\\/StatiGenerali_Cover_HQ.jpeg\",\"width\":321,\"height\":183,\"caption\":\"prossimo 28 maggio a Milano all\u2019Anteo Palazzo del Cinema gli Stati Generali del Cinema Indipendente - evento industry organizzato da AIR3\"},{\"@type\":\"BreadcrumbList\",\"@id\":\"https:\\\/\\\/cinema.video\\\/it\\\/il-prossimo-28-maggio-a-milano-allanteo-palazzo-del-cinema-gli-stati-generali-del-cinema-indipendente-evento-industry-organizzato-da-air3-associazione-italiana-registi#breadcrumb\",\"itemListElement\":[{\"@type\":\"ListItem\",\"position\":1,\"name\":\"Home\",\"item\":\"https:\\\/\\\/cinema.video\\\/it\\\/home-2\"},{\"@type\":\"ListItem\",\"position\":2,\"name\":\"AIR 3 Il 28 maggio a Milano gli Stati Generali del Cinema Indipendente\"}]},{\"@type\":\"WebSite\",\"@id\":\"https:\\\/\\\/cinema.video\\\/it#website\",\"url\":\"https:\\\/\\\/cinema.video\\\/it\",\"name\":\"Cinema & Video International\",\"description\":\"Film &amp; Audiovisual Industry Trade Magazine\",\"publisher\":{\"@id\":\"https:\\\/\\\/cinema.video\\\/it#organization\"},\"alternateName\":\"Cinema & Video\",\"potentialAction\":[{\"@type\":\"SearchAction\",\"target\":{\"@type\":\"EntryPoint\",\"urlTemplate\":\"https:\\\/\\\/cinema.video\\\/it?s={search_term_string}\"},\"query-input\":{\"@type\":\"PropertyValueSpecification\",\"valueRequired\":true,\"valueName\":\"search_term_string\"}}],\"inLanguage\":\"it-IT\"},{\"@type\":\"Organization\",\"@id\":\"https:\\\/\\\/cinema.video\\\/it#organization\",\"name\":\"Cinema & Video\",\"url\":\"https:\\\/\\\/cinema.video\\\/it\",\"logo\":{\"@type\":\"ImageObject\",\"inLanguage\":\"it-IT\",\"@id\":\"https:\\\/\\\/cinema.video\\\/it#\\\/schema\\\/logo\\\/image\\\/\",\"url\":\"https:\\\/\\\/cinema.video\\\/wp-content\\\/uploads\\\/2026\\\/04\\\/CinemVideo_LogoBlack.png\",\"contentUrl\":\"https:\\\/\\\/cinema.video\\\/wp-content\\\/uploads\\\/2026\\\/04\\\/CinemVideo_LogoBlack.png\",\"width\":1336,\"height\":224,\"caption\":\"Cinema & Video\"},\"image\":{\"@id\":\"https:\\\/\\\/cinema.video\\\/it#\\\/schema\\\/logo\\\/image\\\/\"},\"sameAs\":[\"https:\\\/\\\/www.facebook.com\\\/CinemaVideoInternational\\\/\",\"https:\\\/\\\/www.instagram.com\\\/cinemaevideointernational\\\/\",\"https:\\\/\\\/it.linkedin.com\\\/company\\\/cinema-video-international\"],\"description\":\"Media Consulting & Marketing Agency\",\"email\":\"hello@darostudio.com\",\"legalName\":\"DARO studio LLC\",\"foundingDate\":\"2021-02-16\",\"numberOfEmployees\":{\"@type\":\"QuantitativeValue\",\"minValue\":\"1\",\"maxValue\":\"10\"}},{\"@type\":\"Person\",\"@id\":\"https:\\\/\\\/cinema.video\\\/it#\\\/schema\\\/person\\\/aeb01b91d874e8b01e76a1db04c668c6\",\"name\":\"Redazione\",\"image\":{\"@type\":\"ImageObject\",\"inLanguage\":\"it-IT\",\"@id\":\"https:\\\/\\\/secure.gravatar.com\\\/avatar\\\/06ad6f92eb14745b75fb592cadf8139d33242d81c9c8b085133c450aaf0b9731?s=96&d=mm&r=g\",\"url\":\"https:\\\/\\\/secure.gravatar.com\\\/avatar\\\/06ad6f92eb14745b75fb592cadf8139d33242d81c9c8b085133c450aaf0b9731?s=96&d=mm&r=g\",\"contentUrl\":\"https:\\\/\\\/secure.gravatar.com\\\/avatar\\\/06ad6f92eb14745b75fb592cadf8139d33242d81c9c8b085133c450aaf0b9731?s=96&d=mm&r=g\",\"caption\":\"Redazione\"},\"url\":\"https:\\\/\\\/cinema.video\\\/it\\\/author\\\/redazione\"}]}<\/script>\n<!-- \/ Yoast SEO Premium plugin. -->","yoast_head_json":{"title":"AIR 3 Il 28 maggio a Milano gli Stati Generali del Cinema Indipendente - Cinema &amp; Video International","description":"AIR 3 Il 28 maggio a Milano gli Stati Generali del Cinema Indipendente \u2013 air 3 il 28 maggio a. Si svolgeranno il prossimo 28 maggio a Milano, all\u2019Anteo Pa","robots":{"index":"index","follow":"follow","max-snippet":"max-snippet:-1","max-image-preview":"max-image-preview:large","max-video-preview":"max-video-preview:-1"},"canonical":"https:\/\/cinema.video\/it\/il-prossimo-28-maggio-a-milano-allanteo-palazzo-del-cinema-gli-stati-generali-del-cinema-indipendente-evento-industry-organizzato-da-air3-associazione-italiana-registi","og_locale":"it_IT","og_type":"article","og_title":"AIR 3 Il 28 maggio a Milano gli Stati Generali del Cinema Indipendente","og_description":"AIR 3 Il 28 maggio a Milano gli Stati Generali del Cinema Indipendente \u2013 air 3 il 28 maggio a. Si svolgeranno il prossimo 28 maggio a Milano, all\u2019Anteo Pa","og_url":"https:\/\/cinema.video\/it\/il-prossimo-28-maggio-a-milano-allanteo-palazzo-del-cinema-gli-stati-generali-del-cinema-indipendente-evento-industry-organizzato-da-air3-associazione-italiana-registi","og_site_name":"Cinema &amp; Video International","article_publisher":"https:\/\/www.facebook.com\/CinemaVideoInternational\/","article_published_time":"2024-05-07T09:17:51+00:00","article_modified_time":"2026-04-10T02:05:15+00:00","og_image":[{"width":321,"height":183,"url":"https:\/\/cinema.video\/wp-content\/uploads\/2024\/05\/StatiGenerali_Cover_HQ.jpeg","type":"image\/jpeg"}],"author":"Redazione","twitter_card":"summary_large_image","twitter_misc":{"Scritto da":"Redazione","Tempo di lettura stimato":"2 minuti"},"schema":{"@context":"https:\/\/schema.org","@graph":[{"@type":"Article","@id":"https:\/\/cinema.video\/it\/il-prossimo-28-maggio-a-milano-allanteo-palazzo-del-cinema-gli-stati-generali-del-cinema-indipendente-evento-industry-organizzato-da-air3-associazione-italiana-registi#article","isPartOf":{"@id":"https:\/\/cinema.video\/it\/il-prossimo-28-maggio-a-milano-allanteo-palazzo-del-cinema-gli-stati-generali-del-cinema-indipendente-evento-industry-organizzato-da-air3-associazione-italiana-registi"},"author":{"name":"Redazione","@id":"https:\/\/cinema.video\/it#\/schema\/person\/aeb01b91d874e8b01e76a1db04c668c6"},"headline":"AIR 3 Il 28 maggio a Milano gli Stati Generali del Cinema Indipendente","datePublished":"2024-05-07T09:17:51+00:00","dateModified":"2026-04-10T02:05:15+00:00","mainEntityOfPage":{"@id":"https:\/\/cinema.video\/it\/il-prossimo-28-maggio-a-milano-allanteo-palazzo-del-cinema-gli-stati-generali-del-cinema-indipendente-evento-industry-organizzato-da-air3-associazione-italiana-registi"},"wordCount":195,"publisher":{"@id":"https:\/\/cinema.video\/it#organization"},"image":{"@id":"https:\/\/cinema.video\/it\/il-prossimo-28-maggio-a-milano-allanteo-palazzo-del-cinema-gli-stati-generali-del-cinema-indipendente-evento-industry-organizzato-da-air3-associazione-italiana-registi#primaryimage"},"thumbnailUrl":"https:\/\/cinema.video\/wp-content\/uploads\/2024\/05\/StatiGenerali_Cover_HQ.jpeg","keywords":["focus","LOMBARDIA FILM COMMISSION"],"articleSection":["INDUSTRY"],"inLanguage":"it-IT"},{"@type":"WebPage","@id":"https:\/\/cinema.video\/it\/il-prossimo-28-maggio-a-milano-allanteo-palazzo-del-cinema-gli-stati-generali-del-cinema-indipendente-evento-industry-organizzato-da-air3-associazione-italiana-registi","url":"https:\/\/cinema.video\/it\/il-prossimo-28-maggio-a-milano-allanteo-palazzo-del-cinema-gli-stati-generali-del-cinema-indipendente-evento-industry-organizzato-da-air3-associazione-italiana-registi","name":"AIR 3 Il 28 maggio a Milano gli Stati Generali del Cinema Indipendente - Cinema &amp; Video International","isPartOf":{"@id":"https:\/\/cinema.video\/it#website"},"primaryImageOfPage":{"@id":"https:\/\/cinema.video\/it\/il-prossimo-28-maggio-a-milano-allanteo-palazzo-del-cinema-gli-stati-generali-del-cinema-indipendente-evento-industry-organizzato-da-air3-associazione-italiana-registi#primaryimage"},"image":{"@id":"https:\/\/cinema.video\/it\/il-prossimo-28-maggio-a-milano-allanteo-palazzo-del-cinema-gli-stati-generali-del-cinema-indipendente-evento-industry-organizzato-da-air3-associazione-italiana-registi#primaryimage"},"thumbnailUrl":"https:\/\/cinema.video\/wp-content\/uploads\/2024\/05\/StatiGenerali_Cover_HQ.jpeg","datePublished":"2024-05-07T09:17:51+00:00","dateModified":"2026-04-10T02:05:15+00:00","description":"AIR 3 Il 28 maggio a Milano gli Stati Generali del Cinema Indipendente \u2013 air 3 il 28 maggio a. Si svolgeranno il prossimo 28 maggio a Milano, all\u2019Anteo Pa","breadcrumb":{"@id":"https:\/\/cinema.video\/it\/il-prossimo-28-maggio-a-milano-allanteo-palazzo-del-cinema-gli-stati-generali-del-cinema-indipendente-evento-industry-organizzato-da-air3-associazione-italiana-registi#breadcrumb"},"inLanguage":"it-IT","potentialAction":[{"@type":"ReadAction","target":["https:\/\/cinema.video\/it\/il-prossimo-28-maggio-a-milano-allanteo-palazzo-del-cinema-gli-stati-generali-del-cinema-indipendente-evento-industry-organizzato-da-air3-associazione-italiana-registi"]}]},{"@type":"ImageObject","inLanguage":"it-IT","@id":"https:\/\/cinema.video\/it\/il-prossimo-28-maggio-a-milano-allanteo-palazzo-del-cinema-gli-stati-generali-del-cinema-indipendente-evento-industry-organizzato-da-air3-associazione-italiana-registi#primaryimage","url":"https:\/\/cinema.video\/wp-content\/uploads\/2024\/05\/StatiGenerali_Cover_HQ.jpeg","contentUrl":"https:\/\/cinema.video\/wp-content\/uploads\/2024\/05\/StatiGenerali_Cover_HQ.jpeg","width":321,"height":183,"caption":"prossimo 28 maggio a Milano all\u2019Anteo Palazzo del Cinema gli Stati Generali del Cinema Indipendente - evento industry organizzato da AIR3"},{"@type":"BreadcrumbList","@id":"https:\/\/cinema.video\/it\/il-prossimo-28-maggio-a-milano-allanteo-palazzo-del-cinema-gli-stati-generali-del-cinema-indipendente-evento-industry-organizzato-da-air3-associazione-italiana-registi#breadcrumb","itemListElement":[{"@type":"ListItem","position":1,"name":"Home","item":"https:\/\/cinema.video\/it\/home-2"},{"@type":"ListItem","position":2,"name":"AIR 3 Il 28 maggio a Milano gli Stati Generali del Cinema Indipendente"}]},{"@type":"WebSite","@id":"https:\/\/cinema.video\/it#website","url":"https:\/\/cinema.video\/it","name":"Cinema & Video International","description":"Film &amp; Audiovisual Industry Trade Magazine","publisher":{"@id":"https:\/\/cinema.video\/it#organization"},"alternateName":"Cinema & Video","potentialAction":[{"@type":"SearchAction","target":{"@type":"EntryPoint","urlTemplate":"https:\/\/cinema.video\/it?s={search_term_string}"},"query-input":{"@type":"PropertyValueSpecification","valueRequired":true,"valueName":"search_term_string"}}],"inLanguage":"it-IT"},{"@type":"Organization","@id":"https:\/\/cinema.video\/it#organization","name":"Cinema & Video","url":"https:\/\/cinema.video\/it","logo":{"@type":"ImageObject","inLanguage":"it-IT","@id":"https:\/\/cinema.video\/it#\/schema\/logo\/image\/","url":"https:\/\/cinema.video\/wp-content\/uploads\/2026\/04\/CinemVideo_LogoBlack.png","contentUrl":"https:\/\/cinema.video\/wp-content\/uploads\/2026\/04\/CinemVideo_LogoBlack.png","width":1336,"height":224,"caption":"Cinema & Video"},"image":{"@id":"https:\/\/cinema.video\/it#\/schema\/logo\/image\/"},"sameAs":["https:\/\/www.facebook.com\/CinemaVideoInternational\/","https:\/\/www.instagram.com\/cinemaevideointernational\/","https:\/\/it.linkedin.com\/company\/cinema-video-international"],"description":"Media Consulting & Marketing Agency","email":"hello@darostudio.com","legalName":"DARO studio LLC","foundingDate":"2021-02-16","numberOfEmployees":{"@type":"QuantitativeValue","minValue":"1","maxValue":"10"}},{"@type":"Person","@id":"https:\/\/cinema.video\/it#\/schema\/person\/aeb01b91d874e8b01e76a1db04c668c6","name":"Redazione","image":{"@type":"ImageObject","inLanguage":"it-IT","@id":"https:\/\/secure.gravatar.com\/avatar\/06ad6f92eb14745b75fb592cadf8139d33242d81c9c8b085133c450aaf0b9731?s=96&d=mm&r=g","url":"https:\/\/secure.gravatar.com\/avatar\/06ad6f92eb14745b75fb592cadf8139d33242d81c9c8b085133c450aaf0b9731?s=96&d=mm&r=g","contentUrl":"https:\/\/secure.gravatar.com\/avatar\/06ad6f92eb14745b75fb592cadf8139d33242d81c9c8b085133c450aaf0b9731?s=96&d=mm&r=g","caption":"Redazione"},"url":"https:\/\/cinema.video\/it\/author\/redazione"}]}},"jetpack_featured_media_url":"https:\/\/cinema.video\/wp-content\/uploads\/2024\/05\/StatiGenerali_Cover_HQ.jpeg","jetpack_shortlink":"https:\/\/wp.me\/ph672m-1fho","_links":{"self":[{"href":"https:\/\/cinema.video\/it\/wp-json\/wp\/v2\/posts\/297066","targetHints":{"allow":["GET"]}}],"collection":[{"href":"https:\/\/cinema.video\/it\/wp-json\/wp\/v2\/posts"}],"about":[{"href":"https:\/\/cinema.video\/it\/wp-json\/wp\/v2\/types\/post"}],"author":[{"embeddable":true,"href":"https:\/\/cinema.video\/it\/wp-json\/wp\/v2\/users\/26"}],"replies":[{"embeddable":true,"href":"https:\/\/cinema.video\/it\/wp-json\/wp\/v2\/comments?post=297066"}],"version-history":[{"count":1,"href":"https:\/\/cinema.video\/it\/wp-json\/wp\/v2\/posts\/297066\/revisions"}],"predecessor-version":[{"id":309343,"href":"https:\/\/cinema.video\/it\/wp-json\/wp\/v2\/posts\/297066\/revisions\/309343"}],"wp:featuredmedia":[{"embeddable":true,"href":"https:\/\/cinema.video\/it\/wp-json\/wp\/v2\/media\/297067"}],"wp:attachment":[{"href":"https:\/\/cinema.video\/it\/wp-json\/wp\/v2\/media?parent=297066"}],"wp:term":[{"taxonomy":"category","embeddable":true,"href":"https:\/\/cinema.video\/it\/wp-json\/wp\/v2\/categories?post=297066"},{"taxonomy":"post_tag","embeddable":true,"href":"https:\/\/cinema.video\/it\/wp-json\/wp\/v2\/tags?post=297066"}],"curies":[{"name":"wp","href":"https:\/\/api.w.org\/{rel}","templated":true}]}}