{"id":296986,"date":"2024-04-10T13:17:25","date_gmt":"2024-04-10T11:17:25","guid":{"rendered":"https:\/\/cinema.video\/?p=296986"},"modified":"2026-04-10T04:05:06","modified_gmt":"2026-04-10T02:05:06","slug":"montagne-e-culture-il-nuovo-payoff-del-72-trento-film-festival-in-programma-dal-26-aprile-al-5-maggio","status":"publish","type":"post","link":"https:\/\/cinema.video\/it\/montagne-e-culture-il-nuovo-payoff-del-72-trento-film-festival-in-programma-dal-26-aprile-al-5-maggio","title":{"rendered":"MONTAGNE&#038;CULTURE In arrivo la 72\u00b0 edizione del Trento Film Festival"},"content":{"rendered":"\n<p class=\"wp-block-paragraph\"><em><strong>Montagne e Culture:<\/strong> <\/em>\u00e8 questa la nuova identit\u00e0, e il \u2018pay off\u2019\u00a0 del <strong>Trento Film Festival<\/strong><em>: \u201ca<\/em>l plurale, entrambe, perch\u00e9 tante sono le montagne del mondo, e ci piace pensare come addirittura infiniti i modi di guardare ad esse, di viverle e di interpretarle.\u201d Cos\u00ec, il presidente del festival, <strong>Mauro Leveghi<\/strong>, ha introdotto la 72\u00b0 edizione della kermesse trentina dedicata al cinema di montagna, diretto da <strong>Luana Bisesti<\/strong>, che si svolger\u00e0 dal 26 aprile al 5 maggio, portando 120 film e oltre 130 eventi.<\/p>\n\n\n\n<p class=\"wp-block-paragraph\">Il film d\u2019apertura sar\u00e0 <strong><em>Oura el-jbel (Dietro le montagne)<\/em><\/strong> del tunisino <strong>Mohamed Ben Attia<\/strong>: presentato in anteprima alla Mostra internazionale d&#8217;Arte Cinematografica di Venezia, \u00e8 la storia di un padre \u201cspeciale\u201d vista con gli occhi di suo figlio, in mezzo a montagne che hanno un che di magico.<\/p>\n\n\n\n<p class=\"wp-block-paragraph\">Quello di chiusura, <strong><em>Kinra-Motherland<\/em> <\/strong>di <strong>Marco Panatonik<\/strong> (Per\u00f9),vincitore dell\u2019Astor d\u2019oro come\u00a0 miglior film al Festival internazionale del cinema di Mar del Plata (Argentina), \u201cun racconto di formazione intenso nello scenario andino in trasformazione\u00bb, garantisce <strong>Mauro Gervasini, <\/strong>responsabile del programma cinematografico.<\/p>\n\n\n\n<figure class=\"wp-block-image size-large\"><img loading=\"lazy\" decoding=\"async\" width=\"1024\" height=\"427\" src=\"https:\/\/cinema.video\/wp-content\/uploads\/2024\/04\/TFF-2024-1640x924-1600x667-1-1024x427.jpg\" alt=\"\" class=\"wp-image-296989\" srcset=\"https:\/\/cinema.video\/wp-content\/uploads\/2024\/04\/TFF-2024-1640x924-1600x667-1.jpg 1024w, https:\/\/cinema.video\/wp-content\/uploads\/2024\/04\/TFF-2024-1640x924-1600x667-1.jpg 300w, https:\/\/cinema.video\/wp-content\/uploads\/2024\/04\/TFF-2024-1640x924-1600x667-1.jpg 768w, https:\/\/cinema.video\/wp-content\/uploads\/2024\/04\/TFF-2024-1640x924-1600x667-1.jpg 1536w, https:\/\/cinema.video\/wp-content\/uploads\/2024\/04\/TFF-2024-1640x924-1600x667-1.jpg 150w, https:\/\/cinema.video\/wp-content\/uploads\/2024\/04\/TFF-2024-1640x924-1600x667-1.jpg 696w, https:\/\/cinema.video\/wp-content\/uploads\/2024\/04\/TFF-2024-1640x924-1600x667-1.jpg 1068w, https:\/\/cinema.video\/wp-content\/uploads\/2024\/04\/TFF-2024-1640x924-1600x667-1.jpg 1007w, https:\/\/cinema.video\/wp-content\/uploads\/2024\/04\/TFF-2024-1640x924-1600x667-1.jpg 1600w, https:\/\/cinema.video\/wp-content\/uploads\/2024\/04\/TFF-2024-1640x924-1600x667-1.jpg 1392w\" sizes=\"auto, (max-width: 696px) 100vw, 696px\" \/><\/figure>\n\n\n\n<p class=\"wp-block-paragraph\">In mezzo,\u00a0 i film del <strong><em>Concorso internazionale<\/em> e <em>Alp&amp;Ism<\/em><\/strong>,: le due anime del festival, dedicate rispettivamente al racconto della montagna e all&#8217;avventura, e alla sfida agonistica che si fa esistenziale, trovano quest\u2019anno anche interessanti punti di contaminazione, in ben 7 titoli dedicati all\u2019alpinismo: fra questi, due arrivano dalla Valle d\u2019Aosta: <strong><em>Segnali di vita <\/em><\/strong>di <strong>Leandro Picarella<\/strong>, e il corto di animazione <strong><em>Api<\/em><\/strong> di <strong>Luca Ciriello<\/strong>, racconto dell\u2019estate in apecar di un gruppo di adolescenti valdostani. <br>Entrambi realizzati con il sostegno di <strong>Valle D\u2019Aosta Film Commission<\/strong>. E ancora, <strong><em>Marmolada &#8211; Madre roccia<\/em> <\/strong>di <strong>Cristiana Pecci e Matteo Maggi<\/strong> (Italia), che arriva a Trento in anteprima assoluta: una produzione Sky che racconta l&#8217;apertura di una nuova via sulla Marmolada, un&#8217;impresa umana prima che agonistica di quattro alpinisti eccezionali come Matteo Della Bordella, Massimo Faletti, Maurizio Giordani\u00a0e la giovanissima Iris Bielli.<\/p>\n\n\n\n<p class=\"wp-block-paragraph\">La Marmolada \u00e8 protagonista anche di un altro film, <strong><em>Marmolada 03.07.22<\/em><\/strong>, che racconta la tragedia del luglio 2022 dal punto di vista dei soccorritori. \u00c9 fra i 14 titoli di <em>Orizzonti vicini<\/em>, sezione dedicata alle produzioni del Trentino Alto Adige o ambientate in regione, in collaborazione con la <strong>Trentino Film Commission.\u00a0 <\/strong>Ci saranno anche <strong>Irene Dorigotti<\/strong>, con l&#8217;acclamato <strong><em>Across<\/em><\/strong>, e <strong>Manu Gerosa <\/strong>con il documentario <strong><em>Bambini di frontiera<\/em><\/strong>.<\/p>\n\n\n\n<p class=\"wp-block-paragraph\">\u00abQuest\u2019anno abbiamo provato ad intrecciare ancora di pi\u00f9 i tanti fili che dal 1952 ad oggi si snodano nei contenuti, nei linguaggi e nei format della rassegna\u00bb spiega<strong> <\/strong>Luana Bisesti. \u00abCinema e letteratura, documentario e <em>fiction<\/em>, alpinismo e racconto della montagna vissuta, arte e realt\u00e0, musica e silenzi\u2026 non vogliamo immaginarli come poli opposti, ma come elementi che si contaminano e si fondono in una rappresentazione corale delle montagne del mondo\u00bb.<\/p>\n\n\n\n<p class=\"wp-block-paragraph\">Un ampio spettro di proposte che si spalmano su oltre 40 locations.<\/p>\n\n\n\n<p class=\"wp-block-paragraph\">Fra queste, il <strong>Castello del Buonconsiglio<\/strong>, dove il filosofo <strong>Umberto Galimberti<\/strong>,\u00a0 in occasione del centenario dell\u2019istituzione Museo, parler\u00e0 al pubblico del significato nascosto dietro il motto <strong>&#8220;Conosci te stesso&#8221;<\/strong>, attualizzando il messaggio di questa celebre frase, che troviamo incisa nel cinquecentesco specchio marmoreo nella Loggia veneziana. L\u2019esplorazione di s\u00e9 e del proprio personale cambiamento sar\u00e0 anche al centro di uno dei pi\u00f9 attesi appuntamenti previsti nella rassegna <em>Cincontri<\/em>: quello con lo scrittore <strong>Erri De Luca<\/strong>, che rifletter\u00e0 \u2013 accompagnato da <strong>Fausto De Stefani<\/strong> \u2013 sul legame fra vecchiaia e frequentazione della montagna, fulcro del corto che lo vede protagonista, <strong><em>L\u2019et\u00e0 sperimentale<\/em>.<\/strong>\u00a0<\/p>\n\n\n\n<p class=\"wp-block-paragraph\"><strong>Reinhold Messner<\/strong>, protagonista della serata che celebrer\u00e0 i quarant\u2019anni dell\u2019impresa che nel 1984 lui e Hans Kammerlander compirono sul Gasherbrum I e II e che vedr\u00e0 la proiezione della versione restaurata dell\u2019edizione italiana del film <strong><em>La montagna lucente (Gasherbrum &#8211; Der leuchtende Berg) <\/em><\/strong>di <strong>Werner Herzog<\/strong> &#8211; in collaborazione con Enervit, VIGGO e Werner Herzog Film-, e <strong>Krzysztof Wielicki<\/strong>, conquistatore della prima ripetizione invernale dell&#8217;Everest, impresa che sar\u00e0 raccontata durante la presentazione del suo libro \u201c<em>In solitaria. La mia salita<\/em>\u201d (Corbaccio). Il restauro del <em>La montagna lucente <\/em>\u00e8 parte del programma delle Proiezioni Speciali, che prevede anche l&#8217;omaggio a <strong>Francesco Nuti <\/strong>con il suo film \u201cdi montagna\u201d <strong><em>Tutta colpa del paradiso.<\/em><\/strong><\/p>\n\n\n\n<figure class=\"wp-block-gallery has-nested-images columns-default is-cropped wp-block-gallery-1 is-layout-flex wp-block-gallery-is-layout-flex\">\n<figure class=\"wp-block-image size-full\"><img loading=\"lazy\" decoding=\"async\" width=\"320\" height=\"227\" data-id=\"296988\" src=\"https:\/\/cinema.video\/wp-content\/uploads\/2024\/04\/CFMN_FrancescoNuti_Paradiso_NF003.jpeg\" alt=\"\" class=\"wp-image-296988\" srcset=\"https:\/\/cinema.video\/wp-content\/uploads\/2024\/04\/CFMN_FrancescoNuti_Paradiso_NF003.jpeg 320w, https:\/\/cinema.video\/wp-content\/uploads\/2024\/04\/CFMN_FrancescoNuti_Paradiso_NF003.jpeg 300w, https:\/\/cinema.video\/wp-content\/uploads\/2024\/04\/CFMN_FrancescoNuti_Paradiso_NF003.jpeg 150w, https:\/\/cinema.video\/wp-content\/uploads\/2024\/04\/CFMN_FrancescoNuti_Paradiso_NF003.jpeg 100w\" sizes=\"auto, (max-width: 320px) 100vw, 320px\" \/><\/figure>\n<\/figure>\n\n\n\n<p class=\"wp-block-paragraph\"><\/p>\n\n\n\n<p class=\"wp-block-paragraph\">Il <strong>Museo Storico del Trentino<\/strong> sar\u00e0 protagonista dell\u2019incontro <strong><em>Irishness e dove trovarla<\/em><\/strong>,&nbsp; dove ci si interroga su come fa un Paese ad entrare nell\u2019immaginario collettivo?&nbsp;<\/p>\n\n\n\n<p class=\"wp-block-paragraph\">Parlando ovviamente di Irlanda, il paese a cui \u00e8 dedicata la seguitissima sezione <em>Destinazione\u2026<\/em> che si propone la scoperta dell\u2019<em>irishness<\/em>, tra cinema, letteratura e ovviamente musica, con <strong>Cisco<\/strong> dei <strong>Modena City Ramblers<\/strong> che suoner\u00e0 i successi di \u201cRiportando tutto a casa\u201d, a trent\u2019anni dall\u2019uscita dell\u2019album, dialogando con il giornalista radiofonico <strong>John Vignola<\/strong>.<\/p>\n\n\n\n<p class=\"wp-block-paragraph\">Molte le masterclass in programma, da un workshop dedicato alle animazioni di Hayao Miyazaki, in occasione dei cinquant\u2019anni di <em>Heidi<\/em>, fino alla lezione di <strong>Massimiliano Nocera<\/strong>, scenografo de <em>Le otto montagne<\/em>, passando per un laboratorio con <strong>Ludovica Basso<\/strong>, in arte <strong>Clorophilla<\/strong>, firma del manifesto ufficiale dell\u2019edizione.<\/p>\n\n\n\n<p class=\"wp-block-paragraph\">Non mancheranno le proposte del <em>T4Future<\/em>, la sezione del Festival dedicata alle nuove generazioni: un programma di proiezioni, laboratori e attivit\u00e0 pensato per favorire l\u2019educazione all\u2019immagine e promuovere tematiche legate allo sviluppo sostenibile, alla tutela dell\u2019ambiente e all\u2019educazione alla cittadinanza attiva, in collaborazione con tante realt\u00e0 del territorio. Tra i protagonisti, <strong>Davide Baldoni<\/strong>, diplomato all\u2019Accademia Disney e dal 1999 illustratore per Topolino, e il regista <strong>Enzo d\u2019Al\u00f2<\/strong>, che presenter\u00e0 il suo ultimo lungometraggio animato, <strong><em>Mary e lo spirito di mezzanotte<\/em><\/strong>.<\/p>\n\n\n\n<p class=\"wp-block-paragraph\">Fra le anteprime, in arrivo dai pi\u00f9 importanti festival internazionali di cinema, <strong><em>Gondola<\/em> <\/strong>di Veit Helmer (Germania), presentato al Tokyo International Film Festival \u00e8 una storia d&#8217;amore senza parole tra le \u201cgondole\u201d di una funivia in alta montagna, con un tocco alla Jacques Tati. <strong><em>Soudain seuls<\/em> <\/strong>di Thomas Bidegain (Francia), in anteprima italiana grazie alla in collaborazione con Institut Fran\u00e7ais Italia, un film di sopravvivenza in contesto estremo con due star francesi, M\u00e9lanie Thierry e Gilles Lellouche, girato dallo sceneggiatore storico di Jacques Audiard, autore di<em> Il profeta<\/em> e <em>The Sisters Brothers<\/em>, passato dietro la macchina da presa. <br>Arriva a Trento direttamente\u00a0 dalla Mostra internazionale d&#8217;Arte Cinematografica di Venezia <strong><em>Xue bao (Snow Leopard)<\/em><\/strong>, ultimo regalo di Pema Tseden, eccellente cineasta prematuramente scomparso. Quasi una fiaba tra le nevi perenni, seguendo il ritmo del battito animale del leopardo bianco. <br>Da Venezia anche <strong>Die <em>Theorie von allem (La teoria dell&#8217;universale)<\/em> <\/strong>di Timm Kr\u00f6ger (Germania), uno dei giovani registi europei di maggior talento: una specie di thriller metafisico tra Kafka e Fritz Lang, dove le Alpi svizzere sono cornice magnifica eppure inquietante. Infine <strong><em>Cuckoo<\/em> <\/strong>di Tilman Singer (Germania\/Usa) dalla Berlinale, anteprima italiana, \u00abun horror ambientato sulle Alpi, che assumono cos\u00ec l&#8217;aspetto di una prigione minacciosa. Originale e, finalmente, spaventoso\u00bb, garantisce Gervasini.<\/p>\n\n\n\n<p class=\"wp-block-paragraph\">Nella cornice di <strong>Palazzo Roccabruna,<\/strong> l\u2019iniziativa, organizzata con <strong>Trentino Marketing, <\/strong>dedicata al <em>Sentiero della Pace<\/em>, con la presentazione dell\u2019omonimo progetto che mira al rilancio e alla valorizzazione del percorso di oltre 500 km che si sviluppa lungo il fronte della Grande guerra in Trentino, dallo Stelvio alla Marmolada. L\u2019iniziativa \u00e8 stata avviata da Trentino Marketing e dalla Provincia autonoma di Trento attraverso la rimappatura del tracciato effettuata nell\u2019estate 2023 dall\u2019Associazione Va\u2019 Sentiero.<\/p>\n","protected":false},"excerpt":{"rendered":"<p>Montagne e Culture: il nuovo payoff del 72\u00b0 Trento Film Festival in programma dal 26 aprile al 5 maggio. Apre &#8220;Dietro le montagne&#8221; di  Mohamed Ben Attia. La versione restaurata de &#8220;La montagna lucente&#8221; di Herzog. L&#8217;omaggio a Francesco Nuti<\/p>\n","protected":false},"author":2,"featured_media":296987,"comment_status":"closed","ping_status":"closed","sticky":false,"template":"","format":"standard","meta":{"googlesitekit_rrm_CAow3e7fCw:productID":"","_crdt_document":"","footnotes":""},"categories":[189],"tags":[2334,393],"class_list":{"0":"post-296986","1":"post","2":"type-post","3":"status-publish","4":"format-standard","5":"has-post-thumbnail","7":"category-events","8":"tag-events","9":"tag-trentino-film-commission"},"yoast_head":"<!-- This site is optimized with the Yoast SEO Premium plugin v27.4 (Yoast SEO v27.5) - https:\/\/yoast.com\/product\/yoast-seo-premium-wordpress\/ -->\n<title>MONTAGNE&amp;CULTURE In arrivo la 72\u00b0 edizione del Trento Film Festival - Cinema &amp; Video International<\/title>\n<meta name=\"description\" content=\"MONTAGNE&amp;CULTURE In arrivo la 72\u00b0 edizione del Trento Film Festival \u2013 montagneculture in arrivo la 72 edizione. Montagne e Culture: \u00e8 questa la nuova iden\" \/>\n<meta name=\"robots\" content=\"index, follow, max-snippet:-1, max-image-preview:large, max-video-preview:-1\" \/>\n<link rel=\"canonical\" href=\"https:\/\/cinema.video\/it\/montagne-e-culture-il-nuovo-payoff-del-72-trento-film-festival-in-programma-dal-26-aprile-al-5-maggio\" \/>\n<meta property=\"og:locale\" content=\"it_IT\" \/>\n<meta property=\"og:type\" content=\"article\" \/>\n<meta property=\"og:title\" content=\"MONTAGNE&amp;CULTURE In arrivo la 72\u00b0 edizione del Trento Film Festival\" \/>\n<meta property=\"og:description\" content=\"MONTAGNE&amp;CULTURE In arrivo la 72\u00b0 edizione del Trento Film Festival \u2013 montagneculture in arrivo la 72 edizione. Montagne e Culture: \u00e8 questa la nuova iden\" \/>\n<meta property=\"og:url\" content=\"https:\/\/cinema.video\/it\/montagne-e-culture-il-nuovo-payoff-del-72-trento-film-festival-in-programma-dal-26-aprile-al-5-maggio\" \/>\n<meta property=\"og:site_name\" content=\"Cinema &amp; Video International\" \/>\n<meta property=\"article:publisher\" content=\"https:\/\/www.facebook.com\/CinemaVideoInternational\/\" \/>\n<meta property=\"article:published_time\" content=\"2024-04-10T11:17:25+00:00\" \/>\n<meta property=\"article:modified_time\" content=\"2026-04-10T02:05:06+00:00\" \/>\n<meta property=\"og:image\" content=\"https:\/\/cinema.video\/wp-content\/uploads\/2024\/04\/LA-MONTAGNA-LUCENTE-_-26_021-_-W.-HERZOG-E-R.-MESSNER-e1712736544699.jpg\" \/>\n\t<meta property=\"og:image:width\" content=\"800\" \/>\n\t<meta property=\"og:image:height\" content=\"547\" \/>\n\t<meta property=\"og:image:type\" content=\"image\/jpeg\" \/>\n<meta name=\"author\" content=\"Carolina Mancini\" \/>\n<meta name=\"twitter:card\" content=\"summary_large_image\" \/>\n<meta name=\"twitter:label1\" content=\"Scritto da\" \/>\n\t<meta name=\"twitter:data1\" content=\"Carolina Mancini\" \/>\n\t<meta name=\"twitter:label2\" content=\"Tempo di lettura stimato\" \/>\n\t<meta name=\"twitter:data2\" content=\"7 minuti\" \/>\n<script type=\"application\/ld+json\" class=\"yoast-schema-graph\">{\"@context\":\"https:\\\/\\\/schema.org\",\"@graph\":[{\"@type\":\"Article\",\"@id\":\"https:\\\/\\\/cinema.video\\\/it\\\/montagne-e-culture-il-nuovo-payoff-del-72-trento-film-festival-in-programma-dal-26-aprile-al-5-maggio#article\",\"isPartOf\":{\"@id\":\"https:\\\/\\\/cinema.video\\\/it\\\/montagne-e-culture-il-nuovo-payoff-del-72-trento-film-festival-in-programma-dal-26-aprile-al-5-maggio\"},\"author\":{\"name\":\"Carolina Mancini\",\"@id\":\"https:\\\/\\\/cinema.video\\\/it#\\\/schema\\\/person\\\/d5479fad8d0f2360000eb4aab6bb6e5d\"},\"headline\":\"MONTAGNE&#038;CULTURE In arrivo la 72\u00b0 edizione del Trento Film Festival\",\"datePublished\":\"2024-04-10T11:17:25+00:00\",\"dateModified\":\"2026-04-10T02:05:06+00:00\",\"mainEntityOfPage\":{\"@id\":\"https:\\\/\\\/cinema.video\\\/it\\\/montagne-e-culture-il-nuovo-payoff-del-72-trento-film-festival-in-programma-dal-26-aprile-al-5-maggio\"},\"wordCount\":1197,\"publisher\":{\"@id\":\"https:\\\/\\\/cinema.video\\\/it#organization\"},\"image\":{\"@id\":\"https:\\\/\\\/cinema.video\\\/it\\\/montagne-e-culture-il-nuovo-payoff-del-72-trento-film-festival-in-programma-dal-26-aprile-al-5-maggio#primaryimage\"},\"thumbnailUrl\":\"https:\\\/\\\/cinema.video\\\/wp-content\\\/uploads\\\/2024\\\/04\\\/LA-MONTAGNA-LUCENTE-_-26_021-_-W.-HERZOG-E-R.-MESSNER-e1712736544699.jpg\",\"keywords\":[\"EVENTS\",\"TRENTINO FILM COMMISSION\"],\"articleSection\":[\"EVENTS\"],\"inLanguage\":\"it-IT\"},{\"@type\":\"WebPage\",\"@id\":\"https:\\\/\\\/cinema.video\\\/it\\\/montagne-e-culture-il-nuovo-payoff-del-72-trento-film-festival-in-programma-dal-26-aprile-al-5-maggio\",\"url\":\"https:\\\/\\\/cinema.video\\\/it\\\/montagne-e-culture-il-nuovo-payoff-del-72-trento-film-festival-in-programma-dal-26-aprile-al-5-maggio\",\"name\":\"MONTAGNE&CULTURE In arrivo la 72\u00b0 edizione del Trento Film Festival - Cinema &amp; Video International\",\"isPartOf\":{\"@id\":\"https:\\\/\\\/cinema.video\\\/it#website\"},\"primaryImageOfPage\":{\"@id\":\"https:\\\/\\\/cinema.video\\\/it\\\/montagne-e-culture-il-nuovo-payoff-del-72-trento-film-festival-in-programma-dal-26-aprile-al-5-maggio#primaryimage\"},\"image\":{\"@id\":\"https:\\\/\\\/cinema.video\\\/it\\\/montagne-e-culture-il-nuovo-payoff-del-72-trento-film-festival-in-programma-dal-26-aprile-al-5-maggio#primaryimage\"},\"thumbnailUrl\":\"https:\\\/\\\/cinema.video\\\/wp-content\\\/uploads\\\/2024\\\/04\\\/LA-MONTAGNA-LUCENTE-_-26_021-_-W.-HERZOG-E-R.-MESSNER-e1712736544699.jpg\",\"datePublished\":\"2024-04-10T11:17:25+00:00\",\"dateModified\":\"2026-04-10T02:05:06+00:00\",\"description\":\"MONTAGNE&CULTURE In arrivo la 72\u00b0 edizione del Trento Film Festival \u2013 montagneculture in arrivo la 72 edizione. Montagne e Culture: \u00e8 questa la nuova iden\",\"breadcrumb\":{\"@id\":\"https:\\\/\\\/cinema.video\\\/it\\\/montagne-e-culture-il-nuovo-payoff-del-72-trento-film-festival-in-programma-dal-26-aprile-al-5-maggio#breadcrumb\"},\"inLanguage\":\"it-IT\",\"potentialAction\":[{\"@type\":\"ReadAction\",\"target\":[\"https:\\\/\\\/cinema.video\\\/it\\\/montagne-e-culture-il-nuovo-payoff-del-72-trento-film-festival-in-programma-dal-26-aprile-al-5-maggio\"]}]},{\"@type\":\"ImageObject\",\"inLanguage\":\"it-IT\",\"@id\":\"https:\\\/\\\/cinema.video\\\/it\\\/montagne-e-culture-il-nuovo-payoff-del-72-trento-film-festival-in-programma-dal-26-aprile-al-5-maggio#primaryimage\",\"url\":\"https:\\\/\\\/cinema.video\\\/wp-content\\\/uploads\\\/2024\\\/04\\\/LA-MONTAGNA-LUCENTE-_-26_021-_-W.-HERZOG-E-R.-MESSNER-e1712736544699.jpg\",\"contentUrl\":\"https:\\\/\\\/cinema.video\\\/wp-content\\\/uploads\\\/2024\\\/04\\\/LA-MONTAGNA-LUCENTE-_-26_021-_-W.-HERZOG-E-R.-MESSNER-e1712736544699.jpg\",\"width\":800,\"height\":547,\"caption\":\"\u00a9 1984 Werner Herzog Film GmbH. Tutti i diritti riservati.\"},{\"@type\":\"BreadcrumbList\",\"@id\":\"https:\\\/\\\/cinema.video\\\/it\\\/montagne-e-culture-il-nuovo-payoff-del-72-trento-film-festival-in-programma-dal-26-aprile-al-5-maggio#breadcrumb\",\"itemListElement\":[{\"@type\":\"ListItem\",\"position\":1,\"name\":\"Home\",\"item\":\"https:\\\/\\\/cinema.video\\\/it\\\/home-2\"},{\"@type\":\"ListItem\",\"position\":2,\"name\":\"MONTAGNE&#038;CULTURE In arrivo la 72\u00b0 edizione del Trento Film Festival\"}]},{\"@type\":\"WebSite\",\"@id\":\"https:\\\/\\\/cinema.video\\\/it#website\",\"url\":\"https:\\\/\\\/cinema.video\\\/it\",\"name\":\"Cinema & Video International\",\"description\":\"Film &amp; Audiovisual Industry Trade Magazine\",\"publisher\":{\"@id\":\"https:\\\/\\\/cinema.video\\\/it#organization\"},\"alternateName\":\"Cinema & Video\",\"potentialAction\":[{\"@type\":\"SearchAction\",\"target\":{\"@type\":\"EntryPoint\",\"urlTemplate\":\"https:\\\/\\\/cinema.video\\\/it?s={search_term_string}\"},\"query-input\":{\"@type\":\"PropertyValueSpecification\",\"valueRequired\":true,\"valueName\":\"search_term_string\"}}],\"inLanguage\":\"it-IT\"},{\"@type\":\"Organization\",\"@id\":\"https:\\\/\\\/cinema.video\\\/it#organization\",\"name\":\"Cinema & Video\",\"url\":\"https:\\\/\\\/cinema.video\\\/it\",\"logo\":{\"@type\":\"ImageObject\",\"inLanguage\":\"it-IT\",\"@id\":\"https:\\\/\\\/cinema.video\\\/it#\\\/schema\\\/logo\\\/image\\\/\",\"url\":\"https:\\\/\\\/cinema.video\\\/wp-content\\\/uploads\\\/2026\\\/04\\\/CinemVideo_LogoBlack.png\",\"contentUrl\":\"https:\\\/\\\/cinema.video\\\/wp-content\\\/uploads\\\/2026\\\/04\\\/CinemVideo_LogoBlack.png\",\"width\":1336,\"height\":224,\"caption\":\"Cinema & Video\"},\"image\":{\"@id\":\"https:\\\/\\\/cinema.video\\\/it#\\\/schema\\\/logo\\\/image\\\/\"},\"sameAs\":[\"https:\\\/\\\/www.facebook.com\\\/CinemaVideoInternational\\\/\",\"https:\\\/\\\/www.instagram.com\\\/cinemaevideointernational\\\/\",\"https:\\\/\\\/it.linkedin.com\\\/company\\\/cinema-video-international\"],\"description\":\"Media Consulting & Marketing Agency\",\"email\":\"hello@darostudio.com\",\"legalName\":\"DARO studio LLC\",\"foundingDate\":\"2021-02-16\",\"numberOfEmployees\":{\"@type\":\"QuantitativeValue\",\"minValue\":\"1\",\"maxValue\":\"10\"}},{\"@type\":\"Person\",\"@id\":\"https:\\\/\\\/cinema.video\\\/it#\\\/schema\\\/person\\\/d5479fad8d0f2360000eb4aab6bb6e5d\",\"name\":\"Carolina Mancini\",\"image\":{\"@type\":\"ImageObject\",\"inLanguage\":\"it-IT\",\"@id\":\"https:\\\/\\\/secure.gravatar.com\\\/avatar\\\/d4758965c5e8730dbaaa7131a628547771a26c1e5bf14fe323d96f8246a62baf?s=96&d=mm&r=g\",\"url\":\"https:\\\/\\\/secure.gravatar.com\\\/avatar\\\/d4758965c5e8730dbaaa7131a628547771a26c1e5bf14fe323d96f8246a62baf?s=96&d=mm&r=g\",\"contentUrl\":\"https:\\\/\\\/secure.gravatar.com\\\/avatar\\\/d4758965c5e8730dbaaa7131a628547771a26c1e5bf14fe323d96f8246a62baf?s=96&d=mm&r=g\",\"caption\":\"Carolina Mancini\"},\"url\":\"https:\\\/\\\/cinema.video\\\/it\\\/author\\\/carolin\"}]}<\/script>\n<!-- \/ Yoast SEO Premium plugin. -->","yoast_head_json":{"title":"MONTAGNE&CULTURE In arrivo la 72\u00b0 edizione del Trento Film Festival - Cinema &amp; Video International","description":"MONTAGNE&CULTURE In arrivo la 72\u00b0 edizione del Trento Film Festival \u2013 montagneculture in arrivo la 72 edizione. Montagne e Culture: \u00e8 questa la nuova iden","robots":{"index":"index","follow":"follow","max-snippet":"max-snippet:-1","max-image-preview":"max-image-preview:large","max-video-preview":"max-video-preview:-1"},"canonical":"https:\/\/cinema.video\/it\/montagne-e-culture-il-nuovo-payoff-del-72-trento-film-festival-in-programma-dal-26-aprile-al-5-maggio","og_locale":"it_IT","og_type":"article","og_title":"MONTAGNE&CULTURE In arrivo la 72\u00b0 edizione del Trento Film Festival","og_description":"MONTAGNE&CULTURE In arrivo la 72\u00b0 edizione del Trento Film Festival \u2013 montagneculture in arrivo la 72 edizione. Montagne e Culture: \u00e8 questa la nuova iden","og_url":"https:\/\/cinema.video\/it\/montagne-e-culture-il-nuovo-payoff-del-72-trento-film-festival-in-programma-dal-26-aprile-al-5-maggio","og_site_name":"Cinema &amp; Video International","article_publisher":"https:\/\/www.facebook.com\/CinemaVideoInternational\/","article_published_time":"2024-04-10T11:17:25+00:00","article_modified_time":"2026-04-10T02:05:06+00:00","og_image":[{"width":800,"height":547,"url":"https:\/\/cinema.video\/wp-content\/uploads\/2024\/04\/LA-MONTAGNA-LUCENTE-_-26_021-_-W.-HERZOG-E-R.-MESSNER-e1712736544699.jpg","type":"image\/jpeg"}],"author":"Carolina Mancini","twitter_card":"summary_large_image","twitter_misc":{"Scritto da":"Carolina Mancini","Tempo di lettura stimato":"7 minuti"},"schema":{"@context":"https:\/\/schema.org","@graph":[{"@type":"Article","@id":"https:\/\/cinema.video\/it\/montagne-e-culture-il-nuovo-payoff-del-72-trento-film-festival-in-programma-dal-26-aprile-al-5-maggio#article","isPartOf":{"@id":"https:\/\/cinema.video\/it\/montagne-e-culture-il-nuovo-payoff-del-72-trento-film-festival-in-programma-dal-26-aprile-al-5-maggio"},"author":{"name":"Carolina Mancini","@id":"https:\/\/cinema.video\/it#\/schema\/person\/d5479fad8d0f2360000eb4aab6bb6e5d"},"headline":"MONTAGNE&#038;CULTURE In arrivo la 72\u00b0 edizione del Trento Film Festival","datePublished":"2024-04-10T11:17:25+00:00","dateModified":"2026-04-10T02:05:06+00:00","mainEntityOfPage":{"@id":"https:\/\/cinema.video\/it\/montagne-e-culture-il-nuovo-payoff-del-72-trento-film-festival-in-programma-dal-26-aprile-al-5-maggio"},"wordCount":1197,"publisher":{"@id":"https:\/\/cinema.video\/it#organization"},"image":{"@id":"https:\/\/cinema.video\/it\/montagne-e-culture-il-nuovo-payoff-del-72-trento-film-festival-in-programma-dal-26-aprile-al-5-maggio#primaryimage"},"thumbnailUrl":"https:\/\/cinema.video\/wp-content\/uploads\/2024\/04\/LA-MONTAGNA-LUCENTE-_-26_021-_-W.-HERZOG-E-R.-MESSNER-e1712736544699.jpg","keywords":["EVENTS","TRENTINO FILM COMMISSION"],"articleSection":["EVENTS"],"inLanguage":"it-IT"},{"@type":"WebPage","@id":"https:\/\/cinema.video\/it\/montagne-e-culture-il-nuovo-payoff-del-72-trento-film-festival-in-programma-dal-26-aprile-al-5-maggio","url":"https:\/\/cinema.video\/it\/montagne-e-culture-il-nuovo-payoff-del-72-trento-film-festival-in-programma-dal-26-aprile-al-5-maggio","name":"MONTAGNE&CULTURE In arrivo la 72\u00b0 edizione del Trento Film Festival - Cinema &amp; Video International","isPartOf":{"@id":"https:\/\/cinema.video\/it#website"},"primaryImageOfPage":{"@id":"https:\/\/cinema.video\/it\/montagne-e-culture-il-nuovo-payoff-del-72-trento-film-festival-in-programma-dal-26-aprile-al-5-maggio#primaryimage"},"image":{"@id":"https:\/\/cinema.video\/it\/montagne-e-culture-il-nuovo-payoff-del-72-trento-film-festival-in-programma-dal-26-aprile-al-5-maggio#primaryimage"},"thumbnailUrl":"https:\/\/cinema.video\/wp-content\/uploads\/2024\/04\/LA-MONTAGNA-LUCENTE-_-26_021-_-W.-HERZOG-E-R.-MESSNER-e1712736544699.jpg","datePublished":"2024-04-10T11:17:25+00:00","dateModified":"2026-04-10T02:05:06+00:00","description":"MONTAGNE&CULTURE In arrivo la 72\u00b0 edizione del Trento Film Festival \u2013 montagneculture in arrivo la 72 edizione. Montagne e Culture: \u00e8 questa la nuova iden","breadcrumb":{"@id":"https:\/\/cinema.video\/it\/montagne-e-culture-il-nuovo-payoff-del-72-trento-film-festival-in-programma-dal-26-aprile-al-5-maggio#breadcrumb"},"inLanguage":"it-IT","potentialAction":[{"@type":"ReadAction","target":["https:\/\/cinema.video\/it\/montagne-e-culture-il-nuovo-payoff-del-72-trento-film-festival-in-programma-dal-26-aprile-al-5-maggio"]}]},{"@type":"ImageObject","inLanguage":"it-IT","@id":"https:\/\/cinema.video\/it\/montagne-e-culture-il-nuovo-payoff-del-72-trento-film-festival-in-programma-dal-26-aprile-al-5-maggio#primaryimage","url":"https:\/\/cinema.video\/wp-content\/uploads\/2024\/04\/LA-MONTAGNA-LUCENTE-_-26_021-_-W.-HERZOG-E-R.-MESSNER-e1712736544699.jpg","contentUrl":"https:\/\/cinema.video\/wp-content\/uploads\/2024\/04\/LA-MONTAGNA-LUCENTE-_-26_021-_-W.-HERZOG-E-R.-MESSNER-e1712736544699.jpg","width":800,"height":547,"caption":"\u00a9 1984 Werner Herzog Film GmbH. Tutti i diritti riservati."},{"@type":"BreadcrumbList","@id":"https:\/\/cinema.video\/it\/montagne-e-culture-il-nuovo-payoff-del-72-trento-film-festival-in-programma-dal-26-aprile-al-5-maggio#breadcrumb","itemListElement":[{"@type":"ListItem","position":1,"name":"Home","item":"https:\/\/cinema.video\/it\/home-2"},{"@type":"ListItem","position":2,"name":"MONTAGNE&#038;CULTURE In arrivo la 72\u00b0 edizione del Trento Film Festival"}]},{"@type":"WebSite","@id":"https:\/\/cinema.video\/it#website","url":"https:\/\/cinema.video\/it","name":"Cinema & Video International","description":"Film &amp; Audiovisual Industry Trade Magazine","publisher":{"@id":"https:\/\/cinema.video\/it#organization"},"alternateName":"Cinema & Video","potentialAction":[{"@type":"SearchAction","target":{"@type":"EntryPoint","urlTemplate":"https:\/\/cinema.video\/it?s={search_term_string}"},"query-input":{"@type":"PropertyValueSpecification","valueRequired":true,"valueName":"search_term_string"}}],"inLanguage":"it-IT"},{"@type":"Organization","@id":"https:\/\/cinema.video\/it#organization","name":"Cinema & Video","url":"https:\/\/cinema.video\/it","logo":{"@type":"ImageObject","inLanguage":"it-IT","@id":"https:\/\/cinema.video\/it#\/schema\/logo\/image\/","url":"https:\/\/cinema.video\/wp-content\/uploads\/2026\/04\/CinemVideo_LogoBlack.png","contentUrl":"https:\/\/cinema.video\/wp-content\/uploads\/2026\/04\/CinemVideo_LogoBlack.png","width":1336,"height":224,"caption":"Cinema & Video"},"image":{"@id":"https:\/\/cinema.video\/it#\/schema\/logo\/image\/"},"sameAs":["https:\/\/www.facebook.com\/CinemaVideoInternational\/","https:\/\/www.instagram.com\/cinemaevideointernational\/","https:\/\/it.linkedin.com\/company\/cinema-video-international"],"description":"Media Consulting & Marketing Agency","email":"hello@darostudio.com","legalName":"DARO studio LLC","foundingDate":"2021-02-16","numberOfEmployees":{"@type":"QuantitativeValue","minValue":"1","maxValue":"10"}},{"@type":"Person","@id":"https:\/\/cinema.video\/it#\/schema\/person\/d5479fad8d0f2360000eb4aab6bb6e5d","name":"Carolina Mancini","image":{"@type":"ImageObject","inLanguage":"it-IT","@id":"https:\/\/secure.gravatar.com\/avatar\/d4758965c5e8730dbaaa7131a628547771a26c1e5bf14fe323d96f8246a62baf?s=96&d=mm&r=g","url":"https:\/\/secure.gravatar.com\/avatar\/d4758965c5e8730dbaaa7131a628547771a26c1e5bf14fe323d96f8246a62baf?s=96&d=mm&r=g","contentUrl":"https:\/\/secure.gravatar.com\/avatar\/d4758965c5e8730dbaaa7131a628547771a26c1e5bf14fe323d96f8246a62baf?s=96&d=mm&r=g","caption":"Carolina Mancini"},"url":"https:\/\/cinema.video\/it\/author\/carolin"}]}},"jetpack_featured_media_url":"https:\/\/cinema.video\/wp-content\/uploads\/2024\/04\/LA-MONTAGNA-LUCENTE-_-26_021-_-W.-HERZOG-E-R.-MESSNER-e1712736544699.jpg","jetpack_shortlink":"https:\/\/wp.me\/ph672m-1fg6","_links":{"self":[{"href":"https:\/\/cinema.video\/it\/wp-json\/wp\/v2\/posts\/296986","targetHints":{"allow":["GET"]}}],"collection":[{"href":"https:\/\/cinema.video\/it\/wp-json\/wp\/v2\/posts"}],"about":[{"href":"https:\/\/cinema.video\/it\/wp-json\/wp\/v2\/types\/post"}],"author":[{"embeddable":true,"href":"https:\/\/cinema.video\/it\/wp-json\/wp\/v2\/users\/2"}],"replies":[{"embeddable":true,"href":"https:\/\/cinema.video\/it\/wp-json\/wp\/v2\/comments?post=296986"}],"version-history":[{"count":2,"href":"https:\/\/cinema.video\/it\/wp-json\/wp\/v2\/posts\/296986\/revisions"}],"predecessor-version":[{"id":309329,"href":"https:\/\/cinema.video\/it\/wp-json\/wp\/v2\/posts\/296986\/revisions\/309329"}],"wp:featuredmedia":[{"embeddable":true,"href":"https:\/\/cinema.video\/it\/wp-json\/wp\/v2\/media\/296987"}],"wp:attachment":[{"href":"https:\/\/cinema.video\/it\/wp-json\/wp\/v2\/media?parent=296986"}],"wp:term":[{"taxonomy":"category","embeddable":true,"href":"https:\/\/cinema.video\/it\/wp-json\/wp\/v2\/categories?post=296986"},{"taxonomy":"post_tag","embeddable":true,"href":"https:\/\/cinema.video\/it\/wp-json\/wp\/v2\/tags?post=296986"}],"curies":[{"name":"wp","href":"https:\/\/api.w.org\/{rel}","templated":true}]}}