{"id":296930,"date":"2024-04-04T18:16:37","date_gmt":"2024-04-04T16:16:37","guid":{"rendered":"https:\/\/cinema.video\/?p=296930"},"modified":"2026-04-10T04:05:03","modified_gmt":"2026-04-10T02:05:03","slug":"lea-seydoux-vincent-lindon-e-louis-garrel-entrano-nel-bizzarro-universo-di-quentin-dupieux-ne-le-deuxieme-acte-la-commedia-sara-presentata-in-apertura-del-77-festival","status":"publish","type":"post","link":"https:\/\/cinema.video\/it\/lea-seydoux-vincent-lindon-e-louis-garrel-entrano-nel-bizzarro-universo-di-quentin-dupieux-ne-le-deuxieme-acte-la-commedia-sara-presentata-in-apertura-del-77-festival","title":{"rendered":"Le Deuxi\u00e8me Acte il bizzarro mondo di Dupieux apre la 77\u00b0 edizione"},"content":{"rendered":"\n<p class=\"wp-block-paragraph\"><strong>L\u00e9a Seydoux<\/strong>,\u00a0<strong>Vincent Lindon<\/strong>\u00a0e\u00a0<strong>Louis Garrel<\/strong>\u00a0entrano nel bizzarro universo di <strong>Quentin Dupieux<\/strong> in <em><strong>Le Deuxi\u00e8me Acte<\/strong><\/em>\u00a0(<em><strong>The Second Act<\/strong><\/em>):\u00a0il nuovo film del prolifico regista francese che ha fatto dell&#8217;assurdo la sua cifra,  sar\u00e0 presentato in anteprima mondiale <em>Fuori Concorso<\/em> in apertura del <strong>77\u00b0 Festival di Cannes<\/strong>, il prossimo 14 maggio.<\/p>\n\n\n\n<p class=\"wp-block-paragraph\"><em>The Second Act<\/em> \u00e8 una commedia in quattro parti, nuova  mise en abyme sulla recitazione, tema gi\u00e0 centrale in \u00a0<em>Daaaaaali!<\/em> e\u00a0<em>Yannick, <\/em>presentato l&#8217;anno passato in Concorso  al Festival di Locarno<em>.<\/em><\/p>\n\n\n\n<p class=\"wp-block-paragraph\">Sempre Fuori Concorso, nella Selezione Ufficiale di Cannes 2022, era stato presentato il suo <em>Smoking Causes Coughing\u00a0<\/em>di cui era interprete\u00a0<strong>Rapha\u00ebl Quenard<\/strong>, gi\u00e0 visto anche in \u00a0\u00a0<em>Mandibles<\/em> e\u00a0<em>Yannick<\/em>, e che fa parte del cast anche de <em>Le Deuxi\u00e8me Acte<\/em>.\u00a0 <\/p>\n\n\n\n<p class=\"wp-block-paragraph\">Le star del film saranno sul Red Carpet assieme ad altri celebri rappresentanti del cinema francese contemporaneo, appartenenti anche alla &#8216;costellazione di Dupieux&#8217;. Fra questi:  Alain Chabat, Beno\u00eet Poelvoorde, Jean Dujardin, Ad\u00e8le Exarchopoulos, L\u00e9a Drucker, Beno\u00eet Magimel, Ana\u00efs Demoustier, Vincent Lacoste, Gilles Lellouche, \u00c9douard Baer, e Pio Marma\u00ef.<\/p>\n\n\n\n<p class=\"wp-block-paragraph\"><\/p>\n","protected":false},"excerpt":{"rendered":"<p>L\u00e9a Seydoux,\u00a0Vincent Lindon\u00a0e\u00a0Louis Garrel\u00a0entrano nel bizzarro universo di Quentin Dupieux in Le Deuxi\u00e8me Acte\u00a0(The Second Act):\u00a0il nuovo film del prolifico regista francese che ha fatto dell&#8217;assurdo la sua cifra,  sar\u00e0 presentato in anteprima mondiale Fuori Concorso in apertura del 77\u00b0 Festival di Cannes, il prossimo 14 maggio.<\/p>\n","protected":false},"author":26,"featured_media":296931,"comment_status":"closed","ping_status":"closed","sticky":false,"template":"","format":"standard","meta":{"googlesitekit_rrm_CAow3e7fCw:productID":"","_crdt_document":"","footnotes":""},"categories":[1],"tags":[356],"class_list":{"0":"post-296930","1":"post","2":"type-post","3":"status-publish","4":"format-standard","5":"has-post-thumbnail","7":"category-senza-categoria","8":"tag-focus"},"yoast_head":"<!-- This site is optimized with the Yoast SEO Premium plugin v27.4 (Yoast SEO v27.5) - https:\/\/yoast.com\/product\/yoast-seo-premium-wordpress\/ -->\n<title>Le Deuxi\u00e8me Acte il bizzarro mondo di Dupieux apre la 77\u00b0 edizione - Cinema &amp; Video International<\/title>\n<meta name=\"description\" content=\"Le Deuxi\u00e8me Acte il bizzarro mondo di Dupieux apre la 77\u00b0 edizione \u2013 le deuxime acte il bizzarro mondo. L\u00e9a Seydoux,\u00a0Vincent Lindon\u00a0e\u00a0Louis Garrel\u00a0entrano\" \/>\n<meta name=\"robots\" content=\"index, follow, max-snippet:-1, max-image-preview:large, max-video-preview:-1\" \/>\n<link rel=\"canonical\" href=\"https:\/\/cinema.video\/it\/lea-seydoux-vincent-lindon-e-louis-garrel-entrano-nel-bizzarro-universo-di-quentin-dupieux-ne-le-deuxieme-acte-la-commedia-sara-presentata-in-apertura-del-77-festival\" \/>\n<meta property=\"og:locale\" content=\"it_IT\" \/>\n<meta property=\"og:type\" content=\"article\" \/>\n<meta property=\"og:title\" content=\"Le Deuxi\u00e8me Acte il bizzarro mondo di Dupieux apre la 77\u00b0 edizione\" \/>\n<meta property=\"og:description\" content=\"Le Deuxi\u00e8me Acte il bizzarro mondo di Dupieux apre la 77\u00b0 edizione \u2013 le deuxime acte il bizzarro mondo. L\u00e9a Seydoux,\u00a0Vincent Lindon\u00a0e\u00a0Louis Garrel\u00a0entrano\" \/>\n<meta property=\"og:url\" content=\"https:\/\/cinema.video\/it\/lea-seydoux-vincent-lindon-e-louis-garrel-entrano-nel-bizzarro-universo-di-quentin-dupieux-ne-le-deuxieme-acte-la-commedia-sara-presentata-in-apertura-del-77-festival\" \/>\n<meta property=\"og:site_name\" content=\"Cinema &amp; Video International\" \/>\n<meta property=\"article:publisher\" content=\"https:\/\/www.facebook.com\/CinemaVideoInternational\/\" \/>\n<meta property=\"article:published_time\" content=\"2024-04-04T16:16:37+00:00\" \/>\n<meta property=\"article:modified_time\" content=\"2026-04-10T02:05:03+00:00\" \/>\n<meta property=\"og:image\" content=\"https:\/\/cinema.video\/wp-content\/uploads\/2024\/04\/2EMEACTE_001.jpg\" \/>\n\t<meta property=\"og:image:width\" content=\"1920\" \/>\n\t<meta property=\"og:image:height\" content=\"979\" \/>\n\t<meta property=\"og:image:type\" content=\"image\/jpeg\" \/>\n<meta name=\"author\" content=\"Redazione\" \/>\n<meta name=\"twitter:card\" content=\"summary_large_image\" \/>\n<meta name=\"twitter:label1\" content=\"Scritto da\" \/>\n\t<meta name=\"twitter:data1\" content=\"Redazione\" \/>\n\t<meta name=\"twitter:label2\" content=\"Tempo di lettura stimato\" \/>\n\t<meta name=\"twitter:data2\" content=\"2 minuti\" \/>\n<script type=\"application\/ld+json\" class=\"yoast-schema-graph\">{\"@context\":\"https:\\\/\\\/schema.org\",\"@graph\":[{\"@type\":\"Article\",\"@id\":\"https:\\\/\\\/cinema.video\\\/it\\\/lea-seydoux-vincent-lindon-e-louis-garrel-entrano-nel-bizzarro-universo-di-quentin-dupieux-ne-le-deuxieme-acte-la-commedia-sara-presentata-in-apertura-del-77-festival#article\",\"isPartOf\":{\"@id\":\"https:\\\/\\\/cinema.video\\\/it\\\/lea-seydoux-vincent-lindon-e-louis-garrel-entrano-nel-bizzarro-universo-di-quentin-dupieux-ne-le-deuxieme-acte-la-commedia-sara-presentata-in-apertura-del-77-festival\"},\"author\":{\"name\":\"Redazione\",\"@id\":\"https:\\\/\\\/cinema.video\\\/it#\\\/schema\\\/person\\\/aeb01b91d874e8b01e76a1db04c668c6\"},\"headline\":\"Le Deuxi\u00e8me Acte il bizzarro mondo di Dupieux apre la 77\u00b0 edizione\",\"datePublished\":\"2024-04-04T16:16:37+00:00\",\"dateModified\":\"2026-04-10T02:05:03+00:00\",\"mainEntityOfPage\":{\"@id\":\"https:\\\/\\\/cinema.video\\\/it\\\/lea-seydoux-vincent-lindon-e-louis-garrel-entrano-nel-bizzarro-universo-di-quentin-dupieux-ne-le-deuxieme-acte-la-commedia-sara-presentata-in-apertura-del-77-festival\"},\"wordCount\":192,\"publisher\":{\"@id\":\"https:\\\/\\\/cinema.video\\\/it#organization\"},\"image\":{\"@id\":\"https:\\\/\\\/cinema.video\\\/it\\\/lea-seydoux-vincent-lindon-e-louis-garrel-entrano-nel-bizzarro-universo-di-quentin-dupieux-ne-le-deuxieme-acte-la-commedia-sara-presentata-in-apertura-del-77-festival#primaryimage\"},\"thumbnailUrl\":\"https:\\\/\\\/cinema.video\\\/wp-content\\\/uploads\\\/2024\\\/04\\\/2EMEACTE_001.jpg\",\"keywords\":[\"focus\"],\"inLanguage\":\"it-IT\"},{\"@type\":\"WebPage\",\"@id\":\"https:\\\/\\\/cinema.video\\\/it\\\/lea-seydoux-vincent-lindon-e-louis-garrel-entrano-nel-bizzarro-universo-di-quentin-dupieux-ne-le-deuxieme-acte-la-commedia-sara-presentata-in-apertura-del-77-festival\",\"url\":\"https:\\\/\\\/cinema.video\\\/it\\\/lea-seydoux-vincent-lindon-e-louis-garrel-entrano-nel-bizzarro-universo-di-quentin-dupieux-ne-le-deuxieme-acte-la-commedia-sara-presentata-in-apertura-del-77-festival\",\"name\":\"Le Deuxi\u00e8me Acte il bizzarro mondo di Dupieux apre la 77\u00b0 edizione - Cinema &amp; Video International\",\"isPartOf\":{\"@id\":\"https:\\\/\\\/cinema.video\\\/it#website\"},\"primaryImageOfPage\":{\"@id\":\"https:\\\/\\\/cinema.video\\\/it\\\/lea-seydoux-vincent-lindon-e-louis-garrel-entrano-nel-bizzarro-universo-di-quentin-dupieux-ne-le-deuxieme-acte-la-commedia-sara-presentata-in-apertura-del-77-festival#primaryimage\"},\"image\":{\"@id\":\"https:\\\/\\\/cinema.video\\\/it\\\/lea-seydoux-vincent-lindon-e-louis-garrel-entrano-nel-bizzarro-universo-di-quentin-dupieux-ne-le-deuxieme-acte-la-commedia-sara-presentata-in-apertura-del-77-festival#primaryimage\"},\"thumbnailUrl\":\"https:\\\/\\\/cinema.video\\\/wp-content\\\/uploads\\\/2024\\\/04\\\/2EMEACTE_001.jpg\",\"datePublished\":\"2024-04-04T16:16:37+00:00\",\"dateModified\":\"2026-04-10T02:05:03+00:00\",\"description\":\"Le Deuxi\u00e8me Acte il bizzarro mondo di Dupieux apre la 77\u00b0 edizione \u2013 le deuxime acte il bizzarro mondo. L\u00e9a Seydoux,\u00a0Vincent Lindon\u00a0e\u00a0Louis Garrel\u00a0entrano\",\"breadcrumb\":{\"@id\":\"https:\\\/\\\/cinema.video\\\/it\\\/lea-seydoux-vincent-lindon-e-louis-garrel-entrano-nel-bizzarro-universo-di-quentin-dupieux-ne-le-deuxieme-acte-la-commedia-sara-presentata-in-apertura-del-77-festival#breadcrumb\"},\"inLanguage\":\"it-IT\",\"potentialAction\":[{\"@type\":\"ReadAction\",\"target\":[\"https:\\\/\\\/cinema.video\\\/it\\\/lea-seydoux-vincent-lindon-e-louis-garrel-entrano-nel-bizzarro-universo-di-quentin-dupieux-ne-le-deuxieme-acte-la-commedia-sara-presentata-in-apertura-del-77-festival\"]}]},{\"@type\":\"ImageObject\",\"inLanguage\":\"it-IT\",\"@id\":\"https:\\\/\\\/cinema.video\\\/it\\\/lea-seydoux-vincent-lindon-e-louis-garrel-entrano-nel-bizzarro-universo-di-quentin-dupieux-ne-le-deuxieme-acte-la-commedia-sara-presentata-in-apertura-del-77-festival#primaryimage\",\"url\":\"https:\\\/\\\/cinema.video\\\/wp-content\\\/uploads\\\/2024\\\/04\\\/2EMEACTE_001.jpg\",\"contentUrl\":\"https:\\\/\\\/cinema.video\\\/wp-content\\\/uploads\\\/2024\\\/04\\\/2EMEACTE_001.jpg\",\"width\":1920,\"height\":979,\"caption\":\"L\u00e9a Seydoux\u00a0Vincent Lindon\u00a0e\u00a0Louis Garrel\u00a0entrano nell' universo di Quentin Dupieux ne Le Deuxi\u00e8me Acte che aprir\u00e0 il 77\u00b0 Festival di Cannes\"},{\"@type\":\"BreadcrumbList\",\"@id\":\"https:\\\/\\\/cinema.video\\\/it\\\/lea-seydoux-vincent-lindon-e-louis-garrel-entrano-nel-bizzarro-universo-di-quentin-dupieux-ne-le-deuxieme-acte-la-commedia-sara-presentata-in-apertura-del-77-festival#breadcrumb\",\"itemListElement\":[{\"@type\":\"ListItem\",\"position\":1,\"name\":\"Home\",\"item\":\"https:\\\/\\\/cinema.video\\\/it\\\/home-2\"},{\"@type\":\"ListItem\",\"position\":2,\"name\":\"Le Deuxi\u00e8me Acte il bizzarro mondo di Dupieux apre la 77\u00b0 edizione\"}]},{\"@type\":\"WebSite\",\"@id\":\"https:\\\/\\\/cinema.video\\\/it#website\",\"url\":\"https:\\\/\\\/cinema.video\\\/it\",\"name\":\"Cinema & Video International\",\"description\":\"Film &amp; Audiovisual Industry Trade Magazine\",\"publisher\":{\"@id\":\"https:\\\/\\\/cinema.video\\\/it#organization\"},\"alternateName\":\"Cinema & Video\",\"potentialAction\":[{\"@type\":\"SearchAction\",\"target\":{\"@type\":\"EntryPoint\",\"urlTemplate\":\"https:\\\/\\\/cinema.video\\\/it?s={search_term_string}\"},\"query-input\":{\"@type\":\"PropertyValueSpecification\",\"valueRequired\":true,\"valueName\":\"search_term_string\"}}],\"inLanguage\":\"it-IT\"},{\"@type\":\"Organization\",\"@id\":\"https:\\\/\\\/cinema.video\\\/it#organization\",\"name\":\"Cinema & Video\",\"url\":\"https:\\\/\\\/cinema.video\\\/it\",\"logo\":{\"@type\":\"ImageObject\",\"inLanguage\":\"it-IT\",\"@id\":\"https:\\\/\\\/cinema.video\\\/it#\\\/schema\\\/logo\\\/image\\\/\",\"url\":\"https:\\\/\\\/cinema.video\\\/wp-content\\\/uploads\\\/2026\\\/04\\\/CinemVideo_LogoBlack.png\",\"contentUrl\":\"https:\\\/\\\/cinema.video\\\/wp-content\\\/uploads\\\/2026\\\/04\\\/CinemVideo_LogoBlack.png\",\"width\":1336,\"height\":224,\"caption\":\"Cinema & Video\"},\"image\":{\"@id\":\"https:\\\/\\\/cinema.video\\\/it#\\\/schema\\\/logo\\\/image\\\/\"},\"sameAs\":[\"https:\\\/\\\/www.facebook.com\\\/CinemaVideoInternational\\\/\",\"https:\\\/\\\/www.instagram.com\\\/cinemaevideointernational\\\/\",\"https:\\\/\\\/it.linkedin.com\\\/company\\\/cinema-video-international\"],\"description\":\"Media Consulting & Marketing Agency\",\"email\":\"hello@darostudio.com\",\"legalName\":\"DARO studio LLC\",\"foundingDate\":\"2021-02-16\",\"numberOfEmployees\":{\"@type\":\"QuantitativeValue\",\"minValue\":\"1\",\"maxValue\":\"10\"}},{\"@type\":\"Person\",\"@id\":\"https:\\\/\\\/cinema.video\\\/it#\\\/schema\\\/person\\\/aeb01b91d874e8b01e76a1db04c668c6\",\"name\":\"Redazione\",\"image\":{\"@type\":\"ImageObject\",\"inLanguage\":\"it-IT\",\"@id\":\"https:\\\/\\\/secure.gravatar.com\\\/avatar\\\/06ad6f92eb14745b75fb592cadf8139d33242d81c9c8b085133c450aaf0b9731?s=96&d=mm&r=g\",\"url\":\"https:\\\/\\\/secure.gravatar.com\\\/avatar\\\/06ad6f92eb14745b75fb592cadf8139d33242d81c9c8b085133c450aaf0b9731?s=96&d=mm&r=g\",\"contentUrl\":\"https:\\\/\\\/secure.gravatar.com\\\/avatar\\\/06ad6f92eb14745b75fb592cadf8139d33242d81c9c8b085133c450aaf0b9731?s=96&d=mm&r=g\",\"caption\":\"Redazione\"},\"url\":\"https:\\\/\\\/cinema.video\\\/it\\\/author\\\/redazione\"}]}<\/script>\n<!-- \/ Yoast SEO Premium plugin. -->","yoast_head_json":{"title":"Le Deuxi\u00e8me Acte il bizzarro mondo di Dupieux apre la 77\u00b0 edizione - Cinema &amp; Video International","description":"Le Deuxi\u00e8me Acte il bizzarro mondo di Dupieux apre la 77\u00b0 edizione \u2013 le deuxime acte il bizzarro mondo. L\u00e9a Seydoux,\u00a0Vincent Lindon\u00a0e\u00a0Louis Garrel\u00a0entrano","robots":{"index":"index","follow":"follow","max-snippet":"max-snippet:-1","max-image-preview":"max-image-preview:large","max-video-preview":"max-video-preview:-1"},"canonical":"https:\/\/cinema.video\/it\/lea-seydoux-vincent-lindon-e-louis-garrel-entrano-nel-bizzarro-universo-di-quentin-dupieux-ne-le-deuxieme-acte-la-commedia-sara-presentata-in-apertura-del-77-festival","og_locale":"it_IT","og_type":"article","og_title":"Le Deuxi\u00e8me Acte il bizzarro mondo di Dupieux apre la 77\u00b0 edizione","og_description":"Le Deuxi\u00e8me Acte il bizzarro mondo di Dupieux apre la 77\u00b0 edizione \u2013 le deuxime acte il bizzarro mondo. L\u00e9a Seydoux,\u00a0Vincent Lindon\u00a0e\u00a0Louis Garrel\u00a0entrano","og_url":"https:\/\/cinema.video\/it\/lea-seydoux-vincent-lindon-e-louis-garrel-entrano-nel-bizzarro-universo-di-quentin-dupieux-ne-le-deuxieme-acte-la-commedia-sara-presentata-in-apertura-del-77-festival","og_site_name":"Cinema &amp; Video International","article_publisher":"https:\/\/www.facebook.com\/CinemaVideoInternational\/","article_published_time":"2024-04-04T16:16:37+00:00","article_modified_time":"2026-04-10T02:05:03+00:00","og_image":[{"width":1920,"height":979,"url":"https:\/\/cinema.video\/wp-content\/uploads\/2024\/04\/2EMEACTE_001.jpg","type":"image\/jpeg"}],"author":"Redazione","twitter_card":"summary_large_image","twitter_misc":{"Scritto da":"Redazione","Tempo di lettura stimato":"2 minuti"},"schema":{"@context":"https:\/\/schema.org","@graph":[{"@type":"Article","@id":"https:\/\/cinema.video\/it\/lea-seydoux-vincent-lindon-e-louis-garrel-entrano-nel-bizzarro-universo-di-quentin-dupieux-ne-le-deuxieme-acte-la-commedia-sara-presentata-in-apertura-del-77-festival#article","isPartOf":{"@id":"https:\/\/cinema.video\/it\/lea-seydoux-vincent-lindon-e-louis-garrel-entrano-nel-bizzarro-universo-di-quentin-dupieux-ne-le-deuxieme-acte-la-commedia-sara-presentata-in-apertura-del-77-festival"},"author":{"name":"Redazione","@id":"https:\/\/cinema.video\/it#\/schema\/person\/aeb01b91d874e8b01e76a1db04c668c6"},"headline":"Le Deuxi\u00e8me Acte il bizzarro mondo di Dupieux apre la 77\u00b0 edizione","datePublished":"2024-04-04T16:16:37+00:00","dateModified":"2026-04-10T02:05:03+00:00","mainEntityOfPage":{"@id":"https:\/\/cinema.video\/it\/lea-seydoux-vincent-lindon-e-louis-garrel-entrano-nel-bizzarro-universo-di-quentin-dupieux-ne-le-deuxieme-acte-la-commedia-sara-presentata-in-apertura-del-77-festival"},"wordCount":192,"publisher":{"@id":"https:\/\/cinema.video\/it#organization"},"image":{"@id":"https:\/\/cinema.video\/it\/lea-seydoux-vincent-lindon-e-louis-garrel-entrano-nel-bizzarro-universo-di-quentin-dupieux-ne-le-deuxieme-acte-la-commedia-sara-presentata-in-apertura-del-77-festival#primaryimage"},"thumbnailUrl":"https:\/\/cinema.video\/wp-content\/uploads\/2024\/04\/2EMEACTE_001.jpg","keywords":["focus"],"inLanguage":"it-IT"},{"@type":"WebPage","@id":"https:\/\/cinema.video\/it\/lea-seydoux-vincent-lindon-e-louis-garrel-entrano-nel-bizzarro-universo-di-quentin-dupieux-ne-le-deuxieme-acte-la-commedia-sara-presentata-in-apertura-del-77-festival","url":"https:\/\/cinema.video\/it\/lea-seydoux-vincent-lindon-e-louis-garrel-entrano-nel-bizzarro-universo-di-quentin-dupieux-ne-le-deuxieme-acte-la-commedia-sara-presentata-in-apertura-del-77-festival","name":"Le Deuxi\u00e8me Acte il bizzarro mondo di Dupieux apre la 77\u00b0 edizione - Cinema &amp; Video International","isPartOf":{"@id":"https:\/\/cinema.video\/it#website"},"primaryImageOfPage":{"@id":"https:\/\/cinema.video\/it\/lea-seydoux-vincent-lindon-e-louis-garrel-entrano-nel-bizzarro-universo-di-quentin-dupieux-ne-le-deuxieme-acte-la-commedia-sara-presentata-in-apertura-del-77-festival#primaryimage"},"image":{"@id":"https:\/\/cinema.video\/it\/lea-seydoux-vincent-lindon-e-louis-garrel-entrano-nel-bizzarro-universo-di-quentin-dupieux-ne-le-deuxieme-acte-la-commedia-sara-presentata-in-apertura-del-77-festival#primaryimage"},"thumbnailUrl":"https:\/\/cinema.video\/wp-content\/uploads\/2024\/04\/2EMEACTE_001.jpg","datePublished":"2024-04-04T16:16:37+00:00","dateModified":"2026-04-10T02:05:03+00:00","description":"Le Deuxi\u00e8me Acte il bizzarro mondo di Dupieux apre la 77\u00b0 edizione \u2013 le deuxime acte il bizzarro mondo. L\u00e9a Seydoux,\u00a0Vincent Lindon\u00a0e\u00a0Louis Garrel\u00a0entrano","breadcrumb":{"@id":"https:\/\/cinema.video\/it\/lea-seydoux-vincent-lindon-e-louis-garrel-entrano-nel-bizzarro-universo-di-quentin-dupieux-ne-le-deuxieme-acte-la-commedia-sara-presentata-in-apertura-del-77-festival#breadcrumb"},"inLanguage":"it-IT","potentialAction":[{"@type":"ReadAction","target":["https:\/\/cinema.video\/it\/lea-seydoux-vincent-lindon-e-louis-garrel-entrano-nel-bizzarro-universo-di-quentin-dupieux-ne-le-deuxieme-acte-la-commedia-sara-presentata-in-apertura-del-77-festival"]}]},{"@type":"ImageObject","inLanguage":"it-IT","@id":"https:\/\/cinema.video\/it\/lea-seydoux-vincent-lindon-e-louis-garrel-entrano-nel-bizzarro-universo-di-quentin-dupieux-ne-le-deuxieme-acte-la-commedia-sara-presentata-in-apertura-del-77-festival#primaryimage","url":"https:\/\/cinema.video\/wp-content\/uploads\/2024\/04\/2EMEACTE_001.jpg","contentUrl":"https:\/\/cinema.video\/wp-content\/uploads\/2024\/04\/2EMEACTE_001.jpg","width":1920,"height":979,"caption":"L\u00e9a Seydoux\u00a0Vincent Lindon\u00a0e\u00a0Louis Garrel\u00a0entrano nell' universo di Quentin Dupieux ne Le Deuxi\u00e8me Acte che aprir\u00e0 il 77\u00b0 Festival di Cannes"},{"@type":"BreadcrumbList","@id":"https:\/\/cinema.video\/it\/lea-seydoux-vincent-lindon-e-louis-garrel-entrano-nel-bizzarro-universo-di-quentin-dupieux-ne-le-deuxieme-acte-la-commedia-sara-presentata-in-apertura-del-77-festival#breadcrumb","itemListElement":[{"@type":"ListItem","position":1,"name":"Home","item":"https:\/\/cinema.video\/it\/home-2"},{"@type":"ListItem","position":2,"name":"Le Deuxi\u00e8me Acte il bizzarro mondo di Dupieux apre la 77\u00b0 edizione"}]},{"@type":"WebSite","@id":"https:\/\/cinema.video\/it#website","url":"https:\/\/cinema.video\/it","name":"Cinema & Video International","description":"Film &amp; Audiovisual Industry Trade Magazine","publisher":{"@id":"https:\/\/cinema.video\/it#organization"},"alternateName":"Cinema & Video","potentialAction":[{"@type":"SearchAction","target":{"@type":"EntryPoint","urlTemplate":"https:\/\/cinema.video\/it?s={search_term_string}"},"query-input":{"@type":"PropertyValueSpecification","valueRequired":true,"valueName":"search_term_string"}}],"inLanguage":"it-IT"},{"@type":"Organization","@id":"https:\/\/cinema.video\/it#organization","name":"Cinema & Video","url":"https:\/\/cinema.video\/it","logo":{"@type":"ImageObject","inLanguage":"it-IT","@id":"https:\/\/cinema.video\/it#\/schema\/logo\/image\/","url":"https:\/\/cinema.video\/wp-content\/uploads\/2026\/04\/CinemVideo_LogoBlack.png","contentUrl":"https:\/\/cinema.video\/wp-content\/uploads\/2026\/04\/CinemVideo_LogoBlack.png","width":1336,"height":224,"caption":"Cinema & Video"},"image":{"@id":"https:\/\/cinema.video\/it#\/schema\/logo\/image\/"},"sameAs":["https:\/\/www.facebook.com\/CinemaVideoInternational\/","https:\/\/www.instagram.com\/cinemaevideointernational\/","https:\/\/it.linkedin.com\/company\/cinema-video-international"],"description":"Media Consulting & Marketing Agency","email":"hello@darostudio.com","legalName":"DARO studio LLC","foundingDate":"2021-02-16","numberOfEmployees":{"@type":"QuantitativeValue","minValue":"1","maxValue":"10"}},{"@type":"Person","@id":"https:\/\/cinema.video\/it#\/schema\/person\/aeb01b91d874e8b01e76a1db04c668c6","name":"Redazione","image":{"@type":"ImageObject","inLanguage":"it-IT","@id":"https:\/\/secure.gravatar.com\/avatar\/06ad6f92eb14745b75fb592cadf8139d33242d81c9c8b085133c450aaf0b9731?s=96&d=mm&r=g","url":"https:\/\/secure.gravatar.com\/avatar\/06ad6f92eb14745b75fb592cadf8139d33242d81c9c8b085133c450aaf0b9731?s=96&d=mm&r=g","contentUrl":"https:\/\/secure.gravatar.com\/avatar\/06ad6f92eb14745b75fb592cadf8139d33242d81c9c8b085133c450aaf0b9731?s=96&d=mm&r=g","caption":"Redazione"},"url":"https:\/\/cinema.video\/it\/author\/redazione"}]}},"jetpack_featured_media_url":"https:\/\/cinema.video\/wp-content\/uploads\/2024\/04\/2EMEACTE_001.jpg","jetpack_shortlink":"https:\/\/wp.me\/ph672m-1ffc","_links":{"self":[{"href":"https:\/\/cinema.video\/it\/wp-json\/wp\/v2\/posts\/296930","targetHints":{"allow":["GET"]}}],"collection":[{"href":"https:\/\/cinema.video\/it\/wp-json\/wp\/v2\/posts"}],"about":[{"href":"https:\/\/cinema.video\/it\/wp-json\/wp\/v2\/types\/post"}],"author":[{"embeddable":true,"href":"https:\/\/cinema.video\/it\/wp-json\/wp\/v2\/users\/26"}],"replies":[{"embeddable":true,"href":"https:\/\/cinema.video\/it\/wp-json\/wp\/v2\/comments?post=296930"}],"version-history":[{"count":1,"href":"https:\/\/cinema.video\/it\/wp-json\/wp\/v2\/posts\/296930\/revisions"}],"predecessor-version":[{"id":309323,"href":"https:\/\/cinema.video\/it\/wp-json\/wp\/v2\/posts\/296930\/revisions\/309323"}],"wp:featuredmedia":[{"embeddable":true,"href":"https:\/\/cinema.video\/it\/wp-json\/wp\/v2\/media\/296931"}],"wp:attachment":[{"href":"https:\/\/cinema.video\/it\/wp-json\/wp\/v2\/media?parent=296930"}],"wp:term":[{"taxonomy":"category","embeddable":true,"href":"https:\/\/cinema.video\/it\/wp-json\/wp\/v2\/categories?post=296930"},{"taxonomy":"post_tag","embeddable":true,"href":"https:\/\/cinema.video\/it\/wp-json\/wp\/v2\/tags?post=296930"}],"curies":[{"name":"wp","href":"https:\/\/api.w.org\/{rel}","templated":true}]}}