{"id":296637,"date":"2024-02-14T09:00:00","date_gmt":"2024-02-14T08:00:00","guid":{"rendered":"https:\/\/cinema.video\/?p=296637"},"modified":"2026-04-10T04:04:26","modified_gmt":"2026-04-10T02:04:26","slug":"cartoon-movie-dalo-e-malta-candidati-per-la-miglior-regia","status":"publish","type":"post","link":"https:\/\/cinema.video\/it\/cartoon-movie-dalo-e-malta-candidati-per-la-miglior-regia","title":{"rendered":"CARTOON MOVIE  D\u2019Al\u00f2 e Malta candidati per la miglior regia"},"content":{"rendered":"\n<p class=\"wp-block-paragraph\">Enzo D\u2019Al\u00f2 per il film <em><strong>Mary e lo spirito di mezzanotte<\/strong><\/em> (<em>A Greyhound of a Girl<\/em>) \u00e8 uno dei quattro registi europei selezionati per il Cartoon Tribute al miglior regista dell\u2019anno che verr\u00e0 assegnato a Bordeaux il prossimo 7 marzo durante la 26a edizione di Cartoon Movie, l\u2019annuale appuntamento per la ricerca dei finanziamenti dei lungometraggi in animazione europei. Tratto dal romanzo per bambini dello scrittore irlandese Roddy Doyle <em>La gita a mezzanotte<\/em> e presentato in anteprima mondiale lo scorso anno alla Berlinale come parte della&nbsp;<em>Generation K Plus <\/em>e in<em> <\/em>anteprima italiana al Lucca Comics &amp; Games, il film \u00e8 stato distribuito nelle sale cinematografiche da Bim Distribuzione. Il regista napoletano se la dovr\u00e0 vedere con <strong>Chiara Malta<\/strong> e S\u00e9bastien Laudenbach pure selezionati con il film italo-francese <em><strong>Un pollo per Linda<\/strong><\/em> (<em>Chicken for Linda<\/em>) con i quali si era gi\u00e0 scontrato agli scorsi European Film Awards, dove i film erano entrambi candidati per il miglior lungometraggio animato, premio poi andato ai due registi. In sala nel 2024 distribuito da I Wonder Pictures e Unipol Biografilm Collection, gi\u00e0 vincitore&nbsp;del Cristal per il miglior lungometraggio allo scorso Festival internazionale del film di animazione di Annecy, <em>Linda e il pollo<\/em> ha ricevuto anche il premio per la migliore sceneggiatura all\u2019ultima edizione diretta da Steve Della Casa del Torino Film Festival dove ha fatto il suo debutto nazionale.<\/p>\n\n\n\n<p class=\"wp-block-paragraph\">Gli altri registi in selezione a Bordeaux, che verranno votati dagli oltre 850 professionisti dell\u2019animazione che parteciperanno alla manifestazione organizzata da Cartoon di Bruxelles, sono il francese <strong>J\u00e9r\u00e9mie P\u00e9rin<\/strong> per <em>Mars Express <\/em>e la spagnola <strong>Isabel Herguera<\/strong> per <em>Sultana\u2019s Dream<\/em>. Il primo ha trionfato alla 23a edizione del Trieste Science+Fiction Festival, principale manifestazione italiana dedicata alla fantascienza, ottenendo il Premio Asteroide per il miglior film di fantascienza, horror e fantasy riservato alle opere prime, seconde o terze di registi emergenti, il Premio della Critica SNCCI e il premio Wonderland di Rai 4. <em>Sultana\u2019s Dream, <\/em>ispirato a un racconto di Begum Rokeya, pioniera attivista femminista indiana, ha fatto il suo debutto internazionale allo scorso Festival del cinema di San Sebastian.<\/p>\n\n\n\n<p class=\"wp-block-paragraph\"><a><\/a> Nessun italiano nelle altre due categorie dei Cartoon Tributes, al miglior produttore e miglior distributore, che premiano per i contributi nei rispettivi campi per aver migliorato significativamente l\u2019industria europea dell\u2019animazione.<\/p>\n","protected":false},"excerpt":{"rendered":"<p>Enzo D&#8217;Al\u00f2 e Chiara Malta selezionati per il Cartoon Tribute al miglior regista dell\u2019anno che verr\u00e0 assegnato a Bordeaux il prossimo 7 marzo durante la 26a edizione di Cartoon Movie<\/p>\n","protected":false},"author":14,"featured_media":296639,"comment_status":"closed","ping_status":"closed","sticky":false,"template":"","format":"standard","meta":{"googlesitekit_rrm_CAow3e7fCw:productID":"","_crdt_document":"","footnotes":""},"categories":[1],"tags":[813,436],"class_list":{"0":"post-296637","1":"post","2":"type-post","3":"status-publish","4":"format-standard","5":"has-post-thumbnail","7":"category-senza-categoria","8":"tag-animation","9":"tag-animazione"},"yoast_head":"<!-- This site is optimized with the Yoast SEO Premium plugin v27.4 (Yoast SEO v27.5) - https:\/\/yoast.com\/product\/yoast-seo-premium-wordpress\/ -->\n<title>CARTOON MOVIE D\u2019Al\u00f2 e Malta candidati per la miglior regia - Cinema &amp; Video International<\/title>\n<meta name=\"description\" content=\"CARTOON MOVIE D\u2019Al\u00f2 e Malta candidati per la miglior regia \u2013 cartoon movie dal e malta candidati. Enzo D\u2019Al\u00f2 per il film Mary e lo spirito di mezzanotte\" \/>\n<meta name=\"robots\" content=\"index, follow, max-snippet:-1, max-image-preview:large, max-video-preview:-1\" \/>\n<link rel=\"canonical\" href=\"https:\/\/cinema.video\/it\/cartoon-movie-dalo-e-malta-candidati-per-la-miglior-regia\" \/>\n<meta property=\"og:locale\" content=\"it_IT\" \/>\n<meta property=\"og:type\" content=\"article\" \/>\n<meta property=\"og:title\" content=\"CARTOON MOVIE D\u2019Al\u00f2 e Malta candidati per la miglior regia\" \/>\n<meta property=\"og:description\" content=\"CARTOON MOVIE D\u2019Al\u00f2 e Malta candidati per la miglior regia \u2013 cartoon movie dal e malta candidati. Enzo D\u2019Al\u00f2 per il film Mary e lo spirito di mezzanotte\" \/>\n<meta property=\"og:url\" content=\"https:\/\/cinema.video\/it\/cartoon-movie-dalo-e-malta-candidati-per-la-miglior-regia\" \/>\n<meta property=\"og:site_name\" content=\"Cinema &amp; Video International\" \/>\n<meta property=\"article:publisher\" content=\"https:\/\/www.facebook.com\/CinemaVideoInternational\/\" \/>\n<meta property=\"article:published_time\" content=\"2024-02-14T08:00:00+00:00\" \/>\n<meta property=\"article:modified_time\" content=\"2026-04-10T02:04:26+00:00\" \/>\n<meta property=\"og:image\" content=\"https:\/\/cinema.video\/wp-content\/uploads\/2024\/02\/logo-Cartoon-Tributes.png\" \/>\n\t<meta property=\"og:image:width\" content=\"8333\" \/>\n\t<meta property=\"og:image:height\" content=\"2917\" \/>\n\t<meta property=\"og:image:type\" content=\"image\/png\" \/>\n<meta name=\"author\" content=\"Monica Tasciotti\" \/>\n<meta name=\"twitter:card\" content=\"summary_large_image\" \/>\n<meta name=\"twitter:label1\" content=\"Scritto da\" \/>\n\t<meta name=\"twitter:data1\" content=\"Monica Tasciotti\" \/>\n\t<meta name=\"twitter:label2\" content=\"Tempo di lettura stimato\" \/>\n\t<meta name=\"twitter:data2\" content=\"3 minuti\" \/>\n<script type=\"application\/ld+json\" class=\"yoast-schema-graph\">{\"@context\":\"https:\\\/\\\/schema.org\",\"@graph\":[{\"@type\":\"Article\",\"@id\":\"https:\\\/\\\/cinema.video\\\/it\\\/cartoon-movie-dalo-e-malta-candidati-per-la-miglior-regia#article\",\"isPartOf\":{\"@id\":\"https:\\\/\\\/cinema.video\\\/it\\\/cartoon-movie-dalo-e-malta-candidati-per-la-miglior-regia\"},\"author\":{\"name\":\"Monica Tasciotti\",\"@id\":\"https:\\\/\\\/cinema.video\\\/it#\\\/schema\\\/person\\\/1ee8b2699ef9820dce5f2d4deb57c0be\"},\"headline\":\"CARTOON MOVIE D\u2019Al\u00f2 e Malta candidati per la miglior regia\",\"datePublished\":\"2024-02-14T08:00:00+00:00\",\"dateModified\":\"2026-04-10T02:04:26+00:00\",\"mainEntityOfPage\":{\"@id\":\"https:\\\/\\\/cinema.video\\\/it\\\/cartoon-movie-dalo-e-malta-candidati-per-la-miglior-regia\"},\"wordCount\":396,\"publisher\":{\"@id\":\"https:\\\/\\\/cinema.video\\\/it#organization\"},\"image\":{\"@id\":\"https:\\\/\\\/cinema.video\\\/it\\\/cartoon-movie-dalo-e-malta-candidati-per-la-miglior-regia#primaryimage\"},\"thumbnailUrl\":\"https:\\\/\\\/cinema.video\\\/wp-content\\\/uploads\\\/2024\\\/02\\\/logo-Cartoon-Tributes.png\",\"keywords\":[\"ANIMATION\",\"Animazione\"],\"inLanguage\":\"it-IT\"},{\"@type\":\"WebPage\",\"@id\":\"https:\\\/\\\/cinema.video\\\/it\\\/cartoon-movie-dalo-e-malta-candidati-per-la-miglior-regia\",\"url\":\"https:\\\/\\\/cinema.video\\\/it\\\/cartoon-movie-dalo-e-malta-candidati-per-la-miglior-regia\",\"name\":\"CARTOON MOVIE D\u2019Al\u00f2 e Malta candidati per la miglior regia - Cinema &amp; Video International\",\"isPartOf\":{\"@id\":\"https:\\\/\\\/cinema.video\\\/it#website\"},\"primaryImageOfPage\":{\"@id\":\"https:\\\/\\\/cinema.video\\\/it\\\/cartoon-movie-dalo-e-malta-candidati-per-la-miglior-regia#primaryimage\"},\"image\":{\"@id\":\"https:\\\/\\\/cinema.video\\\/it\\\/cartoon-movie-dalo-e-malta-candidati-per-la-miglior-regia#primaryimage\"},\"thumbnailUrl\":\"https:\\\/\\\/cinema.video\\\/wp-content\\\/uploads\\\/2024\\\/02\\\/logo-Cartoon-Tributes.png\",\"datePublished\":\"2024-02-14T08:00:00+00:00\",\"dateModified\":\"2026-04-10T02:04:26+00:00\",\"description\":\"CARTOON MOVIE D\u2019Al\u00f2 e Malta candidati per la miglior regia \u2013 cartoon movie dal e malta candidati. Enzo D\u2019Al\u00f2 per il film Mary e lo spirito di mezzanotte\",\"breadcrumb\":{\"@id\":\"https:\\\/\\\/cinema.video\\\/it\\\/cartoon-movie-dalo-e-malta-candidati-per-la-miglior-regia#breadcrumb\"},\"inLanguage\":\"it-IT\",\"potentialAction\":[{\"@type\":\"ReadAction\",\"target\":[\"https:\\\/\\\/cinema.video\\\/it\\\/cartoon-movie-dalo-e-malta-candidati-per-la-miglior-regia\"]}]},{\"@type\":\"ImageObject\",\"inLanguage\":\"it-IT\",\"@id\":\"https:\\\/\\\/cinema.video\\\/it\\\/cartoon-movie-dalo-e-malta-candidati-per-la-miglior-regia#primaryimage\",\"url\":\"https:\\\/\\\/cinema.video\\\/wp-content\\\/uploads\\\/2024\\\/02\\\/logo-Cartoon-Tributes.png\",\"contentUrl\":\"https:\\\/\\\/cinema.video\\\/wp-content\\\/uploads\\\/2024\\\/02\\\/logo-Cartoon-Tributes.png\",\"width\":8333,\"height\":2917},{\"@type\":\"BreadcrumbList\",\"@id\":\"https:\\\/\\\/cinema.video\\\/it\\\/cartoon-movie-dalo-e-malta-candidati-per-la-miglior-regia#breadcrumb\",\"itemListElement\":[{\"@type\":\"ListItem\",\"position\":1,\"name\":\"Home\",\"item\":\"https:\\\/\\\/cinema.video\\\/it\\\/home-2\"},{\"@type\":\"ListItem\",\"position\":2,\"name\":\"CARTOON MOVIE D\u2019Al\u00f2 e Malta candidati per la miglior regia\"}]},{\"@type\":\"WebSite\",\"@id\":\"https:\\\/\\\/cinema.video\\\/it#website\",\"url\":\"https:\\\/\\\/cinema.video\\\/it\",\"name\":\"Cinema & Video International\",\"description\":\"Film &amp; Audiovisual Industry Trade Magazine\",\"publisher\":{\"@id\":\"https:\\\/\\\/cinema.video\\\/it#organization\"},\"alternateName\":\"Cinema & Video\",\"potentialAction\":[{\"@type\":\"SearchAction\",\"target\":{\"@type\":\"EntryPoint\",\"urlTemplate\":\"https:\\\/\\\/cinema.video\\\/it?s={search_term_string}\"},\"query-input\":{\"@type\":\"PropertyValueSpecification\",\"valueRequired\":true,\"valueName\":\"search_term_string\"}}],\"inLanguage\":\"it-IT\"},{\"@type\":\"Organization\",\"@id\":\"https:\\\/\\\/cinema.video\\\/it#organization\",\"name\":\"Cinema & Video\",\"url\":\"https:\\\/\\\/cinema.video\\\/it\",\"logo\":{\"@type\":\"ImageObject\",\"inLanguage\":\"it-IT\",\"@id\":\"https:\\\/\\\/cinema.video\\\/it#\\\/schema\\\/logo\\\/image\\\/\",\"url\":\"https:\\\/\\\/cinema.video\\\/wp-content\\\/uploads\\\/2026\\\/04\\\/CinemVideo_LogoBlack.png\",\"contentUrl\":\"https:\\\/\\\/cinema.video\\\/wp-content\\\/uploads\\\/2026\\\/04\\\/CinemVideo_LogoBlack.png\",\"width\":1336,\"height\":224,\"caption\":\"Cinema & Video\"},\"image\":{\"@id\":\"https:\\\/\\\/cinema.video\\\/it#\\\/schema\\\/logo\\\/image\\\/\"},\"sameAs\":[\"https:\\\/\\\/www.facebook.com\\\/CinemaVideoInternational\\\/\",\"https:\\\/\\\/www.instagram.com\\\/cinemaevideointernational\\\/\",\"https:\\\/\\\/it.linkedin.com\\\/company\\\/cinema-video-international\"],\"description\":\"Media Consulting & Marketing Agency\",\"email\":\"hello@darostudio.com\",\"legalName\":\"DARO studio LLC\",\"foundingDate\":\"2021-02-16\",\"numberOfEmployees\":{\"@type\":\"QuantitativeValue\",\"minValue\":\"1\",\"maxValue\":\"10\"}},{\"@type\":\"Person\",\"@id\":\"https:\\\/\\\/cinema.video\\\/it#\\\/schema\\\/person\\\/1ee8b2699ef9820dce5f2d4deb57c0be\",\"name\":\"Monica Tasciotti\",\"image\":{\"@type\":\"ImageObject\",\"inLanguage\":\"it-IT\",\"@id\":\"https:\\\/\\\/secure.gravatar.com\\\/avatar\\\/b6c16aab817044746bca86a66f5c3d236a2ce9151db90e36a71509f650f31bf9?s=96&d=mm&r=g\",\"url\":\"https:\\\/\\\/secure.gravatar.com\\\/avatar\\\/b6c16aab817044746bca86a66f5c3d236a2ce9151db90e36a71509f650f31bf9?s=96&d=mm&r=g\",\"contentUrl\":\"https:\\\/\\\/secure.gravatar.com\\\/avatar\\\/b6c16aab817044746bca86a66f5c3d236a2ce9151db90e36a71509f650f31bf9?s=96&d=mm&r=g\",\"caption\":\"Monica Tasciotti\"},\"url\":\"https:\\\/\\\/cinema.video\\\/it\\\/author\\\/monica-tasciotti\"}]}<\/script>\n<!-- \/ Yoast SEO Premium plugin. -->","yoast_head_json":{"title":"CARTOON MOVIE D\u2019Al\u00f2 e Malta candidati per la miglior regia - Cinema &amp; Video International","description":"CARTOON MOVIE D\u2019Al\u00f2 e Malta candidati per la miglior regia \u2013 cartoon movie dal e malta candidati. Enzo D\u2019Al\u00f2 per il film Mary e lo spirito di mezzanotte","robots":{"index":"index","follow":"follow","max-snippet":"max-snippet:-1","max-image-preview":"max-image-preview:large","max-video-preview":"max-video-preview:-1"},"canonical":"https:\/\/cinema.video\/it\/cartoon-movie-dalo-e-malta-candidati-per-la-miglior-regia","og_locale":"it_IT","og_type":"article","og_title":"CARTOON MOVIE D\u2019Al\u00f2 e Malta candidati per la miglior regia","og_description":"CARTOON MOVIE D\u2019Al\u00f2 e Malta candidati per la miglior regia \u2013 cartoon movie dal e malta candidati. Enzo D\u2019Al\u00f2 per il film Mary e lo spirito di mezzanotte","og_url":"https:\/\/cinema.video\/it\/cartoon-movie-dalo-e-malta-candidati-per-la-miglior-regia","og_site_name":"Cinema &amp; Video International","article_publisher":"https:\/\/www.facebook.com\/CinemaVideoInternational\/","article_published_time":"2024-02-14T08:00:00+00:00","article_modified_time":"2026-04-10T02:04:26+00:00","og_image":[{"width":8333,"height":2917,"url":"https:\/\/cinema.video\/wp-content\/uploads\/2024\/02\/logo-Cartoon-Tributes.png","type":"image\/png"}],"author":"Monica Tasciotti","twitter_card":"summary_large_image","twitter_misc":{"Scritto da":"Monica Tasciotti","Tempo di lettura stimato":"3 minuti"},"schema":{"@context":"https:\/\/schema.org","@graph":[{"@type":"Article","@id":"https:\/\/cinema.video\/it\/cartoon-movie-dalo-e-malta-candidati-per-la-miglior-regia#article","isPartOf":{"@id":"https:\/\/cinema.video\/it\/cartoon-movie-dalo-e-malta-candidati-per-la-miglior-regia"},"author":{"name":"Monica Tasciotti","@id":"https:\/\/cinema.video\/it#\/schema\/person\/1ee8b2699ef9820dce5f2d4deb57c0be"},"headline":"CARTOON MOVIE D\u2019Al\u00f2 e Malta candidati per la miglior regia","datePublished":"2024-02-14T08:00:00+00:00","dateModified":"2026-04-10T02:04:26+00:00","mainEntityOfPage":{"@id":"https:\/\/cinema.video\/it\/cartoon-movie-dalo-e-malta-candidati-per-la-miglior-regia"},"wordCount":396,"publisher":{"@id":"https:\/\/cinema.video\/it#organization"},"image":{"@id":"https:\/\/cinema.video\/it\/cartoon-movie-dalo-e-malta-candidati-per-la-miglior-regia#primaryimage"},"thumbnailUrl":"https:\/\/cinema.video\/wp-content\/uploads\/2024\/02\/logo-Cartoon-Tributes.png","keywords":["ANIMATION","Animazione"],"inLanguage":"it-IT"},{"@type":"WebPage","@id":"https:\/\/cinema.video\/it\/cartoon-movie-dalo-e-malta-candidati-per-la-miglior-regia","url":"https:\/\/cinema.video\/it\/cartoon-movie-dalo-e-malta-candidati-per-la-miglior-regia","name":"CARTOON MOVIE D\u2019Al\u00f2 e Malta candidati per la miglior regia - Cinema &amp; Video International","isPartOf":{"@id":"https:\/\/cinema.video\/it#website"},"primaryImageOfPage":{"@id":"https:\/\/cinema.video\/it\/cartoon-movie-dalo-e-malta-candidati-per-la-miglior-regia#primaryimage"},"image":{"@id":"https:\/\/cinema.video\/it\/cartoon-movie-dalo-e-malta-candidati-per-la-miglior-regia#primaryimage"},"thumbnailUrl":"https:\/\/cinema.video\/wp-content\/uploads\/2024\/02\/logo-Cartoon-Tributes.png","datePublished":"2024-02-14T08:00:00+00:00","dateModified":"2026-04-10T02:04:26+00:00","description":"CARTOON MOVIE D\u2019Al\u00f2 e Malta candidati per la miglior regia \u2013 cartoon movie dal e malta candidati. Enzo D\u2019Al\u00f2 per il film Mary e lo spirito di mezzanotte","breadcrumb":{"@id":"https:\/\/cinema.video\/it\/cartoon-movie-dalo-e-malta-candidati-per-la-miglior-regia#breadcrumb"},"inLanguage":"it-IT","potentialAction":[{"@type":"ReadAction","target":["https:\/\/cinema.video\/it\/cartoon-movie-dalo-e-malta-candidati-per-la-miglior-regia"]}]},{"@type":"ImageObject","inLanguage":"it-IT","@id":"https:\/\/cinema.video\/it\/cartoon-movie-dalo-e-malta-candidati-per-la-miglior-regia#primaryimage","url":"https:\/\/cinema.video\/wp-content\/uploads\/2024\/02\/logo-Cartoon-Tributes.png","contentUrl":"https:\/\/cinema.video\/wp-content\/uploads\/2024\/02\/logo-Cartoon-Tributes.png","width":8333,"height":2917},{"@type":"BreadcrumbList","@id":"https:\/\/cinema.video\/it\/cartoon-movie-dalo-e-malta-candidati-per-la-miglior-regia#breadcrumb","itemListElement":[{"@type":"ListItem","position":1,"name":"Home","item":"https:\/\/cinema.video\/it\/home-2"},{"@type":"ListItem","position":2,"name":"CARTOON MOVIE D\u2019Al\u00f2 e Malta candidati per la miglior regia"}]},{"@type":"WebSite","@id":"https:\/\/cinema.video\/it#website","url":"https:\/\/cinema.video\/it","name":"Cinema & Video International","description":"Film &amp; Audiovisual Industry Trade Magazine","publisher":{"@id":"https:\/\/cinema.video\/it#organization"},"alternateName":"Cinema & Video","potentialAction":[{"@type":"SearchAction","target":{"@type":"EntryPoint","urlTemplate":"https:\/\/cinema.video\/it?s={search_term_string}"},"query-input":{"@type":"PropertyValueSpecification","valueRequired":true,"valueName":"search_term_string"}}],"inLanguage":"it-IT"},{"@type":"Organization","@id":"https:\/\/cinema.video\/it#organization","name":"Cinema & Video","url":"https:\/\/cinema.video\/it","logo":{"@type":"ImageObject","inLanguage":"it-IT","@id":"https:\/\/cinema.video\/it#\/schema\/logo\/image\/","url":"https:\/\/cinema.video\/wp-content\/uploads\/2026\/04\/CinemVideo_LogoBlack.png","contentUrl":"https:\/\/cinema.video\/wp-content\/uploads\/2026\/04\/CinemVideo_LogoBlack.png","width":1336,"height":224,"caption":"Cinema & Video"},"image":{"@id":"https:\/\/cinema.video\/it#\/schema\/logo\/image\/"},"sameAs":["https:\/\/www.facebook.com\/CinemaVideoInternational\/","https:\/\/www.instagram.com\/cinemaevideointernational\/","https:\/\/it.linkedin.com\/company\/cinema-video-international"],"description":"Media Consulting & Marketing Agency","email":"hello@darostudio.com","legalName":"DARO studio LLC","foundingDate":"2021-02-16","numberOfEmployees":{"@type":"QuantitativeValue","minValue":"1","maxValue":"10"}},{"@type":"Person","@id":"https:\/\/cinema.video\/it#\/schema\/person\/1ee8b2699ef9820dce5f2d4deb57c0be","name":"Monica Tasciotti","image":{"@type":"ImageObject","inLanguage":"it-IT","@id":"https:\/\/secure.gravatar.com\/avatar\/b6c16aab817044746bca86a66f5c3d236a2ce9151db90e36a71509f650f31bf9?s=96&d=mm&r=g","url":"https:\/\/secure.gravatar.com\/avatar\/b6c16aab817044746bca86a66f5c3d236a2ce9151db90e36a71509f650f31bf9?s=96&d=mm&r=g","contentUrl":"https:\/\/secure.gravatar.com\/avatar\/b6c16aab817044746bca86a66f5c3d236a2ce9151db90e36a71509f650f31bf9?s=96&d=mm&r=g","caption":"Monica Tasciotti"},"url":"https:\/\/cinema.video\/it\/author\/monica-tasciotti"}]}},"jetpack_featured_media_url":"https:\/\/cinema.video\/wp-content\/uploads\/2024\/02\/logo-Cartoon-Tributes.png","jetpack_shortlink":"https:\/\/wp.me\/ph672m-1fat","_links":{"self":[{"href":"https:\/\/cinema.video\/it\/wp-json\/wp\/v2\/posts\/296637","targetHints":{"allow":["GET"]}}],"collection":[{"href":"https:\/\/cinema.video\/it\/wp-json\/wp\/v2\/posts"}],"about":[{"href":"https:\/\/cinema.video\/it\/wp-json\/wp\/v2\/types\/post"}],"author":[{"embeddable":true,"href":"https:\/\/cinema.video\/it\/wp-json\/wp\/v2\/users\/14"}],"replies":[{"embeddable":true,"href":"https:\/\/cinema.video\/it\/wp-json\/wp\/v2\/comments?post=296637"}],"version-history":[{"count":1,"href":"https:\/\/cinema.video\/it\/wp-json\/wp\/v2\/posts\/296637\/revisions"}],"predecessor-version":[{"id":309270,"href":"https:\/\/cinema.video\/it\/wp-json\/wp\/v2\/posts\/296637\/revisions\/309270"}],"wp:featuredmedia":[{"embeddable":true,"href":"https:\/\/cinema.video\/it\/wp-json\/wp\/v2\/media\/296639"}],"wp:attachment":[{"href":"https:\/\/cinema.video\/it\/wp-json\/wp\/v2\/media?parent=296637"}],"wp:term":[{"taxonomy":"category","embeddable":true,"href":"https:\/\/cinema.video\/it\/wp-json\/wp\/v2\/categories?post=296637"},{"taxonomy":"post_tag","embeddable":true,"href":"https:\/\/cinema.video\/it\/wp-json\/wp\/v2\/tags?post=296637"}],"curies":[{"name":"wp","href":"https:\/\/api.w.org\/{rel}","templated":true}]}}