{"id":296560,"date":"2024-01-29T13:35:57","date_gmt":"2024-01-29T12:35:57","guid":{"rendered":"https:\/\/cinema.video\/?p=296560"},"modified":"2026-04-10T04:04:16","modified_gmt":"2026-04-10T02:04:16","slug":"annunciati-i-15-documentari-che-concorreranno-per-il-69-david-di-donatello-al-miglior-documentario-intitolato-a-cecilia-mangini","status":"publish","type":"post","link":"https:\/\/cinema.video\/it\/annunciati-i-15-documentari-che-concorreranno-per-il-69-david-di-donatello-al-miglior-documentario-intitolato-a-cecilia-mangini","title":{"rendered":"DAVID di Donatello Premio Cecilia Mangini 15 i documentari in gara"},"content":{"rendered":"\n<p class=\"wp-block-paragraph\">Sono quindici le opere che concorreranno quest\u2019anno al Premio David di Donatello \u2013 Cecilia Mangini 2024 per il miglior documentario. Lo annuncia Piera Detassis, Presidente e Direttrice Artistica dell&#8217;Accademia del Cinema Italiano \u2013 Premi David di Donatello in accordo con il Consiglio Direttivo composto da Nicola Borrelli, Francesca Cima, Edoardo De Angelis, Domenico Dinoia, Francesco Giambrone, Valeria Golino, Giancarlo Leone, Luigi Lonigro, Mario Lorini, Francesco Ranieri Martinotti, Francesco Rutelli.<\/p>\n\n\n\n<p class=\"wp-block-paragraph\">La commissione per i documentari composta da Guido Albonetti, Pedro Armocida, Osvaldo Bargero, Raffaella Giancristofaro, Stefania Ippoliti, Betta Lodoli, Pinangelo Marino e Giacomo Ravesi ha proposto una selezione pi\u00f9 ampia, di quindici titoli anzich\u00e9 dieci, com\u2019era gi\u00e0 avvenuto nel 2019 e 2020, visto \u00abil ritrovato interesse dell\u2019industria per le molteplici forme del cinema del reale, accolto da un\u2019importanterisposta di pubblico, e sulla base della qualit\u00e0 che abbiamo riscontrato, con l\u2019idea di restituire alla Giuria dell\u2019Accademia una fotografia il pi\u00f9 possibile rappresentativa della produzione nazionale\u00bb.<\/p>\n\n\n\n<p class=\"wp-block-paragraph\">I film selezionati per concorrere al Premio David di Donatello \u2013 Cecilia Mangini 2024 per il miglior documentario sono:<\/p>\n\n\n\n<p class=\"wp-block-paragraph\"><strong><em>Chutzpah \u2013 Qualcosa sul Pudore<\/em> di Monica Stambrini<\/strong><\/p>\n\n\n\n<p class=\"wp-block-paragraph\">Nel pieno di una crisi personale e lavorativa, la regista comincia a filmare la sua vita, se stessa, i suoi genitori, i suoi figli, i suoi amici e amanti, le sue sedute di psicoterapia, apparentemente senza una ragione, se non quella di rispondere alla domanda: chi sono?<\/p>\n\n\n\n<p class=\"wp-block-paragraph\"><strong><em>Enzo Jannacci \u2013 Vengo Anch\u2019io<\/em> di Giorgio Verdelli<\/strong><\/p>\n\n\n\n<p class=\"wp-block-paragraph\">Il talento immenso e spiazzante di Enzo Jannacci raccontato, sullo sfondo di una Milano senza tempo, attraverso prestigiose testimonianze di amici e colleghi, dal figlio Paolo a Vasco Rossi e poi Paolo Conte, Claudio Bisio, Diego Abatantuono, Roberto Vecchioni e molti altri.<\/p>\n\n\n\n<p class=\"wp-block-paragraph\"><strong><em>Fela, Il Mio Dio Vivente Di<\/em> Daniele Vicari<\/strong><\/p>\n\n\n\n<p class=\"wp-block-paragraph\">Primi anni &#8217;80: un giovane regista, Michele Avantario, incontra il grande musicista e rivoluzionario nigeriano Fela Kuti e da quel momento dedica la sua vita alla realizzazione di un film interpretato dallo stesso Fela. Non ci riuscir\u00e0 mai, ma scoprir\u00e0 qualcosa di pi\u00f9 importante per lui: una nuova idea di esistenza.<\/p>\n\n\n\n<p class=\"wp-block-paragraph\"><strong><em>Io, Noi e Gaber <\/em>di Riccardo Milani<\/strong><\/p>\n\n\n\n<p class=\"wp-block-paragraph\">A vent&#8217;anni dalla scomparsa il primo docufilm ufficiale su Giorgio Gaber, protagonista di una pagina irripetibile dello spettacolo italiano, dalla musica leggera al teatro canzone: dalla storia pi\u00f9 privata evocata dalle parole della figlia e delle persone a lui pi\u00f9 vicine al racconto corale di grandi personaggi che lo hanno amato.&nbsp;<\/p>\n\n\n\n<p class=\"wp-block-paragraph\"><strong><em>Kripton <\/em>di Francesco Munzi<\/strong><\/p>\n\n\n\n<p class=\"wp-block-paragraph\">Un\u2019indagine sulla vita sospesa di sei ragazzi, tra i venti e i trent&#8217;anni, volontariamente ricoverati in due comunit\u00e0\u0300 psichiatriche della periferia romana, che combattono con disturbi della personalit\u00e0\u0300 e stati di alterazione. La condizione estrema del disturbo mentale diventa la chiave per avvicinarsi all&#8217;abisso misterioso della nostra mente, e possibile metafora del nostro tempo.<\/p>\n\n\n\n<p class=\"wp-block-paragraph\"><strong><em>Laggi\u00f9 Qualcuno Mi Ama <\/em>di Mario Martone<\/strong><\/p>\n\n\n\n<p class=\"wp-block-paragraph\">Il viaggio personale di Mario Martone nel cinema di Massimo Troisi nella citt\u00e0 comune ai due registi, Napoli. Col montaggio dei film si intersecano alcune conversazioni con artisti che lo hanno amato e ne sono stati influenzati, e con Anna Pavignano, che con Troisi scriveva i suoi film.<\/p>\n\n\n\n<p class=\"wp-block-paragraph\"><strong><em>Le Mura di Bergamo <\/em>di Stefano Savona<\/strong><\/p>\n\n\n\n<p class=\"wp-block-paragraph\">Bergamo, marzo 2020: l&#8217;epidemia di Covid-19 \u00e8 scoppiata, le strade si sono svuotate, gli incontri sono proibiti. Dopo gli incubi di questa notte infinita, i sopravvissuti si risvegliano in una citt\u00e0 sconosciuta. Medici, infermieri, pazienti, volontari, e anche chi \u00e8 solo stato sfiorato dalla tragedia, cercano un proprio ruolo nel processo di guarigione collettiva.&nbsp;<\/p>\n\n\n\n<p class=\"wp-block-paragraph\"><strong><em>Mur <\/em><\/strong><em>di<\/em> <strong>Kasia Smutniak<\/strong><\/p>\n\n\n\n<p class=\"wp-block-paragraph\">Kasia Smutniak esordisce alla regia con un film che \u00e8 allo stesso tempo un diario intimo e una denuncia, girato tra i migranti al confine tra Polonia e Bielorussia, nella zona rossa dove l&#8217;accesso non \u00e8 consentito ai media, ma anche nei pressi del cimitero ebraico del ghetto di \u0141od\u017a, di fronte alla casa dei nonni dove Smutniak giocava da bambina.&nbsp;<\/p>\n\n\n\n<p class=\"wp-block-paragraph\"><strong><em>N\u2019en Parlons Plus (Non Ne Parliamo Pi\u00f9) <\/em>di C\u00e9cile Khindria e Vittorio Moroni<\/strong><\/p>\n\n\n\n<p class=\"wp-block-paragraph\">Quando Sarah, 30 anni, diventa madre, decide di rompere l&#8217;omert\u00e0 imposta dal padre sul passato della sua famiglia: durante la guerra d&#8217;Algeria, suo nonno ha combattuto a fianco dei francesi contro l&#8217;indipendenza del suo popolo. La famiglia fugge a Marsiglia, ma viene rinchiusa in un campo.<\/p>\n\n\n\n<p class=\"wp-block-paragraph\"><strong><em>Raffa <\/em>di Daniele Luchetti<\/strong><\/p>\n\n\n\n<p class=\"wp-block-paragraph\">Una docuserie che ripercorre la vita pubblica e privata di Raffaella Carr\u00e0, simbolo di libert\u00e0 e di parit\u00e0 tra i sessi negli anni &#8217;70, regina della TV pubblica negli anni &#8217;80 e icona LGBTQ negli anni &#8217;90: un mito che supera ogni barriera culturale e generazionale, ma anche un mistero di cui nessuno possiede la chiave.<\/p>\n\n\n\n<p class=\"wp-block-paragraph\"><strong><em>Roma, Santa e Dannata <\/em><\/strong>di<strong> Daniele Cipr\u00ec, Roberto D\u2019Agostino, Marco Giusti<\/strong><\/p>\n\n\n\n<p class=\"wp-block-paragraph\">Un viaggio nella notte romana durante il quale Roberto D&#8217;Agostino racconta all&#8217;amico Marco Giusti, ripresi da Daniele Cipr\u00ec, perch\u00e9 Roma \u00e8 una citt\u00e0 unica e infernale, capace di tutto. Un viaggio al calar delle tenebre perch\u00e9 \u00e8 di notte che si percepisce meglio il frastuono del mondo.<\/p>\n\n\n\n<p class=\"wp-block-paragraph\"><strong><em>Sconosciuti Puri <\/em>di Valentina Cicogna e Mattia Colombo\u00a0<\/strong><\/p>\n\n\n\n<p class=\"wp-block-paragraph\">Ogni notte nella sala autopsie della dottoressa Cristina Cattaneo arrivano corpi senza nome. Lei li chiama gli Sconosciuti Puri, che appartengono spesso ai margini della societ\u00e0: senzatetto, prostitute, adolescenti in fuga. Ultimamente sono soprattutto migranti. Cosa succede quando i morti hanno perso la loro identit\u00e0\u0300?&nbsp;<\/p>\n\n\n\n<p class=\"wp-block-paragraph\"><strong><em>Semidei <\/em>di Fabio Mollo e Alessandra Cataleta<\/strong><\/p>\n\n\n\n<p class=\"wp-block-paragraph\">Mezzo secolo di storia ripercorso raccontando le due statue bronzee meglio conservate al mondo, i Bronzi di Riace, riemersi nel 1972 dopo duemila anni passati sott&#8217;acqua. Interviste e documenti inediti, testimonianze dirette e il racconto di un presente in tumulto sono il cuore di questo viaggio.&nbsp;<\/p>\n\n\n\n<p class=\"wp-block-paragraph\"><strong><em>Taxibol <\/em>di Tommaso Santambrogio<\/strong><\/p>\n\n\n\n<p class=\"wp-block-paragraph\">Il famoso regista filippino Lav Diaz e Gustavo Flecha, tassista cubano, si ritrovano a discutere di politica, migrazione, condizioni sociali e amore fra le strade cubane. Lav in realt\u00e0 sta cercando un misterioso, violento ex generale scappato dalle Filippine al termine della dittatura di Marcos, Juan Mijares Cruz, che si dice viva nascosto nell&#8217;entroterra cubano.<\/p>\n\n\n\n<p class=\"wp-block-paragraph\"><strong><em>Umberto Eco \u2013 La Biblioteca Del Mondo <\/em>di Davide Ferrario<\/strong><\/p>\n\n\n\n<p class=\"wp-block-paragraph\">La biblioteca privata di Umberto Eco era un mondo a s\u00e9: pi\u00f9 di 30.000 volumi di titoli contemporanei e 1.500 libri rari e antichi. Davide Ferrario ha avuto accesso alla biblioteca grazie alla famiglia: ne \u00e8 nato un documentario che cerca di afferrare il senso dell&#8217;idea di biblioteca in quanto &#8220;memoria del mondo&#8221;.<\/p>\n\n\n\n<p class=\"wp-block-paragraph\">La Giuria dell\u2019Accademia voter\u00e0 una prima volta per individuare la cinquina di candidati al premio e, successivamente, decreter\u00e0 il vincitore del David per il miglior documentario che dal 2021 \u00e8 stato intitolato alla memoria di Cecilia Mangini, instancabile indagatrice del reale e indimenticata pioniera e outsider del cinema italiano.<\/p>\n\n\n\n<p class=\"wp-block-paragraph\">La Commissione ha cos\u00ec motivato la selezione 2024:<\/p>\n\n\n\n<p class=\"wp-block-paragraph\">\u00abDalla sua prima selezione, nel 2019, questa Commissione ha registrato con soddisfazione e orgoglio il consistente incremento della produzione documentaria. Il ritrovato interesse dell\u2019industria per le molteplici forme del cinema del reale \u00e8 stato innegabilmente accolto da un\u2019importante&nbsp;risposta di pubblico, in sala e sulle altre piattaforme di distribuzione. Secondo i dati Cinetel, nel 2023 sono stati distribuiti nelle sale cinematografiche ben 140 documentari contro i 56 del 2017 e i 61 del 2019.<\/p>\n\n\n\n<p class=\"wp-block-paragraph\">A fronte di questi numeri molto significativi, sulla base della qualit\u00e0 che abbiamo riscontrato e con l\u2019idea di restituire alla Giuria dell\u2019Accademia una fotografia il pi\u00f9 possibile rappresentativa della produzione nazionale, per il 2024 la Commissione propone quindi, come era avvenuto nel 2019 e nel 2020, una selezione pi\u00f9 ampia, di 15 titoli su 138 iscritti, e non pi\u00f9 10.&nbsp;<\/p>\n\n\n\n<p class=\"wp-block-paragraph\">Tra le opere scelte compaiono i film di alcuni registi gi\u00e0 affermati nel cinema non documentario, spesso protagonisti di una tendenza, quella biografica, che si afferma sempre pi\u00f9 e si lega frequentemente a importanti figure musicali e dello spettacolo, realizzata anche in modalit\u00e0 seriale. A questi si affiancano le opere di altre generazioni di autori che intercettano e sintetizzano i temi e le urgenze della societ\u00e0 contemporanea, mettono in relazione il presente col passato, si aprono a esperienze e a sguardi internazionali. Una tendenza che ci fa piacere segnalare anche quest\u2019anno \u00e8 la presenza di pi\u00f9 co-regie, nelle quali \u00e8 significativa la presenza di autrici.&nbsp;<\/p>\n\n\n\n<p class=\"wp-block-paragraph\">Dall\u2019osservazione della produzione 2023 il documentario conferma una vitalit\u00e0 smagliante, la pluralit\u00e0 di vocazioni \u2013 tra cui quella informativa, di strumento conoscitivo prossimo all\u2019inchiesta giornalistica \u2013 e la sua intrinseca, straordinaria capacit\u00e0 di ibridare e tenere insieme tra loro linguaggi, tecnologie e approcci molto differenti, riusare immagini preesistenti, fare racconto di archivi e sentimenti privati, illuminare contesti e individui marginali o dimenticati, interpellare la collettivit\u00e0.&nbsp;<\/p>\n\n\n\n<p class=\"wp-block-paragraph\">Sottoponiamo questa selezione alla Giuria dell\u2019Accademia e alla stampa sperando di aver contribuito anche quest\u2019anno a comunicare in modo pi\u00f9 completo le varie anime di un panorama produttivo eterogeneo. Consapevoli del fatto che produzioni e distribuzioni sostengono con sempre pi\u00f9 forza e convinzione queste opere\u00bb.&nbsp;<\/p>\n\n\n\n<p class=\"wp-block-paragraph\">Per le biografie degli otto membri della Commissione selezionatrice <a href=\"https:\/\/www.davidnews.it\/documentari\/selezionatori-documentari-2024.php\"><strong>clicca qui<\/strong><\/a>:<\/p>\n","protected":false},"excerpt":{"rendered":"<p>Annunciati i 15 documentari che concorreranno per il 69. David di Donatello al Miglior Documentario intitolato a Cecilia Mangini<\/p>\n","protected":false},"author":26,"featured_media":296561,"comment_status":"closed","ping_status":"closed","sticky":false,"template":"","format":"standard","meta":{"googlesitekit_rrm_CAow3e7fCw:productID":"","_crdt_document":"","footnotes":""},"categories":[2331],"tags":[2317,2334,356,214],"class_list":{"0":"post-296560","1":"post","2":"type-post","3":"status-publish","4":"format-standard","5":"has-post-thumbnail","7":"category-awards","8":"tag-awards","9":"tag-events","10":"tag-focus","11":"tag-premi"},"yoast_head":"<!-- This site is optimized with the Yoast SEO Premium plugin v27.4 (Yoast SEO v27.4) - https:\/\/yoast.com\/product\/yoast-seo-premium-wordpress\/ -->\n<title>DAVID di Donatello Premio Cecilia Mangini 15 i documentari in gara - Cinema &amp; Video International<\/title>\n<meta name=\"description\" content=\"DAVID di Donatello Premio Cecilia Mangini 15 i documentari in gara \u2013 david di donatello premio cecilia mangini. Sono quindici le opere che concorreranno q\" \/>\n<meta name=\"robots\" content=\"index, follow, max-snippet:-1, max-image-preview:large, max-video-preview:-1\" \/>\n<link rel=\"canonical\" href=\"https:\/\/cinema.video\/it\/annunciati-i-15-documentari-che-concorreranno-per-il-69-david-di-donatello-al-miglior-documentario-intitolato-a-cecilia-mangini\" \/>\n<meta property=\"og:locale\" content=\"it_IT\" \/>\n<meta property=\"og:type\" content=\"article\" \/>\n<meta property=\"og:title\" content=\"DAVID di Donatello Premio Cecilia Mangini 15 i documentari in gara\" \/>\n<meta property=\"og:description\" content=\"DAVID di Donatello Premio Cecilia Mangini 15 i documentari in gara \u2013 david di donatello premio cecilia mangini. Sono quindici le opere che concorreranno q\" \/>\n<meta property=\"og:url\" content=\"https:\/\/cinema.video\/it\/annunciati-i-15-documentari-che-concorreranno-per-il-69-david-di-donatello-al-miglior-documentario-intitolato-a-cecilia-mangini\" \/>\n<meta property=\"og:site_name\" content=\"Cinema &amp; Video International\" \/>\n<meta property=\"article:publisher\" content=\"https:\/\/www.facebook.com\/CinemaVideoInternational\/\" \/>\n<meta property=\"article:published_time\" content=\"2024-01-29T12:35:57+00:00\" \/>\n<meta property=\"article:modified_time\" content=\"2026-04-10T02:04:16+00:00\" \/>\n<meta property=\"og:image\" content=\"https:\/\/cinema.video\/wp-content\/uploads\/2024\/01\/selezione-documentari-1080.jpg\" \/>\n\t<meta property=\"og:image:width\" content=\"1134\" \/>\n\t<meta property=\"og:image:height\" content=\"756\" \/>\n\t<meta property=\"og:image:type\" content=\"image\/jpeg\" \/>\n<meta name=\"author\" content=\"Redazione\" \/>\n<meta name=\"twitter:card\" content=\"summary_large_image\" \/>\n<meta name=\"twitter:label1\" content=\"Scritto da\" \/>\n\t<meta name=\"twitter:data1\" content=\"Redazione\" \/>\n\t<meta name=\"twitter:label2\" content=\"Tempo di lettura stimato\" \/>\n\t<meta name=\"twitter:data2\" content=\"8 minuti\" \/>\n<script type=\"application\/ld+json\" class=\"yoast-schema-graph\">{\"@context\":\"https:\\\/\\\/schema.org\",\"@graph\":[{\"@type\":\"Article\",\"@id\":\"https:\\\/\\\/cinema.video\\\/it\\\/annunciati-i-15-documentari-che-concorreranno-per-il-69-david-di-donatello-al-miglior-documentario-intitolato-a-cecilia-mangini#article\",\"isPartOf\":{\"@id\":\"https:\\\/\\\/cinema.video\\\/it\\\/annunciati-i-15-documentari-che-concorreranno-per-il-69-david-di-donatello-al-miglior-documentario-intitolato-a-cecilia-mangini\"},\"author\":{\"name\":\"Redazione\",\"@id\":\"https:\\\/\\\/cinema.video\\\/it#\\\/schema\\\/person\\\/aeb01b91d874e8b01e76a1db04c668c6\"},\"headline\":\"DAVID di Donatello Premio Cecilia Mangini 15 i documentari in gara\",\"datePublished\":\"2024-01-29T12:35:57+00:00\",\"dateModified\":\"2026-04-10T02:04:16+00:00\",\"mainEntityOfPage\":{\"@id\":\"https:\\\/\\\/cinema.video\\\/it\\\/annunciati-i-15-documentari-che-concorreranno-per-il-69-david-di-donatello-al-miglior-documentario-intitolato-a-cecilia-mangini\"},\"wordCount\":1462,\"publisher\":{\"@id\":\"https:\\\/\\\/cinema.video\\\/it#organization\"},\"image\":{\"@id\":\"https:\\\/\\\/cinema.video\\\/it\\\/annunciati-i-15-documentari-che-concorreranno-per-il-69-david-di-donatello-al-miglior-documentario-intitolato-a-cecilia-mangini#primaryimage\"},\"thumbnailUrl\":\"https:\\\/\\\/cinema.video\\\/wp-content\\\/uploads\\\/2024\\\/01\\\/selezione-documentari-1080.jpg\",\"keywords\":[\"AWARDS\",\"EVENTS\",\"focus\",\"Premi\"],\"articleSection\":[\"AWARDS\"],\"inLanguage\":\"it-IT\"},{\"@type\":\"WebPage\",\"@id\":\"https:\\\/\\\/cinema.video\\\/it\\\/annunciati-i-15-documentari-che-concorreranno-per-il-69-david-di-donatello-al-miglior-documentario-intitolato-a-cecilia-mangini\",\"url\":\"https:\\\/\\\/cinema.video\\\/it\\\/annunciati-i-15-documentari-che-concorreranno-per-il-69-david-di-donatello-al-miglior-documentario-intitolato-a-cecilia-mangini\",\"name\":\"DAVID di Donatello Premio Cecilia Mangini 15 i documentari in gara - Cinema &amp; Video International\",\"isPartOf\":{\"@id\":\"https:\\\/\\\/cinema.video\\\/it#website\"},\"primaryImageOfPage\":{\"@id\":\"https:\\\/\\\/cinema.video\\\/it\\\/annunciati-i-15-documentari-che-concorreranno-per-il-69-david-di-donatello-al-miglior-documentario-intitolato-a-cecilia-mangini#primaryimage\"},\"image\":{\"@id\":\"https:\\\/\\\/cinema.video\\\/it\\\/annunciati-i-15-documentari-che-concorreranno-per-il-69-david-di-donatello-al-miglior-documentario-intitolato-a-cecilia-mangini#primaryimage\"},\"thumbnailUrl\":\"https:\\\/\\\/cinema.video\\\/wp-content\\\/uploads\\\/2024\\\/01\\\/selezione-documentari-1080.jpg\",\"datePublished\":\"2024-01-29T12:35:57+00:00\",\"dateModified\":\"2026-04-10T02:04:16+00:00\",\"description\":\"DAVID di Donatello Premio Cecilia Mangini 15 i documentari in gara \u2013 david di donatello premio cecilia mangini. Sono quindici le opere che concorreranno q\",\"breadcrumb\":{\"@id\":\"https:\\\/\\\/cinema.video\\\/it\\\/annunciati-i-15-documentari-che-concorreranno-per-il-69-david-di-donatello-al-miglior-documentario-intitolato-a-cecilia-mangini#breadcrumb\"},\"inLanguage\":\"it-IT\",\"potentialAction\":[{\"@type\":\"ReadAction\",\"target\":[\"https:\\\/\\\/cinema.video\\\/it\\\/annunciati-i-15-documentari-che-concorreranno-per-il-69-david-di-donatello-al-miglior-documentario-intitolato-a-cecilia-mangini\"]}]},{\"@type\":\"ImageObject\",\"inLanguage\":\"it-IT\",\"@id\":\"https:\\\/\\\/cinema.video\\\/it\\\/annunciati-i-15-documentari-che-concorreranno-per-il-69-david-di-donatello-al-miglior-documentario-intitolato-a-cecilia-mangini#primaryimage\",\"url\":\"https:\\\/\\\/cinema.video\\\/wp-content\\\/uploads\\\/2024\\\/01\\\/selezione-documentari-1080.jpg\",\"contentUrl\":\"https:\\\/\\\/cinema.video\\\/wp-content\\\/uploads\\\/2024\\\/01\\\/selezione-documentari-1080.jpg\",\"width\":1134,\"height\":756,\"caption\":\"Annunciati i 15 documentari che concorreranno per il 69. David di Donatello al Miglior Documentario intitolato a Cecilia Mangini\"},{\"@type\":\"BreadcrumbList\",\"@id\":\"https:\\\/\\\/cinema.video\\\/it\\\/annunciati-i-15-documentari-che-concorreranno-per-il-69-david-di-donatello-al-miglior-documentario-intitolato-a-cecilia-mangini#breadcrumb\",\"itemListElement\":[{\"@type\":\"ListItem\",\"position\":1,\"name\":\"Home\",\"item\":\"https:\\\/\\\/cinema.video\\\/it\\\/home-2\"},{\"@type\":\"ListItem\",\"position\":2,\"name\":\"DAVID di Donatello Premio Cecilia Mangini 15 i documentari in gara\"}]},{\"@type\":\"WebSite\",\"@id\":\"https:\\\/\\\/cinema.video\\\/it#website\",\"url\":\"https:\\\/\\\/cinema.video\\\/it\",\"name\":\"Cinema & Video International\",\"description\":\"Film &amp; Audiovisual Industry Trade Magazine\",\"publisher\":{\"@id\":\"https:\\\/\\\/cinema.video\\\/it#organization\"},\"alternateName\":\"Cinema & Video\",\"potentialAction\":[{\"@type\":\"SearchAction\",\"target\":{\"@type\":\"EntryPoint\",\"urlTemplate\":\"https:\\\/\\\/cinema.video\\\/it?s={search_term_string}\"},\"query-input\":{\"@type\":\"PropertyValueSpecification\",\"valueRequired\":true,\"valueName\":\"search_term_string\"}}],\"inLanguage\":\"it-IT\"},{\"@type\":\"Organization\",\"@id\":\"https:\\\/\\\/cinema.video\\\/it#organization\",\"name\":\"Cinema & Video\",\"url\":\"https:\\\/\\\/cinema.video\\\/it\",\"logo\":{\"@type\":\"ImageObject\",\"inLanguage\":\"it-IT\",\"@id\":\"https:\\\/\\\/cinema.video\\\/it#\\\/schema\\\/logo\\\/image\\\/\",\"url\":\"https:\\\/\\\/cinema.video\\\/wp-content\\\/uploads\\\/2026\\\/04\\\/CinemVideo_LogoBlack.png\",\"contentUrl\":\"https:\\\/\\\/cinema.video\\\/wp-content\\\/uploads\\\/2026\\\/04\\\/CinemVideo_LogoBlack.png\",\"width\":1336,\"height\":224,\"caption\":\"Cinema & Video\"},\"image\":{\"@id\":\"https:\\\/\\\/cinema.video\\\/it#\\\/schema\\\/logo\\\/image\\\/\"},\"sameAs\":[\"https:\\\/\\\/www.facebook.com\\\/CinemaVideoInternational\\\/\",\"https:\\\/\\\/www.instagram.com\\\/cinemaevideointernational\\\/\",\"https:\\\/\\\/it.linkedin.com\\\/company\\\/cinema-video-international\"],\"description\":\"Media Consulting & Marketing Agency\",\"email\":\"hello@darostudio.com\",\"legalName\":\"DARO studio LLC\",\"foundingDate\":\"2021-02-16\",\"numberOfEmployees\":{\"@type\":\"QuantitativeValue\",\"minValue\":\"1\",\"maxValue\":\"10\"}},{\"@type\":\"Person\",\"@id\":\"https:\\\/\\\/cinema.video\\\/it#\\\/schema\\\/person\\\/aeb01b91d874e8b01e76a1db04c668c6\",\"name\":\"Redazione\",\"image\":{\"@type\":\"ImageObject\",\"inLanguage\":\"it-IT\",\"@id\":\"https:\\\/\\\/secure.gravatar.com\\\/avatar\\\/06ad6f92eb14745b75fb592cadf8139d33242d81c9c8b085133c450aaf0b9731?s=96&d=mm&r=g\",\"url\":\"https:\\\/\\\/secure.gravatar.com\\\/avatar\\\/06ad6f92eb14745b75fb592cadf8139d33242d81c9c8b085133c450aaf0b9731?s=96&d=mm&r=g\",\"contentUrl\":\"https:\\\/\\\/secure.gravatar.com\\\/avatar\\\/06ad6f92eb14745b75fb592cadf8139d33242d81c9c8b085133c450aaf0b9731?s=96&d=mm&r=g\",\"caption\":\"Redazione\"},\"url\":\"https:\\\/\\\/cinema.video\\\/it\\\/author\\\/redazione\"}]}<\/script>\n<!-- \/ Yoast SEO Premium plugin. -->","yoast_head_json":{"title":"DAVID di Donatello Premio Cecilia Mangini 15 i documentari in gara - Cinema &amp; Video International","description":"DAVID di Donatello Premio Cecilia Mangini 15 i documentari in gara \u2013 david di donatello premio cecilia mangini. Sono quindici le opere che concorreranno q","robots":{"index":"index","follow":"follow","max-snippet":"max-snippet:-1","max-image-preview":"max-image-preview:large","max-video-preview":"max-video-preview:-1"},"canonical":"https:\/\/cinema.video\/it\/annunciati-i-15-documentari-che-concorreranno-per-il-69-david-di-donatello-al-miglior-documentario-intitolato-a-cecilia-mangini","og_locale":"it_IT","og_type":"article","og_title":"DAVID di Donatello Premio Cecilia Mangini 15 i documentari in gara","og_description":"DAVID di Donatello Premio Cecilia Mangini 15 i documentari in gara \u2013 david di donatello premio cecilia mangini. Sono quindici le opere che concorreranno q","og_url":"https:\/\/cinema.video\/it\/annunciati-i-15-documentari-che-concorreranno-per-il-69-david-di-donatello-al-miglior-documentario-intitolato-a-cecilia-mangini","og_site_name":"Cinema &amp; Video International","article_publisher":"https:\/\/www.facebook.com\/CinemaVideoInternational\/","article_published_time":"2024-01-29T12:35:57+00:00","article_modified_time":"2026-04-10T02:04:16+00:00","og_image":[{"width":1134,"height":756,"url":"https:\/\/cinema.video\/wp-content\/uploads\/2024\/01\/selezione-documentari-1080.jpg","type":"image\/jpeg"}],"author":"Redazione","twitter_card":"summary_large_image","twitter_misc":{"Scritto da":"Redazione","Tempo di lettura stimato":"8 minuti"},"schema":{"@context":"https:\/\/schema.org","@graph":[{"@type":"Article","@id":"https:\/\/cinema.video\/it\/annunciati-i-15-documentari-che-concorreranno-per-il-69-david-di-donatello-al-miglior-documentario-intitolato-a-cecilia-mangini#article","isPartOf":{"@id":"https:\/\/cinema.video\/it\/annunciati-i-15-documentari-che-concorreranno-per-il-69-david-di-donatello-al-miglior-documentario-intitolato-a-cecilia-mangini"},"author":{"name":"Redazione","@id":"https:\/\/cinema.video\/it#\/schema\/person\/aeb01b91d874e8b01e76a1db04c668c6"},"headline":"DAVID di Donatello Premio Cecilia Mangini 15 i documentari in gara","datePublished":"2024-01-29T12:35:57+00:00","dateModified":"2026-04-10T02:04:16+00:00","mainEntityOfPage":{"@id":"https:\/\/cinema.video\/it\/annunciati-i-15-documentari-che-concorreranno-per-il-69-david-di-donatello-al-miglior-documentario-intitolato-a-cecilia-mangini"},"wordCount":1462,"publisher":{"@id":"https:\/\/cinema.video\/it#organization"},"image":{"@id":"https:\/\/cinema.video\/it\/annunciati-i-15-documentari-che-concorreranno-per-il-69-david-di-donatello-al-miglior-documentario-intitolato-a-cecilia-mangini#primaryimage"},"thumbnailUrl":"https:\/\/cinema.video\/wp-content\/uploads\/2024\/01\/selezione-documentari-1080.jpg","keywords":["AWARDS","EVENTS","focus","Premi"],"articleSection":["AWARDS"],"inLanguage":"it-IT"},{"@type":"WebPage","@id":"https:\/\/cinema.video\/it\/annunciati-i-15-documentari-che-concorreranno-per-il-69-david-di-donatello-al-miglior-documentario-intitolato-a-cecilia-mangini","url":"https:\/\/cinema.video\/it\/annunciati-i-15-documentari-che-concorreranno-per-il-69-david-di-donatello-al-miglior-documentario-intitolato-a-cecilia-mangini","name":"DAVID di Donatello Premio Cecilia Mangini 15 i documentari in gara - Cinema &amp; Video International","isPartOf":{"@id":"https:\/\/cinema.video\/it#website"},"primaryImageOfPage":{"@id":"https:\/\/cinema.video\/it\/annunciati-i-15-documentari-che-concorreranno-per-il-69-david-di-donatello-al-miglior-documentario-intitolato-a-cecilia-mangini#primaryimage"},"image":{"@id":"https:\/\/cinema.video\/it\/annunciati-i-15-documentari-che-concorreranno-per-il-69-david-di-donatello-al-miglior-documentario-intitolato-a-cecilia-mangini#primaryimage"},"thumbnailUrl":"https:\/\/cinema.video\/wp-content\/uploads\/2024\/01\/selezione-documentari-1080.jpg","datePublished":"2024-01-29T12:35:57+00:00","dateModified":"2026-04-10T02:04:16+00:00","description":"DAVID di Donatello Premio Cecilia Mangini 15 i documentari in gara \u2013 david di donatello premio cecilia mangini. Sono quindici le opere che concorreranno q","breadcrumb":{"@id":"https:\/\/cinema.video\/it\/annunciati-i-15-documentari-che-concorreranno-per-il-69-david-di-donatello-al-miglior-documentario-intitolato-a-cecilia-mangini#breadcrumb"},"inLanguage":"it-IT","potentialAction":[{"@type":"ReadAction","target":["https:\/\/cinema.video\/it\/annunciati-i-15-documentari-che-concorreranno-per-il-69-david-di-donatello-al-miglior-documentario-intitolato-a-cecilia-mangini"]}]},{"@type":"ImageObject","inLanguage":"it-IT","@id":"https:\/\/cinema.video\/it\/annunciati-i-15-documentari-che-concorreranno-per-il-69-david-di-donatello-al-miglior-documentario-intitolato-a-cecilia-mangini#primaryimage","url":"https:\/\/cinema.video\/wp-content\/uploads\/2024\/01\/selezione-documentari-1080.jpg","contentUrl":"https:\/\/cinema.video\/wp-content\/uploads\/2024\/01\/selezione-documentari-1080.jpg","width":1134,"height":756,"caption":"Annunciati i 15 documentari che concorreranno per il 69. David di Donatello al Miglior Documentario intitolato a Cecilia Mangini"},{"@type":"BreadcrumbList","@id":"https:\/\/cinema.video\/it\/annunciati-i-15-documentari-che-concorreranno-per-il-69-david-di-donatello-al-miglior-documentario-intitolato-a-cecilia-mangini#breadcrumb","itemListElement":[{"@type":"ListItem","position":1,"name":"Home","item":"https:\/\/cinema.video\/it\/home-2"},{"@type":"ListItem","position":2,"name":"DAVID di Donatello Premio Cecilia Mangini 15 i documentari in gara"}]},{"@type":"WebSite","@id":"https:\/\/cinema.video\/it#website","url":"https:\/\/cinema.video\/it","name":"Cinema & Video International","description":"Film &amp; Audiovisual Industry Trade Magazine","publisher":{"@id":"https:\/\/cinema.video\/it#organization"},"alternateName":"Cinema & Video","potentialAction":[{"@type":"SearchAction","target":{"@type":"EntryPoint","urlTemplate":"https:\/\/cinema.video\/it?s={search_term_string}"},"query-input":{"@type":"PropertyValueSpecification","valueRequired":true,"valueName":"search_term_string"}}],"inLanguage":"it-IT"},{"@type":"Organization","@id":"https:\/\/cinema.video\/it#organization","name":"Cinema & Video","url":"https:\/\/cinema.video\/it","logo":{"@type":"ImageObject","inLanguage":"it-IT","@id":"https:\/\/cinema.video\/it#\/schema\/logo\/image\/","url":"https:\/\/cinema.video\/wp-content\/uploads\/2026\/04\/CinemVideo_LogoBlack.png","contentUrl":"https:\/\/cinema.video\/wp-content\/uploads\/2026\/04\/CinemVideo_LogoBlack.png","width":1336,"height":224,"caption":"Cinema & Video"},"image":{"@id":"https:\/\/cinema.video\/it#\/schema\/logo\/image\/"},"sameAs":["https:\/\/www.facebook.com\/CinemaVideoInternational\/","https:\/\/www.instagram.com\/cinemaevideointernational\/","https:\/\/it.linkedin.com\/company\/cinema-video-international"],"description":"Media Consulting & Marketing Agency","email":"hello@darostudio.com","legalName":"DARO studio LLC","foundingDate":"2021-02-16","numberOfEmployees":{"@type":"QuantitativeValue","minValue":"1","maxValue":"10"}},{"@type":"Person","@id":"https:\/\/cinema.video\/it#\/schema\/person\/aeb01b91d874e8b01e76a1db04c668c6","name":"Redazione","image":{"@type":"ImageObject","inLanguage":"it-IT","@id":"https:\/\/secure.gravatar.com\/avatar\/06ad6f92eb14745b75fb592cadf8139d33242d81c9c8b085133c450aaf0b9731?s=96&d=mm&r=g","url":"https:\/\/secure.gravatar.com\/avatar\/06ad6f92eb14745b75fb592cadf8139d33242d81c9c8b085133c450aaf0b9731?s=96&d=mm&r=g","contentUrl":"https:\/\/secure.gravatar.com\/avatar\/06ad6f92eb14745b75fb592cadf8139d33242d81c9c8b085133c450aaf0b9731?s=96&d=mm&r=g","caption":"Redazione"},"url":"https:\/\/cinema.video\/it\/author\/redazione"}]}},"jetpack_featured_media_url":"https:\/\/cinema.video\/wp-content\/uploads\/2024\/01\/selezione-documentari-1080.jpg","jetpack_shortlink":"https:\/\/wp.me\/ph672m-1f9e","_links":{"self":[{"href":"https:\/\/cinema.video\/it\/wp-json\/wp\/v2\/posts\/296560","targetHints":{"allow":["GET"]}}],"collection":[{"href":"https:\/\/cinema.video\/it\/wp-json\/wp\/v2\/posts"}],"about":[{"href":"https:\/\/cinema.video\/it\/wp-json\/wp\/v2\/types\/post"}],"author":[{"embeddable":true,"href":"https:\/\/cinema.video\/it\/wp-json\/wp\/v2\/users\/26"}],"replies":[{"embeddable":true,"href":"https:\/\/cinema.video\/it\/wp-json\/wp\/v2\/comments?post=296560"}],"version-history":[{"count":2,"href":"https:\/\/cinema.video\/it\/wp-json\/wp\/v2\/posts\/296560\/revisions"}],"predecessor-version":[{"id":309255,"href":"https:\/\/cinema.video\/it\/wp-json\/wp\/v2\/posts\/296560\/revisions\/309255"}],"wp:featuredmedia":[{"embeddable":true,"href":"https:\/\/cinema.video\/it\/wp-json\/wp\/v2\/media\/296561"}],"wp:attachment":[{"href":"https:\/\/cinema.video\/it\/wp-json\/wp\/v2\/media?parent=296560"}],"wp:term":[{"taxonomy":"category","embeddable":true,"href":"https:\/\/cinema.video\/it\/wp-json\/wp\/v2\/categories?post=296560"},{"taxonomy":"post_tag","embeddable":true,"href":"https:\/\/cinema.video\/it\/wp-json\/wp\/v2\/tags?post=296560"}],"curies":[{"name":"wp","href":"https:\/\/api.w.org\/{rel}","templated":true}]}}