{"id":296499,"date":"2024-01-18T11:41:40","date_gmt":"2024-01-18T10:41:40","guid":{"rendered":"https:\/\/cinema.video\/?p=296499"},"modified":"2026-04-10T04:04:11","modified_gmt":"2026-04-10T02:04:11","slug":"ce-anche-la-co-produzione-italo-svizzera-the-palm-line-fra-i-10-progetti-selezionati-di-co-pro-series","status":"publish","type":"post","link":"https:\/\/cinema.video\/it\/ce-anche-la-co-produzione-italo-svizzera-the-palm-line-fra-i-10-progetti-selezionati-di-co-pro-series","title":{"rendered":"EFM The Palm Line in Co-Pro Series"},"content":{"rendered":"\n<p class=\"wp-block-paragraph\">Si svolger\u00e0 il <strong>20 e 21 febbraio<\/strong>, nell&#8217;ambito del <strong>Berlinale Co-Production Market<\/strong>, la decima edizione di  <strong>Co-Pro Series<\/strong>, l&#8217;evento di pitch, incontri e networking dedicato a dieci promettenti serie internazionali, provenienti da Europa, Iran, Namibia e Argentina, che saranno presentate ai professionisti al <strong>CinemaxX.<\/strong><\/p>\n\n\n\n<p class=\"wp-block-paragraph\">Fra queste, anche <em><strong>Witness 36<\/strong><\/em>, il nuovo progetto di Daniel Burman, il cui\u00a0<em>Yosi, the Regretful Spy<\/em>\u00a0aveva partecipato a\u00a0<em>Berlinale Series<\/em>\u00a02022. \u00c9 dedicato alle biografie inventate nel mondo dei servizi segreti e dei programmi di protezione testimoni. <\/p>\n\n\n\n<p class=\"wp-block-paragraph\">L&#8217;Italia \u00e8 presente con la co-produzione con la Svizzera\u00a0<em><strong>The Palm Line<\/strong><\/em>, creata da <strong>Thomas Ritter<\/strong> (head-writer), con <strong>Maria Rosselini<\/strong> e <strong>Mattia Lento<\/strong>, diretta da <strong>Fulvio Bernasconi,<\/strong> e prodotta dalla <strong>hugofilm features <\/strong>di <strong>Christof Neracher<\/strong>.<\/p>\n\n\n\n<p class=\"wp-block-paragraph\">Avevamo gi\u00e0 parlato del progetto l&#8217;anno passato, in occasione della sua presentazione al terzo Pitching Event organizzato da\u00a0<strong>Ticino Film Commission<\/strong>\u00a0in collaborazione con\u00a0<strong>Locarno Pro<\/strong> nell\u2019ambito del\u00a0<strong>Locarno Film Festival<\/strong> (<a href=\"https:\/\/cinema.video\/il-3-pitching-event-di-ticino-film-commission-5-progetti-in-cerca-di-co-produttori\"><strong>LEGGI QUI<\/strong><\/a>). Racconta, in sei puntate, la storia di una giornalista che, mentre cerca di far luce sul ruolo del padre nel pi\u00f9 grosso furto della storia dell&#8217;arte italiana (quello della Nativit\u00e0 del Caravaggio avvenuto nel 1969, e che, si vociferava, fosse finito in Svizzera), diventa un obiettivo della Mafia.<\/p>\n\n\n\n<p class=\"wp-block-paragraph\">I legami familiari sono centrali anche in <strong><em>Mirrors<\/em>\u00a0<\/strong>progetto bosniaco diretto da  Aida Begi\u0107, in cui l&#8217;immagine di una famiglia viene messa in discussione con lo svelamento di alcuni segreti che seguono la morte della matriarca, madre e nonna adorata da tutti, e nella serie basca,\u00a0<em><strong>Executioners<\/strong><\/em>,\u00a0gi\u00e0 presentata a Series Mania nella primavera del 2023, e ora alla Berlinale in cerca di nuovi co-produttori, in virt\u00f9 della partnership fra i due eventi. Racconta di un gruppo di teenager che si imbattendosi accidentalmente nella vittima di un rapimento politico avvenuto negli anni &#8217;90, sono costretti a destreggiarsi fra estremismo, la lotta per l&#8217;indipendenza della generazione dei loro genitori, e il loro desiderio di libert\u00e0. <\/p>\n\n\n\n<p class=\"wp-block-paragraph\">&#8220;La selezione di quest&#8217;anno \u00e8 decisamente diversificata, ma tutti i progetti presentano una combinazione di eccellente intrattenimento e sostanziale profondit\u00e0. Sono stati invitati creatori e produttori molto esperti, come anche registi di successi che si addentrano nel mondo della serialit\u00e0 per la prima volta e con una prospettiva completamente nuova e fresca. Non vediamo l&#8217;ora di assistere ai pitch e di vedere queste serie portate a termine&#8221; commenta Martina Bleis, direttrice del Berlinale Co-Production Market<strong>\u00a0<\/strong>e curatrice di Co-Pro Series.<\/p>\n\n\n\n<p class=\"wp-block-paragraph\">Fra i partecipanti alle scorse edizioni di Co-Pro Series, ci sono diversi successi recenti, come la serie storica di spionaggio <em>Davos 1917<\/em>\u00a0(Svizzera\/Germania) , la premiata serie di fantascienza e adolescenza <em>Dome 16<\/em>\u00a0(Norvegia\/Paesi Bassi),  la co-produzione austro-tedesca <em>Snow<\/em>. E successi pi\u00f9 datati, come <em>Babylon Berlin<\/em> o\u00a0<em>Freud<\/em>\u00a0<\/p>\n\n\n\n<p class=\"wp-block-paragraph\"><\/p>\n\n\n\n<h3 class=\"wp-block-heading\"><strong>TUTTI I PROGETTI SELEZIONATI<\/strong><\/h3>\n\n\n\n<ul class=\"wp-block-list\">\n<li><em><strong>The Coroner&#8217;s Assistant<\/strong><\/em>&nbsp;(creator\/writer\/director: Elina Psykou), Blonde, Greece<\/li>\n\n\n\n<li><em><strong>The Palm Line<\/strong><\/em>&nbsp;(creators: Thomas Ritter (head-writer), Maria Rosselini, Mattia Lento; director: Fulvio Bernasconi), hugofilm features, Switzerland<\/li>\n\n\n\n<li><em><strong>The Werewolf &amp; Ren\u00e9e<\/strong><\/em>&nbsp;(creator\/writer\/director: Katrin Gebbe), Junafilm, Germany<\/li>\n\n\n\n<li><em><strong>Wolves<\/strong><\/em>&nbsp;(writer\/director: Sina Ataeian Dena), Ma.ja.de, Germany &amp; Europe Media Nest, Czechia\/Iran&nbsp;<\/li>\n\n\n\n<li><em><strong>Death to Love<\/strong><\/em>&nbsp;(creator\/writer\/director: Carlota Pereda), Morena Films &amp; Buend\u00eda Estudios, Spain<\/li>\n\n\n\n<li><em><strong>Witness 36<\/strong><\/em>&nbsp;(writers: Natacha Caravia, Juan Mat\u00edas Carballo, Daniel Burman, Andr\u00e9s Pascaner; director: Daniel Burman), Oficina Burman, Argentina<\/li>\n\n\n\n<li><em><strong>The Man with the Crooked Arm<\/strong><\/em>&nbsp;(creator\/head-writer\/director: Perivi John Katjavivi), Old Location Films, Namibia<\/li>\n\n\n\n<li><em><strong>Mirrors<\/strong><\/em>&nbsp;(creators: Amra Bak\u0161i\u0107 \u010camo, Aida Begi\u0107; director: Aida Begi\u0107), SCCA\/pro.ba, Bosnia and Herzegovina<\/li>\n\n\n\n<li><em><strong>S.O.L.<\/strong><\/em>&nbsp;(creator: Ruth McCance; director: tba), Warp Films, United Kingdom &amp; Rainy Days, Sweden<\/li>\n<\/ul>\n\n\n\n<h3 class=\"wp-block-heading\"><strong>IN COLLABORAZIONE CON SERIES MANIA<\/strong><\/h3>\n\n\n\n<ul class=\"wp-block-list\">\n<li><em><strong>Executioners<\/strong><\/em>&nbsp;(creators\/writers: Rodrigo Mart\u00edn Antoranz, Pedro Garc\u00eda R\u00edos; director: tba), Vertice 360, Spain<\/li>\n<\/ul>\n","protected":false},"excerpt":{"rendered":"<p>C&#8217;\u00e8 anche la co-produzione italo-svizzera &#8220;The Palm Line&#8221; fra i 10 progetti selezionati di Co-Pro Series, che si svolger\u00e0 il 20 e 21 febbraio, nell&#8217;ambito del Berlinale Co-Production Market<\/p>\n","protected":false},"author":2,"featured_media":296507,"comment_status":"closed","ping_status":"closed","sticky":false,"template":"","format":"standard","meta":{"googlesitekit_rrm_CAow3e7fCw:productID":"","_wpcom_ai_launchpad_first_post":false,"footnotes":"","jetpack_post_was_ever_published":false},"categories":[1],"tags":[356,880],"class_list":["post-296499","post","type-post","status-publish","format-standard","has-post-thumbnail","category-senza-categoria","tag-focus","tag-ticino-film-commission"],"yoast_head":"<!-- This site is optimized with the Yoast SEO Premium plugin v28.3 (Yoast SEO v28.3) - https:\/\/yoast.com\/product\/yoast-seo-premium-wordpress\/ -->\n<title>EFM The Palm Line in Co-Pro Series - Cinema &amp; Video International<\/title>\n<meta name=\"description\" content=\"EFM The Palm Line in Co-Pro Series \u2013 efm the palm line in copro. Si svolger\u00e0 il 20 e 21 febbraio, nell&#039;ambito del Berlinale Co-Production Market, la decim\" \/>\n<meta name=\"robots\" content=\"index, follow, max-snippet:-1, max-image-preview:large, max-video-preview:-1\" \/>\n<link rel=\"canonical\" href=\"https:\/\/cinema.video\/it\/ce-anche-la-co-produzione-italo-svizzera-the-palm-line-fra-i-10-progetti-selezionati-di-co-pro-series\" \/>\n<meta property=\"og:locale\" content=\"it_IT\" \/>\n<meta property=\"og:type\" content=\"article\" \/>\n<meta property=\"og:title\" content=\"EFM The Palm Line in Co-Pro Series\" \/>\n<meta property=\"og:description\" content=\"EFM The Palm Line in Co-Pro Series \u2013 efm the palm line in copro. Si svolger\u00e0 il 20 e 21 febbraio, nell&#039;ambito del Berlinale Co-Production Market, la decim\" \/>\n<meta property=\"og:url\" content=\"https:\/\/cinema.video\/it\/ce-anche-la-co-produzione-italo-svizzera-the-palm-line-fra-i-10-progetti-selezionati-di-co-pro-series\" \/>\n<meta property=\"og:site_name\" content=\"Cinema &amp; Video International\" \/>\n<meta property=\"article:publisher\" content=\"https:\/\/www.facebook.com\/CinemaVideoInternational\/\" \/>\n<meta property=\"article:published_time\" content=\"2024-01-18T10:41:40+00:00\" \/>\n<meta property=\"article:modified_time\" content=\"2026-04-10T02:04:11+00:00\" \/>\n<meta property=\"og:image\" content=\"https:\/\/cinema.video\/wp-content\/uploads\/2024\/01\/20230807_115649-scaled-e1705574455183.jpg\" \/>\n\t<meta property=\"og:image:width\" content=\"1000\" \/>\n\t<meta property=\"og:image:height\" content=\"750\" \/>\n\t<meta property=\"og:image:type\" content=\"image\/jpeg\" \/>\n<meta name=\"author\" content=\"Carolina Mancini\" \/>\n<meta name=\"twitter:card\" content=\"summary_large_image\" \/>\n<meta name=\"twitter:label1\" content=\"Scritto da\" \/>\n\t<meta name=\"twitter:data1\" content=\"Carolina Mancini\" \/>\n\t<meta name=\"twitter:label2\" content=\"Tempo di lettura stimato\" \/>\n\t<meta name=\"twitter:data2\" content=\"4 minuti\" \/>\n<script type=\"application\/ld+json\" class=\"yoast-schema-graph\">{\"@context\":\"https:\\\/\\\/schema.org\",\"@graph\":[{\"@type\":\"Article\",\"@id\":\"https:\\\/\\\/cinema.video\\\/it\\\/ce-anche-la-co-produzione-italo-svizzera-the-palm-line-fra-i-10-progetti-selezionati-di-co-pro-series#article\",\"isPartOf\":{\"@id\":\"https:\\\/\\\/cinema.video\\\/it\\\/ce-anche-la-co-produzione-italo-svizzera-the-palm-line-fra-i-10-progetti-selezionati-di-co-pro-series\"},\"author\":{\"name\":\"Carolina Mancini\",\"@id\":\"https:\\\/\\\/cinema.video\\\/it#\\\/schema\\\/person\\\/d5479fad8d0f2360000eb4aab6bb6e5d\"},\"headline\":\"EFM The Palm Line in Co-Pro Series\",\"datePublished\":\"2024-01-18T10:41:40+00:00\",\"dateModified\":\"2026-04-10T02:04:11+00:00\",\"mainEntityOfPage\":{\"@id\":\"https:\\\/\\\/cinema.video\\\/it\\\/ce-anche-la-co-produzione-italo-svizzera-the-palm-line-fra-i-10-progetti-selezionati-di-co-pro-series\"},\"wordCount\":622,\"publisher\":{\"@id\":\"https:\\\/\\\/cinema.video\\\/it#organization\"},\"image\":{\"@id\":\"https:\\\/\\\/cinema.video\\\/it\\\/ce-anche-la-co-produzione-italo-svizzera-the-palm-line-fra-i-10-progetti-selezionati-di-co-pro-series#primaryimage\"},\"thumbnailUrl\":\"https:\\\/\\\/cinema.video\\\/wp-content\\\/uploads\\\/2024\\\/01\\\/20230807_115649-scaled-e1705574455183.jpg\",\"keywords\":[\"focus\",\"Ticino Film Commission\"],\"inLanguage\":\"it-IT\"},{\"@type\":\"WebPage\",\"@id\":\"https:\\\/\\\/cinema.video\\\/it\\\/ce-anche-la-co-produzione-italo-svizzera-the-palm-line-fra-i-10-progetti-selezionati-di-co-pro-series\",\"url\":\"https:\\\/\\\/cinema.video\\\/it\\\/ce-anche-la-co-produzione-italo-svizzera-the-palm-line-fra-i-10-progetti-selezionati-di-co-pro-series\",\"name\":\"EFM The Palm Line in Co-Pro Series - Cinema &amp; Video International\",\"isPartOf\":{\"@id\":\"https:\\\/\\\/cinema.video\\\/it#website\"},\"primaryImageOfPage\":{\"@id\":\"https:\\\/\\\/cinema.video\\\/it\\\/ce-anche-la-co-produzione-italo-svizzera-the-palm-line-fra-i-10-progetti-selezionati-di-co-pro-series#primaryimage\"},\"image\":{\"@id\":\"https:\\\/\\\/cinema.video\\\/it\\\/ce-anche-la-co-produzione-italo-svizzera-the-palm-line-fra-i-10-progetti-selezionati-di-co-pro-series#primaryimage\"},\"thumbnailUrl\":\"https:\\\/\\\/cinema.video\\\/wp-content\\\/uploads\\\/2024\\\/01\\\/20230807_115649-scaled-e1705574455183.jpg\",\"datePublished\":\"2024-01-18T10:41:40+00:00\",\"dateModified\":\"2026-04-10T02:04:11+00:00\",\"description\":\"EFM The Palm Line in Co-Pro Series \u2013 efm the palm line in copro. Si svolger\u00e0 il 20 e 21 febbraio, nell'ambito del Berlinale Co-Production Market, la decim\",\"breadcrumb\":{\"@id\":\"https:\\\/\\\/cinema.video\\\/it\\\/ce-anche-la-co-produzione-italo-svizzera-the-palm-line-fra-i-10-progetti-selezionati-di-co-pro-series#breadcrumb\"},\"inLanguage\":\"it-IT\",\"potentialAction\":[{\"@type\":\"ReadAction\",\"target\":[\"https:\\\/\\\/cinema.video\\\/it\\\/ce-anche-la-co-produzione-italo-svizzera-the-palm-line-fra-i-10-progetti-selezionati-di-co-pro-series\"]}]},{\"@type\":\"ImageObject\",\"inLanguage\":\"it-IT\",\"@id\":\"https:\\\/\\\/cinema.video\\\/it\\\/ce-anche-la-co-produzione-italo-svizzera-the-palm-line-fra-i-10-progetti-selezionati-di-co-pro-series#primaryimage\",\"url\":\"https:\\\/\\\/cinema.video\\\/wp-content\\\/uploads\\\/2024\\\/01\\\/20230807_115649-scaled-e1705574455183.jpg\",\"contentUrl\":\"https:\\\/\\\/cinema.video\\\/wp-content\\\/uploads\\\/2024\\\/01\\\/20230807_115649-scaled-e1705574455183.jpg\",\"width\":1000,\"height\":750,\"caption\":\"C'\u00e8 anche la co-produzione italo-svizzera \\\"The Palm Line\\\" fra i 10 progetti selezionati di Co-Pro Series\"},{\"@type\":\"BreadcrumbList\",\"@id\":\"https:\\\/\\\/cinema.video\\\/it\\\/ce-anche-la-co-produzione-italo-svizzera-the-palm-line-fra-i-10-progetti-selezionati-di-co-pro-series#breadcrumb\",\"itemListElement\":[{\"@type\":\"ListItem\",\"position\":1,\"name\":\"Home\",\"item\":\"https:\\\/\\\/cinema.video\\\/it\"},{\"@type\":\"ListItem\",\"position\":2,\"name\":\"EFM The Palm Line in Co-Pro Series\"}]},{\"@type\":\"WebSite\",\"@id\":\"https:\\\/\\\/cinema.video\\\/it#website\",\"url\":\"https:\\\/\\\/cinema.video\\\/it\",\"name\":\"Cinema & Video International\",\"description\":\"Film &amp; Audiovisual B2B Industry Trade Platform Magazine\",\"publisher\":{\"@id\":\"https:\\\/\\\/cinema.video\\\/it#organization\"},\"alternateName\":\"Cinema & Video\",\"potentialAction\":[{\"@type\":\"SearchAction\",\"target\":{\"@type\":\"EntryPoint\",\"urlTemplate\":\"https:\\\/\\\/cinema.video\\\/it?s={search_term_string}\"},\"query-input\":{\"@type\":\"PropertyValueSpecification\",\"valueRequired\":true,\"valueName\":\"search_term_string\"}}],\"inLanguage\":\"it-IT\"},{\"@type\":\"Organization\",\"@id\":\"https:\\\/\\\/cinema.video\\\/it#organization\",\"name\":\"Cinema & Video\",\"url\":\"https:\\\/\\\/cinema.video\\\/it\",\"logo\":{\"@type\":\"ImageObject\",\"inLanguage\":\"it-IT\",\"@id\":\"https:\\\/\\\/cinema.video\\\/it#\\\/schema\\\/logo\\\/image\\\/\",\"url\":\"https:\\\/\\\/cinema.video\\\/wp-content\\\/uploads\\\/2026\\\/04\\\/CinemVideo_LogoBlack.png\",\"contentUrl\":\"https:\\\/\\\/cinema.video\\\/wp-content\\\/uploads\\\/2026\\\/04\\\/CinemVideo_LogoBlack.png\",\"width\":1336,\"height\":224,\"caption\":\"Cinema & Video\"},\"image\":{\"@id\":\"https:\\\/\\\/cinema.video\\\/it#\\\/schema\\\/logo\\\/image\\\/\"},\"sameAs\":[\"https:\\\/\\\/www.facebook.com\\\/CinemaVideoInternational\\\/\",\"https:\\\/\\\/www.instagram.com\\\/cinemaevideointernational\\\/\",\"https:\\\/\\\/it.linkedin.com\\\/company\\\/cinema-video-international\"],\"description\":\"Media Consulting & Marketing Agency\",\"email\":\"hello@darostudio.com\",\"legalName\":\"DARO studio LLC\",\"foundingDate\":\"2021-02-16\",\"numberOfEmployees\":{\"@type\":\"QuantitativeValue\",\"minValue\":\"1\",\"maxValue\":\"10\"},\"publishingPrinciples\":\"https:\\\/\\\/cinema.video\\\/about\"},{\"@type\":\"Person\",\"@id\":\"https:\\\/\\\/cinema.video\\\/it#\\\/schema\\\/person\\\/d5479fad8d0f2360000eb4aab6bb6e5d\",\"name\":\"Carolina Mancini\",\"image\":{\"@type\":\"ImageObject\",\"inLanguage\":\"it-IT\",\"@id\":\"https:\\\/\\\/secure.gravatar.com\\\/avatar\\\/d4758965c5e8730dbaaa7131a628547771a26c1e5bf14fe323d96f8246a62baf?s=96&d=mm&r=g\",\"url\":\"https:\\\/\\\/secure.gravatar.com\\\/avatar\\\/d4758965c5e8730dbaaa7131a628547771a26c1e5bf14fe323d96f8246a62baf?s=96&d=mm&r=g\",\"contentUrl\":\"https:\\\/\\\/secure.gravatar.com\\\/avatar\\\/d4758965c5e8730dbaaa7131a628547771a26c1e5bf14fe323d96f8246a62baf?s=96&d=mm&r=g\",\"caption\":\"Carolina Mancini\"},\"url\":\"https:\\\/\\\/cinema.video\\\/it\\\/author\\\/carolin\"}]}<\/script>\n<!-- \/ Yoast SEO Premium plugin. -->","yoast_head_json":{"title":"EFM The Palm Line in Co-Pro Series - Cinema &amp; Video International","description":"EFM The Palm Line in Co-Pro Series \u2013 efm the palm line in copro. Si svolger\u00e0 il 20 e 21 febbraio, nell'ambito del Berlinale Co-Production Market, la decim","robots":{"index":"index","follow":"follow","max-snippet":"max-snippet:-1","max-image-preview":"max-image-preview:large","max-video-preview":"max-video-preview:-1"},"canonical":"https:\/\/cinema.video\/it\/ce-anche-la-co-produzione-italo-svizzera-the-palm-line-fra-i-10-progetti-selezionati-di-co-pro-series","og_locale":"it_IT","og_type":"article","og_title":"EFM The Palm Line in Co-Pro Series","og_description":"EFM The Palm Line in Co-Pro Series \u2013 efm the palm line in copro. Si svolger\u00e0 il 20 e 21 febbraio, nell'ambito del Berlinale Co-Production Market, la decim","og_url":"https:\/\/cinema.video\/it\/ce-anche-la-co-produzione-italo-svizzera-the-palm-line-fra-i-10-progetti-selezionati-di-co-pro-series","og_site_name":"Cinema &amp; Video International","article_publisher":"https:\/\/www.facebook.com\/CinemaVideoInternational\/","article_published_time":"2024-01-18T10:41:40+00:00","article_modified_time":"2026-04-10T02:04:11+00:00","og_image":[{"width":1000,"height":750,"url":"https:\/\/cinema.video\/wp-content\/uploads\/2024\/01\/20230807_115649-scaled-e1705574455183.jpg","type":"image\/jpeg"}],"author":"Carolina Mancini","twitter_card":"summary_large_image","twitter_misc":{"Scritto da":"Carolina Mancini","Tempo di lettura stimato":"4 minuti"},"schema":{"@context":"https:\/\/schema.org","@graph":[{"@type":"Article","@id":"https:\/\/cinema.video\/it\/ce-anche-la-co-produzione-italo-svizzera-the-palm-line-fra-i-10-progetti-selezionati-di-co-pro-series#article","isPartOf":{"@id":"https:\/\/cinema.video\/it\/ce-anche-la-co-produzione-italo-svizzera-the-palm-line-fra-i-10-progetti-selezionati-di-co-pro-series"},"author":{"name":"Carolina Mancini","@id":"https:\/\/cinema.video\/it#\/schema\/person\/d5479fad8d0f2360000eb4aab6bb6e5d"},"headline":"EFM The Palm Line in Co-Pro Series","datePublished":"2024-01-18T10:41:40+00:00","dateModified":"2026-04-10T02:04:11+00:00","mainEntityOfPage":{"@id":"https:\/\/cinema.video\/it\/ce-anche-la-co-produzione-italo-svizzera-the-palm-line-fra-i-10-progetti-selezionati-di-co-pro-series"},"wordCount":622,"publisher":{"@id":"https:\/\/cinema.video\/it#organization"},"image":{"@id":"https:\/\/cinema.video\/it\/ce-anche-la-co-produzione-italo-svizzera-the-palm-line-fra-i-10-progetti-selezionati-di-co-pro-series#primaryimage"},"thumbnailUrl":"https:\/\/cinema.video\/wp-content\/uploads\/2024\/01\/20230807_115649-scaled-e1705574455183.jpg","keywords":["focus","Ticino Film Commission"],"inLanguage":"it-IT"},{"@type":"WebPage","@id":"https:\/\/cinema.video\/it\/ce-anche-la-co-produzione-italo-svizzera-the-palm-line-fra-i-10-progetti-selezionati-di-co-pro-series","url":"https:\/\/cinema.video\/it\/ce-anche-la-co-produzione-italo-svizzera-the-palm-line-fra-i-10-progetti-selezionati-di-co-pro-series","name":"EFM The Palm Line in Co-Pro Series - Cinema &amp; Video International","isPartOf":{"@id":"https:\/\/cinema.video\/it#website"},"primaryImageOfPage":{"@id":"https:\/\/cinema.video\/it\/ce-anche-la-co-produzione-italo-svizzera-the-palm-line-fra-i-10-progetti-selezionati-di-co-pro-series#primaryimage"},"image":{"@id":"https:\/\/cinema.video\/it\/ce-anche-la-co-produzione-italo-svizzera-the-palm-line-fra-i-10-progetti-selezionati-di-co-pro-series#primaryimage"},"thumbnailUrl":"https:\/\/cinema.video\/wp-content\/uploads\/2024\/01\/20230807_115649-scaled-e1705574455183.jpg","datePublished":"2024-01-18T10:41:40+00:00","dateModified":"2026-04-10T02:04:11+00:00","description":"EFM The Palm Line in Co-Pro Series \u2013 efm the palm line in copro. Si svolger\u00e0 il 20 e 21 febbraio, nell'ambito del Berlinale Co-Production Market, la decim","breadcrumb":{"@id":"https:\/\/cinema.video\/it\/ce-anche-la-co-produzione-italo-svizzera-the-palm-line-fra-i-10-progetti-selezionati-di-co-pro-series#breadcrumb"},"inLanguage":"it-IT","potentialAction":[{"@type":"ReadAction","target":["https:\/\/cinema.video\/it\/ce-anche-la-co-produzione-italo-svizzera-the-palm-line-fra-i-10-progetti-selezionati-di-co-pro-series"]}]},{"@type":"ImageObject","inLanguage":"it-IT","@id":"https:\/\/cinema.video\/it\/ce-anche-la-co-produzione-italo-svizzera-the-palm-line-fra-i-10-progetti-selezionati-di-co-pro-series#primaryimage","url":"https:\/\/cinema.video\/wp-content\/uploads\/2024\/01\/20230807_115649-scaled-e1705574455183.jpg","contentUrl":"https:\/\/cinema.video\/wp-content\/uploads\/2024\/01\/20230807_115649-scaled-e1705574455183.jpg","width":1000,"height":750,"caption":"C'\u00e8 anche la co-produzione italo-svizzera \"The Palm Line\" fra i 10 progetti selezionati di Co-Pro Series"},{"@type":"BreadcrumbList","@id":"https:\/\/cinema.video\/it\/ce-anche-la-co-produzione-italo-svizzera-the-palm-line-fra-i-10-progetti-selezionati-di-co-pro-series#breadcrumb","itemListElement":[{"@type":"ListItem","position":1,"name":"Home","item":"https:\/\/cinema.video\/it"},{"@type":"ListItem","position":2,"name":"EFM The Palm Line in Co-Pro Series"}]},{"@type":"WebSite","@id":"https:\/\/cinema.video\/it#website","url":"https:\/\/cinema.video\/it","name":"Cinema & Video International","description":"Film &amp; Audiovisual B2B Industry Trade Platform Magazine","publisher":{"@id":"https:\/\/cinema.video\/it#organization"},"alternateName":"Cinema & Video","potentialAction":[{"@type":"SearchAction","target":{"@type":"EntryPoint","urlTemplate":"https:\/\/cinema.video\/it?s={search_term_string}"},"query-input":{"@type":"PropertyValueSpecification","valueRequired":true,"valueName":"search_term_string"}}],"inLanguage":"it-IT"},{"@type":"Organization","@id":"https:\/\/cinema.video\/it#organization","name":"Cinema & Video","url":"https:\/\/cinema.video\/it","logo":{"@type":"ImageObject","inLanguage":"it-IT","@id":"https:\/\/cinema.video\/it#\/schema\/logo\/image\/","url":"https:\/\/cinema.video\/wp-content\/uploads\/2026\/04\/CinemVideo_LogoBlack.png","contentUrl":"https:\/\/cinema.video\/wp-content\/uploads\/2026\/04\/CinemVideo_LogoBlack.png","width":1336,"height":224,"caption":"Cinema & Video"},"image":{"@id":"https:\/\/cinema.video\/it#\/schema\/logo\/image\/"},"sameAs":["https:\/\/www.facebook.com\/CinemaVideoInternational\/","https:\/\/www.instagram.com\/cinemaevideointernational\/","https:\/\/it.linkedin.com\/company\/cinema-video-international"],"description":"Media Consulting & Marketing Agency","email":"hello@darostudio.com","legalName":"DARO studio LLC","foundingDate":"2021-02-16","numberOfEmployees":{"@type":"QuantitativeValue","minValue":"1","maxValue":"10"},"publishingPrinciples":"https:\/\/cinema.video\/about"},{"@type":"Person","@id":"https:\/\/cinema.video\/it#\/schema\/person\/d5479fad8d0f2360000eb4aab6bb6e5d","name":"Carolina Mancini","image":{"@type":"ImageObject","inLanguage":"it-IT","@id":"https:\/\/secure.gravatar.com\/avatar\/d4758965c5e8730dbaaa7131a628547771a26c1e5bf14fe323d96f8246a62baf?s=96&d=mm&r=g","url":"https:\/\/secure.gravatar.com\/avatar\/d4758965c5e8730dbaaa7131a628547771a26c1e5bf14fe323d96f8246a62baf?s=96&d=mm&r=g","contentUrl":"https:\/\/secure.gravatar.com\/avatar\/d4758965c5e8730dbaaa7131a628547771a26c1e5bf14fe323d96f8246a62baf?s=96&d=mm&r=g","caption":"Carolina Mancini"},"url":"https:\/\/cinema.video\/it\/author\/carolin"}]}},"jetpack_shortlink":"https:\/\/wp.me\/ph672m-1f8f","jetpack_featured_media_url":"https:\/\/cinema.video\/wp-content\/uploads\/2024\/01\/20230807_115649-scaled-e1705574455183.jpg","_links":{"self":[{"href":"https:\/\/cinema.video\/it\/wp-json\/wp\/v2\/posts\/296499","targetHints":{"allow":["GET"]}}],"collection":[{"href":"https:\/\/cinema.video\/it\/wp-json\/wp\/v2\/posts"}],"about":[{"href":"https:\/\/cinema.video\/it\/wp-json\/wp\/v2\/types\/post"}],"author":[{"embeddable":true,"href":"https:\/\/cinema.video\/it\/wp-json\/wp\/v2\/users\/2"}],"replies":[{"embeddable":true,"href":"https:\/\/cinema.video\/it\/wp-json\/wp\/v2\/comments?post=296499"}],"version-history":[{"count":1,"href":"https:\/\/cinema.video\/it\/wp-json\/wp\/v2\/posts\/296499\/revisions"}],"predecessor-version":[{"id":309244,"href":"https:\/\/cinema.video\/it\/wp-json\/wp\/v2\/posts\/296499\/revisions\/309244"}],"wp:featuredmedia":[{"embeddable":true,"href":"https:\/\/cinema.video\/it\/wp-json\/wp\/v2\/media\/296507"}],"wp:attachment":[{"href":"https:\/\/cinema.video\/it\/wp-json\/wp\/v2\/media?parent=296499"}],"wp:term":[{"taxonomy":"category","embeddable":true,"href":"https:\/\/cinema.video\/it\/wp-json\/wp\/v2\/categories?post=296499"},{"taxonomy":"post_tag","embeddable":true,"href":"https:\/\/cinema.video\/it\/wp-json\/wp\/v2\/tags?post=296499"}],"curies":[{"name":"wp","href":"https:\/\/api.w.org\/{rel}","templated":true}]}}