{"id":296351,"date":"2023-12-12T12:06:00","date_gmt":"2023-12-12T11:06:00","guid":{"rendered":"https:\/\/cinema.video\/?p=296351"},"modified":"2026-04-10T04:03:56","modified_gmt":"2026-04-10T02:03:56","slug":"io-capitano-di-matteo-garrone-e-tra-i-sei-titoli-candidati-come-miglior-film-non-in-lingua-inglese-ai-golden-globes-2024","status":"publish","type":"post","link":"https:\/\/cinema.video\/it\/io-capitano-di-matteo-garrone-e-tra-i-sei-titoli-candidati-come-miglior-film-non-in-lingua-inglese-ai-golden-globes-2024","title":{"rendered":"IO CAPITANO candidato ai Golden Globes"},"content":{"rendered":"\n<p class=\"wp-block-paragraph\"><strong><em>Io Capitano<\/em><\/strong>&nbsp;di Matteo Garrone \u00e8 tra i sei titoli candidati come Miglior Film non in Lingua Inglese ai Golden Globes 2024.<\/p>\n\n\n\n<p class=\"wp-block-paragraph\">\u201cContinua la meravigliosa avventura di&nbsp;<strong><em>Io Capitano<\/em><\/strong>, dalle dune del deserto dell\u2019Africa a Los Angeles, in un viaggio che \u00e8 sempre pi\u00f9 tra il sogno e la realt\u00e0 \u2013 commenta <strong>Paolo Del Brocco<\/strong>, amministratore delegato di <strong>Rai Cinema<\/strong> che ha coprodotto il film.<\/p>\n\n\n\n<p class=\"wp-block-paragraph\">Questa candidatura ci riempie di orgoglio e conferma una volta di pi\u00f9 come la storia di questi due giovani ragazzi riesca a toccare corde profonde in qualunque parte del mondo.<\/p>\n\n\n\n<p class=\"wp-block-paragraph\">Ad ogni proiezione negli Stati Uniti il film viene ricevuto da onde di emozione, commozione e applausi. Temi universali come il viaggio, la speranza, la prospettiva di una vita migliore vengono accolti e condivisi ad ogni latitudine, perch\u00e9 fanno parte della storia dell\u2019uomo da quando si \u00e8 messo in cammino lasciando la propria casa in cerca di futuro e di conoscenza.<\/p>\n\n\n\n<p class=\"wp-block-paragraph\">E ora incrociamo le dita e speriamo che questa avventura continui ancora\u201d.<\/p>\n\n\n\n<p class=\"wp-block-paragraph\"><strong><em>Io Capitano<\/em><\/strong>\u00a0di Matteo Garrone \u00e8 una produzione <strong>Archimede<\/strong> con Rai Cinema e<strong> Tarantula<\/strong> con <strong>Path\u00e9, Logical Content Ventures<\/strong>.<\/p>\n\n\n\n<figure class=\"wp-block-image size-large\"><img loading=\"lazy\" decoding=\"async\" width=\"1024\" height=\"682\" src=\"https:\/\/cinema.video\/wp-content\/uploads\/2023\/12\/Matteo-Garrone-and-Paolo-Del-Brocco-1024x682.jpg\" alt=\"\" class=\"wp-image-296359\" srcset=\"https:\/\/cinema.video\/wp-content\/uploads\/2023\/12\/Matteo-Garrone-and-Paolo-Del-Brocco.jpg 1024w, https:\/\/cinema.video\/wp-content\/uploads\/2023\/12\/Matteo-Garrone-and-Paolo-Del-Brocco.jpg 300w, https:\/\/cinema.video\/wp-content\/uploads\/2023\/12\/Matteo-Garrone-and-Paolo-Del-Brocco.jpg 768w, https:\/\/cinema.video\/wp-content\/uploads\/2023\/12\/Matteo-Garrone-and-Paolo-Del-Brocco.jpg 1536w, https:\/\/cinema.video\/wp-content\/uploads\/2023\/12\/Matteo-Garrone-and-Paolo-Del-Brocco.jpg 150w, https:\/\/cinema.video\/wp-content\/uploads\/2023\/12\/Matteo-Garrone-and-Paolo-Del-Brocco.jpg 696w, https:\/\/cinema.video\/wp-content\/uploads\/2023\/12\/Matteo-Garrone-and-Paolo-Del-Brocco.jpg 1068w, https:\/\/cinema.video\/wp-content\/uploads\/2023\/12\/Matteo-Garrone-and-Paolo-Del-Brocco.jpg 1920w, https:\/\/cinema.video\/wp-content\/uploads\/2023\/12\/Matteo-Garrone-and-Paolo-Del-Brocco.jpg 630w, https:\/\/cinema.video\/wp-content\/uploads\/2023\/12\/Matteo-Garrone-and-Paolo-Del-Brocco.jpg 2000w, https:\/\/cinema.video\/wp-content\/uploads\/2023\/12\/Matteo-Garrone-and-Paolo-Del-Brocco.jpg 1392w\" sizes=\"auto, (max-width: 696px) 100vw, 696px\" \/><figcaption class=\"wp-element-caption\">Matteo Garrone e Paolo Del Brocco (foto di Sebastian Gabsch)<\/figcaption><\/figure>\n","protected":false},"excerpt":{"rendered":"<p>Io Capitano\u00a0di Matteo Garrone \u00e8 tra i sei titoli candidati come Miglior Film non in Lingua Inglese ai Golden Globes 2024.<\/p>\n","protected":false},"author":26,"featured_media":296352,"comment_status":"closed","ping_status":"closed","sticky":false,"template":"","format":"standard","meta":{"googlesitekit_rrm_CAow3e7fCw:productID":"","_wpcom_ai_launchpad_first_post":false,"footnotes":"","jetpack_post_was_ever_published":false},"categories":[198],"tags":[594,433],"class_list":["post-296351","post","type-post","status-publish","format-standard","has-post-thumbnail","category-industry","tag-golden-globes","tag-rai"],"yoast_head":"<!-- This site is optimized with the Yoast SEO Premium plugin v28.3 (Yoast SEO v28.4) - https:\/\/yoast.com\/product\/yoast-seo-premium-wordpress\/ -->\n<title>IO CAPITANO candidato ai Golden Globes - Cinema &amp; Video International<\/title>\n<meta name=\"description\" content=\"IO CAPITANO candidato ai Golden Globes \u2013 io capitano candidato ai golden globes. Io Capitano&nbsp;di Matteo Garrone \u00e8 tra i sei titoli candidati come Migl\" \/>\n<meta name=\"robots\" content=\"index, follow, max-snippet:-1, max-image-preview:large, max-video-preview:-1\" \/>\n<link rel=\"canonical\" href=\"https:\/\/cinema.video\/it\/io-capitano-di-matteo-garrone-e-tra-i-sei-titoli-candidati-come-miglior-film-non-in-lingua-inglese-ai-golden-globes-2024\" \/>\n<meta property=\"og:locale\" content=\"it_IT\" \/>\n<meta property=\"og:type\" content=\"article\" \/>\n<meta property=\"og:title\" content=\"IO CAPITANO candidato ai Golden Globes\" \/>\n<meta property=\"og:description\" content=\"IO CAPITANO candidato ai Golden Globes \u2013 io capitano candidato ai golden globes. Io Capitano&nbsp;di Matteo Garrone \u00e8 tra i sei titoli candidati come Migl\" \/>\n<meta property=\"og:url\" content=\"https:\/\/cinema.video\/it\/io-capitano-di-matteo-garrone-e-tra-i-sei-titoli-candidati-come-miglior-film-non-in-lingua-inglese-ai-golden-globes-2024\" \/>\n<meta property=\"og:site_name\" content=\"Cinema &amp; Video International\" \/>\n<meta property=\"article:publisher\" content=\"https:\/\/www.facebook.com\/CinemaVideoInternational\/\" \/>\n<meta property=\"article:published_time\" content=\"2023-12-12T11:06:00+00:00\" \/>\n<meta property=\"article:modified_time\" content=\"2026-04-10T02:03:56+00:00\" \/>\n<meta property=\"og:image\" content=\"https:\/\/cinema.video\/wp-content\/uploads\/2023\/12\/IMG_20231209_190356_724-1-scaled-e1702554697368.jpg\" \/>\n\t<meta property=\"og:image:width\" content=\"800\" \/>\n\t<meta property=\"og:image:height\" content=\"709\" \/>\n\t<meta property=\"og:image:type\" content=\"image\/jpeg\" \/>\n<meta name=\"author\" content=\"Editorial\" \/>\n<meta name=\"twitter:card\" content=\"summary_large_image\" \/>\n<meta name=\"twitter:label1\" content=\"Scritto da\" \/>\n\t<meta name=\"twitter:data1\" content=\"Editorial\" \/>\n\t<meta name=\"twitter:label2\" content=\"Tempo di lettura stimato\" \/>\n\t<meta name=\"twitter:data2\" content=\"2 minuti\" \/>\n<script type=\"application\/ld+json\" class=\"yoast-schema-graph\">{\"@context\":\"https:\\\/\\\/schema.org\",\"@graph\":[{\"@type\":\"Article\",\"@id\":\"https:\\\/\\\/cinema.video\\\/it\\\/io-capitano-di-matteo-garrone-e-tra-i-sei-titoli-candidati-come-miglior-film-non-in-lingua-inglese-ai-golden-globes-2024#article\",\"isPartOf\":{\"@id\":\"https:\\\/\\\/cinema.video\\\/it\\\/io-capitano-di-matteo-garrone-e-tra-i-sei-titoli-candidati-come-miglior-film-non-in-lingua-inglese-ai-golden-globes-2024\"},\"author\":{\"name\":\"Editorial\",\"@id\":\"https:\\\/\\\/cinema.video\\\/it#\\\/schema\\\/person\\\/aeb01b91d874e8b01e76a1db04c668c6\"},\"headline\":\"IO CAPITANO candidato ai Golden Globes\",\"datePublished\":\"2023-12-12T11:06:00+00:00\",\"dateModified\":\"2026-04-10T02:03:56+00:00\",\"mainEntityOfPage\":{\"@id\":\"https:\\\/\\\/cinema.video\\\/it\\\/io-capitano-di-matteo-garrone-e-tra-i-sei-titoli-candidati-come-miglior-film-non-in-lingua-inglese-ai-golden-globes-2024\"},\"wordCount\":201,\"publisher\":{\"@id\":\"https:\\\/\\\/cinema.video\\\/it#organization\"},\"image\":{\"@id\":\"https:\\\/\\\/cinema.video\\\/it\\\/io-capitano-di-matteo-garrone-e-tra-i-sei-titoli-candidati-come-miglior-film-non-in-lingua-inglese-ai-golden-globes-2024#primaryimage\"},\"thumbnailUrl\":\"https:\\\/\\\/cinema.video\\\/wp-content\\\/uploads\\\/2023\\\/12\\\/IMG_20231209_190356_724-1-scaled-e1702554697368.jpg\",\"keywords\":[\"Golden Globes\",\"RAI\"],\"articleSection\":[\"INDUSTRY\"],\"inLanguage\":\"it-IT\"},{\"@type\":\"WebPage\",\"@id\":\"https:\\\/\\\/cinema.video\\\/it\\\/io-capitano-di-matteo-garrone-e-tra-i-sei-titoli-candidati-come-miglior-film-non-in-lingua-inglese-ai-golden-globes-2024\",\"url\":\"https:\\\/\\\/cinema.video\\\/it\\\/io-capitano-di-matteo-garrone-e-tra-i-sei-titoli-candidati-come-miglior-film-non-in-lingua-inglese-ai-golden-globes-2024\",\"name\":\"IO CAPITANO candidato ai Golden Globes - Cinema &amp; Video International\",\"isPartOf\":{\"@id\":\"https:\\\/\\\/cinema.video\\\/it#website\"},\"primaryImageOfPage\":{\"@id\":\"https:\\\/\\\/cinema.video\\\/it\\\/io-capitano-di-matteo-garrone-e-tra-i-sei-titoli-candidati-come-miglior-film-non-in-lingua-inglese-ai-golden-globes-2024#primaryimage\"},\"image\":{\"@id\":\"https:\\\/\\\/cinema.video\\\/it\\\/io-capitano-di-matteo-garrone-e-tra-i-sei-titoli-candidati-come-miglior-film-non-in-lingua-inglese-ai-golden-globes-2024#primaryimage\"},\"thumbnailUrl\":\"https:\\\/\\\/cinema.video\\\/wp-content\\\/uploads\\\/2023\\\/12\\\/IMG_20231209_190356_724-1-scaled-e1702554697368.jpg\",\"datePublished\":\"2023-12-12T11:06:00+00:00\",\"dateModified\":\"2026-04-10T02:03:56+00:00\",\"description\":\"IO CAPITANO candidato ai Golden Globes \u2013 io capitano candidato ai golden globes. Io Capitano&nbsp;di Matteo Garrone \u00e8 tra i sei titoli candidati come Migl\",\"breadcrumb\":{\"@id\":\"https:\\\/\\\/cinema.video\\\/it\\\/io-capitano-di-matteo-garrone-e-tra-i-sei-titoli-candidati-come-miglior-film-non-in-lingua-inglese-ai-golden-globes-2024#breadcrumb\"},\"inLanguage\":\"it-IT\",\"potentialAction\":[{\"@type\":\"ReadAction\",\"target\":[\"https:\\\/\\\/cinema.video\\\/it\\\/io-capitano-di-matteo-garrone-e-tra-i-sei-titoli-candidati-come-miglior-film-non-in-lingua-inglese-ai-golden-globes-2024\"]}]},{\"@type\":\"ImageObject\",\"inLanguage\":\"it-IT\",\"@id\":\"https:\\\/\\\/cinema.video\\\/it\\\/io-capitano-di-matteo-garrone-e-tra-i-sei-titoli-candidati-come-miglior-film-non-in-lingua-inglese-ai-golden-globes-2024#primaryimage\",\"url\":\"https:\\\/\\\/cinema.video\\\/wp-content\\\/uploads\\\/2023\\\/12\\\/IMG_20231209_190356_724-1-scaled-e1702554697368.jpg\",\"contentUrl\":\"https:\\\/\\\/cinema.video\\\/wp-content\\\/uploads\\\/2023\\\/12\\\/IMG_20231209_190356_724-1-scaled-e1702554697368.jpg\",\"width\":800,\"height\":709,\"caption\":\"Io Capitano\u00a0di Matteo Garrone \u00e8 tra i sei titoli candidati come Miglior Film non in Lingua Inglese ai Golden Globes 2024.\"},{\"@type\":\"BreadcrumbList\",\"@id\":\"https:\\\/\\\/cinema.video\\\/it\\\/io-capitano-di-matteo-garrone-e-tra-i-sei-titoli-candidati-come-miglior-film-non-in-lingua-inglese-ai-golden-globes-2024#breadcrumb\",\"itemListElement\":[{\"@type\":\"ListItem\",\"position\":1,\"name\":\"Home\",\"item\":\"https:\\\/\\\/cinema.video\\\/it\"},{\"@type\":\"ListItem\",\"position\":2,\"name\":\"IO CAPITANO candidato ai Golden Globes\"}]},{\"@type\":\"WebSite\",\"@id\":\"https:\\\/\\\/cinema.video\\\/it#website\",\"url\":\"https:\\\/\\\/cinema.video\\\/it\",\"name\":\"Cinema & Video International\",\"description\":\"Film &amp; Audiovisual B2B Industry Trade Platform Magazine\",\"publisher\":{\"@id\":\"https:\\\/\\\/cinema.video\\\/it#organization\"},\"alternateName\":\"Cinema & Video\",\"potentialAction\":[{\"@type\":\"SearchAction\",\"target\":{\"@type\":\"EntryPoint\",\"urlTemplate\":\"https:\\\/\\\/cinema.video\\\/it?s={search_term_string}\"},\"query-input\":{\"@type\":\"PropertyValueSpecification\",\"valueRequired\":true,\"valueName\":\"search_term_string\"}}],\"inLanguage\":\"it-IT\"},{\"@type\":\"Organization\",\"@id\":\"https:\\\/\\\/cinema.video\\\/it#organization\",\"name\":\"Cinema & Video\",\"url\":\"https:\\\/\\\/cinema.video\\\/it\",\"logo\":{\"@type\":\"ImageObject\",\"inLanguage\":\"it-IT\",\"@id\":\"https:\\\/\\\/cinema.video\\\/it#\\\/schema\\\/logo\\\/image\\\/\",\"url\":\"https:\\\/\\\/cinema.video\\\/wp-content\\\/uploads\\\/2026\\\/04\\\/CinemVideo_LogoBlack.png\",\"contentUrl\":\"https:\\\/\\\/cinema.video\\\/wp-content\\\/uploads\\\/2026\\\/04\\\/CinemVideo_LogoBlack.png\",\"width\":1336,\"height\":224,\"caption\":\"Cinema & Video\"},\"image\":{\"@id\":\"https:\\\/\\\/cinema.video\\\/it#\\\/schema\\\/logo\\\/image\\\/\"},\"sameAs\":[\"https:\\\/\\\/www.facebook.com\\\/CinemaVideoInternational\\\/\",\"https:\\\/\\\/www.instagram.com\\\/cinemaevideointernational\\\/\",\"https:\\\/\\\/it.linkedin.com\\\/company\\\/cinema-video-international\"],\"description\":\"Media Consulting & Marketing Agency\",\"email\":\"hello@darostudio.com\",\"legalName\":\"DARO studio LLC\",\"foundingDate\":\"2021-02-16\",\"numberOfEmployees\":{\"@type\":\"QuantitativeValue\",\"minValue\":\"1\",\"maxValue\":\"10\"},\"publishingPrinciples\":\"https:\\\/\\\/cinema.video\\\/about\"},{\"@type\":\"Person\",\"@id\":\"https:\\\/\\\/cinema.video\\\/it#\\\/schema\\\/person\\\/aeb01b91d874e8b01e76a1db04c668c6\",\"name\":\"Editorial\",\"image\":{\"@type\":\"ImageObject\",\"inLanguage\":\"it-IT\",\"@id\":\"https:\\\/\\\/secure.gravatar.com\\\/avatar\\\/06ad6f92eb14745b75fb592cadf8139d33242d81c9c8b085133c450aaf0b9731?s=96&d=mm&r=g\",\"url\":\"https:\\\/\\\/secure.gravatar.com\\\/avatar\\\/06ad6f92eb14745b75fb592cadf8139d33242d81c9c8b085133c450aaf0b9731?s=96&d=mm&r=g\",\"contentUrl\":\"https:\\\/\\\/secure.gravatar.com\\\/avatar\\\/06ad6f92eb14745b75fb592cadf8139d33242d81c9c8b085133c450aaf0b9731?s=96&d=mm&r=g\",\"caption\":\"Editorial\"},\"url\":\"https:\\\/\\\/cinema.video\\\/it\\\/author\\\/redazione\"}]}<\/script>\n<!-- \/ Yoast SEO Premium plugin. -->","yoast_head_json":{"title":"IO CAPITANO candidato ai Golden Globes - Cinema &amp; Video International","description":"IO CAPITANO candidato ai Golden Globes \u2013 io capitano candidato ai golden globes. Io Capitano&nbsp;di Matteo Garrone \u00e8 tra i sei titoli candidati come Migl","robots":{"index":"index","follow":"follow","max-snippet":"max-snippet:-1","max-image-preview":"max-image-preview:large","max-video-preview":"max-video-preview:-1"},"canonical":"https:\/\/cinema.video\/it\/io-capitano-di-matteo-garrone-e-tra-i-sei-titoli-candidati-come-miglior-film-non-in-lingua-inglese-ai-golden-globes-2024","og_locale":"it_IT","og_type":"article","og_title":"IO CAPITANO candidato ai Golden Globes","og_description":"IO CAPITANO candidato ai Golden Globes \u2013 io capitano candidato ai golden globes. Io Capitano&nbsp;di Matteo Garrone \u00e8 tra i sei titoli candidati come Migl","og_url":"https:\/\/cinema.video\/it\/io-capitano-di-matteo-garrone-e-tra-i-sei-titoli-candidati-come-miglior-film-non-in-lingua-inglese-ai-golden-globes-2024","og_site_name":"Cinema &amp; Video International","article_publisher":"https:\/\/www.facebook.com\/CinemaVideoInternational\/","article_published_time":"2023-12-12T11:06:00+00:00","article_modified_time":"2026-04-10T02:03:56+00:00","og_image":[{"width":800,"height":709,"url":"https:\/\/cinema.video\/wp-content\/uploads\/2023\/12\/IMG_20231209_190356_724-1-scaled-e1702554697368.jpg","type":"image\/jpeg"}],"author":"Editorial","twitter_card":"summary_large_image","twitter_misc":{"Scritto da":"Editorial","Tempo di lettura stimato":"2 minuti"},"schema":{"@context":"https:\/\/schema.org","@graph":[{"@type":"Article","@id":"https:\/\/cinema.video\/it\/io-capitano-di-matteo-garrone-e-tra-i-sei-titoli-candidati-come-miglior-film-non-in-lingua-inglese-ai-golden-globes-2024#article","isPartOf":{"@id":"https:\/\/cinema.video\/it\/io-capitano-di-matteo-garrone-e-tra-i-sei-titoli-candidati-come-miglior-film-non-in-lingua-inglese-ai-golden-globes-2024"},"author":{"name":"Editorial","@id":"https:\/\/cinema.video\/it#\/schema\/person\/aeb01b91d874e8b01e76a1db04c668c6"},"headline":"IO CAPITANO candidato ai Golden Globes","datePublished":"2023-12-12T11:06:00+00:00","dateModified":"2026-04-10T02:03:56+00:00","mainEntityOfPage":{"@id":"https:\/\/cinema.video\/it\/io-capitano-di-matteo-garrone-e-tra-i-sei-titoli-candidati-come-miglior-film-non-in-lingua-inglese-ai-golden-globes-2024"},"wordCount":201,"publisher":{"@id":"https:\/\/cinema.video\/it#organization"},"image":{"@id":"https:\/\/cinema.video\/it\/io-capitano-di-matteo-garrone-e-tra-i-sei-titoli-candidati-come-miglior-film-non-in-lingua-inglese-ai-golden-globes-2024#primaryimage"},"thumbnailUrl":"https:\/\/cinema.video\/wp-content\/uploads\/2023\/12\/IMG_20231209_190356_724-1-scaled-e1702554697368.jpg","keywords":["Golden Globes","RAI"],"articleSection":["INDUSTRY"],"inLanguage":"it-IT"},{"@type":"WebPage","@id":"https:\/\/cinema.video\/it\/io-capitano-di-matteo-garrone-e-tra-i-sei-titoli-candidati-come-miglior-film-non-in-lingua-inglese-ai-golden-globes-2024","url":"https:\/\/cinema.video\/it\/io-capitano-di-matteo-garrone-e-tra-i-sei-titoli-candidati-come-miglior-film-non-in-lingua-inglese-ai-golden-globes-2024","name":"IO CAPITANO candidato ai Golden Globes - Cinema &amp; Video International","isPartOf":{"@id":"https:\/\/cinema.video\/it#website"},"primaryImageOfPage":{"@id":"https:\/\/cinema.video\/it\/io-capitano-di-matteo-garrone-e-tra-i-sei-titoli-candidati-come-miglior-film-non-in-lingua-inglese-ai-golden-globes-2024#primaryimage"},"image":{"@id":"https:\/\/cinema.video\/it\/io-capitano-di-matteo-garrone-e-tra-i-sei-titoli-candidati-come-miglior-film-non-in-lingua-inglese-ai-golden-globes-2024#primaryimage"},"thumbnailUrl":"https:\/\/cinema.video\/wp-content\/uploads\/2023\/12\/IMG_20231209_190356_724-1-scaled-e1702554697368.jpg","datePublished":"2023-12-12T11:06:00+00:00","dateModified":"2026-04-10T02:03:56+00:00","description":"IO CAPITANO candidato ai Golden Globes \u2013 io capitano candidato ai golden globes. Io Capitano&nbsp;di Matteo Garrone \u00e8 tra i sei titoli candidati come Migl","breadcrumb":{"@id":"https:\/\/cinema.video\/it\/io-capitano-di-matteo-garrone-e-tra-i-sei-titoli-candidati-come-miglior-film-non-in-lingua-inglese-ai-golden-globes-2024#breadcrumb"},"inLanguage":"it-IT","potentialAction":[{"@type":"ReadAction","target":["https:\/\/cinema.video\/it\/io-capitano-di-matteo-garrone-e-tra-i-sei-titoli-candidati-come-miglior-film-non-in-lingua-inglese-ai-golden-globes-2024"]}]},{"@type":"ImageObject","inLanguage":"it-IT","@id":"https:\/\/cinema.video\/it\/io-capitano-di-matteo-garrone-e-tra-i-sei-titoli-candidati-come-miglior-film-non-in-lingua-inglese-ai-golden-globes-2024#primaryimage","url":"https:\/\/cinema.video\/wp-content\/uploads\/2023\/12\/IMG_20231209_190356_724-1-scaled-e1702554697368.jpg","contentUrl":"https:\/\/cinema.video\/wp-content\/uploads\/2023\/12\/IMG_20231209_190356_724-1-scaled-e1702554697368.jpg","width":800,"height":709,"caption":"Io Capitano\u00a0di Matteo Garrone \u00e8 tra i sei titoli candidati come Miglior Film non in Lingua Inglese ai Golden Globes 2024."},{"@type":"BreadcrumbList","@id":"https:\/\/cinema.video\/it\/io-capitano-di-matteo-garrone-e-tra-i-sei-titoli-candidati-come-miglior-film-non-in-lingua-inglese-ai-golden-globes-2024#breadcrumb","itemListElement":[{"@type":"ListItem","position":1,"name":"Home","item":"https:\/\/cinema.video\/it"},{"@type":"ListItem","position":2,"name":"IO CAPITANO candidato ai Golden Globes"}]},{"@type":"WebSite","@id":"https:\/\/cinema.video\/it#website","url":"https:\/\/cinema.video\/it","name":"Cinema & Video International","description":"Film &amp; Audiovisual B2B Industry Trade Platform Magazine","publisher":{"@id":"https:\/\/cinema.video\/it#organization"},"alternateName":"Cinema & Video","potentialAction":[{"@type":"SearchAction","target":{"@type":"EntryPoint","urlTemplate":"https:\/\/cinema.video\/it?s={search_term_string}"},"query-input":{"@type":"PropertyValueSpecification","valueRequired":true,"valueName":"search_term_string"}}],"inLanguage":"it-IT"},{"@type":"Organization","@id":"https:\/\/cinema.video\/it#organization","name":"Cinema & Video","url":"https:\/\/cinema.video\/it","logo":{"@type":"ImageObject","inLanguage":"it-IT","@id":"https:\/\/cinema.video\/it#\/schema\/logo\/image\/","url":"https:\/\/cinema.video\/wp-content\/uploads\/2026\/04\/CinemVideo_LogoBlack.png","contentUrl":"https:\/\/cinema.video\/wp-content\/uploads\/2026\/04\/CinemVideo_LogoBlack.png","width":1336,"height":224,"caption":"Cinema & Video"},"image":{"@id":"https:\/\/cinema.video\/it#\/schema\/logo\/image\/"},"sameAs":["https:\/\/www.facebook.com\/CinemaVideoInternational\/","https:\/\/www.instagram.com\/cinemaevideointernational\/","https:\/\/it.linkedin.com\/company\/cinema-video-international"],"description":"Media Consulting & Marketing Agency","email":"hello@darostudio.com","legalName":"DARO studio LLC","foundingDate":"2021-02-16","numberOfEmployees":{"@type":"QuantitativeValue","minValue":"1","maxValue":"10"},"publishingPrinciples":"https:\/\/cinema.video\/about"},{"@type":"Person","@id":"https:\/\/cinema.video\/it#\/schema\/person\/aeb01b91d874e8b01e76a1db04c668c6","name":"Editorial","image":{"@type":"ImageObject","inLanguage":"it-IT","@id":"https:\/\/secure.gravatar.com\/avatar\/06ad6f92eb14745b75fb592cadf8139d33242d81c9c8b085133c450aaf0b9731?s=96&d=mm&r=g","url":"https:\/\/secure.gravatar.com\/avatar\/06ad6f92eb14745b75fb592cadf8139d33242d81c9c8b085133c450aaf0b9731?s=96&d=mm&r=g","contentUrl":"https:\/\/secure.gravatar.com\/avatar\/06ad6f92eb14745b75fb592cadf8139d33242d81c9c8b085133c450aaf0b9731?s=96&d=mm&r=g","caption":"Editorial"},"url":"https:\/\/cinema.video\/it\/author\/redazione"}]}},"jetpack_shortlink":"https:\/\/wp.me\/ph672m-1f5R","jetpack_featured_media_url":"https:\/\/cinema.video\/wp-content\/uploads\/2023\/12\/IMG_20231209_190356_724-1-scaled-e1702554697368.jpg","_links":{"self":[{"href":"https:\/\/cinema.video\/it\/wp-json\/wp\/v2\/posts\/296351","targetHints":{"allow":["GET"]}}],"collection":[{"href":"https:\/\/cinema.video\/it\/wp-json\/wp\/v2\/posts"}],"about":[{"href":"https:\/\/cinema.video\/it\/wp-json\/wp\/v2\/types\/post"}],"author":[{"embeddable":true,"href":"https:\/\/cinema.video\/it\/wp-json\/wp\/v2\/users\/26"}],"replies":[{"embeddable":true,"href":"https:\/\/cinema.video\/it\/wp-json\/wp\/v2\/comments?post=296351"}],"version-history":[{"count":1,"href":"https:\/\/cinema.video\/it\/wp-json\/wp\/v2\/posts\/296351\/revisions"}],"predecessor-version":[{"id":309221,"href":"https:\/\/cinema.video\/it\/wp-json\/wp\/v2\/posts\/296351\/revisions\/309221"}],"wp:featuredmedia":[{"embeddable":true,"href":"https:\/\/cinema.video\/it\/wp-json\/wp\/v2\/media\/296352"}],"wp:attachment":[{"href":"https:\/\/cinema.video\/it\/wp-json\/wp\/v2\/media?parent=296351"}],"wp:term":[{"taxonomy":"category","embeddable":true,"href":"https:\/\/cinema.video\/it\/wp-json\/wp\/v2\/categories?post=296351"},{"taxonomy":"post_tag","embeddable":true,"href":"https:\/\/cinema.video\/it\/wp-json\/wp\/v2\/tags?post=296351"}],"curies":[{"name":"wp","href":"https:\/\/api.w.org\/{rel}","templated":true}]}}