{"id":296304,"date":"2023-12-13T16:32:23","date_gmt":"2023-12-13T15:32:23","guid":{"rendered":"https:\/\/cinema.video\/?p=296304"},"modified":"2026-04-10T04:03:50","modified_gmt":"2026-04-10T02:03:50","slug":"emita-frigato-tuscia-la-scoperta-di-un-territorio-chimera","status":"publish","type":"post","link":"https:\/\/cinema.video\/it\/emita-frigato-tuscia-la-scoperta-di-un-territorio-chimera","title":{"rendered":"EMITA FRIGATO Tuscia la scoperta di un territorio-Chimera"},"content":{"rendered":"\n<p class=\"wp-block-paragraph\">\u00c9 una trilogia dei luoghi quella che si conclude con<em> <strong>La Chimera<\/strong><\/em> di <strong>Alice Rohrwacher<\/strong>: il film come anche il precedente <em>Lazzaro Felice <\/em>e <em>Le Meraviglie<\/em> sono tutti nella regione della bassa Maremma, alto Lazio, la Tuscia, il mondo degli etruschi.&nbsp;<\/p>\n\n\n\n<p class=\"wp-block-paragraph\">Il passato etrusco emerge proprio ne <em>La Chimera<\/em>, che ha valso a <strong>Emita Frigato<\/strong> l\u2019<strong>Excellence Award <\/strong>dell\u2019Accademia del Cinema europeo per la <strong>migliore Scenografia<\/strong>. L\u2019abbiamo incontrata proprio a Berlino, alla vigilia della consegna del premio, e abbiamo scoperto che, anche se la motivazione parla delle \u201cstanze e gli spazi contengono una realt\u00e0 arricchita da tessuti, ciondoli e utensili da cucina, che non oscurano mai la storia, ma al contrario esaltano gli eventi e i personaggi che li vivono\u201d, \u00e8 altrettanto degno di nota il lavoro che Frigato ha realizzato in esterni.<\/p>\n\n\n\n<p class=\"wp-block-paragraph\">Intervenendo proprio su quel territorio di cui le storie di Rohrwacher raccontano le tradizioni legate ai mestieri (quello dell\u2019apicoltore in <em>Le Meraviglie<\/em>), la memoria di una civilt\u00e0 contadina che sparisce assieme alla scomparsa della mezzadria (<em>Lazzaro Felice<\/em>), le scoperte di quello che dovrebbe rimanere invisibile e viene invece portato alla luce perch\u00e9 rubato (dai tombaroli de <em>La Chimera<\/em>).<\/p>\n\n\n\n<figure class=\"wp-block-image size-large\"><img loading=\"lazy\" decoding=\"async\" width=\"1024\" height=\"623\" src=\"https:\/\/cinema.video\/wp-content\/uploads\/2023\/12\/LA_CHIMERA_16MM_LR104_DAY32_1.4.6-1024x623.jpg\" alt=\"\" class=\"wp-image-296321\" srcset=\"https:\/\/cinema.video\/wp-content\/uploads\/2023\/12\/LA_CHIMERA_16MM_LR104_DAY32_1.4.6.jpg 1024w, https:\/\/cinema.video\/wp-content\/uploads\/2023\/12\/LA_CHIMERA_16MM_LR104_DAY32_1.4.6.jpg 300w, https:\/\/cinema.video\/wp-content\/uploads\/2023\/12\/LA_CHIMERA_16MM_LR104_DAY32_1.4.6.jpg 768w, https:\/\/cinema.video\/wp-content\/uploads\/2023\/12\/LA_CHIMERA_16MM_LR104_DAY32_1.4.6.jpg 1536w, https:\/\/cinema.video\/wp-content\/uploads\/2023\/12\/LA_CHIMERA_16MM_LR104_DAY32_1.4.6.jpg 150w, https:\/\/cinema.video\/wp-content\/uploads\/2023\/12\/LA_CHIMERA_16MM_LR104_DAY32_1.4.6.jpg 696w, https:\/\/cinema.video\/wp-content\/uploads\/2023\/12\/LA_CHIMERA_16MM_LR104_DAY32_1.4.6.jpg 1068w, https:\/\/cinema.video\/wp-content\/uploads\/2023\/12\/LA_CHIMERA_16MM_LR104_DAY32_1.4.6.jpg 690w, https:\/\/cinema.video\/wp-content\/uploads\/2023\/12\/LA_CHIMERA_16MM_LR104_DAY32_1.4.6.jpg 1775w, https:\/\/cinema.video\/wp-content\/uploads\/2023\/12\/LA_CHIMERA_16MM_LR104_DAY32_1.4.6.jpg 1392w\" sizes=\"auto, (max-width: 696px) 100vw, 696px\" \/><figcaption class=\"wp-element-caption\">&#8220;La Chimera&#8221; \u00e8 prodotto da Tempesta, Ad Vitam, Amka Films Productions, Arte, Rai Cinema. Uscito nelle sale italiane il 23 novembre, \u00e8 stato indicato fra i 6 film internazionali nel National Board of Review<\/figcaption><\/figure>\n\n\n\n<p class=\"wp-block-paragraph\">&#8220;I ritrovamenti di questi tombaroli sono avvenuti in aree che erano gi\u00e0 state depredate. A <strong>Civitavecchia<\/strong>, ad esempio, c&#8217;\u00e8 questa centrale dell&#8217;Enel, che \u00e8 stata costruita praticamente su una necropoli. E al suo interno ci sono delle terme romane: ecco perch\u00e9 alla fine questi tombaroli ci stanno simpatici, perch\u00e9 la violazione del territorio era gi\u00e0 stata fatta, e per mano di ben altre autorit\u00e0.\u201d<\/p>\n\n\n\n<figure class=\"wp-block-image size-full\"><img loading=\"lazy\" decoding=\"async\" width=\"600\" height=\"338\" src=\"https:\/\/cinema.video\/wp-content\/uploads\/2023\/12\/cisterna-romana-civitavecchia-CESIVA.jpeg\" alt=\"\" class=\"wp-image-296333\" srcset=\"https:\/\/cinema.video\/wp-content\/uploads\/2023\/12\/cisterna-romana-civitavecchia-CESIVA.jpeg 600w, https:\/\/cinema.video\/wp-content\/uploads\/2023\/12\/cisterna-romana-civitavecchia-CESIVA.jpeg 300w, https:\/\/cinema.video\/wp-content\/uploads\/2023\/12\/cisterna-romana-civitavecchia-CESIVA.jpeg 150w\" sizes=\"auto, (max-width: 600px) 100vw, 600px\" \/><figcaption class=\"wp-element-caption\">La cisterna romana a Civitavecchia<\/figcaption><\/figure>\n\n\n\n<p class=\"wp-block-paragraph\">Tutto il lavoro di Frigato \u00e8 contraddistinto proprio da un grande rispetto per l\u2019ambiente. Questo ha portato, ad esempio, alla decisione di ricostruire tutte le tombe, perch\u00e9 era particolarmente delicato pensare di girare all\u2019interno di quelle reali.<\/p>\n\n\n\n<figure class=\"wp-block-image size-large\"><img loading=\"lazy\" decoding=\"async\" width=\"1024\" height=\"506\" src=\"https:\/\/cinema.video\/wp-content\/uploads\/2023\/12\/baracca-Arthur-Tarquinia-2-1024x506.jpg\" alt=\"\" class=\"wp-image-296327\" srcset=\"https:\/\/cinema.video\/wp-content\/uploads\/2023\/12\/baracca-Arthur-Tarquinia-2.jpg 1024w, https:\/\/cinema.video\/wp-content\/uploads\/2023\/12\/baracca-Arthur-Tarquinia-2.jpg 300w, https:\/\/cinema.video\/wp-content\/uploads\/2023\/12\/baracca-Arthur-Tarquinia-2.jpg 768w, https:\/\/cinema.video\/wp-content\/uploads\/2023\/12\/baracca-Arthur-Tarquinia-2.jpg 150w, https:\/\/cinema.video\/wp-content\/uploads\/2023\/12\/baracca-Arthur-Tarquinia-2.jpg 696w, https:\/\/cinema.video\/wp-content\/uploads\/2023\/12\/baracca-Arthur-Tarquinia-2.jpg 1068w, https:\/\/cinema.video\/wp-content\/uploads\/2023\/12\/baracca-Arthur-Tarquinia-2.jpg 849w, https:\/\/cinema.video\/wp-content\/uploads\/2023\/12\/baracca-Arthur-Tarquinia-2.jpg 324w, https:\/\/cinema.video\/wp-content\/uploads\/2023\/12\/baracca-Arthur-Tarquinia-2.jpg 1280w\" sizes=\"auto, (max-width: 696px) 100vw, 696px\" \/><figcaption class=\"wp-element-caption\">Foto e schizzi per la realizzazione della baracca di Arthur (foto Emita Frigato)<\/figcaption><\/figure>\n\n\n\n<p class=\"wp-block-paragraph\"><br>Tutto \u00e8 stato ricostruito dal vero: \u201cla necropoli sulla spiaggia l\u2019ho ricostruita sul posto. Un\u2019altra tomba in un bosco, dove dovevamo fare vedere il processo di scavo che porta i tombaroli al suo interno: nella realt\u00e0 sarebbe durato una settimana, invece la scena l\u2019abbiamo girata in mezz\u2019ora.&#8221;<br> Grazie ad un buco a pi\u00f9 piani, che funzionava come una sorta di matrioska, realizzata con una struttura di scatole: &#8220;nella prima non c\u2019\u00e8 niente e cominciano a scavare, poi una seconda scatola con un tunnel scavato con tutta la terra intorno, le radici. Toglievo ogni piano per mostrare la discesa, finch\u00e9 siamo arrivati all&#8217;ultimo piano, dove c\u2019era una piccola grotta: qui ho ricostruito la tomba.&#8221;<br> Queste scatole erano realizzate in baccal\u00e0: una cartapesta fatta con gesso e yuta che diventa dura come lo stoccafisso da cui prende il nome&nbsp; e pu\u00f2 essere trattata in qualsiasi modo. Un materiale che non inquina e pu\u00f2 essere riciclato, secondo quello che Emita Frigato definisce il suo \u2018dogma disciplinare\u2019: \u201canche con Alice tentiamo sempre di lavorare con materiali che non siano impattanti per l\u2019ambiente, come il polistirolo, o la resina.\u201d<\/p>\n\n\n\n<figure class=\"wp-block-image size-large\"><img loading=\"lazy\" decoding=\"async\" width=\"1024\" height=\"554\" src=\"https:\/\/cinema.video\/wp-content\/uploads\/2023\/12\/LA_CHIMERA_Still4-1024x554.jpg\" alt=\"\" class=\"wp-image-296326\" srcset=\"https:\/\/cinema.video\/wp-content\/uploads\/2023\/12\/LA_CHIMERA_Still4-scaled.jpg 1024w, https:\/\/cinema.video\/wp-content\/uploads\/2023\/12\/LA_CHIMERA_Still4-scaled.jpg 300w, https:\/\/cinema.video\/wp-content\/uploads\/2023\/12\/LA_CHIMERA_Still4-scaled.jpg 768w, https:\/\/cinema.video\/wp-content\/uploads\/2023\/12\/LA_CHIMERA_Still4-scaled.jpg 1536w, https:\/\/cinema.video\/wp-content\/uploads\/2023\/12\/LA_CHIMERA_Still4-scaled.jpg 2048w, https:\/\/cinema.video\/wp-content\/uploads\/2023\/12\/LA_CHIMERA_Still4-scaled.jpg 150w, https:\/\/cinema.video\/wp-content\/uploads\/2023\/12\/LA_CHIMERA_Still4-scaled.jpg 696w, https:\/\/cinema.video\/wp-content\/uploads\/2023\/12\/LA_CHIMERA_Still4-scaled.jpg 1068w, https:\/\/cinema.video\/wp-content\/uploads\/2023\/12\/LA_CHIMERA_Still4-scaled.jpg 1920w, https:\/\/cinema.video\/wp-content\/uploads\/2023\/12\/LA_CHIMERA_Still4-scaled.jpg 777w, https:\/\/cinema.video\/wp-content\/uploads\/2023\/12\/LA_CHIMERA_Still4-scaled.jpg 1392w\" sizes=\"auto, (max-width: 696px) 100vw, 696px\" \/><figcaption class=\"wp-element-caption\">foto di tempesta<\/figcaption><\/figure>\n\n\n\n<p class=\"wp-block-paragraph\">Nel film, inoltre, c&#8217;\u00e8 un grandissimo santuario del IV secolo dove i tombaroli ritrovano una dea:  \u201cl&#8217;ho ricostruito all\u2019interno di una cisterna romana&nbsp; che era 10 metri x10: siamo entrati tutti, troupe compresa, dentro una porcina alta 140 cm per 60 cm di larghezza, portando con noi tutto il materiale. La cisterna si trovava dentro una caserma militare, che ho scoperto per caso, aprendo un vecchio Touring Club degli anni 40 dove \u00e8 uscita l\u2019immagine in bianco e nero di questa cisterna.\u201d<\/p>\n\n\n\n<figure class=\"wp-block-image size-large wp-duotone-unset-1\"><img loading=\"lazy\" decoding=\"async\" width=\"1024\" height=\"727\" src=\"https:\/\/cinema.video\/wp-content\/uploads\/2023\/12\/tomba-cisterna-1024x727.jpg\" alt=\"\" class=\"wp-image-296318\" srcset=\"https:\/\/cinema.video\/wp-content\/uploads\/2023\/12\/tomba-cisterna-scaled.jpg 1024w, https:\/\/cinema.video\/wp-content\/uploads\/2023\/12\/tomba-cisterna-scaled.jpg 300w, https:\/\/cinema.video\/wp-content\/uploads\/2023\/12\/tomba-cisterna-scaled.jpg 768w, https:\/\/cinema.video\/wp-content\/uploads\/2023\/12\/tomba-cisterna-scaled.jpg 1536w, https:\/\/cinema.video\/wp-content\/uploads\/2023\/12\/tomba-cisterna-scaled.jpg 2048w, https:\/\/cinema.video\/wp-content\/uploads\/2023\/12\/tomba-cisterna-scaled.jpg 150w, https:\/\/cinema.video\/wp-content\/uploads\/2023\/12\/tomba-cisterna-scaled.jpg 696w, https:\/\/cinema.video\/wp-content\/uploads\/2023\/12\/tomba-cisterna-scaled.jpg 1068w, https:\/\/cinema.video\/wp-content\/uploads\/2023\/12\/tomba-cisterna-scaled.jpg 1920w, https:\/\/cinema.video\/wp-content\/uploads\/2023\/12\/tomba-cisterna-scaled.jpg 592w, https:\/\/cinema.video\/wp-content\/uploads\/2023\/12\/tomba-cisterna-scaled.jpg 100w, https:\/\/cinema.video\/wp-content\/uploads\/2023\/12\/tomba-cisterna-scaled.jpg 1392w\" sizes=\"auto, (max-width: 696px) 100vw, 696px\" \/><figcaption class=\"wp-element-caption\">Il santuario ricostruita nella cisterna dentro la caserma militare (Emita Fregato)<\/figcaption><\/figure>\n\n\n\n<p class=\"wp-block-paragraph\">Un territorio misterioso e ricchissimo non solo nel sottosuolo, ma anche in ci\u00f2 che \u00e8 visibile a tutti ma che, in qualche modo,  \u00e8 tenuto nascosto dice Frigato: \u201cLa cosa incredibile \u00e8 che ci sono luoghi veramente magici, ma nessuno li conosce, e non ci sono grandi indicazioni.\u201d<\/p>\n\n\n\n<p class=\"wp-block-paragraph\">E continua citando le moltissime locations sparse in questa terra di mezzo fra il Lazio e la Toscana, che il film ha raccontato: \u201csono riuscita a farmi anche 700 km in un giorno per controllare tutti i set:&nbsp;da <strong>Tarquinia a Blera,&nbsp;a Castel Giorgio,<\/strong> dove si trova la villa di Flora. Un posto che ci ha parlato e ci ha detto: <em>sono io!<\/em>&nbsp; Totalmente autentica e decadente. Io ho solo accentuato questa decadenza creando una sorta di impalcatura di legno e costruendo un impianto per far piovere all\u2019interno.\u201d<\/p>\n\n\n\n<figure class=\"wp-block-gallery has-nested-images columns-default is-cropped wp-block-gallery-2 is-layout-flex wp-block-gallery-is-layout-flex\">\n<figure class=\"wp-block-image size-large\"><img loading=\"lazy\" decoding=\"async\" width=\"1024\" height=\"684\" data-id=\"296325\" src=\"https:\/\/cinema.video\/wp-content\/uploads\/2023\/12\/FotoSimonaPampallonaDSC05782-1024x684.jpg\" alt=\"\" class=\"wp-image-296325\" srcset=\"https:\/\/cinema.video\/wp-content\/uploads\/2023\/12\/FotoSimonaPampallonaDSC05782-scaled.jpg 1024w, https:\/\/cinema.video\/wp-content\/uploads\/2023\/12\/FotoSimonaPampallonaDSC05782-scaled.jpg 300w, https:\/\/cinema.video\/wp-content\/uploads\/2023\/12\/FotoSimonaPampallonaDSC05782-scaled.jpg 768w, https:\/\/cinema.video\/wp-content\/uploads\/2023\/12\/FotoSimonaPampallonaDSC05782-scaled.jpg 1536w, https:\/\/cinema.video\/wp-content\/uploads\/2023\/12\/FotoSimonaPampallonaDSC05782-scaled.jpg 2048w, https:\/\/cinema.video\/wp-content\/uploads\/2023\/12\/FotoSimonaPampallonaDSC05782-scaled.jpg 150w, https:\/\/cinema.video\/wp-content\/uploads\/2023\/12\/FotoSimonaPampallonaDSC05782-scaled.jpg 696w, https:\/\/cinema.video\/wp-content\/uploads\/2023\/12\/FotoSimonaPampallonaDSC05782-scaled.jpg 1068w, https:\/\/cinema.video\/wp-content\/uploads\/2023\/12\/FotoSimonaPampallonaDSC05782-scaled.jpg 1920w, https:\/\/cinema.video\/wp-content\/uploads\/2023\/12\/FotoSimonaPampallonaDSC05782-scaled.jpg 629w, https:\/\/cinema.video\/wp-content\/uploads\/2023\/12\/FotoSimonaPampallonaDSC05782-scaled.jpg 1392w\" sizes=\"auto, (max-width: 696px) 100vw, 696px\" \/><figcaption class=\"wp-element-caption\">Isabella Ro<\/figcaption><\/figure>\n\n\n\n<figure class=\"wp-block-image size-large\"><img loading=\"lazy\" decoding=\"async\" width=\"1024\" height=\"525\" data-id=\"296319\" src=\"https:\/\/cinema.video\/wp-content\/uploads\/2023\/12\/villa-Flora-salone-1024x525.jpeg\" alt=\"\" class=\"wp-image-296319\" srcset=\"https:\/\/cinema.video\/wp-content\/uploads\/2023\/12\/villa-Flora-salone.jpeg 1024w, https:\/\/cinema.video\/wp-content\/uploads\/2023\/12\/villa-Flora-salone.jpeg 300w, https:\/\/cinema.video\/wp-content\/uploads\/2023\/12\/villa-Flora-salone.jpeg 768w, https:\/\/cinema.video\/wp-content\/uploads\/2023\/12\/villa-Flora-salone.jpeg 1536w, https:\/\/cinema.video\/wp-content\/uploads\/2023\/12\/villa-Flora-salone.jpeg 2048w, https:\/\/cinema.video\/wp-content\/uploads\/2023\/12\/villa-Flora-salone.jpeg 150w, https:\/\/cinema.video\/wp-content\/uploads\/2023\/12\/villa-Flora-salone.jpeg 696w, https:\/\/cinema.video\/wp-content\/uploads\/2023\/12\/villa-Flora-salone.jpeg 1068w, https:\/\/cinema.video\/wp-content\/uploads\/2023\/12\/villa-Flora-salone.jpeg 1920w, https:\/\/cinema.video\/wp-content\/uploads\/2023\/12\/villa-Flora-salone.jpeg 819w, https:\/\/cinema.video\/wp-content\/uploads\/2023\/12\/villa-Flora-salone.jpeg 1392w\" sizes=\"auto, (max-width: 696px) 100vw, 696px\" \/><\/figure>\n\n\n\n<figure class=\"wp-block-image size-large\"><img loading=\"lazy\" decoding=\"async\" width=\"1024\" height=\"768\" data-id=\"296324\" src=\"https:\/\/cinema.video\/wp-content\/uploads\/2023\/12\/villa-Flora-salone-1024x768.jpg\" alt=\"\" class=\"wp-image-296324\" srcset=\"https:\/\/cinema.video\/wp-content\/uploads\/2023\/12\/villa-Flora-salone-scaled.jpg 1024w, https:\/\/cinema.video\/wp-content\/uploads\/2023\/12\/villa-Flora-salone-scaled.jpg 300w, https:\/\/cinema.video\/wp-content\/uploads\/2023\/12\/villa-Flora-salone-scaled.jpg 768w, https:\/\/cinema.video\/wp-content\/uploads\/2023\/12\/villa-Flora-salone-scaled.jpg 1536w, https:\/\/cinema.video\/wp-content\/uploads\/2023\/12\/villa-Flora-salone-scaled.jpg 2048w, https:\/\/cinema.video\/wp-content\/uploads\/2023\/12\/villa-Flora-salone-scaled.jpg 150w, https:\/\/cinema.video\/wp-content\/uploads\/2023\/12\/villa-Flora-salone-scaled.jpg 696w, https:\/\/cinema.video\/wp-content\/uploads\/2023\/12\/villa-Flora-salone-scaled.jpg 1068w, https:\/\/cinema.video\/wp-content\/uploads\/2023\/12\/villa-Flora-salone-scaled.jpg 1920w, https:\/\/cinema.video\/wp-content\/uploads\/2023\/12\/villa-Flora-salone-scaled.jpg 560w, https:\/\/cinema.video\/wp-content\/uploads\/2023\/12\/villa-Flora-salone-scaled.jpg 80w, https:\/\/cinema.video\/wp-content\/uploads\/2023\/12\/villa-Flora-salone-scaled.jpg 265w, https:\/\/cinema.video\/wp-content\/uploads\/2023\/12\/villa-Flora-salone-scaled.jpg 1392w\" sizes=\"auto, (max-width: 696px) 100vw, 696px\" \/><\/figure>\n<figcaption class=\"blocks-gallery-caption wp-element-caption\"><em>La foto di Isabella Rossellini \u00e8 di Simona Pampallona. L&#8217;immagine e il disegno della villa di Flora sono di Emita Frigato<\/em><\/figcaption><\/figure>\n\n\n\n<p class=\"wp-block-paragraph\">E ancora, &#8220;<strong>Gallese<\/strong> a <strong>Viterbo<\/strong>, con la sua stazione abbandonata che nel film viene occupata da delle donne, il <strong>Monte Amiata<\/strong>, dove c\u2019\u00e8 una linea storica stupenda, che abbiamo riportato agli anni \u201980. \u00c9 a un solo binario, e attraversa tutto questo territorio con delle stazioncine dei primi del Novecento. Una linea orami in disuso, che sarebbe bellissimo far riscoprire.&#8221;<\/p>\n","protected":false},"excerpt":{"rendered":"<p>Intervista a Emita Frigato premiata con l&#8217;EFA Excellence Award per La Chimera di Alice Rohrwacher: i luoghi della Tuscia, una Chimera da scoprire e preservare<\/p>\n","protected":false},"author":2,"featured_media":296328,"comment_status":"closed","ping_status":"closed","sticky":false,"template":"","format":"standard","meta":{"googlesitekit_rrm_CAow3e7fCw:productID":"","_crdt_document":"","footnotes":""},"categories":[1],"tags":[1093,356],"class_list":{"0":"post-296304","1":"post","2":"type-post","3":"status-publish","4":"format-standard","5":"has-post-thumbnail","7":"category-senza-categoria","8":"tag-efa","9":"tag-focus"},"yoast_head":"<!-- This site is optimized with the Yoast SEO Premium plugin v27.4 (Yoast SEO v27.5) - https:\/\/yoast.com\/product\/yoast-seo-premium-wordpress\/ -->\n<title>EMITA FRIGATO Tuscia la scoperta di un territorio-Chimera - Cinema &amp; Video International<\/title>\n<meta name=\"description\" content=\"EMITA FRIGATO Tuscia la scoperta di un territorio-Chimera \u2013 emita frigato tuscia la scoperta di. \u00c9 una trilogia dei luoghi quella che si conclude con La C\" \/>\n<meta name=\"robots\" content=\"index, follow, max-snippet:-1, max-image-preview:large, max-video-preview:-1\" \/>\n<link rel=\"canonical\" href=\"https:\/\/cinema.video\/it\/emita-frigato-tuscia-la-scoperta-di-un-territorio-chimera\" \/>\n<meta property=\"og:locale\" content=\"it_IT\" \/>\n<meta property=\"og:type\" content=\"article\" \/>\n<meta property=\"og:title\" content=\"EMITA FRIGATO Tuscia la scoperta di un territorio-Chimera\" \/>\n<meta property=\"og:description\" content=\"EMITA FRIGATO Tuscia la scoperta di un territorio-Chimera \u2013 emita frigato tuscia la scoperta di. \u00c9 una trilogia dei luoghi quella che si conclude con La C\" \/>\n<meta property=\"og:url\" content=\"https:\/\/cinema.video\/it\/emita-frigato-tuscia-la-scoperta-di-un-territorio-chimera\" \/>\n<meta property=\"og:site_name\" content=\"Cinema &amp; Video International\" \/>\n<meta property=\"article:publisher\" content=\"https:\/\/www.facebook.com\/CinemaVideoInternational\/\" \/>\n<meta property=\"article:published_time\" content=\"2023-12-13T15:32:23+00:00\" \/>\n<meta property=\"article:modified_time\" content=\"2026-04-10T02:03:50+00:00\" \/>\n<meta property=\"og:image\" content=\"https:\/\/cinema.video\/wp-content\/uploads\/2023\/12\/20231209_141240-2-scaled-e1702555785579.jpg\" \/>\n\t<meta property=\"og:image:width\" content=\"800\" \/>\n\t<meta property=\"og:image:height\" content=\"500\" \/>\n\t<meta property=\"og:image:type\" content=\"image\/jpeg\" \/>\n<meta name=\"author\" content=\"Carolina Mancini\" \/>\n<meta name=\"twitter:card\" content=\"summary_large_image\" \/>\n<meta name=\"twitter:label1\" content=\"Scritto da\" \/>\n\t<meta name=\"twitter:data1\" content=\"Carolina Mancini\" \/>\n\t<meta name=\"twitter:label2\" content=\"Tempo di lettura stimato\" \/>\n\t<meta name=\"twitter:data2\" content=\"7 minuti\" \/>\n<script type=\"application\/ld+json\" class=\"yoast-schema-graph\">{\"@context\":\"https:\\\/\\\/schema.org\",\"@graph\":[{\"@type\":\"Article\",\"@id\":\"https:\\\/\\\/cinema.video\\\/it\\\/emita-frigato-tuscia-la-scoperta-di-un-territorio-chimera#article\",\"isPartOf\":{\"@id\":\"https:\\\/\\\/cinema.video\\\/it\\\/emita-frigato-tuscia-la-scoperta-di-un-territorio-chimera\"},\"author\":{\"name\":\"Carolina Mancini\",\"@id\":\"https:\\\/\\\/cinema.video\\\/it#\\\/schema\\\/person\\\/d5479fad8d0f2360000eb4aab6bb6e5d\"},\"headline\":\"EMITA FRIGATO Tuscia la scoperta di un territorio-Chimera\",\"datePublished\":\"2023-12-13T15:32:23+00:00\",\"dateModified\":\"2026-04-10T02:03:50+00:00\",\"mainEntityOfPage\":{\"@id\":\"https:\\\/\\\/cinema.video\\\/it\\\/emita-frigato-tuscia-la-scoperta-di-un-territorio-chimera\"},\"wordCount\":855,\"publisher\":{\"@id\":\"https:\\\/\\\/cinema.video\\\/it#organization\"},\"image\":{\"@id\":\"https:\\\/\\\/cinema.video\\\/it\\\/emita-frigato-tuscia-la-scoperta-di-un-territorio-chimera#primaryimage\"},\"thumbnailUrl\":\"https:\\\/\\\/cinema.video\\\/wp-content\\\/uploads\\\/2023\\\/12\\\/20231209_141240-2-scaled-e1702555785579.jpg\",\"keywords\":[\"EFA\",\"focus\"],\"inLanguage\":\"it-IT\"},{\"@type\":\"WebPage\",\"@id\":\"https:\\\/\\\/cinema.video\\\/it\\\/emita-frigato-tuscia-la-scoperta-di-un-territorio-chimera\",\"url\":\"https:\\\/\\\/cinema.video\\\/it\\\/emita-frigato-tuscia-la-scoperta-di-un-territorio-chimera\",\"name\":\"EMITA FRIGATO Tuscia la scoperta di un territorio-Chimera - Cinema &amp; Video International\",\"isPartOf\":{\"@id\":\"https:\\\/\\\/cinema.video\\\/it#website\"},\"primaryImageOfPage\":{\"@id\":\"https:\\\/\\\/cinema.video\\\/it\\\/emita-frigato-tuscia-la-scoperta-di-un-territorio-chimera#primaryimage\"},\"image\":{\"@id\":\"https:\\\/\\\/cinema.video\\\/it\\\/emita-frigato-tuscia-la-scoperta-di-un-territorio-chimera#primaryimage\"},\"thumbnailUrl\":\"https:\\\/\\\/cinema.video\\\/wp-content\\\/uploads\\\/2023\\\/12\\\/20231209_141240-2-scaled-e1702555785579.jpg\",\"datePublished\":\"2023-12-13T15:32:23+00:00\",\"dateModified\":\"2026-04-10T02:03:50+00:00\",\"description\":\"EMITA FRIGATO Tuscia la scoperta di un territorio-Chimera \u2013 emita frigato tuscia la scoperta di. \u00c9 una trilogia dei luoghi quella che si conclude con La C\",\"breadcrumb\":{\"@id\":\"https:\\\/\\\/cinema.video\\\/it\\\/emita-frigato-tuscia-la-scoperta-di-un-territorio-chimera#breadcrumb\"},\"inLanguage\":\"it-IT\",\"potentialAction\":[{\"@type\":\"ReadAction\",\"target\":[\"https:\\\/\\\/cinema.video\\\/it\\\/emita-frigato-tuscia-la-scoperta-di-un-territorio-chimera\"]}]},{\"@type\":\"ImageObject\",\"inLanguage\":\"it-IT\",\"@id\":\"https:\\\/\\\/cinema.video\\\/it\\\/emita-frigato-tuscia-la-scoperta-di-un-territorio-chimera#primaryimage\",\"url\":\"https:\\\/\\\/cinema.video\\\/wp-content\\\/uploads\\\/2023\\\/12\\\/20231209_141240-2-scaled-e1702555785579.jpg\",\"contentUrl\":\"https:\\\/\\\/cinema.video\\\/wp-content\\\/uploads\\\/2023\\\/12\\\/20231209_141240-2-scaled-e1702555785579.jpg\",\"width\":800,\"height\":500,\"caption\":\"Emita Frigato a Berlino, il giorno della consegna dell'EFA Excellence Award\"},{\"@type\":\"BreadcrumbList\",\"@id\":\"https:\\\/\\\/cinema.video\\\/it\\\/emita-frigato-tuscia-la-scoperta-di-un-territorio-chimera#breadcrumb\",\"itemListElement\":[{\"@type\":\"ListItem\",\"position\":1,\"name\":\"Home\",\"item\":\"https:\\\/\\\/cinema.video\\\/it\\\/home-2\"},{\"@type\":\"ListItem\",\"position\":2,\"name\":\"EMITA FRIGATO Tuscia la scoperta di un territorio-Chimera\"}]},{\"@type\":\"WebSite\",\"@id\":\"https:\\\/\\\/cinema.video\\\/it#website\",\"url\":\"https:\\\/\\\/cinema.video\\\/it\",\"name\":\"Cinema & Video International\",\"description\":\"Film &amp; Audiovisual Industry Trade Magazine\",\"publisher\":{\"@id\":\"https:\\\/\\\/cinema.video\\\/it#organization\"},\"alternateName\":\"Cinema & Video\",\"potentialAction\":[{\"@type\":\"SearchAction\",\"target\":{\"@type\":\"EntryPoint\",\"urlTemplate\":\"https:\\\/\\\/cinema.video\\\/it?s={search_term_string}\"},\"query-input\":{\"@type\":\"PropertyValueSpecification\",\"valueRequired\":true,\"valueName\":\"search_term_string\"}}],\"inLanguage\":\"it-IT\"},{\"@type\":\"Organization\",\"@id\":\"https:\\\/\\\/cinema.video\\\/it#organization\",\"name\":\"Cinema & Video\",\"url\":\"https:\\\/\\\/cinema.video\\\/it\",\"logo\":{\"@type\":\"ImageObject\",\"inLanguage\":\"it-IT\",\"@id\":\"https:\\\/\\\/cinema.video\\\/it#\\\/schema\\\/logo\\\/image\\\/\",\"url\":\"https:\\\/\\\/cinema.video\\\/wp-content\\\/uploads\\\/2026\\\/04\\\/CinemVideo_LogoBlack.png\",\"contentUrl\":\"https:\\\/\\\/cinema.video\\\/wp-content\\\/uploads\\\/2026\\\/04\\\/CinemVideo_LogoBlack.png\",\"width\":1336,\"height\":224,\"caption\":\"Cinema & Video\"},\"image\":{\"@id\":\"https:\\\/\\\/cinema.video\\\/it#\\\/schema\\\/logo\\\/image\\\/\"},\"sameAs\":[\"https:\\\/\\\/www.facebook.com\\\/CinemaVideoInternational\\\/\",\"https:\\\/\\\/www.instagram.com\\\/cinemaevideointernational\\\/\",\"https:\\\/\\\/it.linkedin.com\\\/company\\\/cinema-video-international\"],\"description\":\"Media Consulting & Marketing Agency\",\"email\":\"hello@darostudio.com\",\"legalName\":\"DARO studio LLC\",\"foundingDate\":\"2021-02-16\",\"numberOfEmployees\":{\"@type\":\"QuantitativeValue\",\"minValue\":\"1\",\"maxValue\":\"10\"}},{\"@type\":\"Person\",\"@id\":\"https:\\\/\\\/cinema.video\\\/it#\\\/schema\\\/person\\\/d5479fad8d0f2360000eb4aab6bb6e5d\",\"name\":\"Carolina Mancini\",\"image\":{\"@type\":\"ImageObject\",\"inLanguage\":\"it-IT\",\"@id\":\"https:\\\/\\\/secure.gravatar.com\\\/avatar\\\/d4758965c5e8730dbaaa7131a628547771a26c1e5bf14fe323d96f8246a62baf?s=96&d=mm&r=g\",\"url\":\"https:\\\/\\\/secure.gravatar.com\\\/avatar\\\/d4758965c5e8730dbaaa7131a628547771a26c1e5bf14fe323d96f8246a62baf?s=96&d=mm&r=g\",\"contentUrl\":\"https:\\\/\\\/secure.gravatar.com\\\/avatar\\\/d4758965c5e8730dbaaa7131a628547771a26c1e5bf14fe323d96f8246a62baf?s=96&d=mm&r=g\",\"caption\":\"Carolina Mancini\"},\"url\":\"https:\\\/\\\/cinema.video\\\/it\\\/author\\\/carolin\"}]}<\/script>\n<!-- \/ Yoast SEO Premium plugin. -->","yoast_head_json":{"title":"EMITA FRIGATO Tuscia la scoperta di un territorio-Chimera - Cinema &amp; Video International","description":"EMITA FRIGATO Tuscia la scoperta di un territorio-Chimera \u2013 emita frigato tuscia la scoperta di. \u00c9 una trilogia dei luoghi quella che si conclude con La C","robots":{"index":"index","follow":"follow","max-snippet":"max-snippet:-1","max-image-preview":"max-image-preview:large","max-video-preview":"max-video-preview:-1"},"canonical":"https:\/\/cinema.video\/it\/emita-frigato-tuscia-la-scoperta-di-un-territorio-chimera","og_locale":"it_IT","og_type":"article","og_title":"EMITA FRIGATO Tuscia la scoperta di un territorio-Chimera","og_description":"EMITA FRIGATO Tuscia la scoperta di un territorio-Chimera \u2013 emita frigato tuscia la scoperta di. \u00c9 una trilogia dei luoghi quella che si conclude con La C","og_url":"https:\/\/cinema.video\/it\/emita-frigato-tuscia-la-scoperta-di-un-territorio-chimera","og_site_name":"Cinema &amp; Video International","article_publisher":"https:\/\/www.facebook.com\/CinemaVideoInternational\/","article_published_time":"2023-12-13T15:32:23+00:00","article_modified_time":"2026-04-10T02:03:50+00:00","og_image":[{"width":800,"height":500,"url":"https:\/\/cinema.video\/wp-content\/uploads\/2023\/12\/20231209_141240-2-scaled-e1702555785579.jpg","type":"image\/jpeg"}],"author":"Carolina Mancini","twitter_card":"summary_large_image","twitter_misc":{"Scritto da":"Carolina Mancini","Tempo di lettura stimato":"7 minuti"},"schema":{"@context":"https:\/\/schema.org","@graph":[{"@type":"Article","@id":"https:\/\/cinema.video\/it\/emita-frigato-tuscia-la-scoperta-di-un-territorio-chimera#article","isPartOf":{"@id":"https:\/\/cinema.video\/it\/emita-frigato-tuscia-la-scoperta-di-un-territorio-chimera"},"author":{"name":"Carolina Mancini","@id":"https:\/\/cinema.video\/it#\/schema\/person\/d5479fad8d0f2360000eb4aab6bb6e5d"},"headline":"EMITA FRIGATO Tuscia la scoperta di un territorio-Chimera","datePublished":"2023-12-13T15:32:23+00:00","dateModified":"2026-04-10T02:03:50+00:00","mainEntityOfPage":{"@id":"https:\/\/cinema.video\/it\/emita-frigato-tuscia-la-scoperta-di-un-territorio-chimera"},"wordCount":855,"publisher":{"@id":"https:\/\/cinema.video\/it#organization"},"image":{"@id":"https:\/\/cinema.video\/it\/emita-frigato-tuscia-la-scoperta-di-un-territorio-chimera#primaryimage"},"thumbnailUrl":"https:\/\/cinema.video\/wp-content\/uploads\/2023\/12\/20231209_141240-2-scaled-e1702555785579.jpg","keywords":["EFA","focus"],"inLanguage":"it-IT"},{"@type":"WebPage","@id":"https:\/\/cinema.video\/it\/emita-frigato-tuscia-la-scoperta-di-un-territorio-chimera","url":"https:\/\/cinema.video\/it\/emita-frigato-tuscia-la-scoperta-di-un-territorio-chimera","name":"EMITA FRIGATO Tuscia la scoperta di un territorio-Chimera - Cinema &amp; Video International","isPartOf":{"@id":"https:\/\/cinema.video\/it#website"},"primaryImageOfPage":{"@id":"https:\/\/cinema.video\/it\/emita-frigato-tuscia-la-scoperta-di-un-territorio-chimera#primaryimage"},"image":{"@id":"https:\/\/cinema.video\/it\/emita-frigato-tuscia-la-scoperta-di-un-territorio-chimera#primaryimage"},"thumbnailUrl":"https:\/\/cinema.video\/wp-content\/uploads\/2023\/12\/20231209_141240-2-scaled-e1702555785579.jpg","datePublished":"2023-12-13T15:32:23+00:00","dateModified":"2026-04-10T02:03:50+00:00","description":"EMITA FRIGATO Tuscia la scoperta di un territorio-Chimera \u2013 emita frigato tuscia la scoperta di. \u00c9 una trilogia dei luoghi quella che si conclude con La C","breadcrumb":{"@id":"https:\/\/cinema.video\/it\/emita-frigato-tuscia-la-scoperta-di-un-territorio-chimera#breadcrumb"},"inLanguage":"it-IT","potentialAction":[{"@type":"ReadAction","target":["https:\/\/cinema.video\/it\/emita-frigato-tuscia-la-scoperta-di-un-territorio-chimera"]}]},{"@type":"ImageObject","inLanguage":"it-IT","@id":"https:\/\/cinema.video\/it\/emita-frigato-tuscia-la-scoperta-di-un-territorio-chimera#primaryimage","url":"https:\/\/cinema.video\/wp-content\/uploads\/2023\/12\/20231209_141240-2-scaled-e1702555785579.jpg","contentUrl":"https:\/\/cinema.video\/wp-content\/uploads\/2023\/12\/20231209_141240-2-scaled-e1702555785579.jpg","width":800,"height":500,"caption":"Emita Frigato a Berlino, il giorno della consegna dell'EFA Excellence Award"},{"@type":"BreadcrumbList","@id":"https:\/\/cinema.video\/it\/emita-frigato-tuscia-la-scoperta-di-un-territorio-chimera#breadcrumb","itemListElement":[{"@type":"ListItem","position":1,"name":"Home","item":"https:\/\/cinema.video\/it\/home-2"},{"@type":"ListItem","position":2,"name":"EMITA FRIGATO Tuscia la scoperta di un territorio-Chimera"}]},{"@type":"WebSite","@id":"https:\/\/cinema.video\/it#website","url":"https:\/\/cinema.video\/it","name":"Cinema & Video International","description":"Film &amp; Audiovisual Industry Trade Magazine","publisher":{"@id":"https:\/\/cinema.video\/it#organization"},"alternateName":"Cinema & Video","potentialAction":[{"@type":"SearchAction","target":{"@type":"EntryPoint","urlTemplate":"https:\/\/cinema.video\/it?s={search_term_string}"},"query-input":{"@type":"PropertyValueSpecification","valueRequired":true,"valueName":"search_term_string"}}],"inLanguage":"it-IT"},{"@type":"Organization","@id":"https:\/\/cinema.video\/it#organization","name":"Cinema & Video","url":"https:\/\/cinema.video\/it","logo":{"@type":"ImageObject","inLanguage":"it-IT","@id":"https:\/\/cinema.video\/it#\/schema\/logo\/image\/","url":"https:\/\/cinema.video\/wp-content\/uploads\/2026\/04\/CinemVideo_LogoBlack.png","contentUrl":"https:\/\/cinema.video\/wp-content\/uploads\/2026\/04\/CinemVideo_LogoBlack.png","width":1336,"height":224,"caption":"Cinema & Video"},"image":{"@id":"https:\/\/cinema.video\/it#\/schema\/logo\/image\/"},"sameAs":["https:\/\/www.facebook.com\/CinemaVideoInternational\/","https:\/\/www.instagram.com\/cinemaevideointernational\/","https:\/\/it.linkedin.com\/company\/cinema-video-international"],"description":"Media Consulting & Marketing Agency","email":"hello@darostudio.com","legalName":"DARO studio LLC","foundingDate":"2021-02-16","numberOfEmployees":{"@type":"QuantitativeValue","minValue":"1","maxValue":"10"}},{"@type":"Person","@id":"https:\/\/cinema.video\/it#\/schema\/person\/d5479fad8d0f2360000eb4aab6bb6e5d","name":"Carolina Mancini","image":{"@type":"ImageObject","inLanguage":"it-IT","@id":"https:\/\/secure.gravatar.com\/avatar\/d4758965c5e8730dbaaa7131a628547771a26c1e5bf14fe323d96f8246a62baf?s=96&d=mm&r=g","url":"https:\/\/secure.gravatar.com\/avatar\/d4758965c5e8730dbaaa7131a628547771a26c1e5bf14fe323d96f8246a62baf?s=96&d=mm&r=g","contentUrl":"https:\/\/secure.gravatar.com\/avatar\/d4758965c5e8730dbaaa7131a628547771a26c1e5bf14fe323d96f8246a62baf?s=96&d=mm&r=g","caption":"Carolina Mancini"},"url":"https:\/\/cinema.video\/it\/author\/carolin"}]}},"jetpack_featured_media_url":"https:\/\/cinema.video\/wp-content\/uploads\/2023\/12\/20231209_141240-2-scaled-e1702555785579.jpg","jetpack_shortlink":"https:\/\/wp.me\/ph672m-1f56","_links":{"self":[{"href":"https:\/\/cinema.video\/it\/wp-json\/wp\/v2\/posts\/296304","targetHints":{"allow":["GET"]}}],"collection":[{"href":"https:\/\/cinema.video\/it\/wp-json\/wp\/v2\/posts"}],"about":[{"href":"https:\/\/cinema.video\/it\/wp-json\/wp\/v2\/types\/post"}],"author":[{"embeddable":true,"href":"https:\/\/cinema.video\/it\/wp-json\/wp\/v2\/users\/2"}],"replies":[{"embeddable":true,"href":"https:\/\/cinema.video\/it\/wp-json\/wp\/v2\/comments?post=296304"}],"version-history":[{"count":1,"href":"https:\/\/cinema.video\/it\/wp-json\/wp\/v2\/posts\/296304\/revisions"}],"predecessor-version":[{"id":309217,"href":"https:\/\/cinema.video\/it\/wp-json\/wp\/v2\/posts\/296304\/revisions\/309217"}],"wp:featuredmedia":[{"embeddable":true,"href":"https:\/\/cinema.video\/it\/wp-json\/wp\/v2\/media\/296328"}],"wp:attachment":[{"href":"https:\/\/cinema.video\/it\/wp-json\/wp\/v2\/media?parent=296304"}],"wp:term":[{"taxonomy":"category","embeddable":true,"href":"https:\/\/cinema.video\/it\/wp-json\/wp\/v2\/categories?post=296304"},{"taxonomy":"post_tag","embeddable":true,"href":"https:\/\/cinema.video\/it\/wp-json\/wp\/v2\/tags?post=296304"}],"curies":[{"name":"wp","href":"https:\/\/api.w.org\/{rel}","templated":true}]}}