{"id":296198,"date":"2023-11-29T18:07:41","date_gmt":"2023-11-29T17:07:41","guid":{"rendered":"https:\/\/cinema.video\/?p=296198"},"modified":"2026-04-10T04:03:44","modified_gmt":"2026-04-10T02:03:44","slug":"presentato-il-primo-bilancio-sociale-di-film-commission-torino-piemonte","status":"publish","type":"post","link":"https:\/\/cinema.video\/it\/presentato-il-primo-bilancio-sociale-di-film-commission-torino-piemonte","title":{"rendered":"Presentato il primo Bilancio Sociale di Film Commission Torino Piemonte"},"content":{"rendered":"\n<p class=\"wp-block-paragraph\">Annunciato come evento centrale della 6<sup>a<\/sup> edizione del Torino Film Industry, lo scorso 25 novembre <strong>Film Commission Torino Piemonte <\/strong>ha presentato il primo <strong>Bilancio Sociale <\/strong>della Fondazione, studio elaborato e strutturato dal Dipartimento di Management dell&#8217;<strong>Universit\u00e0 degli Studi di Torino<\/strong> diretto dal Professor <strong>Paolo Biancone,<\/strong> per fornire una documentazione certificata sull\u2019utilizzo delle risorse messe a disposizione dalle istituzioni piemontesi e sull\u2019impatto economico, industriale, sociale e di sostenibilit\u00e0 dell\u2019operato di FCTP. La realizzazione del documento \u00e8 \u201cmotivo di grande orgoglio\u201d, nelle parole della presidente di FCTP<strong>, Beatrice Borgia<\/strong>,<strong> <\/strong>che <strong>\u201c<\/strong>si integra perfettamente con le linee strategiche prefissate ad inizio mandato, abbinando le competenze presenti nella struttura ad un approccio manageriale, con un focus su concetti chiave come internazionalit\u00e0, qualit\u00e0 e responsabilit\u00e0 sociale e ambientale\u201d.<\/p>\n\n\n\n<p class=\"wp-block-paragraph\">E\u2019 interessante la tempistica: nello scorso novembre, infatti, l\u2019annuncio fu che la <strong>Regione Piemonte<\/strong>, in controtendenza con il trend nazionale, avrebbe triplicato, per il triennio 2023-2025, le risorse impegnate per il sostegno del cinema e dell\u2019audiovisivo. Quest\u2019anno si \u00e8 voluto \u201cmotivare\u201d l\u2019eccezionale impegno: in altre parole, se l\u2019anno scorso si comunicava \u201cci sono pi\u00f9 soldi\u201d, quest\u2019anno si spiega perch\u00e9 investire nel settore \u201cconviene\u201d.<\/p>\n\n\n\n<p class=\"wp-block-paragraph\">Ci\u00f2 giustifica la presenza, al Circolo dei lettori, sede di TFI, dei maggiori stakeholders, ad iniziare dalla Regione Piemonte, nella persona di <strong>Andrea Tronzano<\/strong>, Assessore regionale a Bilancio e Sviluppo delle attivit\u00e0 produttive e delle piccole e medie imprese, sempre pi\u00f9 convinto che \u201cil cinema \u00e8 fonte di occupazione enorme\u201d, della <strong>Citt\u00e0 di Torino<\/strong>, con l\u2019assessora alla Cultura <strong>Rosanna Purchia<\/strong>, che ha opportunamente ricordato la \u201cconcordia istituzionale\u201d che ha caratterizzato, fin dalla nascita della Film Commission, il rapporto tra i due enti, e della <strong>Compagnia di San Paolo<\/strong>, sempre pi\u00f9 coinvolta nelle sorti dell\u2019audiovisivo piemontese, che sostiene economicamente il Piemonte Film Tv Development Fund nel biennio 2023-2024, concependolo come \u201ceffetto leva\u201d- ha sottolineato il responsabile Obiettivo Cultura della Fondazione, <strong>Matteo Bagnasco<\/strong> \u2013 capace di generare nuovi investimenti.<\/p>\n\n\n\n<p class=\"wp-block-paragraph\"><strong>Il Bilancio Sociale<\/strong><\/p>\n\n\n\n<p class=\"wp-block-paragraph\">Corredato da un excursus storico sulla Film Commission Torino Piemonte e la sua attivit\u00e0, che occupa le due prime parti, lo studio riserva l\u2019ultimo capitolo all\u2019anno 2022, prendendo in esame l\u2019impatto economico di lungometraggi per il cinema e le serie fiction per la tv e le piattaforme<strong>.<\/strong><\/p>\n\n\n\n<p class=\"wp-block-paragraph\">Nello scorso anno, a fronte dei 976.880,72 euro investiti attraverso il Piemonte Film Tv Fund, le produzioni beneficiarie hanno preventivato di spendere 3.781.867 milioni di euro nel territorio piemontese, determinando un rapporto tra contributo e spesa sul territorio complessivamente pari a 3,8.<\/p>\n\n\n\n<p class=\"wp-block-paragraph\">Opportunamente sono stati presi in esame anche i lungometraggi e le serie tv che non hanno avuto sostegno economico, ma hanno beneficiato dei servizi di Film Commission Torino Piemonte nel 2022: a fronte di un investimento solo in termini di servizi offerti (quantificati in euro 1.360.000) le produzioni sostenute hanno preventivato di spendere pi\u00f9 di 19,7 milioni di euro sul territorio piemontese<strong>.<\/strong><\/p>\n\n\n\n<p class=\"wp-block-paragraph\">Lo studio somma i due costi ( fondi 976.881 + 1360.000 film commission euro) e le relative spese \u201cqualificate\u201ddelle produzioni sul territorio ( 3781,867 + 19.809.478), per arrivare a stabilire un ritorno pari a 10 volte l\u2019investimento.<\/p>\n\n\n\n<p class=\"wp-block-paragraph\">E&#8217; molto interessante osservare le cifre scorporate, da cui risulta che la spesa delle produzioni beneficiarie unicamente dei servizi \u00e8 di 1:14,58. Ci\u00f2 significa che il valore dei servizi erogati dalla Film Commission \u00e8 enormemente superiore a quello generato dal sostegno economico (3,8).<\/p>\n\n\n\n<p class=\"wp-block-paragraph\">Questo dato valorizza il lavoro della Film Commission e, pi\u00f9 in generale, conferma (al dil\u00e0 dei luoghi comuni) che l\u2019attrattivit\u00e0 di un territorio nei confronti delle produzioni deriva in massima parte dai servizi che quel territorio \u00e8 in grado di offri<strong>re.<\/strong><\/p>\n\n\n\n<p class=\"wp-block-paragraph\">Naturalmente occorre tener presente che i numeri della spesa si riferiscono a preventivi e non a consuntivi, essendo questi ultimi spesso chiusi a notevole distanza di tempo dalla conclusione delle produzioni.<\/p>\n\n\n\n<p class=\"wp-block-paragraph\">Lo studio propone anche una proiezione dell\u2019impatto complessivo generato sul Piemonte, stimato in 47.182.690 euro, con un rapporto di 1 a 20 rispetto ai 2.336.881 investiti. Si tratta di una stima dell\u2019effetto moltiplicativo prudenzialmente arrotondato a 2, basata su due precedenti: \u201cValutazione di impatto Legge Cinema e Audiovisivo Anno 2021\u201d, promosso da Direzione Generale Cinema e Audiovisivo \u2013 MIC e il Caso Studio Fondazione Apulia Film Commission.<\/p>\n\n\n\n<p class=\"wp-block-paragraph\">Dentro questi numeri di grande effetto ( il riferimento \u00e8 sempre al 2022), c\u2019\u00e8 , nello studio, la divisione delle spese affrontate dalla produzione in Piemonte; spese per fornitura di beni e servizi: 32% per lungometraggi e 33% per le serie tv; spese per strutture ricettive: 10% per lungometraggi e 33% per serie tv; spesa per il personale: 58% per i lungometraggi e 40% per le serie tv. Sarebbe interessante indagare il senso delle differenti percentuali tra i due formati, o comunque la direzione, cos\u00ec come fare un raffronto con gli anni precedenti, che permetterebbe di valutare eventuali scostamenti sul dato occupazionale e industriale.<\/p>\n\n\n\n<p class=\"wp-block-paragraph\">La fotografia del territorio mostra un settore ben radicato in Piemonte- 185 societ\u00e0 di produzione, 240 strutture di servizio, 1022 professionisti, 295 attrici-attori, 170 sale. un\u2019offerta di 1400 location \u2013 secondo solo al Lazio, che ha attratto, dal 2000 al 2022, 1654 titoli, di cui 323 lungometraggi, 173 serie tv, 519 documentari e 25 prodotti di animazione.<\/p>\n\n\n\n<p class=\"wp-block-paragraph\">Nonostante, nel documento, sia dato risalto al fenomeno del cineturismo \u2013 forse non abbastanza enfatizzato il ruolo della Film Commission, che gi\u00e0 nei primi anni di attivit\u00e0, con la gestione Boglione \u2013 Fossati (rispettivamente presidente e direttore) riusc\u00ec a \u201cribaltare\u201d l\u2019immagine di Torino da citt\u00e0 industriale a citt\u00e0 del cinema, costruendo il fenomeno \u201cElisa di Rivombrosa\u201d \u2013  \u00e8 difficile individuare la vocazione o le vocazioni su cui la Film Commission ha lavorato. <\/p>\n\n\n\n<p class=\"wp-block-paragraph\">Un esempio. Se si fossero raffrontati il numero delle produzioni con le giornate di lavorazione nel corso degli anni, sarebbe potuta emergere la direzione privilegiata: la ricerca di visibilit\u00e0 e conseguente promozione turistica (connessa al numero di titoli), o la crescita di professionalit\u00e0 e servizi sul territorio (giornate lavorative).<\/p>\n\n\n\n<p class=\"wp-block-paragraph\">In conclusione &#8211; le osservazioni di cui sopra sono curiosit\u00e0 giornalistiche senza alcuna pretesa scientifica \u2013 \u00e8 evidente l\u2019importanza di questo primo Bilancio Sociale, la sua necessit\u00e0, che ha creato un precedente da cui le altre Film Commission non potranno prescindere. Che suggeriscono di alzare l\u2019asticella, e auspicare che il Mic avvii un lavoro analogo che abbia dentro tutte le film commission italiane, omogeinizzi i criteri d\u2019indagine e dia un valore al loro apporto al cinema e all\u2019audiovisivo italiano.<\/p>\n\n\n\n<p class=\"wp-block-paragraph\">Un segnale incoraggiante, in tal senso, \u00e8 arrivato da <strong>Bruno Zambardino<\/strong>, che tra i ruoli ricoperti al <strong>MiC <\/strong>ha quello di referente del Ministero con le Film Commission italiane e coordinatore istituzionale del portale Italy for Movies: intervenendo al panel di presentazione, Zambardino ha apprezzato \u201cla visione sistemica\u201ddello studio.<\/p>\n","protected":false},"excerpt":{"rendered":"<p>Lo scorso 25 novembre Film Commission Torino Piemonte ha presentato il primo Bilancio Sociale della Fondazione, studio elaborato e strutturato dal Dipartimento di Management dell&#8217;Universit\u00e0 degli Studi di Torino diretto dal Professor Paolo Biancone<\/p>\n","protected":false},"author":3,"featured_media":296203,"comment_status":"closed","ping_status":"closed","sticky":false,"template":"","format":"standard","meta":{"googlesitekit_rrm_CAow3e7fCw:productID":"","_crdt_document":"","footnotes":""},"categories":[1],"tags":[417,607],"class_list":{"0":"post-296198","1":"post","2":"type-post","3":"status-publish","4":"format-standard","5":"has-post-thumbnail","7":"category-senza-categoria","8":"tag-film-commission-torino-piemonte","9":"tag-mic"},"yoast_head":"<!-- This site is optimized with the Yoast SEO Premium plugin v27.4 (Yoast SEO v27.4) - https:\/\/yoast.com\/product\/yoast-seo-premium-wordpress\/ -->\n<title>Presentato il primo Bilancio Sociale di Film Commission Torino Piemonte - Cinema &amp; Video International<\/title>\n<meta name=\"description\" content=\"Presentato il primo Bilancio Sociale di Film Commission Torino Piemonte \u2013 presentato il primo bilancio sociale di. Annunciato come evento centrale della 6\" \/>\n<meta name=\"robots\" content=\"index, follow, max-snippet:-1, max-image-preview:large, max-video-preview:-1\" \/>\n<link rel=\"canonical\" href=\"https:\/\/cinema.video\/it\/presentato-il-primo-bilancio-sociale-di-film-commission-torino-piemonte\" \/>\n<meta property=\"og:locale\" content=\"it_IT\" \/>\n<meta property=\"og:type\" content=\"article\" \/>\n<meta property=\"og:title\" content=\"Presentato il primo Bilancio Sociale di Film Commission Torino Piemonte\" \/>\n<meta property=\"og:description\" content=\"Presentato il primo Bilancio Sociale di Film Commission Torino Piemonte \u2013 presentato il primo bilancio sociale di. Annunciato come evento centrale della 6\" \/>\n<meta property=\"og:url\" content=\"https:\/\/cinema.video\/it\/presentato-il-primo-bilancio-sociale-di-film-commission-torino-piemonte\" \/>\n<meta property=\"og:site_name\" content=\"Cinema &amp; Video International\" \/>\n<meta property=\"article:publisher\" content=\"https:\/\/www.facebook.com\/CinemaVideoInternational\/\" \/>\n<meta property=\"article:published_time\" content=\"2023-11-29T17:07:41+00:00\" \/>\n<meta property=\"article:modified_time\" content=\"2026-04-10T02:03:44+00:00\" \/>\n<meta property=\"og:image\" content=\"https:\/\/cinema.video\/wp-content\/uploads\/2023\/12\/bilancio.jpg\" \/>\n\t<meta property=\"og:image:width\" content=\"1600\" \/>\n\t<meta property=\"og:image:height\" content=\"1200\" \/>\n\t<meta property=\"og:image:type\" content=\"image\/jpeg\" \/>\n<meta name=\"author\" content=\"Paolo di Maira\" \/>\n<meta name=\"twitter:card\" content=\"summary_large_image\" \/>\n<meta name=\"twitter:label1\" content=\"Scritto da\" \/>\n\t<meta name=\"twitter:data1\" content=\"Paolo di Maira\" \/>\n\t<meta name=\"twitter:label2\" content=\"Tempo di lettura stimato\" \/>\n\t<meta name=\"twitter:data2\" content=\"6 minuti\" \/>\n<script type=\"application\/ld+json\" class=\"yoast-schema-graph\">{\"@context\":\"https:\\\/\\\/schema.org\",\"@graph\":[{\"@type\":\"Article\",\"@id\":\"https:\\\/\\\/cinema.video\\\/it\\\/presentato-il-primo-bilancio-sociale-di-film-commission-torino-piemonte#article\",\"isPartOf\":{\"@id\":\"https:\\\/\\\/cinema.video\\\/it\\\/presentato-il-primo-bilancio-sociale-di-film-commission-torino-piemonte\"},\"author\":{\"name\":\"Paolo di Maira\",\"@id\":\"https:\\\/\\\/cinema.video\\\/it#\\\/schema\\\/person\\\/f8104a60677fb10fe493beb104706772\"},\"headline\":\"Presentato il primo Bilancio Sociale di Film Commission Torino Piemonte\",\"datePublished\":\"2023-11-29T17:07:41+00:00\",\"dateModified\":\"2026-04-10T02:03:44+00:00\",\"mainEntityOfPage\":{\"@id\":\"https:\\\/\\\/cinema.video\\\/it\\\/presentato-il-primo-bilancio-sociale-di-film-commission-torino-piemonte\"},\"wordCount\":1070,\"publisher\":{\"@id\":\"https:\\\/\\\/cinema.video\\\/it#organization\"},\"image\":{\"@id\":\"https:\\\/\\\/cinema.video\\\/it\\\/presentato-il-primo-bilancio-sociale-di-film-commission-torino-piemonte#primaryimage\"},\"thumbnailUrl\":\"https:\\\/\\\/cinema.video\\\/wp-content\\\/uploads\\\/2023\\\/12\\\/bilancio.jpg\",\"keywords\":[\"FILM COMMISSION TORINO PIEMONTE\",\"MIC\"],\"inLanguage\":\"it-IT\"},{\"@type\":\"WebPage\",\"@id\":\"https:\\\/\\\/cinema.video\\\/it\\\/presentato-il-primo-bilancio-sociale-di-film-commission-torino-piemonte\",\"url\":\"https:\\\/\\\/cinema.video\\\/it\\\/presentato-il-primo-bilancio-sociale-di-film-commission-torino-piemonte\",\"name\":\"Presentato il primo Bilancio Sociale di Film Commission Torino Piemonte - Cinema &amp; Video International\",\"isPartOf\":{\"@id\":\"https:\\\/\\\/cinema.video\\\/it#website\"},\"primaryImageOfPage\":{\"@id\":\"https:\\\/\\\/cinema.video\\\/it\\\/presentato-il-primo-bilancio-sociale-di-film-commission-torino-piemonte#primaryimage\"},\"image\":{\"@id\":\"https:\\\/\\\/cinema.video\\\/it\\\/presentato-il-primo-bilancio-sociale-di-film-commission-torino-piemonte#primaryimage\"},\"thumbnailUrl\":\"https:\\\/\\\/cinema.video\\\/wp-content\\\/uploads\\\/2023\\\/12\\\/bilancio.jpg\",\"datePublished\":\"2023-11-29T17:07:41+00:00\",\"dateModified\":\"2026-04-10T02:03:44+00:00\",\"description\":\"Presentato il primo Bilancio Sociale di Film Commission Torino Piemonte \u2013 presentato il primo bilancio sociale di. Annunciato come evento centrale della 6\",\"breadcrumb\":{\"@id\":\"https:\\\/\\\/cinema.video\\\/it\\\/presentato-il-primo-bilancio-sociale-di-film-commission-torino-piemonte#breadcrumb\"},\"inLanguage\":\"it-IT\",\"potentialAction\":[{\"@type\":\"ReadAction\",\"target\":[\"https:\\\/\\\/cinema.video\\\/it\\\/presentato-il-primo-bilancio-sociale-di-film-commission-torino-piemonte\"]}]},{\"@type\":\"ImageObject\",\"inLanguage\":\"it-IT\",\"@id\":\"https:\\\/\\\/cinema.video\\\/it\\\/presentato-il-primo-bilancio-sociale-di-film-commission-torino-piemonte#primaryimage\",\"url\":\"https:\\\/\\\/cinema.video\\\/wp-content\\\/uploads\\\/2023\\\/12\\\/bilancio.jpg\",\"contentUrl\":\"https:\\\/\\\/cinema.video\\\/wp-content\\\/uploads\\\/2023\\\/12\\\/bilancio.jpg\",\"width\":1600,\"height\":1200},{\"@type\":\"BreadcrumbList\",\"@id\":\"https:\\\/\\\/cinema.video\\\/it\\\/presentato-il-primo-bilancio-sociale-di-film-commission-torino-piemonte#breadcrumb\",\"itemListElement\":[{\"@type\":\"ListItem\",\"position\":1,\"name\":\"Home\",\"item\":\"https:\\\/\\\/cinema.video\\\/it\\\/home-2\"},{\"@type\":\"ListItem\",\"position\":2,\"name\":\"Presentato il primo Bilancio Sociale di Film Commission Torino Piemonte\"}]},{\"@type\":\"WebSite\",\"@id\":\"https:\\\/\\\/cinema.video\\\/it#website\",\"url\":\"https:\\\/\\\/cinema.video\\\/it\",\"name\":\"Cinema & Video International\",\"description\":\"Film &amp; Audiovisual Industry Trade Magazine\",\"publisher\":{\"@id\":\"https:\\\/\\\/cinema.video\\\/it#organization\"},\"alternateName\":\"Cinema & Video\",\"potentialAction\":[{\"@type\":\"SearchAction\",\"target\":{\"@type\":\"EntryPoint\",\"urlTemplate\":\"https:\\\/\\\/cinema.video\\\/it?s={search_term_string}\"},\"query-input\":{\"@type\":\"PropertyValueSpecification\",\"valueRequired\":true,\"valueName\":\"search_term_string\"}}],\"inLanguage\":\"it-IT\"},{\"@type\":\"Organization\",\"@id\":\"https:\\\/\\\/cinema.video\\\/it#organization\",\"name\":\"Cinema & Video\",\"url\":\"https:\\\/\\\/cinema.video\\\/it\",\"logo\":{\"@type\":\"ImageObject\",\"inLanguage\":\"it-IT\",\"@id\":\"https:\\\/\\\/cinema.video\\\/it#\\\/schema\\\/logo\\\/image\\\/\",\"url\":\"https:\\\/\\\/cinema.video\\\/wp-content\\\/uploads\\\/2026\\\/04\\\/CinemVideo_LogoBlack.png\",\"contentUrl\":\"https:\\\/\\\/cinema.video\\\/wp-content\\\/uploads\\\/2026\\\/04\\\/CinemVideo_LogoBlack.png\",\"width\":1336,\"height\":224,\"caption\":\"Cinema & Video\"},\"image\":{\"@id\":\"https:\\\/\\\/cinema.video\\\/it#\\\/schema\\\/logo\\\/image\\\/\"},\"sameAs\":[\"https:\\\/\\\/www.facebook.com\\\/CinemaVideoInternational\\\/\",\"https:\\\/\\\/www.instagram.com\\\/cinemaevideointernational\\\/\",\"https:\\\/\\\/it.linkedin.com\\\/company\\\/cinema-video-international\"],\"description\":\"Media Consulting & Marketing Agency\",\"email\":\"hello@darostudio.com\",\"legalName\":\"DARO studio LLC\",\"foundingDate\":\"2021-02-16\",\"numberOfEmployees\":{\"@type\":\"QuantitativeValue\",\"minValue\":\"1\",\"maxValue\":\"10\"}},{\"@type\":\"Person\",\"@id\":\"https:\\\/\\\/cinema.video\\\/it#\\\/schema\\\/person\\\/f8104a60677fb10fe493beb104706772\",\"name\":\"Paolo di Maira\",\"image\":{\"@type\":\"ImageObject\",\"inLanguage\":\"it-IT\",\"@id\":\"https:\\\/\\\/secure.gravatar.com\\\/avatar\\\/771f2f1ed52288870c094eaf85ff9ee49655ec12aa7e7832c3b3e4b8f5afdf10?s=96&d=mm&r=g\",\"url\":\"https:\\\/\\\/secure.gravatar.com\\\/avatar\\\/771f2f1ed52288870c094eaf85ff9ee49655ec12aa7e7832c3b3e4b8f5afdf10?s=96&d=mm&r=g\",\"contentUrl\":\"https:\\\/\\\/secure.gravatar.com\\\/avatar\\\/771f2f1ed52288870c094eaf85ff9ee49655ec12aa7e7832c3b3e4b8f5afdf10?s=96&d=mm&r=g\",\"caption\":\"Paolo di Maira\"},\"description\":\"Paolo Di Maira, giornalista, ha fondato Cinema&amp;Video International nel 1994, portando nella nuova testata l\u2019esperienza e le risorse accumulate nella direzione di Nuovo Cinema Europeo, rivista storica dei professionisti del settore, pubblicata fino al 1993. Ha svolto attivit\u00e0 di consulenza alla comunicazione per istituzioni culturali e prestigiose aziende audiovisive. (Mifed-Fiera Milano; Rai Trade; Istituto Italiano di Scienze Umane). Le relazioni fra cinema e territorio, che da sempre occupano un posto privilegiato all\u2019interno di Cinema&amp;Video (con rubriche dedicate al cineturismo, alle attivit\u00e0 delle film commission, e ai fondi regionali all\u2019audiovisivo), lo hanno portato a fondare nel 2005, assieme ad Andrea Rocco ed Alessandro Signetto, il \u00a0Centro Studi su Audiovisivo e Territorio Luoghi&amp;Location, e a ideare a realizzare, assieme all\u2019operatore turistico Ville in Italia e a Carolina Mancini, Emotions in Italy, magazine online che si occupa di cultura, territorio ed Italian Lifestyle. Attraverso la IMPACT, azienda di cui \u00e8 titolare, edita Cinema&amp;Video International, e realizza servizi editoriali per conto terzi.\",\"url\":\"https:\\\/\\\/cinema.video\\\/it\\\/author\\\/paolo\"}]}<\/script>\n<!-- \/ Yoast SEO Premium plugin. -->","yoast_head_json":{"title":"Presentato il primo Bilancio Sociale di Film Commission Torino Piemonte - Cinema &amp; Video International","description":"Presentato il primo Bilancio Sociale di Film Commission Torino Piemonte \u2013 presentato il primo bilancio sociale di. Annunciato come evento centrale della 6","robots":{"index":"index","follow":"follow","max-snippet":"max-snippet:-1","max-image-preview":"max-image-preview:large","max-video-preview":"max-video-preview:-1"},"canonical":"https:\/\/cinema.video\/it\/presentato-il-primo-bilancio-sociale-di-film-commission-torino-piemonte","og_locale":"it_IT","og_type":"article","og_title":"Presentato il primo Bilancio Sociale di Film Commission Torino Piemonte","og_description":"Presentato il primo Bilancio Sociale di Film Commission Torino Piemonte \u2013 presentato il primo bilancio sociale di. Annunciato come evento centrale della 6","og_url":"https:\/\/cinema.video\/it\/presentato-il-primo-bilancio-sociale-di-film-commission-torino-piemonte","og_site_name":"Cinema &amp; Video International","article_publisher":"https:\/\/www.facebook.com\/CinemaVideoInternational\/","article_published_time":"2023-11-29T17:07:41+00:00","article_modified_time":"2026-04-10T02:03:44+00:00","og_image":[{"width":1600,"height":1200,"url":"https:\/\/cinema.video\/wp-content\/uploads\/2023\/12\/bilancio.jpg","type":"image\/jpeg"}],"author":"Paolo di Maira","twitter_card":"summary_large_image","twitter_misc":{"Scritto da":"Paolo di Maira","Tempo di lettura stimato":"6 minuti"},"schema":{"@context":"https:\/\/schema.org","@graph":[{"@type":"Article","@id":"https:\/\/cinema.video\/it\/presentato-il-primo-bilancio-sociale-di-film-commission-torino-piemonte#article","isPartOf":{"@id":"https:\/\/cinema.video\/it\/presentato-il-primo-bilancio-sociale-di-film-commission-torino-piemonte"},"author":{"name":"Paolo di Maira","@id":"https:\/\/cinema.video\/it#\/schema\/person\/f8104a60677fb10fe493beb104706772"},"headline":"Presentato il primo Bilancio Sociale di Film Commission Torino Piemonte","datePublished":"2023-11-29T17:07:41+00:00","dateModified":"2026-04-10T02:03:44+00:00","mainEntityOfPage":{"@id":"https:\/\/cinema.video\/it\/presentato-il-primo-bilancio-sociale-di-film-commission-torino-piemonte"},"wordCount":1070,"publisher":{"@id":"https:\/\/cinema.video\/it#organization"},"image":{"@id":"https:\/\/cinema.video\/it\/presentato-il-primo-bilancio-sociale-di-film-commission-torino-piemonte#primaryimage"},"thumbnailUrl":"https:\/\/cinema.video\/wp-content\/uploads\/2023\/12\/bilancio.jpg","keywords":["FILM COMMISSION TORINO PIEMONTE","MIC"],"inLanguage":"it-IT"},{"@type":"WebPage","@id":"https:\/\/cinema.video\/it\/presentato-il-primo-bilancio-sociale-di-film-commission-torino-piemonte","url":"https:\/\/cinema.video\/it\/presentato-il-primo-bilancio-sociale-di-film-commission-torino-piemonte","name":"Presentato il primo Bilancio Sociale di Film Commission Torino Piemonte - Cinema &amp; Video International","isPartOf":{"@id":"https:\/\/cinema.video\/it#website"},"primaryImageOfPage":{"@id":"https:\/\/cinema.video\/it\/presentato-il-primo-bilancio-sociale-di-film-commission-torino-piemonte#primaryimage"},"image":{"@id":"https:\/\/cinema.video\/it\/presentato-il-primo-bilancio-sociale-di-film-commission-torino-piemonte#primaryimage"},"thumbnailUrl":"https:\/\/cinema.video\/wp-content\/uploads\/2023\/12\/bilancio.jpg","datePublished":"2023-11-29T17:07:41+00:00","dateModified":"2026-04-10T02:03:44+00:00","description":"Presentato il primo Bilancio Sociale di Film Commission Torino Piemonte \u2013 presentato il primo bilancio sociale di. Annunciato come evento centrale della 6","breadcrumb":{"@id":"https:\/\/cinema.video\/it\/presentato-il-primo-bilancio-sociale-di-film-commission-torino-piemonte#breadcrumb"},"inLanguage":"it-IT","potentialAction":[{"@type":"ReadAction","target":["https:\/\/cinema.video\/it\/presentato-il-primo-bilancio-sociale-di-film-commission-torino-piemonte"]}]},{"@type":"ImageObject","inLanguage":"it-IT","@id":"https:\/\/cinema.video\/it\/presentato-il-primo-bilancio-sociale-di-film-commission-torino-piemonte#primaryimage","url":"https:\/\/cinema.video\/wp-content\/uploads\/2023\/12\/bilancio.jpg","contentUrl":"https:\/\/cinema.video\/wp-content\/uploads\/2023\/12\/bilancio.jpg","width":1600,"height":1200},{"@type":"BreadcrumbList","@id":"https:\/\/cinema.video\/it\/presentato-il-primo-bilancio-sociale-di-film-commission-torino-piemonte#breadcrumb","itemListElement":[{"@type":"ListItem","position":1,"name":"Home","item":"https:\/\/cinema.video\/it\/home-2"},{"@type":"ListItem","position":2,"name":"Presentato il primo Bilancio Sociale di Film Commission Torino Piemonte"}]},{"@type":"WebSite","@id":"https:\/\/cinema.video\/it#website","url":"https:\/\/cinema.video\/it","name":"Cinema & Video International","description":"Film &amp; Audiovisual Industry Trade Magazine","publisher":{"@id":"https:\/\/cinema.video\/it#organization"},"alternateName":"Cinema & Video","potentialAction":[{"@type":"SearchAction","target":{"@type":"EntryPoint","urlTemplate":"https:\/\/cinema.video\/it?s={search_term_string}"},"query-input":{"@type":"PropertyValueSpecification","valueRequired":true,"valueName":"search_term_string"}}],"inLanguage":"it-IT"},{"@type":"Organization","@id":"https:\/\/cinema.video\/it#organization","name":"Cinema & Video","url":"https:\/\/cinema.video\/it","logo":{"@type":"ImageObject","inLanguage":"it-IT","@id":"https:\/\/cinema.video\/it#\/schema\/logo\/image\/","url":"https:\/\/cinema.video\/wp-content\/uploads\/2026\/04\/CinemVideo_LogoBlack.png","contentUrl":"https:\/\/cinema.video\/wp-content\/uploads\/2026\/04\/CinemVideo_LogoBlack.png","width":1336,"height":224,"caption":"Cinema & Video"},"image":{"@id":"https:\/\/cinema.video\/it#\/schema\/logo\/image\/"},"sameAs":["https:\/\/www.facebook.com\/CinemaVideoInternational\/","https:\/\/www.instagram.com\/cinemaevideointernational\/","https:\/\/it.linkedin.com\/company\/cinema-video-international"],"description":"Media Consulting & Marketing Agency","email":"hello@darostudio.com","legalName":"DARO studio LLC","foundingDate":"2021-02-16","numberOfEmployees":{"@type":"QuantitativeValue","minValue":"1","maxValue":"10"}},{"@type":"Person","@id":"https:\/\/cinema.video\/it#\/schema\/person\/f8104a60677fb10fe493beb104706772","name":"Paolo di Maira","image":{"@type":"ImageObject","inLanguage":"it-IT","@id":"https:\/\/secure.gravatar.com\/avatar\/771f2f1ed52288870c094eaf85ff9ee49655ec12aa7e7832c3b3e4b8f5afdf10?s=96&d=mm&r=g","url":"https:\/\/secure.gravatar.com\/avatar\/771f2f1ed52288870c094eaf85ff9ee49655ec12aa7e7832c3b3e4b8f5afdf10?s=96&d=mm&r=g","contentUrl":"https:\/\/secure.gravatar.com\/avatar\/771f2f1ed52288870c094eaf85ff9ee49655ec12aa7e7832c3b3e4b8f5afdf10?s=96&d=mm&r=g","caption":"Paolo di Maira"},"description":"Paolo Di Maira, giornalista, ha fondato Cinema&amp;Video International nel 1994, portando nella nuova testata l\u2019esperienza e le risorse accumulate nella direzione di Nuovo Cinema Europeo, rivista storica dei professionisti del settore, pubblicata fino al 1993. Ha svolto attivit\u00e0 di consulenza alla comunicazione per istituzioni culturali e prestigiose aziende audiovisive. (Mifed-Fiera Milano; Rai Trade; Istituto Italiano di Scienze Umane). Le relazioni fra cinema e territorio, che da sempre occupano un posto privilegiato all\u2019interno di Cinema&amp;Video (con rubriche dedicate al cineturismo, alle attivit\u00e0 delle film commission, e ai fondi regionali all\u2019audiovisivo), lo hanno portato a fondare nel 2005, assieme ad Andrea Rocco ed Alessandro Signetto, il \u00a0Centro Studi su Audiovisivo e Territorio Luoghi&amp;Location, e a ideare a realizzare, assieme all\u2019operatore turistico Ville in Italia e a Carolina Mancini, Emotions in Italy, magazine online che si occupa di cultura, territorio ed Italian Lifestyle. Attraverso la IMPACT, azienda di cui \u00e8 titolare, edita Cinema&amp;Video International, e realizza servizi editoriali per conto terzi.","url":"https:\/\/cinema.video\/it\/author\/paolo"}]}},"jetpack_featured_media_url":"https:\/\/cinema.video\/wp-content\/uploads\/2023\/12\/bilancio.jpg","jetpack_shortlink":"https:\/\/wp.me\/ph672m-1f3o","_links":{"self":[{"href":"https:\/\/cinema.video\/it\/wp-json\/wp\/v2\/posts\/296198","targetHints":{"allow":["GET"]}}],"collection":[{"href":"https:\/\/cinema.video\/it\/wp-json\/wp\/v2\/posts"}],"about":[{"href":"https:\/\/cinema.video\/it\/wp-json\/wp\/v2\/types\/post"}],"author":[{"embeddable":true,"href":"https:\/\/cinema.video\/it\/wp-json\/wp\/v2\/users\/3"}],"replies":[{"embeddable":true,"href":"https:\/\/cinema.video\/it\/wp-json\/wp\/v2\/comments?post=296198"}],"version-history":[{"count":1,"href":"https:\/\/cinema.video\/it\/wp-json\/wp\/v2\/posts\/296198\/revisions"}],"predecessor-version":[{"id":309206,"href":"https:\/\/cinema.video\/it\/wp-json\/wp\/v2\/posts\/296198\/revisions\/309206"}],"wp:featuredmedia":[{"embeddable":true,"href":"https:\/\/cinema.video\/it\/wp-json\/wp\/v2\/media\/296203"}],"wp:attachment":[{"href":"https:\/\/cinema.video\/it\/wp-json\/wp\/v2\/media?parent=296198"}],"wp:term":[{"taxonomy":"category","embeddable":true,"href":"https:\/\/cinema.video\/it\/wp-json\/wp\/v2\/categories?post=296198"},{"taxonomy":"post_tag","embeddable":true,"href":"https:\/\/cinema.video\/it\/wp-json\/wp\/v2\/tags?post=296198"}],"curies":[{"name":"wp","href":"https:\/\/api.w.org\/{rel}","templated":true}]}}