{"id":296034,"date":"2023-11-15T15:21:50","date_gmt":"2023-11-15T14:21:50","guid":{"rendered":"https:\/\/cinema.video\/?p=296034"},"modified":"2026-04-10T04:03:31","modified_gmt":"2026-04-10T02:03:31","slug":"presentato-oggi-al-festival-del-cinema-europeo-di-lecce-8-tage-in-august-co-produzione-europea-sostenuta-da-apulia-film-commission","status":"publish","type":"post","link":"https:\/\/cinema.video\/it\/presentato-oggi-al-festival-del-cinema-europeo-di-lecce-8-tage-in-august-co-produzione-europea-sostenuta-da-apulia-film-commission","title":{"rendered":"CO-PRODUZIONI EUROPEE 8 Giorni in agosto girato 4 settimane a Vieste"},"content":{"rendered":"\n<p class=\"wp-block-paragraph\">Sar\u00e0 presentato oggi in anteprima italiana al  Festival del Cinema Europeo di Lecce, <strong><em>8 Tage in August <\/em><\/strong>di <strong>Samuel Perriard<\/strong>, co-produzione fra Svizzera (<strong>Captics<\/strong>) e Italia (<strong>Helios Sustainable Films<\/strong>) girata a Vieste sul Gargano, e sostenuta da <strong>Apulia Film Commission <\/strong>e Idm Film Commission S\u00fcditirol.<\/p>\n\n\n\n<p class=\"wp-block-paragraph\">Il film \u00e8 anche un case study all&#8217;interno dell&#8217;<strong>International Co-Production Day &#8211; Apulia Film Forum Special Event<\/strong>, la giornata che oggi, 15 novembre, il festival dedica alle co-produzioni europee girate in Puglia anche con il sostegno di Apulia Film Commission.<\/p>\n\n\n\n<p class=\"wp-block-paragraph\">\u00a0<\/p>\n\n\n\n<figure class=\"wp-block-image size-large\"><img loading=\"lazy\" decoding=\"async\" width=\"1024\" height=\"681\" src=\"https:\/\/cinema.video\/wp-content\/uploads\/2023\/11\/WR2_3671FCE-2023\u00a9Whiroo2023-1024x681.jpg\" alt=\"\" class=\"wp-image-296036\" srcset=\"https:\/\/cinema.video\/wp-content\/uploads\/2023\/11\/WR2_3671FCE-2023\u00a9Whiroo2023.jpg 1024w, https:\/\/cinema.video\/wp-content\/uploads\/2023\/11\/WR2_3671FCE-2023\u00a9Whiroo2023.jpg 300w, https:\/\/cinema.video\/wp-content\/uploads\/2023\/11\/WR2_3671FCE-2023\u00a9Whiroo2023.jpg 768w, https:\/\/cinema.video\/wp-content\/uploads\/2023\/11\/WR2_3671FCE-2023\u00a9Whiroo2023.jpg 1536w, https:\/\/cinema.video\/wp-content\/uploads\/2023\/11\/WR2_3671FCE-2023\u00a9Whiroo2023.jpg 150w, https:\/\/cinema.video\/wp-content\/uploads\/2023\/11\/WR2_3671FCE-2023\u00a9Whiroo2023.jpg 696w, https:\/\/cinema.video\/wp-content\/uploads\/2023\/11\/WR2_3671FCE-2023\u00a9Whiroo2023.jpg 1068w, https:\/\/cinema.video\/wp-content\/uploads\/2023\/11\/WR2_3671FCE-2023\u00a9Whiroo2023.jpg 631w, https:\/\/cinema.video\/wp-content\/uploads\/2023\/11\/WR2_3671FCE-2023\u00a9Whiroo2023.jpg 1623w, https:\/\/cinema.video\/wp-content\/uploads\/2023\/11\/WR2_3671FCE-2023\u00a9Whiroo2023.jpg 1392w\" sizes=\"auto, (max-width: 696px) 100vw, 696px\" \/><figcaption class=\"wp-element-caption\">Da sinistra: Alberto La Monica, direttore del Festival, Samuel Perriard, Martin Rattini e Antonio Parente<\/figcaption><\/figure>\n\n\n\n<p class=\"wp-block-paragraph\">&#8220;Questo film ha avuto una lunga gestazione: l&#8217; abbiamo intercettato all&#8217; European Film Market di Berlino nel 2020, e girato in 4 settimane a Vieste sul Gargano, anche grazie alla grande caparbiet\u00e0 produttiva del produttore, <strong>Martin Rattini<\/strong>, perch\u00e9 ci sono state varie difficolt\u00e0, prima ra tutte il Covid.&#8221;<br><br>Originariamente il film era  un thriller, ambientato su un lago in Svizzera, rivela il regista. &#8220;L&#8217;abbiamo poi completamente riscritto, incentrando la storia  su due famiglie tedesche che sono in vacanza in Italia. Ho aggiunto un elemento autobiografico mio, venivo sempre in Toscana e a Napoli da bambino, ma\u00a0quando abbiamo fatto i sopralluoghi a Vieste abbiamo immediatamente capito che era quella la location. <br>Il fatto di girare in posti cos\u00ec belli aiuta sempre, sia dal punto di vista estetico, sia perch\u00e9 fare film \u00e8 un processo difficile. Nei miei film il paesaggio diventa personaggio, con lati chiari e scuri allo stesso tempo, vediamo luoghi paradisiaci ma anche le loro crepe.&#8221;<\/p>\n\n\n\n<p class=\"wp-block-paragraph\"><br><\/p>\n\n\n\n<figure class=\"wp-block-image size-large\"><img loading=\"lazy\" decoding=\"async\" width=\"1024\" height=\"681\" src=\"https:\/\/cinema.video\/wp-content\/uploads\/2023\/11\/WR2_3689FCE-2023\u00a9Whiroo2023-1024x681.jpg\" alt=\"\" class=\"wp-image-296037\" srcset=\"https:\/\/cinema.video\/wp-content\/uploads\/2023\/11\/WR2_3689FCE-2023\u00a9Whiroo2023.jpg 1024w, https:\/\/cinema.video\/wp-content\/uploads\/2023\/11\/WR2_3689FCE-2023\u00a9Whiroo2023.jpg 300w, https:\/\/cinema.video\/wp-content\/uploads\/2023\/11\/WR2_3689FCE-2023\u00a9Whiroo2023.jpg 768w, https:\/\/cinema.video\/wp-content\/uploads\/2023\/11\/WR2_3689FCE-2023\u00a9Whiroo2023.jpg 1536w, https:\/\/cinema.video\/wp-content\/uploads\/2023\/11\/WR2_3689FCE-2023\u00a9Whiroo2023.jpg 150w, https:\/\/cinema.video\/wp-content\/uploads\/2023\/11\/WR2_3689FCE-2023\u00a9Whiroo2023.jpg 696w, https:\/\/cinema.video\/wp-content\/uploads\/2023\/11\/WR2_3689FCE-2023\u00a9Whiroo2023.jpg 1068w, https:\/\/cinema.video\/wp-content\/uploads\/2023\/11\/WR2_3689FCE-2023\u00a9Whiroo2023.jpg 631w, https:\/\/cinema.video\/wp-content\/uploads\/2023\/11\/WR2_3689FCE-2023\u00a9Whiroo2023.jpg 1623w, https:\/\/cinema.video\/wp-content\/uploads\/2023\/11\/WR2_3689FCE-2023\u00a9Whiroo2023.jpg 1392w\" sizes=\"auto, (max-width: 696px) 100vw, 696px\" \/><\/figure>\n\n\n\n<p class=\"wp-block-paragraph\">Per <strong>Martin Rattini<\/strong>, produttore altoatesino di Helios Film, il set di <em>8 Tage in August <\/em>\u00e8 stato uno dei pi\u00f9 divertenti e umanamente coinvolgenti della sua carriera. Racconta: &#8220;Realizzarlo per me ha significato portare assieme tre culture diverse: il produttore maggioritario svizzero prima di tutto; poi la Puglia, perch\u00e9  decidendo dove girarlo, a Berlino, subito prima della pandemia ho incontrato Michele Stella di Apulia Film Commission e abbiamo iniziato a pensare alla Puglia perch\u00e9 ci serviva il mare, il sole. Infine l&#8217;Alto Adige, che \u00e8 la mia regione. E questa riunione di culture, che \u00e8 avvenuta anche a livello di maestranze, \u00e8 <br>esattamente quello che accade nel film, dove c&#8217;\u00e8 un <em>cultural clash<\/em> fra famiglie tedesche che si trovano in Italia e dove si parlano tre lingue.&#8221;<\/p>\n\n\n\n<p class=\"wp-block-paragraph\">Il film ha un distributore svizzero, <strong>Cine Worlds<\/strong> e le vendite  internazionali sono curate da <strong>Film Republic<\/strong>. &#8220;Sono molto curioso di vedere la reazione del pubblico italiano, e con l&#8217;Italia sono in corso trattative per la distribuzione&#8221;, afferma Rattini.<\/p>\n\n\n\n<p class=\"wp-block-paragraph\">&#8220;Abbiamo anche intenzione di fare un&#8217;anteprima a Vieste, la prossima estate, nel <strong>Cinema Adriatico<\/strong> dove ci rifugiavamo nelle pause delle riprese, e dove c&#8217;era un gatto molto simpatico, che ci seguiva continuamente, e che \u00e8 stato anche spettatore, assieme a tutta la troupe, del filmi James Bond, che abbiamo visto in italiano&#8221; conclude Samuel Perriard.<\/p>\n","protected":false},"excerpt":{"rendered":"<p>Il film, co-produzione fra Svizzera (Captics) e Italia (Helios Sustainable Films) \u00e8 sostenuta da Apulia Film Commission, \u00e8 stato presentato al Festival in anteprima italiana durante l&#8217;International Co-Production Day &#8211; Apulia Film Forum Special Event<\/p>\n","protected":false},"author":2,"featured_media":296035,"comment_status":"closed","ping_status":"closed","sticky":false,"template":"","format":"standard","meta":{"googlesitekit_rrm_CAow3e7fCw:productID":"","_crdt_document":"","footnotes":""},"categories":[1],"tags":[267,356,2318],"class_list":{"0":"post-296034","1":"post","2":"type-post","3":"status-publish","4":"format-standard","5":"has-post-thumbnail","7":"category-senza-categoria","8":"tag-apulia-film-commission","9":"tag-focus","10":"tag-green"},"yoast_head":"<!-- This site is optimized with the Yoast SEO Premium plugin v27.4 (Yoast SEO v27.4) - https:\/\/yoast.com\/product\/yoast-seo-premium-wordpress\/ -->\n<title>CO-PRODUZIONI EUROPEE 8 Giorni in agosto girato 4 settimane a Vieste - Cinema &amp; Video International<\/title>\n<meta name=\"description\" content=\"CO-PRODUZIONI EUROPEE 8 Giorni in agosto girato 4 settimane a Vieste \u2013 coproduzioni europee 8 giorni in agosto. Sar\u00e0 presentato oggi in anteprima italiana\" \/>\n<meta name=\"robots\" content=\"index, follow, max-snippet:-1, max-image-preview:large, max-video-preview:-1\" \/>\n<link rel=\"canonical\" href=\"https:\/\/cinema.video\/it\/presentato-oggi-al-festival-del-cinema-europeo-di-lecce-8-tage-in-august-co-produzione-europea-sostenuta-da-apulia-film-commission\" \/>\n<meta property=\"og:locale\" content=\"it_IT\" \/>\n<meta property=\"og:type\" content=\"article\" \/>\n<meta property=\"og:title\" content=\"CO-PRODUZIONI EUROPEE 8 Giorni in agosto girato 4 settimane a Vieste\" \/>\n<meta property=\"og:description\" content=\"CO-PRODUZIONI EUROPEE 8 Giorni in agosto girato 4 settimane a Vieste \u2013 coproduzioni europee 8 giorni in agosto. Sar\u00e0 presentato oggi in anteprima italiana\" \/>\n<meta property=\"og:url\" content=\"https:\/\/cinema.video\/it\/presentato-oggi-al-festival-del-cinema-europeo-di-lecce-8-tage-in-august-co-produzione-europea-sostenuta-da-apulia-film-commission\" \/>\n<meta property=\"og:site_name\" content=\"Cinema &amp; Video International\" \/>\n<meta property=\"article:publisher\" content=\"https:\/\/www.facebook.com\/CinemaVideoInternational\/\" \/>\n<meta property=\"article:published_time\" content=\"2023-11-15T14:21:50+00:00\" \/>\n<meta property=\"article:modified_time\" content=\"2026-04-10T02:03:31+00:00\" \/>\n<meta property=\"og:image\" content=\"https:\/\/cinema.video\/wp-content\/uploads\/2023\/11\/LEcce-8-giorni-in-agosto.jpg\" \/>\n\t<meta property=\"og:image:width\" content=\"2048\" \/>\n\t<meta property=\"og:image:height\" content=\"858\" \/>\n\t<meta property=\"og:image:type\" content=\"image\/jpeg\" \/>\n<meta name=\"author\" content=\"Carolina Mancini\" \/>\n<meta name=\"twitter:card\" content=\"summary_large_image\" \/>\n<meta name=\"twitter:label1\" content=\"Scritto da\" \/>\n\t<meta name=\"twitter:data1\" content=\"Carolina Mancini\" \/>\n\t<meta name=\"twitter:label2\" content=\"Tempo di lettura stimato\" \/>\n\t<meta name=\"twitter:data2\" content=\"3 minuti\" \/>\n<script type=\"application\/ld+json\" class=\"yoast-schema-graph\">{\"@context\":\"https:\\\/\\\/schema.org\",\"@graph\":[{\"@type\":\"Article\",\"@id\":\"https:\\\/\\\/cinema.video\\\/it\\\/presentato-oggi-al-festival-del-cinema-europeo-di-lecce-8-tage-in-august-co-produzione-europea-sostenuta-da-apulia-film-commission#article\",\"isPartOf\":{\"@id\":\"https:\\\/\\\/cinema.video\\\/it\\\/presentato-oggi-al-festival-del-cinema-europeo-di-lecce-8-tage-in-august-co-produzione-europea-sostenuta-da-apulia-film-commission\"},\"author\":{\"name\":\"Carolina Mancini\",\"@id\":\"https:\\\/\\\/cinema.video\\\/it#\\\/schema\\\/person\\\/d5479fad8d0f2360000eb4aab6bb6e5d\"},\"headline\":\"CO-PRODUZIONI EUROPEE 8 Giorni in agosto girato 4 settimane a Vieste\",\"datePublished\":\"2023-11-15T14:21:50+00:00\",\"dateModified\":\"2026-04-10T02:03:31+00:00\",\"mainEntityOfPage\":{\"@id\":\"https:\\\/\\\/cinema.video\\\/it\\\/presentato-oggi-al-festival-del-cinema-europeo-di-lecce-8-tage-in-august-co-produzione-europea-sostenuta-da-apulia-film-commission\"},\"wordCount\":484,\"publisher\":{\"@id\":\"https:\\\/\\\/cinema.video\\\/it#organization\"},\"image\":{\"@id\":\"https:\\\/\\\/cinema.video\\\/it\\\/presentato-oggi-al-festival-del-cinema-europeo-di-lecce-8-tage-in-august-co-produzione-europea-sostenuta-da-apulia-film-commission#primaryimage\"},\"thumbnailUrl\":\"https:\\\/\\\/cinema.video\\\/wp-content\\\/uploads\\\/2023\\\/11\\\/LEcce-8-giorni-in-agosto.jpg\",\"keywords\":[\"APULIA FILM COMMISSION\",\"focus\",\"GREEN\"],\"inLanguage\":\"it-IT\"},{\"@type\":\"WebPage\",\"@id\":\"https:\\\/\\\/cinema.video\\\/it\\\/presentato-oggi-al-festival-del-cinema-europeo-di-lecce-8-tage-in-august-co-produzione-europea-sostenuta-da-apulia-film-commission\",\"url\":\"https:\\\/\\\/cinema.video\\\/it\\\/presentato-oggi-al-festival-del-cinema-europeo-di-lecce-8-tage-in-august-co-produzione-europea-sostenuta-da-apulia-film-commission\",\"name\":\"CO-PRODUZIONI EUROPEE 8 Giorni in agosto girato 4 settimane a Vieste - Cinema &amp; Video International\",\"isPartOf\":{\"@id\":\"https:\\\/\\\/cinema.video\\\/it#website\"},\"primaryImageOfPage\":{\"@id\":\"https:\\\/\\\/cinema.video\\\/it\\\/presentato-oggi-al-festival-del-cinema-europeo-di-lecce-8-tage-in-august-co-produzione-europea-sostenuta-da-apulia-film-commission#primaryimage\"},\"image\":{\"@id\":\"https:\\\/\\\/cinema.video\\\/it\\\/presentato-oggi-al-festival-del-cinema-europeo-di-lecce-8-tage-in-august-co-produzione-europea-sostenuta-da-apulia-film-commission#primaryimage\"},\"thumbnailUrl\":\"https:\\\/\\\/cinema.video\\\/wp-content\\\/uploads\\\/2023\\\/11\\\/LEcce-8-giorni-in-agosto.jpg\",\"datePublished\":\"2023-11-15T14:21:50+00:00\",\"dateModified\":\"2026-04-10T02:03:31+00:00\",\"description\":\"CO-PRODUZIONI EUROPEE 8 Giorni in agosto girato 4 settimane a Vieste \u2013 coproduzioni europee 8 giorni in agosto. Sar\u00e0 presentato oggi in anteprima italiana\",\"breadcrumb\":{\"@id\":\"https:\\\/\\\/cinema.video\\\/it\\\/presentato-oggi-al-festival-del-cinema-europeo-di-lecce-8-tage-in-august-co-produzione-europea-sostenuta-da-apulia-film-commission#breadcrumb\"},\"inLanguage\":\"it-IT\",\"potentialAction\":[{\"@type\":\"ReadAction\",\"target\":[\"https:\\\/\\\/cinema.video\\\/it\\\/presentato-oggi-al-festival-del-cinema-europeo-di-lecce-8-tage-in-august-co-produzione-europea-sostenuta-da-apulia-film-commission\"]}]},{\"@type\":\"ImageObject\",\"inLanguage\":\"it-IT\",\"@id\":\"https:\\\/\\\/cinema.video\\\/it\\\/presentato-oggi-al-festival-del-cinema-europeo-di-lecce-8-tage-in-august-co-produzione-europea-sostenuta-da-apulia-film-commission#primaryimage\",\"url\":\"https:\\\/\\\/cinema.video\\\/wp-content\\\/uploads\\\/2023\\\/11\\\/LEcce-8-giorni-in-agosto.jpg\",\"contentUrl\":\"https:\\\/\\\/cinema.video\\\/wp-content\\\/uploads\\\/2023\\\/11\\\/LEcce-8-giorni-in-agosto.jpg\",\"width\":2048,\"height\":858,\"caption\":\"Presentato oggi al Festival del Cinema Europeo di Lecce \\\"8 Tage in August\\\" co-produzione europea sostenuta da Apulia Film Commission\"},{\"@type\":\"BreadcrumbList\",\"@id\":\"https:\\\/\\\/cinema.video\\\/it\\\/presentato-oggi-al-festival-del-cinema-europeo-di-lecce-8-tage-in-august-co-produzione-europea-sostenuta-da-apulia-film-commission#breadcrumb\",\"itemListElement\":[{\"@type\":\"ListItem\",\"position\":1,\"name\":\"Home\",\"item\":\"https:\\\/\\\/cinema.video\\\/it\\\/home-2\"},{\"@type\":\"ListItem\",\"position\":2,\"name\":\"CO-PRODUZIONI EUROPEE 8 Giorni in agosto girato 4 settimane a Vieste\"}]},{\"@type\":\"WebSite\",\"@id\":\"https:\\\/\\\/cinema.video\\\/it#website\",\"url\":\"https:\\\/\\\/cinema.video\\\/it\",\"name\":\"Cinema & Video International\",\"description\":\"Film &amp; Audiovisual Industry Trade Magazine\",\"publisher\":{\"@id\":\"https:\\\/\\\/cinema.video\\\/it#organization\"},\"alternateName\":\"Cinema & Video\",\"potentialAction\":[{\"@type\":\"SearchAction\",\"target\":{\"@type\":\"EntryPoint\",\"urlTemplate\":\"https:\\\/\\\/cinema.video\\\/it?s={search_term_string}\"},\"query-input\":{\"@type\":\"PropertyValueSpecification\",\"valueRequired\":true,\"valueName\":\"search_term_string\"}}],\"inLanguage\":\"it-IT\"},{\"@type\":\"Organization\",\"@id\":\"https:\\\/\\\/cinema.video\\\/it#organization\",\"name\":\"Cinema & Video\",\"url\":\"https:\\\/\\\/cinema.video\\\/it\",\"logo\":{\"@type\":\"ImageObject\",\"inLanguage\":\"it-IT\",\"@id\":\"https:\\\/\\\/cinema.video\\\/it#\\\/schema\\\/logo\\\/image\\\/\",\"url\":\"https:\\\/\\\/cinema.video\\\/wp-content\\\/uploads\\\/2026\\\/04\\\/CinemVideo_LogoBlack.png\",\"contentUrl\":\"https:\\\/\\\/cinema.video\\\/wp-content\\\/uploads\\\/2026\\\/04\\\/CinemVideo_LogoBlack.png\",\"width\":1336,\"height\":224,\"caption\":\"Cinema & Video\"},\"image\":{\"@id\":\"https:\\\/\\\/cinema.video\\\/it#\\\/schema\\\/logo\\\/image\\\/\"},\"sameAs\":[\"https:\\\/\\\/www.facebook.com\\\/CinemaVideoInternational\\\/\",\"https:\\\/\\\/www.instagram.com\\\/cinemaevideointernational\\\/\",\"https:\\\/\\\/it.linkedin.com\\\/company\\\/cinema-video-international\"],\"description\":\"Media Consulting & Marketing Agency\",\"email\":\"hello@darostudio.com\",\"legalName\":\"DARO studio LLC\",\"foundingDate\":\"2021-02-16\",\"numberOfEmployees\":{\"@type\":\"QuantitativeValue\",\"minValue\":\"1\",\"maxValue\":\"10\"}},{\"@type\":\"Person\",\"@id\":\"https:\\\/\\\/cinema.video\\\/it#\\\/schema\\\/person\\\/d5479fad8d0f2360000eb4aab6bb6e5d\",\"name\":\"Carolina Mancini\",\"image\":{\"@type\":\"ImageObject\",\"inLanguage\":\"it-IT\",\"@id\":\"https:\\\/\\\/secure.gravatar.com\\\/avatar\\\/d4758965c5e8730dbaaa7131a628547771a26c1e5bf14fe323d96f8246a62baf?s=96&d=mm&r=g\",\"url\":\"https:\\\/\\\/secure.gravatar.com\\\/avatar\\\/d4758965c5e8730dbaaa7131a628547771a26c1e5bf14fe323d96f8246a62baf?s=96&d=mm&r=g\",\"contentUrl\":\"https:\\\/\\\/secure.gravatar.com\\\/avatar\\\/d4758965c5e8730dbaaa7131a628547771a26c1e5bf14fe323d96f8246a62baf?s=96&d=mm&r=g\",\"caption\":\"Carolina Mancini\"},\"url\":\"https:\\\/\\\/cinema.video\\\/it\\\/author\\\/carolin\"}]}<\/script>\n<!-- \/ Yoast SEO Premium plugin. -->","yoast_head_json":{"title":"CO-PRODUZIONI EUROPEE 8 Giorni in agosto girato 4 settimane a Vieste - Cinema &amp; Video International","description":"CO-PRODUZIONI EUROPEE 8 Giorni in agosto girato 4 settimane a Vieste \u2013 coproduzioni europee 8 giorni in agosto. Sar\u00e0 presentato oggi in anteprima italiana","robots":{"index":"index","follow":"follow","max-snippet":"max-snippet:-1","max-image-preview":"max-image-preview:large","max-video-preview":"max-video-preview:-1"},"canonical":"https:\/\/cinema.video\/it\/presentato-oggi-al-festival-del-cinema-europeo-di-lecce-8-tage-in-august-co-produzione-europea-sostenuta-da-apulia-film-commission","og_locale":"it_IT","og_type":"article","og_title":"CO-PRODUZIONI EUROPEE 8 Giorni in agosto girato 4 settimane a Vieste","og_description":"CO-PRODUZIONI EUROPEE 8 Giorni in agosto girato 4 settimane a Vieste \u2013 coproduzioni europee 8 giorni in agosto. Sar\u00e0 presentato oggi in anteprima italiana","og_url":"https:\/\/cinema.video\/it\/presentato-oggi-al-festival-del-cinema-europeo-di-lecce-8-tage-in-august-co-produzione-europea-sostenuta-da-apulia-film-commission","og_site_name":"Cinema &amp; Video International","article_publisher":"https:\/\/www.facebook.com\/CinemaVideoInternational\/","article_published_time":"2023-11-15T14:21:50+00:00","article_modified_time":"2026-04-10T02:03:31+00:00","og_image":[{"width":2048,"height":858,"url":"https:\/\/cinema.video\/wp-content\/uploads\/2023\/11\/LEcce-8-giorni-in-agosto.jpg","type":"image\/jpeg"}],"author":"Carolina Mancini","twitter_card":"summary_large_image","twitter_misc":{"Scritto da":"Carolina Mancini","Tempo di lettura stimato":"3 minuti"},"schema":{"@context":"https:\/\/schema.org","@graph":[{"@type":"Article","@id":"https:\/\/cinema.video\/it\/presentato-oggi-al-festival-del-cinema-europeo-di-lecce-8-tage-in-august-co-produzione-europea-sostenuta-da-apulia-film-commission#article","isPartOf":{"@id":"https:\/\/cinema.video\/it\/presentato-oggi-al-festival-del-cinema-europeo-di-lecce-8-tage-in-august-co-produzione-europea-sostenuta-da-apulia-film-commission"},"author":{"name":"Carolina Mancini","@id":"https:\/\/cinema.video\/it#\/schema\/person\/d5479fad8d0f2360000eb4aab6bb6e5d"},"headline":"CO-PRODUZIONI EUROPEE 8 Giorni in agosto girato 4 settimane a Vieste","datePublished":"2023-11-15T14:21:50+00:00","dateModified":"2026-04-10T02:03:31+00:00","mainEntityOfPage":{"@id":"https:\/\/cinema.video\/it\/presentato-oggi-al-festival-del-cinema-europeo-di-lecce-8-tage-in-august-co-produzione-europea-sostenuta-da-apulia-film-commission"},"wordCount":484,"publisher":{"@id":"https:\/\/cinema.video\/it#organization"},"image":{"@id":"https:\/\/cinema.video\/it\/presentato-oggi-al-festival-del-cinema-europeo-di-lecce-8-tage-in-august-co-produzione-europea-sostenuta-da-apulia-film-commission#primaryimage"},"thumbnailUrl":"https:\/\/cinema.video\/wp-content\/uploads\/2023\/11\/LEcce-8-giorni-in-agosto.jpg","keywords":["APULIA FILM COMMISSION","focus","GREEN"],"inLanguage":"it-IT"},{"@type":"WebPage","@id":"https:\/\/cinema.video\/it\/presentato-oggi-al-festival-del-cinema-europeo-di-lecce-8-tage-in-august-co-produzione-europea-sostenuta-da-apulia-film-commission","url":"https:\/\/cinema.video\/it\/presentato-oggi-al-festival-del-cinema-europeo-di-lecce-8-tage-in-august-co-produzione-europea-sostenuta-da-apulia-film-commission","name":"CO-PRODUZIONI EUROPEE 8 Giorni in agosto girato 4 settimane a Vieste - Cinema &amp; Video International","isPartOf":{"@id":"https:\/\/cinema.video\/it#website"},"primaryImageOfPage":{"@id":"https:\/\/cinema.video\/it\/presentato-oggi-al-festival-del-cinema-europeo-di-lecce-8-tage-in-august-co-produzione-europea-sostenuta-da-apulia-film-commission#primaryimage"},"image":{"@id":"https:\/\/cinema.video\/it\/presentato-oggi-al-festival-del-cinema-europeo-di-lecce-8-tage-in-august-co-produzione-europea-sostenuta-da-apulia-film-commission#primaryimage"},"thumbnailUrl":"https:\/\/cinema.video\/wp-content\/uploads\/2023\/11\/LEcce-8-giorni-in-agosto.jpg","datePublished":"2023-11-15T14:21:50+00:00","dateModified":"2026-04-10T02:03:31+00:00","description":"CO-PRODUZIONI EUROPEE 8 Giorni in agosto girato 4 settimane a Vieste \u2013 coproduzioni europee 8 giorni in agosto. Sar\u00e0 presentato oggi in anteprima italiana","breadcrumb":{"@id":"https:\/\/cinema.video\/it\/presentato-oggi-al-festival-del-cinema-europeo-di-lecce-8-tage-in-august-co-produzione-europea-sostenuta-da-apulia-film-commission#breadcrumb"},"inLanguage":"it-IT","potentialAction":[{"@type":"ReadAction","target":["https:\/\/cinema.video\/it\/presentato-oggi-al-festival-del-cinema-europeo-di-lecce-8-tage-in-august-co-produzione-europea-sostenuta-da-apulia-film-commission"]}]},{"@type":"ImageObject","inLanguage":"it-IT","@id":"https:\/\/cinema.video\/it\/presentato-oggi-al-festival-del-cinema-europeo-di-lecce-8-tage-in-august-co-produzione-europea-sostenuta-da-apulia-film-commission#primaryimage","url":"https:\/\/cinema.video\/wp-content\/uploads\/2023\/11\/LEcce-8-giorni-in-agosto.jpg","contentUrl":"https:\/\/cinema.video\/wp-content\/uploads\/2023\/11\/LEcce-8-giorni-in-agosto.jpg","width":2048,"height":858,"caption":"Presentato oggi al Festival del Cinema Europeo di Lecce \"8 Tage in August\" co-produzione europea sostenuta da Apulia Film Commission"},{"@type":"BreadcrumbList","@id":"https:\/\/cinema.video\/it\/presentato-oggi-al-festival-del-cinema-europeo-di-lecce-8-tage-in-august-co-produzione-europea-sostenuta-da-apulia-film-commission#breadcrumb","itemListElement":[{"@type":"ListItem","position":1,"name":"Home","item":"https:\/\/cinema.video\/it\/home-2"},{"@type":"ListItem","position":2,"name":"CO-PRODUZIONI EUROPEE 8 Giorni in agosto girato 4 settimane a Vieste"}]},{"@type":"WebSite","@id":"https:\/\/cinema.video\/it#website","url":"https:\/\/cinema.video\/it","name":"Cinema & Video International","description":"Film &amp; Audiovisual Industry Trade Magazine","publisher":{"@id":"https:\/\/cinema.video\/it#organization"},"alternateName":"Cinema & Video","potentialAction":[{"@type":"SearchAction","target":{"@type":"EntryPoint","urlTemplate":"https:\/\/cinema.video\/it?s={search_term_string}"},"query-input":{"@type":"PropertyValueSpecification","valueRequired":true,"valueName":"search_term_string"}}],"inLanguage":"it-IT"},{"@type":"Organization","@id":"https:\/\/cinema.video\/it#organization","name":"Cinema & Video","url":"https:\/\/cinema.video\/it","logo":{"@type":"ImageObject","inLanguage":"it-IT","@id":"https:\/\/cinema.video\/it#\/schema\/logo\/image\/","url":"https:\/\/cinema.video\/wp-content\/uploads\/2026\/04\/CinemVideo_LogoBlack.png","contentUrl":"https:\/\/cinema.video\/wp-content\/uploads\/2026\/04\/CinemVideo_LogoBlack.png","width":1336,"height":224,"caption":"Cinema & Video"},"image":{"@id":"https:\/\/cinema.video\/it#\/schema\/logo\/image\/"},"sameAs":["https:\/\/www.facebook.com\/CinemaVideoInternational\/","https:\/\/www.instagram.com\/cinemaevideointernational\/","https:\/\/it.linkedin.com\/company\/cinema-video-international"],"description":"Media Consulting & Marketing Agency","email":"hello@darostudio.com","legalName":"DARO studio LLC","foundingDate":"2021-02-16","numberOfEmployees":{"@type":"QuantitativeValue","minValue":"1","maxValue":"10"}},{"@type":"Person","@id":"https:\/\/cinema.video\/it#\/schema\/person\/d5479fad8d0f2360000eb4aab6bb6e5d","name":"Carolina Mancini","image":{"@type":"ImageObject","inLanguage":"it-IT","@id":"https:\/\/secure.gravatar.com\/avatar\/d4758965c5e8730dbaaa7131a628547771a26c1e5bf14fe323d96f8246a62baf?s=96&d=mm&r=g","url":"https:\/\/secure.gravatar.com\/avatar\/d4758965c5e8730dbaaa7131a628547771a26c1e5bf14fe323d96f8246a62baf?s=96&d=mm&r=g","contentUrl":"https:\/\/secure.gravatar.com\/avatar\/d4758965c5e8730dbaaa7131a628547771a26c1e5bf14fe323d96f8246a62baf?s=96&d=mm&r=g","caption":"Carolina Mancini"},"url":"https:\/\/cinema.video\/it\/author\/carolin"}]}},"jetpack_featured_media_url":"https:\/\/cinema.video\/wp-content\/uploads\/2023\/11\/LEcce-8-giorni-in-agosto.jpg","jetpack_shortlink":"https:\/\/wp.me\/ph672m-1f0K","_links":{"self":[{"href":"https:\/\/cinema.video\/it\/wp-json\/wp\/v2\/posts\/296034","targetHints":{"allow":["GET"]}}],"collection":[{"href":"https:\/\/cinema.video\/it\/wp-json\/wp\/v2\/posts"}],"about":[{"href":"https:\/\/cinema.video\/it\/wp-json\/wp\/v2\/types\/post"}],"author":[{"embeddable":true,"href":"https:\/\/cinema.video\/it\/wp-json\/wp\/v2\/users\/2"}],"replies":[{"embeddable":true,"href":"https:\/\/cinema.video\/it\/wp-json\/wp\/v2\/comments?post=296034"}],"version-history":[{"count":1,"href":"https:\/\/cinema.video\/it\/wp-json\/wp\/v2\/posts\/296034\/revisions"}],"predecessor-version":[{"id":309188,"href":"https:\/\/cinema.video\/it\/wp-json\/wp\/v2\/posts\/296034\/revisions\/309188"}],"wp:featuredmedia":[{"embeddable":true,"href":"https:\/\/cinema.video\/it\/wp-json\/wp\/v2\/media\/296035"}],"wp:attachment":[{"href":"https:\/\/cinema.video\/it\/wp-json\/wp\/v2\/media?parent=296034"}],"wp:term":[{"taxonomy":"category","embeddable":true,"href":"https:\/\/cinema.video\/it\/wp-json\/wp\/v2\/categories?post=296034"},{"taxonomy":"post_tag","embeddable":true,"href":"https:\/\/cinema.video\/it\/wp-json\/wp\/v2\/tags?post=296034"}],"curies":[{"name":"wp","href":"https:\/\/api.w.org\/{rel}","templated":true}]}}