{"id":295835,"date":"2023-10-16T18:47:32","date_gmt":"2023-10-16T16:47:32","guid":{"rendered":"https:\/\/cinema.video\/?p=295835"},"modified":"2026-04-10T04:03:15","modified_gmt":"2026-04-10T02:03:15","slug":"i-nodi-dellinternazionalizzazione","status":"publish","type":"post","link":"https:\/\/cinema.video\/it\/i-nodi-dellinternazionalizzazione","title":{"rendered":"I nodi dell&#8217;internazionalizzazione"},"content":{"rendered":"\n<p class=\"wp-block-paragraph\">&nbsp;Si \u00e8 conclusa con successo a Roma, il 13 ottobre, la nona edizione del MIA, il Mercato Internazionale Audiovisivo diretto da Gaia Tridente.<\/p>\n\n\n\n<p class=\"wp-block-paragraph\">Gli organizzatori informano che rispetto all\u2019edizione 2022 le presenze sono cresciute, con 2600 partecipanti provenienti da 66 paesi del mondo (+10% di paesi in pi\u00f9 rispetto al 2022).<\/p>\n\n\n\n<p class=\"wp-block-paragraph\">Molto partecipati gli oltre 80 panel ed eventi (assieme 5 content showcase, 4 pitching forum), oltre 60 tra market screening e presentazioni di film.<\/p>\n\n\n\n<p class=\"wp-block-paragraph\">Il MIA si conferma un Mercato \u201ccuratoriale\u201d come ama definirlo la sua direttrice. Che ha dimostrato, nei fatti, di poter fare a meno della \u201cleva festivaliera\u201d fornita dalla storica coincidenza di date con la Festa del Cinema di Roma (come segnalato <a href=\"https:\/\/cinema.video\/e-il-mercato-bellezza\">nel mio editoriale<\/a> pubblicato alla vigilia della manifestazione).<\/p>\n\n\n\n<p class=\"wp-block-paragraph\">Guardando ai premi dati quest\u2019anno ai professionisti del settore \u2013 tanti premi: 9 \u2013 viene da pensare che all\u2019interno dello stesso Mercato si sia&nbsp; attivato un processo di \u201cfestivalizzazione\u201d.<\/p>\n\n\n\n<p class=\"wp-block-paragraph\">Entrando nel merito del MIA, dove \u00e8 stato visibile un forte protagonismo delle Film Commission italiane, che hanno scelto numerose l\u2019appuntamento romano per rilanciare le rispettive strategie, c\u2019\u00e8 da segnalare, oltre alla presenza dei maggiori players italiani ed europei, l\u2019assidua presenza del Sottosegretario al MiC Lucia Borgonzoni, la quale non ha soltanto presenziato l\u2019apertura e&nbsp; chiusura della manifestazione, ma \u00e8 intervenuta in diversi altri panel in calendario.<\/p>\n\n\n\n<p class=\"wp-block-paragraph\">Dove non \u00e8 sfuggito, nello scambio di battute con la maggiore personalit\u00e0 istituzionale&nbsp; \u201ctecnica&#8221;, il DGCA Nicola Borrelli, che il pi\u00f9 volte anticipato riordino in materia d\u2019incentivi pubblici (a iniziare dal Tax Credit) significa in sostanza \u201cstringere le maglie\u201d.<\/p>\n\n\n\n<p class=\"wp-block-paragraph\">Non \u00e8 stato annunciato niente, oltre alla promessa (o la minaccia?) che le cose cambieranno.<\/p>\n\n\n\n<p class=\"wp-block-paragraph\">I report dell\u2019ANICA e dell\u2019APA hanno confermato che cinema e audiovisivo italiano marciano spediti sulla via dell\u2019internazionalizzazione.<\/p>\n\n\n\n<p class=\"wp-block-paragraph\">Questo lo si deve in buona parte all\u2019impegno delle piattaforme streaming in Italia (le abbiamo viste in primo piano alla presentazione del rapporto APA) e alle&nbsp; aziende italiane \u201cpi\u00f9 robuste\u201d, molte delle quali sono state acquisite da gruppi non italiani.<\/p>\n\n\n\n<p class=\"wp-block-paragraph\">Una tendenza, quest\u2019ultima, non rassicurante, che ha spinto il Sottosegretario Borgonzoni, in uno dei suoi interventi, a dire: \u201c\u00e8 lecito che una societ\u00e0 voglia vendere, ma \u00e8 compito nostro quello di dare gli strumenti, a chi vuole, per rimanere italiano\u201d.<\/p>\n\n\n\n<p class=\"wp-block-paragraph\">Potrebbe verificarsi il paradosso, aggiungo io, che premiando, gli incentivi di stato, chi \u201csta sul mercato\u201d, a beneficiare maggiormente delle risorse pubbliche siano di fatto societ\u00e0 non italiane.<\/p>\n\n\n\n<p class=\"wp-block-paragraph\">In tale situazione prendere decisioni non \u00e8 semplice, ed \u00e8 comprensibile che in via del Collegio Romano si prenda tempo.<\/p>\n","protected":false},"excerpt":{"rendered":"<p>&nbsp;Si \u00e8 conclusa con successo a Roma, il 13 ottobre, la nona edizione del MIA, il Mercato Internazionale Audiovisivo diretto da Gaia Tridente. Gli organizzatori informano che rispetto all\u2019edizione 2022 le presenze sono cresciute, con 2600 partecipanti provenienti da 66 paesi del mondo (+10% di paesi in pi\u00f9 rispetto al 2022). Molto partecipati gli oltre [&hellip;]<\/p>\n","protected":false},"author":3,"featured_media":0,"comment_status":"closed","ping_status":"closed","sticky":false,"template":"","format":"standard","meta":{"googlesitekit_rrm_CAow3e7fCw:productID":"","_crdt_document":"","footnotes":""},"categories":[1],"tags":[557],"class_list":{"0":"post-295835","1":"post","2":"type-post","3":"status-publish","4":"format-standard","6":"category-senza-categoria","7":"tag-editoriali-paolo-di-maira"},"yoast_head":"<!-- This site is optimized with the Yoast SEO Premium plugin v27.4 (Yoast SEO v27.4) - https:\/\/yoast.com\/product\/yoast-seo-premium-wordpress\/ -->\n<title>I nodi dell&#039;internazionalizzazione - Cinema &amp; Video International<\/title>\n<meta name=\"description\" content=\"I nodi dell&#039;internazionalizzazione \u2013 i nodi dellinternazionalizzazione. &nbsp;Si \u00e8 conclusa con successo a Roma, il 13 ottobre, la nona edizione del MIA,\" \/>\n<meta name=\"robots\" content=\"index, follow, max-snippet:-1, max-image-preview:large, max-video-preview:-1\" \/>\n<link rel=\"canonical\" href=\"https:\/\/cinema.video\/it\/i-nodi-dellinternazionalizzazione\" \/>\n<meta property=\"og:locale\" content=\"it_IT\" \/>\n<meta property=\"og:type\" content=\"article\" \/>\n<meta property=\"og:title\" content=\"I nodi dell&#039;internazionalizzazione\" \/>\n<meta property=\"og:description\" content=\"I nodi dell&#039;internazionalizzazione \u2013 i nodi dellinternazionalizzazione. &nbsp;Si \u00e8 conclusa con successo a Roma, il 13 ottobre, la nona edizione del MIA,\" \/>\n<meta property=\"og:url\" content=\"https:\/\/cinema.video\/it\/i-nodi-dellinternazionalizzazione\" \/>\n<meta property=\"og:site_name\" content=\"Cinema &amp; Video International\" \/>\n<meta property=\"article:publisher\" content=\"https:\/\/www.facebook.com\/CinemaVideoInternational\/\" \/>\n<meta property=\"article:published_time\" content=\"2023-10-16T16:47:32+00:00\" \/>\n<meta property=\"article:modified_time\" content=\"2026-04-10T02:03:15+00:00\" \/>\n<meta property=\"og:image\" content=\"https:\/\/cinema.video\/wp-content\/uploads\/2026\/04\/CinemVideo_LogoBlack.png\" \/>\n\t<meta property=\"og:image:width\" content=\"1336\" \/>\n\t<meta property=\"og:image:height\" content=\"224\" \/>\n\t<meta property=\"og:image:type\" content=\"image\/png\" \/>\n<meta name=\"author\" content=\"Paolo di Maira\" \/>\n<meta name=\"twitter:card\" content=\"summary_large_image\" \/>\n<meta name=\"twitter:label1\" content=\"Scritto da\" \/>\n\t<meta name=\"twitter:data1\" content=\"Paolo di Maira\" \/>\n\t<meta name=\"twitter:label2\" content=\"Tempo di lettura stimato\" \/>\n\t<meta name=\"twitter:data2\" content=\"3 minuti\" \/>\n<script type=\"application\/ld+json\" class=\"yoast-schema-graph\">{\"@context\":\"https:\\\/\\\/schema.org\",\"@graph\":[{\"@type\":\"Article\",\"@id\":\"https:\\\/\\\/cinema.video\\\/it\\\/i-nodi-dellinternazionalizzazione#article\",\"isPartOf\":{\"@id\":\"https:\\\/\\\/cinema.video\\\/it\\\/i-nodi-dellinternazionalizzazione\"},\"author\":{\"name\":\"Paolo di Maira\",\"@id\":\"https:\\\/\\\/cinema.video\\\/it#\\\/schema\\\/person\\\/f8104a60677fb10fe493beb104706772\"},\"headline\":\"I nodi dell&#8217;internazionalizzazione\",\"datePublished\":\"2023-10-16T16:47:32+00:00\",\"dateModified\":\"2026-04-10T02:03:15+00:00\",\"mainEntityOfPage\":{\"@id\":\"https:\\\/\\\/cinema.video\\\/it\\\/i-nodi-dellinternazionalizzazione\"},\"wordCount\":418,\"publisher\":{\"@id\":\"https:\\\/\\\/cinema.video\\\/it#organization\"},\"keywords\":[\"Editoriali Paolo Di Maira\"],\"inLanguage\":\"it-IT\"},{\"@type\":\"WebPage\",\"@id\":\"https:\\\/\\\/cinema.video\\\/it\\\/i-nodi-dellinternazionalizzazione\",\"url\":\"https:\\\/\\\/cinema.video\\\/it\\\/i-nodi-dellinternazionalizzazione\",\"name\":\"I nodi dell'internazionalizzazione - Cinema &amp; Video International\",\"isPartOf\":{\"@id\":\"https:\\\/\\\/cinema.video\\\/it#website\"},\"datePublished\":\"2023-10-16T16:47:32+00:00\",\"dateModified\":\"2026-04-10T02:03:15+00:00\",\"description\":\"I nodi dell'internazionalizzazione \u2013 i nodi dellinternazionalizzazione. &nbsp;Si \u00e8 conclusa con successo a Roma, il 13 ottobre, la nona edizione del MIA,\",\"breadcrumb\":{\"@id\":\"https:\\\/\\\/cinema.video\\\/it\\\/i-nodi-dellinternazionalizzazione#breadcrumb\"},\"inLanguage\":\"it-IT\",\"potentialAction\":[{\"@type\":\"ReadAction\",\"target\":[\"https:\\\/\\\/cinema.video\\\/it\\\/i-nodi-dellinternazionalizzazione\"]}]},{\"@type\":\"BreadcrumbList\",\"@id\":\"https:\\\/\\\/cinema.video\\\/it\\\/i-nodi-dellinternazionalizzazione#breadcrumb\",\"itemListElement\":[{\"@type\":\"ListItem\",\"position\":1,\"name\":\"Home\",\"item\":\"https:\\\/\\\/cinema.video\\\/it\\\/home-2\"},{\"@type\":\"ListItem\",\"position\":2,\"name\":\"I nodi dell&#8217;internazionalizzazione\"}]},{\"@type\":\"WebSite\",\"@id\":\"https:\\\/\\\/cinema.video\\\/it#website\",\"url\":\"https:\\\/\\\/cinema.video\\\/it\",\"name\":\"Cinema & Video International\",\"description\":\"Film &amp; Audiovisual Industry Trade Magazine\",\"publisher\":{\"@id\":\"https:\\\/\\\/cinema.video\\\/it#organization\"},\"alternateName\":\"Cinema & Video\",\"potentialAction\":[{\"@type\":\"SearchAction\",\"target\":{\"@type\":\"EntryPoint\",\"urlTemplate\":\"https:\\\/\\\/cinema.video\\\/it?s={search_term_string}\"},\"query-input\":{\"@type\":\"PropertyValueSpecification\",\"valueRequired\":true,\"valueName\":\"search_term_string\"}}],\"inLanguage\":\"it-IT\"},{\"@type\":\"Organization\",\"@id\":\"https:\\\/\\\/cinema.video\\\/it#organization\",\"name\":\"Cinema & Video\",\"url\":\"https:\\\/\\\/cinema.video\\\/it\",\"logo\":{\"@type\":\"ImageObject\",\"inLanguage\":\"it-IT\",\"@id\":\"https:\\\/\\\/cinema.video\\\/it#\\\/schema\\\/logo\\\/image\\\/\",\"url\":\"https:\\\/\\\/cinema.video\\\/wp-content\\\/uploads\\\/2026\\\/04\\\/CinemVideo_LogoBlack.png\",\"contentUrl\":\"https:\\\/\\\/cinema.video\\\/wp-content\\\/uploads\\\/2026\\\/04\\\/CinemVideo_LogoBlack.png\",\"width\":1336,\"height\":224,\"caption\":\"Cinema & Video\"},\"image\":{\"@id\":\"https:\\\/\\\/cinema.video\\\/it#\\\/schema\\\/logo\\\/image\\\/\"},\"sameAs\":[\"https:\\\/\\\/www.facebook.com\\\/CinemaVideoInternational\\\/\",\"https:\\\/\\\/www.instagram.com\\\/cinemaevideointernational\\\/\",\"https:\\\/\\\/it.linkedin.com\\\/company\\\/cinema-video-international\"],\"description\":\"Media Consulting & Marketing Agency\",\"email\":\"hello@darostudio.com\",\"legalName\":\"DARO studio LLC\",\"foundingDate\":\"2021-02-16\",\"numberOfEmployees\":{\"@type\":\"QuantitativeValue\",\"minValue\":\"1\",\"maxValue\":\"10\"}},{\"@type\":\"Person\",\"@id\":\"https:\\\/\\\/cinema.video\\\/it#\\\/schema\\\/person\\\/f8104a60677fb10fe493beb104706772\",\"name\":\"Paolo di Maira\",\"image\":{\"@type\":\"ImageObject\",\"inLanguage\":\"it-IT\",\"@id\":\"https:\\\/\\\/secure.gravatar.com\\\/avatar\\\/771f2f1ed52288870c094eaf85ff9ee49655ec12aa7e7832c3b3e4b8f5afdf10?s=96&d=mm&r=g\",\"url\":\"https:\\\/\\\/secure.gravatar.com\\\/avatar\\\/771f2f1ed52288870c094eaf85ff9ee49655ec12aa7e7832c3b3e4b8f5afdf10?s=96&d=mm&r=g\",\"contentUrl\":\"https:\\\/\\\/secure.gravatar.com\\\/avatar\\\/771f2f1ed52288870c094eaf85ff9ee49655ec12aa7e7832c3b3e4b8f5afdf10?s=96&d=mm&r=g\",\"caption\":\"Paolo di Maira\"},\"description\":\"Paolo Di Maira, giornalista, ha fondato Cinema&amp;Video International nel 1994, portando nella nuova testata l\u2019esperienza e le risorse accumulate nella direzione di Nuovo Cinema Europeo, rivista storica dei professionisti del settore, pubblicata fino al 1993. Ha svolto attivit\u00e0 di consulenza alla comunicazione per istituzioni culturali e prestigiose aziende audiovisive. (Mifed-Fiera Milano; Rai Trade; Istituto Italiano di Scienze Umane). Le relazioni fra cinema e territorio, che da sempre occupano un posto privilegiato all\u2019interno di Cinema&amp;Video (con rubriche dedicate al cineturismo, alle attivit\u00e0 delle film commission, e ai fondi regionali all\u2019audiovisivo), lo hanno portato a fondare nel 2005, assieme ad Andrea Rocco ed Alessandro Signetto, il \u00a0Centro Studi su Audiovisivo e Territorio Luoghi&amp;Location, e a ideare a realizzare, assieme all\u2019operatore turistico Ville in Italia e a Carolina Mancini, Emotions in Italy, magazine online che si occupa di cultura, territorio ed Italian Lifestyle. Attraverso la IMPACT, azienda di cui \u00e8 titolare, edita Cinema&amp;Video International, e realizza servizi editoriali per conto terzi.\",\"url\":\"https:\\\/\\\/cinema.video\\\/it\\\/author\\\/paolo\"}]}<\/script>\n<!-- \/ Yoast SEO Premium plugin. -->","yoast_head_json":{"title":"I nodi dell'internazionalizzazione - Cinema &amp; Video International","description":"I nodi dell'internazionalizzazione \u2013 i nodi dellinternazionalizzazione. &nbsp;Si \u00e8 conclusa con successo a Roma, il 13 ottobre, la nona edizione del MIA,","robots":{"index":"index","follow":"follow","max-snippet":"max-snippet:-1","max-image-preview":"max-image-preview:large","max-video-preview":"max-video-preview:-1"},"canonical":"https:\/\/cinema.video\/it\/i-nodi-dellinternazionalizzazione","og_locale":"it_IT","og_type":"article","og_title":"I nodi dell'internazionalizzazione","og_description":"I nodi dell'internazionalizzazione \u2013 i nodi dellinternazionalizzazione. &nbsp;Si \u00e8 conclusa con successo a Roma, il 13 ottobre, la nona edizione del MIA,","og_url":"https:\/\/cinema.video\/it\/i-nodi-dellinternazionalizzazione","og_site_name":"Cinema &amp; Video International","article_publisher":"https:\/\/www.facebook.com\/CinemaVideoInternational\/","article_published_time":"2023-10-16T16:47:32+00:00","article_modified_time":"2026-04-10T02:03:15+00:00","og_image":[{"width":1336,"height":224,"url":"https:\/\/cinema.video\/wp-content\/uploads\/2026\/04\/CinemVideo_LogoBlack.png","type":"image\/png"}],"author":"Paolo di Maira","twitter_card":"summary_large_image","twitter_misc":{"Scritto da":"Paolo di Maira","Tempo di lettura stimato":"3 minuti"},"schema":{"@context":"https:\/\/schema.org","@graph":[{"@type":"Article","@id":"https:\/\/cinema.video\/it\/i-nodi-dellinternazionalizzazione#article","isPartOf":{"@id":"https:\/\/cinema.video\/it\/i-nodi-dellinternazionalizzazione"},"author":{"name":"Paolo di Maira","@id":"https:\/\/cinema.video\/it#\/schema\/person\/f8104a60677fb10fe493beb104706772"},"headline":"I nodi dell&#8217;internazionalizzazione","datePublished":"2023-10-16T16:47:32+00:00","dateModified":"2026-04-10T02:03:15+00:00","mainEntityOfPage":{"@id":"https:\/\/cinema.video\/it\/i-nodi-dellinternazionalizzazione"},"wordCount":418,"publisher":{"@id":"https:\/\/cinema.video\/it#organization"},"keywords":["Editoriali Paolo Di Maira"],"inLanguage":"it-IT"},{"@type":"WebPage","@id":"https:\/\/cinema.video\/it\/i-nodi-dellinternazionalizzazione","url":"https:\/\/cinema.video\/it\/i-nodi-dellinternazionalizzazione","name":"I nodi dell'internazionalizzazione - Cinema &amp; Video International","isPartOf":{"@id":"https:\/\/cinema.video\/it#website"},"datePublished":"2023-10-16T16:47:32+00:00","dateModified":"2026-04-10T02:03:15+00:00","description":"I nodi dell'internazionalizzazione \u2013 i nodi dellinternazionalizzazione. &nbsp;Si \u00e8 conclusa con successo a Roma, il 13 ottobre, la nona edizione del MIA,","breadcrumb":{"@id":"https:\/\/cinema.video\/it\/i-nodi-dellinternazionalizzazione#breadcrumb"},"inLanguage":"it-IT","potentialAction":[{"@type":"ReadAction","target":["https:\/\/cinema.video\/it\/i-nodi-dellinternazionalizzazione"]}]},{"@type":"BreadcrumbList","@id":"https:\/\/cinema.video\/it\/i-nodi-dellinternazionalizzazione#breadcrumb","itemListElement":[{"@type":"ListItem","position":1,"name":"Home","item":"https:\/\/cinema.video\/it\/home-2"},{"@type":"ListItem","position":2,"name":"I nodi dell&#8217;internazionalizzazione"}]},{"@type":"WebSite","@id":"https:\/\/cinema.video\/it#website","url":"https:\/\/cinema.video\/it","name":"Cinema & Video International","description":"Film &amp; Audiovisual Industry Trade Magazine","publisher":{"@id":"https:\/\/cinema.video\/it#organization"},"alternateName":"Cinema & Video","potentialAction":[{"@type":"SearchAction","target":{"@type":"EntryPoint","urlTemplate":"https:\/\/cinema.video\/it?s={search_term_string}"},"query-input":{"@type":"PropertyValueSpecification","valueRequired":true,"valueName":"search_term_string"}}],"inLanguage":"it-IT"},{"@type":"Organization","@id":"https:\/\/cinema.video\/it#organization","name":"Cinema & Video","url":"https:\/\/cinema.video\/it","logo":{"@type":"ImageObject","inLanguage":"it-IT","@id":"https:\/\/cinema.video\/it#\/schema\/logo\/image\/","url":"https:\/\/cinema.video\/wp-content\/uploads\/2026\/04\/CinemVideo_LogoBlack.png","contentUrl":"https:\/\/cinema.video\/wp-content\/uploads\/2026\/04\/CinemVideo_LogoBlack.png","width":1336,"height":224,"caption":"Cinema & Video"},"image":{"@id":"https:\/\/cinema.video\/it#\/schema\/logo\/image\/"},"sameAs":["https:\/\/www.facebook.com\/CinemaVideoInternational\/","https:\/\/www.instagram.com\/cinemaevideointernational\/","https:\/\/it.linkedin.com\/company\/cinema-video-international"],"description":"Media Consulting & Marketing Agency","email":"hello@darostudio.com","legalName":"DARO studio LLC","foundingDate":"2021-02-16","numberOfEmployees":{"@type":"QuantitativeValue","minValue":"1","maxValue":"10"}},{"@type":"Person","@id":"https:\/\/cinema.video\/it#\/schema\/person\/f8104a60677fb10fe493beb104706772","name":"Paolo di Maira","image":{"@type":"ImageObject","inLanguage":"it-IT","@id":"https:\/\/secure.gravatar.com\/avatar\/771f2f1ed52288870c094eaf85ff9ee49655ec12aa7e7832c3b3e4b8f5afdf10?s=96&d=mm&r=g","url":"https:\/\/secure.gravatar.com\/avatar\/771f2f1ed52288870c094eaf85ff9ee49655ec12aa7e7832c3b3e4b8f5afdf10?s=96&d=mm&r=g","contentUrl":"https:\/\/secure.gravatar.com\/avatar\/771f2f1ed52288870c094eaf85ff9ee49655ec12aa7e7832c3b3e4b8f5afdf10?s=96&d=mm&r=g","caption":"Paolo di Maira"},"description":"Paolo Di Maira, giornalista, ha fondato Cinema&amp;Video International nel 1994, portando nella nuova testata l\u2019esperienza e le risorse accumulate nella direzione di Nuovo Cinema Europeo, rivista storica dei professionisti del settore, pubblicata fino al 1993. Ha svolto attivit\u00e0 di consulenza alla comunicazione per istituzioni culturali e prestigiose aziende audiovisive. (Mifed-Fiera Milano; Rai Trade; Istituto Italiano di Scienze Umane). Le relazioni fra cinema e territorio, che da sempre occupano un posto privilegiato all\u2019interno di Cinema&amp;Video (con rubriche dedicate al cineturismo, alle attivit\u00e0 delle film commission, e ai fondi regionali all\u2019audiovisivo), lo hanno portato a fondare nel 2005, assieme ad Andrea Rocco ed Alessandro Signetto, il \u00a0Centro Studi su Audiovisivo e Territorio Luoghi&amp;Location, e a ideare a realizzare, assieme all\u2019operatore turistico Ville in Italia e a Carolina Mancini, Emotions in Italy, magazine online che si occupa di cultura, territorio ed Italian Lifestyle. Attraverso la IMPACT, azienda di cui \u00e8 titolare, edita Cinema&amp;Video International, e realizza servizi editoriali per conto terzi.","url":"https:\/\/cinema.video\/it\/author\/paolo"}]}},"jetpack_featured_media_url":"","jetpack_shortlink":"https:\/\/wp.me\/ph672m-1eXx","_links":{"self":[{"href":"https:\/\/cinema.video\/it\/wp-json\/wp\/v2\/posts\/295835","targetHints":{"allow":["GET"]}}],"collection":[{"href":"https:\/\/cinema.video\/it\/wp-json\/wp\/v2\/posts"}],"about":[{"href":"https:\/\/cinema.video\/it\/wp-json\/wp\/v2\/types\/post"}],"author":[{"embeddable":true,"href":"https:\/\/cinema.video\/it\/wp-json\/wp\/v2\/users\/3"}],"replies":[{"embeddable":true,"href":"https:\/\/cinema.video\/it\/wp-json\/wp\/v2\/comments?post=295835"}],"version-history":[{"count":1,"href":"https:\/\/cinema.video\/it\/wp-json\/wp\/v2\/posts\/295835\/revisions"}],"predecessor-version":[{"id":309161,"href":"https:\/\/cinema.video\/it\/wp-json\/wp\/v2\/posts\/295835\/revisions\/309161"}],"wp:attachment":[{"href":"https:\/\/cinema.video\/it\/wp-json\/wp\/v2\/media?parent=295835"}],"wp:term":[{"taxonomy":"category","embeddable":true,"href":"https:\/\/cinema.video\/it\/wp-json\/wp\/v2\/categories?post=295835"},{"taxonomy":"post_tag","embeddable":true,"href":"https:\/\/cinema.video\/it\/wp-json\/wp\/v2\/tags?post=295835"}],"curies":[{"name":"wp","href":"https:\/\/api.w.org\/{rel}","templated":true}]}}