{"id":295834,"date":"2023-10-18T15:57:43","date_gmt":"2023-10-18T13:57:43","guid":{"rendered":"https:\/\/cinema.video\/?p=295834"},"modified":"2026-04-10T04:03:15","modified_gmt":"2026-04-10T02:03:15","slug":"e-stata-presentata-in-anteprima-mondiale-al-mipcom-di-cannes-la-serie-concordia-alla-festa-del-cinema-di-roma-arrivano-invece-la-storia-di-elsa-morante-e-mare-fuori-4","status":"publish","type":"post","link":"https:\/\/cinema.video\/it\/e-stata-presentata-in-anteprima-mondiale-al-mipcom-di-cannes-la-serie-concordia-alla-festa-del-cinema-di-roma-arrivano-invece-la-storia-di-elsa-morante-e-mare-fuori-4","title":{"rendered":"BETA FILM Concordia a Cannes La Storia e Mare Fuori alla Festa di Roma"},"content":{"rendered":"\n<p class=\"wp-block-paragraph\">E&#8217; stata presentata ieri, in anteprima mondiale al <strong>Mipcom di Cannes<\/strong>,<em><strong> Concordia<\/strong><\/em>, la serie drama -thriller in sei puntate, diretta da <strong>Barbara Eder <\/strong>con <strong>Frank G. Doelger<\/strong> come showrunner, e interpretata, fra gli altri, da  entrambe presenti a Cannes insieme a Doelger, sia alla consueta cena di<strong> Beta<\/strong>, distributore internazionale del film con <strong>ZDF Studios<\/strong>, sia in un q&amp;a che ha seguito la proiezione.<\/p>\n\n\n\n<p class=\"wp-block-paragraph\">Concordia \u00e8 la citt\u00e0 del futuro dove il potere dell&#8217;intelligenza Artificiale, al servizio di una societ\u00e0 pi\u00f9 libera, umana e giusta, inizia a vacillare sotto il peso di due eventi catastrofici, nel ventesimo anniversario di questo apparentemente fortunato esperimento sociale. <\/p>\n\n\n\n<p class=\"wp-block-paragraph\">Si trova in Svezia, anche se la maggior parte delle scene che vi sono ambientate, a parte gli <em>establishing shots,<\/em> sono state girate in Italia, fra Roma, il Trentino e l&#8217;Alto Adige, con il supporto di<strong> Trentino Film Commission <\/strong>e del Tax Credit.<br>\u00c9 questa una delle ragioni per cui la scelta \u00e8 caduta sul nostro paese, spiega <strong>Tobias Gerginov<\/strong>, uno dei produttori  di <strong>Intaglio Films<\/strong>. &#8220;Oltre all&#8217;esperienza estremamente positiva che avevamo avuto quando abbiamo girato <em>The Swarm<\/em>&#8221; (altra serie distribuita da Beta e ZDF Studios, diretta da Barbara Eder con Doelger come produttore, che ha aperto la scorsa edizione di Berlinale Series &#8211;<a href=\"https:\/\/cinema.video\/berlinale-series-apre-the-swarm\"><strong>LEGGI QUI<\/strong><\/a>&#8211; ).<\/p>\n\n\n\n<figure class=\"wp-block-gallery has-nested-images columns-default is-cropped wp-block-gallery-1 is-layout-flex wp-block-gallery-is-layout-flex\">\n<figure class=\"wp-block-image size-large\"><img loading=\"lazy\" decoding=\"async\" width=\"1024\" height=\"768\" data-id=\"295852\" src=\"https:\/\/cinema.video\/wp-content\/uploads\/2023\/10\/20231017_180607-1-1-1024x768.jpg\" alt=\"\" class=\"wp-image-295852\" srcset=\"https:\/\/cinema.video\/wp-content\/uploads\/2023\/10\/20231017_180607-1-1-scaled.jpg 1024w, https:\/\/cinema.video\/wp-content\/uploads\/2023\/10\/20231017_180607-1-1-scaled.jpg 300w, https:\/\/cinema.video\/wp-content\/uploads\/2023\/10\/20231017_180607-1-1-scaled.jpg 768w, https:\/\/cinema.video\/wp-content\/uploads\/2023\/10\/20231017_180607-1-1-scaled.jpg 1536w, https:\/\/cinema.video\/wp-content\/uploads\/2023\/10\/20231017_180607-1-1-scaled.jpg 2048w, https:\/\/cinema.video\/wp-content\/uploads\/2023\/10\/20231017_180607-1-1-scaled.jpg 150w, https:\/\/cinema.video\/wp-content\/uploads\/2023\/10\/20231017_180607-1-1-scaled.jpg 696w, https:\/\/cinema.video\/wp-content\/uploads\/2023\/10\/20231017_180607-1-1-scaled.jpg 1068w, https:\/\/cinema.video\/wp-content\/uploads\/2023\/10\/20231017_180607-1-1-scaled.jpg 1920w, https:\/\/cinema.video\/wp-content\/uploads\/2023\/10\/20231017_180607-1-1-scaled.jpg 560w, https:\/\/cinema.video\/wp-content\/uploads\/2023\/10\/20231017_180607-1-1-scaled.jpg 80w, https:\/\/cinema.video\/wp-content\/uploads\/2023\/10\/20231017_180607-1-1-scaled.jpg 265w, https:\/\/cinema.video\/wp-content\/uploads\/2023\/10\/20231017_180607-1-1-scaled.jpg 1392w\" sizes=\"auto, (max-width: 696px) 100vw, 696px\" \/><\/figure>\n\n\n\n<figure class=\"wp-block-image size-large\"><img loading=\"lazy\" decoding=\"async\" width=\"1024\" height=\"683\" data-id=\"295882\" src=\"https:\/\/cinema.video\/wp-content\/uploads\/2023\/10\/conc.jpeg\" alt=\"\" class=\"wp-image-295882\" srcset=\"https:\/\/cinema.video\/wp-content\/uploads\/2023\/10\/conc.jpeg 1024w, https:\/\/cinema.video\/wp-content\/uploads\/2023\/10\/conc.jpeg 300w, https:\/\/cinema.video\/wp-content\/uploads\/2023\/10\/conc.jpeg 768w, https:\/\/cinema.video\/wp-content\/uploads\/2023\/10\/conc.jpeg 150w, https:\/\/cinema.video\/wp-content\/uploads\/2023\/10\/conc.jpeg 696w, https:\/\/cinema.video\/wp-content\/uploads\/2023\/10\/conc.jpeg 630w\" sizes=\"auto, (max-width: 696px) 100vw, 696px\" \/><\/figure>\n<\/figure>\n\n\n\n<p class=\"wp-block-paragraph\"><\/p>\n\n\n\n<p class=\"wp-block-paragraph\"><em>Concordia <\/em>\u00e8 prodotta da <strong>Intaglio Films per ZDF, MBC, France T\u00e9l\u00e9visions, Hulu Japan<\/strong>. La produzione esecutiva in Italia \u00e8 stata curata da <strong>Panorama Films.<\/strong><\/p>\n\n\n\n<p class=\"wp-block-paragraph\">Ai buyers internazionali presenti al Mipcom, Beta ha anche mostrato, in anteprima, il primo episodio de  <em><strong>La Storia di Elsa Morante<\/strong><\/em>: la serie tratta dal capolavoro della letteratura italiana di Elsa Morante, che il New York Times ha definito &#8220;la Ferrante prima della Ferrante&#8221; passer\u00e0 venerd\u00ec 20 ottobre (le prime due puntate) alla <strong>Festa del Cinema di Roma<\/strong>, nella sezione <em><strong>Freestyle<\/strong><\/em>.<\/p>\n\n\n\n<p class=\"wp-block-paragraph\">E alla vigilia dell&#8217;anteprima romana, Beta ha venduto la serie ai broadcaster pubblici scandinavi (la norvegese <strong>NRK<\/strong>, la finlandese <strong>YLE<\/strong>, la svedese <strong>SVT<\/strong>, la danese <strong>DR<\/strong> e l&#8217;islandese <strong>RUV<\/strong>); a quello slovacco <strong>RTV<\/strong> e a <strong>RTL<\/strong> in Ungheria. <\/p>\n\n\n\n<figure class=\"wp-block-image size-large\"><img loading=\"lazy\" decoding=\"async\" width=\"1024\" height=\"536\" src=\"https:\/\/cinema.video\/wp-content\/uploads\/2023\/10\/Beta-Film_La-Storia_\u00a9-@Iacovelli-Zayed-3-1024x536.jpg\" alt=\"\" class=\"wp-image-295847\" srcset=\"https:\/\/cinema.video\/wp-content\/uploads\/2023\/10\/Beta-Film_La-Storia_\u00a9-@Iacovelli-Zayed-3-scaled.jpg 1024w, https:\/\/cinema.video\/wp-content\/uploads\/2023\/10\/Beta-Film_La-Storia_\u00a9-@Iacovelli-Zayed-3-scaled.jpg 300w, https:\/\/cinema.video\/wp-content\/uploads\/2023\/10\/Beta-Film_La-Storia_\u00a9-@Iacovelli-Zayed-3-scaled.jpg 768w, https:\/\/cinema.video\/wp-content\/uploads\/2023\/10\/Beta-Film_La-Storia_\u00a9-@Iacovelli-Zayed-3-scaled.jpg 1536w, https:\/\/cinema.video\/wp-content\/uploads\/2023\/10\/Beta-Film_La-Storia_\u00a9-@Iacovelli-Zayed-3-scaled.jpg 2048w, https:\/\/cinema.video\/wp-content\/uploads\/2023\/10\/Beta-Film_La-Storia_\u00a9-@Iacovelli-Zayed-3-scaled.jpg 150w, https:\/\/cinema.video\/wp-content\/uploads\/2023\/10\/Beta-Film_La-Storia_\u00a9-@Iacovelli-Zayed-3-scaled.jpg 696w, https:\/\/cinema.video\/wp-content\/uploads\/2023\/10\/Beta-Film_La-Storia_\u00a9-@Iacovelli-Zayed-3-scaled.jpg 1068w, https:\/\/cinema.video\/wp-content\/uploads\/2023\/10\/Beta-Film_La-Storia_\u00a9-@Iacovelli-Zayed-3-scaled.jpg 1920w, https:\/\/cinema.video\/wp-content\/uploads\/2023\/10\/Beta-Film_La-Storia_\u00a9-@Iacovelli-Zayed-3-scaled.jpg 802w, https:\/\/cinema.video\/wp-content\/uploads\/2023\/10\/Beta-Film_La-Storia_\u00a9-@Iacovelli-Zayed-3-scaled.jpg 1392w\" sizes=\"auto, (max-width: 696px) 100vw, 696px\" \/><figcaption class=\"wp-element-caption\">La Storia- foto di Iacovielli-Zayed<\/figcaption><\/figure>\n\n\n\n<p class=\"wp-block-paragraph\">Diretta da <strong>Francesca Archibugi <\/strong>e interpretata da Jamine Trinca, Valerio Mastadrea, Asia Argento e Elio Germano, <em>La Storia<\/em> \u00e8 prodotta da <strong>Roberto Sessa<\/strong> per<strong> Picomedia<\/strong>, in co-produzione con Beta Film e in collaborazione con <strong>Rai Fiction.<\/strong> <\/p>\n\n\n\n<p class=\"wp-block-paragraph\">Sempre in Freestyle, arriver\u00e0 alla Festa di Roma, un&#8217;altra serie prodotta da Picomedia per Rai Fiction e venduta nel mondo da Beta: l&#8217;attesissima quarta stagione di<em> Mare Fuori<\/em>, i cui primi due episodi saranno proiettati in anteprima mondiale il 28 ottobre. <br>La serie, diretta da <strong>Ivan Silvestrini<\/strong>, \u00e8 uno dei tre progetti made in Campania, con il supporto di <strong>Film Commission Regione Campania<\/strong>, presenti al festival romano (<a href=\"https:\/\/cinema.video\/fiammetta-di-nicola-barrile-prodotto-dalla-societa-campana-tile-storytellers-e-fra-i-progetti-selezionati-ad-anyshow-del-mia-di-roma\"><strong>leggi qui<\/strong><\/a>)<\/p>\n\n\n\n<p class=\"wp-block-paragraph\"><\/p>\n\n\n\n<p class=\"wp-block-paragraph\"> <br><\/p>\n","protected":false},"excerpt":{"rendered":"<p>Il 20 ottobre le prime due puntate della serie diretta da Francesca Comencini e tratte dall&#8217;omonimo romanzo di Elsa Morante, sono state proiettate nella sezione Freestyle. Il 28 ottobre, l&#8217;attesissima 4\u00b0 stagione di Mare Fuori<\/p>\n","protected":false},"author":2,"featured_media":295843,"comment_status":"closed","ping_status":"closed","sticky":false,"template":"","format":"standard","meta":{"googlesitekit_rrm_CAow3e7fCw:productID":"","_crdt_document":"","footnotes":""},"categories":[1],"tags":[943,356],"class_list":{"0":"post-295834","1":"post","2":"type-post","3":"status-publish","4":"format-standard","5":"has-post-thumbnail","7":"category-senza-categoria","8":"tag-film-commission-regione-campania","9":"tag-focus"},"yoast_head":"<!-- This site is optimized with the Yoast SEO Premium plugin v27.4 (Yoast SEO v27.5) - https:\/\/yoast.com\/product\/yoast-seo-premium-wordpress\/ -->\n<title>BETA FILM Concordia a Cannes La Storia e Mare Fuori alla Festa di Roma - Cinema &amp; Video International<\/title>\n<meta name=\"description\" content=\"BETA FILM Concordia a Cannes La Storia e Mare Fuori alla Festa di Roma \u2013 beta film concordia a cannes la. E&#039; stata presentata ieri, in anteprima mondiale\" \/>\n<meta name=\"robots\" content=\"index, follow, max-snippet:-1, max-image-preview:large, max-video-preview:-1\" \/>\n<link rel=\"canonical\" href=\"https:\/\/cinema.video\/it\/e-stata-presentata-in-anteprima-mondiale-al-mipcom-di-cannes-la-serie-concordia-alla-festa-del-cinema-di-roma-arrivano-invece-la-storia-di-elsa-morante-e-mare-fuori-4\" \/>\n<meta property=\"og:locale\" content=\"it_IT\" \/>\n<meta property=\"og:type\" content=\"article\" \/>\n<meta property=\"og:title\" content=\"BETA FILM Concordia a Cannes La Storia e Mare Fuori alla Festa di Roma\" \/>\n<meta property=\"og:description\" content=\"BETA FILM Concordia a Cannes La Storia e Mare Fuori alla Festa di Roma \u2013 beta film concordia a cannes la. E&#039; stata presentata ieri, in anteprima mondiale\" \/>\n<meta property=\"og:url\" content=\"https:\/\/cinema.video\/it\/e-stata-presentata-in-anteprima-mondiale-al-mipcom-di-cannes-la-serie-concordia-alla-festa-del-cinema-di-roma-arrivano-invece-la-storia-di-elsa-morante-e-mare-fuori-4\" \/>\n<meta property=\"og:site_name\" content=\"Cinema &amp; Video International\" \/>\n<meta property=\"article:publisher\" content=\"https:\/\/www.facebook.com\/CinemaVideoInternational\/\" \/>\n<meta property=\"article:published_time\" content=\"2023-10-18T13:57:43+00:00\" \/>\n<meta property=\"article:modified_time\" content=\"2026-04-10T02:03:15+00:00\" \/>\n<meta property=\"og:image\" content=\"https:\/\/cinema.video\/wp-content\/uploads\/2023\/10\/Beta-Film_La-Storia_\u00a9-@Iacovelli-Zayed-scaled-e1697637076683.jpg\" \/>\n\t<meta property=\"og:image:width\" content=\"800\" \/>\n\t<meta property=\"og:image:height\" content=\"422\" \/>\n\t<meta property=\"og:image:type\" content=\"image\/jpeg\" \/>\n<meta name=\"author\" content=\"Carolina Mancini\" \/>\n<meta name=\"twitter:card\" content=\"summary_large_image\" \/>\n<meta name=\"twitter:label1\" content=\"Scritto da\" \/>\n\t<meta name=\"twitter:data1\" content=\"Carolina Mancini\" \/>\n\t<meta name=\"twitter:label2\" content=\"Tempo di lettura stimato\" \/>\n\t<meta name=\"twitter:data2\" content=\"3 minuti\" \/>\n<script type=\"application\/ld+json\" class=\"yoast-schema-graph\">{\"@context\":\"https:\\\/\\\/schema.org\",\"@graph\":[{\"@type\":\"Article\",\"@id\":\"https:\\\/\\\/cinema.video\\\/it\\\/e-stata-presentata-in-anteprima-mondiale-al-mipcom-di-cannes-la-serie-concordia-alla-festa-del-cinema-di-roma-arrivano-invece-la-storia-di-elsa-morante-e-mare-fuori-4#article\",\"isPartOf\":{\"@id\":\"https:\\\/\\\/cinema.video\\\/it\\\/e-stata-presentata-in-anteprima-mondiale-al-mipcom-di-cannes-la-serie-concordia-alla-festa-del-cinema-di-roma-arrivano-invece-la-storia-di-elsa-morante-e-mare-fuori-4\"},\"author\":{\"name\":\"Carolina Mancini\",\"@id\":\"https:\\\/\\\/cinema.video\\\/it#\\\/schema\\\/person\\\/d5479fad8d0f2360000eb4aab6bb6e5d\"},\"headline\":\"BETA FILM Concordia a Cannes La Storia e Mare Fuori alla Festa di Roma\",\"datePublished\":\"2023-10-18T13:57:43+00:00\",\"dateModified\":\"2026-04-10T02:03:15+00:00\",\"mainEntityOfPage\":{\"@id\":\"https:\\\/\\\/cinema.video\\\/it\\\/e-stata-presentata-in-anteprima-mondiale-al-mipcom-di-cannes-la-serie-concordia-alla-festa-del-cinema-di-roma-arrivano-invece-la-storia-di-elsa-morante-e-mare-fuori-4\"},\"wordCount\":460,\"publisher\":{\"@id\":\"https:\\\/\\\/cinema.video\\\/it#organization\"},\"image\":{\"@id\":\"https:\\\/\\\/cinema.video\\\/it\\\/e-stata-presentata-in-anteprima-mondiale-al-mipcom-di-cannes-la-serie-concordia-alla-festa-del-cinema-di-roma-arrivano-invece-la-storia-di-elsa-morante-e-mare-fuori-4#primaryimage\"},\"thumbnailUrl\":\"https:\\\/\\\/cinema.video\\\/wp-content\\\/uploads\\\/2023\\\/10\\\/Beta-Film_La-Storia_\u00a9-@Iacovelli-Zayed-scaled-e1697637076683.jpg\",\"keywords\":[\"FILM COMMISSION REGIONE CAMPANIA\",\"focus\"],\"inLanguage\":\"it-IT\"},{\"@type\":\"WebPage\",\"@id\":\"https:\\\/\\\/cinema.video\\\/it\\\/e-stata-presentata-in-anteprima-mondiale-al-mipcom-di-cannes-la-serie-concordia-alla-festa-del-cinema-di-roma-arrivano-invece-la-storia-di-elsa-morante-e-mare-fuori-4\",\"url\":\"https:\\\/\\\/cinema.video\\\/it\\\/e-stata-presentata-in-anteprima-mondiale-al-mipcom-di-cannes-la-serie-concordia-alla-festa-del-cinema-di-roma-arrivano-invece-la-storia-di-elsa-morante-e-mare-fuori-4\",\"name\":\"BETA FILM Concordia a Cannes La Storia e Mare Fuori alla Festa di Roma - Cinema &amp; Video International\",\"isPartOf\":{\"@id\":\"https:\\\/\\\/cinema.video\\\/it#website\"},\"primaryImageOfPage\":{\"@id\":\"https:\\\/\\\/cinema.video\\\/it\\\/e-stata-presentata-in-anteprima-mondiale-al-mipcom-di-cannes-la-serie-concordia-alla-festa-del-cinema-di-roma-arrivano-invece-la-storia-di-elsa-morante-e-mare-fuori-4#primaryimage\"},\"image\":{\"@id\":\"https:\\\/\\\/cinema.video\\\/it\\\/e-stata-presentata-in-anteprima-mondiale-al-mipcom-di-cannes-la-serie-concordia-alla-festa-del-cinema-di-roma-arrivano-invece-la-storia-di-elsa-morante-e-mare-fuori-4#primaryimage\"},\"thumbnailUrl\":\"https:\\\/\\\/cinema.video\\\/wp-content\\\/uploads\\\/2023\\\/10\\\/Beta-Film_La-Storia_\u00a9-@Iacovelli-Zayed-scaled-e1697637076683.jpg\",\"datePublished\":\"2023-10-18T13:57:43+00:00\",\"dateModified\":\"2026-04-10T02:03:15+00:00\",\"description\":\"BETA FILM Concordia a Cannes La Storia e Mare Fuori alla Festa di Roma \u2013 beta film concordia a cannes la. E' stata presentata ieri, in anteprima mondiale\",\"breadcrumb\":{\"@id\":\"https:\\\/\\\/cinema.video\\\/it\\\/e-stata-presentata-in-anteprima-mondiale-al-mipcom-di-cannes-la-serie-concordia-alla-festa-del-cinema-di-roma-arrivano-invece-la-storia-di-elsa-morante-e-mare-fuori-4#breadcrumb\"},\"inLanguage\":\"it-IT\",\"potentialAction\":[{\"@type\":\"ReadAction\",\"target\":[\"https:\\\/\\\/cinema.video\\\/it\\\/e-stata-presentata-in-anteprima-mondiale-al-mipcom-di-cannes-la-serie-concordia-alla-festa-del-cinema-di-roma-arrivano-invece-la-storia-di-elsa-morante-e-mare-fuori-4\"]}]},{\"@type\":\"ImageObject\",\"inLanguage\":\"it-IT\",\"@id\":\"https:\\\/\\\/cinema.video\\\/it\\\/e-stata-presentata-in-anteprima-mondiale-al-mipcom-di-cannes-la-serie-concordia-alla-festa-del-cinema-di-roma-arrivano-invece-la-storia-di-elsa-morante-e-mare-fuori-4#primaryimage\",\"url\":\"https:\\\/\\\/cinema.video\\\/wp-content\\\/uploads\\\/2023\\\/10\\\/Beta-Film_La-Storia_\u00a9-@Iacovelli-Zayed-scaled-e1697637076683.jpg\",\"contentUrl\":\"https:\\\/\\\/cinema.video\\\/wp-content\\\/uploads\\\/2023\\\/10\\\/Beta-Film_La-Storia_\u00a9-@Iacovelli-Zayed-scaled-e1697637076683.jpg\",\"width\":800,\"height\":422,\"caption\":\"@Iacovelli-Zayed\"},{\"@type\":\"BreadcrumbList\",\"@id\":\"https:\\\/\\\/cinema.video\\\/it\\\/e-stata-presentata-in-anteprima-mondiale-al-mipcom-di-cannes-la-serie-concordia-alla-festa-del-cinema-di-roma-arrivano-invece-la-storia-di-elsa-morante-e-mare-fuori-4#breadcrumb\",\"itemListElement\":[{\"@type\":\"ListItem\",\"position\":1,\"name\":\"Home\",\"item\":\"https:\\\/\\\/cinema.video\\\/it\\\/home-2\"},{\"@type\":\"ListItem\",\"position\":2,\"name\":\"BETA FILM Concordia a Cannes La Storia e Mare Fuori alla Festa di Roma\"}]},{\"@type\":\"WebSite\",\"@id\":\"https:\\\/\\\/cinema.video\\\/it#website\",\"url\":\"https:\\\/\\\/cinema.video\\\/it\",\"name\":\"Cinema & Video International\",\"description\":\"Film &amp; Audiovisual Industry Trade Magazine\",\"publisher\":{\"@id\":\"https:\\\/\\\/cinema.video\\\/it#organization\"},\"alternateName\":\"Cinema & Video\",\"potentialAction\":[{\"@type\":\"SearchAction\",\"target\":{\"@type\":\"EntryPoint\",\"urlTemplate\":\"https:\\\/\\\/cinema.video\\\/it?s={search_term_string}\"},\"query-input\":{\"@type\":\"PropertyValueSpecification\",\"valueRequired\":true,\"valueName\":\"search_term_string\"}}],\"inLanguage\":\"it-IT\"},{\"@type\":\"Organization\",\"@id\":\"https:\\\/\\\/cinema.video\\\/it#organization\",\"name\":\"Cinema & Video\",\"url\":\"https:\\\/\\\/cinema.video\\\/it\",\"logo\":{\"@type\":\"ImageObject\",\"inLanguage\":\"it-IT\",\"@id\":\"https:\\\/\\\/cinema.video\\\/it#\\\/schema\\\/logo\\\/image\\\/\",\"url\":\"https:\\\/\\\/cinema.video\\\/wp-content\\\/uploads\\\/2026\\\/04\\\/CinemVideo_LogoBlack.png\",\"contentUrl\":\"https:\\\/\\\/cinema.video\\\/wp-content\\\/uploads\\\/2026\\\/04\\\/CinemVideo_LogoBlack.png\",\"width\":1336,\"height\":224,\"caption\":\"Cinema & Video\"},\"image\":{\"@id\":\"https:\\\/\\\/cinema.video\\\/it#\\\/schema\\\/logo\\\/image\\\/\"},\"sameAs\":[\"https:\\\/\\\/www.facebook.com\\\/CinemaVideoInternational\\\/\",\"https:\\\/\\\/www.instagram.com\\\/cinemaevideointernational\\\/\",\"https:\\\/\\\/it.linkedin.com\\\/company\\\/cinema-video-international\"],\"description\":\"Media Consulting & Marketing Agency\",\"email\":\"hello@darostudio.com\",\"legalName\":\"DARO studio LLC\",\"foundingDate\":\"2021-02-16\",\"numberOfEmployees\":{\"@type\":\"QuantitativeValue\",\"minValue\":\"1\",\"maxValue\":\"10\"}},{\"@type\":\"Person\",\"@id\":\"https:\\\/\\\/cinema.video\\\/it#\\\/schema\\\/person\\\/d5479fad8d0f2360000eb4aab6bb6e5d\",\"name\":\"Carolina Mancini\",\"image\":{\"@type\":\"ImageObject\",\"inLanguage\":\"it-IT\",\"@id\":\"https:\\\/\\\/secure.gravatar.com\\\/avatar\\\/d4758965c5e8730dbaaa7131a628547771a26c1e5bf14fe323d96f8246a62baf?s=96&d=mm&r=g\",\"url\":\"https:\\\/\\\/secure.gravatar.com\\\/avatar\\\/d4758965c5e8730dbaaa7131a628547771a26c1e5bf14fe323d96f8246a62baf?s=96&d=mm&r=g\",\"contentUrl\":\"https:\\\/\\\/secure.gravatar.com\\\/avatar\\\/d4758965c5e8730dbaaa7131a628547771a26c1e5bf14fe323d96f8246a62baf?s=96&d=mm&r=g\",\"caption\":\"Carolina Mancini\"},\"url\":\"https:\\\/\\\/cinema.video\\\/it\\\/author\\\/carolin\"}]}<\/script>\n<!-- \/ Yoast SEO Premium plugin. -->","yoast_head_json":{"title":"BETA FILM Concordia a Cannes La Storia e Mare Fuori alla Festa di Roma - Cinema &amp; Video International","description":"BETA FILM Concordia a Cannes La Storia e Mare Fuori alla Festa di Roma \u2013 beta film concordia a cannes la. E' stata presentata ieri, in anteprima mondiale","robots":{"index":"index","follow":"follow","max-snippet":"max-snippet:-1","max-image-preview":"max-image-preview:large","max-video-preview":"max-video-preview:-1"},"canonical":"https:\/\/cinema.video\/it\/e-stata-presentata-in-anteprima-mondiale-al-mipcom-di-cannes-la-serie-concordia-alla-festa-del-cinema-di-roma-arrivano-invece-la-storia-di-elsa-morante-e-mare-fuori-4","og_locale":"it_IT","og_type":"article","og_title":"BETA FILM Concordia a Cannes La Storia e Mare Fuori alla Festa di Roma","og_description":"BETA FILM Concordia a Cannes La Storia e Mare Fuori alla Festa di Roma \u2013 beta film concordia a cannes la. E' stata presentata ieri, in anteprima mondiale","og_url":"https:\/\/cinema.video\/it\/e-stata-presentata-in-anteprima-mondiale-al-mipcom-di-cannes-la-serie-concordia-alla-festa-del-cinema-di-roma-arrivano-invece-la-storia-di-elsa-morante-e-mare-fuori-4","og_site_name":"Cinema &amp; Video International","article_publisher":"https:\/\/www.facebook.com\/CinemaVideoInternational\/","article_published_time":"2023-10-18T13:57:43+00:00","article_modified_time":"2026-04-10T02:03:15+00:00","og_image":[{"width":800,"height":422,"url":"https:\/\/cinema.video\/wp-content\/uploads\/2023\/10\/Beta-Film_La-Storia_\u00a9-@Iacovelli-Zayed-scaled-e1697637076683.jpg","type":"image\/jpeg"}],"author":"Carolina Mancini","twitter_card":"summary_large_image","twitter_misc":{"Scritto da":"Carolina Mancini","Tempo di lettura stimato":"3 minuti"},"schema":{"@context":"https:\/\/schema.org","@graph":[{"@type":"Article","@id":"https:\/\/cinema.video\/it\/e-stata-presentata-in-anteprima-mondiale-al-mipcom-di-cannes-la-serie-concordia-alla-festa-del-cinema-di-roma-arrivano-invece-la-storia-di-elsa-morante-e-mare-fuori-4#article","isPartOf":{"@id":"https:\/\/cinema.video\/it\/e-stata-presentata-in-anteprima-mondiale-al-mipcom-di-cannes-la-serie-concordia-alla-festa-del-cinema-di-roma-arrivano-invece-la-storia-di-elsa-morante-e-mare-fuori-4"},"author":{"name":"Carolina Mancini","@id":"https:\/\/cinema.video\/it#\/schema\/person\/d5479fad8d0f2360000eb4aab6bb6e5d"},"headline":"BETA FILM Concordia a Cannes La Storia e Mare Fuori alla Festa di Roma","datePublished":"2023-10-18T13:57:43+00:00","dateModified":"2026-04-10T02:03:15+00:00","mainEntityOfPage":{"@id":"https:\/\/cinema.video\/it\/e-stata-presentata-in-anteprima-mondiale-al-mipcom-di-cannes-la-serie-concordia-alla-festa-del-cinema-di-roma-arrivano-invece-la-storia-di-elsa-morante-e-mare-fuori-4"},"wordCount":460,"publisher":{"@id":"https:\/\/cinema.video\/it#organization"},"image":{"@id":"https:\/\/cinema.video\/it\/e-stata-presentata-in-anteprima-mondiale-al-mipcom-di-cannes-la-serie-concordia-alla-festa-del-cinema-di-roma-arrivano-invece-la-storia-di-elsa-morante-e-mare-fuori-4#primaryimage"},"thumbnailUrl":"https:\/\/cinema.video\/wp-content\/uploads\/2023\/10\/Beta-Film_La-Storia_\u00a9-@Iacovelli-Zayed-scaled-e1697637076683.jpg","keywords":["FILM COMMISSION REGIONE CAMPANIA","focus"],"inLanguage":"it-IT"},{"@type":"WebPage","@id":"https:\/\/cinema.video\/it\/e-stata-presentata-in-anteprima-mondiale-al-mipcom-di-cannes-la-serie-concordia-alla-festa-del-cinema-di-roma-arrivano-invece-la-storia-di-elsa-morante-e-mare-fuori-4","url":"https:\/\/cinema.video\/it\/e-stata-presentata-in-anteprima-mondiale-al-mipcom-di-cannes-la-serie-concordia-alla-festa-del-cinema-di-roma-arrivano-invece-la-storia-di-elsa-morante-e-mare-fuori-4","name":"BETA FILM Concordia a Cannes La Storia e Mare Fuori alla Festa di Roma - Cinema &amp; Video International","isPartOf":{"@id":"https:\/\/cinema.video\/it#website"},"primaryImageOfPage":{"@id":"https:\/\/cinema.video\/it\/e-stata-presentata-in-anteprima-mondiale-al-mipcom-di-cannes-la-serie-concordia-alla-festa-del-cinema-di-roma-arrivano-invece-la-storia-di-elsa-morante-e-mare-fuori-4#primaryimage"},"image":{"@id":"https:\/\/cinema.video\/it\/e-stata-presentata-in-anteprima-mondiale-al-mipcom-di-cannes-la-serie-concordia-alla-festa-del-cinema-di-roma-arrivano-invece-la-storia-di-elsa-morante-e-mare-fuori-4#primaryimage"},"thumbnailUrl":"https:\/\/cinema.video\/wp-content\/uploads\/2023\/10\/Beta-Film_La-Storia_\u00a9-@Iacovelli-Zayed-scaled-e1697637076683.jpg","datePublished":"2023-10-18T13:57:43+00:00","dateModified":"2026-04-10T02:03:15+00:00","description":"BETA FILM Concordia a Cannes La Storia e Mare Fuori alla Festa di Roma \u2013 beta film concordia a cannes la. E' stata presentata ieri, in anteprima mondiale","breadcrumb":{"@id":"https:\/\/cinema.video\/it\/e-stata-presentata-in-anteprima-mondiale-al-mipcom-di-cannes-la-serie-concordia-alla-festa-del-cinema-di-roma-arrivano-invece-la-storia-di-elsa-morante-e-mare-fuori-4#breadcrumb"},"inLanguage":"it-IT","potentialAction":[{"@type":"ReadAction","target":["https:\/\/cinema.video\/it\/e-stata-presentata-in-anteprima-mondiale-al-mipcom-di-cannes-la-serie-concordia-alla-festa-del-cinema-di-roma-arrivano-invece-la-storia-di-elsa-morante-e-mare-fuori-4"]}]},{"@type":"ImageObject","inLanguage":"it-IT","@id":"https:\/\/cinema.video\/it\/e-stata-presentata-in-anteprima-mondiale-al-mipcom-di-cannes-la-serie-concordia-alla-festa-del-cinema-di-roma-arrivano-invece-la-storia-di-elsa-morante-e-mare-fuori-4#primaryimage","url":"https:\/\/cinema.video\/wp-content\/uploads\/2023\/10\/Beta-Film_La-Storia_\u00a9-@Iacovelli-Zayed-scaled-e1697637076683.jpg","contentUrl":"https:\/\/cinema.video\/wp-content\/uploads\/2023\/10\/Beta-Film_La-Storia_\u00a9-@Iacovelli-Zayed-scaled-e1697637076683.jpg","width":800,"height":422,"caption":"@Iacovelli-Zayed"},{"@type":"BreadcrumbList","@id":"https:\/\/cinema.video\/it\/e-stata-presentata-in-anteprima-mondiale-al-mipcom-di-cannes-la-serie-concordia-alla-festa-del-cinema-di-roma-arrivano-invece-la-storia-di-elsa-morante-e-mare-fuori-4#breadcrumb","itemListElement":[{"@type":"ListItem","position":1,"name":"Home","item":"https:\/\/cinema.video\/it\/home-2"},{"@type":"ListItem","position":2,"name":"BETA FILM Concordia a Cannes La Storia e Mare Fuori alla Festa di Roma"}]},{"@type":"WebSite","@id":"https:\/\/cinema.video\/it#website","url":"https:\/\/cinema.video\/it","name":"Cinema & Video International","description":"Film &amp; Audiovisual Industry Trade Magazine","publisher":{"@id":"https:\/\/cinema.video\/it#organization"},"alternateName":"Cinema & Video","potentialAction":[{"@type":"SearchAction","target":{"@type":"EntryPoint","urlTemplate":"https:\/\/cinema.video\/it?s={search_term_string}"},"query-input":{"@type":"PropertyValueSpecification","valueRequired":true,"valueName":"search_term_string"}}],"inLanguage":"it-IT"},{"@type":"Organization","@id":"https:\/\/cinema.video\/it#organization","name":"Cinema & Video","url":"https:\/\/cinema.video\/it","logo":{"@type":"ImageObject","inLanguage":"it-IT","@id":"https:\/\/cinema.video\/it#\/schema\/logo\/image\/","url":"https:\/\/cinema.video\/wp-content\/uploads\/2026\/04\/CinemVideo_LogoBlack.png","contentUrl":"https:\/\/cinema.video\/wp-content\/uploads\/2026\/04\/CinemVideo_LogoBlack.png","width":1336,"height":224,"caption":"Cinema & Video"},"image":{"@id":"https:\/\/cinema.video\/it#\/schema\/logo\/image\/"},"sameAs":["https:\/\/www.facebook.com\/CinemaVideoInternational\/","https:\/\/www.instagram.com\/cinemaevideointernational\/","https:\/\/it.linkedin.com\/company\/cinema-video-international"],"description":"Media Consulting & Marketing Agency","email":"hello@darostudio.com","legalName":"DARO studio LLC","foundingDate":"2021-02-16","numberOfEmployees":{"@type":"QuantitativeValue","minValue":"1","maxValue":"10"}},{"@type":"Person","@id":"https:\/\/cinema.video\/it#\/schema\/person\/d5479fad8d0f2360000eb4aab6bb6e5d","name":"Carolina Mancini","image":{"@type":"ImageObject","inLanguage":"it-IT","@id":"https:\/\/secure.gravatar.com\/avatar\/d4758965c5e8730dbaaa7131a628547771a26c1e5bf14fe323d96f8246a62baf?s=96&d=mm&r=g","url":"https:\/\/secure.gravatar.com\/avatar\/d4758965c5e8730dbaaa7131a628547771a26c1e5bf14fe323d96f8246a62baf?s=96&d=mm&r=g","contentUrl":"https:\/\/secure.gravatar.com\/avatar\/d4758965c5e8730dbaaa7131a628547771a26c1e5bf14fe323d96f8246a62baf?s=96&d=mm&r=g","caption":"Carolina Mancini"},"url":"https:\/\/cinema.video\/it\/author\/carolin"}]}},"jetpack_featured_media_url":"https:\/\/cinema.video\/wp-content\/uploads\/2023\/10\/Beta-Film_La-Storia_\u00a9-@Iacovelli-Zayed-scaled-e1697637076683.jpg","jetpack_shortlink":"https:\/\/wp.me\/ph672m-1eXw","_links":{"self":[{"href":"https:\/\/cinema.video\/it\/wp-json\/wp\/v2\/posts\/295834","targetHints":{"allow":["GET"]}}],"collection":[{"href":"https:\/\/cinema.video\/it\/wp-json\/wp\/v2\/posts"}],"about":[{"href":"https:\/\/cinema.video\/it\/wp-json\/wp\/v2\/types\/post"}],"author":[{"embeddable":true,"href":"https:\/\/cinema.video\/it\/wp-json\/wp\/v2\/users\/2"}],"replies":[{"embeddable":true,"href":"https:\/\/cinema.video\/it\/wp-json\/wp\/v2\/comments?post=295834"}],"version-history":[{"count":1,"href":"https:\/\/cinema.video\/it\/wp-json\/wp\/v2\/posts\/295834\/revisions"}],"predecessor-version":[{"id":309160,"href":"https:\/\/cinema.video\/it\/wp-json\/wp\/v2\/posts\/295834\/revisions\/309160"}],"wp:featuredmedia":[{"embeddable":true,"href":"https:\/\/cinema.video\/it\/wp-json\/wp\/v2\/media\/295843"}],"wp:attachment":[{"href":"https:\/\/cinema.video\/it\/wp-json\/wp\/v2\/media?parent=295834"}],"wp:term":[{"taxonomy":"category","embeddable":true,"href":"https:\/\/cinema.video\/it\/wp-json\/wp\/v2\/categories?post=295834"},{"taxonomy":"post_tag","embeddable":true,"href":"https:\/\/cinema.video\/it\/wp-json\/wp\/v2\/tags?post=295834"}],"curies":[{"name":"wp","href":"https:\/\/api.w.org\/{rel}","templated":true}]}}