{"id":295797,"date":"2023-10-13T18:18:44","date_gmt":"2023-10-13T16:18:44","guid":{"rendered":"https:\/\/cinema.video\/?p=295797"},"modified":"2026-04-10T04:03:09","modified_gmt":"2026-04-10T02:03:09","slug":"uscira-probabilmente-il-31-ottobre-il-nuovo-bando-del-fondo-di-regione-toscana-che-e-stato-presentato-al-mia-di-roma-assieme-alle-attivita-connesse-al-cinema-dellaccademia-chigiana","status":"publish","type":"post","link":"https:\/\/cinema.video\/it\/uscira-probabilmente-il-31-ottobre-il-nuovo-bando-del-fondo-di-regione-toscana-che-e-stato-presentato-al-mia-di-roma-assieme-alle-attivita-connesse-al-cinema-dellaccademia-chigiana","title":{"rendered":"TOSCANA Aspettando il fondo&#8230;a ritmo di musica"},"content":{"rendered":"\n<p class=\"wp-block-paragraph\">Sar\u00e0 pubblicato con tutta probabilit\u00e0 il <strong>31 ottobre <\/strong>il nuovo bando del <strong>Fondo di Regione Toscana<\/strong>, che, dopo una prima uscita alla Mostra del Cinema di Venezia, \u00e8 stato presentato questa mattina al <strong>MIA di Roma<\/strong>, illustrato da <strong>Leonardo Brogelli<\/strong>, dirigente della Regione (Beni, Istituzioni, Attivit\u00e0 culturali e Sport ) e da <strong>Stefania Ippoliti,<\/strong> responsabile area Cinema di <strong>Fondazione Sistema Toscana<\/strong>. L\u2019incontro \u00e8 stata anche l\u2019occasione per parlare dell\u2019eccellenza toscana dell\u2019<strong>Accademia Chigiana di Siena<\/strong> (che compir\u00e0 100 anni il 22 novembre 2023), con il suo <strong>Film Scoring Intensive Program<\/strong> e con il <strong>Progetto Suono e Immagine<\/strong>, realizzato in collaborazione con Toscana Film Commission e che\u00a0 in un anno ha dato importanti risultati,. Fra questi, la registrazione delle musiche di <strong><em>Mary e lo spirito di mezzanotte<\/em><\/strong>di Enzo D\u2019Al\u00f2; alcune riprese dell\u2019opera prima <strong><em>Diciannove<\/em><\/strong> di Giovanni Tortorici prodotto da Luca Gudagnino, e girato proprio all\u2019interno dell\u2019Accademia che ha messo a disposizione non solo le locations ma anche\u00a0 musicisti e i fonici per la registrazione della scena di un concerto ambientato nel salone di Palazzo Chigi Saracini, e la colonna sonora del film <strong><em>Buio come il Cuore<\/em><\/strong> di Marco De Luca, composta da David Cerquetti e registrata a Firenze con l\u2019orchestra ORT, in occasione delle sessioni di registrazione del Corso Intensivo di Film Scoring 2023.<\/p>\n\n\n\n<figure class=\"wp-block-gallery has-nested-images columns-default is-cropped wp-block-gallery-1 is-layout-flex wp-block-gallery-is-layout-flex\">\n<figure class=\"wp-block-image size-large\"><img loading=\"lazy\" decoding=\"async\" width=\"275\" height=\"206\" data-id=\"295801\" src=\"https:\/\/cinema.video\/wp-content\/uploads\/2023\/10\/369938224_6613449912108107_8358479545760964053_n.jpg\" alt=\"\" class=\"wp-image-295801\" srcset=\"https:\/\/cinema.video\/wp-content\/uploads\/2023\/10\/369938224_6613449912108107_8358479545760964053_n.jpg 275w, https:\/\/cinema.video\/wp-content\/uploads\/2023\/10\/369938224_6613449912108107_8358479545760964053_n.jpg 150w, https:\/\/cinema.video\/wp-content\/uploads\/2023\/10\/369938224_6613449912108107_8358479545760964053_n.jpg 80w, https:\/\/cinema.video\/wp-content\/uploads\/2023\/10\/369938224_6613449912108107_8358479545760964053_n.jpg 265w\" sizes=\"auto, (max-width: 275px) 100vw, 275px\" \/><\/figure>\n\n\n\n<figure class=\"wp-block-image size-large\"><img loading=\"lazy\" decoding=\"async\" width=\"275\" height=\"206\" data-id=\"295802\" src=\"https:\/\/cinema.video\/wp-content\/uploads\/2023\/10\/387488462_349438354187309_4175168541426566251_n.jpg\" alt=\"\" class=\"wp-image-295802\" srcset=\"https:\/\/cinema.video\/wp-content\/uploads\/2023\/10\/387488462_349438354187309_4175168541426566251_n.jpg 275w, https:\/\/cinema.video\/wp-content\/uploads\/2023\/10\/387488462_349438354187309_4175168541426566251_n.jpg 150w, https:\/\/cinema.video\/wp-content\/uploads\/2023\/10\/387488462_349438354187309_4175168541426566251_n.jpg 80w, https:\/\/cinema.video\/wp-content\/uploads\/2023\/10\/387488462_349438354187309_4175168541426566251_n.jpg 265w\" sizes=\"auto, (max-width: 275px) 100vw, 275px\" \/><\/figure>\n\n\n\n<figure class=\"wp-block-image size-large\"><img loading=\"lazy\" decoding=\"async\" width=\"275\" height=\"206\" data-id=\"295803\" src=\"https:\/\/cinema.video\/wp-content\/uploads\/2023\/10\/387637186_295076113349038_1976393987917958380_n.jpg\" alt=\"\" class=\"wp-image-295803\" srcset=\"https:\/\/cinema.video\/wp-content\/uploads\/2023\/10\/387637186_295076113349038_1976393987917958380_n.jpg 275w, https:\/\/cinema.video\/wp-content\/uploads\/2023\/10\/387637186_295076113349038_1976393987917958380_n.jpg 150w, https:\/\/cinema.video\/wp-content\/uploads\/2023\/10\/387637186_295076113349038_1976393987917958380_n.jpg 80w, https:\/\/cinema.video\/wp-content\/uploads\/2023\/10\/387637186_295076113349038_1976393987917958380_n.jpg 265w\" sizes=\"auto, (max-width: 275px) 100vw, 275px\" \/><\/figure>\n<\/figure>\n\n\n\n<p class=\"wp-block-paragraph\">\u201cOggi \u00e8 pratica comune registrare le colonne sonore nell\u2019est europeo. Le nostre orchestre si sono ridotte sempre pi\u00f9 e noi vogliamo tornare ad essere competitivi in questo senso. Non solo imparare facendo, seguendo lo spirito delle Manifatture Digitali toscane, ma anche dando l\u2019opportunit\u00e0 ai nostri registi, musicisti e compositori di avere a disposizione laboratori d\u2019eccellenza.\u201d Ha dichiarato il direttore amministrativo <strong>Antonio Armiento,<\/strong> che ha raccontato il passato e il presente e futuro dell\u2019Accademia assieme a&nbsp; <strong>M. Antonio Artese<\/strong>, coordinatore del&nbsp; Film Scoring Program e responsabile dei Global Programs dell\u2019accademia.<\/p>\n","protected":false},"excerpt":{"rendered":"<p>Sar\u00e0 pubblicato con tutta probabilit\u00e0 il 31 ottobre il nuovo bando del Fondo di Regione Toscana, che \u00e8 stato presentato questa mattina al MIA di Roma. L\u2019incontro \u00e8 stata anche l\u2019occasione per parlare dell\u2019eccellenza toscana dell\u2019Accademia Chigiana di Siena, con il suo Film Scoring Intensive Program e con il Progetto Suono e Immagine<\/p>\n","protected":false},"author":26,"featured_media":295800,"comment_status":"closed","ping_status":"closed","sticky":false,"template":"","format":"standard","meta":{"googlesitekit_rrm_CAow3e7fCw:productID":"","_crdt_document":"","footnotes":""},"categories":[1],"tags":[356,245],"class_list":{"0":"post-295797","1":"post","2":"type-post","3":"status-publish","4":"format-standard","5":"has-post-thumbnail","7":"category-senza-categoria","8":"tag-focus","9":"tag-toscana-film-commission"},"yoast_head":"<!-- This site is optimized with the Yoast SEO Premium plugin v27.4 (Yoast SEO v27.5) - https:\/\/yoast.com\/product\/yoast-seo-premium-wordpress\/ -->\n<title>TOSCANA Aspettando il fondo...a ritmo di musica - Cinema &amp; Video International<\/title>\n<meta name=\"description\" content=\"TOSCANA Aspettando il fondo...a ritmo di musica \u2013 toscana aspettando il fondoa ritmo di. Sar\u00e0 pubblicato con tutta probabilit\u00e0 il 31 ottobre il nuovo band\" \/>\n<meta name=\"robots\" content=\"index, follow, max-snippet:-1, max-image-preview:large, max-video-preview:-1\" \/>\n<link rel=\"canonical\" href=\"https:\/\/cinema.video\/it\/uscira-probabilmente-il-31-ottobre-il-nuovo-bando-del-fondo-di-regione-toscana-che-e-stato-presentato-al-mia-di-roma-assieme-alle-attivita-connesse-al-cinema-dellaccademia-chigiana\" \/>\n<meta property=\"og:locale\" content=\"it_IT\" \/>\n<meta property=\"og:type\" content=\"article\" \/>\n<meta property=\"og:title\" content=\"TOSCANA Aspettando il fondo...a ritmo di musica\" \/>\n<meta property=\"og:description\" content=\"TOSCANA Aspettando il fondo...a ritmo di musica \u2013 toscana aspettando il fondoa ritmo di. Sar\u00e0 pubblicato con tutta probabilit\u00e0 il 31 ottobre il nuovo band\" \/>\n<meta property=\"og:url\" content=\"https:\/\/cinema.video\/it\/uscira-probabilmente-il-31-ottobre-il-nuovo-bando-del-fondo-di-regione-toscana-che-e-stato-presentato-al-mia-di-roma-assieme-alle-attivita-connesse-al-cinema-dellaccademia-chigiana\" \/>\n<meta property=\"og:site_name\" content=\"Cinema &amp; Video International\" \/>\n<meta property=\"article:publisher\" content=\"https:\/\/www.facebook.com\/CinemaVideoInternational\/\" \/>\n<meta property=\"article:published_time\" content=\"2023-10-13T16:18:44+00:00\" \/>\n<meta property=\"article:modified_time\" content=\"2026-04-10T02:03:09+00:00\" \/>\n<meta property=\"og:image\" content=\"https:\/\/cinema.video\/wp-content\/uploads\/2023\/10\/20231013_102530-scaled-e1697213623618.jpg\" \/>\n\t<meta property=\"og:image:width\" content=\"800\" \/>\n\t<meta property=\"og:image:height\" content=\"600\" \/>\n\t<meta property=\"og:image:type\" content=\"image\/jpeg\" \/>\n<meta name=\"author\" content=\"Redazione\" \/>\n<meta name=\"twitter:card\" content=\"summary_large_image\" \/>\n<meta name=\"twitter:label1\" content=\"Scritto da\" \/>\n\t<meta name=\"twitter:data1\" content=\"Redazione\" \/>\n\t<meta name=\"twitter:label2\" content=\"Tempo di lettura stimato\" \/>\n\t<meta name=\"twitter:data2\" content=\"3 minuti\" \/>\n<script type=\"application\/ld+json\" class=\"yoast-schema-graph\">{\"@context\":\"https:\\\/\\\/schema.org\",\"@graph\":[{\"@type\":\"Article\",\"@id\":\"https:\\\/\\\/cinema.video\\\/it\\\/uscira-probabilmente-il-31-ottobre-il-nuovo-bando-del-fondo-di-regione-toscana-che-e-stato-presentato-al-mia-di-roma-assieme-alle-attivita-connesse-al-cinema-dellaccademia-chigiana#article\",\"isPartOf\":{\"@id\":\"https:\\\/\\\/cinema.video\\\/it\\\/uscira-probabilmente-il-31-ottobre-il-nuovo-bando-del-fondo-di-regione-toscana-che-e-stato-presentato-al-mia-di-roma-assieme-alle-attivita-connesse-al-cinema-dellaccademia-chigiana\"},\"author\":{\"name\":\"Redazione\",\"@id\":\"https:\\\/\\\/cinema.video\\\/it#\\\/schema\\\/person\\\/aeb01b91d874e8b01e76a1db04c668c6\"},\"headline\":\"TOSCANA Aspettando il fondo&#8230;a ritmo di musica\",\"datePublished\":\"2023-10-13T16:18:44+00:00\",\"dateModified\":\"2026-04-10T02:03:09+00:00\",\"mainEntityOfPage\":{\"@id\":\"https:\\\/\\\/cinema.video\\\/it\\\/uscira-probabilmente-il-31-ottobre-il-nuovo-bando-del-fondo-di-regione-toscana-che-e-stato-presentato-al-mia-di-roma-assieme-alle-attivita-connesse-al-cinema-dellaccademia-chigiana\"},\"wordCount\":317,\"publisher\":{\"@id\":\"https:\\\/\\\/cinema.video\\\/it#organization\"},\"image\":{\"@id\":\"https:\\\/\\\/cinema.video\\\/it\\\/uscira-probabilmente-il-31-ottobre-il-nuovo-bando-del-fondo-di-regione-toscana-che-e-stato-presentato-al-mia-di-roma-assieme-alle-attivita-connesse-al-cinema-dellaccademia-chigiana#primaryimage\"},\"thumbnailUrl\":\"https:\\\/\\\/cinema.video\\\/wp-content\\\/uploads\\\/2023\\\/10\\\/20231013_102530-scaled-e1697213623618.jpg\",\"keywords\":[\"focus\",\"TOSCANA FILM COMMISSION\"],\"inLanguage\":\"it-IT\"},{\"@type\":\"WebPage\",\"@id\":\"https:\\\/\\\/cinema.video\\\/it\\\/uscira-probabilmente-il-31-ottobre-il-nuovo-bando-del-fondo-di-regione-toscana-che-e-stato-presentato-al-mia-di-roma-assieme-alle-attivita-connesse-al-cinema-dellaccademia-chigiana\",\"url\":\"https:\\\/\\\/cinema.video\\\/it\\\/uscira-probabilmente-il-31-ottobre-il-nuovo-bando-del-fondo-di-regione-toscana-che-e-stato-presentato-al-mia-di-roma-assieme-alle-attivita-connesse-al-cinema-dellaccademia-chigiana\",\"name\":\"TOSCANA Aspettando il fondo...a ritmo di musica - Cinema &amp; Video International\",\"isPartOf\":{\"@id\":\"https:\\\/\\\/cinema.video\\\/it#website\"},\"primaryImageOfPage\":{\"@id\":\"https:\\\/\\\/cinema.video\\\/it\\\/uscira-probabilmente-il-31-ottobre-il-nuovo-bando-del-fondo-di-regione-toscana-che-e-stato-presentato-al-mia-di-roma-assieme-alle-attivita-connesse-al-cinema-dellaccademia-chigiana#primaryimage\"},\"image\":{\"@id\":\"https:\\\/\\\/cinema.video\\\/it\\\/uscira-probabilmente-il-31-ottobre-il-nuovo-bando-del-fondo-di-regione-toscana-che-e-stato-presentato-al-mia-di-roma-assieme-alle-attivita-connesse-al-cinema-dellaccademia-chigiana#primaryimage\"},\"thumbnailUrl\":\"https:\\\/\\\/cinema.video\\\/wp-content\\\/uploads\\\/2023\\\/10\\\/20231013_102530-scaled-e1697213623618.jpg\",\"datePublished\":\"2023-10-13T16:18:44+00:00\",\"dateModified\":\"2026-04-10T02:03:09+00:00\",\"description\":\"TOSCANA Aspettando il fondo...a ritmo di musica \u2013 toscana aspettando il fondoa ritmo di. Sar\u00e0 pubblicato con tutta probabilit\u00e0 il 31 ottobre il nuovo band\",\"breadcrumb\":{\"@id\":\"https:\\\/\\\/cinema.video\\\/it\\\/uscira-probabilmente-il-31-ottobre-il-nuovo-bando-del-fondo-di-regione-toscana-che-e-stato-presentato-al-mia-di-roma-assieme-alle-attivita-connesse-al-cinema-dellaccademia-chigiana#breadcrumb\"},\"inLanguage\":\"it-IT\",\"potentialAction\":[{\"@type\":\"ReadAction\",\"target\":[\"https:\\\/\\\/cinema.video\\\/it\\\/uscira-probabilmente-il-31-ottobre-il-nuovo-bando-del-fondo-di-regione-toscana-che-e-stato-presentato-al-mia-di-roma-assieme-alle-attivita-connesse-al-cinema-dellaccademia-chigiana\"]}]},{\"@type\":\"ImageObject\",\"inLanguage\":\"it-IT\",\"@id\":\"https:\\\/\\\/cinema.video\\\/it\\\/uscira-probabilmente-il-31-ottobre-il-nuovo-bando-del-fondo-di-regione-toscana-che-e-stato-presentato-al-mia-di-roma-assieme-alle-attivita-connesse-al-cinema-dellaccademia-chigiana#primaryimage\",\"url\":\"https:\\\/\\\/cinema.video\\\/wp-content\\\/uploads\\\/2023\\\/10\\\/20231013_102530-scaled-e1697213623618.jpg\",\"contentUrl\":\"https:\\\/\\\/cinema.video\\\/wp-content\\\/uploads\\\/2023\\\/10\\\/20231013_102530-scaled-e1697213623618.jpg\",\"width\":800,\"height\":600,\"caption\":\"Uscir\u00e0 probabilmente il 31 ottobre il bando del Fondo di Regione Toscana, presentato al MIA assieme alle attivit\u00e0 dell'Accademia Chigiana\"},{\"@type\":\"BreadcrumbList\",\"@id\":\"https:\\\/\\\/cinema.video\\\/it\\\/uscira-probabilmente-il-31-ottobre-il-nuovo-bando-del-fondo-di-regione-toscana-che-e-stato-presentato-al-mia-di-roma-assieme-alle-attivita-connesse-al-cinema-dellaccademia-chigiana#breadcrumb\",\"itemListElement\":[{\"@type\":\"ListItem\",\"position\":1,\"name\":\"Home\",\"item\":\"https:\\\/\\\/cinema.video\\\/it\\\/home-2\"},{\"@type\":\"ListItem\",\"position\":2,\"name\":\"TOSCANA Aspettando il fondo&#8230;a ritmo di musica\"}]},{\"@type\":\"WebSite\",\"@id\":\"https:\\\/\\\/cinema.video\\\/it#website\",\"url\":\"https:\\\/\\\/cinema.video\\\/it\",\"name\":\"Cinema & Video International\",\"description\":\"Film &amp; Audiovisual Industry Trade Magazine\",\"publisher\":{\"@id\":\"https:\\\/\\\/cinema.video\\\/it#organization\"},\"alternateName\":\"Cinema & Video\",\"potentialAction\":[{\"@type\":\"SearchAction\",\"target\":{\"@type\":\"EntryPoint\",\"urlTemplate\":\"https:\\\/\\\/cinema.video\\\/it?s={search_term_string}\"},\"query-input\":{\"@type\":\"PropertyValueSpecification\",\"valueRequired\":true,\"valueName\":\"search_term_string\"}}],\"inLanguage\":\"it-IT\"},{\"@type\":\"Organization\",\"@id\":\"https:\\\/\\\/cinema.video\\\/it#organization\",\"name\":\"Cinema & Video\",\"url\":\"https:\\\/\\\/cinema.video\\\/it\",\"logo\":{\"@type\":\"ImageObject\",\"inLanguage\":\"it-IT\",\"@id\":\"https:\\\/\\\/cinema.video\\\/it#\\\/schema\\\/logo\\\/image\\\/\",\"url\":\"https:\\\/\\\/cinema.video\\\/wp-content\\\/uploads\\\/2026\\\/04\\\/CinemVideo_LogoBlack.png\",\"contentUrl\":\"https:\\\/\\\/cinema.video\\\/wp-content\\\/uploads\\\/2026\\\/04\\\/CinemVideo_LogoBlack.png\",\"width\":1336,\"height\":224,\"caption\":\"Cinema & Video\"},\"image\":{\"@id\":\"https:\\\/\\\/cinema.video\\\/it#\\\/schema\\\/logo\\\/image\\\/\"},\"sameAs\":[\"https:\\\/\\\/www.facebook.com\\\/CinemaVideoInternational\\\/\",\"https:\\\/\\\/www.instagram.com\\\/cinemaevideointernational\\\/\",\"https:\\\/\\\/it.linkedin.com\\\/company\\\/cinema-video-international\"],\"description\":\"Media Consulting & Marketing Agency\",\"email\":\"hello@darostudio.com\",\"legalName\":\"DARO studio LLC\",\"foundingDate\":\"2021-02-16\",\"numberOfEmployees\":{\"@type\":\"QuantitativeValue\",\"minValue\":\"1\",\"maxValue\":\"10\"}},{\"@type\":\"Person\",\"@id\":\"https:\\\/\\\/cinema.video\\\/it#\\\/schema\\\/person\\\/aeb01b91d874e8b01e76a1db04c668c6\",\"name\":\"Redazione\",\"image\":{\"@type\":\"ImageObject\",\"inLanguage\":\"it-IT\",\"@id\":\"https:\\\/\\\/secure.gravatar.com\\\/avatar\\\/06ad6f92eb14745b75fb592cadf8139d33242d81c9c8b085133c450aaf0b9731?s=96&d=mm&r=g\",\"url\":\"https:\\\/\\\/secure.gravatar.com\\\/avatar\\\/06ad6f92eb14745b75fb592cadf8139d33242d81c9c8b085133c450aaf0b9731?s=96&d=mm&r=g\",\"contentUrl\":\"https:\\\/\\\/secure.gravatar.com\\\/avatar\\\/06ad6f92eb14745b75fb592cadf8139d33242d81c9c8b085133c450aaf0b9731?s=96&d=mm&r=g\",\"caption\":\"Redazione\"},\"url\":\"https:\\\/\\\/cinema.video\\\/it\\\/author\\\/redazione\"}]}<\/script>\n<!-- \/ Yoast SEO Premium plugin. -->","yoast_head_json":{"title":"TOSCANA Aspettando il fondo...a ritmo di musica - Cinema &amp; Video International","description":"TOSCANA Aspettando il fondo...a ritmo di musica \u2013 toscana aspettando il fondoa ritmo di. Sar\u00e0 pubblicato con tutta probabilit\u00e0 il 31 ottobre il nuovo band","robots":{"index":"index","follow":"follow","max-snippet":"max-snippet:-1","max-image-preview":"max-image-preview:large","max-video-preview":"max-video-preview:-1"},"canonical":"https:\/\/cinema.video\/it\/uscira-probabilmente-il-31-ottobre-il-nuovo-bando-del-fondo-di-regione-toscana-che-e-stato-presentato-al-mia-di-roma-assieme-alle-attivita-connesse-al-cinema-dellaccademia-chigiana","og_locale":"it_IT","og_type":"article","og_title":"TOSCANA Aspettando il fondo...a ritmo di musica","og_description":"TOSCANA Aspettando il fondo...a ritmo di musica \u2013 toscana aspettando il fondoa ritmo di. Sar\u00e0 pubblicato con tutta probabilit\u00e0 il 31 ottobre il nuovo band","og_url":"https:\/\/cinema.video\/it\/uscira-probabilmente-il-31-ottobre-il-nuovo-bando-del-fondo-di-regione-toscana-che-e-stato-presentato-al-mia-di-roma-assieme-alle-attivita-connesse-al-cinema-dellaccademia-chigiana","og_site_name":"Cinema &amp; Video International","article_publisher":"https:\/\/www.facebook.com\/CinemaVideoInternational\/","article_published_time":"2023-10-13T16:18:44+00:00","article_modified_time":"2026-04-10T02:03:09+00:00","og_image":[{"width":800,"height":600,"url":"https:\/\/cinema.video\/wp-content\/uploads\/2023\/10\/20231013_102530-scaled-e1697213623618.jpg","type":"image\/jpeg"}],"author":"Redazione","twitter_card":"summary_large_image","twitter_misc":{"Scritto da":"Redazione","Tempo di lettura stimato":"3 minuti"},"schema":{"@context":"https:\/\/schema.org","@graph":[{"@type":"Article","@id":"https:\/\/cinema.video\/it\/uscira-probabilmente-il-31-ottobre-il-nuovo-bando-del-fondo-di-regione-toscana-che-e-stato-presentato-al-mia-di-roma-assieme-alle-attivita-connesse-al-cinema-dellaccademia-chigiana#article","isPartOf":{"@id":"https:\/\/cinema.video\/it\/uscira-probabilmente-il-31-ottobre-il-nuovo-bando-del-fondo-di-regione-toscana-che-e-stato-presentato-al-mia-di-roma-assieme-alle-attivita-connesse-al-cinema-dellaccademia-chigiana"},"author":{"name":"Redazione","@id":"https:\/\/cinema.video\/it#\/schema\/person\/aeb01b91d874e8b01e76a1db04c668c6"},"headline":"TOSCANA Aspettando il fondo&#8230;a ritmo di musica","datePublished":"2023-10-13T16:18:44+00:00","dateModified":"2026-04-10T02:03:09+00:00","mainEntityOfPage":{"@id":"https:\/\/cinema.video\/it\/uscira-probabilmente-il-31-ottobre-il-nuovo-bando-del-fondo-di-regione-toscana-che-e-stato-presentato-al-mia-di-roma-assieme-alle-attivita-connesse-al-cinema-dellaccademia-chigiana"},"wordCount":317,"publisher":{"@id":"https:\/\/cinema.video\/it#organization"},"image":{"@id":"https:\/\/cinema.video\/it\/uscira-probabilmente-il-31-ottobre-il-nuovo-bando-del-fondo-di-regione-toscana-che-e-stato-presentato-al-mia-di-roma-assieme-alle-attivita-connesse-al-cinema-dellaccademia-chigiana#primaryimage"},"thumbnailUrl":"https:\/\/cinema.video\/wp-content\/uploads\/2023\/10\/20231013_102530-scaled-e1697213623618.jpg","keywords":["focus","TOSCANA FILM COMMISSION"],"inLanguage":"it-IT"},{"@type":"WebPage","@id":"https:\/\/cinema.video\/it\/uscira-probabilmente-il-31-ottobre-il-nuovo-bando-del-fondo-di-regione-toscana-che-e-stato-presentato-al-mia-di-roma-assieme-alle-attivita-connesse-al-cinema-dellaccademia-chigiana","url":"https:\/\/cinema.video\/it\/uscira-probabilmente-il-31-ottobre-il-nuovo-bando-del-fondo-di-regione-toscana-che-e-stato-presentato-al-mia-di-roma-assieme-alle-attivita-connesse-al-cinema-dellaccademia-chigiana","name":"TOSCANA Aspettando il fondo...a ritmo di musica - Cinema &amp; Video International","isPartOf":{"@id":"https:\/\/cinema.video\/it#website"},"primaryImageOfPage":{"@id":"https:\/\/cinema.video\/it\/uscira-probabilmente-il-31-ottobre-il-nuovo-bando-del-fondo-di-regione-toscana-che-e-stato-presentato-al-mia-di-roma-assieme-alle-attivita-connesse-al-cinema-dellaccademia-chigiana#primaryimage"},"image":{"@id":"https:\/\/cinema.video\/it\/uscira-probabilmente-il-31-ottobre-il-nuovo-bando-del-fondo-di-regione-toscana-che-e-stato-presentato-al-mia-di-roma-assieme-alle-attivita-connesse-al-cinema-dellaccademia-chigiana#primaryimage"},"thumbnailUrl":"https:\/\/cinema.video\/wp-content\/uploads\/2023\/10\/20231013_102530-scaled-e1697213623618.jpg","datePublished":"2023-10-13T16:18:44+00:00","dateModified":"2026-04-10T02:03:09+00:00","description":"TOSCANA Aspettando il fondo...a ritmo di musica \u2013 toscana aspettando il fondoa ritmo di. Sar\u00e0 pubblicato con tutta probabilit\u00e0 il 31 ottobre il nuovo band","breadcrumb":{"@id":"https:\/\/cinema.video\/it\/uscira-probabilmente-il-31-ottobre-il-nuovo-bando-del-fondo-di-regione-toscana-che-e-stato-presentato-al-mia-di-roma-assieme-alle-attivita-connesse-al-cinema-dellaccademia-chigiana#breadcrumb"},"inLanguage":"it-IT","potentialAction":[{"@type":"ReadAction","target":["https:\/\/cinema.video\/it\/uscira-probabilmente-il-31-ottobre-il-nuovo-bando-del-fondo-di-regione-toscana-che-e-stato-presentato-al-mia-di-roma-assieme-alle-attivita-connesse-al-cinema-dellaccademia-chigiana"]}]},{"@type":"ImageObject","inLanguage":"it-IT","@id":"https:\/\/cinema.video\/it\/uscira-probabilmente-il-31-ottobre-il-nuovo-bando-del-fondo-di-regione-toscana-che-e-stato-presentato-al-mia-di-roma-assieme-alle-attivita-connesse-al-cinema-dellaccademia-chigiana#primaryimage","url":"https:\/\/cinema.video\/wp-content\/uploads\/2023\/10\/20231013_102530-scaled-e1697213623618.jpg","contentUrl":"https:\/\/cinema.video\/wp-content\/uploads\/2023\/10\/20231013_102530-scaled-e1697213623618.jpg","width":800,"height":600,"caption":"Uscir\u00e0 probabilmente il 31 ottobre il bando del Fondo di Regione Toscana, presentato al MIA assieme alle attivit\u00e0 dell'Accademia Chigiana"},{"@type":"BreadcrumbList","@id":"https:\/\/cinema.video\/it\/uscira-probabilmente-il-31-ottobre-il-nuovo-bando-del-fondo-di-regione-toscana-che-e-stato-presentato-al-mia-di-roma-assieme-alle-attivita-connesse-al-cinema-dellaccademia-chigiana#breadcrumb","itemListElement":[{"@type":"ListItem","position":1,"name":"Home","item":"https:\/\/cinema.video\/it\/home-2"},{"@type":"ListItem","position":2,"name":"TOSCANA Aspettando il fondo&#8230;a ritmo di musica"}]},{"@type":"WebSite","@id":"https:\/\/cinema.video\/it#website","url":"https:\/\/cinema.video\/it","name":"Cinema & Video International","description":"Film &amp; Audiovisual Industry Trade Magazine","publisher":{"@id":"https:\/\/cinema.video\/it#organization"},"alternateName":"Cinema & Video","potentialAction":[{"@type":"SearchAction","target":{"@type":"EntryPoint","urlTemplate":"https:\/\/cinema.video\/it?s={search_term_string}"},"query-input":{"@type":"PropertyValueSpecification","valueRequired":true,"valueName":"search_term_string"}}],"inLanguage":"it-IT"},{"@type":"Organization","@id":"https:\/\/cinema.video\/it#organization","name":"Cinema & Video","url":"https:\/\/cinema.video\/it","logo":{"@type":"ImageObject","inLanguage":"it-IT","@id":"https:\/\/cinema.video\/it#\/schema\/logo\/image\/","url":"https:\/\/cinema.video\/wp-content\/uploads\/2026\/04\/CinemVideo_LogoBlack.png","contentUrl":"https:\/\/cinema.video\/wp-content\/uploads\/2026\/04\/CinemVideo_LogoBlack.png","width":1336,"height":224,"caption":"Cinema & Video"},"image":{"@id":"https:\/\/cinema.video\/it#\/schema\/logo\/image\/"},"sameAs":["https:\/\/www.facebook.com\/CinemaVideoInternational\/","https:\/\/www.instagram.com\/cinemaevideointernational\/","https:\/\/it.linkedin.com\/company\/cinema-video-international"],"description":"Media Consulting & Marketing Agency","email":"hello@darostudio.com","legalName":"DARO studio LLC","foundingDate":"2021-02-16","numberOfEmployees":{"@type":"QuantitativeValue","minValue":"1","maxValue":"10"}},{"@type":"Person","@id":"https:\/\/cinema.video\/it#\/schema\/person\/aeb01b91d874e8b01e76a1db04c668c6","name":"Redazione","image":{"@type":"ImageObject","inLanguage":"it-IT","@id":"https:\/\/secure.gravatar.com\/avatar\/06ad6f92eb14745b75fb592cadf8139d33242d81c9c8b085133c450aaf0b9731?s=96&d=mm&r=g","url":"https:\/\/secure.gravatar.com\/avatar\/06ad6f92eb14745b75fb592cadf8139d33242d81c9c8b085133c450aaf0b9731?s=96&d=mm&r=g","contentUrl":"https:\/\/secure.gravatar.com\/avatar\/06ad6f92eb14745b75fb592cadf8139d33242d81c9c8b085133c450aaf0b9731?s=96&d=mm&r=g","caption":"Redazione"},"url":"https:\/\/cinema.video\/it\/author\/redazione"}]}},"jetpack_featured_media_url":"https:\/\/cinema.video\/wp-content\/uploads\/2023\/10\/20231013_102530-scaled-e1697213623618.jpg","jetpack_shortlink":"https:\/\/wp.me\/ph672m-1eWV","_links":{"self":[{"href":"https:\/\/cinema.video\/it\/wp-json\/wp\/v2\/posts\/295797","targetHints":{"allow":["GET"]}}],"collection":[{"href":"https:\/\/cinema.video\/it\/wp-json\/wp\/v2\/posts"}],"about":[{"href":"https:\/\/cinema.video\/it\/wp-json\/wp\/v2\/types\/post"}],"author":[{"embeddable":true,"href":"https:\/\/cinema.video\/it\/wp-json\/wp\/v2\/users\/26"}],"replies":[{"embeddable":true,"href":"https:\/\/cinema.video\/it\/wp-json\/wp\/v2\/comments?post=295797"}],"version-history":[{"count":1,"href":"https:\/\/cinema.video\/it\/wp-json\/wp\/v2\/posts\/295797\/revisions"}],"predecessor-version":[{"id":309155,"href":"https:\/\/cinema.video\/it\/wp-json\/wp\/v2\/posts\/295797\/revisions\/309155"}],"wp:featuredmedia":[{"embeddable":true,"href":"https:\/\/cinema.video\/it\/wp-json\/wp\/v2\/media\/295800"}],"wp:attachment":[{"href":"https:\/\/cinema.video\/it\/wp-json\/wp\/v2\/media?parent=295797"}],"wp:term":[{"taxonomy":"category","embeddable":true,"href":"https:\/\/cinema.video\/it\/wp-json\/wp\/v2\/categories?post=295797"},{"taxonomy":"post_tag","embeddable":true,"href":"https:\/\/cinema.video\/it\/wp-json\/wp\/v2\/tags?post=295797"}],"curies":[{"name":"wp","href":"https:\/\/api.w.org\/{rel}","templated":true}]}}