{"id":295620,"date":"2023-09-27T19:38:21","date_gmt":"2023-09-27T17:38:21","guid":{"rendered":"https:\/\/cinema.video\/?p=295620"},"modified":"2026-04-10T04:02:53","modified_gmt":"2026-04-10T02:02:53","slug":"successo-per-gli-italiani-al-cartoon-forum-di-tolosa","status":"publish","type":"post","link":"https:\/\/cinema.video\/it\/successo-per-gli-italiani-al-cartoon-forum-di-tolosa","title":{"rendered":"Successo per gli Italiani a Tolosa"},"content":{"rendered":"\n<p class=\"wp-block-paragraph\">Storie concepite da una prospettiva femminile e con protagonisti forti personaggi femminili continuano a guadagnare terreno nelle serie tv in animazione, sostenute dal crescente numero di registe o donne a capo dei team creativi e di produzione, come per\u00a0<strong><em>Cassy<\/em><\/strong>\u00a0<strong><em>on the Stars<\/em><\/strong> (<strong>Graphilm Entertainment<\/strong>), uno dei nuovi titoli italiani fra i 76 progetti del 34^ <strong>Cartoon Forum <\/strong>che si \u00e8 tenuto dal 18 al 21 settembre\u00a0a Tolosa, Francia. <br>Protagonista Cassiopea, una piccola aspirante astronauta, come sua madre, ispirata a Samantha Cristoforetti, prima donna italiana negli equipaggi dell&#8217;Agenzia Spaziale Europea e prima donna europea comandante della Stazione spaziale internazionale, la serie \u00e8 nata proprio per colmare il gap nelle materie Stem (Science, Technology, Engineering and Mathematics) fra bambini e bambine. <br>Una proposta da 52 episodi di 11 minuti per la fascia d\u2019et\u00e0 5-7 anni con una forte connotazione edutainment scritta con fisici dell\u2019Universit\u00e0 di Roma.\u00a0<\/p>\n\n\n\n<p class=\"wp-block-paragraph\">Fra gli altri temi pi\u00f9 trattati, le questioni ambientali sono affrontate in diversi progetti, tra cui\u00a0<strong><em>Nip &amp; Lena. Fin Friends<\/em><\/strong>\u00a0(Lynx Multimedia Factory \/ Telegael &#8211; Italia\/Irlanda)\u00a0<strong><em>Moka Mera &amp; Atlas<\/em><\/strong>\u00a0(Anima Vitae, Moilo &amp;<strong> Animoka Studios <\/strong>&#8211; coproduzione tra Finlandia e Italia) e\u00a0<strong><em>Snow Riders<\/em><\/strong>\u00a0(<strong>Showlab di Torino<\/strong>). <\/p>\n\n\n\n<p class=\"wp-block-paragraph\">Il primo dei tre mette in scena un simpatico cavalluccio marino e una timida balenottera bianca che insieme ad altri amici vivono piccole avventure sottomarine per tirar fuori il meglio nascosto non solo dentro alla barriera corallina ma anche in ciascuno dei piccoli spettatori upper preschool, insegnando al contempo il rispetto degli oceani. <br>Un progetto originale creato da <strong>Andrea Pucci<\/strong> &#8211; anche autore della grafica &#8211; e <strong>Antonio Antonelli<\/strong> con la regia di <strong>Enrico Paolantonio<\/strong>.<\/p>\n\n\n\n<figure class=\"wp-block-image size-large\"><img loading=\"lazy\" decoding=\"async\" width=\"1024\" height=\"613\" src=\"https:\/\/cinema.video\/wp-content\/uploads\/2023\/09\/for23-314239-nip__lena_fin_friends-horizontal-a02ecb9688f15332f4db62574169e187-1024x613.jpg\" alt=\"\" class=\"wp-image-295621\" srcset=\"https:\/\/cinema.video\/wp-content\/uploads\/2023\/09\/for23-314239-nip__lena_fin_friends-horizontal-a02ecb9688f15332f4db62574169e187.jpg 1024w, https:\/\/cinema.video\/wp-content\/uploads\/2023\/09\/for23-314239-nip__lena_fin_friends-horizontal-a02ecb9688f15332f4db62574169e187.jpg 300w, https:\/\/cinema.video\/wp-content\/uploads\/2023\/09\/for23-314239-nip__lena_fin_friends-horizontal-a02ecb9688f15332f4db62574169e187.jpg 768w, https:\/\/cinema.video\/wp-content\/uploads\/2023\/09\/for23-314239-nip__lena_fin_friends-horizontal-a02ecb9688f15332f4db62574169e187.jpg 1536w, https:\/\/cinema.video\/wp-content\/uploads\/2023\/09\/for23-314239-nip__lena_fin_friends-horizontal-a02ecb9688f15332f4db62574169e187.jpg 150w, https:\/\/cinema.video\/wp-content\/uploads\/2023\/09\/for23-314239-nip__lena_fin_friends-horizontal-a02ecb9688f15332f4db62574169e187.jpg 696w, https:\/\/cinema.video\/wp-content\/uploads\/2023\/09\/for23-314239-nip__lena_fin_friends-horizontal-a02ecb9688f15332f4db62574169e187.jpg 1068w, https:\/\/cinema.video\/wp-content\/uploads\/2023\/09\/for23-314239-nip__lena_fin_friends-horizontal-a02ecb9688f15332f4db62574169e187.jpg 701w, https:\/\/cinema.video\/wp-content\/uploads\/2023\/09\/for23-314239-nip__lena_fin_friends-horizontal-a02ecb9688f15332f4db62574169e187.jpg 1920w, https:\/\/cinema.video\/wp-content\/uploads\/2023\/09\/for23-314239-nip__lena_fin_friends-horizontal-a02ecb9688f15332f4db62574169e187.jpg 1392w\" sizes=\"auto, (max-width: 696px) 100vw, 696px\" \/><\/figure>\n\n\n\n<p class=\"wp-block-paragraph\"> <em>Nip &amp; Lena. Fin Friends<\/em>\u00a0si \u00e8 posizionato ben al nono posto per numero di presenze in sala fra i progetti in coproduzione fra almeno due paesi, al quinto <em>Moka Mera &amp; Atlas\u00a0<\/em>che insegna l\u2019importanza di commettere errori per imparare, insieme a un piccolo mostro e uno squalotto azzurro, che spesso si godono la risoluzione dei problemi pi\u00f9 della soluzione. <br>Una coproduzione della torinese Animoka specializzata in animazione 3D, per la prima volta con Anima, pluripremiato studio di animazione 3D di personaggi dietro il successo del film <em>Nico \u2013 Una renna per amico<\/em>, del quale \u00e8 in produzione un terzo capitolo pronto per il Natale del prossimo anno, e di serie come <em>Moominvalley.<\/em> <\/p>\n\n\n\n<p class=\"wp-block-paragraph\">E\u2019 invece dedicato ai bambini pi\u00f9 grandi, in vista delle Olimpiadi invernali di Cortina-Milano, <em>Snow Riders<\/em>, che affronta il cambiamento climatico attraverso una storia di fantascienza in 24 episodi da mezz\u2019ora scritta da <strong>Sergio Basso<\/strong> (<em>Giallo a Milano<\/em>) con la regia di <strong>Mario Addis<\/strong> e un\u2019accattivante grafica contemporanea dal gusto lievemente retr\u00f2 del concept artist tedesco <strong>Thomas von Kummant <\/strong>che annovera collaborazioni con gli studi Laika, Pixar, Disney e molti altri. <\/p>\n\n\n\n<figure class=\"wp-block-image size-large\"><img loading=\"lazy\" decoding=\"async\" width=\"1024\" height=\"613\" src=\"https:\/\/cinema.video\/wp-content\/uploads\/2023\/09\/for23-314309-snow_riders-horizontal-fac3e15a0916eab1d89af1f7c66859bd-1024x613.jpg\" alt=\"\" class=\"wp-image-295622\" srcset=\"https:\/\/cinema.video\/wp-content\/uploads\/2023\/09\/for23-314309-snow_riders-horizontal-fac3e15a0916eab1d89af1f7c66859bd.jpg 1024w, https:\/\/cinema.video\/wp-content\/uploads\/2023\/09\/for23-314309-snow_riders-horizontal-fac3e15a0916eab1d89af1f7c66859bd.jpg 300w, https:\/\/cinema.video\/wp-content\/uploads\/2023\/09\/for23-314309-snow_riders-horizontal-fac3e15a0916eab1d89af1f7c66859bd.jpg 768w, https:\/\/cinema.video\/wp-content\/uploads\/2023\/09\/for23-314309-snow_riders-horizontal-fac3e15a0916eab1d89af1f7c66859bd.jpg 1536w, https:\/\/cinema.video\/wp-content\/uploads\/2023\/09\/for23-314309-snow_riders-horizontal-fac3e15a0916eab1d89af1f7c66859bd.jpg 150w, https:\/\/cinema.video\/wp-content\/uploads\/2023\/09\/for23-314309-snow_riders-horizontal-fac3e15a0916eab1d89af1f7c66859bd.jpg 696w, https:\/\/cinema.video\/wp-content\/uploads\/2023\/09\/for23-314309-snow_riders-horizontal-fac3e15a0916eab1d89af1f7c66859bd.jpg 1068w, https:\/\/cinema.video\/wp-content\/uploads\/2023\/09\/for23-314309-snow_riders-horizontal-fac3e15a0916eab1d89af1f7c66859bd.jpg 701w, https:\/\/cinema.video\/wp-content\/uploads\/2023\/09\/for23-314309-snow_riders-horizontal-fac3e15a0916eab1d89af1f7c66859bd.jpg 1920w, https:\/\/cinema.video\/wp-content\/uploads\/2023\/09\/for23-314309-snow_riders-horizontal-fac3e15a0916eab1d89af1f7c66859bd.jpg 1392w\" sizes=\"auto, (max-width: 696px) 100vw, 696px\" \/><\/figure>\n\n\n\n<p class=\"wp-block-paragraph\">Numerosi anche i progetti che trattano di diversit\u00e0 e inclusione, come\u00a0<strong><em>Mortina<\/em><\/strong>\u00a0della toscana <strong>Cartobaleno<\/strong>, basato sui libri di <strong>Barbara Cantini <\/strong>(5 libri in 4 anni, tradotti in 32 lingue e pi\u00f9 di 100mila copie vendute solo in Italia, Mondadori) del quale \u00e8 in partenza anche un musical per tutta la famiglia che toccher\u00e0 i principali teatri italiani. <br>La serie dal sapore Burtoniano con la giovane zombie del titolo \u00e8 trasposta per la tv da <strong>Alessandro Ferrari <\/strong>e <strong>Danny Stack<\/strong>, sceneggiatore e regista irlandese, mentre l\u2019adattamento grafico \u00e8 di <strong>Mattia Francesco Laviosa<\/strong>, per la regia di <strong>Andrea Castellani<\/strong>.\u00a0<\/p>\n\n\n\n<p class=\"wp-block-paragraph\">Una presenza significativa quella italiana quest\u2019anno non tanto per numero di progetti, pi\u00f9 o meno gli stessi degli anni precedenti, ma per la qualit\u00e0 delle proposte, tutte meritevoli di entrare in produzione quanto prima. <br>E in realt\u00e0 \u00e8 gi\u00e0 in produzione<em> Mortina<\/em>, coprodotta da <strong>Rai Kids<\/strong>, l\u2019unico progetto italiano gi\u00e0 con un contratto in tasca siglato con la tv pubblica sostenitrice della produzione nostrana e l\u2019unico italiano che \u00e8 rientrato nella tradizionale classifica generale top 20 stilata a fine evento, sia per numero di presenze totali che di buyer al pitch.\u00a0<\/p>\n\n\n\n<figure class=\"wp-block-image size-large\"><img loading=\"lazy\" decoding=\"async\" width=\"1024\" height=\"613\" src=\"https:\/\/cinema.video\/wp-content\/uploads\/2023\/09\/for23-314419-mortina-horizontal-5727d9f369aceaba315cb13721c5f476-1024x613.jpg\" alt=\"\" class=\"wp-image-295624\" srcset=\"https:\/\/cinema.video\/wp-content\/uploads\/2023\/09\/for23-314419-mortina-horizontal-5727d9f369aceaba315cb13721c5f476.jpg 1024w, https:\/\/cinema.video\/wp-content\/uploads\/2023\/09\/for23-314419-mortina-horizontal-5727d9f369aceaba315cb13721c5f476.jpg 300w, https:\/\/cinema.video\/wp-content\/uploads\/2023\/09\/for23-314419-mortina-horizontal-5727d9f369aceaba315cb13721c5f476.jpg 768w, https:\/\/cinema.video\/wp-content\/uploads\/2023\/09\/for23-314419-mortina-horizontal-5727d9f369aceaba315cb13721c5f476.jpg 1536w, https:\/\/cinema.video\/wp-content\/uploads\/2023\/09\/for23-314419-mortina-horizontal-5727d9f369aceaba315cb13721c5f476.jpg 150w, https:\/\/cinema.video\/wp-content\/uploads\/2023\/09\/for23-314419-mortina-horizontal-5727d9f369aceaba315cb13721c5f476.jpg 696w, https:\/\/cinema.video\/wp-content\/uploads\/2023\/09\/for23-314419-mortina-horizontal-5727d9f369aceaba315cb13721c5f476.jpg 1068w, https:\/\/cinema.video\/wp-content\/uploads\/2023\/09\/for23-314419-mortina-horizontal-5727d9f369aceaba315cb13721c5f476.jpg 701w, https:\/\/cinema.video\/wp-content\/uploads\/2023\/09\/for23-314419-mortina-horizontal-5727d9f369aceaba315cb13721c5f476.jpg 1920w, https:\/\/cinema.video\/wp-content\/uploads\/2023\/09\/for23-314419-mortina-horizontal-5727d9f369aceaba315cb13721c5f476.jpg 1392w\" sizes=\"auto, (max-width: 696px) 100vw, 696px\" \/><\/figure>\n\n\n\n<p class=\"wp-block-paragraph\">A Tolosa un totale complessivo di 473 ore di nuovi contenuti e un budget di 393,5 milioni di euro, destinate a riempire i palinsesti delle prossime stagioni tv. <br>Quest&#8217;anno 270 buyer, fra i quali broadcaster, distributori, investitori, streamer, editori di libri e rappresentanti di games hanno partecipato alle sessioni organizzate da <strong>CARTOON<\/strong>, l\u2019Associazione Europea del Cinema d&#8217;Animazione di Bruxelles con il sostegno di Europa Creativa &#8211; Programma MEDIA dell&#8217;Unione Europea, del CNC francese, della R\u00e9gion Occitanie, di France T\u00e9l\u00e9visions e altri partner locali. <\/p>\n\n\n\n<p class=\"wp-block-paragraph\">1051 i partecipanti da 37 paesi e 505 societ\u00e0 che verosimilmente torneranno a Tolosa anche il prossimo anno, dal 16 al 19 settembre, per la 35^ edizione.<\/p>\n","protected":false},"excerpt":{"rendered":"<p>Storie concepite da una prospettiva femminile e con protagonisti forti personaggi femminili continuano a guadagnare terreno nelle serie tv in animazione, sostenute dal crescente numero di registe o donne a capo dei team creativi e di produzione<\/p>\n","protected":false},"author":14,"featured_media":295623,"comment_status":"closed","ping_status":"closed","sticky":false,"template":"","format":"standard","meta":{"googlesitekit_rrm_CAow3e7fCw:productID":"","_crdt_document":"","footnotes":""},"categories":[1],"tags":[],"class_list":{"0":"post-295620","1":"post","2":"type-post","3":"status-publish","4":"format-standard","5":"has-post-thumbnail","7":"category-senza-categoria"},"yoast_head":"<!-- This site is optimized with the Yoast SEO Premium plugin v27.4 (Yoast SEO v27.5) - https:\/\/yoast.com\/product\/yoast-seo-premium-wordpress\/ -->\n<title>Successo per gli Italiani a Tolosa - Cinema &amp; Video International<\/title>\n<meta name=\"description\" content=\"Successo per gli Italiani a Tolosa \u2013 successo per gli italiani a tolosa. Storie concepite da una prospettiva femminile e con protagonisti forti personaggi\" \/>\n<meta name=\"robots\" content=\"index, follow, max-snippet:-1, max-image-preview:large, max-video-preview:-1\" \/>\n<link rel=\"canonical\" href=\"https:\/\/cinema.video\/it\/successo-per-gli-italiani-al-cartoon-forum-di-tolosa\" \/>\n<meta property=\"og:locale\" content=\"it_IT\" \/>\n<meta property=\"og:type\" content=\"article\" \/>\n<meta property=\"og:title\" content=\"Successo per gli Italiani a Tolosa\" \/>\n<meta property=\"og:description\" content=\"Successo per gli Italiani a Tolosa \u2013 successo per gli italiani a tolosa. Storie concepite da una prospettiva femminile e con protagonisti forti personaggi\" \/>\n<meta property=\"og:url\" content=\"https:\/\/cinema.video\/it\/successo-per-gli-italiani-al-cartoon-forum-di-tolosa\" \/>\n<meta property=\"og:site_name\" content=\"Cinema &amp; Video International\" \/>\n<meta property=\"article:publisher\" content=\"https:\/\/www.facebook.com\/CinemaVideoInternational\/\" \/>\n<meta property=\"article:published_time\" content=\"2023-09-27T17:38:21+00:00\" \/>\n<meta property=\"article:modified_time\" content=\"2026-04-10T02:02:53+00:00\" \/>\n<meta property=\"og:image\" content=\"https:\/\/cinema.video\/wp-content\/uploads\/2023\/09\/for23-314329-cassy_on_the_stars-horizontal-c457667852d3f77524f119a3d96ad2db-e1695835999384.jpg\" \/>\n\t<meta property=\"og:image:width\" content=\"800\" \/>\n\t<meta property=\"og:image:height\" content=\"479\" \/>\n\t<meta property=\"og:image:type\" content=\"image\/jpeg\" \/>\n<meta name=\"author\" content=\"Monica Tasciotti\" \/>\n<meta name=\"twitter:card\" content=\"summary_large_image\" \/>\n<meta name=\"twitter:label1\" content=\"Scritto da\" \/>\n\t<meta name=\"twitter:data1\" content=\"Monica Tasciotti\" \/>\n\t<meta name=\"twitter:label2\" content=\"Tempo di lettura stimato\" \/>\n\t<meta name=\"twitter:data2\" content=\"5 minuti\" \/>\n<script type=\"application\/ld+json\" class=\"yoast-schema-graph\">{\"@context\":\"https:\\\/\\\/schema.org\",\"@graph\":[{\"@type\":\"Article\",\"@id\":\"https:\\\/\\\/cinema.video\\\/it\\\/successo-per-gli-italiani-al-cartoon-forum-di-tolosa#article\",\"isPartOf\":{\"@id\":\"https:\\\/\\\/cinema.video\\\/it\\\/successo-per-gli-italiani-al-cartoon-forum-di-tolosa\"},\"author\":{\"name\":\"Monica Tasciotti\",\"@id\":\"https:\\\/\\\/cinema.video\\\/it#\\\/schema\\\/person\\\/1ee8b2699ef9820dce5f2d4deb57c0be\"},\"headline\":\"Successo per gli Italiani a Tolosa\",\"datePublished\":\"2023-09-27T17:38:21+00:00\",\"dateModified\":\"2026-04-10T02:02:53+00:00\",\"mainEntityOfPage\":{\"@id\":\"https:\\\/\\\/cinema.video\\\/it\\\/successo-per-gli-italiani-al-cartoon-forum-di-tolosa\"},\"wordCount\":748,\"publisher\":{\"@id\":\"https:\\\/\\\/cinema.video\\\/it#organization\"},\"image\":{\"@id\":\"https:\\\/\\\/cinema.video\\\/it\\\/successo-per-gli-italiani-al-cartoon-forum-di-tolosa#primaryimage\"},\"thumbnailUrl\":\"https:\\\/\\\/cinema.video\\\/wp-content\\\/uploads\\\/2023\\\/09\\\/for23-314329-cassy_on_the_stars-horizontal-c457667852d3f77524f119a3d96ad2db-e1695835999384.jpg\",\"inLanguage\":\"it-IT\"},{\"@type\":\"WebPage\",\"@id\":\"https:\\\/\\\/cinema.video\\\/it\\\/successo-per-gli-italiani-al-cartoon-forum-di-tolosa\",\"url\":\"https:\\\/\\\/cinema.video\\\/it\\\/successo-per-gli-italiani-al-cartoon-forum-di-tolosa\",\"name\":\"Successo per gli Italiani a Tolosa - Cinema &amp; Video International\",\"isPartOf\":{\"@id\":\"https:\\\/\\\/cinema.video\\\/it#website\"},\"primaryImageOfPage\":{\"@id\":\"https:\\\/\\\/cinema.video\\\/it\\\/successo-per-gli-italiani-al-cartoon-forum-di-tolosa#primaryimage\"},\"image\":{\"@id\":\"https:\\\/\\\/cinema.video\\\/it\\\/successo-per-gli-italiani-al-cartoon-forum-di-tolosa#primaryimage\"},\"thumbnailUrl\":\"https:\\\/\\\/cinema.video\\\/wp-content\\\/uploads\\\/2023\\\/09\\\/for23-314329-cassy_on_the_stars-horizontal-c457667852d3f77524f119a3d96ad2db-e1695835999384.jpg\",\"datePublished\":\"2023-09-27T17:38:21+00:00\",\"dateModified\":\"2026-04-10T02:02:53+00:00\",\"description\":\"Successo per gli Italiani a Tolosa \u2013 successo per gli italiani a tolosa. Storie concepite da una prospettiva femminile e con protagonisti forti personaggi\",\"breadcrumb\":{\"@id\":\"https:\\\/\\\/cinema.video\\\/it\\\/successo-per-gli-italiani-al-cartoon-forum-di-tolosa#breadcrumb\"},\"inLanguage\":\"it-IT\",\"potentialAction\":[{\"@type\":\"ReadAction\",\"target\":[\"https:\\\/\\\/cinema.video\\\/it\\\/successo-per-gli-italiani-al-cartoon-forum-di-tolosa\"]}]},{\"@type\":\"ImageObject\",\"inLanguage\":\"it-IT\",\"@id\":\"https:\\\/\\\/cinema.video\\\/it\\\/successo-per-gli-italiani-al-cartoon-forum-di-tolosa#primaryimage\",\"url\":\"https:\\\/\\\/cinema.video\\\/wp-content\\\/uploads\\\/2023\\\/09\\\/for23-314329-cassy_on_the_stars-horizontal-c457667852d3f77524f119a3d96ad2db-e1695835999384.jpg\",\"contentUrl\":\"https:\\\/\\\/cinema.video\\\/wp-content\\\/uploads\\\/2023\\\/09\\\/for23-314329-cassy_on_the_stars-horizontal-c457667852d3f77524f119a3d96ad2db-e1695835999384.jpg\",\"width\":800,\"height\":479,\"caption\":\"Successo per gli Italiani al Cartoon Forum, che si \u00e8 tenuto dal 18 al 21 settembre\u00a0a Tolosa: molte le storie al femminile e dirette da donne\"},{\"@type\":\"BreadcrumbList\",\"@id\":\"https:\\\/\\\/cinema.video\\\/it\\\/successo-per-gli-italiani-al-cartoon-forum-di-tolosa#breadcrumb\",\"itemListElement\":[{\"@type\":\"ListItem\",\"position\":1,\"name\":\"Home\",\"item\":\"https:\\\/\\\/cinema.video\\\/it\\\/home-2\"},{\"@type\":\"ListItem\",\"position\":2,\"name\":\"Successo per gli Italiani a Tolosa\"}]},{\"@type\":\"WebSite\",\"@id\":\"https:\\\/\\\/cinema.video\\\/it#website\",\"url\":\"https:\\\/\\\/cinema.video\\\/it\",\"name\":\"Cinema & Video International\",\"description\":\"Film &amp; Audiovisual Industry Trade Magazine\",\"publisher\":{\"@id\":\"https:\\\/\\\/cinema.video\\\/it#organization\"},\"alternateName\":\"Cinema & Video\",\"potentialAction\":[{\"@type\":\"SearchAction\",\"target\":{\"@type\":\"EntryPoint\",\"urlTemplate\":\"https:\\\/\\\/cinema.video\\\/it?s={search_term_string}\"},\"query-input\":{\"@type\":\"PropertyValueSpecification\",\"valueRequired\":true,\"valueName\":\"search_term_string\"}}],\"inLanguage\":\"it-IT\"},{\"@type\":\"Organization\",\"@id\":\"https:\\\/\\\/cinema.video\\\/it#organization\",\"name\":\"Cinema & Video\",\"url\":\"https:\\\/\\\/cinema.video\\\/it\",\"logo\":{\"@type\":\"ImageObject\",\"inLanguage\":\"it-IT\",\"@id\":\"https:\\\/\\\/cinema.video\\\/it#\\\/schema\\\/logo\\\/image\\\/\",\"url\":\"https:\\\/\\\/cinema.video\\\/wp-content\\\/uploads\\\/2026\\\/04\\\/CinemVideo_LogoBlack.png\",\"contentUrl\":\"https:\\\/\\\/cinema.video\\\/wp-content\\\/uploads\\\/2026\\\/04\\\/CinemVideo_LogoBlack.png\",\"width\":1336,\"height\":224,\"caption\":\"Cinema & Video\"},\"image\":{\"@id\":\"https:\\\/\\\/cinema.video\\\/it#\\\/schema\\\/logo\\\/image\\\/\"},\"sameAs\":[\"https:\\\/\\\/www.facebook.com\\\/CinemaVideoInternational\\\/\",\"https:\\\/\\\/www.instagram.com\\\/cinemaevideointernational\\\/\",\"https:\\\/\\\/it.linkedin.com\\\/company\\\/cinema-video-international\"],\"description\":\"Media Consulting & Marketing Agency\",\"email\":\"hello@darostudio.com\",\"legalName\":\"DARO studio LLC\",\"foundingDate\":\"2021-02-16\",\"numberOfEmployees\":{\"@type\":\"QuantitativeValue\",\"minValue\":\"1\",\"maxValue\":\"10\"}},{\"@type\":\"Person\",\"@id\":\"https:\\\/\\\/cinema.video\\\/it#\\\/schema\\\/person\\\/1ee8b2699ef9820dce5f2d4deb57c0be\",\"name\":\"Monica Tasciotti\",\"image\":{\"@type\":\"ImageObject\",\"inLanguage\":\"it-IT\",\"@id\":\"https:\\\/\\\/secure.gravatar.com\\\/avatar\\\/b6c16aab817044746bca86a66f5c3d236a2ce9151db90e36a71509f650f31bf9?s=96&d=mm&r=g\",\"url\":\"https:\\\/\\\/secure.gravatar.com\\\/avatar\\\/b6c16aab817044746bca86a66f5c3d236a2ce9151db90e36a71509f650f31bf9?s=96&d=mm&r=g\",\"contentUrl\":\"https:\\\/\\\/secure.gravatar.com\\\/avatar\\\/b6c16aab817044746bca86a66f5c3d236a2ce9151db90e36a71509f650f31bf9?s=96&d=mm&r=g\",\"caption\":\"Monica Tasciotti\"},\"url\":\"https:\\\/\\\/cinema.video\\\/it\\\/author\\\/monica-tasciotti\"}]}<\/script>\n<!-- \/ Yoast SEO Premium plugin. -->","yoast_head_json":{"title":"Successo per gli Italiani a Tolosa - Cinema &amp; Video International","description":"Successo per gli Italiani a Tolosa \u2013 successo per gli italiani a tolosa. Storie concepite da una prospettiva femminile e con protagonisti forti personaggi","robots":{"index":"index","follow":"follow","max-snippet":"max-snippet:-1","max-image-preview":"max-image-preview:large","max-video-preview":"max-video-preview:-1"},"canonical":"https:\/\/cinema.video\/it\/successo-per-gli-italiani-al-cartoon-forum-di-tolosa","og_locale":"it_IT","og_type":"article","og_title":"Successo per gli Italiani a Tolosa","og_description":"Successo per gli Italiani a Tolosa \u2013 successo per gli italiani a tolosa. Storie concepite da una prospettiva femminile e con protagonisti forti personaggi","og_url":"https:\/\/cinema.video\/it\/successo-per-gli-italiani-al-cartoon-forum-di-tolosa","og_site_name":"Cinema &amp; Video International","article_publisher":"https:\/\/www.facebook.com\/CinemaVideoInternational\/","article_published_time":"2023-09-27T17:38:21+00:00","article_modified_time":"2026-04-10T02:02:53+00:00","og_image":[{"width":800,"height":479,"url":"https:\/\/cinema.video\/wp-content\/uploads\/2023\/09\/for23-314329-cassy_on_the_stars-horizontal-c457667852d3f77524f119a3d96ad2db-e1695835999384.jpg","type":"image\/jpeg"}],"author":"Monica Tasciotti","twitter_card":"summary_large_image","twitter_misc":{"Scritto da":"Monica Tasciotti","Tempo di lettura stimato":"5 minuti"},"schema":{"@context":"https:\/\/schema.org","@graph":[{"@type":"Article","@id":"https:\/\/cinema.video\/it\/successo-per-gli-italiani-al-cartoon-forum-di-tolosa#article","isPartOf":{"@id":"https:\/\/cinema.video\/it\/successo-per-gli-italiani-al-cartoon-forum-di-tolosa"},"author":{"name":"Monica Tasciotti","@id":"https:\/\/cinema.video\/it#\/schema\/person\/1ee8b2699ef9820dce5f2d4deb57c0be"},"headline":"Successo per gli Italiani a Tolosa","datePublished":"2023-09-27T17:38:21+00:00","dateModified":"2026-04-10T02:02:53+00:00","mainEntityOfPage":{"@id":"https:\/\/cinema.video\/it\/successo-per-gli-italiani-al-cartoon-forum-di-tolosa"},"wordCount":748,"publisher":{"@id":"https:\/\/cinema.video\/it#organization"},"image":{"@id":"https:\/\/cinema.video\/it\/successo-per-gli-italiani-al-cartoon-forum-di-tolosa#primaryimage"},"thumbnailUrl":"https:\/\/cinema.video\/wp-content\/uploads\/2023\/09\/for23-314329-cassy_on_the_stars-horizontal-c457667852d3f77524f119a3d96ad2db-e1695835999384.jpg","inLanguage":"it-IT"},{"@type":"WebPage","@id":"https:\/\/cinema.video\/it\/successo-per-gli-italiani-al-cartoon-forum-di-tolosa","url":"https:\/\/cinema.video\/it\/successo-per-gli-italiani-al-cartoon-forum-di-tolosa","name":"Successo per gli Italiani a Tolosa - Cinema &amp; Video International","isPartOf":{"@id":"https:\/\/cinema.video\/it#website"},"primaryImageOfPage":{"@id":"https:\/\/cinema.video\/it\/successo-per-gli-italiani-al-cartoon-forum-di-tolosa#primaryimage"},"image":{"@id":"https:\/\/cinema.video\/it\/successo-per-gli-italiani-al-cartoon-forum-di-tolosa#primaryimage"},"thumbnailUrl":"https:\/\/cinema.video\/wp-content\/uploads\/2023\/09\/for23-314329-cassy_on_the_stars-horizontal-c457667852d3f77524f119a3d96ad2db-e1695835999384.jpg","datePublished":"2023-09-27T17:38:21+00:00","dateModified":"2026-04-10T02:02:53+00:00","description":"Successo per gli Italiani a Tolosa \u2013 successo per gli italiani a tolosa. Storie concepite da una prospettiva femminile e con protagonisti forti personaggi","breadcrumb":{"@id":"https:\/\/cinema.video\/it\/successo-per-gli-italiani-al-cartoon-forum-di-tolosa#breadcrumb"},"inLanguage":"it-IT","potentialAction":[{"@type":"ReadAction","target":["https:\/\/cinema.video\/it\/successo-per-gli-italiani-al-cartoon-forum-di-tolosa"]}]},{"@type":"ImageObject","inLanguage":"it-IT","@id":"https:\/\/cinema.video\/it\/successo-per-gli-italiani-al-cartoon-forum-di-tolosa#primaryimage","url":"https:\/\/cinema.video\/wp-content\/uploads\/2023\/09\/for23-314329-cassy_on_the_stars-horizontal-c457667852d3f77524f119a3d96ad2db-e1695835999384.jpg","contentUrl":"https:\/\/cinema.video\/wp-content\/uploads\/2023\/09\/for23-314329-cassy_on_the_stars-horizontal-c457667852d3f77524f119a3d96ad2db-e1695835999384.jpg","width":800,"height":479,"caption":"Successo per gli Italiani al Cartoon Forum, che si \u00e8 tenuto dal 18 al 21 settembre\u00a0a Tolosa: molte le storie al femminile e dirette da donne"},{"@type":"BreadcrumbList","@id":"https:\/\/cinema.video\/it\/successo-per-gli-italiani-al-cartoon-forum-di-tolosa#breadcrumb","itemListElement":[{"@type":"ListItem","position":1,"name":"Home","item":"https:\/\/cinema.video\/it\/home-2"},{"@type":"ListItem","position":2,"name":"Successo per gli Italiani a Tolosa"}]},{"@type":"WebSite","@id":"https:\/\/cinema.video\/it#website","url":"https:\/\/cinema.video\/it","name":"Cinema & Video International","description":"Film &amp; Audiovisual Industry Trade Magazine","publisher":{"@id":"https:\/\/cinema.video\/it#organization"},"alternateName":"Cinema & Video","potentialAction":[{"@type":"SearchAction","target":{"@type":"EntryPoint","urlTemplate":"https:\/\/cinema.video\/it?s={search_term_string}"},"query-input":{"@type":"PropertyValueSpecification","valueRequired":true,"valueName":"search_term_string"}}],"inLanguage":"it-IT"},{"@type":"Organization","@id":"https:\/\/cinema.video\/it#organization","name":"Cinema & Video","url":"https:\/\/cinema.video\/it","logo":{"@type":"ImageObject","inLanguage":"it-IT","@id":"https:\/\/cinema.video\/it#\/schema\/logo\/image\/","url":"https:\/\/cinema.video\/wp-content\/uploads\/2026\/04\/CinemVideo_LogoBlack.png","contentUrl":"https:\/\/cinema.video\/wp-content\/uploads\/2026\/04\/CinemVideo_LogoBlack.png","width":1336,"height":224,"caption":"Cinema & Video"},"image":{"@id":"https:\/\/cinema.video\/it#\/schema\/logo\/image\/"},"sameAs":["https:\/\/www.facebook.com\/CinemaVideoInternational\/","https:\/\/www.instagram.com\/cinemaevideointernational\/","https:\/\/it.linkedin.com\/company\/cinema-video-international"],"description":"Media Consulting & Marketing Agency","email":"hello@darostudio.com","legalName":"DARO studio LLC","foundingDate":"2021-02-16","numberOfEmployees":{"@type":"QuantitativeValue","minValue":"1","maxValue":"10"}},{"@type":"Person","@id":"https:\/\/cinema.video\/it#\/schema\/person\/1ee8b2699ef9820dce5f2d4deb57c0be","name":"Monica Tasciotti","image":{"@type":"ImageObject","inLanguage":"it-IT","@id":"https:\/\/secure.gravatar.com\/avatar\/b6c16aab817044746bca86a66f5c3d236a2ce9151db90e36a71509f650f31bf9?s=96&d=mm&r=g","url":"https:\/\/secure.gravatar.com\/avatar\/b6c16aab817044746bca86a66f5c3d236a2ce9151db90e36a71509f650f31bf9?s=96&d=mm&r=g","contentUrl":"https:\/\/secure.gravatar.com\/avatar\/b6c16aab817044746bca86a66f5c3d236a2ce9151db90e36a71509f650f31bf9?s=96&d=mm&r=g","caption":"Monica Tasciotti"},"url":"https:\/\/cinema.video\/it\/author\/monica-tasciotti"}]}},"jetpack_featured_media_url":"https:\/\/cinema.video\/wp-content\/uploads\/2023\/09\/for23-314329-cassy_on_the_stars-horizontal-c457667852d3f77524f119a3d96ad2db-e1695835999384.jpg","jetpack_shortlink":"https:\/\/wp.me\/ph672m-1eU4","_links":{"self":[{"href":"https:\/\/cinema.video\/it\/wp-json\/wp\/v2\/posts\/295620","targetHints":{"allow":["GET"]}}],"collection":[{"href":"https:\/\/cinema.video\/it\/wp-json\/wp\/v2\/posts"}],"about":[{"href":"https:\/\/cinema.video\/it\/wp-json\/wp\/v2\/types\/post"}],"author":[{"embeddable":true,"href":"https:\/\/cinema.video\/it\/wp-json\/wp\/v2\/users\/14"}],"replies":[{"embeddable":true,"href":"https:\/\/cinema.video\/it\/wp-json\/wp\/v2\/comments?post=295620"}],"version-history":[{"count":1,"href":"https:\/\/cinema.video\/it\/wp-json\/wp\/v2\/posts\/295620\/revisions"}],"predecessor-version":[{"id":309128,"href":"https:\/\/cinema.video\/it\/wp-json\/wp\/v2\/posts\/295620\/revisions\/309128"}],"wp:featuredmedia":[{"embeddable":true,"href":"https:\/\/cinema.video\/it\/wp-json\/wp\/v2\/media\/295623"}],"wp:attachment":[{"href":"https:\/\/cinema.video\/it\/wp-json\/wp\/v2\/media?parent=295620"}],"wp:term":[{"taxonomy":"category","embeddable":true,"href":"https:\/\/cinema.video\/it\/wp-json\/wp\/v2\/categories?post=295620"},{"taxonomy":"post_tag","embeddable":true,"href":"https:\/\/cinema.video\/it\/wp-json\/wp\/v2\/tags?post=295620"}],"curies":[{"name":"wp","href":"https:\/\/api.w.org\/{rel}","templated":true}]}}