{"id":295578,"date":"2023-09-22T17:00:41","date_gmt":"2023-09-22T15:00:41","guid":{"rendered":"https:\/\/cinema.video\/?p=295578"},"modified":"2026-04-10T04:02:51","modified_gmt":"2026-04-10T02:02:51","slug":"cortellesi-bui-riondino-mezzogiorno-smutniak-boom-di-esordi-alla-regia-alla-festa-del-cinema-di-roma-che-terra-la-sua-18-edizione-dal-18-al-29-ottobre","status":"publish","type":"post","link":"https:\/\/cinema.video\/it\/cortellesi-bui-riondino-mezzogiorno-smutniak-boom-di-esordi-alla-regia-alla-festa-del-cinema-di-roma-che-terra-la-sua-18-edizione-dal-18-al-29-ottobre","title":{"rendered":"Cortellesi Bui Riondino Mezzogiorno Smutniak boom di esordi alla regia"},"content":{"rendered":"\n<p class=\"wp-block-paragraph\">Si svolger\u00e0 dal <strong>18 al 29 ottobre<\/strong> la diciottesima edizione della <strong>Festa del Cinema di Roma<\/strong>, diretta <strong>Paola Malanga<\/strong>, fra l\u2019Auditorium Parco della Musica Ennio Morricone e numerosi altri luoghi e realt\u00e0 culturali della Capitale.<\/p>\n\n\n\n<p class=\"wp-block-paragraph\">Sono 18 i film&nbsp; del Concorso internazionale, lanciato l\u2019anno scorso con il&nbsp; titolo <em>Progressive Cinema \u2013 Visioni per il mondo di domani, <\/em>di cui sei opere prime, fra cui il film di apertura, <strong><em>C\u2019\u00e8 ancora domani<\/em><\/strong>, esordio alla regia di <strong>Paola Cortellesi <\/strong>una storia in bianco e nero ambientata nella Roma popolare della seconda met\u00e0 degli anni \u201940, di cui \u00e8 protagonista con Valerio Mastandrea, Emanuela Fanelli, Giorgio Colangeli.&nbsp;<\/p>\n\n\n\n<p class=\"wp-block-paragraph\">Altro attore prestato alla regia in Concorso \u00e8 <strong>Edoardo Gabriellini<\/strong>, con il suo terzo lavoro, il noir\u00a0 che ritrae a generazione Z <strong><em>Holiday,<\/em><\/strong> prodotto da <strong>Luca Guadagnino<\/strong>. Per l\u2019Italia c\u2019\u00e8 poi <strong><em>Mi fanno male i capelli,<\/em><\/strong> l\u2019omaggio di Roberta Torre a Monica Vitti con Alba Rohrwacher e Filippo Timi. \u00c9 un po\u2019 italiano anche <strong><em>La Morte \u00e8 un problema dei vivi<\/em><\/strong>, buddy movie di Teemu Nikki (vincitore di Orizzonti Extra a Venezia 2021 con <em>Il cieco che non voleva vedere Titanic<\/em>.<\/p>\n\n\n\n<p class=\"wp-block-paragraph\">Fra i volti noti, troviamo <strong><em>Un Silence <\/em><\/strong>di <strong>Joachim Lafosse<\/strong>; <strong><em>Un Amor<\/em><\/strong><em> di <\/em><strong>Isabel Coixet<\/strong><\/p>\n\n\n\n<p class=\"wp-block-paragraph\">Dalla Spagna arriva anche la nuova animazione di <strong>Fernando Trueba<\/strong>, <strong><em>Dispararon al Pianista<\/em><\/strong><em>, <\/em>documentariosulla scomparsa di Francisco Ten\u00f3rio J\u00fanior, celebre pianista di samba jazz, che spar\u00ec durante una tourn\u00e9e in Argentina nel 1976. \u00c9 in. Free Style, sezione non competitiva composta da titoli di formato e stile liberi&nbsp;<\/p>\n\n\n\n<p class=\"wp-block-paragraph\">Per l\u2019Italia ci sono <strong><em>Accattaroma <\/em><\/strong>di <strong>Daniele Costantini<\/strong>, percorso romano nel nome di Pier Paolo Pasolini; <strong><em>Gli Immortali <\/em><\/strong>di <strong>Anne-Riitta Ciccone<\/strong>, \u00c0 la Recerche di Giulio Base; <strong>S<em>egnali di Vita<\/em><\/strong> di <strong>Leonardo Picarella<\/strong>, girato a Lignan, villaggio di poche anime nella Valle di Saint-Barthelemy in Valle d&#8217;Aosta, l\u2019OAVDA \u2013 l\u2019Osservatorio Astronomico della regione, e realizzato con il sostegno di <strong>Film Commission Vall\u00e9e d\u2019Aoste<\/strong>; <strong><em>Troppo Azzurro<\/em><\/strong>, opera prima di <strong>Filippo Barbagallo<\/strong>; <strong><em>Wanted <\/em><\/strong>di <strong>Fabrizio Ferraro<\/strong>; <strong><em>Fela, il mio Dio vivente<\/em><\/strong>, in cui <strong>Daniele Vicari<\/strong> elabora i materiali sul musicista nigeriano Fela Kuti (1938-1997) girati da Michele Avantario, il pionieristico videomaker morto nel 2003, che avrebbe voluto girare un film su di lui.&nbsp;<\/p>\n\n\n\n<p class=\"wp-block-paragraph\">Molti i personaggi ritratti in questa sezione: dal geniale regista di <em>Se mi lasci ti cancello<\/em> e B<em>e Kind Rewind (<\/em><strong><em>A letto con Gondry <\/em><\/strong>di <strong>Fran\u00e7ois Nemeta<\/strong>), a <strong><em>Jeff Koons. Un ritratto privato<\/em><\/strong> di <strong>Pappi Corsicato<\/strong>. E ancora <strong><em>Nino Migliori. La festa che rovescia il mondo per gioco<\/em><\/strong> di <strong>Elisabetta Sgarbi<\/strong>; <strong><em>La Pitturessa<\/em><\/strong>, in cui <strong>Fabiana Sargentini<\/strong> ritrae la madre, Anna Paparatti, protagonista delle avanguardie artistiche romane degli anni \u201960 e \u201970, il road doc movie che attraversa l\u2019opera di Pier Vittorio Tondelli (<strong><em>La Solitudine \u00e8 questa<\/em><\/strong> di Andrea Adriatico); <strong><em>Obsessed with Light <\/em><\/strong>di Sabine Krayenb\u00fchl, su Lo\u00efe Fuller, nome d\u2019arte di Marie Louise Fuller: l\u2019attrice e danzatrice americana formatasi nel burlesque, nei circhi e negli spettacoli di variet\u00e0 che, negli anni \u201990 dell\u2019800, scritturata dalle Folies Berg\u00e8re di Parigi, ne divenne una star.&nbsp;<\/p>\n\n\n\n<figure class=\"wp-block-gallery has-nested-images columns-default is-cropped wp-block-gallery-1 is-layout-flex wp-block-gallery-is-layout-flex\">\n<figure class=\"wp-block-image size-large\"><img loading=\"lazy\" decoding=\"async\" width=\"1024\" height=\"681\" data-id=\"295585\" src=\"https:\/\/cinema.video\/wp-content\/uploads\/2023\/09\/subeterna_1-1024x681.jpg\" alt=\"\" class=\"wp-image-295585\" srcset=\"https:\/\/cinema.video\/wp-content\/uploads\/2023\/09\/subeterna_1-scaled.jpg 1024w, https:\/\/cinema.video\/wp-content\/uploads\/2023\/09\/subeterna_1-scaled.jpg 300w, https:\/\/cinema.video\/wp-content\/uploads\/2023\/09\/subeterna_1-scaled.jpg 768w, https:\/\/cinema.video\/wp-content\/uploads\/2023\/09\/subeterna_1-scaled.jpg 1536w, https:\/\/cinema.video\/wp-content\/uploads\/2023\/09\/subeterna_1-scaled.jpg 2048w, https:\/\/cinema.video\/wp-content\/uploads\/2023\/09\/subeterna_1-scaled.jpg 150w, https:\/\/cinema.video\/wp-content\/uploads\/2023\/09\/subeterna_1-scaled.jpg 696w, https:\/\/cinema.video\/wp-content\/uploads\/2023\/09\/subeterna_1-scaled.jpg 1068w, https:\/\/cinema.video\/wp-content\/uploads\/2023\/09\/subeterna_1-scaled.jpg 1920w, https:\/\/cinema.video\/wp-content\/uploads\/2023\/09\/subeterna_1-scaled.jpg 632w, https:\/\/cinema.video\/wp-content\/uploads\/2023\/09\/subeterna_1-scaled.jpg 1392w\" sizes=\"auto, (max-width: 696px) 100vw, 696px\" \/><figcaption class=\"wp-element-caption\">Suburraeterna. Giacomo Ferrara as Alberto in episode 101 of Suburraeterna. Cr. Andrea Miconi\/Netflix \u00a9 2023<\/figcaption><\/figure>\n<\/figure>\n\n\n\n<p class=\"wp-block-paragraph\">Poker d\u2019assi di Serie tv con <strong><em>I Leoni di Sicilia <\/em><\/strong>di Paolo Genovese; la <strong>quarta stagione d<\/strong>i <strong><em>Mare Fuori <\/em><\/strong>diretta da <strong>Ivan Silvestrini <\/strong>e venduta nel mondo da Beta Film, cos\u00ec come <strong><em>La Storia <\/em><\/strong>di <strong>Francesca Archibugi<\/strong>. E infine, <strong><em>Suburraeterna <\/em><\/strong>di <strong>Ciro d\u2019Emilio<\/strong> e<strong> Alessandro Tonda<\/strong>, spin off della serie tratta dal film di Stefano Sollima a sua volta ispirato al libro di Giancarlo De Cataldo e Carlo Bonini.<\/p>\n\n\n\n<p class=\"wp-block-paragraph\">Altri due esordi alla regia di noti attori italiani spiccano in <strong>Grand Public,<\/strong> la sezione non competitiva dedicata al cinema per il grande pubblico: quello di <strong>Michele Riondino<\/strong> in <strong><em>Palazzina Laf<\/em><\/strong>, nella quale negli anni \u201990 i proprietari e i dirigenti dell\u2019Ilva di Taranto decisero di confinare gli impiegati che si erano opposti alla \u201cnovazione\u201d del contratto, cio\u00e8 al declassamento a operai. E<strong><em> Volare<\/em><\/strong>, la commedia per la quale <strong>Margherita Buy<\/strong> prende ispirazione dalla propria dichiarata fobia del volo.<\/p>\n\n\n\n<figure class=\"wp-block-gallery has-nested-images columns-default is-cropped wp-block-gallery-2 is-layout-flex wp-block-gallery-is-layout-flex\">\n<figure class=\"wp-block-image size-large\"><img loading=\"lazy\" decoding=\"async\" width=\"1024\" height=\"768\" data-id=\"295583\" src=\"https:\/\/cinema.video\/wp-content\/uploads\/2023\/09\/palazzina-laf2-1024x768.jpg\" alt=\"\" class=\"wp-image-295583\" srcset=\"https:\/\/cinema.video\/wp-content\/uploads\/2023\/09\/palazzina-laf2.jpg 1024w, https:\/\/cinema.video\/wp-content\/uploads\/2023\/09\/palazzina-laf2.jpg 300w, https:\/\/cinema.video\/wp-content\/uploads\/2023\/09\/palazzina-laf2.jpg 768w, https:\/\/cinema.video\/wp-content\/uploads\/2023\/09\/palazzina-laf2.jpg 150w, https:\/\/cinema.video\/wp-content\/uploads\/2023\/09\/palazzina-laf2.jpg 696w, https:\/\/cinema.video\/wp-content\/uploads\/2023\/09\/palazzina-laf2.jpg 1068w, https:\/\/cinema.video\/wp-content\/uploads\/2023\/09\/palazzina-laf2.jpg 560w, https:\/\/cinema.video\/wp-content\/uploads\/2023\/09\/palazzina-laf2.jpg 80w, https:\/\/cinema.video\/wp-content\/uploads\/2023\/09\/palazzina-laf2.jpg 265w, https:\/\/cinema.video\/wp-content\/uploads\/2023\/09\/palazzina-laf2.jpg 1181w\" sizes=\"auto, (max-width: 696px) 100vw, 696px\" \/><figcaption class=\"wp-element-caption\">Palazzina Laf<\/figcaption><\/figure>\n\n\n\n<figure class=\"wp-block-image size-large\"><img loading=\"lazy\" decoding=\"async\" width=\"1024\" height=\"768\" data-id=\"295582\" src=\"https:\/\/cinema.video\/wp-content\/uploads\/2023\/09\/palazzina-laf3-1024x768.jpg\" alt=\"\" class=\"wp-image-295582\" srcset=\"https:\/\/cinema.video\/wp-content\/uploads\/2023\/09\/palazzina-laf3.jpg 1024w, https:\/\/cinema.video\/wp-content\/uploads\/2023\/09\/palazzina-laf3.jpg 300w, https:\/\/cinema.video\/wp-content\/uploads\/2023\/09\/palazzina-laf3.jpg 768w, https:\/\/cinema.video\/wp-content\/uploads\/2023\/09\/palazzina-laf3.jpg 150w, https:\/\/cinema.video\/wp-content\/uploads\/2023\/09\/palazzina-laf3.jpg 696w, https:\/\/cinema.video\/wp-content\/uploads\/2023\/09\/palazzina-laf3.jpg 1068w, https:\/\/cinema.video\/wp-content\/uploads\/2023\/09\/palazzina-laf3.jpg 560w, https:\/\/cinema.video\/wp-content\/uploads\/2023\/09\/palazzina-laf3.jpg 80w, https:\/\/cinema.video\/wp-content\/uploads\/2023\/09\/palazzina-laf3.jpg 265w, https:\/\/cinema.video\/wp-content\/uploads\/2023\/09\/palazzina-laf3.jpg 1181w\" sizes=\"auto, (max-width: 696px) 100vw, 696px\" \/><figcaption class=\"wp-element-caption\">Palazzina Laf<\/figcaption><\/figure>\n<\/figure>\n\n\n\n<p class=\"wp-block-paragraph\"><br>Affiancano le opere prime italiane (oltre le sopracitate c\u2019\u00e8 anche <strong><em>Dall\u2019Alto di una fredda torre<\/em><\/strong> di Francesco Frangipane) <strong><em>Cento Domeniche<\/em> di Antonio Albanese, <em>Diabolik chi sei?<\/em> dei Manetti Bros, e Nuovo Olimpo <\/strong>di Ferzan Ozpetek. Da segnalare <strong><em>Il Ragazzo e l\u2019Airone <\/em><\/strong>di <strong>Hayao Miyazaki<\/strong>, in collaborazione con Alice nelle Citt\u00e0, e il nuovo film di <strong>Robert Gu\u00e9digiuan<\/strong> <strong>Et<em> la F\u00caTE CONTINUE!<\/em><\/strong> co-produzione con l\u2019Italia<\/p>\n\n\n\n<p class=\"wp-block-paragraph\">Fra le Proiezioni Speciali troviamo <strong><em>Io noi e Gaber <\/em><\/strong>di Riccardo Milani;&nbsp; <strong><em>Misericordia <\/em><\/strong>di <strong>Emma Dante<\/strong>; <strong><em>Mur,<\/em><\/strong> documentario esordio alla regia di <strong>Kasia Smutniak<\/strong> che si reca nella zona rossa proibita della Polonia per far luce sulle politiche di confine del suo Paese e sulla crisi dei rifugiati nell\u2019Unione Europea; <strong><em>Posso entrare? An ode to Naples<\/em><\/strong> diretto dalla moglie di Sting, <strong>Trudie Styler<\/strong>; <strong><em>Unfitting<\/em><\/strong>, cortometraggio esordio alla regia di <strong>Giovanna Mezzogiorno<\/strong> in una produzione <strong>One More Pictures<\/strong> in collaborazione con <strong>Grazia e Bulgari.<\/strong> E <strong><em>Zucchero. Sugar Fornaciari<\/em><\/strong>, sul recente tour mondiale sold out di Zucchero Fornaciari attraverso le capitali europee, il Nord America, l\u2019Oceania di <strong>Valentina Zanella e Giangiacomo De Stefano.<\/strong><\/p>\n\n\n\n<figure class=\"wp-block-image size-large is-resized\"><img loading=\"lazy\" decoding=\"async\" src=\"https:\/\/cinema.video\/wp-content\/uploads\/2023\/09\/misericordia-foto-marie-gioanni-1024x682.jpg\" alt=\"\" class=\"wp-image-295584\" width=\"696\" height=\"463\" srcset=\"https:\/\/cinema.video\/wp-content\/uploads\/2023\/09\/misericordia-foto-marie-gioanni.jpg 1024w, https:\/\/cinema.video\/wp-content\/uploads\/2023\/09\/misericordia-foto-marie-gioanni.jpg 300w, https:\/\/cinema.video\/wp-content\/uploads\/2023\/09\/misericordia-foto-marie-gioanni.jpg 768w, https:\/\/cinema.video\/wp-content\/uploads\/2023\/09\/misericordia-foto-marie-gioanni.jpg 150w, https:\/\/cinema.video\/wp-content\/uploads\/2023\/09\/misericordia-foto-marie-gioanni.jpg 696w, https:\/\/cinema.video\/wp-content\/uploads\/2023\/09\/misericordia-foto-marie-gioanni.jpg 1068w, https:\/\/cinema.video\/wp-content\/uploads\/2023\/09\/misericordia-foto-marie-gioanni.jpg 630w, https:\/\/cinema.video\/wp-content\/uploads\/2023\/09\/misericordia-foto-marie-gioanni.jpg 1181w\" sizes=\"auto, (max-width: 696px) 100vw, 696px\" \/><figcaption class=\"wp-element-caption\">Misericordia: foto di Marie Gioanni<\/figcaption><\/figure>\n","protected":false},"excerpt":{"rendered":"<p>La Festa del Cinema di Roma si aprir\u00e0 con l&#8217;esordio alla regia di Paola Cortellesi, C&#8217;\u00e8 ancora domani, nella sezione competitiva  Progressive Cinema<\/p>\n","protected":false},"author":2,"featured_media":295581,"comment_status":"closed","ping_status":"closed","sticky":false,"template":"","format":"standard","meta":{"googlesitekit_rrm_CAow3e7fCw:productID":"","_wpcom_ai_launchpad_first_post":false,"footnotes":"","jetpack_post_was_ever_published":false},"categories":[1],"tags":[400,356],"class_list":["post-295578","post","type-post","status-publish","format-standard","has-post-thumbnail","category-senza-categoria","tag-film-commission-vallee-daoste","tag-focus"],"yoast_head":"<!-- This site is optimized with the Yoast SEO Premium plugin v28.3 (Yoast SEO v28.3) - https:\/\/yoast.com\/product\/yoast-seo-premium-wordpress\/ -->\n<title>Cortellesi Bui Riondino Mezzogiorno Smutniak boom di esordi alla regia - Cinema &amp; Video International<\/title>\n<meta name=\"description\" content=\"Cortellesi Bui Riondino Mezzogiorno Smutniak boom di esordi alla regia \u2013 cortellesi bui riondino mezzogiorno smutniak boom. Si svolger\u00e0 dal 18 al 29 ottob\" \/>\n<meta name=\"robots\" content=\"index, follow, max-snippet:-1, max-image-preview:large, max-video-preview:-1\" \/>\n<link rel=\"canonical\" href=\"https:\/\/cinema.video\/it\/cortellesi-bui-riondino-mezzogiorno-smutniak-boom-di-esordi-alla-regia-alla-festa-del-cinema-di-roma-che-terra-la-sua-18-edizione-dal-18-al-29-ottobre\" \/>\n<meta property=\"og:locale\" content=\"it_IT\" \/>\n<meta property=\"og:type\" content=\"article\" \/>\n<meta property=\"og:title\" content=\"Cortellesi Bui Riondino Mezzogiorno Smutniak boom di esordi alla regia\" \/>\n<meta property=\"og:description\" content=\"Cortellesi Bui Riondino Mezzogiorno Smutniak boom di esordi alla regia \u2013 cortellesi bui riondino mezzogiorno smutniak boom. Si svolger\u00e0 dal 18 al 29 ottob\" \/>\n<meta property=\"og:url\" content=\"https:\/\/cinema.video\/it\/cortellesi-bui-riondino-mezzogiorno-smutniak-boom-di-esordi-alla-regia-alla-festa-del-cinema-di-roma-che-terra-la-sua-18-edizione-dal-18-al-29-ottobre\" \/>\n<meta property=\"og:site_name\" content=\"Cinema &amp; Video International\" \/>\n<meta property=\"article:publisher\" content=\"https:\/\/www.facebook.com\/CinemaVideoInternational\/\" \/>\n<meta property=\"article:published_time\" content=\"2023-09-22T15:00:41+00:00\" \/>\n<meta property=\"article:modified_time\" content=\"2026-04-10T02:02:51+00:00\" \/>\n<meta property=\"og:image\" content=\"https:\/\/cinema.video\/wp-content\/uploads\/2023\/09\/ce-ancora-domani1-1-e1695393836500.jpg\" \/>\n\t<meta property=\"og:image:width\" content=\"800\" \/>\n\t<meta property=\"og:image:height\" content=\"534\" \/>\n\t<meta property=\"og:image:type\" content=\"image\/jpeg\" \/>\n<meta name=\"author\" content=\"Carolina Mancini\" \/>\n<meta name=\"twitter:card\" content=\"summary_large_image\" \/>\n<meta name=\"twitter:label1\" content=\"Scritto da\" \/>\n\t<meta name=\"twitter:data1\" content=\"Carolina Mancini\" \/>\n\t<meta name=\"twitter:label2\" content=\"Tempo di lettura stimato\" \/>\n\t<meta name=\"twitter:data2\" content=\"6 minuti\" \/>\n<script type=\"application\/ld+json\" class=\"yoast-schema-graph\">{\"@context\":\"https:\\\/\\\/schema.org\",\"@graph\":[{\"@type\":\"Article\",\"@id\":\"https:\\\/\\\/cinema.video\\\/it\\\/cortellesi-bui-riondino-mezzogiorno-smutniak-boom-di-esordi-alla-regia-alla-festa-del-cinema-di-roma-che-terra-la-sua-18-edizione-dal-18-al-29-ottobre#article\",\"isPartOf\":{\"@id\":\"https:\\\/\\\/cinema.video\\\/it\\\/cortellesi-bui-riondino-mezzogiorno-smutniak-boom-di-esordi-alla-regia-alla-festa-del-cinema-di-roma-che-terra-la-sua-18-edizione-dal-18-al-29-ottobre\"},\"author\":{\"name\":\"Carolina Mancini\",\"@id\":\"https:\\\/\\\/cinema.video\\\/it#\\\/schema\\\/person\\\/d5479fad8d0f2360000eb4aab6bb6e5d\"},\"headline\":\"Cortellesi Bui Riondino Mezzogiorno Smutniak boom di esordi alla regia\",\"datePublished\":\"2023-09-22T15:00:41+00:00\",\"dateModified\":\"2026-04-10T02:02:51+00:00\",\"mainEntityOfPage\":{\"@id\":\"https:\\\/\\\/cinema.video\\\/it\\\/cortellesi-bui-riondino-mezzogiorno-smutniak-boom-di-esordi-alla-regia-alla-festa-del-cinema-di-roma-che-terra-la-sua-18-edizione-dal-18-al-29-ottobre\"},\"wordCount\":865,\"publisher\":{\"@id\":\"https:\\\/\\\/cinema.video\\\/it#organization\"},\"image\":{\"@id\":\"https:\\\/\\\/cinema.video\\\/it\\\/cortellesi-bui-riondino-mezzogiorno-smutniak-boom-di-esordi-alla-regia-alla-festa-del-cinema-di-roma-che-terra-la-sua-18-edizione-dal-18-al-29-ottobre#primaryimage\"},\"thumbnailUrl\":\"https:\\\/\\\/cinema.video\\\/wp-content\\\/uploads\\\/2023\\\/09\\\/ce-ancora-domani1-1-e1695393836500.jpg\",\"keywords\":[\"FILM COMMISSION VALL\u00c9E D\u2019AOSTE\",\"focus\"],\"inLanguage\":\"it-IT\"},{\"@type\":\"WebPage\",\"@id\":\"https:\\\/\\\/cinema.video\\\/it\\\/cortellesi-bui-riondino-mezzogiorno-smutniak-boom-di-esordi-alla-regia-alla-festa-del-cinema-di-roma-che-terra-la-sua-18-edizione-dal-18-al-29-ottobre\",\"url\":\"https:\\\/\\\/cinema.video\\\/it\\\/cortellesi-bui-riondino-mezzogiorno-smutniak-boom-di-esordi-alla-regia-alla-festa-del-cinema-di-roma-che-terra-la-sua-18-edizione-dal-18-al-29-ottobre\",\"name\":\"Cortellesi Bui Riondino Mezzogiorno Smutniak boom di esordi alla regia - Cinema &amp; Video International\",\"isPartOf\":{\"@id\":\"https:\\\/\\\/cinema.video\\\/it#website\"},\"primaryImageOfPage\":{\"@id\":\"https:\\\/\\\/cinema.video\\\/it\\\/cortellesi-bui-riondino-mezzogiorno-smutniak-boom-di-esordi-alla-regia-alla-festa-del-cinema-di-roma-che-terra-la-sua-18-edizione-dal-18-al-29-ottobre#primaryimage\"},\"image\":{\"@id\":\"https:\\\/\\\/cinema.video\\\/it\\\/cortellesi-bui-riondino-mezzogiorno-smutniak-boom-di-esordi-alla-regia-alla-festa-del-cinema-di-roma-che-terra-la-sua-18-edizione-dal-18-al-29-ottobre#primaryimage\"},\"thumbnailUrl\":\"https:\\\/\\\/cinema.video\\\/wp-content\\\/uploads\\\/2023\\\/09\\\/ce-ancora-domani1-1-e1695393836500.jpg\",\"datePublished\":\"2023-09-22T15:00:41+00:00\",\"dateModified\":\"2026-04-10T02:02:51+00:00\",\"description\":\"Cortellesi Bui Riondino Mezzogiorno Smutniak boom di esordi alla regia \u2013 cortellesi bui riondino mezzogiorno smutniak boom. Si svolger\u00e0 dal 18 al 29 ottob\",\"breadcrumb\":{\"@id\":\"https:\\\/\\\/cinema.video\\\/it\\\/cortellesi-bui-riondino-mezzogiorno-smutniak-boom-di-esordi-alla-regia-alla-festa-del-cinema-di-roma-che-terra-la-sua-18-edizione-dal-18-al-29-ottobre#breadcrumb\"},\"inLanguage\":\"it-IT\",\"potentialAction\":[{\"@type\":\"ReadAction\",\"target\":[\"https:\\\/\\\/cinema.video\\\/it\\\/cortellesi-bui-riondino-mezzogiorno-smutniak-boom-di-esordi-alla-regia-alla-festa-del-cinema-di-roma-che-terra-la-sua-18-edizione-dal-18-al-29-ottobre\"]}]},{\"@type\":\"ImageObject\",\"inLanguage\":\"it-IT\",\"@id\":\"https:\\\/\\\/cinema.video\\\/it\\\/cortellesi-bui-riondino-mezzogiorno-smutniak-boom-di-esordi-alla-regia-alla-festa-del-cinema-di-roma-che-terra-la-sua-18-edizione-dal-18-al-29-ottobre#primaryimage\",\"url\":\"https:\\\/\\\/cinema.video\\\/wp-content\\\/uploads\\\/2023\\\/09\\\/ce-ancora-domani1-1-e1695393836500.jpg\",\"contentUrl\":\"https:\\\/\\\/cinema.video\\\/wp-content\\\/uploads\\\/2023\\\/09\\\/ce-ancora-domani1-1-e1695393836500.jpg\",\"width\":800,\"height\":534,\"caption\":\"Cortellesi Bui Riondino Mezzogiorno Smutniak: boom di esordi alla regia alla Festa del Cinema di Roma ( 18 - 29 ottobre)\"},{\"@type\":\"BreadcrumbList\",\"@id\":\"https:\\\/\\\/cinema.video\\\/it\\\/cortellesi-bui-riondino-mezzogiorno-smutniak-boom-di-esordi-alla-regia-alla-festa-del-cinema-di-roma-che-terra-la-sua-18-edizione-dal-18-al-29-ottobre#breadcrumb\",\"itemListElement\":[{\"@type\":\"ListItem\",\"position\":1,\"name\":\"Home\",\"item\":\"https:\\\/\\\/cinema.video\\\/it\"},{\"@type\":\"ListItem\",\"position\":2,\"name\":\"Cortellesi Bui Riondino Mezzogiorno Smutniak boom di esordi alla regia\"}]},{\"@type\":\"WebSite\",\"@id\":\"https:\\\/\\\/cinema.video\\\/it#website\",\"url\":\"https:\\\/\\\/cinema.video\\\/it\",\"name\":\"Cinema & Video International\",\"description\":\"Film &amp; Audiovisual B2B Industry Trade Platform Magazine\",\"publisher\":{\"@id\":\"https:\\\/\\\/cinema.video\\\/it#organization\"},\"alternateName\":\"Cinema & Video\",\"potentialAction\":[{\"@type\":\"SearchAction\",\"target\":{\"@type\":\"EntryPoint\",\"urlTemplate\":\"https:\\\/\\\/cinema.video\\\/it?s={search_term_string}\"},\"query-input\":{\"@type\":\"PropertyValueSpecification\",\"valueRequired\":true,\"valueName\":\"search_term_string\"}}],\"inLanguage\":\"it-IT\"},{\"@type\":\"Organization\",\"@id\":\"https:\\\/\\\/cinema.video\\\/it#organization\",\"name\":\"Cinema & Video\",\"url\":\"https:\\\/\\\/cinema.video\\\/it\",\"logo\":{\"@type\":\"ImageObject\",\"inLanguage\":\"it-IT\",\"@id\":\"https:\\\/\\\/cinema.video\\\/it#\\\/schema\\\/logo\\\/image\\\/\",\"url\":\"https:\\\/\\\/cinema.video\\\/wp-content\\\/uploads\\\/2026\\\/04\\\/CinemVideo_LogoBlack.png\",\"contentUrl\":\"https:\\\/\\\/cinema.video\\\/wp-content\\\/uploads\\\/2026\\\/04\\\/CinemVideo_LogoBlack.png\",\"width\":1336,\"height\":224,\"caption\":\"Cinema & Video\"},\"image\":{\"@id\":\"https:\\\/\\\/cinema.video\\\/it#\\\/schema\\\/logo\\\/image\\\/\"},\"sameAs\":[\"https:\\\/\\\/www.facebook.com\\\/CinemaVideoInternational\\\/\",\"https:\\\/\\\/www.instagram.com\\\/cinemaevideointernational\\\/\",\"https:\\\/\\\/it.linkedin.com\\\/company\\\/cinema-video-international\"],\"description\":\"Media Consulting & Marketing Agency\",\"email\":\"hello@darostudio.com\",\"legalName\":\"DARO studio LLC\",\"foundingDate\":\"2021-02-16\",\"numberOfEmployees\":{\"@type\":\"QuantitativeValue\",\"minValue\":\"1\",\"maxValue\":\"10\"},\"publishingPrinciples\":\"https:\\\/\\\/cinema.video\\\/about\"},{\"@type\":\"Person\",\"@id\":\"https:\\\/\\\/cinema.video\\\/it#\\\/schema\\\/person\\\/d5479fad8d0f2360000eb4aab6bb6e5d\",\"name\":\"Carolina Mancini\",\"image\":{\"@type\":\"ImageObject\",\"inLanguage\":\"it-IT\",\"@id\":\"https:\\\/\\\/secure.gravatar.com\\\/avatar\\\/d4758965c5e8730dbaaa7131a628547771a26c1e5bf14fe323d96f8246a62baf?s=96&d=mm&r=g\",\"url\":\"https:\\\/\\\/secure.gravatar.com\\\/avatar\\\/d4758965c5e8730dbaaa7131a628547771a26c1e5bf14fe323d96f8246a62baf?s=96&d=mm&r=g\",\"contentUrl\":\"https:\\\/\\\/secure.gravatar.com\\\/avatar\\\/d4758965c5e8730dbaaa7131a628547771a26c1e5bf14fe323d96f8246a62baf?s=96&d=mm&r=g\",\"caption\":\"Carolina Mancini\"},\"url\":\"https:\\\/\\\/cinema.video\\\/it\\\/author\\\/carolin\"}]}<\/script>\n<!-- \/ Yoast SEO Premium plugin. -->","yoast_head_json":{"title":"Cortellesi Bui Riondino Mezzogiorno Smutniak boom di esordi alla regia - Cinema &amp; Video International","description":"Cortellesi Bui Riondino Mezzogiorno Smutniak boom di esordi alla regia \u2013 cortellesi bui riondino mezzogiorno smutniak boom. Si svolger\u00e0 dal 18 al 29 ottob","robots":{"index":"index","follow":"follow","max-snippet":"max-snippet:-1","max-image-preview":"max-image-preview:large","max-video-preview":"max-video-preview:-1"},"canonical":"https:\/\/cinema.video\/it\/cortellesi-bui-riondino-mezzogiorno-smutniak-boom-di-esordi-alla-regia-alla-festa-del-cinema-di-roma-che-terra-la-sua-18-edizione-dal-18-al-29-ottobre","og_locale":"it_IT","og_type":"article","og_title":"Cortellesi Bui Riondino Mezzogiorno Smutniak boom di esordi alla regia","og_description":"Cortellesi Bui Riondino Mezzogiorno Smutniak boom di esordi alla regia \u2013 cortellesi bui riondino mezzogiorno smutniak boom. Si svolger\u00e0 dal 18 al 29 ottob","og_url":"https:\/\/cinema.video\/it\/cortellesi-bui-riondino-mezzogiorno-smutniak-boom-di-esordi-alla-regia-alla-festa-del-cinema-di-roma-che-terra-la-sua-18-edizione-dal-18-al-29-ottobre","og_site_name":"Cinema &amp; Video International","article_publisher":"https:\/\/www.facebook.com\/CinemaVideoInternational\/","article_published_time":"2023-09-22T15:00:41+00:00","article_modified_time":"2026-04-10T02:02:51+00:00","og_image":[{"width":800,"height":534,"url":"https:\/\/cinema.video\/wp-content\/uploads\/2023\/09\/ce-ancora-domani1-1-e1695393836500.jpg","type":"image\/jpeg"}],"author":"Carolina Mancini","twitter_card":"summary_large_image","twitter_misc":{"Scritto da":"Carolina Mancini","Tempo di lettura stimato":"6 minuti"},"schema":{"@context":"https:\/\/schema.org","@graph":[{"@type":"Article","@id":"https:\/\/cinema.video\/it\/cortellesi-bui-riondino-mezzogiorno-smutniak-boom-di-esordi-alla-regia-alla-festa-del-cinema-di-roma-che-terra-la-sua-18-edizione-dal-18-al-29-ottobre#article","isPartOf":{"@id":"https:\/\/cinema.video\/it\/cortellesi-bui-riondino-mezzogiorno-smutniak-boom-di-esordi-alla-regia-alla-festa-del-cinema-di-roma-che-terra-la-sua-18-edizione-dal-18-al-29-ottobre"},"author":{"name":"Carolina Mancini","@id":"https:\/\/cinema.video\/it#\/schema\/person\/d5479fad8d0f2360000eb4aab6bb6e5d"},"headline":"Cortellesi Bui Riondino Mezzogiorno Smutniak boom di esordi alla regia","datePublished":"2023-09-22T15:00:41+00:00","dateModified":"2026-04-10T02:02:51+00:00","mainEntityOfPage":{"@id":"https:\/\/cinema.video\/it\/cortellesi-bui-riondino-mezzogiorno-smutniak-boom-di-esordi-alla-regia-alla-festa-del-cinema-di-roma-che-terra-la-sua-18-edizione-dal-18-al-29-ottobre"},"wordCount":865,"publisher":{"@id":"https:\/\/cinema.video\/it#organization"},"image":{"@id":"https:\/\/cinema.video\/it\/cortellesi-bui-riondino-mezzogiorno-smutniak-boom-di-esordi-alla-regia-alla-festa-del-cinema-di-roma-che-terra-la-sua-18-edizione-dal-18-al-29-ottobre#primaryimage"},"thumbnailUrl":"https:\/\/cinema.video\/wp-content\/uploads\/2023\/09\/ce-ancora-domani1-1-e1695393836500.jpg","keywords":["FILM COMMISSION VALL\u00c9E D\u2019AOSTE","focus"],"inLanguage":"it-IT"},{"@type":"WebPage","@id":"https:\/\/cinema.video\/it\/cortellesi-bui-riondino-mezzogiorno-smutniak-boom-di-esordi-alla-regia-alla-festa-del-cinema-di-roma-che-terra-la-sua-18-edizione-dal-18-al-29-ottobre","url":"https:\/\/cinema.video\/it\/cortellesi-bui-riondino-mezzogiorno-smutniak-boom-di-esordi-alla-regia-alla-festa-del-cinema-di-roma-che-terra-la-sua-18-edizione-dal-18-al-29-ottobre","name":"Cortellesi Bui Riondino Mezzogiorno Smutniak boom di esordi alla regia - Cinema &amp; Video International","isPartOf":{"@id":"https:\/\/cinema.video\/it#website"},"primaryImageOfPage":{"@id":"https:\/\/cinema.video\/it\/cortellesi-bui-riondino-mezzogiorno-smutniak-boom-di-esordi-alla-regia-alla-festa-del-cinema-di-roma-che-terra-la-sua-18-edizione-dal-18-al-29-ottobre#primaryimage"},"image":{"@id":"https:\/\/cinema.video\/it\/cortellesi-bui-riondino-mezzogiorno-smutniak-boom-di-esordi-alla-regia-alla-festa-del-cinema-di-roma-che-terra-la-sua-18-edizione-dal-18-al-29-ottobre#primaryimage"},"thumbnailUrl":"https:\/\/cinema.video\/wp-content\/uploads\/2023\/09\/ce-ancora-domani1-1-e1695393836500.jpg","datePublished":"2023-09-22T15:00:41+00:00","dateModified":"2026-04-10T02:02:51+00:00","description":"Cortellesi Bui Riondino Mezzogiorno Smutniak boom di esordi alla regia \u2013 cortellesi bui riondino mezzogiorno smutniak boom. Si svolger\u00e0 dal 18 al 29 ottob","breadcrumb":{"@id":"https:\/\/cinema.video\/it\/cortellesi-bui-riondino-mezzogiorno-smutniak-boom-di-esordi-alla-regia-alla-festa-del-cinema-di-roma-che-terra-la-sua-18-edizione-dal-18-al-29-ottobre#breadcrumb"},"inLanguage":"it-IT","potentialAction":[{"@type":"ReadAction","target":["https:\/\/cinema.video\/it\/cortellesi-bui-riondino-mezzogiorno-smutniak-boom-di-esordi-alla-regia-alla-festa-del-cinema-di-roma-che-terra-la-sua-18-edizione-dal-18-al-29-ottobre"]}]},{"@type":"ImageObject","inLanguage":"it-IT","@id":"https:\/\/cinema.video\/it\/cortellesi-bui-riondino-mezzogiorno-smutniak-boom-di-esordi-alla-regia-alla-festa-del-cinema-di-roma-che-terra-la-sua-18-edizione-dal-18-al-29-ottobre#primaryimage","url":"https:\/\/cinema.video\/wp-content\/uploads\/2023\/09\/ce-ancora-domani1-1-e1695393836500.jpg","contentUrl":"https:\/\/cinema.video\/wp-content\/uploads\/2023\/09\/ce-ancora-domani1-1-e1695393836500.jpg","width":800,"height":534,"caption":"Cortellesi Bui Riondino Mezzogiorno Smutniak: boom di esordi alla regia alla Festa del Cinema di Roma ( 18 - 29 ottobre)"},{"@type":"BreadcrumbList","@id":"https:\/\/cinema.video\/it\/cortellesi-bui-riondino-mezzogiorno-smutniak-boom-di-esordi-alla-regia-alla-festa-del-cinema-di-roma-che-terra-la-sua-18-edizione-dal-18-al-29-ottobre#breadcrumb","itemListElement":[{"@type":"ListItem","position":1,"name":"Home","item":"https:\/\/cinema.video\/it"},{"@type":"ListItem","position":2,"name":"Cortellesi Bui Riondino Mezzogiorno Smutniak boom di esordi alla regia"}]},{"@type":"WebSite","@id":"https:\/\/cinema.video\/it#website","url":"https:\/\/cinema.video\/it","name":"Cinema & Video International","description":"Film &amp; Audiovisual B2B Industry Trade Platform Magazine","publisher":{"@id":"https:\/\/cinema.video\/it#organization"},"alternateName":"Cinema & Video","potentialAction":[{"@type":"SearchAction","target":{"@type":"EntryPoint","urlTemplate":"https:\/\/cinema.video\/it?s={search_term_string}"},"query-input":{"@type":"PropertyValueSpecification","valueRequired":true,"valueName":"search_term_string"}}],"inLanguage":"it-IT"},{"@type":"Organization","@id":"https:\/\/cinema.video\/it#organization","name":"Cinema & Video","url":"https:\/\/cinema.video\/it","logo":{"@type":"ImageObject","inLanguage":"it-IT","@id":"https:\/\/cinema.video\/it#\/schema\/logo\/image\/","url":"https:\/\/cinema.video\/wp-content\/uploads\/2026\/04\/CinemVideo_LogoBlack.png","contentUrl":"https:\/\/cinema.video\/wp-content\/uploads\/2026\/04\/CinemVideo_LogoBlack.png","width":1336,"height":224,"caption":"Cinema & Video"},"image":{"@id":"https:\/\/cinema.video\/it#\/schema\/logo\/image\/"},"sameAs":["https:\/\/www.facebook.com\/CinemaVideoInternational\/","https:\/\/www.instagram.com\/cinemaevideointernational\/","https:\/\/it.linkedin.com\/company\/cinema-video-international"],"description":"Media Consulting & Marketing Agency","email":"hello@darostudio.com","legalName":"DARO studio LLC","foundingDate":"2021-02-16","numberOfEmployees":{"@type":"QuantitativeValue","minValue":"1","maxValue":"10"},"publishingPrinciples":"https:\/\/cinema.video\/about"},{"@type":"Person","@id":"https:\/\/cinema.video\/it#\/schema\/person\/d5479fad8d0f2360000eb4aab6bb6e5d","name":"Carolina Mancini","image":{"@type":"ImageObject","inLanguage":"it-IT","@id":"https:\/\/secure.gravatar.com\/avatar\/d4758965c5e8730dbaaa7131a628547771a26c1e5bf14fe323d96f8246a62baf?s=96&d=mm&r=g","url":"https:\/\/secure.gravatar.com\/avatar\/d4758965c5e8730dbaaa7131a628547771a26c1e5bf14fe323d96f8246a62baf?s=96&d=mm&r=g","contentUrl":"https:\/\/secure.gravatar.com\/avatar\/d4758965c5e8730dbaaa7131a628547771a26c1e5bf14fe323d96f8246a62baf?s=96&d=mm&r=g","caption":"Carolina Mancini"},"url":"https:\/\/cinema.video\/it\/author\/carolin"}]}},"jetpack_shortlink":"https:\/\/wp.me\/ph672m-1eTo","jetpack_featured_media_url":"https:\/\/cinema.video\/wp-content\/uploads\/2023\/09\/ce-ancora-domani1-1-e1695393836500.jpg","_links":{"self":[{"href":"https:\/\/cinema.video\/it\/wp-json\/wp\/v2\/posts\/295578","targetHints":{"allow":["GET"]}}],"collection":[{"href":"https:\/\/cinema.video\/it\/wp-json\/wp\/v2\/posts"}],"about":[{"href":"https:\/\/cinema.video\/it\/wp-json\/wp\/v2\/types\/post"}],"author":[{"embeddable":true,"href":"https:\/\/cinema.video\/it\/wp-json\/wp\/v2\/users\/2"}],"replies":[{"embeddable":true,"href":"https:\/\/cinema.video\/it\/wp-json\/wp\/v2\/comments?post=295578"}],"version-history":[{"count":1,"href":"https:\/\/cinema.video\/it\/wp-json\/wp\/v2\/posts\/295578\/revisions"}],"predecessor-version":[{"id":309124,"href":"https:\/\/cinema.video\/it\/wp-json\/wp\/v2\/posts\/295578\/revisions\/309124"}],"wp:featuredmedia":[{"embeddable":true,"href":"https:\/\/cinema.video\/it\/wp-json\/wp\/v2\/media\/295581"}],"wp:attachment":[{"href":"https:\/\/cinema.video\/it\/wp-json\/wp\/v2\/media?parent=295578"}],"wp:term":[{"taxonomy":"category","embeddable":true,"href":"https:\/\/cinema.video\/it\/wp-json\/wp\/v2\/categories?post=295578"},{"taxonomy":"post_tag","embeddable":true,"href":"https:\/\/cinema.video\/it\/wp-json\/wp\/v2\/tags?post=295578"}],"curies":[{"name":"wp","href":"https:\/\/api.w.org\/{rel}","templated":true}]}}