{"id":295516,"date":"2023-09-14T19:45:00","date_gmt":"2023-09-14T17:45:00","guid":{"rendered":"https:\/\/cinema.video\/?p=295516"},"modified":"2026-04-10T04:02:44","modified_gmt":"2026-04-10T02:02:44","slug":"a-fine-mese-uscira-il-bando-produzione-di-regione-lombardia-annunciato-a-visioni-incontra-un-possibile-fondo-per-lo-sviluppo-per-il-2024","status":"publish","type":"post","link":"https:\/\/cinema.video\/it\/a-fine-mese-uscira-il-bando-produzione-di-regione-lombardia-annunciato-a-visioni-incontra-un-possibile-fondo-per-lo-sviluppo-per-il-2024","title":{"rendered":"LOMBARDIA A fine mese il Fondo si lavora a un bando di sviluppo"},"content":{"rendered":"\n<p class=\"wp-block-paragraph\">Si apre sotto una configurazione astrale positiva il nuovo fondo di produzione di<strong> Regione<\/strong> <strong>Lombardia<\/strong>, il cui bando uscir\u00e0 tra fine settembre e inizi ottobre con una dotazione annuale di 3 milioni di euro, di cui 2.400.000 riservati ai lungometraggi\u00a0 di finzione e\u00a0 di animazione,  anche seriali, e 600 mila dedicati solo al documentario (anche in questo caso, sia opere singole, che seriali).<\/p>\n\n\n\n<p class=\"wp-block-paragraph\">In primo luogo per la lunga attesa, in una regione che sembrava non considerare l\u2019audiovisivo come un volano imprenditoriale, e che adesso invece esprime una nuova attenzione ed un coinvolgimento nelle politiche di questo settore, come ha ribadito l\u2019assessore alla cultura della Regione Lombardia, <strong>Francesca Caruso<\/strong>, a <strong>Visioni Incontra<\/strong>, la sezione industry del Festival del <strong>Documentario Visioni dal Mondo<\/strong>, che si \u00e8 aperto oggi, 14 settembre al <strong>Teatro Litta di Milano<\/strong>, proprio con l\u2019intervento dell\u2019assessore a cui hanno fatto seguito i panel dedicati proprio alla <em><strong>Presentazione degli interventi regionali in materia di cinema e audiovisivo<\/strong><\/em> e ai <em><strong>Programmi e progetti di Lombardia Film Commission per il comparto audiovisivo.<\/strong><\/em><\/p>\n\n\n\n<p class=\"wp-block-paragraph\">Ma anche per un\u2019altra&nbsp; ghiotta opportunit\u00e0 che si profila all\u2019orizzonte, come hanno&nbsp; rivelato <strong>Marco Allena e Michaela Guenzi,<\/strong> il presidente e la responsabile di <strong>Lombardia Film Commission<\/strong>: la possibilit\u00e0, piuttosto concreta, di un fondo per lo sviluppo del valore di 300 mila euro, che dovrebbe uscire nel 2024<\/p>\n\n\n\n<p class=\"wp-block-paragraph\">\u201cSi tratta di una somma residuale dell\u2019ultimo bando di maggio 2017, un bando interamente regionale, su cui stiamo seriamente ragionando, e che il territorio aspetta da tantissimo tempo- spiega Guenzi- Il bando \u00e8 un punto di partenza, di cui questo fondo potrebbe essere una continuazione, e innescare cos\u00ec un circolo virtuoso, diventando il volano per una seconda edizione del Bando Produzione per il 2025\u201d.&nbsp;<\/p>\n\n\n\n<p class=\"wp-block-paragraph\">I contenuti del bando&nbsp; sono stati anticipati da <strong>Nicoletta Finardi<\/strong>, dirigente dell\u2019assessorato alla cultura della regione, e dalla collega<strong> Alessandra Corno<\/strong>: \u201cdevono essere perfezionati, ma la delibera che d\u00e0 le linee guida generali \u00e8 gi\u00e0 sul portale della Regione. Mancano solo alcuni aspetti tecnici, per i quali stiamo aspettando il bando attuativo, cio\u00e8 il documento che declina in modo preciso e dettagliato i contenuti, la modulistica, e le linee guide di rendicontazione.\u201d<\/p>\n\n\n\n<p class=\"wp-block-paragraph\">Le finalit\u00e0 del bando sono quelle di aiutare la competitivit\u00e0 delle imprese dell\u2019audiovisivo lombardo, sviluppare gli investimenti sia sull\u2019 indotto che sull\u2019occupazione delle maestranze del territorio, e promuovere la conoscenza del patrimonio regionale: proprio per questo si \u00e8 deciso di destinare ai documentari una linea privilegiata. \u201cQuesto \u00e8 anche il frutto di un lungo percorso dove \u00e8 stato dato un ascolto senza precedenti al comparto audiovisivo locale, e in particolare al coordinamento che riunisce le associazioni del territorio lombardo\u201d ha specificato Finardi. &nbsp;Queste sono <strong>CNA Cinema e Audiovisivo, AGICI; Doc\/It, FICE; AIR 3; Cento Autori, Agis Lombardia; CPA; APMAL e APE<\/strong>.<\/p>\n\n\n\n<p class=\"wp-block-paragraph\">Anche per questo, ha aggiunto, <strong>Cinzia Mas\u00f3tina<\/strong>, responsabile di Visioni Incontra,\u00a0 \u201csiamo particolarmente contenti di presentare il bando qui a Visioni Incontra, e all\u2019interno di un festival che, come ha dichiarato il suo ideatore e presidente, <strong>Francesco Bizzarri<\/strong>, ambisce a diventare la casa del documentario in Lombardia\u201d.<\/p>\n","protected":false},"excerpt":{"rendered":"<p>A Visioni Incontra, le prime anticipazioni sui contenuti del nuovo fondo alla produzione di Regione Lombardia, che sta lavorando anche ad un possibile fondo per lo sviluppo, di concerto con la film commission<\/p>\n","protected":false},"author":2,"featured_media":295517,"comment_status":"closed","ping_status":"closed","sticky":false,"template":"","format":"standard","meta":{"googlesitekit_rrm_CAow3e7fCw:productID":"","_crdt_document":"","footnotes":""},"categories":[1],"tags":[2322,356,530],"class_list":{"0":"post-295516","1":"post","2":"type-post","3":"status-publish","4":"format-standard","5":"has-post-thumbnail","7":"category-senza-categoria","8":"tag-documentary","9":"tag-focus","10":"tag-lombardia-film-commission"},"yoast_head":"<!-- This site is optimized with the Yoast SEO Premium plugin v27.4 (Yoast SEO v27.5) - https:\/\/yoast.com\/product\/yoast-seo-premium-wordpress\/ -->\n<title>LOMBARDIA A fine mese il Fondo si lavora a un bando di sviluppo - Cinema &amp; Video International<\/title>\n<meta name=\"description\" content=\"LOMBARDIA A fine mese il Fondo si lavora a un bando di sviluppo \u2013 lombardia a fine mese il fondo. Si apre sotto una configurazione astrale positiva il nuo\" \/>\n<meta name=\"robots\" content=\"index, follow, max-snippet:-1, max-image-preview:large, max-video-preview:-1\" \/>\n<link rel=\"canonical\" href=\"https:\/\/cinema.video\/it\/a-fine-mese-uscira-il-bando-produzione-di-regione-lombardia-annunciato-a-visioni-incontra-un-possibile-fondo-per-lo-sviluppo-per-il-2024\" \/>\n<meta property=\"og:locale\" content=\"it_IT\" \/>\n<meta property=\"og:type\" content=\"article\" \/>\n<meta property=\"og:title\" content=\"LOMBARDIA A fine mese il Fondo si lavora a un bando di sviluppo\" \/>\n<meta property=\"og:description\" content=\"LOMBARDIA A fine mese il Fondo si lavora a un bando di sviluppo \u2013 lombardia a fine mese il fondo. Si apre sotto una configurazione astrale positiva il nuo\" \/>\n<meta property=\"og:url\" content=\"https:\/\/cinema.video\/it\/a-fine-mese-uscira-il-bando-produzione-di-regione-lombardia-annunciato-a-visioni-incontra-un-possibile-fondo-per-lo-sviluppo-per-il-2024\" \/>\n<meta property=\"og:site_name\" content=\"Cinema &amp; Video International\" \/>\n<meta property=\"article:publisher\" content=\"https:\/\/www.facebook.com\/CinemaVideoInternational\/\" \/>\n<meta property=\"article:published_time\" content=\"2023-09-14T17:45:00+00:00\" \/>\n<meta property=\"article:modified_time\" content=\"2026-04-10T02:02:44+00:00\" \/>\n<meta property=\"og:image\" content=\"https:\/\/cinema.video\/wp-content\/uploads\/2023\/09\/IMG-20230914-WA0039-e1694728899813.jpg\" \/>\n\t<meta property=\"og:image:width\" content=\"800\" \/>\n\t<meta property=\"og:image:height\" content=\"600\" \/>\n\t<meta property=\"og:image:type\" content=\"image\/jpeg\" \/>\n<meta name=\"author\" content=\"Carolina Mancini\" \/>\n<meta name=\"twitter:card\" content=\"summary_large_image\" \/>\n<meta name=\"twitter:label1\" content=\"Scritto da\" \/>\n\t<meta name=\"twitter:data1\" content=\"Carolina Mancini\" \/>\n\t<meta name=\"twitter:label2\" content=\"Tempo di lettura stimato\" \/>\n\t<meta name=\"twitter:data2\" content=\"3 minuti\" \/>\n<script type=\"application\/ld+json\" class=\"yoast-schema-graph\">{\"@context\":\"https:\\\/\\\/schema.org\",\"@graph\":[{\"@type\":\"Article\",\"@id\":\"https:\\\/\\\/cinema.video\\\/it\\\/a-fine-mese-uscira-il-bando-produzione-di-regione-lombardia-annunciato-a-visioni-incontra-un-possibile-fondo-per-lo-sviluppo-per-il-2024#article\",\"isPartOf\":{\"@id\":\"https:\\\/\\\/cinema.video\\\/it\\\/a-fine-mese-uscira-il-bando-produzione-di-regione-lombardia-annunciato-a-visioni-incontra-un-possibile-fondo-per-lo-sviluppo-per-il-2024\"},\"author\":{\"name\":\"Carolina Mancini\",\"@id\":\"https:\\\/\\\/cinema.video\\\/it#\\\/schema\\\/person\\\/d5479fad8d0f2360000eb4aab6bb6e5d\"},\"headline\":\"LOMBARDIA A fine mese il Fondo si lavora a un bando di sviluppo\",\"datePublished\":\"2023-09-14T17:45:00+00:00\",\"dateModified\":\"2026-04-10T02:02:44+00:00\",\"mainEntityOfPage\":{\"@id\":\"https:\\\/\\\/cinema.video\\\/it\\\/a-fine-mese-uscira-il-bando-produzione-di-regione-lombardia-annunciato-a-visioni-incontra-un-possibile-fondo-per-lo-sviluppo-per-il-2024\"},\"wordCount\":519,\"publisher\":{\"@id\":\"https:\\\/\\\/cinema.video\\\/it#organization\"},\"image\":{\"@id\":\"https:\\\/\\\/cinema.video\\\/it\\\/a-fine-mese-uscira-il-bando-produzione-di-regione-lombardia-annunciato-a-visioni-incontra-un-possibile-fondo-per-lo-sviluppo-per-il-2024#primaryimage\"},\"thumbnailUrl\":\"https:\\\/\\\/cinema.video\\\/wp-content\\\/uploads\\\/2023\\\/09\\\/IMG-20230914-WA0039-e1694728899813.jpg\",\"keywords\":[\"DOCUMENTARY\",\"focus\",\"LOMBARDIA FILM COMMISSION\"],\"inLanguage\":\"it-IT\"},{\"@type\":\"WebPage\",\"@id\":\"https:\\\/\\\/cinema.video\\\/it\\\/a-fine-mese-uscira-il-bando-produzione-di-regione-lombardia-annunciato-a-visioni-incontra-un-possibile-fondo-per-lo-sviluppo-per-il-2024\",\"url\":\"https:\\\/\\\/cinema.video\\\/it\\\/a-fine-mese-uscira-il-bando-produzione-di-regione-lombardia-annunciato-a-visioni-incontra-un-possibile-fondo-per-lo-sviluppo-per-il-2024\",\"name\":\"LOMBARDIA A fine mese il Fondo si lavora a un bando di sviluppo - Cinema &amp; Video International\",\"isPartOf\":{\"@id\":\"https:\\\/\\\/cinema.video\\\/it#website\"},\"primaryImageOfPage\":{\"@id\":\"https:\\\/\\\/cinema.video\\\/it\\\/a-fine-mese-uscira-il-bando-produzione-di-regione-lombardia-annunciato-a-visioni-incontra-un-possibile-fondo-per-lo-sviluppo-per-il-2024#primaryimage\"},\"image\":{\"@id\":\"https:\\\/\\\/cinema.video\\\/it\\\/a-fine-mese-uscira-il-bando-produzione-di-regione-lombardia-annunciato-a-visioni-incontra-un-possibile-fondo-per-lo-sviluppo-per-il-2024#primaryimage\"},\"thumbnailUrl\":\"https:\\\/\\\/cinema.video\\\/wp-content\\\/uploads\\\/2023\\\/09\\\/IMG-20230914-WA0039-e1694728899813.jpg\",\"datePublished\":\"2023-09-14T17:45:00+00:00\",\"dateModified\":\"2026-04-10T02:02:44+00:00\",\"description\":\"LOMBARDIA A fine mese il Fondo si lavora a un bando di sviluppo \u2013 lombardia a fine mese il fondo. Si apre sotto una configurazione astrale positiva il nuo\",\"breadcrumb\":{\"@id\":\"https:\\\/\\\/cinema.video\\\/it\\\/a-fine-mese-uscira-il-bando-produzione-di-regione-lombardia-annunciato-a-visioni-incontra-un-possibile-fondo-per-lo-sviluppo-per-il-2024#breadcrumb\"},\"inLanguage\":\"it-IT\",\"potentialAction\":[{\"@type\":\"ReadAction\",\"target\":[\"https:\\\/\\\/cinema.video\\\/it\\\/a-fine-mese-uscira-il-bando-produzione-di-regione-lombardia-annunciato-a-visioni-incontra-un-possibile-fondo-per-lo-sviluppo-per-il-2024\"]}]},{\"@type\":\"ImageObject\",\"inLanguage\":\"it-IT\",\"@id\":\"https:\\\/\\\/cinema.video\\\/it\\\/a-fine-mese-uscira-il-bando-produzione-di-regione-lombardia-annunciato-a-visioni-incontra-un-possibile-fondo-per-lo-sviluppo-per-il-2024#primaryimage\",\"url\":\"https:\\\/\\\/cinema.video\\\/wp-content\\\/uploads\\\/2023\\\/09\\\/IMG-20230914-WA0039-e1694728899813.jpg\",\"contentUrl\":\"https:\\\/\\\/cinema.video\\\/wp-content\\\/uploads\\\/2023\\\/09\\\/IMG-20230914-WA0039-e1694728899813.jpg\",\"width\":800,\"height\":600,\"caption\":\"A fine mese uscir\u00e0 il bando produzione di Regione Lombardia. Annunciato a Visioni Incontra un possibile fondo per lo sviluppo per il 2024\"},{\"@type\":\"BreadcrumbList\",\"@id\":\"https:\\\/\\\/cinema.video\\\/it\\\/a-fine-mese-uscira-il-bando-produzione-di-regione-lombardia-annunciato-a-visioni-incontra-un-possibile-fondo-per-lo-sviluppo-per-il-2024#breadcrumb\",\"itemListElement\":[{\"@type\":\"ListItem\",\"position\":1,\"name\":\"Home\",\"item\":\"https:\\\/\\\/cinema.video\\\/it\\\/home-2\"},{\"@type\":\"ListItem\",\"position\":2,\"name\":\"LOMBARDIA A fine mese il Fondo si lavora a un bando di sviluppo\"}]},{\"@type\":\"WebSite\",\"@id\":\"https:\\\/\\\/cinema.video\\\/it#website\",\"url\":\"https:\\\/\\\/cinema.video\\\/it\",\"name\":\"Cinema & Video International\",\"description\":\"Film &amp; Audiovisual Industry Trade Magazine\",\"publisher\":{\"@id\":\"https:\\\/\\\/cinema.video\\\/it#organization\"},\"alternateName\":\"Cinema & Video\",\"potentialAction\":[{\"@type\":\"SearchAction\",\"target\":{\"@type\":\"EntryPoint\",\"urlTemplate\":\"https:\\\/\\\/cinema.video\\\/it?s={search_term_string}\"},\"query-input\":{\"@type\":\"PropertyValueSpecification\",\"valueRequired\":true,\"valueName\":\"search_term_string\"}}],\"inLanguage\":\"it-IT\"},{\"@type\":\"Organization\",\"@id\":\"https:\\\/\\\/cinema.video\\\/it#organization\",\"name\":\"Cinema & Video\",\"url\":\"https:\\\/\\\/cinema.video\\\/it\",\"logo\":{\"@type\":\"ImageObject\",\"inLanguage\":\"it-IT\",\"@id\":\"https:\\\/\\\/cinema.video\\\/it#\\\/schema\\\/logo\\\/image\\\/\",\"url\":\"https:\\\/\\\/cinema.video\\\/wp-content\\\/uploads\\\/2026\\\/04\\\/CinemVideo_LogoBlack.png\",\"contentUrl\":\"https:\\\/\\\/cinema.video\\\/wp-content\\\/uploads\\\/2026\\\/04\\\/CinemVideo_LogoBlack.png\",\"width\":1336,\"height\":224,\"caption\":\"Cinema & Video\"},\"image\":{\"@id\":\"https:\\\/\\\/cinema.video\\\/it#\\\/schema\\\/logo\\\/image\\\/\"},\"sameAs\":[\"https:\\\/\\\/www.facebook.com\\\/CinemaVideoInternational\\\/\",\"https:\\\/\\\/www.instagram.com\\\/cinemaevideointernational\\\/\",\"https:\\\/\\\/it.linkedin.com\\\/company\\\/cinema-video-international\"],\"description\":\"Media Consulting & Marketing Agency\",\"email\":\"hello@darostudio.com\",\"legalName\":\"DARO studio LLC\",\"foundingDate\":\"2021-02-16\",\"numberOfEmployees\":{\"@type\":\"QuantitativeValue\",\"minValue\":\"1\",\"maxValue\":\"10\"}},{\"@type\":\"Person\",\"@id\":\"https:\\\/\\\/cinema.video\\\/it#\\\/schema\\\/person\\\/d5479fad8d0f2360000eb4aab6bb6e5d\",\"name\":\"Carolina Mancini\",\"image\":{\"@type\":\"ImageObject\",\"inLanguage\":\"it-IT\",\"@id\":\"https:\\\/\\\/secure.gravatar.com\\\/avatar\\\/d4758965c5e8730dbaaa7131a628547771a26c1e5bf14fe323d96f8246a62baf?s=96&d=mm&r=g\",\"url\":\"https:\\\/\\\/secure.gravatar.com\\\/avatar\\\/d4758965c5e8730dbaaa7131a628547771a26c1e5bf14fe323d96f8246a62baf?s=96&d=mm&r=g\",\"contentUrl\":\"https:\\\/\\\/secure.gravatar.com\\\/avatar\\\/d4758965c5e8730dbaaa7131a628547771a26c1e5bf14fe323d96f8246a62baf?s=96&d=mm&r=g\",\"caption\":\"Carolina Mancini\"},\"url\":\"https:\\\/\\\/cinema.video\\\/it\\\/author\\\/carolin\"}]}<\/script>\n<!-- \/ Yoast SEO Premium plugin. -->","yoast_head_json":{"title":"LOMBARDIA A fine mese il Fondo si lavora a un bando di sviluppo - Cinema &amp; Video International","description":"LOMBARDIA A fine mese il Fondo si lavora a un bando di sviluppo \u2013 lombardia a fine mese il fondo. Si apre sotto una configurazione astrale positiva il nuo","robots":{"index":"index","follow":"follow","max-snippet":"max-snippet:-1","max-image-preview":"max-image-preview:large","max-video-preview":"max-video-preview:-1"},"canonical":"https:\/\/cinema.video\/it\/a-fine-mese-uscira-il-bando-produzione-di-regione-lombardia-annunciato-a-visioni-incontra-un-possibile-fondo-per-lo-sviluppo-per-il-2024","og_locale":"it_IT","og_type":"article","og_title":"LOMBARDIA A fine mese il Fondo si lavora a un bando di sviluppo","og_description":"LOMBARDIA A fine mese il Fondo si lavora a un bando di sviluppo \u2013 lombardia a fine mese il fondo. Si apre sotto una configurazione astrale positiva il nuo","og_url":"https:\/\/cinema.video\/it\/a-fine-mese-uscira-il-bando-produzione-di-regione-lombardia-annunciato-a-visioni-incontra-un-possibile-fondo-per-lo-sviluppo-per-il-2024","og_site_name":"Cinema &amp; Video International","article_publisher":"https:\/\/www.facebook.com\/CinemaVideoInternational\/","article_published_time":"2023-09-14T17:45:00+00:00","article_modified_time":"2026-04-10T02:02:44+00:00","og_image":[{"width":800,"height":600,"url":"https:\/\/cinema.video\/wp-content\/uploads\/2023\/09\/IMG-20230914-WA0039-e1694728899813.jpg","type":"image\/jpeg"}],"author":"Carolina Mancini","twitter_card":"summary_large_image","twitter_misc":{"Scritto da":"Carolina Mancini","Tempo di lettura stimato":"3 minuti"},"schema":{"@context":"https:\/\/schema.org","@graph":[{"@type":"Article","@id":"https:\/\/cinema.video\/it\/a-fine-mese-uscira-il-bando-produzione-di-regione-lombardia-annunciato-a-visioni-incontra-un-possibile-fondo-per-lo-sviluppo-per-il-2024#article","isPartOf":{"@id":"https:\/\/cinema.video\/it\/a-fine-mese-uscira-il-bando-produzione-di-regione-lombardia-annunciato-a-visioni-incontra-un-possibile-fondo-per-lo-sviluppo-per-il-2024"},"author":{"name":"Carolina Mancini","@id":"https:\/\/cinema.video\/it#\/schema\/person\/d5479fad8d0f2360000eb4aab6bb6e5d"},"headline":"LOMBARDIA A fine mese il Fondo si lavora a un bando di sviluppo","datePublished":"2023-09-14T17:45:00+00:00","dateModified":"2026-04-10T02:02:44+00:00","mainEntityOfPage":{"@id":"https:\/\/cinema.video\/it\/a-fine-mese-uscira-il-bando-produzione-di-regione-lombardia-annunciato-a-visioni-incontra-un-possibile-fondo-per-lo-sviluppo-per-il-2024"},"wordCount":519,"publisher":{"@id":"https:\/\/cinema.video\/it#organization"},"image":{"@id":"https:\/\/cinema.video\/it\/a-fine-mese-uscira-il-bando-produzione-di-regione-lombardia-annunciato-a-visioni-incontra-un-possibile-fondo-per-lo-sviluppo-per-il-2024#primaryimage"},"thumbnailUrl":"https:\/\/cinema.video\/wp-content\/uploads\/2023\/09\/IMG-20230914-WA0039-e1694728899813.jpg","keywords":["DOCUMENTARY","focus","LOMBARDIA FILM COMMISSION"],"inLanguage":"it-IT"},{"@type":"WebPage","@id":"https:\/\/cinema.video\/it\/a-fine-mese-uscira-il-bando-produzione-di-regione-lombardia-annunciato-a-visioni-incontra-un-possibile-fondo-per-lo-sviluppo-per-il-2024","url":"https:\/\/cinema.video\/it\/a-fine-mese-uscira-il-bando-produzione-di-regione-lombardia-annunciato-a-visioni-incontra-un-possibile-fondo-per-lo-sviluppo-per-il-2024","name":"LOMBARDIA A fine mese il Fondo si lavora a un bando di sviluppo - Cinema &amp; Video International","isPartOf":{"@id":"https:\/\/cinema.video\/it#website"},"primaryImageOfPage":{"@id":"https:\/\/cinema.video\/it\/a-fine-mese-uscira-il-bando-produzione-di-regione-lombardia-annunciato-a-visioni-incontra-un-possibile-fondo-per-lo-sviluppo-per-il-2024#primaryimage"},"image":{"@id":"https:\/\/cinema.video\/it\/a-fine-mese-uscira-il-bando-produzione-di-regione-lombardia-annunciato-a-visioni-incontra-un-possibile-fondo-per-lo-sviluppo-per-il-2024#primaryimage"},"thumbnailUrl":"https:\/\/cinema.video\/wp-content\/uploads\/2023\/09\/IMG-20230914-WA0039-e1694728899813.jpg","datePublished":"2023-09-14T17:45:00+00:00","dateModified":"2026-04-10T02:02:44+00:00","description":"LOMBARDIA A fine mese il Fondo si lavora a un bando di sviluppo \u2013 lombardia a fine mese il fondo. Si apre sotto una configurazione astrale positiva il nuo","breadcrumb":{"@id":"https:\/\/cinema.video\/it\/a-fine-mese-uscira-il-bando-produzione-di-regione-lombardia-annunciato-a-visioni-incontra-un-possibile-fondo-per-lo-sviluppo-per-il-2024#breadcrumb"},"inLanguage":"it-IT","potentialAction":[{"@type":"ReadAction","target":["https:\/\/cinema.video\/it\/a-fine-mese-uscira-il-bando-produzione-di-regione-lombardia-annunciato-a-visioni-incontra-un-possibile-fondo-per-lo-sviluppo-per-il-2024"]}]},{"@type":"ImageObject","inLanguage":"it-IT","@id":"https:\/\/cinema.video\/it\/a-fine-mese-uscira-il-bando-produzione-di-regione-lombardia-annunciato-a-visioni-incontra-un-possibile-fondo-per-lo-sviluppo-per-il-2024#primaryimage","url":"https:\/\/cinema.video\/wp-content\/uploads\/2023\/09\/IMG-20230914-WA0039-e1694728899813.jpg","contentUrl":"https:\/\/cinema.video\/wp-content\/uploads\/2023\/09\/IMG-20230914-WA0039-e1694728899813.jpg","width":800,"height":600,"caption":"A fine mese uscir\u00e0 il bando produzione di Regione Lombardia. Annunciato a Visioni Incontra un possibile fondo per lo sviluppo per il 2024"},{"@type":"BreadcrumbList","@id":"https:\/\/cinema.video\/it\/a-fine-mese-uscira-il-bando-produzione-di-regione-lombardia-annunciato-a-visioni-incontra-un-possibile-fondo-per-lo-sviluppo-per-il-2024#breadcrumb","itemListElement":[{"@type":"ListItem","position":1,"name":"Home","item":"https:\/\/cinema.video\/it\/home-2"},{"@type":"ListItem","position":2,"name":"LOMBARDIA A fine mese il Fondo si lavora a un bando di sviluppo"}]},{"@type":"WebSite","@id":"https:\/\/cinema.video\/it#website","url":"https:\/\/cinema.video\/it","name":"Cinema & Video International","description":"Film &amp; Audiovisual Industry Trade Magazine","publisher":{"@id":"https:\/\/cinema.video\/it#organization"},"alternateName":"Cinema & Video","potentialAction":[{"@type":"SearchAction","target":{"@type":"EntryPoint","urlTemplate":"https:\/\/cinema.video\/it?s={search_term_string}"},"query-input":{"@type":"PropertyValueSpecification","valueRequired":true,"valueName":"search_term_string"}}],"inLanguage":"it-IT"},{"@type":"Organization","@id":"https:\/\/cinema.video\/it#organization","name":"Cinema & Video","url":"https:\/\/cinema.video\/it","logo":{"@type":"ImageObject","inLanguage":"it-IT","@id":"https:\/\/cinema.video\/it#\/schema\/logo\/image\/","url":"https:\/\/cinema.video\/wp-content\/uploads\/2026\/04\/CinemVideo_LogoBlack.png","contentUrl":"https:\/\/cinema.video\/wp-content\/uploads\/2026\/04\/CinemVideo_LogoBlack.png","width":1336,"height":224,"caption":"Cinema & Video"},"image":{"@id":"https:\/\/cinema.video\/it#\/schema\/logo\/image\/"},"sameAs":["https:\/\/www.facebook.com\/CinemaVideoInternational\/","https:\/\/www.instagram.com\/cinemaevideointernational\/","https:\/\/it.linkedin.com\/company\/cinema-video-international"],"description":"Media Consulting & Marketing Agency","email":"hello@darostudio.com","legalName":"DARO studio LLC","foundingDate":"2021-02-16","numberOfEmployees":{"@type":"QuantitativeValue","minValue":"1","maxValue":"10"}},{"@type":"Person","@id":"https:\/\/cinema.video\/it#\/schema\/person\/d5479fad8d0f2360000eb4aab6bb6e5d","name":"Carolina Mancini","image":{"@type":"ImageObject","inLanguage":"it-IT","@id":"https:\/\/secure.gravatar.com\/avatar\/d4758965c5e8730dbaaa7131a628547771a26c1e5bf14fe323d96f8246a62baf?s=96&d=mm&r=g","url":"https:\/\/secure.gravatar.com\/avatar\/d4758965c5e8730dbaaa7131a628547771a26c1e5bf14fe323d96f8246a62baf?s=96&d=mm&r=g","contentUrl":"https:\/\/secure.gravatar.com\/avatar\/d4758965c5e8730dbaaa7131a628547771a26c1e5bf14fe323d96f8246a62baf?s=96&d=mm&r=g","caption":"Carolina Mancini"},"url":"https:\/\/cinema.video\/it\/author\/carolin"}]}},"jetpack_featured_media_url":"https:\/\/cinema.video\/wp-content\/uploads\/2023\/09\/IMG-20230914-WA0039-e1694728899813.jpg","jetpack_shortlink":"https:\/\/wp.me\/ph672m-1eSo","_links":{"self":[{"href":"https:\/\/cinema.video\/it\/wp-json\/wp\/v2\/posts\/295516","targetHints":{"allow":["GET"]}}],"collection":[{"href":"https:\/\/cinema.video\/it\/wp-json\/wp\/v2\/posts"}],"about":[{"href":"https:\/\/cinema.video\/it\/wp-json\/wp\/v2\/types\/post"}],"author":[{"embeddable":true,"href":"https:\/\/cinema.video\/it\/wp-json\/wp\/v2\/users\/2"}],"replies":[{"embeddable":true,"href":"https:\/\/cinema.video\/it\/wp-json\/wp\/v2\/comments?post=295516"}],"version-history":[{"count":1,"href":"https:\/\/cinema.video\/it\/wp-json\/wp\/v2\/posts\/295516\/revisions"}],"predecessor-version":[{"id":309116,"href":"https:\/\/cinema.video\/it\/wp-json\/wp\/v2\/posts\/295516\/revisions\/309116"}],"wp:featuredmedia":[{"embeddable":true,"href":"https:\/\/cinema.video\/it\/wp-json\/wp\/v2\/media\/295517"}],"wp:attachment":[{"href":"https:\/\/cinema.video\/it\/wp-json\/wp\/v2\/media?parent=295516"}],"wp:term":[{"taxonomy":"category","embeddable":true,"href":"https:\/\/cinema.video\/it\/wp-json\/wp\/v2\/categories?post=295516"},{"taxonomy":"post_tag","embeddable":true,"href":"https:\/\/cinema.video\/it\/wp-json\/wp\/v2\/tags?post=295516"}],"curies":[{"name":"wp","href":"https:\/\/api.w.org\/{rel}","templated":true}]}}