{"id":295418,"date":"2023-09-07T10:34:00","date_gmt":"2023-09-07T08:34:00","guid":{"rendered":"https:\/\/cinema.video\/?p=295418"},"modified":"2026-04-10T04:02:38","modified_gmt":"2026-04-10T02:02:38","slug":"cresce-laffluenza-a-venice-production-bridge-i-vincitori-di-final-cut-in-venice","status":"publish","type":"post","link":"https:\/\/cinema.video\/it\/cresce-laffluenza-a-venice-production-bridge-i-vincitori-di-final-cut-in-venice","title":{"rendered":"Cresce l&#8217;affluenza. I vincitori di Final Cut in Venice"},"content":{"rendered":"\n<p class=\"wp-block-paragraph\">Si \u00e8 concluso con successo Venice Production Bridge, l&#8217;hub della Mostra del Cinema di Venezia dedicato all&#8217;avanzamento e alla chiusura dei budget dei progetti dei produttori indipendenti: l&#8217;affluenza \u00e8 decisamente cresciuta, con 2903 delegati professionali presenti (erano 1742 nel 2021 e 2477\u00a0l&#8217;anno passato).<\/p>\n\n\n\n<p class=\"wp-block-paragraph\">Il Venice Gap Financing Market, giunto alla sua decima edizione, ha dato spazio a  48 progetti, di cui 34 di fiction e documentari e 14 storie immersive, diretti da  22 registe donne e  28 uomini.<\/p>\n\n\n\n<p class=\"wp-block-paragraph\">Fra questi, \u00e8 stato particolarmente richiesto <em><strong>Fiore<\/strong><\/em> di <strong>Paolo Cognetti<\/strong>, attualmente sul set: il film racconta un anno di vita e storie di montagna nel corso del passaggio delle stagioni. Le locations coinvolte sono il Rifugio Mezzalama, il Rifugio Quintino Sella e Estoul,  in Val d&#8217;Ayas. Il film \u00e8 prodotto da <strong>Samarcanda Film, Nexo Digital <\/strong>(che lo distribuir\u00e0 al cinema), in co-produzione con la belga <strong>Harald House<\/strong> e in collaborazione con la societ\u00e0 di produzione valdostana l&#8217;<strong>Eubage<\/strong> e con il sostegno di <strong> Film Commission Vall\u00e9e D\u2019Aoste<\/strong><\/p>\n\n\n\n<p class=\"wp-block-paragraph\">Per quanto riguarda invece Final Cut in Venice, il workshop che supporta film in post-produzione provenienti dai paesi arabi e africani, il Premio al Miglior Film (5000 euro in cash per la post-produzione offerti da <strong>La Biennale di Venezia<\/strong>), \u00e8 andato al progetto sudafricano <strong><em>Carissa<\/em><\/strong> di <strong>Jason Jacobs and Devon Delmar,\u00a0<\/strong>prodotto da Deidre Jantjies, Annemarie Du Plessis.<\/p>\n\n\n\n<p class=\"wp-block-paragraph\">A decretarlo, la giuria composta da <strong>Bobby Allen<\/strong> (MUBI), <strong>Enrico Bufalini<\/strong> (Cinecitt\u00e0) and <strong>Sarah Chazelle<\/strong> (The Party Film Sales) con questa motivazione: <br>\u00a0&#8220;Siamo stati rapiti da questo viaggio che dalla modernit\u00e0 torna alle tradizioni e alle decisioni che siamo portati a prendere fra una vita pi\u00f9 semplice, con il progresso economico e una  pi\u00f9 semplice con la natura.&#8221;  <\/p>\n\n\n\n<p class=\"wp-block-paragraph\">Il film ha anche vinto il <strong>Coup de c\u0153ur de la Cin\u00e9math\u00e8que Afrique<\/strong>, che consiste nell&#8217;acquisizione dei diritti non commerciali e non esclusivi di broadcastaing per 7 anni, per un valore compreso fra i 4 e i 6 mila euro, e la partecipazione ai costi di produzione di un DCP (\u20ac 2.500) da parte del <strong>Festival International de Films de Fribourg<\/strong>.<\/p>\n\n\n\n<p class=\"wp-block-paragraph\">A questo link, tutti i vincitori di <a href=\"https:\/\/mcusercontent.com\/a5a1476b4b2a4d034ebb9e118\/files\/b4ff9df7-a8ed-3c2f-20de-031ff62b1258\/PR_FINAL_CUT_IN_VENICE_AWARDS.pdf\"><strong>Final Cut in Venice<\/strong><\/a><\/p>\n","protected":false},"excerpt":{"rendered":"<p>I vincitori di Final Cut in Venice.  I 10 anni di VGFM:fra i progetti selezionati quest&#8217;anno, il film di Paolo Cognetti, attualmente sul set, <\/p>\n","protected":false},"author":2,"featured_media":295419,"comment_status":"closed","ping_status":"closed","sticky":false,"template":"","format":"standard","meta":{"googlesitekit_rrm_CAow3e7fCw:productID":"","_crdt_document":"","footnotes":""},"categories":[1],"tags":[1054,356],"class_list":{"0":"post-295418","1":"post","2":"type-post","3":"status-publish","4":"format-standard","5":"has-post-thumbnail","7":"category-senza-categoria","8":"tag-final-cut-in-venice","9":"tag-focus"},"yoast_head":"<!-- This site is optimized with the Yoast SEO Premium plugin v27.4 (Yoast SEO v27.5) - https:\/\/yoast.com\/product\/yoast-seo-premium-wordpress\/ -->\n<title>Cresce l&#039;affluenza. I vincitori di Final Cut in Venice - Cinema &amp; Video International<\/title>\n<meta name=\"description\" content=\"Cresce l&#039;affluenza. I vincitori di Final Cut in Venice \u2013 cresce laffluenza i vincitori di final. Si \u00e8 concluso con successo Venice Production Bridge, l&#039;hu\" \/>\n<meta name=\"robots\" content=\"index, follow, max-snippet:-1, max-image-preview:large, max-video-preview:-1\" \/>\n<link rel=\"canonical\" href=\"https:\/\/cinema.video\/it\/cresce-laffluenza-a-venice-production-bridge-i-vincitori-di-final-cut-in-venice\" \/>\n<meta property=\"og:locale\" content=\"it_IT\" \/>\n<meta property=\"og:type\" content=\"article\" \/>\n<meta property=\"og:title\" content=\"Cresce l&#039;affluenza. I vincitori di Final Cut in Venice\" \/>\n<meta property=\"og:description\" content=\"Cresce l&#039;affluenza. I vincitori di Final Cut in Venice \u2013 cresce laffluenza i vincitori di final. Si \u00e8 concluso con successo Venice Production Bridge, l&#039;hu\" \/>\n<meta property=\"og:url\" content=\"https:\/\/cinema.video\/it\/cresce-laffluenza-a-venice-production-bridge-i-vincitori-di-final-cut-in-venice\" \/>\n<meta property=\"og:site_name\" content=\"Cinema &amp; Video International\" \/>\n<meta property=\"article:publisher\" content=\"https:\/\/www.facebook.com\/CinemaVideoInternational\/\" \/>\n<meta property=\"article:published_time\" content=\"2023-09-07T08:34:00+00:00\" \/>\n<meta property=\"article:modified_time\" content=\"2026-04-10T02:02:38+00:00\" \/>\n<meta property=\"og:image\" content=\"https:\/\/cinema.video\/wp-content\/uploads\/2023\/09\/3ceca5dc-4e0e-6cf6-fe7e-abc56a394476.jpg\" \/>\n\t<meta property=\"og:image:width\" content=\"600\" \/>\n\t<meta property=\"og:image:height\" content=\"400\" \/>\n\t<meta property=\"og:image:type\" content=\"image\/jpeg\" \/>\n<meta name=\"author\" content=\"Carolina Mancini\" \/>\n<meta name=\"twitter:card\" content=\"summary_large_image\" \/>\n<meta name=\"twitter:label1\" content=\"Scritto da\" \/>\n\t<meta name=\"twitter:data1\" content=\"Carolina Mancini\" \/>\n\t<meta name=\"twitter:label2\" content=\"Tempo di lettura stimato\" \/>\n\t<meta name=\"twitter:data2\" content=\"2 minuti\" \/>\n<script type=\"application\/ld+json\" class=\"yoast-schema-graph\">{\"@context\":\"https:\\\/\\\/schema.org\",\"@graph\":[{\"@type\":\"Article\",\"@id\":\"https:\\\/\\\/cinema.video\\\/it\\\/cresce-laffluenza-a-venice-production-bridge-i-vincitori-di-final-cut-in-venice#article\",\"isPartOf\":{\"@id\":\"https:\\\/\\\/cinema.video\\\/it\\\/cresce-laffluenza-a-venice-production-bridge-i-vincitori-di-final-cut-in-venice\"},\"author\":{\"name\":\"Carolina Mancini\",\"@id\":\"https:\\\/\\\/cinema.video\\\/it#\\\/schema\\\/person\\\/d5479fad8d0f2360000eb4aab6bb6e5d\"},\"headline\":\"Cresce l&#8217;affluenza. I vincitori di Final Cut in Venice\",\"datePublished\":\"2023-09-07T08:34:00+00:00\",\"dateModified\":\"2026-04-10T02:02:38+00:00\",\"mainEntityOfPage\":{\"@id\":\"https:\\\/\\\/cinema.video\\\/it\\\/cresce-laffluenza-a-venice-production-bridge-i-vincitori-di-final-cut-in-venice\"},\"wordCount\":355,\"publisher\":{\"@id\":\"https:\\\/\\\/cinema.video\\\/it#organization\"},\"image\":{\"@id\":\"https:\\\/\\\/cinema.video\\\/it\\\/cresce-laffluenza-a-venice-production-bridge-i-vincitori-di-final-cut-in-venice#primaryimage\"},\"thumbnailUrl\":\"https:\\\/\\\/cinema.video\\\/wp-content\\\/uploads\\\/2023\\\/09\\\/3ceca5dc-4e0e-6cf6-fe7e-abc56a394476.jpg\",\"keywords\":[\"Final Cut in Venice\",\"focus\"],\"inLanguage\":\"it-IT\"},{\"@type\":\"WebPage\",\"@id\":\"https:\\\/\\\/cinema.video\\\/it\\\/cresce-laffluenza-a-venice-production-bridge-i-vincitori-di-final-cut-in-venice\",\"url\":\"https:\\\/\\\/cinema.video\\\/it\\\/cresce-laffluenza-a-venice-production-bridge-i-vincitori-di-final-cut-in-venice\",\"name\":\"Cresce l'affluenza. I vincitori di Final Cut in Venice - Cinema &amp; Video International\",\"isPartOf\":{\"@id\":\"https:\\\/\\\/cinema.video\\\/it#website\"},\"primaryImageOfPage\":{\"@id\":\"https:\\\/\\\/cinema.video\\\/it\\\/cresce-laffluenza-a-venice-production-bridge-i-vincitori-di-final-cut-in-venice#primaryimage\"},\"image\":{\"@id\":\"https:\\\/\\\/cinema.video\\\/it\\\/cresce-laffluenza-a-venice-production-bridge-i-vincitori-di-final-cut-in-venice#primaryimage\"},\"thumbnailUrl\":\"https:\\\/\\\/cinema.video\\\/wp-content\\\/uploads\\\/2023\\\/09\\\/3ceca5dc-4e0e-6cf6-fe7e-abc56a394476.jpg\",\"datePublished\":\"2023-09-07T08:34:00+00:00\",\"dateModified\":\"2026-04-10T02:02:38+00:00\",\"description\":\"Cresce l'affluenza. I vincitori di Final Cut in Venice \u2013 cresce laffluenza i vincitori di final. Si \u00e8 concluso con successo Venice Production Bridge, l'hu\",\"breadcrumb\":{\"@id\":\"https:\\\/\\\/cinema.video\\\/it\\\/cresce-laffluenza-a-venice-production-bridge-i-vincitori-di-final-cut-in-venice#breadcrumb\"},\"inLanguage\":\"it-IT\",\"potentialAction\":[{\"@type\":\"ReadAction\",\"target\":[\"https:\\\/\\\/cinema.video\\\/it\\\/cresce-laffluenza-a-venice-production-bridge-i-vincitori-di-final-cut-in-venice\"]}]},{\"@type\":\"ImageObject\",\"inLanguage\":\"it-IT\",\"@id\":\"https:\\\/\\\/cinema.video\\\/it\\\/cresce-laffluenza-a-venice-production-bridge-i-vincitori-di-final-cut-in-venice#primaryimage\",\"url\":\"https:\\\/\\\/cinema.video\\\/wp-content\\\/uploads\\\/2023\\\/09\\\/3ceca5dc-4e0e-6cf6-fe7e-abc56a394476.jpg\",\"contentUrl\":\"https:\\\/\\\/cinema.video\\\/wp-content\\\/uploads\\\/2023\\\/09\\\/3ceca5dc-4e0e-6cf6-fe7e-abc56a394476.jpg\",\"width\":600,\"height\":400},{\"@type\":\"BreadcrumbList\",\"@id\":\"https:\\\/\\\/cinema.video\\\/it\\\/cresce-laffluenza-a-venice-production-bridge-i-vincitori-di-final-cut-in-venice#breadcrumb\",\"itemListElement\":[{\"@type\":\"ListItem\",\"position\":1,\"name\":\"Home\",\"item\":\"https:\\\/\\\/cinema.video\\\/it\\\/home-2\"},{\"@type\":\"ListItem\",\"position\":2,\"name\":\"Cresce l&#8217;affluenza. I vincitori di Final Cut in Venice\"}]},{\"@type\":\"WebSite\",\"@id\":\"https:\\\/\\\/cinema.video\\\/it#website\",\"url\":\"https:\\\/\\\/cinema.video\\\/it\",\"name\":\"Cinema & Video International\",\"description\":\"Film &amp; Audiovisual Industry Trade Magazine\",\"publisher\":{\"@id\":\"https:\\\/\\\/cinema.video\\\/it#organization\"},\"alternateName\":\"Cinema & Video\",\"potentialAction\":[{\"@type\":\"SearchAction\",\"target\":{\"@type\":\"EntryPoint\",\"urlTemplate\":\"https:\\\/\\\/cinema.video\\\/it?s={search_term_string}\"},\"query-input\":{\"@type\":\"PropertyValueSpecification\",\"valueRequired\":true,\"valueName\":\"search_term_string\"}}],\"inLanguage\":\"it-IT\"},{\"@type\":\"Organization\",\"@id\":\"https:\\\/\\\/cinema.video\\\/it#organization\",\"name\":\"Cinema & Video\",\"url\":\"https:\\\/\\\/cinema.video\\\/it\",\"logo\":{\"@type\":\"ImageObject\",\"inLanguage\":\"it-IT\",\"@id\":\"https:\\\/\\\/cinema.video\\\/it#\\\/schema\\\/logo\\\/image\\\/\",\"url\":\"https:\\\/\\\/cinema.video\\\/wp-content\\\/uploads\\\/2026\\\/04\\\/CinemVideo_LogoBlack.png\",\"contentUrl\":\"https:\\\/\\\/cinema.video\\\/wp-content\\\/uploads\\\/2026\\\/04\\\/CinemVideo_LogoBlack.png\",\"width\":1336,\"height\":224,\"caption\":\"Cinema & Video\"},\"image\":{\"@id\":\"https:\\\/\\\/cinema.video\\\/it#\\\/schema\\\/logo\\\/image\\\/\"},\"sameAs\":[\"https:\\\/\\\/www.facebook.com\\\/CinemaVideoInternational\\\/\",\"https:\\\/\\\/www.instagram.com\\\/cinemaevideointernational\\\/\",\"https:\\\/\\\/it.linkedin.com\\\/company\\\/cinema-video-international\"],\"description\":\"Media Consulting & Marketing Agency\",\"email\":\"hello@darostudio.com\",\"legalName\":\"DARO studio LLC\",\"foundingDate\":\"2021-02-16\",\"numberOfEmployees\":{\"@type\":\"QuantitativeValue\",\"minValue\":\"1\",\"maxValue\":\"10\"}},{\"@type\":\"Person\",\"@id\":\"https:\\\/\\\/cinema.video\\\/it#\\\/schema\\\/person\\\/d5479fad8d0f2360000eb4aab6bb6e5d\",\"name\":\"Carolina Mancini\",\"image\":{\"@type\":\"ImageObject\",\"inLanguage\":\"it-IT\",\"@id\":\"https:\\\/\\\/secure.gravatar.com\\\/avatar\\\/d4758965c5e8730dbaaa7131a628547771a26c1e5bf14fe323d96f8246a62baf?s=96&d=mm&r=g\",\"url\":\"https:\\\/\\\/secure.gravatar.com\\\/avatar\\\/d4758965c5e8730dbaaa7131a628547771a26c1e5bf14fe323d96f8246a62baf?s=96&d=mm&r=g\",\"contentUrl\":\"https:\\\/\\\/secure.gravatar.com\\\/avatar\\\/d4758965c5e8730dbaaa7131a628547771a26c1e5bf14fe323d96f8246a62baf?s=96&d=mm&r=g\",\"caption\":\"Carolina Mancini\"},\"url\":\"https:\\\/\\\/cinema.video\\\/it\\\/author\\\/carolin\"}]}<\/script>\n<!-- \/ Yoast SEO Premium plugin. -->","yoast_head_json":{"title":"Cresce l'affluenza. I vincitori di Final Cut in Venice - Cinema &amp; Video International","description":"Cresce l'affluenza. I vincitori di Final Cut in Venice \u2013 cresce laffluenza i vincitori di final. Si \u00e8 concluso con successo Venice Production Bridge, l'hu","robots":{"index":"index","follow":"follow","max-snippet":"max-snippet:-1","max-image-preview":"max-image-preview:large","max-video-preview":"max-video-preview:-1"},"canonical":"https:\/\/cinema.video\/it\/cresce-laffluenza-a-venice-production-bridge-i-vincitori-di-final-cut-in-venice","og_locale":"it_IT","og_type":"article","og_title":"Cresce l'affluenza. I vincitori di Final Cut in Venice","og_description":"Cresce l'affluenza. I vincitori di Final Cut in Venice \u2013 cresce laffluenza i vincitori di final. Si \u00e8 concluso con successo Venice Production Bridge, l'hu","og_url":"https:\/\/cinema.video\/it\/cresce-laffluenza-a-venice-production-bridge-i-vincitori-di-final-cut-in-venice","og_site_name":"Cinema &amp; Video International","article_publisher":"https:\/\/www.facebook.com\/CinemaVideoInternational\/","article_published_time":"2023-09-07T08:34:00+00:00","article_modified_time":"2026-04-10T02:02:38+00:00","og_image":[{"width":600,"height":400,"url":"https:\/\/cinema.video\/wp-content\/uploads\/2023\/09\/3ceca5dc-4e0e-6cf6-fe7e-abc56a394476.jpg","type":"image\/jpeg"}],"author":"Carolina Mancini","twitter_card":"summary_large_image","twitter_misc":{"Scritto da":"Carolina Mancini","Tempo di lettura stimato":"2 minuti"},"schema":{"@context":"https:\/\/schema.org","@graph":[{"@type":"Article","@id":"https:\/\/cinema.video\/it\/cresce-laffluenza-a-venice-production-bridge-i-vincitori-di-final-cut-in-venice#article","isPartOf":{"@id":"https:\/\/cinema.video\/it\/cresce-laffluenza-a-venice-production-bridge-i-vincitori-di-final-cut-in-venice"},"author":{"name":"Carolina Mancini","@id":"https:\/\/cinema.video\/it#\/schema\/person\/d5479fad8d0f2360000eb4aab6bb6e5d"},"headline":"Cresce l&#8217;affluenza. I vincitori di Final Cut in Venice","datePublished":"2023-09-07T08:34:00+00:00","dateModified":"2026-04-10T02:02:38+00:00","mainEntityOfPage":{"@id":"https:\/\/cinema.video\/it\/cresce-laffluenza-a-venice-production-bridge-i-vincitori-di-final-cut-in-venice"},"wordCount":355,"publisher":{"@id":"https:\/\/cinema.video\/it#organization"},"image":{"@id":"https:\/\/cinema.video\/it\/cresce-laffluenza-a-venice-production-bridge-i-vincitori-di-final-cut-in-venice#primaryimage"},"thumbnailUrl":"https:\/\/cinema.video\/wp-content\/uploads\/2023\/09\/3ceca5dc-4e0e-6cf6-fe7e-abc56a394476.jpg","keywords":["Final Cut in Venice","focus"],"inLanguage":"it-IT"},{"@type":"WebPage","@id":"https:\/\/cinema.video\/it\/cresce-laffluenza-a-venice-production-bridge-i-vincitori-di-final-cut-in-venice","url":"https:\/\/cinema.video\/it\/cresce-laffluenza-a-venice-production-bridge-i-vincitori-di-final-cut-in-venice","name":"Cresce l'affluenza. I vincitori di Final Cut in Venice - Cinema &amp; Video International","isPartOf":{"@id":"https:\/\/cinema.video\/it#website"},"primaryImageOfPage":{"@id":"https:\/\/cinema.video\/it\/cresce-laffluenza-a-venice-production-bridge-i-vincitori-di-final-cut-in-venice#primaryimage"},"image":{"@id":"https:\/\/cinema.video\/it\/cresce-laffluenza-a-venice-production-bridge-i-vincitori-di-final-cut-in-venice#primaryimage"},"thumbnailUrl":"https:\/\/cinema.video\/wp-content\/uploads\/2023\/09\/3ceca5dc-4e0e-6cf6-fe7e-abc56a394476.jpg","datePublished":"2023-09-07T08:34:00+00:00","dateModified":"2026-04-10T02:02:38+00:00","description":"Cresce l'affluenza. I vincitori di Final Cut in Venice \u2013 cresce laffluenza i vincitori di final. Si \u00e8 concluso con successo Venice Production Bridge, l'hu","breadcrumb":{"@id":"https:\/\/cinema.video\/it\/cresce-laffluenza-a-venice-production-bridge-i-vincitori-di-final-cut-in-venice#breadcrumb"},"inLanguage":"it-IT","potentialAction":[{"@type":"ReadAction","target":["https:\/\/cinema.video\/it\/cresce-laffluenza-a-venice-production-bridge-i-vincitori-di-final-cut-in-venice"]}]},{"@type":"ImageObject","inLanguage":"it-IT","@id":"https:\/\/cinema.video\/it\/cresce-laffluenza-a-venice-production-bridge-i-vincitori-di-final-cut-in-venice#primaryimage","url":"https:\/\/cinema.video\/wp-content\/uploads\/2023\/09\/3ceca5dc-4e0e-6cf6-fe7e-abc56a394476.jpg","contentUrl":"https:\/\/cinema.video\/wp-content\/uploads\/2023\/09\/3ceca5dc-4e0e-6cf6-fe7e-abc56a394476.jpg","width":600,"height":400},{"@type":"BreadcrumbList","@id":"https:\/\/cinema.video\/it\/cresce-laffluenza-a-venice-production-bridge-i-vincitori-di-final-cut-in-venice#breadcrumb","itemListElement":[{"@type":"ListItem","position":1,"name":"Home","item":"https:\/\/cinema.video\/it\/home-2"},{"@type":"ListItem","position":2,"name":"Cresce l&#8217;affluenza. I vincitori di Final Cut in Venice"}]},{"@type":"WebSite","@id":"https:\/\/cinema.video\/it#website","url":"https:\/\/cinema.video\/it","name":"Cinema & Video International","description":"Film &amp; Audiovisual Industry Trade Magazine","publisher":{"@id":"https:\/\/cinema.video\/it#organization"},"alternateName":"Cinema & Video","potentialAction":[{"@type":"SearchAction","target":{"@type":"EntryPoint","urlTemplate":"https:\/\/cinema.video\/it?s={search_term_string}"},"query-input":{"@type":"PropertyValueSpecification","valueRequired":true,"valueName":"search_term_string"}}],"inLanguage":"it-IT"},{"@type":"Organization","@id":"https:\/\/cinema.video\/it#organization","name":"Cinema & Video","url":"https:\/\/cinema.video\/it","logo":{"@type":"ImageObject","inLanguage":"it-IT","@id":"https:\/\/cinema.video\/it#\/schema\/logo\/image\/","url":"https:\/\/cinema.video\/wp-content\/uploads\/2026\/04\/CinemVideo_LogoBlack.png","contentUrl":"https:\/\/cinema.video\/wp-content\/uploads\/2026\/04\/CinemVideo_LogoBlack.png","width":1336,"height":224,"caption":"Cinema & Video"},"image":{"@id":"https:\/\/cinema.video\/it#\/schema\/logo\/image\/"},"sameAs":["https:\/\/www.facebook.com\/CinemaVideoInternational\/","https:\/\/www.instagram.com\/cinemaevideointernational\/","https:\/\/it.linkedin.com\/company\/cinema-video-international"],"description":"Media Consulting & Marketing Agency","email":"hello@darostudio.com","legalName":"DARO studio LLC","foundingDate":"2021-02-16","numberOfEmployees":{"@type":"QuantitativeValue","minValue":"1","maxValue":"10"}},{"@type":"Person","@id":"https:\/\/cinema.video\/it#\/schema\/person\/d5479fad8d0f2360000eb4aab6bb6e5d","name":"Carolina Mancini","image":{"@type":"ImageObject","inLanguage":"it-IT","@id":"https:\/\/secure.gravatar.com\/avatar\/d4758965c5e8730dbaaa7131a628547771a26c1e5bf14fe323d96f8246a62baf?s=96&d=mm&r=g","url":"https:\/\/secure.gravatar.com\/avatar\/d4758965c5e8730dbaaa7131a628547771a26c1e5bf14fe323d96f8246a62baf?s=96&d=mm&r=g","contentUrl":"https:\/\/secure.gravatar.com\/avatar\/d4758965c5e8730dbaaa7131a628547771a26c1e5bf14fe323d96f8246a62baf?s=96&d=mm&r=g","caption":"Carolina Mancini"},"url":"https:\/\/cinema.video\/it\/author\/carolin"}]}},"jetpack_featured_media_url":"https:\/\/cinema.video\/wp-content\/uploads\/2023\/09\/3ceca5dc-4e0e-6cf6-fe7e-abc56a394476.jpg","jetpack_shortlink":"https:\/\/wp.me\/ph672m-1eQO","_links":{"self":[{"href":"https:\/\/cinema.video\/it\/wp-json\/wp\/v2\/posts\/295418","targetHints":{"allow":["GET"]}}],"collection":[{"href":"https:\/\/cinema.video\/it\/wp-json\/wp\/v2\/posts"}],"about":[{"href":"https:\/\/cinema.video\/it\/wp-json\/wp\/v2\/types\/post"}],"author":[{"embeddable":true,"href":"https:\/\/cinema.video\/it\/wp-json\/wp\/v2\/users\/2"}],"replies":[{"embeddable":true,"href":"https:\/\/cinema.video\/it\/wp-json\/wp\/v2\/comments?post=295418"}],"version-history":[{"count":1,"href":"https:\/\/cinema.video\/it\/wp-json\/wp\/v2\/posts\/295418\/revisions"}],"predecessor-version":[{"id":309104,"href":"https:\/\/cinema.video\/it\/wp-json\/wp\/v2\/posts\/295418\/revisions\/309104"}],"wp:featuredmedia":[{"embeddable":true,"href":"https:\/\/cinema.video\/it\/wp-json\/wp\/v2\/media\/295419"}],"wp:attachment":[{"href":"https:\/\/cinema.video\/it\/wp-json\/wp\/v2\/media?parent=295418"}],"wp:term":[{"taxonomy":"category","embeddable":true,"href":"https:\/\/cinema.video\/it\/wp-json\/wp\/v2\/categories?post=295418"},{"taxonomy":"post_tag","embeddable":true,"href":"https:\/\/cinema.video\/it\/wp-json\/wp\/v2\/tags?post=295418"}],"curies":[{"name":"wp","href":"https:\/\/api.w.org\/{rel}","templated":true}]}}