{"id":295344,"date":"2023-09-03T18:59:05","date_gmt":"2023-09-03T16:59:05","guid":{"rendered":"https:\/\/cinema.video\/?p=295344"},"modified":"2026-04-10T04:02:31","modified_gmt":"2026-04-10T02:02:31","slug":"lanciato-lapulia-development-film-fund","status":"publish","type":"post","link":"https:\/\/cinema.video\/it\/lanciato-lapulia-development-film-fund","title":{"rendered":"Lanciato l\u2019Apulia Development Film Fund"},"content":{"rendered":"\n<p class=\"wp-block-paragraph\">E\u2019 online, dal 28 agosto, il bando dell\u2019<strong>Apulia Development Film Fund<\/strong>, il nuovo Fondo annunciato oggi, 3 settembre, durante la Mostra del Cinema, nell\u2019incontro organizzato da <strong>Apulia Film Commission<\/strong> negli spazi dell\u2019Ente dello Spettacolo all\u2019Hotel Excelsior del Lido.<\/p>\n\n\n\n<p class=\"wp-block-paragraph\">Con una dotazione di 200 mila euro, il Fondo, illustrato da <strong>Cristina Piscitelli<\/strong>,RUP dell\u2019Avviso Apulia Film Fund, \u00e8 pensato per sostenere le spese di sviluppo e pre-produzione di film per il cinema, serie tv, documentari e animazione. Il requisito, ha sintetizzato Piscitelli, \u00e8 la \u201cpugliesit\u00e0\u201d: il prodotto dev\u2019essere ambientato interamente o prevalentemente in Puglia, o dev\u2019essere scritto da un autore pugliese o tratto da un\u2019opera letteraria originaria del territorio. Il cash rebate \u00e8 del 70% della spesa, con un tetto massimo di 20 mila euro.<\/p>\n\n\n\n<p class=\"wp-block-paragraph\">I professionisti interessati potranno \u201capplicare\u201d a partire dal 2 ottobre prossimo e fino al 31 dello stesso mese.<\/p>\n\n\n\n<p class=\"wp-block-paragraph\">L\u2019incontro, condotto dal direttore di AFC <strong>Antonio Parente<\/strong> e presieduto dalla presidente <strong>Annamaria Tosto<\/strong>, \u00e8 stato l\u2019occasione per presentare un primo bilancio degli ultimi anni di di attivit\u00e0 (risultati eccellenti che sono frutto del \u201clavoro d\u2019intelligenza collettiva\u201d, fatto non solo dalla Film Commission ma anche da tutti i professionisti del territorio, ha commentato Parente).<\/p>\n\n\n\n<p class=\"wp-block-paragraph\">Stanziati, tra il 2020 e il 2021, oltre 18 milioni 500 mila euro (attinti a risorse europee), per un totale di 82 progetti finanziati, le cui produzioni hanno speso sul territorio 47 milioni 500 mila euro, con un rapporto costo-benefici di quasi 1: 2,5, totalizzando 3.300 giornate di lavorazione e impiegando quasi 3 mila professionisti locali; quest\u2019ultimo dato \u00e8 stato enfatizzato da Piscitelli, a conferma dell\u2019importanza della crescita dell\u2019audiovisivo in Puglia anche ai fini occupazionali.<\/p>\n\n\n\n<p class=\"wp-block-paragraph\">Annamaria Tosto, in chiusura, ha assicurato che in questa fase di \u201ctransizione\u201d della programmazione europea, che ha chiuso il settennato 2016\/2020 e sta definendo quello futuro ( \u201cmi hanno assicurato che le risorse saranno superiori ai 20 milioni stanziati nella precedente programmazione \u201d), la Regione Puglia, per tramite della Film Commission, garantir\u00e0 un continuit\u00e0 nelle forme di sostegno: a met\u00e0 settembre, infatti, verr\u00e0 lanciato un nuovo bando, e altri ne seguiranno. Perch\u00e8 l\u2019attenzione al cinema e all\u2019audiovisivo rappresenta \u201cuna scelta strategica per la Regione Puglia\u201d ha ribadito la presidente, anticipando un maggiore impegno verso le \u201cnuove forme di audiovisivo\u201d, dal video game al digitale, con l\u2019intento di &#8220;coinvolgere maggiormente le giovani generazioni&#8221;.<\/p>\n","protected":false},"excerpt":{"rendered":"<p>Annunciato da Apulia Film Commi,ssion a Venezia, il Development Film Fund: la finestra si aprir\u00e0 il prossimo 2 ottobre e si chiuder\u00e0 il 31 dello stesso mese<\/p>\n","protected":false},"author":3,"featured_media":295348,"comment_status":"closed","ping_status":"closed","sticky":false,"template":"","format":"standard","meta":{"googlesitekit_rrm_CAow3e7fCw:productID":"","_wpcom_ai_launchpad_first_post":false,"footnotes":"","jetpack_post_was_ever_published":false},"categories":[1],"tags":[267,1694],"class_list":["post-295344","post","type-post","status-publish","format-standard","has-post-thumbnail","category-senza-categoria","tag-apulia-film-commission","tag-venice-film-festival"],"yoast_head":"<!-- This site is optimized with the Yoast SEO Premium plugin v28.3 (Yoast SEO v28.3) - https:\/\/yoast.com\/product\/yoast-seo-premium-wordpress\/ -->\n<title>Lanciato l\u2019Apulia Development Film Fund - Cinema &amp; Video International<\/title>\n<meta name=\"description\" content=\"Lanciato l\u2019Apulia Development Film Fund \u2013 lanciato lapulia development film fund. E\u2019 online, dal 28 agosto, il bando dell\u2019Apulia Development Film Fund, il\" \/>\n<meta name=\"robots\" content=\"index, follow, max-snippet:-1, max-image-preview:large, max-video-preview:-1\" \/>\n<link rel=\"canonical\" href=\"https:\/\/cinema.video\/it\/lanciato-lapulia-development-film-fund\" \/>\n<meta property=\"og:locale\" content=\"it_IT\" \/>\n<meta property=\"og:type\" content=\"article\" \/>\n<meta property=\"og:title\" content=\"Lanciato l\u2019Apulia Development Film Fund\" \/>\n<meta property=\"og:description\" content=\"Lanciato l\u2019Apulia Development Film Fund \u2013 lanciato lapulia development film fund. E\u2019 online, dal 28 agosto, il bando dell\u2019Apulia Development Film Fund, il\" \/>\n<meta property=\"og:url\" content=\"https:\/\/cinema.video\/it\/lanciato-lapulia-development-film-fund\" \/>\n<meta property=\"og:site_name\" content=\"Cinema &amp; Video International\" \/>\n<meta property=\"article:publisher\" content=\"https:\/\/www.facebook.com\/CinemaVideoInternational\/\" \/>\n<meta property=\"article:published_time\" content=\"2023-09-03T16:59:05+00:00\" \/>\n<meta property=\"article:modified_time\" content=\"2026-04-10T02:02:31+00:00\" \/>\n<meta property=\"og:image\" content=\"https:\/\/cinema.video\/wp-content\/uploads\/2023\/09\/Immagine-WhatsApp-2023-09-03-ore-12.09.30.jpg\" \/>\n\t<meta property=\"og:image:width\" content=\"1024\" \/>\n\t<meta property=\"og:image:height\" content=\"768\" \/>\n\t<meta property=\"og:image:type\" content=\"image\/jpeg\" \/>\n<meta name=\"author\" content=\"Paolo di Maira\" \/>\n<meta name=\"twitter:card\" content=\"summary_large_image\" \/>\n<meta name=\"twitter:label1\" content=\"Scritto da\" \/>\n\t<meta name=\"twitter:data1\" content=\"Paolo di Maira\" \/>\n\t<meta name=\"twitter:label2\" content=\"Tempo di lettura stimato\" \/>\n\t<meta name=\"twitter:data2\" content=\"3 minuti\" \/>\n<script type=\"application\/ld+json\" class=\"yoast-schema-graph\">{\"@context\":\"https:\\\/\\\/schema.org\",\"@graph\":[{\"@type\":\"Article\",\"@id\":\"https:\\\/\\\/cinema.video\\\/it\\\/lanciato-lapulia-development-film-fund#article\",\"isPartOf\":{\"@id\":\"https:\\\/\\\/cinema.video\\\/it\\\/lanciato-lapulia-development-film-fund\"},\"author\":{\"name\":\"Paolo di Maira\",\"@id\":\"https:\\\/\\\/cinema.video\\\/it#\\\/schema\\\/person\\\/f8104a60677fb10fe493beb104706772\"},\"headline\":\"Lanciato l\u2019Apulia Development Film Fund\",\"datePublished\":\"2023-09-03T16:59:05+00:00\",\"dateModified\":\"2026-04-10T02:02:31+00:00\",\"mainEntityOfPage\":{\"@id\":\"https:\\\/\\\/cinema.video\\\/it\\\/lanciato-lapulia-development-film-fund\"},\"wordCount\":379,\"publisher\":{\"@id\":\"https:\\\/\\\/cinema.video\\\/it#organization\"},\"image\":{\"@id\":\"https:\\\/\\\/cinema.video\\\/it\\\/lanciato-lapulia-development-film-fund#primaryimage\"},\"thumbnailUrl\":\"https:\\\/\\\/cinema.video\\\/wp-content\\\/uploads\\\/2023\\\/09\\\/Immagine-WhatsApp-2023-09-03-ore-12.09.30.jpg\",\"keywords\":[\"APULIA FILM COMMISSION\",\"VENICE FILM FESTIVAL\"],\"inLanguage\":\"it-IT\"},{\"@type\":\"WebPage\",\"@id\":\"https:\\\/\\\/cinema.video\\\/it\\\/lanciato-lapulia-development-film-fund\",\"url\":\"https:\\\/\\\/cinema.video\\\/it\\\/lanciato-lapulia-development-film-fund\",\"name\":\"Lanciato l\u2019Apulia Development Film Fund - Cinema &amp; Video International\",\"isPartOf\":{\"@id\":\"https:\\\/\\\/cinema.video\\\/it#website\"},\"primaryImageOfPage\":{\"@id\":\"https:\\\/\\\/cinema.video\\\/it\\\/lanciato-lapulia-development-film-fund#primaryimage\"},\"image\":{\"@id\":\"https:\\\/\\\/cinema.video\\\/it\\\/lanciato-lapulia-development-film-fund#primaryimage\"},\"thumbnailUrl\":\"https:\\\/\\\/cinema.video\\\/wp-content\\\/uploads\\\/2023\\\/09\\\/Immagine-WhatsApp-2023-09-03-ore-12.09.30.jpg\",\"datePublished\":\"2023-09-03T16:59:05+00:00\",\"dateModified\":\"2026-04-10T02:02:31+00:00\",\"description\":\"Lanciato l\u2019Apulia Development Film Fund \u2013 lanciato lapulia development film fund. E\u2019 online, dal 28 agosto, il bando dell\u2019Apulia Development Film Fund, il\",\"breadcrumb\":{\"@id\":\"https:\\\/\\\/cinema.video\\\/it\\\/lanciato-lapulia-development-film-fund#breadcrumb\"},\"inLanguage\":\"it-IT\",\"potentialAction\":[{\"@type\":\"ReadAction\",\"target\":[\"https:\\\/\\\/cinema.video\\\/it\\\/lanciato-lapulia-development-film-fund\"]}]},{\"@type\":\"ImageObject\",\"inLanguage\":\"it-IT\",\"@id\":\"https:\\\/\\\/cinema.video\\\/it\\\/lanciato-lapulia-development-film-fund#primaryimage\",\"url\":\"https:\\\/\\\/cinema.video\\\/wp-content\\\/uploads\\\/2023\\\/09\\\/Immagine-WhatsApp-2023-09-03-ore-12.09.30.jpg\",\"contentUrl\":\"https:\\\/\\\/cinema.video\\\/wp-content\\\/uploads\\\/2023\\\/09\\\/Immagine-WhatsApp-2023-09-03-ore-12.09.30.jpg\",\"width\":1024,\"height\":768},{\"@type\":\"BreadcrumbList\",\"@id\":\"https:\\\/\\\/cinema.video\\\/it\\\/lanciato-lapulia-development-film-fund#breadcrumb\",\"itemListElement\":[{\"@type\":\"ListItem\",\"position\":1,\"name\":\"Home\",\"item\":\"https:\\\/\\\/cinema.video\\\/it\"},{\"@type\":\"ListItem\",\"position\":2,\"name\":\"Lanciato l\u2019Apulia Development Film Fund\"}]},{\"@type\":\"WebSite\",\"@id\":\"https:\\\/\\\/cinema.video\\\/it#website\",\"url\":\"https:\\\/\\\/cinema.video\\\/it\",\"name\":\"Cinema & Video International\",\"description\":\"Film &amp; Audiovisual B2B Industry Trade Platform Magazine\",\"publisher\":{\"@id\":\"https:\\\/\\\/cinema.video\\\/it#organization\"},\"alternateName\":\"Cinema & Video\",\"potentialAction\":[{\"@type\":\"SearchAction\",\"target\":{\"@type\":\"EntryPoint\",\"urlTemplate\":\"https:\\\/\\\/cinema.video\\\/it?s={search_term_string}\"},\"query-input\":{\"@type\":\"PropertyValueSpecification\",\"valueRequired\":true,\"valueName\":\"search_term_string\"}}],\"inLanguage\":\"it-IT\"},{\"@type\":\"Organization\",\"@id\":\"https:\\\/\\\/cinema.video\\\/it#organization\",\"name\":\"Cinema & Video\",\"url\":\"https:\\\/\\\/cinema.video\\\/it\",\"logo\":{\"@type\":\"ImageObject\",\"inLanguage\":\"it-IT\",\"@id\":\"https:\\\/\\\/cinema.video\\\/it#\\\/schema\\\/logo\\\/image\\\/\",\"url\":\"https:\\\/\\\/cinema.video\\\/wp-content\\\/uploads\\\/2026\\\/04\\\/CinemVideo_LogoBlack.png\",\"contentUrl\":\"https:\\\/\\\/cinema.video\\\/wp-content\\\/uploads\\\/2026\\\/04\\\/CinemVideo_LogoBlack.png\",\"width\":1336,\"height\":224,\"caption\":\"Cinema & Video\"},\"image\":{\"@id\":\"https:\\\/\\\/cinema.video\\\/it#\\\/schema\\\/logo\\\/image\\\/\"},\"sameAs\":[\"https:\\\/\\\/www.facebook.com\\\/CinemaVideoInternational\\\/\",\"https:\\\/\\\/www.instagram.com\\\/cinemaevideointernational\\\/\",\"https:\\\/\\\/it.linkedin.com\\\/company\\\/cinema-video-international\"],\"description\":\"Media Consulting & Marketing Agency\",\"email\":\"hello@darostudio.com\",\"legalName\":\"DARO studio LLC\",\"foundingDate\":\"2021-02-16\",\"numberOfEmployees\":{\"@type\":\"QuantitativeValue\",\"minValue\":\"1\",\"maxValue\":\"10\"},\"publishingPrinciples\":\"https:\\\/\\\/cinema.video\\\/about\"},{\"@type\":\"Person\",\"@id\":\"https:\\\/\\\/cinema.video\\\/it#\\\/schema\\\/person\\\/f8104a60677fb10fe493beb104706772\",\"name\":\"Paolo di Maira\",\"image\":{\"@type\":\"ImageObject\",\"inLanguage\":\"it-IT\",\"@id\":\"https:\\\/\\\/secure.gravatar.com\\\/avatar\\\/771f2f1ed52288870c094eaf85ff9ee49655ec12aa7e7832c3b3e4b8f5afdf10?s=96&d=mm&r=g\",\"url\":\"https:\\\/\\\/secure.gravatar.com\\\/avatar\\\/771f2f1ed52288870c094eaf85ff9ee49655ec12aa7e7832c3b3e4b8f5afdf10?s=96&d=mm&r=g\",\"contentUrl\":\"https:\\\/\\\/secure.gravatar.com\\\/avatar\\\/771f2f1ed52288870c094eaf85ff9ee49655ec12aa7e7832c3b3e4b8f5afdf10?s=96&d=mm&r=g\",\"caption\":\"Paolo di Maira\"},\"description\":\"Paolo Di Maira, giornalista, ha fondato Cinema&amp;Video International nel 1994, portando nella nuova testata l\u2019esperienza e le risorse accumulate nella direzione di Nuovo Cinema Europeo, rivista storica dei professionisti del settore, pubblicata fino al 1993. Ha svolto attivit\u00e0 di consulenza alla comunicazione per istituzioni culturali e prestigiose aziende audiovisive. (Mifed-Fiera Milano; Rai Trade; Istituto Italiano di Scienze Umane). Le relazioni fra cinema e territorio, che da sempre occupano un posto privilegiato all\u2019interno di Cinema&amp;Video (con rubriche dedicate al cineturismo, alle attivit\u00e0 delle film commission, e ai fondi regionali all\u2019audiovisivo), lo hanno portato a fondare nel 2005, assieme ad Andrea Rocco ed Alessandro Signetto, il \u00a0Centro Studi su Audiovisivo e Territorio Luoghi&amp;Location, e a ideare a realizzare, assieme all\u2019operatore turistico Ville in Italia e a Carolina Mancini, Emotions in Italy, magazine online che si occupa di cultura, territorio ed Italian Lifestyle. Attraverso la IMPACT, azienda di cui \u00e8 titolare, edita Cinema&amp;Video International, e realizza servizi editoriali per conto terzi.\",\"url\":\"https:\\\/\\\/cinema.video\\\/it\\\/author\\\/paolo\"}]}<\/script>\n<!-- \/ Yoast SEO Premium plugin. -->","yoast_head_json":{"title":"Lanciato l\u2019Apulia Development Film Fund - Cinema &amp; Video International","description":"Lanciato l\u2019Apulia Development Film Fund \u2013 lanciato lapulia development film fund. E\u2019 online, dal 28 agosto, il bando dell\u2019Apulia Development Film Fund, il","robots":{"index":"index","follow":"follow","max-snippet":"max-snippet:-1","max-image-preview":"max-image-preview:large","max-video-preview":"max-video-preview:-1"},"canonical":"https:\/\/cinema.video\/it\/lanciato-lapulia-development-film-fund","og_locale":"it_IT","og_type":"article","og_title":"Lanciato l\u2019Apulia Development Film Fund","og_description":"Lanciato l\u2019Apulia Development Film Fund \u2013 lanciato lapulia development film fund. E\u2019 online, dal 28 agosto, il bando dell\u2019Apulia Development Film Fund, il","og_url":"https:\/\/cinema.video\/it\/lanciato-lapulia-development-film-fund","og_site_name":"Cinema &amp; Video International","article_publisher":"https:\/\/www.facebook.com\/CinemaVideoInternational\/","article_published_time":"2023-09-03T16:59:05+00:00","article_modified_time":"2026-04-10T02:02:31+00:00","og_image":[{"width":1024,"height":768,"url":"https:\/\/cinema.video\/wp-content\/uploads\/2023\/09\/Immagine-WhatsApp-2023-09-03-ore-12.09.30.jpg","type":"image\/jpeg"}],"author":"Paolo di Maira","twitter_card":"summary_large_image","twitter_misc":{"Scritto da":"Paolo di Maira","Tempo di lettura stimato":"3 minuti"},"schema":{"@context":"https:\/\/schema.org","@graph":[{"@type":"Article","@id":"https:\/\/cinema.video\/it\/lanciato-lapulia-development-film-fund#article","isPartOf":{"@id":"https:\/\/cinema.video\/it\/lanciato-lapulia-development-film-fund"},"author":{"name":"Paolo di Maira","@id":"https:\/\/cinema.video\/it#\/schema\/person\/f8104a60677fb10fe493beb104706772"},"headline":"Lanciato l\u2019Apulia Development Film Fund","datePublished":"2023-09-03T16:59:05+00:00","dateModified":"2026-04-10T02:02:31+00:00","mainEntityOfPage":{"@id":"https:\/\/cinema.video\/it\/lanciato-lapulia-development-film-fund"},"wordCount":379,"publisher":{"@id":"https:\/\/cinema.video\/it#organization"},"image":{"@id":"https:\/\/cinema.video\/it\/lanciato-lapulia-development-film-fund#primaryimage"},"thumbnailUrl":"https:\/\/cinema.video\/wp-content\/uploads\/2023\/09\/Immagine-WhatsApp-2023-09-03-ore-12.09.30.jpg","keywords":["APULIA FILM COMMISSION","VENICE FILM FESTIVAL"],"inLanguage":"it-IT"},{"@type":"WebPage","@id":"https:\/\/cinema.video\/it\/lanciato-lapulia-development-film-fund","url":"https:\/\/cinema.video\/it\/lanciato-lapulia-development-film-fund","name":"Lanciato l\u2019Apulia Development Film Fund - Cinema &amp; Video International","isPartOf":{"@id":"https:\/\/cinema.video\/it#website"},"primaryImageOfPage":{"@id":"https:\/\/cinema.video\/it\/lanciato-lapulia-development-film-fund#primaryimage"},"image":{"@id":"https:\/\/cinema.video\/it\/lanciato-lapulia-development-film-fund#primaryimage"},"thumbnailUrl":"https:\/\/cinema.video\/wp-content\/uploads\/2023\/09\/Immagine-WhatsApp-2023-09-03-ore-12.09.30.jpg","datePublished":"2023-09-03T16:59:05+00:00","dateModified":"2026-04-10T02:02:31+00:00","description":"Lanciato l\u2019Apulia Development Film Fund \u2013 lanciato lapulia development film fund. E\u2019 online, dal 28 agosto, il bando dell\u2019Apulia Development Film Fund, il","breadcrumb":{"@id":"https:\/\/cinema.video\/it\/lanciato-lapulia-development-film-fund#breadcrumb"},"inLanguage":"it-IT","potentialAction":[{"@type":"ReadAction","target":["https:\/\/cinema.video\/it\/lanciato-lapulia-development-film-fund"]}]},{"@type":"ImageObject","inLanguage":"it-IT","@id":"https:\/\/cinema.video\/it\/lanciato-lapulia-development-film-fund#primaryimage","url":"https:\/\/cinema.video\/wp-content\/uploads\/2023\/09\/Immagine-WhatsApp-2023-09-03-ore-12.09.30.jpg","contentUrl":"https:\/\/cinema.video\/wp-content\/uploads\/2023\/09\/Immagine-WhatsApp-2023-09-03-ore-12.09.30.jpg","width":1024,"height":768},{"@type":"BreadcrumbList","@id":"https:\/\/cinema.video\/it\/lanciato-lapulia-development-film-fund#breadcrumb","itemListElement":[{"@type":"ListItem","position":1,"name":"Home","item":"https:\/\/cinema.video\/it"},{"@type":"ListItem","position":2,"name":"Lanciato l\u2019Apulia Development Film Fund"}]},{"@type":"WebSite","@id":"https:\/\/cinema.video\/it#website","url":"https:\/\/cinema.video\/it","name":"Cinema & Video International","description":"Film &amp; Audiovisual B2B Industry Trade Platform Magazine","publisher":{"@id":"https:\/\/cinema.video\/it#organization"},"alternateName":"Cinema & Video","potentialAction":[{"@type":"SearchAction","target":{"@type":"EntryPoint","urlTemplate":"https:\/\/cinema.video\/it?s={search_term_string}"},"query-input":{"@type":"PropertyValueSpecification","valueRequired":true,"valueName":"search_term_string"}}],"inLanguage":"it-IT"},{"@type":"Organization","@id":"https:\/\/cinema.video\/it#organization","name":"Cinema & Video","url":"https:\/\/cinema.video\/it","logo":{"@type":"ImageObject","inLanguage":"it-IT","@id":"https:\/\/cinema.video\/it#\/schema\/logo\/image\/","url":"https:\/\/cinema.video\/wp-content\/uploads\/2026\/04\/CinemVideo_LogoBlack.png","contentUrl":"https:\/\/cinema.video\/wp-content\/uploads\/2026\/04\/CinemVideo_LogoBlack.png","width":1336,"height":224,"caption":"Cinema & Video"},"image":{"@id":"https:\/\/cinema.video\/it#\/schema\/logo\/image\/"},"sameAs":["https:\/\/www.facebook.com\/CinemaVideoInternational\/","https:\/\/www.instagram.com\/cinemaevideointernational\/","https:\/\/it.linkedin.com\/company\/cinema-video-international"],"description":"Media Consulting & Marketing Agency","email":"hello@darostudio.com","legalName":"DARO studio LLC","foundingDate":"2021-02-16","numberOfEmployees":{"@type":"QuantitativeValue","minValue":"1","maxValue":"10"},"publishingPrinciples":"https:\/\/cinema.video\/about"},{"@type":"Person","@id":"https:\/\/cinema.video\/it#\/schema\/person\/f8104a60677fb10fe493beb104706772","name":"Paolo di Maira","image":{"@type":"ImageObject","inLanguage":"it-IT","@id":"https:\/\/secure.gravatar.com\/avatar\/771f2f1ed52288870c094eaf85ff9ee49655ec12aa7e7832c3b3e4b8f5afdf10?s=96&d=mm&r=g","url":"https:\/\/secure.gravatar.com\/avatar\/771f2f1ed52288870c094eaf85ff9ee49655ec12aa7e7832c3b3e4b8f5afdf10?s=96&d=mm&r=g","contentUrl":"https:\/\/secure.gravatar.com\/avatar\/771f2f1ed52288870c094eaf85ff9ee49655ec12aa7e7832c3b3e4b8f5afdf10?s=96&d=mm&r=g","caption":"Paolo di Maira"},"description":"Paolo Di Maira, giornalista, ha fondato Cinema&amp;Video International nel 1994, portando nella nuova testata l\u2019esperienza e le risorse accumulate nella direzione di Nuovo Cinema Europeo, rivista storica dei professionisti del settore, pubblicata fino al 1993. Ha svolto attivit\u00e0 di consulenza alla comunicazione per istituzioni culturali e prestigiose aziende audiovisive. (Mifed-Fiera Milano; Rai Trade; Istituto Italiano di Scienze Umane). Le relazioni fra cinema e territorio, che da sempre occupano un posto privilegiato all\u2019interno di Cinema&amp;Video (con rubriche dedicate al cineturismo, alle attivit\u00e0 delle film commission, e ai fondi regionali all\u2019audiovisivo), lo hanno portato a fondare nel 2005, assieme ad Andrea Rocco ed Alessandro Signetto, il \u00a0Centro Studi su Audiovisivo e Territorio Luoghi&amp;Location, e a ideare a realizzare, assieme all\u2019operatore turistico Ville in Italia e a Carolina Mancini, Emotions in Italy, magazine online che si occupa di cultura, territorio ed Italian Lifestyle. Attraverso la IMPACT, azienda di cui \u00e8 titolare, edita Cinema&amp;Video International, e realizza servizi editoriali per conto terzi.","url":"https:\/\/cinema.video\/it\/author\/paolo"}]}},"jetpack_shortlink":"https:\/\/wp.me\/ph672m-1ePC","jetpack_featured_media_url":"https:\/\/cinema.video\/wp-content\/uploads\/2023\/09\/Immagine-WhatsApp-2023-09-03-ore-12.09.30.jpg","_links":{"self":[{"href":"https:\/\/cinema.video\/it\/wp-json\/wp\/v2\/posts\/295344","targetHints":{"allow":["GET"]}}],"collection":[{"href":"https:\/\/cinema.video\/it\/wp-json\/wp\/v2\/posts"}],"about":[{"href":"https:\/\/cinema.video\/it\/wp-json\/wp\/v2\/types\/post"}],"author":[{"embeddable":true,"href":"https:\/\/cinema.video\/it\/wp-json\/wp\/v2\/users\/3"}],"replies":[{"embeddable":true,"href":"https:\/\/cinema.video\/it\/wp-json\/wp\/v2\/comments?post=295344"}],"version-history":[{"count":1,"href":"https:\/\/cinema.video\/it\/wp-json\/wp\/v2\/posts\/295344\/revisions"}],"predecessor-version":[{"id":309095,"href":"https:\/\/cinema.video\/it\/wp-json\/wp\/v2\/posts\/295344\/revisions\/309095"}],"wp:featuredmedia":[{"embeddable":true,"href":"https:\/\/cinema.video\/it\/wp-json\/wp\/v2\/media\/295348"}],"wp:attachment":[{"href":"https:\/\/cinema.video\/it\/wp-json\/wp\/v2\/media?parent=295344"}],"wp:term":[{"taxonomy":"category","embeddable":true,"href":"https:\/\/cinema.video\/it\/wp-json\/wp\/v2\/categories?post=295344"},{"taxonomy":"post_tag","embeddable":true,"href":"https:\/\/cinema.video\/it\/wp-json\/wp\/v2\/tags?post=295344"}],"curies":[{"name":"wp","href":"https:\/\/api.w.org\/{rel}","templated":true}]}}